{"id":948464,"date":"2017-08-02T14:30:41","date_gmt":"2017-08-02T14:30:41","guid":{"rendered":"http:\/\/www.eldigitaldeasturias.com\/noticias\/?p=948464"},"modified":"2017-08-02T14:30:41","modified_gmt":"2017-08-02T14:30:41","slug":"el-paro-registrado-en-aragon-se-redujo-el-pasado-mes-de-julio-en-un-1358-respecto-al-ano-anterior","status":"publish","type":"post","link":"https:\/\/www.eldigitaldeasturias.com\/noticias\/el-paro-registrado-en-aragon-se-redujo-el-pasado-mes-de-julio-en-un-1358-respecto-al-ano-anterior\/","title":{"rendered":"El paro registrado en Arag\u00f3n se redujo el pasado mes de julio en un 13,58% respecto al a\u00f1o anterior"},"content":{"rendered":"<p><img loading=\"lazy\" decoding=\"async\" class=\"alignleft size-medium wp-image-942971\" src=\"https:\/\/www.eldigitaldeasturias.com\/noticias\/wp-content\/uploads\/2017\/06\/INAEM-360x159.jpg\" alt=\"\" width=\"360\" height=\"159\" \/>El paro registrado en Arag\u00f3n se redujo el pasado mes de julio en un 13,58% respecto al a\u00f1o anterior, con lo que se encadenan 25 meses de ca\u00eddas interanuales a doble d\u00edgito. El descenso acumulado en los dos \u00faltimos a\u00f1os es del 26,79%, al pasar de 91.804 personas paradas en julio de 2015 a 67.211 el mes pasado. En t\u00e9rminos intermensuales el paro registrado ha aumentado un 1,08%, principalmente por el sector agr\u00edcola.<\/p>\n<p><strong>Evoluci\u00f3n mensual<\/strong><\/p>\n<p>Seg\u00fan los datos publicados esta ma\u00f1ana por el Servicio P\u00fablico de Empleo Estatal, el paro registrado en Arag\u00f3n durante el mes de julio de 2017 ha registrado un incremento del 1,08% respecto al mes precedente, de manera que la Comunidad Aut\u00f3noma contaba al finalizar el mes con 67.211 parados registrados en las oficinas p\u00fablicas de empleo, 717 personas m\u00e1s que a finales de junio.<\/p>\n<p>No obstante, el paro registrado en Arag\u00f3n segu\u00eda situado en este mes de julio en niveles similares a los existentes a finales del a\u00f1o 2008.<\/p>\n<p>En el conjunto de Espa\u00f1a el paro registrado disminuy\u00f3 ligeramente en julio un 0,80% respecto a junio, hasta alcanzar una cifra de 3.335.924 parados registrados, 26.887 menos que el mes precedente.<\/p>\n<p>En el contexto auton\u00f3mico, el paro registrado no muestra un mismo patr\u00f3n mensual en todos los casos. Respecto a las comunidades del entorno de Arag\u00f3n la variaci\u00f3n mensual del paro ha sido diversa. As\u00ed, se han producido descensos en Catalu\u00f1a, un -1,04% mensual, Comunidad Valenciana, un -0,86%, y Pa\u00eds Vasco, un -0,30%. Mientras que el paro registrado ha aumentado en La Rioja un 1,45% mensual y en Navarra un 0,54%.<\/p>\n<p><strong>Evoluci\u00f3n anual<\/strong><\/p>\n<p>En comparaci\u00f3n con el mes de julio de 2016, el paro registrado en Arag\u00f3n ha disminuido en julio de 2017 en 10.559 personas, quedando en una cifra de 67.211 parados inscritos en las oficinas p\u00fablicas de empleo, lo que supone una notable ca\u00edda del 13,58% anual.<\/p>\n<p>De esta forma, el paro registrado en Arag\u00f3n encadenaba en julio 25 meses consecutivos, desde julio de 2015, de disminuciones a tasas interanuales de doble d\u00edgito.<\/p>\n<p>En el conjunto de Espa\u00f1a el n\u00famero de parados disminuy\u00f3 en julio en 347.137 personas respecto al mismo mes del a\u00f1o anterior, lo que se tradujo en una ca\u00edda del 9,43% en tasa anual.<\/p>\n<p>El paro registrado ha disminuido en t\u00e9rminos interanuales en julio en todas las Comunidades Aut\u00f3nomas, registrando Arag\u00f3n la segunda mayor ca\u00edda de todas tras Islas Baleares, donde se redujo un 14,00% anual. Tras Arag\u00f3n se situaron Catalu\u00f1a (-12,18% anual), La Rioja (-10,40% anual) y Murcia (-10,10% anual).<\/p>\n<p><strong>Datos mensuales desagregados<\/strong><\/p>\n<p>El aumento mensual del paro registrado en julio fue m\u00e1s intenso entre los hombres, colectivo donde se contabilizaron 496 parados m\u00e1s que en junio (1,86% mensual), mientras que en las mujeres el incremento fue de 221 paradas en un mes (0,55% mensual).<\/p>\n<p>Por tramos de edad, el crecimiento del paro en julio se concentr\u00f3 en el intervalo entre 25 y 44 a\u00f1os, donde el aumento fue de 412 parados (1,51% mensual), mientras que los parados menores de 25 a\u00f1os se incrementaron en 210 personas (3,47% mensual). Por \u00faltimo, los parados mayores de 45 a\u00f1os crecieron en 95 personas (0,29% mensual).<\/p>\n<p>En cuanto a las provincias, el paro registrado aument\u00f3 en 985 personas en Zaragoza (1,88% mensual). Por el contrario, disminuy\u00f3 en 197 personas en Teruel (-3,41% mensual) y en 71 personas en Huesca (-0,85% mensual).<\/p>\n<p>El paro registrado en julio aument\u00f3 en todos los sectores de actividad en relaci\u00f3n al mes precedente, con la excepci\u00f3n de la construcci\u00f3n. En primer lugar se situaba, de forma destacada, la agricultura, con un incremento de 620 parados (18,50% mensual).<\/p>\n<p>Por su parte, en el colectivo de parados sin empleo anterior el crecimiento fue de 60 parados (0,89% mensual), mientras que en servicios el paro se increment\u00f3 \u00fanicamente en 48 personas (0,11% mensual) y en la industria lo hizo levemente en 40 personas (0,54% mensual). En sentido contrario, el paro registrado en construcci\u00f3n disminuy\u00f3 en 51 personas en julio en Arag\u00f3n (-1,03% mensual).<\/p>\n<p><strong>Datos anuales desagregados<\/strong><\/p>\n<p>Por comparaci\u00f3n con el mes de julio de 2016, el paro registrado en Arag\u00f3n contin\u00faa disminuyendo con fuerza en julio de 2017 en ambos sexos, en las tres provincias y en todos los sectores productivos.<\/p>\n<p>Atendiendo al g\u00e9nero, el paro descendi\u00f3 con mayor intensidad entre los hombres, con una ca\u00edda de 6.063 parados (-18,26% anual), aunque entre la poblaci\u00f3n femenina tambi\u00e9n disminuy\u00f3 de forma notoria, con 4.496 paradas menos que un a\u00f1o antes (-10,09% anual).<\/p>\n<p>Respecto a los sectores productivos, el mayor descenso anual en el n\u00famero de parados registrados en julio se produjo en servicios, con 6.615 parados menos que en el mismo mes del a\u00f1o anterior (-13,05% anual). En segunda posici\u00f3n, la disminuci\u00f3n en la construcci\u00f3n fue de 1.639 personas (-25,07% anual), mientras que la ca\u00edda en la industria fue de 1.487 parados (-16,56% anual).<\/p>\n<p>En agricultura la reducci\u00f3n fue de 355 parados en un a\u00f1o (-8,20% anual). Por \u00faltimo, el colectivo de parados sin empleo anterior tambi\u00e9n disminuy\u00f3 en julio en comparaci\u00f3n interanual, registrando 463 personas menos que en el mismo mes de 2016 (-6,40% anual).<\/p>\n<p><strong>Contrataci\u00f3n<\/strong><\/p>\n<p>El n\u00famero de contratos registrados en julio de 2017 en Arag\u00f3n se situ\u00f3 en una cifra de 58.571, es decir 7.633 menos que en junio (-11,53% mensual) pero 3.966 m\u00e1s que en el mes de julio del a\u00f1o anterior (7,26% anual).<\/p>\n<p>En el conjunto de Espa\u00f1a con un total de 1.928.639 contratos se ha producido un descenso de la contrataci\u00f3n respecto al mes precedente de 160.881 contratos (-7,70% mensual), mientras en comparaci\u00f3n con el mes de julio de 2016 se ha producido un aumento de 112.368 contratos (6,19% anual).<\/p>\n<p>Por g\u00e9nero, la contrataci\u00f3n de este mes en Arag\u00f3n se distribuye en un 57,30% para los varones y un 42,70% para las mujeres.<\/p>\n<p>Por tramos de edad, las personas entre 25 y 44 a\u00f1os han firmado el 52,33% de los contratos; las de 45 o m\u00e1s a\u00f1os el 23,84% y las menores de 25 a\u00f1os el 23,83% restante.<\/p>\n<p>La contrataci\u00f3n indefinida en julio de 2017 se situ\u00f3 en 4.137 firmas en la Comunidad Aut\u00f3noma, 1.087 contratos menos que en junio (-20,81% mensual) pero 323 m\u00e1s que en julio de 2016 (8,47% anual). Este tipo de contrataci\u00f3n supuso el 7,06% de los contratos firmados en julio en Arag\u00f3n.<\/p>\n<p>En el conjunto nacional los contratos indefinidos han disminuido en el mes un 8,69% (14.464 contratos menos) pero se han incrementado un 10,63% (14.608 contratos m\u00e1s) en un a\u00f1o, quedando en 151.998 r\u00fabricas, cuyo peso sobre la contrataci\u00f3n total es del 7,88%.<\/p>\n<p>Por su parte, se han rubricado en julio un total de 54.434 contratos temporales en Arag\u00f3n, 6.546 firmas menos que en junio (-10,73% mensual) aunque 3.643 contratos m\u00e1s que un a\u00f1o antes (7,17% anual). La importancia relativa de esta modalidad contractual ha sido del 92,94% sobre el total de contratos de Arag\u00f3n en julio.<\/p>\n<p>En el conjunto nacional los contratos temporales han disminuido en tasa mensual (-7,61%; 146.417 contratos menos) y han aumentado en tasa interanual (5,82%; 97.760 contratos m\u00e1s), quedando el total de contratos temporales para Espa\u00f1a en 1.776.641, lo que supone el 92,12% del total de contratos celebrados en julio.<\/p>\n<p>Por provincias, el mejor comportamiento mensual en julio lo experimenta Teruel, donde se registr\u00f3 un incremento de 141 contratos firmados (2,83% mensual). Por su parte, en Huesca se firmaron 648 contratos menos que en junio (-5,22% mensual) mientras en Zaragoza la reducci\u00f3n fue de 7.126 contratos en un mes (-14,60% mensual).<\/p>\n<p>Respecto al mes de julio de 2016, en las tres provincias aragonesas se observa un incremento del n\u00famero de contratos. En concreto en Teruel de un 13,67% anual, en Huesca del 6,69% anual y en Zaragoza de un 6,68% anual.<\/p>\n<p><strong>Afiliaci\u00f3n a la Seguridad Social<\/strong><\/p>\n<p>En Arag\u00f3n, la afiliaci\u00f3n media a la Seguridad Social en julio aument\u00f3 en 934 personas respecto a junio, el 0,17% mensual, con lo que la cifra de afiliados se sit\u00faa en 562.633. Respecto al mismo mes del a\u00f1o anterior la afiliaci\u00f3n ha crecido en 19.031 (+3,50%).<\/p>\n<p>Por su parte, en el conjunto nacional, la afiliaci\u00f3n media a la Seguridad Social en julio aument\u00f3 en 56.222 personas en un mes, el 0,31% mensual, con lo que son 18.489.329 afiliados, es decir, 644.337 m\u00e1s que un a\u00f1o antes (+3,61%).<\/p>\n<p>&nbsp;<\/p>\n","protected":false},"excerpt":{"rendered":"<p>El paro registrado en Arag\u00f3n se redujo el pasado mes de julio en un 13,58% respecto al a\u00f1o anterior, con lo que se encadenan 25 meses de ca\u00eddas interanuales a doble d\u00edgito. El descenso acumulado en los dos \u00faltimos a\u00f1os es del 26,79%, al pasar de 91.804 personas paradas en julio de 2015 a 67.211 [&hellip;]<\/p>\n","protected":false},"author":1,"featured_media":942971,"comment_status":"closed","ping_status":"closed","sticky":false,"template":"","format":"standard","meta":{"footnotes":""},"categories":[1],"tags":[],"class_list":["post-948464","post","type-post","status-publish","format-standard","has-post-thumbnail","hentry","category-actualidad"],"aioseo_notices":[],"aioseo_head":"\n\t\t<!-- All in One SEO Pro 5.0.1 - aioseo.com -->\n\t<meta name=\"description\" content=\"El paro registrado en Arag\u00f3n se redujo el pasado mes de julio en un 13,58% respecto al a\u00f1o anterior, con lo que se encadenan 25 meses de ca\u00eddas interanuales a doble d\u00edgito. El descenso acumulado en los dos \u00faltimos a\u00f1os es del 26,79%, al pasar de 91.804 personas paradas en julio de 2015 a 67.211\" \/>\n\t<meta name=\"robots\" content=\"max-image-preview:large\" \/>\n\t<meta name=\"author\" content=\"El Digital de Asturias\"\/>\n\t<meta name=\"google-site-verification\" content=\"UA-38556648-1\" \/>\n\t<meta name=\"msvalidate.01\" content=\"7dfe9f3f1b24437ab69f4f2559babe99\" \/>\n\t<meta name=\"keywords\" content=\"actualidad\" \/>\n\t<link rel=\"canonical\" href=\"https:\/\/www.eldigitaldeasturias.com\/noticias\/el-paro-registrado-en-aragon-se-redujo-el-pasado-mes-de-julio-en-un-1358-respecto-al-ano-anterior\/\" \/>\n\t<meta name=\"generator\" content=\"All in One SEO Pro (AIOSEO) 5.0.1\" \/>\n\t\t<meta property=\"og:locale\" content=\"es_ES\" \/>\n\t\t<meta property=\"og:site_name\" content=\"El Digital de Asturias\" \/>\n\t\t<meta property=\"og:type\" content=\"article\" \/>\n\t\t<meta property=\"og:title\" content=\"El paro registrado en Arag\u00f3n se redujo el pasado mes de julio en un 13,58% respecto al a\u00f1o anterior - El Digital de Asturias\" \/>\n\t\t<meta property=\"og:description\" content=\"El paro registrado en Arag\u00f3n se redujo el pasado mes de julio en un 13,58% respecto al a\u00f1o anterior, con lo que se encadenan 25 meses de ca\u00eddas interanuales a doble d\u00edgito. El descenso acumulado en los dos \u00faltimos a\u00f1os es del 26,79%, al pasar de 91.804 personas paradas en julio de 2015 a 67.211\" \/>\n\t\t<meta property=\"og:url\" content=\"https:\/\/www.eldigitaldeasturias.com\/noticias\/el-paro-registrado-en-aragon-se-redujo-el-pasado-mes-de-julio-en-un-1358-respecto-al-ano-anterior\/\" \/>\n\t\t<meta property=\"article:tag\" content=\"actualidad\" \/>\n\t\t<meta property=\"article:published_time\" content=\"2017-08-02T14:30:41+00:00\" \/>\n\t\t<meta property=\"article:modified_time\" content=\"2017-08-02T14:30:41+00:00\" \/>\n\t\t<meta property=\"article:publisher\" content=\"https:\/\/facebook.com\/eldigitaldeasturias\" \/>\n\t\t<meta name=\"twitter:card\" content=\"summary_large_image\" \/>\n\t\t<meta name=\"twitter:title\" content=\"El paro registrado en Arag\u00f3n se redujo el pasado mes de julio en un 13,58% respecto al a\u00f1o anterior - El Digital de Asturias\" \/>\n\t\t<meta name=\"twitter:description\" content=\"El paro registrado en Arag\u00f3n se redujo el pasado mes de julio en un 13,58% respecto al a\u00f1o anterior, con lo que se encadenan 25 meses de ca\u00eddas interanuales a doble d\u00edgito. El descenso acumulado en los dos \u00faltimos a\u00f1os es del 26,79%, al pasar de 91.804 personas paradas en julio de 2015 a 67.211\" \/>\n\t\t<meta name=\"twitter:image\" content=\"https:\/\/www.eldigitaldeasturias.com\/noticias\/wp-content\/uploads\/2020\/12\/EDA-1.jpg\" \/>\n\t\t<meta name=\"twitter:label1\" content=\"Escrito por\" \/>\n\t\t<meta name=\"twitter:data1\" content=\"El Digital de Asturias\" \/>\n\t\t<meta name=\"twitter:label2\" content=\"Tiempo de lectura estimado\" \/>\n\t\t<meta name=\"twitter:data2\" content=\"7 minutos\" \/>\n\t\t<script type=\"application\/ld+json\" class=\"aioseo-schema\">\n\t\t\t{\"@context\":\"https:\\\/\\\/schema.org\",\"@graph\":[{\"@type\":\"BlogPosting\",\"@id\":\"https:\\\/\\\/www.eldigitaldeasturias.com\\\/noticias\\\/el-paro-registrado-en-aragon-se-redujo-el-pasado-mes-de-julio-en-un-1358-respecto-al-ano-anterior\\\/#blogposting\",\"name\":\"El paro registrado en Arag\\u00f3n se redujo el pasado mes de julio en un 13,58% respecto al a\\u00f1o anterior - El Digital de Asturias\",\"headline\":\"El paro registrado en Arag\\u00f3n se redujo el pasado mes de julio en un 13,58% respecto al a\\u00f1o anterior\",\"author\":{\"@id\":\"https:\\\/\\\/www.eldigitaldeasturias.com\\\/noticias\\\/author\\\/admin\\\/#author\"},\"publisher\":{\"@id\":\"https:\\\/\\\/www.eldigitaldeasturias.com\\\/noticias\\\/#organization\"},\"image\":{\"@type\":\"ImageObject\",\"url\":942971},\"datePublished\":\"2017-08-02T14:30:41+02:00\",\"dateModified\":\"2017-08-02T14:30:41+02:00\",\"inLanguage\":\"es-ES\",\"mainEntityOfPage\":{\"@id\":\"https:\\\/\\\/www.eldigitaldeasturias.com\\\/noticias\\\/el-paro-registrado-en-aragon-se-redujo-el-pasado-mes-de-julio-en-un-1358-respecto-al-ano-anterior\\\/#webpage\"},\"isPartOf\":{\"@id\":\"https:\\\/\\\/www.eldigitaldeasturias.com\\\/noticias\\\/el-paro-registrado-en-aragon-se-redujo-el-pasado-mes-de-julio-en-un-1358-respecto-al-ano-anterior\\\/#webpage\"},\"articleSection\":\"Actualidad\"},{\"@type\":\"BreadcrumbList\",\"@id\":\"https:\\\/\\\/www.eldigitaldeasturias.com\\\/noticias\\\/el-paro-registrado-en-aragon-se-redujo-el-pasado-mes-de-julio-en-un-1358-respecto-al-ano-anterior\\\/#breadcrumblist\",\"itemListElement\":[{\"@type\":\"ListItem\",\"@id\":\"https:\\\/\\\/www.eldigitaldeasturias.com\\\/noticias#listItem\",\"position\":1,\"name\":\"Home\",\"item\":\"https:\\\/\\\/www.eldigitaldeasturias.com\\\/noticias\",\"nextItem\":{\"@type\":\"ListItem\",\"@id\":\"https:\\\/\\\/www.eldigitaldeasturias.com\\\/noticias\\\/category\\\/actualidad\\\/#listItem\",\"name\":\"Actualidad\"}},{\"@type\":\"ListItem\",\"@id\":\"https:\\\/\\\/www.eldigitaldeasturias.com\\\/noticias\\\/category\\\/actualidad\\\/#listItem\",\"position\":2,\"name\":\"Actualidad\",\"item\":\"https:\\\/\\\/www.eldigitaldeasturias.com\\\/noticias\\\/category\\\/actualidad\\\/\",\"nextItem\":{\"@type\":\"ListItem\",\"@id\":\"https:\\\/\\\/www.eldigitaldeasturias.com\\\/noticias\\\/el-paro-registrado-en-aragon-se-redujo-el-pasado-mes-de-julio-en-un-1358-respecto-al-ano-anterior\\\/#listItem\",\"name\":\"El paro registrado en Arag\\u00f3n se redujo el pasado mes de julio en un 13,58% respecto al a\\u00f1o anterior\"},\"previousItem\":{\"@type\":\"ListItem\",\"@id\":\"https:\\\/\\\/www.eldigitaldeasturias.com\\\/noticias#listItem\",\"name\":\"Home\"}},{\"@type\":\"ListItem\",\"@id\":\"https:\\\/\\\/www.eldigitaldeasturias.com\\\/noticias\\\/el-paro-registrado-en-aragon-se-redujo-el-pasado-mes-de-julio-en-un-1358-respecto-al-ano-anterior\\\/#listItem\",\"position\":3,\"name\":\"El paro registrado en Arag\\u00f3n se redujo el pasado mes de julio en un 13,58% respecto al a\\u00f1o anterior\",\"previousItem\":{\"@type\":\"ListItem\",\"@id\":\"https:\\\/\\\/www.eldigitaldeasturias.com\\\/noticias\\\/category\\\/actualidad\\\/#listItem\",\"name\":\"Actualidad\"}}]},{\"@type\":\"Organization\",\"@id\":\"https:\\\/\\\/www.eldigitaldeasturias.com\\\/noticias\\\/#organization\",\"name\":\"El Digital de Asturias\",\"description\":\"Hemeroteca\",\"url\":\"https:\\\/\\\/www.eldigitaldeasturias.com\\\/noticias\\\/\",\"email\":\"info@eldigitaldeasturias.com\",\"telephone\":\"+34652131393\",\"logo\":{\"@type\":\"ImageObject\",\"url\":\"https:\\\/\\\/www.eldigitaldeasturias.com\\\/noticias\\\/wp-content\\\/uploads\\\/2020\\\/12\\\/EDA.jpg\",\"@id\":\"https:\\\/\\\/www.eldigitaldeasturias.com\\\/noticias\\\/el-paro-registrado-en-aragon-se-redujo-el-pasado-mes-de-julio-en-un-1358-respecto-al-ano-anterior\\\/#organizationLogo\"},\"image\":{\"@id\":\"https:\\\/\\\/www.eldigitaldeasturias.com\\\/noticias\\\/el-paro-registrado-en-aragon-se-redujo-el-pasado-mes-de-julio-en-un-1358-respecto-al-ano-anterior\\\/#organizationLogo\"},\"sameAs\":[\"https:\\\/\\\/facebook.com\\\/eldigitaldeasturias\",\"https:\\\/\\\/www.youtube.com\\\/channel\\\/UCZP-2wLEB9Rv6erhFmqVnvg\"],\"address\":{\"@id\":\"https:\\\/\\\/www.eldigitaldeasturias.com\\\/noticias\\\/#postaladdress\",\"@type\":\"PostalAddress\",\"streetAddress\":\"san antonio 4\",\"postalCode\":\"33430\",\"addressLocality\":\"Cand\\u00e1s\",\"addressRegion\":\"Asturias\",\"addressCountry\":\"ES\"}},{\"@type\":\"Person\",\"@id\":\"https:\\\/\\\/www.eldigitaldeasturias.com\\\/noticias\\\/author\\\/admin\\\/#author\",\"url\":\"https:\\\/\\\/www.eldigitaldeasturias.com\\\/noticias\\\/author\\\/admin\\\/\",\"name\":\"El Digital de Asturias\",\"image\":{\"@type\":\"ImageObject\",\"@id\":\"https:\\\/\\\/www.eldigitaldeasturias.com\\\/noticias\\\/el-paro-registrado-en-aragon-se-redujo-el-pasado-mes-de-julio-en-un-1358-respecto-al-ano-anterior\\\/#authorImage\",\"url\":\"https:\\\/\\\/secure.gravatar.com\\\/avatar\\\/df2aeffc32bcd13f8d26072ef8a91b623d677766deac7f97ca815868cd41bf5e?s=96&d=mm&r=g\",\"width\":96,\"height\":96,\"caption\":\"El Digital de Asturias\"}},{\"@type\":\"WebPage\",\"@id\":\"https:\\\/\\\/www.eldigitaldeasturias.com\\\/noticias\\\/el-paro-registrado-en-aragon-se-redujo-el-pasado-mes-de-julio-en-un-1358-respecto-al-ano-anterior\\\/#webpage\",\"url\":\"https:\\\/\\\/www.eldigitaldeasturias.com\\\/noticias\\\/el-paro-registrado-en-aragon-se-redujo-el-pasado-mes-de-julio-en-un-1358-respecto-al-ano-anterior\\\/\",\"name\":\"El paro registrado en Arag\\u00f3n se redujo el pasado mes de julio en un 13,58% respecto al a\\u00f1o anterior - El Digital de Asturias\",\"description\":\"El paro registrado en Arag\\u00f3n se redujo el pasado mes de julio en un 13,58% respecto al a\\u00f1o anterior, con lo que se encadenan 25 meses de ca\\u00eddas interanuales a doble d\\u00edgito. El descenso acumulado en los dos \\u00faltimos a\\u00f1os es del 26,79%, al pasar de 91.804 personas paradas en julio de 2015 a 67.211\",\"inLanguage\":\"es-ES\",\"isPartOf\":{\"@id\":\"https:\\\/\\\/www.eldigitaldeasturias.com\\\/noticias\\\/#website\"},\"breadcrumb\":{\"@id\":\"https:\\\/\\\/www.eldigitaldeasturias.com\\\/noticias\\\/el-paro-registrado-en-aragon-se-redujo-el-pasado-mes-de-julio-en-un-1358-respecto-al-ano-anterior\\\/#breadcrumblist\"},\"author\":{\"@id\":\"https:\\\/\\\/www.eldigitaldeasturias.com\\\/noticias\\\/author\\\/admin\\\/#author\"},\"creator\":{\"@id\":\"https:\\\/\\\/www.eldigitaldeasturias.com\\\/noticias\\\/author\\\/admin\\\/#author\"},\"image\":{\"@type\":\"ImageObject\",\"url\":942971,\"@id\":\"https:\\\/\\\/www.eldigitaldeasturias.com\\\/noticias\\\/el-paro-registrado-en-aragon-se-redujo-el-pasado-mes-de-julio-en-un-1358-respecto-al-ano-anterior\\\/#mainImage\"},\"primaryImageOfPage\":{\"@id\":\"https:\\\/\\\/www.eldigitaldeasturias.com\\\/noticias\\\/el-paro-registrado-en-aragon-se-redujo-el-pasado-mes-de-julio-en-un-1358-respecto-al-ano-anterior\\\/#mainImage\"},\"datePublished\":\"2017-08-02T14:30:41+02:00\",\"dateModified\":\"2017-08-02T14:30:41+02:00\"},{\"@type\":\"WebSite\",\"@id\":\"https:\\\/\\\/www.eldigitaldeasturias.com\\\/noticias\\\/#website\",\"url\":\"https:\\\/\\\/www.eldigitaldeasturias.com\\\/noticias\\\/\",\"name\":\"El Digital de Asturias - Diario de actualidad y noticias\",\"alternateName\":\"El Digital de Asturias - Diario de actualidad y noticias\",\"description\":\"Hemeroteca\",\"inLanguage\":\"es-ES\",\"publisher\":{\"@id\":\"https:\\\/\\\/www.eldigitaldeasturias.com\\\/noticias\\\/#organization\"}}]}\n\t\t<\/script>\n\t\t<!-- All in One SEO Pro -->\r\n\t\t<title>El paro registrado en Arag\u00f3n se redujo el pasado mes de julio en un 13,58% respecto al a\u00f1o anterior - El Digital de Asturias<\/title>\n\n","aioseo_head_json":{"title":"El paro registrado en Arag\u00f3n se redujo el pasado mes de julio en un 13,58% respecto al a\u00f1o anterior - El Digital de Asturias","description":"El paro registrado en Arag\u00f3n se redujo el pasado mes de julio en un 13,58% respecto al a\u00f1o anterior, con lo que se encadenan 25 meses de ca\u00eddas interanuales a doble d\u00edgito. El descenso acumulado en los dos \u00faltimos a\u00f1os es del 26,79%, al pasar de 91.804 personas paradas en julio de 2015 a 67.211","canonical_url":"https:\/\/www.eldigitaldeasturias.com\/noticias\/el-paro-registrado-en-aragon-se-redujo-el-pasado-mes-de-julio-en-un-1358-respecto-al-ano-anterior\/","robots":"max-image-preview:large","keywords":"actualidad","webmasterTools":{"google-site-verification":"UA-38556648-1","msvalidate.01":"7dfe9f3f1b24437ab69f4f2559babe99","miscellaneous":""},"schema":{"@context":"https:\/\/schema.org","@graph":[{"@type":"BlogPosting","@id":"https:\/\/www.eldigitaldeasturias.com\/noticias\/el-paro-registrado-en-aragon-se-redujo-el-pasado-mes-de-julio-en-un-1358-respecto-al-ano-anterior\/#blogposting","name":"El paro registrado en Arag\u00f3n se redujo el pasado mes de julio en un 13,58% respecto al a\u00f1o anterior - El Digital de Asturias","headline":"El paro registrado en Arag\u00f3n se redujo el pasado mes de julio en un 13,58% respecto al a\u00f1o anterior","author":{"@id":"https:\/\/www.eldigitaldeasturias.com\/noticias\/author\/admin\/#author"},"publisher":{"@id":"https:\/\/www.eldigitaldeasturias.com\/noticias\/#organization"},"image":{"@type":"ImageObject","url":942971},"datePublished":"2017-08-02T14:30:41+02:00","dateModified":"2017-08-02T14:30:41+02:00","inLanguage":"es-ES","mainEntityOfPage":{"@id":"https:\/\/www.eldigitaldeasturias.com\/noticias\/el-paro-registrado-en-aragon-se-redujo-el-pasado-mes-de-julio-en-un-1358-respecto-al-ano-anterior\/#webpage"},"isPartOf":{"@id":"https:\/\/www.eldigitaldeasturias.com\/noticias\/el-paro-registrado-en-aragon-se-redujo-el-pasado-mes-de-julio-en-un-1358-respecto-al-ano-anterior\/#webpage"},"articleSection":"Actualidad"},{"@type":"BreadcrumbList","@id":"https:\/\/www.eldigitaldeasturias.com\/noticias\/el-paro-registrado-en-aragon-se-redujo-el-pasado-mes-de-julio-en-un-1358-respecto-al-ano-anterior\/#breadcrumblist","itemListElement":[{"@type":"ListItem","@id":"https:\/\/www.eldigitaldeasturias.com\/noticias#listItem","position":1,"name":"Home","item":"https:\/\/www.eldigitaldeasturias.com\/noticias","nextItem":{"@type":"ListItem","@id":"https:\/\/www.eldigitaldeasturias.com\/noticias\/category\/actualidad\/#listItem","name":"Actualidad"}},{"@type":"ListItem","@id":"https:\/\/www.eldigitaldeasturias.com\/noticias\/category\/actualidad\/#listItem","position":2,"name":"Actualidad","item":"https:\/\/www.eldigitaldeasturias.com\/noticias\/category\/actualidad\/","nextItem":{"@type":"ListItem","@id":"https:\/\/www.eldigitaldeasturias.com\/noticias\/el-paro-registrado-en-aragon-se-redujo-el-pasado-mes-de-julio-en-un-1358-respecto-al-ano-anterior\/#listItem","name":"El paro registrado en Arag\u00f3n se redujo el pasado mes de julio en un 13,58% respecto al a\u00f1o anterior"},"previousItem":{"@type":"ListItem","@id":"https:\/\/www.eldigitaldeasturias.com\/noticias#listItem","name":"Home"}},{"@type":"ListItem","@id":"https:\/\/www.eldigitaldeasturias.com\/noticias\/el-paro-registrado-en-aragon-se-redujo-el-pasado-mes-de-julio-en-un-1358-respecto-al-ano-anterior\/#listItem","position":3,"name":"El paro registrado en Arag\u00f3n se redujo el pasado mes de julio en un 13,58% respecto al a\u00f1o anterior","previousItem":{"@type":"ListItem","@id":"https:\/\/www.eldigitaldeasturias.com\/noticias\/category\/actualidad\/#listItem","name":"Actualidad"}}]},{"@type":"Organization","@id":"https:\/\/www.eldigitaldeasturias.com\/noticias\/#organization","name":"El Digital de Asturias","description":"Hemeroteca","url":"https:\/\/www.eldigitaldeasturias.com\/noticias\/","email":"info@eldigitaldeasturias.com","telephone":"+34652131393","logo":{"@type":"ImageObject","url":"https:\/\/www.eldigitaldeasturias.com\/noticias\/wp-content\/uploads\/2020\/12\/EDA.jpg","@id":"https:\/\/www.eldigitaldeasturias.com\/noticias\/el-paro-registrado-en-aragon-se-redujo-el-pasado-mes-de-julio-en-un-1358-respecto-al-ano-anterior\/#organizationLogo"},"image":{"@id":"https:\/\/www.eldigitaldeasturias.com\/noticias\/el-paro-registrado-en-aragon-se-redujo-el-pasado-mes-de-julio-en-un-1358-respecto-al-ano-anterior\/#organizationLogo"},"sameAs":["https:\/\/facebook.com\/eldigitaldeasturias","https:\/\/www.youtube.com\/channel\/UCZP-2wLEB9Rv6erhFmqVnvg"],"address":{"@id":"https:\/\/www.eldigitaldeasturias.com\/noticias\/#postaladdress","@type":"PostalAddress","streetAddress":"san antonio 4","postalCode":"33430","addressLocality":"Cand\u00e1s","addressRegion":"Asturias","addressCountry":"ES"}},{"@type":"Person","@id":"https:\/\/www.eldigitaldeasturias.com\/noticias\/author\/admin\/#author","url":"https:\/\/www.eldigitaldeasturias.com\/noticias\/author\/admin\/","name":"El Digital de Asturias","image":{"@type":"ImageObject","@id":"https:\/\/www.eldigitaldeasturias.com\/noticias\/el-paro-registrado-en-aragon-se-redujo-el-pasado-mes-de-julio-en-un-1358-respecto-al-ano-anterior\/#authorImage","url":"https:\/\/secure.gravatar.com\/avatar\/df2aeffc32bcd13f8d26072ef8a91b623d677766deac7f97ca815868cd41bf5e?s=96&d=mm&r=g","width":96,"height":96,"caption":"El Digital de Asturias"}},{"@type":"WebPage","@id":"https:\/\/www.eldigitaldeasturias.com\/noticias\/el-paro-registrado-en-aragon-se-redujo-el-pasado-mes-de-julio-en-un-1358-respecto-al-ano-anterior\/#webpage","url":"https:\/\/www.eldigitaldeasturias.com\/noticias\/el-paro-registrado-en-aragon-se-redujo-el-pasado-mes-de-julio-en-un-1358-respecto-al-ano-anterior\/","name":"El paro registrado en Arag\u00f3n se redujo el pasado mes de julio en un 13,58% respecto al a\u00f1o anterior - El Digital de Asturias","description":"El paro registrado en Arag\u00f3n se redujo el pasado mes de julio en un 13,58% respecto al a\u00f1o anterior, con lo que se encadenan 25 meses de ca\u00eddas interanuales a doble d\u00edgito. El descenso acumulado en los dos \u00faltimos a\u00f1os es del 26,79%, al pasar de 91.804 personas paradas en julio de 2015 a 67.211","inLanguage":"es-ES","isPartOf":{"@id":"https:\/\/www.eldigitaldeasturias.com\/noticias\/#website"},"breadcrumb":{"@id":"https:\/\/www.eldigitaldeasturias.com\/noticias\/el-paro-registrado-en-aragon-se-redujo-el-pasado-mes-de-julio-en-un-1358-respecto-al-ano-anterior\/#breadcrumblist"},"author":{"@id":"https:\/\/www.eldigitaldeasturias.com\/noticias\/author\/admin\/#author"},"creator":{"@id":"https:\/\/www.eldigitaldeasturias.com\/noticias\/author\/admin\/#author"},"image":{"@type":"ImageObject","url":942971,"@id":"https:\/\/www.eldigitaldeasturias.com\/noticias\/el-paro-registrado-en-aragon-se-redujo-el-pasado-mes-de-julio-en-un-1358-respecto-al-ano-anterior\/#mainImage"},"primaryImageOfPage":{"@id":"https:\/\/www.eldigitaldeasturias.com\/noticias\/el-paro-registrado-en-aragon-se-redujo-el-pasado-mes-de-julio-en-un-1358-respecto-al-ano-anterior\/#mainImage"},"datePublished":"2017-08-02T14:30:41+02:00","dateModified":"2017-08-02T14:30:41+02:00"},{"@type":"WebSite","@id":"https:\/\/www.eldigitaldeasturias.com\/noticias\/#website","url":"https:\/\/www.eldigitaldeasturias.com\/noticias\/","name":"El Digital de Asturias - Diario de actualidad y noticias","alternateName":"El Digital de Asturias - Diario de actualidad y noticias","description":"Hemeroteca","inLanguage":"es-ES","publisher":{"@id":"https:\/\/www.eldigitaldeasturias.com\/noticias\/#organization"}}]},"og:locale":"es_ES","og:site_name":"El Digital de Asturias","og:type":"article","og:title":"El paro registrado en Arag\u00f3n se redujo el pasado mes de julio en un 13,58% respecto al a\u00f1o anterior - El Digital de Asturias","og:description":"El paro registrado en Arag\u00f3n se redujo el pasado mes de julio en un 13,58% respecto al a\u00f1o anterior, con lo que se encadenan 25 meses de ca\u00eddas interanuales a doble d\u00edgito. El descenso acumulado en los dos \u00faltimos a\u00f1os es del 26,79%, al pasar de 91.804 personas paradas en julio de 2015 a 67.211","og:url":"https:\/\/www.eldigitaldeasturias.com\/noticias\/el-paro-registrado-en-aragon-se-redujo-el-pasado-mes-de-julio-en-un-1358-respecto-al-ano-anterior\/","article:tag":["actualidad"],"article:published_time":"2017-08-02T14:30:41+00:00","article:modified_time":"2017-08-02T14:30:41+00:00","article:publisher":"https:\/\/facebook.com\/eldigitaldeasturias","twitter:card":"summary_large_image","twitter:title":"El paro registrado en Arag\u00f3n se redujo el pasado mes de julio en un 13,58% respecto al a\u00f1o anterior - El Digital de Asturias","twitter:description":"El paro registrado en Arag\u00f3n se redujo el pasado mes de julio en un 13,58% respecto al a\u00f1o anterior, con lo que se encadenan 25 meses de ca\u00eddas interanuales a doble d\u00edgito. El descenso acumulado en los dos \u00faltimos a\u00f1os es del 26,79%, al pasar de 91.804 personas paradas en julio de 2015 a 67.211","twitter:image":"https:\/\/www.eldigitaldeasturias.com\/noticias\/wp-content\/uploads\/2020\/12\/EDA-1.jpg","twitter:label1":"Escrito por","twitter:data1":"El Digital de Asturias","twitter:label2":"Tiempo de lectura estimado","twitter:data2":"7 minutos"},"aioseo_meta_data":{"post_id":"948464","title":null,"description":null,"keywords":null,"keyphrases":null,"primary_term":null,"canonical_url":null,"og_title":null,"og_description":null,"og_object_type":"default","og_image_type":"default","og_image_url":null,"og_image_width":null,"og_image_height":null,"og_image_custom_url":null,"og_image_custom_fields":null,"og_video":null,"og_custom_url":null,"og_article_section":null,"og_article_tags":null,"twitter_use_og":false,"twitter_card":"default","twitter_image_type":"default","twitter_image_url":null,"twitter_image_custom_url":null,"twitter_image_custom_fields":null,"twitter_title":null,"twitter_description":null,"schema":{"blockGraphs":[],"customGraphs":[],"default":{"data":{"Article":[],"Course":[],"Dataset":[],"FAQPage":[],"Movie":[],"Person":[],"Product":[],"ProductReview":[],"Car":[],"Recipe":[],"Service":[],"SoftwareApplication":[],"WebPage":[]},"graphName":"","isEnabled":true},"graphs":[],"defaultGraph":"","defaultPostTypeGraph":""},"schema_type":null,"schema_type_options":null,"pillar_content":false,"robots_default":true,"robots_noindex":false,"robots_noarchive":false,"robots_nosnippet":false,"robots_nofollow":false,"robots_noimageindex":false,"robots_noodp":false,"robots_notranslate":false,"robots_max_snippet":null,"robots_max_videopreview":null,"robots_max_imagepreview":"large","priority":null,"frequency":null,"local_seo":null,"seo_analyzer_scan_date":"2025-12-05 08:44:10","breadcrumb_settings":null,"limit_modified_date":false,"open_ai":null,"ai":null,"created":"2020-12-21 13:04:37","updated":"2025-12-05 08:44:10","focus_keyword":null,"additional_keywords":null,"truseo_locale":null},"aioseo_breadcrumb":"<div class=\"aioseo-breadcrumbs\"><span class=\"aioseo-breadcrumb\">\n\t<a href=\"https:\/\/www.eldigitaldeasturias.com\/noticias\" title=\"Home\">Home<\/a>\n<\/span><span class=\"aioseo-breadcrumb-separator\">\u2013<\/span><span class=\"aioseo-breadcrumb\">\n\t<a href=\"https:\/\/www.eldigitaldeasturias.com\/noticias\/category\/actualidad\/\" title=\"Actualidad\">Actualidad<\/a>\n<\/span><span class=\"aioseo-breadcrumb-separator\">\u2013<\/span><span class=\"aioseo-breadcrumb\">\n\t<a href=\"https:\/\/www.eldigitaldeasturias.com\/noticias\/el-paro-registrado-en-aragon-se-redujo-el-pasado-mes-de-julio-en-un-1358-respecto-al-ano-anterior\/\" title=\"El paro registrado en Arag\u00f3n se redujo el pasado mes de julio en un 13,58% respecto al a\u00f1o anterior\">El paro registrado en Arag\u00f3n se redujo el pasado mes de julio en un 13,58% respecto al a\u00f1o anterior<\/a>\n<\/span><\/div>","aioseo_breadcrumb_json":[{"label":"Home","link":"https:\/\/www.eldigitaldeasturias.com\/noticias"},{"label":"Actualidad","link":"https:\/\/www.eldigitaldeasturias.com\/noticias\/category\/actualidad\/"},{"label":"El paro registrado en Arag\u00f3n se redujo el pasado mes de julio en un 13,58% respecto al a\u00f1o anterior","link":"https:\/\/www.eldigitaldeasturias.com\/noticias\/el-paro-registrado-en-aragon-se-redujo-el-pasado-mes-de-julio-en-un-1358-respecto-al-ano-anterior\/"}],"_links":{"self":[{"href":"https:\/\/www.eldigitaldeasturias.com\/noticias\/wp-json\/wp\/v2\/posts\/948464","targetHints":{"allow":["GET"]}}],"collection":[{"href":"https:\/\/www.eldigitaldeasturias.com\/noticias\/wp-json\/wp\/v2\/posts"}],"about":[{"href":"https:\/\/www.eldigitaldeasturias.com\/noticias\/wp-json\/wp\/v2\/types\/post"}],"author":[{"embeddable":true,"href":"https:\/\/www.eldigitaldeasturias.com\/noticias\/wp-json\/wp\/v2\/users\/1"}],"replies":[{"embeddable":true,"href":"https:\/\/www.eldigitaldeasturias.com\/noticias\/wp-json\/wp\/v2\/comments?post=948464"}],"version-history":[{"count":0,"href":"https:\/\/www.eldigitaldeasturias.com\/noticias\/wp-json\/wp\/v2\/posts\/948464\/revisions"}],"wp:attachment":[{"href":"https:\/\/www.eldigitaldeasturias.com\/noticias\/wp-json\/wp\/v2\/media?parent=948464"}],"wp:term":[{"taxonomy":"category","embeddable":true,"href":"https:\/\/www.eldigitaldeasturias.com\/noticias\/wp-json\/wp\/v2\/categories?post=948464"},{"taxonomy":"post_tag","embeddable":true,"href":"https:\/\/www.eldigitaldeasturias.com\/noticias\/wp-json\/wp\/v2\/tags?post=948464"}],"curies":[{"name":"wp","href":"https:\/\/api.w.org\/{rel}","templated":true}]}}