{"id":948459,"date":"2017-08-02T13:22:34","date_gmt":"2017-08-02T13:22:34","guid":{"rendered":"http:\/\/www.eldigitaldeasturias.com\/noticias\/?p=948459"},"modified":"2017-08-02T14:23:03","modified_gmt":"2017-08-02T14:23:03","slug":"el-metro-de-granada-se-integra-en-el-sistema-de-emergencias-112-andalucia","status":"publish","type":"post","link":"https:\/\/www.eldigitaldeasturias.com\/noticias\/el-metro-de-granada-se-integra-en-el-sistema-de-emergencias-112-andalucia\/","title":{"rendered":"El Metro de Granada se integra en el sistema de emergencias 112 Andaluc\u00eda"},"content":{"rendered":"<p>La Consejer\u00eda de Fomento y Vivienda, a trav\u00e9s de la Agencia de Obra P\u00fablica (AOPJA), ha firmado un convenio de colaboraci\u00f3n con la Delegaci\u00f3n del Gobierno de la Junta de Andaluc\u00eda en Granada para la integraci\u00f3n de los servicios de urgencias del metropolitano de Granada en el Sistema Emergencias 112 Andaluc\u00eda de \u00e1mbito territorial y funcional auton\u00f3mico.<\/p>\n<p>De esta forma, las propuestas de actuaci\u00f3n en situaciones de emergencias, la determinaci\u00f3n de los protocolos operativos, as\u00ed como el establecimiento y control de los indicadores de calidad se llevar\u00e1n a cabo de manera coordinada entre ambas administraciones, con el objeto de dotar de eficacia al servicio de emergencias.<\/p>\n<p>Gracias al acuerdo, el centro de coordinaci\u00f3n de Emergencias de la Junta de Andaluc\u00eda se constituye como un receptor y gestor de llamadas de urgencias y emergencias que se reciban a trav\u00e9s del n\u00famero de tel\u00e9fono 112, transmitiendo la informaci\u00f3n a los servicios necesarios de las urgencias que se produzcan en el \u00e1mbito del servicio de transportes del metropolitano.<\/p>\n<p>La seguridad en el tratamiento de datos de car\u00e1cter personal queda tambi\u00e9n garantizada en el \u00e1mbito de este convenio de colaboraci\u00f3n. La coordinaci\u00f3n entre ambas administraciones conlleva la cesi\u00f3n de datos personales en aquellos supuestos en que sea necesario para resolver la situaci\u00f3n de emergencias, para salvaguardar la integridad personal o bienes de los afectados y para atender una necesidad vital de los afectados o terceras personas.<\/p>\n<p>Este acuerdo se suma al firmado entre AOPJA y el Ayuntamiento de Granada para formar al personal del metro y bomberos sobre prevenci\u00f3n de incendios y an\u00e1lisis de riesgos, que inclu\u00eda tambi\u00e9n la verificaci\u00f3n de los equipos y material contra incendios del metropolitano.<\/p>\n<p>Tanto los bomberos como el personal que trabaje en el metro recibir\u00e1n formaci\u00f3n de especialistas en prevenci\u00f3n y extinci\u00f3n de incendios, especialmente en instalaciones e infraestructuras como las del metropolitano. As\u00ed, se realizar\u00e1n pr\u00e1cticas que aseguren un correcto entrenamiento del personal de bomberos y del metro.<\/p>\n<p>El metro de Granada, infraestructura impulsada por la Consejer\u00eda de Fomento y Vivienda de la Junta de Andaluc\u00eda, consta de un trazado de 26 paradas y estaciones a lo largo de sus casi 16 kil\u00f3metros de longitud, y de los cuales 2,7 kil\u00f3metros discurren bajo tierra a trav\u00e9s del eje Camino de Ronda\u2013Avenida de Am\u00e9rica, en la capital.<\/p>\n","protected":false},"excerpt":{"rendered":"<p>La Consejer\u00eda de Fomento y Vivienda, a trav\u00e9s de la Agencia de Obra P\u00fablica (AOPJA), ha firmado un convenio de colaboraci\u00f3n con la Delegaci\u00f3n del Gobierno de la Junta de Andaluc\u00eda en Granada para la integraci\u00f3n de los servicios de urgencias del metropolitano de Granada en el Sistema Emergencias 112 Andaluc\u00eda de \u00e1mbito territorial y [&hellip;]<\/p>\n","protected":false},"author":1,"featured_media":1132184,"comment_status":"closed","ping_status":"closed","sticky":false,"template":"","format":"standard","meta":{"footnotes":""},"categories":[1],"tags":[],"class_list":["post-948459","post","type-post","status-publish","format-standard","has-post-thumbnail","hentry","category-actualidad"],"aioseo_notices":[],"aioseo_head":"\n\t\t<!-- All in One SEO Pro 5.0.1 - aioseo.com -->\n\t<meta name=\"description\" content=\"La Consejer\u00eda de Fomento y Vivienda, a trav\u00e9s de la Agencia de Obra P\u00fablica (AOPJA), ha firmado un convenio de colaboraci\u00f3n con la Delegaci\u00f3n del Gobierno de la Junta de Andaluc\u00eda en Granada para la integraci\u00f3n de los servicios de urgencias del metropolitano de Granada en el Sistema Emergencias 112 Andaluc\u00eda de \u00e1mbito territorial y\" \/>\n\t<meta name=\"robots\" content=\"max-image-preview:large\" \/>\n\t<meta name=\"author\" content=\"El Digital de Asturias\"\/>\n\t<meta name=\"google-site-verification\" content=\"UA-38556648-1\" \/>\n\t<meta name=\"msvalidate.01\" content=\"7dfe9f3f1b24437ab69f4f2559babe99\" \/>\n\t<meta name=\"keywords\" content=\"actualidad\" \/>\n\t<link rel=\"canonical\" href=\"https:\/\/www.eldigitaldeasturias.com\/noticias\/el-metro-de-granada-se-integra-en-el-sistema-de-emergencias-112-andalucia\/\" \/>\n\t<meta name=\"generator\" content=\"All in One SEO Pro (AIOSEO) 5.0.1\" \/>\n\t\t<meta property=\"og:locale\" content=\"es_ES\" \/>\n\t\t<meta property=\"og:site_name\" content=\"El Digital de Asturias\" \/>\n\t\t<meta property=\"og:type\" content=\"article\" \/>\n\t\t<meta property=\"og:title\" content=\"El Metro de Granada se integra en el sistema de emergencias 112 Andaluc\u00eda - El Digital de Asturias\" \/>\n\t\t<meta property=\"og:description\" content=\"La Consejer\u00eda de Fomento y Vivienda, a trav\u00e9s de la Agencia de Obra P\u00fablica (AOPJA), ha firmado un convenio de colaboraci\u00f3n con la Delegaci\u00f3n del Gobierno de la Junta de Andaluc\u00eda en Granada para la integraci\u00f3n de los servicios de urgencias del metropolitano de Granada en el Sistema Emergencias 112 Andaluc\u00eda de \u00e1mbito territorial y\" \/>\n\t\t<meta property=\"og:url\" content=\"https:\/\/www.eldigitaldeasturias.com\/noticias\/el-metro-de-granada-se-integra-en-el-sistema-de-emergencias-112-andalucia\/\" \/>\n\t\t<meta property=\"og:image\" content=\"https:\/\/www.eldigitaldeasturias.com\/noticias\/wp-content\/uploads\/2026\/06\/Contenidos.jpg\" \/>\n\t\t<meta property=\"og:image:secure_url\" content=\"https:\/\/www.eldigitaldeasturias.com\/noticias\/wp-content\/uploads\/2026\/06\/Contenidos.jpg\" \/>\n\t\t<meta property=\"og:image:width\" content=\"1265\" \/>\n\t\t<meta property=\"og:image:height\" content=\"697\" \/>\n\t\t<meta property=\"article:tag\" content=\"actualidad\" \/>\n\t\t<meta property=\"article:published_time\" content=\"2017-08-02T13:22:34+00:00\" \/>\n\t\t<meta property=\"article:modified_time\" content=\"2017-08-02T14:23:03+00:00\" \/>\n\t\t<meta property=\"article:publisher\" content=\"https:\/\/facebook.com\/eldigitaldeasturias\" \/>\n\t\t<meta name=\"twitter:card\" content=\"summary_large_image\" \/>\n\t\t<meta name=\"twitter:title\" content=\"El Metro de Granada se integra en el sistema de emergencias 112 Andaluc\u00eda - El Digital de Asturias\" \/>\n\t\t<meta name=\"twitter:description\" content=\"La Consejer\u00eda de Fomento y Vivienda, a trav\u00e9s de la Agencia de Obra P\u00fablica (AOPJA), ha firmado un convenio de colaboraci\u00f3n con la Delegaci\u00f3n del Gobierno de la Junta de Andaluc\u00eda en Granada para la integraci\u00f3n de los servicios de urgencias del metropolitano de Granada en el Sistema Emergencias 112 Andaluc\u00eda de \u00e1mbito territorial y\" \/>\n\t\t<meta name=\"twitter:image\" content=\"https:\/\/www.eldigitaldeasturias.com\/noticias\/wp-content\/uploads\/2026\/06\/Contenidos.jpg\" \/>\n\t\t<meta name=\"twitter:label1\" content=\"Escrito por\" \/>\n\t\t<meta name=\"twitter:data1\" content=\"El Digital de Asturias\" \/>\n\t\t<meta name=\"twitter:label2\" content=\"Tiempo de lectura estimado\" \/>\n\t\t<meta name=\"twitter:data2\" content=\"2 minutos\" \/>\n\t\t<script type=\"application\/ld+json\" class=\"aioseo-schema\">\n\t\t\t{\"@context\":\"https:\\\/\\\/schema.org\",\"@graph\":[{\"@type\":\"BlogPosting\",\"@id\":\"https:\\\/\\\/www.eldigitaldeasturias.com\\\/noticias\\\/el-metro-de-granada-se-integra-en-el-sistema-de-emergencias-112-andalucia\\\/#blogposting\",\"name\":\"El Metro de Granada se integra en el sistema de emergencias 112 Andaluc\\u00eda - El Digital de Asturias\",\"headline\":\"El Metro de Granada se integra en el sistema de emergencias 112 Andaluc\\u00eda\",\"author\":{\"@id\":\"https:\\\/\\\/www.eldigitaldeasturias.com\\\/noticias\\\/author\\\/admin\\\/#author\"},\"publisher\":{\"@id\":\"https:\\\/\\\/www.eldigitaldeasturias.com\\\/noticias\\\/#organization\"},\"image\":{\"@type\":\"ImageObject\",\"url\":\"https:\\\/\\\/www.eldigitaldeasturias.com\\\/noticias\\\/wp-content\\\/uploads\\\/2026\\\/06\\\/Contenidos.jpg\",\"width\":1265,\"height\":697,\"caption\":\"Contenidos\"},\"datePublished\":\"2017-08-02T13:22:34+02:00\",\"dateModified\":\"2017-08-02T14:23:03+02:00\",\"inLanguage\":\"es-ES\",\"mainEntityOfPage\":{\"@id\":\"https:\\\/\\\/www.eldigitaldeasturias.com\\\/noticias\\\/el-metro-de-granada-se-integra-en-el-sistema-de-emergencias-112-andalucia\\\/#webpage\"},\"isPartOf\":{\"@id\":\"https:\\\/\\\/www.eldigitaldeasturias.com\\\/noticias\\\/el-metro-de-granada-se-integra-en-el-sistema-de-emergencias-112-andalucia\\\/#webpage\"},\"articleSection\":\"Actualidad\"},{\"@type\":\"BreadcrumbList\",\"@id\":\"https:\\\/\\\/www.eldigitaldeasturias.com\\\/noticias\\\/el-metro-de-granada-se-integra-en-el-sistema-de-emergencias-112-andalucia\\\/#breadcrumblist\",\"itemListElement\":[{\"@type\":\"ListItem\",\"@id\":\"https:\\\/\\\/www.eldigitaldeasturias.com\\\/noticias#listItem\",\"position\":1,\"name\":\"Home\",\"item\":\"https:\\\/\\\/www.eldigitaldeasturias.com\\\/noticias\",\"nextItem\":{\"@type\":\"ListItem\",\"@id\":\"https:\\\/\\\/www.eldigitaldeasturias.com\\\/noticias\\\/category\\\/actualidad\\\/#listItem\",\"name\":\"Actualidad\"}},{\"@type\":\"ListItem\",\"@id\":\"https:\\\/\\\/www.eldigitaldeasturias.com\\\/noticias\\\/category\\\/actualidad\\\/#listItem\",\"position\":2,\"name\":\"Actualidad\",\"item\":\"https:\\\/\\\/www.eldigitaldeasturias.com\\\/noticias\\\/category\\\/actualidad\\\/\",\"nextItem\":{\"@type\":\"ListItem\",\"@id\":\"https:\\\/\\\/www.eldigitaldeasturias.com\\\/noticias\\\/el-metro-de-granada-se-integra-en-el-sistema-de-emergencias-112-andalucia\\\/#listItem\",\"name\":\"El Metro de Granada se integra en el sistema de emergencias 112 Andaluc\\u00eda\"},\"previousItem\":{\"@type\":\"ListItem\",\"@id\":\"https:\\\/\\\/www.eldigitaldeasturias.com\\\/noticias#listItem\",\"name\":\"Home\"}},{\"@type\":\"ListItem\",\"@id\":\"https:\\\/\\\/www.eldigitaldeasturias.com\\\/noticias\\\/el-metro-de-granada-se-integra-en-el-sistema-de-emergencias-112-andalucia\\\/#listItem\",\"position\":3,\"name\":\"El Metro de Granada se integra en el sistema de emergencias 112 Andaluc\\u00eda\",\"previousItem\":{\"@type\":\"ListItem\",\"@id\":\"https:\\\/\\\/www.eldigitaldeasturias.com\\\/noticias\\\/category\\\/actualidad\\\/#listItem\",\"name\":\"Actualidad\"}}]},{\"@type\":\"Organization\",\"@id\":\"https:\\\/\\\/www.eldigitaldeasturias.com\\\/noticias\\\/#organization\",\"name\":\"El Digital de Asturias\",\"description\":\"Hemeroteca\",\"url\":\"https:\\\/\\\/www.eldigitaldeasturias.com\\\/noticias\\\/\",\"email\":\"info@eldigitaldeasturias.com\",\"telephone\":\"+34652131393\",\"logo\":{\"@type\":\"ImageObject\",\"url\":\"https:\\\/\\\/www.eldigitaldeasturias.com\\\/noticias\\\/wp-content\\\/uploads\\\/2020\\\/12\\\/EDA.jpg\",\"@id\":\"https:\\\/\\\/www.eldigitaldeasturias.com\\\/noticias\\\/el-metro-de-granada-se-integra-en-el-sistema-de-emergencias-112-andalucia\\\/#organizationLogo\"},\"image\":{\"@id\":\"https:\\\/\\\/www.eldigitaldeasturias.com\\\/noticias\\\/el-metro-de-granada-se-integra-en-el-sistema-de-emergencias-112-andalucia\\\/#organizationLogo\"},\"sameAs\":[\"https:\\\/\\\/facebook.com\\\/eldigitaldeasturias\",\"https:\\\/\\\/www.youtube.com\\\/channel\\\/UCZP-2wLEB9Rv6erhFmqVnvg\"],\"address\":{\"@id\":\"https:\\\/\\\/www.eldigitaldeasturias.com\\\/noticias\\\/#postaladdress\",\"@type\":\"PostalAddress\",\"streetAddress\":\"san antonio 4\",\"postalCode\":\"33430\",\"addressLocality\":\"Cand\\u00e1s\",\"addressRegion\":\"Asturias\",\"addressCountry\":\"ES\"}},{\"@type\":\"Person\",\"@id\":\"https:\\\/\\\/www.eldigitaldeasturias.com\\\/noticias\\\/author\\\/admin\\\/#author\",\"url\":\"https:\\\/\\\/www.eldigitaldeasturias.com\\\/noticias\\\/author\\\/admin\\\/\",\"name\":\"El Digital de Asturias\",\"image\":{\"@type\":\"ImageObject\",\"@id\":\"https:\\\/\\\/www.eldigitaldeasturias.com\\\/noticias\\\/el-metro-de-granada-se-integra-en-el-sistema-de-emergencias-112-andalucia\\\/#authorImage\",\"url\":\"https:\\\/\\\/secure.gravatar.com\\\/avatar\\\/df2aeffc32bcd13f8d26072ef8a91b623d677766deac7f97ca815868cd41bf5e?s=96&d=mm&r=g\",\"width\":96,\"height\":96,\"caption\":\"El Digital de Asturias\"}},{\"@type\":\"WebPage\",\"@id\":\"https:\\\/\\\/www.eldigitaldeasturias.com\\\/noticias\\\/el-metro-de-granada-se-integra-en-el-sistema-de-emergencias-112-andalucia\\\/#webpage\",\"url\":\"https:\\\/\\\/www.eldigitaldeasturias.com\\\/noticias\\\/el-metro-de-granada-se-integra-en-el-sistema-de-emergencias-112-andalucia\\\/\",\"name\":\"El Metro de Granada se integra en el sistema de emergencias 112 Andaluc\\u00eda - El Digital de Asturias\",\"description\":\"La Consejer\\u00eda de Fomento y Vivienda, a trav\\u00e9s de la Agencia de Obra P\\u00fablica (AOPJA), ha firmado un convenio de colaboraci\\u00f3n con la Delegaci\\u00f3n del Gobierno de la Junta de Andaluc\\u00eda en Granada para la integraci\\u00f3n de los servicios de urgencias del metropolitano de Granada en el Sistema Emergencias 112 Andaluc\\u00eda de \\u00e1mbito territorial y\",\"inLanguage\":\"es-ES\",\"isPartOf\":{\"@id\":\"https:\\\/\\\/www.eldigitaldeasturias.com\\\/noticias\\\/#website\"},\"breadcrumb\":{\"@id\":\"https:\\\/\\\/www.eldigitaldeasturias.com\\\/noticias\\\/el-metro-de-granada-se-integra-en-el-sistema-de-emergencias-112-andalucia\\\/#breadcrumblist\"},\"author\":{\"@id\":\"https:\\\/\\\/www.eldigitaldeasturias.com\\\/noticias\\\/author\\\/admin\\\/#author\"},\"creator\":{\"@id\":\"https:\\\/\\\/www.eldigitaldeasturias.com\\\/noticias\\\/author\\\/admin\\\/#author\"},\"image\":{\"@type\":\"ImageObject\",\"url\":\"https:\\\/\\\/www.eldigitaldeasturias.com\\\/noticias\\\/wp-content\\\/uploads\\\/2026\\\/06\\\/Contenidos.jpg\",\"@id\":\"https:\\\/\\\/www.eldigitaldeasturias.com\\\/noticias\\\/el-metro-de-granada-se-integra-en-el-sistema-de-emergencias-112-andalucia\\\/#mainImage\",\"width\":1265,\"height\":697,\"caption\":\"Contenidos\"},\"primaryImageOfPage\":{\"@id\":\"https:\\\/\\\/www.eldigitaldeasturias.com\\\/noticias\\\/el-metro-de-granada-se-integra-en-el-sistema-de-emergencias-112-andalucia\\\/#mainImage\"},\"datePublished\":\"2017-08-02T13:22:34+02:00\",\"dateModified\":\"2017-08-02T14:23:03+02:00\"},{\"@type\":\"WebSite\",\"@id\":\"https:\\\/\\\/www.eldigitaldeasturias.com\\\/noticias\\\/#website\",\"url\":\"https:\\\/\\\/www.eldigitaldeasturias.com\\\/noticias\\\/\",\"name\":\"El Digital de Asturias - Diario de actualidad y noticias\",\"alternateName\":\"El Digital de Asturias - Diario de actualidad y noticias\",\"description\":\"Hemeroteca\",\"inLanguage\":\"es-ES\",\"publisher\":{\"@id\":\"https:\\\/\\\/www.eldigitaldeasturias.com\\\/noticias\\\/#organization\"}}]}\n\t\t<\/script>\n\t\t<!-- All in One SEO Pro -->\r\n\t\t<title>El Metro de Granada se integra en el sistema de emergencias 112 Andaluc\u00eda - El Digital de Asturias<\/title>\n\n","aioseo_head_json":{"title":"El Metro de Granada se integra en el sistema de emergencias 112 Andaluc\u00eda - El Digital de Asturias","description":"La Consejer\u00eda de Fomento y Vivienda, a trav\u00e9s de la Agencia de Obra P\u00fablica (AOPJA), ha firmado un convenio de colaboraci\u00f3n con la Delegaci\u00f3n del Gobierno de la Junta de Andaluc\u00eda en Granada para la integraci\u00f3n de los servicios de urgencias del metropolitano de Granada en el Sistema Emergencias 112 Andaluc\u00eda de \u00e1mbito territorial y","canonical_url":"https:\/\/www.eldigitaldeasturias.com\/noticias\/el-metro-de-granada-se-integra-en-el-sistema-de-emergencias-112-andalucia\/","robots":"max-image-preview:large","keywords":"actualidad","webmasterTools":{"google-site-verification":"UA-38556648-1","msvalidate.01":"7dfe9f3f1b24437ab69f4f2559babe99","miscellaneous":""},"schema":{"@context":"https:\/\/schema.org","@graph":[{"@type":"BlogPosting","@id":"https:\/\/www.eldigitaldeasturias.com\/noticias\/el-metro-de-granada-se-integra-en-el-sistema-de-emergencias-112-andalucia\/#blogposting","name":"El Metro de Granada se integra en el sistema de emergencias 112 Andaluc\u00eda - El Digital de Asturias","headline":"El Metro de Granada se integra en el sistema de emergencias 112 Andaluc\u00eda","author":{"@id":"https:\/\/www.eldigitaldeasturias.com\/noticias\/author\/admin\/#author"},"publisher":{"@id":"https:\/\/www.eldigitaldeasturias.com\/noticias\/#organization"},"image":{"@type":"ImageObject","url":"https:\/\/www.eldigitaldeasturias.com\/noticias\/wp-content\/uploads\/2026\/06\/Contenidos.jpg","width":1265,"height":697,"caption":"Contenidos"},"datePublished":"2017-08-02T13:22:34+02:00","dateModified":"2017-08-02T14:23:03+02:00","inLanguage":"es-ES","mainEntityOfPage":{"@id":"https:\/\/www.eldigitaldeasturias.com\/noticias\/el-metro-de-granada-se-integra-en-el-sistema-de-emergencias-112-andalucia\/#webpage"},"isPartOf":{"@id":"https:\/\/www.eldigitaldeasturias.com\/noticias\/el-metro-de-granada-se-integra-en-el-sistema-de-emergencias-112-andalucia\/#webpage"},"articleSection":"Actualidad"},{"@type":"BreadcrumbList","@id":"https:\/\/www.eldigitaldeasturias.com\/noticias\/el-metro-de-granada-se-integra-en-el-sistema-de-emergencias-112-andalucia\/#breadcrumblist","itemListElement":[{"@type":"ListItem","@id":"https:\/\/www.eldigitaldeasturias.com\/noticias#listItem","position":1,"name":"Home","item":"https:\/\/www.eldigitaldeasturias.com\/noticias","nextItem":{"@type":"ListItem","@id":"https:\/\/www.eldigitaldeasturias.com\/noticias\/category\/actualidad\/#listItem","name":"Actualidad"}},{"@type":"ListItem","@id":"https:\/\/www.eldigitaldeasturias.com\/noticias\/category\/actualidad\/#listItem","position":2,"name":"Actualidad","item":"https:\/\/www.eldigitaldeasturias.com\/noticias\/category\/actualidad\/","nextItem":{"@type":"ListItem","@id":"https:\/\/www.eldigitaldeasturias.com\/noticias\/el-metro-de-granada-se-integra-en-el-sistema-de-emergencias-112-andalucia\/#listItem","name":"El Metro de Granada se integra en el sistema de emergencias 112 Andaluc\u00eda"},"previousItem":{"@type":"ListItem","@id":"https:\/\/www.eldigitaldeasturias.com\/noticias#listItem","name":"Home"}},{"@type":"ListItem","@id":"https:\/\/www.eldigitaldeasturias.com\/noticias\/el-metro-de-granada-se-integra-en-el-sistema-de-emergencias-112-andalucia\/#listItem","position":3,"name":"El Metro de Granada se integra en el sistema de emergencias 112 Andaluc\u00eda","previousItem":{"@type":"ListItem","@id":"https:\/\/www.eldigitaldeasturias.com\/noticias\/category\/actualidad\/#listItem","name":"Actualidad"}}]},{"@type":"Organization","@id":"https:\/\/www.eldigitaldeasturias.com\/noticias\/#organization","name":"El Digital de Asturias","description":"Hemeroteca","url":"https:\/\/www.eldigitaldeasturias.com\/noticias\/","email":"info@eldigitaldeasturias.com","telephone":"+34652131393","logo":{"@type":"ImageObject","url":"https:\/\/www.eldigitaldeasturias.com\/noticias\/wp-content\/uploads\/2020\/12\/EDA.jpg","@id":"https:\/\/www.eldigitaldeasturias.com\/noticias\/el-metro-de-granada-se-integra-en-el-sistema-de-emergencias-112-andalucia\/#organizationLogo"},"image":{"@id":"https:\/\/www.eldigitaldeasturias.com\/noticias\/el-metro-de-granada-se-integra-en-el-sistema-de-emergencias-112-andalucia\/#organizationLogo"},"sameAs":["https:\/\/facebook.com\/eldigitaldeasturias","https:\/\/www.youtube.com\/channel\/UCZP-2wLEB9Rv6erhFmqVnvg"],"address":{"@id":"https:\/\/www.eldigitaldeasturias.com\/noticias\/#postaladdress","@type":"PostalAddress","streetAddress":"san antonio 4","postalCode":"33430","addressLocality":"Cand\u00e1s","addressRegion":"Asturias","addressCountry":"ES"}},{"@type":"Person","@id":"https:\/\/www.eldigitaldeasturias.com\/noticias\/author\/admin\/#author","url":"https:\/\/www.eldigitaldeasturias.com\/noticias\/author\/admin\/","name":"El Digital de Asturias","image":{"@type":"ImageObject","@id":"https:\/\/www.eldigitaldeasturias.com\/noticias\/el-metro-de-granada-se-integra-en-el-sistema-de-emergencias-112-andalucia\/#authorImage","url":"https:\/\/secure.gravatar.com\/avatar\/df2aeffc32bcd13f8d26072ef8a91b623d677766deac7f97ca815868cd41bf5e?s=96&d=mm&r=g","width":96,"height":96,"caption":"El Digital de Asturias"}},{"@type":"WebPage","@id":"https:\/\/www.eldigitaldeasturias.com\/noticias\/el-metro-de-granada-se-integra-en-el-sistema-de-emergencias-112-andalucia\/#webpage","url":"https:\/\/www.eldigitaldeasturias.com\/noticias\/el-metro-de-granada-se-integra-en-el-sistema-de-emergencias-112-andalucia\/","name":"El Metro de Granada se integra en el sistema de emergencias 112 Andaluc\u00eda - El Digital de Asturias","description":"La Consejer\u00eda de Fomento y Vivienda, a trav\u00e9s de la Agencia de Obra P\u00fablica (AOPJA), ha firmado un convenio de colaboraci\u00f3n con la Delegaci\u00f3n del Gobierno de la Junta de Andaluc\u00eda en Granada para la integraci\u00f3n de los servicios de urgencias del metropolitano de Granada en el Sistema Emergencias 112 Andaluc\u00eda de \u00e1mbito territorial y","inLanguage":"es-ES","isPartOf":{"@id":"https:\/\/www.eldigitaldeasturias.com\/noticias\/#website"},"breadcrumb":{"@id":"https:\/\/www.eldigitaldeasturias.com\/noticias\/el-metro-de-granada-se-integra-en-el-sistema-de-emergencias-112-andalucia\/#breadcrumblist"},"author":{"@id":"https:\/\/www.eldigitaldeasturias.com\/noticias\/author\/admin\/#author"},"creator":{"@id":"https:\/\/www.eldigitaldeasturias.com\/noticias\/author\/admin\/#author"},"image":{"@type":"ImageObject","url":"https:\/\/www.eldigitaldeasturias.com\/noticias\/wp-content\/uploads\/2026\/06\/Contenidos.jpg","@id":"https:\/\/www.eldigitaldeasturias.com\/noticias\/el-metro-de-granada-se-integra-en-el-sistema-de-emergencias-112-andalucia\/#mainImage","width":1265,"height":697,"caption":"Contenidos"},"primaryImageOfPage":{"@id":"https:\/\/www.eldigitaldeasturias.com\/noticias\/el-metro-de-granada-se-integra-en-el-sistema-de-emergencias-112-andalucia\/#mainImage"},"datePublished":"2017-08-02T13:22:34+02:00","dateModified":"2017-08-02T14:23:03+02:00"},{"@type":"WebSite","@id":"https:\/\/www.eldigitaldeasturias.com\/noticias\/#website","url":"https:\/\/www.eldigitaldeasturias.com\/noticias\/","name":"El Digital de Asturias - Diario de actualidad y noticias","alternateName":"El Digital de Asturias - Diario de actualidad y noticias","description":"Hemeroteca","inLanguage":"es-ES","publisher":{"@id":"https:\/\/www.eldigitaldeasturias.com\/noticias\/#organization"}}]},"og:locale":"es_ES","og:site_name":"El Digital de Asturias","og:type":"article","og:title":"El Metro de Granada se integra en el sistema de emergencias 112 Andaluc\u00eda - El Digital de Asturias","og:description":"La Consejer\u00eda de Fomento y Vivienda, a trav\u00e9s de la Agencia de Obra P\u00fablica (AOPJA), ha firmado un convenio de colaboraci\u00f3n con la Delegaci\u00f3n del Gobierno de la Junta de Andaluc\u00eda en Granada para la integraci\u00f3n de los servicios de urgencias del metropolitano de Granada en el Sistema Emergencias 112 Andaluc\u00eda de \u00e1mbito territorial y","og:url":"https:\/\/www.eldigitaldeasturias.com\/noticias\/el-metro-de-granada-se-integra-en-el-sistema-de-emergencias-112-andalucia\/","og:image":"https:\/\/www.eldigitaldeasturias.com\/noticias\/wp-content\/uploads\/2026\/06\/Contenidos.jpg","og:image:secure_url":"https:\/\/www.eldigitaldeasturias.com\/noticias\/wp-content\/uploads\/2026\/06\/Contenidos.jpg","og:image:width":1265,"og:image:height":697,"article:tag":["actualidad"],"article:published_time":"2017-08-02T13:22:34+00:00","article:modified_time":"2017-08-02T14:23:03+00:00","article:publisher":"https:\/\/facebook.com\/eldigitaldeasturias","twitter:card":"summary_large_image","twitter:title":"El Metro de Granada se integra en el sistema de emergencias 112 Andaluc\u00eda - El Digital de Asturias","twitter:description":"La Consejer\u00eda de Fomento y Vivienda, a trav\u00e9s de la Agencia de Obra P\u00fablica (AOPJA), ha firmado un convenio de colaboraci\u00f3n con la Delegaci\u00f3n del Gobierno de la Junta de Andaluc\u00eda en Granada para la integraci\u00f3n de los servicios de urgencias del metropolitano de Granada en el Sistema Emergencias 112 Andaluc\u00eda de \u00e1mbito territorial y","twitter:image":"https:\/\/www.eldigitaldeasturias.com\/noticias\/wp-content\/uploads\/2026\/06\/Contenidos.jpg","twitter:label1":"Escrito por","twitter:data1":"El Digital de Asturias","twitter:label2":"Tiempo de lectura estimado","twitter:data2":"2 minutos"},"aioseo_meta_data":{"post_id":"948459","title":null,"description":null,"keywords":null,"keyphrases":null,"primary_term":null,"canonical_url":null,"og_title":null,"og_description":null,"og_object_type":"default","og_image_type":"default","og_image_url":null,"og_image_width":null,"og_image_height":null,"og_image_custom_url":null,"og_image_custom_fields":null,"og_video":null,"og_custom_url":null,"og_article_section":null,"og_article_tags":null,"twitter_use_og":false,"twitter_card":"default","twitter_image_type":"default","twitter_image_url":null,"twitter_image_custom_url":null,"twitter_image_custom_fields":null,"twitter_title":null,"twitter_description":null,"schema":{"blockGraphs":[],"customGraphs":[],"default":{"data":{"Article":[],"Course":[],"Dataset":[],"FAQPage":[],"Movie":[],"Person":[],"Product":[],"ProductReview":[],"Car":[],"Recipe":[],"Service":[],"SoftwareApplication":[],"WebPage":[]},"graphName":"","isEnabled":true},"graphs":[],"defaultGraph":"","defaultPostTypeGraph":""},"schema_type":null,"schema_type_options":null,"pillar_content":false,"robots_default":true,"robots_noindex":false,"robots_noarchive":false,"robots_nosnippet":false,"robots_nofollow":false,"robots_noimageindex":false,"robots_noodp":false,"robots_notranslate":false,"robots_max_snippet":null,"robots_max_videopreview":null,"robots_max_imagepreview":"large","priority":null,"frequency":null,"local_seo":null,"seo_analyzer_scan_date":"2025-12-05 08:44:09","breadcrumb_settings":null,"limit_modified_date":false,"open_ai":null,"ai":null,"created":"2020-12-21 13:04:37","updated":"2025-12-05 08:44:09","focus_keyword":null,"additional_keywords":null,"truseo_locale":null},"aioseo_breadcrumb":"<div class=\"aioseo-breadcrumbs\"><span class=\"aioseo-breadcrumb\">\n\t<a href=\"https:\/\/www.eldigitaldeasturias.com\/noticias\" title=\"Home\">Home<\/a>\n<\/span><span class=\"aioseo-breadcrumb-separator\">\u2013<\/span><span class=\"aioseo-breadcrumb\">\n\t<a href=\"https:\/\/www.eldigitaldeasturias.com\/noticias\/category\/actualidad\/\" title=\"Actualidad\">Actualidad<\/a>\n<\/span><span class=\"aioseo-breadcrumb-separator\">\u2013<\/span><span class=\"aioseo-breadcrumb\">\n\t<a href=\"https:\/\/www.eldigitaldeasturias.com\/noticias\/el-metro-de-granada-se-integra-en-el-sistema-de-emergencias-112-andalucia\/\" title=\"El Metro de Granada se integra en el sistema de emergencias 112 Andaluc\u00eda\">El Metro de Granada se integra en el sistema de emergencias 112 Andaluc\u00eda<\/a>\n<\/span><\/div>","aioseo_breadcrumb_json":[{"label":"Home","link":"https:\/\/www.eldigitaldeasturias.com\/noticias"},{"label":"Actualidad","link":"https:\/\/www.eldigitaldeasturias.com\/noticias\/category\/actualidad\/"},{"label":"El Metro de Granada se integra en el sistema de emergencias 112 Andaluc\u00eda","link":"https:\/\/www.eldigitaldeasturias.com\/noticias\/el-metro-de-granada-se-integra-en-el-sistema-de-emergencias-112-andalucia\/"}],"_links":{"self":[{"href":"https:\/\/www.eldigitaldeasturias.com\/noticias\/wp-json\/wp\/v2\/posts\/948459","targetHints":{"allow":["GET"]}}],"collection":[{"href":"https:\/\/www.eldigitaldeasturias.com\/noticias\/wp-json\/wp\/v2\/posts"}],"about":[{"href":"https:\/\/www.eldigitaldeasturias.com\/noticias\/wp-json\/wp\/v2\/types\/post"}],"author":[{"embeddable":true,"href":"https:\/\/www.eldigitaldeasturias.com\/noticias\/wp-json\/wp\/v2\/users\/1"}],"replies":[{"embeddable":true,"href":"https:\/\/www.eldigitaldeasturias.com\/noticias\/wp-json\/wp\/v2\/comments?post=948459"}],"version-history":[{"count":0,"href":"https:\/\/www.eldigitaldeasturias.com\/noticias\/wp-json\/wp\/v2\/posts\/948459\/revisions"}],"wp:featuredmedia":[{"embeddable":true,"href":"https:\/\/www.eldigitaldeasturias.com\/noticias\/wp-json\/wp\/v2\/media\/1132184"}],"wp:attachment":[{"href":"https:\/\/www.eldigitaldeasturias.com\/noticias\/wp-json\/wp\/v2\/media?parent=948459"}],"wp:term":[{"taxonomy":"category","embeddable":true,"href":"https:\/\/www.eldigitaldeasturias.com\/noticias\/wp-json\/wp\/v2\/categories?post=948459"},{"taxonomy":"post_tag","embeddable":true,"href":"https:\/\/www.eldigitaldeasturias.com\/noticias\/wp-json\/wp\/v2\/tags?post=948459"}],"curies":[{"name":"wp","href":"https:\/\/api.w.org\/{rel}","templated":true}]}}