{"id":948457,"date":"2017-08-02T14:22:25","date_gmt":"2017-08-02T14:22:25","guid":{"rendered":"http:\/\/www.eldigitaldeasturias.com\/noticias\/?p=948457"},"modified":"2017-08-02T14:22:25","modified_gmt":"2017-08-02T14:22:25","slug":"autorizada-la-contratacion-del-servicio-de-limpieza-de-los-centros-sanitarios-del-sas-en-jaen","status":"publish","type":"post","link":"https:\/\/www.eldigitaldeasturias.com\/noticias\/autorizada-la-contratacion-del-servicio-de-limpieza-de-los-centros-sanitarios-del-sas-en-jaen\/","title":{"rendered":"Autorizada la contrataci\u00f3n del servicio de limpieza de los centros sanitarios del SAS en Ja\u00e9n"},"content":{"rendered":"<p>El Consejo de Gobierno ha autorizado la contrataci\u00f3n unificada de los servicios de limpieza en los centros del Servicio Andaluz de Salud (SAS) integrados en la Plataforma Log\u00edstica Sanitaria de la provincia de Ja\u00e9n, por un importe de 20,97 millones de euros para un periodo de dos a\u00f1os prorrogable por otros dos.<\/p>\n<p>El contrato sustituir\u00e1 al suscrito en 2013, que ahora vence, y garantiza tanto los requisitos de calidad como las adecuadas condiciones sociales de los trabajadores de la empresa adjudicataria. Afecta a m\u00e1s de un centenar de centros del SAS en la provincia correspondientes al Complejo Hospitalario de Ja\u00e9n, el Centro de \u00c1rea de Transfusiones Sangu\u00edneas, el \u00c1rea de Gesti\u00f3n Sanitaria Norte de Ja\u00e9n y los distritos de Atenci\u00f3n Primaria de Ja\u00e9n y Ja\u00e9n Sur. Sus instalaciones y edificios suman una superficie de m\u00e1s de 212.000 metros cuadrados.<\/p>\n<p>Adem\u00e1s de la gesti\u00f3n de la limpieza interior y exterior, la adjudicaci\u00f3n incluye otras actividades como la recogida de residuos especiales, el suministro del material de higiene consumible en aseos y cuartos de ba\u00f1o o la recogida de ropa sucia.<\/p>\n<p>Durante los \u00faltimos a\u00f1os, y de forma generalizada desde 2011, el SAS desarrolla un sistema provincial de contrataciones unificadas que mejora la eficiencia en el uso de los recursos presupuestarios y los precios y condiciones generales, homogeneiza los servicios prestados, garantiza los niveles de calidad, reduce los procedimientos administrativos y agiliza la resoluci\u00f3n de incidencias al tener que reclamar a un \u00fanico adjudicatario.<\/p>\n","protected":false},"excerpt":{"rendered":"<p>El Consejo de Gobierno ha autorizado la contrataci\u00f3n unificada de los servicios de limpieza en los centros del Servicio Andaluz de Salud (SAS) integrados en la Plataforma Log\u00edstica Sanitaria de la provincia de Ja\u00e9n, por un importe de 20,97 millones de euros para un periodo de dos a\u00f1os prorrogable por otros dos. El contrato sustituir\u00e1 [&hellip;]<\/p>\n","protected":false},"author":1,"featured_media":780683,"comment_status":"closed","ping_status":"closed","sticky":false,"template":"","format":"standard","meta":{"footnotes":""},"categories":[1],"tags":[],"class_list":["post-948457","post","type-post","status-publish","format-standard","has-post-thumbnail","hentry","category-actualidad"],"aioseo_notices":[],"aioseo_head":"\n\t\t<!-- All in One SEO Pro 5.0.1 - aioseo.com -->\n\t<meta name=\"description\" content=\"El Consejo de Gobierno ha autorizado la contrataci\u00f3n unificada de los servicios de limpieza en los centros del Servicio Andaluz de Salud (SAS) integrados en la Plataforma Log\u00edstica Sanitaria de la provincia de Ja\u00e9n, por un importe de 20,97 millones de euros para un periodo de dos a\u00f1os prorrogable por otros dos. El contrato sustituir\u00e1\" \/>\n\t<meta name=\"robots\" content=\"max-image-preview:large\" \/>\n\t<meta name=\"author\" content=\"El Digital de Asturias\"\/>\n\t<meta name=\"google-site-verification\" content=\"UA-38556648-1\" \/>\n\t<meta name=\"msvalidate.01\" content=\"7dfe9f3f1b24437ab69f4f2559babe99\" \/>\n\t<meta name=\"keywords\" content=\"actualidad\" \/>\n\t<link rel=\"canonical\" href=\"https:\/\/www.eldigitaldeasturias.com\/noticias\/autorizada-la-contratacion-del-servicio-de-limpieza-de-los-centros-sanitarios-del-sas-en-jaen\/\" \/>\n\t<meta name=\"generator\" content=\"All in One SEO Pro (AIOSEO) 5.0.1\" \/>\n\t\t<meta property=\"og:locale\" content=\"es_ES\" \/>\n\t\t<meta property=\"og:site_name\" content=\"El Digital de Asturias\" \/>\n\t\t<meta property=\"og:type\" content=\"article\" \/>\n\t\t<meta property=\"og:title\" content=\"Autorizada la contrataci\u00f3n del servicio de limpieza de los centros sanitarios del SAS en Ja\u00e9n - El Digital de Asturias\" \/>\n\t\t<meta property=\"og:description\" content=\"El Consejo de Gobierno ha autorizado la contrataci\u00f3n unificada de los servicios de limpieza en los centros del Servicio Andaluz de Salud (SAS) integrados en la Plataforma Log\u00edstica Sanitaria de la provincia de Ja\u00e9n, por un importe de 20,97 millones de euros para un periodo de dos a\u00f1os prorrogable por otros dos. El contrato sustituir\u00e1\" \/>\n\t\t<meta property=\"og:url\" content=\"https:\/\/www.eldigitaldeasturias.com\/noticias\/autorizada-la-contratacion-del-servicio-de-limpieza-de-los-centros-sanitarios-del-sas-en-jaen\/\" \/>\n\t\t<meta property=\"article:tag\" content=\"actualidad\" \/>\n\t\t<meta property=\"article:published_time\" content=\"2017-08-02T14:22:25+00:00\" \/>\n\t\t<meta property=\"article:modified_time\" content=\"2017-08-02T14:22:25+00:00\" \/>\n\t\t<meta property=\"article:publisher\" content=\"https:\/\/facebook.com\/eldigitaldeasturias\" \/>\n\t\t<meta name=\"twitter:card\" content=\"summary_large_image\" \/>\n\t\t<meta name=\"twitter:title\" content=\"Autorizada la contrataci\u00f3n del servicio de limpieza de los centros sanitarios del SAS en Ja\u00e9n - El Digital de Asturias\" \/>\n\t\t<meta name=\"twitter:description\" content=\"El Consejo de Gobierno ha autorizado la contrataci\u00f3n unificada de los servicios de limpieza en los centros del Servicio Andaluz de Salud (SAS) integrados en la Plataforma Log\u00edstica Sanitaria de la provincia de Ja\u00e9n, por un importe de 20,97 millones de euros para un periodo de dos a\u00f1os prorrogable por otros dos. El contrato sustituir\u00e1\" \/>\n\t\t<meta name=\"twitter:image\" content=\"https:\/\/www.eldigitaldeasturias.com\/noticias\/wp-content\/uploads\/2020\/12\/EDA-1.jpg\" \/>\n\t\t<meta name=\"twitter:label1\" content=\"Escrito por\" \/>\n\t\t<meta name=\"twitter:data1\" content=\"El Digital de Asturias\" \/>\n\t\t<meta name=\"twitter:label2\" content=\"Tiempo de lectura estimado\" \/>\n\t\t<meta name=\"twitter:data2\" content=\"1 minuto\" \/>\n\t\t<script type=\"application\/ld+json\" class=\"aioseo-schema\">\n\t\t\t{\"@context\":\"https:\\\/\\\/schema.org\",\"@graph\":[{\"@type\":\"BlogPosting\",\"@id\":\"https:\\\/\\\/www.eldigitaldeasturias.com\\\/noticias\\\/autorizada-la-contratacion-del-servicio-de-limpieza-de-los-centros-sanitarios-del-sas-en-jaen\\\/#blogposting\",\"name\":\"Autorizada la contrataci\\u00f3n del servicio de limpieza de los centros sanitarios del SAS en Ja\\u00e9n - El Digital de Asturias\",\"headline\":\"Autorizada la contrataci\\u00f3n del servicio de limpieza de los centros sanitarios del SAS en Ja\\u00e9n\",\"author\":{\"@id\":\"https:\\\/\\\/www.eldigitaldeasturias.com\\\/noticias\\\/author\\\/admin\\\/#author\"},\"publisher\":{\"@id\":\"https:\\\/\\\/www.eldigitaldeasturias.com\\\/noticias\\\/#organization\"},\"image\":{\"@type\":\"ImageObject\",\"url\":780683},\"datePublished\":\"2017-08-02T14:22:25+02:00\",\"dateModified\":\"2017-08-02T14:22:25+02:00\",\"inLanguage\":\"es-ES\",\"mainEntityOfPage\":{\"@id\":\"https:\\\/\\\/www.eldigitaldeasturias.com\\\/noticias\\\/autorizada-la-contratacion-del-servicio-de-limpieza-de-los-centros-sanitarios-del-sas-en-jaen\\\/#webpage\"},\"isPartOf\":{\"@id\":\"https:\\\/\\\/www.eldigitaldeasturias.com\\\/noticias\\\/autorizada-la-contratacion-del-servicio-de-limpieza-de-los-centros-sanitarios-del-sas-en-jaen\\\/#webpage\"},\"articleSection\":\"Actualidad\"},{\"@type\":\"BreadcrumbList\",\"@id\":\"https:\\\/\\\/www.eldigitaldeasturias.com\\\/noticias\\\/autorizada-la-contratacion-del-servicio-de-limpieza-de-los-centros-sanitarios-del-sas-en-jaen\\\/#breadcrumblist\",\"itemListElement\":[{\"@type\":\"ListItem\",\"@id\":\"https:\\\/\\\/www.eldigitaldeasturias.com\\\/noticias#listItem\",\"position\":1,\"name\":\"Home\",\"item\":\"https:\\\/\\\/www.eldigitaldeasturias.com\\\/noticias\",\"nextItem\":{\"@type\":\"ListItem\",\"@id\":\"https:\\\/\\\/www.eldigitaldeasturias.com\\\/noticias\\\/category\\\/actualidad\\\/#listItem\",\"name\":\"Actualidad\"}},{\"@type\":\"ListItem\",\"@id\":\"https:\\\/\\\/www.eldigitaldeasturias.com\\\/noticias\\\/category\\\/actualidad\\\/#listItem\",\"position\":2,\"name\":\"Actualidad\",\"item\":\"https:\\\/\\\/www.eldigitaldeasturias.com\\\/noticias\\\/category\\\/actualidad\\\/\",\"nextItem\":{\"@type\":\"ListItem\",\"@id\":\"https:\\\/\\\/www.eldigitaldeasturias.com\\\/noticias\\\/autorizada-la-contratacion-del-servicio-de-limpieza-de-los-centros-sanitarios-del-sas-en-jaen\\\/#listItem\",\"name\":\"Autorizada la contrataci\\u00f3n del servicio de limpieza de los centros sanitarios del SAS en Ja\\u00e9n\"},\"previousItem\":{\"@type\":\"ListItem\",\"@id\":\"https:\\\/\\\/www.eldigitaldeasturias.com\\\/noticias#listItem\",\"name\":\"Home\"}},{\"@type\":\"ListItem\",\"@id\":\"https:\\\/\\\/www.eldigitaldeasturias.com\\\/noticias\\\/autorizada-la-contratacion-del-servicio-de-limpieza-de-los-centros-sanitarios-del-sas-en-jaen\\\/#listItem\",\"position\":3,\"name\":\"Autorizada la contrataci\\u00f3n del servicio de limpieza de los centros sanitarios del SAS en Ja\\u00e9n\",\"previousItem\":{\"@type\":\"ListItem\",\"@id\":\"https:\\\/\\\/www.eldigitaldeasturias.com\\\/noticias\\\/category\\\/actualidad\\\/#listItem\",\"name\":\"Actualidad\"}}]},{\"@type\":\"Organization\",\"@id\":\"https:\\\/\\\/www.eldigitaldeasturias.com\\\/noticias\\\/#organization\",\"name\":\"El Digital de Asturias\",\"description\":\"Hemeroteca\",\"url\":\"https:\\\/\\\/www.eldigitaldeasturias.com\\\/noticias\\\/\",\"email\":\"info@eldigitaldeasturias.com\",\"telephone\":\"+34652131393\",\"logo\":{\"@type\":\"ImageObject\",\"url\":\"https:\\\/\\\/www.eldigitaldeasturias.com\\\/noticias\\\/wp-content\\\/uploads\\\/2020\\\/12\\\/EDA.jpg\",\"@id\":\"https:\\\/\\\/www.eldigitaldeasturias.com\\\/noticias\\\/autorizada-la-contratacion-del-servicio-de-limpieza-de-los-centros-sanitarios-del-sas-en-jaen\\\/#organizationLogo\"},\"image\":{\"@id\":\"https:\\\/\\\/www.eldigitaldeasturias.com\\\/noticias\\\/autorizada-la-contratacion-del-servicio-de-limpieza-de-los-centros-sanitarios-del-sas-en-jaen\\\/#organizationLogo\"},\"sameAs\":[\"https:\\\/\\\/facebook.com\\\/eldigitaldeasturias\",\"https:\\\/\\\/www.youtube.com\\\/channel\\\/UCZP-2wLEB9Rv6erhFmqVnvg\"],\"address\":{\"@id\":\"https:\\\/\\\/www.eldigitaldeasturias.com\\\/noticias\\\/#postaladdress\",\"@type\":\"PostalAddress\",\"streetAddress\":\"san antonio 4\",\"postalCode\":\"33430\",\"addressLocality\":\"Cand\\u00e1s\",\"addressRegion\":\"Asturias\",\"addressCountry\":\"ES\"}},{\"@type\":\"Person\",\"@id\":\"https:\\\/\\\/www.eldigitaldeasturias.com\\\/noticias\\\/author\\\/admin\\\/#author\",\"url\":\"https:\\\/\\\/www.eldigitaldeasturias.com\\\/noticias\\\/author\\\/admin\\\/\",\"name\":\"El Digital de Asturias\",\"image\":{\"@type\":\"ImageObject\",\"@id\":\"https:\\\/\\\/www.eldigitaldeasturias.com\\\/noticias\\\/autorizada-la-contratacion-del-servicio-de-limpieza-de-los-centros-sanitarios-del-sas-en-jaen\\\/#authorImage\",\"url\":\"https:\\\/\\\/secure.gravatar.com\\\/avatar\\\/df2aeffc32bcd13f8d26072ef8a91b623d677766deac7f97ca815868cd41bf5e?s=96&d=mm&r=g\",\"width\":96,\"height\":96,\"caption\":\"El Digital de Asturias\"}},{\"@type\":\"WebPage\",\"@id\":\"https:\\\/\\\/www.eldigitaldeasturias.com\\\/noticias\\\/autorizada-la-contratacion-del-servicio-de-limpieza-de-los-centros-sanitarios-del-sas-en-jaen\\\/#webpage\",\"url\":\"https:\\\/\\\/www.eldigitaldeasturias.com\\\/noticias\\\/autorizada-la-contratacion-del-servicio-de-limpieza-de-los-centros-sanitarios-del-sas-en-jaen\\\/\",\"name\":\"Autorizada la contrataci\\u00f3n del servicio de limpieza de los centros sanitarios del SAS en Ja\\u00e9n - El Digital de Asturias\",\"description\":\"El Consejo de Gobierno ha autorizado la contrataci\\u00f3n unificada de los servicios de limpieza en los centros del Servicio Andaluz de Salud (SAS) integrados en la Plataforma Log\\u00edstica Sanitaria de la provincia de Ja\\u00e9n, por un importe de 20,97 millones de euros para un periodo de dos a\\u00f1os prorrogable por otros dos. El contrato sustituir\\u00e1\",\"inLanguage\":\"es-ES\",\"isPartOf\":{\"@id\":\"https:\\\/\\\/www.eldigitaldeasturias.com\\\/noticias\\\/#website\"},\"breadcrumb\":{\"@id\":\"https:\\\/\\\/www.eldigitaldeasturias.com\\\/noticias\\\/autorizada-la-contratacion-del-servicio-de-limpieza-de-los-centros-sanitarios-del-sas-en-jaen\\\/#breadcrumblist\"},\"author\":{\"@id\":\"https:\\\/\\\/www.eldigitaldeasturias.com\\\/noticias\\\/author\\\/admin\\\/#author\"},\"creator\":{\"@id\":\"https:\\\/\\\/www.eldigitaldeasturias.com\\\/noticias\\\/author\\\/admin\\\/#author\"},\"image\":{\"@type\":\"ImageObject\",\"url\":780683,\"@id\":\"https:\\\/\\\/www.eldigitaldeasturias.com\\\/noticias\\\/autorizada-la-contratacion-del-servicio-de-limpieza-de-los-centros-sanitarios-del-sas-en-jaen\\\/#mainImage\"},\"primaryImageOfPage\":{\"@id\":\"https:\\\/\\\/www.eldigitaldeasturias.com\\\/noticias\\\/autorizada-la-contratacion-del-servicio-de-limpieza-de-los-centros-sanitarios-del-sas-en-jaen\\\/#mainImage\"},\"datePublished\":\"2017-08-02T14:22:25+02:00\",\"dateModified\":\"2017-08-02T14:22:25+02:00\"},{\"@type\":\"WebSite\",\"@id\":\"https:\\\/\\\/www.eldigitaldeasturias.com\\\/noticias\\\/#website\",\"url\":\"https:\\\/\\\/www.eldigitaldeasturias.com\\\/noticias\\\/\",\"name\":\"El Digital de Asturias - Diario de actualidad y noticias\",\"alternateName\":\"El Digital de Asturias - Diario de actualidad y noticias\",\"description\":\"Hemeroteca\",\"inLanguage\":\"es-ES\",\"publisher\":{\"@id\":\"https:\\\/\\\/www.eldigitaldeasturias.com\\\/noticias\\\/#organization\"}}]}\n\t\t<\/script>\n\t\t<!-- All in One SEO Pro -->\r\n\t\t<title>Autorizada la contrataci\u00f3n del servicio de limpieza de los centros sanitarios del SAS en Ja\u00e9n - El Digital de Asturias<\/title>\n\n","aioseo_head_json":{"title":"Autorizada la contrataci\u00f3n del servicio de limpieza de los centros sanitarios del SAS en Ja\u00e9n - El Digital de Asturias","description":"El Consejo de Gobierno ha autorizado la contrataci\u00f3n unificada de los servicios de limpieza en los centros del Servicio Andaluz de Salud (SAS) integrados en la Plataforma Log\u00edstica Sanitaria de la provincia de Ja\u00e9n, por un importe de 20,97 millones de euros para un periodo de dos a\u00f1os prorrogable por otros dos. El contrato sustituir\u00e1","canonical_url":"https:\/\/www.eldigitaldeasturias.com\/noticias\/autorizada-la-contratacion-del-servicio-de-limpieza-de-los-centros-sanitarios-del-sas-en-jaen\/","robots":"max-image-preview:large","keywords":"actualidad","webmasterTools":{"google-site-verification":"UA-38556648-1","msvalidate.01":"7dfe9f3f1b24437ab69f4f2559babe99","miscellaneous":""},"schema":{"@context":"https:\/\/schema.org","@graph":[{"@type":"BlogPosting","@id":"https:\/\/www.eldigitaldeasturias.com\/noticias\/autorizada-la-contratacion-del-servicio-de-limpieza-de-los-centros-sanitarios-del-sas-en-jaen\/#blogposting","name":"Autorizada la contrataci\u00f3n del servicio de limpieza de los centros sanitarios del SAS en Ja\u00e9n - El Digital de Asturias","headline":"Autorizada la contrataci\u00f3n del servicio de limpieza de los centros sanitarios del SAS en Ja\u00e9n","author":{"@id":"https:\/\/www.eldigitaldeasturias.com\/noticias\/author\/admin\/#author"},"publisher":{"@id":"https:\/\/www.eldigitaldeasturias.com\/noticias\/#organization"},"image":{"@type":"ImageObject","url":780683},"datePublished":"2017-08-02T14:22:25+02:00","dateModified":"2017-08-02T14:22:25+02:00","inLanguage":"es-ES","mainEntityOfPage":{"@id":"https:\/\/www.eldigitaldeasturias.com\/noticias\/autorizada-la-contratacion-del-servicio-de-limpieza-de-los-centros-sanitarios-del-sas-en-jaen\/#webpage"},"isPartOf":{"@id":"https:\/\/www.eldigitaldeasturias.com\/noticias\/autorizada-la-contratacion-del-servicio-de-limpieza-de-los-centros-sanitarios-del-sas-en-jaen\/#webpage"},"articleSection":"Actualidad"},{"@type":"BreadcrumbList","@id":"https:\/\/www.eldigitaldeasturias.com\/noticias\/autorizada-la-contratacion-del-servicio-de-limpieza-de-los-centros-sanitarios-del-sas-en-jaen\/#breadcrumblist","itemListElement":[{"@type":"ListItem","@id":"https:\/\/www.eldigitaldeasturias.com\/noticias#listItem","position":1,"name":"Home","item":"https:\/\/www.eldigitaldeasturias.com\/noticias","nextItem":{"@type":"ListItem","@id":"https:\/\/www.eldigitaldeasturias.com\/noticias\/category\/actualidad\/#listItem","name":"Actualidad"}},{"@type":"ListItem","@id":"https:\/\/www.eldigitaldeasturias.com\/noticias\/category\/actualidad\/#listItem","position":2,"name":"Actualidad","item":"https:\/\/www.eldigitaldeasturias.com\/noticias\/category\/actualidad\/","nextItem":{"@type":"ListItem","@id":"https:\/\/www.eldigitaldeasturias.com\/noticias\/autorizada-la-contratacion-del-servicio-de-limpieza-de-los-centros-sanitarios-del-sas-en-jaen\/#listItem","name":"Autorizada la contrataci\u00f3n del servicio de limpieza de los centros sanitarios del SAS en Ja\u00e9n"},"previousItem":{"@type":"ListItem","@id":"https:\/\/www.eldigitaldeasturias.com\/noticias#listItem","name":"Home"}},{"@type":"ListItem","@id":"https:\/\/www.eldigitaldeasturias.com\/noticias\/autorizada-la-contratacion-del-servicio-de-limpieza-de-los-centros-sanitarios-del-sas-en-jaen\/#listItem","position":3,"name":"Autorizada la contrataci\u00f3n del servicio de limpieza de los centros sanitarios del SAS en Ja\u00e9n","previousItem":{"@type":"ListItem","@id":"https:\/\/www.eldigitaldeasturias.com\/noticias\/category\/actualidad\/#listItem","name":"Actualidad"}}]},{"@type":"Organization","@id":"https:\/\/www.eldigitaldeasturias.com\/noticias\/#organization","name":"El Digital de Asturias","description":"Hemeroteca","url":"https:\/\/www.eldigitaldeasturias.com\/noticias\/","email":"info@eldigitaldeasturias.com","telephone":"+34652131393","logo":{"@type":"ImageObject","url":"https:\/\/www.eldigitaldeasturias.com\/noticias\/wp-content\/uploads\/2020\/12\/EDA.jpg","@id":"https:\/\/www.eldigitaldeasturias.com\/noticias\/autorizada-la-contratacion-del-servicio-de-limpieza-de-los-centros-sanitarios-del-sas-en-jaen\/#organizationLogo"},"image":{"@id":"https:\/\/www.eldigitaldeasturias.com\/noticias\/autorizada-la-contratacion-del-servicio-de-limpieza-de-los-centros-sanitarios-del-sas-en-jaen\/#organizationLogo"},"sameAs":["https:\/\/facebook.com\/eldigitaldeasturias","https:\/\/www.youtube.com\/channel\/UCZP-2wLEB9Rv6erhFmqVnvg"],"address":{"@id":"https:\/\/www.eldigitaldeasturias.com\/noticias\/#postaladdress","@type":"PostalAddress","streetAddress":"san antonio 4","postalCode":"33430","addressLocality":"Cand\u00e1s","addressRegion":"Asturias","addressCountry":"ES"}},{"@type":"Person","@id":"https:\/\/www.eldigitaldeasturias.com\/noticias\/author\/admin\/#author","url":"https:\/\/www.eldigitaldeasturias.com\/noticias\/author\/admin\/","name":"El Digital de Asturias","image":{"@type":"ImageObject","@id":"https:\/\/www.eldigitaldeasturias.com\/noticias\/autorizada-la-contratacion-del-servicio-de-limpieza-de-los-centros-sanitarios-del-sas-en-jaen\/#authorImage","url":"https:\/\/secure.gravatar.com\/avatar\/df2aeffc32bcd13f8d26072ef8a91b623d677766deac7f97ca815868cd41bf5e?s=96&d=mm&r=g","width":96,"height":96,"caption":"El Digital de Asturias"}},{"@type":"WebPage","@id":"https:\/\/www.eldigitaldeasturias.com\/noticias\/autorizada-la-contratacion-del-servicio-de-limpieza-de-los-centros-sanitarios-del-sas-en-jaen\/#webpage","url":"https:\/\/www.eldigitaldeasturias.com\/noticias\/autorizada-la-contratacion-del-servicio-de-limpieza-de-los-centros-sanitarios-del-sas-en-jaen\/","name":"Autorizada la contrataci\u00f3n del servicio de limpieza de los centros sanitarios del SAS en Ja\u00e9n - El Digital de Asturias","description":"El Consejo de Gobierno ha autorizado la contrataci\u00f3n unificada de los servicios de limpieza en los centros del Servicio Andaluz de Salud (SAS) integrados en la Plataforma Log\u00edstica Sanitaria de la provincia de Ja\u00e9n, por un importe de 20,97 millones de euros para un periodo de dos a\u00f1os prorrogable por otros dos. El contrato sustituir\u00e1","inLanguage":"es-ES","isPartOf":{"@id":"https:\/\/www.eldigitaldeasturias.com\/noticias\/#website"},"breadcrumb":{"@id":"https:\/\/www.eldigitaldeasturias.com\/noticias\/autorizada-la-contratacion-del-servicio-de-limpieza-de-los-centros-sanitarios-del-sas-en-jaen\/#breadcrumblist"},"author":{"@id":"https:\/\/www.eldigitaldeasturias.com\/noticias\/author\/admin\/#author"},"creator":{"@id":"https:\/\/www.eldigitaldeasturias.com\/noticias\/author\/admin\/#author"},"image":{"@type":"ImageObject","url":780683,"@id":"https:\/\/www.eldigitaldeasturias.com\/noticias\/autorizada-la-contratacion-del-servicio-de-limpieza-de-los-centros-sanitarios-del-sas-en-jaen\/#mainImage"},"primaryImageOfPage":{"@id":"https:\/\/www.eldigitaldeasturias.com\/noticias\/autorizada-la-contratacion-del-servicio-de-limpieza-de-los-centros-sanitarios-del-sas-en-jaen\/#mainImage"},"datePublished":"2017-08-02T14:22:25+02:00","dateModified":"2017-08-02T14:22:25+02:00"},{"@type":"WebSite","@id":"https:\/\/www.eldigitaldeasturias.com\/noticias\/#website","url":"https:\/\/www.eldigitaldeasturias.com\/noticias\/","name":"El Digital de Asturias - Diario de actualidad y noticias","alternateName":"El Digital de Asturias - Diario de actualidad y noticias","description":"Hemeroteca","inLanguage":"es-ES","publisher":{"@id":"https:\/\/www.eldigitaldeasturias.com\/noticias\/#organization"}}]},"og:locale":"es_ES","og:site_name":"El Digital de Asturias","og:type":"article","og:title":"Autorizada la contrataci\u00f3n del servicio de limpieza de los centros sanitarios del SAS en Ja\u00e9n - El Digital de Asturias","og:description":"El Consejo de Gobierno ha autorizado la contrataci\u00f3n unificada de los servicios de limpieza en los centros del Servicio Andaluz de Salud (SAS) integrados en la Plataforma Log\u00edstica Sanitaria de la provincia de Ja\u00e9n, por un importe de 20,97 millones de euros para un periodo de dos a\u00f1os prorrogable por otros dos. El contrato sustituir\u00e1","og:url":"https:\/\/www.eldigitaldeasturias.com\/noticias\/autorizada-la-contratacion-del-servicio-de-limpieza-de-los-centros-sanitarios-del-sas-en-jaen\/","article:tag":["actualidad"],"article:published_time":"2017-08-02T14:22:25+00:00","article:modified_time":"2017-08-02T14:22:25+00:00","article:publisher":"https:\/\/facebook.com\/eldigitaldeasturias","twitter:card":"summary_large_image","twitter:title":"Autorizada la contrataci\u00f3n del servicio de limpieza de los centros sanitarios del SAS en Ja\u00e9n - El Digital de Asturias","twitter:description":"El Consejo de Gobierno ha autorizado la contrataci\u00f3n unificada de los servicios de limpieza en los centros del Servicio Andaluz de Salud (SAS) integrados en la Plataforma Log\u00edstica Sanitaria de la provincia de Ja\u00e9n, por un importe de 20,97 millones de euros para un periodo de dos a\u00f1os prorrogable por otros dos. El contrato sustituir\u00e1","twitter:image":"https:\/\/www.eldigitaldeasturias.com\/noticias\/wp-content\/uploads\/2020\/12\/EDA-1.jpg","twitter:label1":"Escrito por","twitter:data1":"El Digital de Asturias","twitter:label2":"Tiempo de lectura estimado","twitter:data2":"1 minuto"},"aioseo_meta_data":{"post_id":"948457","title":null,"description":null,"keywords":null,"keyphrases":null,"primary_term":null,"canonical_url":null,"og_title":null,"og_description":null,"og_object_type":"default","og_image_type":"default","og_image_url":null,"og_image_width":null,"og_image_height":null,"og_image_custom_url":null,"og_image_custom_fields":null,"og_video":null,"og_custom_url":null,"og_article_section":null,"og_article_tags":null,"twitter_use_og":false,"twitter_card":"default","twitter_image_type":"default","twitter_image_url":null,"twitter_image_custom_url":null,"twitter_image_custom_fields":null,"twitter_title":null,"twitter_description":null,"schema":{"blockGraphs":[],"customGraphs":[],"default":{"data":{"Article":[],"Course":[],"Dataset":[],"FAQPage":[],"Movie":[],"Person":[],"Product":[],"ProductReview":[],"Car":[],"Recipe":[],"Service":[],"SoftwareApplication":[],"WebPage":[]},"graphName":"","isEnabled":true},"graphs":[],"defaultGraph":"","defaultPostTypeGraph":""},"schema_type":null,"schema_type_options":null,"pillar_content":false,"robots_default":true,"robots_noindex":false,"robots_noarchive":false,"robots_nosnippet":false,"robots_nofollow":false,"robots_noimageindex":false,"robots_noodp":false,"robots_notranslate":false,"robots_max_snippet":null,"robots_max_videopreview":null,"robots_max_imagepreview":"large","priority":null,"frequency":null,"local_seo":null,"seo_analyzer_scan_date":"2025-12-05 08:42:14","breadcrumb_settings":null,"limit_modified_date":false,"open_ai":null,"ai":null,"created":"2020-12-21 13:04:37","updated":"2025-12-05 08:42:14","focus_keyword":null,"additional_keywords":null,"truseo_locale":null},"aioseo_breadcrumb":"<div class=\"aioseo-breadcrumbs\"><span class=\"aioseo-breadcrumb\">\n\t<a href=\"https:\/\/www.eldigitaldeasturias.com\/noticias\" title=\"Home\">Home<\/a>\n<\/span><span class=\"aioseo-breadcrumb-separator\">\u2013<\/span><span class=\"aioseo-breadcrumb\">\n\t<a href=\"https:\/\/www.eldigitaldeasturias.com\/noticias\/category\/actualidad\/\" title=\"Actualidad\">Actualidad<\/a>\n<\/span><span class=\"aioseo-breadcrumb-separator\">\u2013<\/span><span class=\"aioseo-breadcrumb\">\n\t<a href=\"https:\/\/www.eldigitaldeasturias.com\/noticias\/autorizada-la-contratacion-del-servicio-de-limpieza-de-los-centros-sanitarios-del-sas-en-jaen\/\" title=\"Autorizada la contrataci\u00f3n del servicio de limpieza de los centros sanitarios del SAS en Ja\u00e9n\">Autorizada la contrataci\u00f3n del servicio de limpieza de los centros sanitarios del SAS en Ja\u00e9n<\/a>\n<\/span><\/div>","aioseo_breadcrumb_json":[{"label":"Home","link":"https:\/\/www.eldigitaldeasturias.com\/noticias"},{"label":"Actualidad","link":"https:\/\/www.eldigitaldeasturias.com\/noticias\/category\/actualidad\/"},{"label":"Autorizada la contrataci\u00f3n del servicio de limpieza de los centros sanitarios del SAS en Ja\u00e9n","link":"https:\/\/www.eldigitaldeasturias.com\/noticias\/autorizada-la-contratacion-del-servicio-de-limpieza-de-los-centros-sanitarios-del-sas-en-jaen\/"}],"_links":{"self":[{"href":"https:\/\/www.eldigitaldeasturias.com\/noticias\/wp-json\/wp\/v2\/posts\/948457","targetHints":{"allow":["GET"]}}],"collection":[{"href":"https:\/\/www.eldigitaldeasturias.com\/noticias\/wp-json\/wp\/v2\/posts"}],"about":[{"href":"https:\/\/www.eldigitaldeasturias.com\/noticias\/wp-json\/wp\/v2\/types\/post"}],"author":[{"embeddable":true,"href":"https:\/\/www.eldigitaldeasturias.com\/noticias\/wp-json\/wp\/v2\/users\/1"}],"replies":[{"embeddable":true,"href":"https:\/\/www.eldigitaldeasturias.com\/noticias\/wp-json\/wp\/v2\/comments?post=948457"}],"version-history":[{"count":0,"href":"https:\/\/www.eldigitaldeasturias.com\/noticias\/wp-json\/wp\/v2\/posts\/948457\/revisions"}],"wp:attachment":[{"href":"https:\/\/www.eldigitaldeasturias.com\/noticias\/wp-json\/wp\/v2\/media?parent=948457"}],"wp:term":[{"taxonomy":"category","embeddable":true,"href":"https:\/\/www.eldigitaldeasturias.com\/noticias\/wp-json\/wp\/v2\/categories?post=948457"},{"taxonomy":"post_tag","embeddable":true,"href":"https:\/\/www.eldigitaldeasturias.com\/noticias\/wp-json\/wp\/v2\/tags?post=948457"}],"curies":[{"name":"wp","href":"https:\/\/api.w.org\/{rel}","templated":true}]}}