{"id":948454,"date":"2017-08-02T14:20:57","date_gmt":"2017-08-02T14:20:57","guid":{"rendered":"http:\/\/www.eldigitaldeasturias.com\/noticias\/?p=948454"},"modified":"2017-08-02T14:20:57","modified_gmt":"2017-08-02T14:20:57","slug":"la-junta-delega-a-23-corporaciones-locales-de-cinco-provincias-la-competencia-de-atencion-infantil-temprana","status":"publish","type":"post","link":"https:\/\/www.eldigitaldeasturias.com\/noticias\/la-junta-delega-a-23-corporaciones-locales-de-cinco-provincias-la-competencia-de-atencion-infantil-temprana\/","title":{"rendered":"La Junta delega a 23 corporaciones locales de cinco provincias la competencia de atenci\u00f3n infantil temprana"},"content":{"rendered":"<p><img loading=\"lazy\" decoding=\"async\" class=\"alignleft size-medium wp-image-948455\" src=\"https:\/\/www.eldigitaldeasturias.com\/noticias\/wp-content\/uploads\/2017\/08\/1439363777031-360x239.jpg\" alt=\"\" width=\"360\" height=\"239\" \/>El Consejo de Gobierno ha acordado delegar la competencia de prestaci\u00f3n de atenci\u00f3n infantil temprana en 23 corporaciones locales de las provincias de C\u00f3rdoba, Huelva, Ja\u00e9n, M\u00e1laga y Sevilla, por un periodo de cinco a\u00f1os y una financiaci\u00f3n de partida de unos 3,06 millones de euros anuales a cargo de la Junta.<\/p>\n<p>La medida tiene car\u00e1cter excepcional y se adopta de acuerdo con la Ley de Autonom\u00eda Local ante la pr\u00f3xima finalizaci\u00f3n de los convenios entre la Administraci\u00f3n auton\u00f3mica y estas entidades, que con la nueva legislaci\u00f3n estatal de r\u00e9gimen jur\u00eddico del sector p\u00fablico no pueden ser prorrogados. Se garantiza as\u00ed la continuidad de un servicio del que se benefician m\u00e1s de 2.800 menores cada a\u00f1o.<\/p>\n<p>Las corporaciones locales incluidas en esta delegaci\u00f3n gestionan centros en Lucena, Montilla y Priego de C\u00f3rdoba, en la provincia de C\u00f3rdoba; Cartaya (Huelva); La Carolina, Linares, \u00dabeda y Villanueva del Arzobispo (Ja\u00e9n); Alhaur\u00edn el Grande, Antequera y V\u00e9lez-M\u00e1laga (M\u00e1laga), y Constantina, Dos Hermanas, Estepa, El Arahal, Lebrija, Los Palacios, Mor\u00f3n de la Frontera, Osuna, Paradas, Sanl\u00facar la Mayor y Tomares, en Sevilla.<\/p>\n<p>Andaluc\u00eda cuenta desde abril del pasado a\u00f1o con un decreto espec\u00edfico que refuerza las pol\u00edticas auton\u00f3micas en materia de atenci\u00f3n temprana a los menores de seis a\u00f1os. Su desarrollo ha permitido eliminar las listas de espera y aumentar el tiempo de las sesiones de 45 minutos a una hora, adem\u00e1s de garantizar un aumento progresivo de las partidas desde los 11,9 millones de euros en 2016 a los 34 previstos para 2019. En el presente ejercicio la dotaci\u00f3n presupuestaria es de 20,8 millones para financiar los contratos con entidades sociales y los convenios con ayuntamientos.<\/p>\n<p>La pol\u00edtica de la Junta en esta materia plantea un modelo integral que agrupa las actuaciones de los \u00e1mbitos sanitario, educativo y social, con el fin de favorecer el \u00f3ptimo desarrollo y autonom\u00eda personal de los menores con trastornos del desarrollo o riesgo de padecerlos, a trav\u00e9s de medidas de prevenci\u00f3n, detecci\u00f3n precoz, diagn\u00f3stico, tratamiento y participaci\u00f3n de familias y entorno social.<\/p>\n<p>El decreto andaluz de atenci\u00f3n temprana incorpora dos novedades no reguladas en otras comunidades: la creaci\u00f3n en el sistema sanitario p\u00fablico de unidades espec\u00edficas para la valoraci\u00f3n y el establecimiento de un tiempo m\u00e1ximo de respuesta de 30 d\u00edas para la misma.<\/p>\n<p>Respecto al primero de estos aspectos, actualmente est\u00e1n en funcionamiento las 11 unidades de Atenci\u00f3n Infantil Temprana (UAIT) que esta norma dispone para las ocho provincias andaluzas (dos en las de C\u00e1diz, M\u00e1laga y Sevilla). Formadas por profesionales de Pediatr\u00eda y Psicolog\u00eda, se encargan de valorar las necesidades de los menores sobre la base de un diagn\u00f3stico funcional que incluye el estudio de las familias y el entorno, as\u00ed como de garantizar la continuidad asistencial entre los equipos de Pediatr\u00eda de Atenci\u00f3n Primaria y de la red hospitalaria. Las UAIT son las responsables de decidir la idoneidad de la intervenci\u00f3n y, en su caso, de la derivaci\u00f3n a uno de los m\u00e1s de 180 centros de Atenci\u00f3n Infantil Temprana que funcionan en Andaluc\u00eda, donde 800 profesionales atienden a alrededor de 20.000 menores al a\u00f1o.<\/p>\n<p>&nbsp;<\/p>\n","protected":false},"excerpt":{"rendered":"<p>El Consejo de Gobierno ha acordado delegar la competencia de prestaci\u00f3n de atenci\u00f3n infantil temprana en 23 corporaciones locales de las provincias de C\u00f3rdoba, Huelva, Ja\u00e9n, M\u00e1laga y Sevilla, por un periodo de cinco a\u00f1os y una financiaci\u00f3n de partida de unos 3,06 millones de euros anuales a cargo de la Junta. La medida tiene [&hellip;]<\/p>\n","protected":false},"author":1,"featured_media":948455,"comment_status":"closed","ping_status":"closed","sticky":false,"template":"","format":"standard","meta":{"footnotes":""},"categories":[1],"tags":[],"class_list":["post-948454","post","type-post","status-publish","format-standard","has-post-thumbnail","hentry","category-actualidad"],"aioseo_notices":[],"aioseo_head":"\n\t\t<!-- All in One SEO Pro 5.0.1 - aioseo.com -->\n\t<meta name=\"description\" content=\"El Consejo de Gobierno ha acordado delegar la competencia de prestaci\u00f3n de atenci\u00f3n infantil temprana en 23 corporaciones locales de las provincias de C\u00f3rdoba, Huelva, Ja\u00e9n, M\u00e1laga y Sevilla, por un periodo de cinco a\u00f1os y una financiaci\u00f3n de partida de unos 3,06 millones de euros anuales a cargo de la Junta. La medida tiene\" \/>\n\t<meta name=\"robots\" content=\"max-image-preview:large\" \/>\n\t<meta name=\"author\" content=\"El Digital de Asturias\"\/>\n\t<meta name=\"google-site-verification\" content=\"UA-38556648-1\" \/>\n\t<meta name=\"msvalidate.01\" content=\"7dfe9f3f1b24437ab69f4f2559babe99\" \/>\n\t<meta name=\"keywords\" content=\"actualidad\" \/>\n\t<link rel=\"canonical\" href=\"https:\/\/www.eldigitaldeasturias.com\/noticias\/la-junta-delega-a-23-corporaciones-locales-de-cinco-provincias-la-competencia-de-atencion-infantil-temprana\/\" \/>\n\t<meta name=\"generator\" content=\"All in One SEO Pro (AIOSEO) 5.0.1\" \/>\n\t\t<meta property=\"og:locale\" content=\"es_ES\" \/>\n\t\t<meta property=\"og:site_name\" content=\"El Digital de Asturias\" \/>\n\t\t<meta property=\"og:type\" content=\"article\" \/>\n\t\t<meta property=\"og:title\" content=\"La Junta delega a 23 corporaciones locales de cinco provincias la competencia de atenci\u00f3n infantil temprana - El Digital de Asturias\" \/>\n\t\t<meta property=\"og:description\" content=\"El Consejo de Gobierno ha acordado delegar la competencia de prestaci\u00f3n de atenci\u00f3n infantil temprana en 23 corporaciones locales de las provincias de C\u00f3rdoba, Huelva, Ja\u00e9n, M\u00e1laga y Sevilla, por un periodo de cinco a\u00f1os y una financiaci\u00f3n de partida de unos 3,06 millones de euros anuales a cargo de la Junta. La medida tiene\" \/>\n\t\t<meta property=\"og:url\" content=\"https:\/\/www.eldigitaldeasturias.com\/noticias\/la-junta-delega-a-23-corporaciones-locales-de-cinco-provincias-la-competencia-de-atencion-infantil-temprana\/\" \/>\n\t\t<meta property=\"article:tag\" content=\"actualidad\" \/>\n\t\t<meta property=\"article:published_time\" content=\"2017-08-02T14:20:57+00:00\" \/>\n\t\t<meta property=\"article:modified_time\" content=\"2017-08-02T14:20:57+00:00\" \/>\n\t\t<meta property=\"article:publisher\" content=\"https:\/\/facebook.com\/eldigitaldeasturias\" \/>\n\t\t<meta name=\"twitter:card\" content=\"summary_large_image\" \/>\n\t\t<meta name=\"twitter:title\" content=\"La Junta delega a 23 corporaciones locales de cinco provincias la competencia de atenci\u00f3n infantil temprana - El Digital de Asturias\" \/>\n\t\t<meta name=\"twitter:description\" content=\"El Consejo de Gobierno ha acordado delegar la competencia de prestaci\u00f3n de atenci\u00f3n infantil temprana en 23 corporaciones locales de las provincias de C\u00f3rdoba, Huelva, Ja\u00e9n, M\u00e1laga y Sevilla, por un periodo de cinco a\u00f1os y una financiaci\u00f3n de partida de unos 3,06 millones de euros anuales a cargo de la Junta. La medida tiene\" \/>\n\t\t<meta name=\"twitter:image\" content=\"https:\/\/www.eldigitaldeasturias.com\/noticias\/wp-content\/uploads\/2020\/12\/EDA-1.jpg\" \/>\n\t\t<meta name=\"twitter:label1\" content=\"Escrito por\" \/>\n\t\t<meta name=\"twitter:data1\" content=\"El Digital de Asturias\" \/>\n\t\t<meta name=\"twitter:label2\" content=\"Tiempo de lectura estimado\" \/>\n\t\t<meta name=\"twitter:data2\" content=\"3 minutos\" \/>\n\t\t<script type=\"application\/ld+json\" class=\"aioseo-schema\">\n\t\t\t{\"@context\":\"https:\\\/\\\/schema.org\",\"@graph\":[{\"@type\":\"BlogPosting\",\"@id\":\"https:\\\/\\\/www.eldigitaldeasturias.com\\\/noticias\\\/la-junta-delega-a-23-corporaciones-locales-de-cinco-provincias-la-competencia-de-atencion-infantil-temprana\\\/#blogposting\",\"name\":\"La Junta delega a 23 corporaciones locales de cinco provincias la competencia de atenci\\u00f3n infantil temprana - El Digital de Asturias\",\"headline\":\"La Junta delega a 23 corporaciones locales de cinco provincias la competencia de atenci\\u00f3n infantil temprana\",\"author\":{\"@id\":\"https:\\\/\\\/www.eldigitaldeasturias.com\\\/noticias\\\/author\\\/admin\\\/#author\"},\"publisher\":{\"@id\":\"https:\\\/\\\/www.eldigitaldeasturias.com\\\/noticias\\\/#organization\"},\"image\":{\"@type\":\"ImageObject\",\"url\":948455},\"datePublished\":\"2017-08-02T14:20:57+02:00\",\"dateModified\":\"2017-08-02T14:20:57+02:00\",\"inLanguage\":\"es-ES\",\"mainEntityOfPage\":{\"@id\":\"https:\\\/\\\/www.eldigitaldeasturias.com\\\/noticias\\\/la-junta-delega-a-23-corporaciones-locales-de-cinco-provincias-la-competencia-de-atencion-infantil-temprana\\\/#webpage\"},\"isPartOf\":{\"@id\":\"https:\\\/\\\/www.eldigitaldeasturias.com\\\/noticias\\\/la-junta-delega-a-23-corporaciones-locales-de-cinco-provincias-la-competencia-de-atencion-infantil-temprana\\\/#webpage\"},\"articleSection\":\"Actualidad\"},{\"@type\":\"BreadcrumbList\",\"@id\":\"https:\\\/\\\/www.eldigitaldeasturias.com\\\/noticias\\\/la-junta-delega-a-23-corporaciones-locales-de-cinco-provincias-la-competencia-de-atencion-infantil-temprana\\\/#breadcrumblist\",\"itemListElement\":[{\"@type\":\"ListItem\",\"@id\":\"https:\\\/\\\/www.eldigitaldeasturias.com\\\/noticias#listItem\",\"position\":1,\"name\":\"Home\",\"item\":\"https:\\\/\\\/www.eldigitaldeasturias.com\\\/noticias\",\"nextItem\":{\"@type\":\"ListItem\",\"@id\":\"https:\\\/\\\/www.eldigitaldeasturias.com\\\/noticias\\\/category\\\/actualidad\\\/#listItem\",\"name\":\"Actualidad\"}},{\"@type\":\"ListItem\",\"@id\":\"https:\\\/\\\/www.eldigitaldeasturias.com\\\/noticias\\\/category\\\/actualidad\\\/#listItem\",\"position\":2,\"name\":\"Actualidad\",\"item\":\"https:\\\/\\\/www.eldigitaldeasturias.com\\\/noticias\\\/category\\\/actualidad\\\/\",\"nextItem\":{\"@type\":\"ListItem\",\"@id\":\"https:\\\/\\\/www.eldigitaldeasturias.com\\\/noticias\\\/la-junta-delega-a-23-corporaciones-locales-de-cinco-provincias-la-competencia-de-atencion-infantil-temprana\\\/#listItem\",\"name\":\"La Junta delega a 23 corporaciones locales de cinco provincias la competencia de atenci\\u00f3n infantil temprana\"},\"previousItem\":{\"@type\":\"ListItem\",\"@id\":\"https:\\\/\\\/www.eldigitaldeasturias.com\\\/noticias#listItem\",\"name\":\"Home\"}},{\"@type\":\"ListItem\",\"@id\":\"https:\\\/\\\/www.eldigitaldeasturias.com\\\/noticias\\\/la-junta-delega-a-23-corporaciones-locales-de-cinco-provincias-la-competencia-de-atencion-infantil-temprana\\\/#listItem\",\"position\":3,\"name\":\"La Junta delega a 23 corporaciones locales de cinco provincias la competencia de atenci\\u00f3n infantil temprana\",\"previousItem\":{\"@type\":\"ListItem\",\"@id\":\"https:\\\/\\\/www.eldigitaldeasturias.com\\\/noticias\\\/category\\\/actualidad\\\/#listItem\",\"name\":\"Actualidad\"}}]},{\"@type\":\"Organization\",\"@id\":\"https:\\\/\\\/www.eldigitaldeasturias.com\\\/noticias\\\/#organization\",\"name\":\"El Digital de Asturias\",\"description\":\"Hemeroteca\",\"url\":\"https:\\\/\\\/www.eldigitaldeasturias.com\\\/noticias\\\/\",\"email\":\"info@eldigitaldeasturias.com\",\"telephone\":\"+34652131393\",\"logo\":{\"@type\":\"ImageObject\",\"url\":\"https:\\\/\\\/www.eldigitaldeasturias.com\\\/noticias\\\/wp-content\\\/uploads\\\/2020\\\/12\\\/EDA.jpg\",\"@id\":\"https:\\\/\\\/www.eldigitaldeasturias.com\\\/noticias\\\/la-junta-delega-a-23-corporaciones-locales-de-cinco-provincias-la-competencia-de-atencion-infantil-temprana\\\/#organizationLogo\"},\"image\":{\"@id\":\"https:\\\/\\\/www.eldigitaldeasturias.com\\\/noticias\\\/la-junta-delega-a-23-corporaciones-locales-de-cinco-provincias-la-competencia-de-atencion-infantil-temprana\\\/#organizationLogo\"},\"sameAs\":[\"https:\\\/\\\/facebook.com\\\/eldigitaldeasturias\",\"https:\\\/\\\/www.youtube.com\\\/channel\\\/UCZP-2wLEB9Rv6erhFmqVnvg\"],\"address\":{\"@id\":\"https:\\\/\\\/www.eldigitaldeasturias.com\\\/noticias\\\/#postaladdress\",\"@type\":\"PostalAddress\",\"streetAddress\":\"san antonio 4\",\"postalCode\":\"33430\",\"addressLocality\":\"Cand\\u00e1s\",\"addressRegion\":\"Asturias\",\"addressCountry\":\"ES\"}},{\"@type\":\"Person\",\"@id\":\"https:\\\/\\\/www.eldigitaldeasturias.com\\\/noticias\\\/author\\\/admin\\\/#author\",\"url\":\"https:\\\/\\\/www.eldigitaldeasturias.com\\\/noticias\\\/author\\\/admin\\\/\",\"name\":\"El Digital de Asturias\",\"image\":{\"@type\":\"ImageObject\",\"@id\":\"https:\\\/\\\/www.eldigitaldeasturias.com\\\/noticias\\\/la-junta-delega-a-23-corporaciones-locales-de-cinco-provincias-la-competencia-de-atencion-infantil-temprana\\\/#authorImage\",\"url\":\"https:\\\/\\\/secure.gravatar.com\\\/avatar\\\/df2aeffc32bcd13f8d26072ef8a91b623d677766deac7f97ca815868cd41bf5e?s=96&d=mm&r=g\",\"width\":96,\"height\":96,\"caption\":\"El Digital de Asturias\"}},{\"@type\":\"WebPage\",\"@id\":\"https:\\\/\\\/www.eldigitaldeasturias.com\\\/noticias\\\/la-junta-delega-a-23-corporaciones-locales-de-cinco-provincias-la-competencia-de-atencion-infantil-temprana\\\/#webpage\",\"url\":\"https:\\\/\\\/www.eldigitaldeasturias.com\\\/noticias\\\/la-junta-delega-a-23-corporaciones-locales-de-cinco-provincias-la-competencia-de-atencion-infantil-temprana\\\/\",\"name\":\"La Junta delega a 23 corporaciones locales de cinco provincias la competencia de atenci\\u00f3n infantil temprana - El Digital de Asturias\",\"description\":\"El Consejo de Gobierno ha acordado delegar la competencia de prestaci\\u00f3n de atenci\\u00f3n infantil temprana en 23 corporaciones locales de las provincias de C\\u00f3rdoba, Huelva, Ja\\u00e9n, M\\u00e1laga y Sevilla, por un periodo de cinco a\\u00f1os y una financiaci\\u00f3n de partida de unos 3,06 millones de euros anuales a cargo de la Junta. La medida tiene\",\"inLanguage\":\"es-ES\",\"isPartOf\":{\"@id\":\"https:\\\/\\\/www.eldigitaldeasturias.com\\\/noticias\\\/#website\"},\"breadcrumb\":{\"@id\":\"https:\\\/\\\/www.eldigitaldeasturias.com\\\/noticias\\\/la-junta-delega-a-23-corporaciones-locales-de-cinco-provincias-la-competencia-de-atencion-infantil-temprana\\\/#breadcrumblist\"},\"author\":{\"@id\":\"https:\\\/\\\/www.eldigitaldeasturias.com\\\/noticias\\\/author\\\/admin\\\/#author\"},\"creator\":{\"@id\":\"https:\\\/\\\/www.eldigitaldeasturias.com\\\/noticias\\\/author\\\/admin\\\/#author\"},\"image\":{\"@type\":\"ImageObject\",\"url\":948455,\"@id\":\"https:\\\/\\\/www.eldigitaldeasturias.com\\\/noticias\\\/la-junta-delega-a-23-corporaciones-locales-de-cinco-provincias-la-competencia-de-atencion-infantil-temprana\\\/#mainImage\"},\"primaryImageOfPage\":{\"@id\":\"https:\\\/\\\/www.eldigitaldeasturias.com\\\/noticias\\\/la-junta-delega-a-23-corporaciones-locales-de-cinco-provincias-la-competencia-de-atencion-infantil-temprana\\\/#mainImage\"},\"datePublished\":\"2017-08-02T14:20:57+02:00\",\"dateModified\":\"2017-08-02T14:20:57+02:00\"},{\"@type\":\"WebSite\",\"@id\":\"https:\\\/\\\/www.eldigitaldeasturias.com\\\/noticias\\\/#website\",\"url\":\"https:\\\/\\\/www.eldigitaldeasturias.com\\\/noticias\\\/\",\"name\":\"El Digital de Asturias - Diario de actualidad y noticias\",\"alternateName\":\"El Digital de Asturias - Diario de actualidad y noticias\",\"description\":\"Hemeroteca\",\"inLanguage\":\"es-ES\",\"publisher\":{\"@id\":\"https:\\\/\\\/www.eldigitaldeasturias.com\\\/noticias\\\/#organization\"}}]}\n\t\t<\/script>\n\t\t<!-- All in One SEO Pro -->\r\n\t\t<title>La Junta delega a 23 corporaciones locales de cinco provincias la competencia de atenci\u00f3n infantil temprana - El Digital de Asturias<\/title>\n\n","aioseo_head_json":{"title":"La Junta delega a 23 corporaciones locales de cinco provincias la competencia de atenci\u00f3n infantil temprana - El Digital de Asturias","description":"El Consejo de Gobierno ha acordado delegar la competencia de prestaci\u00f3n de atenci\u00f3n infantil temprana en 23 corporaciones locales de las provincias de C\u00f3rdoba, Huelva, Ja\u00e9n, M\u00e1laga y Sevilla, por un periodo de cinco a\u00f1os y una financiaci\u00f3n de partida de unos 3,06 millones de euros anuales a cargo de la Junta. La medida tiene","canonical_url":"https:\/\/www.eldigitaldeasturias.com\/noticias\/la-junta-delega-a-23-corporaciones-locales-de-cinco-provincias-la-competencia-de-atencion-infantil-temprana\/","robots":"max-image-preview:large","keywords":"actualidad","webmasterTools":{"google-site-verification":"UA-38556648-1","msvalidate.01":"7dfe9f3f1b24437ab69f4f2559babe99","miscellaneous":""},"schema":{"@context":"https:\/\/schema.org","@graph":[{"@type":"BlogPosting","@id":"https:\/\/www.eldigitaldeasturias.com\/noticias\/la-junta-delega-a-23-corporaciones-locales-de-cinco-provincias-la-competencia-de-atencion-infantil-temprana\/#blogposting","name":"La Junta delega a 23 corporaciones locales de cinco provincias la competencia de atenci\u00f3n infantil temprana - El Digital de Asturias","headline":"La Junta delega a 23 corporaciones locales de cinco provincias la competencia de atenci\u00f3n infantil temprana","author":{"@id":"https:\/\/www.eldigitaldeasturias.com\/noticias\/author\/admin\/#author"},"publisher":{"@id":"https:\/\/www.eldigitaldeasturias.com\/noticias\/#organization"},"image":{"@type":"ImageObject","url":948455},"datePublished":"2017-08-02T14:20:57+02:00","dateModified":"2017-08-02T14:20:57+02:00","inLanguage":"es-ES","mainEntityOfPage":{"@id":"https:\/\/www.eldigitaldeasturias.com\/noticias\/la-junta-delega-a-23-corporaciones-locales-de-cinco-provincias-la-competencia-de-atencion-infantil-temprana\/#webpage"},"isPartOf":{"@id":"https:\/\/www.eldigitaldeasturias.com\/noticias\/la-junta-delega-a-23-corporaciones-locales-de-cinco-provincias-la-competencia-de-atencion-infantil-temprana\/#webpage"},"articleSection":"Actualidad"},{"@type":"BreadcrumbList","@id":"https:\/\/www.eldigitaldeasturias.com\/noticias\/la-junta-delega-a-23-corporaciones-locales-de-cinco-provincias-la-competencia-de-atencion-infantil-temprana\/#breadcrumblist","itemListElement":[{"@type":"ListItem","@id":"https:\/\/www.eldigitaldeasturias.com\/noticias#listItem","position":1,"name":"Home","item":"https:\/\/www.eldigitaldeasturias.com\/noticias","nextItem":{"@type":"ListItem","@id":"https:\/\/www.eldigitaldeasturias.com\/noticias\/category\/actualidad\/#listItem","name":"Actualidad"}},{"@type":"ListItem","@id":"https:\/\/www.eldigitaldeasturias.com\/noticias\/category\/actualidad\/#listItem","position":2,"name":"Actualidad","item":"https:\/\/www.eldigitaldeasturias.com\/noticias\/category\/actualidad\/","nextItem":{"@type":"ListItem","@id":"https:\/\/www.eldigitaldeasturias.com\/noticias\/la-junta-delega-a-23-corporaciones-locales-de-cinco-provincias-la-competencia-de-atencion-infantil-temprana\/#listItem","name":"La Junta delega a 23 corporaciones locales de cinco provincias la competencia de atenci\u00f3n infantil temprana"},"previousItem":{"@type":"ListItem","@id":"https:\/\/www.eldigitaldeasturias.com\/noticias#listItem","name":"Home"}},{"@type":"ListItem","@id":"https:\/\/www.eldigitaldeasturias.com\/noticias\/la-junta-delega-a-23-corporaciones-locales-de-cinco-provincias-la-competencia-de-atencion-infantil-temprana\/#listItem","position":3,"name":"La Junta delega a 23 corporaciones locales de cinco provincias la competencia de atenci\u00f3n infantil temprana","previousItem":{"@type":"ListItem","@id":"https:\/\/www.eldigitaldeasturias.com\/noticias\/category\/actualidad\/#listItem","name":"Actualidad"}}]},{"@type":"Organization","@id":"https:\/\/www.eldigitaldeasturias.com\/noticias\/#organization","name":"El Digital de Asturias","description":"Hemeroteca","url":"https:\/\/www.eldigitaldeasturias.com\/noticias\/","email":"info@eldigitaldeasturias.com","telephone":"+34652131393","logo":{"@type":"ImageObject","url":"https:\/\/www.eldigitaldeasturias.com\/noticias\/wp-content\/uploads\/2020\/12\/EDA.jpg","@id":"https:\/\/www.eldigitaldeasturias.com\/noticias\/la-junta-delega-a-23-corporaciones-locales-de-cinco-provincias-la-competencia-de-atencion-infantil-temprana\/#organizationLogo"},"image":{"@id":"https:\/\/www.eldigitaldeasturias.com\/noticias\/la-junta-delega-a-23-corporaciones-locales-de-cinco-provincias-la-competencia-de-atencion-infantil-temprana\/#organizationLogo"},"sameAs":["https:\/\/facebook.com\/eldigitaldeasturias","https:\/\/www.youtube.com\/channel\/UCZP-2wLEB9Rv6erhFmqVnvg"],"address":{"@id":"https:\/\/www.eldigitaldeasturias.com\/noticias\/#postaladdress","@type":"PostalAddress","streetAddress":"san antonio 4","postalCode":"33430","addressLocality":"Cand\u00e1s","addressRegion":"Asturias","addressCountry":"ES"}},{"@type":"Person","@id":"https:\/\/www.eldigitaldeasturias.com\/noticias\/author\/admin\/#author","url":"https:\/\/www.eldigitaldeasturias.com\/noticias\/author\/admin\/","name":"El Digital de Asturias","image":{"@type":"ImageObject","@id":"https:\/\/www.eldigitaldeasturias.com\/noticias\/la-junta-delega-a-23-corporaciones-locales-de-cinco-provincias-la-competencia-de-atencion-infantil-temprana\/#authorImage","url":"https:\/\/secure.gravatar.com\/avatar\/df2aeffc32bcd13f8d26072ef8a91b623d677766deac7f97ca815868cd41bf5e?s=96&d=mm&r=g","width":96,"height":96,"caption":"El Digital de Asturias"}},{"@type":"WebPage","@id":"https:\/\/www.eldigitaldeasturias.com\/noticias\/la-junta-delega-a-23-corporaciones-locales-de-cinco-provincias-la-competencia-de-atencion-infantil-temprana\/#webpage","url":"https:\/\/www.eldigitaldeasturias.com\/noticias\/la-junta-delega-a-23-corporaciones-locales-de-cinco-provincias-la-competencia-de-atencion-infantil-temprana\/","name":"La Junta delega a 23 corporaciones locales de cinco provincias la competencia de atenci\u00f3n infantil temprana - El Digital de Asturias","description":"El Consejo de Gobierno ha acordado delegar la competencia de prestaci\u00f3n de atenci\u00f3n infantil temprana en 23 corporaciones locales de las provincias de C\u00f3rdoba, Huelva, Ja\u00e9n, M\u00e1laga y Sevilla, por un periodo de cinco a\u00f1os y una financiaci\u00f3n de partida de unos 3,06 millones de euros anuales a cargo de la Junta. La medida tiene","inLanguage":"es-ES","isPartOf":{"@id":"https:\/\/www.eldigitaldeasturias.com\/noticias\/#website"},"breadcrumb":{"@id":"https:\/\/www.eldigitaldeasturias.com\/noticias\/la-junta-delega-a-23-corporaciones-locales-de-cinco-provincias-la-competencia-de-atencion-infantil-temprana\/#breadcrumblist"},"author":{"@id":"https:\/\/www.eldigitaldeasturias.com\/noticias\/author\/admin\/#author"},"creator":{"@id":"https:\/\/www.eldigitaldeasturias.com\/noticias\/author\/admin\/#author"},"image":{"@type":"ImageObject","url":948455,"@id":"https:\/\/www.eldigitaldeasturias.com\/noticias\/la-junta-delega-a-23-corporaciones-locales-de-cinco-provincias-la-competencia-de-atencion-infantil-temprana\/#mainImage"},"primaryImageOfPage":{"@id":"https:\/\/www.eldigitaldeasturias.com\/noticias\/la-junta-delega-a-23-corporaciones-locales-de-cinco-provincias-la-competencia-de-atencion-infantil-temprana\/#mainImage"},"datePublished":"2017-08-02T14:20:57+02:00","dateModified":"2017-08-02T14:20:57+02:00"},{"@type":"WebSite","@id":"https:\/\/www.eldigitaldeasturias.com\/noticias\/#website","url":"https:\/\/www.eldigitaldeasturias.com\/noticias\/","name":"El Digital de Asturias - Diario de actualidad y noticias","alternateName":"El Digital de Asturias - Diario de actualidad y noticias","description":"Hemeroteca","inLanguage":"es-ES","publisher":{"@id":"https:\/\/www.eldigitaldeasturias.com\/noticias\/#organization"}}]},"og:locale":"es_ES","og:site_name":"El Digital de Asturias","og:type":"article","og:title":"La Junta delega a 23 corporaciones locales de cinco provincias la competencia de atenci\u00f3n infantil temprana - El Digital de Asturias","og:description":"El Consejo de Gobierno ha acordado delegar la competencia de prestaci\u00f3n de atenci\u00f3n infantil temprana en 23 corporaciones locales de las provincias de C\u00f3rdoba, Huelva, Ja\u00e9n, M\u00e1laga y Sevilla, por un periodo de cinco a\u00f1os y una financiaci\u00f3n de partida de unos 3,06 millones de euros anuales a cargo de la Junta. La medida tiene","og:url":"https:\/\/www.eldigitaldeasturias.com\/noticias\/la-junta-delega-a-23-corporaciones-locales-de-cinco-provincias-la-competencia-de-atencion-infantil-temprana\/","article:tag":["actualidad"],"article:published_time":"2017-08-02T14:20:57+00:00","article:modified_time":"2017-08-02T14:20:57+00:00","article:publisher":"https:\/\/facebook.com\/eldigitaldeasturias","twitter:card":"summary_large_image","twitter:title":"La Junta delega a 23 corporaciones locales de cinco provincias la competencia de atenci\u00f3n infantil temprana - El Digital de Asturias","twitter:description":"El Consejo de Gobierno ha acordado delegar la competencia de prestaci\u00f3n de atenci\u00f3n infantil temprana en 23 corporaciones locales de las provincias de C\u00f3rdoba, Huelva, Ja\u00e9n, M\u00e1laga y Sevilla, por un periodo de cinco a\u00f1os y una financiaci\u00f3n de partida de unos 3,06 millones de euros anuales a cargo de la Junta. La medida tiene","twitter:image":"https:\/\/www.eldigitaldeasturias.com\/noticias\/wp-content\/uploads\/2020\/12\/EDA-1.jpg","twitter:label1":"Escrito por","twitter:data1":"El Digital de Asturias","twitter:label2":"Tiempo de lectura estimado","twitter:data2":"3 minutos"},"aioseo_meta_data":{"post_id":"948454","title":null,"description":null,"keywords":null,"keyphrases":null,"primary_term":null,"canonical_url":null,"og_title":null,"og_description":null,"og_object_type":"default","og_image_type":"default","og_image_url":null,"og_image_width":null,"og_image_height":null,"og_image_custom_url":null,"og_image_custom_fields":null,"og_video":null,"og_custom_url":null,"og_article_section":null,"og_article_tags":null,"twitter_use_og":false,"twitter_card":"default","twitter_image_type":"default","twitter_image_url":null,"twitter_image_custom_url":null,"twitter_image_custom_fields":null,"twitter_title":null,"twitter_description":null,"schema":{"blockGraphs":[],"customGraphs":[],"default":{"data":{"Article":[],"Course":[],"Dataset":[],"FAQPage":[],"Movie":[],"Person":[],"Product":[],"ProductReview":[],"Car":[],"Recipe":[],"Service":[],"SoftwareApplication":[],"WebPage":[]},"graphName":"","isEnabled":true},"graphs":[],"defaultGraph":"","defaultPostTypeGraph":""},"schema_type":null,"schema_type_options":null,"pillar_content":false,"robots_default":true,"robots_noindex":false,"robots_noarchive":false,"robots_nosnippet":false,"robots_nofollow":false,"robots_noimageindex":false,"robots_noodp":false,"robots_notranslate":false,"robots_max_snippet":null,"robots_max_videopreview":null,"robots_max_imagepreview":"large","priority":null,"frequency":null,"local_seo":null,"seo_analyzer_scan_date":"2025-12-05 08:42:14","breadcrumb_settings":null,"limit_modified_date":false,"open_ai":null,"ai":null,"created":"2020-12-21 13:04:37","updated":"2025-12-05 08:42:14","focus_keyword":null,"additional_keywords":null,"truseo_locale":null},"aioseo_breadcrumb":"<div class=\"aioseo-breadcrumbs\"><span class=\"aioseo-breadcrumb\">\n\t<a href=\"https:\/\/www.eldigitaldeasturias.com\/noticias\" title=\"Home\">Home<\/a>\n<\/span><span class=\"aioseo-breadcrumb-separator\">\u2013<\/span><span class=\"aioseo-breadcrumb\">\n\t<a href=\"https:\/\/www.eldigitaldeasturias.com\/noticias\/category\/actualidad\/\" title=\"Actualidad\">Actualidad<\/a>\n<\/span><span class=\"aioseo-breadcrumb-separator\">\u2013<\/span><span class=\"aioseo-breadcrumb\">\n\t<a href=\"https:\/\/www.eldigitaldeasturias.com\/noticias\/la-junta-delega-a-23-corporaciones-locales-de-cinco-provincias-la-competencia-de-atencion-infantil-temprana\/\" title=\"La Junta delega a 23 corporaciones locales de cinco provincias la competencia de atenci\u00f3n infantil temprana\">La Junta delega a 23 corporaciones locales de cinco provincias la competencia de atenci\u00f3n infantil temprana<\/a>\n<\/span><\/div>","aioseo_breadcrumb_json":[{"label":"Home","link":"https:\/\/www.eldigitaldeasturias.com\/noticias"},{"label":"Actualidad","link":"https:\/\/www.eldigitaldeasturias.com\/noticias\/category\/actualidad\/"},{"label":"La Junta delega a 23 corporaciones locales de cinco provincias la competencia de atenci\u00f3n infantil temprana","link":"https:\/\/www.eldigitaldeasturias.com\/noticias\/la-junta-delega-a-23-corporaciones-locales-de-cinco-provincias-la-competencia-de-atencion-infantil-temprana\/"}],"_links":{"self":[{"href":"https:\/\/www.eldigitaldeasturias.com\/noticias\/wp-json\/wp\/v2\/posts\/948454","targetHints":{"allow":["GET"]}}],"collection":[{"href":"https:\/\/www.eldigitaldeasturias.com\/noticias\/wp-json\/wp\/v2\/posts"}],"about":[{"href":"https:\/\/www.eldigitaldeasturias.com\/noticias\/wp-json\/wp\/v2\/types\/post"}],"author":[{"embeddable":true,"href":"https:\/\/www.eldigitaldeasturias.com\/noticias\/wp-json\/wp\/v2\/users\/1"}],"replies":[{"embeddable":true,"href":"https:\/\/www.eldigitaldeasturias.com\/noticias\/wp-json\/wp\/v2\/comments?post=948454"}],"version-history":[{"count":0,"href":"https:\/\/www.eldigitaldeasturias.com\/noticias\/wp-json\/wp\/v2\/posts\/948454\/revisions"}],"wp:attachment":[{"href":"https:\/\/www.eldigitaldeasturias.com\/noticias\/wp-json\/wp\/v2\/media?parent=948454"}],"wp:term":[{"taxonomy":"category","embeddable":true,"href":"https:\/\/www.eldigitaldeasturias.com\/noticias\/wp-json\/wp\/v2\/categories?post=948454"},{"taxonomy":"post_tag","embeddable":true,"href":"https:\/\/www.eldigitaldeasturias.com\/noticias\/wp-json\/wp\/v2\/tags?post=948454"}],"curies":[{"name":"wp","href":"https:\/\/api.w.org\/{rel}","templated":true}]}}