{"id":948448,"date":"2017-08-02T14:16:39","date_gmt":"2017-08-02T14:16:39","guid":{"rendered":"http:\/\/www.eldigitaldeasturias.com\/noticias\/?p=948448"},"modified":"2017-08-02T14:16:39","modified_gmt":"2017-08-02T14:16:39","slug":"cien-nuevas-plazas-para-centros-de-acogida-inmediata-de-menores-extranjeros-no-acompanados-en-andalucia","status":"publish","type":"post","link":"https:\/\/www.eldigitaldeasturias.com\/noticias\/cien-nuevas-plazas-para-centros-de-acogida-inmediata-de-menores-extranjeros-no-acompanados-en-andalucia\/","title":{"rendered":"Cien nuevas plazas para centros de acogida inmediata de menores extranjeros no acompa\u00f1ados, en Andaluc\u00eda"},"content":{"rendered":"<p>La consejera de Igualdad y Pol\u00edticas Sociales, Mar\u00eda Jos\u00e9 S\u00e1nchez Rubio, ha informado al Consejo de Gobierno de la contrataci\u00f3n realizada por su departamento, con car\u00e1cter de emergencia, de 100 plazas residenciales para el acogimiento de menores extranjeros no acompa\u00f1ados en las provincias de Almer\u00eda, C\u00e1diz y Granada.<\/p>\n<p>La ampliaci\u00f3n, que estar\u00e1 vigente hasta el 31 de marzo de 2018 y supondr\u00e1 una inversi\u00f3n de m\u00e1s de 1,4 millones de euros, viene motivada por la creciente afluencia de estos menores a las costas andaluzas, con un total de 721 durante el primer semestre del a\u00f1o. Ello obliga a reforzar los centros de acogida Inmediata de las tres provincias m\u00e1s afectadas, para poder atender las necesidades b\u00e1sicas de alimentaci\u00f3n, cuidados y alojamiento. Las contrataciones se realizan con las entidades Afinsa, Engloba y Fundaci\u00f3n SAMU, todas ellas con personal especializado en intervenciones con menores extranjeros no acompa\u00f1ados.<\/p>\n<p>Junto con la ampliaci\u00f3n de plazas, la Junta ha activado un plan especial para acoger a los menores y ha hecho un llamamiento a las autoridades europeas, a trav\u00e9s del Gobierno de Espa\u00f1a, para que se tengan en cuenta las necesidades de Andaluc\u00eda como regi\u00f3n de entrada de la inmigraci\u00f3n.<\/p>\n<p>La Direcci\u00f3n General de Infancia y Familias presta atenci\u00f3n a los menores inmigrantes no acompa\u00f1ados que llegan a la comunidad a trav\u00e9s del acogimiento residencial. Los centros de acogida inmediata les garantizan atenci\u00f3n urgente, protecci\u00f3n y cobertura de necesidades b\u00e1sicas.<\/p>\n","protected":false},"excerpt":{"rendered":"<p>La consejera de Igualdad y Pol\u00edticas Sociales, Mar\u00eda Jos\u00e9 S\u00e1nchez Rubio, ha informado al Consejo de Gobierno de la contrataci\u00f3n realizada por su departamento, con car\u00e1cter de emergencia, de 100 plazas residenciales para el acogimiento de menores extranjeros no acompa\u00f1ados en las provincias de Almer\u00eda, C\u00e1diz y Granada. La ampliaci\u00f3n, que estar\u00e1 vigente hasta el [&hellip;]<\/p>\n","protected":false},"author":1,"featured_media":1132184,"comment_status":"closed","ping_status":"closed","sticky":false,"template":"","format":"standard","meta":{"footnotes":""},"categories":[1],"tags":[],"class_list":["post-948448","post","type-post","status-publish","format-standard","has-post-thumbnail","hentry","category-actualidad"],"aioseo_notices":[],"aioseo_head":"\n\t\t<!-- All in One SEO Pro 5.0.1 - aioseo.com -->\n\t<meta name=\"description\" content=\"La consejera de Igualdad y Pol\u00edticas Sociales, Mar\u00eda Jos\u00e9 S\u00e1nchez Rubio, ha informado al Consejo de Gobierno de la contrataci\u00f3n realizada por su departamento, con car\u00e1cter de emergencia, de 100 plazas residenciales para el acogimiento de menores extranjeros no acompa\u00f1ados en las provincias de Almer\u00eda, C\u00e1diz y Granada. La ampliaci\u00f3n, que estar\u00e1 vigente hasta el\" \/>\n\t<meta name=\"robots\" content=\"max-image-preview:large\" \/>\n\t<meta name=\"author\" content=\"El Digital de Asturias\"\/>\n\t<meta name=\"google-site-verification\" content=\"UA-38556648-1\" \/>\n\t<meta name=\"msvalidate.01\" content=\"7dfe9f3f1b24437ab69f4f2559babe99\" \/>\n\t<meta name=\"keywords\" content=\"actualidad\" \/>\n\t<link rel=\"canonical\" href=\"https:\/\/www.eldigitaldeasturias.com\/noticias\/cien-nuevas-plazas-para-centros-de-acogida-inmediata-de-menores-extranjeros-no-acompanados-en-andalucia\/\" \/>\n\t<meta name=\"generator\" content=\"All in One SEO Pro (AIOSEO) 5.0.1\" \/>\n\t\t<meta property=\"og:locale\" content=\"es_ES\" \/>\n\t\t<meta property=\"og:site_name\" content=\"El Digital de Asturias\" \/>\n\t\t<meta property=\"og:type\" content=\"article\" \/>\n\t\t<meta property=\"og:title\" content=\"Cien nuevas plazas para centros de acogida inmediata de menores extranjeros no acompa\u00f1ados, en Andaluc\u00eda - El Digital de Asturias\" \/>\n\t\t<meta property=\"og:description\" content=\"La consejera de Igualdad y Pol\u00edticas Sociales, Mar\u00eda Jos\u00e9 S\u00e1nchez Rubio, ha informado al Consejo de Gobierno de la contrataci\u00f3n realizada por su departamento, con car\u00e1cter de emergencia, de 100 plazas residenciales para el acogimiento de menores extranjeros no acompa\u00f1ados en las provincias de Almer\u00eda, C\u00e1diz y Granada. La ampliaci\u00f3n, que estar\u00e1 vigente hasta el\" \/>\n\t\t<meta property=\"og:url\" content=\"https:\/\/www.eldigitaldeasturias.com\/noticias\/cien-nuevas-plazas-para-centros-de-acogida-inmediata-de-menores-extranjeros-no-acompanados-en-andalucia\/\" \/>\n\t\t<meta property=\"og:image\" content=\"https:\/\/www.eldigitaldeasturias.com\/noticias\/wp-content\/uploads\/2026\/06\/Contenidos.jpg\" \/>\n\t\t<meta property=\"og:image:secure_url\" content=\"https:\/\/www.eldigitaldeasturias.com\/noticias\/wp-content\/uploads\/2026\/06\/Contenidos.jpg\" \/>\n\t\t<meta property=\"og:image:width\" content=\"1265\" \/>\n\t\t<meta property=\"og:image:height\" content=\"697\" \/>\n\t\t<meta property=\"article:tag\" content=\"actualidad\" \/>\n\t\t<meta property=\"article:published_time\" content=\"2017-08-02T14:16:39+00:00\" \/>\n\t\t<meta property=\"article:modified_time\" content=\"2017-08-02T14:16:39+00:00\" \/>\n\t\t<meta property=\"article:publisher\" content=\"https:\/\/facebook.com\/eldigitaldeasturias\" \/>\n\t\t<meta name=\"twitter:card\" content=\"summary_large_image\" \/>\n\t\t<meta name=\"twitter:title\" content=\"Cien nuevas plazas para centros de acogida inmediata de menores extranjeros no acompa\u00f1ados, en Andaluc\u00eda - El Digital de Asturias\" \/>\n\t\t<meta name=\"twitter:description\" content=\"La consejera de Igualdad y Pol\u00edticas Sociales, Mar\u00eda Jos\u00e9 S\u00e1nchez Rubio, ha informado al Consejo de Gobierno de la contrataci\u00f3n realizada por su departamento, con car\u00e1cter de emergencia, de 100 plazas residenciales para el acogimiento de menores extranjeros no acompa\u00f1ados en las provincias de Almer\u00eda, C\u00e1diz y Granada. La ampliaci\u00f3n, que estar\u00e1 vigente hasta el\" \/>\n\t\t<meta name=\"twitter:image\" content=\"https:\/\/www.eldigitaldeasturias.com\/noticias\/wp-content\/uploads\/2026\/06\/Contenidos.jpg\" \/>\n\t\t<meta name=\"twitter:label1\" content=\"Escrito por\" \/>\n\t\t<meta name=\"twitter:data1\" content=\"El Digital de Asturias\" \/>\n\t\t<meta name=\"twitter:label2\" content=\"Tiempo de lectura estimado\" \/>\n\t\t<meta name=\"twitter:data2\" content=\"1 minuto\" \/>\n\t\t<script type=\"application\/ld+json\" class=\"aioseo-schema\">\n\t\t\t{\"@context\":\"https:\\\/\\\/schema.org\",\"@graph\":[{\"@type\":\"BlogPosting\",\"@id\":\"https:\\\/\\\/www.eldigitaldeasturias.com\\\/noticias\\\/cien-nuevas-plazas-para-centros-de-acogida-inmediata-de-menores-extranjeros-no-acompanados-en-andalucia\\\/#blogposting\",\"name\":\"Cien nuevas plazas para centros de acogida inmediata de menores extranjeros no acompa\\u00f1ados, en Andaluc\\u00eda - El Digital de Asturias\",\"headline\":\"Cien nuevas plazas para centros de acogida inmediata de menores extranjeros no acompa\\u00f1ados, en Andaluc\\u00eda\",\"author\":{\"@id\":\"https:\\\/\\\/www.eldigitaldeasturias.com\\\/noticias\\\/author\\\/admin\\\/#author\"},\"publisher\":{\"@id\":\"https:\\\/\\\/www.eldigitaldeasturias.com\\\/noticias\\\/#organization\"},\"image\":{\"@type\":\"ImageObject\",\"url\":\"https:\\\/\\\/www.eldigitaldeasturias.com\\\/noticias\\\/wp-content\\\/uploads\\\/2026\\\/06\\\/Contenidos.jpg\",\"width\":1265,\"height\":697,\"caption\":\"Contenidos\"},\"datePublished\":\"2017-08-02T14:16:39+02:00\",\"dateModified\":\"2017-08-02T14:16:39+02:00\",\"inLanguage\":\"es-ES\",\"mainEntityOfPage\":{\"@id\":\"https:\\\/\\\/www.eldigitaldeasturias.com\\\/noticias\\\/cien-nuevas-plazas-para-centros-de-acogida-inmediata-de-menores-extranjeros-no-acompanados-en-andalucia\\\/#webpage\"},\"isPartOf\":{\"@id\":\"https:\\\/\\\/www.eldigitaldeasturias.com\\\/noticias\\\/cien-nuevas-plazas-para-centros-de-acogida-inmediata-de-menores-extranjeros-no-acompanados-en-andalucia\\\/#webpage\"},\"articleSection\":\"Actualidad\"},{\"@type\":\"BreadcrumbList\",\"@id\":\"https:\\\/\\\/www.eldigitaldeasturias.com\\\/noticias\\\/cien-nuevas-plazas-para-centros-de-acogida-inmediata-de-menores-extranjeros-no-acompanados-en-andalucia\\\/#breadcrumblist\",\"itemListElement\":[{\"@type\":\"ListItem\",\"@id\":\"https:\\\/\\\/www.eldigitaldeasturias.com\\\/noticias#listItem\",\"position\":1,\"name\":\"Home\",\"item\":\"https:\\\/\\\/www.eldigitaldeasturias.com\\\/noticias\",\"nextItem\":{\"@type\":\"ListItem\",\"@id\":\"https:\\\/\\\/www.eldigitaldeasturias.com\\\/noticias\\\/category\\\/actualidad\\\/#listItem\",\"name\":\"Actualidad\"}},{\"@type\":\"ListItem\",\"@id\":\"https:\\\/\\\/www.eldigitaldeasturias.com\\\/noticias\\\/category\\\/actualidad\\\/#listItem\",\"position\":2,\"name\":\"Actualidad\",\"item\":\"https:\\\/\\\/www.eldigitaldeasturias.com\\\/noticias\\\/category\\\/actualidad\\\/\",\"nextItem\":{\"@type\":\"ListItem\",\"@id\":\"https:\\\/\\\/www.eldigitaldeasturias.com\\\/noticias\\\/cien-nuevas-plazas-para-centros-de-acogida-inmediata-de-menores-extranjeros-no-acompanados-en-andalucia\\\/#listItem\",\"name\":\"Cien nuevas plazas para centros de acogida inmediata de menores extranjeros no acompa\\u00f1ados, en Andaluc\\u00eda\"},\"previousItem\":{\"@type\":\"ListItem\",\"@id\":\"https:\\\/\\\/www.eldigitaldeasturias.com\\\/noticias#listItem\",\"name\":\"Home\"}},{\"@type\":\"ListItem\",\"@id\":\"https:\\\/\\\/www.eldigitaldeasturias.com\\\/noticias\\\/cien-nuevas-plazas-para-centros-de-acogida-inmediata-de-menores-extranjeros-no-acompanados-en-andalucia\\\/#listItem\",\"position\":3,\"name\":\"Cien nuevas plazas para centros de acogida inmediata de menores extranjeros no acompa\\u00f1ados, en Andaluc\\u00eda\",\"previousItem\":{\"@type\":\"ListItem\",\"@id\":\"https:\\\/\\\/www.eldigitaldeasturias.com\\\/noticias\\\/category\\\/actualidad\\\/#listItem\",\"name\":\"Actualidad\"}}]},{\"@type\":\"Organization\",\"@id\":\"https:\\\/\\\/www.eldigitaldeasturias.com\\\/noticias\\\/#organization\",\"name\":\"El Digital de Asturias\",\"description\":\"Hemeroteca\",\"url\":\"https:\\\/\\\/www.eldigitaldeasturias.com\\\/noticias\\\/\",\"email\":\"info@eldigitaldeasturias.com\",\"telephone\":\"+34652131393\",\"logo\":{\"@type\":\"ImageObject\",\"url\":\"https:\\\/\\\/www.eldigitaldeasturias.com\\\/noticias\\\/wp-content\\\/uploads\\\/2020\\\/12\\\/EDA.jpg\",\"@id\":\"https:\\\/\\\/www.eldigitaldeasturias.com\\\/noticias\\\/cien-nuevas-plazas-para-centros-de-acogida-inmediata-de-menores-extranjeros-no-acompanados-en-andalucia\\\/#organizationLogo\"},\"image\":{\"@id\":\"https:\\\/\\\/www.eldigitaldeasturias.com\\\/noticias\\\/cien-nuevas-plazas-para-centros-de-acogida-inmediata-de-menores-extranjeros-no-acompanados-en-andalucia\\\/#organizationLogo\"},\"sameAs\":[\"https:\\\/\\\/facebook.com\\\/eldigitaldeasturias\",\"https:\\\/\\\/www.youtube.com\\\/channel\\\/UCZP-2wLEB9Rv6erhFmqVnvg\"],\"address\":{\"@id\":\"https:\\\/\\\/www.eldigitaldeasturias.com\\\/noticias\\\/#postaladdress\",\"@type\":\"PostalAddress\",\"streetAddress\":\"san antonio 4\",\"postalCode\":\"33430\",\"addressLocality\":\"Cand\\u00e1s\",\"addressRegion\":\"Asturias\",\"addressCountry\":\"ES\"}},{\"@type\":\"Person\",\"@id\":\"https:\\\/\\\/www.eldigitaldeasturias.com\\\/noticias\\\/author\\\/admin\\\/#author\",\"url\":\"https:\\\/\\\/www.eldigitaldeasturias.com\\\/noticias\\\/author\\\/admin\\\/\",\"name\":\"El Digital de Asturias\",\"image\":{\"@type\":\"ImageObject\",\"@id\":\"https:\\\/\\\/www.eldigitaldeasturias.com\\\/noticias\\\/cien-nuevas-plazas-para-centros-de-acogida-inmediata-de-menores-extranjeros-no-acompanados-en-andalucia\\\/#authorImage\",\"url\":\"https:\\\/\\\/secure.gravatar.com\\\/avatar\\\/df2aeffc32bcd13f8d26072ef8a91b623d677766deac7f97ca815868cd41bf5e?s=96&d=mm&r=g\",\"width\":96,\"height\":96,\"caption\":\"El Digital de Asturias\"}},{\"@type\":\"WebPage\",\"@id\":\"https:\\\/\\\/www.eldigitaldeasturias.com\\\/noticias\\\/cien-nuevas-plazas-para-centros-de-acogida-inmediata-de-menores-extranjeros-no-acompanados-en-andalucia\\\/#webpage\",\"url\":\"https:\\\/\\\/www.eldigitaldeasturias.com\\\/noticias\\\/cien-nuevas-plazas-para-centros-de-acogida-inmediata-de-menores-extranjeros-no-acompanados-en-andalucia\\\/\",\"name\":\"Cien nuevas plazas para centros de acogida inmediata de menores extranjeros no acompa\\u00f1ados, en Andaluc\\u00eda - El Digital de Asturias\",\"description\":\"La consejera de Igualdad y Pol\\u00edticas Sociales, Mar\\u00eda Jos\\u00e9 S\\u00e1nchez Rubio, ha informado al Consejo de Gobierno de la contrataci\\u00f3n realizada por su departamento, con car\\u00e1cter de emergencia, de 100 plazas residenciales para el acogimiento de menores extranjeros no acompa\\u00f1ados en las provincias de Almer\\u00eda, C\\u00e1diz y Granada. La ampliaci\\u00f3n, que estar\\u00e1 vigente hasta el\",\"inLanguage\":\"es-ES\",\"isPartOf\":{\"@id\":\"https:\\\/\\\/www.eldigitaldeasturias.com\\\/noticias\\\/#website\"},\"breadcrumb\":{\"@id\":\"https:\\\/\\\/www.eldigitaldeasturias.com\\\/noticias\\\/cien-nuevas-plazas-para-centros-de-acogida-inmediata-de-menores-extranjeros-no-acompanados-en-andalucia\\\/#breadcrumblist\"},\"author\":{\"@id\":\"https:\\\/\\\/www.eldigitaldeasturias.com\\\/noticias\\\/author\\\/admin\\\/#author\"},\"creator\":{\"@id\":\"https:\\\/\\\/www.eldigitaldeasturias.com\\\/noticias\\\/author\\\/admin\\\/#author\"},\"image\":{\"@type\":\"ImageObject\",\"url\":\"https:\\\/\\\/www.eldigitaldeasturias.com\\\/noticias\\\/wp-content\\\/uploads\\\/2026\\\/06\\\/Contenidos.jpg\",\"@id\":\"https:\\\/\\\/www.eldigitaldeasturias.com\\\/noticias\\\/cien-nuevas-plazas-para-centros-de-acogida-inmediata-de-menores-extranjeros-no-acompanados-en-andalucia\\\/#mainImage\",\"width\":1265,\"height\":697,\"caption\":\"Contenidos\"},\"primaryImageOfPage\":{\"@id\":\"https:\\\/\\\/www.eldigitaldeasturias.com\\\/noticias\\\/cien-nuevas-plazas-para-centros-de-acogida-inmediata-de-menores-extranjeros-no-acompanados-en-andalucia\\\/#mainImage\"},\"datePublished\":\"2017-08-02T14:16:39+02:00\",\"dateModified\":\"2017-08-02T14:16:39+02:00\"},{\"@type\":\"WebSite\",\"@id\":\"https:\\\/\\\/www.eldigitaldeasturias.com\\\/noticias\\\/#website\",\"url\":\"https:\\\/\\\/www.eldigitaldeasturias.com\\\/noticias\\\/\",\"name\":\"El Digital de Asturias - Diario de actualidad y noticias\",\"alternateName\":\"El Digital de Asturias - Diario de actualidad y noticias\",\"description\":\"Hemeroteca\",\"inLanguage\":\"es-ES\",\"publisher\":{\"@id\":\"https:\\\/\\\/www.eldigitaldeasturias.com\\\/noticias\\\/#organization\"}}]}\n\t\t<\/script>\n\t\t<!-- All in One SEO Pro -->\r\n\t\t<title>Cien nuevas plazas para centros de acogida inmediata de menores extranjeros no acompa\u00f1ados, en Andaluc\u00eda - El Digital de Asturias<\/title>\n\n","aioseo_head_json":{"title":"Cien nuevas plazas para centros de acogida inmediata de menores extranjeros no acompa\u00f1ados, en Andaluc\u00eda - El Digital de Asturias","description":"La consejera de Igualdad y Pol\u00edticas Sociales, Mar\u00eda Jos\u00e9 S\u00e1nchez Rubio, ha informado al Consejo de Gobierno de la contrataci\u00f3n realizada por su departamento, con car\u00e1cter de emergencia, de 100 plazas residenciales para el acogimiento de menores extranjeros no acompa\u00f1ados en las provincias de Almer\u00eda, C\u00e1diz y Granada. La ampliaci\u00f3n, que estar\u00e1 vigente hasta el","canonical_url":"https:\/\/www.eldigitaldeasturias.com\/noticias\/cien-nuevas-plazas-para-centros-de-acogida-inmediata-de-menores-extranjeros-no-acompanados-en-andalucia\/","robots":"max-image-preview:large","keywords":"actualidad","webmasterTools":{"google-site-verification":"UA-38556648-1","msvalidate.01":"7dfe9f3f1b24437ab69f4f2559babe99","miscellaneous":""},"schema":{"@context":"https:\/\/schema.org","@graph":[{"@type":"BlogPosting","@id":"https:\/\/www.eldigitaldeasturias.com\/noticias\/cien-nuevas-plazas-para-centros-de-acogida-inmediata-de-menores-extranjeros-no-acompanados-en-andalucia\/#blogposting","name":"Cien nuevas plazas para centros de acogida inmediata de menores extranjeros no acompa\u00f1ados, en Andaluc\u00eda - El Digital de Asturias","headline":"Cien nuevas plazas para centros de acogida inmediata de menores extranjeros no acompa\u00f1ados, en Andaluc\u00eda","author":{"@id":"https:\/\/www.eldigitaldeasturias.com\/noticias\/author\/admin\/#author"},"publisher":{"@id":"https:\/\/www.eldigitaldeasturias.com\/noticias\/#organization"},"image":{"@type":"ImageObject","url":"https:\/\/www.eldigitaldeasturias.com\/noticias\/wp-content\/uploads\/2026\/06\/Contenidos.jpg","width":1265,"height":697,"caption":"Contenidos"},"datePublished":"2017-08-02T14:16:39+02:00","dateModified":"2017-08-02T14:16:39+02:00","inLanguage":"es-ES","mainEntityOfPage":{"@id":"https:\/\/www.eldigitaldeasturias.com\/noticias\/cien-nuevas-plazas-para-centros-de-acogida-inmediata-de-menores-extranjeros-no-acompanados-en-andalucia\/#webpage"},"isPartOf":{"@id":"https:\/\/www.eldigitaldeasturias.com\/noticias\/cien-nuevas-plazas-para-centros-de-acogida-inmediata-de-menores-extranjeros-no-acompanados-en-andalucia\/#webpage"},"articleSection":"Actualidad"},{"@type":"BreadcrumbList","@id":"https:\/\/www.eldigitaldeasturias.com\/noticias\/cien-nuevas-plazas-para-centros-de-acogida-inmediata-de-menores-extranjeros-no-acompanados-en-andalucia\/#breadcrumblist","itemListElement":[{"@type":"ListItem","@id":"https:\/\/www.eldigitaldeasturias.com\/noticias#listItem","position":1,"name":"Home","item":"https:\/\/www.eldigitaldeasturias.com\/noticias","nextItem":{"@type":"ListItem","@id":"https:\/\/www.eldigitaldeasturias.com\/noticias\/category\/actualidad\/#listItem","name":"Actualidad"}},{"@type":"ListItem","@id":"https:\/\/www.eldigitaldeasturias.com\/noticias\/category\/actualidad\/#listItem","position":2,"name":"Actualidad","item":"https:\/\/www.eldigitaldeasturias.com\/noticias\/category\/actualidad\/","nextItem":{"@type":"ListItem","@id":"https:\/\/www.eldigitaldeasturias.com\/noticias\/cien-nuevas-plazas-para-centros-de-acogida-inmediata-de-menores-extranjeros-no-acompanados-en-andalucia\/#listItem","name":"Cien nuevas plazas para centros de acogida inmediata de menores extranjeros no acompa\u00f1ados, en Andaluc\u00eda"},"previousItem":{"@type":"ListItem","@id":"https:\/\/www.eldigitaldeasturias.com\/noticias#listItem","name":"Home"}},{"@type":"ListItem","@id":"https:\/\/www.eldigitaldeasturias.com\/noticias\/cien-nuevas-plazas-para-centros-de-acogida-inmediata-de-menores-extranjeros-no-acompanados-en-andalucia\/#listItem","position":3,"name":"Cien nuevas plazas para centros de acogida inmediata de menores extranjeros no acompa\u00f1ados, en Andaluc\u00eda","previousItem":{"@type":"ListItem","@id":"https:\/\/www.eldigitaldeasturias.com\/noticias\/category\/actualidad\/#listItem","name":"Actualidad"}}]},{"@type":"Organization","@id":"https:\/\/www.eldigitaldeasturias.com\/noticias\/#organization","name":"El Digital de Asturias","description":"Hemeroteca","url":"https:\/\/www.eldigitaldeasturias.com\/noticias\/","email":"info@eldigitaldeasturias.com","telephone":"+34652131393","logo":{"@type":"ImageObject","url":"https:\/\/www.eldigitaldeasturias.com\/noticias\/wp-content\/uploads\/2020\/12\/EDA.jpg","@id":"https:\/\/www.eldigitaldeasturias.com\/noticias\/cien-nuevas-plazas-para-centros-de-acogida-inmediata-de-menores-extranjeros-no-acompanados-en-andalucia\/#organizationLogo"},"image":{"@id":"https:\/\/www.eldigitaldeasturias.com\/noticias\/cien-nuevas-plazas-para-centros-de-acogida-inmediata-de-menores-extranjeros-no-acompanados-en-andalucia\/#organizationLogo"},"sameAs":["https:\/\/facebook.com\/eldigitaldeasturias","https:\/\/www.youtube.com\/channel\/UCZP-2wLEB9Rv6erhFmqVnvg"],"address":{"@id":"https:\/\/www.eldigitaldeasturias.com\/noticias\/#postaladdress","@type":"PostalAddress","streetAddress":"san antonio 4","postalCode":"33430","addressLocality":"Cand\u00e1s","addressRegion":"Asturias","addressCountry":"ES"}},{"@type":"Person","@id":"https:\/\/www.eldigitaldeasturias.com\/noticias\/author\/admin\/#author","url":"https:\/\/www.eldigitaldeasturias.com\/noticias\/author\/admin\/","name":"El Digital de Asturias","image":{"@type":"ImageObject","@id":"https:\/\/www.eldigitaldeasturias.com\/noticias\/cien-nuevas-plazas-para-centros-de-acogida-inmediata-de-menores-extranjeros-no-acompanados-en-andalucia\/#authorImage","url":"https:\/\/secure.gravatar.com\/avatar\/df2aeffc32bcd13f8d26072ef8a91b623d677766deac7f97ca815868cd41bf5e?s=96&d=mm&r=g","width":96,"height":96,"caption":"El Digital de Asturias"}},{"@type":"WebPage","@id":"https:\/\/www.eldigitaldeasturias.com\/noticias\/cien-nuevas-plazas-para-centros-de-acogida-inmediata-de-menores-extranjeros-no-acompanados-en-andalucia\/#webpage","url":"https:\/\/www.eldigitaldeasturias.com\/noticias\/cien-nuevas-plazas-para-centros-de-acogida-inmediata-de-menores-extranjeros-no-acompanados-en-andalucia\/","name":"Cien nuevas plazas para centros de acogida inmediata de menores extranjeros no acompa\u00f1ados, en Andaluc\u00eda - El Digital de Asturias","description":"La consejera de Igualdad y Pol\u00edticas Sociales, Mar\u00eda Jos\u00e9 S\u00e1nchez Rubio, ha informado al Consejo de Gobierno de la contrataci\u00f3n realizada por su departamento, con car\u00e1cter de emergencia, de 100 plazas residenciales para el acogimiento de menores extranjeros no acompa\u00f1ados en las provincias de Almer\u00eda, C\u00e1diz y Granada. La ampliaci\u00f3n, que estar\u00e1 vigente hasta el","inLanguage":"es-ES","isPartOf":{"@id":"https:\/\/www.eldigitaldeasturias.com\/noticias\/#website"},"breadcrumb":{"@id":"https:\/\/www.eldigitaldeasturias.com\/noticias\/cien-nuevas-plazas-para-centros-de-acogida-inmediata-de-menores-extranjeros-no-acompanados-en-andalucia\/#breadcrumblist"},"author":{"@id":"https:\/\/www.eldigitaldeasturias.com\/noticias\/author\/admin\/#author"},"creator":{"@id":"https:\/\/www.eldigitaldeasturias.com\/noticias\/author\/admin\/#author"},"image":{"@type":"ImageObject","url":"https:\/\/www.eldigitaldeasturias.com\/noticias\/wp-content\/uploads\/2026\/06\/Contenidos.jpg","@id":"https:\/\/www.eldigitaldeasturias.com\/noticias\/cien-nuevas-plazas-para-centros-de-acogida-inmediata-de-menores-extranjeros-no-acompanados-en-andalucia\/#mainImage","width":1265,"height":697,"caption":"Contenidos"},"primaryImageOfPage":{"@id":"https:\/\/www.eldigitaldeasturias.com\/noticias\/cien-nuevas-plazas-para-centros-de-acogida-inmediata-de-menores-extranjeros-no-acompanados-en-andalucia\/#mainImage"},"datePublished":"2017-08-02T14:16:39+02:00","dateModified":"2017-08-02T14:16:39+02:00"},{"@type":"WebSite","@id":"https:\/\/www.eldigitaldeasturias.com\/noticias\/#website","url":"https:\/\/www.eldigitaldeasturias.com\/noticias\/","name":"El Digital de Asturias - Diario de actualidad y noticias","alternateName":"El Digital de Asturias - Diario de actualidad y noticias","description":"Hemeroteca","inLanguage":"es-ES","publisher":{"@id":"https:\/\/www.eldigitaldeasturias.com\/noticias\/#organization"}}]},"og:locale":"es_ES","og:site_name":"El Digital de Asturias","og:type":"article","og:title":"Cien nuevas plazas para centros de acogida inmediata de menores extranjeros no acompa\u00f1ados, en Andaluc\u00eda - El Digital de Asturias","og:description":"La consejera de Igualdad y Pol\u00edticas Sociales, Mar\u00eda Jos\u00e9 S\u00e1nchez Rubio, ha informado al Consejo de Gobierno de la contrataci\u00f3n realizada por su departamento, con car\u00e1cter de emergencia, de 100 plazas residenciales para el acogimiento de menores extranjeros no acompa\u00f1ados en las provincias de Almer\u00eda, C\u00e1diz y Granada. La ampliaci\u00f3n, que estar\u00e1 vigente hasta el","og:url":"https:\/\/www.eldigitaldeasturias.com\/noticias\/cien-nuevas-plazas-para-centros-de-acogida-inmediata-de-menores-extranjeros-no-acompanados-en-andalucia\/","og:image":"https:\/\/www.eldigitaldeasturias.com\/noticias\/wp-content\/uploads\/2026\/06\/Contenidos.jpg","og:image:secure_url":"https:\/\/www.eldigitaldeasturias.com\/noticias\/wp-content\/uploads\/2026\/06\/Contenidos.jpg","og:image:width":1265,"og:image:height":697,"article:tag":["actualidad"],"article:published_time":"2017-08-02T14:16:39+00:00","article:modified_time":"2017-08-02T14:16:39+00:00","article:publisher":"https:\/\/facebook.com\/eldigitaldeasturias","twitter:card":"summary_large_image","twitter:title":"Cien nuevas plazas para centros de acogida inmediata de menores extranjeros no acompa\u00f1ados, en Andaluc\u00eda - El Digital de Asturias","twitter:description":"La consejera de Igualdad y Pol\u00edticas Sociales, Mar\u00eda Jos\u00e9 S\u00e1nchez Rubio, ha informado al Consejo de Gobierno de la contrataci\u00f3n realizada por su departamento, con car\u00e1cter de emergencia, de 100 plazas residenciales para el acogimiento de menores extranjeros no acompa\u00f1ados en las provincias de Almer\u00eda, C\u00e1diz y Granada. La ampliaci\u00f3n, que estar\u00e1 vigente hasta el","twitter:image":"https:\/\/www.eldigitaldeasturias.com\/noticias\/wp-content\/uploads\/2026\/06\/Contenidos.jpg","twitter:label1":"Escrito por","twitter:data1":"El Digital de Asturias","twitter:label2":"Tiempo de lectura estimado","twitter:data2":"1 minuto"},"aioseo_meta_data":{"post_id":"948448","title":null,"description":null,"keywords":null,"keyphrases":null,"primary_term":null,"canonical_url":null,"og_title":null,"og_description":null,"og_object_type":"default","og_image_type":"default","og_image_url":null,"og_image_width":null,"og_image_height":null,"og_image_custom_url":null,"og_image_custom_fields":null,"og_video":null,"og_custom_url":null,"og_article_section":null,"og_article_tags":null,"twitter_use_og":false,"twitter_card":"default","twitter_image_type":"default","twitter_image_url":null,"twitter_image_custom_url":null,"twitter_image_custom_fields":null,"twitter_title":null,"twitter_description":null,"schema":{"blockGraphs":[],"customGraphs":[],"default":{"data":{"Article":[],"Course":[],"Dataset":[],"FAQPage":[],"Movie":[],"Person":[],"Product":[],"ProductReview":[],"Car":[],"Recipe":[],"Service":[],"SoftwareApplication":[],"WebPage":[]},"graphName":"","isEnabled":true},"graphs":[]},"schema_type":null,"schema_type_options":null,"pillar_content":false,"robots_default":true,"robots_noindex":false,"robots_noarchive":false,"robots_nosnippet":false,"robots_nofollow":false,"robots_noimageindex":false,"robots_noodp":false,"robots_notranslate":false,"robots_max_snippet":null,"robots_max_videopreview":null,"robots_max_imagepreview":"large","priority":null,"frequency":null,"local_seo":null,"seo_analyzer_scan_date":"2025-12-05 08:40:04","breadcrumb_settings":null,"limit_modified_date":false,"open_ai":null,"ai":null,"created":"2020-12-21 13:04:37","updated":"2025-12-05 08:40:04","focus_keyword":null,"additional_keywords":null,"truseo_locale":null},"aioseo_breadcrumb":"<div class=\"aioseo-breadcrumbs\"><span class=\"aioseo-breadcrumb\">\n\t<a href=\"https:\/\/www.eldigitaldeasturias.com\/noticias\" title=\"Home\">Home<\/a>\n<\/span><span class=\"aioseo-breadcrumb-separator\">\u2013<\/span><span class=\"aioseo-breadcrumb\">\n\t<a href=\"https:\/\/www.eldigitaldeasturias.com\/noticias\/category\/actualidad\/\" title=\"Actualidad\">Actualidad<\/a>\n<\/span><span class=\"aioseo-breadcrumb-separator\">\u2013<\/span><span class=\"aioseo-breadcrumb\">\n\t<a href=\"https:\/\/www.eldigitaldeasturias.com\/noticias\/cien-nuevas-plazas-para-centros-de-acogida-inmediata-de-menores-extranjeros-no-acompanados-en-andalucia\/\" title=\"Cien nuevas plazas para centros de acogida inmediata de menores extranjeros no acompa\u00f1ados, en Andaluc\u00eda\">Cien nuevas plazas para centros de acogida inmediata de menores extranjeros no acompa\u00f1ados, en Andaluc\u00eda<\/a>\n<\/span><\/div>","aioseo_breadcrumb_json":[{"label":"Home","link":"https:\/\/www.eldigitaldeasturias.com\/noticias"},{"label":"Actualidad","link":"https:\/\/www.eldigitaldeasturias.com\/noticias\/category\/actualidad\/"},{"label":"Cien nuevas plazas para centros de acogida inmediata de menores extranjeros no acompa\u00f1ados, en Andaluc\u00eda","link":"https:\/\/www.eldigitaldeasturias.com\/noticias\/cien-nuevas-plazas-para-centros-de-acogida-inmediata-de-menores-extranjeros-no-acompanados-en-andalucia\/"}],"_links":{"self":[{"href":"https:\/\/www.eldigitaldeasturias.com\/noticias\/wp-json\/wp\/v2\/posts\/948448","targetHints":{"allow":["GET"]}}],"collection":[{"href":"https:\/\/www.eldigitaldeasturias.com\/noticias\/wp-json\/wp\/v2\/posts"}],"about":[{"href":"https:\/\/www.eldigitaldeasturias.com\/noticias\/wp-json\/wp\/v2\/types\/post"}],"author":[{"embeddable":true,"href":"https:\/\/www.eldigitaldeasturias.com\/noticias\/wp-json\/wp\/v2\/users\/1"}],"replies":[{"embeddable":true,"href":"https:\/\/www.eldigitaldeasturias.com\/noticias\/wp-json\/wp\/v2\/comments?post=948448"}],"version-history":[{"count":0,"href":"https:\/\/www.eldigitaldeasturias.com\/noticias\/wp-json\/wp\/v2\/posts\/948448\/revisions"}],"wp:featuredmedia":[{"embeddable":true,"href":"https:\/\/www.eldigitaldeasturias.com\/noticias\/wp-json\/wp\/v2\/media\/1132184"}],"wp:attachment":[{"href":"https:\/\/www.eldigitaldeasturias.com\/noticias\/wp-json\/wp\/v2\/media?parent=948448"}],"wp:term":[{"taxonomy":"category","embeddable":true,"href":"https:\/\/www.eldigitaldeasturias.com\/noticias\/wp-json\/wp\/v2\/categories?post=948448"},{"taxonomy":"post_tag","embeddable":true,"href":"https:\/\/www.eldigitaldeasturias.com\/noticias\/wp-json\/wp\/v2\/tags?post=948448"}],"curies":[{"name":"wp","href":"https:\/\/api.w.org\/{rel}","templated":true}]}}