{"id":948443,"date":"2017-08-02T14:12:45","date_gmt":"2017-08-02T14:12:45","guid":{"rendered":"http:\/\/www.eldigitaldeasturias.com\/noticias\/?p=948443"},"modified":"2017-08-02T14:12:45","modified_gmt":"2017-08-02T14:12:45","slug":"los-centros-educativos-andaluces-seran-mas-sostenibles","status":"publish","type":"post","link":"https:\/\/www.eldigitaldeasturias.com\/noticias\/los-centros-educativos-andaluces-seran-mas-sostenibles\/","title":{"rendered":"Los centros educativos andaluces ser\u00e1n m\u00e1s sostenibles"},"content":{"rendered":"<p><img loading=\"lazy\" decoding=\"async\" class=\"alignleft size-medium wp-image-948444\" src=\"https:\/\/www.eldigitaldeasturias.com\/noticias\/wp-content\/uploads\/2017\/08\/1501595342392-360x239.jpg\" alt=\"\" width=\"360\" height=\"239\" \/>Los consejeros de Educaci\u00f3n, Sonia Gaya, y Empleo Empresa y Comercio, Javier Carnero, han firmado en Sevilla un protocolo de colaboraci\u00f3n para realizar inversiones en materia de ahorro, eficiencia energ\u00e9tica y desarrollo de energ\u00edas renovables en los centros educativos de la Junta de Andaluc\u00eda.<\/p>\n<p>Estas actuaciones ser\u00e1n financiadas con el plan de inversiones de la Red de Energ\u00eda de la Junta de Andaluc\u00eda (REDEJA), gestionado por la Agencia Andaluza de la Energ\u00eda en aquellos centros educativos que est\u00e1n bajo titularidad de la Junta de Andaluc\u00eda. Las inversiones que se realicen en colegios de titularidad municipal se llevar\u00e1n a cabo a trav\u00e9s de la l\u00ednea de incentivos Construcci\u00f3n Sostenible, del Programa para el Desarrollo Energ\u00e9tico Sostenible de Andaluc\u00eda.<\/p>\n<p>Con estas medidas se pretende dar respuesta a las necesidades de mejora energ\u00e9tica en los centros educativos y mejorar las condiciones de confort t\u00e9rmico, lum\u00ednico, ac\u00fastico y ambiental en las aulas.<\/p>\n<p>El Gobierno andaluz es consciente de que debe servir de ejemplo en lo que se refiere a la eficiencia energ\u00e9tica y uso de energ\u00edas renovables para contribuir al cumplimiento de los objetivos en estas materias fijados por la Uni\u00f3n Europea y trasladados a la Estrategia Energ\u00eda de Andaluc\u00eda 2020, que entre sus Principios tiene el optimizar el consumo energ\u00e9tico en la administraci\u00f3n de la Junta de Andaluc\u00eda, mejorando la eficiencia de sus instalaciones e incorporando criterios de gesti\u00f3n orientados al ahorro energ\u00e9tico.<\/p>\n<p>As\u00ed, entre las acciones que se llevar\u00e1n a cabo est\u00e1 la realizaci\u00f3n de inventarios energ\u00e9ticos por parte de la Consejer\u00eda de Educaci\u00f3n de sus edificios, que incluyan las instalaciones consumidoras de energ\u00eda, como las de calefacci\u00f3n y refrigeraci\u00f3n, as\u00ed como los consumos energ\u00e9ticos asociados a dichas instalaciones. Mediante la elaboraci\u00f3n de estudios o auditor\u00edas energ\u00e9ticas, otra de las acciones, se podr\u00e1n delimitar las inversiones para la mejora energ\u00e9tica m\u00e1s adecuadas a realizar en los diferentes edificios, que ser\u00e1n seleccionadas en base a criterios t\u00e9cnicos que conduzcan a una optimizaci\u00f3n energ\u00e9tica, a la vez que permitan el mayor confort en las aulas.<\/p>\n<p><strong>Construcci\u00f3n Sostenible para colegios de titularidad municipal<\/strong><\/p>\n<p>Por otro lado, los colegios de titularidad municipal pueden beneficiarse de los incentivos de la l\u00ednea Construcci\u00f3n Sostenible, del Programa para el desarrollo energ\u00e9tico sostenible de Andaluc\u00eda, tambi\u00e9n gestionado por la Agencia Andaluza de la Energ\u00eda, cuyos ayuntamientos pueden solicitar ayudas para realizar mejoras energ\u00e9ticas en los centros educativos de sus municipios, como mejoras de la epidermis de los edificios para mejorar su aislamiento t\u00e9rmico, renovaci\u00f3n de instalaciones de climatizaci\u00f3n para usar sistemas de alta eficiencia energ\u00e9tica, instalaci\u00f3n de climatizaci\u00f3n basada en el uso de energ\u00edas renovables y otras tantas medidas dirigidas a mejorar la eficiencia energ\u00e9tica.<\/p>\n<p>En este sentido, desde la Agencia Andaluza de la Energ\u00eda se ha dise\u00f1ado un \u00abmapa de ayudas\u00bb espec\u00edfico para los colegios andaluces, en el que se han seleccionado 25 tipos diferentes de soluciones de mejora energ\u00e9tica que responden de forma directa al objetivo de eficiencia energ\u00e9tica y valor a\u00f1adido a la docencia y el bienestar de las personas. Estas soluciones cuentan ya con unos incentivos que van desde el 50% hasta el 80% del presupuesto de los proyectos.<\/p>\n<p>Adem\u00e1s de lo anterior, y con la finalidad de orientar los proyectos incentivados hacia las mejores pr\u00e1cticas, desde la Agencia Andaluza de la Energ\u00eda se ha propuesto una modificaci\u00f3n de los incentivos para otorgar un porcentaje del 90% a proyectos que se basen en estudio previo detallado de mejora energ\u00e9tica, prioricen las actuaciones de mejora a trav\u00e9s de la reducci\u00f3n de la demanda de energ\u00eda e incluyan gastos de difusi\u00f3n e informaci\u00f3n de las mejoras, aprovech\u00e1ndose as\u00ed todo el potencial educativo y formativo, de la sostenibilidad energ\u00e9tica. Esta \u00faltima medida de difusi\u00f3n se contempla para los municipios de menos de 20.000 habitantes, de acuerdo a las bases que regulan los incentivos.<\/p>\n<p>Desde la Agencia Andaluza de la Energ\u00eda se plantea el estudio de obras de adecuaci\u00f3n de las aulas para reducir la demanda de energ\u00eda mediante la colocaci\u00f3n de aislamiento en las paredes o cubiertas, el cambio de ventanas o la introducci\u00f3n de elementos de protecci\u00f3n solar. En caso de instalar equipos de climatizaci\u00f3n, estos ser\u00edan de elevado rendimiento energ\u00e9tico para minimizar el consumo de energ\u00eda y con una menor potencia gracias al aislamiento dispuesto.<\/p>\n<p>Por lo general, las actuaciones que se implanten deben suponer una reducci\u00f3n global del consumo de energ\u00eda (no renovable), que puede llegar a superar el 60% con medidas como el cambio de iluminaci\u00f3n, con el consiguiente ahorro en la factura energ\u00e9tica de los centros.<\/p>\n<p><strong>Continuidad de inversiones en mejora energ\u00e9tica<\/strong><\/p>\n<p>La Red de Energ\u00eda de la Junta de Andaluc\u00eda (REDEJA) ha promovido desde su creaci\u00f3n en 2007 inversiones en centros p\u00fablicos e instalaciones de la Junta de Andaluc\u00eda que se prev\u00e9 que alcanzar\u00e1 hasta 2020 una inversi\u00f3n acumulada superior a 62 millones de euros.<\/p>\n<p>Por su parte, el Programa de incentivos para el desarrollo energ\u00e9tico sostenible de Andaluc\u00eda, dotado con 227 millones en sus tres l\u00edneas (Construcci\u00f3n Sostenible, Pyme Sostenible y Redes Inteligentes) se suma a los cerca de 400 millones de euros que se han aplicado desde 2009 para apoyar el ahorro y la eficiencia energ\u00e9tica en viviendas, empresas y ayuntamientos, y gracias a los cuales se han impulsado m\u00e1s de 136.000 actuaciones. En total, tanto el Plan REDEJA como las l\u00edneas de ayudas para el desarrollo energ\u00e9tico de Andaluc\u00eda se prev\u00e9 que generen unas 27.000 contrataciones en los pr\u00f3ximos a\u00f1os.<\/p>\n<p>&nbsp;<\/p>\n","protected":false},"excerpt":{"rendered":"<p>Los consejeros de Educaci\u00f3n, Sonia Gaya, y Empleo Empresa y Comercio, Javier Carnero, han firmado en Sevilla un protocolo de colaboraci\u00f3n para realizar inversiones en materia de ahorro, eficiencia energ\u00e9tica y desarrollo de energ\u00edas renovables en los centros educativos de la Junta de Andaluc\u00eda. Estas actuaciones ser\u00e1n financiadas con el plan de inversiones de la [&hellip;]<\/p>\n","protected":false},"author":1,"featured_media":948444,"comment_status":"closed","ping_status":"closed","sticky":false,"template":"","format":"standard","meta":{"footnotes":""},"categories":[1],"tags":[],"class_list":["post-948443","post","type-post","status-publish","format-standard","has-post-thumbnail","hentry","category-actualidad"],"aioseo_notices":[],"aioseo_head":"\n\t\t<!-- All in One SEO Pro 5.0.1 - aioseo.com -->\n\t<meta name=\"description\" content=\"Los consejeros de Educaci\u00f3n, Sonia Gaya, y Empleo Empresa y Comercio, Javier Carnero, han firmado en Sevilla un protocolo de colaboraci\u00f3n para realizar inversiones en materia de ahorro, eficiencia energ\u00e9tica y desarrollo de energ\u00edas renovables en los centros educativos de la Junta de Andaluc\u00eda. Estas actuaciones ser\u00e1n financiadas con el plan de inversiones de la\" \/>\n\t<meta name=\"robots\" content=\"max-image-preview:large\" \/>\n\t<meta name=\"author\" content=\"El Digital de Asturias\"\/>\n\t<meta name=\"google-site-verification\" content=\"UA-38556648-1\" \/>\n\t<meta name=\"msvalidate.01\" content=\"7dfe9f3f1b24437ab69f4f2559babe99\" \/>\n\t<meta name=\"keywords\" content=\"actualidad\" \/>\n\t<link rel=\"canonical\" href=\"https:\/\/www.eldigitaldeasturias.com\/noticias\/los-centros-educativos-andaluces-seran-mas-sostenibles\/\" \/>\n\t<meta name=\"generator\" content=\"All in One SEO Pro (AIOSEO) 5.0.1\" \/>\n\t\t<meta property=\"og:locale\" content=\"es_ES\" \/>\n\t\t<meta property=\"og:site_name\" content=\"El Digital de Asturias\" \/>\n\t\t<meta property=\"og:type\" content=\"article\" \/>\n\t\t<meta property=\"og:title\" content=\"Los centros educativos andaluces ser\u00e1n m\u00e1s sostenibles - El Digital de Asturias\" \/>\n\t\t<meta property=\"og:description\" content=\"Los consejeros de Educaci\u00f3n, Sonia Gaya, y Empleo Empresa y Comercio, Javier Carnero, han firmado en Sevilla un protocolo de colaboraci\u00f3n para realizar inversiones en materia de ahorro, eficiencia energ\u00e9tica y desarrollo de energ\u00edas renovables en los centros educativos de la Junta de Andaluc\u00eda. Estas actuaciones ser\u00e1n financiadas con el plan de inversiones de la\" \/>\n\t\t<meta property=\"og:url\" content=\"https:\/\/www.eldigitaldeasturias.com\/noticias\/los-centros-educativos-andaluces-seran-mas-sostenibles\/\" \/>\n\t\t<meta property=\"article:tag\" content=\"actualidad\" \/>\n\t\t<meta property=\"article:published_time\" content=\"2017-08-02T14:12:45+00:00\" \/>\n\t\t<meta property=\"article:modified_time\" content=\"2017-08-02T14:12:45+00:00\" \/>\n\t\t<meta property=\"article:publisher\" content=\"https:\/\/facebook.com\/eldigitaldeasturias\" \/>\n\t\t<meta name=\"twitter:card\" content=\"summary_large_image\" \/>\n\t\t<meta name=\"twitter:title\" content=\"Los centros educativos andaluces ser\u00e1n m\u00e1s sostenibles - El Digital de Asturias\" \/>\n\t\t<meta name=\"twitter:description\" content=\"Los consejeros de Educaci\u00f3n, Sonia Gaya, y Empleo Empresa y Comercio, Javier Carnero, han firmado en Sevilla un protocolo de colaboraci\u00f3n para realizar inversiones en materia de ahorro, eficiencia energ\u00e9tica y desarrollo de energ\u00edas renovables en los centros educativos de la Junta de Andaluc\u00eda. Estas actuaciones ser\u00e1n financiadas con el plan de inversiones de la\" \/>\n\t\t<meta name=\"twitter:image\" content=\"https:\/\/www.eldigitaldeasturias.com\/noticias\/wp-content\/uploads\/2020\/12\/EDA-1.jpg\" \/>\n\t\t<meta name=\"twitter:label1\" content=\"Escrito por\" \/>\n\t\t<meta name=\"twitter:data1\" content=\"El Digital de Asturias\" \/>\n\t\t<meta name=\"twitter:label2\" content=\"Tiempo de lectura estimado\" \/>\n\t\t<meta name=\"twitter:data2\" content=\"5 minutos\" \/>\n\t\t<script type=\"application\/ld+json\" class=\"aioseo-schema\">\n\t\t\t{\"@context\":\"https:\\\/\\\/schema.org\",\"@graph\":[{\"@type\":\"BlogPosting\",\"@id\":\"https:\\\/\\\/www.eldigitaldeasturias.com\\\/noticias\\\/los-centros-educativos-andaluces-seran-mas-sostenibles\\\/#blogposting\",\"name\":\"Los centros educativos andaluces ser\\u00e1n m\\u00e1s sostenibles - El Digital de Asturias\",\"headline\":\"Los centros educativos andaluces ser\\u00e1n m\\u00e1s sostenibles\",\"author\":{\"@id\":\"https:\\\/\\\/www.eldigitaldeasturias.com\\\/noticias\\\/author\\\/admin\\\/#author\"},\"publisher\":{\"@id\":\"https:\\\/\\\/www.eldigitaldeasturias.com\\\/noticias\\\/#organization\"},\"image\":{\"@type\":\"ImageObject\",\"url\":948444},\"datePublished\":\"2017-08-02T14:12:45+02:00\",\"dateModified\":\"2017-08-02T14:12:45+02:00\",\"inLanguage\":\"es-ES\",\"mainEntityOfPage\":{\"@id\":\"https:\\\/\\\/www.eldigitaldeasturias.com\\\/noticias\\\/los-centros-educativos-andaluces-seran-mas-sostenibles\\\/#webpage\"},\"isPartOf\":{\"@id\":\"https:\\\/\\\/www.eldigitaldeasturias.com\\\/noticias\\\/los-centros-educativos-andaluces-seran-mas-sostenibles\\\/#webpage\"},\"articleSection\":\"Actualidad\"},{\"@type\":\"BreadcrumbList\",\"@id\":\"https:\\\/\\\/www.eldigitaldeasturias.com\\\/noticias\\\/los-centros-educativos-andaluces-seran-mas-sostenibles\\\/#breadcrumblist\",\"itemListElement\":[{\"@type\":\"ListItem\",\"@id\":\"https:\\\/\\\/www.eldigitaldeasturias.com\\\/noticias#listItem\",\"position\":1,\"name\":\"Home\",\"item\":\"https:\\\/\\\/www.eldigitaldeasturias.com\\\/noticias\",\"nextItem\":{\"@type\":\"ListItem\",\"@id\":\"https:\\\/\\\/www.eldigitaldeasturias.com\\\/noticias\\\/category\\\/actualidad\\\/#listItem\",\"name\":\"Actualidad\"}},{\"@type\":\"ListItem\",\"@id\":\"https:\\\/\\\/www.eldigitaldeasturias.com\\\/noticias\\\/category\\\/actualidad\\\/#listItem\",\"position\":2,\"name\":\"Actualidad\",\"item\":\"https:\\\/\\\/www.eldigitaldeasturias.com\\\/noticias\\\/category\\\/actualidad\\\/\",\"nextItem\":{\"@type\":\"ListItem\",\"@id\":\"https:\\\/\\\/www.eldigitaldeasturias.com\\\/noticias\\\/los-centros-educativos-andaluces-seran-mas-sostenibles\\\/#listItem\",\"name\":\"Los centros educativos andaluces ser\\u00e1n m\\u00e1s sostenibles\"},\"previousItem\":{\"@type\":\"ListItem\",\"@id\":\"https:\\\/\\\/www.eldigitaldeasturias.com\\\/noticias#listItem\",\"name\":\"Home\"}},{\"@type\":\"ListItem\",\"@id\":\"https:\\\/\\\/www.eldigitaldeasturias.com\\\/noticias\\\/los-centros-educativos-andaluces-seran-mas-sostenibles\\\/#listItem\",\"position\":3,\"name\":\"Los centros educativos andaluces ser\\u00e1n m\\u00e1s sostenibles\",\"previousItem\":{\"@type\":\"ListItem\",\"@id\":\"https:\\\/\\\/www.eldigitaldeasturias.com\\\/noticias\\\/category\\\/actualidad\\\/#listItem\",\"name\":\"Actualidad\"}}]},{\"@type\":\"Organization\",\"@id\":\"https:\\\/\\\/www.eldigitaldeasturias.com\\\/noticias\\\/#organization\",\"name\":\"El Digital de Asturias\",\"description\":\"Hemeroteca\",\"url\":\"https:\\\/\\\/www.eldigitaldeasturias.com\\\/noticias\\\/\",\"email\":\"info@eldigitaldeasturias.com\",\"telephone\":\"+34652131393\",\"logo\":{\"@type\":\"ImageObject\",\"url\":\"https:\\\/\\\/www.eldigitaldeasturias.com\\\/noticias\\\/wp-content\\\/uploads\\\/2020\\\/12\\\/EDA.jpg\",\"@id\":\"https:\\\/\\\/www.eldigitaldeasturias.com\\\/noticias\\\/los-centros-educativos-andaluces-seran-mas-sostenibles\\\/#organizationLogo\"},\"image\":{\"@id\":\"https:\\\/\\\/www.eldigitaldeasturias.com\\\/noticias\\\/los-centros-educativos-andaluces-seran-mas-sostenibles\\\/#organizationLogo\"},\"sameAs\":[\"https:\\\/\\\/facebook.com\\\/eldigitaldeasturias\",\"https:\\\/\\\/www.youtube.com\\\/channel\\\/UCZP-2wLEB9Rv6erhFmqVnvg\"],\"address\":{\"@id\":\"https:\\\/\\\/www.eldigitaldeasturias.com\\\/noticias\\\/#postaladdress\",\"@type\":\"PostalAddress\",\"streetAddress\":\"san antonio 4\",\"postalCode\":\"33430\",\"addressLocality\":\"Cand\\u00e1s\",\"addressRegion\":\"Asturias\",\"addressCountry\":\"ES\"}},{\"@type\":\"Person\",\"@id\":\"https:\\\/\\\/www.eldigitaldeasturias.com\\\/noticias\\\/author\\\/admin\\\/#author\",\"url\":\"https:\\\/\\\/www.eldigitaldeasturias.com\\\/noticias\\\/author\\\/admin\\\/\",\"name\":\"El Digital de Asturias\",\"image\":{\"@type\":\"ImageObject\",\"@id\":\"https:\\\/\\\/www.eldigitaldeasturias.com\\\/noticias\\\/los-centros-educativos-andaluces-seran-mas-sostenibles\\\/#authorImage\",\"url\":\"https:\\\/\\\/secure.gravatar.com\\\/avatar\\\/df2aeffc32bcd13f8d26072ef8a91b623d677766deac7f97ca815868cd41bf5e?s=96&d=mm&r=g\",\"width\":96,\"height\":96,\"caption\":\"El Digital de Asturias\"}},{\"@type\":\"WebPage\",\"@id\":\"https:\\\/\\\/www.eldigitaldeasturias.com\\\/noticias\\\/los-centros-educativos-andaluces-seran-mas-sostenibles\\\/#webpage\",\"url\":\"https:\\\/\\\/www.eldigitaldeasturias.com\\\/noticias\\\/los-centros-educativos-andaluces-seran-mas-sostenibles\\\/\",\"name\":\"Los centros educativos andaluces ser\\u00e1n m\\u00e1s sostenibles - El Digital de Asturias\",\"description\":\"Los consejeros de Educaci\\u00f3n, Sonia Gaya, y Empleo Empresa y Comercio, Javier Carnero, han firmado en Sevilla un protocolo de colaboraci\\u00f3n para realizar inversiones en materia de ahorro, eficiencia energ\\u00e9tica y desarrollo de energ\\u00edas renovables en los centros educativos de la Junta de Andaluc\\u00eda. Estas actuaciones ser\\u00e1n financiadas con el plan de inversiones de la\",\"inLanguage\":\"es-ES\",\"isPartOf\":{\"@id\":\"https:\\\/\\\/www.eldigitaldeasturias.com\\\/noticias\\\/#website\"},\"breadcrumb\":{\"@id\":\"https:\\\/\\\/www.eldigitaldeasturias.com\\\/noticias\\\/los-centros-educativos-andaluces-seran-mas-sostenibles\\\/#breadcrumblist\"},\"author\":{\"@id\":\"https:\\\/\\\/www.eldigitaldeasturias.com\\\/noticias\\\/author\\\/admin\\\/#author\"},\"creator\":{\"@id\":\"https:\\\/\\\/www.eldigitaldeasturias.com\\\/noticias\\\/author\\\/admin\\\/#author\"},\"image\":{\"@type\":\"ImageObject\",\"url\":948444,\"@id\":\"https:\\\/\\\/www.eldigitaldeasturias.com\\\/noticias\\\/los-centros-educativos-andaluces-seran-mas-sostenibles\\\/#mainImage\"},\"primaryImageOfPage\":{\"@id\":\"https:\\\/\\\/www.eldigitaldeasturias.com\\\/noticias\\\/los-centros-educativos-andaluces-seran-mas-sostenibles\\\/#mainImage\"},\"datePublished\":\"2017-08-02T14:12:45+02:00\",\"dateModified\":\"2017-08-02T14:12:45+02:00\"},{\"@type\":\"WebSite\",\"@id\":\"https:\\\/\\\/www.eldigitaldeasturias.com\\\/noticias\\\/#website\",\"url\":\"https:\\\/\\\/www.eldigitaldeasturias.com\\\/noticias\\\/\",\"name\":\"El Digital de Asturias - Diario de actualidad y noticias\",\"alternateName\":\"El Digital de Asturias - Diario de actualidad y noticias\",\"description\":\"Hemeroteca\",\"inLanguage\":\"es-ES\",\"publisher\":{\"@id\":\"https:\\\/\\\/www.eldigitaldeasturias.com\\\/noticias\\\/#organization\"}}]}\n\t\t<\/script>\n\t\t<!-- All in One SEO Pro -->\r\n\t\t<title>Los centros educativos andaluces ser\u00e1n m\u00e1s sostenibles - El Digital de Asturias<\/title>\n\n","aioseo_head_json":{"title":"Los centros educativos andaluces ser\u00e1n m\u00e1s sostenibles - El Digital de Asturias","description":"Los consejeros de Educaci\u00f3n, Sonia Gaya, y Empleo Empresa y Comercio, Javier Carnero, han firmado en Sevilla un protocolo de colaboraci\u00f3n para realizar inversiones en materia de ahorro, eficiencia energ\u00e9tica y desarrollo de energ\u00edas renovables en los centros educativos de la Junta de Andaluc\u00eda. Estas actuaciones ser\u00e1n financiadas con el plan de inversiones de la","canonical_url":"https:\/\/www.eldigitaldeasturias.com\/noticias\/los-centros-educativos-andaluces-seran-mas-sostenibles\/","robots":"max-image-preview:large","keywords":"actualidad","webmasterTools":{"google-site-verification":"UA-38556648-1","msvalidate.01":"7dfe9f3f1b24437ab69f4f2559babe99","miscellaneous":""},"schema":{"@context":"https:\/\/schema.org","@graph":[{"@type":"BlogPosting","@id":"https:\/\/www.eldigitaldeasturias.com\/noticias\/los-centros-educativos-andaluces-seran-mas-sostenibles\/#blogposting","name":"Los centros educativos andaluces ser\u00e1n m\u00e1s sostenibles - El Digital de Asturias","headline":"Los centros educativos andaluces ser\u00e1n m\u00e1s sostenibles","author":{"@id":"https:\/\/www.eldigitaldeasturias.com\/noticias\/author\/admin\/#author"},"publisher":{"@id":"https:\/\/www.eldigitaldeasturias.com\/noticias\/#organization"},"image":{"@type":"ImageObject","url":948444},"datePublished":"2017-08-02T14:12:45+02:00","dateModified":"2017-08-02T14:12:45+02:00","inLanguage":"es-ES","mainEntityOfPage":{"@id":"https:\/\/www.eldigitaldeasturias.com\/noticias\/los-centros-educativos-andaluces-seran-mas-sostenibles\/#webpage"},"isPartOf":{"@id":"https:\/\/www.eldigitaldeasturias.com\/noticias\/los-centros-educativos-andaluces-seran-mas-sostenibles\/#webpage"},"articleSection":"Actualidad"},{"@type":"BreadcrumbList","@id":"https:\/\/www.eldigitaldeasturias.com\/noticias\/los-centros-educativos-andaluces-seran-mas-sostenibles\/#breadcrumblist","itemListElement":[{"@type":"ListItem","@id":"https:\/\/www.eldigitaldeasturias.com\/noticias#listItem","position":1,"name":"Home","item":"https:\/\/www.eldigitaldeasturias.com\/noticias","nextItem":{"@type":"ListItem","@id":"https:\/\/www.eldigitaldeasturias.com\/noticias\/category\/actualidad\/#listItem","name":"Actualidad"}},{"@type":"ListItem","@id":"https:\/\/www.eldigitaldeasturias.com\/noticias\/category\/actualidad\/#listItem","position":2,"name":"Actualidad","item":"https:\/\/www.eldigitaldeasturias.com\/noticias\/category\/actualidad\/","nextItem":{"@type":"ListItem","@id":"https:\/\/www.eldigitaldeasturias.com\/noticias\/los-centros-educativos-andaluces-seran-mas-sostenibles\/#listItem","name":"Los centros educativos andaluces ser\u00e1n m\u00e1s sostenibles"},"previousItem":{"@type":"ListItem","@id":"https:\/\/www.eldigitaldeasturias.com\/noticias#listItem","name":"Home"}},{"@type":"ListItem","@id":"https:\/\/www.eldigitaldeasturias.com\/noticias\/los-centros-educativos-andaluces-seran-mas-sostenibles\/#listItem","position":3,"name":"Los centros educativos andaluces ser\u00e1n m\u00e1s sostenibles","previousItem":{"@type":"ListItem","@id":"https:\/\/www.eldigitaldeasturias.com\/noticias\/category\/actualidad\/#listItem","name":"Actualidad"}}]},{"@type":"Organization","@id":"https:\/\/www.eldigitaldeasturias.com\/noticias\/#organization","name":"El Digital de Asturias","description":"Hemeroteca","url":"https:\/\/www.eldigitaldeasturias.com\/noticias\/","email":"info@eldigitaldeasturias.com","telephone":"+34652131393","logo":{"@type":"ImageObject","url":"https:\/\/www.eldigitaldeasturias.com\/noticias\/wp-content\/uploads\/2020\/12\/EDA.jpg","@id":"https:\/\/www.eldigitaldeasturias.com\/noticias\/los-centros-educativos-andaluces-seran-mas-sostenibles\/#organizationLogo"},"image":{"@id":"https:\/\/www.eldigitaldeasturias.com\/noticias\/los-centros-educativos-andaluces-seran-mas-sostenibles\/#organizationLogo"},"sameAs":["https:\/\/facebook.com\/eldigitaldeasturias","https:\/\/www.youtube.com\/channel\/UCZP-2wLEB9Rv6erhFmqVnvg"],"address":{"@id":"https:\/\/www.eldigitaldeasturias.com\/noticias\/#postaladdress","@type":"PostalAddress","streetAddress":"san antonio 4","postalCode":"33430","addressLocality":"Cand\u00e1s","addressRegion":"Asturias","addressCountry":"ES"}},{"@type":"Person","@id":"https:\/\/www.eldigitaldeasturias.com\/noticias\/author\/admin\/#author","url":"https:\/\/www.eldigitaldeasturias.com\/noticias\/author\/admin\/","name":"El Digital de Asturias","image":{"@type":"ImageObject","@id":"https:\/\/www.eldigitaldeasturias.com\/noticias\/los-centros-educativos-andaluces-seran-mas-sostenibles\/#authorImage","url":"https:\/\/secure.gravatar.com\/avatar\/df2aeffc32bcd13f8d26072ef8a91b623d677766deac7f97ca815868cd41bf5e?s=96&d=mm&r=g","width":96,"height":96,"caption":"El Digital de Asturias"}},{"@type":"WebPage","@id":"https:\/\/www.eldigitaldeasturias.com\/noticias\/los-centros-educativos-andaluces-seran-mas-sostenibles\/#webpage","url":"https:\/\/www.eldigitaldeasturias.com\/noticias\/los-centros-educativos-andaluces-seran-mas-sostenibles\/","name":"Los centros educativos andaluces ser\u00e1n m\u00e1s sostenibles - El Digital de Asturias","description":"Los consejeros de Educaci\u00f3n, Sonia Gaya, y Empleo Empresa y Comercio, Javier Carnero, han firmado en Sevilla un protocolo de colaboraci\u00f3n para realizar inversiones en materia de ahorro, eficiencia energ\u00e9tica y desarrollo de energ\u00edas renovables en los centros educativos de la Junta de Andaluc\u00eda. Estas actuaciones ser\u00e1n financiadas con el plan de inversiones de la","inLanguage":"es-ES","isPartOf":{"@id":"https:\/\/www.eldigitaldeasturias.com\/noticias\/#website"},"breadcrumb":{"@id":"https:\/\/www.eldigitaldeasturias.com\/noticias\/los-centros-educativos-andaluces-seran-mas-sostenibles\/#breadcrumblist"},"author":{"@id":"https:\/\/www.eldigitaldeasturias.com\/noticias\/author\/admin\/#author"},"creator":{"@id":"https:\/\/www.eldigitaldeasturias.com\/noticias\/author\/admin\/#author"},"image":{"@type":"ImageObject","url":948444,"@id":"https:\/\/www.eldigitaldeasturias.com\/noticias\/los-centros-educativos-andaluces-seran-mas-sostenibles\/#mainImage"},"primaryImageOfPage":{"@id":"https:\/\/www.eldigitaldeasturias.com\/noticias\/los-centros-educativos-andaluces-seran-mas-sostenibles\/#mainImage"},"datePublished":"2017-08-02T14:12:45+02:00","dateModified":"2017-08-02T14:12:45+02:00"},{"@type":"WebSite","@id":"https:\/\/www.eldigitaldeasturias.com\/noticias\/#website","url":"https:\/\/www.eldigitaldeasturias.com\/noticias\/","name":"El Digital de Asturias - Diario de actualidad y noticias","alternateName":"El Digital de Asturias - Diario de actualidad y noticias","description":"Hemeroteca","inLanguage":"es-ES","publisher":{"@id":"https:\/\/www.eldigitaldeasturias.com\/noticias\/#organization"}}]},"og:locale":"es_ES","og:site_name":"El Digital de Asturias","og:type":"article","og:title":"Los centros educativos andaluces ser\u00e1n m\u00e1s sostenibles - El Digital de Asturias","og:description":"Los consejeros de Educaci\u00f3n, Sonia Gaya, y Empleo Empresa y Comercio, Javier Carnero, han firmado en Sevilla un protocolo de colaboraci\u00f3n para realizar inversiones en materia de ahorro, eficiencia energ\u00e9tica y desarrollo de energ\u00edas renovables en los centros educativos de la Junta de Andaluc\u00eda. Estas actuaciones ser\u00e1n financiadas con el plan de inversiones de la","og:url":"https:\/\/www.eldigitaldeasturias.com\/noticias\/los-centros-educativos-andaluces-seran-mas-sostenibles\/","article:tag":["actualidad"],"article:published_time":"2017-08-02T14:12:45+00:00","article:modified_time":"2017-08-02T14:12:45+00:00","article:publisher":"https:\/\/facebook.com\/eldigitaldeasturias","twitter:card":"summary_large_image","twitter:title":"Los centros educativos andaluces ser\u00e1n m\u00e1s sostenibles - El Digital de Asturias","twitter:description":"Los consejeros de Educaci\u00f3n, Sonia Gaya, y Empleo Empresa y Comercio, Javier Carnero, han firmado en Sevilla un protocolo de colaboraci\u00f3n para realizar inversiones en materia de ahorro, eficiencia energ\u00e9tica y desarrollo de energ\u00edas renovables en los centros educativos de la Junta de Andaluc\u00eda. Estas actuaciones ser\u00e1n financiadas con el plan de inversiones de la","twitter:image":"https:\/\/www.eldigitaldeasturias.com\/noticias\/wp-content\/uploads\/2020\/12\/EDA-1.jpg","twitter:label1":"Escrito por","twitter:data1":"El Digital de Asturias","twitter:label2":"Tiempo de lectura estimado","twitter:data2":"5 minutos"},"aioseo_meta_data":{"post_id":"948443","title":null,"description":null,"keywords":null,"keyphrases":null,"primary_term":null,"canonical_url":null,"og_title":null,"og_description":null,"og_object_type":"default","og_image_type":"default","og_image_url":null,"og_image_width":null,"og_image_height":null,"og_image_custom_url":null,"og_image_custom_fields":null,"og_video":null,"og_custom_url":null,"og_article_section":null,"og_article_tags":null,"twitter_use_og":false,"twitter_card":"default","twitter_image_type":"default","twitter_image_url":null,"twitter_image_custom_url":null,"twitter_image_custom_fields":null,"twitter_title":null,"twitter_description":null,"schema":{"blockGraphs":[],"customGraphs":[],"default":{"data":{"Article":[],"Course":[],"Dataset":[],"FAQPage":[],"Movie":[],"Person":[],"Product":[],"ProductReview":[],"Car":[],"Recipe":[],"Service":[],"SoftwareApplication":[],"WebPage":[]},"graphName":"","isEnabled":true},"graphs":[],"defaultGraph":"","defaultPostTypeGraph":""},"schema_type":null,"schema_type_options":null,"pillar_content":false,"robots_default":true,"robots_noindex":false,"robots_noarchive":false,"robots_nosnippet":false,"robots_nofollow":false,"robots_noimageindex":false,"robots_noodp":false,"robots_notranslate":false,"robots_max_snippet":null,"robots_max_videopreview":null,"robots_max_imagepreview":"large","priority":null,"frequency":null,"local_seo":null,"seo_analyzer_scan_date":"2025-12-05 08:40:03","breadcrumb_settings":null,"limit_modified_date":false,"open_ai":null,"ai":null,"created":"2020-12-21 13:04:37","updated":"2025-12-05 08:40:03","focus_keyword":null,"additional_keywords":null,"truseo_locale":null},"aioseo_breadcrumb":"<div class=\"aioseo-breadcrumbs\"><span class=\"aioseo-breadcrumb\">\n\t<a href=\"https:\/\/www.eldigitaldeasturias.com\/noticias\" title=\"Home\">Home<\/a>\n<\/span><span class=\"aioseo-breadcrumb-separator\">\u2013<\/span><span class=\"aioseo-breadcrumb\">\n\t<a href=\"https:\/\/www.eldigitaldeasturias.com\/noticias\/category\/actualidad\/\" title=\"Actualidad\">Actualidad<\/a>\n<\/span><span class=\"aioseo-breadcrumb-separator\">\u2013<\/span><span class=\"aioseo-breadcrumb\">\n\t<a href=\"https:\/\/www.eldigitaldeasturias.com\/noticias\/los-centros-educativos-andaluces-seran-mas-sostenibles\/\" title=\"Los centros educativos andaluces ser\u00e1n m\u00e1s sostenibles\">Los centros educativos andaluces ser\u00e1n m\u00e1s sostenibles<\/a>\n<\/span><\/div>","aioseo_breadcrumb_json":[{"label":"Home","link":"https:\/\/www.eldigitaldeasturias.com\/noticias"},{"label":"Actualidad","link":"https:\/\/www.eldigitaldeasturias.com\/noticias\/category\/actualidad\/"},{"label":"Los centros educativos andaluces ser\u00e1n m\u00e1s sostenibles","link":"https:\/\/www.eldigitaldeasturias.com\/noticias\/los-centros-educativos-andaluces-seran-mas-sostenibles\/"}],"_links":{"self":[{"href":"https:\/\/www.eldigitaldeasturias.com\/noticias\/wp-json\/wp\/v2\/posts\/948443","targetHints":{"allow":["GET"]}}],"collection":[{"href":"https:\/\/www.eldigitaldeasturias.com\/noticias\/wp-json\/wp\/v2\/posts"}],"about":[{"href":"https:\/\/www.eldigitaldeasturias.com\/noticias\/wp-json\/wp\/v2\/types\/post"}],"author":[{"embeddable":true,"href":"https:\/\/www.eldigitaldeasturias.com\/noticias\/wp-json\/wp\/v2\/users\/1"}],"replies":[{"embeddable":true,"href":"https:\/\/www.eldigitaldeasturias.com\/noticias\/wp-json\/wp\/v2\/comments?post=948443"}],"version-history":[{"count":0,"href":"https:\/\/www.eldigitaldeasturias.com\/noticias\/wp-json\/wp\/v2\/posts\/948443\/revisions"}],"wp:attachment":[{"href":"https:\/\/www.eldigitaldeasturias.com\/noticias\/wp-json\/wp\/v2\/media?parent=948443"}],"wp:term":[{"taxonomy":"category","embeddable":true,"href":"https:\/\/www.eldigitaldeasturias.com\/noticias\/wp-json\/wp\/v2\/categories?post=948443"},{"taxonomy":"post_tag","embeddable":true,"href":"https:\/\/www.eldigitaldeasturias.com\/noticias\/wp-json\/wp\/v2\/tags?post=948443"}],"curies":[{"name":"wp","href":"https:\/\/api.w.org\/{rel}","templated":true}]}}