{"id":948432,"date":"2017-08-02T14:03:26","date_gmt":"2017-08-02T14:03:26","guid":{"rendered":"http:\/\/www.eldigitaldeasturias.com\/noticias\/?p=948432"},"modified":"2017-08-02T14:03:26","modified_gmt":"2017-08-02T14:03:26","slug":"la-junta-aprueba-la-oferta-publica-de-empleo-del-servicio-andaluz-de-salud-para-2017","status":"publish","type":"post","link":"https:\/\/www.eldigitaldeasturias.com\/noticias\/la-junta-aprueba-la-oferta-publica-de-empleo-del-servicio-andaluz-de-salud-para-2017\/","title":{"rendered":"La Junta aprueba la oferta p\u00fablica de empleo del Servicio Andaluz de Salud para 2017"},"content":{"rendered":"<p><img loading=\"lazy\" decoding=\"async\" class=\"alignleft size-medium wp-image-948433\" src=\"https:\/\/www.eldigitaldeasturias.com\/noticias\/wp-content\/uploads\/2017\/08\/1501581386460-360x240.jpg\" alt=\"\" width=\"360\" height=\"240\" \/>El Consejo de Gobierno ha aprobado la oferta p\u00fablica de empleo del Servicio Andaluz de Salud (SAS) para 2017, con un total de 3.553 plazas de personal sanitario y no sanitario. Esta cifra se ajusta al 100% de la tasa de reposici\u00f3n de vacantes, por segunda vez despu\u00e9s de los tres a\u00f1os anteriores de restricciones impuestas por el Gobierno de Espa\u00f1a.<\/p>\n<p>Del total de nuevos profesionales, 2.555 se incorporar\u00e1n con plaza propia al sistema sanitario p\u00fablico a trav\u00e9s del turno libre, mientras que los 998 restantes podr\u00e1n mejorar su situaci\u00f3n laboral por la v\u00eda de la promoci\u00f3n interna. El 7% de los puestos (179 del primer tipo y 70 del segundo) se reserva a personas con alguna discapacidad.<\/p>\n<p>Las plazas corresponden a un total de 58 categor\u00edas, entre las que destacan las 1.341 de auxiliar de Enfermer\u00eda (985 de turno libre y 356 de promoci\u00f3n interna) y las 848 de facultativos especialistas de \u00e1rea (690 y 158). Dentro de estas \u00faltimas sobresalen las l73 para Cirug\u00eda Ortop\u00e9dica y Traumatolog\u00eda (67 de turno libre y 6 de promoci\u00f3n); 69 para Anestesiolog\u00eda y Reanimaci\u00f3n (62 y 7); 51 para Pediatr\u00eda (31 y 20); 50 para Obstetricia y Ginecolog\u00eda (44 y 6); 50 para Medicina Interna (34 y 16), y 43 para Psiquiatr\u00eda (37 y 6).<\/p>\n<p>La lista se completa con los puestos correspondientes a celador (325 y 163); administrativo (172 y 172); pinche (191 y 57); fisioterapeuta (48 y 21); enfermero de salud mental (25 y 20) y enfermero de trabajo (4 y 2); cocinero (22 y 11); trabajador social (20 y 15); telefonista (12 y 12); veterinario A4 (33 y 1); monitor (13 y 6); m\u00e9dico de familia (12 y 3), y m\u00e9dico de administraci\u00f3n y documentaci\u00f3n cl\u00ednica (3 y 1).<\/p>\n<p>Los listados provisionales de admitidos de la convocatoria de 2016 saldr\u00e1n publicados despu\u00e9s del verano. En cuanto a la conjunta de 2013, 2014 y 2015, ya ha finalizado la fase de aportaci\u00f3n de m\u00e9ritos y ahora los tribunales los baremar\u00e1n para terminar el proceso.<\/p>\n<p>La convocatoria aprobada hoy mantendr\u00e1 los temarios del \u00faltimo concurso-oposici\u00f3n celebrado el pasado a\u00f1o. En la elaboraci\u00f3n de estos contenidos participaron grupos de expertos integrados por profesionales cualificados y representantes de sociedades cient\u00edficas. Asimismo, fueron analizados por las organizaciones sindicales con representaci\u00f3n en la Mesa Sectorial de Sanidad.<\/p>\n<p>Los profesionales del SAS que se presenten por el turno de promoci\u00f3n interna quedar\u00e1n exentos de las pruebas de temario com\u00fan, de cuyos contenidos ya se examinaron en su d\u00eda. Tambi\u00e9n se tiene en cuenta el ejercicio diario y la formaci\u00f3n continua que les permite mantener actualizados sus conocimientos.<\/p>\n<p>En la web del SAS, en el apartado de &#8216;profesionales&#8217;, pueden consultarse todas las novedades relativas a la oferta p\u00fablica de empleo.<\/p>\n<p>&nbsp;<\/p>\n","protected":false},"excerpt":{"rendered":"<p>El Consejo de Gobierno ha aprobado la oferta p\u00fablica de empleo del Servicio Andaluz de Salud (SAS) para 2017, con un total de 3.553 plazas de personal sanitario y no sanitario. Esta cifra se ajusta al 100% de la tasa de reposici\u00f3n de vacantes, por segunda vez despu\u00e9s de los tres a\u00f1os anteriores de restricciones [&hellip;]<\/p>\n","protected":false},"author":1,"featured_media":948433,"comment_status":"closed","ping_status":"closed","sticky":false,"template":"","format":"standard","meta":{"footnotes":""},"categories":[1],"tags":[],"class_list":["post-948432","post","type-post","status-publish","format-standard","has-post-thumbnail","hentry","category-actualidad"],"aioseo_notices":[],"aioseo_head":"\n\t\t<!-- All in One SEO Pro 5.0.1 - aioseo.com -->\n\t<meta name=\"description\" content=\"El Consejo de Gobierno ha aprobado la oferta p\u00fablica de empleo del Servicio Andaluz de Salud (SAS) para 2017, con un total de 3.553 plazas de personal sanitario y no sanitario. Esta cifra se ajusta al 100% de la tasa de reposici\u00f3n de vacantes, por segunda vez despu\u00e9s de los tres a\u00f1os anteriores de restricciones\" \/>\n\t<meta name=\"robots\" content=\"max-image-preview:large\" \/>\n\t<meta name=\"author\" content=\"El Digital de Asturias\"\/>\n\t<meta name=\"google-site-verification\" content=\"UA-38556648-1\" \/>\n\t<meta name=\"msvalidate.01\" content=\"7dfe9f3f1b24437ab69f4f2559babe99\" \/>\n\t<meta name=\"keywords\" content=\"actualidad\" \/>\n\t<link rel=\"canonical\" href=\"https:\/\/www.eldigitaldeasturias.com\/noticias\/la-junta-aprueba-la-oferta-publica-de-empleo-del-servicio-andaluz-de-salud-para-2017\/\" \/>\n\t<meta name=\"generator\" content=\"All in One SEO Pro (AIOSEO) 5.0.1\" \/>\n\t\t<meta property=\"og:locale\" content=\"es_ES\" \/>\n\t\t<meta property=\"og:site_name\" content=\"El Digital de Asturias\" \/>\n\t\t<meta property=\"og:type\" content=\"article\" \/>\n\t\t<meta property=\"og:title\" content=\"La Junta aprueba la oferta p\u00fablica de empleo del Servicio Andaluz de Salud para 2017 - El Digital de Asturias\" \/>\n\t\t<meta property=\"og:description\" content=\"El Consejo de Gobierno ha aprobado la oferta p\u00fablica de empleo del Servicio Andaluz de Salud (SAS) para 2017, con un total de 3.553 plazas de personal sanitario y no sanitario. Esta cifra se ajusta al 100% de la tasa de reposici\u00f3n de vacantes, por segunda vez despu\u00e9s de los tres a\u00f1os anteriores de restricciones\" \/>\n\t\t<meta property=\"og:url\" content=\"https:\/\/www.eldigitaldeasturias.com\/noticias\/la-junta-aprueba-la-oferta-publica-de-empleo-del-servicio-andaluz-de-salud-para-2017\/\" \/>\n\t\t<meta property=\"article:tag\" content=\"actualidad\" \/>\n\t\t<meta property=\"article:published_time\" content=\"2017-08-02T14:03:26+00:00\" \/>\n\t\t<meta property=\"article:modified_time\" content=\"2017-08-02T14:03:26+00:00\" \/>\n\t\t<meta property=\"article:publisher\" content=\"https:\/\/facebook.com\/eldigitaldeasturias\" \/>\n\t\t<meta name=\"twitter:card\" content=\"summary_large_image\" \/>\n\t\t<meta name=\"twitter:title\" content=\"La Junta aprueba la oferta p\u00fablica de empleo del Servicio Andaluz de Salud para 2017 - El Digital de Asturias\" \/>\n\t\t<meta name=\"twitter:description\" content=\"El Consejo de Gobierno ha aprobado la oferta p\u00fablica de empleo del Servicio Andaluz de Salud (SAS) para 2017, con un total de 3.553 plazas de personal sanitario y no sanitario. Esta cifra se ajusta al 100% de la tasa de reposici\u00f3n de vacantes, por segunda vez despu\u00e9s de los tres a\u00f1os anteriores de restricciones\" \/>\n\t\t<meta name=\"twitter:image\" content=\"https:\/\/www.eldigitaldeasturias.com\/noticias\/wp-content\/uploads\/2020\/12\/EDA-1.jpg\" \/>\n\t\t<meta name=\"twitter:label1\" content=\"Escrito por\" \/>\n\t\t<meta name=\"twitter:data1\" content=\"El Digital de Asturias\" \/>\n\t\t<meta name=\"twitter:label2\" content=\"Tiempo de lectura estimado\" \/>\n\t\t<meta name=\"twitter:data2\" content=\"2 minutos\" \/>\n\t\t<script type=\"application\/ld+json\" class=\"aioseo-schema\">\n\t\t\t{\"@context\":\"https:\\\/\\\/schema.org\",\"@graph\":[{\"@type\":\"BlogPosting\",\"@id\":\"https:\\\/\\\/www.eldigitaldeasturias.com\\\/noticias\\\/la-junta-aprueba-la-oferta-publica-de-empleo-del-servicio-andaluz-de-salud-para-2017\\\/#blogposting\",\"name\":\"La Junta aprueba la oferta p\\u00fablica de empleo del Servicio Andaluz de Salud para 2017 - El Digital de Asturias\",\"headline\":\"La Junta aprueba la oferta p\\u00fablica de empleo del Servicio Andaluz de Salud para 2017\",\"author\":{\"@id\":\"https:\\\/\\\/www.eldigitaldeasturias.com\\\/noticias\\\/author\\\/admin\\\/#author\"},\"publisher\":{\"@id\":\"https:\\\/\\\/www.eldigitaldeasturias.com\\\/noticias\\\/#organization\"},\"image\":{\"@type\":\"ImageObject\",\"url\":948433},\"datePublished\":\"2017-08-02T14:03:26+02:00\",\"dateModified\":\"2017-08-02T14:03:26+02:00\",\"inLanguage\":\"es-ES\",\"mainEntityOfPage\":{\"@id\":\"https:\\\/\\\/www.eldigitaldeasturias.com\\\/noticias\\\/la-junta-aprueba-la-oferta-publica-de-empleo-del-servicio-andaluz-de-salud-para-2017\\\/#webpage\"},\"isPartOf\":{\"@id\":\"https:\\\/\\\/www.eldigitaldeasturias.com\\\/noticias\\\/la-junta-aprueba-la-oferta-publica-de-empleo-del-servicio-andaluz-de-salud-para-2017\\\/#webpage\"},\"articleSection\":\"Actualidad\"},{\"@type\":\"BreadcrumbList\",\"@id\":\"https:\\\/\\\/www.eldigitaldeasturias.com\\\/noticias\\\/la-junta-aprueba-la-oferta-publica-de-empleo-del-servicio-andaluz-de-salud-para-2017\\\/#breadcrumblist\",\"itemListElement\":[{\"@type\":\"ListItem\",\"@id\":\"https:\\\/\\\/www.eldigitaldeasturias.com\\\/noticias#listItem\",\"position\":1,\"name\":\"Home\",\"item\":\"https:\\\/\\\/www.eldigitaldeasturias.com\\\/noticias\",\"nextItem\":{\"@type\":\"ListItem\",\"@id\":\"https:\\\/\\\/www.eldigitaldeasturias.com\\\/noticias\\\/category\\\/actualidad\\\/#listItem\",\"name\":\"Actualidad\"}},{\"@type\":\"ListItem\",\"@id\":\"https:\\\/\\\/www.eldigitaldeasturias.com\\\/noticias\\\/category\\\/actualidad\\\/#listItem\",\"position\":2,\"name\":\"Actualidad\",\"item\":\"https:\\\/\\\/www.eldigitaldeasturias.com\\\/noticias\\\/category\\\/actualidad\\\/\",\"nextItem\":{\"@type\":\"ListItem\",\"@id\":\"https:\\\/\\\/www.eldigitaldeasturias.com\\\/noticias\\\/la-junta-aprueba-la-oferta-publica-de-empleo-del-servicio-andaluz-de-salud-para-2017\\\/#listItem\",\"name\":\"La Junta aprueba la oferta p\\u00fablica de empleo del Servicio Andaluz de Salud para 2017\"},\"previousItem\":{\"@type\":\"ListItem\",\"@id\":\"https:\\\/\\\/www.eldigitaldeasturias.com\\\/noticias#listItem\",\"name\":\"Home\"}},{\"@type\":\"ListItem\",\"@id\":\"https:\\\/\\\/www.eldigitaldeasturias.com\\\/noticias\\\/la-junta-aprueba-la-oferta-publica-de-empleo-del-servicio-andaluz-de-salud-para-2017\\\/#listItem\",\"position\":3,\"name\":\"La Junta aprueba la oferta p\\u00fablica de empleo del Servicio Andaluz de Salud para 2017\",\"previousItem\":{\"@type\":\"ListItem\",\"@id\":\"https:\\\/\\\/www.eldigitaldeasturias.com\\\/noticias\\\/category\\\/actualidad\\\/#listItem\",\"name\":\"Actualidad\"}}]},{\"@type\":\"Organization\",\"@id\":\"https:\\\/\\\/www.eldigitaldeasturias.com\\\/noticias\\\/#organization\",\"name\":\"El Digital de Asturias\",\"description\":\"Hemeroteca\",\"url\":\"https:\\\/\\\/www.eldigitaldeasturias.com\\\/noticias\\\/\",\"email\":\"info@eldigitaldeasturias.com\",\"telephone\":\"+34652131393\",\"logo\":{\"@type\":\"ImageObject\",\"url\":\"https:\\\/\\\/www.eldigitaldeasturias.com\\\/noticias\\\/wp-content\\\/uploads\\\/2020\\\/12\\\/EDA.jpg\",\"@id\":\"https:\\\/\\\/www.eldigitaldeasturias.com\\\/noticias\\\/la-junta-aprueba-la-oferta-publica-de-empleo-del-servicio-andaluz-de-salud-para-2017\\\/#organizationLogo\"},\"image\":{\"@id\":\"https:\\\/\\\/www.eldigitaldeasturias.com\\\/noticias\\\/la-junta-aprueba-la-oferta-publica-de-empleo-del-servicio-andaluz-de-salud-para-2017\\\/#organizationLogo\"},\"sameAs\":[\"https:\\\/\\\/facebook.com\\\/eldigitaldeasturias\",\"https:\\\/\\\/www.youtube.com\\\/channel\\\/UCZP-2wLEB9Rv6erhFmqVnvg\"],\"address\":{\"@id\":\"https:\\\/\\\/www.eldigitaldeasturias.com\\\/noticias\\\/#postaladdress\",\"@type\":\"PostalAddress\",\"streetAddress\":\"san antonio 4\",\"postalCode\":\"33430\",\"addressLocality\":\"Cand\\u00e1s\",\"addressRegion\":\"Asturias\",\"addressCountry\":\"ES\"}},{\"@type\":\"Person\",\"@id\":\"https:\\\/\\\/www.eldigitaldeasturias.com\\\/noticias\\\/author\\\/admin\\\/#author\",\"url\":\"https:\\\/\\\/www.eldigitaldeasturias.com\\\/noticias\\\/author\\\/admin\\\/\",\"name\":\"El Digital de Asturias\",\"image\":{\"@type\":\"ImageObject\",\"@id\":\"https:\\\/\\\/www.eldigitaldeasturias.com\\\/noticias\\\/la-junta-aprueba-la-oferta-publica-de-empleo-del-servicio-andaluz-de-salud-para-2017\\\/#authorImage\",\"url\":\"https:\\\/\\\/secure.gravatar.com\\\/avatar\\\/df2aeffc32bcd13f8d26072ef8a91b623d677766deac7f97ca815868cd41bf5e?s=96&d=mm&r=g\",\"width\":96,\"height\":96,\"caption\":\"El Digital de Asturias\"}},{\"@type\":\"WebPage\",\"@id\":\"https:\\\/\\\/www.eldigitaldeasturias.com\\\/noticias\\\/la-junta-aprueba-la-oferta-publica-de-empleo-del-servicio-andaluz-de-salud-para-2017\\\/#webpage\",\"url\":\"https:\\\/\\\/www.eldigitaldeasturias.com\\\/noticias\\\/la-junta-aprueba-la-oferta-publica-de-empleo-del-servicio-andaluz-de-salud-para-2017\\\/\",\"name\":\"La Junta aprueba la oferta p\\u00fablica de empleo del Servicio Andaluz de Salud para 2017 - El Digital de Asturias\",\"description\":\"El Consejo de Gobierno ha aprobado la oferta p\\u00fablica de empleo del Servicio Andaluz de Salud (SAS) para 2017, con un total de 3.553 plazas de personal sanitario y no sanitario. Esta cifra se ajusta al 100% de la tasa de reposici\\u00f3n de vacantes, por segunda vez despu\\u00e9s de los tres a\\u00f1os anteriores de restricciones\",\"inLanguage\":\"es-ES\",\"isPartOf\":{\"@id\":\"https:\\\/\\\/www.eldigitaldeasturias.com\\\/noticias\\\/#website\"},\"breadcrumb\":{\"@id\":\"https:\\\/\\\/www.eldigitaldeasturias.com\\\/noticias\\\/la-junta-aprueba-la-oferta-publica-de-empleo-del-servicio-andaluz-de-salud-para-2017\\\/#breadcrumblist\"},\"author\":{\"@id\":\"https:\\\/\\\/www.eldigitaldeasturias.com\\\/noticias\\\/author\\\/admin\\\/#author\"},\"creator\":{\"@id\":\"https:\\\/\\\/www.eldigitaldeasturias.com\\\/noticias\\\/author\\\/admin\\\/#author\"},\"image\":{\"@type\":\"ImageObject\",\"url\":948433,\"@id\":\"https:\\\/\\\/www.eldigitaldeasturias.com\\\/noticias\\\/la-junta-aprueba-la-oferta-publica-de-empleo-del-servicio-andaluz-de-salud-para-2017\\\/#mainImage\"},\"primaryImageOfPage\":{\"@id\":\"https:\\\/\\\/www.eldigitaldeasturias.com\\\/noticias\\\/la-junta-aprueba-la-oferta-publica-de-empleo-del-servicio-andaluz-de-salud-para-2017\\\/#mainImage\"},\"datePublished\":\"2017-08-02T14:03:26+02:00\",\"dateModified\":\"2017-08-02T14:03:26+02:00\"},{\"@type\":\"WebSite\",\"@id\":\"https:\\\/\\\/www.eldigitaldeasturias.com\\\/noticias\\\/#website\",\"url\":\"https:\\\/\\\/www.eldigitaldeasturias.com\\\/noticias\\\/\",\"name\":\"El Digital de Asturias - Diario de actualidad y noticias\",\"alternateName\":\"El Digital de Asturias - Diario de actualidad y noticias\",\"description\":\"Hemeroteca\",\"inLanguage\":\"es-ES\",\"publisher\":{\"@id\":\"https:\\\/\\\/www.eldigitaldeasturias.com\\\/noticias\\\/#organization\"}}]}\n\t\t<\/script>\n\t\t<!-- All in One SEO Pro -->\r\n\t\t<title>La Junta aprueba la oferta p\u00fablica de empleo del Servicio Andaluz de Salud para 2017 - El Digital de Asturias<\/title>\n\n","aioseo_head_json":{"title":"La Junta aprueba la oferta p\u00fablica de empleo del Servicio Andaluz de Salud para 2017 - El Digital de Asturias","description":"El Consejo de Gobierno ha aprobado la oferta p\u00fablica de empleo del Servicio Andaluz de Salud (SAS) para 2017, con un total de 3.553 plazas de personal sanitario y no sanitario. Esta cifra se ajusta al 100% de la tasa de reposici\u00f3n de vacantes, por segunda vez despu\u00e9s de los tres a\u00f1os anteriores de restricciones","canonical_url":"https:\/\/www.eldigitaldeasturias.com\/noticias\/la-junta-aprueba-la-oferta-publica-de-empleo-del-servicio-andaluz-de-salud-para-2017\/","robots":"max-image-preview:large","keywords":"actualidad","webmasterTools":{"google-site-verification":"UA-38556648-1","msvalidate.01":"7dfe9f3f1b24437ab69f4f2559babe99","miscellaneous":""},"schema":{"@context":"https:\/\/schema.org","@graph":[{"@type":"BlogPosting","@id":"https:\/\/www.eldigitaldeasturias.com\/noticias\/la-junta-aprueba-la-oferta-publica-de-empleo-del-servicio-andaluz-de-salud-para-2017\/#blogposting","name":"La Junta aprueba la oferta p\u00fablica de empleo del Servicio Andaluz de Salud para 2017 - El Digital de Asturias","headline":"La Junta aprueba la oferta p\u00fablica de empleo del Servicio Andaluz de Salud para 2017","author":{"@id":"https:\/\/www.eldigitaldeasturias.com\/noticias\/author\/admin\/#author"},"publisher":{"@id":"https:\/\/www.eldigitaldeasturias.com\/noticias\/#organization"},"image":{"@type":"ImageObject","url":948433},"datePublished":"2017-08-02T14:03:26+02:00","dateModified":"2017-08-02T14:03:26+02:00","inLanguage":"es-ES","mainEntityOfPage":{"@id":"https:\/\/www.eldigitaldeasturias.com\/noticias\/la-junta-aprueba-la-oferta-publica-de-empleo-del-servicio-andaluz-de-salud-para-2017\/#webpage"},"isPartOf":{"@id":"https:\/\/www.eldigitaldeasturias.com\/noticias\/la-junta-aprueba-la-oferta-publica-de-empleo-del-servicio-andaluz-de-salud-para-2017\/#webpage"},"articleSection":"Actualidad"},{"@type":"BreadcrumbList","@id":"https:\/\/www.eldigitaldeasturias.com\/noticias\/la-junta-aprueba-la-oferta-publica-de-empleo-del-servicio-andaluz-de-salud-para-2017\/#breadcrumblist","itemListElement":[{"@type":"ListItem","@id":"https:\/\/www.eldigitaldeasturias.com\/noticias#listItem","position":1,"name":"Home","item":"https:\/\/www.eldigitaldeasturias.com\/noticias","nextItem":{"@type":"ListItem","@id":"https:\/\/www.eldigitaldeasturias.com\/noticias\/category\/actualidad\/#listItem","name":"Actualidad"}},{"@type":"ListItem","@id":"https:\/\/www.eldigitaldeasturias.com\/noticias\/category\/actualidad\/#listItem","position":2,"name":"Actualidad","item":"https:\/\/www.eldigitaldeasturias.com\/noticias\/category\/actualidad\/","nextItem":{"@type":"ListItem","@id":"https:\/\/www.eldigitaldeasturias.com\/noticias\/la-junta-aprueba-la-oferta-publica-de-empleo-del-servicio-andaluz-de-salud-para-2017\/#listItem","name":"La Junta aprueba la oferta p\u00fablica de empleo del Servicio Andaluz de Salud para 2017"},"previousItem":{"@type":"ListItem","@id":"https:\/\/www.eldigitaldeasturias.com\/noticias#listItem","name":"Home"}},{"@type":"ListItem","@id":"https:\/\/www.eldigitaldeasturias.com\/noticias\/la-junta-aprueba-la-oferta-publica-de-empleo-del-servicio-andaluz-de-salud-para-2017\/#listItem","position":3,"name":"La Junta aprueba la oferta p\u00fablica de empleo del Servicio Andaluz de Salud para 2017","previousItem":{"@type":"ListItem","@id":"https:\/\/www.eldigitaldeasturias.com\/noticias\/category\/actualidad\/#listItem","name":"Actualidad"}}]},{"@type":"Organization","@id":"https:\/\/www.eldigitaldeasturias.com\/noticias\/#organization","name":"El Digital de Asturias","description":"Hemeroteca","url":"https:\/\/www.eldigitaldeasturias.com\/noticias\/","email":"info@eldigitaldeasturias.com","telephone":"+34652131393","logo":{"@type":"ImageObject","url":"https:\/\/www.eldigitaldeasturias.com\/noticias\/wp-content\/uploads\/2020\/12\/EDA.jpg","@id":"https:\/\/www.eldigitaldeasturias.com\/noticias\/la-junta-aprueba-la-oferta-publica-de-empleo-del-servicio-andaluz-de-salud-para-2017\/#organizationLogo"},"image":{"@id":"https:\/\/www.eldigitaldeasturias.com\/noticias\/la-junta-aprueba-la-oferta-publica-de-empleo-del-servicio-andaluz-de-salud-para-2017\/#organizationLogo"},"sameAs":["https:\/\/facebook.com\/eldigitaldeasturias","https:\/\/www.youtube.com\/channel\/UCZP-2wLEB9Rv6erhFmqVnvg"],"address":{"@id":"https:\/\/www.eldigitaldeasturias.com\/noticias\/#postaladdress","@type":"PostalAddress","streetAddress":"san antonio 4","postalCode":"33430","addressLocality":"Cand\u00e1s","addressRegion":"Asturias","addressCountry":"ES"}},{"@type":"Person","@id":"https:\/\/www.eldigitaldeasturias.com\/noticias\/author\/admin\/#author","url":"https:\/\/www.eldigitaldeasturias.com\/noticias\/author\/admin\/","name":"El Digital de Asturias","image":{"@type":"ImageObject","@id":"https:\/\/www.eldigitaldeasturias.com\/noticias\/la-junta-aprueba-la-oferta-publica-de-empleo-del-servicio-andaluz-de-salud-para-2017\/#authorImage","url":"https:\/\/secure.gravatar.com\/avatar\/df2aeffc32bcd13f8d26072ef8a91b623d677766deac7f97ca815868cd41bf5e?s=96&d=mm&r=g","width":96,"height":96,"caption":"El Digital de Asturias"}},{"@type":"WebPage","@id":"https:\/\/www.eldigitaldeasturias.com\/noticias\/la-junta-aprueba-la-oferta-publica-de-empleo-del-servicio-andaluz-de-salud-para-2017\/#webpage","url":"https:\/\/www.eldigitaldeasturias.com\/noticias\/la-junta-aprueba-la-oferta-publica-de-empleo-del-servicio-andaluz-de-salud-para-2017\/","name":"La Junta aprueba la oferta p\u00fablica de empleo del Servicio Andaluz de Salud para 2017 - El Digital de Asturias","description":"El Consejo de Gobierno ha aprobado la oferta p\u00fablica de empleo del Servicio Andaluz de Salud (SAS) para 2017, con un total de 3.553 plazas de personal sanitario y no sanitario. Esta cifra se ajusta al 100% de la tasa de reposici\u00f3n de vacantes, por segunda vez despu\u00e9s de los tres a\u00f1os anteriores de restricciones","inLanguage":"es-ES","isPartOf":{"@id":"https:\/\/www.eldigitaldeasturias.com\/noticias\/#website"},"breadcrumb":{"@id":"https:\/\/www.eldigitaldeasturias.com\/noticias\/la-junta-aprueba-la-oferta-publica-de-empleo-del-servicio-andaluz-de-salud-para-2017\/#breadcrumblist"},"author":{"@id":"https:\/\/www.eldigitaldeasturias.com\/noticias\/author\/admin\/#author"},"creator":{"@id":"https:\/\/www.eldigitaldeasturias.com\/noticias\/author\/admin\/#author"},"image":{"@type":"ImageObject","url":948433,"@id":"https:\/\/www.eldigitaldeasturias.com\/noticias\/la-junta-aprueba-la-oferta-publica-de-empleo-del-servicio-andaluz-de-salud-para-2017\/#mainImage"},"primaryImageOfPage":{"@id":"https:\/\/www.eldigitaldeasturias.com\/noticias\/la-junta-aprueba-la-oferta-publica-de-empleo-del-servicio-andaluz-de-salud-para-2017\/#mainImage"},"datePublished":"2017-08-02T14:03:26+02:00","dateModified":"2017-08-02T14:03:26+02:00"},{"@type":"WebSite","@id":"https:\/\/www.eldigitaldeasturias.com\/noticias\/#website","url":"https:\/\/www.eldigitaldeasturias.com\/noticias\/","name":"El Digital de Asturias - Diario de actualidad y noticias","alternateName":"El Digital de Asturias - Diario de actualidad y noticias","description":"Hemeroteca","inLanguage":"es-ES","publisher":{"@id":"https:\/\/www.eldigitaldeasturias.com\/noticias\/#organization"}}]},"og:locale":"es_ES","og:site_name":"El Digital de Asturias","og:type":"article","og:title":"La Junta aprueba la oferta p\u00fablica de empleo del Servicio Andaluz de Salud para 2017 - El Digital de Asturias","og:description":"El Consejo de Gobierno ha aprobado la oferta p\u00fablica de empleo del Servicio Andaluz de Salud (SAS) para 2017, con un total de 3.553 plazas de personal sanitario y no sanitario. Esta cifra se ajusta al 100% de la tasa de reposici\u00f3n de vacantes, por segunda vez despu\u00e9s de los tres a\u00f1os anteriores de restricciones","og:url":"https:\/\/www.eldigitaldeasturias.com\/noticias\/la-junta-aprueba-la-oferta-publica-de-empleo-del-servicio-andaluz-de-salud-para-2017\/","article:tag":["actualidad"],"article:published_time":"2017-08-02T14:03:26+00:00","article:modified_time":"2017-08-02T14:03:26+00:00","article:publisher":"https:\/\/facebook.com\/eldigitaldeasturias","twitter:card":"summary_large_image","twitter:title":"La Junta aprueba la oferta p\u00fablica de empleo del Servicio Andaluz de Salud para 2017 - El Digital de Asturias","twitter:description":"El Consejo de Gobierno ha aprobado la oferta p\u00fablica de empleo del Servicio Andaluz de Salud (SAS) para 2017, con un total de 3.553 plazas de personal sanitario y no sanitario. Esta cifra se ajusta al 100% de la tasa de reposici\u00f3n de vacantes, por segunda vez despu\u00e9s de los tres a\u00f1os anteriores de restricciones","twitter:image":"https:\/\/www.eldigitaldeasturias.com\/noticias\/wp-content\/uploads\/2020\/12\/EDA-1.jpg","twitter:label1":"Escrito por","twitter:data1":"El Digital de Asturias","twitter:label2":"Tiempo de lectura estimado","twitter:data2":"2 minutos"},"aioseo_meta_data":{"post_id":"948432","title":null,"description":null,"keywords":null,"keyphrases":null,"primary_term":null,"canonical_url":null,"og_title":null,"og_description":null,"og_object_type":"default","og_image_type":"default","og_image_url":null,"og_image_width":null,"og_image_height":null,"og_image_custom_url":null,"og_image_custom_fields":null,"og_video":null,"og_custom_url":null,"og_article_section":null,"og_article_tags":null,"twitter_use_og":false,"twitter_card":"default","twitter_image_type":"default","twitter_image_url":null,"twitter_image_custom_url":null,"twitter_image_custom_fields":null,"twitter_title":null,"twitter_description":null,"schema":{"blockGraphs":[],"customGraphs":[],"default":{"data":{"Article":[],"Course":[],"Dataset":[],"FAQPage":[],"Movie":[],"Person":[],"Product":[],"ProductReview":[],"Car":[],"Recipe":[],"Service":[],"SoftwareApplication":[],"WebPage":[]},"graphName":"","isEnabled":true},"graphs":[],"defaultGraph":"","defaultPostTypeGraph":""},"schema_type":null,"schema_type_options":null,"pillar_content":false,"robots_default":true,"robots_noindex":false,"robots_noarchive":false,"robots_nosnippet":false,"robots_nofollow":false,"robots_noimageindex":false,"robots_noodp":false,"robots_notranslate":false,"robots_max_snippet":null,"robots_max_videopreview":null,"robots_max_imagepreview":"large","priority":null,"frequency":null,"local_seo":null,"seo_analyzer_scan_date":"2025-12-05 08:37:12","breadcrumb_settings":null,"limit_modified_date":false,"open_ai":null,"ai":null,"created":"2020-12-21 13:04:37","updated":"2025-12-05 08:37:12","focus_keyword":null,"additional_keywords":null,"truseo_locale":null},"aioseo_breadcrumb":"<div class=\"aioseo-breadcrumbs\"><span class=\"aioseo-breadcrumb\">\n\t<a href=\"https:\/\/www.eldigitaldeasturias.com\/noticias\" title=\"Home\">Home<\/a>\n<\/span><span class=\"aioseo-breadcrumb-separator\">\u2013<\/span><span class=\"aioseo-breadcrumb\">\n\t<a href=\"https:\/\/www.eldigitaldeasturias.com\/noticias\/category\/actualidad\/\" title=\"Actualidad\">Actualidad<\/a>\n<\/span><span class=\"aioseo-breadcrumb-separator\">\u2013<\/span><span class=\"aioseo-breadcrumb\">\n\t<a href=\"https:\/\/www.eldigitaldeasturias.com\/noticias\/la-junta-aprueba-la-oferta-publica-de-empleo-del-servicio-andaluz-de-salud-para-2017\/\" title=\"La Junta aprueba la oferta p\u00fablica de empleo del Servicio Andaluz de Salud para 2017\">La Junta aprueba la oferta p\u00fablica de empleo del Servicio Andaluz de Salud para 2017<\/a>\n<\/span><\/div>","aioseo_breadcrumb_json":[{"label":"Home","link":"https:\/\/www.eldigitaldeasturias.com\/noticias"},{"label":"Actualidad","link":"https:\/\/www.eldigitaldeasturias.com\/noticias\/category\/actualidad\/"},{"label":"La Junta aprueba la oferta p\u00fablica de empleo del Servicio Andaluz de Salud para 2017","link":"https:\/\/www.eldigitaldeasturias.com\/noticias\/la-junta-aprueba-la-oferta-publica-de-empleo-del-servicio-andaluz-de-salud-para-2017\/"}],"_links":{"self":[{"href":"https:\/\/www.eldigitaldeasturias.com\/noticias\/wp-json\/wp\/v2\/posts\/948432","targetHints":{"allow":["GET"]}}],"collection":[{"href":"https:\/\/www.eldigitaldeasturias.com\/noticias\/wp-json\/wp\/v2\/posts"}],"about":[{"href":"https:\/\/www.eldigitaldeasturias.com\/noticias\/wp-json\/wp\/v2\/types\/post"}],"author":[{"embeddable":true,"href":"https:\/\/www.eldigitaldeasturias.com\/noticias\/wp-json\/wp\/v2\/users\/1"}],"replies":[{"embeddable":true,"href":"https:\/\/www.eldigitaldeasturias.com\/noticias\/wp-json\/wp\/v2\/comments?post=948432"}],"version-history":[{"count":0,"href":"https:\/\/www.eldigitaldeasturias.com\/noticias\/wp-json\/wp\/v2\/posts\/948432\/revisions"}],"wp:attachment":[{"href":"https:\/\/www.eldigitaldeasturias.com\/noticias\/wp-json\/wp\/v2\/media?parent=948432"}],"wp:term":[{"taxonomy":"category","embeddable":true,"href":"https:\/\/www.eldigitaldeasturias.com\/noticias\/wp-json\/wp\/v2\/categories?post=948432"},{"taxonomy":"post_tag","embeddable":true,"href":"https:\/\/www.eldigitaldeasturias.com\/noticias\/wp-json\/wp\/v2\/tags?post=948432"}],"curies":[{"name":"wp","href":"https:\/\/api.w.org\/{rel}","templated":true}]}}