{"id":948430,"date":"2017-08-02T14:01:54","date_gmt":"2017-08-02T14:01:54","guid":{"rendered":"http:\/\/www.eldigitaldeasturias.com\/noticias\/?p=948430"},"modified":"2017-08-02T14:01:54","modified_gmt":"2017-08-02T14:01:54","slug":"andalucia-reforzara-la-lucha-contra-las-emisoras-ilegales","status":"publish","type":"post","link":"https:\/\/www.eldigitaldeasturias.com\/noticias\/andalucia-reforzara-la-lucha-contra-las-emisoras-ilegales\/","title":{"rendered":"Andaluc\u00eda reforzar\u00e1 la lucha contra las emisoras ilegales"},"content":{"rendered":"<p>El Consejo de Gobierno ha aprobado el proyecto de Ley Audiovisual de Andaluc\u00eda. El texto, que ser\u00e1 remitido al Parlamento auton\u00f3mico para su aprobaci\u00f3n definitiva, establece una regulaci\u00f3n integral de este sector estrat\u00e9gico para la econom\u00eda, la cohesi\u00f3n social y la proyecci\u00f3n cultural de la comunidad. Adem\u00e1s, incorpora medidas para asegurar la defensa del servicio p\u00fablico de forma que no puedan producirse privatizaciones ni externalizaciones.<\/p>\n<p>La futura norma cubrir\u00e1 aspectos insuficientemente desarrollados por la legislaci\u00f3n estatal b\u00e1sica en vigor desde 2010 (la Ley General de la Comunicaci\u00f3n Audiovisual), sobre todo en lo relativo a la ampliaci\u00f3n de los derechos de los usuarios, la protecci\u00f3n de los menores, la participaci\u00f3n de la ciudadan\u00eda, el control de las emisiones ilegales y reforzamiento de las sanciones. Una de sus principales novedades, tambi\u00e9n a nivel nacional, ser\u00e1 la regulaci\u00f3n de \u00e1mbitos del sector hasta ahora sin reconocimiento normativo, como es el caso del servicio p\u00fablico audiovisual que prestan universidades y centros docentes.<\/p>\n<p>Respecto a los derechos, el proyecto ampl\u00eda su cat\u00e1logo considerando a los usuarios no s\u00f3lo como destinatarios de los servicios sino como parte integrante de la comunicaci\u00f3n audiovisual. En este sentido, establece medidas para mejorar el acceso de la ciudadan\u00eda a los medios y el adecuado reflejo de la diversidad pol\u00edtica, cultural y social de la comunidad. Tambi\u00e9n impone obligaciones concretas a administraciones y medios de comunicaci\u00f3n para la protecci\u00f3n de los menores en sus derechos al honor, la identidad y la imagen, adem\u00e1s de garantizar el conocimiento de los contenidos de los servicios de televisi\u00f3n y sus horarios de emisi\u00f3n con una antelaci\u00f3n suficiente.<\/p>\n<p>Entre otras novedades, la norma andaluza ampliar\u00e1 las franjas horarias de protecci\u00f3n reforzada vigentes ahora y fijados por la legislaci\u00f3n estatal b\u00e1sica. As\u00ed, los contenidos calificados como recomendados a menores de 13 a\u00f1os deber\u00e1n incluirse entre las 7.00 y las 9.00 horas y entre las 17.00 y las 20.00 horas en el caso de d\u00edas laborables. Se aumenta as\u00ed en una hora la franja matutina, actualmente situada entre las 8.00 y las 9.00. Adem\u00e1s, los contenidos que puedan resultar perjudiciales para el desarrollo f\u00edsico, mental o moral de los menores s\u00f3lo podr\u00e1n emitirse en abierto entre las 23.00 y las 6.00 horas (actualmente la franja es 22.00-6.00). De forma similar, se garantizar\u00e1n los derechos de las personas con discapacidades auditivas y visuales con diversos requerimientos m\u00ednimos en cuanto a horas de emisi\u00f3n adaptada.<\/p>\n<p><strong>M\u00e1s participaci\u00f3n ciudadana<\/strong><\/p>\n<p>Con el fin de facilitar la implicaci\u00f3n de la sociedad, el proyecto recoge la creaci\u00f3n del Consejo de Participaci\u00f3n Audiovisual de Andaluc\u00eda, que estar\u00e1 integrado por representantes de la ciudadan\u00eda y de los agentes del sector. Este \u00f3rgano, cuya composici\u00f3n y funciones ser\u00e1n detalladas en desarrollo reglamentario posterior, deber\u00e1 reflejar la realidad plural de la comunidad y funcionar\u00e1 como garante de los derechos de la poblaci\u00f3n en relaci\u00f3n con la comunicaci\u00f3n audiovisual.<\/p>\n<p>La futura ley afectar\u00e1 a todos los prestadores de servicios en este \u00e1mbito, incluyendo los privados, los p\u00fablicos locales y el auton\u00f3mico. Por primera vez en Espa\u00f1a, tambi\u00e9n se reconocer\u00e1 y se dar\u00e1 cobertura legal a los que surgen en los \u00e1mbitos de las universidades y los centros docentes p\u00fablicos, as\u00ed como a los comunitarios sin \u00e1nimo de lucro. Con la definici\u00f3n de las condiciones de prestaci\u00f3n, la gesti\u00f3n de sus licencias y el control y supervisi\u00f3n de su funcionamiento, el proyecto alcanza as\u00ed la regulaci\u00f3n integral de todos los \u00e1mbitos del sector.<\/p>\n<p>En relaci\u00f3n con el apoyo a la actividad econ\u00f3mica y empresarial audiovisual, se establecen las bases de un sistema de incentivos y ayudas a la financiaci\u00f3n para respaldar proyectos de creaci\u00f3n, producci\u00f3n, distribuci\u00f3n, exhibici\u00f3n y promoci\u00f3n exterior. Estas ayudas, que tambi\u00e9n cubrir\u00e1n iniciativas de formaci\u00f3n e investigaci\u00f3n y otras vinculadas al turismo (como el fomento de nuevas rutas cinematogr\u00e1ficas), se concretar\u00e1n en el Plan de Ordenaci\u00f3n e Impulso al Sector Audiovisual.<\/p>\n<p>El proyecto introduce tambi\u00e9n destacadas novedades en relaci\u00f3n con los derechos y obligaciones de los prestadores de servicios audiovisuales y con los mecanismos de control vinculados a los de car\u00e1cter p\u00fablico local. Se detallan as\u00ed medidas para asegurar, con mayores garant\u00edas que la legislaci\u00f3n estatal, la prohibici\u00f3n efectiva de emitir publicidad en emisoras sin licencia. Con la nueva ley, los anunciantes, las agencias de publicidad y los terceros que contraten con emisoras sin t\u00edtulo habilitante ser\u00e1n tambi\u00e9n responsables.<\/p>\n<p>En la misma l\u00ednea de un mayor control para luchar contra la pirater\u00eda, se refuerzan la actividad inspectora y el r\u00e9gimen sancionador. En el primero de estos aspectos, la ley dotar\u00e1 a la Administraci\u00f3n auton\u00f3mica de nuevos mecanismos para acceder a los lugares que pueden estar vinculados a emisiones o servicios audiovisuales irregulares o ilegales. En este sentido, se crea la figura del \u00abcolaborador necesario\u00bb, por ejemplo, para los titulares de parcelas donde se sit\u00faen torres de emisi\u00f3n, que deben prestar su ayuda para el acceso a las mismas.<\/p>\n<p><strong>Sanciones<\/strong><\/p>\n<p>En cuanto al r\u00e9gimen disciplinario, el anteproyecto tipifica nuevas infracciones y sanciones para los casos de incumplimiento de esta colaboraci\u00f3n y tambi\u00e9n para quienes realizan comunicaciones comerciales con prestadores del servicio sin licencia. El texto actualiza las cuant\u00edas previstas en la ley b\u00e1sica para hacerlas m\u00e1s acordes con la realidad y dimensi\u00f3n del sector audiovisual en Andaluc\u00eda.<\/p>\n<p>Las sanciones para las infracciones tipificadas como muy graves, entre ellas la emisi\u00f3n sin licencia, oscilar\u00e1n entre 80.001 euros y un mill\u00f3n para los servicios de comunicaci\u00f3n televisiva, y entre 20.001 y 200.000 para los radiof\u00f3nicos.<\/p>\n<p>En el caso de las infracciones graves, como incumplir el deber de comunicaci\u00f3n previa o alterar los par\u00e1metros t\u00e9cnicos de emisi\u00f3n, se podr\u00e1n imponer sanciones de entre 20.001 y 80.000 euros para las televisiones y de entre 10.001 a 20.000 para las radios. El r\u00e9gimen sancionador se completa con multas para infracciones leves de hasta 20.000 y 10.000 euros, respectivamente.<\/p>\n<p>El proyecto de ley que ahora se remite al Parlamento es fruto del consenso con el sector audiovisual andaluz. El texto inicial ha estado precedido de 23 reuniones entre la Junta y m\u00e1s de medio centenar de entidades vinculadas con esta actividad.<\/p>\n<p>&nbsp;<\/p>\n","protected":false},"excerpt":{"rendered":"<p>El Consejo de Gobierno ha aprobado el proyecto de Ley Audiovisual de Andaluc\u00eda. El texto, que ser\u00e1 remitido al Parlamento auton\u00f3mico para su aprobaci\u00f3n definitiva, establece una regulaci\u00f3n integral de este sector estrat\u00e9gico para la econom\u00eda, la cohesi\u00f3n social y la proyecci\u00f3n cultural de la comunidad. Adem\u00e1s, incorpora medidas para asegurar la defensa del servicio [&hellip;]<\/p>\n","protected":false},"author":1,"featured_media":1132184,"comment_status":"closed","ping_status":"closed","sticky":false,"template":"","format":"standard","meta":{"footnotes":""},"categories":[1],"tags":[],"class_list":["post-948430","post","type-post","status-publish","format-standard","has-post-thumbnail","hentry","category-actualidad"],"aioseo_notices":[],"aioseo_head":"\n\t\t<!-- All in One SEO Pro 5.0.1 - aioseo.com -->\n\t<meta name=\"description\" content=\"El Consejo de Gobierno ha aprobado el proyecto de Ley Audiovisual de Andaluc\u00eda. El texto, que ser\u00e1 remitido al Parlamento auton\u00f3mico para su aprobaci\u00f3n definitiva, establece una regulaci\u00f3n integral de este sector estrat\u00e9gico para la econom\u00eda, la cohesi\u00f3n social y la proyecci\u00f3n cultural de la comunidad. Adem\u00e1s, incorpora medidas para asegurar la defensa del servicio\" \/>\n\t<meta name=\"robots\" content=\"max-image-preview:large\" \/>\n\t<meta name=\"author\" content=\"El Digital de Asturias\"\/>\n\t<meta name=\"google-site-verification\" content=\"UA-38556648-1\" \/>\n\t<meta name=\"msvalidate.01\" content=\"7dfe9f3f1b24437ab69f4f2559babe99\" \/>\n\t<meta name=\"keywords\" content=\"actualidad\" \/>\n\t<link rel=\"canonical\" href=\"https:\/\/www.eldigitaldeasturias.com\/noticias\/andalucia-reforzara-la-lucha-contra-las-emisoras-ilegales\/\" \/>\n\t<meta name=\"generator\" content=\"All in One SEO Pro (AIOSEO) 5.0.1\" \/>\n\t\t<meta property=\"og:locale\" content=\"es_ES\" \/>\n\t\t<meta property=\"og:site_name\" content=\"El Digital de Asturias\" \/>\n\t\t<meta property=\"og:type\" content=\"article\" \/>\n\t\t<meta property=\"og:title\" content=\"Andaluc\u00eda reforzar\u00e1 la lucha contra las emisoras ilegales - El Digital de Asturias\" \/>\n\t\t<meta property=\"og:description\" content=\"El Consejo de Gobierno ha aprobado el proyecto de Ley Audiovisual de Andaluc\u00eda. El texto, que ser\u00e1 remitido al Parlamento auton\u00f3mico para su aprobaci\u00f3n definitiva, establece una regulaci\u00f3n integral de este sector estrat\u00e9gico para la econom\u00eda, la cohesi\u00f3n social y la proyecci\u00f3n cultural de la comunidad. Adem\u00e1s, incorpora medidas para asegurar la defensa del servicio\" \/>\n\t\t<meta property=\"og:url\" content=\"https:\/\/www.eldigitaldeasturias.com\/noticias\/andalucia-reforzara-la-lucha-contra-las-emisoras-ilegales\/\" \/>\n\t\t<meta property=\"og:image\" content=\"https:\/\/www.eldigitaldeasturias.com\/noticias\/wp-content\/uploads\/2026\/06\/Contenidos.jpg\" \/>\n\t\t<meta property=\"og:image:secure_url\" content=\"https:\/\/www.eldigitaldeasturias.com\/noticias\/wp-content\/uploads\/2026\/06\/Contenidos.jpg\" \/>\n\t\t<meta property=\"og:image:width\" content=\"1265\" \/>\n\t\t<meta property=\"og:image:height\" content=\"697\" \/>\n\t\t<meta property=\"article:tag\" content=\"actualidad\" \/>\n\t\t<meta property=\"article:published_time\" content=\"2017-08-02T14:01:54+00:00\" \/>\n\t\t<meta property=\"article:modified_time\" content=\"2017-08-02T14:01:54+00:00\" \/>\n\t\t<meta property=\"article:publisher\" content=\"https:\/\/facebook.com\/eldigitaldeasturias\" \/>\n\t\t<meta name=\"twitter:card\" content=\"summary_large_image\" \/>\n\t\t<meta name=\"twitter:title\" content=\"Andaluc\u00eda reforzar\u00e1 la lucha contra las emisoras ilegales - El Digital de Asturias\" \/>\n\t\t<meta name=\"twitter:description\" content=\"El Consejo de Gobierno ha aprobado el proyecto de Ley Audiovisual de Andaluc\u00eda. El texto, que ser\u00e1 remitido al Parlamento auton\u00f3mico para su aprobaci\u00f3n definitiva, establece una regulaci\u00f3n integral de este sector estrat\u00e9gico para la econom\u00eda, la cohesi\u00f3n social y la proyecci\u00f3n cultural de la comunidad. Adem\u00e1s, incorpora medidas para asegurar la defensa del servicio\" \/>\n\t\t<meta name=\"twitter:image\" content=\"https:\/\/www.eldigitaldeasturias.com\/noticias\/wp-content\/uploads\/2026\/06\/Contenidos.jpg\" \/>\n\t\t<meta name=\"twitter:label1\" content=\"Escrito por\" \/>\n\t\t<meta name=\"twitter:data1\" content=\"El Digital de Asturias\" \/>\n\t\t<meta name=\"twitter:label2\" content=\"Tiempo de lectura estimado\" \/>\n\t\t<meta name=\"twitter:data2\" content=\"5 minutos\" \/>\n\t\t<script type=\"application\/ld+json\" class=\"aioseo-schema\">\n\t\t\t{\"@context\":\"https:\\\/\\\/schema.org\",\"@graph\":[{\"@type\":\"BlogPosting\",\"@id\":\"https:\\\/\\\/www.eldigitaldeasturias.com\\\/noticias\\\/andalucia-reforzara-la-lucha-contra-las-emisoras-ilegales\\\/#blogposting\",\"name\":\"Andaluc\\u00eda reforzar\\u00e1 la lucha contra las emisoras ilegales - El Digital de Asturias\",\"headline\":\"Andaluc\\u00eda reforzar\\u00e1 la lucha contra las emisoras ilegales\",\"author\":{\"@id\":\"https:\\\/\\\/www.eldigitaldeasturias.com\\\/noticias\\\/author\\\/admin\\\/#author\"},\"publisher\":{\"@id\":\"https:\\\/\\\/www.eldigitaldeasturias.com\\\/noticias\\\/#organization\"},\"image\":{\"@type\":\"ImageObject\",\"url\":\"https:\\\/\\\/www.eldigitaldeasturias.com\\\/noticias\\\/wp-content\\\/uploads\\\/2026\\\/06\\\/Contenidos.jpg\",\"width\":1265,\"height\":697,\"caption\":\"Contenidos\"},\"datePublished\":\"2017-08-02T14:01:54+02:00\",\"dateModified\":\"2017-08-02T14:01:54+02:00\",\"inLanguage\":\"es-ES\",\"mainEntityOfPage\":{\"@id\":\"https:\\\/\\\/www.eldigitaldeasturias.com\\\/noticias\\\/andalucia-reforzara-la-lucha-contra-las-emisoras-ilegales\\\/#webpage\"},\"isPartOf\":{\"@id\":\"https:\\\/\\\/www.eldigitaldeasturias.com\\\/noticias\\\/andalucia-reforzara-la-lucha-contra-las-emisoras-ilegales\\\/#webpage\"},\"articleSection\":\"Actualidad\"},{\"@type\":\"BreadcrumbList\",\"@id\":\"https:\\\/\\\/www.eldigitaldeasturias.com\\\/noticias\\\/andalucia-reforzara-la-lucha-contra-las-emisoras-ilegales\\\/#breadcrumblist\",\"itemListElement\":[{\"@type\":\"ListItem\",\"@id\":\"https:\\\/\\\/www.eldigitaldeasturias.com\\\/noticias#listItem\",\"position\":1,\"name\":\"Home\",\"item\":\"https:\\\/\\\/www.eldigitaldeasturias.com\\\/noticias\",\"nextItem\":{\"@type\":\"ListItem\",\"@id\":\"https:\\\/\\\/www.eldigitaldeasturias.com\\\/noticias\\\/category\\\/actualidad\\\/#listItem\",\"name\":\"Actualidad\"}},{\"@type\":\"ListItem\",\"@id\":\"https:\\\/\\\/www.eldigitaldeasturias.com\\\/noticias\\\/category\\\/actualidad\\\/#listItem\",\"position\":2,\"name\":\"Actualidad\",\"item\":\"https:\\\/\\\/www.eldigitaldeasturias.com\\\/noticias\\\/category\\\/actualidad\\\/\",\"nextItem\":{\"@type\":\"ListItem\",\"@id\":\"https:\\\/\\\/www.eldigitaldeasturias.com\\\/noticias\\\/andalucia-reforzara-la-lucha-contra-las-emisoras-ilegales\\\/#listItem\",\"name\":\"Andaluc\\u00eda reforzar\\u00e1 la lucha contra las emisoras ilegales\"},\"previousItem\":{\"@type\":\"ListItem\",\"@id\":\"https:\\\/\\\/www.eldigitaldeasturias.com\\\/noticias#listItem\",\"name\":\"Home\"}},{\"@type\":\"ListItem\",\"@id\":\"https:\\\/\\\/www.eldigitaldeasturias.com\\\/noticias\\\/andalucia-reforzara-la-lucha-contra-las-emisoras-ilegales\\\/#listItem\",\"position\":3,\"name\":\"Andaluc\\u00eda reforzar\\u00e1 la lucha contra las emisoras ilegales\",\"previousItem\":{\"@type\":\"ListItem\",\"@id\":\"https:\\\/\\\/www.eldigitaldeasturias.com\\\/noticias\\\/category\\\/actualidad\\\/#listItem\",\"name\":\"Actualidad\"}}]},{\"@type\":\"Organization\",\"@id\":\"https:\\\/\\\/www.eldigitaldeasturias.com\\\/noticias\\\/#organization\",\"name\":\"El Digital de Asturias\",\"description\":\"Hemeroteca\",\"url\":\"https:\\\/\\\/www.eldigitaldeasturias.com\\\/noticias\\\/\",\"email\":\"info@eldigitaldeasturias.com\",\"telephone\":\"+34652131393\",\"logo\":{\"@type\":\"ImageObject\",\"url\":\"https:\\\/\\\/www.eldigitaldeasturias.com\\\/noticias\\\/wp-content\\\/uploads\\\/2020\\\/12\\\/EDA.jpg\",\"@id\":\"https:\\\/\\\/www.eldigitaldeasturias.com\\\/noticias\\\/andalucia-reforzara-la-lucha-contra-las-emisoras-ilegales\\\/#organizationLogo\"},\"image\":{\"@id\":\"https:\\\/\\\/www.eldigitaldeasturias.com\\\/noticias\\\/andalucia-reforzara-la-lucha-contra-las-emisoras-ilegales\\\/#organizationLogo\"},\"sameAs\":[\"https:\\\/\\\/facebook.com\\\/eldigitaldeasturias\",\"https:\\\/\\\/www.youtube.com\\\/channel\\\/UCZP-2wLEB9Rv6erhFmqVnvg\"],\"address\":{\"@id\":\"https:\\\/\\\/www.eldigitaldeasturias.com\\\/noticias\\\/#postaladdress\",\"@type\":\"PostalAddress\",\"streetAddress\":\"san antonio 4\",\"postalCode\":\"33430\",\"addressLocality\":\"Cand\\u00e1s\",\"addressRegion\":\"Asturias\",\"addressCountry\":\"ES\"}},{\"@type\":\"Person\",\"@id\":\"https:\\\/\\\/www.eldigitaldeasturias.com\\\/noticias\\\/author\\\/admin\\\/#author\",\"url\":\"https:\\\/\\\/www.eldigitaldeasturias.com\\\/noticias\\\/author\\\/admin\\\/\",\"name\":\"El Digital de Asturias\",\"image\":{\"@type\":\"ImageObject\",\"@id\":\"https:\\\/\\\/www.eldigitaldeasturias.com\\\/noticias\\\/andalucia-reforzara-la-lucha-contra-las-emisoras-ilegales\\\/#authorImage\",\"url\":\"https:\\\/\\\/secure.gravatar.com\\\/avatar\\\/df2aeffc32bcd13f8d26072ef8a91b623d677766deac7f97ca815868cd41bf5e?s=96&d=mm&r=g\",\"width\":96,\"height\":96,\"caption\":\"El Digital de Asturias\"}},{\"@type\":\"WebPage\",\"@id\":\"https:\\\/\\\/www.eldigitaldeasturias.com\\\/noticias\\\/andalucia-reforzara-la-lucha-contra-las-emisoras-ilegales\\\/#webpage\",\"url\":\"https:\\\/\\\/www.eldigitaldeasturias.com\\\/noticias\\\/andalucia-reforzara-la-lucha-contra-las-emisoras-ilegales\\\/\",\"name\":\"Andaluc\\u00eda reforzar\\u00e1 la lucha contra las emisoras ilegales - El Digital de Asturias\",\"description\":\"El Consejo de Gobierno ha aprobado el proyecto de Ley Audiovisual de Andaluc\\u00eda. El texto, que ser\\u00e1 remitido al Parlamento auton\\u00f3mico para su aprobaci\\u00f3n definitiva, establece una regulaci\\u00f3n integral de este sector estrat\\u00e9gico para la econom\\u00eda, la cohesi\\u00f3n social y la proyecci\\u00f3n cultural de la comunidad. Adem\\u00e1s, incorpora medidas para asegurar la defensa del servicio\",\"inLanguage\":\"es-ES\",\"isPartOf\":{\"@id\":\"https:\\\/\\\/www.eldigitaldeasturias.com\\\/noticias\\\/#website\"},\"breadcrumb\":{\"@id\":\"https:\\\/\\\/www.eldigitaldeasturias.com\\\/noticias\\\/andalucia-reforzara-la-lucha-contra-las-emisoras-ilegales\\\/#breadcrumblist\"},\"author\":{\"@id\":\"https:\\\/\\\/www.eldigitaldeasturias.com\\\/noticias\\\/author\\\/admin\\\/#author\"},\"creator\":{\"@id\":\"https:\\\/\\\/www.eldigitaldeasturias.com\\\/noticias\\\/author\\\/admin\\\/#author\"},\"image\":{\"@type\":\"ImageObject\",\"url\":\"https:\\\/\\\/www.eldigitaldeasturias.com\\\/noticias\\\/wp-content\\\/uploads\\\/2026\\\/06\\\/Contenidos.jpg\",\"@id\":\"https:\\\/\\\/www.eldigitaldeasturias.com\\\/noticias\\\/andalucia-reforzara-la-lucha-contra-las-emisoras-ilegales\\\/#mainImage\",\"width\":1265,\"height\":697,\"caption\":\"Contenidos\"},\"primaryImageOfPage\":{\"@id\":\"https:\\\/\\\/www.eldigitaldeasturias.com\\\/noticias\\\/andalucia-reforzara-la-lucha-contra-las-emisoras-ilegales\\\/#mainImage\"},\"datePublished\":\"2017-08-02T14:01:54+02:00\",\"dateModified\":\"2017-08-02T14:01:54+02:00\"},{\"@type\":\"WebSite\",\"@id\":\"https:\\\/\\\/www.eldigitaldeasturias.com\\\/noticias\\\/#website\",\"url\":\"https:\\\/\\\/www.eldigitaldeasturias.com\\\/noticias\\\/\",\"name\":\"El Digital de Asturias - Diario de actualidad y noticias\",\"alternateName\":\"El Digital de Asturias - Diario de actualidad y noticias\",\"description\":\"Hemeroteca\",\"inLanguage\":\"es-ES\",\"publisher\":{\"@id\":\"https:\\\/\\\/www.eldigitaldeasturias.com\\\/noticias\\\/#organization\"}}]}\n\t\t<\/script>\n\t\t<!-- All in One SEO Pro -->\r\n\t\t<title>Andaluc\u00eda reforzar\u00e1 la lucha contra las emisoras ilegales - El Digital de Asturias<\/title>\n\n","aioseo_head_json":{"title":"Andaluc\u00eda reforzar\u00e1 la lucha contra las emisoras ilegales - El Digital de Asturias","description":"El Consejo de Gobierno ha aprobado el proyecto de Ley Audiovisual de Andaluc\u00eda. El texto, que ser\u00e1 remitido al Parlamento auton\u00f3mico para su aprobaci\u00f3n definitiva, establece una regulaci\u00f3n integral de este sector estrat\u00e9gico para la econom\u00eda, la cohesi\u00f3n social y la proyecci\u00f3n cultural de la comunidad. Adem\u00e1s, incorpora medidas para asegurar la defensa del servicio","canonical_url":"https:\/\/www.eldigitaldeasturias.com\/noticias\/andalucia-reforzara-la-lucha-contra-las-emisoras-ilegales\/","robots":"max-image-preview:large","keywords":"actualidad","webmasterTools":{"google-site-verification":"UA-38556648-1","msvalidate.01":"7dfe9f3f1b24437ab69f4f2559babe99","miscellaneous":""},"schema":{"@context":"https:\/\/schema.org","@graph":[{"@type":"BlogPosting","@id":"https:\/\/www.eldigitaldeasturias.com\/noticias\/andalucia-reforzara-la-lucha-contra-las-emisoras-ilegales\/#blogposting","name":"Andaluc\u00eda reforzar\u00e1 la lucha contra las emisoras ilegales - El Digital de Asturias","headline":"Andaluc\u00eda reforzar\u00e1 la lucha contra las emisoras ilegales","author":{"@id":"https:\/\/www.eldigitaldeasturias.com\/noticias\/author\/admin\/#author"},"publisher":{"@id":"https:\/\/www.eldigitaldeasturias.com\/noticias\/#organization"},"image":{"@type":"ImageObject","url":"https:\/\/www.eldigitaldeasturias.com\/noticias\/wp-content\/uploads\/2026\/06\/Contenidos.jpg","width":1265,"height":697,"caption":"Contenidos"},"datePublished":"2017-08-02T14:01:54+02:00","dateModified":"2017-08-02T14:01:54+02:00","inLanguage":"es-ES","mainEntityOfPage":{"@id":"https:\/\/www.eldigitaldeasturias.com\/noticias\/andalucia-reforzara-la-lucha-contra-las-emisoras-ilegales\/#webpage"},"isPartOf":{"@id":"https:\/\/www.eldigitaldeasturias.com\/noticias\/andalucia-reforzara-la-lucha-contra-las-emisoras-ilegales\/#webpage"},"articleSection":"Actualidad"},{"@type":"BreadcrumbList","@id":"https:\/\/www.eldigitaldeasturias.com\/noticias\/andalucia-reforzara-la-lucha-contra-las-emisoras-ilegales\/#breadcrumblist","itemListElement":[{"@type":"ListItem","@id":"https:\/\/www.eldigitaldeasturias.com\/noticias#listItem","position":1,"name":"Home","item":"https:\/\/www.eldigitaldeasturias.com\/noticias","nextItem":{"@type":"ListItem","@id":"https:\/\/www.eldigitaldeasturias.com\/noticias\/category\/actualidad\/#listItem","name":"Actualidad"}},{"@type":"ListItem","@id":"https:\/\/www.eldigitaldeasturias.com\/noticias\/category\/actualidad\/#listItem","position":2,"name":"Actualidad","item":"https:\/\/www.eldigitaldeasturias.com\/noticias\/category\/actualidad\/","nextItem":{"@type":"ListItem","@id":"https:\/\/www.eldigitaldeasturias.com\/noticias\/andalucia-reforzara-la-lucha-contra-las-emisoras-ilegales\/#listItem","name":"Andaluc\u00eda reforzar\u00e1 la lucha contra las emisoras ilegales"},"previousItem":{"@type":"ListItem","@id":"https:\/\/www.eldigitaldeasturias.com\/noticias#listItem","name":"Home"}},{"@type":"ListItem","@id":"https:\/\/www.eldigitaldeasturias.com\/noticias\/andalucia-reforzara-la-lucha-contra-las-emisoras-ilegales\/#listItem","position":3,"name":"Andaluc\u00eda reforzar\u00e1 la lucha contra las emisoras ilegales","previousItem":{"@type":"ListItem","@id":"https:\/\/www.eldigitaldeasturias.com\/noticias\/category\/actualidad\/#listItem","name":"Actualidad"}}]},{"@type":"Organization","@id":"https:\/\/www.eldigitaldeasturias.com\/noticias\/#organization","name":"El Digital de Asturias","description":"Hemeroteca","url":"https:\/\/www.eldigitaldeasturias.com\/noticias\/","email":"info@eldigitaldeasturias.com","telephone":"+34652131393","logo":{"@type":"ImageObject","url":"https:\/\/www.eldigitaldeasturias.com\/noticias\/wp-content\/uploads\/2020\/12\/EDA.jpg","@id":"https:\/\/www.eldigitaldeasturias.com\/noticias\/andalucia-reforzara-la-lucha-contra-las-emisoras-ilegales\/#organizationLogo"},"image":{"@id":"https:\/\/www.eldigitaldeasturias.com\/noticias\/andalucia-reforzara-la-lucha-contra-las-emisoras-ilegales\/#organizationLogo"},"sameAs":["https:\/\/facebook.com\/eldigitaldeasturias","https:\/\/www.youtube.com\/channel\/UCZP-2wLEB9Rv6erhFmqVnvg"],"address":{"@id":"https:\/\/www.eldigitaldeasturias.com\/noticias\/#postaladdress","@type":"PostalAddress","streetAddress":"san antonio 4","postalCode":"33430","addressLocality":"Cand\u00e1s","addressRegion":"Asturias","addressCountry":"ES"}},{"@type":"Person","@id":"https:\/\/www.eldigitaldeasturias.com\/noticias\/author\/admin\/#author","url":"https:\/\/www.eldigitaldeasturias.com\/noticias\/author\/admin\/","name":"El Digital de Asturias","image":{"@type":"ImageObject","@id":"https:\/\/www.eldigitaldeasturias.com\/noticias\/andalucia-reforzara-la-lucha-contra-las-emisoras-ilegales\/#authorImage","url":"https:\/\/secure.gravatar.com\/avatar\/df2aeffc32bcd13f8d26072ef8a91b623d677766deac7f97ca815868cd41bf5e?s=96&d=mm&r=g","width":96,"height":96,"caption":"El Digital de Asturias"}},{"@type":"WebPage","@id":"https:\/\/www.eldigitaldeasturias.com\/noticias\/andalucia-reforzara-la-lucha-contra-las-emisoras-ilegales\/#webpage","url":"https:\/\/www.eldigitaldeasturias.com\/noticias\/andalucia-reforzara-la-lucha-contra-las-emisoras-ilegales\/","name":"Andaluc\u00eda reforzar\u00e1 la lucha contra las emisoras ilegales - El Digital de Asturias","description":"El Consejo de Gobierno ha aprobado el proyecto de Ley Audiovisual de Andaluc\u00eda. El texto, que ser\u00e1 remitido al Parlamento auton\u00f3mico para su aprobaci\u00f3n definitiva, establece una regulaci\u00f3n integral de este sector estrat\u00e9gico para la econom\u00eda, la cohesi\u00f3n social y la proyecci\u00f3n cultural de la comunidad. Adem\u00e1s, incorpora medidas para asegurar la defensa del servicio","inLanguage":"es-ES","isPartOf":{"@id":"https:\/\/www.eldigitaldeasturias.com\/noticias\/#website"},"breadcrumb":{"@id":"https:\/\/www.eldigitaldeasturias.com\/noticias\/andalucia-reforzara-la-lucha-contra-las-emisoras-ilegales\/#breadcrumblist"},"author":{"@id":"https:\/\/www.eldigitaldeasturias.com\/noticias\/author\/admin\/#author"},"creator":{"@id":"https:\/\/www.eldigitaldeasturias.com\/noticias\/author\/admin\/#author"},"image":{"@type":"ImageObject","url":"https:\/\/www.eldigitaldeasturias.com\/noticias\/wp-content\/uploads\/2026\/06\/Contenidos.jpg","@id":"https:\/\/www.eldigitaldeasturias.com\/noticias\/andalucia-reforzara-la-lucha-contra-las-emisoras-ilegales\/#mainImage","width":1265,"height":697,"caption":"Contenidos"},"primaryImageOfPage":{"@id":"https:\/\/www.eldigitaldeasturias.com\/noticias\/andalucia-reforzara-la-lucha-contra-las-emisoras-ilegales\/#mainImage"},"datePublished":"2017-08-02T14:01:54+02:00","dateModified":"2017-08-02T14:01:54+02:00"},{"@type":"WebSite","@id":"https:\/\/www.eldigitaldeasturias.com\/noticias\/#website","url":"https:\/\/www.eldigitaldeasturias.com\/noticias\/","name":"El Digital de Asturias - Diario de actualidad y noticias","alternateName":"El Digital de Asturias - Diario de actualidad y noticias","description":"Hemeroteca","inLanguage":"es-ES","publisher":{"@id":"https:\/\/www.eldigitaldeasturias.com\/noticias\/#organization"}}]},"og:locale":"es_ES","og:site_name":"El Digital de Asturias","og:type":"article","og:title":"Andaluc\u00eda reforzar\u00e1 la lucha contra las emisoras ilegales - El Digital de Asturias","og:description":"El Consejo de Gobierno ha aprobado el proyecto de Ley Audiovisual de Andaluc\u00eda. El texto, que ser\u00e1 remitido al Parlamento auton\u00f3mico para su aprobaci\u00f3n definitiva, establece una regulaci\u00f3n integral de este sector estrat\u00e9gico para la econom\u00eda, la cohesi\u00f3n social y la proyecci\u00f3n cultural de la comunidad. Adem\u00e1s, incorpora medidas para asegurar la defensa del servicio","og:url":"https:\/\/www.eldigitaldeasturias.com\/noticias\/andalucia-reforzara-la-lucha-contra-las-emisoras-ilegales\/","og:image":"https:\/\/www.eldigitaldeasturias.com\/noticias\/wp-content\/uploads\/2026\/06\/Contenidos.jpg","og:image:secure_url":"https:\/\/www.eldigitaldeasturias.com\/noticias\/wp-content\/uploads\/2026\/06\/Contenidos.jpg","og:image:width":1265,"og:image:height":697,"article:tag":["actualidad"],"article:published_time":"2017-08-02T14:01:54+00:00","article:modified_time":"2017-08-02T14:01:54+00:00","article:publisher":"https:\/\/facebook.com\/eldigitaldeasturias","twitter:card":"summary_large_image","twitter:title":"Andaluc\u00eda reforzar\u00e1 la lucha contra las emisoras ilegales - El Digital de Asturias","twitter:description":"El Consejo de Gobierno ha aprobado el proyecto de Ley Audiovisual de Andaluc\u00eda. El texto, que ser\u00e1 remitido al Parlamento auton\u00f3mico para su aprobaci\u00f3n definitiva, establece una regulaci\u00f3n integral de este sector estrat\u00e9gico para la econom\u00eda, la cohesi\u00f3n social y la proyecci\u00f3n cultural de la comunidad. Adem\u00e1s, incorpora medidas para asegurar la defensa del servicio","twitter:image":"https:\/\/www.eldigitaldeasturias.com\/noticias\/wp-content\/uploads\/2026\/06\/Contenidos.jpg","twitter:label1":"Escrito por","twitter:data1":"El Digital de Asturias","twitter:label2":"Tiempo de lectura estimado","twitter:data2":"5 minutos"},"aioseo_meta_data":{"post_id":"948430","title":null,"description":null,"keywords":null,"keyphrases":null,"primary_term":null,"canonical_url":null,"og_title":null,"og_description":null,"og_object_type":"default","og_image_type":"default","og_image_url":null,"og_image_width":null,"og_image_height":null,"og_image_custom_url":null,"og_image_custom_fields":null,"og_video":null,"og_custom_url":null,"og_article_section":null,"og_article_tags":null,"twitter_use_og":false,"twitter_card":"default","twitter_image_type":"default","twitter_image_url":null,"twitter_image_custom_url":null,"twitter_image_custom_fields":null,"twitter_title":null,"twitter_description":null,"schema":{"blockGraphs":[],"customGraphs":[],"default":{"data":{"Article":[],"Course":[],"Dataset":[],"FAQPage":[],"Movie":[],"Person":[],"Product":[],"ProductReview":[],"Car":[],"Recipe":[],"Service":[],"SoftwareApplication":[],"WebPage":[]},"graphName":"","isEnabled":true},"graphs":[],"defaultGraph":"","defaultPostTypeGraph":""},"schema_type":null,"schema_type_options":null,"pillar_content":false,"robots_default":true,"robots_noindex":false,"robots_noarchive":false,"robots_nosnippet":false,"robots_nofollow":false,"robots_noimageindex":false,"robots_noodp":false,"robots_notranslate":false,"robots_max_snippet":null,"robots_max_videopreview":null,"robots_max_imagepreview":"large","priority":null,"frequency":null,"local_seo":null,"seo_analyzer_scan_date":"2025-12-05 08:37:11","breadcrumb_settings":null,"limit_modified_date":false,"open_ai":null,"ai":null,"created":"2020-12-21 13:04:37","updated":"2025-12-05 08:37:11","focus_keyword":null,"additional_keywords":null,"truseo_locale":null},"aioseo_breadcrumb":"<div class=\"aioseo-breadcrumbs\"><span class=\"aioseo-breadcrumb\">\n\t<a href=\"https:\/\/www.eldigitaldeasturias.com\/noticias\" title=\"Home\">Home<\/a>\n<\/span><span class=\"aioseo-breadcrumb-separator\">\u2013<\/span><span class=\"aioseo-breadcrumb\">\n\t<a href=\"https:\/\/www.eldigitaldeasturias.com\/noticias\/category\/actualidad\/\" title=\"Actualidad\">Actualidad<\/a>\n<\/span><span class=\"aioseo-breadcrumb-separator\">\u2013<\/span><span class=\"aioseo-breadcrumb\">\n\t<a href=\"https:\/\/www.eldigitaldeasturias.com\/noticias\/andalucia-reforzara-la-lucha-contra-las-emisoras-ilegales\/\" title=\"Andaluc\u00eda reforzar\u00e1 la lucha contra las emisoras ilegales\">Andaluc\u00eda reforzar\u00e1 la lucha contra las emisoras ilegales<\/a>\n<\/span><\/div>","aioseo_breadcrumb_json":[{"label":"Home","link":"https:\/\/www.eldigitaldeasturias.com\/noticias"},{"label":"Actualidad","link":"https:\/\/www.eldigitaldeasturias.com\/noticias\/category\/actualidad\/"},{"label":"Andaluc\u00eda reforzar\u00e1 la lucha contra las emisoras ilegales","link":"https:\/\/www.eldigitaldeasturias.com\/noticias\/andalucia-reforzara-la-lucha-contra-las-emisoras-ilegales\/"}],"_links":{"self":[{"href":"https:\/\/www.eldigitaldeasturias.com\/noticias\/wp-json\/wp\/v2\/posts\/948430","targetHints":{"allow":["GET"]}}],"collection":[{"href":"https:\/\/www.eldigitaldeasturias.com\/noticias\/wp-json\/wp\/v2\/posts"}],"about":[{"href":"https:\/\/www.eldigitaldeasturias.com\/noticias\/wp-json\/wp\/v2\/types\/post"}],"author":[{"embeddable":true,"href":"https:\/\/www.eldigitaldeasturias.com\/noticias\/wp-json\/wp\/v2\/users\/1"}],"replies":[{"embeddable":true,"href":"https:\/\/www.eldigitaldeasturias.com\/noticias\/wp-json\/wp\/v2\/comments?post=948430"}],"version-history":[{"count":0,"href":"https:\/\/www.eldigitaldeasturias.com\/noticias\/wp-json\/wp\/v2\/posts\/948430\/revisions"}],"wp:featuredmedia":[{"embeddable":true,"href":"https:\/\/www.eldigitaldeasturias.com\/noticias\/wp-json\/wp\/v2\/media\/1132184"}],"wp:attachment":[{"href":"https:\/\/www.eldigitaldeasturias.com\/noticias\/wp-json\/wp\/v2\/media?parent=948430"}],"wp:term":[{"taxonomy":"category","embeddable":true,"href":"https:\/\/www.eldigitaldeasturias.com\/noticias\/wp-json\/wp\/v2\/categories?post=948430"},{"taxonomy":"post_tag","embeddable":true,"href":"https:\/\/www.eldigitaldeasturias.com\/noticias\/wp-json\/wp\/v2\/tags?post=948430"}],"curies":[{"name":"wp","href":"https:\/\/api.w.org\/{rel}","templated":true}]}}