{"id":948427,"date":"2017-08-02T13:56:55","date_gmt":"2017-08-02T13:56:55","guid":{"rendered":"http:\/\/www.eldigitaldeasturias.com\/noticias\/?p=948427"},"modified":"2017-08-02T13:56:55","modified_gmt":"2017-08-02T13:56:55","slug":"aragon-solicita-al-mapama-que-pida-nuevos-cupos-de-retirada-de-fruta-de-hueso-a-europa","status":"publish","type":"post","link":"https:\/\/www.eldigitaldeasturias.com\/noticias\/aragon-solicita-al-mapama-que-pida-nuevos-cupos-de-retirada-de-fruta-de-hueso-a-europa\/","title":{"rendered":"Arag\u00f3n solicita al Mapama que pida nuevos cupos de retirada de fruta de hueso a Europa"},"content":{"rendered":"<p><img loading=\"lazy\" decoding=\"async\" class=\"alignleft size-medium wp-image-948428\" src=\"https:\/\/www.eldigitaldeasturias.com\/noticias\/wp-content\/uploads\/2017\/08\/MELOCOTONES_CALANDA-360x159.jpg\" alt=\"\" width=\"360\" height=\"159\" \/>El director general de Producci\u00f3n Agraria del departamento de Desarrollo Rural y Sostenibilidad, Jos\u00e9 Mar\u00eda Salamero, ha enviado esta ma\u00f1ana una carta al director general de Producciones y Mercados Agrarios del Ministerio de Agricultura, Fernando Miranda, para trasladarle la situaci\u00f3n de la presente campa\u00f1a de fruta dulce en Arag\u00f3n.<\/p>\n<p>En la misiva, Salamero le pide tambi\u00e9n que la transmita a la Comisi\u00f3n Europea y solicite al mismo tiempo una nueva asignaci\u00f3n de cupos para la retirada de fruta del mercado en la comunidad aut\u00f3noma. El departamento, de acuerdo con las organizaciones agrarias, ha fijado las necesidades en 20 000 toneladas.<\/p>\n<p>\u201cLas medidas excepcionales adoptadas para intentar paliar los efectos del veto ruso se han mostrado completamente insuficientes\u201d, indica en el texto el director general aragon\u00e9s, quien explica asimismo que el cupo de melocot\u00f3n\/nectarina asignado a Espa\u00f1a que restaba para el periodo agosto-septiembre se ha superado ampliamente el primer d\u00eda. \u201cEste cupo tan solo cubre el 10% de las notificaciones recibidas desde el sector\u201d, aclara, para se\u00f1alar a continuaci\u00f3n que el este \u00faltimo se encuentra ante \u201cuna grave situaci\u00f3n de crisis\u201d, ya que con las retiradas efectuadas \u201cno se ha conseguido la recuperaci\u00f3n de los precios a unos niveles adecuados que permitan a los productores afrontar los costes m\u00ednimos\u201d.<\/p>\n<p>Por todo ello, concluye Salamero, \u201cse entiende que deber\u00eda trasladarse a la Comisi\u00f3n la situaci\u00f3n de crisis en la que se encuentra el sector de la fruta de hueso en Arag\u00f3n y la necesidad de una nueva asignaci\u00f3n de cupos, que para la comunidad aut\u00f3noma se estima deber\u00eda ser como m\u00ednimo de 20 000 t\u201d. Esta es la cantidad que desde Desarrollo Rural se considera que incidir\u00eda directamente en la recuperaci\u00f3n de precios.<\/p>\n<p>El consejero de Desarrollo Rural y Sostenibilidad, Joaqu\u00edn Olona, y el director general de Producci\u00f3n Agraria se reunieron ayer con los representantes del sector y acordaron realizar esta petici\u00f3n de forma coordinada con Catalu\u00f1a, dados los intereses comunes que existen entre ambas comunidades y la similitud del estado de la campa\u00f1a en ambas.<\/p>\n<p>En ese encuentro, los responsables de la agricultura aragonesa informaron de que ya hab\u00edan solicitado al ministerio la asignaci\u00f3n de las 2000 toneladas reservadas para la fruta de pepita a la de hueso, algo sobre lo que todav\u00eda no se ha tomado una determinaci\u00f3n en Madrid.<\/p>\n<p>Por otra parte, y ya que las crisis de mercado son habituales en el sector, tambi\u00e9n hicieron hincapi\u00e9 en la necesidad de reforzar las estrategias de ordenaci\u00f3n y concentraci\u00f3n de la oferta a trav\u00e9s de las organizaciones de productores, algo en lo que todav\u00eda se puede mejorar mucho y que ser\u00eda una soluci\u00f3n m\u00e1s eficaz frente a este problema.<\/p>\n<p>&nbsp;<\/p>\n","protected":false},"excerpt":{"rendered":"<p>El director general de Producci\u00f3n Agraria del departamento de Desarrollo Rural y Sostenibilidad, Jos\u00e9 Mar\u00eda Salamero, ha enviado esta ma\u00f1ana una carta al director general de Producciones y Mercados Agrarios del Ministerio de Agricultura, Fernando Miranda, para trasladarle la situaci\u00f3n de la presente campa\u00f1a de fruta dulce en Arag\u00f3n. En la misiva, Salamero le pide [&hellip;]<\/p>\n","protected":false},"author":1,"featured_media":948428,"comment_status":"closed","ping_status":"closed","sticky":false,"template":"","format":"standard","meta":{"footnotes":""},"categories":[1],"tags":[],"class_list":["post-948427","post","type-post","status-publish","format-standard","has-post-thumbnail","hentry","category-actualidad"],"aioseo_notices":[],"aioseo_head":"\n\t\t<!-- All in One SEO Pro 5.0.1 - aioseo.com -->\n\t<meta name=\"description\" content=\"El director general de Producci\u00f3n Agraria del departamento de Desarrollo Rural y Sostenibilidad, Jos\u00e9 Mar\u00eda Salamero, ha enviado esta ma\u00f1ana una carta al director general de Producciones y Mercados Agrarios del Ministerio de Agricultura, Fernando Miranda, para trasladarle la situaci\u00f3n de la presente campa\u00f1a de fruta dulce en Arag\u00f3n. En la misiva, Salamero le pide\" \/>\n\t<meta name=\"robots\" content=\"max-image-preview:large\" \/>\n\t<meta name=\"author\" content=\"El Digital de Asturias\"\/>\n\t<meta name=\"google-site-verification\" content=\"UA-38556648-1\" \/>\n\t<meta name=\"msvalidate.01\" content=\"7dfe9f3f1b24437ab69f4f2559babe99\" \/>\n\t<meta name=\"keywords\" content=\"actualidad\" \/>\n\t<link rel=\"canonical\" href=\"https:\/\/www.eldigitaldeasturias.com\/noticias\/aragon-solicita-al-mapama-que-pida-nuevos-cupos-de-retirada-de-fruta-de-hueso-a-europa\/\" \/>\n\t<meta name=\"generator\" content=\"All in One SEO Pro (AIOSEO) 5.0.1\" \/>\n\t\t<meta property=\"og:locale\" content=\"es_ES\" \/>\n\t\t<meta property=\"og:site_name\" content=\"El Digital de Asturias\" \/>\n\t\t<meta property=\"og:type\" content=\"article\" \/>\n\t\t<meta property=\"og:title\" content=\"Arag\u00f3n solicita al Mapama que pida nuevos cupos de retirada de fruta de hueso a Europa - El Digital de Asturias\" \/>\n\t\t<meta property=\"og:description\" content=\"El director general de Producci\u00f3n Agraria del departamento de Desarrollo Rural y Sostenibilidad, Jos\u00e9 Mar\u00eda Salamero, ha enviado esta ma\u00f1ana una carta al director general de Producciones y Mercados Agrarios del Ministerio de Agricultura, Fernando Miranda, para trasladarle la situaci\u00f3n de la presente campa\u00f1a de fruta dulce en Arag\u00f3n. En la misiva, Salamero le pide\" \/>\n\t\t<meta property=\"og:url\" content=\"https:\/\/www.eldigitaldeasturias.com\/noticias\/aragon-solicita-al-mapama-que-pida-nuevos-cupos-de-retirada-de-fruta-de-hueso-a-europa\/\" \/>\n\t\t<meta property=\"article:tag\" content=\"actualidad\" \/>\n\t\t<meta property=\"article:published_time\" content=\"2017-08-02T13:56:55+00:00\" \/>\n\t\t<meta property=\"article:modified_time\" content=\"2017-08-02T13:56:55+00:00\" \/>\n\t\t<meta property=\"article:publisher\" content=\"https:\/\/facebook.com\/eldigitaldeasturias\" \/>\n\t\t<meta name=\"twitter:card\" content=\"summary_large_image\" \/>\n\t\t<meta name=\"twitter:title\" content=\"Arag\u00f3n solicita al Mapama que pida nuevos cupos de retirada de fruta de hueso a Europa - El Digital de Asturias\" \/>\n\t\t<meta name=\"twitter:description\" content=\"El director general de Producci\u00f3n Agraria del departamento de Desarrollo Rural y Sostenibilidad, Jos\u00e9 Mar\u00eda Salamero, ha enviado esta ma\u00f1ana una carta al director general de Producciones y Mercados Agrarios del Ministerio de Agricultura, Fernando Miranda, para trasladarle la situaci\u00f3n de la presente campa\u00f1a de fruta dulce en Arag\u00f3n. En la misiva, Salamero le pide\" \/>\n\t\t<meta name=\"twitter:image\" content=\"https:\/\/www.eldigitaldeasturias.com\/noticias\/wp-content\/uploads\/2020\/12\/EDA-1.jpg\" \/>\n\t\t<meta name=\"twitter:label1\" content=\"Escrito por\" \/>\n\t\t<meta name=\"twitter:data1\" content=\"El Digital de Asturias\" \/>\n\t\t<meta name=\"twitter:label2\" content=\"Tiempo de lectura estimado\" \/>\n\t\t<meta name=\"twitter:data2\" content=\"2 minutos\" \/>\n\t\t<script type=\"application\/ld+json\" class=\"aioseo-schema\">\n\t\t\t{\"@context\":\"https:\\\/\\\/schema.org\",\"@graph\":[{\"@type\":\"BlogPosting\",\"@id\":\"https:\\\/\\\/www.eldigitaldeasturias.com\\\/noticias\\\/aragon-solicita-al-mapama-que-pida-nuevos-cupos-de-retirada-de-fruta-de-hueso-a-europa\\\/#blogposting\",\"name\":\"Arag\\u00f3n solicita al Mapama que pida nuevos cupos de retirada de fruta de hueso a Europa - El Digital de Asturias\",\"headline\":\"Arag\\u00f3n solicita al Mapama que pida nuevos cupos de retirada de fruta de hueso a Europa\",\"author\":{\"@id\":\"https:\\\/\\\/www.eldigitaldeasturias.com\\\/noticias\\\/author\\\/admin\\\/#author\"},\"publisher\":{\"@id\":\"https:\\\/\\\/www.eldigitaldeasturias.com\\\/noticias\\\/#organization\"},\"image\":{\"@type\":\"ImageObject\",\"url\":948428},\"datePublished\":\"2017-08-02T13:56:55+02:00\",\"dateModified\":\"2017-08-02T13:56:55+02:00\",\"inLanguage\":\"es-ES\",\"mainEntityOfPage\":{\"@id\":\"https:\\\/\\\/www.eldigitaldeasturias.com\\\/noticias\\\/aragon-solicita-al-mapama-que-pida-nuevos-cupos-de-retirada-de-fruta-de-hueso-a-europa\\\/#webpage\"},\"isPartOf\":{\"@id\":\"https:\\\/\\\/www.eldigitaldeasturias.com\\\/noticias\\\/aragon-solicita-al-mapama-que-pida-nuevos-cupos-de-retirada-de-fruta-de-hueso-a-europa\\\/#webpage\"},\"articleSection\":\"Actualidad\"},{\"@type\":\"BreadcrumbList\",\"@id\":\"https:\\\/\\\/www.eldigitaldeasturias.com\\\/noticias\\\/aragon-solicita-al-mapama-que-pida-nuevos-cupos-de-retirada-de-fruta-de-hueso-a-europa\\\/#breadcrumblist\",\"itemListElement\":[{\"@type\":\"ListItem\",\"@id\":\"https:\\\/\\\/www.eldigitaldeasturias.com\\\/noticias#listItem\",\"position\":1,\"name\":\"Home\",\"item\":\"https:\\\/\\\/www.eldigitaldeasturias.com\\\/noticias\",\"nextItem\":{\"@type\":\"ListItem\",\"@id\":\"https:\\\/\\\/www.eldigitaldeasturias.com\\\/noticias\\\/category\\\/actualidad\\\/#listItem\",\"name\":\"Actualidad\"}},{\"@type\":\"ListItem\",\"@id\":\"https:\\\/\\\/www.eldigitaldeasturias.com\\\/noticias\\\/category\\\/actualidad\\\/#listItem\",\"position\":2,\"name\":\"Actualidad\",\"item\":\"https:\\\/\\\/www.eldigitaldeasturias.com\\\/noticias\\\/category\\\/actualidad\\\/\",\"nextItem\":{\"@type\":\"ListItem\",\"@id\":\"https:\\\/\\\/www.eldigitaldeasturias.com\\\/noticias\\\/aragon-solicita-al-mapama-que-pida-nuevos-cupos-de-retirada-de-fruta-de-hueso-a-europa\\\/#listItem\",\"name\":\"Arag\\u00f3n solicita al Mapama que pida nuevos cupos de retirada de fruta de hueso a Europa\"},\"previousItem\":{\"@type\":\"ListItem\",\"@id\":\"https:\\\/\\\/www.eldigitaldeasturias.com\\\/noticias#listItem\",\"name\":\"Home\"}},{\"@type\":\"ListItem\",\"@id\":\"https:\\\/\\\/www.eldigitaldeasturias.com\\\/noticias\\\/aragon-solicita-al-mapama-que-pida-nuevos-cupos-de-retirada-de-fruta-de-hueso-a-europa\\\/#listItem\",\"position\":3,\"name\":\"Arag\\u00f3n solicita al Mapama que pida nuevos cupos de retirada de fruta de hueso a Europa\",\"previousItem\":{\"@type\":\"ListItem\",\"@id\":\"https:\\\/\\\/www.eldigitaldeasturias.com\\\/noticias\\\/category\\\/actualidad\\\/#listItem\",\"name\":\"Actualidad\"}}]},{\"@type\":\"Organization\",\"@id\":\"https:\\\/\\\/www.eldigitaldeasturias.com\\\/noticias\\\/#organization\",\"name\":\"El Digital de Asturias\",\"description\":\"Hemeroteca\",\"url\":\"https:\\\/\\\/www.eldigitaldeasturias.com\\\/noticias\\\/\",\"email\":\"info@eldigitaldeasturias.com\",\"telephone\":\"+34652131393\",\"logo\":{\"@type\":\"ImageObject\",\"url\":\"https:\\\/\\\/www.eldigitaldeasturias.com\\\/noticias\\\/wp-content\\\/uploads\\\/2020\\\/12\\\/EDA.jpg\",\"@id\":\"https:\\\/\\\/www.eldigitaldeasturias.com\\\/noticias\\\/aragon-solicita-al-mapama-que-pida-nuevos-cupos-de-retirada-de-fruta-de-hueso-a-europa\\\/#organizationLogo\"},\"image\":{\"@id\":\"https:\\\/\\\/www.eldigitaldeasturias.com\\\/noticias\\\/aragon-solicita-al-mapama-que-pida-nuevos-cupos-de-retirada-de-fruta-de-hueso-a-europa\\\/#organizationLogo\"},\"sameAs\":[\"https:\\\/\\\/facebook.com\\\/eldigitaldeasturias\",\"https:\\\/\\\/www.youtube.com\\\/channel\\\/UCZP-2wLEB9Rv6erhFmqVnvg\"],\"address\":{\"@id\":\"https:\\\/\\\/www.eldigitaldeasturias.com\\\/noticias\\\/#postaladdress\",\"@type\":\"PostalAddress\",\"streetAddress\":\"san antonio 4\",\"postalCode\":\"33430\",\"addressLocality\":\"Cand\\u00e1s\",\"addressRegion\":\"Asturias\",\"addressCountry\":\"ES\"}},{\"@type\":\"Person\",\"@id\":\"https:\\\/\\\/www.eldigitaldeasturias.com\\\/noticias\\\/author\\\/admin\\\/#author\",\"url\":\"https:\\\/\\\/www.eldigitaldeasturias.com\\\/noticias\\\/author\\\/admin\\\/\",\"name\":\"El Digital de Asturias\",\"image\":{\"@type\":\"ImageObject\",\"@id\":\"https:\\\/\\\/www.eldigitaldeasturias.com\\\/noticias\\\/aragon-solicita-al-mapama-que-pida-nuevos-cupos-de-retirada-de-fruta-de-hueso-a-europa\\\/#authorImage\",\"url\":\"https:\\\/\\\/secure.gravatar.com\\\/avatar\\\/df2aeffc32bcd13f8d26072ef8a91b623d677766deac7f97ca815868cd41bf5e?s=96&d=mm&r=g\",\"width\":96,\"height\":96,\"caption\":\"El Digital de Asturias\"}},{\"@type\":\"WebPage\",\"@id\":\"https:\\\/\\\/www.eldigitaldeasturias.com\\\/noticias\\\/aragon-solicita-al-mapama-que-pida-nuevos-cupos-de-retirada-de-fruta-de-hueso-a-europa\\\/#webpage\",\"url\":\"https:\\\/\\\/www.eldigitaldeasturias.com\\\/noticias\\\/aragon-solicita-al-mapama-que-pida-nuevos-cupos-de-retirada-de-fruta-de-hueso-a-europa\\\/\",\"name\":\"Arag\\u00f3n solicita al Mapama que pida nuevos cupos de retirada de fruta de hueso a Europa - El Digital de Asturias\",\"description\":\"El director general de Producci\\u00f3n Agraria del departamento de Desarrollo Rural y Sostenibilidad, Jos\\u00e9 Mar\\u00eda Salamero, ha enviado esta ma\\u00f1ana una carta al director general de Producciones y Mercados Agrarios del Ministerio de Agricultura, Fernando Miranda, para trasladarle la situaci\\u00f3n de la presente campa\\u00f1a de fruta dulce en Arag\\u00f3n. En la misiva, Salamero le pide\",\"inLanguage\":\"es-ES\",\"isPartOf\":{\"@id\":\"https:\\\/\\\/www.eldigitaldeasturias.com\\\/noticias\\\/#website\"},\"breadcrumb\":{\"@id\":\"https:\\\/\\\/www.eldigitaldeasturias.com\\\/noticias\\\/aragon-solicita-al-mapama-que-pida-nuevos-cupos-de-retirada-de-fruta-de-hueso-a-europa\\\/#breadcrumblist\"},\"author\":{\"@id\":\"https:\\\/\\\/www.eldigitaldeasturias.com\\\/noticias\\\/author\\\/admin\\\/#author\"},\"creator\":{\"@id\":\"https:\\\/\\\/www.eldigitaldeasturias.com\\\/noticias\\\/author\\\/admin\\\/#author\"},\"image\":{\"@type\":\"ImageObject\",\"url\":948428,\"@id\":\"https:\\\/\\\/www.eldigitaldeasturias.com\\\/noticias\\\/aragon-solicita-al-mapama-que-pida-nuevos-cupos-de-retirada-de-fruta-de-hueso-a-europa\\\/#mainImage\"},\"primaryImageOfPage\":{\"@id\":\"https:\\\/\\\/www.eldigitaldeasturias.com\\\/noticias\\\/aragon-solicita-al-mapama-que-pida-nuevos-cupos-de-retirada-de-fruta-de-hueso-a-europa\\\/#mainImage\"},\"datePublished\":\"2017-08-02T13:56:55+02:00\",\"dateModified\":\"2017-08-02T13:56:55+02:00\"},{\"@type\":\"WebSite\",\"@id\":\"https:\\\/\\\/www.eldigitaldeasturias.com\\\/noticias\\\/#website\",\"url\":\"https:\\\/\\\/www.eldigitaldeasturias.com\\\/noticias\\\/\",\"name\":\"El Digital de Asturias - Diario de actualidad y noticias\",\"alternateName\":\"El Digital de Asturias - Diario de actualidad y noticias\",\"description\":\"Hemeroteca\",\"inLanguage\":\"es-ES\",\"publisher\":{\"@id\":\"https:\\\/\\\/www.eldigitaldeasturias.com\\\/noticias\\\/#organization\"}}]}\n\t\t<\/script>\n\t\t<!-- All in One SEO Pro -->\r\n\t\t<title>Arag\u00f3n solicita al Mapama que pida nuevos cupos de retirada de fruta de hueso a Europa - El Digital de Asturias<\/title>\n\n","aioseo_head_json":{"title":"Arag\u00f3n solicita al Mapama que pida nuevos cupos de retirada de fruta de hueso a Europa - El Digital de Asturias","description":"El director general de Producci\u00f3n Agraria del departamento de Desarrollo Rural y Sostenibilidad, Jos\u00e9 Mar\u00eda Salamero, ha enviado esta ma\u00f1ana una carta al director general de Producciones y Mercados Agrarios del Ministerio de Agricultura, Fernando Miranda, para trasladarle la situaci\u00f3n de la presente campa\u00f1a de fruta dulce en Arag\u00f3n. En la misiva, Salamero le pide","canonical_url":"https:\/\/www.eldigitaldeasturias.com\/noticias\/aragon-solicita-al-mapama-que-pida-nuevos-cupos-de-retirada-de-fruta-de-hueso-a-europa\/","robots":"max-image-preview:large","keywords":"actualidad","webmasterTools":{"google-site-verification":"UA-38556648-1","msvalidate.01":"7dfe9f3f1b24437ab69f4f2559babe99","miscellaneous":""},"schema":{"@context":"https:\/\/schema.org","@graph":[{"@type":"BlogPosting","@id":"https:\/\/www.eldigitaldeasturias.com\/noticias\/aragon-solicita-al-mapama-que-pida-nuevos-cupos-de-retirada-de-fruta-de-hueso-a-europa\/#blogposting","name":"Arag\u00f3n solicita al Mapama que pida nuevos cupos de retirada de fruta de hueso a Europa - El Digital de Asturias","headline":"Arag\u00f3n solicita al Mapama que pida nuevos cupos de retirada de fruta de hueso a Europa","author":{"@id":"https:\/\/www.eldigitaldeasturias.com\/noticias\/author\/admin\/#author"},"publisher":{"@id":"https:\/\/www.eldigitaldeasturias.com\/noticias\/#organization"},"image":{"@type":"ImageObject","url":948428},"datePublished":"2017-08-02T13:56:55+02:00","dateModified":"2017-08-02T13:56:55+02:00","inLanguage":"es-ES","mainEntityOfPage":{"@id":"https:\/\/www.eldigitaldeasturias.com\/noticias\/aragon-solicita-al-mapama-que-pida-nuevos-cupos-de-retirada-de-fruta-de-hueso-a-europa\/#webpage"},"isPartOf":{"@id":"https:\/\/www.eldigitaldeasturias.com\/noticias\/aragon-solicita-al-mapama-que-pida-nuevos-cupos-de-retirada-de-fruta-de-hueso-a-europa\/#webpage"},"articleSection":"Actualidad"},{"@type":"BreadcrumbList","@id":"https:\/\/www.eldigitaldeasturias.com\/noticias\/aragon-solicita-al-mapama-que-pida-nuevos-cupos-de-retirada-de-fruta-de-hueso-a-europa\/#breadcrumblist","itemListElement":[{"@type":"ListItem","@id":"https:\/\/www.eldigitaldeasturias.com\/noticias#listItem","position":1,"name":"Home","item":"https:\/\/www.eldigitaldeasturias.com\/noticias","nextItem":{"@type":"ListItem","@id":"https:\/\/www.eldigitaldeasturias.com\/noticias\/category\/actualidad\/#listItem","name":"Actualidad"}},{"@type":"ListItem","@id":"https:\/\/www.eldigitaldeasturias.com\/noticias\/category\/actualidad\/#listItem","position":2,"name":"Actualidad","item":"https:\/\/www.eldigitaldeasturias.com\/noticias\/category\/actualidad\/","nextItem":{"@type":"ListItem","@id":"https:\/\/www.eldigitaldeasturias.com\/noticias\/aragon-solicita-al-mapama-que-pida-nuevos-cupos-de-retirada-de-fruta-de-hueso-a-europa\/#listItem","name":"Arag\u00f3n solicita al Mapama que pida nuevos cupos de retirada de fruta de hueso a Europa"},"previousItem":{"@type":"ListItem","@id":"https:\/\/www.eldigitaldeasturias.com\/noticias#listItem","name":"Home"}},{"@type":"ListItem","@id":"https:\/\/www.eldigitaldeasturias.com\/noticias\/aragon-solicita-al-mapama-que-pida-nuevos-cupos-de-retirada-de-fruta-de-hueso-a-europa\/#listItem","position":3,"name":"Arag\u00f3n solicita al Mapama que pida nuevos cupos de retirada de fruta de hueso a Europa","previousItem":{"@type":"ListItem","@id":"https:\/\/www.eldigitaldeasturias.com\/noticias\/category\/actualidad\/#listItem","name":"Actualidad"}}]},{"@type":"Organization","@id":"https:\/\/www.eldigitaldeasturias.com\/noticias\/#organization","name":"El Digital de Asturias","description":"Hemeroteca","url":"https:\/\/www.eldigitaldeasturias.com\/noticias\/","email":"info@eldigitaldeasturias.com","telephone":"+34652131393","logo":{"@type":"ImageObject","url":"https:\/\/www.eldigitaldeasturias.com\/noticias\/wp-content\/uploads\/2020\/12\/EDA.jpg","@id":"https:\/\/www.eldigitaldeasturias.com\/noticias\/aragon-solicita-al-mapama-que-pida-nuevos-cupos-de-retirada-de-fruta-de-hueso-a-europa\/#organizationLogo"},"image":{"@id":"https:\/\/www.eldigitaldeasturias.com\/noticias\/aragon-solicita-al-mapama-que-pida-nuevos-cupos-de-retirada-de-fruta-de-hueso-a-europa\/#organizationLogo"},"sameAs":["https:\/\/facebook.com\/eldigitaldeasturias","https:\/\/www.youtube.com\/channel\/UCZP-2wLEB9Rv6erhFmqVnvg"],"address":{"@id":"https:\/\/www.eldigitaldeasturias.com\/noticias\/#postaladdress","@type":"PostalAddress","streetAddress":"san antonio 4","postalCode":"33430","addressLocality":"Cand\u00e1s","addressRegion":"Asturias","addressCountry":"ES"}},{"@type":"Person","@id":"https:\/\/www.eldigitaldeasturias.com\/noticias\/author\/admin\/#author","url":"https:\/\/www.eldigitaldeasturias.com\/noticias\/author\/admin\/","name":"El Digital de Asturias","image":{"@type":"ImageObject","@id":"https:\/\/www.eldigitaldeasturias.com\/noticias\/aragon-solicita-al-mapama-que-pida-nuevos-cupos-de-retirada-de-fruta-de-hueso-a-europa\/#authorImage","url":"https:\/\/secure.gravatar.com\/avatar\/df2aeffc32bcd13f8d26072ef8a91b623d677766deac7f97ca815868cd41bf5e?s=96&d=mm&r=g","width":96,"height":96,"caption":"El Digital de Asturias"}},{"@type":"WebPage","@id":"https:\/\/www.eldigitaldeasturias.com\/noticias\/aragon-solicita-al-mapama-que-pida-nuevos-cupos-de-retirada-de-fruta-de-hueso-a-europa\/#webpage","url":"https:\/\/www.eldigitaldeasturias.com\/noticias\/aragon-solicita-al-mapama-que-pida-nuevos-cupos-de-retirada-de-fruta-de-hueso-a-europa\/","name":"Arag\u00f3n solicita al Mapama que pida nuevos cupos de retirada de fruta de hueso a Europa - El Digital de Asturias","description":"El director general de Producci\u00f3n Agraria del departamento de Desarrollo Rural y Sostenibilidad, Jos\u00e9 Mar\u00eda Salamero, ha enviado esta ma\u00f1ana una carta al director general de Producciones y Mercados Agrarios del Ministerio de Agricultura, Fernando Miranda, para trasladarle la situaci\u00f3n de la presente campa\u00f1a de fruta dulce en Arag\u00f3n. En la misiva, Salamero le pide","inLanguage":"es-ES","isPartOf":{"@id":"https:\/\/www.eldigitaldeasturias.com\/noticias\/#website"},"breadcrumb":{"@id":"https:\/\/www.eldigitaldeasturias.com\/noticias\/aragon-solicita-al-mapama-que-pida-nuevos-cupos-de-retirada-de-fruta-de-hueso-a-europa\/#breadcrumblist"},"author":{"@id":"https:\/\/www.eldigitaldeasturias.com\/noticias\/author\/admin\/#author"},"creator":{"@id":"https:\/\/www.eldigitaldeasturias.com\/noticias\/author\/admin\/#author"},"image":{"@type":"ImageObject","url":948428,"@id":"https:\/\/www.eldigitaldeasturias.com\/noticias\/aragon-solicita-al-mapama-que-pida-nuevos-cupos-de-retirada-de-fruta-de-hueso-a-europa\/#mainImage"},"primaryImageOfPage":{"@id":"https:\/\/www.eldigitaldeasturias.com\/noticias\/aragon-solicita-al-mapama-que-pida-nuevos-cupos-de-retirada-de-fruta-de-hueso-a-europa\/#mainImage"},"datePublished":"2017-08-02T13:56:55+02:00","dateModified":"2017-08-02T13:56:55+02:00"},{"@type":"WebSite","@id":"https:\/\/www.eldigitaldeasturias.com\/noticias\/#website","url":"https:\/\/www.eldigitaldeasturias.com\/noticias\/","name":"El Digital de Asturias - Diario de actualidad y noticias","alternateName":"El Digital de Asturias - Diario de actualidad y noticias","description":"Hemeroteca","inLanguage":"es-ES","publisher":{"@id":"https:\/\/www.eldigitaldeasturias.com\/noticias\/#organization"}}]},"og:locale":"es_ES","og:site_name":"El Digital de Asturias","og:type":"article","og:title":"Arag\u00f3n solicita al Mapama que pida nuevos cupos de retirada de fruta de hueso a Europa - El Digital de Asturias","og:description":"El director general de Producci\u00f3n Agraria del departamento de Desarrollo Rural y Sostenibilidad, Jos\u00e9 Mar\u00eda Salamero, ha enviado esta ma\u00f1ana una carta al director general de Producciones y Mercados Agrarios del Ministerio de Agricultura, Fernando Miranda, para trasladarle la situaci\u00f3n de la presente campa\u00f1a de fruta dulce en Arag\u00f3n. En la misiva, Salamero le pide","og:url":"https:\/\/www.eldigitaldeasturias.com\/noticias\/aragon-solicita-al-mapama-que-pida-nuevos-cupos-de-retirada-de-fruta-de-hueso-a-europa\/","article:tag":["actualidad"],"article:published_time":"2017-08-02T13:56:55+00:00","article:modified_time":"2017-08-02T13:56:55+00:00","article:publisher":"https:\/\/facebook.com\/eldigitaldeasturias","twitter:card":"summary_large_image","twitter:title":"Arag\u00f3n solicita al Mapama que pida nuevos cupos de retirada de fruta de hueso a Europa - El Digital de Asturias","twitter:description":"El director general de Producci\u00f3n Agraria del departamento de Desarrollo Rural y Sostenibilidad, Jos\u00e9 Mar\u00eda Salamero, ha enviado esta ma\u00f1ana una carta al director general de Producciones y Mercados Agrarios del Ministerio de Agricultura, Fernando Miranda, para trasladarle la situaci\u00f3n de la presente campa\u00f1a de fruta dulce en Arag\u00f3n. En la misiva, Salamero le pide","twitter:image":"https:\/\/www.eldigitaldeasturias.com\/noticias\/wp-content\/uploads\/2020\/12\/EDA-1.jpg","twitter:label1":"Escrito por","twitter:data1":"El Digital de Asturias","twitter:label2":"Tiempo de lectura estimado","twitter:data2":"2 minutos"},"aioseo_meta_data":{"post_id":"948427","title":null,"description":null,"keywords":null,"keyphrases":null,"primary_term":null,"canonical_url":null,"og_title":null,"og_description":null,"og_object_type":"default","og_image_type":"default","og_image_url":null,"og_image_width":null,"og_image_height":null,"og_image_custom_url":null,"og_image_custom_fields":null,"og_video":null,"og_custom_url":null,"og_article_section":null,"og_article_tags":null,"twitter_use_og":false,"twitter_card":"default","twitter_image_type":"default","twitter_image_url":null,"twitter_image_custom_url":null,"twitter_image_custom_fields":null,"twitter_title":null,"twitter_description":null,"schema":{"blockGraphs":[],"customGraphs":[],"default":{"data":{"Article":[],"Course":[],"Dataset":[],"FAQPage":[],"Movie":[],"Person":[],"Product":[],"ProductReview":[],"Car":[],"Recipe":[],"Service":[],"SoftwareApplication":[],"WebPage":[]},"graphName":"","isEnabled":true},"graphs":[],"defaultGraph":"","defaultPostTypeGraph":""},"schema_type":null,"schema_type_options":null,"pillar_content":false,"robots_default":true,"robots_noindex":false,"robots_noarchive":false,"robots_nosnippet":false,"robots_nofollow":false,"robots_noimageindex":false,"robots_noodp":false,"robots_notranslate":false,"robots_max_snippet":null,"robots_max_videopreview":null,"robots_max_imagepreview":"large","priority":null,"frequency":null,"local_seo":null,"seo_analyzer_scan_date":"2025-12-05 08:34:50","breadcrumb_settings":null,"limit_modified_date":false,"open_ai":null,"ai":null,"created":"2020-12-21 13:04:37","updated":"2025-12-05 08:34:50","focus_keyword":null,"additional_keywords":null,"truseo_locale":null},"aioseo_breadcrumb":"<div class=\"aioseo-breadcrumbs\"><span class=\"aioseo-breadcrumb\">\n\t<a href=\"https:\/\/www.eldigitaldeasturias.com\/noticias\" title=\"Home\">Home<\/a>\n<\/span><span class=\"aioseo-breadcrumb-separator\">\u2013<\/span><span class=\"aioseo-breadcrumb\">\n\t<a href=\"https:\/\/www.eldigitaldeasturias.com\/noticias\/category\/actualidad\/\" title=\"Actualidad\">Actualidad<\/a>\n<\/span><span class=\"aioseo-breadcrumb-separator\">\u2013<\/span><span class=\"aioseo-breadcrumb\">\n\t<a href=\"https:\/\/www.eldigitaldeasturias.com\/noticias\/aragon-solicita-al-mapama-que-pida-nuevos-cupos-de-retirada-de-fruta-de-hueso-a-europa\/\" title=\"Arag\u00f3n solicita al Mapama que pida nuevos cupos de retirada de fruta de hueso a Europa\">Arag\u00f3n solicita al Mapama que pida nuevos cupos de retirada de fruta de hueso a Europa<\/a>\n<\/span><\/div>","aioseo_breadcrumb_json":[{"label":"Home","link":"https:\/\/www.eldigitaldeasturias.com\/noticias"},{"label":"Actualidad","link":"https:\/\/www.eldigitaldeasturias.com\/noticias\/category\/actualidad\/"},{"label":"Arag\u00f3n solicita al Mapama que pida nuevos cupos de retirada de fruta de hueso a Europa","link":"https:\/\/www.eldigitaldeasturias.com\/noticias\/aragon-solicita-al-mapama-que-pida-nuevos-cupos-de-retirada-de-fruta-de-hueso-a-europa\/"}],"_links":{"self":[{"href":"https:\/\/www.eldigitaldeasturias.com\/noticias\/wp-json\/wp\/v2\/posts\/948427","targetHints":{"allow":["GET"]}}],"collection":[{"href":"https:\/\/www.eldigitaldeasturias.com\/noticias\/wp-json\/wp\/v2\/posts"}],"about":[{"href":"https:\/\/www.eldigitaldeasturias.com\/noticias\/wp-json\/wp\/v2\/types\/post"}],"author":[{"embeddable":true,"href":"https:\/\/www.eldigitaldeasturias.com\/noticias\/wp-json\/wp\/v2\/users\/1"}],"replies":[{"embeddable":true,"href":"https:\/\/www.eldigitaldeasturias.com\/noticias\/wp-json\/wp\/v2\/comments?post=948427"}],"version-history":[{"count":0,"href":"https:\/\/www.eldigitaldeasturias.com\/noticias\/wp-json\/wp\/v2\/posts\/948427\/revisions"}],"wp:attachment":[{"href":"https:\/\/www.eldigitaldeasturias.com\/noticias\/wp-json\/wp\/v2\/media?parent=948427"}],"wp:term":[{"taxonomy":"category","embeddable":true,"href":"https:\/\/www.eldigitaldeasturias.com\/noticias\/wp-json\/wp\/v2\/categories?post=948427"},{"taxonomy":"post_tag","embeddable":true,"href":"https:\/\/www.eldigitaldeasturias.com\/noticias\/wp-json\/wp\/v2\/tags?post=948427"}],"curies":[{"name":"wp","href":"https:\/\/api.w.org\/{rel}","templated":true}]}}