{"id":948411,"date":"2017-08-02T13:34:08","date_gmt":"2017-08-02T13:34:08","guid":{"rendered":"http:\/\/www.eldigitaldeasturias.com\/noticias\/?p=948411"},"modified":"2017-08-02T13:34:08","modified_gmt":"2017-08-02T13:34:08","slug":"el-numero-de-parados-desciende-en-espana-durante-julio-de-2017","status":"publish","type":"post","link":"https:\/\/www.eldigitaldeasturias.com\/noticias\/el-numero-de-parados-desciende-en-espana-durante-julio-de-2017\/","title":{"rendered":"El n\u00famero de parados desciende en Espa\u00f1a durante Julio de 2017"},"content":{"rendered":"<p><img loading=\"lazy\" decoding=\"async\" class=\"alignleft size-medium wp-image-948412\" src=\"https:\/\/www.eldigitaldeasturias.com\/noticias\/wp-content\/uploads\/2017\/08\/020817Datosparo-360x239.jpg\" alt=\"\" width=\"360\" height=\"239\" \/>El n\u00famero de parados registrados en las oficinas de los Servicios P\u00fablicos de Empleo Estatal (SEPE) ha bajado en julio en 26.887 personas en relaci\u00f3n al mes anterior.<\/p>\n<p>\u200bAs\u00ed, la cifra total de parados registrados en el mes de julio se sit\u00faa en 3.335.924. Alcanza as\u00ed su nivel m\u00e1s bajo de los \u00faltimos 8 a\u00f1os.<\/p>\n<p>En t\u00e9rminos desestacionalizados el paro sube en 11.771 personas.<\/p>\n<p>En los 12 \u00faltimos meses, el paro se ha reducido en 347.137 personas, manteniendo un mes m\u00e1s un alto ritmo anual de reducci\u00f3n, que se sit\u00faa en 9,4%. Durante los 7 primeros meses del a\u00f1o el desempleo ha disminuido en 367.050 personas.<\/p>\n<p>Respecto a las comunidades aut\u00f3nomas el paro registrado baja en 12, principalmente en Galicia (7.794), Andaluc\u00eda (4.245) y Catalu\u00f1a (4.075).<\/p>\n<p>Por sectores econ\u00f3micos de procedencia de los trabajadores, el paro registrado disminuye en Servicios, en 17.656 personas; en Industria, en 5.257; en Construcci\u00f3n, en 4.143, y en el colectivo de personas sin empleo anterior en 539. Sube, sin embargo en Agricultura y Pesca, en 708 personas.<\/p>\n<p>El desempleo entre los hombres se sit\u00faa en 1.407.638, que supone un descenso del 12,93% (209.083) respecto a julio de 2016. En cuanto al desempleo entre las mujeres, alcanza la cifra de 1.928.286, que representa una bajada del 6,68% (138.054), en relaci\u00f3n con el mismo mes del a\u00f1o anterior.<\/p>\n<p>El desempleo de los j\u00f3venes menores de 25 a\u00f1os disminuye en t\u00e9rminos interanuales en 34.317, un 11,9%, sensiblemente por encima de la media general del 9,4%. Desde los m\u00e1ximos registrados en marzo de 2012, el paro registrado entre los menores de 25 a\u00f1os se ha reducido un 50,7%.<\/p>\n<p>&nbsp;<\/p>\n<p>&nbsp;<\/p>\n","protected":false},"excerpt":{"rendered":"<p>El n\u00famero de parados registrados en las oficinas de los Servicios P\u00fablicos de Empleo Estatal (SEPE) ha bajado en julio en 26.887 personas en relaci\u00f3n al mes anterior. \u200bAs\u00ed, la cifra total de parados registrados en el mes de julio se sit\u00faa en 3.335.924. Alcanza as\u00ed su nivel m\u00e1s bajo de los \u00faltimos 8 a\u00f1os. [&hellip;]<\/p>\n","protected":false},"author":1,"featured_media":948412,"comment_status":"closed","ping_status":"closed","sticky":false,"template":"","format":"standard","meta":{"footnotes":""},"categories":[1],"tags":[],"class_list":["post-948411","post","type-post","status-publish","format-standard","has-post-thumbnail","hentry","category-actualidad"],"aioseo_notices":[],"aioseo_head":"\n\t\t<!-- All in One SEO Pro 5.0.1 - aioseo.com -->\n\t<meta name=\"description\" content=\"El n\u00famero de parados registrados en las oficinas de los Servicios P\u00fablicos de Empleo Estatal (SEPE) ha bajado en julio en 26.887 personas en relaci\u00f3n al mes anterior. \u200bAs\u00ed, la cifra total de parados registrados en el mes de julio se sit\u00faa en 3.335.924. Alcanza as\u00ed su nivel m\u00e1s bajo de los \u00faltimos 8 a\u00f1os.\" \/>\n\t<meta name=\"robots\" content=\"max-image-preview:large\" \/>\n\t<meta name=\"author\" content=\"El Digital de Asturias\"\/>\n\t<meta name=\"google-site-verification\" content=\"UA-38556648-1\" \/>\n\t<meta name=\"msvalidate.01\" content=\"7dfe9f3f1b24437ab69f4f2559babe99\" \/>\n\t<meta name=\"keywords\" content=\"actualidad\" \/>\n\t<link rel=\"canonical\" href=\"https:\/\/www.eldigitaldeasturias.com\/noticias\/el-numero-de-parados-desciende-en-espana-durante-julio-de-2017\/\" \/>\n\t<meta name=\"generator\" content=\"All in One SEO Pro (AIOSEO) 5.0.1\" \/>\n\t\t<meta property=\"og:locale\" content=\"es_ES\" \/>\n\t\t<meta property=\"og:site_name\" content=\"El Digital de Asturias\" \/>\n\t\t<meta property=\"og:type\" content=\"article\" \/>\n\t\t<meta property=\"og:title\" content=\"El n\u00famero de parados desciende en Espa\u00f1a durante Julio de 2017 - El Digital de Asturias\" \/>\n\t\t<meta property=\"og:description\" content=\"El n\u00famero de parados registrados en las oficinas de los Servicios P\u00fablicos de Empleo Estatal (SEPE) ha bajado en julio en 26.887 personas en relaci\u00f3n al mes anterior. \u200bAs\u00ed, la cifra total de parados registrados en el mes de julio se sit\u00faa en 3.335.924. Alcanza as\u00ed su nivel m\u00e1s bajo de los \u00faltimos 8 a\u00f1os.\" \/>\n\t\t<meta property=\"og:url\" content=\"https:\/\/www.eldigitaldeasturias.com\/noticias\/el-numero-de-parados-desciende-en-espana-durante-julio-de-2017\/\" \/>\n\t\t<meta property=\"article:tag\" content=\"actualidad\" \/>\n\t\t<meta property=\"article:published_time\" content=\"2017-08-02T13:34:08+00:00\" \/>\n\t\t<meta property=\"article:modified_time\" content=\"2017-08-02T13:34:08+00:00\" \/>\n\t\t<meta property=\"article:publisher\" content=\"https:\/\/facebook.com\/eldigitaldeasturias\" \/>\n\t\t<meta name=\"twitter:card\" content=\"summary_large_image\" \/>\n\t\t<meta name=\"twitter:title\" content=\"El n\u00famero de parados desciende en Espa\u00f1a durante Julio de 2017 - El Digital de Asturias\" \/>\n\t\t<meta name=\"twitter:description\" content=\"El n\u00famero de parados registrados en las oficinas de los Servicios P\u00fablicos de Empleo Estatal (SEPE) ha bajado en julio en 26.887 personas en relaci\u00f3n al mes anterior. \u200bAs\u00ed, la cifra total de parados registrados en el mes de julio se sit\u00faa en 3.335.924. Alcanza as\u00ed su nivel m\u00e1s bajo de los \u00faltimos 8 a\u00f1os.\" \/>\n\t\t<meta name=\"twitter:image\" content=\"https:\/\/www.eldigitaldeasturias.com\/noticias\/wp-content\/uploads\/2020\/12\/EDA-1.jpg\" \/>\n\t\t<meta name=\"twitter:label1\" content=\"Escrito por\" \/>\n\t\t<meta name=\"twitter:data1\" content=\"El Digital de Asturias\" \/>\n\t\t<meta name=\"twitter:label2\" content=\"Tiempo de lectura estimado\" \/>\n\t\t<meta name=\"twitter:data2\" content=\"1 minuto\" \/>\n\t\t<script type=\"application\/ld+json\" class=\"aioseo-schema\">\n\t\t\t{\"@context\":\"https:\\\/\\\/schema.org\",\"@graph\":[{\"@type\":\"BlogPosting\",\"@id\":\"https:\\\/\\\/www.eldigitaldeasturias.com\\\/noticias\\\/el-numero-de-parados-desciende-en-espana-durante-julio-de-2017\\\/#blogposting\",\"name\":\"El n\\u00famero de parados desciende en Espa\\u00f1a durante Julio de 2017 - El Digital de Asturias\",\"headline\":\"El n\\u00famero de parados desciende en Espa\\u00f1a durante Julio de 2017\",\"author\":{\"@id\":\"https:\\\/\\\/www.eldigitaldeasturias.com\\\/noticias\\\/author\\\/admin\\\/#author\"},\"publisher\":{\"@id\":\"https:\\\/\\\/www.eldigitaldeasturias.com\\\/noticias\\\/#organization\"},\"image\":{\"@type\":\"ImageObject\",\"url\":948412},\"datePublished\":\"2017-08-02T13:34:08+02:00\",\"dateModified\":\"2017-08-02T13:34:08+02:00\",\"inLanguage\":\"es-ES\",\"mainEntityOfPage\":{\"@id\":\"https:\\\/\\\/www.eldigitaldeasturias.com\\\/noticias\\\/el-numero-de-parados-desciende-en-espana-durante-julio-de-2017\\\/#webpage\"},\"isPartOf\":{\"@id\":\"https:\\\/\\\/www.eldigitaldeasturias.com\\\/noticias\\\/el-numero-de-parados-desciende-en-espana-durante-julio-de-2017\\\/#webpage\"},\"articleSection\":\"Actualidad\"},{\"@type\":\"BreadcrumbList\",\"@id\":\"https:\\\/\\\/www.eldigitaldeasturias.com\\\/noticias\\\/el-numero-de-parados-desciende-en-espana-durante-julio-de-2017\\\/#breadcrumblist\",\"itemListElement\":[{\"@type\":\"ListItem\",\"@id\":\"https:\\\/\\\/www.eldigitaldeasturias.com\\\/noticias#listItem\",\"position\":1,\"name\":\"Home\",\"item\":\"https:\\\/\\\/www.eldigitaldeasturias.com\\\/noticias\",\"nextItem\":{\"@type\":\"ListItem\",\"@id\":\"https:\\\/\\\/www.eldigitaldeasturias.com\\\/noticias\\\/category\\\/actualidad\\\/#listItem\",\"name\":\"Actualidad\"}},{\"@type\":\"ListItem\",\"@id\":\"https:\\\/\\\/www.eldigitaldeasturias.com\\\/noticias\\\/category\\\/actualidad\\\/#listItem\",\"position\":2,\"name\":\"Actualidad\",\"item\":\"https:\\\/\\\/www.eldigitaldeasturias.com\\\/noticias\\\/category\\\/actualidad\\\/\",\"nextItem\":{\"@type\":\"ListItem\",\"@id\":\"https:\\\/\\\/www.eldigitaldeasturias.com\\\/noticias\\\/el-numero-de-parados-desciende-en-espana-durante-julio-de-2017\\\/#listItem\",\"name\":\"El n\\u00famero de parados desciende en Espa\\u00f1a durante Julio de 2017\"},\"previousItem\":{\"@type\":\"ListItem\",\"@id\":\"https:\\\/\\\/www.eldigitaldeasturias.com\\\/noticias#listItem\",\"name\":\"Home\"}},{\"@type\":\"ListItem\",\"@id\":\"https:\\\/\\\/www.eldigitaldeasturias.com\\\/noticias\\\/el-numero-de-parados-desciende-en-espana-durante-julio-de-2017\\\/#listItem\",\"position\":3,\"name\":\"El n\\u00famero de parados desciende en Espa\\u00f1a durante Julio de 2017\",\"previousItem\":{\"@type\":\"ListItem\",\"@id\":\"https:\\\/\\\/www.eldigitaldeasturias.com\\\/noticias\\\/category\\\/actualidad\\\/#listItem\",\"name\":\"Actualidad\"}}]},{\"@type\":\"Organization\",\"@id\":\"https:\\\/\\\/www.eldigitaldeasturias.com\\\/noticias\\\/#organization\",\"name\":\"El Digital de Asturias\",\"description\":\"Hemeroteca\",\"url\":\"https:\\\/\\\/www.eldigitaldeasturias.com\\\/noticias\\\/\",\"email\":\"info@eldigitaldeasturias.com\",\"telephone\":\"+34652131393\",\"logo\":{\"@type\":\"ImageObject\",\"url\":\"https:\\\/\\\/www.eldigitaldeasturias.com\\\/noticias\\\/wp-content\\\/uploads\\\/2020\\\/12\\\/EDA.jpg\",\"@id\":\"https:\\\/\\\/www.eldigitaldeasturias.com\\\/noticias\\\/el-numero-de-parados-desciende-en-espana-durante-julio-de-2017\\\/#organizationLogo\"},\"image\":{\"@id\":\"https:\\\/\\\/www.eldigitaldeasturias.com\\\/noticias\\\/el-numero-de-parados-desciende-en-espana-durante-julio-de-2017\\\/#organizationLogo\"},\"sameAs\":[\"https:\\\/\\\/facebook.com\\\/eldigitaldeasturias\",\"https:\\\/\\\/www.youtube.com\\\/channel\\\/UCZP-2wLEB9Rv6erhFmqVnvg\"],\"address\":{\"@id\":\"https:\\\/\\\/www.eldigitaldeasturias.com\\\/noticias\\\/#postaladdress\",\"@type\":\"PostalAddress\",\"streetAddress\":\"san antonio 4\",\"postalCode\":\"33430\",\"addressLocality\":\"Cand\\u00e1s\",\"addressRegion\":\"Asturias\",\"addressCountry\":\"ES\"}},{\"@type\":\"Person\",\"@id\":\"https:\\\/\\\/www.eldigitaldeasturias.com\\\/noticias\\\/author\\\/admin\\\/#author\",\"url\":\"https:\\\/\\\/www.eldigitaldeasturias.com\\\/noticias\\\/author\\\/admin\\\/\",\"name\":\"El Digital de Asturias\",\"image\":{\"@type\":\"ImageObject\",\"@id\":\"https:\\\/\\\/www.eldigitaldeasturias.com\\\/noticias\\\/el-numero-de-parados-desciende-en-espana-durante-julio-de-2017\\\/#authorImage\",\"url\":\"https:\\\/\\\/secure.gravatar.com\\\/avatar\\\/df2aeffc32bcd13f8d26072ef8a91b623d677766deac7f97ca815868cd41bf5e?s=96&d=mm&r=g\",\"width\":96,\"height\":96,\"caption\":\"El Digital de Asturias\"}},{\"@type\":\"WebPage\",\"@id\":\"https:\\\/\\\/www.eldigitaldeasturias.com\\\/noticias\\\/el-numero-de-parados-desciende-en-espana-durante-julio-de-2017\\\/#webpage\",\"url\":\"https:\\\/\\\/www.eldigitaldeasturias.com\\\/noticias\\\/el-numero-de-parados-desciende-en-espana-durante-julio-de-2017\\\/\",\"name\":\"El n\\u00famero de parados desciende en Espa\\u00f1a durante Julio de 2017 - El Digital de Asturias\",\"description\":\"El n\\u00famero de parados registrados en las oficinas de los Servicios P\\u00fablicos de Empleo Estatal (SEPE) ha bajado en julio en 26.887 personas en relaci\\u00f3n al mes anterior. \\u200bAs\\u00ed, la cifra total de parados registrados en el mes de julio se sit\\u00faa en 3.335.924. Alcanza as\\u00ed su nivel m\\u00e1s bajo de los \\u00faltimos 8 a\\u00f1os.\",\"inLanguage\":\"es-ES\",\"isPartOf\":{\"@id\":\"https:\\\/\\\/www.eldigitaldeasturias.com\\\/noticias\\\/#website\"},\"breadcrumb\":{\"@id\":\"https:\\\/\\\/www.eldigitaldeasturias.com\\\/noticias\\\/el-numero-de-parados-desciende-en-espana-durante-julio-de-2017\\\/#breadcrumblist\"},\"author\":{\"@id\":\"https:\\\/\\\/www.eldigitaldeasturias.com\\\/noticias\\\/author\\\/admin\\\/#author\"},\"creator\":{\"@id\":\"https:\\\/\\\/www.eldigitaldeasturias.com\\\/noticias\\\/author\\\/admin\\\/#author\"},\"image\":{\"@type\":\"ImageObject\",\"url\":948412,\"@id\":\"https:\\\/\\\/www.eldigitaldeasturias.com\\\/noticias\\\/el-numero-de-parados-desciende-en-espana-durante-julio-de-2017\\\/#mainImage\"},\"primaryImageOfPage\":{\"@id\":\"https:\\\/\\\/www.eldigitaldeasturias.com\\\/noticias\\\/el-numero-de-parados-desciende-en-espana-durante-julio-de-2017\\\/#mainImage\"},\"datePublished\":\"2017-08-02T13:34:08+02:00\",\"dateModified\":\"2017-08-02T13:34:08+02:00\"},{\"@type\":\"WebSite\",\"@id\":\"https:\\\/\\\/www.eldigitaldeasturias.com\\\/noticias\\\/#website\",\"url\":\"https:\\\/\\\/www.eldigitaldeasturias.com\\\/noticias\\\/\",\"name\":\"El Digital de Asturias - Diario de actualidad y noticias\",\"alternateName\":\"El Digital de Asturias - Diario de actualidad y noticias\",\"description\":\"Hemeroteca\",\"inLanguage\":\"es-ES\",\"publisher\":{\"@id\":\"https:\\\/\\\/www.eldigitaldeasturias.com\\\/noticias\\\/#organization\"}}]}\n\t\t<\/script>\n\t\t<!-- All in One SEO Pro -->\r\n\t\t<title>El n\u00famero de parados desciende en Espa\u00f1a durante Julio de 2017 - El Digital de Asturias<\/title>\n\n","aioseo_head_json":{"title":"El n\u00famero de parados desciende en Espa\u00f1a durante Julio de 2017 - El Digital de Asturias","description":"El n\u00famero de parados registrados en las oficinas de los Servicios P\u00fablicos de Empleo Estatal (SEPE) ha bajado en julio en 26.887 personas en relaci\u00f3n al mes anterior. \u200bAs\u00ed, la cifra total de parados registrados en el mes de julio se sit\u00faa en 3.335.924. Alcanza as\u00ed su nivel m\u00e1s bajo de los \u00faltimos 8 a\u00f1os.","canonical_url":"https:\/\/www.eldigitaldeasturias.com\/noticias\/el-numero-de-parados-desciende-en-espana-durante-julio-de-2017\/","robots":"max-image-preview:large","keywords":"actualidad","webmasterTools":{"google-site-verification":"UA-38556648-1","msvalidate.01":"7dfe9f3f1b24437ab69f4f2559babe99","miscellaneous":""},"schema":{"@context":"https:\/\/schema.org","@graph":[{"@type":"BlogPosting","@id":"https:\/\/www.eldigitaldeasturias.com\/noticias\/el-numero-de-parados-desciende-en-espana-durante-julio-de-2017\/#blogposting","name":"El n\u00famero de parados desciende en Espa\u00f1a durante Julio de 2017 - El Digital de Asturias","headline":"El n\u00famero de parados desciende en Espa\u00f1a durante Julio de 2017","author":{"@id":"https:\/\/www.eldigitaldeasturias.com\/noticias\/author\/admin\/#author"},"publisher":{"@id":"https:\/\/www.eldigitaldeasturias.com\/noticias\/#organization"},"image":{"@type":"ImageObject","url":948412},"datePublished":"2017-08-02T13:34:08+02:00","dateModified":"2017-08-02T13:34:08+02:00","inLanguage":"es-ES","mainEntityOfPage":{"@id":"https:\/\/www.eldigitaldeasturias.com\/noticias\/el-numero-de-parados-desciende-en-espana-durante-julio-de-2017\/#webpage"},"isPartOf":{"@id":"https:\/\/www.eldigitaldeasturias.com\/noticias\/el-numero-de-parados-desciende-en-espana-durante-julio-de-2017\/#webpage"},"articleSection":"Actualidad"},{"@type":"BreadcrumbList","@id":"https:\/\/www.eldigitaldeasturias.com\/noticias\/el-numero-de-parados-desciende-en-espana-durante-julio-de-2017\/#breadcrumblist","itemListElement":[{"@type":"ListItem","@id":"https:\/\/www.eldigitaldeasturias.com\/noticias#listItem","position":1,"name":"Home","item":"https:\/\/www.eldigitaldeasturias.com\/noticias","nextItem":{"@type":"ListItem","@id":"https:\/\/www.eldigitaldeasturias.com\/noticias\/category\/actualidad\/#listItem","name":"Actualidad"}},{"@type":"ListItem","@id":"https:\/\/www.eldigitaldeasturias.com\/noticias\/category\/actualidad\/#listItem","position":2,"name":"Actualidad","item":"https:\/\/www.eldigitaldeasturias.com\/noticias\/category\/actualidad\/","nextItem":{"@type":"ListItem","@id":"https:\/\/www.eldigitaldeasturias.com\/noticias\/el-numero-de-parados-desciende-en-espana-durante-julio-de-2017\/#listItem","name":"El n\u00famero de parados desciende en Espa\u00f1a durante Julio de 2017"},"previousItem":{"@type":"ListItem","@id":"https:\/\/www.eldigitaldeasturias.com\/noticias#listItem","name":"Home"}},{"@type":"ListItem","@id":"https:\/\/www.eldigitaldeasturias.com\/noticias\/el-numero-de-parados-desciende-en-espana-durante-julio-de-2017\/#listItem","position":3,"name":"El n\u00famero de parados desciende en Espa\u00f1a durante Julio de 2017","previousItem":{"@type":"ListItem","@id":"https:\/\/www.eldigitaldeasturias.com\/noticias\/category\/actualidad\/#listItem","name":"Actualidad"}}]},{"@type":"Organization","@id":"https:\/\/www.eldigitaldeasturias.com\/noticias\/#organization","name":"El Digital de Asturias","description":"Hemeroteca","url":"https:\/\/www.eldigitaldeasturias.com\/noticias\/","email":"info@eldigitaldeasturias.com","telephone":"+34652131393","logo":{"@type":"ImageObject","url":"https:\/\/www.eldigitaldeasturias.com\/noticias\/wp-content\/uploads\/2020\/12\/EDA.jpg","@id":"https:\/\/www.eldigitaldeasturias.com\/noticias\/el-numero-de-parados-desciende-en-espana-durante-julio-de-2017\/#organizationLogo"},"image":{"@id":"https:\/\/www.eldigitaldeasturias.com\/noticias\/el-numero-de-parados-desciende-en-espana-durante-julio-de-2017\/#organizationLogo"},"sameAs":["https:\/\/facebook.com\/eldigitaldeasturias","https:\/\/www.youtube.com\/channel\/UCZP-2wLEB9Rv6erhFmqVnvg"],"address":{"@id":"https:\/\/www.eldigitaldeasturias.com\/noticias\/#postaladdress","@type":"PostalAddress","streetAddress":"san antonio 4","postalCode":"33430","addressLocality":"Cand\u00e1s","addressRegion":"Asturias","addressCountry":"ES"}},{"@type":"Person","@id":"https:\/\/www.eldigitaldeasturias.com\/noticias\/author\/admin\/#author","url":"https:\/\/www.eldigitaldeasturias.com\/noticias\/author\/admin\/","name":"El Digital de Asturias","image":{"@type":"ImageObject","@id":"https:\/\/www.eldigitaldeasturias.com\/noticias\/el-numero-de-parados-desciende-en-espana-durante-julio-de-2017\/#authorImage","url":"https:\/\/secure.gravatar.com\/avatar\/df2aeffc32bcd13f8d26072ef8a91b623d677766deac7f97ca815868cd41bf5e?s=96&d=mm&r=g","width":96,"height":96,"caption":"El Digital de Asturias"}},{"@type":"WebPage","@id":"https:\/\/www.eldigitaldeasturias.com\/noticias\/el-numero-de-parados-desciende-en-espana-durante-julio-de-2017\/#webpage","url":"https:\/\/www.eldigitaldeasturias.com\/noticias\/el-numero-de-parados-desciende-en-espana-durante-julio-de-2017\/","name":"El n\u00famero de parados desciende en Espa\u00f1a durante Julio de 2017 - El Digital de Asturias","description":"El n\u00famero de parados registrados en las oficinas de los Servicios P\u00fablicos de Empleo Estatal (SEPE) ha bajado en julio en 26.887 personas en relaci\u00f3n al mes anterior. \u200bAs\u00ed, la cifra total de parados registrados en el mes de julio se sit\u00faa en 3.335.924. Alcanza as\u00ed su nivel m\u00e1s bajo de los \u00faltimos 8 a\u00f1os.","inLanguage":"es-ES","isPartOf":{"@id":"https:\/\/www.eldigitaldeasturias.com\/noticias\/#website"},"breadcrumb":{"@id":"https:\/\/www.eldigitaldeasturias.com\/noticias\/el-numero-de-parados-desciende-en-espana-durante-julio-de-2017\/#breadcrumblist"},"author":{"@id":"https:\/\/www.eldigitaldeasturias.com\/noticias\/author\/admin\/#author"},"creator":{"@id":"https:\/\/www.eldigitaldeasturias.com\/noticias\/author\/admin\/#author"},"image":{"@type":"ImageObject","url":948412,"@id":"https:\/\/www.eldigitaldeasturias.com\/noticias\/el-numero-de-parados-desciende-en-espana-durante-julio-de-2017\/#mainImage"},"primaryImageOfPage":{"@id":"https:\/\/www.eldigitaldeasturias.com\/noticias\/el-numero-de-parados-desciende-en-espana-durante-julio-de-2017\/#mainImage"},"datePublished":"2017-08-02T13:34:08+02:00","dateModified":"2017-08-02T13:34:08+02:00"},{"@type":"WebSite","@id":"https:\/\/www.eldigitaldeasturias.com\/noticias\/#website","url":"https:\/\/www.eldigitaldeasturias.com\/noticias\/","name":"El Digital de Asturias - Diario de actualidad y noticias","alternateName":"El Digital de Asturias - Diario de actualidad y noticias","description":"Hemeroteca","inLanguage":"es-ES","publisher":{"@id":"https:\/\/www.eldigitaldeasturias.com\/noticias\/#organization"}}]},"og:locale":"es_ES","og:site_name":"El Digital de Asturias","og:type":"article","og:title":"El n\u00famero de parados desciende en Espa\u00f1a durante Julio de 2017 - El Digital de Asturias","og:description":"El n\u00famero de parados registrados en las oficinas de los Servicios P\u00fablicos de Empleo Estatal (SEPE) ha bajado en julio en 26.887 personas en relaci\u00f3n al mes anterior. \u200bAs\u00ed, la cifra total de parados registrados en el mes de julio se sit\u00faa en 3.335.924. Alcanza as\u00ed su nivel m\u00e1s bajo de los \u00faltimos 8 a\u00f1os.","og:url":"https:\/\/www.eldigitaldeasturias.com\/noticias\/el-numero-de-parados-desciende-en-espana-durante-julio-de-2017\/","article:tag":["actualidad"],"article:published_time":"2017-08-02T13:34:08+00:00","article:modified_time":"2017-08-02T13:34:08+00:00","article:publisher":"https:\/\/facebook.com\/eldigitaldeasturias","twitter:card":"summary_large_image","twitter:title":"El n\u00famero de parados desciende en Espa\u00f1a durante Julio de 2017 - El Digital de Asturias","twitter:description":"El n\u00famero de parados registrados en las oficinas de los Servicios P\u00fablicos de Empleo Estatal (SEPE) ha bajado en julio en 26.887 personas en relaci\u00f3n al mes anterior. \u200bAs\u00ed, la cifra total de parados registrados en el mes de julio se sit\u00faa en 3.335.924. Alcanza as\u00ed su nivel m\u00e1s bajo de los \u00faltimos 8 a\u00f1os.","twitter:image":"https:\/\/www.eldigitaldeasturias.com\/noticias\/wp-content\/uploads\/2020\/12\/EDA-1.jpg","twitter:label1":"Escrito por","twitter:data1":"El Digital de Asturias","twitter:label2":"Tiempo de lectura estimado","twitter:data2":"1 minuto"},"aioseo_meta_data":{"post_id":"948411","title":null,"description":null,"keywords":null,"keyphrases":null,"primary_term":null,"canonical_url":null,"og_title":null,"og_description":null,"og_object_type":"default","og_image_type":"default","og_image_url":null,"og_image_width":null,"og_image_height":null,"og_image_custom_url":null,"og_image_custom_fields":null,"og_video":null,"og_custom_url":null,"og_article_section":null,"og_article_tags":null,"twitter_use_og":false,"twitter_card":"default","twitter_image_type":"default","twitter_image_url":null,"twitter_image_custom_url":null,"twitter_image_custom_fields":null,"twitter_title":null,"twitter_description":null,"schema":{"blockGraphs":[],"customGraphs":[],"default":{"data":{"Article":[],"Course":[],"Dataset":[],"FAQPage":[],"Movie":[],"Person":[],"Product":[],"ProductReview":[],"Car":[],"Recipe":[],"Service":[],"SoftwareApplication":[],"WebPage":[]},"graphName":"","isEnabled":true},"graphs":[],"defaultGraph":"","defaultPostTypeGraph":""},"schema_type":null,"schema_type_options":null,"pillar_content":false,"robots_default":true,"robots_noindex":false,"robots_noarchive":false,"robots_nosnippet":false,"robots_nofollow":false,"robots_noimageindex":false,"robots_noodp":false,"robots_notranslate":false,"robots_max_snippet":null,"robots_max_videopreview":null,"robots_max_imagepreview":"large","priority":null,"frequency":null,"local_seo":null,"seo_analyzer_scan_date":"2025-12-05 08:31:07","breadcrumb_settings":null,"limit_modified_date":false,"open_ai":null,"ai":null,"created":"2020-12-21 13:04:37","updated":"2025-12-05 08:31:07","focus_keyword":null,"additional_keywords":null,"truseo_locale":null},"aioseo_breadcrumb":"<div class=\"aioseo-breadcrumbs\"><span class=\"aioseo-breadcrumb\">\n\t<a href=\"https:\/\/www.eldigitaldeasturias.com\/noticias\" title=\"Home\">Home<\/a>\n<\/span><span class=\"aioseo-breadcrumb-separator\">\u2013<\/span><span class=\"aioseo-breadcrumb\">\n\t<a href=\"https:\/\/www.eldigitaldeasturias.com\/noticias\/category\/actualidad\/\" title=\"Actualidad\">Actualidad<\/a>\n<\/span><span class=\"aioseo-breadcrumb-separator\">\u2013<\/span><span class=\"aioseo-breadcrumb\">\n\t<a href=\"https:\/\/www.eldigitaldeasturias.com\/noticias\/el-numero-de-parados-desciende-en-espana-durante-julio-de-2017\/\" title=\"El n\u00famero de parados desciende en Espa\u00f1a durante Julio de 2017\">El n\u00famero de parados desciende en Espa\u00f1a durante Julio de 2017<\/a>\n<\/span><\/div>","aioseo_breadcrumb_json":[{"label":"Home","link":"https:\/\/www.eldigitaldeasturias.com\/noticias"},{"label":"Actualidad","link":"https:\/\/www.eldigitaldeasturias.com\/noticias\/category\/actualidad\/"},{"label":"El n\u00famero de parados desciende en Espa\u00f1a durante Julio de 2017","link":"https:\/\/www.eldigitaldeasturias.com\/noticias\/el-numero-de-parados-desciende-en-espana-durante-julio-de-2017\/"}],"_links":{"self":[{"href":"https:\/\/www.eldigitaldeasturias.com\/noticias\/wp-json\/wp\/v2\/posts\/948411","targetHints":{"allow":["GET"]}}],"collection":[{"href":"https:\/\/www.eldigitaldeasturias.com\/noticias\/wp-json\/wp\/v2\/posts"}],"about":[{"href":"https:\/\/www.eldigitaldeasturias.com\/noticias\/wp-json\/wp\/v2\/types\/post"}],"author":[{"embeddable":true,"href":"https:\/\/www.eldigitaldeasturias.com\/noticias\/wp-json\/wp\/v2\/users\/1"}],"replies":[{"embeddable":true,"href":"https:\/\/www.eldigitaldeasturias.com\/noticias\/wp-json\/wp\/v2\/comments?post=948411"}],"version-history":[{"count":0,"href":"https:\/\/www.eldigitaldeasturias.com\/noticias\/wp-json\/wp\/v2\/posts\/948411\/revisions"}],"wp:attachment":[{"href":"https:\/\/www.eldigitaldeasturias.com\/noticias\/wp-json\/wp\/v2\/media?parent=948411"}],"wp:term":[{"taxonomy":"category","embeddable":true,"href":"https:\/\/www.eldigitaldeasturias.com\/noticias\/wp-json\/wp\/v2\/categories?post=948411"},{"taxonomy":"post_tag","embeddable":true,"href":"https:\/\/www.eldigitaldeasturias.com\/noticias\/wp-json\/wp\/v2\/tags?post=948411"}],"curies":[{"name":"wp","href":"https:\/\/api.w.org\/{rel}","templated":true}]}}