{"id":948370,"date":"2017-08-01T20:25:51","date_gmt":"2017-08-01T20:25:51","guid":{"rendered":"http:\/\/www.eldigitaldeasturias.com\/noticias\/?p=948370"},"modified":"2017-08-01T20:25:51","modified_gmt":"2017-08-01T20:25:51","slug":"el-colegio-zaragoza-sur-ya-esta-preparado-para-abrir-sus-puertas","status":"publish","type":"post","link":"https:\/\/www.eldigitaldeasturias.com\/noticias\/el-colegio-zaragoza-sur-ya-esta-preparado-para-abrir-sus-puertas\/","title":{"rendered":"El colegio Zaragoza Sur ya est\u00e1 preparado para abrir sus puertas"},"content":{"rendered":"<p><img loading=\"lazy\" decoding=\"async\" class=\"alignleft size-medium wp-image-948371\" src=\"https:\/\/www.eldigitaldeasturias.com\/noticias\/wp-content\/uploads\/2017\/08\/Zaragoza_sur-360x159.jpg\" alt=\"\" width=\"360\" height=\"159\" \/>El colegio Zaragoza Sur ya est\u00e1 terminado definitivamente. El Departamento de Educaci\u00f3n recibe esta semana el centro, situado en el suroeste de Zaragoza y que cuenta con una superficie total de 18.400 metros cuadrados.<\/p>\n<p>El colegio est\u00e1 dividido en dos partes bien diferenciadas: el edificio de educaci\u00f3n infantil (nueve aulas), situado al sur de la parcela y que comenz\u00f3 a funcionar el pasado septiembre, y el de primaria (18 unidades), en la parte norte, que se estrenar\u00e1 el pr\u00f3ximo curso. Entre los dos edificios se ubican las pistas deportivas exteriores y la zona de porche. Perpendicularmente a ellos, a lo largo de la calle Antonio Vivaldi, se levantan los edificios que albergan los usos distintos a los de las aulas: usos m\u00faltiples, biblioteca, asociaciones, gimnasio, ba\u00f1os y vestuarios, oficio y comedor, aula de psicomotricidad y zona administrativa del colegio de infantil. La zona de oficio del comedor queda aislada del aulario y dotada de acceso separado para la carga y descarga de mercanc\u00edas y zona de instalaciones, situada en planta primera.<\/p>\n<p>La conexi\u00f3n entre centros se favorece mediante un porche que permite el tr\u00e1nsito cubierto de los alumnos de primaria hasta el comedor. El edificio de infantil desarrolla todo su programa en planta baja con un esquema b\u00e1sico de distribuci\u00f3n de aulas que se complementa con una zona de vest\u00edbulo y administraci\u00f3n. Todas las aulas, con orientaci\u00f3n sur, disponen de conexi\u00f3n directa a los aseos de alumnos y al patio de recreo. El edificio de primaria se desarrolla en tres alturas con un esquema de doble cruj\u00eda persiguiendo la mayor rentabilidad en la relaci\u00f3n de superficies \u00fatiles y construidas.<\/p>\n<p>Todos los accesos est\u00e1n libres de barreras arquitect\u00f3nicas y las partes de infantil y primaria est\u00e1n claramente diferenciadas. El \u00fanico espacio com\u00fan compartido por ambos es el comedor, que utilizan en horarios y turnos diferentes. Las dos fases del colegio salieron a licitaci\u00f3n por un importe de 6,2 millones y se adjudic\u00f3 por 5,6.<\/p>\n<p>El secretario general t\u00e9cnico del Gobierno de Arag\u00f3n, Felipe Faci, ha declarado que esta obra, igual que las que est\u00e1n en marcha en la zona, demuestra el compromiso del Gobierno de Arag\u00f3n con la construcci\u00f3n de infraestructuras educativas, especialmente en el sur de la capital aragonesa, y ha recordado que en septiembre de este a\u00f1o ya estar\u00e1 todo el centro abierto a disposici\u00f3n de su alumnado, incluidos los estudiantes del Valdespartera 3 que dar\u00e1n clases all\u00ed hasta que finalice la construcci\u00f3n de sus dependencias, previstas para enero de 2018.<\/p>\n<p><strong>Trabajos en Arcosur<\/strong><\/p>\n<p>Adem\u00e1s de la pr\u00f3xima recepci\u00f3n del Zaragoza Sur, hoy mismo se ha publicado en el Bolet\u00edn Oficial de Arag\u00f3n la convocatoria de licitaci\u00f3n de la redacci\u00f3n del proyecto de primaria y de una ampliaci\u00f3n de infantil del colegio Arcosur, donde ya han comenzado los trabajos previos para las obras, con la instalaci\u00f3n de vallado y de las casetas, como ocurre tambi\u00e9n en el nuevo centro integrado de Valdespartera 3. En concreto, se trata del proyecto de ejecuci\u00f3n de tres aulas extra de infantil y del proyecto de ejecuci\u00f3n de construcci\u00f3n del aulario de primaria, que constar\u00e1 de 18 unidades.<\/p>\n<p>Estos trabajos salen a licitaci\u00f3n por un montante de 93.283,08 euros y las empresas interesadas pueden presentar sus propuestas hasta el 17 de agosto.<\/p>\n<p>&nbsp;<\/p>\n","protected":false},"excerpt":{"rendered":"<p>El colegio Zaragoza Sur ya est\u00e1 terminado definitivamente. El Departamento de Educaci\u00f3n recibe esta semana el centro, situado en el suroeste de Zaragoza y que cuenta con una superficie total de 18.400 metros cuadrados. El colegio est\u00e1 dividido en dos partes bien diferenciadas: el edificio de educaci\u00f3n infantil (nueve aulas), situado al sur de la [&hellip;]<\/p>\n","protected":false},"author":1,"featured_media":948371,"comment_status":"closed","ping_status":"closed","sticky":false,"template":"","format":"standard","meta":{"footnotes":""},"categories":[1],"tags":[],"class_list":["post-948370","post","type-post","status-publish","format-standard","has-post-thumbnail","hentry","category-actualidad"],"aioseo_notices":[],"aioseo_head":"\n\t\t<!-- All in One SEO Pro 5.0.1 - aioseo.com -->\n\t<meta name=\"description\" content=\"El colegio Zaragoza Sur ya est\u00e1 terminado definitivamente. El Departamento de Educaci\u00f3n recibe esta semana el centro, situado en el suroeste de Zaragoza y que cuenta con una superficie total de 18.400 metros cuadrados. El colegio est\u00e1 dividido en dos partes bien diferenciadas: el edificio de educaci\u00f3n infantil (nueve aulas), situado al sur de la\" \/>\n\t<meta name=\"robots\" content=\"max-image-preview:large\" \/>\n\t<meta name=\"author\" content=\"El Digital de Asturias\"\/>\n\t<meta name=\"google-site-verification\" content=\"UA-38556648-1\" \/>\n\t<meta name=\"msvalidate.01\" content=\"7dfe9f3f1b24437ab69f4f2559babe99\" \/>\n\t<meta name=\"keywords\" content=\"actualidad\" \/>\n\t<link rel=\"canonical\" href=\"https:\/\/www.eldigitaldeasturias.com\/noticias\/el-colegio-zaragoza-sur-ya-esta-preparado-para-abrir-sus-puertas\/\" \/>\n\t<meta name=\"generator\" content=\"All in One SEO Pro (AIOSEO) 5.0.1\" \/>\n\t\t<meta property=\"og:locale\" content=\"es_ES\" \/>\n\t\t<meta property=\"og:site_name\" content=\"El Digital de Asturias\" \/>\n\t\t<meta property=\"og:type\" content=\"article\" \/>\n\t\t<meta property=\"og:title\" content=\"El colegio Zaragoza Sur ya est\u00e1 preparado para abrir sus puertas - El Digital de Asturias\" \/>\n\t\t<meta property=\"og:description\" content=\"El colegio Zaragoza Sur ya est\u00e1 terminado definitivamente. El Departamento de Educaci\u00f3n recibe esta semana el centro, situado en el suroeste de Zaragoza y que cuenta con una superficie total de 18.400 metros cuadrados. El colegio est\u00e1 dividido en dos partes bien diferenciadas: el edificio de educaci\u00f3n infantil (nueve aulas), situado al sur de la\" \/>\n\t\t<meta property=\"og:url\" content=\"https:\/\/www.eldigitaldeasturias.com\/noticias\/el-colegio-zaragoza-sur-ya-esta-preparado-para-abrir-sus-puertas\/\" \/>\n\t\t<meta property=\"article:tag\" content=\"actualidad\" \/>\n\t\t<meta property=\"article:published_time\" content=\"2017-08-01T20:25:51+00:00\" \/>\n\t\t<meta property=\"article:modified_time\" content=\"2017-08-01T20:25:51+00:00\" \/>\n\t\t<meta property=\"article:publisher\" content=\"https:\/\/facebook.com\/eldigitaldeasturias\" \/>\n\t\t<meta name=\"twitter:card\" content=\"summary_large_image\" \/>\n\t\t<meta name=\"twitter:title\" content=\"El colegio Zaragoza Sur ya est\u00e1 preparado para abrir sus puertas - El Digital de Asturias\" \/>\n\t\t<meta name=\"twitter:description\" content=\"El colegio Zaragoza Sur ya est\u00e1 terminado definitivamente. El Departamento de Educaci\u00f3n recibe esta semana el centro, situado en el suroeste de Zaragoza y que cuenta con una superficie total de 18.400 metros cuadrados. El colegio est\u00e1 dividido en dos partes bien diferenciadas: el edificio de educaci\u00f3n infantil (nueve aulas), situado al sur de la\" \/>\n\t\t<meta name=\"twitter:image\" content=\"https:\/\/www.eldigitaldeasturias.com\/noticias\/wp-content\/uploads\/2020\/12\/EDA-1.jpg\" \/>\n\t\t<meta name=\"twitter:label1\" content=\"Escrito por\" \/>\n\t\t<meta name=\"twitter:data1\" content=\"El Digital de Asturias\" \/>\n\t\t<meta name=\"twitter:label2\" content=\"Tiempo de lectura estimado\" \/>\n\t\t<meta name=\"twitter:data2\" content=\"3 minutos\" \/>\n\t\t<script type=\"application\/ld+json\" class=\"aioseo-schema\">\n\t\t\t{\"@context\":\"https:\\\/\\\/schema.org\",\"@graph\":[{\"@type\":\"BlogPosting\",\"@id\":\"https:\\\/\\\/www.eldigitaldeasturias.com\\\/noticias\\\/el-colegio-zaragoza-sur-ya-esta-preparado-para-abrir-sus-puertas\\\/#blogposting\",\"name\":\"El colegio Zaragoza Sur ya est\\u00e1 preparado para abrir sus puertas - El Digital de Asturias\",\"headline\":\"El colegio Zaragoza Sur ya est\\u00e1 preparado para abrir sus puertas\",\"author\":{\"@id\":\"https:\\\/\\\/www.eldigitaldeasturias.com\\\/noticias\\\/author\\\/admin\\\/#author\"},\"publisher\":{\"@id\":\"https:\\\/\\\/www.eldigitaldeasturias.com\\\/noticias\\\/#organization\"},\"image\":{\"@type\":\"ImageObject\",\"url\":948371},\"datePublished\":\"2017-08-01T20:25:51+02:00\",\"dateModified\":\"2017-08-01T20:25:51+02:00\",\"inLanguage\":\"es-ES\",\"mainEntityOfPage\":{\"@id\":\"https:\\\/\\\/www.eldigitaldeasturias.com\\\/noticias\\\/el-colegio-zaragoza-sur-ya-esta-preparado-para-abrir-sus-puertas\\\/#webpage\"},\"isPartOf\":{\"@id\":\"https:\\\/\\\/www.eldigitaldeasturias.com\\\/noticias\\\/el-colegio-zaragoza-sur-ya-esta-preparado-para-abrir-sus-puertas\\\/#webpage\"},\"articleSection\":\"Actualidad\"},{\"@type\":\"BreadcrumbList\",\"@id\":\"https:\\\/\\\/www.eldigitaldeasturias.com\\\/noticias\\\/el-colegio-zaragoza-sur-ya-esta-preparado-para-abrir-sus-puertas\\\/#breadcrumblist\",\"itemListElement\":[{\"@type\":\"ListItem\",\"@id\":\"https:\\\/\\\/www.eldigitaldeasturias.com\\\/noticias#listItem\",\"position\":1,\"name\":\"Home\",\"item\":\"https:\\\/\\\/www.eldigitaldeasturias.com\\\/noticias\",\"nextItem\":{\"@type\":\"ListItem\",\"@id\":\"https:\\\/\\\/www.eldigitaldeasturias.com\\\/noticias\\\/category\\\/actualidad\\\/#listItem\",\"name\":\"Actualidad\"}},{\"@type\":\"ListItem\",\"@id\":\"https:\\\/\\\/www.eldigitaldeasturias.com\\\/noticias\\\/category\\\/actualidad\\\/#listItem\",\"position\":2,\"name\":\"Actualidad\",\"item\":\"https:\\\/\\\/www.eldigitaldeasturias.com\\\/noticias\\\/category\\\/actualidad\\\/\",\"nextItem\":{\"@type\":\"ListItem\",\"@id\":\"https:\\\/\\\/www.eldigitaldeasturias.com\\\/noticias\\\/el-colegio-zaragoza-sur-ya-esta-preparado-para-abrir-sus-puertas\\\/#listItem\",\"name\":\"El colegio Zaragoza Sur ya est\\u00e1 preparado para abrir sus puertas\"},\"previousItem\":{\"@type\":\"ListItem\",\"@id\":\"https:\\\/\\\/www.eldigitaldeasturias.com\\\/noticias#listItem\",\"name\":\"Home\"}},{\"@type\":\"ListItem\",\"@id\":\"https:\\\/\\\/www.eldigitaldeasturias.com\\\/noticias\\\/el-colegio-zaragoza-sur-ya-esta-preparado-para-abrir-sus-puertas\\\/#listItem\",\"position\":3,\"name\":\"El colegio Zaragoza Sur ya est\\u00e1 preparado para abrir sus puertas\",\"previousItem\":{\"@type\":\"ListItem\",\"@id\":\"https:\\\/\\\/www.eldigitaldeasturias.com\\\/noticias\\\/category\\\/actualidad\\\/#listItem\",\"name\":\"Actualidad\"}}]},{\"@type\":\"Organization\",\"@id\":\"https:\\\/\\\/www.eldigitaldeasturias.com\\\/noticias\\\/#organization\",\"name\":\"El Digital de Asturias\",\"description\":\"Hemeroteca\",\"url\":\"https:\\\/\\\/www.eldigitaldeasturias.com\\\/noticias\\\/\",\"email\":\"info@eldigitaldeasturias.com\",\"telephone\":\"+34652131393\",\"logo\":{\"@type\":\"ImageObject\",\"url\":\"https:\\\/\\\/www.eldigitaldeasturias.com\\\/noticias\\\/wp-content\\\/uploads\\\/2020\\\/12\\\/EDA.jpg\",\"@id\":\"https:\\\/\\\/www.eldigitaldeasturias.com\\\/noticias\\\/el-colegio-zaragoza-sur-ya-esta-preparado-para-abrir-sus-puertas\\\/#organizationLogo\"},\"image\":{\"@id\":\"https:\\\/\\\/www.eldigitaldeasturias.com\\\/noticias\\\/el-colegio-zaragoza-sur-ya-esta-preparado-para-abrir-sus-puertas\\\/#organizationLogo\"},\"sameAs\":[\"https:\\\/\\\/facebook.com\\\/eldigitaldeasturias\",\"https:\\\/\\\/www.youtube.com\\\/channel\\\/UCZP-2wLEB9Rv6erhFmqVnvg\"],\"address\":{\"@id\":\"https:\\\/\\\/www.eldigitaldeasturias.com\\\/noticias\\\/#postaladdress\",\"@type\":\"PostalAddress\",\"streetAddress\":\"san antonio 4\",\"postalCode\":\"33430\",\"addressLocality\":\"Cand\\u00e1s\",\"addressRegion\":\"Asturias\",\"addressCountry\":\"ES\"}},{\"@type\":\"Person\",\"@id\":\"https:\\\/\\\/www.eldigitaldeasturias.com\\\/noticias\\\/author\\\/admin\\\/#author\",\"url\":\"https:\\\/\\\/www.eldigitaldeasturias.com\\\/noticias\\\/author\\\/admin\\\/\",\"name\":\"El Digital de Asturias\",\"image\":{\"@type\":\"ImageObject\",\"@id\":\"https:\\\/\\\/www.eldigitaldeasturias.com\\\/noticias\\\/el-colegio-zaragoza-sur-ya-esta-preparado-para-abrir-sus-puertas\\\/#authorImage\",\"url\":\"https:\\\/\\\/secure.gravatar.com\\\/avatar\\\/df2aeffc32bcd13f8d26072ef8a91b623d677766deac7f97ca815868cd41bf5e?s=96&d=mm&r=g\",\"width\":96,\"height\":96,\"caption\":\"El Digital de Asturias\"}},{\"@type\":\"WebPage\",\"@id\":\"https:\\\/\\\/www.eldigitaldeasturias.com\\\/noticias\\\/el-colegio-zaragoza-sur-ya-esta-preparado-para-abrir-sus-puertas\\\/#webpage\",\"url\":\"https:\\\/\\\/www.eldigitaldeasturias.com\\\/noticias\\\/el-colegio-zaragoza-sur-ya-esta-preparado-para-abrir-sus-puertas\\\/\",\"name\":\"El colegio Zaragoza Sur ya est\\u00e1 preparado para abrir sus puertas - El Digital de Asturias\",\"description\":\"El colegio Zaragoza Sur ya est\\u00e1 terminado definitivamente. El Departamento de Educaci\\u00f3n recibe esta semana el centro, situado en el suroeste de Zaragoza y que cuenta con una superficie total de 18.400 metros cuadrados. El colegio est\\u00e1 dividido en dos partes bien diferenciadas: el edificio de educaci\\u00f3n infantil (nueve aulas), situado al sur de la\",\"inLanguage\":\"es-ES\",\"isPartOf\":{\"@id\":\"https:\\\/\\\/www.eldigitaldeasturias.com\\\/noticias\\\/#website\"},\"breadcrumb\":{\"@id\":\"https:\\\/\\\/www.eldigitaldeasturias.com\\\/noticias\\\/el-colegio-zaragoza-sur-ya-esta-preparado-para-abrir-sus-puertas\\\/#breadcrumblist\"},\"author\":{\"@id\":\"https:\\\/\\\/www.eldigitaldeasturias.com\\\/noticias\\\/author\\\/admin\\\/#author\"},\"creator\":{\"@id\":\"https:\\\/\\\/www.eldigitaldeasturias.com\\\/noticias\\\/author\\\/admin\\\/#author\"},\"image\":{\"@type\":\"ImageObject\",\"url\":948371,\"@id\":\"https:\\\/\\\/www.eldigitaldeasturias.com\\\/noticias\\\/el-colegio-zaragoza-sur-ya-esta-preparado-para-abrir-sus-puertas\\\/#mainImage\"},\"primaryImageOfPage\":{\"@id\":\"https:\\\/\\\/www.eldigitaldeasturias.com\\\/noticias\\\/el-colegio-zaragoza-sur-ya-esta-preparado-para-abrir-sus-puertas\\\/#mainImage\"},\"datePublished\":\"2017-08-01T20:25:51+02:00\",\"dateModified\":\"2017-08-01T20:25:51+02:00\"},{\"@type\":\"WebSite\",\"@id\":\"https:\\\/\\\/www.eldigitaldeasturias.com\\\/noticias\\\/#website\",\"url\":\"https:\\\/\\\/www.eldigitaldeasturias.com\\\/noticias\\\/\",\"name\":\"El Digital de Asturias - Diario de actualidad y noticias\",\"alternateName\":\"El Digital de Asturias - Diario de actualidad y noticias\",\"description\":\"Hemeroteca\",\"inLanguage\":\"es-ES\",\"publisher\":{\"@id\":\"https:\\\/\\\/www.eldigitaldeasturias.com\\\/noticias\\\/#organization\"}}]}\n\t\t<\/script>\n\t\t<!-- All in One SEO Pro -->\r\n\t\t<title>El colegio Zaragoza Sur ya est\u00e1 preparado para abrir sus puertas - El Digital de Asturias<\/title>\n\n","aioseo_head_json":{"title":"El colegio Zaragoza Sur ya est\u00e1 preparado para abrir sus puertas - El Digital de Asturias","description":"El colegio Zaragoza Sur ya est\u00e1 terminado definitivamente. El Departamento de Educaci\u00f3n recibe esta semana el centro, situado en el suroeste de Zaragoza y que cuenta con una superficie total de 18.400 metros cuadrados. El colegio est\u00e1 dividido en dos partes bien diferenciadas: el edificio de educaci\u00f3n infantil (nueve aulas), situado al sur de la","canonical_url":"https:\/\/www.eldigitaldeasturias.com\/noticias\/el-colegio-zaragoza-sur-ya-esta-preparado-para-abrir-sus-puertas\/","robots":"max-image-preview:large","keywords":"actualidad","webmasterTools":{"google-site-verification":"UA-38556648-1","msvalidate.01":"7dfe9f3f1b24437ab69f4f2559babe99","miscellaneous":""},"schema":{"@context":"https:\/\/schema.org","@graph":[{"@type":"BlogPosting","@id":"https:\/\/www.eldigitaldeasturias.com\/noticias\/el-colegio-zaragoza-sur-ya-esta-preparado-para-abrir-sus-puertas\/#blogposting","name":"El colegio Zaragoza Sur ya est\u00e1 preparado para abrir sus puertas - El Digital de Asturias","headline":"El colegio Zaragoza Sur ya est\u00e1 preparado para abrir sus puertas","author":{"@id":"https:\/\/www.eldigitaldeasturias.com\/noticias\/author\/admin\/#author"},"publisher":{"@id":"https:\/\/www.eldigitaldeasturias.com\/noticias\/#organization"},"image":{"@type":"ImageObject","url":948371},"datePublished":"2017-08-01T20:25:51+02:00","dateModified":"2017-08-01T20:25:51+02:00","inLanguage":"es-ES","mainEntityOfPage":{"@id":"https:\/\/www.eldigitaldeasturias.com\/noticias\/el-colegio-zaragoza-sur-ya-esta-preparado-para-abrir-sus-puertas\/#webpage"},"isPartOf":{"@id":"https:\/\/www.eldigitaldeasturias.com\/noticias\/el-colegio-zaragoza-sur-ya-esta-preparado-para-abrir-sus-puertas\/#webpage"},"articleSection":"Actualidad"},{"@type":"BreadcrumbList","@id":"https:\/\/www.eldigitaldeasturias.com\/noticias\/el-colegio-zaragoza-sur-ya-esta-preparado-para-abrir-sus-puertas\/#breadcrumblist","itemListElement":[{"@type":"ListItem","@id":"https:\/\/www.eldigitaldeasturias.com\/noticias#listItem","position":1,"name":"Home","item":"https:\/\/www.eldigitaldeasturias.com\/noticias","nextItem":{"@type":"ListItem","@id":"https:\/\/www.eldigitaldeasturias.com\/noticias\/category\/actualidad\/#listItem","name":"Actualidad"}},{"@type":"ListItem","@id":"https:\/\/www.eldigitaldeasturias.com\/noticias\/category\/actualidad\/#listItem","position":2,"name":"Actualidad","item":"https:\/\/www.eldigitaldeasturias.com\/noticias\/category\/actualidad\/","nextItem":{"@type":"ListItem","@id":"https:\/\/www.eldigitaldeasturias.com\/noticias\/el-colegio-zaragoza-sur-ya-esta-preparado-para-abrir-sus-puertas\/#listItem","name":"El colegio Zaragoza Sur ya est\u00e1 preparado para abrir sus puertas"},"previousItem":{"@type":"ListItem","@id":"https:\/\/www.eldigitaldeasturias.com\/noticias#listItem","name":"Home"}},{"@type":"ListItem","@id":"https:\/\/www.eldigitaldeasturias.com\/noticias\/el-colegio-zaragoza-sur-ya-esta-preparado-para-abrir-sus-puertas\/#listItem","position":3,"name":"El colegio Zaragoza Sur ya est\u00e1 preparado para abrir sus puertas","previousItem":{"@type":"ListItem","@id":"https:\/\/www.eldigitaldeasturias.com\/noticias\/category\/actualidad\/#listItem","name":"Actualidad"}}]},{"@type":"Organization","@id":"https:\/\/www.eldigitaldeasturias.com\/noticias\/#organization","name":"El Digital de Asturias","description":"Hemeroteca","url":"https:\/\/www.eldigitaldeasturias.com\/noticias\/","email":"info@eldigitaldeasturias.com","telephone":"+34652131393","logo":{"@type":"ImageObject","url":"https:\/\/www.eldigitaldeasturias.com\/noticias\/wp-content\/uploads\/2020\/12\/EDA.jpg","@id":"https:\/\/www.eldigitaldeasturias.com\/noticias\/el-colegio-zaragoza-sur-ya-esta-preparado-para-abrir-sus-puertas\/#organizationLogo"},"image":{"@id":"https:\/\/www.eldigitaldeasturias.com\/noticias\/el-colegio-zaragoza-sur-ya-esta-preparado-para-abrir-sus-puertas\/#organizationLogo"},"sameAs":["https:\/\/facebook.com\/eldigitaldeasturias","https:\/\/www.youtube.com\/channel\/UCZP-2wLEB9Rv6erhFmqVnvg"],"address":{"@id":"https:\/\/www.eldigitaldeasturias.com\/noticias\/#postaladdress","@type":"PostalAddress","streetAddress":"san antonio 4","postalCode":"33430","addressLocality":"Cand\u00e1s","addressRegion":"Asturias","addressCountry":"ES"}},{"@type":"Person","@id":"https:\/\/www.eldigitaldeasturias.com\/noticias\/author\/admin\/#author","url":"https:\/\/www.eldigitaldeasturias.com\/noticias\/author\/admin\/","name":"El Digital de Asturias","image":{"@type":"ImageObject","@id":"https:\/\/www.eldigitaldeasturias.com\/noticias\/el-colegio-zaragoza-sur-ya-esta-preparado-para-abrir-sus-puertas\/#authorImage","url":"https:\/\/secure.gravatar.com\/avatar\/df2aeffc32bcd13f8d26072ef8a91b623d677766deac7f97ca815868cd41bf5e?s=96&d=mm&r=g","width":96,"height":96,"caption":"El Digital de Asturias"}},{"@type":"WebPage","@id":"https:\/\/www.eldigitaldeasturias.com\/noticias\/el-colegio-zaragoza-sur-ya-esta-preparado-para-abrir-sus-puertas\/#webpage","url":"https:\/\/www.eldigitaldeasturias.com\/noticias\/el-colegio-zaragoza-sur-ya-esta-preparado-para-abrir-sus-puertas\/","name":"El colegio Zaragoza Sur ya est\u00e1 preparado para abrir sus puertas - El Digital de Asturias","description":"El colegio Zaragoza Sur ya est\u00e1 terminado definitivamente. El Departamento de Educaci\u00f3n recibe esta semana el centro, situado en el suroeste de Zaragoza y que cuenta con una superficie total de 18.400 metros cuadrados. El colegio est\u00e1 dividido en dos partes bien diferenciadas: el edificio de educaci\u00f3n infantil (nueve aulas), situado al sur de la","inLanguage":"es-ES","isPartOf":{"@id":"https:\/\/www.eldigitaldeasturias.com\/noticias\/#website"},"breadcrumb":{"@id":"https:\/\/www.eldigitaldeasturias.com\/noticias\/el-colegio-zaragoza-sur-ya-esta-preparado-para-abrir-sus-puertas\/#breadcrumblist"},"author":{"@id":"https:\/\/www.eldigitaldeasturias.com\/noticias\/author\/admin\/#author"},"creator":{"@id":"https:\/\/www.eldigitaldeasturias.com\/noticias\/author\/admin\/#author"},"image":{"@type":"ImageObject","url":948371,"@id":"https:\/\/www.eldigitaldeasturias.com\/noticias\/el-colegio-zaragoza-sur-ya-esta-preparado-para-abrir-sus-puertas\/#mainImage"},"primaryImageOfPage":{"@id":"https:\/\/www.eldigitaldeasturias.com\/noticias\/el-colegio-zaragoza-sur-ya-esta-preparado-para-abrir-sus-puertas\/#mainImage"},"datePublished":"2017-08-01T20:25:51+02:00","dateModified":"2017-08-01T20:25:51+02:00"},{"@type":"WebSite","@id":"https:\/\/www.eldigitaldeasturias.com\/noticias\/#website","url":"https:\/\/www.eldigitaldeasturias.com\/noticias\/","name":"El Digital de Asturias - Diario de actualidad y noticias","alternateName":"El Digital de Asturias - Diario de actualidad y noticias","description":"Hemeroteca","inLanguage":"es-ES","publisher":{"@id":"https:\/\/www.eldigitaldeasturias.com\/noticias\/#organization"}}]},"og:locale":"es_ES","og:site_name":"El Digital de Asturias","og:type":"article","og:title":"El colegio Zaragoza Sur ya est\u00e1 preparado para abrir sus puertas - El Digital de Asturias","og:description":"El colegio Zaragoza Sur ya est\u00e1 terminado definitivamente. El Departamento de Educaci\u00f3n recibe esta semana el centro, situado en el suroeste de Zaragoza y que cuenta con una superficie total de 18.400 metros cuadrados. El colegio est\u00e1 dividido en dos partes bien diferenciadas: el edificio de educaci\u00f3n infantil (nueve aulas), situado al sur de la","og:url":"https:\/\/www.eldigitaldeasturias.com\/noticias\/el-colegio-zaragoza-sur-ya-esta-preparado-para-abrir-sus-puertas\/","article:tag":["actualidad"],"article:published_time":"2017-08-01T20:25:51+00:00","article:modified_time":"2017-08-01T20:25:51+00:00","article:publisher":"https:\/\/facebook.com\/eldigitaldeasturias","twitter:card":"summary_large_image","twitter:title":"El colegio Zaragoza Sur ya est\u00e1 preparado para abrir sus puertas - El Digital de Asturias","twitter:description":"El colegio Zaragoza Sur ya est\u00e1 terminado definitivamente. El Departamento de Educaci\u00f3n recibe esta semana el centro, situado en el suroeste de Zaragoza y que cuenta con una superficie total de 18.400 metros cuadrados. El colegio est\u00e1 dividido en dos partes bien diferenciadas: el edificio de educaci\u00f3n infantil (nueve aulas), situado al sur de la","twitter:image":"https:\/\/www.eldigitaldeasturias.com\/noticias\/wp-content\/uploads\/2020\/12\/EDA-1.jpg","twitter:label1":"Escrito por","twitter:data1":"El Digital de Asturias","twitter:label2":"Tiempo de lectura estimado","twitter:data2":"3 minutos"},"aioseo_meta_data":{"post_id":"948370","title":null,"description":null,"keywords":null,"keyphrases":null,"primary_term":null,"canonical_url":null,"og_title":null,"og_description":null,"og_object_type":"default","og_image_type":"default","og_image_url":null,"og_image_width":null,"og_image_height":null,"og_image_custom_url":null,"og_image_custom_fields":null,"og_video":null,"og_custom_url":null,"og_article_section":null,"og_article_tags":null,"twitter_use_og":false,"twitter_card":"default","twitter_image_type":"default","twitter_image_url":null,"twitter_image_custom_url":null,"twitter_image_custom_fields":null,"twitter_title":null,"twitter_description":null,"schema":{"blockGraphs":[],"customGraphs":[],"default":{"data":{"Article":[],"Course":[],"Dataset":[],"FAQPage":[],"Movie":[],"Person":[],"Product":[],"ProductReview":[],"Car":[],"Recipe":[],"Service":[],"SoftwareApplication":[],"WebPage":[]},"graphName":"","isEnabled":true},"graphs":[],"defaultGraph":"","defaultPostTypeGraph":""},"schema_type":null,"schema_type_options":null,"pillar_content":false,"robots_default":true,"robots_noindex":false,"robots_noarchive":false,"robots_nosnippet":false,"robots_nofollow":false,"robots_noimageindex":false,"robots_noodp":false,"robots_notranslate":false,"robots_max_snippet":null,"robots_max_videopreview":null,"robots_max_imagepreview":"large","priority":null,"frequency":null,"local_seo":null,"seo_analyzer_scan_date":"2025-12-05 08:22:48","breadcrumb_settings":null,"limit_modified_date":false,"open_ai":null,"ai":null,"created":"2020-12-21 13:04:37","updated":"2025-12-05 08:22:48","focus_keyword":null,"additional_keywords":null,"truseo_locale":null},"aioseo_breadcrumb":"<div class=\"aioseo-breadcrumbs\"><span class=\"aioseo-breadcrumb\">\n\t<a href=\"https:\/\/www.eldigitaldeasturias.com\/noticias\" title=\"Home\">Home<\/a>\n<\/span><span class=\"aioseo-breadcrumb-separator\">\u2013<\/span><span class=\"aioseo-breadcrumb\">\n\t<a href=\"https:\/\/www.eldigitaldeasturias.com\/noticias\/category\/actualidad\/\" title=\"Actualidad\">Actualidad<\/a>\n<\/span><span class=\"aioseo-breadcrumb-separator\">\u2013<\/span><span class=\"aioseo-breadcrumb\">\n\t<a href=\"https:\/\/www.eldigitaldeasturias.com\/noticias\/el-colegio-zaragoza-sur-ya-esta-preparado-para-abrir-sus-puertas\/\" title=\"El colegio Zaragoza Sur ya est\u00e1 preparado para abrir sus puertas\">El colegio Zaragoza Sur ya est\u00e1 preparado para abrir sus puertas<\/a>\n<\/span><\/div>","aioseo_breadcrumb_json":[{"label":"Home","link":"https:\/\/www.eldigitaldeasturias.com\/noticias"},{"label":"Actualidad","link":"https:\/\/www.eldigitaldeasturias.com\/noticias\/category\/actualidad\/"},{"label":"El colegio Zaragoza Sur ya est\u00e1 preparado para abrir sus puertas","link":"https:\/\/www.eldigitaldeasturias.com\/noticias\/el-colegio-zaragoza-sur-ya-esta-preparado-para-abrir-sus-puertas\/"}],"_links":{"self":[{"href":"https:\/\/www.eldigitaldeasturias.com\/noticias\/wp-json\/wp\/v2\/posts\/948370","targetHints":{"allow":["GET"]}}],"collection":[{"href":"https:\/\/www.eldigitaldeasturias.com\/noticias\/wp-json\/wp\/v2\/posts"}],"about":[{"href":"https:\/\/www.eldigitaldeasturias.com\/noticias\/wp-json\/wp\/v2\/types\/post"}],"author":[{"embeddable":true,"href":"https:\/\/www.eldigitaldeasturias.com\/noticias\/wp-json\/wp\/v2\/users\/1"}],"replies":[{"embeddable":true,"href":"https:\/\/www.eldigitaldeasturias.com\/noticias\/wp-json\/wp\/v2\/comments?post=948370"}],"version-history":[{"count":0,"href":"https:\/\/www.eldigitaldeasturias.com\/noticias\/wp-json\/wp\/v2\/posts\/948370\/revisions"}],"wp:attachment":[{"href":"https:\/\/www.eldigitaldeasturias.com\/noticias\/wp-json\/wp\/v2\/media?parent=948370"}],"wp:term":[{"taxonomy":"category","embeddable":true,"href":"https:\/\/www.eldigitaldeasturias.com\/noticias\/wp-json\/wp\/v2\/categories?post=948370"},{"taxonomy":"post_tag","embeddable":true,"href":"https:\/\/www.eldigitaldeasturias.com\/noticias\/wp-json\/wp\/v2\/tags?post=948370"}],"curies":[{"name":"wp","href":"https:\/\/api.w.org\/{rel}","templated":true}]}}