{"id":948367,"date":"2017-08-01T20:23:38","date_gmt":"2017-08-01T20:23:38","guid":{"rendered":"http:\/\/www.eldigitaldeasturias.com\/noticias\/?p=948367"},"modified":"2017-08-01T20:23:38","modified_gmt":"2017-08-01T20:23:38","slug":"nacho-escuin-recuerda-a-la-generalitat-que-debe-cumplir-las-sentencias","status":"publish","type":"post","link":"https:\/\/www.eldigitaldeasturias.com\/noticias\/nacho-escuin-recuerda-a-la-generalitat-que-debe-cumplir-las-sentencias\/","title":{"rendered":"Nacho Escu\u00edn recuerda a la Generalitat que debe cumplir las sentencias"},"content":{"rendered":"<p><img loading=\"lazy\" decoding=\"async\" class=\"alignleft size-medium wp-image-948368\" src=\"https:\/\/www.eldigitaldeasturias.com\/noticias\/wp-content\/uploads\/2017\/08\/Nacho_Escuin_habla_de_Sijena-360x159.jpg\" alt=\"\" width=\"360\" height=\"159\" \/>El Gobierno de Arag\u00f3n tiene todo preparado para desplazarse al Museo de L\u00e9rida para recoger las 44 obras de Sijena all\u00ed retenidas y trasladarlas al Monasterio de la localidad oscense si el Juzgado de Primera Instancia e Instrucci\u00f3n N\u00famero 1 de Huesca responde a la petici\u00f3n de que agosto sea mes h\u00e1bil y de que se pueda entrar al espacio expositivo ilerdense.<\/p>\n<p>El director general de Cultura y Patrimonio, Nacho Escu\u00edn ha recordado que Arag\u00f3n, como ha hecho siempre, ha cumplido con su parte. Se ha rehabilitado el monasterio y ayer hubo un equipo de t\u00e9cnicos de Patrimonio y de los museos de Huesca y Zaragoza esperando en Sijena hasta las 22.00 por si se produc\u00eda el traslado. \u201cDel mismo modo, ayer el dispositivo estaba listo para ir al Museo de L\u00e9rida si la jueza daba su autorizaci\u00f3n. Este operativo sigue preparado. Si en cualquier momento llega una notificaci\u00f3n de que agosto se h\u00e1bil, estamos en disposici\u00f3n de salir hoy mismo hacia L\u00e9rida a buscar los 44 bienes\u201d, ha detallado.<\/p>\n<p>Escu\u00edn ha recalcado que el tiempo de las negociaciones con la Generalitat ha terminado y ahora queda en manos de la jueza. \u201cLos bienes van a volver a Arag\u00f3n, a\u00fan no sabemos en qu\u00e9 fecha, pero retornar\u00e1n\u201d, ha aseverado.<\/p>\n<p>La Generalitat de Catalu\u00f1a incumpli\u00f3 ayer, una vez m\u00e1s, el auto judicial que le obligaba a devolver 44 piezas de arte sacro aragon\u00e9s. Ante esto, la perito judicial del Gobierno de Arag\u00f3n comunic\u00f3 al juzgado de Huesca este hecho. \u201cAhora estamos a la espera de que la jueza diga si hay que ir en septiembre a recoger los bienes con un equipo especializado y con el apoyo de las fuerzas p\u00fablicas\u201d, ha se\u00f1alado el director general.<\/p>\n<p>Respecto a las declaraciones del consejero catal\u00e1n de Cultura en las que manifestaba que las piezas no volver\u00edan por su voluntad, Escu\u00edn ha contestado: \u201cNo se trata de la voluntad, sino de un dictamen judicial. En el momento que la jueza, sea ahora o sea en septiembre, nos permita ir con los t\u00e9cnicos al museo de L\u00e9rida a buscar los bienes iremos acompa\u00f1ados de las fuerzas de seguridad para llevarlos a su espacio natural que es el Monasterio de Sijena\u201d.<\/p>\n<p>El Gobierno de Arag\u00f3n ha hecho todo lo que est\u00e1 en su mano para el regreso de las piezas: desde la rehabilitaci\u00f3n del Monasterio de Sijena hasta la petici\u00f3n reiterada a la jueza de que conceda permiso para poder incautarse de los bienes. Se ha solicitado hasta en 10 ocasiones, a las que ahora se suma la petici\u00f3n de habilitar el mes de agosto.<\/p>\n","protected":false},"excerpt":{"rendered":"<p>El Gobierno de Arag\u00f3n tiene todo preparado para desplazarse al Museo de L\u00e9rida para recoger las 44 obras de Sijena all\u00ed retenidas y trasladarlas al Monasterio de la localidad oscense si el Juzgado de Primera Instancia e Instrucci\u00f3n N\u00famero 1 de Huesca responde a la petici\u00f3n de que agosto sea mes h\u00e1bil y de que [&hellip;]<\/p>\n","protected":false},"author":1,"featured_media":948368,"comment_status":"closed","ping_status":"closed","sticky":false,"template":"","format":"standard","meta":{"footnotes":""},"categories":[1],"tags":[],"class_list":["post-948367","post","type-post","status-publish","format-standard","has-post-thumbnail","hentry","category-actualidad"],"aioseo_notices":[],"aioseo_head":"\n\t\t<!-- All in One SEO Pro 5.0.1 - aioseo.com -->\n\t<meta name=\"description\" content=\"El Gobierno de Arag\u00f3n tiene todo preparado para desplazarse al Museo de L\u00e9rida para recoger las 44 obras de Sijena all\u00ed retenidas y trasladarlas al Monasterio de la localidad oscense si el Juzgado de Primera Instancia e Instrucci\u00f3n N\u00famero 1 de Huesca responde a la petici\u00f3n de que agosto sea mes h\u00e1bil y de que\" \/>\n\t<meta name=\"robots\" content=\"max-image-preview:large\" \/>\n\t<meta name=\"author\" content=\"El Digital de Asturias\"\/>\n\t<meta name=\"google-site-verification\" content=\"UA-38556648-1\" \/>\n\t<meta name=\"msvalidate.01\" content=\"7dfe9f3f1b24437ab69f4f2559babe99\" \/>\n\t<meta name=\"keywords\" content=\"actualidad\" \/>\n\t<link rel=\"canonical\" href=\"https:\/\/www.eldigitaldeasturias.com\/noticias\/nacho-escuin-recuerda-a-la-generalitat-que-debe-cumplir-las-sentencias\/\" \/>\n\t<meta name=\"generator\" content=\"All in One SEO Pro (AIOSEO) 5.0.1\" \/>\n\t\t<meta property=\"og:locale\" content=\"es_ES\" \/>\n\t\t<meta property=\"og:site_name\" content=\"El Digital de Asturias\" \/>\n\t\t<meta property=\"og:type\" content=\"article\" \/>\n\t\t<meta property=\"og:title\" content=\"Nacho Escu\u00edn recuerda a la Generalitat que debe cumplir las sentencias - El Digital de Asturias\" \/>\n\t\t<meta property=\"og:description\" content=\"El Gobierno de Arag\u00f3n tiene todo preparado para desplazarse al Museo de L\u00e9rida para recoger las 44 obras de Sijena all\u00ed retenidas y trasladarlas al Monasterio de la localidad oscense si el Juzgado de Primera Instancia e Instrucci\u00f3n N\u00famero 1 de Huesca responde a la petici\u00f3n de que agosto sea mes h\u00e1bil y de que\" \/>\n\t\t<meta property=\"og:url\" content=\"https:\/\/www.eldigitaldeasturias.com\/noticias\/nacho-escuin-recuerda-a-la-generalitat-que-debe-cumplir-las-sentencias\/\" \/>\n\t\t<meta property=\"article:tag\" content=\"actualidad\" \/>\n\t\t<meta property=\"article:published_time\" content=\"2017-08-01T20:23:38+00:00\" \/>\n\t\t<meta property=\"article:modified_time\" content=\"2017-08-01T20:23:38+00:00\" \/>\n\t\t<meta property=\"article:publisher\" content=\"https:\/\/facebook.com\/eldigitaldeasturias\" \/>\n\t\t<meta name=\"twitter:card\" content=\"summary_large_image\" \/>\n\t\t<meta name=\"twitter:title\" content=\"Nacho Escu\u00edn recuerda a la Generalitat que debe cumplir las sentencias - El Digital de Asturias\" \/>\n\t\t<meta name=\"twitter:description\" content=\"El Gobierno de Arag\u00f3n tiene todo preparado para desplazarse al Museo de L\u00e9rida para recoger las 44 obras de Sijena all\u00ed retenidas y trasladarlas al Monasterio de la localidad oscense si el Juzgado de Primera Instancia e Instrucci\u00f3n N\u00famero 1 de Huesca responde a la petici\u00f3n de que agosto sea mes h\u00e1bil y de que\" \/>\n\t\t<meta name=\"twitter:image\" content=\"https:\/\/www.eldigitaldeasturias.com\/noticias\/wp-content\/uploads\/2020\/12\/EDA-1.jpg\" \/>\n\t\t<meta name=\"twitter:label1\" content=\"Escrito por\" \/>\n\t\t<meta name=\"twitter:data1\" content=\"El Digital de Asturias\" \/>\n\t\t<meta name=\"twitter:label2\" content=\"Tiempo de lectura estimado\" \/>\n\t\t<meta name=\"twitter:data2\" content=\"2 minutos\" \/>\n\t\t<script type=\"application\/ld+json\" class=\"aioseo-schema\">\n\t\t\t{\"@context\":\"https:\\\/\\\/schema.org\",\"@graph\":[{\"@type\":\"BlogPosting\",\"@id\":\"https:\\\/\\\/www.eldigitaldeasturias.com\\\/noticias\\\/nacho-escuin-recuerda-a-la-generalitat-que-debe-cumplir-las-sentencias\\\/#blogposting\",\"name\":\"Nacho Escu\\u00edn recuerda a la Generalitat que debe cumplir las sentencias - El Digital de Asturias\",\"headline\":\"Nacho Escu\\u00edn recuerda a la Generalitat que debe cumplir las sentencias\",\"author\":{\"@id\":\"https:\\\/\\\/www.eldigitaldeasturias.com\\\/noticias\\\/author\\\/admin\\\/#author\"},\"publisher\":{\"@id\":\"https:\\\/\\\/www.eldigitaldeasturias.com\\\/noticias\\\/#organization\"},\"image\":{\"@type\":\"ImageObject\",\"url\":948368},\"datePublished\":\"2017-08-01T20:23:38+02:00\",\"dateModified\":\"2017-08-01T20:23:38+02:00\",\"inLanguage\":\"es-ES\",\"mainEntityOfPage\":{\"@id\":\"https:\\\/\\\/www.eldigitaldeasturias.com\\\/noticias\\\/nacho-escuin-recuerda-a-la-generalitat-que-debe-cumplir-las-sentencias\\\/#webpage\"},\"isPartOf\":{\"@id\":\"https:\\\/\\\/www.eldigitaldeasturias.com\\\/noticias\\\/nacho-escuin-recuerda-a-la-generalitat-que-debe-cumplir-las-sentencias\\\/#webpage\"},\"articleSection\":\"Actualidad\"},{\"@type\":\"BreadcrumbList\",\"@id\":\"https:\\\/\\\/www.eldigitaldeasturias.com\\\/noticias\\\/nacho-escuin-recuerda-a-la-generalitat-que-debe-cumplir-las-sentencias\\\/#breadcrumblist\",\"itemListElement\":[{\"@type\":\"ListItem\",\"@id\":\"https:\\\/\\\/www.eldigitaldeasturias.com\\\/noticias#listItem\",\"position\":1,\"name\":\"Home\",\"item\":\"https:\\\/\\\/www.eldigitaldeasturias.com\\\/noticias\",\"nextItem\":{\"@type\":\"ListItem\",\"@id\":\"https:\\\/\\\/www.eldigitaldeasturias.com\\\/noticias\\\/category\\\/actualidad\\\/#listItem\",\"name\":\"Actualidad\"}},{\"@type\":\"ListItem\",\"@id\":\"https:\\\/\\\/www.eldigitaldeasturias.com\\\/noticias\\\/category\\\/actualidad\\\/#listItem\",\"position\":2,\"name\":\"Actualidad\",\"item\":\"https:\\\/\\\/www.eldigitaldeasturias.com\\\/noticias\\\/category\\\/actualidad\\\/\",\"nextItem\":{\"@type\":\"ListItem\",\"@id\":\"https:\\\/\\\/www.eldigitaldeasturias.com\\\/noticias\\\/nacho-escuin-recuerda-a-la-generalitat-que-debe-cumplir-las-sentencias\\\/#listItem\",\"name\":\"Nacho Escu\\u00edn recuerda a la Generalitat que debe cumplir las sentencias\"},\"previousItem\":{\"@type\":\"ListItem\",\"@id\":\"https:\\\/\\\/www.eldigitaldeasturias.com\\\/noticias#listItem\",\"name\":\"Home\"}},{\"@type\":\"ListItem\",\"@id\":\"https:\\\/\\\/www.eldigitaldeasturias.com\\\/noticias\\\/nacho-escuin-recuerda-a-la-generalitat-que-debe-cumplir-las-sentencias\\\/#listItem\",\"position\":3,\"name\":\"Nacho Escu\\u00edn recuerda a la Generalitat que debe cumplir las sentencias\",\"previousItem\":{\"@type\":\"ListItem\",\"@id\":\"https:\\\/\\\/www.eldigitaldeasturias.com\\\/noticias\\\/category\\\/actualidad\\\/#listItem\",\"name\":\"Actualidad\"}}]},{\"@type\":\"Organization\",\"@id\":\"https:\\\/\\\/www.eldigitaldeasturias.com\\\/noticias\\\/#organization\",\"name\":\"El Digital de Asturias\",\"description\":\"Hemeroteca\",\"url\":\"https:\\\/\\\/www.eldigitaldeasturias.com\\\/noticias\\\/\",\"email\":\"info@eldigitaldeasturias.com\",\"telephone\":\"+34652131393\",\"logo\":{\"@type\":\"ImageObject\",\"url\":\"https:\\\/\\\/www.eldigitaldeasturias.com\\\/noticias\\\/wp-content\\\/uploads\\\/2020\\\/12\\\/EDA.jpg\",\"@id\":\"https:\\\/\\\/www.eldigitaldeasturias.com\\\/noticias\\\/nacho-escuin-recuerda-a-la-generalitat-que-debe-cumplir-las-sentencias\\\/#organizationLogo\"},\"image\":{\"@id\":\"https:\\\/\\\/www.eldigitaldeasturias.com\\\/noticias\\\/nacho-escuin-recuerda-a-la-generalitat-que-debe-cumplir-las-sentencias\\\/#organizationLogo\"},\"sameAs\":[\"https:\\\/\\\/facebook.com\\\/eldigitaldeasturias\",\"https:\\\/\\\/www.youtube.com\\\/channel\\\/UCZP-2wLEB9Rv6erhFmqVnvg\"],\"address\":{\"@id\":\"https:\\\/\\\/www.eldigitaldeasturias.com\\\/noticias\\\/#postaladdress\",\"@type\":\"PostalAddress\",\"streetAddress\":\"san antonio 4\",\"postalCode\":\"33430\",\"addressLocality\":\"Cand\\u00e1s\",\"addressRegion\":\"Asturias\",\"addressCountry\":\"ES\"}},{\"@type\":\"Person\",\"@id\":\"https:\\\/\\\/www.eldigitaldeasturias.com\\\/noticias\\\/author\\\/admin\\\/#author\",\"url\":\"https:\\\/\\\/www.eldigitaldeasturias.com\\\/noticias\\\/author\\\/admin\\\/\",\"name\":\"El Digital de Asturias\",\"image\":{\"@type\":\"ImageObject\",\"@id\":\"https:\\\/\\\/www.eldigitaldeasturias.com\\\/noticias\\\/nacho-escuin-recuerda-a-la-generalitat-que-debe-cumplir-las-sentencias\\\/#authorImage\",\"url\":\"https:\\\/\\\/secure.gravatar.com\\\/avatar\\\/df2aeffc32bcd13f8d26072ef8a91b623d677766deac7f97ca815868cd41bf5e?s=96&d=mm&r=g\",\"width\":96,\"height\":96,\"caption\":\"El Digital de Asturias\"}},{\"@type\":\"WebPage\",\"@id\":\"https:\\\/\\\/www.eldigitaldeasturias.com\\\/noticias\\\/nacho-escuin-recuerda-a-la-generalitat-que-debe-cumplir-las-sentencias\\\/#webpage\",\"url\":\"https:\\\/\\\/www.eldigitaldeasturias.com\\\/noticias\\\/nacho-escuin-recuerda-a-la-generalitat-que-debe-cumplir-las-sentencias\\\/\",\"name\":\"Nacho Escu\\u00edn recuerda a la Generalitat que debe cumplir las sentencias - El Digital de Asturias\",\"description\":\"El Gobierno de Arag\\u00f3n tiene todo preparado para desplazarse al Museo de L\\u00e9rida para recoger las 44 obras de Sijena all\\u00ed retenidas y trasladarlas al Monasterio de la localidad oscense si el Juzgado de Primera Instancia e Instrucci\\u00f3n N\\u00famero 1 de Huesca responde a la petici\\u00f3n de que agosto sea mes h\\u00e1bil y de que\",\"inLanguage\":\"es-ES\",\"isPartOf\":{\"@id\":\"https:\\\/\\\/www.eldigitaldeasturias.com\\\/noticias\\\/#website\"},\"breadcrumb\":{\"@id\":\"https:\\\/\\\/www.eldigitaldeasturias.com\\\/noticias\\\/nacho-escuin-recuerda-a-la-generalitat-que-debe-cumplir-las-sentencias\\\/#breadcrumblist\"},\"author\":{\"@id\":\"https:\\\/\\\/www.eldigitaldeasturias.com\\\/noticias\\\/author\\\/admin\\\/#author\"},\"creator\":{\"@id\":\"https:\\\/\\\/www.eldigitaldeasturias.com\\\/noticias\\\/author\\\/admin\\\/#author\"},\"image\":{\"@type\":\"ImageObject\",\"url\":948368,\"@id\":\"https:\\\/\\\/www.eldigitaldeasturias.com\\\/noticias\\\/nacho-escuin-recuerda-a-la-generalitat-que-debe-cumplir-las-sentencias\\\/#mainImage\"},\"primaryImageOfPage\":{\"@id\":\"https:\\\/\\\/www.eldigitaldeasturias.com\\\/noticias\\\/nacho-escuin-recuerda-a-la-generalitat-que-debe-cumplir-las-sentencias\\\/#mainImage\"},\"datePublished\":\"2017-08-01T20:23:38+02:00\",\"dateModified\":\"2017-08-01T20:23:38+02:00\"},{\"@type\":\"WebSite\",\"@id\":\"https:\\\/\\\/www.eldigitaldeasturias.com\\\/noticias\\\/#website\",\"url\":\"https:\\\/\\\/www.eldigitaldeasturias.com\\\/noticias\\\/\",\"name\":\"El Digital de Asturias - Diario de actualidad y noticias\",\"alternateName\":\"El Digital de Asturias - Diario de actualidad y noticias\",\"description\":\"Hemeroteca\",\"inLanguage\":\"es-ES\",\"publisher\":{\"@id\":\"https:\\\/\\\/www.eldigitaldeasturias.com\\\/noticias\\\/#organization\"}}]}\n\t\t<\/script>\n\t\t<!-- All in One SEO Pro -->\r\n\t\t<title>Nacho Escu\u00edn recuerda a la Generalitat que debe cumplir las sentencias - El Digital de Asturias<\/title>\n\n","aioseo_head_json":{"title":"Nacho Escu\u00edn recuerda a la Generalitat que debe cumplir las sentencias - El Digital de Asturias","description":"El Gobierno de Arag\u00f3n tiene todo preparado para desplazarse al Museo de L\u00e9rida para recoger las 44 obras de Sijena all\u00ed retenidas y trasladarlas al Monasterio de la localidad oscense si el Juzgado de Primera Instancia e Instrucci\u00f3n N\u00famero 1 de Huesca responde a la petici\u00f3n de que agosto sea mes h\u00e1bil y de que","canonical_url":"https:\/\/www.eldigitaldeasturias.com\/noticias\/nacho-escuin-recuerda-a-la-generalitat-que-debe-cumplir-las-sentencias\/","robots":"max-image-preview:large","keywords":"actualidad","webmasterTools":{"google-site-verification":"UA-38556648-1","msvalidate.01":"7dfe9f3f1b24437ab69f4f2559babe99","miscellaneous":""},"schema":{"@context":"https:\/\/schema.org","@graph":[{"@type":"BlogPosting","@id":"https:\/\/www.eldigitaldeasturias.com\/noticias\/nacho-escuin-recuerda-a-la-generalitat-que-debe-cumplir-las-sentencias\/#blogposting","name":"Nacho Escu\u00edn recuerda a la Generalitat que debe cumplir las sentencias - El Digital de Asturias","headline":"Nacho Escu\u00edn recuerda a la Generalitat que debe cumplir las sentencias","author":{"@id":"https:\/\/www.eldigitaldeasturias.com\/noticias\/author\/admin\/#author"},"publisher":{"@id":"https:\/\/www.eldigitaldeasturias.com\/noticias\/#organization"},"image":{"@type":"ImageObject","url":948368},"datePublished":"2017-08-01T20:23:38+02:00","dateModified":"2017-08-01T20:23:38+02:00","inLanguage":"es-ES","mainEntityOfPage":{"@id":"https:\/\/www.eldigitaldeasturias.com\/noticias\/nacho-escuin-recuerda-a-la-generalitat-que-debe-cumplir-las-sentencias\/#webpage"},"isPartOf":{"@id":"https:\/\/www.eldigitaldeasturias.com\/noticias\/nacho-escuin-recuerda-a-la-generalitat-que-debe-cumplir-las-sentencias\/#webpage"},"articleSection":"Actualidad"},{"@type":"BreadcrumbList","@id":"https:\/\/www.eldigitaldeasturias.com\/noticias\/nacho-escuin-recuerda-a-la-generalitat-que-debe-cumplir-las-sentencias\/#breadcrumblist","itemListElement":[{"@type":"ListItem","@id":"https:\/\/www.eldigitaldeasturias.com\/noticias#listItem","position":1,"name":"Home","item":"https:\/\/www.eldigitaldeasturias.com\/noticias","nextItem":{"@type":"ListItem","@id":"https:\/\/www.eldigitaldeasturias.com\/noticias\/category\/actualidad\/#listItem","name":"Actualidad"}},{"@type":"ListItem","@id":"https:\/\/www.eldigitaldeasturias.com\/noticias\/category\/actualidad\/#listItem","position":2,"name":"Actualidad","item":"https:\/\/www.eldigitaldeasturias.com\/noticias\/category\/actualidad\/","nextItem":{"@type":"ListItem","@id":"https:\/\/www.eldigitaldeasturias.com\/noticias\/nacho-escuin-recuerda-a-la-generalitat-que-debe-cumplir-las-sentencias\/#listItem","name":"Nacho Escu\u00edn recuerda a la Generalitat que debe cumplir las sentencias"},"previousItem":{"@type":"ListItem","@id":"https:\/\/www.eldigitaldeasturias.com\/noticias#listItem","name":"Home"}},{"@type":"ListItem","@id":"https:\/\/www.eldigitaldeasturias.com\/noticias\/nacho-escuin-recuerda-a-la-generalitat-que-debe-cumplir-las-sentencias\/#listItem","position":3,"name":"Nacho Escu\u00edn recuerda a la Generalitat que debe cumplir las sentencias","previousItem":{"@type":"ListItem","@id":"https:\/\/www.eldigitaldeasturias.com\/noticias\/category\/actualidad\/#listItem","name":"Actualidad"}}]},{"@type":"Organization","@id":"https:\/\/www.eldigitaldeasturias.com\/noticias\/#organization","name":"El Digital de Asturias","description":"Hemeroteca","url":"https:\/\/www.eldigitaldeasturias.com\/noticias\/","email":"info@eldigitaldeasturias.com","telephone":"+34652131393","logo":{"@type":"ImageObject","url":"https:\/\/www.eldigitaldeasturias.com\/noticias\/wp-content\/uploads\/2020\/12\/EDA.jpg","@id":"https:\/\/www.eldigitaldeasturias.com\/noticias\/nacho-escuin-recuerda-a-la-generalitat-que-debe-cumplir-las-sentencias\/#organizationLogo"},"image":{"@id":"https:\/\/www.eldigitaldeasturias.com\/noticias\/nacho-escuin-recuerda-a-la-generalitat-que-debe-cumplir-las-sentencias\/#organizationLogo"},"sameAs":["https:\/\/facebook.com\/eldigitaldeasturias","https:\/\/www.youtube.com\/channel\/UCZP-2wLEB9Rv6erhFmqVnvg"],"address":{"@id":"https:\/\/www.eldigitaldeasturias.com\/noticias\/#postaladdress","@type":"PostalAddress","streetAddress":"san antonio 4","postalCode":"33430","addressLocality":"Cand\u00e1s","addressRegion":"Asturias","addressCountry":"ES"}},{"@type":"Person","@id":"https:\/\/www.eldigitaldeasturias.com\/noticias\/author\/admin\/#author","url":"https:\/\/www.eldigitaldeasturias.com\/noticias\/author\/admin\/","name":"El Digital de Asturias","image":{"@type":"ImageObject","@id":"https:\/\/www.eldigitaldeasturias.com\/noticias\/nacho-escuin-recuerda-a-la-generalitat-que-debe-cumplir-las-sentencias\/#authorImage","url":"https:\/\/secure.gravatar.com\/avatar\/df2aeffc32bcd13f8d26072ef8a91b623d677766deac7f97ca815868cd41bf5e?s=96&d=mm&r=g","width":96,"height":96,"caption":"El Digital de Asturias"}},{"@type":"WebPage","@id":"https:\/\/www.eldigitaldeasturias.com\/noticias\/nacho-escuin-recuerda-a-la-generalitat-que-debe-cumplir-las-sentencias\/#webpage","url":"https:\/\/www.eldigitaldeasturias.com\/noticias\/nacho-escuin-recuerda-a-la-generalitat-que-debe-cumplir-las-sentencias\/","name":"Nacho Escu\u00edn recuerda a la Generalitat que debe cumplir las sentencias - El Digital de Asturias","description":"El Gobierno de Arag\u00f3n tiene todo preparado para desplazarse al Museo de L\u00e9rida para recoger las 44 obras de Sijena all\u00ed retenidas y trasladarlas al Monasterio de la localidad oscense si el Juzgado de Primera Instancia e Instrucci\u00f3n N\u00famero 1 de Huesca responde a la petici\u00f3n de que agosto sea mes h\u00e1bil y de que","inLanguage":"es-ES","isPartOf":{"@id":"https:\/\/www.eldigitaldeasturias.com\/noticias\/#website"},"breadcrumb":{"@id":"https:\/\/www.eldigitaldeasturias.com\/noticias\/nacho-escuin-recuerda-a-la-generalitat-que-debe-cumplir-las-sentencias\/#breadcrumblist"},"author":{"@id":"https:\/\/www.eldigitaldeasturias.com\/noticias\/author\/admin\/#author"},"creator":{"@id":"https:\/\/www.eldigitaldeasturias.com\/noticias\/author\/admin\/#author"},"image":{"@type":"ImageObject","url":948368,"@id":"https:\/\/www.eldigitaldeasturias.com\/noticias\/nacho-escuin-recuerda-a-la-generalitat-que-debe-cumplir-las-sentencias\/#mainImage"},"primaryImageOfPage":{"@id":"https:\/\/www.eldigitaldeasturias.com\/noticias\/nacho-escuin-recuerda-a-la-generalitat-que-debe-cumplir-las-sentencias\/#mainImage"},"datePublished":"2017-08-01T20:23:38+02:00","dateModified":"2017-08-01T20:23:38+02:00"},{"@type":"WebSite","@id":"https:\/\/www.eldigitaldeasturias.com\/noticias\/#website","url":"https:\/\/www.eldigitaldeasturias.com\/noticias\/","name":"El Digital de Asturias - Diario de actualidad y noticias","alternateName":"El Digital de Asturias - Diario de actualidad y noticias","description":"Hemeroteca","inLanguage":"es-ES","publisher":{"@id":"https:\/\/www.eldigitaldeasturias.com\/noticias\/#organization"}}]},"og:locale":"es_ES","og:site_name":"El Digital de Asturias","og:type":"article","og:title":"Nacho Escu\u00edn recuerda a la Generalitat que debe cumplir las sentencias - El Digital de Asturias","og:description":"El Gobierno de Arag\u00f3n tiene todo preparado para desplazarse al Museo de L\u00e9rida para recoger las 44 obras de Sijena all\u00ed retenidas y trasladarlas al Monasterio de la localidad oscense si el Juzgado de Primera Instancia e Instrucci\u00f3n N\u00famero 1 de Huesca responde a la petici\u00f3n de que agosto sea mes h\u00e1bil y de que","og:url":"https:\/\/www.eldigitaldeasturias.com\/noticias\/nacho-escuin-recuerda-a-la-generalitat-que-debe-cumplir-las-sentencias\/","article:tag":["actualidad"],"article:published_time":"2017-08-01T20:23:38+00:00","article:modified_time":"2017-08-01T20:23:38+00:00","article:publisher":"https:\/\/facebook.com\/eldigitaldeasturias","twitter:card":"summary_large_image","twitter:title":"Nacho Escu\u00edn recuerda a la Generalitat que debe cumplir las sentencias - El Digital de Asturias","twitter:description":"El Gobierno de Arag\u00f3n tiene todo preparado para desplazarse al Museo de L\u00e9rida para recoger las 44 obras de Sijena all\u00ed retenidas y trasladarlas al Monasterio de la localidad oscense si el Juzgado de Primera Instancia e Instrucci\u00f3n N\u00famero 1 de Huesca responde a la petici\u00f3n de que agosto sea mes h\u00e1bil y de que","twitter:image":"https:\/\/www.eldigitaldeasturias.com\/noticias\/wp-content\/uploads\/2020\/12\/EDA-1.jpg","twitter:label1":"Escrito por","twitter:data1":"El Digital de Asturias","twitter:label2":"Tiempo de lectura estimado","twitter:data2":"2 minutos"},"aioseo_meta_data":{"post_id":"948367","title":null,"description":null,"keywords":null,"keyphrases":null,"primary_term":null,"canonical_url":null,"og_title":null,"og_description":null,"og_object_type":"default","og_image_type":"default","og_image_url":null,"og_image_width":null,"og_image_height":null,"og_image_custom_url":null,"og_image_custom_fields":null,"og_video":null,"og_custom_url":null,"og_article_section":null,"og_article_tags":null,"twitter_use_og":false,"twitter_card":"default","twitter_image_type":"default","twitter_image_url":null,"twitter_image_custom_url":null,"twitter_image_custom_fields":null,"twitter_title":null,"twitter_description":null,"schema":{"blockGraphs":[],"customGraphs":[],"default":{"data":{"Article":[],"Course":[],"Dataset":[],"FAQPage":[],"Movie":[],"Person":[],"Product":[],"ProductReview":[],"Car":[],"Recipe":[],"Service":[],"SoftwareApplication":[],"WebPage":[]},"graphName":"","isEnabled":true},"graphs":[],"defaultGraph":"","defaultPostTypeGraph":""},"schema_type":null,"schema_type_options":null,"pillar_content":false,"robots_default":true,"robots_noindex":false,"robots_noarchive":false,"robots_nosnippet":false,"robots_nofollow":false,"robots_noimageindex":false,"robots_noodp":false,"robots_notranslate":false,"robots_max_snippet":null,"robots_max_videopreview":null,"robots_max_imagepreview":"large","priority":null,"frequency":null,"local_seo":null,"seo_analyzer_scan_date":"2025-12-05 08:22:48","breadcrumb_settings":null,"limit_modified_date":false,"open_ai":null,"ai":null,"created":"2020-12-21 13:04:37","updated":"2025-12-05 08:22:48","focus_keyword":null,"additional_keywords":null,"truseo_locale":null},"aioseo_breadcrumb":"<div class=\"aioseo-breadcrumbs\"><span class=\"aioseo-breadcrumb\">\n\t<a href=\"https:\/\/www.eldigitaldeasturias.com\/noticias\" title=\"Home\">Home<\/a>\n<\/span><span class=\"aioseo-breadcrumb-separator\">\u2013<\/span><span class=\"aioseo-breadcrumb\">\n\t<a href=\"https:\/\/www.eldigitaldeasturias.com\/noticias\/category\/actualidad\/\" title=\"Actualidad\">Actualidad<\/a>\n<\/span><span class=\"aioseo-breadcrumb-separator\">\u2013<\/span><span class=\"aioseo-breadcrumb\">\n\t<a href=\"https:\/\/www.eldigitaldeasturias.com\/noticias\/nacho-escuin-recuerda-a-la-generalitat-que-debe-cumplir-las-sentencias\/\" title=\"Nacho Escu\u00edn recuerda a la Generalitat que debe cumplir las sentencias\">Nacho Escu\u00edn recuerda a la Generalitat que debe cumplir las sentencias<\/a>\n<\/span><\/div>","aioseo_breadcrumb_json":[{"label":"Home","link":"https:\/\/www.eldigitaldeasturias.com\/noticias"},{"label":"Actualidad","link":"https:\/\/www.eldigitaldeasturias.com\/noticias\/category\/actualidad\/"},{"label":"Nacho Escu\u00edn recuerda a la Generalitat que debe cumplir las sentencias","link":"https:\/\/www.eldigitaldeasturias.com\/noticias\/nacho-escuin-recuerda-a-la-generalitat-que-debe-cumplir-las-sentencias\/"}],"_links":{"self":[{"href":"https:\/\/www.eldigitaldeasturias.com\/noticias\/wp-json\/wp\/v2\/posts\/948367","targetHints":{"allow":["GET"]}}],"collection":[{"href":"https:\/\/www.eldigitaldeasturias.com\/noticias\/wp-json\/wp\/v2\/posts"}],"about":[{"href":"https:\/\/www.eldigitaldeasturias.com\/noticias\/wp-json\/wp\/v2\/types\/post"}],"author":[{"embeddable":true,"href":"https:\/\/www.eldigitaldeasturias.com\/noticias\/wp-json\/wp\/v2\/users\/1"}],"replies":[{"embeddable":true,"href":"https:\/\/www.eldigitaldeasturias.com\/noticias\/wp-json\/wp\/v2\/comments?post=948367"}],"version-history":[{"count":0,"href":"https:\/\/www.eldigitaldeasturias.com\/noticias\/wp-json\/wp\/v2\/posts\/948367\/revisions"}],"wp:attachment":[{"href":"https:\/\/www.eldigitaldeasturias.com\/noticias\/wp-json\/wp\/v2\/media?parent=948367"}],"wp:term":[{"taxonomy":"category","embeddable":true,"href":"https:\/\/www.eldigitaldeasturias.com\/noticias\/wp-json\/wp\/v2\/categories?post=948367"},{"taxonomy":"post_tag","embeddable":true,"href":"https:\/\/www.eldigitaldeasturias.com\/noticias\/wp-json\/wp\/v2\/tags?post=948367"}],"curies":[{"name":"wp","href":"https:\/\/api.w.org\/{rel}","templated":true}]}}