{"id":948344,"date":"2017-08-01T13:41:26","date_gmt":"2017-08-01T13:41:26","guid":{"rendered":"http:\/\/www.eldigitaldeasturias.com\/noticias\/?p=948344"},"modified":"2017-08-01T13:41:26","modified_gmt":"2017-08-01T13:41:26","slug":"aprobadas-nuevas-ayudas-para-paliar-los-efectos-de-la-sequia-en-espana","status":"publish","type":"post","link":"https:\/\/www.eldigitaldeasturias.com\/noticias\/aprobadas-nuevas-ayudas-para-paliar-los-efectos-de-la-sequia-en-espana\/","title":{"rendered":"Aprobadas nuevas ayudas para paliar los efectos de la sequia en Espa\u00f1a"},"content":{"rendered":"<p><img loading=\"lazy\" decoding=\"async\" class=\"alignleft size-medium wp-image-948345\" src=\"https:\/\/www.eldigitaldeasturias.com\/noticias\/wp-content\/uploads\/2017\/08\/desert-279862_960_720-360x245.jpg\" alt=\"\" width=\"360\" height=\"245\" \/>Las subvenciones facilitar\u00e1n, a explotaciones agrarias afectadas por la sequ\u00eda, el acceso a cr\u00e9ditos de liquidez. Se subvencionar\u00e1 hasta un 100% del coste de los avales concedidos por la Sociedad An\u00f3nima Estatal de Cauci\u00f3n Agraria (SAECA) a agricultores y ganaderos con producciones afectadas por la sequ\u00eda.<\/p>\n<p>El Ministerio de Agricultura y Pesca, Alimentaci\u00f3n y Medio Ambiente (MAPAMA) incrementar\u00e1 hasta los 200 millones de euros el cr\u00e9dito subvencionado a los titulares de explotaciones agrarias afectadas por la sequ\u00eda. Dichas ayudas, que contribuir\u00e1n a paliar las dificultades en el acceso al cr\u00e9dito de dichas explotaciones agrarias, se gestionar\u00e1n a trav\u00e9s de avales de la Sociedad An\u00f3nima Estatal de Cauci\u00f3n Agraria (SAECA).<\/p>\n<p>La Orden Ministerial publicada hoy en el Bolet\u00edn Oficial del Estado establece las bases reguladoras y convoca subvenciones p\u00fablicas, destinadas a la obtenci\u00f3n de avales por titulares de explotaciones agrarias. Unas subvenciones p\u00fablicas que se suman a las ayudas para cr\u00e9ditos por 90 millones de euros convocadas el pasado 5 de junio de 2017. As\u00ed, el volumen m\u00e1ximo de cr\u00e9dito subvencionado por el MAPAMA para paliar los efectos de la sequ\u00eda en 2017 alcanza los 200 millones de euros.<\/p>\n<p>Podr\u00e1n acogerse a estas ayudas los titulares de explotaciones agrarias que desarrollen su actividad en el \u00e1mbito de las producciones de cereales, leguminosas, oleaginosas, l\u00fapulo, patata, uva, as\u00ed como en el de la ganader\u00eda extensiva o la apicultura.<\/p>\n<p>Se financia as\u00ed el coste de los avales concedidos por la Sociedad An\u00f3nima Estatal de Cauci\u00f3n Agraria (SAECA) a nuevos pr\u00e9stamos de liquidez de hasta 5 a\u00f1os, con la posibilidad de 2 a\u00f1os de carencia, y 60.000 \u20ac por beneficiario. Los citados l\u00edmites podr\u00e1n superarse en los cr\u00e9ditos concedidos en el marco de la L\u00ednea ICO-Garant\u00eda SGR\/SAECA, teni\u00e9ndose en cuenta en este caso los l\u00edmites propios de la citada l\u00ednea en las operaciones avaladas por SAECA.<\/p>\n<p><strong>Plazo de solicitud hasta el 20 de septiembre<\/strong><\/p>\n<p>En el dise\u00f1o de esta l\u00ednea de ayuda se ha tenido en cuenta la prioridad que el Ministerio de Agricultura y Pesca, Alimentaci\u00f3n y Medio Ambiente otorga al Plan de Seguros Agrarios Combinados de ENESA, como principal herramienta de gesti\u00f3n del riesgo de sequ\u00eda.<\/p>\n<p>Por ello se ha previsto financiar el importe de la comisi\u00f3n de estudio del aval, a aquellos beneficiarios que hayan suscrito un seguro de una de las l\u00edneas de seguros agr\u00edcolas o pecuarios comprendidas el Plan de Seguros Agrarios Combinados para 2017, o en el Plan del a\u00f1o anterior en el caso de las l\u00edneas en las que la apertura del plazo de suscripci\u00f3n del seguro sea posterior a la fecha en que finaliza el plazo para solicitar las ayudas. Tambi\u00e9n se financiar\u00e1 el importe de la comisi\u00f3n de estudio a los j\u00f3venes agricultores.<\/p>\n<p>El plazo de solicitud comienza el 2 de agosto de 2017 y finaliza el 20 de septiembre del mismo a\u00f1o.<\/p>\n","protected":false},"excerpt":{"rendered":"<p>Las subvenciones facilitar\u00e1n, a explotaciones agrarias afectadas por la sequ\u00eda, el acceso a cr\u00e9ditos de liquidez. Se subvencionar\u00e1 hasta un 100% del coste de los avales concedidos por la Sociedad An\u00f3nima Estatal de Cauci\u00f3n Agraria (SAECA) a agricultores y ganaderos con producciones afectadas por la sequ\u00eda. El Ministerio de Agricultura y Pesca, Alimentaci\u00f3n y Medio [&hellip;]<\/p>\n","protected":false},"author":1,"featured_media":948345,"comment_status":"closed","ping_status":"closed","sticky":false,"template":"","format":"standard","meta":{"footnotes":""},"categories":[1],"tags":[],"class_list":["post-948344","post","type-post","status-publish","format-standard","has-post-thumbnail","hentry","category-actualidad"],"aioseo_notices":[],"aioseo_head":"\n\t\t<!-- All in One SEO Pro 5.0.1 - aioseo.com -->\n\t<meta name=\"description\" content=\"Las subvenciones facilitar\u00e1n, a explotaciones agrarias afectadas por la sequ\u00eda, el acceso a cr\u00e9ditos de liquidez. Se subvencionar\u00e1 hasta un 100% del coste de los avales concedidos por la Sociedad An\u00f3nima Estatal de Cauci\u00f3n Agraria (SAECA) a agricultores y ganaderos con producciones afectadas por la sequ\u00eda. El Ministerio de Agricultura y Pesca, Alimentaci\u00f3n y Medio\" \/>\n\t<meta name=\"robots\" content=\"max-image-preview:large\" \/>\n\t<meta name=\"author\" content=\"El Digital de Asturias\"\/>\n\t<meta name=\"google-site-verification\" content=\"UA-38556648-1\" \/>\n\t<meta name=\"msvalidate.01\" content=\"7dfe9f3f1b24437ab69f4f2559babe99\" \/>\n\t<meta name=\"keywords\" content=\"actualidad\" \/>\n\t<link rel=\"canonical\" href=\"https:\/\/www.eldigitaldeasturias.com\/noticias\/aprobadas-nuevas-ayudas-para-paliar-los-efectos-de-la-sequia-en-espana\/\" \/>\n\t<meta name=\"generator\" content=\"All in One SEO Pro (AIOSEO) 5.0.1\" \/>\n\t\t<meta property=\"og:locale\" content=\"es_ES\" \/>\n\t\t<meta property=\"og:site_name\" content=\"El Digital de Asturias\" \/>\n\t\t<meta property=\"og:type\" content=\"article\" \/>\n\t\t<meta property=\"og:title\" content=\"Aprobadas nuevas ayudas para paliar los efectos de la sequia en Espa\u00f1a - El Digital de Asturias\" \/>\n\t\t<meta property=\"og:description\" content=\"Las subvenciones facilitar\u00e1n, a explotaciones agrarias afectadas por la sequ\u00eda, el acceso a cr\u00e9ditos de liquidez. Se subvencionar\u00e1 hasta un 100% del coste de los avales concedidos por la Sociedad An\u00f3nima Estatal de Cauci\u00f3n Agraria (SAECA) a agricultores y ganaderos con producciones afectadas por la sequ\u00eda. El Ministerio de Agricultura y Pesca, Alimentaci\u00f3n y Medio\" \/>\n\t\t<meta property=\"og:url\" content=\"https:\/\/www.eldigitaldeasturias.com\/noticias\/aprobadas-nuevas-ayudas-para-paliar-los-efectos-de-la-sequia-en-espana\/\" \/>\n\t\t<meta property=\"article:tag\" content=\"actualidad\" \/>\n\t\t<meta property=\"article:published_time\" content=\"2017-08-01T13:41:26+00:00\" \/>\n\t\t<meta property=\"article:modified_time\" content=\"2017-08-01T13:41:26+00:00\" \/>\n\t\t<meta property=\"article:publisher\" content=\"https:\/\/facebook.com\/eldigitaldeasturias\" \/>\n\t\t<meta name=\"twitter:card\" content=\"summary_large_image\" \/>\n\t\t<meta name=\"twitter:title\" content=\"Aprobadas nuevas ayudas para paliar los efectos de la sequia en Espa\u00f1a - El Digital de Asturias\" \/>\n\t\t<meta name=\"twitter:description\" content=\"Las subvenciones facilitar\u00e1n, a explotaciones agrarias afectadas por la sequ\u00eda, el acceso a cr\u00e9ditos de liquidez. Se subvencionar\u00e1 hasta un 100% del coste de los avales concedidos por la Sociedad An\u00f3nima Estatal de Cauci\u00f3n Agraria (SAECA) a agricultores y ganaderos con producciones afectadas por la sequ\u00eda. El Ministerio de Agricultura y Pesca, Alimentaci\u00f3n y Medio\" \/>\n\t\t<meta name=\"twitter:image\" content=\"https:\/\/www.eldigitaldeasturias.com\/noticias\/wp-content\/uploads\/2020\/12\/EDA-1.jpg\" \/>\n\t\t<meta name=\"twitter:label1\" content=\"Escrito por\" \/>\n\t\t<meta name=\"twitter:data1\" content=\"El Digital de Asturias\" \/>\n\t\t<meta name=\"twitter:label2\" content=\"Tiempo de lectura estimado\" \/>\n\t\t<meta name=\"twitter:data2\" content=\"3 minutos\" \/>\n\t\t<script type=\"application\/ld+json\" class=\"aioseo-schema\">\n\t\t\t{\"@context\":\"https:\\\/\\\/schema.org\",\"@graph\":[{\"@type\":\"BlogPosting\",\"@id\":\"https:\\\/\\\/www.eldigitaldeasturias.com\\\/noticias\\\/aprobadas-nuevas-ayudas-para-paliar-los-efectos-de-la-sequia-en-espana\\\/#blogposting\",\"name\":\"Aprobadas nuevas ayudas para paliar los efectos de la sequia en Espa\\u00f1a - El Digital de Asturias\",\"headline\":\"Aprobadas nuevas ayudas para paliar los efectos de la sequia en Espa\\u00f1a\",\"author\":{\"@id\":\"https:\\\/\\\/www.eldigitaldeasturias.com\\\/noticias\\\/author\\\/admin\\\/#author\"},\"publisher\":{\"@id\":\"https:\\\/\\\/www.eldigitaldeasturias.com\\\/noticias\\\/#organization\"},\"image\":{\"@type\":\"ImageObject\",\"url\":948345},\"datePublished\":\"2017-08-01T13:41:26+02:00\",\"dateModified\":\"2017-08-01T13:41:26+02:00\",\"inLanguage\":\"es-ES\",\"mainEntityOfPage\":{\"@id\":\"https:\\\/\\\/www.eldigitaldeasturias.com\\\/noticias\\\/aprobadas-nuevas-ayudas-para-paliar-los-efectos-de-la-sequia-en-espana\\\/#webpage\"},\"isPartOf\":{\"@id\":\"https:\\\/\\\/www.eldigitaldeasturias.com\\\/noticias\\\/aprobadas-nuevas-ayudas-para-paliar-los-efectos-de-la-sequia-en-espana\\\/#webpage\"},\"articleSection\":\"Actualidad\"},{\"@type\":\"BreadcrumbList\",\"@id\":\"https:\\\/\\\/www.eldigitaldeasturias.com\\\/noticias\\\/aprobadas-nuevas-ayudas-para-paliar-los-efectos-de-la-sequia-en-espana\\\/#breadcrumblist\",\"itemListElement\":[{\"@type\":\"ListItem\",\"@id\":\"https:\\\/\\\/www.eldigitaldeasturias.com\\\/noticias#listItem\",\"position\":1,\"name\":\"Home\",\"item\":\"https:\\\/\\\/www.eldigitaldeasturias.com\\\/noticias\",\"nextItem\":{\"@type\":\"ListItem\",\"@id\":\"https:\\\/\\\/www.eldigitaldeasturias.com\\\/noticias\\\/category\\\/actualidad\\\/#listItem\",\"name\":\"Actualidad\"}},{\"@type\":\"ListItem\",\"@id\":\"https:\\\/\\\/www.eldigitaldeasturias.com\\\/noticias\\\/category\\\/actualidad\\\/#listItem\",\"position\":2,\"name\":\"Actualidad\",\"item\":\"https:\\\/\\\/www.eldigitaldeasturias.com\\\/noticias\\\/category\\\/actualidad\\\/\",\"nextItem\":{\"@type\":\"ListItem\",\"@id\":\"https:\\\/\\\/www.eldigitaldeasturias.com\\\/noticias\\\/aprobadas-nuevas-ayudas-para-paliar-los-efectos-de-la-sequia-en-espana\\\/#listItem\",\"name\":\"Aprobadas nuevas ayudas para paliar los efectos de la sequia en Espa\\u00f1a\"},\"previousItem\":{\"@type\":\"ListItem\",\"@id\":\"https:\\\/\\\/www.eldigitaldeasturias.com\\\/noticias#listItem\",\"name\":\"Home\"}},{\"@type\":\"ListItem\",\"@id\":\"https:\\\/\\\/www.eldigitaldeasturias.com\\\/noticias\\\/aprobadas-nuevas-ayudas-para-paliar-los-efectos-de-la-sequia-en-espana\\\/#listItem\",\"position\":3,\"name\":\"Aprobadas nuevas ayudas para paliar los efectos de la sequia en Espa\\u00f1a\",\"previousItem\":{\"@type\":\"ListItem\",\"@id\":\"https:\\\/\\\/www.eldigitaldeasturias.com\\\/noticias\\\/category\\\/actualidad\\\/#listItem\",\"name\":\"Actualidad\"}}]},{\"@type\":\"Organization\",\"@id\":\"https:\\\/\\\/www.eldigitaldeasturias.com\\\/noticias\\\/#organization\",\"name\":\"El Digital de Asturias\",\"description\":\"Hemeroteca\",\"url\":\"https:\\\/\\\/www.eldigitaldeasturias.com\\\/noticias\\\/\",\"email\":\"info@eldigitaldeasturias.com\",\"telephone\":\"+34652131393\",\"logo\":{\"@type\":\"ImageObject\",\"url\":\"https:\\\/\\\/www.eldigitaldeasturias.com\\\/noticias\\\/wp-content\\\/uploads\\\/2020\\\/12\\\/EDA.jpg\",\"@id\":\"https:\\\/\\\/www.eldigitaldeasturias.com\\\/noticias\\\/aprobadas-nuevas-ayudas-para-paliar-los-efectos-de-la-sequia-en-espana\\\/#organizationLogo\"},\"image\":{\"@id\":\"https:\\\/\\\/www.eldigitaldeasturias.com\\\/noticias\\\/aprobadas-nuevas-ayudas-para-paliar-los-efectos-de-la-sequia-en-espana\\\/#organizationLogo\"},\"sameAs\":[\"https:\\\/\\\/facebook.com\\\/eldigitaldeasturias\",\"https:\\\/\\\/www.youtube.com\\\/channel\\\/UCZP-2wLEB9Rv6erhFmqVnvg\"],\"address\":{\"@id\":\"https:\\\/\\\/www.eldigitaldeasturias.com\\\/noticias\\\/#postaladdress\",\"@type\":\"PostalAddress\",\"streetAddress\":\"san antonio 4\",\"postalCode\":\"33430\",\"addressLocality\":\"Cand\\u00e1s\",\"addressRegion\":\"Asturias\",\"addressCountry\":\"ES\"}},{\"@type\":\"Person\",\"@id\":\"https:\\\/\\\/www.eldigitaldeasturias.com\\\/noticias\\\/author\\\/admin\\\/#author\",\"url\":\"https:\\\/\\\/www.eldigitaldeasturias.com\\\/noticias\\\/author\\\/admin\\\/\",\"name\":\"El Digital de Asturias\",\"image\":{\"@type\":\"ImageObject\",\"@id\":\"https:\\\/\\\/www.eldigitaldeasturias.com\\\/noticias\\\/aprobadas-nuevas-ayudas-para-paliar-los-efectos-de-la-sequia-en-espana\\\/#authorImage\",\"url\":\"https:\\\/\\\/secure.gravatar.com\\\/avatar\\\/df2aeffc32bcd13f8d26072ef8a91b623d677766deac7f97ca815868cd41bf5e?s=96&d=mm&r=g\",\"width\":96,\"height\":96,\"caption\":\"El Digital de Asturias\"}},{\"@type\":\"WebPage\",\"@id\":\"https:\\\/\\\/www.eldigitaldeasturias.com\\\/noticias\\\/aprobadas-nuevas-ayudas-para-paliar-los-efectos-de-la-sequia-en-espana\\\/#webpage\",\"url\":\"https:\\\/\\\/www.eldigitaldeasturias.com\\\/noticias\\\/aprobadas-nuevas-ayudas-para-paliar-los-efectos-de-la-sequia-en-espana\\\/\",\"name\":\"Aprobadas nuevas ayudas para paliar los efectos de la sequia en Espa\\u00f1a - El Digital de Asturias\",\"description\":\"Las subvenciones facilitar\\u00e1n, a explotaciones agrarias afectadas por la sequ\\u00eda, el acceso a cr\\u00e9ditos de liquidez. Se subvencionar\\u00e1 hasta un 100% del coste de los avales concedidos por la Sociedad An\\u00f3nima Estatal de Cauci\\u00f3n Agraria (SAECA) a agricultores y ganaderos con producciones afectadas por la sequ\\u00eda. El Ministerio de Agricultura y Pesca, Alimentaci\\u00f3n y Medio\",\"inLanguage\":\"es-ES\",\"isPartOf\":{\"@id\":\"https:\\\/\\\/www.eldigitaldeasturias.com\\\/noticias\\\/#website\"},\"breadcrumb\":{\"@id\":\"https:\\\/\\\/www.eldigitaldeasturias.com\\\/noticias\\\/aprobadas-nuevas-ayudas-para-paliar-los-efectos-de-la-sequia-en-espana\\\/#breadcrumblist\"},\"author\":{\"@id\":\"https:\\\/\\\/www.eldigitaldeasturias.com\\\/noticias\\\/author\\\/admin\\\/#author\"},\"creator\":{\"@id\":\"https:\\\/\\\/www.eldigitaldeasturias.com\\\/noticias\\\/author\\\/admin\\\/#author\"},\"image\":{\"@type\":\"ImageObject\",\"url\":948345,\"@id\":\"https:\\\/\\\/www.eldigitaldeasturias.com\\\/noticias\\\/aprobadas-nuevas-ayudas-para-paliar-los-efectos-de-la-sequia-en-espana\\\/#mainImage\"},\"primaryImageOfPage\":{\"@id\":\"https:\\\/\\\/www.eldigitaldeasturias.com\\\/noticias\\\/aprobadas-nuevas-ayudas-para-paliar-los-efectos-de-la-sequia-en-espana\\\/#mainImage\"},\"datePublished\":\"2017-08-01T13:41:26+02:00\",\"dateModified\":\"2017-08-01T13:41:26+02:00\"},{\"@type\":\"WebSite\",\"@id\":\"https:\\\/\\\/www.eldigitaldeasturias.com\\\/noticias\\\/#website\",\"url\":\"https:\\\/\\\/www.eldigitaldeasturias.com\\\/noticias\\\/\",\"name\":\"El Digital de Asturias - Diario de actualidad y noticias\",\"alternateName\":\"El Digital de Asturias - Diario de actualidad y noticias\",\"description\":\"Hemeroteca\",\"inLanguage\":\"es-ES\",\"publisher\":{\"@id\":\"https:\\\/\\\/www.eldigitaldeasturias.com\\\/noticias\\\/#organization\"}}]}\n\t\t<\/script>\n\t\t<!-- All in One SEO Pro -->\r\n\t\t<title>Aprobadas nuevas ayudas para paliar los efectos de la sequia en Espa\u00f1a - El Digital de Asturias<\/title>\n\n","aioseo_head_json":{"title":"Aprobadas nuevas ayudas para paliar los efectos de la sequia en Espa\u00f1a - El Digital de Asturias","description":"Las subvenciones facilitar\u00e1n, a explotaciones agrarias afectadas por la sequ\u00eda, el acceso a cr\u00e9ditos de liquidez. Se subvencionar\u00e1 hasta un 100% del coste de los avales concedidos por la Sociedad An\u00f3nima Estatal de Cauci\u00f3n Agraria (SAECA) a agricultores y ganaderos con producciones afectadas por la sequ\u00eda. El Ministerio de Agricultura y Pesca, Alimentaci\u00f3n y Medio","canonical_url":"https:\/\/www.eldigitaldeasturias.com\/noticias\/aprobadas-nuevas-ayudas-para-paliar-los-efectos-de-la-sequia-en-espana\/","robots":"max-image-preview:large","keywords":"actualidad","webmasterTools":{"google-site-verification":"UA-38556648-1","msvalidate.01":"7dfe9f3f1b24437ab69f4f2559babe99","miscellaneous":""},"schema":{"@context":"https:\/\/schema.org","@graph":[{"@type":"BlogPosting","@id":"https:\/\/www.eldigitaldeasturias.com\/noticias\/aprobadas-nuevas-ayudas-para-paliar-los-efectos-de-la-sequia-en-espana\/#blogposting","name":"Aprobadas nuevas ayudas para paliar los efectos de la sequia en Espa\u00f1a - El Digital de Asturias","headline":"Aprobadas nuevas ayudas para paliar los efectos de la sequia en Espa\u00f1a","author":{"@id":"https:\/\/www.eldigitaldeasturias.com\/noticias\/author\/admin\/#author"},"publisher":{"@id":"https:\/\/www.eldigitaldeasturias.com\/noticias\/#organization"},"image":{"@type":"ImageObject","url":948345},"datePublished":"2017-08-01T13:41:26+02:00","dateModified":"2017-08-01T13:41:26+02:00","inLanguage":"es-ES","mainEntityOfPage":{"@id":"https:\/\/www.eldigitaldeasturias.com\/noticias\/aprobadas-nuevas-ayudas-para-paliar-los-efectos-de-la-sequia-en-espana\/#webpage"},"isPartOf":{"@id":"https:\/\/www.eldigitaldeasturias.com\/noticias\/aprobadas-nuevas-ayudas-para-paliar-los-efectos-de-la-sequia-en-espana\/#webpage"},"articleSection":"Actualidad"},{"@type":"BreadcrumbList","@id":"https:\/\/www.eldigitaldeasturias.com\/noticias\/aprobadas-nuevas-ayudas-para-paliar-los-efectos-de-la-sequia-en-espana\/#breadcrumblist","itemListElement":[{"@type":"ListItem","@id":"https:\/\/www.eldigitaldeasturias.com\/noticias#listItem","position":1,"name":"Home","item":"https:\/\/www.eldigitaldeasturias.com\/noticias","nextItem":{"@type":"ListItem","@id":"https:\/\/www.eldigitaldeasturias.com\/noticias\/category\/actualidad\/#listItem","name":"Actualidad"}},{"@type":"ListItem","@id":"https:\/\/www.eldigitaldeasturias.com\/noticias\/category\/actualidad\/#listItem","position":2,"name":"Actualidad","item":"https:\/\/www.eldigitaldeasturias.com\/noticias\/category\/actualidad\/","nextItem":{"@type":"ListItem","@id":"https:\/\/www.eldigitaldeasturias.com\/noticias\/aprobadas-nuevas-ayudas-para-paliar-los-efectos-de-la-sequia-en-espana\/#listItem","name":"Aprobadas nuevas ayudas para paliar los efectos de la sequia en Espa\u00f1a"},"previousItem":{"@type":"ListItem","@id":"https:\/\/www.eldigitaldeasturias.com\/noticias#listItem","name":"Home"}},{"@type":"ListItem","@id":"https:\/\/www.eldigitaldeasturias.com\/noticias\/aprobadas-nuevas-ayudas-para-paliar-los-efectos-de-la-sequia-en-espana\/#listItem","position":3,"name":"Aprobadas nuevas ayudas para paliar los efectos de la sequia en Espa\u00f1a","previousItem":{"@type":"ListItem","@id":"https:\/\/www.eldigitaldeasturias.com\/noticias\/category\/actualidad\/#listItem","name":"Actualidad"}}]},{"@type":"Organization","@id":"https:\/\/www.eldigitaldeasturias.com\/noticias\/#organization","name":"El Digital de Asturias","description":"Hemeroteca","url":"https:\/\/www.eldigitaldeasturias.com\/noticias\/","email":"info@eldigitaldeasturias.com","telephone":"+34652131393","logo":{"@type":"ImageObject","url":"https:\/\/www.eldigitaldeasturias.com\/noticias\/wp-content\/uploads\/2020\/12\/EDA.jpg","@id":"https:\/\/www.eldigitaldeasturias.com\/noticias\/aprobadas-nuevas-ayudas-para-paliar-los-efectos-de-la-sequia-en-espana\/#organizationLogo"},"image":{"@id":"https:\/\/www.eldigitaldeasturias.com\/noticias\/aprobadas-nuevas-ayudas-para-paliar-los-efectos-de-la-sequia-en-espana\/#organizationLogo"},"sameAs":["https:\/\/facebook.com\/eldigitaldeasturias","https:\/\/www.youtube.com\/channel\/UCZP-2wLEB9Rv6erhFmqVnvg"],"address":{"@id":"https:\/\/www.eldigitaldeasturias.com\/noticias\/#postaladdress","@type":"PostalAddress","streetAddress":"san antonio 4","postalCode":"33430","addressLocality":"Cand\u00e1s","addressRegion":"Asturias","addressCountry":"ES"}},{"@type":"Person","@id":"https:\/\/www.eldigitaldeasturias.com\/noticias\/author\/admin\/#author","url":"https:\/\/www.eldigitaldeasturias.com\/noticias\/author\/admin\/","name":"El Digital de Asturias","image":{"@type":"ImageObject","@id":"https:\/\/www.eldigitaldeasturias.com\/noticias\/aprobadas-nuevas-ayudas-para-paliar-los-efectos-de-la-sequia-en-espana\/#authorImage","url":"https:\/\/secure.gravatar.com\/avatar\/df2aeffc32bcd13f8d26072ef8a91b623d677766deac7f97ca815868cd41bf5e?s=96&d=mm&r=g","width":96,"height":96,"caption":"El Digital de Asturias"}},{"@type":"WebPage","@id":"https:\/\/www.eldigitaldeasturias.com\/noticias\/aprobadas-nuevas-ayudas-para-paliar-los-efectos-de-la-sequia-en-espana\/#webpage","url":"https:\/\/www.eldigitaldeasturias.com\/noticias\/aprobadas-nuevas-ayudas-para-paliar-los-efectos-de-la-sequia-en-espana\/","name":"Aprobadas nuevas ayudas para paliar los efectos de la sequia en Espa\u00f1a - El Digital de Asturias","description":"Las subvenciones facilitar\u00e1n, a explotaciones agrarias afectadas por la sequ\u00eda, el acceso a cr\u00e9ditos de liquidez. Se subvencionar\u00e1 hasta un 100% del coste de los avales concedidos por la Sociedad An\u00f3nima Estatal de Cauci\u00f3n Agraria (SAECA) a agricultores y ganaderos con producciones afectadas por la sequ\u00eda. El Ministerio de Agricultura y Pesca, Alimentaci\u00f3n y Medio","inLanguage":"es-ES","isPartOf":{"@id":"https:\/\/www.eldigitaldeasturias.com\/noticias\/#website"},"breadcrumb":{"@id":"https:\/\/www.eldigitaldeasturias.com\/noticias\/aprobadas-nuevas-ayudas-para-paliar-los-efectos-de-la-sequia-en-espana\/#breadcrumblist"},"author":{"@id":"https:\/\/www.eldigitaldeasturias.com\/noticias\/author\/admin\/#author"},"creator":{"@id":"https:\/\/www.eldigitaldeasturias.com\/noticias\/author\/admin\/#author"},"image":{"@type":"ImageObject","url":948345,"@id":"https:\/\/www.eldigitaldeasturias.com\/noticias\/aprobadas-nuevas-ayudas-para-paliar-los-efectos-de-la-sequia-en-espana\/#mainImage"},"primaryImageOfPage":{"@id":"https:\/\/www.eldigitaldeasturias.com\/noticias\/aprobadas-nuevas-ayudas-para-paliar-los-efectos-de-la-sequia-en-espana\/#mainImage"},"datePublished":"2017-08-01T13:41:26+02:00","dateModified":"2017-08-01T13:41:26+02:00"},{"@type":"WebSite","@id":"https:\/\/www.eldigitaldeasturias.com\/noticias\/#website","url":"https:\/\/www.eldigitaldeasturias.com\/noticias\/","name":"El Digital de Asturias - Diario de actualidad y noticias","alternateName":"El Digital de Asturias - Diario de actualidad y noticias","description":"Hemeroteca","inLanguage":"es-ES","publisher":{"@id":"https:\/\/www.eldigitaldeasturias.com\/noticias\/#organization"}}]},"og:locale":"es_ES","og:site_name":"El Digital de Asturias","og:type":"article","og:title":"Aprobadas nuevas ayudas para paliar los efectos de la sequia en Espa\u00f1a - El Digital de Asturias","og:description":"Las subvenciones facilitar\u00e1n, a explotaciones agrarias afectadas por la sequ\u00eda, el acceso a cr\u00e9ditos de liquidez. Se subvencionar\u00e1 hasta un 100% del coste de los avales concedidos por la Sociedad An\u00f3nima Estatal de Cauci\u00f3n Agraria (SAECA) a agricultores y ganaderos con producciones afectadas por la sequ\u00eda. El Ministerio de Agricultura y Pesca, Alimentaci\u00f3n y Medio","og:url":"https:\/\/www.eldigitaldeasturias.com\/noticias\/aprobadas-nuevas-ayudas-para-paliar-los-efectos-de-la-sequia-en-espana\/","article:tag":["actualidad"],"article:published_time":"2017-08-01T13:41:26+00:00","article:modified_time":"2017-08-01T13:41:26+00:00","article:publisher":"https:\/\/facebook.com\/eldigitaldeasturias","twitter:card":"summary_large_image","twitter:title":"Aprobadas nuevas ayudas para paliar los efectos de la sequia en Espa\u00f1a - El Digital de Asturias","twitter:description":"Las subvenciones facilitar\u00e1n, a explotaciones agrarias afectadas por la sequ\u00eda, el acceso a cr\u00e9ditos de liquidez. Se subvencionar\u00e1 hasta un 100% del coste de los avales concedidos por la Sociedad An\u00f3nima Estatal de Cauci\u00f3n Agraria (SAECA) a agricultores y ganaderos con producciones afectadas por la sequ\u00eda. El Ministerio de Agricultura y Pesca, Alimentaci\u00f3n y Medio","twitter:image":"https:\/\/www.eldigitaldeasturias.com\/noticias\/wp-content\/uploads\/2020\/12\/EDA-1.jpg","twitter:label1":"Escrito por","twitter:data1":"El Digital de Asturias","twitter:label2":"Tiempo de lectura estimado","twitter:data2":"3 minutos"},"aioseo_meta_data":{"post_id":"948344","title":null,"description":null,"keywords":null,"keyphrases":null,"primary_term":null,"canonical_url":null,"og_title":null,"og_description":null,"og_object_type":"default","og_image_type":"default","og_image_url":null,"og_image_width":null,"og_image_height":null,"og_image_custom_url":null,"og_image_custom_fields":null,"og_video":null,"og_custom_url":null,"og_article_section":null,"og_article_tags":null,"twitter_use_og":false,"twitter_card":"default","twitter_image_type":"default","twitter_image_url":null,"twitter_image_custom_url":null,"twitter_image_custom_fields":null,"twitter_title":null,"twitter_description":null,"schema":{"blockGraphs":[],"customGraphs":[],"default":{"data":{"Article":[],"Course":[],"Dataset":[],"FAQPage":[],"Movie":[],"Person":[],"Product":[],"ProductReview":[],"Car":[],"Recipe":[],"Service":[],"SoftwareApplication":[],"WebPage":[]},"graphName":"","isEnabled":true},"graphs":[],"defaultGraph":"","defaultPostTypeGraph":""},"schema_type":null,"schema_type_options":null,"pillar_content":false,"robots_default":true,"robots_noindex":false,"robots_noarchive":false,"robots_nosnippet":false,"robots_nofollow":false,"robots_noimageindex":false,"robots_noodp":false,"robots_notranslate":false,"robots_max_snippet":null,"robots_max_videopreview":null,"robots_max_imagepreview":"large","priority":null,"frequency":null,"local_seo":null,"seo_analyzer_scan_date":"2025-12-05 08:19:34","breadcrumb_settings":null,"limit_modified_date":false,"open_ai":null,"ai":null,"created":"2020-12-21 13:04:37","updated":"2025-12-05 08:19:34","focus_keyword":null,"additional_keywords":null,"truseo_locale":null},"aioseo_breadcrumb":"<div class=\"aioseo-breadcrumbs\"><span class=\"aioseo-breadcrumb\">\n\t<a href=\"https:\/\/www.eldigitaldeasturias.com\/noticias\" title=\"Home\">Home<\/a>\n<\/span><span class=\"aioseo-breadcrumb-separator\">\u2013<\/span><span class=\"aioseo-breadcrumb\">\n\t<a href=\"https:\/\/www.eldigitaldeasturias.com\/noticias\/category\/actualidad\/\" title=\"Actualidad\">Actualidad<\/a>\n<\/span><span class=\"aioseo-breadcrumb-separator\">\u2013<\/span><span class=\"aioseo-breadcrumb\">\n\t<a href=\"https:\/\/www.eldigitaldeasturias.com\/noticias\/aprobadas-nuevas-ayudas-para-paliar-los-efectos-de-la-sequia-en-espana\/\" title=\"Aprobadas nuevas ayudas para paliar los efectos de la sequia en Espa\u00f1a\">Aprobadas nuevas ayudas para paliar los efectos de la sequia en Espa\u00f1a<\/a>\n<\/span><\/div>","aioseo_breadcrumb_json":[{"label":"Home","link":"https:\/\/www.eldigitaldeasturias.com\/noticias"},{"label":"Actualidad","link":"https:\/\/www.eldigitaldeasturias.com\/noticias\/category\/actualidad\/"},{"label":"Aprobadas nuevas ayudas para paliar los efectos de la sequia en Espa\u00f1a","link":"https:\/\/www.eldigitaldeasturias.com\/noticias\/aprobadas-nuevas-ayudas-para-paliar-los-efectos-de-la-sequia-en-espana\/"}],"_links":{"self":[{"href":"https:\/\/www.eldigitaldeasturias.com\/noticias\/wp-json\/wp\/v2\/posts\/948344","targetHints":{"allow":["GET"]}}],"collection":[{"href":"https:\/\/www.eldigitaldeasturias.com\/noticias\/wp-json\/wp\/v2\/posts"}],"about":[{"href":"https:\/\/www.eldigitaldeasturias.com\/noticias\/wp-json\/wp\/v2\/types\/post"}],"author":[{"embeddable":true,"href":"https:\/\/www.eldigitaldeasturias.com\/noticias\/wp-json\/wp\/v2\/users\/1"}],"replies":[{"embeddable":true,"href":"https:\/\/www.eldigitaldeasturias.com\/noticias\/wp-json\/wp\/v2\/comments?post=948344"}],"version-history":[{"count":0,"href":"https:\/\/www.eldigitaldeasturias.com\/noticias\/wp-json\/wp\/v2\/posts\/948344\/revisions"}],"wp:attachment":[{"href":"https:\/\/www.eldigitaldeasturias.com\/noticias\/wp-json\/wp\/v2\/media?parent=948344"}],"wp:term":[{"taxonomy":"category","embeddable":true,"href":"https:\/\/www.eldigitaldeasturias.com\/noticias\/wp-json\/wp\/v2\/categories?post=948344"},{"taxonomy":"post_tag","embeddable":true,"href":"https:\/\/www.eldigitaldeasturias.com\/noticias\/wp-json\/wp\/v2\/tags?post=948344"}],"curies":[{"name":"wp","href":"https:\/\/api.w.org\/{rel}","templated":true}]}}