{"id":948303,"date":"2017-08-01T11:35:27","date_gmt":"2017-08-01T11:35:27","guid":{"rendered":"http:\/\/www.eldigitaldeasturias.com\/noticias\/?p=948303"},"modified":"2017-08-01T11:35:27","modified_gmt":"2017-08-01T11:35:27","slug":"david-navarro-es-nombrado-por-unanimidad-nuevo-director-general-de-casa-asia","status":"publish","type":"post","link":"https:\/\/www.eldigitaldeasturias.com\/noticias\/david-navarro-es-nombrado-por-unanimidad-nuevo-director-general-de-casa-asia\/","title":{"rendered":"David Navarro es nombrado por unanimidad nuevo director general de Casa Asia"},"content":{"rendered":"<p><img loading=\"lazy\" decoding=\"async\" class=\"alignleft size-full wp-image-948304\" src=\"https:\/\/www.eldigitaldeasturias.com\/noticias\/wp-content\/uploads\/2017\/08\/20170801_MINISTERIO13_G.jpg\" alt=\"\" width=\"320\" height=\"197\" \/>El Consejo Rector de Casa Asia, reunido en Barcelona, aprob\u00f3 ayer por unanimidad el nombramiento de David Navarro Garc\u00eda como director general de la instituci\u00f3n, en sustituci\u00f3n de Ram\u00f3n Mar\u00eda Moreno, que hab\u00eda completado su mandato.<\/p>\n<p>Licenciado en Derecho, David Navarro Garc\u00eda (Madrid, 1970) ingres\u00f3 en la Carrera Diplom\u00e1tica en 1996. Ha estado destinado en las representaciones diplom\u00e1ticas de Espa\u00f1a en Nicaragua, Chile y Alemania. Entre otras responsabilidades, ha sido jefe del Gabinete del secretario de Estado para Iberoam\u00e9rica, director del Gabinete T\u00e9cnico de la AECID y subdirector general de M\u00e9xico, Centroam\u00e9rica y Caribe. Actualmente, desempe\u00f1aba la segunda jefatura en la embajada de Espa\u00f1a en Se\u00fal.<\/p>\n<p>Con este nombramiento, Casa Asia abre una nueva etapa en el proyecto que viene desarrollando desde 2001 como referente y punto de encuentro en nuestro pa\u00eds de la regi\u00f3n Asia-Pac\u00edfico. Casa Asia quiere aprovechar este nuevo mandato para dar un nuevo impulso a la instituci\u00f3n y ha encargado al nuevo director general la elaboraci\u00f3n de un Plan de Trabajo y de Viabilidad. El consorcio Casa Asia tiene en su Consejo Rector el m\u00e1ximo \u00f3rgano colegiado de direcci\u00f3n de la instituci\u00f3n, integrado por representantes del Ministerio de Asuntos Exteriores y de Cooperaci\u00f3n, la Generalitat de Catalu\u00f1a, el Ayuntamiento de Barcelona y el Ayuntamiento de Madrid.<\/p>\n<p>&nbsp;<\/p>\n","protected":false},"excerpt":{"rendered":"<p>El Consejo Rector de Casa Asia, reunido en Barcelona, aprob\u00f3 ayer por unanimidad el nombramiento de David Navarro Garc\u00eda como director general de la instituci\u00f3n, en sustituci\u00f3n de Ram\u00f3n Mar\u00eda Moreno, que hab\u00eda completado su mandato. Licenciado en Derecho, David Navarro Garc\u00eda (Madrid, 1970) ingres\u00f3 en la Carrera Diplom\u00e1tica en 1996. Ha estado destinado en [&hellip;]<\/p>\n","protected":false},"author":1,"featured_media":948304,"comment_status":"closed","ping_status":"closed","sticky":false,"template":"","format":"standard","meta":{"footnotes":""},"categories":[1],"tags":[],"class_list":["post-948303","post","type-post","status-publish","format-standard","has-post-thumbnail","hentry","category-actualidad"],"aioseo_notices":[],"aioseo_head":"\n\t\t<!-- All in One SEO Pro 5.0.1 - aioseo.com -->\n\t<meta name=\"description\" content=\"El Consejo Rector de Casa Asia, reunido en Barcelona, aprob\u00f3 ayer por unanimidad el nombramiento de David Navarro Garc\u00eda como director general de la instituci\u00f3n, en sustituci\u00f3n de Ram\u00f3n Mar\u00eda Moreno, que hab\u00eda completado su mandato. Licenciado en Derecho, David Navarro Garc\u00eda (Madrid, 1970) ingres\u00f3 en la Carrera Diplom\u00e1tica en 1996. Ha estado destinado en\" \/>\n\t<meta name=\"robots\" content=\"max-image-preview:large\" \/>\n\t<meta name=\"author\" content=\"El Digital de Asturias\"\/>\n\t<meta name=\"google-site-verification\" content=\"UA-38556648-1\" \/>\n\t<meta name=\"msvalidate.01\" content=\"7dfe9f3f1b24437ab69f4f2559babe99\" \/>\n\t<meta name=\"keywords\" content=\"actualidad\" \/>\n\t<link rel=\"canonical\" href=\"https:\/\/www.eldigitaldeasturias.com\/noticias\/david-navarro-es-nombrado-por-unanimidad-nuevo-director-general-de-casa-asia\/\" \/>\n\t<meta name=\"generator\" content=\"All in One SEO Pro (AIOSEO) 5.0.1\" \/>\n\t\t<meta property=\"og:locale\" content=\"es_ES\" \/>\n\t\t<meta property=\"og:site_name\" content=\"El Digital de Asturias\" \/>\n\t\t<meta property=\"og:type\" content=\"article\" \/>\n\t\t<meta property=\"og:title\" content=\"David Navarro es nombrado por unanimidad nuevo director general de Casa Asia - El Digital de Asturias\" \/>\n\t\t<meta property=\"og:description\" content=\"El Consejo Rector de Casa Asia, reunido en Barcelona, aprob\u00f3 ayer por unanimidad el nombramiento de David Navarro Garc\u00eda como director general de la instituci\u00f3n, en sustituci\u00f3n de Ram\u00f3n Mar\u00eda Moreno, que hab\u00eda completado su mandato. Licenciado en Derecho, David Navarro Garc\u00eda (Madrid, 1970) ingres\u00f3 en la Carrera Diplom\u00e1tica en 1996. Ha estado destinado en\" \/>\n\t\t<meta property=\"og:url\" content=\"https:\/\/www.eldigitaldeasturias.com\/noticias\/david-navarro-es-nombrado-por-unanimidad-nuevo-director-general-de-casa-asia\/\" \/>\n\t\t<meta property=\"article:tag\" content=\"actualidad\" \/>\n\t\t<meta property=\"article:published_time\" content=\"2017-08-01T11:35:27+00:00\" \/>\n\t\t<meta property=\"article:modified_time\" content=\"2017-08-01T11:35:27+00:00\" \/>\n\t\t<meta property=\"article:publisher\" content=\"https:\/\/facebook.com\/eldigitaldeasturias\" \/>\n\t\t<meta name=\"twitter:card\" content=\"summary_large_image\" \/>\n\t\t<meta name=\"twitter:title\" content=\"David Navarro es nombrado por unanimidad nuevo director general de Casa Asia - El Digital de Asturias\" \/>\n\t\t<meta name=\"twitter:description\" content=\"El Consejo Rector de Casa Asia, reunido en Barcelona, aprob\u00f3 ayer por unanimidad el nombramiento de David Navarro Garc\u00eda como director general de la instituci\u00f3n, en sustituci\u00f3n de Ram\u00f3n Mar\u00eda Moreno, que hab\u00eda completado su mandato. Licenciado en Derecho, David Navarro Garc\u00eda (Madrid, 1970) ingres\u00f3 en la Carrera Diplom\u00e1tica en 1996. Ha estado destinado en\" \/>\n\t\t<meta name=\"twitter:image\" content=\"https:\/\/www.eldigitaldeasturias.com\/noticias\/wp-content\/uploads\/2020\/12\/EDA-1.jpg\" \/>\n\t\t<meta name=\"twitter:label1\" content=\"Escrito por\" \/>\n\t\t<meta name=\"twitter:data1\" content=\"El Digital de Asturias\" \/>\n\t\t<meta name=\"twitter:label2\" content=\"Tiempo de lectura estimado\" \/>\n\t\t<meta name=\"twitter:data2\" content=\"1 minuto\" \/>\n\t\t<script type=\"application\/ld+json\" class=\"aioseo-schema\">\n\t\t\t{\"@context\":\"https:\\\/\\\/schema.org\",\"@graph\":[{\"@type\":\"BlogPosting\",\"@id\":\"https:\\\/\\\/www.eldigitaldeasturias.com\\\/noticias\\\/david-navarro-es-nombrado-por-unanimidad-nuevo-director-general-de-casa-asia\\\/#blogposting\",\"name\":\"David Navarro es nombrado por unanimidad nuevo director general de Casa Asia - El Digital de Asturias\",\"headline\":\"David Navarro es nombrado por unanimidad nuevo director general de Casa Asia\",\"author\":{\"@id\":\"https:\\\/\\\/www.eldigitaldeasturias.com\\\/noticias\\\/author\\\/admin\\\/#author\"},\"publisher\":{\"@id\":\"https:\\\/\\\/www.eldigitaldeasturias.com\\\/noticias\\\/#organization\"},\"image\":{\"@type\":\"ImageObject\",\"url\":948304},\"datePublished\":\"2017-08-01T11:35:27+02:00\",\"dateModified\":\"2017-08-01T11:35:27+02:00\",\"inLanguage\":\"es-ES\",\"mainEntityOfPage\":{\"@id\":\"https:\\\/\\\/www.eldigitaldeasturias.com\\\/noticias\\\/david-navarro-es-nombrado-por-unanimidad-nuevo-director-general-de-casa-asia\\\/#webpage\"},\"isPartOf\":{\"@id\":\"https:\\\/\\\/www.eldigitaldeasturias.com\\\/noticias\\\/david-navarro-es-nombrado-por-unanimidad-nuevo-director-general-de-casa-asia\\\/#webpage\"},\"articleSection\":\"Actualidad\"},{\"@type\":\"BreadcrumbList\",\"@id\":\"https:\\\/\\\/www.eldigitaldeasturias.com\\\/noticias\\\/david-navarro-es-nombrado-por-unanimidad-nuevo-director-general-de-casa-asia\\\/#breadcrumblist\",\"itemListElement\":[{\"@type\":\"ListItem\",\"@id\":\"https:\\\/\\\/www.eldigitaldeasturias.com\\\/noticias#listItem\",\"position\":1,\"name\":\"Home\",\"item\":\"https:\\\/\\\/www.eldigitaldeasturias.com\\\/noticias\",\"nextItem\":{\"@type\":\"ListItem\",\"@id\":\"https:\\\/\\\/www.eldigitaldeasturias.com\\\/noticias\\\/category\\\/actualidad\\\/#listItem\",\"name\":\"Actualidad\"}},{\"@type\":\"ListItem\",\"@id\":\"https:\\\/\\\/www.eldigitaldeasturias.com\\\/noticias\\\/category\\\/actualidad\\\/#listItem\",\"position\":2,\"name\":\"Actualidad\",\"item\":\"https:\\\/\\\/www.eldigitaldeasturias.com\\\/noticias\\\/category\\\/actualidad\\\/\",\"nextItem\":{\"@type\":\"ListItem\",\"@id\":\"https:\\\/\\\/www.eldigitaldeasturias.com\\\/noticias\\\/david-navarro-es-nombrado-por-unanimidad-nuevo-director-general-de-casa-asia\\\/#listItem\",\"name\":\"David Navarro es nombrado por unanimidad nuevo director general de Casa Asia\"},\"previousItem\":{\"@type\":\"ListItem\",\"@id\":\"https:\\\/\\\/www.eldigitaldeasturias.com\\\/noticias#listItem\",\"name\":\"Home\"}},{\"@type\":\"ListItem\",\"@id\":\"https:\\\/\\\/www.eldigitaldeasturias.com\\\/noticias\\\/david-navarro-es-nombrado-por-unanimidad-nuevo-director-general-de-casa-asia\\\/#listItem\",\"position\":3,\"name\":\"David Navarro es nombrado por unanimidad nuevo director general de Casa Asia\",\"previousItem\":{\"@type\":\"ListItem\",\"@id\":\"https:\\\/\\\/www.eldigitaldeasturias.com\\\/noticias\\\/category\\\/actualidad\\\/#listItem\",\"name\":\"Actualidad\"}}]},{\"@type\":\"Organization\",\"@id\":\"https:\\\/\\\/www.eldigitaldeasturias.com\\\/noticias\\\/#organization\",\"name\":\"El Digital de Asturias\",\"description\":\"Hemeroteca\",\"url\":\"https:\\\/\\\/www.eldigitaldeasturias.com\\\/noticias\\\/\",\"email\":\"info@eldigitaldeasturias.com\",\"telephone\":\"+34652131393\",\"logo\":{\"@type\":\"ImageObject\",\"url\":\"https:\\\/\\\/www.eldigitaldeasturias.com\\\/noticias\\\/wp-content\\\/uploads\\\/2020\\\/12\\\/EDA.jpg\",\"@id\":\"https:\\\/\\\/www.eldigitaldeasturias.com\\\/noticias\\\/david-navarro-es-nombrado-por-unanimidad-nuevo-director-general-de-casa-asia\\\/#organizationLogo\"},\"image\":{\"@id\":\"https:\\\/\\\/www.eldigitaldeasturias.com\\\/noticias\\\/david-navarro-es-nombrado-por-unanimidad-nuevo-director-general-de-casa-asia\\\/#organizationLogo\"},\"sameAs\":[\"https:\\\/\\\/facebook.com\\\/eldigitaldeasturias\",\"https:\\\/\\\/www.youtube.com\\\/channel\\\/UCZP-2wLEB9Rv6erhFmqVnvg\"],\"address\":{\"@id\":\"https:\\\/\\\/www.eldigitaldeasturias.com\\\/noticias\\\/#postaladdress\",\"@type\":\"PostalAddress\",\"streetAddress\":\"san antonio 4\",\"postalCode\":\"33430\",\"addressLocality\":\"Cand\\u00e1s\",\"addressRegion\":\"Asturias\",\"addressCountry\":\"ES\"}},{\"@type\":\"Person\",\"@id\":\"https:\\\/\\\/www.eldigitaldeasturias.com\\\/noticias\\\/author\\\/admin\\\/#author\",\"url\":\"https:\\\/\\\/www.eldigitaldeasturias.com\\\/noticias\\\/author\\\/admin\\\/\",\"name\":\"El Digital de Asturias\",\"image\":{\"@type\":\"ImageObject\",\"@id\":\"https:\\\/\\\/www.eldigitaldeasturias.com\\\/noticias\\\/david-navarro-es-nombrado-por-unanimidad-nuevo-director-general-de-casa-asia\\\/#authorImage\",\"url\":\"https:\\\/\\\/secure.gravatar.com\\\/avatar\\\/df2aeffc32bcd13f8d26072ef8a91b623d677766deac7f97ca815868cd41bf5e?s=96&d=mm&r=g\",\"width\":96,\"height\":96,\"caption\":\"El Digital de Asturias\"}},{\"@type\":\"WebPage\",\"@id\":\"https:\\\/\\\/www.eldigitaldeasturias.com\\\/noticias\\\/david-navarro-es-nombrado-por-unanimidad-nuevo-director-general-de-casa-asia\\\/#webpage\",\"url\":\"https:\\\/\\\/www.eldigitaldeasturias.com\\\/noticias\\\/david-navarro-es-nombrado-por-unanimidad-nuevo-director-general-de-casa-asia\\\/\",\"name\":\"David Navarro es nombrado por unanimidad nuevo director general de Casa Asia - El Digital de Asturias\",\"description\":\"El Consejo Rector de Casa Asia, reunido en Barcelona, aprob\\u00f3 ayer por unanimidad el nombramiento de David Navarro Garc\\u00eda como director general de la instituci\\u00f3n, en sustituci\\u00f3n de Ram\\u00f3n Mar\\u00eda Moreno, que hab\\u00eda completado su mandato. Licenciado en Derecho, David Navarro Garc\\u00eda (Madrid, 1970) ingres\\u00f3 en la Carrera Diplom\\u00e1tica en 1996. Ha estado destinado en\",\"inLanguage\":\"es-ES\",\"isPartOf\":{\"@id\":\"https:\\\/\\\/www.eldigitaldeasturias.com\\\/noticias\\\/#website\"},\"breadcrumb\":{\"@id\":\"https:\\\/\\\/www.eldigitaldeasturias.com\\\/noticias\\\/david-navarro-es-nombrado-por-unanimidad-nuevo-director-general-de-casa-asia\\\/#breadcrumblist\"},\"author\":{\"@id\":\"https:\\\/\\\/www.eldigitaldeasturias.com\\\/noticias\\\/author\\\/admin\\\/#author\"},\"creator\":{\"@id\":\"https:\\\/\\\/www.eldigitaldeasturias.com\\\/noticias\\\/author\\\/admin\\\/#author\"},\"image\":{\"@type\":\"ImageObject\",\"url\":948304,\"@id\":\"https:\\\/\\\/www.eldigitaldeasturias.com\\\/noticias\\\/david-navarro-es-nombrado-por-unanimidad-nuevo-director-general-de-casa-asia\\\/#mainImage\"},\"primaryImageOfPage\":{\"@id\":\"https:\\\/\\\/www.eldigitaldeasturias.com\\\/noticias\\\/david-navarro-es-nombrado-por-unanimidad-nuevo-director-general-de-casa-asia\\\/#mainImage\"},\"datePublished\":\"2017-08-01T11:35:27+02:00\",\"dateModified\":\"2017-08-01T11:35:27+02:00\"},{\"@type\":\"WebSite\",\"@id\":\"https:\\\/\\\/www.eldigitaldeasturias.com\\\/noticias\\\/#website\",\"url\":\"https:\\\/\\\/www.eldigitaldeasturias.com\\\/noticias\\\/\",\"name\":\"El Digital de Asturias - Diario de actualidad y noticias\",\"alternateName\":\"El Digital de Asturias - Diario de actualidad y noticias\",\"description\":\"Hemeroteca\",\"inLanguage\":\"es-ES\",\"publisher\":{\"@id\":\"https:\\\/\\\/www.eldigitaldeasturias.com\\\/noticias\\\/#organization\"}}]}\n\t\t<\/script>\n\t\t<!-- All in One SEO Pro -->\r\n\t\t<title>David Navarro es nombrado por unanimidad nuevo director general de Casa Asia - El Digital de Asturias<\/title>\n\n","aioseo_head_json":{"title":"David Navarro es nombrado por unanimidad nuevo director general de Casa Asia - El Digital de Asturias","description":"El Consejo Rector de Casa Asia, reunido en Barcelona, aprob\u00f3 ayer por unanimidad el nombramiento de David Navarro Garc\u00eda como director general de la instituci\u00f3n, en sustituci\u00f3n de Ram\u00f3n Mar\u00eda Moreno, que hab\u00eda completado su mandato. Licenciado en Derecho, David Navarro Garc\u00eda (Madrid, 1970) ingres\u00f3 en la Carrera Diplom\u00e1tica en 1996. Ha estado destinado en","canonical_url":"https:\/\/www.eldigitaldeasturias.com\/noticias\/david-navarro-es-nombrado-por-unanimidad-nuevo-director-general-de-casa-asia\/","robots":"max-image-preview:large","keywords":"actualidad","webmasterTools":{"google-site-verification":"UA-38556648-1","msvalidate.01":"7dfe9f3f1b24437ab69f4f2559babe99","miscellaneous":""},"schema":{"@context":"https:\/\/schema.org","@graph":[{"@type":"BlogPosting","@id":"https:\/\/www.eldigitaldeasturias.com\/noticias\/david-navarro-es-nombrado-por-unanimidad-nuevo-director-general-de-casa-asia\/#blogposting","name":"David Navarro es nombrado por unanimidad nuevo director general de Casa Asia - El Digital de Asturias","headline":"David Navarro es nombrado por unanimidad nuevo director general de Casa Asia","author":{"@id":"https:\/\/www.eldigitaldeasturias.com\/noticias\/author\/admin\/#author"},"publisher":{"@id":"https:\/\/www.eldigitaldeasturias.com\/noticias\/#organization"},"image":{"@type":"ImageObject","url":948304},"datePublished":"2017-08-01T11:35:27+02:00","dateModified":"2017-08-01T11:35:27+02:00","inLanguage":"es-ES","mainEntityOfPage":{"@id":"https:\/\/www.eldigitaldeasturias.com\/noticias\/david-navarro-es-nombrado-por-unanimidad-nuevo-director-general-de-casa-asia\/#webpage"},"isPartOf":{"@id":"https:\/\/www.eldigitaldeasturias.com\/noticias\/david-navarro-es-nombrado-por-unanimidad-nuevo-director-general-de-casa-asia\/#webpage"},"articleSection":"Actualidad"},{"@type":"BreadcrumbList","@id":"https:\/\/www.eldigitaldeasturias.com\/noticias\/david-navarro-es-nombrado-por-unanimidad-nuevo-director-general-de-casa-asia\/#breadcrumblist","itemListElement":[{"@type":"ListItem","@id":"https:\/\/www.eldigitaldeasturias.com\/noticias#listItem","position":1,"name":"Home","item":"https:\/\/www.eldigitaldeasturias.com\/noticias","nextItem":{"@type":"ListItem","@id":"https:\/\/www.eldigitaldeasturias.com\/noticias\/category\/actualidad\/#listItem","name":"Actualidad"}},{"@type":"ListItem","@id":"https:\/\/www.eldigitaldeasturias.com\/noticias\/category\/actualidad\/#listItem","position":2,"name":"Actualidad","item":"https:\/\/www.eldigitaldeasturias.com\/noticias\/category\/actualidad\/","nextItem":{"@type":"ListItem","@id":"https:\/\/www.eldigitaldeasturias.com\/noticias\/david-navarro-es-nombrado-por-unanimidad-nuevo-director-general-de-casa-asia\/#listItem","name":"David Navarro es nombrado por unanimidad nuevo director general de Casa Asia"},"previousItem":{"@type":"ListItem","@id":"https:\/\/www.eldigitaldeasturias.com\/noticias#listItem","name":"Home"}},{"@type":"ListItem","@id":"https:\/\/www.eldigitaldeasturias.com\/noticias\/david-navarro-es-nombrado-por-unanimidad-nuevo-director-general-de-casa-asia\/#listItem","position":3,"name":"David Navarro es nombrado por unanimidad nuevo director general de Casa Asia","previousItem":{"@type":"ListItem","@id":"https:\/\/www.eldigitaldeasturias.com\/noticias\/category\/actualidad\/#listItem","name":"Actualidad"}}]},{"@type":"Organization","@id":"https:\/\/www.eldigitaldeasturias.com\/noticias\/#organization","name":"El Digital de Asturias","description":"Hemeroteca","url":"https:\/\/www.eldigitaldeasturias.com\/noticias\/","email":"info@eldigitaldeasturias.com","telephone":"+34652131393","logo":{"@type":"ImageObject","url":"https:\/\/www.eldigitaldeasturias.com\/noticias\/wp-content\/uploads\/2020\/12\/EDA.jpg","@id":"https:\/\/www.eldigitaldeasturias.com\/noticias\/david-navarro-es-nombrado-por-unanimidad-nuevo-director-general-de-casa-asia\/#organizationLogo"},"image":{"@id":"https:\/\/www.eldigitaldeasturias.com\/noticias\/david-navarro-es-nombrado-por-unanimidad-nuevo-director-general-de-casa-asia\/#organizationLogo"},"sameAs":["https:\/\/facebook.com\/eldigitaldeasturias","https:\/\/www.youtube.com\/channel\/UCZP-2wLEB9Rv6erhFmqVnvg"],"address":{"@id":"https:\/\/www.eldigitaldeasturias.com\/noticias\/#postaladdress","@type":"PostalAddress","streetAddress":"san antonio 4","postalCode":"33430","addressLocality":"Cand\u00e1s","addressRegion":"Asturias","addressCountry":"ES"}},{"@type":"Person","@id":"https:\/\/www.eldigitaldeasturias.com\/noticias\/author\/admin\/#author","url":"https:\/\/www.eldigitaldeasturias.com\/noticias\/author\/admin\/","name":"El Digital de Asturias","image":{"@type":"ImageObject","@id":"https:\/\/www.eldigitaldeasturias.com\/noticias\/david-navarro-es-nombrado-por-unanimidad-nuevo-director-general-de-casa-asia\/#authorImage","url":"https:\/\/secure.gravatar.com\/avatar\/df2aeffc32bcd13f8d26072ef8a91b623d677766deac7f97ca815868cd41bf5e?s=96&d=mm&r=g","width":96,"height":96,"caption":"El Digital de Asturias"}},{"@type":"WebPage","@id":"https:\/\/www.eldigitaldeasturias.com\/noticias\/david-navarro-es-nombrado-por-unanimidad-nuevo-director-general-de-casa-asia\/#webpage","url":"https:\/\/www.eldigitaldeasturias.com\/noticias\/david-navarro-es-nombrado-por-unanimidad-nuevo-director-general-de-casa-asia\/","name":"David Navarro es nombrado por unanimidad nuevo director general de Casa Asia - El Digital de Asturias","description":"El Consejo Rector de Casa Asia, reunido en Barcelona, aprob\u00f3 ayer por unanimidad el nombramiento de David Navarro Garc\u00eda como director general de la instituci\u00f3n, en sustituci\u00f3n de Ram\u00f3n Mar\u00eda Moreno, que hab\u00eda completado su mandato. Licenciado en Derecho, David Navarro Garc\u00eda (Madrid, 1970) ingres\u00f3 en la Carrera Diplom\u00e1tica en 1996. Ha estado destinado en","inLanguage":"es-ES","isPartOf":{"@id":"https:\/\/www.eldigitaldeasturias.com\/noticias\/#website"},"breadcrumb":{"@id":"https:\/\/www.eldigitaldeasturias.com\/noticias\/david-navarro-es-nombrado-por-unanimidad-nuevo-director-general-de-casa-asia\/#breadcrumblist"},"author":{"@id":"https:\/\/www.eldigitaldeasturias.com\/noticias\/author\/admin\/#author"},"creator":{"@id":"https:\/\/www.eldigitaldeasturias.com\/noticias\/author\/admin\/#author"},"image":{"@type":"ImageObject","url":948304,"@id":"https:\/\/www.eldigitaldeasturias.com\/noticias\/david-navarro-es-nombrado-por-unanimidad-nuevo-director-general-de-casa-asia\/#mainImage"},"primaryImageOfPage":{"@id":"https:\/\/www.eldigitaldeasturias.com\/noticias\/david-navarro-es-nombrado-por-unanimidad-nuevo-director-general-de-casa-asia\/#mainImage"},"datePublished":"2017-08-01T11:35:27+02:00","dateModified":"2017-08-01T11:35:27+02:00"},{"@type":"WebSite","@id":"https:\/\/www.eldigitaldeasturias.com\/noticias\/#website","url":"https:\/\/www.eldigitaldeasturias.com\/noticias\/","name":"El Digital de Asturias - Diario de actualidad y noticias","alternateName":"El Digital de Asturias - Diario de actualidad y noticias","description":"Hemeroteca","inLanguage":"es-ES","publisher":{"@id":"https:\/\/www.eldigitaldeasturias.com\/noticias\/#organization"}}]},"og:locale":"es_ES","og:site_name":"El Digital de Asturias","og:type":"article","og:title":"David Navarro es nombrado por unanimidad nuevo director general de Casa Asia - El Digital de Asturias","og:description":"El Consejo Rector de Casa Asia, reunido en Barcelona, aprob\u00f3 ayer por unanimidad el nombramiento de David Navarro Garc\u00eda como director general de la instituci\u00f3n, en sustituci\u00f3n de Ram\u00f3n Mar\u00eda Moreno, que hab\u00eda completado su mandato. Licenciado en Derecho, David Navarro Garc\u00eda (Madrid, 1970) ingres\u00f3 en la Carrera Diplom\u00e1tica en 1996. Ha estado destinado en","og:url":"https:\/\/www.eldigitaldeasturias.com\/noticias\/david-navarro-es-nombrado-por-unanimidad-nuevo-director-general-de-casa-asia\/","article:tag":["actualidad"],"article:published_time":"2017-08-01T11:35:27+00:00","article:modified_time":"2017-08-01T11:35:27+00:00","article:publisher":"https:\/\/facebook.com\/eldigitaldeasturias","twitter:card":"summary_large_image","twitter:title":"David Navarro es nombrado por unanimidad nuevo director general de Casa Asia - El Digital de Asturias","twitter:description":"El Consejo Rector de Casa Asia, reunido en Barcelona, aprob\u00f3 ayer por unanimidad el nombramiento de David Navarro Garc\u00eda como director general de la instituci\u00f3n, en sustituci\u00f3n de Ram\u00f3n Mar\u00eda Moreno, que hab\u00eda completado su mandato. Licenciado en Derecho, David Navarro Garc\u00eda (Madrid, 1970) ingres\u00f3 en la Carrera Diplom\u00e1tica en 1996. Ha estado destinado en","twitter:image":"https:\/\/www.eldigitaldeasturias.com\/noticias\/wp-content\/uploads\/2020\/12\/EDA-1.jpg","twitter:label1":"Escrito por","twitter:data1":"El Digital de Asturias","twitter:label2":"Tiempo de lectura estimado","twitter:data2":"1 minuto"},"aioseo_meta_data":{"post_id":"948303","title":null,"description":null,"keywords":null,"keyphrases":null,"primary_term":null,"canonical_url":null,"og_title":null,"og_description":null,"og_object_type":"default","og_image_type":"default","og_image_url":null,"og_image_width":null,"og_image_height":null,"og_image_custom_url":null,"og_image_custom_fields":null,"og_video":null,"og_custom_url":null,"og_article_section":null,"og_article_tags":null,"twitter_use_og":false,"twitter_card":"default","twitter_image_type":"default","twitter_image_url":null,"twitter_image_custom_url":null,"twitter_image_custom_fields":null,"twitter_title":null,"twitter_description":null,"schema":{"blockGraphs":[],"customGraphs":[],"default":{"data":{"Article":[],"Course":[],"Dataset":[],"FAQPage":[],"Movie":[],"Person":[],"Product":[],"ProductReview":[],"Car":[],"Recipe":[],"Service":[],"SoftwareApplication":[],"WebPage":[]},"graphName":"","isEnabled":true},"graphs":[],"defaultGraph":"","defaultPostTypeGraph":""},"schema_type":null,"schema_type_options":null,"pillar_content":false,"robots_default":true,"robots_noindex":false,"robots_noarchive":false,"robots_nosnippet":false,"robots_nofollow":false,"robots_noimageindex":false,"robots_noodp":false,"robots_notranslate":false,"robots_max_snippet":null,"robots_max_videopreview":null,"robots_max_imagepreview":"large","priority":null,"frequency":null,"local_seo":null,"seo_analyzer_scan_date":"2025-12-05 08:09:17","breadcrumb_settings":null,"limit_modified_date":false,"open_ai":null,"ai":null,"created":"2020-12-21 13:05:41","updated":"2025-12-05 08:09:17","focus_keyword":null,"additional_keywords":null,"truseo_locale":null},"aioseo_breadcrumb":"<div class=\"aioseo-breadcrumbs\"><span class=\"aioseo-breadcrumb\">\n\t<a href=\"https:\/\/www.eldigitaldeasturias.com\/noticias\" title=\"Home\">Home<\/a>\n<\/span><span class=\"aioseo-breadcrumb-separator\">\u2013<\/span><span class=\"aioseo-breadcrumb\">\n\t<a href=\"https:\/\/www.eldigitaldeasturias.com\/noticias\/category\/actualidad\/\" title=\"Actualidad\">Actualidad<\/a>\n<\/span><span class=\"aioseo-breadcrumb-separator\">\u2013<\/span><span class=\"aioseo-breadcrumb\">\n\t<a href=\"https:\/\/www.eldigitaldeasturias.com\/noticias\/david-navarro-es-nombrado-por-unanimidad-nuevo-director-general-de-casa-asia\/\" title=\"David Navarro es nombrado por unanimidad nuevo director general de Casa Asia\">David Navarro es nombrado por unanimidad nuevo director general de Casa Asia<\/a>\n<\/span><\/div>","aioseo_breadcrumb_json":[{"label":"Home","link":"https:\/\/www.eldigitaldeasturias.com\/noticias"},{"label":"Actualidad","link":"https:\/\/www.eldigitaldeasturias.com\/noticias\/category\/actualidad\/"},{"label":"David Navarro es nombrado por unanimidad nuevo director general de Casa Asia","link":"https:\/\/www.eldigitaldeasturias.com\/noticias\/david-navarro-es-nombrado-por-unanimidad-nuevo-director-general-de-casa-asia\/"}],"_links":{"self":[{"href":"https:\/\/www.eldigitaldeasturias.com\/noticias\/wp-json\/wp\/v2\/posts\/948303","targetHints":{"allow":["GET"]}}],"collection":[{"href":"https:\/\/www.eldigitaldeasturias.com\/noticias\/wp-json\/wp\/v2\/posts"}],"about":[{"href":"https:\/\/www.eldigitaldeasturias.com\/noticias\/wp-json\/wp\/v2\/types\/post"}],"author":[{"embeddable":true,"href":"https:\/\/www.eldigitaldeasturias.com\/noticias\/wp-json\/wp\/v2\/users\/1"}],"replies":[{"embeddable":true,"href":"https:\/\/www.eldigitaldeasturias.com\/noticias\/wp-json\/wp\/v2\/comments?post=948303"}],"version-history":[{"count":0,"href":"https:\/\/www.eldigitaldeasturias.com\/noticias\/wp-json\/wp\/v2\/posts\/948303\/revisions"}],"wp:attachment":[{"href":"https:\/\/www.eldigitaldeasturias.com\/noticias\/wp-json\/wp\/v2\/media?parent=948303"}],"wp:term":[{"taxonomy":"category","embeddable":true,"href":"https:\/\/www.eldigitaldeasturias.com\/noticias\/wp-json\/wp\/v2\/categories?post=948303"},{"taxonomy":"post_tag","embeddable":true,"href":"https:\/\/www.eldigitaldeasturias.com\/noticias\/wp-json\/wp\/v2\/tags?post=948303"}],"curies":[{"name":"wp","href":"https:\/\/api.w.org\/{rel}","templated":true}]}}