{"id":948287,"date":"2017-08-01T09:53:16","date_gmt":"2017-08-01T09:53:16","guid":{"rendered":"http:\/\/www.eldigitaldeasturias.com\/noticias\/?p=948287"},"modified":"2017-08-01T09:53:16","modified_gmt":"2017-08-01T09:53:16","slug":"educacion-instalara-69-mesas-tactiles-y-69-proyectores-en-centros-de-aragon","status":"publish","type":"post","link":"https:\/\/www.eldigitaldeasturias.com\/noticias\/educacion-instalara-69-mesas-tactiles-y-69-proyectores-en-centros-de-aragon\/","title":{"rendered":"Educaci\u00f3n instalar\u00e1 69 mesas t\u00e1ctiles y 69 proyectores en centros de Arag\u00f3n"},"content":{"rendered":"<p><img loading=\"lazy\" decoding=\"async\" class=\"alignleft size-medium wp-image-948288\" src=\"https:\/\/www.eldigitaldeasturias.com\/noticias\/wp-content\/uploads\/2017\/08\/MG_2066_a969c97d-360x159.jpg\" alt=\"\" width=\"360\" height=\"159\" \/>El Departamento de Educaci\u00f3n, Cultura y Deporte instalar\u00e1 el pr\u00f3ximo curso en centros educativos de Arag\u00f3n 69 mesas t\u00e1ctiles y 69 proyectores de corta distancia. Hoy ha publicado en el BOA la licitaci\u00f3n de este contrato, que tiene un presupuesto de 252.557 euros (IVA incluido). Las ofertas se pueden presentar hasta el 17 de agosto y los equipos llegar\u00e1n a los centros al inicio del curso.<\/p>\n<p>Por otro lado, el Departamento de Educaci\u00f3n, Cultura y Deporte instalar\u00e1 1.850 nuevos ordenadores de sobremesa en 58 centros educativos de la Comunidad a partir del pr\u00f3ximo curso. Los nuevos sistemas llegar\u00e1n a colegios de Infantil y Primaria, centros rurales agrupados e institutos de toda la Comunidad, 33 de ellos en la provincia de Zaragoza, 13 en la de Teruel y 12 en la de Huesca.<\/p>\n<p>Este contrato supone una inversi\u00f3n de 1.306.100 euros, que ser\u00e1 financiado al 50% por el Gobierno de Arag\u00f3n y por la Uni\u00f3n Europea, a cargo del Fondo de Desarrollo Regional Feder.<\/p>\n<p>Los ordenadores llegar\u00e1n en dos fases, una primera entrega de 1.044 dispositivos y una segunda de 806 y gracias a este suministro, los centros recibir\u00e1n en sus dependencias una media de 30 ordenadores cada uno (aunque en algunos, como el IES Valdespartera de Zaragoza la cifra aumentar\u00e1 hasta los 77).<\/p>\n<p>La compra de estos equipamientos refuerza la apuesta del Gobierno de Arag\u00f3n por las Tecnolog\u00edas de la Informaci\u00f3n y de la Comunicaci\u00f3n y por dotar a los colegios e institutos de Arag\u00f3n de las herramientas necesarias para garantizar un funcionamiento \u00f3ptimo, adem\u00e1s de apoyar los programas de innovaci\u00f3n puestos en marcha en los centros.<\/p>\n<p>Esta actuaci\u00f3n es una de las prioridades del Programa Operativo Feder Arag\u00f3n 2014-2020 para el fomento de la educaci\u00f3n a trav\u00e9s de la dotaci\u00f3n de recursos que promuevan el cambio metodol\u00f3gico en la pr\u00e1ctica docente y potencien la adquisici\u00f3n de la competencia digital del alumnado, garantizando la equidad en el sistema educativo y promoviendo el acceso a las tecnolog\u00edas de la informaci\u00f3n en todos los niveles. Todo ello, en el marco de la Estrategia 2020 de la Uni\u00f3n europea para un crecimiento inteligente, sostenible e integrador.<\/p>\n<p>&nbsp;<\/p>\n","protected":false},"excerpt":{"rendered":"<p>El Departamento de Educaci\u00f3n, Cultura y Deporte instalar\u00e1 el pr\u00f3ximo curso en centros educativos de Arag\u00f3n 69 mesas t\u00e1ctiles y 69 proyectores de corta distancia. Hoy ha publicado en el BOA la licitaci\u00f3n de este contrato, que tiene un presupuesto de 252.557 euros (IVA incluido). Las ofertas se pueden presentar hasta el 17 de agosto [&hellip;]<\/p>\n","protected":false},"author":1,"featured_media":948288,"comment_status":"closed","ping_status":"closed","sticky":false,"template":"","format":"standard","meta":{"footnotes":""},"categories":[1],"tags":[],"class_list":["post-948287","post","type-post","status-publish","format-standard","has-post-thumbnail","hentry","category-actualidad"],"aioseo_notices":[],"aioseo_head":"\n\t\t<!-- All in One SEO Pro 5.0.1 - aioseo.com -->\n\t<meta name=\"description\" content=\"El Departamento de Educaci\u00f3n, Cultura y Deporte instalar\u00e1 el pr\u00f3ximo curso en centros educativos de Arag\u00f3n 69 mesas t\u00e1ctiles y 69 proyectores de corta distancia. Hoy ha publicado en el BOA la licitaci\u00f3n de este contrato, que tiene un presupuesto de 252.557 euros (IVA incluido). Las ofertas se pueden presentar hasta el 17 de agosto\" \/>\n\t<meta name=\"robots\" content=\"max-image-preview:large\" \/>\n\t<meta name=\"author\" content=\"El Digital de Asturias\"\/>\n\t<meta name=\"google-site-verification\" content=\"UA-38556648-1\" \/>\n\t<meta name=\"msvalidate.01\" content=\"7dfe9f3f1b24437ab69f4f2559babe99\" \/>\n\t<meta name=\"keywords\" content=\"actualidad\" \/>\n\t<link rel=\"canonical\" href=\"https:\/\/www.eldigitaldeasturias.com\/noticias\/educacion-instalara-69-mesas-tactiles-y-69-proyectores-en-centros-de-aragon\/\" \/>\n\t<meta name=\"generator\" content=\"All in One SEO Pro (AIOSEO) 5.0.1\" \/>\n\t\t<meta property=\"og:locale\" content=\"es_ES\" \/>\n\t\t<meta property=\"og:site_name\" content=\"El Digital de Asturias\" \/>\n\t\t<meta property=\"og:type\" content=\"article\" \/>\n\t\t<meta property=\"og:title\" content=\"Educaci\u00f3n instalar\u00e1 69 mesas t\u00e1ctiles y 69 proyectores en centros de Arag\u00f3n - El Digital de Asturias\" \/>\n\t\t<meta property=\"og:description\" content=\"El Departamento de Educaci\u00f3n, Cultura y Deporte instalar\u00e1 el pr\u00f3ximo curso en centros educativos de Arag\u00f3n 69 mesas t\u00e1ctiles y 69 proyectores de corta distancia. Hoy ha publicado en el BOA la licitaci\u00f3n de este contrato, que tiene un presupuesto de 252.557 euros (IVA incluido). Las ofertas se pueden presentar hasta el 17 de agosto\" \/>\n\t\t<meta property=\"og:url\" content=\"https:\/\/www.eldigitaldeasturias.com\/noticias\/educacion-instalara-69-mesas-tactiles-y-69-proyectores-en-centros-de-aragon\/\" \/>\n\t\t<meta property=\"article:tag\" content=\"actualidad\" \/>\n\t\t<meta property=\"article:published_time\" content=\"2017-08-01T09:53:16+00:00\" \/>\n\t\t<meta property=\"article:modified_time\" content=\"2017-08-01T09:53:16+00:00\" \/>\n\t\t<meta property=\"article:publisher\" content=\"https:\/\/facebook.com\/eldigitaldeasturias\" \/>\n\t\t<meta name=\"twitter:card\" content=\"summary_large_image\" \/>\n\t\t<meta name=\"twitter:title\" content=\"Educaci\u00f3n instalar\u00e1 69 mesas t\u00e1ctiles y 69 proyectores en centros de Arag\u00f3n - El Digital de Asturias\" \/>\n\t\t<meta name=\"twitter:description\" content=\"El Departamento de Educaci\u00f3n, Cultura y Deporte instalar\u00e1 el pr\u00f3ximo curso en centros educativos de Arag\u00f3n 69 mesas t\u00e1ctiles y 69 proyectores de corta distancia. Hoy ha publicado en el BOA la licitaci\u00f3n de este contrato, que tiene un presupuesto de 252.557 euros (IVA incluido). Las ofertas se pueden presentar hasta el 17 de agosto\" \/>\n\t\t<meta name=\"twitter:image\" content=\"https:\/\/www.eldigitaldeasturias.com\/noticias\/wp-content\/uploads\/2020\/12\/EDA-1.jpg\" \/>\n\t\t<meta name=\"twitter:label1\" content=\"Escrito por\" \/>\n\t\t<meta name=\"twitter:data1\" content=\"El Digital de Asturias\" \/>\n\t\t<meta name=\"twitter:label2\" content=\"Tiempo de lectura estimado\" \/>\n\t\t<meta name=\"twitter:data2\" content=\"2 minutos\" \/>\n\t\t<script type=\"application\/ld+json\" class=\"aioseo-schema\">\n\t\t\t{\"@context\":\"https:\\\/\\\/schema.org\",\"@graph\":[{\"@type\":\"BlogPosting\",\"@id\":\"https:\\\/\\\/www.eldigitaldeasturias.com\\\/noticias\\\/educacion-instalara-69-mesas-tactiles-y-69-proyectores-en-centros-de-aragon\\\/#blogposting\",\"name\":\"Educaci\\u00f3n instalar\\u00e1 69 mesas t\\u00e1ctiles y 69 proyectores en centros de Arag\\u00f3n - El Digital de Asturias\",\"headline\":\"Educaci\\u00f3n instalar\\u00e1 69 mesas t\\u00e1ctiles y 69 proyectores en centros de Arag\\u00f3n\",\"author\":{\"@id\":\"https:\\\/\\\/www.eldigitaldeasturias.com\\\/noticias\\\/author\\\/admin\\\/#author\"},\"publisher\":{\"@id\":\"https:\\\/\\\/www.eldigitaldeasturias.com\\\/noticias\\\/#organization\"},\"image\":{\"@type\":\"ImageObject\",\"url\":948288},\"datePublished\":\"2017-08-01T09:53:16+02:00\",\"dateModified\":\"2017-08-01T09:53:16+02:00\",\"inLanguage\":\"es-ES\",\"mainEntityOfPage\":{\"@id\":\"https:\\\/\\\/www.eldigitaldeasturias.com\\\/noticias\\\/educacion-instalara-69-mesas-tactiles-y-69-proyectores-en-centros-de-aragon\\\/#webpage\"},\"isPartOf\":{\"@id\":\"https:\\\/\\\/www.eldigitaldeasturias.com\\\/noticias\\\/educacion-instalara-69-mesas-tactiles-y-69-proyectores-en-centros-de-aragon\\\/#webpage\"},\"articleSection\":\"Actualidad\"},{\"@type\":\"BreadcrumbList\",\"@id\":\"https:\\\/\\\/www.eldigitaldeasturias.com\\\/noticias\\\/educacion-instalara-69-mesas-tactiles-y-69-proyectores-en-centros-de-aragon\\\/#breadcrumblist\",\"itemListElement\":[{\"@type\":\"ListItem\",\"@id\":\"https:\\\/\\\/www.eldigitaldeasturias.com\\\/noticias#listItem\",\"position\":1,\"name\":\"Home\",\"item\":\"https:\\\/\\\/www.eldigitaldeasturias.com\\\/noticias\",\"nextItem\":{\"@type\":\"ListItem\",\"@id\":\"https:\\\/\\\/www.eldigitaldeasturias.com\\\/noticias\\\/category\\\/actualidad\\\/#listItem\",\"name\":\"Actualidad\"}},{\"@type\":\"ListItem\",\"@id\":\"https:\\\/\\\/www.eldigitaldeasturias.com\\\/noticias\\\/category\\\/actualidad\\\/#listItem\",\"position\":2,\"name\":\"Actualidad\",\"item\":\"https:\\\/\\\/www.eldigitaldeasturias.com\\\/noticias\\\/category\\\/actualidad\\\/\",\"nextItem\":{\"@type\":\"ListItem\",\"@id\":\"https:\\\/\\\/www.eldigitaldeasturias.com\\\/noticias\\\/educacion-instalara-69-mesas-tactiles-y-69-proyectores-en-centros-de-aragon\\\/#listItem\",\"name\":\"Educaci\\u00f3n instalar\\u00e1 69 mesas t\\u00e1ctiles y 69 proyectores en centros de Arag\\u00f3n\"},\"previousItem\":{\"@type\":\"ListItem\",\"@id\":\"https:\\\/\\\/www.eldigitaldeasturias.com\\\/noticias#listItem\",\"name\":\"Home\"}},{\"@type\":\"ListItem\",\"@id\":\"https:\\\/\\\/www.eldigitaldeasturias.com\\\/noticias\\\/educacion-instalara-69-mesas-tactiles-y-69-proyectores-en-centros-de-aragon\\\/#listItem\",\"position\":3,\"name\":\"Educaci\\u00f3n instalar\\u00e1 69 mesas t\\u00e1ctiles y 69 proyectores en centros de Arag\\u00f3n\",\"previousItem\":{\"@type\":\"ListItem\",\"@id\":\"https:\\\/\\\/www.eldigitaldeasturias.com\\\/noticias\\\/category\\\/actualidad\\\/#listItem\",\"name\":\"Actualidad\"}}]},{\"@type\":\"Organization\",\"@id\":\"https:\\\/\\\/www.eldigitaldeasturias.com\\\/noticias\\\/#organization\",\"name\":\"El Digital de Asturias\",\"description\":\"Hemeroteca\",\"url\":\"https:\\\/\\\/www.eldigitaldeasturias.com\\\/noticias\\\/\",\"email\":\"info@eldigitaldeasturias.com\",\"telephone\":\"+34652131393\",\"logo\":{\"@type\":\"ImageObject\",\"url\":\"https:\\\/\\\/www.eldigitaldeasturias.com\\\/noticias\\\/wp-content\\\/uploads\\\/2020\\\/12\\\/EDA.jpg\",\"@id\":\"https:\\\/\\\/www.eldigitaldeasturias.com\\\/noticias\\\/educacion-instalara-69-mesas-tactiles-y-69-proyectores-en-centros-de-aragon\\\/#organizationLogo\"},\"image\":{\"@id\":\"https:\\\/\\\/www.eldigitaldeasturias.com\\\/noticias\\\/educacion-instalara-69-mesas-tactiles-y-69-proyectores-en-centros-de-aragon\\\/#organizationLogo\"},\"sameAs\":[\"https:\\\/\\\/facebook.com\\\/eldigitaldeasturias\",\"https:\\\/\\\/www.youtube.com\\\/channel\\\/UCZP-2wLEB9Rv6erhFmqVnvg\"],\"address\":{\"@id\":\"https:\\\/\\\/www.eldigitaldeasturias.com\\\/noticias\\\/#postaladdress\",\"@type\":\"PostalAddress\",\"streetAddress\":\"san antonio 4\",\"postalCode\":\"33430\",\"addressLocality\":\"Cand\\u00e1s\",\"addressRegion\":\"Asturias\",\"addressCountry\":\"ES\"}},{\"@type\":\"Person\",\"@id\":\"https:\\\/\\\/www.eldigitaldeasturias.com\\\/noticias\\\/author\\\/admin\\\/#author\",\"url\":\"https:\\\/\\\/www.eldigitaldeasturias.com\\\/noticias\\\/author\\\/admin\\\/\",\"name\":\"El Digital de Asturias\",\"image\":{\"@type\":\"ImageObject\",\"@id\":\"https:\\\/\\\/www.eldigitaldeasturias.com\\\/noticias\\\/educacion-instalara-69-mesas-tactiles-y-69-proyectores-en-centros-de-aragon\\\/#authorImage\",\"url\":\"https:\\\/\\\/secure.gravatar.com\\\/avatar\\\/df2aeffc32bcd13f8d26072ef8a91b623d677766deac7f97ca815868cd41bf5e?s=96&d=mm&r=g\",\"width\":96,\"height\":96,\"caption\":\"El Digital de Asturias\"}},{\"@type\":\"WebPage\",\"@id\":\"https:\\\/\\\/www.eldigitaldeasturias.com\\\/noticias\\\/educacion-instalara-69-mesas-tactiles-y-69-proyectores-en-centros-de-aragon\\\/#webpage\",\"url\":\"https:\\\/\\\/www.eldigitaldeasturias.com\\\/noticias\\\/educacion-instalara-69-mesas-tactiles-y-69-proyectores-en-centros-de-aragon\\\/\",\"name\":\"Educaci\\u00f3n instalar\\u00e1 69 mesas t\\u00e1ctiles y 69 proyectores en centros de Arag\\u00f3n - El Digital de Asturias\",\"description\":\"El Departamento de Educaci\\u00f3n, Cultura y Deporte instalar\\u00e1 el pr\\u00f3ximo curso en centros educativos de Arag\\u00f3n 69 mesas t\\u00e1ctiles y 69 proyectores de corta distancia. Hoy ha publicado en el BOA la licitaci\\u00f3n de este contrato, que tiene un presupuesto de 252.557 euros (IVA incluido). Las ofertas se pueden presentar hasta el 17 de agosto\",\"inLanguage\":\"es-ES\",\"isPartOf\":{\"@id\":\"https:\\\/\\\/www.eldigitaldeasturias.com\\\/noticias\\\/#website\"},\"breadcrumb\":{\"@id\":\"https:\\\/\\\/www.eldigitaldeasturias.com\\\/noticias\\\/educacion-instalara-69-mesas-tactiles-y-69-proyectores-en-centros-de-aragon\\\/#breadcrumblist\"},\"author\":{\"@id\":\"https:\\\/\\\/www.eldigitaldeasturias.com\\\/noticias\\\/author\\\/admin\\\/#author\"},\"creator\":{\"@id\":\"https:\\\/\\\/www.eldigitaldeasturias.com\\\/noticias\\\/author\\\/admin\\\/#author\"},\"image\":{\"@type\":\"ImageObject\",\"url\":948288,\"@id\":\"https:\\\/\\\/www.eldigitaldeasturias.com\\\/noticias\\\/educacion-instalara-69-mesas-tactiles-y-69-proyectores-en-centros-de-aragon\\\/#mainImage\"},\"primaryImageOfPage\":{\"@id\":\"https:\\\/\\\/www.eldigitaldeasturias.com\\\/noticias\\\/educacion-instalara-69-mesas-tactiles-y-69-proyectores-en-centros-de-aragon\\\/#mainImage\"},\"datePublished\":\"2017-08-01T09:53:16+02:00\",\"dateModified\":\"2017-08-01T09:53:16+02:00\"},{\"@type\":\"WebSite\",\"@id\":\"https:\\\/\\\/www.eldigitaldeasturias.com\\\/noticias\\\/#website\",\"url\":\"https:\\\/\\\/www.eldigitaldeasturias.com\\\/noticias\\\/\",\"name\":\"El Digital de Asturias - Diario de actualidad y noticias\",\"alternateName\":\"El Digital de Asturias - Diario de actualidad y noticias\",\"description\":\"Hemeroteca\",\"inLanguage\":\"es-ES\",\"publisher\":{\"@id\":\"https:\\\/\\\/www.eldigitaldeasturias.com\\\/noticias\\\/#organization\"}}]}\n\t\t<\/script>\n\t\t<!-- All in One SEO Pro -->\r\n\t\t<title>Educaci\u00f3n instalar\u00e1 69 mesas t\u00e1ctiles y 69 proyectores en centros de Arag\u00f3n - El Digital de Asturias<\/title>\n\n","aioseo_head_json":{"title":"Educaci\u00f3n instalar\u00e1 69 mesas t\u00e1ctiles y 69 proyectores en centros de Arag\u00f3n - El Digital de Asturias","description":"El Departamento de Educaci\u00f3n, Cultura y Deporte instalar\u00e1 el pr\u00f3ximo curso en centros educativos de Arag\u00f3n 69 mesas t\u00e1ctiles y 69 proyectores de corta distancia. Hoy ha publicado en el BOA la licitaci\u00f3n de este contrato, que tiene un presupuesto de 252.557 euros (IVA incluido). Las ofertas se pueden presentar hasta el 17 de agosto","canonical_url":"https:\/\/www.eldigitaldeasturias.com\/noticias\/educacion-instalara-69-mesas-tactiles-y-69-proyectores-en-centros-de-aragon\/","robots":"max-image-preview:large","keywords":"actualidad","webmasterTools":{"google-site-verification":"UA-38556648-1","msvalidate.01":"7dfe9f3f1b24437ab69f4f2559babe99","miscellaneous":""},"schema":{"@context":"https:\/\/schema.org","@graph":[{"@type":"BlogPosting","@id":"https:\/\/www.eldigitaldeasturias.com\/noticias\/educacion-instalara-69-mesas-tactiles-y-69-proyectores-en-centros-de-aragon\/#blogposting","name":"Educaci\u00f3n instalar\u00e1 69 mesas t\u00e1ctiles y 69 proyectores en centros de Arag\u00f3n - El Digital de Asturias","headline":"Educaci\u00f3n instalar\u00e1 69 mesas t\u00e1ctiles y 69 proyectores en centros de Arag\u00f3n","author":{"@id":"https:\/\/www.eldigitaldeasturias.com\/noticias\/author\/admin\/#author"},"publisher":{"@id":"https:\/\/www.eldigitaldeasturias.com\/noticias\/#organization"},"image":{"@type":"ImageObject","url":948288},"datePublished":"2017-08-01T09:53:16+02:00","dateModified":"2017-08-01T09:53:16+02:00","inLanguage":"es-ES","mainEntityOfPage":{"@id":"https:\/\/www.eldigitaldeasturias.com\/noticias\/educacion-instalara-69-mesas-tactiles-y-69-proyectores-en-centros-de-aragon\/#webpage"},"isPartOf":{"@id":"https:\/\/www.eldigitaldeasturias.com\/noticias\/educacion-instalara-69-mesas-tactiles-y-69-proyectores-en-centros-de-aragon\/#webpage"},"articleSection":"Actualidad"},{"@type":"BreadcrumbList","@id":"https:\/\/www.eldigitaldeasturias.com\/noticias\/educacion-instalara-69-mesas-tactiles-y-69-proyectores-en-centros-de-aragon\/#breadcrumblist","itemListElement":[{"@type":"ListItem","@id":"https:\/\/www.eldigitaldeasturias.com\/noticias#listItem","position":1,"name":"Home","item":"https:\/\/www.eldigitaldeasturias.com\/noticias","nextItem":{"@type":"ListItem","@id":"https:\/\/www.eldigitaldeasturias.com\/noticias\/category\/actualidad\/#listItem","name":"Actualidad"}},{"@type":"ListItem","@id":"https:\/\/www.eldigitaldeasturias.com\/noticias\/category\/actualidad\/#listItem","position":2,"name":"Actualidad","item":"https:\/\/www.eldigitaldeasturias.com\/noticias\/category\/actualidad\/","nextItem":{"@type":"ListItem","@id":"https:\/\/www.eldigitaldeasturias.com\/noticias\/educacion-instalara-69-mesas-tactiles-y-69-proyectores-en-centros-de-aragon\/#listItem","name":"Educaci\u00f3n instalar\u00e1 69 mesas t\u00e1ctiles y 69 proyectores en centros de Arag\u00f3n"},"previousItem":{"@type":"ListItem","@id":"https:\/\/www.eldigitaldeasturias.com\/noticias#listItem","name":"Home"}},{"@type":"ListItem","@id":"https:\/\/www.eldigitaldeasturias.com\/noticias\/educacion-instalara-69-mesas-tactiles-y-69-proyectores-en-centros-de-aragon\/#listItem","position":3,"name":"Educaci\u00f3n instalar\u00e1 69 mesas t\u00e1ctiles y 69 proyectores en centros de Arag\u00f3n","previousItem":{"@type":"ListItem","@id":"https:\/\/www.eldigitaldeasturias.com\/noticias\/category\/actualidad\/#listItem","name":"Actualidad"}}]},{"@type":"Organization","@id":"https:\/\/www.eldigitaldeasturias.com\/noticias\/#organization","name":"El Digital de Asturias","description":"Hemeroteca","url":"https:\/\/www.eldigitaldeasturias.com\/noticias\/","email":"info@eldigitaldeasturias.com","telephone":"+34652131393","logo":{"@type":"ImageObject","url":"https:\/\/www.eldigitaldeasturias.com\/noticias\/wp-content\/uploads\/2020\/12\/EDA.jpg","@id":"https:\/\/www.eldigitaldeasturias.com\/noticias\/educacion-instalara-69-mesas-tactiles-y-69-proyectores-en-centros-de-aragon\/#organizationLogo"},"image":{"@id":"https:\/\/www.eldigitaldeasturias.com\/noticias\/educacion-instalara-69-mesas-tactiles-y-69-proyectores-en-centros-de-aragon\/#organizationLogo"},"sameAs":["https:\/\/facebook.com\/eldigitaldeasturias","https:\/\/www.youtube.com\/channel\/UCZP-2wLEB9Rv6erhFmqVnvg"],"address":{"@id":"https:\/\/www.eldigitaldeasturias.com\/noticias\/#postaladdress","@type":"PostalAddress","streetAddress":"san antonio 4","postalCode":"33430","addressLocality":"Cand\u00e1s","addressRegion":"Asturias","addressCountry":"ES"}},{"@type":"Person","@id":"https:\/\/www.eldigitaldeasturias.com\/noticias\/author\/admin\/#author","url":"https:\/\/www.eldigitaldeasturias.com\/noticias\/author\/admin\/","name":"El Digital de Asturias","image":{"@type":"ImageObject","@id":"https:\/\/www.eldigitaldeasturias.com\/noticias\/educacion-instalara-69-mesas-tactiles-y-69-proyectores-en-centros-de-aragon\/#authorImage","url":"https:\/\/secure.gravatar.com\/avatar\/df2aeffc32bcd13f8d26072ef8a91b623d677766deac7f97ca815868cd41bf5e?s=96&d=mm&r=g","width":96,"height":96,"caption":"El Digital de Asturias"}},{"@type":"WebPage","@id":"https:\/\/www.eldigitaldeasturias.com\/noticias\/educacion-instalara-69-mesas-tactiles-y-69-proyectores-en-centros-de-aragon\/#webpage","url":"https:\/\/www.eldigitaldeasturias.com\/noticias\/educacion-instalara-69-mesas-tactiles-y-69-proyectores-en-centros-de-aragon\/","name":"Educaci\u00f3n instalar\u00e1 69 mesas t\u00e1ctiles y 69 proyectores en centros de Arag\u00f3n - El Digital de Asturias","description":"El Departamento de Educaci\u00f3n, Cultura y Deporte instalar\u00e1 el pr\u00f3ximo curso en centros educativos de Arag\u00f3n 69 mesas t\u00e1ctiles y 69 proyectores de corta distancia. Hoy ha publicado en el BOA la licitaci\u00f3n de este contrato, que tiene un presupuesto de 252.557 euros (IVA incluido). Las ofertas se pueden presentar hasta el 17 de agosto","inLanguage":"es-ES","isPartOf":{"@id":"https:\/\/www.eldigitaldeasturias.com\/noticias\/#website"},"breadcrumb":{"@id":"https:\/\/www.eldigitaldeasturias.com\/noticias\/educacion-instalara-69-mesas-tactiles-y-69-proyectores-en-centros-de-aragon\/#breadcrumblist"},"author":{"@id":"https:\/\/www.eldigitaldeasturias.com\/noticias\/author\/admin\/#author"},"creator":{"@id":"https:\/\/www.eldigitaldeasturias.com\/noticias\/author\/admin\/#author"},"image":{"@type":"ImageObject","url":948288,"@id":"https:\/\/www.eldigitaldeasturias.com\/noticias\/educacion-instalara-69-mesas-tactiles-y-69-proyectores-en-centros-de-aragon\/#mainImage"},"primaryImageOfPage":{"@id":"https:\/\/www.eldigitaldeasturias.com\/noticias\/educacion-instalara-69-mesas-tactiles-y-69-proyectores-en-centros-de-aragon\/#mainImage"},"datePublished":"2017-08-01T09:53:16+02:00","dateModified":"2017-08-01T09:53:16+02:00"},{"@type":"WebSite","@id":"https:\/\/www.eldigitaldeasturias.com\/noticias\/#website","url":"https:\/\/www.eldigitaldeasturias.com\/noticias\/","name":"El Digital de Asturias - Diario de actualidad y noticias","alternateName":"El Digital de Asturias - Diario de actualidad y noticias","description":"Hemeroteca","inLanguage":"es-ES","publisher":{"@id":"https:\/\/www.eldigitaldeasturias.com\/noticias\/#organization"}}]},"og:locale":"es_ES","og:site_name":"El Digital de Asturias","og:type":"article","og:title":"Educaci\u00f3n instalar\u00e1 69 mesas t\u00e1ctiles y 69 proyectores en centros de Arag\u00f3n - El Digital de Asturias","og:description":"El Departamento de Educaci\u00f3n, Cultura y Deporte instalar\u00e1 el pr\u00f3ximo curso en centros educativos de Arag\u00f3n 69 mesas t\u00e1ctiles y 69 proyectores de corta distancia. Hoy ha publicado en el BOA la licitaci\u00f3n de este contrato, que tiene un presupuesto de 252.557 euros (IVA incluido). Las ofertas se pueden presentar hasta el 17 de agosto","og:url":"https:\/\/www.eldigitaldeasturias.com\/noticias\/educacion-instalara-69-mesas-tactiles-y-69-proyectores-en-centros-de-aragon\/","article:tag":["actualidad"],"article:published_time":"2017-08-01T09:53:16+00:00","article:modified_time":"2017-08-01T09:53:16+00:00","article:publisher":"https:\/\/facebook.com\/eldigitaldeasturias","twitter:card":"summary_large_image","twitter:title":"Educaci\u00f3n instalar\u00e1 69 mesas t\u00e1ctiles y 69 proyectores en centros de Arag\u00f3n - El Digital de Asturias","twitter:description":"El Departamento de Educaci\u00f3n, Cultura y Deporte instalar\u00e1 el pr\u00f3ximo curso en centros educativos de Arag\u00f3n 69 mesas t\u00e1ctiles y 69 proyectores de corta distancia. Hoy ha publicado en el BOA la licitaci\u00f3n de este contrato, que tiene un presupuesto de 252.557 euros (IVA incluido). Las ofertas se pueden presentar hasta el 17 de agosto","twitter:image":"https:\/\/www.eldigitaldeasturias.com\/noticias\/wp-content\/uploads\/2020\/12\/EDA-1.jpg","twitter:label1":"Escrito por","twitter:data1":"El Digital de Asturias","twitter:label2":"Tiempo de lectura estimado","twitter:data2":"2 minutos"},"aioseo_meta_data":{"post_id":"948287","title":null,"description":null,"keywords":null,"keyphrases":null,"primary_term":null,"canonical_url":null,"og_title":null,"og_description":null,"og_object_type":"default","og_image_type":"default","og_image_url":null,"og_image_width":null,"og_image_height":null,"og_image_custom_url":null,"og_image_custom_fields":null,"og_video":null,"og_custom_url":null,"og_article_section":null,"og_article_tags":null,"twitter_use_og":false,"twitter_card":"default","twitter_image_type":"default","twitter_image_url":null,"twitter_image_custom_url":null,"twitter_image_custom_fields":null,"twitter_title":null,"twitter_description":null,"schema":{"blockGraphs":[],"customGraphs":[],"default":{"data":{"Article":[],"Course":[],"Dataset":[],"FAQPage":[],"Movie":[],"Person":[],"Product":[],"ProductReview":[],"Car":[],"Recipe":[],"Service":[],"SoftwareApplication":[],"WebPage":[]},"graphName":"","isEnabled":true},"graphs":[],"defaultGraph":"","defaultPostTypeGraph":""},"schema_type":null,"schema_type_options":null,"pillar_content":false,"robots_default":true,"robots_noindex":false,"robots_noarchive":false,"robots_nosnippet":false,"robots_nofollow":false,"robots_noimageindex":false,"robots_noodp":false,"robots_notranslate":false,"robots_max_snippet":null,"robots_max_videopreview":null,"robots_max_imagepreview":"large","priority":null,"frequency":null,"local_seo":null,"seo_analyzer_scan_date":"2025-12-05 08:07:12","breadcrumb_settings":null,"limit_modified_date":false,"open_ai":null,"ai":null,"created":"2020-12-21 13:05:41","updated":"2025-12-05 08:07:12","focus_keyword":null,"additional_keywords":null,"truseo_locale":null},"aioseo_breadcrumb":"<div class=\"aioseo-breadcrumbs\"><span class=\"aioseo-breadcrumb\">\n\t<a href=\"https:\/\/www.eldigitaldeasturias.com\/noticias\" title=\"Home\">Home<\/a>\n<\/span><span class=\"aioseo-breadcrumb-separator\">\u2013<\/span><span class=\"aioseo-breadcrumb\">\n\t<a href=\"https:\/\/www.eldigitaldeasturias.com\/noticias\/category\/actualidad\/\" title=\"Actualidad\">Actualidad<\/a>\n<\/span><span class=\"aioseo-breadcrumb-separator\">\u2013<\/span><span class=\"aioseo-breadcrumb\">\n\t<a href=\"https:\/\/www.eldigitaldeasturias.com\/noticias\/educacion-instalara-69-mesas-tactiles-y-69-proyectores-en-centros-de-aragon\/\" title=\"Educaci\u00f3n instalar\u00e1 69 mesas t\u00e1ctiles y 69 proyectores en centros de Arag\u00f3n\">Educaci\u00f3n instalar\u00e1 69 mesas t\u00e1ctiles y 69 proyectores en centros de Arag\u00f3n<\/a>\n<\/span><\/div>","aioseo_breadcrumb_json":[{"label":"Home","link":"https:\/\/www.eldigitaldeasturias.com\/noticias"},{"label":"Actualidad","link":"https:\/\/www.eldigitaldeasturias.com\/noticias\/category\/actualidad\/"},{"label":"Educaci\u00f3n instalar\u00e1 69 mesas t\u00e1ctiles y 69 proyectores en centros de Arag\u00f3n","link":"https:\/\/www.eldigitaldeasturias.com\/noticias\/educacion-instalara-69-mesas-tactiles-y-69-proyectores-en-centros-de-aragon\/"}],"_links":{"self":[{"href":"https:\/\/www.eldigitaldeasturias.com\/noticias\/wp-json\/wp\/v2\/posts\/948287","targetHints":{"allow":["GET"]}}],"collection":[{"href":"https:\/\/www.eldigitaldeasturias.com\/noticias\/wp-json\/wp\/v2\/posts"}],"about":[{"href":"https:\/\/www.eldigitaldeasturias.com\/noticias\/wp-json\/wp\/v2\/types\/post"}],"author":[{"embeddable":true,"href":"https:\/\/www.eldigitaldeasturias.com\/noticias\/wp-json\/wp\/v2\/users\/1"}],"replies":[{"embeddable":true,"href":"https:\/\/www.eldigitaldeasturias.com\/noticias\/wp-json\/wp\/v2\/comments?post=948287"}],"version-history":[{"count":0,"href":"https:\/\/www.eldigitaldeasturias.com\/noticias\/wp-json\/wp\/v2\/posts\/948287\/revisions"}],"wp:attachment":[{"href":"https:\/\/www.eldigitaldeasturias.com\/noticias\/wp-json\/wp\/v2\/media?parent=948287"}],"wp:term":[{"taxonomy":"category","embeddable":true,"href":"https:\/\/www.eldigitaldeasturias.com\/noticias\/wp-json\/wp\/v2\/categories?post=948287"},{"taxonomy":"post_tag","embeddable":true,"href":"https:\/\/www.eldigitaldeasturias.com\/noticias\/wp-json\/wp\/v2\/tags?post=948287"}],"curies":[{"name":"wp","href":"https:\/\/api.w.org\/{rel}","templated":true}]}}