{"id":948285,"date":"2017-08-01T09:46:20","date_gmt":"2017-08-01T09:46:20","guid":{"rendered":"http:\/\/www.eldigitaldeasturias.com\/noticias\/?p=948285"},"modified":"2017-08-01T09:46:20","modified_gmt":"2017-08-01T09:46:20","slug":"andalucia-convoca-ayudas-para-proyectos-de-educacion-y-sensibilizacion-ambiental","status":"publish","type":"post","link":"https:\/\/www.eldigitaldeasturias.com\/noticias\/andalucia-convoca-ayudas-para-proyectos-de-educacion-y-sensibilizacion-ambiental\/","title":{"rendered":"Andaluc\u00eda convoca ayudas para proyectos de educaci\u00f3n y sensibilizaci\u00f3n ambiental"},"content":{"rendered":"<p><img loading=\"lazy\" decoding=\"async\" class=\"alignleft size-medium wp-image-943779\" src=\"https:\/\/www.eldigitaldeasturias.com\/noticias\/wp-content\/uploads\/2017\/06\/olivar-360x240.jpg\" alt=\"\" width=\"360\" height=\"240\" \/>La Consejer\u00eda de Medio Ambiente y Ordenaci\u00f3n del Territorio destinar\u00e1 180.000 euros en ayudas para la realizaci\u00f3n de proyectos de educaci\u00f3n y sensibilizaci\u00f3n ambiental, que contribuyan a resolver los problemas ambientales de \u00e1mbito local y otros de tipo global relacionados con el cambio clim\u00e1tico.<\/p>\n<p>Estos proyectos deber\u00e1n incorporar herramientas de car\u00e1cter social como la educaci\u00f3n, la sensibilizaci\u00f3n, la participaci\u00f3n y el voluntariado ambiental, adem\u00e1s de tener en cuenta en su dise\u00f1o y ejecuci\u00f3n los diversos programas de acciones medioambientales de la Junta.<\/p>\n<p>De esta manera, la Consejer\u00eda subvencionar\u00e1 acciones relacionadas con la conservaci\u00f3n de la biodiversidad y recursos naturales, espacios naturales, litoral, entornos forestales, medio ambiente urbano, sostenibilidad ambiental o cambio clim\u00e1tico. Tambi\u00e9n podr\u00e1n acogerse a estas ayudas aquellos proyectos que promuevan la formaci\u00f3n ambiental y las actuaciones que promuevan la participaci\u00f3n y dinamizaci\u00f3n social, entre otras iniciativas.<\/p>\n<p>Para la concesi\u00f3n de estas subvenciones se valorar\u00e1n los proyectos en los que las actividades propuestas tengan inter\u00e9s ambiental, experiencia previa en trabajos similares para los que se solicita la subvenci\u00f3n y que incorporen en su dise\u00f1o y elaboraci\u00f3n de programas criterios de ecoeficiencia y sostenibilidad. Adem\u00e1s, se evaluar\u00e1 la viabilidad t\u00e9cnica y econ\u00f3mica de las actuaciones propuestas, as\u00ed como la incorporaci\u00f3n de perspectivas sociales y de igualdad.<\/p>\n<p>Esta iniciativa, publicada el 28 de julio en el Bolet\u00edn Oficial de la Junta de Andaluc\u00eda (BOJA), va dirigida a asociaciones sin \u00e1nimo de lucro con sede social en Andaluc\u00eda, cuyos fines deber\u00e1n contemplar la conservaci\u00f3n de la naturaleza, la protecci\u00f3n ambiental o la educaci\u00f3n y voluntariado ambiental. El importe m\u00e1ximo por beneficiario ser\u00e1 de 4.000 euros para los proyectos de \u00e1mbito local y 20.000 euros para los de \u00e1mbito interprovincial.<\/p>\n","protected":false},"excerpt":{"rendered":"<p>La Consejer\u00eda de Medio Ambiente y Ordenaci\u00f3n del Territorio destinar\u00e1 180.000 euros en ayudas para la realizaci\u00f3n de proyectos de educaci\u00f3n y sensibilizaci\u00f3n ambiental, que contribuyan a resolver los problemas ambientales de \u00e1mbito local y otros de tipo global relacionados con el cambio clim\u00e1tico. Estos proyectos deber\u00e1n incorporar herramientas de car\u00e1cter social como la educaci\u00f3n, [&hellip;]<\/p>\n","protected":false},"author":1,"featured_media":943779,"comment_status":"closed","ping_status":"closed","sticky":false,"template":"","format":"standard","meta":{"footnotes":""},"categories":[1],"tags":[],"class_list":["post-948285","post","type-post","status-publish","format-standard","has-post-thumbnail","hentry","category-actualidad"],"aioseo_notices":[],"aioseo_head":"\n\t\t<!-- All in One SEO Pro 5.0.1 - aioseo.com -->\n\t<meta name=\"description\" content=\"La Consejer\u00eda de Medio Ambiente y Ordenaci\u00f3n del Territorio destinar\u00e1 180.000 euros en ayudas para la realizaci\u00f3n de proyectos de educaci\u00f3n y sensibilizaci\u00f3n ambiental, que contribuyan a resolver los problemas ambientales de \u00e1mbito local y otros de tipo global relacionados con el cambio clim\u00e1tico. Estos proyectos deber\u00e1n incorporar herramientas de car\u00e1cter social como la educaci\u00f3n,\" \/>\n\t<meta name=\"robots\" content=\"max-image-preview:large\" \/>\n\t<meta name=\"author\" content=\"El Digital de Asturias\"\/>\n\t<meta name=\"google-site-verification\" content=\"UA-38556648-1\" \/>\n\t<meta name=\"msvalidate.01\" content=\"7dfe9f3f1b24437ab69f4f2559babe99\" \/>\n\t<meta name=\"keywords\" content=\"actualidad\" \/>\n\t<link rel=\"canonical\" href=\"https:\/\/www.eldigitaldeasturias.com\/noticias\/andalucia-convoca-ayudas-para-proyectos-de-educacion-y-sensibilizacion-ambiental\/\" \/>\n\t<meta name=\"generator\" content=\"All in One SEO Pro (AIOSEO) 5.0.1\" \/>\n\t\t<meta property=\"og:locale\" content=\"es_ES\" \/>\n\t\t<meta property=\"og:site_name\" content=\"El Digital de Asturias\" \/>\n\t\t<meta property=\"og:type\" content=\"article\" \/>\n\t\t<meta property=\"og:title\" content=\"Andaluc\u00eda convoca ayudas para proyectos de educaci\u00f3n y sensibilizaci\u00f3n ambiental - El Digital de Asturias\" \/>\n\t\t<meta property=\"og:description\" content=\"La Consejer\u00eda de Medio Ambiente y Ordenaci\u00f3n del Territorio destinar\u00e1 180.000 euros en ayudas para la realizaci\u00f3n de proyectos de educaci\u00f3n y sensibilizaci\u00f3n ambiental, que contribuyan a resolver los problemas ambientales de \u00e1mbito local y otros de tipo global relacionados con el cambio clim\u00e1tico. Estos proyectos deber\u00e1n incorporar herramientas de car\u00e1cter social como la educaci\u00f3n,\" \/>\n\t\t<meta property=\"og:url\" content=\"https:\/\/www.eldigitaldeasturias.com\/noticias\/andalucia-convoca-ayudas-para-proyectos-de-educacion-y-sensibilizacion-ambiental\/\" \/>\n\t\t<meta property=\"article:tag\" content=\"actualidad\" \/>\n\t\t<meta property=\"article:published_time\" content=\"2017-08-01T09:46:20+00:00\" \/>\n\t\t<meta property=\"article:modified_time\" content=\"2017-08-01T09:46:20+00:00\" \/>\n\t\t<meta property=\"article:publisher\" content=\"https:\/\/facebook.com\/eldigitaldeasturias\" \/>\n\t\t<meta name=\"twitter:card\" content=\"summary_large_image\" \/>\n\t\t<meta name=\"twitter:title\" content=\"Andaluc\u00eda convoca ayudas para proyectos de educaci\u00f3n y sensibilizaci\u00f3n ambiental - El Digital de Asturias\" \/>\n\t\t<meta name=\"twitter:description\" content=\"La Consejer\u00eda de Medio Ambiente y Ordenaci\u00f3n del Territorio destinar\u00e1 180.000 euros en ayudas para la realizaci\u00f3n de proyectos de educaci\u00f3n y sensibilizaci\u00f3n ambiental, que contribuyan a resolver los problemas ambientales de \u00e1mbito local y otros de tipo global relacionados con el cambio clim\u00e1tico. Estos proyectos deber\u00e1n incorporar herramientas de car\u00e1cter social como la educaci\u00f3n,\" \/>\n\t\t<meta name=\"twitter:image\" content=\"https:\/\/www.eldigitaldeasturias.com\/noticias\/wp-content\/uploads\/2020\/12\/EDA-1.jpg\" \/>\n\t\t<meta name=\"twitter:label1\" content=\"Escrito por\" \/>\n\t\t<meta name=\"twitter:data1\" content=\"El Digital de Asturias\" \/>\n\t\t<meta name=\"twitter:label2\" content=\"Tiempo de lectura estimado\" \/>\n\t\t<meta name=\"twitter:data2\" content=\"2 minutos\" \/>\n\t\t<script type=\"application\/ld+json\" class=\"aioseo-schema\">\n\t\t\t{\"@context\":\"https:\\\/\\\/schema.org\",\"@graph\":[{\"@type\":\"BlogPosting\",\"@id\":\"https:\\\/\\\/www.eldigitaldeasturias.com\\\/noticias\\\/andalucia-convoca-ayudas-para-proyectos-de-educacion-y-sensibilizacion-ambiental\\\/#blogposting\",\"name\":\"Andaluc\\u00eda convoca ayudas para proyectos de educaci\\u00f3n y sensibilizaci\\u00f3n ambiental - El Digital de Asturias\",\"headline\":\"Andaluc\\u00eda convoca ayudas para proyectos de educaci\\u00f3n y sensibilizaci\\u00f3n ambiental\",\"author\":{\"@id\":\"https:\\\/\\\/www.eldigitaldeasturias.com\\\/noticias\\\/author\\\/admin\\\/#author\"},\"publisher\":{\"@id\":\"https:\\\/\\\/www.eldigitaldeasturias.com\\\/noticias\\\/#organization\"},\"image\":{\"@type\":\"ImageObject\",\"url\":943779},\"datePublished\":\"2017-08-01T09:46:20+02:00\",\"dateModified\":\"2017-08-01T09:46:20+02:00\",\"inLanguage\":\"es-ES\",\"mainEntityOfPage\":{\"@id\":\"https:\\\/\\\/www.eldigitaldeasturias.com\\\/noticias\\\/andalucia-convoca-ayudas-para-proyectos-de-educacion-y-sensibilizacion-ambiental\\\/#webpage\"},\"isPartOf\":{\"@id\":\"https:\\\/\\\/www.eldigitaldeasturias.com\\\/noticias\\\/andalucia-convoca-ayudas-para-proyectos-de-educacion-y-sensibilizacion-ambiental\\\/#webpage\"},\"articleSection\":\"Actualidad\"},{\"@type\":\"BreadcrumbList\",\"@id\":\"https:\\\/\\\/www.eldigitaldeasturias.com\\\/noticias\\\/andalucia-convoca-ayudas-para-proyectos-de-educacion-y-sensibilizacion-ambiental\\\/#breadcrumblist\",\"itemListElement\":[{\"@type\":\"ListItem\",\"@id\":\"https:\\\/\\\/www.eldigitaldeasturias.com\\\/noticias#listItem\",\"position\":1,\"name\":\"Home\",\"item\":\"https:\\\/\\\/www.eldigitaldeasturias.com\\\/noticias\",\"nextItem\":{\"@type\":\"ListItem\",\"@id\":\"https:\\\/\\\/www.eldigitaldeasturias.com\\\/noticias\\\/category\\\/actualidad\\\/#listItem\",\"name\":\"Actualidad\"}},{\"@type\":\"ListItem\",\"@id\":\"https:\\\/\\\/www.eldigitaldeasturias.com\\\/noticias\\\/category\\\/actualidad\\\/#listItem\",\"position\":2,\"name\":\"Actualidad\",\"item\":\"https:\\\/\\\/www.eldigitaldeasturias.com\\\/noticias\\\/category\\\/actualidad\\\/\",\"nextItem\":{\"@type\":\"ListItem\",\"@id\":\"https:\\\/\\\/www.eldigitaldeasturias.com\\\/noticias\\\/andalucia-convoca-ayudas-para-proyectos-de-educacion-y-sensibilizacion-ambiental\\\/#listItem\",\"name\":\"Andaluc\\u00eda convoca ayudas para proyectos de educaci\\u00f3n y sensibilizaci\\u00f3n ambiental\"},\"previousItem\":{\"@type\":\"ListItem\",\"@id\":\"https:\\\/\\\/www.eldigitaldeasturias.com\\\/noticias#listItem\",\"name\":\"Home\"}},{\"@type\":\"ListItem\",\"@id\":\"https:\\\/\\\/www.eldigitaldeasturias.com\\\/noticias\\\/andalucia-convoca-ayudas-para-proyectos-de-educacion-y-sensibilizacion-ambiental\\\/#listItem\",\"position\":3,\"name\":\"Andaluc\\u00eda convoca ayudas para proyectos de educaci\\u00f3n y sensibilizaci\\u00f3n ambiental\",\"previousItem\":{\"@type\":\"ListItem\",\"@id\":\"https:\\\/\\\/www.eldigitaldeasturias.com\\\/noticias\\\/category\\\/actualidad\\\/#listItem\",\"name\":\"Actualidad\"}}]},{\"@type\":\"Organization\",\"@id\":\"https:\\\/\\\/www.eldigitaldeasturias.com\\\/noticias\\\/#organization\",\"name\":\"El Digital de Asturias\",\"description\":\"Hemeroteca\",\"url\":\"https:\\\/\\\/www.eldigitaldeasturias.com\\\/noticias\\\/\",\"email\":\"info@eldigitaldeasturias.com\",\"telephone\":\"+34652131393\",\"logo\":{\"@type\":\"ImageObject\",\"url\":\"https:\\\/\\\/www.eldigitaldeasturias.com\\\/noticias\\\/wp-content\\\/uploads\\\/2020\\\/12\\\/EDA.jpg\",\"@id\":\"https:\\\/\\\/www.eldigitaldeasturias.com\\\/noticias\\\/andalucia-convoca-ayudas-para-proyectos-de-educacion-y-sensibilizacion-ambiental\\\/#organizationLogo\"},\"image\":{\"@id\":\"https:\\\/\\\/www.eldigitaldeasturias.com\\\/noticias\\\/andalucia-convoca-ayudas-para-proyectos-de-educacion-y-sensibilizacion-ambiental\\\/#organizationLogo\"},\"sameAs\":[\"https:\\\/\\\/facebook.com\\\/eldigitaldeasturias\",\"https:\\\/\\\/www.youtube.com\\\/channel\\\/UCZP-2wLEB9Rv6erhFmqVnvg\"],\"address\":{\"@id\":\"https:\\\/\\\/www.eldigitaldeasturias.com\\\/noticias\\\/#postaladdress\",\"@type\":\"PostalAddress\",\"streetAddress\":\"san antonio 4\",\"postalCode\":\"33430\",\"addressLocality\":\"Cand\\u00e1s\",\"addressRegion\":\"Asturias\",\"addressCountry\":\"ES\"}},{\"@type\":\"Person\",\"@id\":\"https:\\\/\\\/www.eldigitaldeasturias.com\\\/noticias\\\/author\\\/admin\\\/#author\",\"url\":\"https:\\\/\\\/www.eldigitaldeasturias.com\\\/noticias\\\/author\\\/admin\\\/\",\"name\":\"El Digital de Asturias\",\"image\":{\"@type\":\"ImageObject\",\"@id\":\"https:\\\/\\\/www.eldigitaldeasturias.com\\\/noticias\\\/andalucia-convoca-ayudas-para-proyectos-de-educacion-y-sensibilizacion-ambiental\\\/#authorImage\",\"url\":\"https:\\\/\\\/secure.gravatar.com\\\/avatar\\\/df2aeffc32bcd13f8d26072ef8a91b623d677766deac7f97ca815868cd41bf5e?s=96&d=mm&r=g\",\"width\":96,\"height\":96,\"caption\":\"El Digital de Asturias\"}},{\"@type\":\"WebPage\",\"@id\":\"https:\\\/\\\/www.eldigitaldeasturias.com\\\/noticias\\\/andalucia-convoca-ayudas-para-proyectos-de-educacion-y-sensibilizacion-ambiental\\\/#webpage\",\"url\":\"https:\\\/\\\/www.eldigitaldeasturias.com\\\/noticias\\\/andalucia-convoca-ayudas-para-proyectos-de-educacion-y-sensibilizacion-ambiental\\\/\",\"name\":\"Andaluc\\u00eda convoca ayudas para proyectos de educaci\\u00f3n y sensibilizaci\\u00f3n ambiental - El Digital de Asturias\",\"description\":\"La Consejer\\u00eda de Medio Ambiente y Ordenaci\\u00f3n del Territorio destinar\\u00e1 180.000 euros en ayudas para la realizaci\\u00f3n de proyectos de educaci\\u00f3n y sensibilizaci\\u00f3n ambiental, que contribuyan a resolver los problemas ambientales de \\u00e1mbito local y otros de tipo global relacionados con el cambio clim\\u00e1tico. Estos proyectos deber\\u00e1n incorporar herramientas de car\\u00e1cter social como la educaci\\u00f3n,\",\"inLanguage\":\"es-ES\",\"isPartOf\":{\"@id\":\"https:\\\/\\\/www.eldigitaldeasturias.com\\\/noticias\\\/#website\"},\"breadcrumb\":{\"@id\":\"https:\\\/\\\/www.eldigitaldeasturias.com\\\/noticias\\\/andalucia-convoca-ayudas-para-proyectos-de-educacion-y-sensibilizacion-ambiental\\\/#breadcrumblist\"},\"author\":{\"@id\":\"https:\\\/\\\/www.eldigitaldeasturias.com\\\/noticias\\\/author\\\/admin\\\/#author\"},\"creator\":{\"@id\":\"https:\\\/\\\/www.eldigitaldeasturias.com\\\/noticias\\\/author\\\/admin\\\/#author\"},\"image\":{\"@type\":\"ImageObject\",\"url\":943779,\"@id\":\"https:\\\/\\\/www.eldigitaldeasturias.com\\\/noticias\\\/andalucia-convoca-ayudas-para-proyectos-de-educacion-y-sensibilizacion-ambiental\\\/#mainImage\"},\"primaryImageOfPage\":{\"@id\":\"https:\\\/\\\/www.eldigitaldeasturias.com\\\/noticias\\\/andalucia-convoca-ayudas-para-proyectos-de-educacion-y-sensibilizacion-ambiental\\\/#mainImage\"},\"datePublished\":\"2017-08-01T09:46:20+02:00\",\"dateModified\":\"2017-08-01T09:46:20+02:00\"},{\"@type\":\"WebSite\",\"@id\":\"https:\\\/\\\/www.eldigitaldeasturias.com\\\/noticias\\\/#website\",\"url\":\"https:\\\/\\\/www.eldigitaldeasturias.com\\\/noticias\\\/\",\"name\":\"El Digital de Asturias - Diario de actualidad y noticias\",\"alternateName\":\"El Digital de Asturias - Diario de actualidad y noticias\",\"description\":\"Hemeroteca\",\"inLanguage\":\"es-ES\",\"publisher\":{\"@id\":\"https:\\\/\\\/www.eldigitaldeasturias.com\\\/noticias\\\/#organization\"}}]}\n\t\t<\/script>\n\t\t<!-- All in One SEO Pro -->\r\n\t\t<title>Andaluc\u00eda convoca ayudas para proyectos de educaci\u00f3n y sensibilizaci\u00f3n ambiental - El Digital de Asturias<\/title>\n\n","aioseo_head_json":{"title":"Andaluc\u00eda convoca ayudas para proyectos de educaci\u00f3n y sensibilizaci\u00f3n ambiental - El Digital de Asturias","description":"La Consejer\u00eda de Medio Ambiente y Ordenaci\u00f3n del Territorio destinar\u00e1 180.000 euros en ayudas para la realizaci\u00f3n de proyectos de educaci\u00f3n y sensibilizaci\u00f3n ambiental, que contribuyan a resolver los problemas ambientales de \u00e1mbito local y otros de tipo global relacionados con el cambio clim\u00e1tico. Estos proyectos deber\u00e1n incorporar herramientas de car\u00e1cter social como la educaci\u00f3n,","canonical_url":"https:\/\/www.eldigitaldeasturias.com\/noticias\/andalucia-convoca-ayudas-para-proyectos-de-educacion-y-sensibilizacion-ambiental\/","robots":"max-image-preview:large","keywords":"actualidad","webmasterTools":{"google-site-verification":"UA-38556648-1","msvalidate.01":"7dfe9f3f1b24437ab69f4f2559babe99","miscellaneous":""},"schema":{"@context":"https:\/\/schema.org","@graph":[{"@type":"BlogPosting","@id":"https:\/\/www.eldigitaldeasturias.com\/noticias\/andalucia-convoca-ayudas-para-proyectos-de-educacion-y-sensibilizacion-ambiental\/#blogposting","name":"Andaluc\u00eda convoca ayudas para proyectos de educaci\u00f3n y sensibilizaci\u00f3n ambiental - El Digital de Asturias","headline":"Andaluc\u00eda convoca ayudas para proyectos de educaci\u00f3n y sensibilizaci\u00f3n ambiental","author":{"@id":"https:\/\/www.eldigitaldeasturias.com\/noticias\/author\/admin\/#author"},"publisher":{"@id":"https:\/\/www.eldigitaldeasturias.com\/noticias\/#organization"},"image":{"@type":"ImageObject","url":943779},"datePublished":"2017-08-01T09:46:20+02:00","dateModified":"2017-08-01T09:46:20+02:00","inLanguage":"es-ES","mainEntityOfPage":{"@id":"https:\/\/www.eldigitaldeasturias.com\/noticias\/andalucia-convoca-ayudas-para-proyectos-de-educacion-y-sensibilizacion-ambiental\/#webpage"},"isPartOf":{"@id":"https:\/\/www.eldigitaldeasturias.com\/noticias\/andalucia-convoca-ayudas-para-proyectos-de-educacion-y-sensibilizacion-ambiental\/#webpage"},"articleSection":"Actualidad"},{"@type":"BreadcrumbList","@id":"https:\/\/www.eldigitaldeasturias.com\/noticias\/andalucia-convoca-ayudas-para-proyectos-de-educacion-y-sensibilizacion-ambiental\/#breadcrumblist","itemListElement":[{"@type":"ListItem","@id":"https:\/\/www.eldigitaldeasturias.com\/noticias#listItem","position":1,"name":"Home","item":"https:\/\/www.eldigitaldeasturias.com\/noticias","nextItem":{"@type":"ListItem","@id":"https:\/\/www.eldigitaldeasturias.com\/noticias\/category\/actualidad\/#listItem","name":"Actualidad"}},{"@type":"ListItem","@id":"https:\/\/www.eldigitaldeasturias.com\/noticias\/category\/actualidad\/#listItem","position":2,"name":"Actualidad","item":"https:\/\/www.eldigitaldeasturias.com\/noticias\/category\/actualidad\/","nextItem":{"@type":"ListItem","@id":"https:\/\/www.eldigitaldeasturias.com\/noticias\/andalucia-convoca-ayudas-para-proyectos-de-educacion-y-sensibilizacion-ambiental\/#listItem","name":"Andaluc\u00eda convoca ayudas para proyectos de educaci\u00f3n y sensibilizaci\u00f3n ambiental"},"previousItem":{"@type":"ListItem","@id":"https:\/\/www.eldigitaldeasturias.com\/noticias#listItem","name":"Home"}},{"@type":"ListItem","@id":"https:\/\/www.eldigitaldeasturias.com\/noticias\/andalucia-convoca-ayudas-para-proyectos-de-educacion-y-sensibilizacion-ambiental\/#listItem","position":3,"name":"Andaluc\u00eda convoca ayudas para proyectos de educaci\u00f3n y sensibilizaci\u00f3n ambiental","previousItem":{"@type":"ListItem","@id":"https:\/\/www.eldigitaldeasturias.com\/noticias\/category\/actualidad\/#listItem","name":"Actualidad"}}]},{"@type":"Organization","@id":"https:\/\/www.eldigitaldeasturias.com\/noticias\/#organization","name":"El Digital de Asturias","description":"Hemeroteca","url":"https:\/\/www.eldigitaldeasturias.com\/noticias\/","email":"info@eldigitaldeasturias.com","telephone":"+34652131393","logo":{"@type":"ImageObject","url":"https:\/\/www.eldigitaldeasturias.com\/noticias\/wp-content\/uploads\/2020\/12\/EDA.jpg","@id":"https:\/\/www.eldigitaldeasturias.com\/noticias\/andalucia-convoca-ayudas-para-proyectos-de-educacion-y-sensibilizacion-ambiental\/#organizationLogo"},"image":{"@id":"https:\/\/www.eldigitaldeasturias.com\/noticias\/andalucia-convoca-ayudas-para-proyectos-de-educacion-y-sensibilizacion-ambiental\/#organizationLogo"},"sameAs":["https:\/\/facebook.com\/eldigitaldeasturias","https:\/\/www.youtube.com\/channel\/UCZP-2wLEB9Rv6erhFmqVnvg"],"address":{"@id":"https:\/\/www.eldigitaldeasturias.com\/noticias\/#postaladdress","@type":"PostalAddress","streetAddress":"san antonio 4","postalCode":"33430","addressLocality":"Cand\u00e1s","addressRegion":"Asturias","addressCountry":"ES"}},{"@type":"Person","@id":"https:\/\/www.eldigitaldeasturias.com\/noticias\/author\/admin\/#author","url":"https:\/\/www.eldigitaldeasturias.com\/noticias\/author\/admin\/","name":"El Digital de Asturias","image":{"@type":"ImageObject","@id":"https:\/\/www.eldigitaldeasturias.com\/noticias\/andalucia-convoca-ayudas-para-proyectos-de-educacion-y-sensibilizacion-ambiental\/#authorImage","url":"https:\/\/secure.gravatar.com\/avatar\/df2aeffc32bcd13f8d26072ef8a91b623d677766deac7f97ca815868cd41bf5e?s=96&d=mm&r=g","width":96,"height":96,"caption":"El Digital de Asturias"}},{"@type":"WebPage","@id":"https:\/\/www.eldigitaldeasturias.com\/noticias\/andalucia-convoca-ayudas-para-proyectos-de-educacion-y-sensibilizacion-ambiental\/#webpage","url":"https:\/\/www.eldigitaldeasturias.com\/noticias\/andalucia-convoca-ayudas-para-proyectos-de-educacion-y-sensibilizacion-ambiental\/","name":"Andaluc\u00eda convoca ayudas para proyectos de educaci\u00f3n y sensibilizaci\u00f3n ambiental - El Digital de Asturias","description":"La Consejer\u00eda de Medio Ambiente y Ordenaci\u00f3n del Territorio destinar\u00e1 180.000 euros en ayudas para la realizaci\u00f3n de proyectos de educaci\u00f3n y sensibilizaci\u00f3n ambiental, que contribuyan a resolver los problemas ambientales de \u00e1mbito local y otros de tipo global relacionados con el cambio clim\u00e1tico. Estos proyectos deber\u00e1n incorporar herramientas de car\u00e1cter social como la educaci\u00f3n,","inLanguage":"es-ES","isPartOf":{"@id":"https:\/\/www.eldigitaldeasturias.com\/noticias\/#website"},"breadcrumb":{"@id":"https:\/\/www.eldigitaldeasturias.com\/noticias\/andalucia-convoca-ayudas-para-proyectos-de-educacion-y-sensibilizacion-ambiental\/#breadcrumblist"},"author":{"@id":"https:\/\/www.eldigitaldeasturias.com\/noticias\/author\/admin\/#author"},"creator":{"@id":"https:\/\/www.eldigitaldeasturias.com\/noticias\/author\/admin\/#author"},"image":{"@type":"ImageObject","url":943779,"@id":"https:\/\/www.eldigitaldeasturias.com\/noticias\/andalucia-convoca-ayudas-para-proyectos-de-educacion-y-sensibilizacion-ambiental\/#mainImage"},"primaryImageOfPage":{"@id":"https:\/\/www.eldigitaldeasturias.com\/noticias\/andalucia-convoca-ayudas-para-proyectos-de-educacion-y-sensibilizacion-ambiental\/#mainImage"},"datePublished":"2017-08-01T09:46:20+02:00","dateModified":"2017-08-01T09:46:20+02:00"},{"@type":"WebSite","@id":"https:\/\/www.eldigitaldeasturias.com\/noticias\/#website","url":"https:\/\/www.eldigitaldeasturias.com\/noticias\/","name":"El Digital de Asturias - Diario de actualidad y noticias","alternateName":"El Digital de Asturias - Diario de actualidad y noticias","description":"Hemeroteca","inLanguage":"es-ES","publisher":{"@id":"https:\/\/www.eldigitaldeasturias.com\/noticias\/#organization"}}]},"og:locale":"es_ES","og:site_name":"El Digital de Asturias","og:type":"article","og:title":"Andaluc\u00eda convoca ayudas para proyectos de educaci\u00f3n y sensibilizaci\u00f3n ambiental - El Digital de Asturias","og:description":"La Consejer\u00eda de Medio Ambiente y Ordenaci\u00f3n del Territorio destinar\u00e1 180.000 euros en ayudas para la realizaci\u00f3n de proyectos de educaci\u00f3n y sensibilizaci\u00f3n ambiental, que contribuyan a resolver los problemas ambientales de \u00e1mbito local y otros de tipo global relacionados con el cambio clim\u00e1tico. Estos proyectos deber\u00e1n incorporar herramientas de car\u00e1cter social como la educaci\u00f3n,","og:url":"https:\/\/www.eldigitaldeasturias.com\/noticias\/andalucia-convoca-ayudas-para-proyectos-de-educacion-y-sensibilizacion-ambiental\/","article:tag":["actualidad"],"article:published_time":"2017-08-01T09:46:20+00:00","article:modified_time":"2017-08-01T09:46:20+00:00","article:publisher":"https:\/\/facebook.com\/eldigitaldeasturias","twitter:card":"summary_large_image","twitter:title":"Andaluc\u00eda convoca ayudas para proyectos de educaci\u00f3n y sensibilizaci\u00f3n ambiental - El Digital de Asturias","twitter:description":"La Consejer\u00eda de Medio Ambiente y Ordenaci\u00f3n del Territorio destinar\u00e1 180.000 euros en ayudas para la realizaci\u00f3n de proyectos de educaci\u00f3n y sensibilizaci\u00f3n ambiental, que contribuyan a resolver los problemas ambientales de \u00e1mbito local y otros de tipo global relacionados con el cambio clim\u00e1tico. Estos proyectos deber\u00e1n incorporar herramientas de car\u00e1cter social como la educaci\u00f3n,","twitter:image":"https:\/\/www.eldigitaldeasturias.com\/noticias\/wp-content\/uploads\/2020\/12\/EDA-1.jpg","twitter:label1":"Escrito por","twitter:data1":"El Digital de Asturias","twitter:label2":"Tiempo de lectura estimado","twitter:data2":"2 minutos"},"aioseo_meta_data":{"post_id":"948285","title":null,"description":null,"keywords":null,"keyphrases":null,"primary_term":null,"canonical_url":null,"og_title":null,"og_description":null,"og_object_type":"default","og_image_type":"default","og_image_url":null,"og_image_width":null,"og_image_height":null,"og_image_custom_url":null,"og_image_custom_fields":null,"og_video":null,"og_custom_url":null,"og_article_section":null,"og_article_tags":null,"twitter_use_og":false,"twitter_card":"default","twitter_image_type":"default","twitter_image_url":null,"twitter_image_custom_url":null,"twitter_image_custom_fields":null,"twitter_title":null,"twitter_description":null,"schema":{"blockGraphs":[],"customGraphs":[],"default":{"data":{"Article":[],"Course":[],"Dataset":[],"FAQPage":[],"Movie":[],"Person":[],"Product":[],"ProductReview":[],"Car":[],"Recipe":[],"Service":[],"SoftwareApplication":[],"WebPage":[]},"graphName":"","isEnabled":true},"graphs":[],"defaultGraph":"","defaultPostTypeGraph":""},"schema_type":null,"schema_type_options":null,"pillar_content":false,"robots_default":true,"robots_noindex":false,"robots_noarchive":false,"robots_nosnippet":false,"robots_nofollow":false,"robots_noimageindex":false,"robots_noodp":false,"robots_notranslate":false,"robots_max_snippet":null,"robots_max_videopreview":null,"robots_max_imagepreview":"large","priority":null,"frequency":null,"local_seo":null,"seo_analyzer_scan_date":"2025-12-05 08:07:11","breadcrumb_settings":null,"limit_modified_date":false,"open_ai":null,"ai":null,"created":"2020-12-21 13:05:41","updated":"2025-12-05 08:07:11","focus_keyword":null,"additional_keywords":null,"truseo_locale":null},"aioseo_breadcrumb":"<div class=\"aioseo-breadcrumbs\"><span class=\"aioseo-breadcrumb\">\n\t<a href=\"https:\/\/www.eldigitaldeasturias.com\/noticias\" title=\"Home\">Home<\/a>\n<\/span><span class=\"aioseo-breadcrumb-separator\">\u2013<\/span><span class=\"aioseo-breadcrumb\">\n\t<a href=\"https:\/\/www.eldigitaldeasturias.com\/noticias\/category\/actualidad\/\" title=\"Actualidad\">Actualidad<\/a>\n<\/span><span class=\"aioseo-breadcrumb-separator\">\u2013<\/span><span class=\"aioseo-breadcrumb\">\n\t<a href=\"https:\/\/www.eldigitaldeasturias.com\/noticias\/andalucia-convoca-ayudas-para-proyectos-de-educacion-y-sensibilizacion-ambiental\/\" title=\"Andaluc\u00eda convoca ayudas para proyectos de educaci\u00f3n y sensibilizaci\u00f3n ambiental\">Andaluc\u00eda convoca ayudas para proyectos de educaci\u00f3n y sensibilizaci\u00f3n ambiental<\/a>\n<\/span><\/div>","aioseo_breadcrumb_json":[{"label":"Home","link":"https:\/\/www.eldigitaldeasturias.com\/noticias"},{"label":"Actualidad","link":"https:\/\/www.eldigitaldeasturias.com\/noticias\/category\/actualidad\/"},{"label":"Andaluc\u00eda convoca ayudas para proyectos de educaci\u00f3n y sensibilizaci\u00f3n ambiental","link":"https:\/\/www.eldigitaldeasturias.com\/noticias\/andalucia-convoca-ayudas-para-proyectos-de-educacion-y-sensibilizacion-ambiental\/"}],"_links":{"self":[{"href":"https:\/\/www.eldigitaldeasturias.com\/noticias\/wp-json\/wp\/v2\/posts\/948285","targetHints":{"allow":["GET"]}}],"collection":[{"href":"https:\/\/www.eldigitaldeasturias.com\/noticias\/wp-json\/wp\/v2\/posts"}],"about":[{"href":"https:\/\/www.eldigitaldeasturias.com\/noticias\/wp-json\/wp\/v2\/types\/post"}],"author":[{"embeddable":true,"href":"https:\/\/www.eldigitaldeasturias.com\/noticias\/wp-json\/wp\/v2\/users\/1"}],"replies":[{"embeddable":true,"href":"https:\/\/www.eldigitaldeasturias.com\/noticias\/wp-json\/wp\/v2\/comments?post=948285"}],"version-history":[{"count":0,"href":"https:\/\/www.eldigitaldeasturias.com\/noticias\/wp-json\/wp\/v2\/posts\/948285\/revisions"}],"wp:attachment":[{"href":"https:\/\/www.eldigitaldeasturias.com\/noticias\/wp-json\/wp\/v2\/media?parent=948285"}],"wp:term":[{"taxonomy":"category","embeddable":true,"href":"https:\/\/www.eldigitaldeasturias.com\/noticias\/wp-json\/wp\/v2\/categories?post=948285"},{"taxonomy":"post_tag","embeddable":true,"href":"https:\/\/www.eldigitaldeasturias.com\/noticias\/wp-json\/wp\/v2\/tags?post=948285"}],"curies":[{"name":"wp","href":"https:\/\/api.w.org\/{rel}","templated":true}]}}