{"id":948273,"date":"2017-08-01T09:33:31","date_gmt":"2017-08-01T09:33:31","guid":{"rendered":"http:\/\/www.eldigitaldeasturias.com\/noticias\/?p=948273"},"modified":"2017-08-01T09:33:31","modified_gmt":"2017-08-01T09:33:31","slug":"andalucia-aumenta-un-73-su-oferta-de-especialistas-internos-residentes","status":"publish","type":"post","link":"https:\/\/www.eldigitaldeasturias.com\/noticias\/andalucia-aumenta-un-73-su-oferta-de-especialistas-internos-residentes\/","title":{"rendered":"Andaluc\u00eda aumenta un 7,3% su oferta de especialistas internos residentes"},"content":{"rendered":"<p><img loading=\"lazy\" decoding=\"async\" class=\"alignleft size-medium wp-image-948269\" src=\"https:\/\/www.eldigitaldeasturias.com\/noticias\/wp-content\/uploads\/2017\/08\/1501506919447-360x270.jpg\" alt=\"\" width=\"360\" height=\"270\" \/>Andaluc\u00eda ofertar\u00e1 en la convocatoria 2017\/2018 de formaci\u00f3n de especialistas internos residentes (EIR) un total de 1.224 nuevas plazas, lo que supone un incremento del 7,36% (84 plazas m\u00e1s) con relaci\u00f3n al a\u00f1o anterior, y la sit\u00faa, una vez m\u00e1s, como la tercera comunidad aut\u00f3noma espa\u00f1ola en formaci\u00f3n sanitaria especializada de profesionales en ciencias de la salud.<\/p>\n<p>De este modo, Andaluc\u00eda consolida su tendencia de crecimiento en la oferta de oportunidades para los futuros especialistas, respondiendo al compromiso de la consejera de Salud, Marina \u00c1lvarez, en el Parlamento de Andaluc\u00eda, donde expres\u00f3 que se trabajar\u00e1 para que, antes de que finalice la legislatura, se alcancen las cifras de residentes que ten\u00eda la comunidad aut\u00f3noma en 2013, de acuerdo a una planificaci\u00f3n basada en las necesidades de especialistas, que permita incrementar la capacidad docente del sistema sanitario para aquellas especialidades en las que se detecte mayor necesidad.<\/p>\n<p>En el conjunto del Estado se ofertar\u00e1n 8.039 plazas, 267 m\u00e1s que en la convocatoria pasada, lo que supone un incremento del 3,43%. Por tanto, Andaluc\u00eda, con un incremento del 7,36%, duplica la tasa de aumento de plazas que se produce en el conjunto nacional. El incremento andaluz tambi\u00e9n se registra en el porcentaje de plazas que la comunidad andaluza oferta en relaci\u00f3n al total nacional, que ha pasado del 14,66% en la convocatoria anterior al 15,22% en la nueva.<\/p>\n<p><strong>Apuesta por la atenci\u00f3n primaria<\/strong><\/p>\n<p>Andaluc\u00eda, al igual que ocurri\u00f3 en la convocatoria pasada, sigue siendo la comunidad que m\u00e1s plazas oferta en la especialidad de medicina familiar y comunitaria. Un total de 307, lo que representa el 17% del total estatal de plazas de esta rama, y pone de manifiesto el compromiso y apuesta de la comunidad andaluza por la atenci\u00f3n primaria, as\u00ed como la voluntad y esfuerzo para prever las necesidades futuras y llevar a cabo las actuaciones necesarias para contar con efectivos suficientes para reponer las jubilaciones de los profesionales de este nivel asistencial que se van a producir de modo significativo en los pr\u00f3ximos a\u00f1os. Asimismo, es la comunidad aut\u00f3noma que m\u00e1s plazas oferta en la especialidad de enfermer\u00eda obst\u00e9trico-ginecol\u00f3gica (matronas), concretamente 65 plazas, siendo el 17,5% del total estatal.<\/p>\n<p>La distribuci\u00f3n de plazas por especialidades se configura de la siguiente forma: Alergolog\u00eda (4), An\u00e1lisis Cl\u00ednicos (14), Anatom\u00eda Patol\u00f3gica (14), Anestesiolog\u00eda y Reanimaci\u00f3n (45), Angiolog\u00eda y Cirug\u00eda Vascular (4), Aparato Digestivo (27), Bioqu\u00edmica Cl\u00ednica (2), Cardiolog\u00eda (30), Cirug\u00eda Cardiovascular (6), Cirug\u00eda General y del Aparato Digestivo (28), Cirug\u00eda Oral y M\u00e1xilofacial (6), Cirug\u00eda Ortop\u00e9dica y Traumatolog\u00eda (42), Cirug\u00eda Pedi\u00e1trica (4), Cirug\u00eda Pl\u00e1stica, Est\u00e9tica y Reparadora (6), Cirug\u00eda Tor\u00e1cica (3) Dermatolog\u00eda (12), Endocrinolog\u00eda y Nutrici\u00f3n (10), Enfermer\u00eda de Salud Mental (36 plazas), Enfermer\u00eda del Trabajo (6), Enfermer\u00eda Familia y Comunitaria (18), Enfermer\u00eda Obst\u00e9trico-Ginecol\u00f3gica (65), Enfermer\u00eda Pedi\u00e1trica (26), Farmacia Hospitalaria (21), Farmacolog\u00eda Cl\u00ednica (1), Hematolog\u00eda y Hemoterapia (18), Inmunolog\u00eda (4), Medicina del Trabajo (8), Medicina Familiar y Comunitaria (307), Medicina F\u00edsica y Rehabilitaci\u00f3n (14), Medicina Intensiva (26), Medicina Interna (45) Medicina Nuclear (8), Medicina Preventiva y Salud P\u00fablica (7), Microbiolog\u00eda y Parasitolog\u00eda (10), Nefrolog\u00eda (14), Neumolog\u00eda (16), Neurocirug\u00eda (6), Neurofisiolog\u00eda Cl\u00ednica (3), Neurolog\u00eda (15), Obstetricia y Ginecolog\u00eda (44), Oftalmolog\u00eda (23), Oncolog\u00eda m\u00e9dica (19), Oncolog\u00eda radioter\u00e1pica (10), Otorrinolaringolog\u00eda (13), Pediatr\u00eda y \u00e1reas espec\u00edficas (65), Psicolog\u00eda Cl\u00ednica (20), Psiquiatr\u00eda (36), Radiodiagn\u00f3stico (34), Radiof\u00edsica hospitalaria (6), Reumatolog\u00eda (9) y Urolog\u00eda (14).<\/p>\n<p>Esta distribuci\u00f3n de plazas se ha realizado en consonancia con el estudio de necesidades sanitarias de Andaluc\u00eda, que permite identificar las demandas de plazas de las diferentes especialidades, sobre todo de cara a futuras jubilaciones. En este proceso, los centros sanitarios del sistema sanitario p\u00fablico de Andaluc\u00eda han jugado un papel importante de cara a la planificaci\u00f3n de la oferta de plazas.<\/p>\n<p><strong>Modelo de formaci\u00f3n de especialistas en Ciencias de la Salud<\/strong><\/p>\n<p>La formaci\u00f3n que recibir\u00e1n los 1.224 residentes que obtengan una plaza en la comunidad aut\u00f3noma en el a\u00f1o 2018 sigue el Modelo de formaci\u00f3n de especialistas en Ciencias de la Salud en la sanidad p\u00fablica andaluza, publicado en 2011. Hay que recordar que entre las l\u00edneas estrat\u00e9gicas de la Consejer\u00eda de Salud para esta legislatura, se plantea impulsar este modelo, avanzando en la calidad de la formaci\u00f3n especializada, para que los hospitales y centros de salud de Andaluc\u00eda sean atractivos para los especialistas internos residentes (EIR).<\/p>\n<p>Este modelo define los fundamentos y principios organizativos de la formaci\u00f3n sanitaria especializada en Andaluc\u00eda e incluye un plan marco de calidad docente en el que se definen las actividades a realizar por todos los agentes implicados en ella, comisiones y subcomisiones de docencia, Jefatura de las unidades docentes, tutores y colaboradores docentes. Entre estas actividades se encuentra la medida de la satisfacci\u00f3n del residente con la formaci\u00f3n recibida, que desde el 2013 se realiza de manera centralizada mediante una encuesta &#8216;online&#8217; cumplimentada a trav\u00e9s de la plataforma PortalEir, anual y an\u00f3nima, dise\u00f1ada por la Consejer\u00eda de Salud. Sus resultados se reflejan en un informe que fomenta la capacidad de comparar resultados de satisfacci\u00f3n entre los diferentes centros docentes, contribuyendo as\u00ed a una mejora continuada de la calidad formativa.<\/p>\n<p><strong>Programa de formaci\u00f3n en competencias transversales (PFCT)<\/strong><\/p>\n<p>El modelo de formaci\u00f3n de especialistas en ciencias de la salud del Sistema Sanitario P\u00fablico de Andaluc\u00eda ha venido contemplando desde el a\u00f1o 2002 la existencia de un programa de formaci\u00f3n en competencias transversales dirigido a la totalidad de los especialistas en formaci\u00f3n de la sanidad p\u00fablica andaluza.<\/p>\n<p>Tras la experiencia derivada del desarrollo de la iniciativa desde sus inicios y teniendo en cuenta que la mayor\u00eda de los programas nacionales de las especialidades han ido incorporando en sus actualizaciones las competencias contenidas en el mismo, se realiz\u00f3 en el 2012 la adaptaci\u00f3n del programa hacia nuevos planteamientos pedag\u00f3gicos que se adaptan mejor al contexto de la formaci\u00f3n de especialistas y que desarrolla los contenidos esenciales de car\u00e1cter com\u00fan en el conjunto de las especialidades. Para hacer ello posible el Programa de formaci\u00f3n en competencias transversales tiene car\u00e1cter plenamente virtual y responde en cuanto a estructura al modelo de formaci\u00f3n MOOC (Massive Online Open Course).<\/p>\n<p>&nbsp;<\/p>\n","protected":false},"excerpt":{"rendered":"<p>Andaluc\u00eda ofertar\u00e1 en la convocatoria 2017\/2018 de formaci\u00f3n de especialistas internos residentes (EIR) un total de 1.224 nuevas plazas, lo que supone un incremento del 7,36% (84 plazas m\u00e1s) con relaci\u00f3n al a\u00f1o anterior, y la sit\u00faa, una vez m\u00e1s, como la tercera comunidad aut\u00f3noma espa\u00f1ola en formaci\u00f3n sanitaria especializada de profesionales en ciencias de [&hellip;]<\/p>\n","protected":false},"author":1,"featured_media":948269,"comment_status":"closed","ping_status":"closed","sticky":false,"template":"","format":"standard","meta":{"footnotes":""},"categories":[1],"tags":[],"class_list":["post-948273","post","type-post","status-publish","format-standard","has-post-thumbnail","hentry","category-actualidad"],"aioseo_notices":[],"aioseo_head":"\n\t\t<!-- All in One SEO Pro 5.0.1 - aioseo.com -->\n\t<meta name=\"description\" content=\"Andaluc\u00eda ofertar\u00e1 en la convocatoria 2017\/2018 de formaci\u00f3n de especialistas internos residentes (EIR) un total de 1.224 nuevas plazas, lo que supone un incremento del 7,36% (84 plazas m\u00e1s) con relaci\u00f3n al a\u00f1o anterior, y la sit\u00faa, una vez m\u00e1s, como la tercera comunidad aut\u00f3noma espa\u00f1ola en formaci\u00f3n sanitaria especializada de profesionales en ciencias de\" \/>\n\t<meta name=\"robots\" content=\"max-image-preview:large\" \/>\n\t<meta name=\"author\" content=\"El Digital de Asturias\"\/>\n\t<meta name=\"google-site-verification\" content=\"UA-38556648-1\" \/>\n\t<meta name=\"msvalidate.01\" content=\"7dfe9f3f1b24437ab69f4f2559babe99\" \/>\n\t<meta name=\"keywords\" content=\"actualidad\" \/>\n\t<link rel=\"canonical\" href=\"https:\/\/www.eldigitaldeasturias.com\/noticias\/andalucia-aumenta-un-73-su-oferta-de-especialistas-internos-residentes\/\" \/>\n\t<meta name=\"generator\" content=\"All in One SEO Pro (AIOSEO) 5.0.1\" \/>\n\t\t<meta property=\"og:locale\" content=\"es_ES\" \/>\n\t\t<meta property=\"og:site_name\" content=\"El Digital de Asturias\" \/>\n\t\t<meta property=\"og:type\" content=\"article\" \/>\n\t\t<meta property=\"og:title\" content=\"Andaluc\u00eda aumenta un 7,3% su oferta de especialistas internos residentes - El Digital de Asturias\" \/>\n\t\t<meta property=\"og:description\" content=\"Andaluc\u00eda ofertar\u00e1 en la convocatoria 2017\/2018 de formaci\u00f3n de especialistas internos residentes (EIR) un total de 1.224 nuevas plazas, lo que supone un incremento del 7,36% (84 plazas m\u00e1s) con relaci\u00f3n al a\u00f1o anterior, y la sit\u00faa, una vez m\u00e1s, como la tercera comunidad aut\u00f3noma espa\u00f1ola en formaci\u00f3n sanitaria especializada de profesionales en ciencias de\" \/>\n\t\t<meta property=\"og:url\" content=\"https:\/\/www.eldigitaldeasturias.com\/noticias\/andalucia-aumenta-un-73-su-oferta-de-especialistas-internos-residentes\/\" \/>\n\t\t<meta property=\"article:tag\" content=\"actualidad\" \/>\n\t\t<meta property=\"article:published_time\" content=\"2017-08-01T09:33:31+00:00\" \/>\n\t\t<meta property=\"article:modified_time\" content=\"2017-08-01T09:33:31+00:00\" \/>\n\t\t<meta property=\"article:publisher\" content=\"https:\/\/facebook.com\/eldigitaldeasturias\" \/>\n\t\t<meta name=\"twitter:card\" content=\"summary_large_image\" \/>\n\t\t<meta name=\"twitter:title\" content=\"Andaluc\u00eda aumenta un 7,3% su oferta de especialistas internos residentes - El Digital de Asturias\" \/>\n\t\t<meta name=\"twitter:description\" content=\"Andaluc\u00eda ofertar\u00e1 en la convocatoria 2017\/2018 de formaci\u00f3n de especialistas internos residentes (EIR) un total de 1.224 nuevas plazas, lo que supone un incremento del 7,36% (84 plazas m\u00e1s) con relaci\u00f3n al a\u00f1o anterior, y la sit\u00faa, una vez m\u00e1s, como la tercera comunidad aut\u00f3noma espa\u00f1ola en formaci\u00f3n sanitaria especializada de profesionales en ciencias de\" \/>\n\t\t<meta name=\"twitter:image\" content=\"https:\/\/www.eldigitaldeasturias.com\/noticias\/wp-content\/uploads\/2020\/12\/EDA-1.jpg\" \/>\n\t\t<meta name=\"twitter:label1\" content=\"Escrito por\" \/>\n\t\t<meta name=\"twitter:data1\" content=\"El Digital de Asturias\" \/>\n\t\t<meta name=\"twitter:label2\" content=\"Tiempo de lectura estimado\" \/>\n\t\t<meta name=\"twitter:data2\" content=\"5 minutos\" \/>\n\t\t<script type=\"application\/ld+json\" class=\"aioseo-schema\">\n\t\t\t{\"@context\":\"https:\\\/\\\/schema.org\",\"@graph\":[{\"@type\":\"BlogPosting\",\"@id\":\"https:\\\/\\\/www.eldigitaldeasturias.com\\\/noticias\\\/andalucia-aumenta-un-73-su-oferta-de-especialistas-internos-residentes\\\/#blogposting\",\"name\":\"Andaluc\\u00eda aumenta un 7,3% su oferta de especialistas internos residentes - El Digital de Asturias\",\"headline\":\"Andaluc\\u00eda aumenta un 7,3% su oferta de especialistas internos residentes\",\"author\":{\"@id\":\"https:\\\/\\\/www.eldigitaldeasturias.com\\\/noticias\\\/author\\\/admin\\\/#author\"},\"publisher\":{\"@id\":\"https:\\\/\\\/www.eldigitaldeasturias.com\\\/noticias\\\/#organization\"},\"image\":{\"@type\":\"ImageObject\",\"url\":948269},\"datePublished\":\"2017-08-01T09:33:31+02:00\",\"dateModified\":\"2017-08-01T09:33:31+02:00\",\"inLanguage\":\"es-ES\",\"mainEntityOfPage\":{\"@id\":\"https:\\\/\\\/www.eldigitaldeasturias.com\\\/noticias\\\/andalucia-aumenta-un-73-su-oferta-de-especialistas-internos-residentes\\\/#webpage\"},\"isPartOf\":{\"@id\":\"https:\\\/\\\/www.eldigitaldeasturias.com\\\/noticias\\\/andalucia-aumenta-un-73-su-oferta-de-especialistas-internos-residentes\\\/#webpage\"},\"articleSection\":\"Actualidad\"},{\"@type\":\"BreadcrumbList\",\"@id\":\"https:\\\/\\\/www.eldigitaldeasturias.com\\\/noticias\\\/andalucia-aumenta-un-73-su-oferta-de-especialistas-internos-residentes\\\/#breadcrumblist\",\"itemListElement\":[{\"@type\":\"ListItem\",\"@id\":\"https:\\\/\\\/www.eldigitaldeasturias.com\\\/noticias#listItem\",\"position\":1,\"name\":\"Home\",\"item\":\"https:\\\/\\\/www.eldigitaldeasturias.com\\\/noticias\",\"nextItem\":{\"@type\":\"ListItem\",\"@id\":\"https:\\\/\\\/www.eldigitaldeasturias.com\\\/noticias\\\/category\\\/actualidad\\\/#listItem\",\"name\":\"Actualidad\"}},{\"@type\":\"ListItem\",\"@id\":\"https:\\\/\\\/www.eldigitaldeasturias.com\\\/noticias\\\/category\\\/actualidad\\\/#listItem\",\"position\":2,\"name\":\"Actualidad\",\"item\":\"https:\\\/\\\/www.eldigitaldeasturias.com\\\/noticias\\\/category\\\/actualidad\\\/\",\"nextItem\":{\"@type\":\"ListItem\",\"@id\":\"https:\\\/\\\/www.eldigitaldeasturias.com\\\/noticias\\\/andalucia-aumenta-un-73-su-oferta-de-especialistas-internos-residentes\\\/#listItem\",\"name\":\"Andaluc\\u00eda aumenta un 7,3% su oferta de especialistas internos residentes\"},\"previousItem\":{\"@type\":\"ListItem\",\"@id\":\"https:\\\/\\\/www.eldigitaldeasturias.com\\\/noticias#listItem\",\"name\":\"Home\"}},{\"@type\":\"ListItem\",\"@id\":\"https:\\\/\\\/www.eldigitaldeasturias.com\\\/noticias\\\/andalucia-aumenta-un-73-su-oferta-de-especialistas-internos-residentes\\\/#listItem\",\"position\":3,\"name\":\"Andaluc\\u00eda aumenta un 7,3% su oferta de especialistas internos residentes\",\"previousItem\":{\"@type\":\"ListItem\",\"@id\":\"https:\\\/\\\/www.eldigitaldeasturias.com\\\/noticias\\\/category\\\/actualidad\\\/#listItem\",\"name\":\"Actualidad\"}}]},{\"@type\":\"Organization\",\"@id\":\"https:\\\/\\\/www.eldigitaldeasturias.com\\\/noticias\\\/#organization\",\"name\":\"El Digital de Asturias\",\"description\":\"Hemeroteca\",\"url\":\"https:\\\/\\\/www.eldigitaldeasturias.com\\\/noticias\\\/\",\"email\":\"info@eldigitaldeasturias.com\",\"telephone\":\"+34652131393\",\"logo\":{\"@type\":\"ImageObject\",\"url\":\"https:\\\/\\\/www.eldigitaldeasturias.com\\\/noticias\\\/wp-content\\\/uploads\\\/2020\\\/12\\\/EDA.jpg\",\"@id\":\"https:\\\/\\\/www.eldigitaldeasturias.com\\\/noticias\\\/andalucia-aumenta-un-73-su-oferta-de-especialistas-internos-residentes\\\/#organizationLogo\"},\"image\":{\"@id\":\"https:\\\/\\\/www.eldigitaldeasturias.com\\\/noticias\\\/andalucia-aumenta-un-73-su-oferta-de-especialistas-internos-residentes\\\/#organizationLogo\"},\"sameAs\":[\"https:\\\/\\\/facebook.com\\\/eldigitaldeasturias\",\"https:\\\/\\\/www.youtube.com\\\/channel\\\/UCZP-2wLEB9Rv6erhFmqVnvg\"],\"address\":{\"@id\":\"https:\\\/\\\/www.eldigitaldeasturias.com\\\/noticias\\\/#postaladdress\",\"@type\":\"PostalAddress\",\"streetAddress\":\"san antonio 4\",\"postalCode\":\"33430\",\"addressLocality\":\"Cand\\u00e1s\",\"addressRegion\":\"Asturias\",\"addressCountry\":\"ES\"}},{\"@type\":\"Person\",\"@id\":\"https:\\\/\\\/www.eldigitaldeasturias.com\\\/noticias\\\/author\\\/admin\\\/#author\",\"url\":\"https:\\\/\\\/www.eldigitaldeasturias.com\\\/noticias\\\/author\\\/admin\\\/\",\"name\":\"El Digital de Asturias\",\"image\":{\"@type\":\"ImageObject\",\"@id\":\"https:\\\/\\\/www.eldigitaldeasturias.com\\\/noticias\\\/andalucia-aumenta-un-73-su-oferta-de-especialistas-internos-residentes\\\/#authorImage\",\"url\":\"https:\\\/\\\/secure.gravatar.com\\\/avatar\\\/df2aeffc32bcd13f8d26072ef8a91b623d677766deac7f97ca815868cd41bf5e?s=96&d=mm&r=g\",\"width\":96,\"height\":96,\"caption\":\"El Digital de Asturias\"}},{\"@type\":\"WebPage\",\"@id\":\"https:\\\/\\\/www.eldigitaldeasturias.com\\\/noticias\\\/andalucia-aumenta-un-73-su-oferta-de-especialistas-internos-residentes\\\/#webpage\",\"url\":\"https:\\\/\\\/www.eldigitaldeasturias.com\\\/noticias\\\/andalucia-aumenta-un-73-su-oferta-de-especialistas-internos-residentes\\\/\",\"name\":\"Andaluc\\u00eda aumenta un 7,3% su oferta de especialistas internos residentes - El Digital de Asturias\",\"description\":\"Andaluc\\u00eda ofertar\\u00e1 en la convocatoria 2017\\\/2018 de formaci\\u00f3n de especialistas internos residentes (EIR) un total de 1.224 nuevas plazas, lo que supone un incremento del 7,36% (84 plazas m\\u00e1s) con relaci\\u00f3n al a\\u00f1o anterior, y la sit\\u00faa, una vez m\\u00e1s, como la tercera comunidad aut\\u00f3noma espa\\u00f1ola en formaci\\u00f3n sanitaria especializada de profesionales en ciencias de\",\"inLanguage\":\"es-ES\",\"isPartOf\":{\"@id\":\"https:\\\/\\\/www.eldigitaldeasturias.com\\\/noticias\\\/#website\"},\"breadcrumb\":{\"@id\":\"https:\\\/\\\/www.eldigitaldeasturias.com\\\/noticias\\\/andalucia-aumenta-un-73-su-oferta-de-especialistas-internos-residentes\\\/#breadcrumblist\"},\"author\":{\"@id\":\"https:\\\/\\\/www.eldigitaldeasturias.com\\\/noticias\\\/author\\\/admin\\\/#author\"},\"creator\":{\"@id\":\"https:\\\/\\\/www.eldigitaldeasturias.com\\\/noticias\\\/author\\\/admin\\\/#author\"},\"image\":{\"@type\":\"ImageObject\",\"url\":948269,\"@id\":\"https:\\\/\\\/www.eldigitaldeasturias.com\\\/noticias\\\/andalucia-aumenta-un-73-su-oferta-de-especialistas-internos-residentes\\\/#mainImage\"},\"primaryImageOfPage\":{\"@id\":\"https:\\\/\\\/www.eldigitaldeasturias.com\\\/noticias\\\/andalucia-aumenta-un-73-su-oferta-de-especialistas-internos-residentes\\\/#mainImage\"},\"datePublished\":\"2017-08-01T09:33:31+02:00\",\"dateModified\":\"2017-08-01T09:33:31+02:00\"},{\"@type\":\"WebSite\",\"@id\":\"https:\\\/\\\/www.eldigitaldeasturias.com\\\/noticias\\\/#website\",\"url\":\"https:\\\/\\\/www.eldigitaldeasturias.com\\\/noticias\\\/\",\"name\":\"El Digital de Asturias - Diario de actualidad y noticias\",\"alternateName\":\"El Digital de Asturias - Diario de actualidad y noticias\",\"description\":\"Hemeroteca\",\"inLanguage\":\"es-ES\",\"publisher\":{\"@id\":\"https:\\\/\\\/www.eldigitaldeasturias.com\\\/noticias\\\/#organization\"}}]}\n\t\t<\/script>\n\t\t<!-- All in One SEO Pro -->\r\n\t\t<title>Andaluc\u00eda aumenta un 7,3% su oferta de especialistas internos residentes - El Digital de Asturias<\/title>\n\n","aioseo_head_json":{"title":"Andaluc\u00eda aumenta un 7,3% su oferta de especialistas internos residentes - El Digital de Asturias","description":"Andaluc\u00eda ofertar\u00e1 en la convocatoria 2017\/2018 de formaci\u00f3n de especialistas internos residentes (EIR) un total de 1.224 nuevas plazas, lo que supone un incremento del 7,36% (84 plazas m\u00e1s) con relaci\u00f3n al a\u00f1o anterior, y la sit\u00faa, una vez m\u00e1s, como la tercera comunidad aut\u00f3noma espa\u00f1ola en formaci\u00f3n sanitaria especializada de profesionales en ciencias de","canonical_url":"https:\/\/www.eldigitaldeasturias.com\/noticias\/andalucia-aumenta-un-73-su-oferta-de-especialistas-internos-residentes\/","robots":"max-image-preview:large","keywords":"actualidad","webmasterTools":{"google-site-verification":"UA-38556648-1","msvalidate.01":"7dfe9f3f1b24437ab69f4f2559babe99","miscellaneous":""},"schema":{"@context":"https:\/\/schema.org","@graph":[{"@type":"BlogPosting","@id":"https:\/\/www.eldigitaldeasturias.com\/noticias\/andalucia-aumenta-un-73-su-oferta-de-especialistas-internos-residentes\/#blogposting","name":"Andaluc\u00eda aumenta un 7,3% su oferta de especialistas internos residentes - El Digital de Asturias","headline":"Andaluc\u00eda aumenta un 7,3% su oferta de especialistas internos residentes","author":{"@id":"https:\/\/www.eldigitaldeasturias.com\/noticias\/author\/admin\/#author"},"publisher":{"@id":"https:\/\/www.eldigitaldeasturias.com\/noticias\/#organization"},"image":{"@type":"ImageObject","url":948269},"datePublished":"2017-08-01T09:33:31+02:00","dateModified":"2017-08-01T09:33:31+02:00","inLanguage":"es-ES","mainEntityOfPage":{"@id":"https:\/\/www.eldigitaldeasturias.com\/noticias\/andalucia-aumenta-un-73-su-oferta-de-especialistas-internos-residentes\/#webpage"},"isPartOf":{"@id":"https:\/\/www.eldigitaldeasturias.com\/noticias\/andalucia-aumenta-un-73-su-oferta-de-especialistas-internos-residentes\/#webpage"},"articleSection":"Actualidad"},{"@type":"BreadcrumbList","@id":"https:\/\/www.eldigitaldeasturias.com\/noticias\/andalucia-aumenta-un-73-su-oferta-de-especialistas-internos-residentes\/#breadcrumblist","itemListElement":[{"@type":"ListItem","@id":"https:\/\/www.eldigitaldeasturias.com\/noticias#listItem","position":1,"name":"Home","item":"https:\/\/www.eldigitaldeasturias.com\/noticias","nextItem":{"@type":"ListItem","@id":"https:\/\/www.eldigitaldeasturias.com\/noticias\/category\/actualidad\/#listItem","name":"Actualidad"}},{"@type":"ListItem","@id":"https:\/\/www.eldigitaldeasturias.com\/noticias\/category\/actualidad\/#listItem","position":2,"name":"Actualidad","item":"https:\/\/www.eldigitaldeasturias.com\/noticias\/category\/actualidad\/","nextItem":{"@type":"ListItem","@id":"https:\/\/www.eldigitaldeasturias.com\/noticias\/andalucia-aumenta-un-73-su-oferta-de-especialistas-internos-residentes\/#listItem","name":"Andaluc\u00eda aumenta un 7,3% su oferta de especialistas internos residentes"},"previousItem":{"@type":"ListItem","@id":"https:\/\/www.eldigitaldeasturias.com\/noticias#listItem","name":"Home"}},{"@type":"ListItem","@id":"https:\/\/www.eldigitaldeasturias.com\/noticias\/andalucia-aumenta-un-73-su-oferta-de-especialistas-internos-residentes\/#listItem","position":3,"name":"Andaluc\u00eda aumenta un 7,3% su oferta de especialistas internos residentes","previousItem":{"@type":"ListItem","@id":"https:\/\/www.eldigitaldeasturias.com\/noticias\/category\/actualidad\/#listItem","name":"Actualidad"}}]},{"@type":"Organization","@id":"https:\/\/www.eldigitaldeasturias.com\/noticias\/#organization","name":"El Digital de Asturias","description":"Hemeroteca","url":"https:\/\/www.eldigitaldeasturias.com\/noticias\/","email":"info@eldigitaldeasturias.com","telephone":"+34652131393","logo":{"@type":"ImageObject","url":"https:\/\/www.eldigitaldeasturias.com\/noticias\/wp-content\/uploads\/2020\/12\/EDA.jpg","@id":"https:\/\/www.eldigitaldeasturias.com\/noticias\/andalucia-aumenta-un-73-su-oferta-de-especialistas-internos-residentes\/#organizationLogo"},"image":{"@id":"https:\/\/www.eldigitaldeasturias.com\/noticias\/andalucia-aumenta-un-73-su-oferta-de-especialistas-internos-residentes\/#organizationLogo"},"sameAs":["https:\/\/facebook.com\/eldigitaldeasturias","https:\/\/www.youtube.com\/channel\/UCZP-2wLEB9Rv6erhFmqVnvg"],"address":{"@id":"https:\/\/www.eldigitaldeasturias.com\/noticias\/#postaladdress","@type":"PostalAddress","streetAddress":"san antonio 4","postalCode":"33430","addressLocality":"Cand\u00e1s","addressRegion":"Asturias","addressCountry":"ES"}},{"@type":"Person","@id":"https:\/\/www.eldigitaldeasturias.com\/noticias\/author\/admin\/#author","url":"https:\/\/www.eldigitaldeasturias.com\/noticias\/author\/admin\/","name":"El Digital de Asturias","image":{"@type":"ImageObject","@id":"https:\/\/www.eldigitaldeasturias.com\/noticias\/andalucia-aumenta-un-73-su-oferta-de-especialistas-internos-residentes\/#authorImage","url":"https:\/\/secure.gravatar.com\/avatar\/df2aeffc32bcd13f8d26072ef8a91b623d677766deac7f97ca815868cd41bf5e?s=96&d=mm&r=g","width":96,"height":96,"caption":"El Digital de Asturias"}},{"@type":"WebPage","@id":"https:\/\/www.eldigitaldeasturias.com\/noticias\/andalucia-aumenta-un-73-su-oferta-de-especialistas-internos-residentes\/#webpage","url":"https:\/\/www.eldigitaldeasturias.com\/noticias\/andalucia-aumenta-un-73-su-oferta-de-especialistas-internos-residentes\/","name":"Andaluc\u00eda aumenta un 7,3% su oferta de especialistas internos residentes - El Digital de Asturias","description":"Andaluc\u00eda ofertar\u00e1 en la convocatoria 2017\/2018 de formaci\u00f3n de especialistas internos residentes (EIR) un total de 1.224 nuevas plazas, lo que supone un incremento del 7,36% (84 plazas m\u00e1s) con relaci\u00f3n al a\u00f1o anterior, y la sit\u00faa, una vez m\u00e1s, como la tercera comunidad aut\u00f3noma espa\u00f1ola en formaci\u00f3n sanitaria especializada de profesionales en ciencias de","inLanguage":"es-ES","isPartOf":{"@id":"https:\/\/www.eldigitaldeasturias.com\/noticias\/#website"},"breadcrumb":{"@id":"https:\/\/www.eldigitaldeasturias.com\/noticias\/andalucia-aumenta-un-73-su-oferta-de-especialistas-internos-residentes\/#breadcrumblist"},"author":{"@id":"https:\/\/www.eldigitaldeasturias.com\/noticias\/author\/admin\/#author"},"creator":{"@id":"https:\/\/www.eldigitaldeasturias.com\/noticias\/author\/admin\/#author"},"image":{"@type":"ImageObject","url":948269,"@id":"https:\/\/www.eldigitaldeasturias.com\/noticias\/andalucia-aumenta-un-73-su-oferta-de-especialistas-internos-residentes\/#mainImage"},"primaryImageOfPage":{"@id":"https:\/\/www.eldigitaldeasturias.com\/noticias\/andalucia-aumenta-un-73-su-oferta-de-especialistas-internos-residentes\/#mainImage"},"datePublished":"2017-08-01T09:33:31+02:00","dateModified":"2017-08-01T09:33:31+02:00"},{"@type":"WebSite","@id":"https:\/\/www.eldigitaldeasturias.com\/noticias\/#website","url":"https:\/\/www.eldigitaldeasturias.com\/noticias\/","name":"El Digital de Asturias - Diario de actualidad y noticias","alternateName":"El Digital de Asturias - Diario de actualidad y noticias","description":"Hemeroteca","inLanguage":"es-ES","publisher":{"@id":"https:\/\/www.eldigitaldeasturias.com\/noticias\/#organization"}}]},"og:locale":"es_ES","og:site_name":"El Digital de Asturias","og:type":"article","og:title":"Andaluc\u00eda aumenta un 7,3% su oferta de especialistas internos residentes - El Digital de Asturias","og:description":"Andaluc\u00eda ofertar\u00e1 en la convocatoria 2017\/2018 de formaci\u00f3n de especialistas internos residentes (EIR) un total de 1.224 nuevas plazas, lo que supone un incremento del 7,36% (84 plazas m\u00e1s) con relaci\u00f3n al a\u00f1o anterior, y la sit\u00faa, una vez m\u00e1s, como la tercera comunidad aut\u00f3noma espa\u00f1ola en formaci\u00f3n sanitaria especializada de profesionales en ciencias de","og:url":"https:\/\/www.eldigitaldeasturias.com\/noticias\/andalucia-aumenta-un-73-su-oferta-de-especialistas-internos-residentes\/","article:tag":["actualidad"],"article:published_time":"2017-08-01T09:33:31+00:00","article:modified_time":"2017-08-01T09:33:31+00:00","article:publisher":"https:\/\/facebook.com\/eldigitaldeasturias","twitter:card":"summary_large_image","twitter:title":"Andaluc\u00eda aumenta un 7,3% su oferta de especialistas internos residentes - El Digital de Asturias","twitter:description":"Andaluc\u00eda ofertar\u00e1 en la convocatoria 2017\/2018 de formaci\u00f3n de especialistas internos residentes (EIR) un total de 1.224 nuevas plazas, lo que supone un incremento del 7,36% (84 plazas m\u00e1s) con relaci\u00f3n al a\u00f1o anterior, y la sit\u00faa, una vez m\u00e1s, como la tercera comunidad aut\u00f3noma espa\u00f1ola en formaci\u00f3n sanitaria especializada de profesionales en ciencias de","twitter:image":"https:\/\/www.eldigitaldeasturias.com\/noticias\/wp-content\/uploads\/2020\/12\/EDA-1.jpg","twitter:label1":"Escrito por","twitter:data1":"El Digital de Asturias","twitter:label2":"Tiempo de lectura estimado","twitter:data2":"5 minutos"},"aioseo_meta_data":{"post_id":"948273","title":null,"description":null,"keywords":null,"keyphrases":null,"primary_term":null,"canonical_url":null,"og_title":null,"og_description":null,"og_object_type":"default","og_image_type":"default","og_image_url":null,"og_image_width":null,"og_image_height":null,"og_image_custom_url":null,"og_image_custom_fields":null,"og_video":null,"og_custom_url":null,"og_article_section":null,"og_article_tags":null,"twitter_use_og":false,"twitter_card":"default","twitter_image_type":"default","twitter_image_url":null,"twitter_image_custom_url":null,"twitter_image_custom_fields":null,"twitter_title":null,"twitter_description":null,"schema":{"blockGraphs":[],"customGraphs":[],"default":{"data":{"Article":[],"Course":[],"Dataset":[],"FAQPage":[],"Movie":[],"Person":[],"Product":[],"ProductReview":[],"Car":[],"Recipe":[],"Service":[],"SoftwareApplication":[],"WebPage":[]},"graphName":"","isEnabled":true},"graphs":[],"defaultGraph":"","defaultPostTypeGraph":""},"schema_type":null,"schema_type_options":null,"pillar_content":false,"robots_default":true,"robots_noindex":false,"robots_noarchive":false,"robots_nosnippet":false,"robots_nofollow":false,"robots_noimageindex":false,"robots_noodp":false,"robots_notranslate":false,"robots_max_snippet":null,"robots_max_videopreview":null,"robots_max_imagepreview":"large","priority":null,"frequency":null,"local_seo":null,"seo_analyzer_scan_date":"2025-12-05 08:02:26","breadcrumb_settings":null,"limit_modified_date":false,"open_ai":null,"ai":null,"created":"2020-12-21 13:05:41","updated":"2025-12-05 08:02:26","focus_keyword":null,"additional_keywords":null,"truseo_locale":null},"aioseo_breadcrumb":"<div class=\"aioseo-breadcrumbs\"><span class=\"aioseo-breadcrumb\">\n\t<a href=\"https:\/\/www.eldigitaldeasturias.com\/noticias\" title=\"Home\">Home<\/a>\n<\/span><span class=\"aioseo-breadcrumb-separator\">\u2013<\/span><span class=\"aioseo-breadcrumb\">\n\t<a href=\"https:\/\/www.eldigitaldeasturias.com\/noticias\/category\/actualidad\/\" title=\"Actualidad\">Actualidad<\/a>\n<\/span><span class=\"aioseo-breadcrumb-separator\">\u2013<\/span><span class=\"aioseo-breadcrumb\">\n\t<a href=\"https:\/\/www.eldigitaldeasturias.com\/noticias\/andalucia-aumenta-un-73-su-oferta-de-especialistas-internos-residentes\/\" title=\"Andaluc\u00eda aumenta un 7,3% su oferta de especialistas internos residentes\">Andaluc\u00eda aumenta un 7,3% su oferta de especialistas internos residentes<\/a>\n<\/span><\/div>","aioseo_breadcrumb_json":[{"label":"Home","link":"https:\/\/www.eldigitaldeasturias.com\/noticias"},{"label":"Actualidad","link":"https:\/\/www.eldigitaldeasturias.com\/noticias\/category\/actualidad\/"},{"label":"Andaluc\u00eda aumenta un 7,3% su oferta de especialistas internos residentes","link":"https:\/\/www.eldigitaldeasturias.com\/noticias\/andalucia-aumenta-un-73-su-oferta-de-especialistas-internos-residentes\/"}],"_links":{"self":[{"href":"https:\/\/www.eldigitaldeasturias.com\/noticias\/wp-json\/wp\/v2\/posts\/948273","targetHints":{"allow":["GET"]}}],"collection":[{"href":"https:\/\/www.eldigitaldeasturias.com\/noticias\/wp-json\/wp\/v2\/posts"}],"about":[{"href":"https:\/\/www.eldigitaldeasturias.com\/noticias\/wp-json\/wp\/v2\/types\/post"}],"author":[{"embeddable":true,"href":"https:\/\/www.eldigitaldeasturias.com\/noticias\/wp-json\/wp\/v2\/users\/1"}],"replies":[{"embeddable":true,"href":"https:\/\/www.eldigitaldeasturias.com\/noticias\/wp-json\/wp\/v2\/comments?post=948273"}],"version-history":[{"count":0,"href":"https:\/\/www.eldigitaldeasturias.com\/noticias\/wp-json\/wp\/v2\/posts\/948273\/revisions"}],"wp:attachment":[{"href":"https:\/\/www.eldigitaldeasturias.com\/noticias\/wp-json\/wp\/v2\/media?parent=948273"}],"wp:term":[{"taxonomy":"category","embeddable":true,"href":"https:\/\/www.eldigitaldeasturias.com\/noticias\/wp-json\/wp\/v2\/categories?post=948273"},{"taxonomy":"post_tag","embeddable":true,"href":"https:\/\/www.eldigitaldeasturias.com\/noticias\/wp-json\/wp\/v2\/tags?post=948273"}],"curies":[{"name":"wp","href":"https:\/\/api.w.org\/{rel}","templated":true}]}}