{"id":948271,"date":"2017-08-01T09:32:18","date_gmt":"2017-08-01T09:32:18","guid":{"rendered":"http:\/\/www.eldigitaldeasturias.com\/noticias\/?p=948271"},"modified":"2017-08-01T09:32:18","modified_gmt":"2017-08-01T09:32:18","slug":"andalucia-ha-reducido-en-42-puntos-la-tasa-de-abandono-educativo-temprano","status":"publish","type":"post","link":"https:\/\/www.eldigitaldeasturias.com\/noticias\/andalucia-ha-reducido-en-42-puntos-la-tasa-de-abandono-educativo-temprano\/","title":{"rendered":"Andaluc\u00eda ha reducido en 4,2 puntos la tasa de abandono educativo temprano"},"content":{"rendered":"<p><img loading=\"lazy\" decoding=\"async\" class=\"alignleft size-medium wp-image-786967\" src=\"https:\/\/www.eldigitaldeasturias.com\/noticias\/wp-content\/uploads\/2015\/06\/aula-360x270.jpg\" alt=\"\" width=\"360\" height=\"270\" \/>Andaluc\u00eda ha reducido en 4,2 puntos la tasa de abandono educativo temprano entre la poblaci\u00f3n de 18 a 24 a\u00f1os durante los \u00faltimos cuatro a\u00f1os, descenso superior a la media del resto de comunidades que se sit\u00faa en 3,7 puntos. Para la consejera de Educaci\u00f3n, Sonia Gaya, estos datos vienen a confirmar \u00abla evidente apuesta del Gobierno andaluz por la educaci\u00f3n en estos tiempos de crisis\u00bb, ha indicado.<\/p>\n<p>La comunidad andaluza ha pasado as\u00ed desde el a\u00f1o 2014 de un 27,7% al 23,5% de tasa de abandono escolar, seg\u00fan los datos de la \u00faltima Encuesta de Poblaci\u00f3n Activa (EPA).<\/p>\n<p>Andaluc\u00eda es una de las regiones que en estos a\u00f1os ha experimentado una mayor reducci\u00f3n en sus niveles de abandono educativo. Hace menos de una d\u00e9cada, en 2008, la comunidad contaba con una tasa del 37,9%, por lo que hasta este segundo trimestre de 2017 se ha producido un descenso de m\u00e1s de 14 puntos.<\/p>\n<p>Adem\u00e1s, se ha logrado acortar la distancia respecto a la media nacional, que se sit\u00faa en el 18,2%, con un diferencial de 5,3 puntos. Andaluc\u00eda es la sexta comunidad que ha logrado unos mejores resultados en la reducci\u00f3n de su tasa de abandono educativo desde 2014.<\/p>\n<p>De esta forma, el Gobierno andaluz conf\u00eda en conseguir el objetivo de acortar los \u00edndices de abandono al 15% en el a\u00f1o 2020. Para ello se han puesto en marcha numerosas actuaciones preventivas, compensadores y paliativas, como las becas de financiaci\u00f3n auton\u00f3mica (Adriano, 6000 y Segunda Oportunidad), el fomento de las ense\u00f1anzas para adultos, la extensi\u00f3n del trasporte escolar gratuito a las etapas posobligatoias o la puesta en marcha del Plan de \u00c9xito Educativo, entre otras iniciativas.<\/p>\n<p>&nbsp;<\/p>\n","protected":false},"excerpt":{"rendered":"<p>Andaluc\u00eda ha reducido en 4,2 puntos la tasa de abandono educativo temprano entre la poblaci\u00f3n de 18 a 24 a\u00f1os durante los \u00faltimos cuatro a\u00f1os, descenso superior a la media del resto de comunidades que se sit\u00faa en 3,7 puntos. Para la consejera de Educaci\u00f3n, Sonia Gaya, estos datos vienen a confirmar \u00abla evidente apuesta [&hellip;]<\/p>\n","protected":false},"author":1,"featured_media":786967,"comment_status":"closed","ping_status":"closed","sticky":false,"template":"","format":"standard","meta":{"footnotes":""},"categories":[1],"tags":[],"class_list":["post-948271","post","type-post","status-publish","format-standard","has-post-thumbnail","hentry","category-actualidad"],"aioseo_notices":[],"aioseo_head":"\n\t\t<!-- All in One SEO Pro 5.0.1 - aioseo.com -->\n\t<meta name=\"description\" content=\"Andaluc\u00eda ha reducido en 4,2 puntos la tasa de abandono educativo temprano entre la poblaci\u00f3n de 18 a 24 a\u00f1os durante los \u00faltimos cuatro a\u00f1os, descenso superior a la media del resto de comunidades que se sit\u00faa en 3,7 puntos. Para la consejera de Educaci\u00f3n, Sonia Gaya, estos datos vienen a confirmar &quot;la evidente apuesta\" \/>\n\t<meta name=\"robots\" content=\"max-image-preview:large\" \/>\n\t<meta name=\"author\" content=\"El Digital de Asturias\"\/>\n\t<meta name=\"google-site-verification\" content=\"UA-38556648-1\" \/>\n\t<meta name=\"msvalidate.01\" content=\"7dfe9f3f1b24437ab69f4f2559babe99\" \/>\n\t<meta name=\"keywords\" content=\"actualidad\" \/>\n\t<link rel=\"canonical\" href=\"https:\/\/www.eldigitaldeasturias.com\/noticias\/andalucia-ha-reducido-en-42-puntos-la-tasa-de-abandono-educativo-temprano\/\" \/>\n\t<meta name=\"generator\" content=\"All in One SEO Pro (AIOSEO) 5.0.1\" \/>\n\t\t<meta property=\"og:locale\" content=\"es_ES\" \/>\n\t\t<meta property=\"og:site_name\" content=\"El Digital de Asturias\" \/>\n\t\t<meta property=\"og:type\" content=\"article\" \/>\n\t\t<meta property=\"og:title\" content=\"Andaluc\u00eda ha reducido en 4,2 puntos la tasa de abandono educativo temprano - El Digital de Asturias\" \/>\n\t\t<meta property=\"og:description\" content=\"Andaluc\u00eda ha reducido en 4,2 puntos la tasa de abandono educativo temprano entre la poblaci\u00f3n de 18 a 24 a\u00f1os durante los \u00faltimos cuatro a\u00f1os, descenso superior a la media del resto de comunidades que se sit\u00faa en 3,7 puntos. Para la consejera de Educaci\u00f3n, Sonia Gaya, estos datos vienen a confirmar &quot;la evidente apuesta\" \/>\n\t\t<meta property=\"og:url\" content=\"https:\/\/www.eldigitaldeasturias.com\/noticias\/andalucia-ha-reducido-en-42-puntos-la-tasa-de-abandono-educativo-temprano\/\" \/>\n\t\t<meta property=\"article:tag\" content=\"actualidad\" \/>\n\t\t<meta property=\"article:published_time\" content=\"2017-08-01T09:32:18+00:00\" \/>\n\t\t<meta property=\"article:modified_time\" content=\"2017-08-01T09:32:18+00:00\" \/>\n\t\t<meta property=\"article:publisher\" content=\"https:\/\/facebook.com\/eldigitaldeasturias\" \/>\n\t\t<meta name=\"twitter:card\" content=\"summary_large_image\" \/>\n\t\t<meta name=\"twitter:title\" content=\"Andaluc\u00eda ha reducido en 4,2 puntos la tasa de abandono educativo temprano - El Digital de Asturias\" \/>\n\t\t<meta name=\"twitter:description\" content=\"Andaluc\u00eda ha reducido en 4,2 puntos la tasa de abandono educativo temprano entre la poblaci\u00f3n de 18 a 24 a\u00f1os durante los \u00faltimos cuatro a\u00f1os, descenso superior a la media del resto de comunidades que se sit\u00faa en 3,7 puntos. Para la consejera de Educaci\u00f3n, Sonia Gaya, estos datos vienen a confirmar &quot;la evidente apuesta\" \/>\n\t\t<meta name=\"twitter:image\" content=\"https:\/\/www.eldigitaldeasturias.com\/noticias\/wp-content\/uploads\/2020\/12\/EDA-1.jpg\" \/>\n\t\t<meta name=\"twitter:label1\" content=\"Escrito por\" \/>\n\t\t<meta name=\"twitter:data1\" content=\"El Digital de Asturias\" \/>\n\t\t<meta name=\"twitter:label2\" content=\"Tiempo de lectura estimado\" \/>\n\t\t<meta name=\"twitter:data2\" content=\"1 minuto\" \/>\n\t\t<script type=\"application\/ld+json\" class=\"aioseo-schema\">\n\t\t\t{\"@context\":\"https:\\\/\\\/schema.org\",\"@graph\":[{\"@type\":\"BlogPosting\",\"@id\":\"https:\\\/\\\/www.eldigitaldeasturias.com\\\/noticias\\\/andalucia-ha-reducido-en-42-puntos-la-tasa-de-abandono-educativo-temprano\\\/#blogposting\",\"name\":\"Andaluc\\u00eda ha reducido en 4,2 puntos la tasa de abandono educativo temprano - El Digital de Asturias\",\"headline\":\"Andaluc\\u00eda ha reducido en 4,2 puntos la tasa de abandono educativo temprano\",\"author\":{\"@id\":\"https:\\\/\\\/www.eldigitaldeasturias.com\\\/noticias\\\/author\\\/admin\\\/#author\"},\"publisher\":{\"@id\":\"https:\\\/\\\/www.eldigitaldeasturias.com\\\/noticias\\\/#organization\"},\"image\":{\"@type\":\"ImageObject\",\"url\":786967},\"datePublished\":\"2017-08-01T09:32:18+02:00\",\"dateModified\":\"2017-08-01T09:32:18+02:00\",\"inLanguage\":\"es-ES\",\"mainEntityOfPage\":{\"@id\":\"https:\\\/\\\/www.eldigitaldeasturias.com\\\/noticias\\\/andalucia-ha-reducido-en-42-puntos-la-tasa-de-abandono-educativo-temprano\\\/#webpage\"},\"isPartOf\":{\"@id\":\"https:\\\/\\\/www.eldigitaldeasturias.com\\\/noticias\\\/andalucia-ha-reducido-en-42-puntos-la-tasa-de-abandono-educativo-temprano\\\/#webpage\"},\"articleSection\":\"Actualidad\"},{\"@type\":\"BreadcrumbList\",\"@id\":\"https:\\\/\\\/www.eldigitaldeasturias.com\\\/noticias\\\/andalucia-ha-reducido-en-42-puntos-la-tasa-de-abandono-educativo-temprano\\\/#breadcrumblist\",\"itemListElement\":[{\"@type\":\"ListItem\",\"@id\":\"https:\\\/\\\/www.eldigitaldeasturias.com\\\/noticias#listItem\",\"position\":1,\"name\":\"Home\",\"item\":\"https:\\\/\\\/www.eldigitaldeasturias.com\\\/noticias\",\"nextItem\":{\"@type\":\"ListItem\",\"@id\":\"https:\\\/\\\/www.eldigitaldeasturias.com\\\/noticias\\\/category\\\/actualidad\\\/#listItem\",\"name\":\"Actualidad\"}},{\"@type\":\"ListItem\",\"@id\":\"https:\\\/\\\/www.eldigitaldeasturias.com\\\/noticias\\\/category\\\/actualidad\\\/#listItem\",\"position\":2,\"name\":\"Actualidad\",\"item\":\"https:\\\/\\\/www.eldigitaldeasturias.com\\\/noticias\\\/category\\\/actualidad\\\/\",\"nextItem\":{\"@type\":\"ListItem\",\"@id\":\"https:\\\/\\\/www.eldigitaldeasturias.com\\\/noticias\\\/andalucia-ha-reducido-en-42-puntos-la-tasa-de-abandono-educativo-temprano\\\/#listItem\",\"name\":\"Andaluc\\u00eda ha reducido en 4,2 puntos la tasa de abandono educativo temprano\"},\"previousItem\":{\"@type\":\"ListItem\",\"@id\":\"https:\\\/\\\/www.eldigitaldeasturias.com\\\/noticias#listItem\",\"name\":\"Home\"}},{\"@type\":\"ListItem\",\"@id\":\"https:\\\/\\\/www.eldigitaldeasturias.com\\\/noticias\\\/andalucia-ha-reducido-en-42-puntos-la-tasa-de-abandono-educativo-temprano\\\/#listItem\",\"position\":3,\"name\":\"Andaluc\\u00eda ha reducido en 4,2 puntos la tasa de abandono educativo temprano\",\"previousItem\":{\"@type\":\"ListItem\",\"@id\":\"https:\\\/\\\/www.eldigitaldeasturias.com\\\/noticias\\\/category\\\/actualidad\\\/#listItem\",\"name\":\"Actualidad\"}}]},{\"@type\":\"Organization\",\"@id\":\"https:\\\/\\\/www.eldigitaldeasturias.com\\\/noticias\\\/#organization\",\"name\":\"El Digital de Asturias\",\"description\":\"Hemeroteca\",\"url\":\"https:\\\/\\\/www.eldigitaldeasturias.com\\\/noticias\\\/\",\"email\":\"info@eldigitaldeasturias.com\",\"telephone\":\"+34652131393\",\"logo\":{\"@type\":\"ImageObject\",\"url\":\"https:\\\/\\\/www.eldigitaldeasturias.com\\\/noticias\\\/wp-content\\\/uploads\\\/2020\\\/12\\\/EDA.jpg\",\"@id\":\"https:\\\/\\\/www.eldigitaldeasturias.com\\\/noticias\\\/andalucia-ha-reducido-en-42-puntos-la-tasa-de-abandono-educativo-temprano\\\/#organizationLogo\"},\"image\":{\"@id\":\"https:\\\/\\\/www.eldigitaldeasturias.com\\\/noticias\\\/andalucia-ha-reducido-en-42-puntos-la-tasa-de-abandono-educativo-temprano\\\/#organizationLogo\"},\"sameAs\":[\"https:\\\/\\\/facebook.com\\\/eldigitaldeasturias\",\"https:\\\/\\\/www.youtube.com\\\/channel\\\/UCZP-2wLEB9Rv6erhFmqVnvg\"],\"address\":{\"@id\":\"https:\\\/\\\/www.eldigitaldeasturias.com\\\/noticias\\\/#postaladdress\",\"@type\":\"PostalAddress\",\"streetAddress\":\"san antonio 4\",\"postalCode\":\"33430\",\"addressLocality\":\"Cand\\u00e1s\",\"addressRegion\":\"Asturias\",\"addressCountry\":\"ES\"}},{\"@type\":\"Person\",\"@id\":\"https:\\\/\\\/www.eldigitaldeasturias.com\\\/noticias\\\/author\\\/admin\\\/#author\",\"url\":\"https:\\\/\\\/www.eldigitaldeasturias.com\\\/noticias\\\/author\\\/admin\\\/\",\"name\":\"El Digital de Asturias\",\"image\":{\"@type\":\"ImageObject\",\"@id\":\"https:\\\/\\\/www.eldigitaldeasturias.com\\\/noticias\\\/andalucia-ha-reducido-en-42-puntos-la-tasa-de-abandono-educativo-temprano\\\/#authorImage\",\"url\":\"https:\\\/\\\/secure.gravatar.com\\\/avatar\\\/df2aeffc32bcd13f8d26072ef8a91b623d677766deac7f97ca815868cd41bf5e?s=96&d=mm&r=g\",\"width\":96,\"height\":96,\"caption\":\"El Digital de Asturias\"}},{\"@type\":\"WebPage\",\"@id\":\"https:\\\/\\\/www.eldigitaldeasturias.com\\\/noticias\\\/andalucia-ha-reducido-en-42-puntos-la-tasa-de-abandono-educativo-temprano\\\/#webpage\",\"url\":\"https:\\\/\\\/www.eldigitaldeasturias.com\\\/noticias\\\/andalucia-ha-reducido-en-42-puntos-la-tasa-de-abandono-educativo-temprano\\\/\",\"name\":\"Andaluc\\u00eda ha reducido en 4,2 puntos la tasa de abandono educativo temprano - El Digital de Asturias\",\"description\":\"Andaluc\\u00eda ha reducido en 4,2 puntos la tasa de abandono educativo temprano entre la poblaci\\u00f3n de 18 a 24 a\\u00f1os durante los \\u00faltimos cuatro a\\u00f1os, descenso superior a la media del resto de comunidades que se sit\\u00faa en 3,7 puntos. Para la consejera de Educaci\\u00f3n, Sonia Gaya, estos datos vienen a confirmar \\\"la evidente apuesta\",\"inLanguage\":\"es-ES\",\"isPartOf\":{\"@id\":\"https:\\\/\\\/www.eldigitaldeasturias.com\\\/noticias\\\/#website\"},\"breadcrumb\":{\"@id\":\"https:\\\/\\\/www.eldigitaldeasturias.com\\\/noticias\\\/andalucia-ha-reducido-en-42-puntos-la-tasa-de-abandono-educativo-temprano\\\/#breadcrumblist\"},\"author\":{\"@id\":\"https:\\\/\\\/www.eldigitaldeasturias.com\\\/noticias\\\/author\\\/admin\\\/#author\"},\"creator\":{\"@id\":\"https:\\\/\\\/www.eldigitaldeasturias.com\\\/noticias\\\/author\\\/admin\\\/#author\"},\"image\":{\"@type\":\"ImageObject\",\"url\":786967,\"@id\":\"https:\\\/\\\/www.eldigitaldeasturias.com\\\/noticias\\\/andalucia-ha-reducido-en-42-puntos-la-tasa-de-abandono-educativo-temprano\\\/#mainImage\"},\"primaryImageOfPage\":{\"@id\":\"https:\\\/\\\/www.eldigitaldeasturias.com\\\/noticias\\\/andalucia-ha-reducido-en-42-puntos-la-tasa-de-abandono-educativo-temprano\\\/#mainImage\"},\"datePublished\":\"2017-08-01T09:32:18+02:00\",\"dateModified\":\"2017-08-01T09:32:18+02:00\"},{\"@type\":\"WebSite\",\"@id\":\"https:\\\/\\\/www.eldigitaldeasturias.com\\\/noticias\\\/#website\",\"url\":\"https:\\\/\\\/www.eldigitaldeasturias.com\\\/noticias\\\/\",\"name\":\"El Digital de Asturias - Diario de actualidad y noticias\",\"alternateName\":\"El Digital de Asturias - Diario de actualidad y noticias\",\"description\":\"Hemeroteca\",\"inLanguage\":\"es-ES\",\"publisher\":{\"@id\":\"https:\\\/\\\/www.eldigitaldeasturias.com\\\/noticias\\\/#organization\"}}]}\n\t\t<\/script>\n\t\t<!-- All in One SEO Pro -->\r\n\t\t<title>Andaluc\u00eda ha reducido en 4,2 puntos la tasa de abandono educativo temprano - El Digital de Asturias<\/title>\n\n","aioseo_head_json":{"title":"Andaluc\u00eda ha reducido en 4,2 puntos la tasa de abandono educativo temprano - El Digital de Asturias","description":"Andaluc\u00eda ha reducido en 4,2 puntos la tasa de abandono educativo temprano entre la poblaci\u00f3n de 18 a 24 a\u00f1os durante los \u00faltimos cuatro a\u00f1os, descenso superior a la media del resto de comunidades que se sit\u00faa en 3,7 puntos. Para la consejera de Educaci\u00f3n, Sonia Gaya, estos datos vienen a confirmar \"la evidente apuesta","canonical_url":"https:\/\/www.eldigitaldeasturias.com\/noticias\/andalucia-ha-reducido-en-42-puntos-la-tasa-de-abandono-educativo-temprano\/","robots":"max-image-preview:large","keywords":"actualidad","webmasterTools":{"google-site-verification":"UA-38556648-1","msvalidate.01":"7dfe9f3f1b24437ab69f4f2559babe99","miscellaneous":""},"schema":{"@context":"https:\/\/schema.org","@graph":[{"@type":"BlogPosting","@id":"https:\/\/www.eldigitaldeasturias.com\/noticias\/andalucia-ha-reducido-en-42-puntos-la-tasa-de-abandono-educativo-temprano\/#blogposting","name":"Andaluc\u00eda ha reducido en 4,2 puntos la tasa de abandono educativo temprano - El Digital de Asturias","headline":"Andaluc\u00eda ha reducido en 4,2 puntos la tasa de abandono educativo temprano","author":{"@id":"https:\/\/www.eldigitaldeasturias.com\/noticias\/author\/admin\/#author"},"publisher":{"@id":"https:\/\/www.eldigitaldeasturias.com\/noticias\/#organization"},"image":{"@type":"ImageObject","url":786967},"datePublished":"2017-08-01T09:32:18+02:00","dateModified":"2017-08-01T09:32:18+02:00","inLanguage":"es-ES","mainEntityOfPage":{"@id":"https:\/\/www.eldigitaldeasturias.com\/noticias\/andalucia-ha-reducido-en-42-puntos-la-tasa-de-abandono-educativo-temprano\/#webpage"},"isPartOf":{"@id":"https:\/\/www.eldigitaldeasturias.com\/noticias\/andalucia-ha-reducido-en-42-puntos-la-tasa-de-abandono-educativo-temprano\/#webpage"},"articleSection":"Actualidad"},{"@type":"BreadcrumbList","@id":"https:\/\/www.eldigitaldeasturias.com\/noticias\/andalucia-ha-reducido-en-42-puntos-la-tasa-de-abandono-educativo-temprano\/#breadcrumblist","itemListElement":[{"@type":"ListItem","@id":"https:\/\/www.eldigitaldeasturias.com\/noticias#listItem","position":1,"name":"Home","item":"https:\/\/www.eldigitaldeasturias.com\/noticias","nextItem":{"@type":"ListItem","@id":"https:\/\/www.eldigitaldeasturias.com\/noticias\/category\/actualidad\/#listItem","name":"Actualidad"}},{"@type":"ListItem","@id":"https:\/\/www.eldigitaldeasturias.com\/noticias\/category\/actualidad\/#listItem","position":2,"name":"Actualidad","item":"https:\/\/www.eldigitaldeasturias.com\/noticias\/category\/actualidad\/","nextItem":{"@type":"ListItem","@id":"https:\/\/www.eldigitaldeasturias.com\/noticias\/andalucia-ha-reducido-en-42-puntos-la-tasa-de-abandono-educativo-temprano\/#listItem","name":"Andaluc\u00eda ha reducido en 4,2 puntos la tasa de abandono educativo temprano"},"previousItem":{"@type":"ListItem","@id":"https:\/\/www.eldigitaldeasturias.com\/noticias#listItem","name":"Home"}},{"@type":"ListItem","@id":"https:\/\/www.eldigitaldeasturias.com\/noticias\/andalucia-ha-reducido-en-42-puntos-la-tasa-de-abandono-educativo-temprano\/#listItem","position":3,"name":"Andaluc\u00eda ha reducido en 4,2 puntos la tasa de abandono educativo temprano","previousItem":{"@type":"ListItem","@id":"https:\/\/www.eldigitaldeasturias.com\/noticias\/category\/actualidad\/#listItem","name":"Actualidad"}}]},{"@type":"Organization","@id":"https:\/\/www.eldigitaldeasturias.com\/noticias\/#organization","name":"El Digital de Asturias","description":"Hemeroteca","url":"https:\/\/www.eldigitaldeasturias.com\/noticias\/","email":"info@eldigitaldeasturias.com","telephone":"+34652131393","logo":{"@type":"ImageObject","url":"https:\/\/www.eldigitaldeasturias.com\/noticias\/wp-content\/uploads\/2020\/12\/EDA.jpg","@id":"https:\/\/www.eldigitaldeasturias.com\/noticias\/andalucia-ha-reducido-en-42-puntos-la-tasa-de-abandono-educativo-temprano\/#organizationLogo"},"image":{"@id":"https:\/\/www.eldigitaldeasturias.com\/noticias\/andalucia-ha-reducido-en-42-puntos-la-tasa-de-abandono-educativo-temprano\/#organizationLogo"},"sameAs":["https:\/\/facebook.com\/eldigitaldeasturias","https:\/\/www.youtube.com\/channel\/UCZP-2wLEB9Rv6erhFmqVnvg"],"address":{"@id":"https:\/\/www.eldigitaldeasturias.com\/noticias\/#postaladdress","@type":"PostalAddress","streetAddress":"san antonio 4","postalCode":"33430","addressLocality":"Cand\u00e1s","addressRegion":"Asturias","addressCountry":"ES"}},{"@type":"Person","@id":"https:\/\/www.eldigitaldeasturias.com\/noticias\/author\/admin\/#author","url":"https:\/\/www.eldigitaldeasturias.com\/noticias\/author\/admin\/","name":"El Digital de Asturias","image":{"@type":"ImageObject","@id":"https:\/\/www.eldigitaldeasturias.com\/noticias\/andalucia-ha-reducido-en-42-puntos-la-tasa-de-abandono-educativo-temprano\/#authorImage","url":"https:\/\/secure.gravatar.com\/avatar\/df2aeffc32bcd13f8d26072ef8a91b623d677766deac7f97ca815868cd41bf5e?s=96&d=mm&r=g","width":96,"height":96,"caption":"El Digital de Asturias"}},{"@type":"WebPage","@id":"https:\/\/www.eldigitaldeasturias.com\/noticias\/andalucia-ha-reducido-en-42-puntos-la-tasa-de-abandono-educativo-temprano\/#webpage","url":"https:\/\/www.eldigitaldeasturias.com\/noticias\/andalucia-ha-reducido-en-42-puntos-la-tasa-de-abandono-educativo-temprano\/","name":"Andaluc\u00eda ha reducido en 4,2 puntos la tasa de abandono educativo temprano - El Digital de Asturias","description":"Andaluc\u00eda ha reducido en 4,2 puntos la tasa de abandono educativo temprano entre la poblaci\u00f3n de 18 a 24 a\u00f1os durante los \u00faltimos cuatro a\u00f1os, descenso superior a la media del resto de comunidades que se sit\u00faa en 3,7 puntos. Para la consejera de Educaci\u00f3n, Sonia Gaya, estos datos vienen a confirmar \"la evidente apuesta","inLanguage":"es-ES","isPartOf":{"@id":"https:\/\/www.eldigitaldeasturias.com\/noticias\/#website"},"breadcrumb":{"@id":"https:\/\/www.eldigitaldeasturias.com\/noticias\/andalucia-ha-reducido-en-42-puntos-la-tasa-de-abandono-educativo-temprano\/#breadcrumblist"},"author":{"@id":"https:\/\/www.eldigitaldeasturias.com\/noticias\/author\/admin\/#author"},"creator":{"@id":"https:\/\/www.eldigitaldeasturias.com\/noticias\/author\/admin\/#author"},"image":{"@type":"ImageObject","url":786967,"@id":"https:\/\/www.eldigitaldeasturias.com\/noticias\/andalucia-ha-reducido-en-42-puntos-la-tasa-de-abandono-educativo-temprano\/#mainImage"},"primaryImageOfPage":{"@id":"https:\/\/www.eldigitaldeasturias.com\/noticias\/andalucia-ha-reducido-en-42-puntos-la-tasa-de-abandono-educativo-temprano\/#mainImage"},"datePublished":"2017-08-01T09:32:18+02:00","dateModified":"2017-08-01T09:32:18+02:00"},{"@type":"WebSite","@id":"https:\/\/www.eldigitaldeasturias.com\/noticias\/#website","url":"https:\/\/www.eldigitaldeasturias.com\/noticias\/","name":"El Digital de Asturias - Diario de actualidad y noticias","alternateName":"El Digital de Asturias - Diario de actualidad y noticias","description":"Hemeroteca","inLanguage":"es-ES","publisher":{"@id":"https:\/\/www.eldigitaldeasturias.com\/noticias\/#organization"}}]},"og:locale":"es_ES","og:site_name":"El Digital de Asturias","og:type":"article","og:title":"Andaluc\u00eda ha reducido en 4,2 puntos la tasa de abandono educativo temprano - El Digital de Asturias","og:description":"Andaluc\u00eda ha reducido en 4,2 puntos la tasa de abandono educativo temprano entre la poblaci\u00f3n de 18 a 24 a\u00f1os durante los \u00faltimos cuatro a\u00f1os, descenso superior a la media del resto de comunidades que se sit\u00faa en 3,7 puntos. Para la consejera de Educaci\u00f3n, Sonia Gaya, estos datos vienen a confirmar &quot;la evidente apuesta","og:url":"https:\/\/www.eldigitaldeasturias.com\/noticias\/andalucia-ha-reducido-en-42-puntos-la-tasa-de-abandono-educativo-temprano\/","article:tag":["actualidad"],"article:published_time":"2017-08-01T09:32:18+00:00","article:modified_time":"2017-08-01T09:32:18+00:00","article:publisher":"https:\/\/facebook.com\/eldigitaldeasturias","twitter:card":"summary_large_image","twitter:title":"Andaluc\u00eda ha reducido en 4,2 puntos la tasa de abandono educativo temprano - El Digital de Asturias","twitter:description":"Andaluc\u00eda ha reducido en 4,2 puntos la tasa de abandono educativo temprano entre la poblaci\u00f3n de 18 a 24 a\u00f1os durante los \u00faltimos cuatro a\u00f1os, descenso superior a la media del resto de comunidades que se sit\u00faa en 3,7 puntos. Para la consejera de Educaci\u00f3n, Sonia Gaya, estos datos vienen a confirmar &quot;la evidente apuesta","twitter:image":"https:\/\/www.eldigitaldeasturias.com\/noticias\/wp-content\/uploads\/2020\/12\/EDA-1.jpg","twitter:label1":"Escrito por","twitter:data1":"El Digital de Asturias","twitter:label2":"Tiempo de lectura estimado","twitter:data2":"1 minuto"},"aioseo_meta_data":{"post_id":"948271","title":null,"description":null,"keywords":null,"keyphrases":null,"primary_term":null,"canonical_url":null,"og_title":null,"og_description":null,"og_object_type":"default","og_image_type":"default","og_image_url":null,"og_image_width":null,"og_image_height":null,"og_image_custom_url":null,"og_image_custom_fields":null,"og_video":null,"og_custom_url":null,"og_article_section":null,"og_article_tags":null,"twitter_use_og":false,"twitter_card":"default","twitter_image_type":"default","twitter_image_url":null,"twitter_image_custom_url":null,"twitter_image_custom_fields":null,"twitter_title":null,"twitter_description":null,"schema":{"blockGraphs":[],"customGraphs":[],"default":{"data":{"Article":[],"Course":[],"Dataset":[],"FAQPage":[],"Movie":[],"Person":[],"Product":[],"ProductReview":[],"Car":[],"Recipe":[],"Service":[],"SoftwareApplication":[],"WebPage":[]},"graphName":"","isEnabled":true},"graphs":[],"defaultGraph":"","defaultPostTypeGraph":""},"schema_type":null,"schema_type_options":null,"pillar_content":false,"robots_default":true,"robots_noindex":false,"robots_noarchive":false,"robots_nosnippet":false,"robots_nofollow":false,"robots_noimageindex":false,"robots_noodp":false,"robots_notranslate":false,"robots_max_snippet":null,"robots_max_videopreview":null,"robots_max_imagepreview":"large","priority":null,"frequency":null,"local_seo":null,"seo_analyzer_scan_date":"2025-12-05 08:02:25","breadcrumb_settings":null,"limit_modified_date":false,"open_ai":null,"ai":null,"created":"2020-12-21 13:05:41","updated":"2025-12-05 08:02:25","focus_keyword":null,"additional_keywords":null,"truseo_locale":null},"aioseo_breadcrumb":"<div class=\"aioseo-breadcrumbs\"><span class=\"aioseo-breadcrumb\">\n\t<a href=\"https:\/\/www.eldigitaldeasturias.com\/noticias\" title=\"Home\">Home<\/a>\n<\/span><span class=\"aioseo-breadcrumb-separator\">\u2013<\/span><span class=\"aioseo-breadcrumb\">\n\t<a href=\"https:\/\/www.eldigitaldeasturias.com\/noticias\/category\/actualidad\/\" title=\"Actualidad\">Actualidad<\/a>\n<\/span><span class=\"aioseo-breadcrumb-separator\">\u2013<\/span><span class=\"aioseo-breadcrumb\">\n\t<a href=\"https:\/\/www.eldigitaldeasturias.com\/noticias\/andalucia-ha-reducido-en-42-puntos-la-tasa-de-abandono-educativo-temprano\/\" title=\"Andaluc\u00eda ha reducido en 4,2 puntos la tasa de abandono educativo temprano\">Andaluc\u00eda ha reducido en 4,2 puntos la tasa de abandono educativo temprano<\/a>\n<\/span><\/div>","aioseo_breadcrumb_json":[{"label":"Home","link":"https:\/\/www.eldigitaldeasturias.com\/noticias"},{"label":"Actualidad","link":"https:\/\/www.eldigitaldeasturias.com\/noticias\/category\/actualidad\/"},{"label":"Andaluc\u00eda ha reducido en 4,2 puntos la tasa de abandono educativo temprano","link":"https:\/\/www.eldigitaldeasturias.com\/noticias\/andalucia-ha-reducido-en-42-puntos-la-tasa-de-abandono-educativo-temprano\/"}],"_links":{"self":[{"href":"https:\/\/www.eldigitaldeasturias.com\/noticias\/wp-json\/wp\/v2\/posts\/948271","targetHints":{"allow":["GET"]}}],"collection":[{"href":"https:\/\/www.eldigitaldeasturias.com\/noticias\/wp-json\/wp\/v2\/posts"}],"about":[{"href":"https:\/\/www.eldigitaldeasturias.com\/noticias\/wp-json\/wp\/v2\/types\/post"}],"author":[{"embeddable":true,"href":"https:\/\/www.eldigitaldeasturias.com\/noticias\/wp-json\/wp\/v2\/users\/1"}],"replies":[{"embeddable":true,"href":"https:\/\/www.eldigitaldeasturias.com\/noticias\/wp-json\/wp\/v2\/comments?post=948271"}],"version-history":[{"count":0,"href":"https:\/\/www.eldigitaldeasturias.com\/noticias\/wp-json\/wp\/v2\/posts\/948271\/revisions"}],"wp:attachment":[{"href":"https:\/\/www.eldigitaldeasturias.com\/noticias\/wp-json\/wp\/v2\/media?parent=948271"}],"wp:term":[{"taxonomy":"category","embeddable":true,"href":"https:\/\/www.eldigitaldeasturias.com\/noticias\/wp-json\/wp\/v2\/categories?post=948271"},{"taxonomy":"post_tag","embeddable":true,"href":"https:\/\/www.eldigitaldeasturias.com\/noticias\/wp-json\/wp\/v2\/tags?post=948271"}],"curies":[{"name":"wp","href":"https:\/\/api.w.org\/{rel}","templated":true}]}}