{"id":948265,"date":"2017-08-01T09:27:42","date_gmt":"2017-08-01T09:27:42","guid":{"rendered":"http:\/\/www.eldigitaldeasturias.com\/noticias\/?p=948265"},"modified":"2017-08-01T09:27:42","modified_gmt":"2017-08-01T09:27:42","slug":"las-ultimas-obras-del-centro-de-salud-bola-de-oro-de-granada-se-licitaran-este-ano","status":"publish","type":"post","link":"https:\/\/www.eldigitaldeasturias.com\/noticias\/las-ultimas-obras-del-centro-de-salud-bola-de-oro-de-granada-se-licitaran-este-ano\/","title":{"rendered":"Las \u00faltimas obras del centro de salud Bola de Oro de Granada se licitar\u00e1n este a\u00f1o"},"content":{"rendered":"<p><img loading=\"lazy\" decoding=\"async\" class=\"alignleft size-medium wp-image-948266\" src=\"https:\/\/www.eldigitaldeasturias.com\/noticias\/wp-content\/uploads\/2017\/08\/1501514852040-360x240.jpg\" alt=\"\" width=\"360\" height=\"240\" \/>La Junta de Andaluc\u00eda reanudar\u00e1 las obras de terminaci\u00f3n del centro de salud Bola de Oro de Granada. As\u00ed se lo ha trasladado la consejera de Salud, Marina \u00c1lvarez, al alcalde de la ciudad, Francisco Cuenca, en una reuni\u00f3n que se ha celebrado en el Ayuntamiento y a la que tambi\u00e9n han asistido la delegada del Gobierno, Sandra Garc\u00eda, la directora gerente del Servicio Andaluz de Salud (SAS), Francisca Ant\u00f3n y el delegado territorial de Igualdad, Salud y Pol\u00edticas Sociales, Higinio Almagro.<\/p>\n<p>\u00c1lvarez ha manifestado que la Administraci\u00f3n sanitaria ha mantenido en todo momento su compromiso con la puesta en marcha de este centro, cuyas obras de terminaci\u00f3n se licitar\u00e1n en el \u00faltimo trimestre de este a\u00f1o. La previsi\u00f3n es que estas obras, con un periodo de ejecuci\u00f3n de 16 meses, se adjudiquen en el primer trimestre de 2018, por lo que finalizar\u00edan en el tercer trimestre de 2019. La consejera ha subrayado que \u00abapostamos firmemente por el desarrollo de los servicios de Atenci\u00f3n Primaria y este hecho es una muestra m\u00e1s de la decisi\u00f3n del Gobierno andaluz por posicionarla en el centro de nuestras actuaciones\u00bb.<\/p>\n<p>Las obras de esta nueva infraestructura sanitaria para la ciudad, que supondr\u00e1n para el Gobierno andaluz una inversi\u00f3n total de 2,6 millones de euros, se encuentran en estos momentos en el 29% de ejecuci\u00f3n. El centro de salud Bola de Oro beneficiar\u00e1 a 16.000 granadinos que actualmente reciben atenci\u00f3n sanitaria en los centros de salud de Mirasierra y G\u00f3ngora, por lo que mejorar\u00e1 la calidad de la atenci\u00f3n sanitaria que se presta, contando con la cartera de servicios completa de atenci\u00f3n primaria y facilitando espacios confortables, di\u00e1fanos y espec\u00edficos tanto para la poblaci\u00f3n adulta como la pedi\u00e1trica.<\/p>\n<p><strong>Avances en el nuevo modelo hospitalario<\/strong><\/p>\n<p>Durante la reuni\u00f3n, la titular de Salud tambi\u00e9n ha abordado la reordenaci\u00f3n hospitalaria que est\u00e1 teniendo lugar en la ciudad, analizando los pasos dados para que Granada tenga dos hospitales completos con urgencias finalistas, cumpliendo con el acuerdo alcanzado con las Plataformas en Defensa de la Sanidad P\u00fablica de Granada el 7 de febrero. Seg\u00fan la consejera, se ha trabajado \u00absin descanso y se est\u00e1 agilizando todo lo posible\u00bb el proceso, que ha exigido un fase intensa de reuniones, di\u00e1logo y planificaci\u00f3n, tanto con las plataformas, como con las organizaciones sindicales, los colegios profesionales, la junta de personal, la junta de enfermer\u00eda, la junta facultativa, los profesionales, la Mesa Sectorial de Sanidad y los diferentes grupos de trabajo creados. Asimismo, la implicaci\u00f3n y colaboraci\u00f3n de las asociaciones de pacientes tambi\u00e9n han sido fundamentales en todos estos meses.<\/p>\n<p>En este sentido, ha manifestado que \u00abestamos en la recta final\u00bb del proceso y que \u00abes importante que trabajemos de la mano, que avancemos unidos intentando que la infraestructura, la tecnolog\u00eda y las instalaciones con la que cuenta Granada sirvan para dar beneficio a los ciudadanos\u00bb. En concreto, ha insistido en la necesidad de transmitir que \u00abantes de final de a\u00f1o este trabajo tendr\u00e1 impacto en los resultados de salud de la poblaci\u00f3n de Granada\u00bb.<\/p>\n<p>De este modo, ha recordado que la Orden que derogaba la fusi\u00f3n hospitalaria se public\u00f3 en el Bolet\u00edn Oficial de la Junta de Andaluc\u00eda (BOJA) el 27de febrero, es decir, en menos de un mes tras la firma del acuerdo y tras la celebraci\u00f3n de dos reuniones de Mesa Sectorial, cumpliendo con uno de los puntos del acuerdo, que hablaba de \u00abm\u00e1xima urgencia\u00bb. Dicha Orden recoge, tal cual se acord\u00f3, el establecimiento de dos \u00e1reas hospitalarias en Granada que se correspondan con las \u00e1reas hospitalarias que eran de referencia para la poblaci\u00f3n granadina, la del Hospital Cl\u00ednico San Cecilio y la del Hospital Virgen de las Nieves, respectivamente. Tanto una como otra cuentan con un director gerente y equipos directivos diferentes. Igualmente, se est\u00e1 asegurando la disponibilidad presupuestaria para la vuelta a los dos hospitales, tanto en materia de personal como en la actualizaci\u00f3n de equipos y estructuras f\u00edsicas.<\/p>\n<p>El dise\u00f1o final del nuevo modelo hospitalario, que deb\u00eda asegurar como escenario de partida las carteras de servicios diferenciadas y urgencias finalistas de los dos hospitales de la ciudad antes de la fusi\u00f3n, se consigui\u00f3 cerrar tambi\u00e9n en los plazos acordados de entre cuatro y seis semanas.<\/p>\n<p>La redistribuci\u00f3n de profesionales y los criterios para este proceso se han negociado en diferentes reuniones de Mesa Sectorial y tambi\u00e9n de la mano de los sindicatos presentes en las juntas de personal de ambos hospitales para asegurar que no tengan menoscabo alguno en las condiciones esenciales de trabajo y econ\u00f3micas, seg\u00fan ha matizado la consejera, explicando que se est\u00e1 en la \u00faltima fase de este proceso para el que se ha acordado como fecha para hacer efectiva la adscripci\u00f3n el 1 de octubre. De hecho, el 31 de julio est\u00e1 prevista la publicaci\u00f3n del listado definitivo de adscripci\u00f3n directa de los profesionales, recogi\u00e9ndose las puntuaciones de los profesionales sin adscripci\u00f3n directa.<\/p>\n<p>Por \u00faltimo, en este tiempo se han licitado y adjudicado los contratos de las obras necesarias de mayor envergadura y coste, con un presupuesto de 6,5 millones de euros. Han sido igualmente precisas otras actuaciones y obras menores para ir llevando a cabo los traslados que se han realizado hasta el momento. Del mismo modo, la adjudicaci\u00f3n de los equipamientos que completar\u00e1n el parque tecnol\u00f3gico de ambos hospitales, con un presupuesto de algo m\u00e1s de un mill\u00f3n de euros, est\u00e1 pr\u00f3xima a realizarse. En agosto se formalizar\u00e1n todos los contratos, empez\u00e1ndose inmediatamente despu\u00e9s las obras y la incorporaci\u00f3n de los nuevos equipos.<\/p>\n<p>Marina \u00c1lvarez ha insistido en que era necesario acometer estas obras y adquirir estos nuevos equipamientos para dar respuesta a lo planteado por los diferentes profesionales de cada servicio para una separaci\u00f3n que garantice la equidad, la seguridad y la calidad de la atenci\u00f3n. De todo ello se ha ido informando a los responsables de las plataformas ciudadanas y organizaciones sindicales. La Ley de Contratos de las Administraciones P\u00fablicas determina c\u00f3mo deben realizarse las licitaciones y adjudicaciones, a la vez que los plazos para ello, por lo que \u00abson tiempos inevitables pero necesarios para garantizar la seguridad jur\u00eddica de su tramitaci\u00f3n\u00bb. En este sentido, ha insistido en que para estas adjudicaciones se ha usado la f\u00f3rmula del Acuerdo Marco, prevista en la normativa vigente, para acelerar a\u00fan m\u00e1s los tiempos.<\/p>\n<p>Paralelamente, se ha seguido con la separaci\u00f3n de los servicios y el traslado de los mismos de acuerdo al dise\u00f1o del nuevo modelo hospitalario configurado entre Administraci\u00f3n sanitaria y plataformas ciudadanas con la implicaci\u00f3n de los profesionales y los colegios profesionales. Con todo ello, la consejera se ha comprometido a acelerar todo lo posible los plazos del cronograma que las direcciones gerencias de ambos hospitales han comunicado a las plataformas ciudadanas y profesionales, que tiene como fecha m\u00e1xima para la separaci\u00f3n f\u00edsica de la totalidad de los servicios marzo del pr\u00f3ximo a\u00f1o.<\/p>\n<p>&nbsp;<\/p>\n","protected":false},"excerpt":{"rendered":"<p>La Junta de Andaluc\u00eda reanudar\u00e1 las obras de terminaci\u00f3n del centro de salud Bola de Oro de Granada. As\u00ed se lo ha trasladado la consejera de Salud, Marina \u00c1lvarez, al alcalde de la ciudad, Francisco Cuenca, en una reuni\u00f3n que se ha celebrado en el Ayuntamiento y a la que tambi\u00e9n han asistido la delegada [&hellip;]<\/p>\n","protected":false},"author":1,"featured_media":948266,"comment_status":"closed","ping_status":"closed","sticky":false,"template":"","format":"standard","meta":{"footnotes":""},"categories":[1],"tags":[],"class_list":["post-948265","post","type-post","status-publish","format-standard","has-post-thumbnail","hentry","category-actualidad"],"aioseo_notices":[],"aioseo_head":"\n\t\t<!-- All in One SEO Pro 5.0.1 - aioseo.com -->\n\t<meta name=\"description\" content=\"La Junta de Andaluc\u00eda reanudar\u00e1 las obras de terminaci\u00f3n del centro de salud Bola de Oro de Granada. As\u00ed se lo ha trasladado la consejera de Salud, Marina \u00c1lvarez, al alcalde de la ciudad, Francisco Cuenca, en una reuni\u00f3n que se ha celebrado en el Ayuntamiento y a la que tambi\u00e9n han asistido la delegada\" \/>\n\t<meta name=\"robots\" content=\"max-image-preview:large\" \/>\n\t<meta name=\"author\" content=\"El Digital de Asturias\"\/>\n\t<meta name=\"google-site-verification\" content=\"UA-38556648-1\" \/>\n\t<meta name=\"msvalidate.01\" content=\"7dfe9f3f1b24437ab69f4f2559babe99\" \/>\n\t<meta name=\"keywords\" content=\"actualidad\" \/>\n\t<link rel=\"canonical\" href=\"https:\/\/www.eldigitaldeasturias.com\/noticias\/las-ultimas-obras-del-centro-de-salud-bola-de-oro-de-granada-se-licitaran-este-ano\/\" \/>\n\t<meta name=\"generator\" content=\"All in One SEO Pro (AIOSEO) 5.0.1\" \/>\n\t\t<meta property=\"og:locale\" content=\"es_ES\" \/>\n\t\t<meta property=\"og:site_name\" content=\"El Digital de Asturias\" \/>\n\t\t<meta property=\"og:type\" content=\"article\" \/>\n\t\t<meta property=\"og:title\" content=\"Las \u00faltimas obras del centro de salud Bola de Oro de Granada se licitar\u00e1n este a\u00f1o - El Digital de Asturias\" \/>\n\t\t<meta property=\"og:description\" content=\"La Junta de Andaluc\u00eda reanudar\u00e1 las obras de terminaci\u00f3n del centro de salud Bola de Oro de Granada. As\u00ed se lo ha trasladado la consejera de Salud, Marina \u00c1lvarez, al alcalde de la ciudad, Francisco Cuenca, en una reuni\u00f3n que se ha celebrado en el Ayuntamiento y a la que tambi\u00e9n han asistido la delegada\" \/>\n\t\t<meta property=\"og:url\" content=\"https:\/\/www.eldigitaldeasturias.com\/noticias\/las-ultimas-obras-del-centro-de-salud-bola-de-oro-de-granada-se-licitaran-este-ano\/\" \/>\n\t\t<meta property=\"article:tag\" content=\"actualidad\" \/>\n\t\t<meta property=\"article:published_time\" content=\"2017-08-01T09:27:42+00:00\" \/>\n\t\t<meta property=\"article:modified_time\" content=\"2017-08-01T09:27:42+00:00\" \/>\n\t\t<meta property=\"article:publisher\" content=\"https:\/\/facebook.com\/eldigitaldeasturias\" \/>\n\t\t<meta name=\"twitter:card\" content=\"summary_large_image\" \/>\n\t\t<meta name=\"twitter:title\" content=\"Las \u00faltimas obras del centro de salud Bola de Oro de Granada se licitar\u00e1n este a\u00f1o - El Digital de Asturias\" \/>\n\t\t<meta name=\"twitter:description\" content=\"La Junta de Andaluc\u00eda reanudar\u00e1 las obras de terminaci\u00f3n del centro de salud Bola de Oro de Granada. As\u00ed se lo ha trasladado la consejera de Salud, Marina \u00c1lvarez, al alcalde de la ciudad, Francisco Cuenca, en una reuni\u00f3n que se ha celebrado en el Ayuntamiento y a la que tambi\u00e9n han asistido la delegada\" \/>\n\t\t<meta name=\"twitter:image\" content=\"https:\/\/www.eldigitaldeasturias.com\/noticias\/wp-content\/uploads\/2020\/12\/EDA-1.jpg\" \/>\n\t\t<meta name=\"twitter:label1\" content=\"Escrito por\" \/>\n\t\t<meta name=\"twitter:data1\" content=\"El Digital de Asturias\" \/>\n\t\t<meta name=\"twitter:label2\" content=\"Tiempo de lectura estimado\" \/>\n\t\t<meta name=\"twitter:data2\" content=\"6 minutos\" \/>\n\t\t<script type=\"application\/ld+json\" class=\"aioseo-schema\">\n\t\t\t{\"@context\":\"https:\\\/\\\/schema.org\",\"@graph\":[{\"@type\":\"BlogPosting\",\"@id\":\"https:\\\/\\\/www.eldigitaldeasturias.com\\\/noticias\\\/las-ultimas-obras-del-centro-de-salud-bola-de-oro-de-granada-se-licitaran-este-ano\\\/#blogposting\",\"name\":\"Las \\u00faltimas obras del centro de salud Bola de Oro de Granada se licitar\\u00e1n este a\\u00f1o - El Digital de Asturias\",\"headline\":\"Las \\u00faltimas obras del centro de salud Bola de Oro de Granada se licitar\\u00e1n este a\\u00f1o\",\"author\":{\"@id\":\"https:\\\/\\\/www.eldigitaldeasturias.com\\\/noticias\\\/author\\\/admin\\\/#author\"},\"publisher\":{\"@id\":\"https:\\\/\\\/www.eldigitaldeasturias.com\\\/noticias\\\/#organization\"},\"image\":{\"@type\":\"ImageObject\",\"url\":948266},\"datePublished\":\"2017-08-01T09:27:42+02:00\",\"dateModified\":\"2017-08-01T09:27:42+02:00\",\"inLanguage\":\"es-ES\",\"mainEntityOfPage\":{\"@id\":\"https:\\\/\\\/www.eldigitaldeasturias.com\\\/noticias\\\/las-ultimas-obras-del-centro-de-salud-bola-de-oro-de-granada-se-licitaran-este-ano\\\/#webpage\"},\"isPartOf\":{\"@id\":\"https:\\\/\\\/www.eldigitaldeasturias.com\\\/noticias\\\/las-ultimas-obras-del-centro-de-salud-bola-de-oro-de-granada-se-licitaran-este-ano\\\/#webpage\"},\"articleSection\":\"Actualidad\"},{\"@type\":\"BreadcrumbList\",\"@id\":\"https:\\\/\\\/www.eldigitaldeasturias.com\\\/noticias\\\/las-ultimas-obras-del-centro-de-salud-bola-de-oro-de-granada-se-licitaran-este-ano\\\/#breadcrumblist\",\"itemListElement\":[{\"@type\":\"ListItem\",\"@id\":\"https:\\\/\\\/www.eldigitaldeasturias.com\\\/noticias#listItem\",\"position\":1,\"name\":\"Home\",\"item\":\"https:\\\/\\\/www.eldigitaldeasturias.com\\\/noticias\",\"nextItem\":{\"@type\":\"ListItem\",\"@id\":\"https:\\\/\\\/www.eldigitaldeasturias.com\\\/noticias\\\/category\\\/actualidad\\\/#listItem\",\"name\":\"Actualidad\"}},{\"@type\":\"ListItem\",\"@id\":\"https:\\\/\\\/www.eldigitaldeasturias.com\\\/noticias\\\/category\\\/actualidad\\\/#listItem\",\"position\":2,\"name\":\"Actualidad\",\"item\":\"https:\\\/\\\/www.eldigitaldeasturias.com\\\/noticias\\\/category\\\/actualidad\\\/\",\"nextItem\":{\"@type\":\"ListItem\",\"@id\":\"https:\\\/\\\/www.eldigitaldeasturias.com\\\/noticias\\\/las-ultimas-obras-del-centro-de-salud-bola-de-oro-de-granada-se-licitaran-este-ano\\\/#listItem\",\"name\":\"Las \\u00faltimas obras del centro de salud Bola de Oro de Granada se licitar\\u00e1n este a\\u00f1o\"},\"previousItem\":{\"@type\":\"ListItem\",\"@id\":\"https:\\\/\\\/www.eldigitaldeasturias.com\\\/noticias#listItem\",\"name\":\"Home\"}},{\"@type\":\"ListItem\",\"@id\":\"https:\\\/\\\/www.eldigitaldeasturias.com\\\/noticias\\\/las-ultimas-obras-del-centro-de-salud-bola-de-oro-de-granada-se-licitaran-este-ano\\\/#listItem\",\"position\":3,\"name\":\"Las \\u00faltimas obras del centro de salud Bola de Oro de Granada se licitar\\u00e1n este a\\u00f1o\",\"previousItem\":{\"@type\":\"ListItem\",\"@id\":\"https:\\\/\\\/www.eldigitaldeasturias.com\\\/noticias\\\/category\\\/actualidad\\\/#listItem\",\"name\":\"Actualidad\"}}]},{\"@type\":\"Organization\",\"@id\":\"https:\\\/\\\/www.eldigitaldeasturias.com\\\/noticias\\\/#organization\",\"name\":\"El Digital de Asturias\",\"description\":\"Hemeroteca\",\"url\":\"https:\\\/\\\/www.eldigitaldeasturias.com\\\/noticias\\\/\",\"email\":\"info@eldigitaldeasturias.com\",\"telephone\":\"+34652131393\",\"logo\":{\"@type\":\"ImageObject\",\"url\":\"https:\\\/\\\/www.eldigitaldeasturias.com\\\/noticias\\\/wp-content\\\/uploads\\\/2020\\\/12\\\/EDA.jpg\",\"@id\":\"https:\\\/\\\/www.eldigitaldeasturias.com\\\/noticias\\\/las-ultimas-obras-del-centro-de-salud-bola-de-oro-de-granada-se-licitaran-este-ano\\\/#organizationLogo\"},\"image\":{\"@id\":\"https:\\\/\\\/www.eldigitaldeasturias.com\\\/noticias\\\/las-ultimas-obras-del-centro-de-salud-bola-de-oro-de-granada-se-licitaran-este-ano\\\/#organizationLogo\"},\"sameAs\":[\"https:\\\/\\\/facebook.com\\\/eldigitaldeasturias\",\"https:\\\/\\\/www.youtube.com\\\/channel\\\/UCZP-2wLEB9Rv6erhFmqVnvg\"],\"address\":{\"@id\":\"https:\\\/\\\/www.eldigitaldeasturias.com\\\/noticias\\\/#postaladdress\",\"@type\":\"PostalAddress\",\"streetAddress\":\"san antonio 4\",\"postalCode\":\"33430\",\"addressLocality\":\"Cand\\u00e1s\",\"addressRegion\":\"Asturias\",\"addressCountry\":\"ES\"}},{\"@type\":\"Person\",\"@id\":\"https:\\\/\\\/www.eldigitaldeasturias.com\\\/noticias\\\/author\\\/admin\\\/#author\",\"url\":\"https:\\\/\\\/www.eldigitaldeasturias.com\\\/noticias\\\/author\\\/admin\\\/\",\"name\":\"El Digital de Asturias\",\"image\":{\"@type\":\"ImageObject\",\"@id\":\"https:\\\/\\\/www.eldigitaldeasturias.com\\\/noticias\\\/las-ultimas-obras-del-centro-de-salud-bola-de-oro-de-granada-se-licitaran-este-ano\\\/#authorImage\",\"url\":\"https:\\\/\\\/secure.gravatar.com\\\/avatar\\\/df2aeffc32bcd13f8d26072ef8a91b623d677766deac7f97ca815868cd41bf5e?s=96&d=mm&r=g\",\"width\":96,\"height\":96,\"caption\":\"El Digital de Asturias\"}},{\"@type\":\"WebPage\",\"@id\":\"https:\\\/\\\/www.eldigitaldeasturias.com\\\/noticias\\\/las-ultimas-obras-del-centro-de-salud-bola-de-oro-de-granada-se-licitaran-este-ano\\\/#webpage\",\"url\":\"https:\\\/\\\/www.eldigitaldeasturias.com\\\/noticias\\\/las-ultimas-obras-del-centro-de-salud-bola-de-oro-de-granada-se-licitaran-este-ano\\\/\",\"name\":\"Las \\u00faltimas obras del centro de salud Bola de Oro de Granada se licitar\\u00e1n este a\\u00f1o - El Digital de Asturias\",\"description\":\"La Junta de Andaluc\\u00eda reanudar\\u00e1 las obras de terminaci\\u00f3n del centro de salud Bola de Oro de Granada. As\\u00ed se lo ha trasladado la consejera de Salud, Marina \\u00c1lvarez, al alcalde de la ciudad, Francisco Cuenca, en una reuni\\u00f3n que se ha celebrado en el Ayuntamiento y a la que tambi\\u00e9n han asistido la delegada\",\"inLanguage\":\"es-ES\",\"isPartOf\":{\"@id\":\"https:\\\/\\\/www.eldigitaldeasturias.com\\\/noticias\\\/#website\"},\"breadcrumb\":{\"@id\":\"https:\\\/\\\/www.eldigitaldeasturias.com\\\/noticias\\\/las-ultimas-obras-del-centro-de-salud-bola-de-oro-de-granada-se-licitaran-este-ano\\\/#breadcrumblist\"},\"author\":{\"@id\":\"https:\\\/\\\/www.eldigitaldeasturias.com\\\/noticias\\\/author\\\/admin\\\/#author\"},\"creator\":{\"@id\":\"https:\\\/\\\/www.eldigitaldeasturias.com\\\/noticias\\\/author\\\/admin\\\/#author\"},\"image\":{\"@type\":\"ImageObject\",\"url\":948266,\"@id\":\"https:\\\/\\\/www.eldigitaldeasturias.com\\\/noticias\\\/las-ultimas-obras-del-centro-de-salud-bola-de-oro-de-granada-se-licitaran-este-ano\\\/#mainImage\"},\"primaryImageOfPage\":{\"@id\":\"https:\\\/\\\/www.eldigitaldeasturias.com\\\/noticias\\\/las-ultimas-obras-del-centro-de-salud-bola-de-oro-de-granada-se-licitaran-este-ano\\\/#mainImage\"},\"datePublished\":\"2017-08-01T09:27:42+02:00\",\"dateModified\":\"2017-08-01T09:27:42+02:00\"},{\"@type\":\"WebSite\",\"@id\":\"https:\\\/\\\/www.eldigitaldeasturias.com\\\/noticias\\\/#website\",\"url\":\"https:\\\/\\\/www.eldigitaldeasturias.com\\\/noticias\\\/\",\"name\":\"El Digital de Asturias - Diario de actualidad y noticias\",\"alternateName\":\"El Digital de Asturias - Diario de actualidad y noticias\",\"description\":\"Hemeroteca\",\"inLanguage\":\"es-ES\",\"publisher\":{\"@id\":\"https:\\\/\\\/www.eldigitaldeasturias.com\\\/noticias\\\/#organization\"}}]}\n\t\t<\/script>\n\t\t<!-- All in One SEO Pro -->\r\n\t\t<title>Las \u00faltimas obras del centro de salud Bola de Oro de Granada se licitar\u00e1n este a\u00f1o - El Digital de Asturias<\/title>\n\n","aioseo_head_json":{"title":"Las \u00faltimas obras del centro de salud Bola de Oro de Granada se licitar\u00e1n este a\u00f1o - El Digital de Asturias","description":"La Junta de Andaluc\u00eda reanudar\u00e1 las obras de terminaci\u00f3n del centro de salud Bola de Oro de Granada. As\u00ed se lo ha trasladado la consejera de Salud, Marina \u00c1lvarez, al alcalde de la ciudad, Francisco Cuenca, en una reuni\u00f3n que se ha celebrado en el Ayuntamiento y a la que tambi\u00e9n han asistido la delegada","canonical_url":"https:\/\/www.eldigitaldeasturias.com\/noticias\/las-ultimas-obras-del-centro-de-salud-bola-de-oro-de-granada-se-licitaran-este-ano\/","robots":"max-image-preview:large","keywords":"actualidad","webmasterTools":{"google-site-verification":"UA-38556648-1","msvalidate.01":"7dfe9f3f1b24437ab69f4f2559babe99","miscellaneous":""},"schema":{"@context":"https:\/\/schema.org","@graph":[{"@type":"BlogPosting","@id":"https:\/\/www.eldigitaldeasturias.com\/noticias\/las-ultimas-obras-del-centro-de-salud-bola-de-oro-de-granada-se-licitaran-este-ano\/#blogposting","name":"Las \u00faltimas obras del centro de salud Bola de Oro de Granada se licitar\u00e1n este a\u00f1o - El Digital de Asturias","headline":"Las \u00faltimas obras del centro de salud Bola de Oro de Granada se licitar\u00e1n este a\u00f1o","author":{"@id":"https:\/\/www.eldigitaldeasturias.com\/noticias\/author\/admin\/#author"},"publisher":{"@id":"https:\/\/www.eldigitaldeasturias.com\/noticias\/#organization"},"image":{"@type":"ImageObject","url":948266},"datePublished":"2017-08-01T09:27:42+02:00","dateModified":"2017-08-01T09:27:42+02:00","inLanguage":"es-ES","mainEntityOfPage":{"@id":"https:\/\/www.eldigitaldeasturias.com\/noticias\/las-ultimas-obras-del-centro-de-salud-bola-de-oro-de-granada-se-licitaran-este-ano\/#webpage"},"isPartOf":{"@id":"https:\/\/www.eldigitaldeasturias.com\/noticias\/las-ultimas-obras-del-centro-de-salud-bola-de-oro-de-granada-se-licitaran-este-ano\/#webpage"},"articleSection":"Actualidad"},{"@type":"BreadcrumbList","@id":"https:\/\/www.eldigitaldeasturias.com\/noticias\/las-ultimas-obras-del-centro-de-salud-bola-de-oro-de-granada-se-licitaran-este-ano\/#breadcrumblist","itemListElement":[{"@type":"ListItem","@id":"https:\/\/www.eldigitaldeasturias.com\/noticias#listItem","position":1,"name":"Home","item":"https:\/\/www.eldigitaldeasturias.com\/noticias","nextItem":{"@type":"ListItem","@id":"https:\/\/www.eldigitaldeasturias.com\/noticias\/category\/actualidad\/#listItem","name":"Actualidad"}},{"@type":"ListItem","@id":"https:\/\/www.eldigitaldeasturias.com\/noticias\/category\/actualidad\/#listItem","position":2,"name":"Actualidad","item":"https:\/\/www.eldigitaldeasturias.com\/noticias\/category\/actualidad\/","nextItem":{"@type":"ListItem","@id":"https:\/\/www.eldigitaldeasturias.com\/noticias\/las-ultimas-obras-del-centro-de-salud-bola-de-oro-de-granada-se-licitaran-este-ano\/#listItem","name":"Las \u00faltimas obras del centro de salud Bola de Oro de Granada se licitar\u00e1n este a\u00f1o"},"previousItem":{"@type":"ListItem","@id":"https:\/\/www.eldigitaldeasturias.com\/noticias#listItem","name":"Home"}},{"@type":"ListItem","@id":"https:\/\/www.eldigitaldeasturias.com\/noticias\/las-ultimas-obras-del-centro-de-salud-bola-de-oro-de-granada-se-licitaran-este-ano\/#listItem","position":3,"name":"Las \u00faltimas obras del centro de salud Bola de Oro de Granada se licitar\u00e1n este a\u00f1o","previousItem":{"@type":"ListItem","@id":"https:\/\/www.eldigitaldeasturias.com\/noticias\/category\/actualidad\/#listItem","name":"Actualidad"}}]},{"@type":"Organization","@id":"https:\/\/www.eldigitaldeasturias.com\/noticias\/#organization","name":"El Digital de Asturias","description":"Hemeroteca","url":"https:\/\/www.eldigitaldeasturias.com\/noticias\/","email":"info@eldigitaldeasturias.com","telephone":"+34652131393","logo":{"@type":"ImageObject","url":"https:\/\/www.eldigitaldeasturias.com\/noticias\/wp-content\/uploads\/2020\/12\/EDA.jpg","@id":"https:\/\/www.eldigitaldeasturias.com\/noticias\/las-ultimas-obras-del-centro-de-salud-bola-de-oro-de-granada-se-licitaran-este-ano\/#organizationLogo"},"image":{"@id":"https:\/\/www.eldigitaldeasturias.com\/noticias\/las-ultimas-obras-del-centro-de-salud-bola-de-oro-de-granada-se-licitaran-este-ano\/#organizationLogo"},"sameAs":["https:\/\/facebook.com\/eldigitaldeasturias","https:\/\/www.youtube.com\/channel\/UCZP-2wLEB9Rv6erhFmqVnvg"],"address":{"@id":"https:\/\/www.eldigitaldeasturias.com\/noticias\/#postaladdress","@type":"PostalAddress","streetAddress":"san antonio 4","postalCode":"33430","addressLocality":"Cand\u00e1s","addressRegion":"Asturias","addressCountry":"ES"}},{"@type":"Person","@id":"https:\/\/www.eldigitaldeasturias.com\/noticias\/author\/admin\/#author","url":"https:\/\/www.eldigitaldeasturias.com\/noticias\/author\/admin\/","name":"El Digital de Asturias","image":{"@type":"ImageObject","@id":"https:\/\/www.eldigitaldeasturias.com\/noticias\/las-ultimas-obras-del-centro-de-salud-bola-de-oro-de-granada-se-licitaran-este-ano\/#authorImage","url":"https:\/\/secure.gravatar.com\/avatar\/df2aeffc32bcd13f8d26072ef8a91b623d677766deac7f97ca815868cd41bf5e?s=96&d=mm&r=g","width":96,"height":96,"caption":"El Digital de Asturias"}},{"@type":"WebPage","@id":"https:\/\/www.eldigitaldeasturias.com\/noticias\/las-ultimas-obras-del-centro-de-salud-bola-de-oro-de-granada-se-licitaran-este-ano\/#webpage","url":"https:\/\/www.eldigitaldeasturias.com\/noticias\/las-ultimas-obras-del-centro-de-salud-bola-de-oro-de-granada-se-licitaran-este-ano\/","name":"Las \u00faltimas obras del centro de salud Bola de Oro de Granada se licitar\u00e1n este a\u00f1o - El Digital de Asturias","description":"La Junta de Andaluc\u00eda reanudar\u00e1 las obras de terminaci\u00f3n del centro de salud Bola de Oro de Granada. As\u00ed se lo ha trasladado la consejera de Salud, Marina \u00c1lvarez, al alcalde de la ciudad, Francisco Cuenca, en una reuni\u00f3n que se ha celebrado en el Ayuntamiento y a la que tambi\u00e9n han asistido la delegada","inLanguage":"es-ES","isPartOf":{"@id":"https:\/\/www.eldigitaldeasturias.com\/noticias\/#website"},"breadcrumb":{"@id":"https:\/\/www.eldigitaldeasturias.com\/noticias\/las-ultimas-obras-del-centro-de-salud-bola-de-oro-de-granada-se-licitaran-este-ano\/#breadcrumblist"},"author":{"@id":"https:\/\/www.eldigitaldeasturias.com\/noticias\/author\/admin\/#author"},"creator":{"@id":"https:\/\/www.eldigitaldeasturias.com\/noticias\/author\/admin\/#author"},"image":{"@type":"ImageObject","url":948266,"@id":"https:\/\/www.eldigitaldeasturias.com\/noticias\/las-ultimas-obras-del-centro-de-salud-bola-de-oro-de-granada-se-licitaran-este-ano\/#mainImage"},"primaryImageOfPage":{"@id":"https:\/\/www.eldigitaldeasturias.com\/noticias\/las-ultimas-obras-del-centro-de-salud-bola-de-oro-de-granada-se-licitaran-este-ano\/#mainImage"},"datePublished":"2017-08-01T09:27:42+02:00","dateModified":"2017-08-01T09:27:42+02:00"},{"@type":"WebSite","@id":"https:\/\/www.eldigitaldeasturias.com\/noticias\/#website","url":"https:\/\/www.eldigitaldeasturias.com\/noticias\/","name":"El Digital de Asturias - Diario de actualidad y noticias","alternateName":"El Digital de Asturias - Diario de actualidad y noticias","description":"Hemeroteca","inLanguage":"es-ES","publisher":{"@id":"https:\/\/www.eldigitaldeasturias.com\/noticias\/#organization"}}]},"og:locale":"es_ES","og:site_name":"El Digital de Asturias","og:type":"article","og:title":"Las \u00faltimas obras del centro de salud Bola de Oro de Granada se licitar\u00e1n este a\u00f1o - El Digital de Asturias","og:description":"La Junta de Andaluc\u00eda reanudar\u00e1 las obras de terminaci\u00f3n del centro de salud Bola de Oro de Granada. As\u00ed se lo ha trasladado la consejera de Salud, Marina \u00c1lvarez, al alcalde de la ciudad, Francisco Cuenca, en una reuni\u00f3n que se ha celebrado en el Ayuntamiento y a la que tambi\u00e9n han asistido la delegada","og:url":"https:\/\/www.eldigitaldeasturias.com\/noticias\/las-ultimas-obras-del-centro-de-salud-bola-de-oro-de-granada-se-licitaran-este-ano\/","article:tag":["actualidad"],"article:published_time":"2017-08-01T09:27:42+00:00","article:modified_time":"2017-08-01T09:27:42+00:00","article:publisher":"https:\/\/facebook.com\/eldigitaldeasturias","twitter:card":"summary_large_image","twitter:title":"Las \u00faltimas obras del centro de salud Bola de Oro de Granada se licitar\u00e1n este a\u00f1o - El Digital de Asturias","twitter:description":"La Junta de Andaluc\u00eda reanudar\u00e1 las obras de terminaci\u00f3n del centro de salud Bola de Oro de Granada. As\u00ed se lo ha trasladado la consejera de Salud, Marina \u00c1lvarez, al alcalde de la ciudad, Francisco Cuenca, en una reuni\u00f3n que se ha celebrado en el Ayuntamiento y a la que tambi\u00e9n han asistido la delegada","twitter:image":"https:\/\/www.eldigitaldeasturias.com\/noticias\/wp-content\/uploads\/2020\/12\/EDA-1.jpg","twitter:label1":"Escrito por","twitter:data1":"El Digital de Asturias","twitter:label2":"Tiempo de lectura estimado","twitter:data2":"6 minutos"},"aioseo_meta_data":{"post_id":"948265","title":null,"description":null,"keywords":null,"keyphrases":null,"primary_term":null,"canonical_url":null,"og_title":null,"og_description":null,"og_object_type":"default","og_image_type":"default","og_image_url":null,"og_image_width":null,"og_image_height":null,"og_image_custom_url":null,"og_image_custom_fields":null,"og_video":null,"og_custom_url":null,"og_article_section":null,"og_article_tags":null,"twitter_use_og":false,"twitter_card":"default","twitter_image_type":"default","twitter_image_url":null,"twitter_image_custom_url":null,"twitter_image_custom_fields":null,"twitter_title":null,"twitter_description":null,"schema":{"blockGraphs":[],"customGraphs":[],"default":{"data":{"Article":[],"Course":[],"Dataset":[],"FAQPage":[],"Movie":[],"Person":[],"Product":[],"ProductReview":[],"Car":[],"Recipe":[],"Service":[],"SoftwareApplication":[],"WebPage":[]},"graphName":"","isEnabled":true},"graphs":[],"defaultGraph":"","defaultPostTypeGraph":""},"schema_type":null,"schema_type_options":null,"pillar_content":false,"robots_default":true,"robots_noindex":false,"robots_noarchive":false,"robots_nosnippet":false,"robots_nofollow":false,"robots_noimageindex":false,"robots_noodp":false,"robots_notranslate":false,"robots_max_snippet":null,"robots_max_videopreview":null,"robots_max_imagepreview":"large","priority":null,"frequency":null,"local_seo":null,"seo_analyzer_scan_date":"2025-12-05 08:02:24","breadcrumb_settings":null,"limit_modified_date":false,"open_ai":null,"ai":null,"created":"2020-12-21 13:05:41","updated":"2025-12-05 08:02:24","focus_keyword":null,"additional_keywords":null,"truseo_locale":null},"aioseo_breadcrumb":"<div class=\"aioseo-breadcrumbs\"><span class=\"aioseo-breadcrumb\">\n\t<a href=\"https:\/\/www.eldigitaldeasturias.com\/noticias\" title=\"Home\">Home<\/a>\n<\/span><span class=\"aioseo-breadcrumb-separator\">\u2013<\/span><span class=\"aioseo-breadcrumb\">\n\t<a href=\"https:\/\/www.eldigitaldeasturias.com\/noticias\/category\/actualidad\/\" title=\"Actualidad\">Actualidad<\/a>\n<\/span><span class=\"aioseo-breadcrumb-separator\">\u2013<\/span><span class=\"aioseo-breadcrumb\">\n\t<a href=\"https:\/\/www.eldigitaldeasturias.com\/noticias\/las-ultimas-obras-del-centro-de-salud-bola-de-oro-de-granada-se-licitaran-este-ano\/\" title=\"Las \u00faltimas obras del centro de salud Bola de Oro de Granada se licitar\u00e1n este a\u00f1o\">Las \u00faltimas obras del centro de salud Bola de Oro de Granada se licitar\u00e1n este a\u00f1o<\/a>\n<\/span><\/div>","aioseo_breadcrumb_json":[{"label":"Home","link":"https:\/\/www.eldigitaldeasturias.com\/noticias"},{"label":"Actualidad","link":"https:\/\/www.eldigitaldeasturias.com\/noticias\/category\/actualidad\/"},{"label":"Las \u00faltimas obras del centro de salud Bola de Oro de Granada se licitar\u00e1n este a\u00f1o","link":"https:\/\/www.eldigitaldeasturias.com\/noticias\/las-ultimas-obras-del-centro-de-salud-bola-de-oro-de-granada-se-licitaran-este-ano\/"}],"_links":{"self":[{"href":"https:\/\/www.eldigitaldeasturias.com\/noticias\/wp-json\/wp\/v2\/posts\/948265","targetHints":{"allow":["GET"]}}],"collection":[{"href":"https:\/\/www.eldigitaldeasturias.com\/noticias\/wp-json\/wp\/v2\/posts"}],"about":[{"href":"https:\/\/www.eldigitaldeasturias.com\/noticias\/wp-json\/wp\/v2\/types\/post"}],"author":[{"embeddable":true,"href":"https:\/\/www.eldigitaldeasturias.com\/noticias\/wp-json\/wp\/v2\/users\/1"}],"replies":[{"embeddable":true,"href":"https:\/\/www.eldigitaldeasturias.com\/noticias\/wp-json\/wp\/v2\/comments?post=948265"}],"version-history":[{"count":0,"href":"https:\/\/www.eldigitaldeasturias.com\/noticias\/wp-json\/wp\/v2\/posts\/948265\/revisions"}],"wp:attachment":[{"href":"https:\/\/www.eldigitaldeasturias.com\/noticias\/wp-json\/wp\/v2\/media?parent=948265"}],"wp:term":[{"taxonomy":"category","embeddable":true,"href":"https:\/\/www.eldigitaldeasturias.com\/noticias\/wp-json\/wp\/v2\/categories?post=948265"},{"taxonomy":"post_tag","embeddable":true,"href":"https:\/\/www.eldigitaldeasturias.com\/noticias\/wp-json\/wp\/v2\/tags?post=948265"}],"curies":[{"name":"wp","href":"https:\/\/api.w.org\/{rel}","templated":true}]}}