{"id":948262,"date":"2017-08-01T09:25:39","date_gmt":"2017-08-01T09:25:39","guid":{"rendered":"http:\/\/www.eldigitaldeasturias.com\/noticias\/?p=948262"},"modified":"2017-08-01T09:25:39","modified_gmt":"2017-08-01T09:25:39","slug":"la-junta-de-andalucia-incentiva-25-nuevos-proyectos-empresariales","status":"publish","type":"post","link":"https:\/\/www.eldigitaldeasturias.com\/noticias\/la-junta-de-andalucia-incentiva-25-nuevos-proyectos-empresariales\/","title":{"rendered":"La Junta de Andaluc\u00eda incentiva 25 nuevos proyectos empresariales"},"content":{"rendered":"<p><img loading=\"lazy\" decoding=\"async\" class=\"alignleft size-full wp-image-948263\" src=\"https:\/\/www.eldigitaldeasturias.com\/noticias\/wp-content\/uploads\/2017\/08\/1501506269129IDEAP2dn.jpg\" alt=\"\" width=\"312\" height=\"190\" \/>La Agencia de Innovaci\u00f3n y Desarrollo de Andaluc\u00eda IDEA, organismo adscrito a la Consejer\u00eda Empleo, Empresa y Comercio, ha aprobado en la comisi\u00f3n de valoraci\u00f3n auton\u00f3mica del Programa de incentivos para el desarrollo industrial y la creaci\u00f3n de empleo en Andaluc\u00eda y en la reuni\u00f3n de su consejo rector del mes de julio apoyar 25 nuevos proyectos empresariales con incentivos por valor de 12,6 millones de euros. Estas iniciativas comprometen una inversi\u00f3n de 46,93 millones de euros, la creaci\u00f3n de 209 puestos de trabajo y el mantenimiento de 607.<\/p>\n<p>Mientras comienzan a recibirse las primeras solicitudes para los nuevos programas de incentivos recientemente puestos en marcha (para el desarrollo industrial, la mejora de la competitividad, la transformaci\u00f3n digital y la creaci\u00f3n de empleo 2017-2020 y para la concesi\u00f3n de subvenciones destinadas a la promoci\u00f3n de la investigaci\u00f3n industrial, el desarrollo experimental y la innovaci\u00f3n empresarial en Andaluc\u00eda), IDEA sigue trabajando en el cierre de su anterior l\u00ednea de ayudas.<\/p>\n<p>As\u00ed, se han aprobado incentivos para Ejido Cart\u00f3n, empresa almeriense de fabricaci\u00f3n de papel que ha recibido un incentivo por valor de 946.991,28 euros para una inversi\u00f3n de 3,3 millones de euros (ampliaci\u00f3n de capacidad productiva y de almacenamiento) y un compromiso de empleo de ocho nuevos puestos de trabajo y el mantenimiento de 31.<\/p>\n<p>Para la provincia de C\u00e1diz, la empresa hotelera Comandante Tarifa ha recibido un incentivo de 1,04 millones de euros para poner en marcha un nuevo hotel en Tarifa (C\u00e1diz) que requiere una inversi\u00f3n de 4,2 millones de euros y compromete la creaci\u00f3n de once empleos; mientras que la cervecera Quality Drink, que pondr\u00e1 en marcha su nueva f\u00e1brica, va a recibir un incentivo de 676.236,58 euros, con una inversi\u00f3n comprometida de 2,4 millones de euros y doce puestos de trabajo. Rocaluisan, por su parte, va a poner en marcha un nuevo establecimiento hotelero en Chiclana de la Frontera (C\u00e1diz) para lo que ha recibido un incentivo de 184.351,05 euros, con una inversi\u00f3n comprometida de 553.647 euros y once nuevos puestos de trabajo.<\/p>\n<p>Con respecto a la provincia de C\u00f3rdoba, Biopharma Research tendr\u00e1 un incentivo de 587.557,90 euros con el que apoyar la inversi\u00f3n de 2,05 millones de euros que requiere su nuevo centro de I+D agrario en La Rambla con el que comprometen crear siete empleos; y Cristaler\u00eda Encinas va a poner en marcha una nueva f\u00e1brica de cristal templado en A\u00f1ora para lo que va a realizar una inversi\u00f3n de 2,3 millones de euros y compromete la creaci\u00f3n de seis empleos y el mantenimiento de 18. El incentivo aprobado asciende a 757.042,11 euros.<\/p>\n<p>Tambi\u00e9n en C\u00f3rdoba, Galbis Reforestal, dedicada a la fabricaci\u00f3n de estructuras met\u00e1licas y sus componentes, va a abrir un nuevo centro productivo en A\u00f1ora para lo que ha recibido un incentivo de 716.901,37 euros. La inversi\u00f3n comprometida asciende a 2,2 millones de euros, a lo que se suma la creaci\u00f3n de siete empleos y el mantenimiento de tres; y en Lucena, Coreco, empresa del sector del fr\u00edo, va a ampliar su capacidad productiva con una inversi\u00f3n de 2,7 millones de euros, para lo que ha recibido un incentivo de 677.300,52 euros. El compromiso de empleo asciende a la creaci\u00f3n de cuatro nuevos y el mantenimiento de 180 existentes.<\/p>\n<p>Por \u00faltimo, Green Cold Sistemas Industriales, SL, empresa de C\u00f3rdoba dedicada a la fabricaci\u00f3n de maquinaria para la industria de la alimentaci\u00f3n, bebidas y tabaco se traslada a Cabra para poder ampliar su capacidad productiva. Con una inversi\u00f3n comprometida de 1,3 millones de euros y una propuesta de creaci\u00f3n de siete empleos y mantenimiento de 28, este proyecto ha recibido un incentivo de 472.625,73 euros.<\/p>\n<p><strong>Provincia de Granada<\/strong><\/p>\n<p>En la provincia de Granada, Envases Ure\u00f1a va a poner en marcha una nueva f\u00e1brica de extrusionado de PET en Atarfe, para lo que va a realizar una inversi\u00f3n de 4,3 millones de euros, con un incentivo de 1,3 millones de euros y el compromiso de empleo de 12 nuevos y 53 mantenidos; Residencia Virgen Mar\u00eda Auxiliadora abrir\u00e1 un nuevo centro residencial para mayores en situaci\u00f3n de dependencia en Churriana de la Vega, con una inversi\u00f3n de 3,02 millones de euros, la creaci\u00f3n de 12 puestos de trabajo y un incentivo de 687.358,41 euros; Celo Konforto Kaj Kvalito, dedicada a la fabricaci\u00f3n de carpinter\u00eda met\u00e1lica, va a ampliar sus instalaciones traslad\u00e1ndose de Chauchina a Santa Fe, con una inversi\u00f3n de 1,8 millones de euros, la creaci\u00f3n de seis empleos y el mantenimiento de diez puestos de trabajo, y un incentivo de 595.781,21 euros.<\/p>\n<p>Sulayr Inversiones Tur\u00edsticas, empresa granadina del sector tur\u00edstico, va a invertir 680.397,81 euros en la construcci\u00f3n y explotaci\u00f3n de un hotel en Granada, lo que conlleva la creaci\u00f3n de siete empleos y para este proyecto IDEA ha aprobado un incentivo de 105.743,42 euros; y Tropiclab, dedicada a ensayos y an\u00e1lisis t\u00e9cnicos, va a poner en marcha en Motril (Granada)un laboratorio anal\u00edtico especializado en el sector agroalimentario de la costa tropical que requiere una inversi\u00f3n de 1,06 millones de euros y compromete la creaci\u00f3n de seis puestos de trabajo. El incentivo aprobado asciende a 370.198,30 euros.<\/p>\n<p>Otras dos empresas granadinas, Recogidas Nueva Hosteler\u00eda y Nevada Restauraci\u00f3n, van a poner en marcha nuevos restaurantes. La primera va a recibir un incentivo de 165.236,24 euros, con una inversi\u00f3n privada de 846.899,20 euros y doce nuevos empleos, y la segunda ubicar\u00e1 su establecimiento en Armillaen para el que va a realizar una inversi\u00f3n de 727.533,75 euros, crear\u00e1 18 puestos de trabajo y va a recibir un incentivo de 156.039,21 euros.<\/p>\n<p>Ya en la provincia de M\u00e1laga, Ceframar, empresa dedicada al lavado y limpieza de prendas textiles y de piel de Co\u00edn, quiere incrementar su capacidad productiva mediante la compra de nueva maquinaria en lo que va a invertir 1,6 millones de euros, y compromete la creaci\u00f3n de doce puestos de trabajo y el mantenimiento de 18. El incentivo aprobado asciende a 584.388,70 euros. Y en Huelva, Therman Mantenimiento Industrial, de la localidad onubense de Palos de la Frontera dedicada a la construcci\u00f3n especializada, va a construir una nueva nave en el pol\u00edgono Nuevo Puerto para ofrecer sus servicios al sector petroqu\u00edmico. Con una inversi\u00f3n comprometida de 694.713,13 y un compromiso de nueve nuevos empleos, ha recibido un incentivo de 133.531,46 euros.<\/p>\n<p>Por \u00faltimo, en la provincia de Sevilla van a respaldarse seis proyectos. Cointer Electr\u00f3nica, de fabricaci\u00f3n de equipos de telecomunicaci\u00f3n, pondr\u00e1 en marcha un nuevo centro en Dos Hermanas (inversi\u00f3n de 1,5 millones, creaci\u00f3n de cinco empleos y el mantenimiento de ocho, y un incentivo de 402.081,87 euros); La Antigua Lavander\u00eda, ubicada en Alcal\u00e1 de Guadaira, y dedicada a la fabricaci\u00f3n de jab\u00f3n y art\u00edculos de limpieza, ampliar\u00e1 su capacidad productiva (inversi\u00f3n de 1,5 millones, creaci\u00f3n de tres empleos, mantenimiento de 47 y un incentivo de 364.560,65 euros); y Best Medical Diet, laboratorio de biotecnolog\u00eda ubicado en Alcal\u00e1 de Guadaira (Sevilla) va a realizar una inversi\u00f3n por valor de de 2,7 millones de euros para aumentar su producci\u00f3n y empleo (seis nuevos) por ampliaci\u00f3n de las salas blanca, con el mantenimiento de 18 empleos y un incentivo de 629.290,07 euros.<\/p>\n<p>Tecade, dedicada a la fabricaci\u00f3n de estructuras met\u00e1licas y componentes, va a desarrollar un proyecto de inversi\u00f3n en sus instalaciones de Los Molares por valor de 540.000 euros (creaci\u00f3n de cuatro empleos, mantenimiento de 87 e incentivos por valor de 129.600 euros); Fiol Roca dedicada al sector del motor en la localidad sevillana de Camas, abrir\u00e1 un nuevo concesionario (inversi\u00f3n de 1,5 millones de euros, creaci\u00f3n de nueve empleos y mantenimiento de 18, incentivo por valor de 278.379,76 euros); y Core &amp; Global IT Solutions, empresa de reparaci\u00f3n de equipos de comunicaci\u00f3n de Bollullos de la Mitaci\u00f3n, va a trasladarse y ampliar su capacidad productiva (inversi\u00f3n de 1,4 millones, creaci\u00f3n de nueve empleos, mantenimiento de 88 puestos de trabajo e incentivo de 244.386,20 euros).<\/p>\n<p><strong>Programa de incentivos al desarrollo industrial y a la creaci\u00f3n de empleo<\/strong><\/p>\n<p>Este programa, cuyo plazo de solicitud ya ha finalizado, tiene como destinatarios a las pymes y aut\u00f3nomos del sector industrial y servicios a la industria y se desarrolla en el marco de la Subvenci\u00f3n Global Competitividad-Innovaci\u00f3n-Empleo de Andaluc\u00eda 2014-2020, integrada en el Programa Operativo FEDER Andaluc\u00eda 2014-2020, cofinanciado con el Fondo Europeo de Desarrollo Regional.<\/p>\n<p>La Subvenci\u00f3n Global 2014-2020 tiene como objetivo la mejora de la competitividad y el incremento del tejido productivo andaluz con la finalidad de impulsar el crecimiento econ\u00f3mico y el empleo estable y de calidad en Andaluc\u00eda.<\/p>\n<p>En la actualidad est\u00e1n vigentes dos programas de incentivos a empresas, que tienen como objetivo el desarrollo industrial, la mejora de la competitividad, la transformaci\u00f3n digital y la creaci\u00f3n de empleo, por un lado, y la promoci\u00f3n de la investigaci\u00f3n industrial, el desarrollo experimental y la innovaci\u00f3n empresarial en Andaluc\u00eda<\/p>\n<p>&nbsp;<\/p>\n","protected":false},"excerpt":{"rendered":"<p>La Agencia de Innovaci\u00f3n y Desarrollo de Andaluc\u00eda IDEA, organismo adscrito a la Consejer\u00eda Empleo, Empresa y Comercio, ha aprobado en la comisi\u00f3n de valoraci\u00f3n auton\u00f3mica del Programa de incentivos para el desarrollo industrial y la creaci\u00f3n de empleo en Andaluc\u00eda y en la reuni\u00f3n de su consejo rector del mes de julio apoyar 25 [&hellip;]<\/p>\n","protected":false},"author":1,"featured_media":948263,"comment_status":"closed","ping_status":"closed","sticky":false,"template":"","format":"standard","meta":{"footnotes":""},"categories":[1],"tags":[],"class_list":["post-948262","post","type-post","status-publish","format-standard","has-post-thumbnail","hentry","category-actualidad"],"aioseo_notices":[],"aioseo_head":"\n\t\t<!-- All in One SEO Pro 5.0.1 - aioseo.com -->\n\t<meta name=\"description\" content=\"La Agencia de Innovaci\u00f3n y Desarrollo de Andaluc\u00eda IDEA, organismo adscrito a la Consejer\u00eda Empleo, Empresa y Comercio, ha aprobado en la comisi\u00f3n de valoraci\u00f3n auton\u00f3mica del Programa de incentivos para el desarrollo industrial y la creaci\u00f3n de empleo en Andaluc\u00eda y en la reuni\u00f3n de su consejo rector del mes de julio apoyar 25\" \/>\n\t<meta name=\"robots\" content=\"max-image-preview:large\" \/>\n\t<meta name=\"author\" content=\"El Digital de Asturias\"\/>\n\t<meta name=\"google-site-verification\" content=\"UA-38556648-1\" \/>\n\t<meta name=\"msvalidate.01\" content=\"7dfe9f3f1b24437ab69f4f2559babe99\" \/>\n\t<meta name=\"keywords\" content=\"actualidad\" \/>\n\t<link rel=\"canonical\" href=\"https:\/\/www.eldigitaldeasturias.com\/noticias\/la-junta-de-andalucia-incentiva-25-nuevos-proyectos-empresariales\/\" \/>\n\t<meta name=\"generator\" content=\"All in One SEO Pro (AIOSEO) 5.0.1\" \/>\n\t\t<meta property=\"og:locale\" content=\"es_ES\" \/>\n\t\t<meta property=\"og:site_name\" content=\"El Digital de Asturias\" \/>\n\t\t<meta property=\"og:type\" content=\"article\" \/>\n\t\t<meta property=\"og:title\" content=\"La Junta de Andaluc\u00eda incentiva 25 nuevos proyectos empresariales - El Digital de Asturias\" \/>\n\t\t<meta property=\"og:description\" content=\"La Agencia de Innovaci\u00f3n y Desarrollo de Andaluc\u00eda IDEA, organismo adscrito a la Consejer\u00eda Empleo, Empresa y Comercio, ha aprobado en la comisi\u00f3n de valoraci\u00f3n auton\u00f3mica del Programa de incentivos para el desarrollo industrial y la creaci\u00f3n de empleo en Andaluc\u00eda y en la reuni\u00f3n de su consejo rector del mes de julio apoyar 25\" \/>\n\t\t<meta property=\"og:url\" content=\"https:\/\/www.eldigitaldeasturias.com\/noticias\/la-junta-de-andalucia-incentiva-25-nuevos-proyectos-empresariales\/\" \/>\n\t\t<meta property=\"article:tag\" content=\"actualidad\" \/>\n\t\t<meta property=\"article:published_time\" content=\"2017-08-01T09:25:39+00:00\" \/>\n\t\t<meta property=\"article:modified_time\" content=\"2017-08-01T09:25:39+00:00\" \/>\n\t\t<meta property=\"article:publisher\" content=\"https:\/\/facebook.com\/eldigitaldeasturias\" \/>\n\t\t<meta name=\"twitter:card\" content=\"summary_large_image\" \/>\n\t\t<meta name=\"twitter:title\" content=\"La Junta de Andaluc\u00eda incentiva 25 nuevos proyectos empresariales - El Digital de Asturias\" \/>\n\t\t<meta name=\"twitter:description\" content=\"La Agencia de Innovaci\u00f3n y Desarrollo de Andaluc\u00eda IDEA, organismo adscrito a la Consejer\u00eda Empleo, Empresa y Comercio, ha aprobado en la comisi\u00f3n de valoraci\u00f3n auton\u00f3mica del Programa de incentivos para el desarrollo industrial y la creaci\u00f3n de empleo en Andaluc\u00eda y en la reuni\u00f3n de su consejo rector del mes de julio apoyar 25\" \/>\n\t\t<meta name=\"twitter:image\" content=\"https:\/\/www.eldigitaldeasturias.com\/noticias\/wp-content\/uploads\/2020\/12\/EDA-1.jpg\" \/>\n\t\t<meta name=\"twitter:label1\" content=\"Escrito por\" \/>\n\t\t<meta name=\"twitter:data1\" content=\"El Digital de Asturias\" \/>\n\t\t<meta name=\"twitter:label2\" content=\"Tiempo de lectura estimado\" \/>\n\t\t<meta name=\"twitter:data2\" content=\"8 minutos\" \/>\n\t\t<script type=\"application\/ld+json\" class=\"aioseo-schema\">\n\t\t\t{\"@context\":\"https:\\\/\\\/schema.org\",\"@graph\":[{\"@type\":\"BlogPosting\",\"@id\":\"https:\\\/\\\/www.eldigitaldeasturias.com\\\/noticias\\\/la-junta-de-andalucia-incentiva-25-nuevos-proyectos-empresariales\\\/#blogposting\",\"name\":\"La Junta de Andaluc\\u00eda incentiva 25 nuevos proyectos empresariales - El Digital de Asturias\",\"headline\":\"La Junta de Andaluc\\u00eda incentiva 25 nuevos proyectos empresariales\",\"author\":{\"@id\":\"https:\\\/\\\/www.eldigitaldeasturias.com\\\/noticias\\\/author\\\/admin\\\/#author\"},\"publisher\":{\"@id\":\"https:\\\/\\\/www.eldigitaldeasturias.com\\\/noticias\\\/#organization\"},\"image\":{\"@type\":\"ImageObject\",\"url\":948263},\"datePublished\":\"2017-08-01T09:25:39+02:00\",\"dateModified\":\"2017-08-01T09:25:39+02:00\",\"inLanguage\":\"es-ES\",\"mainEntityOfPage\":{\"@id\":\"https:\\\/\\\/www.eldigitaldeasturias.com\\\/noticias\\\/la-junta-de-andalucia-incentiva-25-nuevos-proyectos-empresariales\\\/#webpage\"},\"isPartOf\":{\"@id\":\"https:\\\/\\\/www.eldigitaldeasturias.com\\\/noticias\\\/la-junta-de-andalucia-incentiva-25-nuevos-proyectos-empresariales\\\/#webpage\"},\"articleSection\":\"Actualidad\"},{\"@type\":\"BreadcrumbList\",\"@id\":\"https:\\\/\\\/www.eldigitaldeasturias.com\\\/noticias\\\/la-junta-de-andalucia-incentiva-25-nuevos-proyectos-empresariales\\\/#breadcrumblist\",\"itemListElement\":[{\"@type\":\"ListItem\",\"@id\":\"https:\\\/\\\/www.eldigitaldeasturias.com\\\/noticias#listItem\",\"position\":1,\"name\":\"Home\",\"item\":\"https:\\\/\\\/www.eldigitaldeasturias.com\\\/noticias\",\"nextItem\":{\"@type\":\"ListItem\",\"@id\":\"https:\\\/\\\/www.eldigitaldeasturias.com\\\/noticias\\\/category\\\/actualidad\\\/#listItem\",\"name\":\"Actualidad\"}},{\"@type\":\"ListItem\",\"@id\":\"https:\\\/\\\/www.eldigitaldeasturias.com\\\/noticias\\\/category\\\/actualidad\\\/#listItem\",\"position\":2,\"name\":\"Actualidad\",\"item\":\"https:\\\/\\\/www.eldigitaldeasturias.com\\\/noticias\\\/category\\\/actualidad\\\/\",\"nextItem\":{\"@type\":\"ListItem\",\"@id\":\"https:\\\/\\\/www.eldigitaldeasturias.com\\\/noticias\\\/la-junta-de-andalucia-incentiva-25-nuevos-proyectos-empresariales\\\/#listItem\",\"name\":\"La Junta de Andaluc\\u00eda incentiva 25 nuevos proyectos empresariales\"},\"previousItem\":{\"@type\":\"ListItem\",\"@id\":\"https:\\\/\\\/www.eldigitaldeasturias.com\\\/noticias#listItem\",\"name\":\"Home\"}},{\"@type\":\"ListItem\",\"@id\":\"https:\\\/\\\/www.eldigitaldeasturias.com\\\/noticias\\\/la-junta-de-andalucia-incentiva-25-nuevos-proyectos-empresariales\\\/#listItem\",\"position\":3,\"name\":\"La Junta de Andaluc\\u00eda incentiva 25 nuevos proyectos empresariales\",\"previousItem\":{\"@type\":\"ListItem\",\"@id\":\"https:\\\/\\\/www.eldigitaldeasturias.com\\\/noticias\\\/category\\\/actualidad\\\/#listItem\",\"name\":\"Actualidad\"}}]},{\"@type\":\"Organization\",\"@id\":\"https:\\\/\\\/www.eldigitaldeasturias.com\\\/noticias\\\/#organization\",\"name\":\"El Digital de Asturias\",\"description\":\"Hemeroteca\",\"url\":\"https:\\\/\\\/www.eldigitaldeasturias.com\\\/noticias\\\/\",\"email\":\"info@eldigitaldeasturias.com\",\"telephone\":\"+34652131393\",\"logo\":{\"@type\":\"ImageObject\",\"url\":\"https:\\\/\\\/www.eldigitaldeasturias.com\\\/noticias\\\/wp-content\\\/uploads\\\/2020\\\/12\\\/EDA.jpg\",\"@id\":\"https:\\\/\\\/www.eldigitaldeasturias.com\\\/noticias\\\/la-junta-de-andalucia-incentiva-25-nuevos-proyectos-empresariales\\\/#organizationLogo\"},\"image\":{\"@id\":\"https:\\\/\\\/www.eldigitaldeasturias.com\\\/noticias\\\/la-junta-de-andalucia-incentiva-25-nuevos-proyectos-empresariales\\\/#organizationLogo\"},\"sameAs\":[\"https:\\\/\\\/facebook.com\\\/eldigitaldeasturias\",\"https:\\\/\\\/www.youtube.com\\\/channel\\\/UCZP-2wLEB9Rv6erhFmqVnvg\"],\"address\":{\"@id\":\"https:\\\/\\\/www.eldigitaldeasturias.com\\\/noticias\\\/#postaladdress\",\"@type\":\"PostalAddress\",\"streetAddress\":\"san antonio 4\",\"postalCode\":\"33430\",\"addressLocality\":\"Cand\\u00e1s\",\"addressRegion\":\"Asturias\",\"addressCountry\":\"ES\"}},{\"@type\":\"Person\",\"@id\":\"https:\\\/\\\/www.eldigitaldeasturias.com\\\/noticias\\\/author\\\/admin\\\/#author\",\"url\":\"https:\\\/\\\/www.eldigitaldeasturias.com\\\/noticias\\\/author\\\/admin\\\/\",\"name\":\"El Digital de Asturias\",\"image\":{\"@type\":\"ImageObject\",\"@id\":\"https:\\\/\\\/www.eldigitaldeasturias.com\\\/noticias\\\/la-junta-de-andalucia-incentiva-25-nuevos-proyectos-empresariales\\\/#authorImage\",\"url\":\"https:\\\/\\\/secure.gravatar.com\\\/avatar\\\/df2aeffc32bcd13f8d26072ef8a91b623d677766deac7f97ca815868cd41bf5e?s=96&d=mm&r=g\",\"width\":96,\"height\":96,\"caption\":\"El Digital de Asturias\"}},{\"@type\":\"WebPage\",\"@id\":\"https:\\\/\\\/www.eldigitaldeasturias.com\\\/noticias\\\/la-junta-de-andalucia-incentiva-25-nuevos-proyectos-empresariales\\\/#webpage\",\"url\":\"https:\\\/\\\/www.eldigitaldeasturias.com\\\/noticias\\\/la-junta-de-andalucia-incentiva-25-nuevos-proyectos-empresariales\\\/\",\"name\":\"La Junta de Andaluc\\u00eda incentiva 25 nuevos proyectos empresariales - El Digital de Asturias\",\"description\":\"La Agencia de Innovaci\\u00f3n y Desarrollo de Andaluc\\u00eda IDEA, organismo adscrito a la Consejer\\u00eda Empleo, Empresa y Comercio, ha aprobado en la comisi\\u00f3n de valoraci\\u00f3n auton\\u00f3mica del Programa de incentivos para el desarrollo industrial y la creaci\\u00f3n de empleo en Andaluc\\u00eda y en la reuni\\u00f3n de su consejo rector del mes de julio apoyar 25\",\"inLanguage\":\"es-ES\",\"isPartOf\":{\"@id\":\"https:\\\/\\\/www.eldigitaldeasturias.com\\\/noticias\\\/#website\"},\"breadcrumb\":{\"@id\":\"https:\\\/\\\/www.eldigitaldeasturias.com\\\/noticias\\\/la-junta-de-andalucia-incentiva-25-nuevos-proyectos-empresariales\\\/#breadcrumblist\"},\"author\":{\"@id\":\"https:\\\/\\\/www.eldigitaldeasturias.com\\\/noticias\\\/author\\\/admin\\\/#author\"},\"creator\":{\"@id\":\"https:\\\/\\\/www.eldigitaldeasturias.com\\\/noticias\\\/author\\\/admin\\\/#author\"},\"image\":{\"@type\":\"ImageObject\",\"url\":948263,\"@id\":\"https:\\\/\\\/www.eldigitaldeasturias.com\\\/noticias\\\/la-junta-de-andalucia-incentiva-25-nuevos-proyectos-empresariales\\\/#mainImage\"},\"primaryImageOfPage\":{\"@id\":\"https:\\\/\\\/www.eldigitaldeasturias.com\\\/noticias\\\/la-junta-de-andalucia-incentiva-25-nuevos-proyectos-empresariales\\\/#mainImage\"},\"datePublished\":\"2017-08-01T09:25:39+02:00\",\"dateModified\":\"2017-08-01T09:25:39+02:00\"},{\"@type\":\"WebSite\",\"@id\":\"https:\\\/\\\/www.eldigitaldeasturias.com\\\/noticias\\\/#website\",\"url\":\"https:\\\/\\\/www.eldigitaldeasturias.com\\\/noticias\\\/\",\"name\":\"El Digital de Asturias - Diario de actualidad y noticias\",\"alternateName\":\"El Digital de Asturias - Diario de actualidad y noticias\",\"description\":\"Hemeroteca\",\"inLanguage\":\"es-ES\",\"publisher\":{\"@id\":\"https:\\\/\\\/www.eldigitaldeasturias.com\\\/noticias\\\/#organization\"}}]}\n\t\t<\/script>\n\t\t<!-- All in One SEO Pro -->\r\n\t\t<title>La Junta de Andaluc\u00eda incentiva 25 nuevos proyectos empresariales - El Digital de Asturias<\/title>\n\n","aioseo_head_json":{"title":"La Junta de Andaluc\u00eda incentiva 25 nuevos proyectos empresariales - El Digital de Asturias","description":"La Agencia de Innovaci\u00f3n y Desarrollo de Andaluc\u00eda IDEA, organismo adscrito a la Consejer\u00eda Empleo, Empresa y Comercio, ha aprobado en la comisi\u00f3n de valoraci\u00f3n auton\u00f3mica del Programa de incentivos para el desarrollo industrial y la creaci\u00f3n de empleo en Andaluc\u00eda y en la reuni\u00f3n de su consejo rector del mes de julio apoyar 25","canonical_url":"https:\/\/www.eldigitaldeasturias.com\/noticias\/la-junta-de-andalucia-incentiva-25-nuevos-proyectos-empresariales\/","robots":"max-image-preview:large","keywords":"actualidad","webmasterTools":{"google-site-verification":"UA-38556648-1","msvalidate.01":"7dfe9f3f1b24437ab69f4f2559babe99","miscellaneous":""},"schema":{"@context":"https:\/\/schema.org","@graph":[{"@type":"BlogPosting","@id":"https:\/\/www.eldigitaldeasturias.com\/noticias\/la-junta-de-andalucia-incentiva-25-nuevos-proyectos-empresariales\/#blogposting","name":"La Junta de Andaluc\u00eda incentiva 25 nuevos proyectos empresariales - El Digital de Asturias","headline":"La Junta de Andaluc\u00eda incentiva 25 nuevos proyectos empresariales","author":{"@id":"https:\/\/www.eldigitaldeasturias.com\/noticias\/author\/admin\/#author"},"publisher":{"@id":"https:\/\/www.eldigitaldeasturias.com\/noticias\/#organization"},"image":{"@type":"ImageObject","url":948263},"datePublished":"2017-08-01T09:25:39+02:00","dateModified":"2017-08-01T09:25:39+02:00","inLanguage":"es-ES","mainEntityOfPage":{"@id":"https:\/\/www.eldigitaldeasturias.com\/noticias\/la-junta-de-andalucia-incentiva-25-nuevos-proyectos-empresariales\/#webpage"},"isPartOf":{"@id":"https:\/\/www.eldigitaldeasturias.com\/noticias\/la-junta-de-andalucia-incentiva-25-nuevos-proyectos-empresariales\/#webpage"},"articleSection":"Actualidad"},{"@type":"BreadcrumbList","@id":"https:\/\/www.eldigitaldeasturias.com\/noticias\/la-junta-de-andalucia-incentiva-25-nuevos-proyectos-empresariales\/#breadcrumblist","itemListElement":[{"@type":"ListItem","@id":"https:\/\/www.eldigitaldeasturias.com\/noticias#listItem","position":1,"name":"Home","item":"https:\/\/www.eldigitaldeasturias.com\/noticias","nextItem":{"@type":"ListItem","@id":"https:\/\/www.eldigitaldeasturias.com\/noticias\/category\/actualidad\/#listItem","name":"Actualidad"}},{"@type":"ListItem","@id":"https:\/\/www.eldigitaldeasturias.com\/noticias\/category\/actualidad\/#listItem","position":2,"name":"Actualidad","item":"https:\/\/www.eldigitaldeasturias.com\/noticias\/category\/actualidad\/","nextItem":{"@type":"ListItem","@id":"https:\/\/www.eldigitaldeasturias.com\/noticias\/la-junta-de-andalucia-incentiva-25-nuevos-proyectos-empresariales\/#listItem","name":"La Junta de Andaluc\u00eda incentiva 25 nuevos proyectos empresariales"},"previousItem":{"@type":"ListItem","@id":"https:\/\/www.eldigitaldeasturias.com\/noticias#listItem","name":"Home"}},{"@type":"ListItem","@id":"https:\/\/www.eldigitaldeasturias.com\/noticias\/la-junta-de-andalucia-incentiva-25-nuevos-proyectos-empresariales\/#listItem","position":3,"name":"La Junta de Andaluc\u00eda incentiva 25 nuevos proyectos empresariales","previousItem":{"@type":"ListItem","@id":"https:\/\/www.eldigitaldeasturias.com\/noticias\/category\/actualidad\/#listItem","name":"Actualidad"}}]},{"@type":"Organization","@id":"https:\/\/www.eldigitaldeasturias.com\/noticias\/#organization","name":"El Digital de Asturias","description":"Hemeroteca","url":"https:\/\/www.eldigitaldeasturias.com\/noticias\/","email":"info@eldigitaldeasturias.com","telephone":"+34652131393","logo":{"@type":"ImageObject","url":"https:\/\/www.eldigitaldeasturias.com\/noticias\/wp-content\/uploads\/2020\/12\/EDA.jpg","@id":"https:\/\/www.eldigitaldeasturias.com\/noticias\/la-junta-de-andalucia-incentiva-25-nuevos-proyectos-empresariales\/#organizationLogo"},"image":{"@id":"https:\/\/www.eldigitaldeasturias.com\/noticias\/la-junta-de-andalucia-incentiva-25-nuevos-proyectos-empresariales\/#organizationLogo"},"sameAs":["https:\/\/facebook.com\/eldigitaldeasturias","https:\/\/www.youtube.com\/channel\/UCZP-2wLEB9Rv6erhFmqVnvg"],"address":{"@id":"https:\/\/www.eldigitaldeasturias.com\/noticias\/#postaladdress","@type":"PostalAddress","streetAddress":"san antonio 4","postalCode":"33430","addressLocality":"Cand\u00e1s","addressRegion":"Asturias","addressCountry":"ES"}},{"@type":"Person","@id":"https:\/\/www.eldigitaldeasturias.com\/noticias\/author\/admin\/#author","url":"https:\/\/www.eldigitaldeasturias.com\/noticias\/author\/admin\/","name":"El Digital de Asturias","image":{"@type":"ImageObject","@id":"https:\/\/www.eldigitaldeasturias.com\/noticias\/la-junta-de-andalucia-incentiva-25-nuevos-proyectos-empresariales\/#authorImage","url":"https:\/\/secure.gravatar.com\/avatar\/df2aeffc32bcd13f8d26072ef8a91b623d677766deac7f97ca815868cd41bf5e?s=96&d=mm&r=g","width":96,"height":96,"caption":"El Digital de Asturias"}},{"@type":"WebPage","@id":"https:\/\/www.eldigitaldeasturias.com\/noticias\/la-junta-de-andalucia-incentiva-25-nuevos-proyectos-empresariales\/#webpage","url":"https:\/\/www.eldigitaldeasturias.com\/noticias\/la-junta-de-andalucia-incentiva-25-nuevos-proyectos-empresariales\/","name":"La Junta de Andaluc\u00eda incentiva 25 nuevos proyectos empresariales - El Digital de Asturias","description":"La Agencia de Innovaci\u00f3n y Desarrollo de Andaluc\u00eda IDEA, organismo adscrito a la Consejer\u00eda Empleo, Empresa y Comercio, ha aprobado en la comisi\u00f3n de valoraci\u00f3n auton\u00f3mica del Programa de incentivos para el desarrollo industrial y la creaci\u00f3n de empleo en Andaluc\u00eda y en la reuni\u00f3n de su consejo rector del mes de julio apoyar 25","inLanguage":"es-ES","isPartOf":{"@id":"https:\/\/www.eldigitaldeasturias.com\/noticias\/#website"},"breadcrumb":{"@id":"https:\/\/www.eldigitaldeasturias.com\/noticias\/la-junta-de-andalucia-incentiva-25-nuevos-proyectos-empresariales\/#breadcrumblist"},"author":{"@id":"https:\/\/www.eldigitaldeasturias.com\/noticias\/author\/admin\/#author"},"creator":{"@id":"https:\/\/www.eldigitaldeasturias.com\/noticias\/author\/admin\/#author"},"image":{"@type":"ImageObject","url":948263,"@id":"https:\/\/www.eldigitaldeasturias.com\/noticias\/la-junta-de-andalucia-incentiva-25-nuevos-proyectos-empresariales\/#mainImage"},"primaryImageOfPage":{"@id":"https:\/\/www.eldigitaldeasturias.com\/noticias\/la-junta-de-andalucia-incentiva-25-nuevos-proyectos-empresariales\/#mainImage"},"datePublished":"2017-08-01T09:25:39+02:00","dateModified":"2017-08-01T09:25:39+02:00"},{"@type":"WebSite","@id":"https:\/\/www.eldigitaldeasturias.com\/noticias\/#website","url":"https:\/\/www.eldigitaldeasturias.com\/noticias\/","name":"El Digital de Asturias - Diario de actualidad y noticias","alternateName":"El Digital de Asturias - Diario de actualidad y noticias","description":"Hemeroteca","inLanguage":"es-ES","publisher":{"@id":"https:\/\/www.eldigitaldeasturias.com\/noticias\/#organization"}}]},"og:locale":"es_ES","og:site_name":"El Digital de Asturias","og:type":"article","og:title":"La Junta de Andaluc\u00eda incentiva 25 nuevos proyectos empresariales - El Digital de Asturias","og:description":"La Agencia de Innovaci\u00f3n y Desarrollo de Andaluc\u00eda IDEA, organismo adscrito a la Consejer\u00eda Empleo, Empresa y Comercio, ha aprobado en la comisi\u00f3n de valoraci\u00f3n auton\u00f3mica del Programa de incentivos para el desarrollo industrial y la creaci\u00f3n de empleo en Andaluc\u00eda y en la reuni\u00f3n de su consejo rector del mes de julio apoyar 25","og:url":"https:\/\/www.eldigitaldeasturias.com\/noticias\/la-junta-de-andalucia-incentiva-25-nuevos-proyectos-empresariales\/","article:tag":["actualidad"],"article:published_time":"2017-08-01T09:25:39+00:00","article:modified_time":"2017-08-01T09:25:39+00:00","article:publisher":"https:\/\/facebook.com\/eldigitaldeasturias","twitter:card":"summary_large_image","twitter:title":"La Junta de Andaluc\u00eda incentiva 25 nuevos proyectos empresariales - El Digital de Asturias","twitter:description":"La Agencia de Innovaci\u00f3n y Desarrollo de Andaluc\u00eda IDEA, organismo adscrito a la Consejer\u00eda Empleo, Empresa y Comercio, ha aprobado en la comisi\u00f3n de valoraci\u00f3n auton\u00f3mica del Programa de incentivos para el desarrollo industrial y la creaci\u00f3n de empleo en Andaluc\u00eda y en la reuni\u00f3n de su consejo rector del mes de julio apoyar 25","twitter:image":"https:\/\/www.eldigitaldeasturias.com\/noticias\/wp-content\/uploads\/2020\/12\/EDA-1.jpg","twitter:label1":"Escrito por","twitter:data1":"El Digital de Asturias","twitter:label2":"Tiempo de lectura estimado","twitter:data2":"8 minutos"},"aioseo_meta_data":{"post_id":"948262","title":null,"description":null,"keywords":null,"keyphrases":null,"primary_term":null,"canonical_url":null,"og_title":null,"og_description":null,"og_object_type":"default","og_image_type":"default","og_image_url":null,"og_image_width":null,"og_image_height":null,"og_image_custom_url":null,"og_image_custom_fields":null,"og_video":null,"og_custom_url":null,"og_article_section":null,"og_article_tags":null,"twitter_use_og":false,"twitter_card":"default","twitter_image_type":"default","twitter_image_url":null,"twitter_image_custom_url":null,"twitter_image_custom_fields":null,"twitter_title":null,"twitter_description":null,"schema":{"blockGraphs":[],"customGraphs":[],"default":{"data":{"Article":[],"Course":[],"Dataset":[],"FAQPage":[],"Movie":[],"Person":[],"Product":[],"ProductReview":[],"Car":[],"Recipe":[],"Service":[],"SoftwareApplication":[],"WebPage":[]},"graphName":"","isEnabled":true},"graphs":[],"defaultGraph":"","defaultPostTypeGraph":""},"schema_type":null,"schema_type_options":null,"pillar_content":false,"robots_default":true,"robots_noindex":false,"robots_noarchive":false,"robots_nosnippet":false,"robots_nofollow":false,"robots_noimageindex":false,"robots_noodp":false,"robots_notranslate":false,"robots_max_snippet":null,"robots_max_videopreview":null,"robots_max_imagepreview":"large","priority":null,"frequency":null,"local_seo":null,"seo_analyzer_scan_date":"2025-12-05 07:59:12","breadcrumb_settings":null,"limit_modified_date":false,"open_ai":null,"ai":null,"created":"2020-12-21 13:05:41","updated":"2025-12-05 07:59:12","focus_keyword":null,"additional_keywords":null,"truseo_locale":null},"aioseo_breadcrumb":"<div class=\"aioseo-breadcrumbs\"><span class=\"aioseo-breadcrumb\">\n\t<a href=\"https:\/\/www.eldigitaldeasturias.com\/noticias\" title=\"Home\">Home<\/a>\n<\/span><span class=\"aioseo-breadcrumb-separator\">\u2013<\/span><span class=\"aioseo-breadcrumb\">\n\t<a href=\"https:\/\/www.eldigitaldeasturias.com\/noticias\/category\/actualidad\/\" title=\"Actualidad\">Actualidad<\/a>\n<\/span><span class=\"aioseo-breadcrumb-separator\">\u2013<\/span><span class=\"aioseo-breadcrumb\">\n\t<a href=\"https:\/\/www.eldigitaldeasturias.com\/noticias\/la-junta-de-andalucia-incentiva-25-nuevos-proyectos-empresariales\/\" title=\"La Junta de Andaluc\u00eda incentiva 25 nuevos proyectos empresariales\">La Junta de Andaluc\u00eda incentiva 25 nuevos proyectos empresariales<\/a>\n<\/span><\/div>","aioseo_breadcrumb_json":[{"label":"Home","link":"https:\/\/www.eldigitaldeasturias.com\/noticias"},{"label":"Actualidad","link":"https:\/\/www.eldigitaldeasturias.com\/noticias\/category\/actualidad\/"},{"label":"La Junta de Andaluc\u00eda incentiva 25 nuevos proyectos empresariales","link":"https:\/\/www.eldigitaldeasturias.com\/noticias\/la-junta-de-andalucia-incentiva-25-nuevos-proyectos-empresariales\/"}],"_links":{"self":[{"href":"https:\/\/www.eldigitaldeasturias.com\/noticias\/wp-json\/wp\/v2\/posts\/948262","targetHints":{"allow":["GET"]}}],"collection":[{"href":"https:\/\/www.eldigitaldeasturias.com\/noticias\/wp-json\/wp\/v2\/posts"}],"about":[{"href":"https:\/\/www.eldigitaldeasturias.com\/noticias\/wp-json\/wp\/v2\/types\/post"}],"author":[{"embeddable":true,"href":"https:\/\/www.eldigitaldeasturias.com\/noticias\/wp-json\/wp\/v2\/users\/1"}],"replies":[{"embeddable":true,"href":"https:\/\/www.eldigitaldeasturias.com\/noticias\/wp-json\/wp\/v2\/comments?post=948262"}],"version-history":[{"count":0,"href":"https:\/\/www.eldigitaldeasturias.com\/noticias\/wp-json\/wp\/v2\/posts\/948262\/revisions"}],"wp:attachment":[{"href":"https:\/\/www.eldigitaldeasturias.com\/noticias\/wp-json\/wp\/v2\/media?parent=948262"}],"wp:term":[{"taxonomy":"category","embeddable":true,"href":"https:\/\/www.eldigitaldeasturias.com\/noticias\/wp-json\/wp\/v2\/categories?post=948262"},{"taxonomy":"post_tag","embeddable":true,"href":"https:\/\/www.eldigitaldeasturias.com\/noticias\/wp-json\/wp\/v2\/tags?post=948262"}],"curies":[{"name":"wp","href":"https:\/\/api.w.org\/{rel}","templated":true}]}}