{"id":948251,"date":"2017-07-31T19:36:20","date_gmt":"2017-07-31T19:36:20","guid":{"rendered":"http:\/\/www.eldigitaldeasturias.com\/noticias\/?p=948251"},"modified":"2017-07-31T19:36:20","modified_gmt":"2017-07-31T19:36:20","slug":"dekra-crea-el-centro-de-pruebas-mas-grande-de-europa-para-vehiculos-de-conduccion-autonoma-y-conectada","status":"publish","type":"post","link":"https:\/\/www.eldigitaldeasturias.com\/noticias\/dekra-crea-el-centro-de-pruebas-mas-grande-de-europa-para-vehiculos-de-conduccion-autonoma-y-conectada\/","title":{"rendered":"DEKRA crea el centro de pruebas m\u00e1s grande de Europa para veh\u00edculos de conducci\u00f3n aut\u00f3noma y conectada"},"content":{"rendered":"<p><img loading=\"lazy\" decoding=\"async\" class=\"alignleft size-medium wp-image-948252\" src=\"https:\/\/www.eldigitaldeasturias.com\/noticias\/wp-content\/uploads\/2017\/07\/1501150148_image_gallery-360x208.jpg\" alt=\"\" width=\"360\" height=\"208\" \/>Automatizaci\u00f3n y conectividad est\u00e1n adquiriendo cada vez m\u00e1s importancia en la seguridad de la movilidad y es por ello que la compa\u00f1\u00eda est\u00e1 invirtiendo m\u00e1s de 30 millones de euros en la creaci\u00f3n de la red de pruebas m\u00e1s grande de Europa.<\/p>\n<p>Desde que la empresa fue fundada en 1925, la seguridad en carretera ha sido un pilar fundamental en su visi\u00f3n de negocio. Es por ello que <span style=\"color: #ff0000;\"><a href=\"http:\/\/www.dekra.es\/\" target=\"_blank\" rel=\"nofollow noopener\"><strong><span style=\"color: #ff0000;\">DEKRA<\/span><\/strong><\/a><\/span> ofrece una amplia experiencia en el testeo y desarrollo a sus clientes en la industria de automoci\u00f3n.<\/p>\n<p>El objetivo de la red de instalaciones de Klettwitz reside en crear un centro independiente de conducci\u00f3n conectada y aut\u00f3noma. Este emplazamiento dispondr\u00e1 de instalaciones de prueba para todos los aspectos de la conducci\u00f3n automatizada. Construcci\u00f3n de dos rutas de ciudad, una de tierra y una de autopista junto con varias \u00e1reas de asfalto, ideales para desarrollar las pruebas. La instalaci\u00f3n incluir\u00e1 tambi\u00e9n todos los componentes necesarios para la integraci\u00f3n en comunicaci\u00f3n de veh\u00edculo a veh\u00edculo (V2V) y veh\u00edculo a infraestructura (V2X).<\/p>\n<p>Con esta nueva expansi\u00f3n del Centro Tecnol\u00f3gico de DEKRA, se crear\u00e1n alrededor de 100 nuevos puestos de trabajo cualificados para cubrir todas las necesidades de personal a medio y largo plazo.<\/p>\n<p>En palabras del Presidente de la Junta Directiva, Stefan K\u00f6lbl \u201cEn Klettwitz estamos invirtiendo en el futuro de la movilidad y en el futuro de la compa\u00f1\u00eda. Esta nueva adquisici\u00f3n supone un gran paso hacia delante para la consecuci\u00f3n de nuestra Visi\u00f3n 2025: ser el partner global para un mundo seguro\u201d.<\/p>\n<p><strong>Sobre DEKRA<\/strong><\/p>\n<p>DEKRA ha estado activa en el campo de la seguridad durante m\u00e1s de 90 a\u00f1os. Fundada en 1925 en Berl\u00edn, es hoy una de las organizaciones de expertos l\u00edderes en el mundo. DEKRA SE es una filial de DEKRA e.V. y gestiona los negocios de explotaci\u00f3n del Grupo. Sus servicios van desde la inspecci\u00f3n de veh\u00edculos y expertos de evaluaciones a los servicios de reclamaciones, inspecciones industriales y de construcci\u00f3n, consultor\u00eda de seguridad, pruebas y certificaci\u00f3n de productos y sistemas, as\u00ed como cursos de formaci\u00f3n y trabajo temporal.<\/p>\n<p><strong>DEKRA en Espa\u00f1a <\/strong>cerr\u00f3 en 2016 con una facturaci\u00f3n de 57 millones de euros, con un crecimiento del 10% frente al a\u00f1o anterior y con 531 empleados. Presente en sus 3 unidades de negocio principales, Automoci\u00f3n, Industria y Personal, prev\u00e9 un crecimiento importante de acuerdo con las nuevas oportunidades del mercado para los a\u00f1os venideros.<\/p>\n","protected":false},"excerpt":{"rendered":"<p>Automatizaci\u00f3n y conectividad est\u00e1n adquiriendo cada vez m\u00e1s importancia en la seguridad de la movilidad y es por ello que la compa\u00f1\u00eda est\u00e1 invirtiendo m\u00e1s de 30 millones de euros en la creaci\u00f3n de la red de pruebas m\u00e1s grande de Europa. Desde que la empresa fue fundada en 1925, la seguridad en carretera ha [&hellip;]<\/p>\n","protected":false},"author":1,"featured_media":948252,"comment_status":"closed","ping_status":"closed","sticky":false,"template":"","format":"standard","meta":{"footnotes":""},"categories":[1],"tags":[],"class_list":["post-948251","post","type-post","status-publish","format-standard","has-post-thumbnail","hentry","category-actualidad"],"aioseo_notices":[],"aioseo_head":"\n\t\t<!-- All in One SEO Pro 5.0.1 - aioseo.com -->\n\t<meta name=\"description\" content=\"Automatizaci\u00f3n y conectividad est\u00e1n adquiriendo cada vez m\u00e1s importancia en la seguridad de la movilidad y es por ello que la compa\u00f1\u00eda est\u00e1 invirtiendo m\u00e1s de 30 millones de euros en la creaci\u00f3n de la red de pruebas m\u00e1s grande de Europa. Desde que la empresa fue fundada en 1925, la seguridad en carretera ha\" \/>\n\t<meta name=\"robots\" content=\"max-image-preview:large\" \/>\n\t<meta name=\"author\" content=\"El Digital de Asturias\"\/>\n\t<meta name=\"google-site-verification\" content=\"UA-38556648-1\" \/>\n\t<meta name=\"msvalidate.01\" content=\"7dfe9f3f1b24437ab69f4f2559babe99\" \/>\n\t<meta name=\"keywords\" content=\"actualidad\" \/>\n\t<link rel=\"canonical\" href=\"https:\/\/www.eldigitaldeasturias.com\/noticias\/dekra-crea-el-centro-de-pruebas-mas-grande-de-europa-para-vehiculos-de-conduccion-autonoma-y-conectada\/\" \/>\n\t<meta name=\"generator\" content=\"All in One SEO Pro (AIOSEO) 5.0.1\" \/>\n\t\t<meta property=\"og:locale\" content=\"es_ES\" \/>\n\t\t<meta property=\"og:site_name\" content=\"El Digital de Asturias\" \/>\n\t\t<meta property=\"og:type\" content=\"article\" \/>\n\t\t<meta property=\"og:title\" content=\"DEKRA crea el centro de pruebas m\u00e1s grande de Europa para veh\u00edculos de conducci\u00f3n aut\u00f3noma y conectada - El Digital de Asturias\" \/>\n\t\t<meta property=\"og:description\" content=\"Automatizaci\u00f3n y conectividad est\u00e1n adquiriendo cada vez m\u00e1s importancia en la seguridad de la movilidad y es por ello que la compa\u00f1\u00eda est\u00e1 invirtiendo m\u00e1s de 30 millones de euros en la creaci\u00f3n de la red de pruebas m\u00e1s grande de Europa. Desde que la empresa fue fundada en 1925, la seguridad en carretera ha\" \/>\n\t\t<meta property=\"og:url\" content=\"https:\/\/www.eldigitaldeasturias.com\/noticias\/dekra-crea-el-centro-de-pruebas-mas-grande-de-europa-para-vehiculos-de-conduccion-autonoma-y-conectada\/\" \/>\n\t\t<meta property=\"article:tag\" content=\"actualidad\" \/>\n\t\t<meta property=\"article:published_time\" content=\"2017-07-31T19:36:20+00:00\" \/>\n\t\t<meta property=\"article:modified_time\" content=\"2017-07-31T19:36:20+00:00\" \/>\n\t\t<meta property=\"article:publisher\" content=\"https:\/\/facebook.com\/eldigitaldeasturias\" \/>\n\t\t<meta name=\"twitter:card\" content=\"summary_large_image\" \/>\n\t\t<meta name=\"twitter:title\" content=\"DEKRA crea el centro de pruebas m\u00e1s grande de Europa para veh\u00edculos de conducci\u00f3n aut\u00f3noma y conectada - El Digital de Asturias\" \/>\n\t\t<meta name=\"twitter:description\" content=\"Automatizaci\u00f3n y conectividad est\u00e1n adquiriendo cada vez m\u00e1s importancia en la seguridad de la movilidad y es por ello que la compa\u00f1\u00eda est\u00e1 invirtiendo m\u00e1s de 30 millones de euros en la creaci\u00f3n de la red de pruebas m\u00e1s grande de Europa. Desde que la empresa fue fundada en 1925, la seguridad en carretera ha\" \/>\n\t\t<meta name=\"twitter:image\" content=\"https:\/\/www.eldigitaldeasturias.com\/noticias\/wp-content\/uploads\/2020\/12\/EDA-1.jpg\" \/>\n\t\t<meta name=\"twitter:label1\" content=\"Escrito por\" \/>\n\t\t<meta name=\"twitter:data1\" content=\"El Digital de Asturias\" \/>\n\t\t<meta name=\"twitter:label2\" content=\"Tiempo de lectura estimado\" \/>\n\t\t<meta name=\"twitter:data2\" content=\"2 minutos\" \/>\n\t\t<script type=\"application\/ld+json\" class=\"aioseo-schema\">\n\t\t\t{\"@context\":\"https:\\\/\\\/schema.org\",\"@graph\":[{\"@type\":\"BlogPosting\",\"@id\":\"https:\\\/\\\/www.eldigitaldeasturias.com\\\/noticias\\\/dekra-crea-el-centro-de-pruebas-mas-grande-de-europa-para-vehiculos-de-conduccion-autonoma-y-conectada\\\/#blogposting\",\"name\":\"DEKRA crea el centro de pruebas m\\u00e1s grande de Europa para veh\\u00edculos de conducci\\u00f3n aut\\u00f3noma y conectada - El Digital de Asturias\",\"headline\":\"DEKRA crea el centro de pruebas m\\u00e1s grande de Europa para veh\\u00edculos de conducci\\u00f3n aut\\u00f3noma y conectada\",\"author\":{\"@id\":\"https:\\\/\\\/www.eldigitaldeasturias.com\\\/noticias\\\/author\\\/admin\\\/#author\"},\"publisher\":{\"@id\":\"https:\\\/\\\/www.eldigitaldeasturias.com\\\/noticias\\\/#organization\"},\"image\":{\"@type\":\"ImageObject\",\"url\":948252},\"datePublished\":\"2017-07-31T19:36:20+02:00\",\"dateModified\":\"2017-07-31T19:36:20+02:00\",\"inLanguage\":\"es-ES\",\"mainEntityOfPage\":{\"@id\":\"https:\\\/\\\/www.eldigitaldeasturias.com\\\/noticias\\\/dekra-crea-el-centro-de-pruebas-mas-grande-de-europa-para-vehiculos-de-conduccion-autonoma-y-conectada\\\/#webpage\"},\"isPartOf\":{\"@id\":\"https:\\\/\\\/www.eldigitaldeasturias.com\\\/noticias\\\/dekra-crea-el-centro-de-pruebas-mas-grande-de-europa-para-vehiculos-de-conduccion-autonoma-y-conectada\\\/#webpage\"},\"articleSection\":\"Actualidad\"},{\"@type\":\"BreadcrumbList\",\"@id\":\"https:\\\/\\\/www.eldigitaldeasturias.com\\\/noticias\\\/dekra-crea-el-centro-de-pruebas-mas-grande-de-europa-para-vehiculos-de-conduccion-autonoma-y-conectada\\\/#breadcrumblist\",\"itemListElement\":[{\"@type\":\"ListItem\",\"@id\":\"https:\\\/\\\/www.eldigitaldeasturias.com\\\/noticias#listItem\",\"position\":1,\"name\":\"Home\",\"item\":\"https:\\\/\\\/www.eldigitaldeasturias.com\\\/noticias\",\"nextItem\":{\"@type\":\"ListItem\",\"@id\":\"https:\\\/\\\/www.eldigitaldeasturias.com\\\/noticias\\\/category\\\/actualidad\\\/#listItem\",\"name\":\"Actualidad\"}},{\"@type\":\"ListItem\",\"@id\":\"https:\\\/\\\/www.eldigitaldeasturias.com\\\/noticias\\\/category\\\/actualidad\\\/#listItem\",\"position\":2,\"name\":\"Actualidad\",\"item\":\"https:\\\/\\\/www.eldigitaldeasturias.com\\\/noticias\\\/category\\\/actualidad\\\/\",\"nextItem\":{\"@type\":\"ListItem\",\"@id\":\"https:\\\/\\\/www.eldigitaldeasturias.com\\\/noticias\\\/dekra-crea-el-centro-de-pruebas-mas-grande-de-europa-para-vehiculos-de-conduccion-autonoma-y-conectada\\\/#listItem\",\"name\":\"DEKRA crea el centro de pruebas m\\u00e1s grande de Europa para veh\\u00edculos de conducci\\u00f3n aut\\u00f3noma y conectada\"},\"previousItem\":{\"@type\":\"ListItem\",\"@id\":\"https:\\\/\\\/www.eldigitaldeasturias.com\\\/noticias#listItem\",\"name\":\"Home\"}},{\"@type\":\"ListItem\",\"@id\":\"https:\\\/\\\/www.eldigitaldeasturias.com\\\/noticias\\\/dekra-crea-el-centro-de-pruebas-mas-grande-de-europa-para-vehiculos-de-conduccion-autonoma-y-conectada\\\/#listItem\",\"position\":3,\"name\":\"DEKRA crea el centro de pruebas m\\u00e1s grande de Europa para veh\\u00edculos de conducci\\u00f3n aut\\u00f3noma y conectada\",\"previousItem\":{\"@type\":\"ListItem\",\"@id\":\"https:\\\/\\\/www.eldigitaldeasturias.com\\\/noticias\\\/category\\\/actualidad\\\/#listItem\",\"name\":\"Actualidad\"}}]},{\"@type\":\"Organization\",\"@id\":\"https:\\\/\\\/www.eldigitaldeasturias.com\\\/noticias\\\/#organization\",\"name\":\"El Digital de Asturias\",\"description\":\"Hemeroteca\",\"url\":\"https:\\\/\\\/www.eldigitaldeasturias.com\\\/noticias\\\/\",\"email\":\"info@eldigitaldeasturias.com\",\"telephone\":\"+34652131393\",\"logo\":{\"@type\":\"ImageObject\",\"url\":\"https:\\\/\\\/www.eldigitaldeasturias.com\\\/noticias\\\/wp-content\\\/uploads\\\/2020\\\/12\\\/EDA.jpg\",\"@id\":\"https:\\\/\\\/www.eldigitaldeasturias.com\\\/noticias\\\/dekra-crea-el-centro-de-pruebas-mas-grande-de-europa-para-vehiculos-de-conduccion-autonoma-y-conectada\\\/#organizationLogo\"},\"image\":{\"@id\":\"https:\\\/\\\/www.eldigitaldeasturias.com\\\/noticias\\\/dekra-crea-el-centro-de-pruebas-mas-grande-de-europa-para-vehiculos-de-conduccion-autonoma-y-conectada\\\/#organizationLogo\"},\"sameAs\":[\"https:\\\/\\\/facebook.com\\\/eldigitaldeasturias\",\"https:\\\/\\\/www.youtube.com\\\/channel\\\/UCZP-2wLEB9Rv6erhFmqVnvg\"],\"address\":{\"@id\":\"https:\\\/\\\/www.eldigitaldeasturias.com\\\/noticias\\\/#postaladdress\",\"@type\":\"PostalAddress\",\"streetAddress\":\"san antonio 4\",\"postalCode\":\"33430\",\"addressLocality\":\"Cand\\u00e1s\",\"addressRegion\":\"Asturias\",\"addressCountry\":\"ES\"}},{\"@type\":\"Person\",\"@id\":\"https:\\\/\\\/www.eldigitaldeasturias.com\\\/noticias\\\/author\\\/admin\\\/#author\",\"url\":\"https:\\\/\\\/www.eldigitaldeasturias.com\\\/noticias\\\/author\\\/admin\\\/\",\"name\":\"El Digital de Asturias\",\"image\":{\"@type\":\"ImageObject\",\"@id\":\"https:\\\/\\\/www.eldigitaldeasturias.com\\\/noticias\\\/dekra-crea-el-centro-de-pruebas-mas-grande-de-europa-para-vehiculos-de-conduccion-autonoma-y-conectada\\\/#authorImage\",\"url\":\"https:\\\/\\\/secure.gravatar.com\\\/avatar\\\/df2aeffc32bcd13f8d26072ef8a91b623d677766deac7f97ca815868cd41bf5e?s=96&d=mm&r=g\",\"width\":96,\"height\":96,\"caption\":\"El Digital de Asturias\"}},{\"@type\":\"WebPage\",\"@id\":\"https:\\\/\\\/www.eldigitaldeasturias.com\\\/noticias\\\/dekra-crea-el-centro-de-pruebas-mas-grande-de-europa-para-vehiculos-de-conduccion-autonoma-y-conectada\\\/#webpage\",\"url\":\"https:\\\/\\\/www.eldigitaldeasturias.com\\\/noticias\\\/dekra-crea-el-centro-de-pruebas-mas-grande-de-europa-para-vehiculos-de-conduccion-autonoma-y-conectada\\\/\",\"name\":\"DEKRA crea el centro de pruebas m\\u00e1s grande de Europa para veh\\u00edculos de conducci\\u00f3n aut\\u00f3noma y conectada - El Digital de Asturias\",\"description\":\"Automatizaci\\u00f3n y conectividad est\\u00e1n adquiriendo cada vez m\\u00e1s importancia en la seguridad de la movilidad y es por ello que la compa\\u00f1\\u00eda est\\u00e1 invirtiendo m\\u00e1s de 30 millones de euros en la creaci\\u00f3n de la red de pruebas m\\u00e1s grande de Europa. Desde que la empresa fue fundada en 1925, la seguridad en carretera ha\",\"inLanguage\":\"es-ES\",\"isPartOf\":{\"@id\":\"https:\\\/\\\/www.eldigitaldeasturias.com\\\/noticias\\\/#website\"},\"breadcrumb\":{\"@id\":\"https:\\\/\\\/www.eldigitaldeasturias.com\\\/noticias\\\/dekra-crea-el-centro-de-pruebas-mas-grande-de-europa-para-vehiculos-de-conduccion-autonoma-y-conectada\\\/#breadcrumblist\"},\"author\":{\"@id\":\"https:\\\/\\\/www.eldigitaldeasturias.com\\\/noticias\\\/author\\\/admin\\\/#author\"},\"creator\":{\"@id\":\"https:\\\/\\\/www.eldigitaldeasturias.com\\\/noticias\\\/author\\\/admin\\\/#author\"},\"image\":{\"@type\":\"ImageObject\",\"url\":948252,\"@id\":\"https:\\\/\\\/www.eldigitaldeasturias.com\\\/noticias\\\/dekra-crea-el-centro-de-pruebas-mas-grande-de-europa-para-vehiculos-de-conduccion-autonoma-y-conectada\\\/#mainImage\"},\"primaryImageOfPage\":{\"@id\":\"https:\\\/\\\/www.eldigitaldeasturias.com\\\/noticias\\\/dekra-crea-el-centro-de-pruebas-mas-grande-de-europa-para-vehiculos-de-conduccion-autonoma-y-conectada\\\/#mainImage\"},\"datePublished\":\"2017-07-31T19:36:20+02:00\",\"dateModified\":\"2017-07-31T19:36:20+02:00\"},{\"@type\":\"WebSite\",\"@id\":\"https:\\\/\\\/www.eldigitaldeasturias.com\\\/noticias\\\/#website\",\"url\":\"https:\\\/\\\/www.eldigitaldeasturias.com\\\/noticias\\\/\",\"name\":\"El Digital de Asturias - Diario de actualidad y noticias\",\"alternateName\":\"El Digital de Asturias - Diario de actualidad y noticias\",\"description\":\"Hemeroteca\",\"inLanguage\":\"es-ES\",\"publisher\":{\"@id\":\"https:\\\/\\\/www.eldigitaldeasturias.com\\\/noticias\\\/#organization\"}}]}\n\t\t<\/script>\n\t\t<!-- All in One SEO Pro -->\r\n\t\t<title>DEKRA crea el centro de pruebas m\u00e1s grande de Europa para veh\u00edculos de conducci\u00f3n aut\u00f3noma y conectada - El Digital de Asturias<\/title>\n\n","aioseo_head_json":{"title":"DEKRA crea el centro de pruebas m\u00e1s grande de Europa para veh\u00edculos de conducci\u00f3n aut\u00f3noma y conectada - El Digital de Asturias","description":"Automatizaci\u00f3n y conectividad est\u00e1n adquiriendo cada vez m\u00e1s importancia en la seguridad de la movilidad y es por ello que la compa\u00f1\u00eda est\u00e1 invirtiendo m\u00e1s de 30 millones de euros en la creaci\u00f3n de la red de pruebas m\u00e1s grande de Europa. Desde que la empresa fue fundada en 1925, la seguridad en carretera ha","canonical_url":"https:\/\/www.eldigitaldeasturias.com\/noticias\/dekra-crea-el-centro-de-pruebas-mas-grande-de-europa-para-vehiculos-de-conduccion-autonoma-y-conectada\/","robots":"max-image-preview:large","keywords":"actualidad","webmasterTools":{"google-site-verification":"UA-38556648-1","msvalidate.01":"7dfe9f3f1b24437ab69f4f2559babe99","miscellaneous":""},"schema":{"@context":"https:\/\/schema.org","@graph":[{"@type":"BlogPosting","@id":"https:\/\/www.eldigitaldeasturias.com\/noticias\/dekra-crea-el-centro-de-pruebas-mas-grande-de-europa-para-vehiculos-de-conduccion-autonoma-y-conectada\/#blogposting","name":"DEKRA crea el centro de pruebas m\u00e1s grande de Europa para veh\u00edculos de conducci\u00f3n aut\u00f3noma y conectada - El Digital de Asturias","headline":"DEKRA crea el centro de pruebas m\u00e1s grande de Europa para veh\u00edculos de conducci\u00f3n aut\u00f3noma y conectada","author":{"@id":"https:\/\/www.eldigitaldeasturias.com\/noticias\/author\/admin\/#author"},"publisher":{"@id":"https:\/\/www.eldigitaldeasturias.com\/noticias\/#organization"},"image":{"@type":"ImageObject","url":948252},"datePublished":"2017-07-31T19:36:20+02:00","dateModified":"2017-07-31T19:36:20+02:00","inLanguage":"es-ES","mainEntityOfPage":{"@id":"https:\/\/www.eldigitaldeasturias.com\/noticias\/dekra-crea-el-centro-de-pruebas-mas-grande-de-europa-para-vehiculos-de-conduccion-autonoma-y-conectada\/#webpage"},"isPartOf":{"@id":"https:\/\/www.eldigitaldeasturias.com\/noticias\/dekra-crea-el-centro-de-pruebas-mas-grande-de-europa-para-vehiculos-de-conduccion-autonoma-y-conectada\/#webpage"},"articleSection":"Actualidad"},{"@type":"BreadcrumbList","@id":"https:\/\/www.eldigitaldeasturias.com\/noticias\/dekra-crea-el-centro-de-pruebas-mas-grande-de-europa-para-vehiculos-de-conduccion-autonoma-y-conectada\/#breadcrumblist","itemListElement":[{"@type":"ListItem","@id":"https:\/\/www.eldigitaldeasturias.com\/noticias#listItem","position":1,"name":"Home","item":"https:\/\/www.eldigitaldeasturias.com\/noticias","nextItem":{"@type":"ListItem","@id":"https:\/\/www.eldigitaldeasturias.com\/noticias\/category\/actualidad\/#listItem","name":"Actualidad"}},{"@type":"ListItem","@id":"https:\/\/www.eldigitaldeasturias.com\/noticias\/category\/actualidad\/#listItem","position":2,"name":"Actualidad","item":"https:\/\/www.eldigitaldeasturias.com\/noticias\/category\/actualidad\/","nextItem":{"@type":"ListItem","@id":"https:\/\/www.eldigitaldeasturias.com\/noticias\/dekra-crea-el-centro-de-pruebas-mas-grande-de-europa-para-vehiculos-de-conduccion-autonoma-y-conectada\/#listItem","name":"DEKRA crea el centro de pruebas m\u00e1s grande de Europa para veh\u00edculos de conducci\u00f3n aut\u00f3noma y conectada"},"previousItem":{"@type":"ListItem","@id":"https:\/\/www.eldigitaldeasturias.com\/noticias#listItem","name":"Home"}},{"@type":"ListItem","@id":"https:\/\/www.eldigitaldeasturias.com\/noticias\/dekra-crea-el-centro-de-pruebas-mas-grande-de-europa-para-vehiculos-de-conduccion-autonoma-y-conectada\/#listItem","position":3,"name":"DEKRA crea el centro de pruebas m\u00e1s grande de Europa para veh\u00edculos de conducci\u00f3n aut\u00f3noma y conectada","previousItem":{"@type":"ListItem","@id":"https:\/\/www.eldigitaldeasturias.com\/noticias\/category\/actualidad\/#listItem","name":"Actualidad"}}]},{"@type":"Organization","@id":"https:\/\/www.eldigitaldeasturias.com\/noticias\/#organization","name":"El Digital de Asturias","description":"Hemeroteca","url":"https:\/\/www.eldigitaldeasturias.com\/noticias\/","email":"info@eldigitaldeasturias.com","telephone":"+34652131393","logo":{"@type":"ImageObject","url":"https:\/\/www.eldigitaldeasturias.com\/noticias\/wp-content\/uploads\/2020\/12\/EDA.jpg","@id":"https:\/\/www.eldigitaldeasturias.com\/noticias\/dekra-crea-el-centro-de-pruebas-mas-grande-de-europa-para-vehiculos-de-conduccion-autonoma-y-conectada\/#organizationLogo"},"image":{"@id":"https:\/\/www.eldigitaldeasturias.com\/noticias\/dekra-crea-el-centro-de-pruebas-mas-grande-de-europa-para-vehiculos-de-conduccion-autonoma-y-conectada\/#organizationLogo"},"sameAs":["https:\/\/facebook.com\/eldigitaldeasturias","https:\/\/www.youtube.com\/channel\/UCZP-2wLEB9Rv6erhFmqVnvg"],"address":{"@id":"https:\/\/www.eldigitaldeasturias.com\/noticias\/#postaladdress","@type":"PostalAddress","streetAddress":"san antonio 4","postalCode":"33430","addressLocality":"Cand\u00e1s","addressRegion":"Asturias","addressCountry":"ES"}},{"@type":"Person","@id":"https:\/\/www.eldigitaldeasturias.com\/noticias\/author\/admin\/#author","url":"https:\/\/www.eldigitaldeasturias.com\/noticias\/author\/admin\/","name":"El Digital de Asturias","image":{"@type":"ImageObject","@id":"https:\/\/www.eldigitaldeasturias.com\/noticias\/dekra-crea-el-centro-de-pruebas-mas-grande-de-europa-para-vehiculos-de-conduccion-autonoma-y-conectada\/#authorImage","url":"https:\/\/secure.gravatar.com\/avatar\/df2aeffc32bcd13f8d26072ef8a91b623d677766deac7f97ca815868cd41bf5e?s=96&d=mm&r=g","width":96,"height":96,"caption":"El Digital de Asturias"}},{"@type":"WebPage","@id":"https:\/\/www.eldigitaldeasturias.com\/noticias\/dekra-crea-el-centro-de-pruebas-mas-grande-de-europa-para-vehiculos-de-conduccion-autonoma-y-conectada\/#webpage","url":"https:\/\/www.eldigitaldeasturias.com\/noticias\/dekra-crea-el-centro-de-pruebas-mas-grande-de-europa-para-vehiculos-de-conduccion-autonoma-y-conectada\/","name":"DEKRA crea el centro de pruebas m\u00e1s grande de Europa para veh\u00edculos de conducci\u00f3n aut\u00f3noma y conectada - El Digital de Asturias","description":"Automatizaci\u00f3n y conectividad est\u00e1n adquiriendo cada vez m\u00e1s importancia en la seguridad de la movilidad y es por ello que la compa\u00f1\u00eda est\u00e1 invirtiendo m\u00e1s de 30 millones de euros en la creaci\u00f3n de la red de pruebas m\u00e1s grande de Europa. Desde que la empresa fue fundada en 1925, la seguridad en carretera ha","inLanguage":"es-ES","isPartOf":{"@id":"https:\/\/www.eldigitaldeasturias.com\/noticias\/#website"},"breadcrumb":{"@id":"https:\/\/www.eldigitaldeasturias.com\/noticias\/dekra-crea-el-centro-de-pruebas-mas-grande-de-europa-para-vehiculos-de-conduccion-autonoma-y-conectada\/#breadcrumblist"},"author":{"@id":"https:\/\/www.eldigitaldeasturias.com\/noticias\/author\/admin\/#author"},"creator":{"@id":"https:\/\/www.eldigitaldeasturias.com\/noticias\/author\/admin\/#author"},"image":{"@type":"ImageObject","url":948252,"@id":"https:\/\/www.eldigitaldeasturias.com\/noticias\/dekra-crea-el-centro-de-pruebas-mas-grande-de-europa-para-vehiculos-de-conduccion-autonoma-y-conectada\/#mainImage"},"primaryImageOfPage":{"@id":"https:\/\/www.eldigitaldeasturias.com\/noticias\/dekra-crea-el-centro-de-pruebas-mas-grande-de-europa-para-vehiculos-de-conduccion-autonoma-y-conectada\/#mainImage"},"datePublished":"2017-07-31T19:36:20+02:00","dateModified":"2017-07-31T19:36:20+02:00"},{"@type":"WebSite","@id":"https:\/\/www.eldigitaldeasturias.com\/noticias\/#website","url":"https:\/\/www.eldigitaldeasturias.com\/noticias\/","name":"El Digital de Asturias - Diario de actualidad y noticias","alternateName":"El Digital de Asturias - Diario de actualidad y noticias","description":"Hemeroteca","inLanguage":"es-ES","publisher":{"@id":"https:\/\/www.eldigitaldeasturias.com\/noticias\/#organization"}}]},"og:locale":"es_ES","og:site_name":"El Digital de Asturias","og:type":"article","og:title":"DEKRA crea el centro de pruebas m\u00e1s grande de Europa para veh\u00edculos de conducci\u00f3n aut\u00f3noma y conectada - El Digital de Asturias","og:description":"Automatizaci\u00f3n y conectividad est\u00e1n adquiriendo cada vez m\u00e1s importancia en la seguridad de la movilidad y es por ello que la compa\u00f1\u00eda est\u00e1 invirtiendo m\u00e1s de 30 millones de euros en la creaci\u00f3n de la red de pruebas m\u00e1s grande de Europa. Desde que la empresa fue fundada en 1925, la seguridad en carretera ha","og:url":"https:\/\/www.eldigitaldeasturias.com\/noticias\/dekra-crea-el-centro-de-pruebas-mas-grande-de-europa-para-vehiculos-de-conduccion-autonoma-y-conectada\/","article:tag":["actualidad"],"article:published_time":"2017-07-31T19:36:20+00:00","article:modified_time":"2017-07-31T19:36:20+00:00","article:publisher":"https:\/\/facebook.com\/eldigitaldeasturias","twitter:card":"summary_large_image","twitter:title":"DEKRA crea el centro de pruebas m\u00e1s grande de Europa para veh\u00edculos de conducci\u00f3n aut\u00f3noma y conectada - El Digital de Asturias","twitter:description":"Automatizaci\u00f3n y conectividad est\u00e1n adquiriendo cada vez m\u00e1s importancia en la seguridad de la movilidad y es por ello que la compa\u00f1\u00eda est\u00e1 invirtiendo m\u00e1s de 30 millones de euros en la creaci\u00f3n de la red de pruebas m\u00e1s grande de Europa. Desde que la empresa fue fundada en 1925, la seguridad en carretera ha","twitter:image":"https:\/\/www.eldigitaldeasturias.com\/noticias\/wp-content\/uploads\/2020\/12\/EDA-1.jpg","twitter:label1":"Escrito por","twitter:data1":"El Digital de Asturias","twitter:label2":"Tiempo de lectura estimado","twitter:data2":"2 minutos"},"aioseo_meta_data":{"post_id":"948251","title":null,"description":null,"keywords":null,"keyphrases":null,"primary_term":null,"canonical_url":null,"og_title":null,"og_description":null,"og_object_type":"default","og_image_type":"default","og_image_url":null,"og_image_width":null,"og_image_height":null,"og_image_custom_url":null,"og_image_custom_fields":null,"og_video":null,"og_custom_url":null,"og_article_section":null,"og_article_tags":null,"twitter_use_og":false,"twitter_card":"default","twitter_image_type":"default","twitter_image_url":null,"twitter_image_custom_url":null,"twitter_image_custom_fields":null,"twitter_title":null,"twitter_description":null,"schema":{"blockGraphs":[],"customGraphs":[],"default":{"data":{"Article":[],"Course":[],"Dataset":[],"FAQPage":[],"Movie":[],"Person":[],"Product":[],"ProductReview":[],"Car":[],"Recipe":[],"Service":[],"SoftwareApplication":[],"WebPage":[]},"graphName":"","isEnabled":true},"graphs":[],"defaultGraph":"","defaultPostTypeGraph":""},"schema_type":null,"schema_type_options":null,"pillar_content":false,"robots_default":true,"robots_noindex":false,"robots_noarchive":false,"robots_nosnippet":false,"robots_nofollow":false,"robots_noimageindex":false,"robots_noodp":false,"robots_notranslate":false,"robots_max_snippet":null,"robots_max_videopreview":null,"robots_max_imagepreview":"large","priority":null,"frequency":null,"local_seo":null,"seo_analyzer_scan_date":"2025-12-05 07:57:31","breadcrumb_settings":null,"limit_modified_date":false,"open_ai":null,"ai":null,"created":"2020-12-21 13:05:41","updated":"2025-12-05 07:57:31","focus_keyword":null,"additional_keywords":null,"truseo_locale":null},"aioseo_breadcrumb":"<div class=\"aioseo-breadcrumbs\"><span class=\"aioseo-breadcrumb\">\n\t<a href=\"https:\/\/www.eldigitaldeasturias.com\/noticias\" title=\"Home\">Home<\/a>\n<\/span><span class=\"aioseo-breadcrumb-separator\">\u2013<\/span><span class=\"aioseo-breadcrumb\">\n\t<a href=\"https:\/\/www.eldigitaldeasturias.com\/noticias\/category\/actualidad\/\" title=\"Actualidad\">Actualidad<\/a>\n<\/span><span class=\"aioseo-breadcrumb-separator\">\u2013<\/span><span class=\"aioseo-breadcrumb\">\n\t<a href=\"https:\/\/www.eldigitaldeasturias.com\/noticias\/dekra-crea-el-centro-de-pruebas-mas-grande-de-europa-para-vehiculos-de-conduccion-autonoma-y-conectada\/\" title=\"DEKRA crea el centro de pruebas m\u00e1s grande de Europa para veh\u00edculos de conducci\u00f3n aut\u00f3noma y conectada\">DEKRA crea el centro de pruebas m\u00e1s grande de Europa para veh\u00edculos de conducci\u00f3n aut\u00f3noma y conectada<\/a>\n<\/span><\/div>","aioseo_breadcrumb_json":[{"label":"Home","link":"https:\/\/www.eldigitaldeasturias.com\/noticias"},{"label":"Actualidad","link":"https:\/\/www.eldigitaldeasturias.com\/noticias\/category\/actualidad\/"},{"label":"DEKRA crea el centro de pruebas m\u00e1s grande de Europa para veh\u00edculos de conducci\u00f3n aut\u00f3noma y conectada","link":"https:\/\/www.eldigitaldeasturias.com\/noticias\/dekra-crea-el-centro-de-pruebas-mas-grande-de-europa-para-vehiculos-de-conduccion-autonoma-y-conectada\/"}],"_links":{"self":[{"href":"https:\/\/www.eldigitaldeasturias.com\/noticias\/wp-json\/wp\/v2\/posts\/948251","targetHints":{"allow":["GET"]}}],"collection":[{"href":"https:\/\/www.eldigitaldeasturias.com\/noticias\/wp-json\/wp\/v2\/posts"}],"about":[{"href":"https:\/\/www.eldigitaldeasturias.com\/noticias\/wp-json\/wp\/v2\/types\/post"}],"author":[{"embeddable":true,"href":"https:\/\/www.eldigitaldeasturias.com\/noticias\/wp-json\/wp\/v2\/users\/1"}],"replies":[{"embeddable":true,"href":"https:\/\/www.eldigitaldeasturias.com\/noticias\/wp-json\/wp\/v2\/comments?post=948251"}],"version-history":[{"count":0,"href":"https:\/\/www.eldigitaldeasturias.com\/noticias\/wp-json\/wp\/v2\/posts\/948251\/revisions"}],"wp:attachment":[{"href":"https:\/\/www.eldigitaldeasturias.com\/noticias\/wp-json\/wp\/v2\/media?parent=948251"}],"wp:term":[{"taxonomy":"category","embeddable":true,"href":"https:\/\/www.eldigitaldeasturias.com\/noticias\/wp-json\/wp\/v2\/categories?post=948251"},{"taxonomy":"post_tag","embeddable":true,"href":"https:\/\/www.eldigitaldeasturias.com\/noticias\/wp-json\/wp\/v2\/tags?post=948251"}],"curies":[{"name":"wp","href":"https:\/\/api.w.org\/{rel}","templated":true}]}}