{"id":948248,"date":"2017-07-31T19:34:08","date_gmt":"2017-07-31T19:34:08","guid":{"rendered":"http:\/\/www.eldigitaldeasturias.com\/noticias\/?p=948248"},"modified":"2017-07-31T19:34:08","modified_gmt":"2017-07-31T19:34:08","slug":"el-toro-de-osborne-celebra-su-60-aniversario-en-las-carreteras","status":"publish","type":"post","link":"https:\/\/www.eldigitaldeasturias.com\/noticias\/el-toro-de-osborne-celebra-su-60-aniversario-en-las-carreteras\/","title":{"rendered":"El Toro de Osborne celebra su 60 aniversario en las carreteras"},"content":{"rendered":"<p><img loading=\"lazy\" decoding=\"async\" class=\"alignleft size-medium wp-image-948249\" src=\"https:\/\/www.eldigitaldeasturias.com\/noticias\/wp-content\/uploads\/2017\/07\/1501139548_Toro_de_Osborne-360x240.jpg\" alt=\"\" width=\"360\" height=\"240\" \/>La <a href=\"http:\/\/www.osborne.es\/es\/fundacion\" target=\"_blank\" rel=\"nofollow noopener\"><strong><span style=\"color: #ff0000;\">Fundaci\u00f3n<\/span> <span style=\"color: #ff0000;\">Osborne<\/span><\/strong><\/a> est\u00e1 celebrando el 60 aniversario del Toro de las carreteras. Para conmemorar esta efem\u00e9ride, el Toro de Osborne cuenta con una nueva \u201c<em>eco-valla de carretera\u201d<\/em> en el Puerto de Santa Mar\u00eda, su ciudad natal. Esta nueva valla brillar\u00e1 con luz propia para concienciar a los ciudadanos sobre la importancia del reciclaje de vidrio. La valla mantiene las mismas caracter\u00edsticas que el resto de vallas de carretera -14 metros de altura y 4.000 kilos de peso- pero incluye un elemento novedoso que la rejuvenece: est\u00e1 decorada con 300kg de vidrio reciclado, gracias a la colaboraci\u00f3n de Ecovidrio<\/p>\n<p>La inauguraci\u00f3n de la 95\u00aa valla de carretera del Toro de Osborne cont\u00f3 con la asistencia del Alcalde de El Puerto de Santa Mar\u00eda, David de la Encina, quien coment\u00f3: \u201cEl Toro de Osborne es un referente de nuestra ciudad en el mundo, sin duda nuestra marca m\u00e1s internacional y la imagen de la empresa m\u00e1s longeva de El Puerto\u201d.<\/p>\n<p>El Presidente de la Fundaci\u00f3n Osborne, Tom\u00e1s Osborne, destac\u00f3: \u201cEl Toro de Osborne celebr\u00f3 su cincuenta aniversario de manera solidaria. Ahora celebra el sesenta promoviendo la sostenibilidad. Sin duda, nuestra valla de carretera es un s\u00edmbolo contempor\u00e1neo que se adapta a los tiempos\u201d.<\/p>\n<p>En este sentido, Borja Martiarena, Director de Marketing de Ecovidrio, ha explicado que \u201dEcovidrio apoya a todas las instituciones que, como la Fundaci\u00f3n Osborne, ponen en marcha iniciativas que fomentan el llamamiento a los ciudadanos para que reciclen. Es un honor que un icono como el Toro se haya reciclado en verde\u201d.<\/p>\n<p>Desde la instalaci\u00f3n de aquella primera valla en la localidad madrile\u00f1a de Cabanillas de la Sierra, la silueta del Toro de Osborne ha ido ganando tama\u00f1o, notoriedad y prestigio hasta convertirse en un icono espa\u00f1ol reconocido en todo el mundo. Su dise\u00f1o, sus dimensiones y su ubicaci\u00f3n en los enclaves m\u00e1s estrat\u00e9gicos de las carreteras espa\u00f1ola no han pasado desapercibidos para visitantes, amantes del dise\u00f1o y medios de comunicaci\u00f3n internacionales. Destacan las interpretaciones realizadas por artistas de la talla de Keith Haring, Annie Leibovitz, Helmut Newton y Richard Avedon entre otros autores, que pueden conocerse en Toro Gallery, el espacio muse\u00edstico de la Fundaci\u00f3n Osborne dedicado a la historia del Toro.<\/p>\n<p><strong>Un proyecto \u00fanico para promover el reciclaje<\/strong><\/p>\n<p>Gracias a la colaboraci\u00f3n de Ecovidrio, la nueva valla del Toro de Osborne en el Puerto de Santa Mar\u00eda se ha decorado temporalmente con unas teselas, elaboradas a partir de un subproducto obtenido en el proceso de reciclaje del vidrio, que tienen la propiedad de absorber y almacenar la luz solar durante el d\u00eda, ilumin\u00e1ndose por la noche gracias a la energ\u00eda acumulada.<\/p>\n<p>El reciclaje de vidrio es actualmente un elemento clave en la lucha por el cambio clim\u00e1tico. En Espa\u00f1a se reciclan unas 752.000 toneladas al a\u00f1o aproximadamente 16 kilos por habitante o lo que viene a ser lo mismo 62 envases por persona. Gracias al vidrio depositado en los contenedores verdes, en 2016 los espa\u00f1oles lograron evitar la emisi\u00f3n de 504.000 toneladas de CO2 y han ahorrado 1.670.000 MWh de energ\u00eda.<\/p>\n<p>El Grupo Osborne ha puesto a la venta unos <em>minigl\u00fas<\/em> \u2013r\u00e9plicas a escala de los contenedores que se encuentran en las calles, pero para uso dom\u00e9stico- decorados con el Toro de Osborne. Estos <em>minigl\u00fas<\/em> se pueden adquirir en www.tiendaosborne.es. Los beneficios obtenidos con dichas ventas ser\u00e1n destinados a las campa\u00f1as de concienciaci\u00f3n medioambientales.<\/p>\n<p>&nbsp;<\/p>\n","protected":false},"excerpt":{"rendered":"<p>La Fundaci\u00f3n Osborne est\u00e1 celebrando el 60 aniversario del Toro de las carreteras. Para conmemorar esta efem\u00e9ride, el Toro de Osborne cuenta con una nueva \u201ceco-valla de carretera\u201d en el Puerto de Santa Mar\u00eda, su ciudad natal. Esta nueva valla brillar\u00e1 con luz propia para concienciar a los ciudadanos sobre la importancia del reciclaje de [&hellip;]<\/p>\n","protected":false},"author":1,"featured_media":948249,"comment_status":"closed","ping_status":"closed","sticky":false,"template":"","format":"standard","meta":{"footnotes":""},"categories":[1],"tags":[],"class_list":["post-948248","post","type-post","status-publish","format-standard","has-post-thumbnail","hentry","category-actualidad"],"aioseo_notices":[],"aioseo_head":"\n\t\t<!-- All in One SEO Pro 5.0.1 - aioseo.com -->\n\t<meta name=\"description\" content=\"La Fundaci\u00f3n Osborne est\u00e1 celebrando el 60 aniversario del Toro de las carreteras. Para conmemorar esta efem\u00e9ride, el Toro de Osborne cuenta con una nueva \u201ceco-valla de carretera\u201d en el Puerto de Santa Mar\u00eda, su ciudad natal. Esta nueva valla brillar\u00e1 con luz propia para concienciar a los ciudadanos sobre la importancia del reciclaje de\" \/>\n\t<meta name=\"robots\" content=\"max-image-preview:large\" \/>\n\t<meta name=\"author\" content=\"El Digital de Asturias\"\/>\n\t<meta name=\"google-site-verification\" content=\"UA-38556648-1\" \/>\n\t<meta name=\"msvalidate.01\" content=\"7dfe9f3f1b24437ab69f4f2559babe99\" \/>\n\t<meta name=\"keywords\" content=\"actualidad\" \/>\n\t<link rel=\"canonical\" href=\"https:\/\/www.eldigitaldeasturias.com\/noticias\/el-toro-de-osborne-celebra-su-60-aniversario-en-las-carreteras\/\" \/>\n\t<meta name=\"generator\" content=\"All in One SEO Pro (AIOSEO) 5.0.1\" \/>\n\t\t<meta property=\"og:locale\" content=\"es_ES\" \/>\n\t\t<meta property=\"og:site_name\" content=\"El Digital de Asturias\" \/>\n\t\t<meta property=\"og:type\" content=\"article\" \/>\n\t\t<meta property=\"og:title\" content=\"El Toro de Osborne celebra su 60 aniversario en las carreteras - El Digital de Asturias\" \/>\n\t\t<meta property=\"og:description\" content=\"La Fundaci\u00f3n Osborne est\u00e1 celebrando el 60 aniversario del Toro de las carreteras. Para conmemorar esta efem\u00e9ride, el Toro de Osborne cuenta con una nueva \u201ceco-valla de carretera\u201d en el Puerto de Santa Mar\u00eda, su ciudad natal. Esta nueva valla brillar\u00e1 con luz propia para concienciar a los ciudadanos sobre la importancia del reciclaje de\" \/>\n\t\t<meta property=\"og:url\" content=\"https:\/\/www.eldigitaldeasturias.com\/noticias\/el-toro-de-osborne-celebra-su-60-aniversario-en-las-carreteras\/\" \/>\n\t\t<meta property=\"article:tag\" content=\"actualidad\" \/>\n\t\t<meta property=\"article:published_time\" content=\"2017-07-31T19:34:08+00:00\" \/>\n\t\t<meta property=\"article:modified_time\" content=\"2017-07-31T19:34:08+00:00\" \/>\n\t\t<meta property=\"article:publisher\" content=\"https:\/\/facebook.com\/eldigitaldeasturias\" \/>\n\t\t<meta name=\"twitter:card\" content=\"summary_large_image\" \/>\n\t\t<meta name=\"twitter:title\" content=\"El Toro de Osborne celebra su 60 aniversario en las carreteras - El Digital de Asturias\" \/>\n\t\t<meta name=\"twitter:description\" content=\"La Fundaci\u00f3n Osborne est\u00e1 celebrando el 60 aniversario del Toro de las carreteras. Para conmemorar esta efem\u00e9ride, el Toro de Osborne cuenta con una nueva \u201ceco-valla de carretera\u201d en el Puerto de Santa Mar\u00eda, su ciudad natal. Esta nueva valla brillar\u00e1 con luz propia para concienciar a los ciudadanos sobre la importancia del reciclaje de\" \/>\n\t\t<meta name=\"twitter:image\" content=\"https:\/\/www.eldigitaldeasturias.com\/noticias\/wp-content\/uploads\/2020\/12\/EDA-1.jpg\" \/>\n\t\t<meta name=\"twitter:label1\" content=\"Escrito por\" \/>\n\t\t<meta name=\"twitter:data1\" content=\"El Digital de Asturias\" \/>\n\t\t<meta name=\"twitter:label2\" content=\"Tiempo de lectura estimado\" \/>\n\t\t<meta name=\"twitter:data2\" content=\"3 minutos\" \/>\n\t\t<script type=\"application\/ld+json\" class=\"aioseo-schema\">\n\t\t\t{\"@context\":\"https:\\\/\\\/schema.org\",\"@graph\":[{\"@type\":\"BlogPosting\",\"@id\":\"https:\\\/\\\/www.eldigitaldeasturias.com\\\/noticias\\\/el-toro-de-osborne-celebra-su-60-aniversario-en-las-carreteras\\\/#blogposting\",\"name\":\"El Toro de Osborne celebra su 60 aniversario en las carreteras - El Digital de Asturias\",\"headline\":\"El Toro de Osborne celebra su 60 aniversario en las carreteras\",\"author\":{\"@id\":\"https:\\\/\\\/www.eldigitaldeasturias.com\\\/noticias\\\/author\\\/admin\\\/#author\"},\"publisher\":{\"@id\":\"https:\\\/\\\/www.eldigitaldeasturias.com\\\/noticias\\\/#organization\"},\"image\":{\"@type\":\"ImageObject\",\"url\":948249},\"datePublished\":\"2017-07-31T19:34:08+02:00\",\"dateModified\":\"2017-07-31T19:34:08+02:00\",\"inLanguage\":\"es-ES\",\"mainEntityOfPage\":{\"@id\":\"https:\\\/\\\/www.eldigitaldeasturias.com\\\/noticias\\\/el-toro-de-osborne-celebra-su-60-aniversario-en-las-carreteras\\\/#webpage\"},\"isPartOf\":{\"@id\":\"https:\\\/\\\/www.eldigitaldeasturias.com\\\/noticias\\\/el-toro-de-osborne-celebra-su-60-aniversario-en-las-carreteras\\\/#webpage\"},\"articleSection\":\"Actualidad\"},{\"@type\":\"BreadcrumbList\",\"@id\":\"https:\\\/\\\/www.eldigitaldeasturias.com\\\/noticias\\\/el-toro-de-osborne-celebra-su-60-aniversario-en-las-carreteras\\\/#breadcrumblist\",\"itemListElement\":[{\"@type\":\"ListItem\",\"@id\":\"https:\\\/\\\/www.eldigitaldeasturias.com\\\/noticias#listItem\",\"position\":1,\"name\":\"Home\",\"item\":\"https:\\\/\\\/www.eldigitaldeasturias.com\\\/noticias\",\"nextItem\":{\"@type\":\"ListItem\",\"@id\":\"https:\\\/\\\/www.eldigitaldeasturias.com\\\/noticias\\\/category\\\/actualidad\\\/#listItem\",\"name\":\"Actualidad\"}},{\"@type\":\"ListItem\",\"@id\":\"https:\\\/\\\/www.eldigitaldeasturias.com\\\/noticias\\\/category\\\/actualidad\\\/#listItem\",\"position\":2,\"name\":\"Actualidad\",\"item\":\"https:\\\/\\\/www.eldigitaldeasturias.com\\\/noticias\\\/category\\\/actualidad\\\/\",\"nextItem\":{\"@type\":\"ListItem\",\"@id\":\"https:\\\/\\\/www.eldigitaldeasturias.com\\\/noticias\\\/el-toro-de-osborne-celebra-su-60-aniversario-en-las-carreteras\\\/#listItem\",\"name\":\"El Toro de Osborne celebra su 60 aniversario en las carreteras\"},\"previousItem\":{\"@type\":\"ListItem\",\"@id\":\"https:\\\/\\\/www.eldigitaldeasturias.com\\\/noticias#listItem\",\"name\":\"Home\"}},{\"@type\":\"ListItem\",\"@id\":\"https:\\\/\\\/www.eldigitaldeasturias.com\\\/noticias\\\/el-toro-de-osborne-celebra-su-60-aniversario-en-las-carreteras\\\/#listItem\",\"position\":3,\"name\":\"El Toro de Osborne celebra su 60 aniversario en las carreteras\",\"previousItem\":{\"@type\":\"ListItem\",\"@id\":\"https:\\\/\\\/www.eldigitaldeasturias.com\\\/noticias\\\/category\\\/actualidad\\\/#listItem\",\"name\":\"Actualidad\"}}]},{\"@type\":\"Organization\",\"@id\":\"https:\\\/\\\/www.eldigitaldeasturias.com\\\/noticias\\\/#organization\",\"name\":\"El Digital de Asturias\",\"description\":\"Hemeroteca\",\"url\":\"https:\\\/\\\/www.eldigitaldeasturias.com\\\/noticias\\\/\",\"email\":\"info@eldigitaldeasturias.com\",\"telephone\":\"+34652131393\",\"logo\":{\"@type\":\"ImageObject\",\"url\":\"https:\\\/\\\/www.eldigitaldeasturias.com\\\/noticias\\\/wp-content\\\/uploads\\\/2020\\\/12\\\/EDA.jpg\",\"@id\":\"https:\\\/\\\/www.eldigitaldeasturias.com\\\/noticias\\\/el-toro-de-osborne-celebra-su-60-aniversario-en-las-carreteras\\\/#organizationLogo\"},\"image\":{\"@id\":\"https:\\\/\\\/www.eldigitaldeasturias.com\\\/noticias\\\/el-toro-de-osborne-celebra-su-60-aniversario-en-las-carreteras\\\/#organizationLogo\"},\"sameAs\":[\"https:\\\/\\\/facebook.com\\\/eldigitaldeasturias\",\"https:\\\/\\\/www.youtube.com\\\/channel\\\/UCZP-2wLEB9Rv6erhFmqVnvg\"],\"address\":{\"@id\":\"https:\\\/\\\/www.eldigitaldeasturias.com\\\/noticias\\\/#postaladdress\",\"@type\":\"PostalAddress\",\"streetAddress\":\"san antonio 4\",\"postalCode\":\"33430\",\"addressLocality\":\"Cand\\u00e1s\",\"addressRegion\":\"Asturias\",\"addressCountry\":\"ES\"}},{\"@type\":\"Person\",\"@id\":\"https:\\\/\\\/www.eldigitaldeasturias.com\\\/noticias\\\/author\\\/admin\\\/#author\",\"url\":\"https:\\\/\\\/www.eldigitaldeasturias.com\\\/noticias\\\/author\\\/admin\\\/\",\"name\":\"El Digital de Asturias\",\"image\":{\"@type\":\"ImageObject\",\"@id\":\"https:\\\/\\\/www.eldigitaldeasturias.com\\\/noticias\\\/el-toro-de-osborne-celebra-su-60-aniversario-en-las-carreteras\\\/#authorImage\",\"url\":\"https:\\\/\\\/secure.gravatar.com\\\/avatar\\\/df2aeffc32bcd13f8d26072ef8a91b623d677766deac7f97ca815868cd41bf5e?s=96&d=mm&r=g\",\"width\":96,\"height\":96,\"caption\":\"El Digital de Asturias\"}},{\"@type\":\"WebPage\",\"@id\":\"https:\\\/\\\/www.eldigitaldeasturias.com\\\/noticias\\\/el-toro-de-osborne-celebra-su-60-aniversario-en-las-carreteras\\\/#webpage\",\"url\":\"https:\\\/\\\/www.eldigitaldeasturias.com\\\/noticias\\\/el-toro-de-osborne-celebra-su-60-aniversario-en-las-carreteras\\\/\",\"name\":\"El Toro de Osborne celebra su 60 aniversario en las carreteras - El Digital de Asturias\",\"description\":\"La Fundaci\\u00f3n Osborne est\\u00e1 celebrando el 60 aniversario del Toro de las carreteras. Para conmemorar esta efem\\u00e9ride, el Toro de Osborne cuenta con una nueva \\u201ceco-valla de carretera\\u201d en el Puerto de Santa Mar\\u00eda, su ciudad natal. Esta nueva valla brillar\\u00e1 con luz propia para concienciar a los ciudadanos sobre la importancia del reciclaje de\",\"inLanguage\":\"es-ES\",\"isPartOf\":{\"@id\":\"https:\\\/\\\/www.eldigitaldeasturias.com\\\/noticias\\\/#website\"},\"breadcrumb\":{\"@id\":\"https:\\\/\\\/www.eldigitaldeasturias.com\\\/noticias\\\/el-toro-de-osborne-celebra-su-60-aniversario-en-las-carreteras\\\/#breadcrumblist\"},\"author\":{\"@id\":\"https:\\\/\\\/www.eldigitaldeasturias.com\\\/noticias\\\/author\\\/admin\\\/#author\"},\"creator\":{\"@id\":\"https:\\\/\\\/www.eldigitaldeasturias.com\\\/noticias\\\/author\\\/admin\\\/#author\"},\"image\":{\"@type\":\"ImageObject\",\"url\":948249,\"@id\":\"https:\\\/\\\/www.eldigitaldeasturias.com\\\/noticias\\\/el-toro-de-osborne-celebra-su-60-aniversario-en-las-carreteras\\\/#mainImage\"},\"primaryImageOfPage\":{\"@id\":\"https:\\\/\\\/www.eldigitaldeasturias.com\\\/noticias\\\/el-toro-de-osborne-celebra-su-60-aniversario-en-las-carreteras\\\/#mainImage\"},\"datePublished\":\"2017-07-31T19:34:08+02:00\",\"dateModified\":\"2017-07-31T19:34:08+02:00\"},{\"@type\":\"WebSite\",\"@id\":\"https:\\\/\\\/www.eldigitaldeasturias.com\\\/noticias\\\/#website\",\"url\":\"https:\\\/\\\/www.eldigitaldeasturias.com\\\/noticias\\\/\",\"name\":\"El Digital de Asturias - Diario de actualidad y noticias\",\"alternateName\":\"El Digital de Asturias - Diario de actualidad y noticias\",\"description\":\"Hemeroteca\",\"inLanguage\":\"es-ES\",\"publisher\":{\"@id\":\"https:\\\/\\\/www.eldigitaldeasturias.com\\\/noticias\\\/#organization\"}}]}\n\t\t<\/script>\n\t\t<!-- All in One SEO Pro -->\r\n\t\t<title>El Toro de Osborne celebra su 60 aniversario en las carreteras - El Digital de Asturias<\/title>\n\n","aioseo_head_json":{"title":"El Toro de Osborne celebra su 60 aniversario en las carreteras - El Digital de Asturias","description":"La Fundaci\u00f3n Osborne est\u00e1 celebrando el 60 aniversario del Toro de las carreteras. Para conmemorar esta efem\u00e9ride, el Toro de Osborne cuenta con una nueva \u201ceco-valla de carretera\u201d en el Puerto de Santa Mar\u00eda, su ciudad natal. Esta nueva valla brillar\u00e1 con luz propia para concienciar a los ciudadanos sobre la importancia del reciclaje de","canonical_url":"https:\/\/www.eldigitaldeasturias.com\/noticias\/el-toro-de-osborne-celebra-su-60-aniversario-en-las-carreteras\/","robots":"max-image-preview:large","keywords":"actualidad","webmasterTools":{"google-site-verification":"UA-38556648-1","msvalidate.01":"7dfe9f3f1b24437ab69f4f2559babe99","miscellaneous":""},"schema":{"@context":"https:\/\/schema.org","@graph":[{"@type":"BlogPosting","@id":"https:\/\/www.eldigitaldeasturias.com\/noticias\/el-toro-de-osborne-celebra-su-60-aniversario-en-las-carreteras\/#blogposting","name":"El Toro de Osborne celebra su 60 aniversario en las carreteras - El Digital de Asturias","headline":"El Toro de Osborne celebra su 60 aniversario en las carreteras","author":{"@id":"https:\/\/www.eldigitaldeasturias.com\/noticias\/author\/admin\/#author"},"publisher":{"@id":"https:\/\/www.eldigitaldeasturias.com\/noticias\/#organization"},"image":{"@type":"ImageObject","url":948249},"datePublished":"2017-07-31T19:34:08+02:00","dateModified":"2017-07-31T19:34:08+02:00","inLanguage":"es-ES","mainEntityOfPage":{"@id":"https:\/\/www.eldigitaldeasturias.com\/noticias\/el-toro-de-osborne-celebra-su-60-aniversario-en-las-carreteras\/#webpage"},"isPartOf":{"@id":"https:\/\/www.eldigitaldeasturias.com\/noticias\/el-toro-de-osborne-celebra-su-60-aniversario-en-las-carreteras\/#webpage"},"articleSection":"Actualidad"},{"@type":"BreadcrumbList","@id":"https:\/\/www.eldigitaldeasturias.com\/noticias\/el-toro-de-osborne-celebra-su-60-aniversario-en-las-carreteras\/#breadcrumblist","itemListElement":[{"@type":"ListItem","@id":"https:\/\/www.eldigitaldeasturias.com\/noticias#listItem","position":1,"name":"Home","item":"https:\/\/www.eldigitaldeasturias.com\/noticias","nextItem":{"@type":"ListItem","@id":"https:\/\/www.eldigitaldeasturias.com\/noticias\/category\/actualidad\/#listItem","name":"Actualidad"}},{"@type":"ListItem","@id":"https:\/\/www.eldigitaldeasturias.com\/noticias\/category\/actualidad\/#listItem","position":2,"name":"Actualidad","item":"https:\/\/www.eldigitaldeasturias.com\/noticias\/category\/actualidad\/","nextItem":{"@type":"ListItem","@id":"https:\/\/www.eldigitaldeasturias.com\/noticias\/el-toro-de-osborne-celebra-su-60-aniversario-en-las-carreteras\/#listItem","name":"El Toro de Osborne celebra su 60 aniversario en las carreteras"},"previousItem":{"@type":"ListItem","@id":"https:\/\/www.eldigitaldeasturias.com\/noticias#listItem","name":"Home"}},{"@type":"ListItem","@id":"https:\/\/www.eldigitaldeasturias.com\/noticias\/el-toro-de-osborne-celebra-su-60-aniversario-en-las-carreteras\/#listItem","position":3,"name":"El Toro de Osborne celebra su 60 aniversario en las carreteras","previousItem":{"@type":"ListItem","@id":"https:\/\/www.eldigitaldeasturias.com\/noticias\/category\/actualidad\/#listItem","name":"Actualidad"}}]},{"@type":"Organization","@id":"https:\/\/www.eldigitaldeasturias.com\/noticias\/#organization","name":"El Digital de Asturias","description":"Hemeroteca","url":"https:\/\/www.eldigitaldeasturias.com\/noticias\/","email":"info@eldigitaldeasturias.com","telephone":"+34652131393","logo":{"@type":"ImageObject","url":"https:\/\/www.eldigitaldeasturias.com\/noticias\/wp-content\/uploads\/2020\/12\/EDA.jpg","@id":"https:\/\/www.eldigitaldeasturias.com\/noticias\/el-toro-de-osborne-celebra-su-60-aniversario-en-las-carreteras\/#organizationLogo"},"image":{"@id":"https:\/\/www.eldigitaldeasturias.com\/noticias\/el-toro-de-osborne-celebra-su-60-aniversario-en-las-carreteras\/#organizationLogo"},"sameAs":["https:\/\/facebook.com\/eldigitaldeasturias","https:\/\/www.youtube.com\/channel\/UCZP-2wLEB9Rv6erhFmqVnvg"],"address":{"@id":"https:\/\/www.eldigitaldeasturias.com\/noticias\/#postaladdress","@type":"PostalAddress","streetAddress":"san antonio 4","postalCode":"33430","addressLocality":"Cand\u00e1s","addressRegion":"Asturias","addressCountry":"ES"}},{"@type":"Person","@id":"https:\/\/www.eldigitaldeasturias.com\/noticias\/author\/admin\/#author","url":"https:\/\/www.eldigitaldeasturias.com\/noticias\/author\/admin\/","name":"El Digital de Asturias","image":{"@type":"ImageObject","@id":"https:\/\/www.eldigitaldeasturias.com\/noticias\/el-toro-de-osborne-celebra-su-60-aniversario-en-las-carreteras\/#authorImage","url":"https:\/\/secure.gravatar.com\/avatar\/df2aeffc32bcd13f8d26072ef8a91b623d677766deac7f97ca815868cd41bf5e?s=96&d=mm&r=g","width":96,"height":96,"caption":"El Digital de Asturias"}},{"@type":"WebPage","@id":"https:\/\/www.eldigitaldeasturias.com\/noticias\/el-toro-de-osborne-celebra-su-60-aniversario-en-las-carreteras\/#webpage","url":"https:\/\/www.eldigitaldeasturias.com\/noticias\/el-toro-de-osborne-celebra-su-60-aniversario-en-las-carreteras\/","name":"El Toro de Osborne celebra su 60 aniversario en las carreteras - El Digital de Asturias","description":"La Fundaci\u00f3n Osborne est\u00e1 celebrando el 60 aniversario del Toro de las carreteras. Para conmemorar esta efem\u00e9ride, el Toro de Osborne cuenta con una nueva \u201ceco-valla de carretera\u201d en el Puerto de Santa Mar\u00eda, su ciudad natal. Esta nueva valla brillar\u00e1 con luz propia para concienciar a los ciudadanos sobre la importancia del reciclaje de","inLanguage":"es-ES","isPartOf":{"@id":"https:\/\/www.eldigitaldeasturias.com\/noticias\/#website"},"breadcrumb":{"@id":"https:\/\/www.eldigitaldeasturias.com\/noticias\/el-toro-de-osborne-celebra-su-60-aniversario-en-las-carreteras\/#breadcrumblist"},"author":{"@id":"https:\/\/www.eldigitaldeasturias.com\/noticias\/author\/admin\/#author"},"creator":{"@id":"https:\/\/www.eldigitaldeasturias.com\/noticias\/author\/admin\/#author"},"image":{"@type":"ImageObject","url":948249,"@id":"https:\/\/www.eldigitaldeasturias.com\/noticias\/el-toro-de-osborne-celebra-su-60-aniversario-en-las-carreteras\/#mainImage"},"primaryImageOfPage":{"@id":"https:\/\/www.eldigitaldeasturias.com\/noticias\/el-toro-de-osborne-celebra-su-60-aniversario-en-las-carreteras\/#mainImage"},"datePublished":"2017-07-31T19:34:08+02:00","dateModified":"2017-07-31T19:34:08+02:00"},{"@type":"WebSite","@id":"https:\/\/www.eldigitaldeasturias.com\/noticias\/#website","url":"https:\/\/www.eldigitaldeasturias.com\/noticias\/","name":"El Digital de Asturias - Diario de actualidad y noticias","alternateName":"El Digital de Asturias - Diario de actualidad y noticias","description":"Hemeroteca","inLanguage":"es-ES","publisher":{"@id":"https:\/\/www.eldigitaldeasturias.com\/noticias\/#organization"}}]},"og:locale":"es_ES","og:site_name":"El Digital de Asturias","og:type":"article","og:title":"El Toro de Osborne celebra su 60 aniversario en las carreteras - El Digital de Asturias","og:description":"La Fundaci\u00f3n Osborne est\u00e1 celebrando el 60 aniversario del Toro de las carreteras. Para conmemorar esta efem\u00e9ride, el Toro de Osborne cuenta con una nueva \u201ceco-valla de carretera\u201d en el Puerto de Santa Mar\u00eda, su ciudad natal. Esta nueva valla brillar\u00e1 con luz propia para concienciar a los ciudadanos sobre la importancia del reciclaje de","og:url":"https:\/\/www.eldigitaldeasturias.com\/noticias\/el-toro-de-osborne-celebra-su-60-aniversario-en-las-carreteras\/","article:tag":["actualidad"],"article:published_time":"2017-07-31T19:34:08+00:00","article:modified_time":"2017-07-31T19:34:08+00:00","article:publisher":"https:\/\/facebook.com\/eldigitaldeasturias","twitter:card":"summary_large_image","twitter:title":"El Toro de Osborne celebra su 60 aniversario en las carreteras - El Digital de Asturias","twitter:description":"La Fundaci\u00f3n Osborne est\u00e1 celebrando el 60 aniversario del Toro de las carreteras. Para conmemorar esta efem\u00e9ride, el Toro de Osborne cuenta con una nueva \u201ceco-valla de carretera\u201d en el Puerto de Santa Mar\u00eda, su ciudad natal. Esta nueva valla brillar\u00e1 con luz propia para concienciar a los ciudadanos sobre la importancia del reciclaje de","twitter:image":"https:\/\/www.eldigitaldeasturias.com\/noticias\/wp-content\/uploads\/2020\/12\/EDA-1.jpg","twitter:label1":"Escrito por","twitter:data1":"El Digital de Asturias","twitter:label2":"Tiempo de lectura estimado","twitter:data2":"3 minutos"},"aioseo_meta_data":{"post_id":"948248","title":null,"description":null,"keywords":null,"keyphrases":null,"primary_term":null,"canonical_url":null,"og_title":null,"og_description":null,"og_object_type":"default","og_image_type":"default","og_image_url":null,"og_image_width":null,"og_image_height":null,"og_image_custom_url":null,"og_image_custom_fields":null,"og_video":null,"og_custom_url":null,"og_article_section":null,"og_article_tags":null,"twitter_use_og":false,"twitter_card":"default","twitter_image_type":"default","twitter_image_url":null,"twitter_image_custom_url":null,"twitter_image_custom_fields":null,"twitter_title":null,"twitter_description":null,"schema":{"blockGraphs":[],"customGraphs":[],"default":{"data":{"Article":[],"Course":[],"Dataset":[],"FAQPage":[],"Movie":[],"Person":[],"Product":[],"ProductReview":[],"Car":[],"Recipe":[],"Service":[],"SoftwareApplication":[],"WebPage":[]},"graphName":"","isEnabled":true},"graphs":[],"defaultGraph":"","defaultPostTypeGraph":""},"schema_type":null,"schema_type_options":null,"pillar_content":false,"robots_default":true,"robots_noindex":false,"robots_noarchive":false,"robots_nosnippet":false,"robots_nofollow":false,"robots_noimageindex":false,"robots_noodp":false,"robots_notranslate":false,"robots_max_snippet":null,"robots_max_videopreview":null,"robots_max_imagepreview":"large","priority":null,"frequency":null,"local_seo":null,"seo_analyzer_scan_date":"2025-12-05 07:57:30","breadcrumb_settings":null,"limit_modified_date":false,"open_ai":null,"ai":null,"created":"2020-12-21 13:05:41","updated":"2025-12-05 07:57:30","focus_keyword":null,"additional_keywords":null,"truseo_locale":null},"aioseo_breadcrumb":"<div class=\"aioseo-breadcrumbs\"><span class=\"aioseo-breadcrumb\">\n\t<a href=\"https:\/\/www.eldigitaldeasturias.com\/noticias\" title=\"Home\">Home<\/a>\n<\/span><span class=\"aioseo-breadcrumb-separator\">\u2013<\/span><span class=\"aioseo-breadcrumb\">\n\t<a href=\"https:\/\/www.eldigitaldeasturias.com\/noticias\/category\/actualidad\/\" title=\"Actualidad\">Actualidad<\/a>\n<\/span><span class=\"aioseo-breadcrumb-separator\">\u2013<\/span><span class=\"aioseo-breadcrumb\">\n\t<a href=\"https:\/\/www.eldigitaldeasturias.com\/noticias\/el-toro-de-osborne-celebra-su-60-aniversario-en-las-carreteras\/\" title=\"El Toro de Osborne celebra su 60 aniversario en las carreteras\">El Toro de Osborne celebra su 60 aniversario en las carreteras<\/a>\n<\/span><\/div>","aioseo_breadcrumb_json":[{"label":"Home","link":"https:\/\/www.eldigitaldeasturias.com\/noticias"},{"label":"Actualidad","link":"https:\/\/www.eldigitaldeasturias.com\/noticias\/category\/actualidad\/"},{"label":"El Toro de Osborne celebra su 60 aniversario en las carreteras","link":"https:\/\/www.eldigitaldeasturias.com\/noticias\/el-toro-de-osborne-celebra-su-60-aniversario-en-las-carreteras\/"}],"_links":{"self":[{"href":"https:\/\/www.eldigitaldeasturias.com\/noticias\/wp-json\/wp\/v2\/posts\/948248","targetHints":{"allow":["GET"]}}],"collection":[{"href":"https:\/\/www.eldigitaldeasturias.com\/noticias\/wp-json\/wp\/v2\/posts"}],"about":[{"href":"https:\/\/www.eldigitaldeasturias.com\/noticias\/wp-json\/wp\/v2\/types\/post"}],"author":[{"embeddable":true,"href":"https:\/\/www.eldigitaldeasturias.com\/noticias\/wp-json\/wp\/v2\/users\/1"}],"replies":[{"embeddable":true,"href":"https:\/\/www.eldigitaldeasturias.com\/noticias\/wp-json\/wp\/v2\/comments?post=948248"}],"version-history":[{"count":0,"href":"https:\/\/www.eldigitaldeasturias.com\/noticias\/wp-json\/wp\/v2\/posts\/948248\/revisions"}],"wp:attachment":[{"href":"https:\/\/www.eldigitaldeasturias.com\/noticias\/wp-json\/wp\/v2\/media?parent=948248"}],"wp:term":[{"taxonomy":"category","embeddable":true,"href":"https:\/\/www.eldigitaldeasturias.com\/noticias\/wp-json\/wp\/v2\/categories?post=948248"},{"taxonomy":"post_tag","embeddable":true,"href":"https:\/\/www.eldigitaldeasturias.com\/noticias\/wp-json\/wp\/v2\/tags?post=948248"}],"curies":[{"name":"wp","href":"https:\/\/api.w.org\/{rel}","templated":true}]}}