{"id":948158,"date":"2017-07-31T10:57:07","date_gmt":"2017-07-31T10:57:07","guid":{"rendered":"http:\/\/www.eldigitaldeasturias.com\/noticias\/?p=948158"},"modified":"2017-07-31T10:57:07","modified_gmt":"2017-07-31T10:57:07","slug":"el-jueves-finaliza-el-plazo-para-solicitar-las-ayudas-para-estudiar-un-master-estrategico-en-aragon","status":"publish","type":"post","link":"https:\/\/www.eldigitaldeasturias.com\/noticias\/el-jueves-finaliza-el-plazo-para-solicitar-las-ayudas-para-estudiar-un-master-estrategico-en-aragon\/","title":{"rendered":"El jueves finaliza el plazo para solicitar las ayudas para estudiar un m\u00e1ster estrat\u00e9gico en Arag\u00f3n"},"content":{"rendered":"<p><img loading=\"lazy\" decoding=\"async\" class=\"alignleft size-medium wp-image-948159\" src=\"https:\/\/www.eldigitaldeasturias.com\/noticias\/wp-content\/uploads\/2017\/07\/MG_1091-360x159.jpg\" alt=\"\" width=\"360\" height=\"159\" \/>El pr\u00f3ximo jueves finaliza el plazo para solicitar las ayudas de m\u00e1ster estrat\u00e9gico que por segundo a\u00f1o lanza el Gobierno de Arag\u00f3n. Cuentan con un presupuesto de 1.230.000 euros y est\u00e1n cofinanciadas por el Fondo Social Europeo. Se espera que las ayudas de m\u00e1ster estrat\u00e9gico beneficien a unos 250 estudiantes. Los interesados pueden solicitar primero la ayuda, y despu\u00e9s a trav\u00e9s de los servicios de la Universidad se formaliza la matr\u00edcula en el m\u00e1ster, cuyo plazo finaliza el 26 de octubre.<\/p>\n<p>Las ayudas para m\u00e1ster estrat\u00e9gico tienen como objetivo potenciar el acceso a los t\u00edtulos de m\u00e1ster universitario ofertados por las universidades aragonesas y que se califiquen como estrat\u00e9gicos por su potencial efecto multiplicador en materia de empleo, de desarrollo de I+D+i, de cohesi\u00f3n social o de desarrollo econ\u00f3mico, as\u00ed como por el incremento de las posibilidades de inserci\u00f3n y creaci\u00f3n de empleo de alta cualificaci\u00f3n cient\u00edfica e investigadora, gracias a una mayor especializaci\u00f3n de los actuales o futuros trabajadores.<\/p>\n<p>La ayuda pretende compensar la dedicaci\u00f3n al estudio contribuyendo a financiar las necesidades b\u00e1sicas de sostenimiento, manutenci\u00f3n o desplazamiento de los estudiantes, pero no hace frente al coste de la matr\u00edcula. La ayuda es de 4.770 euros por beneficiario.<\/p>\n<p>El pasado a\u00f1o las ayudas de M\u00e1ster Estrat\u00e9gico contaron con un presupuesto de 1.100.000 euros.<\/p>\n<p>&nbsp;<\/p>\n","protected":false},"excerpt":{"rendered":"<p>El pr\u00f3ximo jueves finaliza el plazo para solicitar las ayudas de m\u00e1ster estrat\u00e9gico que por segundo a\u00f1o lanza el Gobierno de Arag\u00f3n. Cuentan con un presupuesto de 1.230.000 euros y est\u00e1n cofinanciadas por el Fondo Social Europeo. Se espera que las ayudas de m\u00e1ster estrat\u00e9gico beneficien a unos 250 estudiantes. Los interesados pueden solicitar primero [&hellip;]<\/p>\n","protected":false},"author":1,"featured_media":948159,"comment_status":"closed","ping_status":"closed","sticky":false,"template":"","format":"standard","meta":{"footnotes":""},"categories":[1],"tags":[],"class_list":["post-948158","post","type-post","status-publish","format-standard","has-post-thumbnail","hentry","category-actualidad"],"aioseo_notices":[],"aioseo_head":"\n\t\t<!-- All in One SEO Pro 5.0.1 - aioseo.com -->\n\t<meta name=\"description\" content=\"El pr\u00f3ximo jueves finaliza el plazo para solicitar las ayudas de m\u00e1ster estrat\u00e9gico que por segundo a\u00f1o lanza el Gobierno de Arag\u00f3n. Cuentan con un presupuesto de 1.230.000 euros y est\u00e1n cofinanciadas por el Fondo Social Europeo. Se espera que las ayudas de m\u00e1ster estrat\u00e9gico beneficien a unos 250 estudiantes. Los interesados pueden solicitar primero\" \/>\n\t<meta name=\"robots\" content=\"max-image-preview:large\" \/>\n\t<meta name=\"author\" content=\"El Digital de Asturias\"\/>\n\t<meta name=\"google-site-verification\" content=\"UA-38556648-1\" \/>\n\t<meta name=\"msvalidate.01\" content=\"7dfe9f3f1b24437ab69f4f2559babe99\" \/>\n\t<meta name=\"keywords\" content=\"actualidad\" \/>\n\t<link rel=\"canonical\" href=\"https:\/\/www.eldigitaldeasturias.com\/noticias\/el-jueves-finaliza-el-plazo-para-solicitar-las-ayudas-para-estudiar-un-master-estrategico-en-aragon\/\" \/>\n\t<meta name=\"generator\" content=\"All in One SEO Pro (AIOSEO) 5.0.1\" \/>\n\t\t<meta property=\"og:locale\" content=\"es_ES\" \/>\n\t\t<meta property=\"og:site_name\" content=\"El Digital de Asturias\" \/>\n\t\t<meta property=\"og:type\" content=\"article\" \/>\n\t\t<meta property=\"og:title\" content=\"El jueves finaliza el plazo para solicitar las ayudas para estudiar un m\u00e1ster estrat\u00e9gico en Arag\u00f3n - El Digital de Asturias\" \/>\n\t\t<meta property=\"og:description\" content=\"El pr\u00f3ximo jueves finaliza el plazo para solicitar las ayudas de m\u00e1ster estrat\u00e9gico que por segundo a\u00f1o lanza el Gobierno de Arag\u00f3n. Cuentan con un presupuesto de 1.230.000 euros y est\u00e1n cofinanciadas por el Fondo Social Europeo. Se espera que las ayudas de m\u00e1ster estrat\u00e9gico beneficien a unos 250 estudiantes. Los interesados pueden solicitar primero\" \/>\n\t\t<meta property=\"og:url\" content=\"https:\/\/www.eldigitaldeasturias.com\/noticias\/el-jueves-finaliza-el-plazo-para-solicitar-las-ayudas-para-estudiar-un-master-estrategico-en-aragon\/\" \/>\n\t\t<meta property=\"article:tag\" content=\"actualidad\" \/>\n\t\t<meta property=\"article:published_time\" content=\"2017-07-31T10:57:07+00:00\" \/>\n\t\t<meta property=\"article:modified_time\" content=\"2017-07-31T10:57:07+00:00\" \/>\n\t\t<meta property=\"article:publisher\" content=\"https:\/\/facebook.com\/eldigitaldeasturias\" \/>\n\t\t<meta name=\"twitter:card\" content=\"summary_large_image\" \/>\n\t\t<meta name=\"twitter:title\" content=\"El jueves finaliza el plazo para solicitar las ayudas para estudiar un m\u00e1ster estrat\u00e9gico en Arag\u00f3n - El Digital de Asturias\" \/>\n\t\t<meta name=\"twitter:description\" content=\"El pr\u00f3ximo jueves finaliza el plazo para solicitar las ayudas de m\u00e1ster estrat\u00e9gico que por segundo a\u00f1o lanza el Gobierno de Arag\u00f3n. Cuentan con un presupuesto de 1.230.000 euros y est\u00e1n cofinanciadas por el Fondo Social Europeo. Se espera que las ayudas de m\u00e1ster estrat\u00e9gico beneficien a unos 250 estudiantes. Los interesados pueden solicitar primero\" \/>\n\t\t<meta name=\"twitter:image\" content=\"https:\/\/www.eldigitaldeasturias.com\/noticias\/wp-content\/uploads\/2020\/12\/EDA-1.jpg\" \/>\n\t\t<meta name=\"twitter:label1\" content=\"Escrito por\" \/>\n\t\t<meta name=\"twitter:data1\" content=\"El Digital de Asturias\" \/>\n\t\t<meta name=\"twitter:label2\" content=\"Tiempo de lectura estimado\" \/>\n\t\t<meta name=\"twitter:data2\" content=\"1 minuto\" \/>\n\t\t<script type=\"application\/ld+json\" class=\"aioseo-schema\">\n\t\t\t{\"@context\":\"https:\\\/\\\/schema.org\",\"@graph\":[{\"@type\":\"BlogPosting\",\"@id\":\"https:\\\/\\\/www.eldigitaldeasturias.com\\\/noticias\\\/el-jueves-finaliza-el-plazo-para-solicitar-las-ayudas-para-estudiar-un-master-estrategico-en-aragon\\\/#blogposting\",\"name\":\"El jueves finaliza el plazo para solicitar las ayudas para estudiar un m\\u00e1ster estrat\\u00e9gico en Arag\\u00f3n - El Digital de Asturias\",\"headline\":\"El jueves finaliza el plazo para solicitar las ayudas para estudiar un m\\u00e1ster estrat\\u00e9gico en Arag\\u00f3n\",\"author\":{\"@id\":\"https:\\\/\\\/www.eldigitaldeasturias.com\\\/noticias\\\/author\\\/admin\\\/#author\"},\"publisher\":{\"@id\":\"https:\\\/\\\/www.eldigitaldeasturias.com\\\/noticias\\\/#organization\"},\"image\":{\"@type\":\"ImageObject\",\"url\":948159},\"datePublished\":\"2017-07-31T10:57:07+02:00\",\"dateModified\":\"2017-07-31T10:57:07+02:00\",\"inLanguage\":\"es-ES\",\"mainEntityOfPage\":{\"@id\":\"https:\\\/\\\/www.eldigitaldeasturias.com\\\/noticias\\\/el-jueves-finaliza-el-plazo-para-solicitar-las-ayudas-para-estudiar-un-master-estrategico-en-aragon\\\/#webpage\"},\"isPartOf\":{\"@id\":\"https:\\\/\\\/www.eldigitaldeasturias.com\\\/noticias\\\/el-jueves-finaliza-el-plazo-para-solicitar-las-ayudas-para-estudiar-un-master-estrategico-en-aragon\\\/#webpage\"},\"articleSection\":\"Actualidad\"},{\"@type\":\"BreadcrumbList\",\"@id\":\"https:\\\/\\\/www.eldigitaldeasturias.com\\\/noticias\\\/el-jueves-finaliza-el-plazo-para-solicitar-las-ayudas-para-estudiar-un-master-estrategico-en-aragon\\\/#breadcrumblist\",\"itemListElement\":[{\"@type\":\"ListItem\",\"@id\":\"https:\\\/\\\/www.eldigitaldeasturias.com\\\/noticias#listItem\",\"position\":1,\"name\":\"Home\",\"item\":\"https:\\\/\\\/www.eldigitaldeasturias.com\\\/noticias\",\"nextItem\":{\"@type\":\"ListItem\",\"@id\":\"https:\\\/\\\/www.eldigitaldeasturias.com\\\/noticias\\\/category\\\/actualidad\\\/#listItem\",\"name\":\"Actualidad\"}},{\"@type\":\"ListItem\",\"@id\":\"https:\\\/\\\/www.eldigitaldeasturias.com\\\/noticias\\\/category\\\/actualidad\\\/#listItem\",\"position\":2,\"name\":\"Actualidad\",\"item\":\"https:\\\/\\\/www.eldigitaldeasturias.com\\\/noticias\\\/category\\\/actualidad\\\/\",\"nextItem\":{\"@type\":\"ListItem\",\"@id\":\"https:\\\/\\\/www.eldigitaldeasturias.com\\\/noticias\\\/el-jueves-finaliza-el-plazo-para-solicitar-las-ayudas-para-estudiar-un-master-estrategico-en-aragon\\\/#listItem\",\"name\":\"El jueves finaliza el plazo para solicitar las ayudas para estudiar un m\\u00e1ster estrat\\u00e9gico en Arag\\u00f3n\"},\"previousItem\":{\"@type\":\"ListItem\",\"@id\":\"https:\\\/\\\/www.eldigitaldeasturias.com\\\/noticias#listItem\",\"name\":\"Home\"}},{\"@type\":\"ListItem\",\"@id\":\"https:\\\/\\\/www.eldigitaldeasturias.com\\\/noticias\\\/el-jueves-finaliza-el-plazo-para-solicitar-las-ayudas-para-estudiar-un-master-estrategico-en-aragon\\\/#listItem\",\"position\":3,\"name\":\"El jueves finaliza el plazo para solicitar las ayudas para estudiar un m\\u00e1ster estrat\\u00e9gico en Arag\\u00f3n\",\"previousItem\":{\"@type\":\"ListItem\",\"@id\":\"https:\\\/\\\/www.eldigitaldeasturias.com\\\/noticias\\\/category\\\/actualidad\\\/#listItem\",\"name\":\"Actualidad\"}}]},{\"@type\":\"Organization\",\"@id\":\"https:\\\/\\\/www.eldigitaldeasturias.com\\\/noticias\\\/#organization\",\"name\":\"El Digital de Asturias\",\"description\":\"Hemeroteca\",\"url\":\"https:\\\/\\\/www.eldigitaldeasturias.com\\\/noticias\\\/\",\"email\":\"info@eldigitaldeasturias.com\",\"telephone\":\"+34652131393\",\"logo\":{\"@type\":\"ImageObject\",\"url\":\"https:\\\/\\\/www.eldigitaldeasturias.com\\\/noticias\\\/wp-content\\\/uploads\\\/2020\\\/12\\\/EDA.jpg\",\"@id\":\"https:\\\/\\\/www.eldigitaldeasturias.com\\\/noticias\\\/el-jueves-finaliza-el-plazo-para-solicitar-las-ayudas-para-estudiar-un-master-estrategico-en-aragon\\\/#organizationLogo\"},\"image\":{\"@id\":\"https:\\\/\\\/www.eldigitaldeasturias.com\\\/noticias\\\/el-jueves-finaliza-el-plazo-para-solicitar-las-ayudas-para-estudiar-un-master-estrategico-en-aragon\\\/#organizationLogo\"},\"sameAs\":[\"https:\\\/\\\/facebook.com\\\/eldigitaldeasturias\",\"https:\\\/\\\/www.youtube.com\\\/channel\\\/UCZP-2wLEB9Rv6erhFmqVnvg\"],\"address\":{\"@id\":\"https:\\\/\\\/www.eldigitaldeasturias.com\\\/noticias\\\/#postaladdress\",\"@type\":\"PostalAddress\",\"streetAddress\":\"san antonio 4\",\"postalCode\":\"33430\",\"addressLocality\":\"Cand\\u00e1s\",\"addressRegion\":\"Asturias\",\"addressCountry\":\"ES\"}},{\"@type\":\"Person\",\"@id\":\"https:\\\/\\\/www.eldigitaldeasturias.com\\\/noticias\\\/author\\\/admin\\\/#author\",\"url\":\"https:\\\/\\\/www.eldigitaldeasturias.com\\\/noticias\\\/author\\\/admin\\\/\",\"name\":\"El Digital de Asturias\",\"image\":{\"@type\":\"ImageObject\",\"@id\":\"https:\\\/\\\/www.eldigitaldeasturias.com\\\/noticias\\\/el-jueves-finaliza-el-plazo-para-solicitar-las-ayudas-para-estudiar-un-master-estrategico-en-aragon\\\/#authorImage\",\"url\":\"https:\\\/\\\/secure.gravatar.com\\\/avatar\\\/df2aeffc32bcd13f8d26072ef8a91b623d677766deac7f97ca815868cd41bf5e?s=96&d=mm&r=g\",\"width\":96,\"height\":96,\"caption\":\"El Digital de Asturias\"}},{\"@type\":\"WebPage\",\"@id\":\"https:\\\/\\\/www.eldigitaldeasturias.com\\\/noticias\\\/el-jueves-finaliza-el-plazo-para-solicitar-las-ayudas-para-estudiar-un-master-estrategico-en-aragon\\\/#webpage\",\"url\":\"https:\\\/\\\/www.eldigitaldeasturias.com\\\/noticias\\\/el-jueves-finaliza-el-plazo-para-solicitar-las-ayudas-para-estudiar-un-master-estrategico-en-aragon\\\/\",\"name\":\"El jueves finaliza el plazo para solicitar las ayudas para estudiar un m\\u00e1ster estrat\\u00e9gico en Arag\\u00f3n - El Digital de Asturias\",\"description\":\"El pr\\u00f3ximo jueves finaliza el plazo para solicitar las ayudas de m\\u00e1ster estrat\\u00e9gico que por segundo a\\u00f1o lanza el Gobierno de Arag\\u00f3n. Cuentan con un presupuesto de 1.230.000 euros y est\\u00e1n cofinanciadas por el Fondo Social Europeo. Se espera que las ayudas de m\\u00e1ster estrat\\u00e9gico beneficien a unos 250 estudiantes. Los interesados pueden solicitar primero\",\"inLanguage\":\"es-ES\",\"isPartOf\":{\"@id\":\"https:\\\/\\\/www.eldigitaldeasturias.com\\\/noticias\\\/#website\"},\"breadcrumb\":{\"@id\":\"https:\\\/\\\/www.eldigitaldeasturias.com\\\/noticias\\\/el-jueves-finaliza-el-plazo-para-solicitar-las-ayudas-para-estudiar-un-master-estrategico-en-aragon\\\/#breadcrumblist\"},\"author\":{\"@id\":\"https:\\\/\\\/www.eldigitaldeasturias.com\\\/noticias\\\/author\\\/admin\\\/#author\"},\"creator\":{\"@id\":\"https:\\\/\\\/www.eldigitaldeasturias.com\\\/noticias\\\/author\\\/admin\\\/#author\"},\"image\":{\"@type\":\"ImageObject\",\"url\":948159,\"@id\":\"https:\\\/\\\/www.eldigitaldeasturias.com\\\/noticias\\\/el-jueves-finaliza-el-plazo-para-solicitar-las-ayudas-para-estudiar-un-master-estrategico-en-aragon\\\/#mainImage\"},\"primaryImageOfPage\":{\"@id\":\"https:\\\/\\\/www.eldigitaldeasturias.com\\\/noticias\\\/el-jueves-finaliza-el-plazo-para-solicitar-las-ayudas-para-estudiar-un-master-estrategico-en-aragon\\\/#mainImage\"},\"datePublished\":\"2017-07-31T10:57:07+02:00\",\"dateModified\":\"2017-07-31T10:57:07+02:00\"},{\"@type\":\"WebSite\",\"@id\":\"https:\\\/\\\/www.eldigitaldeasturias.com\\\/noticias\\\/#website\",\"url\":\"https:\\\/\\\/www.eldigitaldeasturias.com\\\/noticias\\\/\",\"name\":\"El Digital de Asturias - Diario de actualidad y noticias\",\"alternateName\":\"El Digital de Asturias - Diario de actualidad y noticias\",\"description\":\"Hemeroteca\",\"inLanguage\":\"es-ES\",\"publisher\":{\"@id\":\"https:\\\/\\\/www.eldigitaldeasturias.com\\\/noticias\\\/#organization\"}}]}\n\t\t<\/script>\n\t\t<!-- All in One SEO Pro -->\r\n\t\t<title>El jueves finaliza el plazo para solicitar las ayudas para estudiar un m\u00e1ster estrat\u00e9gico en Arag\u00f3n - El Digital de Asturias<\/title>\n\n","aioseo_head_json":{"title":"El jueves finaliza el plazo para solicitar las ayudas para estudiar un m\u00e1ster estrat\u00e9gico en Arag\u00f3n - El Digital de Asturias","description":"El pr\u00f3ximo jueves finaliza el plazo para solicitar las ayudas de m\u00e1ster estrat\u00e9gico que por segundo a\u00f1o lanza el Gobierno de Arag\u00f3n. Cuentan con un presupuesto de 1.230.000 euros y est\u00e1n cofinanciadas por el Fondo Social Europeo. Se espera que las ayudas de m\u00e1ster estrat\u00e9gico beneficien a unos 250 estudiantes. Los interesados pueden solicitar primero","canonical_url":"https:\/\/www.eldigitaldeasturias.com\/noticias\/el-jueves-finaliza-el-plazo-para-solicitar-las-ayudas-para-estudiar-un-master-estrategico-en-aragon\/","robots":"max-image-preview:large","keywords":"actualidad","webmasterTools":{"google-site-verification":"UA-38556648-1","msvalidate.01":"7dfe9f3f1b24437ab69f4f2559babe99","miscellaneous":""},"schema":{"@context":"https:\/\/schema.org","@graph":[{"@type":"BlogPosting","@id":"https:\/\/www.eldigitaldeasturias.com\/noticias\/el-jueves-finaliza-el-plazo-para-solicitar-las-ayudas-para-estudiar-un-master-estrategico-en-aragon\/#blogposting","name":"El jueves finaliza el plazo para solicitar las ayudas para estudiar un m\u00e1ster estrat\u00e9gico en Arag\u00f3n - El Digital de Asturias","headline":"El jueves finaliza el plazo para solicitar las ayudas para estudiar un m\u00e1ster estrat\u00e9gico en Arag\u00f3n","author":{"@id":"https:\/\/www.eldigitaldeasturias.com\/noticias\/author\/admin\/#author"},"publisher":{"@id":"https:\/\/www.eldigitaldeasturias.com\/noticias\/#organization"},"image":{"@type":"ImageObject","url":948159},"datePublished":"2017-07-31T10:57:07+02:00","dateModified":"2017-07-31T10:57:07+02:00","inLanguage":"es-ES","mainEntityOfPage":{"@id":"https:\/\/www.eldigitaldeasturias.com\/noticias\/el-jueves-finaliza-el-plazo-para-solicitar-las-ayudas-para-estudiar-un-master-estrategico-en-aragon\/#webpage"},"isPartOf":{"@id":"https:\/\/www.eldigitaldeasturias.com\/noticias\/el-jueves-finaliza-el-plazo-para-solicitar-las-ayudas-para-estudiar-un-master-estrategico-en-aragon\/#webpage"},"articleSection":"Actualidad"},{"@type":"BreadcrumbList","@id":"https:\/\/www.eldigitaldeasturias.com\/noticias\/el-jueves-finaliza-el-plazo-para-solicitar-las-ayudas-para-estudiar-un-master-estrategico-en-aragon\/#breadcrumblist","itemListElement":[{"@type":"ListItem","@id":"https:\/\/www.eldigitaldeasturias.com\/noticias#listItem","position":1,"name":"Home","item":"https:\/\/www.eldigitaldeasturias.com\/noticias","nextItem":{"@type":"ListItem","@id":"https:\/\/www.eldigitaldeasturias.com\/noticias\/category\/actualidad\/#listItem","name":"Actualidad"}},{"@type":"ListItem","@id":"https:\/\/www.eldigitaldeasturias.com\/noticias\/category\/actualidad\/#listItem","position":2,"name":"Actualidad","item":"https:\/\/www.eldigitaldeasturias.com\/noticias\/category\/actualidad\/","nextItem":{"@type":"ListItem","@id":"https:\/\/www.eldigitaldeasturias.com\/noticias\/el-jueves-finaliza-el-plazo-para-solicitar-las-ayudas-para-estudiar-un-master-estrategico-en-aragon\/#listItem","name":"El jueves finaliza el plazo para solicitar las ayudas para estudiar un m\u00e1ster estrat\u00e9gico en Arag\u00f3n"},"previousItem":{"@type":"ListItem","@id":"https:\/\/www.eldigitaldeasturias.com\/noticias#listItem","name":"Home"}},{"@type":"ListItem","@id":"https:\/\/www.eldigitaldeasturias.com\/noticias\/el-jueves-finaliza-el-plazo-para-solicitar-las-ayudas-para-estudiar-un-master-estrategico-en-aragon\/#listItem","position":3,"name":"El jueves finaliza el plazo para solicitar las ayudas para estudiar un m\u00e1ster estrat\u00e9gico en Arag\u00f3n","previousItem":{"@type":"ListItem","@id":"https:\/\/www.eldigitaldeasturias.com\/noticias\/category\/actualidad\/#listItem","name":"Actualidad"}}]},{"@type":"Organization","@id":"https:\/\/www.eldigitaldeasturias.com\/noticias\/#organization","name":"El Digital de Asturias","description":"Hemeroteca","url":"https:\/\/www.eldigitaldeasturias.com\/noticias\/","email":"info@eldigitaldeasturias.com","telephone":"+34652131393","logo":{"@type":"ImageObject","url":"https:\/\/www.eldigitaldeasturias.com\/noticias\/wp-content\/uploads\/2020\/12\/EDA.jpg","@id":"https:\/\/www.eldigitaldeasturias.com\/noticias\/el-jueves-finaliza-el-plazo-para-solicitar-las-ayudas-para-estudiar-un-master-estrategico-en-aragon\/#organizationLogo"},"image":{"@id":"https:\/\/www.eldigitaldeasturias.com\/noticias\/el-jueves-finaliza-el-plazo-para-solicitar-las-ayudas-para-estudiar-un-master-estrategico-en-aragon\/#organizationLogo"},"sameAs":["https:\/\/facebook.com\/eldigitaldeasturias","https:\/\/www.youtube.com\/channel\/UCZP-2wLEB9Rv6erhFmqVnvg"],"address":{"@id":"https:\/\/www.eldigitaldeasturias.com\/noticias\/#postaladdress","@type":"PostalAddress","streetAddress":"san antonio 4","postalCode":"33430","addressLocality":"Cand\u00e1s","addressRegion":"Asturias","addressCountry":"ES"}},{"@type":"Person","@id":"https:\/\/www.eldigitaldeasturias.com\/noticias\/author\/admin\/#author","url":"https:\/\/www.eldigitaldeasturias.com\/noticias\/author\/admin\/","name":"El Digital de Asturias","image":{"@type":"ImageObject","@id":"https:\/\/www.eldigitaldeasturias.com\/noticias\/el-jueves-finaliza-el-plazo-para-solicitar-las-ayudas-para-estudiar-un-master-estrategico-en-aragon\/#authorImage","url":"https:\/\/secure.gravatar.com\/avatar\/df2aeffc32bcd13f8d26072ef8a91b623d677766deac7f97ca815868cd41bf5e?s=96&d=mm&r=g","width":96,"height":96,"caption":"El Digital de Asturias"}},{"@type":"WebPage","@id":"https:\/\/www.eldigitaldeasturias.com\/noticias\/el-jueves-finaliza-el-plazo-para-solicitar-las-ayudas-para-estudiar-un-master-estrategico-en-aragon\/#webpage","url":"https:\/\/www.eldigitaldeasturias.com\/noticias\/el-jueves-finaliza-el-plazo-para-solicitar-las-ayudas-para-estudiar-un-master-estrategico-en-aragon\/","name":"El jueves finaliza el plazo para solicitar las ayudas para estudiar un m\u00e1ster estrat\u00e9gico en Arag\u00f3n - El Digital de Asturias","description":"El pr\u00f3ximo jueves finaliza el plazo para solicitar las ayudas de m\u00e1ster estrat\u00e9gico que por segundo a\u00f1o lanza el Gobierno de Arag\u00f3n. Cuentan con un presupuesto de 1.230.000 euros y est\u00e1n cofinanciadas por el Fondo Social Europeo. Se espera que las ayudas de m\u00e1ster estrat\u00e9gico beneficien a unos 250 estudiantes. Los interesados pueden solicitar primero","inLanguage":"es-ES","isPartOf":{"@id":"https:\/\/www.eldigitaldeasturias.com\/noticias\/#website"},"breadcrumb":{"@id":"https:\/\/www.eldigitaldeasturias.com\/noticias\/el-jueves-finaliza-el-plazo-para-solicitar-las-ayudas-para-estudiar-un-master-estrategico-en-aragon\/#breadcrumblist"},"author":{"@id":"https:\/\/www.eldigitaldeasturias.com\/noticias\/author\/admin\/#author"},"creator":{"@id":"https:\/\/www.eldigitaldeasturias.com\/noticias\/author\/admin\/#author"},"image":{"@type":"ImageObject","url":948159,"@id":"https:\/\/www.eldigitaldeasturias.com\/noticias\/el-jueves-finaliza-el-plazo-para-solicitar-las-ayudas-para-estudiar-un-master-estrategico-en-aragon\/#mainImage"},"primaryImageOfPage":{"@id":"https:\/\/www.eldigitaldeasturias.com\/noticias\/el-jueves-finaliza-el-plazo-para-solicitar-las-ayudas-para-estudiar-un-master-estrategico-en-aragon\/#mainImage"},"datePublished":"2017-07-31T10:57:07+02:00","dateModified":"2017-07-31T10:57:07+02:00"},{"@type":"WebSite","@id":"https:\/\/www.eldigitaldeasturias.com\/noticias\/#website","url":"https:\/\/www.eldigitaldeasturias.com\/noticias\/","name":"El Digital de Asturias - Diario de actualidad y noticias","alternateName":"El Digital de Asturias - Diario de actualidad y noticias","description":"Hemeroteca","inLanguage":"es-ES","publisher":{"@id":"https:\/\/www.eldigitaldeasturias.com\/noticias\/#organization"}}]},"og:locale":"es_ES","og:site_name":"El Digital de Asturias","og:type":"article","og:title":"El jueves finaliza el plazo para solicitar las ayudas para estudiar un m\u00e1ster estrat\u00e9gico en Arag\u00f3n - El Digital de Asturias","og:description":"El pr\u00f3ximo jueves finaliza el plazo para solicitar las ayudas de m\u00e1ster estrat\u00e9gico que por segundo a\u00f1o lanza el Gobierno de Arag\u00f3n. Cuentan con un presupuesto de 1.230.000 euros y est\u00e1n cofinanciadas por el Fondo Social Europeo. Se espera que las ayudas de m\u00e1ster estrat\u00e9gico beneficien a unos 250 estudiantes. Los interesados pueden solicitar primero","og:url":"https:\/\/www.eldigitaldeasturias.com\/noticias\/el-jueves-finaliza-el-plazo-para-solicitar-las-ayudas-para-estudiar-un-master-estrategico-en-aragon\/","article:tag":["actualidad"],"article:published_time":"2017-07-31T10:57:07+00:00","article:modified_time":"2017-07-31T10:57:07+00:00","article:publisher":"https:\/\/facebook.com\/eldigitaldeasturias","twitter:card":"summary_large_image","twitter:title":"El jueves finaliza el plazo para solicitar las ayudas para estudiar un m\u00e1ster estrat\u00e9gico en Arag\u00f3n - El Digital de Asturias","twitter:description":"El pr\u00f3ximo jueves finaliza el plazo para solicitar las ayudas de m\u00e1ster estrat\u00e9gico que por segundo a\u00f1o lanza el Gobierno de Arag\u00f3n. Cuentan con un presupuesto de 1.230.000 euros y est\u00e1n cofinanciadas por el Fondo Social Europeo. Se espera que las ayudas de m\u00e1ster estrat\u00e9gico beneficien a unos 250 estudiantes. Los interesados pueden solicitar primero","twitter:image":"https:\/\/www.eldigitaldeasturias.com\/noticias\/wp-content\/uploads\/2020\/12\/EDA-1.jpg","twitter:label1":"Escrito por","twitter:data1":"El Digital de Asturias","twitter:label2":"Tiempo de lectura estimado","twitter:data2":"1 minuto"},"aioseo_meta_data":{"post_id":"948158","title":null,"description":null,"keywords":null,"keyphrases":null,"primary_term":null,"canonical_url":null,"og_title":null,"og_description":null,"og_object_type":"default","og_image_type":"default","og_image_url":null,"og_image_width":null,"og_image_height":null,"og_image_custom_url":null,"og_image_custom_fields":null,"og_video":null,"og_custom_url":null,"og_article_section":null,"og_article_tags":null,"twitter_use_og":false,"twitter_card":"default","twitter_image_type":"default","twitter_image_url":null,"twitter_image_custom_url":null,"twitter_image_custom_fields":null,"twitter_title":null,"twitter_description":null,"schema":{"blockGraphs":[],"customGraphs":[],"default":{"data":{"Article":[],"Course":[],"Dataset":[],"FAQPage":[],"Movie":[],"Person":[],"Product":[],"ProductReview":[],"Car":[],"Recipe":[],"Service":[],"SoftwareApplication":[],"WebPage":[]},"graphName":"","isEnabled":true},"graphs":[],"defaultGraph":"","defaultPostTypeGraph":""},"schema_type":null,"schema_type_options":null,"pillar_content":false,"robots_default":true,"robots_noindex":false,"robots_noarchive":false,"robots_nosnippet":false,"robots_nofollow":false,"robots_noimageindex":false,"robots_noodp":false,"robots_notranslate":false,"robots_max_snippet":null,"robots_max_videopreview":null,"robots_max_imagepreview":"large","priority":null,"frequency":null,"local_seo":null,"seo_analyzer_scan_date":"2025-12-05 07:40:11","breadcrumb_settings":null,"limit_modified_date":false,"open_ai":null,"ai":null,"created":"2020-12-21 12:33:09","updated":"2025-12-05 07:40:11","focus_keyword":null,"additional_keywords":null,"truseo_locale":null},"aioseo_breadcrumb":"<div class=\"aioseo-breadcrumbs\"><span class=\"aioseo-breadcrumb\">\n\t<a href=\"https:\/\/www.eldigitaldeasturias.com\/noticias\" title=\"Home\">Home<\/a>\n<\/span><span class=\"aioseo-breadcrumb-separator\">\u2013<\/span><span class=\"aioseo-breadcrumb\">\n\t<a href=\"https:\/\/www.eldigitaldeasturias.com\/noticias\/category\/actualidad\/\" title=\"Actualidad\">Actualidad<\/a>\n<\/span><span class=\"aioseo-breadcrumb-separator\">\u2013<\/span><span class=\"aioseo-breadcrumb\">\n\t<a href=\"https:\/\/www.eldigitaldeasturias.com\/noticias\/el-jueves-finaliza-el-plazo-para-solicitar-las-ayudas-para-estudiar-un-master-estrategico-en-aragon\/\" title=\"El jueves finaliza el plazo para solicitar las ayudas para estudiar un m\u00e1ster estrat\u00e9gico en Arag\u00f3n\">El jueves finaliza el plazo para solicitar las ayudas para estudiar un m\u00e1ster estrat\u00e9gico en Arag\u00f3n<\/a>\n<\/span><\/div>","aioseo_breadcrumb_json":[{"label":"Home","link":"https:\/\/www.eldigitaldeasturias.com\/noticias"},{"label":"Actualidad","link":"https:\/\/www.eldigitaldeasturias.com\/noticias\/category\/actualidad\/"},{"label":"El jueves finaliza el plazo para solicitar las ayudas para estudiar un m\u00e1ster estrat\u00e9gico en Arag\u00f3n","link":"https:\/\/www.eldigitaldeasturias.com\/noticias\/el-jueves-finaliza-el-plazo-para-solicitar-las-ayudas-para-estudiar-un-master-estrategico-en-aragon\/"}],"_links":{"self":[{"href":"https:\/\/www.eldigitaldeasturias.com\/noticias\/wp-json\/wp\/v2\/posts\/948158","targetHints":{"allow":["GET"]}}],"collection":[{"href":"https:\/\/www.eldigitaldeasturias.com\/noticias\/wp-json\/wp\/v2\/posts"}],"about":[{"href":"https:\/\/www.eldigitaldeasturias.com\/noticias\/wp-json\/wp\/v2\/types\/post"}],"author":[{"embeddable":true,"href":"https:\/\/www.eldigitaldeasturias.com\/noticias\/wp-json\/wp\/v2\/users\/1"}],"replies":[{"embeddable":true,"href":"https:\/\/www.eldigitaldeasturias.com\/noticias\/wp-json\/wp\/v2\/comments?post=948158"}],"version-history":[{"count":0,"href":"https:\/\/www.eldigitaldeasturias.com\/noticias\/wp-json\/wp\/v2\/posts\/948158\/revisions"}],"wp:attachment":[{"href":"https:\/\/www.eldigitaldeasturias.com\/noticias\/wp-json\/wp\/v2\/media?parent=948158"}],"wp:term":[{"taxonomy":"category","embeddable":true,"href":"https:\/\/www.eldigitaldeasturias.com\/noticias\/wp-json\/wp\/v2\/categories?post=948158"},{"taxonomy":"post_tag","embeddable":true,"href":"https:\/\/www.eldigitaldeasturias.com\/noticias\/wp-json\/wp\/v2\/tags?post=948158"}],"curies":[{"name":"wp","href":"https:\/\/api.w.org\/{rel}","templated":true}]}}