{"id":948115,"date":"2017-07-30T18:27:30","date_gmt":"2017-07-30T18:27:30","guid":{"rendered":"http:\/\/www.eldigitaldeasturias.com\/noticias\/?p=948115"},"modified":"2017-07-30T18:27:30","modified_gmt":"2017-07-30T18:27:30","slug":"las-escuelas-infantiles-de-la-comarca-del-matarrana-contaran-con-la-ayuda-del-gobierno-de-aragon","status":"publish","type":"post","link":"https:\/\/www.eldigitaldeasturias.com\/noticias\/las-escuelas-infantiles-de-la-comarca-del-matarrana-contaran-con-la-ayuda-del-gobierno-de-aragon\/","title":{"rendered":"Las escuelas infantiles de la comarca del Matarra\u00f1a contar\u00e1n con la ayuda del Gobierno de Arag\u00f3n"},"content":{"rendered":"<p><img loading=\"lazy\" decoding=\"async\" class=\"alignleft size-medium wp-image-948116\" src=\"https:\/\/www.eldigitaldeasturias.com\/noticias\/wp-content\/uploads\/2017\/07\/IMG-20170730-WA0003-360x243.jpg\" alt=\"\" width=\"360\" height=\"243\" \/>La consejera de Educaci\u00f3n, Cultura y Deporte, Mayte P\u00e9rez, y el presidente de la comarca del Matarra\u00f1a, Rafael Mart\u00ed, han firmado hoy en Valderrobres el convenio para financiar el profesorado de las siete escuelas infantiles de la comarca: Beceite, Cretas, La Fresneda, Mazale\u00f3n, Monroyo, Veldetormo y Valjunquera. Todas ellas cuentan con una unidad y el convenio tendr\u00e1 vigencia hasta junio de 2018 (con fecha de inicio enero de 2017).<\/p>\n<p>El Gobierno de Arag\u00f3n aporta 182.850 euros, de los que 121.900 son para el ejercicio 2017 y 60.950 para el 2018. Este importe servir\u00e1 para financiar maestros de Educaci\u00f3n Infantil y t\u00e9cnicos superiores de esa etapa.<\/p>\n<p>Con este convenio se pretende ofrecer una Educaci\u00f3n Infantil de calidad en la etapa de 0 a 3 a\u00f1os, como factor b\u00e1sico de equidad clave para compensar desigualdades y contribuir a mejorar el \u00e9xito escolar. El Gobierno de Arag\u00f3n considera que la educaci\u00f3n que se recibe hasta los 3 a\u00f1os es un facto decisivo en su desarrollo integral como personas. Adem\u00e1s, este servicio contribuye a una mejor vertebraci\u00f3n social y territorial y da respuesta a la necesidad que tienen las familias de conciliar su vida personal y laboral.<\/p>\n<p>Por esta raz\u00f3n, el Departamento de Educaci\u00f3n, Cultura y Deporte promueve una red de escuelas infantiles. De hecho, va a suscribir acuerdos con ayuntamientos y comarcas de las tres provincias para financiar el profesorado de estos centros. En concreto, la Consejer\u00eda se har\u00e1 cargo de los gastos de personal de 193 escuelas infantiles, situadas en 150 municipios distintos, para el pr\u00f3ximo curso. En estos centros inician su etapa escolar m\u00e1s de 5.500 menores. Afectan a 43 centros de Huesca, 36 de Teruel y 71 de Zaragoza. El importe total ser\u00e1 de 13,6 millones de euros.<\/p>\n<p>Despu\u00e9s de la firma del convenio, la consejera Mayte P\u00e9rez ha visitado las localidades de Arens de Lled\u00f3 y La Fresneda<\/p>\n<p>&nbsp;<\/p>\n","protected":false},"excerpt":{"rendered":"<p>La consejera de Educaci\u00f3n, Cultura y Deporte, Mayte P\u00e9rez, y el presidente de la comarca del Matarra\u00f1a, Rafael Mart\u00ed, han firmado hoy en Valderrobres el convenio para financiar el profesorado de las siete escuelas infantiles de la comarca: Beceite, Cretas, La Fresneda, Mazale\u00f3n, Monroyo, Veldetormo y Valjunquera. Todas ellas cuentan con una unidad y el [&hellip;]<\/p>\n","protected":false},"author":1,"featured_media":948116,"comment_status":"closed","ping_status":"closed","sticky":false,"template":"","format":"standard","meta":{"footnotes":""},"categories":[1],"tags":[],"class_list":["post-948115","post","type-post","status-publish","format-standard","has-post-thumbnail","hentry","category-actualidad"],"aioseo_notices":[],"aioseo_head":"\n\t\t<!-- All in One SEO Pro 5.0.1 - aioseo.com -->\n\t<meta name=\"description\" content=\"La consejera de Educaci\u00f3n, Cultura y Deporte, Mayte P\u00e9rez, y el presidente de la comarca del Matarra\u00f1a, Rafael Mart\u00ed, han firmado hoy en Valderrobres el convenio para financiar el profesorado de las siete escuelas infantiles de la comarca: Beceite, Cretas, La Fresneda, Mazale\u00f3n, Monroyo, Veldetormo y Valjunquera. Todas ellas cuentan con una unidad y el\" \/>\n\t<meta name=\"robots\" content=\"max-image-preview:large\" \/>\n\t<meta name=\"author\" content=\"El Digital de Asturias\"\/>\n\t<meta name=\"google-site-verification\" content=\"UA-38556648-1\" \/>\n\t<meta name=\"msvalidate.01\" content=\"7dfe9f3f1b24437ab69f4f2559babe99\" \/>\n\t<meta name=\"keywords\" content=\"actualidad\" \/>\n\t<link rel=\"canonical\" href=\"https:\/\/www.eldigitaldeasturias.com\/noticias\/las-escuelas-infantiles-de-la-comarca-del-matarrana-contaran-con-la-ayuda-del-gobierno-de-aragon\/\" \/>\n\t<meta name=\"generator\" content=\"All in One SEO Pro (AIOSEO) 5.0.1\" \/>\n\t\t<meta property=\"og:locale\" content=\"es_ES\" \/>\n\t\t<meta property=\"og:site_name\" content=\"El Digital de Asturias\" \/>\n\t\t<meta property=\"og:type\" content=\"article\" \/>\n\t\t<meta property=\"og:title\" content=\"Las escuelas infantiles de la comarca del Matarra\u00f1a contar\u00e1n con la ayuda del Gobierno de Arag\u00f3n - El Digital de Asturias\" \/>\n\t\t<meta property=\"og:description\" content=\"La consejera de Educaci\u00f3n, Cultura y Deporte, Mayte P\u00e9rez, y el presidente de la comarca del Matarra\u00f1a, Rafael Mart\u00ed, han firmado hoy en Valderrobres el convenio para financiar el profesorado de las siete escuelas infantiles de la comarca: Beceite, Cretas, La Fresneda, Mazale\u00f3n, Monroyo, Veldetormo y Valjunquera. Todas ellas cuentan con una unidad y el\" \/>\n\t\t<meta property=\"og:url\" content=\"https:\/\/www.eldigitaldeasturias.com\/noticias\/las-escuelas-infantiles-de-la-comarca-del-matarrana-contaran-con-la-ayuda-del-gobierno-de-aragon\/\" \/>\n\t\t<meta property=\"article:tag\" content=\"actualidad\" \/>\n\t\t<meta property=\"article:published_time\" content=\"2017-07-30T18:27:30+00:00\" \/>\n\t\t<meta property=\"article:modified_time\" content=\"2017-07-30T18:27:30+00:00\" \/>\n\t\t<meta property=\"article:publisher\" content=\"https:\/\/facebook.com\/eldigitaldeasturias\" \/>\n\t\t<meta name=\"twitter:card\" content=\"summary_large_image\" \/>\n\t\t<meta name=\"twitter:title\" content=\"Las escuelas infantiles de la comarca del Matarra\u00f1a contar\u00e1n con la ayuda del Gobierno de Arag\u00f3n - El Digital de Asturias\" \/>\n\t\t<meta name=\"twitter:description\" content=\"La consejera de Educaci\u00f3n, Cultura y Deporte, Mayte P\u00e9rez, y el presidente de la comarca del Matarra\u00f1a, Rafael Mart\u00ed, han firmado hoy en Valderrobres el convenio para financiar el profesorado de las siete escuelas infantiles de la comarca: Beceite, Cretas, La Fresneda, Mazale\u00f3n, Monroyo, Veldetormo y Valjunquera. Todas ellas cuentan con una unidad y el\" \/>\n\t\t<meta name=\"twitter:image\" content=\"https:\/\/www.eldigitaldeasturias.com\/noticias\/wp-content\/uploads\/2020\/12\/EDA-1.jpg\" \/>\n\t\t<meta name=\"twitter:label1\" content=\"Escrito por\" \/>\n\t\t<meta name=\"twitter:data1\" content=\"El Digital de Asturias\" \/>\n\t\t<meta name=\"twitter:label2\" content=\"Tiempo de lectura estimado\" \/>\n\t\t<meta name=\"twitter:data2\" content=\"2 minutos\" \/>\n\t\t<script type=\"application\/ld+json\" class=\"aioseo-schema\">\n\t\t\t{\"@context\":\"https:\\\/\\\/schema.org\",\"@graph\":[{\"@type\":\"BlogPosting\",\"@id\":\"https:\\\/\\\/www.eldigitaldeasturias.com\\\/noticias\\\/las-escuelas-infantiles-de-la-comarca-del-matarrana-contaran-con-la-ayuda-del-gobierno-de-aragon\\\/#blogposting\",\"name\":\"Las escuelas infantiles de la comarca del Matarra\\u00f1a contar\\u00e1n con la ayuda del Gobierno de Arag\\u00f3n - El Digital de Asturias\",\"headline\":\"Las escuelas infantiles de la comarca del Matarra\\u00f1a contar\\u00e1n con la ayuda del Gobierno de Arag\\u00f3n\",\"author\":{\"@id\":\"https:\\\/\\\/www.eldigitaldeasturias.com\\\/noticias\\\/author\\\/admin\\\/#author\"},\"publisher\":{\"@id\":\"https:\\\/\\\/www.eldigitaldeasturias.com\\\/noticias\\\/#organization\"},\"image\":{\"@type\":\"ImageObject\",\"url\":948116},\"datePublished\":\"2017-07-30T18:27:30+02:00\",\"dateModified\":\"2017-07-30T18:27:30+02:00\",\"inLanguage\":\"es-ES\",\"mainEntityOfPage\":{\"@id\":\"https:\\\/\\\/www.eldigitaldeasturias.com\\\/noticias\\\/las-escuelas-infantiles-de-la-comarca-del-matarrana-contaran-con-la-ayuda-del-gobierno-de-aragon\\\/#webpage\"},\"isPartOf\":{\"@id\":\"https:\\\/\\\/www.eldigitaldeasturias.com\\\/noticias\\\/las-escuelas-infantiles-de-la-comarca-del-matarrana-contaran-con-la-ayuda-del-gobierno-de-aragon\\\/#webpage\"},\"articleSection\":\"Actualidad\"},{\"@type\":\"BreadcrumbList\",\"@id\":\"https:\\\/\\\/www.eldigitaldeasturias.com\\\/noticias\\\/las-escuelas-infantiles-de-la-comarca-del-matarrana-contaran-con-la-ayuda-del-gobierno-de-aragon\\\/#breadcrumblist\",\"itemListElement\":[{\"@type\":\"ListItem\",\"@id\":\"https:\\\/\\\/www.eldigitaldeasturias.com\\\/noticias#listItem\",\"position\":1,\"name\":\"Home\",\"item\":\"https:\\\/\\\/www.eldigitaldeasturias.com\\\/noticias\",\"nextItem\":{\"@type\":\"ListItem\",\"@id\":\"https:\\\/\\\/www.eldigitaldeasturias.com\\\/noticias\\\/category\\\/actualidad\\\/#listItem\",\"name\":\"Actualidad\"}},{\"@type\":\"ListItem\",\"@id\":\"https:\\\/\\\/www.eldigitaldeasturias.com\\\/noticias\\\/category\\\/actualidad\\\/#listItem\",\"position\":2,\"name\":\"Actualidad\",\"item\":\"https:\\\/\\\/www.eldigitaldeasturias.com\\\/noticias\\\/category\\\/actualidad\\\/\",\"nextItem\":{\"@type\":\"ListItem\",\"@id\":\"https:\\\/\\\/www.eldigitaldeasturias.com\\\/noticias\\\/las-escuelas-infantiles-de-la-comarca-del-matarrana-contaran-con-la-ayuda-del-gobierno-de-aragon\\\/#listItem\",\"name\":\"Las escuelas infantiles de la comarca del Matarra\\u00f1a contar\\u00e1n con la ayuda del Gobierno de Arag\\u00f3n\"},\"previousItem\":{\"@type\":\"ListItem\",\"@id\":\"https:\\\/\\\/www.eldigitaldeasturias.com\\\/noticias#listItem\",\"name\":\"Home\"}},{\"@type\":\"ListItem\",\"@id\":\"https:\\\/\\\/www.eldigitaldeasturias.com\\\/noticias\\\/las-escuelas-infantiles-de-la-comarca-del-matarrana-contaran-con-la-ayuda-del-gobierno-de-aragon\\\/#listItem\",\"position\":3,\"name\":\"Las escuelas infantiles de la comarca del Matarra\\u00f1a contar\\u00e1n con la ayuda del Gobierno de Arag\\u00f3n\",\"previousItem\":{\"@type\":\"ListItem\",\"@id\":\"https:\\\/\\\/www.eldigitaldeasturias.com\\\/noticias\\\/category\\\/actualidad\\\/#listItem\",\"name\":\"Actualidad\"}}]},{\"@type\":\"Organization\",\"@id\":\"https:\\\/\\\/www.eldigitaldeasturias.com\\\/noticias\\\/#organization\",\"name\":\"El Digital de Asturias\",\"description\":\"Hemeroteca\",\"url\":\"https:\\\/\\\/www.eldigitaldeasturias.com\\\/noticias\\\/\",\"email\":\"info@eldigitaldeasturias.com\",\"telephone\":\"+34652131393\",\"logo\":{\"@type\":\"ImageObject\",\"url\":\"https:\\\/\\\/www.eldigitaldeasturias.com\\\/noticias\\\/wp-content\\\/uploads\\\/2020\\\/12\\\/EDA.jpg\",\"@id\":\"https:\\\/\\\/www.eldigitaldeasturias.com\\\/noticias\\\/las-escuelas-infantiles-de-la-comarca-del-matarrana-contaran-con-la-ayuda-del-gobierno-de-aragon\\\/#organizationLogo\"},\"image\":{\"@id\":\"https:\\\/\\\/www.eldigitaldeasturias.com\\\/noticias\\\/las-escuelas-infantiles-de-la-comarca-del-matarrana-contaran-con-la-ayuda-del-gobierno-de-aragon\\\/#organizationLogo\"},\"sameAs\":[\"https:\\\/\\\/facebook.com\\\/eldigitaldeasturias\",\"https:\\\/\\\/www.youtube.com\\\/channel\\\/UCZP-2wLEB9Rv6erhFmqVnvg\"],\"address\":{\"@id\":\"https:\\\/\\\/www.eldigitaldeasturias.com\\\/noticias\\\/#postaladdress\",\"@type\":\"PostalAddress\",\"streetAddress\":\"san antonio 4\",\"postalCode\":\"33430\",\"addressLocality\":\"Cand\\u00e1s\",\"addressRegion\":\"Asturias\",\"addressCountry\":\"ES\"}},{\"@type\":\"Person\",\"@id\":\"https:\\\/\\\/www.eldigitaldeasturias.com\\\/noticias\\\/author\\\/admin\\\/#author\",\"url\":\"https:\\\/\\\/www.eldigitaldeasturias.com\\\/noticias\\\/author\\\/admin\\\/\",\"name\":\"El Digital de Asturias\",\"image\":{\"@type\":\"ImageObject\",\"@id\":\"https:\\\/\\\/www.eldigitaldeasturias.com\\\/noticias\\\/las-escuelas-infantiles-de-la-comarca-del-matarrana-contaran-con-la-ayuda-del-gobierno-de-aragon\\\/#authorImage\",\"url\":\"https:\\\/\\\/secure.gravatar.com\\\/avatar\\\/df2aeffc32bcd13f8d26072ef8a91b623d677766deac7f97ca815868cd41bf5e?s=96&d=mm&r=g\",\"width\":96,\"height\":96,\"caption\":\"El Digital de Asturias\"}},{\"@type\":\"WebPage\",\"@id\":\"https:\\\/\\\/www.eldigitaldeasturias.com\\\/noticias\\\/las-escuelas-infantiles-de-la-comarca-del-matarrana-contaran-con-la-ayuda-del-gobierno-de-aragon\\\/#webpage\",\"url\":\"https:\\\/\\\/www.eldigitaldeasturias.com\\\/noticias\\\/las-escuelas-infantiles-de-la-comarca-del-matarrana-contaran-con-la-ayuda-del-gobierno-de-aragon\\\/\",\"name\":\"Las escuelas infantiles de la comarca del Matarra\\u00f1a contar\\u00e1n con la ayuda del Gobierno de Arag\\u00f3n - El Digital de Asturias\",\"description\":\"La consejera de Educaci\\u00f3n, Cultura y Deporte, Mayte P\\u00e9rez, y el presidente de la comarca del Matarra\\u00f1a, Rafael Mart\\u00ed, han firmado hoy en Valderrobres el convenio para financiar el profesorado de las siete escuelas infantiles de la comarca: Beceite, Cretas, La Fresneda, Mazale\\u00f3n, Monroyo, Veldetormo y Valjunquera. Todas ellas cuentan con una unidad y el\",\"inLanguage\":\"es-ES\",\"isPartOf\":{\"@id\":\"https:\\\/\\\/www.eldigitaldeasturias.com\\\/noticias\\\/#website\"},\"breadcrumb\":{\"@id\":\"https:\\\/\\\/www.eldigitaldeasturias.com\\\/noticias\\\/las-escuelas-infantiles-de-la-comarca-del-matarrana-contaran-con-la-ayuda-del-gobierno-de-aragon\\\/#breadcrumblist\"},\"author\":{\"@id\":\"https:\\\/\\\/www.eldigitaldeasturias.com\\\/noticias\\\/author\\\/admin\\\/#author\"},\"creator\":{\"@id\":\"https:\\\/\\\/www.eldigitaldeasturias.com\\\/noticias\\\/author\\\/admin\\\/#author\"},\"image\":{\"@type\":\"ImageObject\",\"url\":948116,\"@id\":\"https:\\\/\\\/www.eldigitaldeasturias.com\\\/noticias\\\/las-escuelas-infantiles-de-la-comarca-del-matarrana-contaran-con-la-ayuda-del-gobierno-de-aragon\\\/#mainImage\"},\"primaryImageOfPage\":{\"@id\":\"https:\\\/\\\/www.eldigitaldeasturias.com\\\/noticias\\\/las-escuelas-infantiles-de-la-comarca-del-matarrana-contaran-con-la-ayuda-del-gobierno-de-aragon\\\/#mainImage\"},\"datePublished\":\"2017-07-30T18:27:30+02:00\",\"dateModified\":\"2017-07-30T18:27:30+02:00\"},{\"@type\":\"WebSite\",\"@id\":\"https:\\\/\\\/www.eldigitaldeasturias.com\\\/noticias\\\/#website\",\"url\":\"https:\\\/\\\/www.eldigitaldeasturias.com\\\/noticias\\\/\",\"name\":\"El Digital de Asturias - Diario de actualidad y noticias\",\"alternateName\":\"El Digital de Asturias - Diario de actualidad y noticias\",\"description\":\"Hemeroteca\",\"inLanguage\":\"es-ES\",\"publisher\":{\"@id\":\"https:\\\/\\\/www.eldigitaldeasturias.com\\\/noticias\\\/#organization\"}}]}\n\t\t<\/script>\n\t\t<!-- All in One SEO Pro -->\r\n\t\t<title>Las escuelas infantiles de la comarca del Matarra\u00f1a contar\u00e1n con la ayuda del Gobierno de Arag\u00f3n - El Digital de Asturias<\/title>\n\n","aioseo_head_json":{"title":"Las escuelas infantiles de la comarca del Matarra\u00f1a contar\u00e1n con la ayuda del Gobierno de Arag\u00f3n - El Digital de Asturias","description":"La consejera de Educaci\u00f3n, Cultura y Deporte, Mayte P\u00e9rez, y el presidente de la comarca del Matarra\u00f1a, Rafael Mart\u00ed, han firmado hoy en Valderrobres el convenio para financiar el profesorado de las siete escuelas infantiles de la comarca: Beceite, Cretas, La Fresneda, Mazale\u00f3n, Monroyo, Veldetormo y Valjunquera. Todas ellas cuentan con una unidad y el","canonical_url":"https:\/\/www.eldigitaldeasturias.com\/noticias\/las-escuelas-infantiles-de-la-comarca-del-matarrana-contaran-con-la-ayuda-del-gobierno-de-aragon\/","robots":"max-image-preview:large","keywords":"actualidad","webmasterTools":{"google-site-verification":"UA-38556648-1","msvalidate.01":"7dfe9f3f1b24437ab69f4f2559babe99","miscellaneous":""},"schema":{"@context":"https:\/\/schema.org","@graph":[{"@type":"BlogPosting","@id":"https:\/\/www.eldigitaldeasturias.com\/noticias\/las-escuelas-infantiles-de-la-comarca-del-matarrana-contaran-con-la-ayuda-del-gobierno-de-aragon\/#blogposting","name":"Las escuelas infantiles de la comarca del Matarra\u00f1a contar\u00e1n con la ayuda del Gobierno de Arag\u00f3n - El Digital de Asturias","headline":"Las escuelas infantiles de la comarca del Matarra\u00f1a contar\u00e1n con la ayuda del Gobierno de Arag\u00f3n","author":{"@id":"https:\/\/www.eldigitaldeasturias.com\/noticias\/author\/admin\/#author"},"publisher":{"@id":"https:\/\/www.eldigitaldeasturias.com\/noticias\/#organization"},"image":{"@type":"ImageObject","url":948116},"datePublished":"2017-07-30T18:27:30+02:00","dateModified":"2017-07-30T18:27:30+02:00","inLanguage":"es-ES","mainEntityOfPage":{"@id":"https:\/\/www.eldigitaldeasturias.com\/noticias\/las-escuelas-infantiles-de-la-comarca-del-matarrana-contaran-con-la-ayuda-del-gobierno-de-aragon\/#webpage"},"isPartOf":{"@id":"https:\/\/www.eldigitaldeasturias.com\/noticias\/las-escuelas-infantiles-de-la-comarca-del-matarrana-contaran-con-la-ayuda-del-gobierno-de-aragon\/#webpage"},"articleSection":"Actualidad"},{"@type":"BreadcrumbList","@id":"https:\/\/www.eldigitaldeasturias.com\/noticias\/las-escuelas-infantiles-de-la-comarca-del-matarrana-contaran-con-la-ayuda-del-gobierno-de-aragon\/#breadcrumblist","itemListElement":[{"@type":"ListItem","@id":"https:\/\/www.eldigitaldeasturias.com\/noticias#listItem","position":1,"name":"Home","item":"https:\/\/www.eldigitaldeasturias.com\/noticias","nextItem":{"@type":"ListItem","@id":"https:\/\/www.eldigitaldeasturias.com\/noticias\/category\/actualidad\/#listItem","name":"Actualidad"}},{"@type":"ListItem","@id":"https:\/\/www.eldigitaldeasturias.com\/noticias\/category\/actualidad\/#listItem","position":2,"name":"Actualidad","item":"https:\/\/www.eldigitaldeasturias.com\/noticias\/category\/actualidad\/","nextItem":{"@type":"ListItem","@id":"https:\/\/www.eldigitaldeasturias.com\/noticias\/las-escuelas-infantiles-de-la-comarca-del-matarrana-contaran-con-la-ayuda-del-gobierno-de-aragon\/#listItem","name":"Las escuelas infantiles de la comarca del Matarra\u00f1a contar\u00e1n con la ayuda del Gobierno de Arag\u00f3n"},"previousItem":{"@type":"ListItem","@id":"https:\/\/www.eldigitaldeasturias.com\/noticias#listItem","name":"Home"}},{"@type":"ListItem","@id":"https:\/\/www.eldigitaldeasturias.com\/noticias\/las-escuelas-infantiles-de-la-comarca-del-matarrana-contaran-con-la-ayuda-del-gobierno-de-aragon\/#listItem","position":3,"name":"Las escuelas infantiles de la comarca del Matarra\u00f1a contar\u00e1n con la ayuda del Gobierno de Arag\u00f3n","previousItem":{"@type":"ListItem","@id":"https:\/\/www.eldigitaldeasturias.com\/noticias\/category\/actualidad\/#listItem","name":"Actualidad"}}]},{"@type":"Organization","@id":"https:\/\/www.eldigitaldeasturias.com\/noticias\/#organization","name":"El Digital de Asturias","description":"Hemeroteca","url":"https:\/\/www.eldigitaldeasturias.com\/noticias\/","email":"info@eldigitaldeasturias.com","telephone":"+34652131393","logo":{"@type":"ImageObject","url":"https:\/\/www.eldigitaldeasturias.com\/noticias\/wp-content\/uploads\/2020\/12\/EDA.jpg","@id":"https:\/\/www.eldigitaldeasturias.com\/noticias\/las-escuelas-infantiles-de-la-comarca-del-matarrana-contaran-con-la-ayuda-del-gobierno-de-aragon\/#organizationLogo"},"image":{"@id":"https:\/\/www.eldigitaldeasturias.com\/noticias\/las-escuelas-infantiles-de-la-comarca-del-matarrana-contaran-con-la-ayuda-del-gobierno-de-aragon\/#organizationLogo"},"sameAs":["https:\/\/facebook.com\/eldigitaldeasturias","https:\/\/www.youtube.com\/channel\/UCZP-2wLEB9Rv6erhFmqVnvg"],"address":{"@id":"https:\/\/www.eldigitaldeasturias.com\/noticias\/#postaladdress","@type":"PostalAddress","streetAddress":"san antonio 4","postalCode":"33430","addressLocality":"Cand\u00e1s","addressRegion":"Asturias","addressCountry":"ES"}},{"@type":"Person","@id":"https:\/\/www.eldigitaldeasturias.com\/noticias\/author\/admin\/#author","url":"https:\/\/www.eldigitaldeasturias.com\/noticias\/author\/admin\/","name":"El Digital de Asturias","image":{"@type":"ImageObject","@id":"https:\/\/www.eldigitaldeasturias.com\/noticias\/las-escuelas-infantiles-de-la-comarca-del-matarrana-contaran-con-la-ayuda-del-gobierno-de-aragon\/#authorImage","url":"https:\/\/secure.gravatar.com\/avatar\/df2aeffc32bcd13f8d26072ef8a91b623d677766deac7f97ca815868cd41bf5e?s=96&d=mm&r=g","width":96,"height":96,"caption":"El Digital de Asturias"}},{"@type":"WebPage","@id":"https:\/\/www.eldigitaldeasturias.com\/noticias\/las-escuelas-infantiles-de-la-comarca-del-matarrana-contaran-con-la-ayuda-del-gobierno-de-aragon\/#webpage","url":"https:\/\/www.eldigitaldeasturias.com\/noticias\/las-escuelas-infantiles-de-la-comarca-del-matarrana-contaran-con-la-ayuda-del-gobierno-de-aragon\/","name":"Las escuelas infantiles de la comarca del Matarra\u00f1a contar\u00e1n con la ayuda del Gobierno de Arag\u00f3n - El Digital de Asturias","description":"La consejera de Educaci\u00f3n, Cultura y Deporte, Mayte P\u00e9rez, y el presidente de la comarca del Matarra\u00f1a, Rafael Mart\u00ed, han firmado hoy en Valderrobres el convenio para financiar el profesorado de las siete escuelas infantiles de la comarca: Beceite, Cretas, La Fresneda, Mazale\u00f3n, Monroyo, Veldetormo y Valjunquera. Todas ellas cuentan con una unidad y el","inLanguage":"es-ES","isPartOf":{"@id":"https:\/\/www.eldigitaldeasturias.com\/noticias\/#website"},"breadcrumb":{"@id":"https:\/\/www.eldigitaldeasturias.com\/noticias\/las-escuelas-infantiles-de-la-comarca-del-matarrana-contaran-con-la-ayuda-del-gobierno-de-aragon\/#breadcrumblist"},"author":{"@id":"https:\/\/www.eldigitaldeasturias.com\/noticias\/author\/admin\/#author"},"creator":{"@id":"https:\/\/www.eldigitaldeasturias.com\/noticias\/author\/admin\/#author"},"image":{"@type":"ImageObject","url":948116,"@id":"https:\/\/www.eldigitaldeasturias.com\/noticias\/las-escuelas-infantiles-de-la-comarca-del-matarrana-contaran-con-la-ayuda-del-gobierno-de-aragon\/#mainImage"},"primaryImageOfPage":{"@id":"https:\/\/www.eldigitaldeasturias.com\/noticias\/las-escuelas-infantiles-de-la-comarca-del-matarrana-contaran-con-la-ayuda-del-gobierno-de-aragon\/#mainImage"},"datePublished":"2017-07-30T18:27:30+02:00","dateModified":"2017-07-30T18:27:30+02:00"},{"@type":"WebSite","@id":"https:\/\/www.eldigitaldeasturias.com\/noticias\/#website","url":"https:\/\/www.eldigitaldeasturias.com\/noticias\/","name":"El Digital de Asturias - Diario de actualidad y noticias","alternateName":"El Digital de Asturias - Diario de actualidad y noticias","description":"Hemeroteca","inLanguage":"es-ES","publisher":{"@id":"https:\/\/www.eldigitaldeasturias.com\/noticias\/#organization"}}]},"og:locale":"es_ES","og:site_name":"El Digital de Asturias","og:type":"article","og:title":"Las escuelas infantiles de la comarca del Matarra\u00f1a contar\u00e1n con la ayuda del Gobierno de Arag\u00f3n - El Digital de Asturias","og:description":"La consejera de Educaci\u00f3n, Cultura y Deporte, Mayte P\u00e9rez, y el presidente de la comarca del Matarra\u00f1a, Rafael Mart\u00ed, han firmado hoy en Valderrobres el convenio para financiar el profesorado de las siete escuelas infantiles de la comarca: Beceite, Cretas, La Fresneda, Mazale\u00f3n, Monroyo, Veldetormo y Valjunquera. Todas ellas cuentan con una unidad y el","og:url":"https:\/\/www.eldigitaldeasturias.com\/noticias\/las-escuelas-infantiles-de-la-comarca-del-matarrana-contaran-con-la-ayuda-del-gobierno-de-aragon\/","article:tag":["actualidad"],"article:published_time":"2017-07-30T18:27:30+00:00","article:modified_time":"2017-07-30T18:27:30+00:00","article:publisher":"https:\/\/facebook.com\/eldigitaldeasturias","twitter:card":"summary_large_image","twitter:title":"Las escuelas infantiles de la comarca del Matarra\u00f1a contar\u00e1n con la ayuda del Gobierno de Arag\u00f3n - El Digital de Asturias","twitter:description":"La consejera de Educaci\u00f3n, Cultura y Deporte, Mayte P\u00e9rez, y el presidente de la comarca del Matarra\u00f1a, Rafael Mart\u00ed, han firmado hoy en Valderrobres el convenio para financiar el profesorado de las siete escuelas infantiles de la comarca: Beceite, Cretas, La Fresneda, Mazale\u00f3n, Monroyo, Veldetormo y Valjunquera. Todas ellas cuentan con una unidad y el","twitter:image":"https:\/\/www.eldigitaldeasturias.com\/noticias\/wp-content\/uploads\/2020\/12\/EDA-1.jpg","twitter:label1":"Escrito por","twitter:data1":"El Digital de Asturias","twitter:label2":"Tiempo de lectura estimado","twitter:data2":"2 minutos"},"aioseo_meta_data":{"post_id":"948115","title":null,"description":null,"keywords":null,"keyphrases":null,"primary_term":null,"canonical_url":null,"og_title":null,"og_description":null,"og_object_type":"default","og_image_type":"default","og_image_url":null,"og_image_width":null,"og_image_height":null,"og_image_custom_url":null,"og_image_custom_fields":null,"og_video":null,"og_custom_url":null,"og_article_section":null,"og_article_tags":null,"twitter_use_og":false,"twitter_card":"default","twitter_image_type":"default","twitter_image_url":null,"twitter_image_custom_url":null,"twitter_image_custom_fields":null,"twitter_title":null,"twitter_description":null,"schema":{"blockGraphs":[],"customGraphs":[],"default":{"data":{"Article":[],"Course":[],"Dataset":[],"FAQPage":[],"Movie":[],"Person":[],"Product":[],"ProductReview":[],"Car":[],"Recipe":[],"Service":[],"SoftwareApplication":[],"WebPage":[]},"graphName":"","isEnabled":true},"graphs":[],"defaultGraph":"","defaultPostTypeGraph":""},"schema_type":null,"schema_type_options":null,"pillar_content":false,"robots_default":true,"robots_noindex":false,"robots_noarchive":false,"robots_nosnippet":false,"robots_nofollow":false,"robots_noimageindex":false,"robots_noodp":false,"robots_notranslate":false,"robots_max_snippet":null,"robots_max_videopreview":null,"robots_max_imagepreview":"large","priority":null,"frequency":null,"local_seo":null,"seo_analyzer_scan_date":"2025-12-05 07:30:13","breadcrumb_settings":null,"limit_modified_date":false,"open_ai":null,"ai":null,"created":"2020-12-21 13:05:44","updated":"2025-12-05 07:30:13","focus_keyword":null,"additional_keywords":null,"truseo_locale":null},"aioseo_breadcrumb":"<div class=\"aioseo-breadcrumbs\"><span class=\"aioseo-breadcrumb\">\n\t<a href=\"https:\/\/www.eldigitaldeasturias.com\/noticias\" title=\"Home\">Home<\/a>\n<\/span><span class=\"aioseo-breadcrumb-separator\">\u2013<\/span><span class=\"aioseo-breadcrumb\">\n\t<a href=\"https:\/\/www.eldigitaldeasturias.com\/noticias\/category\/actualidad\/\" title=\"Actualidad\">Actualidad<\/a>\n<\/span><span class=\"aioseo-breadcrumb-separator\">\u2013<\/span><span class=\"aioseo-breadcrumb\">\n\t<a href=\"https:\/\/www.eldigitaldeasturias.com\/noticias\/las-escuelas-infantiles-de-la-comarca-del-matarrana-contaran-con-la-ayuda-del-gobierno-de-aragon\/\" title=\"Las escuelas infantiles de la comarca del Matarra\u00f1a contar\u00e1n con la ayuda del Gobierno de Arag\u00f3n\">Las escuelas infantiles de la comarca del Matarra\u00f1a contar\u00e1n con la ayuda del Gobierno de Arag\u00f3n<\/a>\n<\/span><\/div>","aioseo_breadcrumb_json":[{"label":"Home","link":"https:\/\/www.eldigitaldeasturias.com\/noticias"},{"label":"Actualidad","link":"https:\/\/www.eldigitaldeasturias.com\/noticias\/category\/actualidad\/"},{"label":"Las escuelas infantiles de la comarca del Matarra\u00f1a contar\u00e1n con la ayuda del Gobierno de Arag\u00f3n","link":"https:\/\/www.eldigitaldeasturias.com\/noticias\/las-escuelas-infantiles-de-la-comarca-del-matarrana-contaran-con-la-ayuda-del-gobierno-de-aragon\/"}],"_links":{"self":[{"href":"https:\/\/www.eldigitaldeasturias.com\/noticias\/wp-json\/wp\/v2\/posts\/948115","targetHints":{"allow":["GET"]}}],"collection":[{"href":"https:\/\/www.eldigitaldeasturias.com\/noticias\/wp-json\/wp\/v2\/posts"}],"about":[{"href":"https:\/\/www.eldigitaldeasturias.com\/noticias\/wp-json\/wp\/v2\/types\/post"}],"author":[{"embeddable":true,"href":"https:\/\/www.eldigitaldeasturias.com\/noticias\/wp-json\/wp\/v2\/users\/1"}],"replies":[{"embeddable":true,"href":"https:\/\/www.eldigitaldeasturias.com\/noticias\/wp-json\/wp\/v2\/comments?post=948115"}],"version-history":[{"count":0,"href":"https:\/\/www.eldigitaldeasturias.com\/noticias\/wp-json\/wp\/v2\/posts\/948115\/revisions"}],"wp:attachment":[{"href":"https:\/\/www.eldigitaldeasturias.com\/noticias\/wp-json\/wp\/v2\/media?parent=948115"}],"wp:term":[{"taxonomy":"category","embeddable":true,"href":"https:\/\/www.eldigitaldeasturias.com\/noticias\/wp-json\/wp\/v2\/categories?post=948115"},{"taxonomy":"post_tag","embeddable":true,"href":"https:\/\/www.eldigitaldeasturias.com\/noticias\/wp-json\/wp\/v2\/tags?post=948115"}],"curies":[{"name":"wp","href":"https:\/\/api.w.org\/{rel}","templated":true}]}}