{"id":948074,"date":"2017-07-30T13:01:41","date_gmt":"2017-07-30T13:01:41","guid":{"rendered":"http:\/\/www.eldigitaldeasturias.com\/noticias\/?p=948074"},"modified":"2017-07-30T13:01:41","modified_gmt":"2017-07-30T13:01:41","slug":"el-gobierno-dota-de-mas-fondos-a-las-comunidades-para-luchar-contra-las-drogas","status":"publish","type":"post","link":"https:\/\/www.eldigitaldeasturias.com\/noticias\/el-gobierno-dota-de-mas-fondos-a-las-comunidades-para-luchar-contra-las-drogas\/","title":{"rendered":"El Gobierno dota de m\u00e1s fondos a las Comunidades para luchar contra las drogas"},"content":{"rendered":"<p><img loading=\"lazy\" decoding=\"async\" class=\"alignleft size-medium wp-image-948075\" src=\"https:\/\/www.eldigitaldeasturias.com\/noticias\/wp-content\/uploads\/2017\/07\/Porro-I_redimensionar-360x239.jpg\" alt=\"\" width=\"360\" height=\"239\" \/>El secretario de Estado de Servicios Sociales e Igualdad, Mario Garc\u00e9s, ha presidido la Conferencia Sectorial del Plan Nacional sobre Drogas, que ha ratificado los criterios de distribuci\u00f3n de los cr\u00e9ditos a las Comunidades Aut\u00f3nomas correspondientes al presupuesto para 2017 de la Delegaci\u00f3n del Gobierno para el PNSD.<\/p>\n<p>\u200bEstos cr\u00e9ditos, consignados en los Presupuestos Generales del Estado, ascienden a 9.519.400 euros y se transfieren directamente a las Comunidades Aut\u00f3nomas para que realicen aquellos planes de prevenci\u00f3n , asistencia y reinserci\u00f3n de personas drogodependientes y otras actuaciones dirigidas a cumplir con la Estrategia Nacional sobre Drogas y a cumplimentar los indicadores de tratamiento, urgencias y mortalidad por reacci\u00f3n aguda a drogas que conforman parte del sistema de informaci\u00f3n que gestiona el Observatorio Espa\u00f1ol sobre Drogas y Adicciones.<\/p>\n<p>En la Conferencia Sectorial est\u00e1n representadas la Administraci\u00f3n Central (a trav\u00e9s de los ministerios de Interior; Empleo y Seguridad Social; Educaci\u00f3n, Cultura y Deporte; Econom\u00eda, Industria y Competitividad; Hacienda y Funci\u00f3n P\u00fablica; Asuntos Exteriores y Cooperaci\u00f3n; Sanidad, Servicios Sociales e Igualdad y las Comunidades Aut\u00f3nomas. En este \u00f3rgano de decisi\u00f3n y de cooperaci\u00f3n entre administraciones act\u00faa como secretario, con voz pero sin voto, el Delegado del Gobierno para el Plan Nacional sobre Drogas, Francisco Bab\u00edn.<\/p>\n<p><strong>Estrategia nacional sobre drogas y adicciones 2017-2024<\/strong><\/p>\n<p>El secretario de Estado de Servicios Sociales e Igualdad, Mario Garc\u00e9s, ha informado tambi\u00e9n en la Conferencia Sectorial de los resultados obtenidos en la evaluaci\u00f3n de la Estrategia Nacional sobre Drogas 2009-2016, que ha proporcionado la informaci\u00f3n b\u00e1sica para orientar las decisiones de los pr\u00f3ximos a\u00f1os.<\/p>\n<p>Estas decisiones se plasmar\u00e1n en la nueva estrategia 2017-2024, que cuenta adem\u00e1s con las aportaciones recogidas mediante m\u00e1s de 400 cuestionarios cumplimentados por Administraciones P\u00fablicas, expertos, sociedades cient\u00edficas y otras entidades que conforman el Plan Nacional sobre Drogas.<\/p>\n<p>Seg\u00fan ha adelantado el secretario de Estado, un primer borrador de la Estrategia Nacional sobre Drogas y Adicciones 2017-2024 va a ser remitido en pocos d\u00edas a los integrantes de la Conferencia Sectorial para que puedan hacer las oportunas alegaciones a su contenido.<\/p>\n<p>La nueva estrategia -ha a\u00f1adido Garc\u00e9s- contemplar\u00e1, como uno de sus objetivos principales, una especial atenci\u00f3n a la prevenci\u00f3n del consumo de alcohol por parte de los menores de edad.<\/p>\n<p>En este sentido, ha informado de que el pasado 21 de junio finalizaron las comparecencias previstas en la Ponencia de Estudio creada en el seno de la Comisi\u00f3n Mixta Congreso-Senado para el Estudio del problema de las Drogas, con el objetivo de elaborar un informe con conclusiones y recomendaciones que elevar al Gobierno para la elaboraci\u00f3n de una Ley de Prevenci\u00f3n del Consumo de Alcohol por Menores. Garc\u00e9s ha avanzado que el informe con las conclusiones y recomendaciones de la Ponencia estar\u00e1 finalizado en el mes de octubre.<\/p>\n<p>\u00abA la vista de las recomendaciones que el legislativo nos haga -ha informado el secretario de Estado- elaboraremos un Anteproyecto de Ley respetando el Orden Constitucional de distribuci\u00f3n de competencias, que ser\u00e1 sometido al tr\u00e1mite de audiencia de las Comunidades Aut\u00f3nomas y de otros sectores de leg\u00edtimo inter\u00e9s en el tema\u00bb.<\/p>\n<p>Otro de los principios de la Estrategia Nacional sobre Drogas y Adicciones 2017-2024 ser\u00e1 el ajuste de las pol\u00edticas a la perspectiva de g\u00e9nero, para lo que se crear\u00e1 un Grupo de Trabajo Permanente en el seno del Consejo Espa\u00f1ol de Drogodependencias y Otros Trastornos Adictivos. La nueva incorporar\u00e1, por primera vez, la planificaci\u00f3n de acciones frente a otras adicciones distintas a las que producen las drogas, como es el caso de la ludopat\u00eda.<\/p>\n","protected":false},"excerpt":{"rendered":"<p>El secretario de Estado de Servicios Sociales e Igualdad, Mario Garc\u00e9s, ha presidido la Conferencia Sectorial del Plan Nacional sobre Drogas, que ha ratificado los criterios de distribuci\u00f3n de los cr\u00e9ditos a las Comunidades Aut\u00f3nomas correspondientes al presupuesto para 2017 de la Delegaci\u00f3n del Gobierno para el PNSD. \u200bEstos cr\u00e9ditos, consignados en los Presupuestos Generales [&hellip;]<\/p>\n","protected":false},"author":1,"featured_media":948075,"comment_status":"closed","ping_status":"closed","sticky":false,"template":"","format":"standard","meta":{"footnotes":""},"categories":[1],"tags":[],"class_list":["post-948074","post","type-post","status-publish","format-standard","has-post-thumbnail","hentry","category-actualidad"],"aioseo_notices":[],"aioseo_head":"\n\t\t<!-- All in One SEO Pro 5.0.1 - aioseo.com -->\n\t<meta name=\"description\" content=\"El secretario de Estado de Servicios Sociales e Igualdad, Mario Garc\u00e9s, ha presidido la Conferencia Sectorial del Plan Nacional sobre Drogas, que ha ratificado los criterios de distribuci\u00f3n de los cr\u00e9ditos a las Comunidades Aut\u00f3nomas correspondientes al presupuesto para 2017 de la Delegaci\u00f3n del Gobierno para el PNSD. \u200bEstos cr\u00e9ditos, consignados en los Presupuestos Generales\" \/>\n\t<meta name=\"robots\" content=\"max-image-preview:large\" \/>\n\t<meta name=\"author\" content=\"El Digital de Asturias\"\/>\n\t<meta name=\"google-site-verification\" content=\"UA-38556648-1\" \/>\n\t<meta name=\"msvalidate.01\" content=\"7dfe9f3f1b24437ab69f4f2559babe99\" \/>\n\t<meta name=\"keywords\" content=\"actualidad\" \/>\n\t<link rel=\"canonical\" href=\"https:\/\/www.eldigitaldeasturias.com\/noticias\/el-gobierno-dota-de-mas-fondos-a-las-comunidades-para-luchar-contra-las-drogas\/\" \/>\n\t<meta name=\"generator\" content=\"All in One SEO Pro (AIOSEO) 5.0.1\" \/>\n\t\t<meta property=\"og:locale\" content=\"es_ES\" \/>\n\t\t<meta property=\"og:site_name\" content=\"El Digital de Asturias\" \/>\n\t\t<meta property=\"og:type\" content=\"article\" \/>\n\t\t<meta property=\"og:title\" content=\"El Gobierno dota de m\u00e1s fondos a las Comunidades para luchar contra las drogas - El Digital de Asturias\" \/>\n\t\t<meta property=\"og:description\" content=\"El secretario de Estado de Servicios Sociales e Igualdad, Mario Garc\u00e9s, ha presidido la Conferencia Sectorial del Plan Nacional sobre Drogas, que ha ratificado los criterios de distribuci\u00f3n de los cr\u00e9ditos a las Comunidades Aut\u00f3nomas correspondientes al presupuesto para 2017 de la Delegaci\u00f3n del Gobierno para el PNSD. \u200bEstos cr\u00e9ditos, consignados en los Presupuestos Generales\" \/>\n\t\t<meta property=\"og:url\" content=\"https:\/\/www.eldigitaldeasturias.com\/noticias\/el-gobierno-dota-de-mas-fondos-a-las-comunidades-para-luchar-contra-las-drogas\/\" \/>\n\t\t<meta property=\"article:tag\" content=\"actualidad\" \/>\n\t\t<meta property=\"article:published_time\" content=\"2017-07-30T13:01:41+00:00\" \/>\n\t\t<meta property=\"article:modified_time\" content=\"2017-07-30T13:01:41+00:00\" \/>\n\t\t<meta property=\"article:publisher\" content=\"https:\/\/facebook.com\/eldigitaldeasturias\" \/>\n\t\t<meta name=\"twitter:card\" content=\"summary_large_image\" \/>\n\t\t<meta name=\"twitter:title\" content=\"El Gobierno dota de m\u00e1s fondos a las Comunidades para luchar contra las drogas - El Digital de Asturias\" \/>\n\t\t<meta name=\"twitter:description\" content=\"El secretario de Estado de Servicios Sociales e Igualdad, Mario Garc\u00e9s, ha presidido la Conferencia Sectorial del Plan Nacional sobre Drogas, que ha ratificado los criterios de distribuci\u00f3n de los cr\u00e9ditos a las Comunidades Aut\u00f3nomas correspondientes al presupuesto para 2017 de la Delegaci\u00f3n del Gobierno para el PNSD. \u200bEstos cr\u00e9ditos, consignados en los Presupuestos Generales\" \/>\n\t\t<meta name=\"twitter:image\" content=\"https:\/\/www.eldigitaldeasturias.com\/noticias\/wp-content\/uploads\/2020\/12\/EDA-1.jpg\" \/>\n\t\t<meta name=\"twitter:label1\" content=\"Escrito por\" \/>\n\t\t<meta name=\"twitter:data1\" content=\"El Digital de Asturias\" \/>\n\t\t<meta name=\"twitter:label2\" content=\"Tiempo de lectura estimado\" \/>\n\t\t<meta name=\"twitter:data2\" content=\"3 minutos\" \/>\n\t\t<script type=\"application\/ld+json\" class=\"aioseo-schema\">\n\t\t\t{\"@context\":\"https:\\\/\\\/schema.org\",\"@graph\":[{\"@type\":\"BlogPosting\",\"@id\":\"https:\\\/\\\/www.eldigitaldeasturias.com\\\/noticias\\\/el-gobierno-dota-de-mas-fondos-a-las-comunidades-para-luchar-contra-las-drogas\\\/#blogposting\",\"name\":\"El Gobierno dota de m\\u00e1s fondos a las Comunidades para luchar contra las drogas - El Digital de Asturias\",\"headline\":\"El Gobierno dota de m\\u00e1s fondos a las Comunidades para luchar contra las drogas\",\"author\":{\"@id\":\"https:\\\/\\\/www.eldigitaldeasturias.com\\\/noticias\\\/author\\\/admin\\\/#author\"},\"publisher\":{\"@id\":\"https:\\\/\\\/www.eldigitaldeasturias.com\\\/noticias\\\/#organization\"},\"image\":{\"@type\":\"ImageObject\",\"url\":948075},\"datePublished\":\"2017-07-30T13:01:41+02:00\",\"dateModified\":\"2017-07-30T13:01:41+02:00\",\"inLanguage\":\"es-ES\",\"mainEntityOfPage\":{\"@id\":\"https:\\\/\\\/www.eldigitaldeasturias.com\\\/noticias\\\/el-gobierno-dota-de-mas-fondos-a-las-comunidades-para-luchar-contra-las-drogas\\\/#webpage\"},\"isPartOf\":{\"@id\":\"https:\\\/\\\/www.eldigitaldeasturias.com\\\/noticias\\\/el-gobierno-dota-de-mas-fondos-a-las-comunidades-para-luchar-contra-las-drogas\\\/#webpage\"},\"articleSection\":\"Actualidad\"},{\"@type\":\"BreadcrumbList\",\"@id\":\"https:\\\/\\\/www.eldigitaldeasturias.com\\\/noticias\\\/el-gobierno-dota-de-mas-fondos-a-las-comunidades-para-luchar-contra-las-drogas\\\/#breadcrumblist\",\"itemListElement\":[{\"@type\":\"ListItem\",\"@id\":\"https:\\\/\\\/www.eldigitaldeasturias.com\\\/noticias#listItem\",\"position\":1,\"name\":\"Home\",\"item\":\"https:\\\/\\\/www.eldigitaldeasturias.com\\\/noticias\",\"nextItem\":{\"@type\":\"ListItem\",\"@id\":\"https:\\\/\\\/www.eldigitaldeasturias.com\\\/noticias\\\/category\\\/actualidad\\\/#listItem\",\"name\":\"Actualidad\"}},{\"@type\":\"ListItem\",\"@id\":\"https:\\\/\\\/www.eldigitaldeasturias.com\\\/noticias\\\/category\\\/actualidad\\\/#listItem\",\"position\":2,\"name\":\"Actualidad\",\"item\":\"https:\\\/\\\/www.eldigitaldeasturias.com\\\/noticias\\\/category\\\/actualidad\\\/\",\"nextItem\":{\"@type\":\"ListItem\",\"@id\":\"https:\\\/\\\/www.eldigitaldeasturias.com\\\/noticias\\\/el-gobierno-dota-de-mas-fondos-a-las-comunidades-para-luchar-contra-las-drogas\\\/#listItem\",\"name\":\"El Gobierno dota de m\\u00e1s fondos a las Comunidades para luchar contra las drogas\"},\"previousItem\":{\"@type\":\"ListItem\",\"@id\":\"https:\\\/\\\/www.eldigitaldeasturias.com\\\/noticias#listItem\",\"name\":\"Home\"}},{\"@type\":\"ListItem\",\"@id\":\"https:\\\/\\\/www.eldigitaldeasturias.com\\\/noticias\\\/el-gobierno-dota-de-mas-fondos-a-las-comunidades-para-luchar-contra-las-drogas\\\/#listItem\",\"position\":3,\"name\":\"El Gobierno dota de m\\u00e1s fondos a las Comunidades para luchar contra las drogas\",\"previousItem\":{\"@type\":\"ListItem\",\"@id\":\"https:\\\/\\\/www.eldigitaldeasturias.com\\\/noticias\\\/category\\\/actualidad\\\/#listItem\",\"name\":\"Actualidad\"}}]},{\"@type\":\"Organization\",\"@id\":\"https:\\\/\\\/www.eldigitaldeasturias.com\\\/noticias\\\/#organization\",\"name\":\"El Digital de Asturias\",\"description\":\"Hemeroteca\",\"url\":\"https:\\\/\\\/www.eldigitaldeasturias.com\\\/noticias\\\/\",\"email\":\"info@eldigitaldeasturias.com\",\"telephone\":\"+34652131393\",\"logo\":{\"@type\":\"ImageObject\",\"url\":\"https:\\\/\\\/www.eldigitaldeasturias.com\\\/noticias\\\/wp-content\\\/uploads\\\/2020\\\/12\\\/EDA.jpg\",\"@id\":\"https:\\\/\\\/www.eldigitaldeasturias.com\\\/noticias\\\/el-gobierno-dota-de-mas-fondos-a-las-comunidades-para-luchar-contra-las-drogas\\\/#organizationLogo\"},\"image\":{\"@id\":\"https:\\\/\\\/www.eldigitaldeasturias.com\\\/noticias\\\/el-gobierno-dota-de-mas-fondos-a-las-comunidades-para-luchar-contra-las-drogas\\\/#organizationLogo\"},\"sameAs\":[\"https:\\\/\\\/facebook.com\\\/eldigitaldeasturias\",\"https:\\\/\\\/www.youtube.com\\\/channel\\\/UCZP-2wLEB9Rv6erhFmqVnvg\"],\"address\":{\"@id\":\"https:\\\/\\\/www.eldigitaldeasturias.com\\\/noticias\\\/#postaladdress\",\"@type\":\"PostalAddress\",\"streetAddress\":\"san antonio 4\",\"postalCode\":\"33430\",\"addressLocality\":\"Cand\\u00e1s\",\"addressRegion\":\"Asturias\",\"addressCountry\":\"ES\"}},{\"@type\":\"Person\",\"@id\":\"https:\\\/\\\/www.eldigitaldeasturias.com\\\/noticias\\\/author\\\/admin\\\/#author\",\"url\":\"https:\\\/\\\/www.eldigitaldeasturias.com\\\/noticias\\\/author\\\/admin\\\/\",\"name\":\"El Digital de Asturias\",\"image\":{\"@type\":\"ImageObject\",\"@id\":\"https:\\\/\\\/www.eldigitaldeasturias.com\\\/noticias\\\/el-gobierno-dota-de-mas-fondos-a-las-comunidades-para-luchar-contra-las-drogas\\\/#authorImage\",\"url\":\"https:\\\/\\\/secure.gravatar.com\\\/avatar\\\/df2aeffc32bcd13f8d26072ef8a91b623d677766deac7f97ca815868cd41bf5e?s=96&d=mm&r=g\",\"width\":96,\"height\":96,\"caption\":\"El Digital de Asturias\"}},{\"@type\":\"WebPage\",\"@id\":\"https:\\\/\\\/www.eldigitaldeasturias.com\\\/noticias\\\/el-gobierno-dota-de-mas-fondos-a-las-comunidades-para-luchar-contra-las-drogas\\\/#webpage\",\"url\":\"https:\\\/\\\/www.eldigitaldeasturias.com\\\/noticias\\\/el-gobierno-dota-de-mas-fondos-a-las-comunidades-para-luchar-contra-las-drogas\\\/\",\"name\":\"El Gobierno dota de m\\u00e1s fondos a las Comunidades para luchar contra las drogas - El Digital de Asturias\",\"description\":\"El secretario de Estado de Servicios Sociales e Igualdad, Mario Garc\\u00e9s, ha presidido la Conferencia Sectorial del Plan Nacional sobre Drogas, que ha ratificado los criterios de distribuci\\u00f3n de los cr\\u00e9ditos a las Comunidades Aut\\u00f3nomas correspondientes al presupuesto para 2017 de la Delegaci\\u00f3n del Gobierno para el PNSD. \\u200bEstos cr\\u00e9ditos, consignados en los Presupuestos Generales\",\"inLanguage\":\"es-ES\",\"isPartOf\":{\"@id\":\"https:\\\/\\\/www.eldigitaldeasturias.com\\\/noticias\\\/#website\"},\"breadcrumb\":{\"@id\":\"https:\\\/\\\/www.eldigitaldeasturias.com\\\/noticias\\\/el-gobierno-dota-de-mas-fondos-a-las-comunidades-para-luchar-contra-las-drogas\\\/#breadcrumblist\"},\"author\":{\"@id\":\"https:\\\/\\\/www.eldigitaldeasturias.com\\\/noticias\\\/author\\\/admin\\\/#author\"},\"creator\":{\"@id\":\"https:\\\/\\\/www.eldigitaldeasturias.com\\\/noticias\\\/author\\\/admin\\\/#author\"},\"image\":{\"@type\":\"ImageObject\",\"url\":948075,\"@id\":\"https:\\\/\\\/www.eldigitaldeasturias.com\\\/noticias\\\/el-gobierno-dota-de-mas-fondos-a-las-comunidades-para-luchar-contra-las-drogas\\\/#mainImage\"},\"primaryImageOfPage\":{\"@id\":\"https:\\\/\\\/www.eldigitaldeasturias.com\\\/noticias\\\/el-gobierno-dota-de-mas-fondos-a-las-comunidades-para-luchar-contra-las-drogas\\\/#mainImage\"},\"datePublished\":\"2017-07-30T13:01:41+02:00\",\"dateModified\":\"2017-07-30T13:01:41+02:00\"},{\"@type\":\"WebSite\",\"@id\":\"https:\\\/\\\/www.eldigitaldeasturias.com\\\/noticias\\\/#website\",\"url\":\"https:\\\/\\\/www.eldigitaldeasturias.com\\\/noticias\\\/\",\"name\":\"El Digital de Asturias - Diario de actualidad y noticias\",\"alternateName\":\"El Digital de Asturias - Diario de actualidad y noticias\",\"description\":\"Hemeroteca\",\"inLanguage\":\"es-ES\",\"publisher\":{\"@id\":\"https:\\\/\\\/www.eldigitaldeasturias.com\\\/noticias\\\/#organization\"}}]}\n\t\t<\/script>\n\t\t<!-- All in One SEO Pro -->\r\n\t\t<title>El Gobierno dota de m\u00e1s fondos a las Comunidades para luchar contra las drogas - El Digital de Asturias<\/title>\n\n","aioseo_head_json":{"title":"El Gobierno dota de m\u00e1s fondos a las Comunidades para luchar contra las drogas - El Digital de Asturias","description":"El secretario de Estado de Servicios Sociales e Igualdad, Mario Garc\u00e9s, ha presidido la Conferencia Sectorial del Plan Nacional sobre Drogas, que ha ratificado los criterios de distribuci\u00f3n de los cr\u00e9ditos a las Comunidades Aut\u00f3nomas correspondientes al presupuesto para 2017 de la Delegaci\u00f3n del Gobierno para el PNSD. \u200bEstos cr\u00e9ditos, consignados en los Presupuestos Generales","canonical_url":"https:\/\/www.eldigitaldeasturias.com\/noticias\/el-gobierno-dota-de-mas-fondos-a-las-comunidades-para-luchar-contra-las-drogas\/","robots":"max-image-preview:large","keywords":"actualidad","webmasterTools":{"google-site-verification":"UA-38556648-1","msvalidate.01":"7dfe9f3f1b24437ab69f4f2559babe99","miscellaneous":""},"schema":{"@context":"https:\/\/schema.org","@graph":[{"@type":"BlogPosting","@id":"https:\/\/www.eldigitaldeasturias.com\/noticias\/el-gobierno-dota-de-mas-fondos-a-las-comunidades-para-luchar-contra-las-drogas\/#blogposting","name":"El Gobierno dota de m\u00e1s fondos a las Comunidades para luchar contra las drogas - El Digital de Asturias","headline":"El Gobierno dota de m\u00e1s fondos a las Comunidades para luchar contra las drogas","author":{"@id":"https:\/\/www.eldigitaldeasturias.com\/noticias\/author\/admin\/#author"},"publisher":{"@id":"https:\/\/www.eldigitaldeasturias.com\/noticias\/#organization"},"image":{"@type":"ImageObject","url":948075},"datePublished":"2017-07-30T13:01:41+02:00","dateModified":"2017-07-30T13:01:41+02:00","inLanguage":"es-ES","mainEntityOfPage":{"@id":"https:\/\/www.eldigitaldeasturias.com\/noticias\/el-gobierno-dota-de-mas-fondos-a-las-comunidades-para-luchar-contra-las-drogas\/#webpage"},"isPartOf":{"@id":"https:\/\/www.eldigitaldeasturias.com\/noticias\/el-gobierno-dota-de-mas-fondos-a-las-comunidades-para-luchar-contra-las-drogas\/#webpage"},"articleSection":"Actualidad"},{"@type":"BreadcrumbList","@id":"https:\/\/www.eldigitaldeasturias.com\/noticias\/el-gobierno-dota-de-mas-fondos-a-las-comunidades-para-luchar-contra-las-drogas\/#breadcrumblist","itemListElement":[{"@type":"ListItem","@id":"https:\/\/www.eldigitaldeasturias.com\/noticias#listItem","position":1,"name":"Home","item":"https:\/\/www.eldigitaldeasturias.com\/noticias","nextItem":{"@type":"ListItem","@id":"https:\/\/www.eldigitaldeasturias.com\/noticias\/category\/actualidad\/#listItem","name":"Actualidad"}},{"@type":"ListItem","@id":"https:\/\/www.eldigitaldeasturias.com\/noticias\/category\/actualidad\/#listItem","position":2,"name":"Actualidad","item":"https:\/\/www.eldigitaldeasturias.com\/noticias\/category\/actualidad\/","nextItem":{"@type":"ListItem","@id":"https:\/\/www.eldigitaldeasturias.com\/noticias\/el-gobierno-dota-de-mas-fondos-a-las-comunidades-para-luchar-contra-las-drogas\/#listItem","name":"El Gobierno dota de m\u00e1s fondos a las Comunidades para luchar contra las drogas"},"previousItem":{"@type":"ListItem","@id":"https:\/\/www.eldigitaldeasturias.com\/noticias#listItem","name":"Home"}},{"@type":"ListItem","@id":"https:\/\/www.eldigitaldeasturias.com\/noticias\/el-gobierno-dota-de-mas-fondos-a-las-comunidades-para-luchar-contra-las-drogas\/#listItem","position":3,"name":"El Gobierno dota de m\u00e1s fondos a las Comunidades para luchar contra las drogas","previousItem":{"@type":"ListItem","@id":"https:\/\/www.eldigitaldeasturias.com\/noticias\/category\/actualidad\/#listItem","name":"Actualidad"}}]},{"@type":"Organization","@id":"https:\/\/www.eldigitaldeasturias.com\/noticias\/#organization","name":"El Digital de Asturias","description":"Hemeroteca","url":"https:\/\/www.eldigitaldeasturias.com\/noticias\/","email":"info@eldigitaldeasturias.com","telephone":"+34652131393","logo":{"@type":"ImageObject","url":"https:\/\/www.eldigitaldeasturias.com\/noticias\/wp-content\/uploads\/2020\/12\/EDA.jpg","@id":"https:\/\/www.eldigitaldeasturias.com\/noticias\/el-gobierno-dota-de-mas-fondos-a-las-comunidades-para-luchar-contra-las-drogas\/#organizationLogo"},"image":{"@id":"https:\/\/www.eldigitaldeasturias.com\/noticias\/el-gobierno-dota-de-mas-fondos-a-las-comunidades-para-luchar-contra-las-drogas\/#organizationLogo"},"sameAs":["https:\/\/facebook.com\/eldigitaldeasturias","https:\/\/www.youtube.com\/channel\/UCZP-2wLEB9Rv6erhFmqVnvg"],"address":{"@id":"https:\/\/www.eldigitaldeasturias.com\/noticias\/#postaladdress","@type":"PostalAddress","streetAddress":"san antonio 4","postalCode":"33430","addressLocality":"Cand\u00e1s","addressRegion":"Asturias","addressCountry":"ES"}},{"@type":"Person","@id":"https:\/\/www.eldigitaldeasturias.com\/noticias\/author\/admin\/#author","url":"https:\/\/www.eldigitaldeasturias.com\/noticias\/author\/admin\/","name":"El Digital de Asturias","image":{"@type":"ImageObject","@id":"https:\/\/www.eldigitaldeasturias.com\/noticias\/el-gobierno-dota-de-mas-fondos-a-las-comunidades-para-luchar-contra-las-drogas\/#authorImage","url":"https:\/\/secure.gravatar.com\/avatar\/df2aeffc32bcd13f8d26072ef8a91b623d677766deac7f97ca815868cd41bf5e?s=96&d=mm&r=g","width":96,"height":96,"caption":"El Digital de Asturias"}},{"@type":"WebPage","@id":"https:\/\/www.eldigitaldeasturias.com\/noticias\/el-gobierno-dota-de-mas-fondos-a-las-comunidades-para-luchar-contra-las-drogas\/#webpage","url":"https:\/\/www.eldigitaldeasturias.com\/noticias\/el-gobierno-dota-de-mas-fondos-a-las-comunidades-para-luchar-contra-las-drogas\/","name":"El Gobierno dota de m\u00e1s fondos a las Comunidades para luchar contra las drogas - El Digital de Asturias","description":"El secretario de Estado de Servicios Sociales e Igualdad, Mario Garc\u00e9s, ha presidido la Conferencia Sectorial del Plan Nacional sobre Drogas, que ha ratificado los criterios de distribuci\u00f3n de los cr\u00e9ditos a las Comunidades Aut\u00f3nomas correspondientes al presupuesto para 2017 de la Delegaci\u00f3n del Gobierno para el PNSD. \u200bEstos cr\u00e9ditos, consignados en los Presupuestos Generales","inLanguage":"es-ES","isPartOf":{"@id":"https:\/\/www.eldigitaldeasturias.com\/noticias\/#website"},"breadcrumb":{"@id":"https:\/\/www.eldigitaldeasturias.com\/noticias\/el-gobierno-dota-de-mas-fondos-a-las-comunidades-para-luchar-contra-las-drogas\/#breadcrumblist"},"author":{"@id":"https:\/\/www.eldigitaldeasturias.com\/noticias\/author\/admin\/#author"},"creator":{"@id":"https:\/\/www.eldigitaldeasturias.com\/noticias\/author\/admin\/#author"},"image":{"@type":"ImageObject","url":948075,"@id":"https:\/\/www.eldigitaldeasturias.com\/noticias\/el-gobierno-dota-de-mas-fondos-a-las-comunidades-para-luchar-contra-las-drogas\/#mainImage"},"primaryImageOfPage":{"@id":"https:\/\/www.eldigitaldeasturias.com\/noticias\/el-gobierno-dota-de-mas-fondos-a-las-comunidades-para-luchar-contra-las-drogas\/#mainImage"},"datePublished":"2017-07-30T13:01:41+02:00","dateModified":"2017-07-30T13:01:41+02:00"},{"@type":"WebSite","@id":"https:\/\/www.eldigitaldeasturias.com\/noticias\/#website","url":"https:\/\/www.eldigitaldeasturias.com\/noticias\/","name":"El Digital de Asturias - Diario de actualidad y noticias","alternateName":"El Digital de Asturias - Diario de actualidad y noticias","description":"Hemeroteca","inLanguage":"es-ES","publisher":{"@id":"https:\/\/www.eldigitaldeasturias.com\/noticias\/#organization"}}]},"og:locale":"es_ES","og:site_name":"El Digital de Asturias","og:type":"article","og:title":"El Gobierno dota de m\u00e1s fondos a las Comunidades para luchar contra las drogas - El Digital de Asturias","og:description":"El secretario de Estado de Servicios Sociales e Igualdad, Mario Garc\u00e9s, ha presidido la Conferencia Sectorial del Plan Nacional sobre Drogas, que ha ratificado los criterios de distribuci\u00f3n de los cr\u00e9ditos a las Comunidades Aut\u00f3nomas correspondientes al presupuesto para 2017 de la Delegaci\u00f3n del Gobierno para el PNSD. \u200bEstos cr\u00e9ditos, consignados en los Presupuestos Generales","og:url":"https:\/\/www.eldigitaldeasturias.com\/noticias\/el-gobierno-dota-de-mas-fondos-a-las-comunidades-para-luchar-contra-las-drogas\/","article:tag":["actualidad"],"article:published_time":"2017-07-30T13:01:41+00:00","article:modified_time":"2017-07-30T13:01:41+00:00","article:publisher":"https:\/\/facebook.com\/eldigitaldeasturias","twitter:card":"summary_large_image","twitter:title":"El Gobierno dota de m\u00e1s fondos a las Comunidades para luchar contra las drogas - El Digital de Asturias","twitter:description":"El secretario de Estado de Servicios Sociales e Igualdad, Mario Garc\u00e9s, ha presidido la Conferencia Sectorial del Plan Nacional sobre Drogas, que ha ratificado los criterios de distribuci\u00f3n de los cr\u00e9ditos a las Comunidades Aut\u00f3nomas correspondientes al presupuesto para 2017 de la Delegaci\u00f3n del Gobierno para el PNSD. \u200bEstos cr\u00e9ditos, consignados en los Presupuestos Generales","twitter:image":"https:\/\/www.eldigitaldeasturias.com\/noticias\/wp-content\/uploads\/2020\/12\/EDA-1.jpg","twitter:label1":"Escrito por","twitter:data1":"El Digital de Asturias","twitter:label2":"Tiempo de lectura estimado","twitter:data2":"3 minutos"},"aioseo_meta_data":{"post_id":"948074","title":null,"description":null,"keywords":null,"keyphrases":null,"primary_term":null,"canonical_url":null,"og_title":null,"og_description":null,"og_object_type":"default","og_image_type":"default","og_image_url":null,"og_image_width":null,"og_image_height":null,"og_image_custom_url":null,"og_image_custom_fields":null,"og_video":null,"og_custom_url":null,"og_article_section":null,"og_article_tags":null,"twitter_use_og":false,"twitter_card":"default","twitter_image_type":"default","twitter_image_url":null,"twitter_image_custom_url":null,"twitter_image_custom_fields":null,"twitter_title":null,"twitter_description":null,"schema":{"blockGraphs":[],"customGraphs":[],"default":{"data":{"Article":[],"Course":[],"Dataset":[],"FAQPage":[],"Movie":[],"Person":[],"Product":[],"ProductReview":[],"Car":[],"Recipe":[],"Service":[],"SoftwareApplication":[],"WebPage":[]},"graphName":"","isEnabled":true},"graphs":[],"defaultGraph":"","defaultPostTypeGraph":""},"schema_type":null,"schema_type_options":null,"pillar_content":false,"robots_default":true,"robots_noindex":false,"robots_noarchive":false,"robots_nosnippet":false,"robots_nofollow":false,"robots_noimageindex":false,"robots_noodp":false,"robots_notranslate":false,"robots_max_snippet":null,"robots_max_videopreview":null,"robots_max_imagepreview":"large","priority":null,"frequency":null,"local_seo":null,"seo_analyzer_scan_date":"2025-12-05 07:24:07","breadcrumb_settings":null,"limit_modified_date":false,"open_ai":null,"ai":null,"created":"2020-12-21 13:05:44","updated":"2025-12-05 07:24:07","focus_keyword":null,"additional_keywords":null,"truseo_locale":null},"aioseo_breadcrumb":"<div class=\"aioseo-breadcrumbs\"><span class=\"aioseo-breadcrumb\">\n\t<a href=\"https:\/\/www.eldigitaldeasturias.com\/noticias\" title=\"Home\">Home<\/a>\n<\/span><span class=\"aioseo-breadcrumb-separator\">\u2013<\/span><span class=\"aioseo-breadcrumb\">\n\t<a href=\"https:\/\/www.eldigitaldeasturias.com\/noticias\/category\/actualidad\/\" title=\"Actualidad\">Actualidad<\/a>\n<\/span><span class=\"aioseo-breadcrumb-separator\">\u2013<\/span><span class=\"aioseo-breadcrumb\">\n\t<a href=\"https:\/\/www.eldigitaldeasturias.com\/noticias\/el-gobierno-dota-de-mas-fondos-a-las-comunidades-para-luchar-contra-las-drogas\/\" title=\"El Gobierno dota de m\u00e1s fondos a las Comunidades para luchar contra las drogas\">El Gobierno dota de m\u00e1s fondos a las Comunidades para luchar contra las drogas<\/a>\n<\/span><\/div>","aioseo_breadcrumb_json":[{"label":"Home","link":"https:\/\/www.eldigitaldeasturias.com\/noticias"},{"label":"Actualidad","link":"https:\/\/www.eldigitaldeasturias.com\/noticias\/category\/actualidad\/"},{"label":"El Gobierno dota de m\u00e1s fondos a las Comunidades para luchar contra las drogas","link":"https:\/\/www.eldigitaldeasturias.com\/noticias\/el-gobierno-dota-de-mas-fondos-a-las-comunidades-para-luchar-contra-las-drogas\/"}],"_links":{"self":[{"href":"https:\/\/www.eldigitaldeasturias.com\/noticias\/wp-json\/wp\/v2\/posts\/948074","targetHints":{"allow":["GET"]}}],"collection":[{"href":"https:\/\/www.eldigitaldeasturias.com\/noticias\/wp-json\/wp\/v2\/posts"}],"about":[{"href":"https:\/\/www.eldigitaldeasturias.com\/noticias\/wp-json\/wp\/v2\/types\/post"}],"author":[{"embeddable":true,"href":"https:\/\/www.eldigitaldeasturias.com\/noticias\/wp-json\/wp\/v2\/users\/1"}],"replies":[{"embeddable":true,"href":"https:\/\/www.eldigitaldeasturias.com\/noticias\/wp-json\/wp\/v2\/comments?post=948074"}],"version-history":[{"count":0,"href":"https:\/\/www.eldigitaldeasturias.com\/noticias\/wp-json\/wp\/v2\/posts\/948074\/revisions"}],"wp:attachment":[{"href":"https:\/\/www.eldigitaldeasturias.com\/noticias\/wp-json\/wp\/v2\/media?parent=948074"}],"wp:term":[{"taxonomy":"category","embeddable":true,"href":"https:\/\/www.eldigitaldeasturias.com\/noticias\/wp-json\/wp\/v2\/categories?post=948074"},{"taxonomy":"post_tag","embeddable":true,"href":"https:\/\/www.eldigitaldeasturias.com\/noticias\/wp-json\/wp\/v2\/tags?post=948074"}],"curies":[{"name":"wp","href":"https:\/\/api.w.org\/{rel}","templated":true}]}}