{"id":948068,"date":"2017-07-30T12:48:24","date_gmt":"2017-07-30T12:48:24","guid":{"rendered":"http:\/\/www.eldigitaldeasturias.com\/noticias\/?p=948068"},"modified":"2017-07-30T12:48:24","modified_gmt":"2017-07-30T12:48:24","slug":"el-abandono-escolar-temprano-se-situa-en-el-segundo-trimestre-de-2017-en-el-182","status":"publish","type":"post","link":"https:\/\/www.eldigitaldeasturias.com\/noticias\/el-abandono-escolar-temprano-se-situa-en-el-segundo-trimestre-de-2017-en-el-182\/","title":{"rendered":"El abandono escolar temprano se sit\u00faa en el segundo trimestre de 2017 en el 18,2%"},"content":{"rendered":"<p><img loading=\"lazy\" decoding=\"async\" class=\"alignleft size-medium wp-image-801268\" src=\"https:\/\/www.eldigitaldeasturias.com\/noticias\/wp-content\/uploads\/2015\/08\/aula-360x270.jpg\" alt=\"\" width=\"360\" height=\"270\" \/>El abandono escolar temprano se sit\u00faa en el segundo trimestre de 2017 en el 18,2%, la mejor media que se logra en la historia de Espa\u00f1a, seg\u00fan los datos de la Encuesta de Poblaci\u00f3n Activa (EPA) publicada\u00a0el pasado\u00a0jueves.<\/p>\n<p>\u200bEl abandono escolar disminuye 0,3 puntos respecto al primer trimestre de 2017 (18,5%).<\/p>\n<p>Si comparamos esta cifra con la del segundo trimestre de 2016, la bajada es de 1,5 puntos, un descenso significativo, ya que se pasa del 19,7% al 18,2% actual.<\/p>\n<p>Desde la <strong>llegada del Partido Popular al Gobierno,<\/strong> el descenso del abandono escolar temprano ha sido de 8,1 puntos, ya que a finales del a\u00f1o 2011 esta tasa estaba en el 26,3%.<\/p>\n<p>Adem\u00e1s, este 18,2% registrado en el d\u00eda de hoy supone un descenso de 13,5 puntos con respecto al 31,7% que marcaba la tasa de abandono escolar temprano en el a\u00f1o 2008.<\/p>\n<p>El abandono escolar temprano en las mujeres es del 14,7% y en los hombres es del 21,5%.<\/p>\n<p>En lo que se refiere a la evoluci\u00f3n del abandono por Comunidades Aut\u00f3nomas, los porcentajes de abandono m\u00e1s bajos se sit\u00faan en primer lugar en el Pa\u00eds Vasco (7,4%), Cantabria (8,9%) y Madrid (12,6%). Los m\u00e1s altos son los de Illes Balears (26,6%) y Regi\u00f3n de Murcia (25,1%).<\/p>\n<p>&nbsp;<\/p>\n","protected":false},"excerpt":{"rendered":"<p>El abandono escolar temprano se sit\u00faa en el segundo trimestre de 2017 en el 18,2%, la mejor media que se logra en la historia de Espa\u00f1a, seg\u00fan los datos de la Encuesta de Poblaci\u00f3n Activa (EPA) publicada\u00a0el pasado\u00a0jueves. \u200bEl abandono escolar disminuye 0,3 puntos respecto al primer trimestre de 2017 (18,5%). Si comparamos esta cifra [&hellip;]<\/p>\n","protected":false},"author":1,"featured_media":801268,"comment_status":"closed","ping_status":"closed","sticky":false,"template":"","format":"standard","meta":{"footnotes":""},"categories":[1],"tags":[],"class_list":["post-948068","post","type-post","status-publish","format-standard","has-post-thumbnail","hentry","category-actualidad"],"aioseo_notices":[],"aioseo_head":"\n\t\t<!-- All in One SEO Pro 5.0.1 - aioseo.com -->\n\t<meta name=\"description\" content=\"El abandono escolar temprano se sit\u00faa en el segundo trimestre de 2017 en el 18,2%, la mejor media que se logra en la historia de Espa\u00f1a, seg\u00fan los datos de la Encuesta de Poblaci\u00f3n Activa (EPA) publicada el pasado jueves. \u200bEl abandono escolar disminuye 0,3 puntos respecto al primer trimestre de 2017 (18,5%). Si comparamos esta cifra\" \/>\n\t<meta name=\"robots\" content=\"max-image-preview:large\" \/>\n\t<meta name=\"author\" content=\"El Digital de Asturias\"\/>\n\t<meta name=\"google-site-verification\" content=\"UA-38556648-1\" \/>\n\t<meta name=\"msvalidate.01\" content=\"7dfe9f3f1b24437ab69f4f2559babe99\" \/>\n\t<meta name=\"keywords\" content=\"actualidad\" \/>\n\t<link rel=\"canonical\" href=\"https:\/\/www.eldigitaldeasturias.com\/noticias\/el-abandono-escolar-temprano-se-situa-en-el-segundo-trimestre-de-2017-en-el-182\/\" \/>\n\t<meta name=\"generator\" content=\"All in One SEO Pro (AIOSEO) 5.0.1\" \/>\n\t\t<meta property=\"og:locale\" content=\"es_ES\" \/>\n\t\t<meta property=\"og:site_name\" content=\"El Digital de Asturias\" \/>\n\t\t<meta property=\"og:type\" content=\"article\" \/>\n\t\t<meta property=\"og:title\" content=\"El abandono escolar temprano se sit\u00faa en el segundo trimestre de 2017 en el 18,2% - El Digital de Asturias\" \/>\n\t\t<meta property=\"og:description\" content=\"El abandono escolar temprano se sit\u00faa en el segundo trimestre de 2017 en el 18,2%, la mejor media que se logra en la historia de Espa\u00f1a, seg\u00fan los datos de la Encuesta de Poblaci\u00f3n Activa (EPA) publicada el pasado jueves. \u200bEl abandono escolar disminuye 0,3 puntos respecto al primer trimestre de 2017 (18,5%). Si comparamos esta cifra\" \/>\n\t\t<meta property=\"og:url\" content=\"https:\/\/www.eldigitaldeasturias.com\/noticias\/el-abandono-escolar-temprano-se-situa-en-el-segundo-trimestre-de-2017-en-el-182\/\" \/>\n\t\t<meta property=\"article:tag\" content=\"actualidad\" \/>\n\t\t<meta property=\"article:published_time\" content=\"2017-07-30T12:48:24+00:00\" \/>\n\t\t<meta property=\"article:modified_time\" content=\"2017-07-30T12:48:24+00:00\" \/>\n\t\t<meta property=\"article:publisher\" content=\"https:\/\/facebook.com\/eldigitaldeasturias\" \/>\n\t\t<meta name=\"twitter:card\" content=\"summary_large_image\" \/>\n\t\t<meta name=\"twitter:title\" content=\"El abandono escolar temprano se sit\u00faa en el segundo trimestre de 2017 en el 18,2% - El Digital de Asturias\" \/>\n\t\t<meta name=\"twitter:description\" content=\"El abandono escolar temprano se sit\u00faa en el segundo trimestre de 2017 en el 18,2%, la mejor media que se logra en la historia de Espa\u00f1a, seg\u00fan los datos de la Encuesta de Poblaci\u00f3n Activa (EPA) publicada el pasado jueves. \u200bEl abandono escolar disminuye 0,3 puntos respecto al primer trimestre de 2017 (18,5%). Si comparamos esta cifra\" \/>\n\t\t<meta name=\"twitter:image\" content=\"https:\/\/www.eldigitaldeasturias.com\/noticias\/wp-content\/uploads\/2020\/12\/EDA-1.jpg\" \/>\n\t\t<meta name=\"twitter:label1\" content=\"Escrito por\" \/>\n\t\t<meta name=\"twitter:data1\" content=\"El Digital de Asturias\" \/>\n\t\t<meta name=\"twitter:label2\" content=\"Tiempo de lectura estimado\" \/>\n\t\t<meta name=\"twitter:data2\" content=\"1 minuto\" \/>\n\t\t<script type=\"application\/ld+json\" class=\"aioseo-schema\">\n\t\t\t{\"@context\":\"https:\\\/\\\/schema.org\",\"@graph\":[{\"@type\":\"BlogPosting\",\"@id\":\"https:\\\/\\\/www.eldigitaldeasturias.com\\\/noticias\\\/el-abandono-escolar-temprano-se-situa-en-el-segundo-trimestre-de-2017-en-el-182\\\/#blogposting\",\"name\":\"El abandono escolar temprano se sit\\u00faa en el segundo trimestre de 2017 en el 18,2% - El Digital de Asturias\",\"headline\":\"El abandono escolar temprano se sit\\u00faa en el segundo trimestre de 2017 en el 18,2%\",\"author\":{\"@id\":\"https:\\\/\\\/www.eldigitaldeasturias.com\\\/noticias\\\/author\\\/admin\\\/#author\"},\"publisher\":{\"@id\":\"https:\\\/\\\/www.eldigitaldeasturias.com\\\/noticias\\\/#organization\"},\"image\":{\"@type\":\"ImageObject\",\"url\":801268},\"datePublished\":\"2017-07-30T12:48:24+02:00\",\"dateModified\":\"2017-07-30T12:48:24+02:00\",\"inLanguage\":\"es-ES\",\"mainEntityOfPage\":{\"@id\":\"https:\\\/\\\/www.eldigitaldeasturias.com\\\/noticias\\\/el-abandono-escolar-temprano-se-situa-en-el-segundo-trimestre-de-2017-en-el-182\\\/#webpage\"},\"isPartOf\":{\"@id\":\"https:\\\/\\\/www.eldigitaldeasturias.com\\\/noticias\\\/el-abandono-escolar-temprano-se-situa-en-el-segundo-trimestre-de-2017-en-el-182\\\/#webpage\"},\"articleSection\":\"Actualidad\"},{\"@type\":\"BreadcrumbList\",\"@id\":\"https:\\\/\\\/www.eldigitaldeasturias.com\\\/noticias\\\/el-abandono-escolar-temprano-se-situa-en-el-segundo-trimestre-de-2017-en-el-182\\\/#breadcrumblist\",\"itemListElement\":[{\"@type\":\"ListItem\",\"@id\":\"https:\\\/\\\/www.eldigitaldeasturias.com\\\/noticias#listItem\",\"position\":1,\"name\":\"Home\",\"item\":\"https:\\\/\\\/www.eldigitaldeasturias.com\\\/noticias\",\"nextItem\":{\"@type\":\"ListItem\",\"@id\":\"https:\\\/\\\/www.eldigitaldeasturias.com\\\/noticias\\\/category\\\/actualidad\\\/#listItem\",\"name\":\"Actualidad\"}},{\"@type\":\"ListItem\",\"@id\":\"https:\\\/\\\/www.eldigitaldeasturias.com\\\/noticias\\\/category\\\/actualidad\\\/#listItem\",\"position\":2,\"name\":\"Actualidad\",\"item\":\"https:\\\/\\\/www.eldigitaldeasturias.com\\\/noticias\\\/category\\\/actualidad\\\/\",\"nextItem\":{\"@type\":\"ListItem\",\"@id\":\"https:\\\/\\\/www.eldigitaldeasturias.com\\\/noticias\\\/el-abandono-escolar-temprano-se-situa-en-el-segundo-trimestre-de-2017-en-el-182\\\/#listItem\",\"name\":\"El abandono escolar temprano se sit\\u00faa en el segundo trimestre de 2017 en el 18,2%\"},\"previousItem\":{\"@type\":\"ListItem\",\"@id\":\"https:\\\/\\\/www.eldigitaldeasturias.com\\\/noticias#listItem\",\"name\":\"Home\"}},{\"@type\":\"ListItem\",\"@id\":\"https:\\\/\\\/www.eldigitaldeasturias.com\\\/noticias\\\/el-abandono-escolar-temprano-se-situa-en-el-segundo-trimestre-de-2017-en-el-182\\\/#listItem\",\"position\":3,\"name\":\"El abandono escolar temprano se sit\\u00faa en el segundo trimestre de 2017 en el 18,2%\",\"previousItem\":{\"@type\":\"ListItem\",\"@id\":\"https:\\\/\\\/www.eldigitaldeasturias.com\\\/noticias\\\/category\\\/actualidad\\\/#listItem\",\"name\":\"Actualidad\"}}]},{\"@type\":\"Organization\",\"@id\":\"https:\\\/\\\/www.eldigitaldeasturias.com\\\/noticias\\\/#organization\",\"name\":\"El Digital de Asturias\",\"description\":\"Hemeroteca\",\"url\":\"https:\\\/\\\/www.eldigitaldeasturias.com\\\/noticias\\\/\",\"email\":\"info@eldigitaldeasturias.com\",\"telephone\":\"+34652131393\",\"logo\":{\"@type\":\"ImageObject\",\"url\":\"https:\\\/\\\/www.eldigitaldeasturias.com\\\/noticias\\\/wp-content\\\/uploads\\\/2020\\\/12\\\/EDA.jpg\",\"@id\":\"https:\\\/\\\/www.eldigitaldeasturias.com\\\/noticias\\\/el-abandono-escolar-temprano-se-situa-en-el-segundo-trimestre-de-2017-en-el-182\\\/#organizationLogo\"},\"image\":{\"@id\":\"https:\\\/\\\/www.eldigitaldeasturias.com\\\/noticias\\\/el-abandono-escolar-temprano-se-situa-en-el-segundo-trimestre-de-2017-en-el-182\\\/#organizationLogo\"},\"sameAs\":[\"https:\\\/\\\/facebook.com\\\/eldigitaldeasturias\",\"https:\\\/\\\/www.youtube.com\\\/channel\\\/UCZP-2wLEB9Rv6erhFmqVnvg\"],\"address\":{\"@id\":\"https:\\\/\\\/www.eldigitaldeasturias.com\\\/noticias\\\/#postaladdress\",\"@type\":\"PostalAddress\",\"streetAddress\":\"san antonio 4\",\"postalCode\":\"33430\",\"addressLocality\":\"Cand\\u00e1s\",\"addressRegion\":\"Asturias\",\"addressCountry\":\"ES\"}},{\"@type\":\"Person\",\"@id\":\"https:\\\/\\\/www.eldigitaldeasturias.com\\\/noticias\\\/author\\\/admin\\\/#author\",\"url\":\"https:\\\/\\\/www.eldigitaldeasturias.com\\\/noticias\\\/author\\\/admin\\\/\",\"name\":\"El Digital de Asturias\",\"image\":{\"@type\":\"ImageObject\",\"@id\":\"https:\\\/\\\/www.eldigitaldeasturias.com\\\/noticias\\\/el-abandono-escolar-temprano-se-situa-en-el-segundo-trimestre-de-2017-en-el-182\\\/#authorImage\",\"url\":\"https:\\\/\\\/secure.gravatar.com\\\/avatar\\\/df2aeffc32bcd13f8d26072ef8a91b623d677766deac7f97ca815868cd41bf5e?s=96&d=mm&r=g\",\"width\":96,\"height\":96,\"caption\":\"El Digital de Asturias\"}},{\"@type\":\"WebPage\",\"@id\":\"https:\\\/\\\/www.eldigitaldeasturias.com\\\/noticias\\\/el-abandono-escolar-temprano-se-situa-en-el-segundo-trimestre-de-2017-en-el-182\\\/#webpage\",\"url\":\"https:\\\/\\\/www.eldigitaldeasturias.com\\\/noticias\\\/el-abandono-escolar-temprano-se-situa-en-el-segundo-trimestre-de-2017-en-el-182\\\/\",\"name\":\"El abandono escolar temprano se sit\\u00faa en el segundo trimestre de 2017 en el 18,2% - El Digital de Asturias\",\"description\":\"El abandono escolar temprano se sit\\u00faa en el segundo trimestre de 2017 en el 18,2%, la mejor media que se logra en la historia de Espa\\u00f1a, seg\\u00fan los datos de la Encuesta de Poblaci\\u00f3n Activa (EPA) publicada el pasado jueves. \\u200bEl abandono escolar disminuye 0,3 puntos respecto al primer trimestre de 2017 (18,5%). Si comparamos esta cifra\",\"inLanguage\":\"es-ES\",\"isPartOf\":{\"@id\":\"https:\\\/\\\/www.eldigitaldeasturias.com\\\/noticias\\\/#website\"},\"breadcrumb\":{\"@id\":\"https:\\\/\\\/www.eldigitaldeasturias.com\\\/noticias\\\/el-abandono-escolar-temprano-se-situa-en-el-segundo-trimestre-de-2017-en-el-182\\\/#breadcrumblist\"},\"author\":{\"@id\":\"https:\\\/\\\/www.eldigitaldeasturias.com\\\/noticias\\\/author\\\/admin\\\/#author\"},\"creator\":{\"@id\":\"https:\\\/\\\/www.eldigitaldeasturias.com\\\/noticias\\\/author\\\/admin\\\/#author\"},\"image\":{\"@type\":\"ImageObject\",\"url\":801268,\"@id\":\"https:\\\/\\\/www.eldigitaldeasturias.com\\\/noticias\\\/el-abandono-escolar-temprano-se-situa-en-el-segundo-trimestre-de-2017-en-el-182\\\/#mainImage\"},\"primaryImageOfPage\":{\"@id\":\"https:\\\/\\\/www.eldigitaldeasturias.com\\\/noticias\\\/el-abandono-escolar-temprano-se-situa-en-el-segundo-trimestre-de-2017-en-el-182\\\/#mainImage\"},\"datePublished\":\"2017-07-30T12:48:24+02:00\",\"dateModified\":\"2017-07-30T12:48:24+02:00\"},{\"@type\":\"WebSite\",\"@id\":\"https:\\\/\\\/www.eldigitaldeasturias.com\\\/noticias\\\/#website\",\"url\":\"https:\\\/\\\/www.eldigitaldeasturias.com\\\/noticias\\\/\",\"name\":\"El Digital de Asturias - Diario de actualidad y noticias\",\"alternateName\":\"El Digital de Asturias - Diario de actualidad y noticias\",\"description\":\"Hemeroteca\",\"inLanguage\":\"es-ES\",\"publisher\":{\"@id\":\"https:\\\/\\\/www.eldigitaldeasturias.com\\\/noticias\\\/#organization\"}}]}\n\t\t<\/script>\n\t\t<!-- All in One SEO Pro -->\r\n\t\t<title>El abandono escolar temprano se sit\u00faa en el segundo trimestre de 2017 en el 18,2% - El Digital de Asturias<\/title>\n\n","aioseo_head_json":{"title":"El abandono escolar temprano se sit\u00faa en el segundo trimestre de 2017 en el 18,2% - El Digital de Asturias","description":"El abandono escolar temprano se sit\u00faa en el segundo trimestre de 2017 en el 18,2%, la mejor media que se logra en la historia de Espa\u00f1a, seg\u00fan los datos de la Encuesta de Poblaci\u00f3n Activa (EPA) publicada el pasado jueves. \u200bEl abandono escolar disminuye 0,3 puntos respecto al primer trimestre de 2017 (18,5%). Si comparamos esta cifra","canonical_url":"https:\/\/www.eldigitaldeasturias.com\/noticias\/el-abandono-escolar-temprano-se-situa-en-el-segundo-trimestre-de-2017-en-el-182\/","robots":"max-image-preview:large","keywords":"actualidad","webmasterTools":{"google-site-verification":"UA-38556648-1","msvalidate.01":"7dfe9f3f1b24437ab69f4f2559babe99","miscellaneous":""},"schema":{"@context":"https:\/\/schema.org","@graph":[{"@type":"BlogPosting","@id":"https:\/\/www.eldigitaldeasturias.com\/noticias\/el-abandono-escolar-temprano-se-situa-en-el-segundo-trimestre-de-2017-en-el-182\/#blogposting","name":"El abandono escolar temprano se sit\u00faa en el segundo trimestre de 2017 en el 18,2% - El Digital de Asturias","headline":"El abandono escolar temprano se sit\u00faa en el segundo trimestre de 2017 en el 18,2%","author":{"@id":"https:\/\/www.eldigitaldeasturias.com\/noticias\/author\/admin\/#author"},"publisher":{"@id":"https:\/\/www.eldigitaldeasturias.com\/noticias\/#organization"},"image":{"@type":"ImageObject","url":801268},"datePublished":"2017-07-30T12:48:24+02:00","dateModified":"2017-07-30T12:48:24+02:00","inLanguage":"es-ES","mainEntityOfPage":{"@id":"https:\/\/www.eldigitaldeasturias.com\/noticias\/el-abandono-escolar-temprano-se-situa-en-el-segundo-trimestre-de-2017-en-el-182\/#webpage"},"isPartOf":{"@id":"https:\/\/www.eldigitaldeasturias.com\/noticias\/el-abandono-escolar-temprano-se-situa-en-el-segundo-trimestre-de-2017-en-el-182\/#webpage"},"articleSection":"Actualidad"},{"@type":"BreadcrumbList","@id":"https:\/\/www.eldigitaldeasturias.com\/noticias\/el-abandono-escolar-temprano-se-situa-en-el-segundo-trimestre-de-2017-en-el-182\/#breadcrumblist","itemListElement":[{"@type":"ListItem","@id":"https:\/\/www.eldigitaldeasturias.com\/noticias#listItem","position":1,"name":"Home","item":"https:\/\/www.eldigitaldeasturias.com\/noticias","nextItem":{"@type":"ListItem","@id":"https:\/\/www.eldigitaldeasturias.com\/noticias\/category\/actualidad\/#listItem","name":"Actualidad"}},{"@type":"ListItem","@id":"https:\/\/www.eldigitaldeasturias.com\/noticias\/category\/actualidad\/#listItem","position":2,"name":"Actualidad","item":"https:\/\/www.eldigitaldeasturias.com\/noticias\/category\/actualidad\/","nextItem":{"@type":"ListItem","@id":"https:\/\/www.eldigitaldeasturias.com\/noticias\/el-abandono-escolar-temprano-se-situa-en-el-segundo-trimestre-de-2017-en-el-182\/#listItem","name":"El abandono escolar temprano se sit\u00faa en el segundo trimestre de 2017 en el 18,2%"},"previousItem":{"@type":"ListItem","@id":"https:\/\/www.eldigitaldeasturias.com\/noticias#listItem","name":"Home"}},{"@type":"ListItem","@id":"https:\/\/www.eldigitaldeasturias.com\/noticias\/el-abandono-escolar-temprano-se-situa-en-el-segundo-trimestre-de-2017-en-el-182\/#listItem","position":3,"name":"El abandono escolar temprano se sit\u00faa en el segundo trimestre de 2017 en el 18,2%","previousItem":{"@type":"ListItem","@id":"https:\/\/www.eldigitaldeasturias.com\/noticias\/category\/actualidad\/#listItem","name":"Actualidad"}}]},{"@type":"Organization","@id":"https:\/\/www.eldigitaldeasturias.com\/noticias\/#organization","name":"El Digital de Asturias","description":"Hemeroteca","url":"https:\/\/www.eldigitaldeasturias.com\/noticias\/","email":"info@eldigitaldeasturias.com","telephone":"+34652131393","logo":{"@type":"ImageObject","url":"https:\/\/www.eldigitaldeasturias.com\/noticias\/wp-content\/uploads\/2020\/12\/EDA.jpg","@id":"https:\/\/www.eldigitaldeasturias.com\/noticias\/el-abandono-escolar-temprano-se-situa-en-el-segundo-trimestre-de-2017-en-el-182\/#organizationLogo"},"image":{"@id":"https:\/\/www.eldigitaldeasturias.com\/noticias\/el-abandono-escolar-temprano-se-situa-en-el-segundo-trimestre-de-2017-en-el-182\/#organizationLogo"},"sameAs":["https:\/\/facebook.com\/eldigitaldeasturias","https:\/\/www.youtube.com\/channel\/UCZP-2wLEB9Rv6erhFmqVnvg"],"address":{"@id":"https:\/\/www.eldigitaldeasturias.com\/noticias\/#postaladdress","@type":"PostalAddress","streetAddress":"san antonio 4","postalCode":"33430","addressLocality":"Cand\u00e1s","addressRegion":"Asturias","addressCountry":"ES"}},{"@type":"Person","@id":"https:\/\/www.eldigitaldeasturias.com\/noticias\/author\/admin\/#author","url":"https:\/\/www.eldigitaldeasturias.com\/noticias\/author\/admin\/","name":"El Digital de Asturias","image":{"@type":"ImageObject","@id":"https:\/\/www.eldigitaldeasturias.com\/noticias\/el-abandono-escolar-temprano-se-situa-en-el-segundo-trimestre-de-2017-en-el-182\/#authorImage","url":"https:\/\/secure.gravatar.com\/avatar\/df2aeffc32bcd13f8d26072ef8a91b623d677766deac7f97ca815868cd41bf5e?s=96&d=mm&r=g","width":96,"height":96,"caption":"El Digital de Asturias"}},{"@type":"WebPage","@id":"https:\/\/www.eldigitaldeasturias.com\/noticias\/el-abandono-escolar-temprano-se-situa-en-el-segundo-trimestre-de-2017-en-el-182\/#webpage","url":"https:\/\/www.eldigitaldeasturias.com\/noticias\/el-abandono-escolar-temprano-se-situa-en-el-segundo-trimestre-de-2017-en-el-182\/","name":"El abandono escolar temprano se sit\u00faa en el segundo trimestre de 2017 en el 18,2% - El Digital de Asturias","description":"El abandono escolar temprano se sit\u00faa en el segundo trimestre de 2017 en el 18,2%, la mejor media que se logra en la historia de Espa\u00f1a, seg\u00fan los datos de la Encuesta de Poblaci\u00f3n Activa (EPA) publicada el pasado jueves. \u200bEl abandono escolar disminuye 0,3 puntos respecto al primer trimestre de 2017 (18,5%). Si comparamos esta cifra","inLanguage":"es-ES","isPartOf":{"@id":"https:\/\/www.eldigitaldeasturias.com\/noticias\/#website"},"breadcrumb":{"@id":"https:\/\/www.eldigitaldeasturias.com\/noticias\/el-abandono-escolar-temprano-se-situa-en-el-segundo-trimestre-de-2017-en-el-182\/#breadcrumblist"},"author":{"@id":"https:\/\/www.eldigitaldeasturias.com\/noticias\/author\/admin\/#author"},"creator":{"@id":"https:\/\/www.eldigitaldeasturias.com\/noticias\/author\/admin\/#author"},"image":{"@type":"ImageObject","url":801268,"@id":"https:\/\/www.eldigitaldeasturias.com\/noticias\/el-abandono-escolar-temprano-se-situa-en-el-segundo-trimestre-de-2017-en-el-182\/#mainImage"},"primaryImageOfPage":{"@id":"https:\/\/www.eldigitaldeasturias.com\/noticias\/el-abandono-escolar-temprano-se-situa-en-el-segundo-trimestre-de-2017-en-el-182\/#mainImage"},"datePublished":"2017-07-30T12:48:24+02:00","dateModified":"2017-07-30T12:48:24+02:00"},{"@type":"WebSite","@id":"https:\/\/www.eldigitaldeasturias.com\/noticias\/#website","url":"https:\/\/www.eldigitaldeasturias.com\/noticias\/","name":"El Digital de Asturias - Diario de actualidad y noticias","alternateName":"El Digital de Asturias - Diario de actualidad y noticias","description":"Hemeroteca","inLanguage":"es-ES","publisher":{"@id":"https:\/\/www.eldigitaldeasturias.com\/noticias\/#organization"}}]},"og:locale":"es_ES","og:site_name":"El Digital de Asturias","og:type":"article","og:title":"El abandono escolar temprano se sit\u00faa en el segundo trimestre de 2017 en el 18,2% - El Digital de Asturias","og:description":"El abandono escolar temprano se sit\u00faa en el segundo trimestre de 2017 en el 18,2%, la mejor media que se logra en la historia de Espa\u00f1a, seg\u00fan los datos de la Encuesta de Poblaci\u00f3n Activa (EPA) publicada el pasado jueves. \u200bEl abandono escolar disminuye 0,3 puntos respecto al primer trimestre de 2017 (18,5%). Si comparamos esta cifra","og:url":"https:\/\/www.eldigitaldeasturias.com\/noticias\/el-abandono-escolar-temprano-se-situa-en-el-segundo-trimestre-de-2017-en-el-182\/","article:tag":["actualidad"],"article:published_time":"2017-07-30T12:48:24+00:00","article:modified_time":"2017-07-30T12:48:24+00:00","article:publisher":"https:\/\/facebook.com\/eldigitaldeasturias","twitter:card":"summary_large_image","twitter:title":"El abandono escolar temprano se sit\u00faa en el segundo trimestre de 2017 en el 18,2% - El Digital de Asturias","twitter:description":"El abandono escolar temprano se sit\u00faa en el segundo trimestre de 2017 en el 18,2%, la mejor media que se logra en la historia de Espa\u00f1a, seg\u00fan los datos de la Encuesta de Poblaci\u00f3n Activa (EPA) publicada el pasado jueves. \u200bEl abandono escolar disminuye 0,3 puntos respecto al primer trimestre de 2017 (18,5%). Si comparamos esta cifra","twitter:image":"https:\/\/www.eldigitaldeasturias.com\/noticias\/wp-content\/uploads\/2020\/12\/EDA-1.jpg","twitter:label1":"Escrito por","twitter:data1":"El Digital de Asturias","twitter:label2":"Tiempo de lectura estimado","twitter:data2":"1 minuto"},"aioseo_meta_data":{"post_id":"948068","title":null,"description":null,"keywords":null,"keyphrases":null,"primary_term":null,"canonical_url":null,"og_title":null,"og_description":null,"og_object_type":"default","og_image_type":"default","og_image_url":null,"og_image_width":null,"og_image_height":null,"og_image_custom_url":null,"og_image_custom_fields":null,"og_video":null,"og_custom_url":null,"og_article_section":null,"og_article_tags":null,"twitter_use_og":false,"twitter_card":"default","twitter_image_type":"default","twitter_image_url":null,"twitter_image_custom_url":null,"twitter_image_custom_fields":null,"twitter_title":null,"twitter_description":null,"schema":{"blockGraphs":[],"customGraphs":[],"default":{"data":{"Article":[],"Course":[],"Dataset":[],"FAQPage":[],"Movie":[],"Person":[],"Product":[],"ProductReview":[],"Car":[],"Recipe":[],"Service":[],"SoftwareApplication":[],"WebPage":[]},"graphName":"","isEnabled":true},"graphs":[]},"schema_type":null,"schema_type_options":null,"pillar_content":false,"robots_default":true,"robots_noindex":false,"robots_noarchive":false,"robots_nosnippet":false,"robots_nofollow":false,"robots_noimageindex":false,"robots_noodp":false,"robots_notranslate":false,"robots_max_snippet":null,"robots_max_videopreview":null,"robots_max_imagepreview":"large","priority":null,"frequency":null,"local_seo":null,"seo_analyzer_scan_date":"2025-12-05 07:22:08","breadcrumb_settings":null,"limit_modified_date":false,"open_ai":null,"ai":null,"created":"2020-12-21 13:05:44","updated":"2025-12-05 07:22:08","focus_keyword":null,"additional_keywords":null,"truseo_locale":null},"aioseo_breadcrumb":"<div class=\"aioseo-breadcrumbs\"><span class=\"aioseo-breadcrumb\">\n\t<a href=\"https:\/\/www.eldigitaldeasturias.com\/noticias\" title=\"Home\">Home<\/a>\n<\/span><span class=\"aioseo-breadcrumb-separator\">\u2013<\/span><span class=\"aioseo-breadcrumb\">\n\t<a href=\"https:\/\/www.eldigitaldeasturias.com\/noticias\/category\/actualidad\/\" title=\"Actualidad\">Actualidad<\/a>\n<\/span><span class=\"aioseo-breadcrumb-separator\">\u2013<\/span><span class=\"aioseo-breadcrumb\">\n\t<a href=\"https:\/\/www.eldigitaldeasturias.com\/noticias\/el-abandono-escolar-temprano-se-situa-en-el-segundo-trimestre-de-2017-en-el-182\/\" title=\"El abandono escolar temprano se sit\u00faa en el segundo trimestre de 2017 en el 18,2%\">El abandono escolar temprano se sit\u00faa en el segundo trimestre de 2017 en el 18,2%<\/a>\n<\/span><\/div>","aioseo_breadcrumb_json":[{"label":"Home","link":"https:\/\/www.eldigitaldeasturias.com\/noticias"},{"label":"Actualidad","link":"https:\/\/www.eldigitaldeasturias.com\/noticias\/category\/actualidad\/"},{"label":"El abandono escolar temprano se sit\u00faa en el segundo trimestre de 2017 en el 18,2%","link":"https:\/\/www.eldigitaldeasturias.com\/noticias\/el-abandono-escolar-temprano-se-situa-en-el-segundo-trimestre-de-2017-en-el-182\/"}],"_links":{"self":[{"href":"https:\/\/www.eldigitaldeasturias.com\/noticias\/wp-json\/wp\/v2\/posts\/948068","targetHints":{"allow":["GET"]}}],"collection":[{"href":"https:\/\/www.eldigitaldeasturias.com\/noticias\/wp-json\/wp\/v2\/posts"}],"about":[{"href":"https:\/\/www.eldigitaldeasturias.com\/noticias\/wp-json\/wp\/v2\/types\/post"}],"author":[{"embeddable":true,"href":"https:\/\/www.eldigitaldeasturias.com\/noticias\/wp-json\/wp\/v2\/users\/1"}],"replies":[{"embeddable":true,"href":"https:\/\/www.eldigitaldeasturias.com\/noticias\/wp-json\/wp\/v2\/comments?post=948068"}],"version-history":[{"count":0,"href":"https:\/\/www.eldigitaldeasturias.com\/noticias\/wp-json\/wp\/v2\/posts\/948068\/revisions"}],"wp:attachment":[{"href":"https:\/\/www.eldigitaldeasturias.com\/noticias\/wp-json\/wp\/v2\/media?parent=948068"}],"wp:term":[{"taxonomy":"category","embeddable":true,"href":"https:\/\/www.eldigitaldeasturias.com\/noticias\/wp-json\/wp\/v2\/categories?post=948068"},{"taxonomy":"post_tag","embeddable":true,"href":"https:\/\/www.eldigitaldeasturias.com\/noticias\/wp-json\/wp\/v2\/tags?post=948068"}],"curies":[{"name":"wp","href":"https:\/\/api.w.org\/{rel}","templated":true}]}}