{"id":948065,"date":"2017-07-30T12:44:14","date_gmt":"2017-07-30T12:44:14","guid":{"rendered":"http:\/\/www.eldigitaldeasturias.com\/noticias\/?p=948065"},"modified":"2017-07-30T12:44:14","modified_gmt":"2017-07-30T12:44:14","slug":"el-gobierno-de-espana-lamenta-el-fallecimiento-de-dos-cascos-azules-alemanes-de-minusma","status":"publish","type":"post","link":"https:\/\/www.eldigitaldeasturias.com\/noticias\/el-gobierno-de-espana-lamenta-el-fallecimiento-de-dos-cascos-azules-alemanes-de-minusma\/","title":{"rendered":"El Gobierno de Espa\u00f1a lamenta el fallecimiento de dos cascos azules alemanes de MINUSMA"},"content":{"rendered":"<p><img loading=\"lazy\" decoding=\"async\" class=\"alignleft size-medium wp-image-948066\" src=\"https:\/\/www.eldigitaldeasturias.com\/noticias\/wp-content\/uploads\/2017\/07\/15032016_Globoterr\u00e1queoInterior-360x239.jpg\" alt=\"\" width=\"360\" height=\"239\" \/>Espa\u00f1a desea expresar su consternaci\u00f3n ante las noticias relativas al fallecimiento en acto de servicio de dos pilotos de helic\u00f3ptero, cascos azules del contingente alem\u00e1n de la MINUSMA, ayer en Mal\u00ed, cerca de la ciudad de Gao.<\/p>\n<p>\u200bEl Gobierno de Espa\u00f1a desea trasladar sus m\u00e1s sentidas condolencias a los familiares de los cascos azules fallecidos, as\u00ed como a las autoridades de Alemania.<\/p>\n<p>En estos tristes momentos, el Gobierno desea reconocer la labor de Alemania y de todos los actores internacionales comprometidos con la consolidaci\u00f3n de la paz y la estabilidad en Mal\u00ed, y reitera su compromiso con el trabajo desarrollado por la MINUSMA, tal y como el Ministro de Asuntos Exteriores y de Cooperaci\u00f3n, Alfonso Dastis, tuvo ocasi\u00f3n de expresar ayer, durante su visita al pa\u00eds.<\/p>\n","protected":false},"excerpt":{"rendered":"<p>Espa\u00f1a desea expresar su consternaci\u00f3n ante las noticias relativas al fallecimiento en acto de servicio de dos pilotos de helic\u00f3ptero, cascos azules del contingente alem\u00e1n de la MINUSMA, ayer en Mal\u00ed, cerca de la ciudad de Gao. \u200bEl Gobierno de Espa\u00f1a desea trasladar sus m\u00e1s sentidas condolencias a los familiares de los cascos azules fallecidos, [&hellip;]<\/p>\n","protected":false},"author":1,"featured_media":948066,"comment_status":"closed","ping_status":"closed","sticky":false,"template":"","format":"standard","meta":{"footnotes":""},"categories":[1],"tags":[],"class_list":["post-948065","post","type-post","status-publish","format-standard","has-post-thumbnail","hentry","category-actualidad"],"aioseo_notices":[],"aioseo_head":"\n\t\t<!-- All in One SEO Pro 5.0.1 - aioseo.com -->\n\t<meta name=\"description\" content=\"Espa\u00f1a desea expresar su consternaci\u00f3n ante las noticias relativas al fallecimiento en acto de servicio de dos pilotos de helic\u00f3ptero, cascos azules del contingente alem\u00e1n de la MINUSMA, ayer en Mal\u00ed, cerca de la ciudad de Gao. \u200bEl Gobierno de Espa\u00f1a desea trasladar sus m\u00e1s sentidas condolencias a los familiares de los cascos azules fallecidos,\" \/>\n\t<meta name=\"robots\" content=\"max-image-preview:large\" \/>\n\t<meta name=\"author\" content=\"El Digital de Asturias\"\/>\n\t<meta name=\"google-site-verification\" content=\"UA-38556648-1\" \/>\n\t<meta name=\"msvalidate.01\" content=\"7dfe9f3f1b24437ab69f4f2559babe99\" \/>\n\t<meta name=\"keywords\" content=\"actualidad\" \/>\n\t<link rel=\"canonical\" href=\"https:\/\/www.eldigitaldeasturias.com\/noticias\/el-gobierno-de-espana-lamenta-el-fallecimiento-de-dos-cascos-azules-alemanes-de-minusma\/\" \/>\n\t<meta name=\"generator\" content=\"All in One SEO Pro (AIOSEO) 5.0.1\" \/>\n\t\t<meta property=\"og:locale\" content=\"es_ES\" \/>\n\t\t<meta property=\"og:site_name\" content=\"El Digital de Asturias\" \/>\n\t\t<meta property=\"og:type\" content=\"article\" \/>\n\t\t<meta property=\"og:title\" content=\"El Gobierno de Espa\u00f1a lamenta el fallecimiento de dos cascos azules alemanes de MINUSMA - El Digital de Asturias\" \/>\n\t\t<meta property=\"og:description\" content=\"Espa\u00f1a desea expresar su consternaci\u00f3n ante las noticias relativas al fallecimiento en acto de servicio de dos pilotos de helic\u00f3ptero, cascos azules del contingente alem\u00e1n de la MINUSMA, ayer en Mal\u00ed, cerca de la ciudad de Gao. \u200bEl Gobierno de Espa\u00f1a desea trasladar sus m\u00e1s sentidas condolencias a los familiares de los cascos azules fallecidos,\" \/>\n\t\t<meta property=\"og:url\" content=\"https:\/\/www.eldigitaldeasturias.com\/noticias\/el-gobierno-de-espana-lamenta-el-fallecimiento-de-dos-cascos-azules-alemanes-de-minusma\/\" \/>\n\t\t<meta property=\"article:tag\" content=\"actualidad\" \/>\n\t\t<meta property=\"article:published_time\" content=\"2017-07-30T12:44:14+00:00\" \/>\n\t\t<meta property=\"article:modified_time\" content=\"2017-07-30T12:44:14+00:00\" \/>\n\t\t<meta property=\"article:publisher\" content=\"https:\/\/facebook.com\/eldigitaldeasturias\" \/>\n\t\t<meta name=\"twitter:card\" content=\"summary_large_image\" \/>\n\t\t<meta name=\"twitter:title\" content=\"El Gobierno de Espa\u00f1a lamenta el fallecimiento de dos cascos azules alemanes de MINUSMA - El Digital de Asturias\" \/>\n\t\t<meta name=\"twitter:description\" content=\"Espa\u00f1a desea expresar su consternaci\u00f3n ante las noticias relativas al fallecimiento en acto de servicio de dos pilotos de helic\u00f3ptero, cascos azules del contingente alem\u00e1n de la MINUSMA, ayer en Mal\u00ed, cerca de la ciudad de Gao. \u200bEl Gobierno de Espa\u00f1a desea trasladar sus m\u00e1s sentidas condolencias a los familiares de los cascos azules fallecidos,\" \/>\n\t\t<meta name=\"twitter:image\" content=\"https:\/\/www.eldigitaldeasturias.com\/noticias\/wp-content\/uploads\/2020\/12\/EDA-1.jpg\" \/>\n\t\t<meta name=\"twitter:label1\" content=\"Escrito por\" \/>\n\t\t<meta name=\"twitter:data1\" content=\"El Digital de Asturias\" \/>\n\t\t<meta name=\"twitter:label2\" content=\"Tiempo de lectura estimado\" \/>\n\t\t<meta name=\"twitter:data2\" content=\"1 minuto\" \/>\n\t\t<script type=\"application\/ld+json\" class=\"aioseo-schema\">\n\t\t\t{\"@context\":\"https:\\\/\\\/schema.org\",\"@graph\":[{\"@type\":\"BlogPosting\",\"@id\":\"https:\\\/\\\/www.eldigitaldeasturias.com\\\/noticias\\\/el-gobierno-de-espana-lamenta-el-fallecimiento-de-dos-cascos-azules-alemanes-de-minusma\\\/#blogposting\",\"name\":\"El Gobierno de Espa\\u00f1a lamenta el fallecimiento de dos cascos azules alemanes de MINUSMA - El Digital de Asturias\",\"headline\":\"El Gobierno de Espa\\u00f1a lamenta el fallecimiento de dos cascos azules alemanes de MINUSMA\",\"author\":{\"@id\":\"https:\\\/\\\/www.eldigitaldeasturias.com\\\/noticias\\\/author\\\/admin\\\/#author\"},\"publisher\":{\"@id\":\"https:\\\/\\\/www.eldigitaldeasturias.com\\\/noticias\\\/#organization\"},\"image\":{\"@type\":\"ImageObject\",\"url\":948066},\"datePublished\":\"2017-07-30T12:44:14+02:00\",\"dateModified\":\"2017-07-30T12:44:14+02:00\",\"inLanguage\":\"es-ES\",\"mainEntityOfPage\":{\"@id\":\"https:\\\/\\\/www.eldigitaldeasturias.com\\\/noticias\\\/el-gobierno-de-espana-lamenta-el-fallecimiento-de-dos-cascos-azules-alemanes-de-minusma\\\/#webpage\"},\"isPartOf\":{\"@id\":\"https:\\\/\\\/www.eldigitaldeasturias.com\\\/noticias\\\/el-gobierno-de-espana-lamenta-el-fallecimiento-de-dos-cascos-azules-alemanes-de-minusma\\\/#webpage\"},\"articleSection\":\"Actualidad\"},{\"@type\":\"BreadcrumbList\",\"@id\":\"https:\\\/\\\/www.eldigitaldeasturias.com\\\/noticias\\\/el-gobierno-de-espana-lamenta-el-fallecimiento-de-dos-cascos-azules-alemanes-de-minusma\\\/#breadcrumblist\",\"itemListElement\":[{\"@type\":\"ListItem\",\"@id\":\"https:\\\/\\\/www.eldigitaldeasturias.com\\\/noticias#listItem\",\"position\":1,\"name\":\"Home\",\"item\":\"https:\\\/\\\/www.eldigitaldeasturias.com\\\/noticias\",\"nextItem\":{\"@type\":\"ListItem\",\"@id\":\"https:\\\/\\\/www.eldigitaldeasturias.com\\\/noticias\\\/category\\\/actualidad\\\/#listItem\",\"name\":\"Actualidad\"}},{\"@type\":\"ListItem\",\"@id\":\"https:\\\/\\\/www.eldigitaldeasturias.com\\\/noticias\\\/category\\\/actualidad\\\/#listItem\",\"position\":2,\"name\":\"Actualidad\",\"item\":\"https:\\\/\\\/www.eldigitaldeasturias.com\\\/noticias\\\/category\\\/actualidad\\\/\",\"nextItem\":{\"@type\":\"ListItem\",\"@id\":\"https:\\\/\\\/www.eldigitaldeasturias.com\\\/noticias\\\/el-gobierno-de-espana-lamenta-el-fallecimiento-de-dos-cascos-azules-alemanes-de-minusma\\\/#listItem\",\"name\":\"El Gobierno de Espa\\u00f1a lamenta el fallecimiento de dos cascos azules alemanes de MINUSMA\"},\"previousItem\":{\"@type\":\"ListItem\",\"@id\":\"https:\\\/\\\/www.eldigitaldeasturias.com\\\/noticias#listItem\",\"name\":\"Home\"}},{\"@type\":\"ListItem\",\"@id\":\"https:\\\/\\\/www.eldigitaldeasturias.com\\\/noticias\\\/el-gobierno-de-espana-lamenta-el-fallecimiento-de-dos-cascos-azules-alemanes-de-minusma\\\/#listItem\",\"position\":3,\"name\":\"El Gobierno de Espa\\u00f1a lamenta el fallecimiento de dos cascos azules alemanes de MINUSMA\",\"previousItem\":{\"@type\":\"ListItem\",\"@id\":\"https:\\\/\\\/www.eldigitaldeasturias.com\\\/noticias\\\/category\\\/actualidad\\\/#listItem\",\"name\":\"Actualidad\"}}]},{\"@type\":\"Organization\",\"@id\":\"https:\\\/\\\/www.eldigitaldeasturias.com\\\/noticias\\\/#organization\",\"name\":\"El Digital de Asturias\",\"description\":\"Hemeroteca\",\"url\":\"https:\\\/\\\/www.eldigitaldeasturias.com\\\/noticias\\\/\",\"email\":\"info@eldigitaldeasturias.com\",\"telephone\":\"+34652131393\",\"logo\":{\"@type\":\"ImageObject\",\"url\":\"https:\\\/\\\/www.eldigitaldeasturias.com\\\/noticias\\\/wp-content\\\/uploads\\\/2020\\\/12\\\/EDA.jpg\",\"@id\":\"https:\\\/\\\/www.eldigitaldeasturias.com\\\/noticias\\\/el-gobierno-de-espana-lamenta-el-fallecimiento-de-dos-cascos-azules-alemanes-de-minusma\\\/#organizationLogo\"},\"image\":{\"@id\":\"https:\\\/\\\/www.eldigitaldeasturias.com\\\/noticias\\\/el-gobierno-de-espana-lamenta-el-fallecimiento-de-dos-cascos-azules-alemanes-de-minusma\\\/#organizationLogo\"},\"sameAs\":[\"https:\\\/\\\/facebook.com\\\/eldigitaldeasturias\",\"https:\\\/\\\/www.youtube.com\\\/channel\\\/UCZP-2wLEB9Rv6erhFmqVnvg\"],\"address\":{\"@id\":\"https:\\\/\\\/www.eldigitaldeasturias.com\\\/noticias\\\/#postaladdress\",\"@type\":\"PostalAddress\",\"streetAddress\":\"san antonio 4\",\"postalCode\":\"33430\",\"addressLocality\":\"Cand\\u00e1s\",\"addressRegion\":\"Asturias\",\"addressCountry\":\"ES\"}},{\"@type\":\"Person\",\"@id\":\"https:\\\/\\\/www.eldigitaldeasturias.com\\\/noticias\\\/author\\\/admin\\\/#author\",\"url\":\"https:\\\/\\\/www.eldigitaldeasturias.com\\\/noticias\\\/author\\\/admin\\\/\",\"name\":\"El Digital de Asturias\",\"image\":{\"@type\":\"ImageObject\",\"@id\":\"https:\\\/\\\/www.eldigitaldeasturias.com\\\/noticias\\\/el-gobierno-de-espana-lamenta-el-fallecimiento-de-dos-cascos-azules-alemanes-de-minusma\\\/#authorImage\",\"url\":\"https:\\\/\\\/secure.gravatar.com\\\/avatar\\\/df2aeffc32bcd13f8d26072ef8a91b623d677766deac7f97ca815868cd41bf5e?s=96&d=mm&r=g\",\"width\":96,\"height\":96,\"caption\":\"El Digital de Asturias\"}},{\"@type\":\"WebPage\",\"@id\":\"https:\\\/\\\/www.eldigitaldeasturias.com\\\/noticias\\\/el-gobierno-de-espana-lamenta-el-fallecimiento-de-dos-cascos-azules-alemanes-de-minusma\\\/#webpage\",\"url\":\"https:\\\/\\\/www.eldigitaldeasturias.com\\\/noticias\\\/el-gobierno-de-espana-lamenta-el-fallecimiento-de-dos-cascos-azules-alemanes-de-minusma\\\/\",\"name\":\"El Gobierno de Espa\\u00f1a lamenta el fallecimiento de dos cascos azules alemanes de MINUSMA - El Digital de Asturias\",\"description\":\"Espa\\u00f1a desea expresar su consternaci\\u00f3n ante las noticias relativas al fallecimiento en acto de servicio de dos pilotos de helic\\u00f3ptero, cascos azules del contingente alem\\u00e1n de la MINUSMA, ayer en Mal\\u00ed, cerca de la ciudad de Gao. \\u200bEl Gobierno de Espa\\u00f1a desea trasladar sus m\\u00e1s sentidas condolencias a los familiares de los cascos azules fallecidos,\",\"inLanguage\":\"es-ES\",\"isPartOf\":{\"@id\":\"https:\\\/\\\/www.eldigitaldeasturias.com\\\/noticias\\\/#website\"},\"breadcrumb\":{\"@id\":\"https:\\\/\\\/www.eldigitaldeasturias.com\\\/noticias\\\/el-gobierno-de-espana-lamenta-el-fallecimiento-de-dos-cascos-azules-alemanes-de-minusma\\\/#breadcrumblist\"},\"author\":{\"@id\":\"https:\\\/\\\/www.eldigitaldeasturias.com\\\/noticias\\\/author\\\/admin\\\/#author\"},\"creator\":{\"@id\":\"https:\\\/\\\/www.eldigitaldeasturias.com\\\/noticias\\\/author\\\/admin\\\/#author\"},\"image\":{\"@type\":\"ImageObject\",\"url\":948066,\"@id\":\"https:\\\/\\\/www.eldigitaldeasturias.com\\\/noticias\\\/el-gobierno-de-espana-lamenta-el-fallecimiento-de-dos-cascos-azules-alemanes-de-minusma\\\/#mainImage\"},\"primaryImageOfPage\":{\"@id\":\"https:\\\/\\\/www.eldigitaldeasturias.com\\\/noticias\\\/el-gobierno-de-espana-lamenta-el-fallecimiento-de-dos-cascos-azules-alemanes-de-minusma\\\/#mainImage\"},\"datePublished\":\"2017-07-30T12:44:14+02:00\",\"dateModified\":\"2017-07-30T12:44:14+02:00\"},{\"@type\":\"WebSite\",\"@id\":\"https:\\\/\\\/www.eldigitaldeasturias.com\\\/noticias\\\/#website\",\"url\":\"https:\\\/\\\/www.eldigitaldeasturias.com\\\/noticias\\\/\",\"name\":\"El Digital de Asturias - Diario de actualidad y noticias\",\"alternateName\":\"El Digital de Asturias - Diario de actualidad y noticias\",\"description\":\"Hemeroteca\",\"inLanguage\":\"es-ES\",\"publisher\":{\"@id\":\"https:\\\/\\\/www.eldigitaldeasturias.com\\\/noticias\\\/#organization\"}}]}\n\t\t<\/script>\n\t\t<!-- All in One SEO Pro -->\r\n\t\t<title>El Gobierno de Espa\u00f1a lamenta el fallecimiento de dos cascos azules alemanes de MINUSMA - El Digital de Asturias<\/title>\n\n","aioseo_head_json":{"title":"El Gobierno de Espa\u00f1a lamenta el fallecimiento de dos cascos azules alemanes de MINUSMA - El Digital de Asturias","description":"Espa\u00f1a desea expresar su consternaci\u00f3n ante las noticias relativas al fallecimiento en acto de servicio de dos pilotos de helic\u00f3ptero, cascos azules del contingente alem\u00e1n de la MINUSMA, ayer en Mal\u00ed, cerca de la ciudad de Gao. \u200bEl Gobierno de Espa\u00f1a desea trasladar sus m\u00e1s sentidas condolencias a los familiares de los cascos azules fallecidos,","canonical_url":"https:\/\/www.eldigitaldeasturias.com\/noticias\/el-gobierno-de-espana-lamenta-el-fallecimiento-de-dos-cascos-azules-alemanes-de-minusma\/","robots":"max-image-preview:large","keywords":"actualidad","webmasterTools":{"google-site-verification":"UA-38556648-1","msvalidate.01":"7dfe9f3f1b24437ab69f4f2559babe99","miscellaneous":""},"schema":{"@context":"https:\/\/schema.org","@graph":[{"@type":"BlogPosting","@id":"https:\/\/www.eldigitaldeasturias.com\/noticias\/el-gobierno-de-espana-lamenta-el-fallecimiento-de-dos-cascos-azules-alemanes-de-minusma\/#blogposting","name":"El Gobierno de Espa\u00f1a lamenta el fallecimiento de dos cascos azules alemanes de MINUSMA - El Digital de Asturias","headline":"El Gobierno de Espa\u00f1a lamenta el fallecimiento de dos cascos azules alemanes de MINUSMA","author":{"@id":"https:\/\/www.eldigitaldeasturias.com\/noticias\/author\/admin\/#author"},"publisher":{"@id":"https:\/\/www.eldigitaldeasturias.com\/noticias\/#organization"},"image":{"@type":"ImageObject","url":948066},"datePublished":"2017-07-30T12:44:14+02:00","dateModified":"2017-07-30T12:44:14+02:00","inLanguage":"es-ES","mainEntityOfPage":{"@id":"https:\/\/www.eldigitaldeasturias.com\/noticias\/el-gobierno-de-espana-lamenta-el-fallecimiento-de-dos-cascos-azules-alemanes-de-minusma\/#webpage"},"isPartOf":{"@id":"https:\/\/www.eldigitaldeasturias.com\/noticias\/el-gobierno-de-espana-lamenta-el-fallecimiento-de-dos-cascos-azules-alemanes-de-minusma\/#webpage"},"articleSection":"Actualidad"},{"@type":"BreadcrumbList","@id":"https:\/\/www.eldigitaldeasturias.com\/noticias\/el-gobierno-de-espana-lamenta-el-fallecimiento-de-dos-cascos-azules-alemanes-de-minusma\/#breadcrumblist","itemListElement":[{"@type":"ListItem","@id":"https:\/\/www.eldigitaldeasturias.com\/noticias#listItem","position":1,"name":"Home","item":"https:\/\/www.eldigitaldeasturias.com\/noticias","nextItem":{"@type":"ListItem","@id":"https:\/\/www.eldigitaldeasturias.com\/noticias\/category\/actualidad\/#listItem","name":"Actualidad"}},{"@type":"ListItem","@id":"https:\/\/www.eldigitaldeasturias.com\/noticias\/category\/actualidad\/#listItem","position":2,"name":"Actualidad","item":"https:\/\/www.eldigitaldeasturias.com\/noticias\/category\/actualidad\/","nextItem":{"@type":"ListItem","@id":"https:\/\/www.eldigitaldeasturias.com\/noticias\/el-gobierno-de-espana-lamenta-el-fallecimiento-de-dos-cascos-azules-alemanes-de-minusma\/#listItem","name":"El Gobierno de Espa\u00f1a lamenta el fallecimiento de dos cascos azules alemanes de MINUSMA"},"previousItem":{"@type":"ListItem","@id":"https:\/\/www.eldigitaldeasturias.com\/noticias#listItem","name":"Home"}},{"@type":"ListItem","@id":"https:\/\/www.eldigitaldeasturias.com\/noticias\/el-gobierno-de-espana-lamenta-el-fallecimiento-de-dos-cascos-azules-alemanes-de-minusma\/#listItem","position":3,"name":"El Gobierno de Espa\u00f1a lamenta el fallecimiento de dos cascos azules alemanes de MINUSMA","previousItem":{"@type":"ListItem","@id":"https:\/\/www.eldigitaldeasturias.com\/noticias\/category\/actualidad\/#listItem","name":"Actualidad"}}]},{"@type":"Organization","@id":"https:\/\/www.eldigitaldeasturias.com\/noticias\/#organization","name":"El Digital de Asturias","description":"Hemeroteca","url":"https:\/\/www.eldigitaldeasturias.com\/noticias\/","email":"info@eldigitaldeasturias.com","telephone":"+34652131393","logo":{"@type":"ImageObject","url":"https:\/\/www.eldigitaldeasturias.com\/noticias\/wp-content\/uploads\/2020\/12\/EDA.jpg","@id":"https:\/\/www.eldigitaldeasturias.com\/noticias\/el-gobierno-de-espana-lamenta-el-fallecimiento-de-dos-cascos-azules-alemanes-de-minusma\/#organizationLogo"},"image":{"@id":"https:\/\/www.eldigitaldeasturias.com\/noticias\/el-gobierno-de-espana-lamenta-el-fallecimiento-de-dos-cascos-azules-alemanes-de-minusma\/#organizationLogo"},"sameAs":["https:\/\/facebook.com\/eldigitaldeasturias","https:\/\/www.youtube.com\/channel\/UCZP-2wLEB9Rv6erhFmqVnvg"],"address":{"@id":"https:\/\/www.eldigitaldeasturias.com\/noticias\/#postaladdress","@type":"PostalAddress","streetAddress":"san antonio 4","postalCode":"33430","addressLocality":"Cand\u00e1s","addressRegion":"Asturias","addressCountry":"ES"}},{"@type":"Person","@id":"https:\/\/www.eldigitaldeasturias.com\/noticias\/author\/admin\/#author","url":"https:\/\/www.eldigitaldeasturias.com\/noticias\/author\/admin\/","name":"El Digital de Asturias","image":{"@type":"ImageObject","@id":"https:\/\/www.eldigitaldeasturias.com\/noticias\/el-gobierno-de-espana-lamenta-el-fallecimiento-de-dos-cascos-azules-alemanes-de-minusma\/#authorImage","url":"https:\/\/secure.gravatar.com\/avatar\/df2aeffc32bcd13f8d26072ef8a91b623d677766deac7f97ca815868cd41bf5e?s=96&d=mm&r=g","width":96,"height":96,"caption":"El Digital de Asturias"}},{"@type":"WebPage","@id":"https:\/\/www.eldigitaldeasturias.com\/noticias\/el-gobierno-de-espana-lamenta-el-fallecimiento-de-dos-cascos-azules-alemanes-de-minusma\/#webpage","url":"https:\/\/www.eldigitaldeasturias.com\/noticias\/el-gobierno-de-espana-lamenta-el-fallecimiento-de-dos-cascos-azules-alemanes-de-minusma\/","name":"El Gobierno de Espa\u00f1a lamenta el fallecimiento de dos cascos azules alemanes de MINUSMA - El Digital de Asturias","description":"Espa\u00f1a desea expresar su consternaci\u00f3n ante las noticias relativas al fallecimiento en acto de servicio de dos pilotos de helic\u00f3ptero, cascos azules del contingente alem\u00e1n de la MINUSMA, ayer en Mal\u00ed, cerca de la ciudad de Gao. \u200bEl Gobierno de Espa\u00f1a desea trasladar sus m\u00e1s sentidas condolencias a los familiares de los cascos azules fallecidos,","inLanguage":"es-ES","isPartOf":{"@id":"https:\/\/www.eldigitaldeasturias.com\/noticias\/#website"},"breadcrumb":{"@id":"https:\/\/www.eldigitaldeasturias.com\/noticias\/el-gobierno-de-espana-lamenta-el-fallecimiento-de-dos-cascos-azules-alemanes-de-minusma\/#breadcrumblist"},"author":{"@id":"https:\/\/www.eldigitaldeasturias.com\/noticias\/author\/admin\/#author"},"creator":{"@id":"https:\/\/www.eldigitaldeasturias.com\/noticias\/author\/admin\/#author"},"image":{"@type":"ImageObject","url":948066,"@id":"https:\/\/www.eldigitaldeasturias.com\/noticias\/el-gobierno-de-espana-lamenta-el-fallecimiento-de-dos-cascos-azules-alemanes-de-minusma\/#mainImage"},"primaryImageOfPage":{"@id":"https:\/\/www.eldigitaldeasturias.com\/noticias\/el-gobierno-de-espana-lamenta-el-fallecimiento-de-dos-cascos-azules-alemanes-de-minusma\/#mainImage"},"datePublished":"2017-07-30T12:44:14+02:00","dateModified":"2017-07-30T12:44:14+02:00"},{"@type":"WebSite","@id":"https:\/\/www.eldigitaldeasturias.com\/noticias\/#website","url":"https:\/\/www.eldigitaldeasturias.com\/noticias\/","name":"El Digital de Asturias - Diario de actualidad y noticias","alternateName":"El Digital de Asturias - Diario de actualidad y noticias","description":"Hemeroteca","inLanguage":"es-ES","publisher":{"@id":"https:\/\/www.eldigitaldeasturias.com\/noticias\/#organization"}}]},"og:locale":"es_ES","og:site_name":"El Digital de Asturias","og:type":"article","og:title":"El Gobierno de Espa\u00f1a lamenta el fallecimiento de dos cascos azules alemanes de MINUSMA - El Digital de Asturias","og:description":"Espa\u00f1a desea expresar su consternaci\u00f3n ante las noticias relativas al fallecimiento en acto de servicio de dos pilotos de helic\u00f3ptero, cascos azules del contingente alem\u00e1n de la MINUSMA, ayer en Mal\u00ed, cerca de la ciudad de Gao. \u200bEl Gobierno de Espa\u00f1a desea trasladar sus m\u00e1s sentidas condolencias a los familiares de los cascos azules fallecidos,","og:url":"https:\/\/www.eldigitaldeasturias.com\/noticias\/el-gobierno-de-espana-lamenta-el-fallecimiento-de-dos-cascos-azules-alemanes-de-minusma\/","article:tag":["actualidad"],"article:published_time":"2017-07-30T12:44:14+00:00","article:modified_time":"2017-07-30T12:44:14+00:00","article:publisher":"https:\/\/facebook.com\/eldigitaldeasturias","twitter:card":"summary_large_image","twitter:title":"El Gobierno de Espa\u00f1a lamenta el fallecimiento de dos cascos azules alemanes de MINUSMA - El Digital de Asturias","twitter:description":"Espa\u00f1a desea expresar su consternaci\u00f3n ante las noticias relativas al fallecimiento en acto de servicio de dos pilotos de helic\u00f3ptero, cascos azules del contingente alem\u00e1n de la MINUSMA, ayer en Mal\u00ed, cerca de la ciudad de Gao. \u200bEl Gobierno de Espa\u00f1a desea trasladar sus m\u00e1s sentidas condolencias a los familiares de los cascos azules fallecidos,","twitter:image":"https:\/\/www.eldigitaldeasturias.com\/noticias\/wp-content\/uploads\/2020\/12\/EDA-1.jpg","twitter:label1":"Escrito por","twitter:data1":"El Digital de Asturias","twitter:label2":"Tiempo de lectura estimado","twitter:data2":"1 minuto"},"aioseo_meta_data":{"post_id":"948065","title":null,"description":null,"keywords":null,"keyphrases":null,"primary_term":null,"canonical_url":null,"og_title":null,"og_description":null,"og_object_type":"default","og_image_type":"default","og_image_url":null,"og_image_width":null,"og_image_height":null,"og_image_custom_url":null,"og_image_custom_fields":null,"og_video":null,"og_custom_url":null,"og_article_section":null,"og_article_tags":null,"twitter_use_og":false,"twitter_card":"default","twitter_image_type":"default","twitter_image_url":null,"twitter_image_custom_url":null,"twitter_image_custom_fields":null,"twitter_title":null,"twitter_description":null,"schema":{"blockGraphs":[],"customGraphs":[],"default":{"data":{"Article":[],"Course":[],"Dataset":[],"FAQPage":[],"Movie":[],"Person":[],"Product":[],"ProductReview":[],"Car":[],"Recipe":[],"Service":[],"SoftwareApplication":[],"WebPage":[]},"graphName":"","isEnabled":true},"graphs":[],"defaultGraph":"","defaultPostTypeGraph":""},"schema_type":null,"schema_type_options":null,"pillar_content":false,"robots_default":true,"robots_noindex":false,"robots_noarchive":false,"robots_nosnippet":false,"robots_nofollow":false,"robots_noimageindex":false,"robots_noodp":false,"robots_notranslate":false,"robots_max_snippet":null,"robots_max_videopreview":null,"robots_max_imagepreview":"large","priority":null,"frequency":null,"local_seo":null,"seo_analyzer_scan_date":"2025-12-05 07:22:07","breadcrumb_settings":null,"limit_modified_date":false,"open_ai":null,"ai":null,"created":"2020-12-21 13:05:44","updated":"2025-12-05 07:22:07","focus_keyword":null,"additional_keywords":null,"truseo_locale":null},"aioseo_breadcrumb":"<div class=\"aioseo-breadcrumbs\"><span class=\"aioseo-breadcrumb\">\n\t<a href=\"https:\/\/www.eldigitaldeasturias.com\/noticias\" title=\"Home\">Home<\/a>\n<\/span><span class=\"aioseo-breadcrumb-separator\">\u2013<\/span><span class=\"aioseo-breadcrumb\">\n\t<a href=\"https:\/\/www.eldigitaldeasturias.com\/noticias\/category\/actualidad\/\" title=\"Actualidad\">Actualidad<\/a>\n<\/span><span class=\"aioseo-breadcrumb-separator\">\u2013<\/span><span class=\"aioseo-breadcrumb\">\n\t<a href=\"https:\/\/www.eldigitaldeasturias.com\/noticias\/el-gobierno-de-espana-lamenta-el-fallecimiento-de-dos-cascos-azules-alemanes-de-minusma\/\" title=\"El Gobierno de Espa\u00f1a lamenta el fallecimiento de dos cascos azules alemanes de MINUSMA\">El Gobierno de Espa\u00f1a lamenta el fallecimiento de dos cascos azules alemanes de MINUSMA<\/a>\n<\/span><\/div>","aioseo_breadcrumb_json":[{"label":"Home","link":"https:\/\/www.eldigitaldeasturias.com\/noticias"},{"label":"Actualidad","link":"https:\/\/www.eldigitaldeasturias.com\/noticias\/category\/actualidad\/"},{"label":"El Gobierno de Espa\u00f1a lamenta el fallecimiento de dos cascos azules alemanes de MINUSMA","link":"https:\/\/www.eldigitaldeasturias.com\/noticias\/el-gobierno-de-espana-lamenta-el-fallecimiento-de-dos-cascos-azules-alemanes-de-minusma\/"}],"_links":{"self":[{"href":"https:\/\/www.eldigitaldeasturias.com\/noticias\/wp-json\/wp\/v2\/posts\/948065","targetHints":{"allow":["GET"]}}],"collection":[{"href":"https:\/\/www.eldigitaldeasturias.com\/noticias\/wp-json\/wp\/v2\/posts"}],"about":[{"href":"https:\/\/www.eldigitaldeasturias.com\/noticias\/wp-json\/wp\/v2\/types\/post"}],"author":[{"embeddable":true,"href":"https:\/\/www.eldigitaldeasturias.com\/noticias\/wp-json\/wp\/v2\/users\/1"}],"replies":[{"embeddable":true,"href":"https:\/\/www.eldigitaldeasturias.com\/noticias\/wp-json\/wp\/v2\/comments?post=948065"}],"version-history":[{"count":0,"href":"https:\/\/www.eldigitaldeasturias.com\/noticias\/wp-json\/wp\/v2\/posts\/948065\/revisions"}],"wp:attachment":[{"href":"https:\/\/www.eldigitaldeasturias.com\/noticias\/wp-json\/wp\/v2\/media?parent=948065"}],"wp:term":[{"taxonomy":"category","embeddable":true,"href":"https:\/\/www.eldigitaldeasturias.com\/noticias\/wp-json\/wp\/v2\/categories?post=948065"},{"taxonomy":"post_tag","embeddable":true,"href":"https:\/\/www.eldigitaldeasturias.com\/noticias\/wp-json\/wp\/v2\/tags?post=948065"}],"curies":[{"name":"wp","href":"https:\/\/api.w.org\/{rel}","templated":true}]}}