{"id":948050,"date":"2017-07-30T11:44:01","date_gmt":"2017-07-30T11:44:01","guid":{"rendered":"http:\/\/www.eldigitaldeasturias.com\/noticias\/?p=948050"},"modified":"2017-07-30T11:44:01","modified_gmt":"2017-07-30T11:44:01","slug":"ciclo-de-organo-comarca-del-matarrana-en-fuentespalda","status":"publish","type":"post","link":"https:\/\/www.eldigitaldeasturias.com\/noticias\/ciclo-de-organo-comarca-del-matarrana-en-fuentespalda\/","title":{"rendered":"Ciclo de \u00d3rgano Comarca del Matarra\u00f1a en Fuentespalda"},"content":{"rendered":"<p><img loading=\"lazy\" decoding=\"async\" class=\"alignleft size-medium wp-image-948051\" src=\"https:\/\/www.eldigitaldeasturias.com\/noticias\/wp-content\/uploads\/2017\/07\/cartel_organo_17-360x159.jpg\" alt=\"\" width=\"360\" height=\"159\" \/>Fuentespalda celebra este domingo a las 19:30 el primer concierto del \u2018Ciclo de \u00d3rgano Comarca del Matarra\u00f1a\u2019, una cita dirigida por Margarita Celma, que pretende promocionar, difundir y fomentar los dos \u00fanicos \u00f3rganos que existen en la comarca. La consejera de Educaci\u00f3n, Cultura y Deporte, Mayte P\u00e9rez, asiste a este primer concierto, al que seguir\u00e1 otro el 20 de agosto en Monroyo.<\/p>\n<p>Con este ciclo, se hace part\u00edcipes a los ciudadanos de un tipo de m\u00fasica poco frecuente en la actualidad, pero muy cercana en el tiempo ya que pr\u00e1cticamente estaba presente en todas las iglesias de la comarca. Esta es una forma de familiarizarse con la m\u00fasica de \u00f3rgano y de enriquecimiento cultural.<\/p>\n<p>En la comarca se conservan dos \u00f3rganos hist\u00f3ricos, uno en Fuentespalda construido hacia 1680, y otro en Monroyo, de 1887. Ambos han sido restaurados y desde el a\u00f1o 2004 se celebra un ciclo de \u00f3rgano que abarca principalmente los meses de verano.<\/p>\n<p>Hoy abre la edici\u00f3n Montserrat Torrent, decana de las organistas espa\u00f1olas, de 91 a\u00f1os. Es considerada una de las mejores especialistas en este instrumento del pa\u00eds. Adem\u00e1s de ofrecer un concierto, se rendir\u00e1 homenaje a su dilatada trayectoria como int\u00e9rprete, compositora y docente (cuenta con 35 discos editados con obras de todos los tiempos). En el concierto de hoy, se podr\u00e1n escuchar piezas de F. Correa de Arauxo o Antonio de Cabez\u00f3n. Es un repertorio hecho a medida para el \u00f3rgano de Fuentespalda.<\/p>\n<p>El \u00f3rgano de Fuentespalda es de gran belleza y excelentes cualidades t\u00e9cnicas. Fue construido alrededor de 1680. Se desconoce su autor, pero una inscripci\u00f3n en la parte superior indica el nombre de Jusepe Pasos, posiblemente el tallista que realiz\u00f3 la caja. En 1704, Francisco Turull reform\u00f3 el instrumento ampli\u00e1ndolo. A finales de los a\u00f1os 50, qued\u00f3 fuera de uso. Actualmente, est\u00e1 completamente restaurado. En la restauraci\u00f3n, que se empez\u00f3 en 1993 y se inaugur\u00f3 oficialmente en 1997, se ha seguido el criterio de recuperar el instrumento de 1680 conservando las reformas que lo mejoraron realizadas en 1704. El d\u00eda 5 de agosto de 1997 se inaugur\u00f3 oficialmente el \u00f3rgano con la interpretaci\u00f3n del organista D. Jes\u00fas Gonzalo L\u00f3pez.<\/p>\n<p>El ciclo continuar\u00e1 el 20 de agosto, a las 19.30, en la iglesia de Nuestra Se\u00f1ora de La Asunci\u00f3n de Monroyo. Lo har\u00e1 con la actuaci\u00f3n &#8216;Ariadna, del laberinto al cielo&#8217;, con el organista Tom\u00e9 Olives, la soprano Rosa Tamarit Sumalla, el bajista Josep Ferrer y la flautista Mar\u00eda Morera Ballester, que interpretar\u00e1n canciones de H. Purcell, G. Frescobaldi o C. Monteverdi.<\/p>\n<p>Trece a\u00f1os de trayectoria han hecho de este ciclo que se convierta ya en un cl\u00e1sico y un referente musical del verano. Adem\u00e1s, forma parte de Los Festivals del Matarranya. La entrada a ambos conciertos es libre.<\/p>\n","protected":false},"excerpt":{"rendered":"<p>Fuentespalda celebra este domingo a las 19:30 el primer concierto del \u2018Ciclo de \u00d3rgano Comarca del Matarra\u00f1a\u2019, una cita dirigida por Margarita Celma, que pretende promocionar, difundir y fomentar los dos \u00fanicos \u00f3rganos que existen en la comarca. La consejera de Educaci\u00f3n, Cultura y Deporte, Mayte P\u00e9rez, asiste a este primer concierto, al que seguir\u00e1 [&hellip;]<\/p>\n","protected":false},"author":1,"featured_media":948051,"comment_status":"closed","ping_status":"closed","sticky":false,"template":"","format":"standard","meta":{"footnotes":""},"categories":[1],"tags":[],"class_list":["post-948050","post","type-post","status-publish","format-standard","has-post-thumbnail","hentry","category-actualidad"],"aioseo_notices":[],"aioseo_head":"\n\t\t<!-- All in One SEO Pro 5.0.1 - aioseo.com -->\n\t<meta name=\"description\" content=\"Fuentespalda celebra este domingo a las 19:30 el primer concierto del \u2018Ciclo de \u00d3rgano Comarca del Matarra\u00f1a\u2019, una cita dirigida por Margarita Celma, que pretende promocionar, difundir y fomentar los dos \u00fanicos \u00f3rganos que existen en la comarca. La consejera de Educaci\u00f3n, Cultura y Deporte, Mayte P\u00e9rez, asiste a este primer concierto, al que seguir\u00e1\" \/>\n\t<meta name=\"robots\" content=\"max-image-preview:large\" \/>\n\t<meta name=\"author\" content=\"El Digital de Asturias\"\/>\n\t<meta name=\"google-site-verification\" content=\"UA-38556648-1\" \/>\n\t<meta name=\"msvalidate.01\" content=\"7dfe9f3f1b24437ab69f4f2559babe99\" \/>\n\t<meta name=\"keywords\" content=\"actualidad\" \/>\n\t<link rel=\"canonical\" href=\"https:\/\/www.eldigitaldeasturias.com\/noticias\/ciclo-de-organo-comarca-del-matarrana-en-fuentespalda\/\" \/>\n\t<meta name=\"generator\" content=\"All in One SEO Pro (AIOSEO) 5.0.1\" \/>\n\t\t<meta property=\"og:locale\" content=\"es_ES\" \/>\n\t\t<meta property=\"og:site_name\" content=\"El Digital de Asturias\" \/>\n\t\t<meta property=\"og:type\" content=\"article\" \/>\n\t\t<meta property=\"og:title\" content=\"Ciclo de \u00d3rgano Comarca del Matarra\u00f1a en Fuentespalda - El Digital de Asturias\" \/>\n\t\t<meta property=\"og:description\" content=\"Fuentespalda celebra este domingo a las 19:30 el primer concierto del \u2018Ciclo de \u00d3rgano Comarca del Matarra\u00f1a\u2019, una cita dirigida por Margarita Celma, que pretende promocionar, difundir y fomentar los dos \u00fanicos \u00f3rganos que existen en la comarca. La consejera de Educaci\u00f3n, Cultura y Deporte, Mayte P\u00e9rez, asiste a este primer concierto, al que seguir\u00e1\" \/>\n\t\t<meta property=\"og:url\" content=\"https:\/\/www.eldigitaldeasturias.com\/noticias\/ciclo-de-organo-comarca-del-matarrana-en-fuentespalda\/\" \/>\n\t\t<meta property=\"article:tag\" content=\"actualidad\" \/>\n\t\t<meta property=\"article:published_time\" content=\"2017-07-30T11:44:01+00:00\" \/>\n\t\t<meta property=\"article:modified_time\" content=\"2017-07-30T11:44:01+00:00\" \/>\n\t\t<meta property=\"article:publisher\" content=\"https:\/\/facebook.com\/eldigitaldeasturias\" \/>\n\t\t<meta name=\"twitter:card\" content=\"summary_large_image\" \/>\n\t\t<meta name=\"twitter:title\" content=\"Ciclo de \u00d3rgano Comarca del Matarra\u00f1a en Fuentespalda - El Digital de Asturias\" \/>\n\t\t<meta name=\"twitter:description\" content=\"Fuentespalda celebra este domingo a las 19:30 el primer concierto del \u2018Ciclo de \u00d3rgano Comarca del Matarra\u00f1a\u2019, una cita dirigida por Margarita Celma, que pretende promocionar, difundir y fomentar los dos \u00fanicos \u00f3rganos que existen en la comarca. La consejera de Educaci\u00f3n, Cultura y Deporte, Mayte P\u00e9rez, asiste a este primer concierto, al que seguir\u00e1\" \/>\n\t\t<meta name=\"twitter:image\" content=\"https:\/\/www.eldigitaldeasturias.com\/noticias\/wp-content\/uploads\/2020\/12\/EDA-1.jpg\" \/>\n\t\t<meta name=\"twitter:label1\" content=\"Escrito por\" \/>\n\t\t<meta name=\"twitter:data1\" content=\"El Digital de Asturias\" \/>\n\t\t<meta name=\"twitter:label2\" content=\"Tiempo de lectura estimado\" \/>\n\t\t<meta name=\"twitter:data2\" content=\"2 minutos\" \/>\n\t\t<script type=\"application\/ld+json\" class=\"aioseo-schema\">\n\t\t\t{\"@context\":\"https:\\\/\\\/schema.org\",\"@graph\":[{\"@type\":\"BlogPosting\",\"@id\":\"https:\\\/\\\/www.eldigitaldeasturias.com\\\/noticias\\\/ciclo-de-organo-comarca-del-matarrana-en-fuentespalda\\\/#blogposting\",\"name\":\"Ciclo de \\u00d3rgano Comarca del Matarra\\u00f1a en Fuentespalda - El Digital de Asturias\",\"headline\":\"Ciclo de \\u00d3rgano Comarca del Matarra\\u00f1a en Fuentespalda\",\"author\":{\"@id\":\"https:\\\/\\\/www.eldigitaldeasturias.com\\\/noticias\\\/author\\\/admin\\\/#author\"},\"publisher\":{\"@id\":\"https:\\\/\\\/www.eldigitaldeasturias.com\\\/noticias\\\/#organization\"},\"image\":{\"@type\":\"ImageObject\",\"url\":948051},\"datePublished\":\"2017-07-30T11:44:01+02:00\",\"dateModified\":\"2017-07-30T11:44:01+02:00\",\"inLanguage\":\"es-ES\",\"mainEntityOfPage\":{\"@id\":\"https:\\\/\\\/www.eldigitaldeasturias.com\\\/noticias\\\/ciclo-de-organo-comarca-del-matarrana-en-fuentespalda\\\/#webpage\"},\"isPartOf\":{\"@id\":\"https:\\\/\\\/www.eldigitaldeasturias.com\\\/noticias\\\/ciclo-de-organo-comarca-del-matarrana-en-fuentespalda\\\/#webpage\"},\"articleSection\":\"Actualidad\"},{\"@type\":\"BreadcrumbList\",\"@id\":\"https:\\\/\\\/www.eldigitaldeasturias.com\\\/noticias\\\/ciclo-de-organo-comarca-del-matarrana-en-fuentespalda\\\/#breadcrumblist\",\"itemListElement\":[{\"@type\":\"ListItem\",\"@id\":\"https:\\\/\\\/www.eldigitaldeasturias.com\\\/noticias#listItem\",\"position\":1,\"name\":\"Home\",\"item\":\"https:\\\/\\\/www.eldigitaldeasturias.com\\\/noticias\",\"nextItem\":{\"@type\":\"ListItem\",\"@id\":\"https:\\\/\\\/www.eldigitaldeasturias.com\\\/noticias\\\/category\\\/actualidad\\\/#listItem\",\"name\":\"Actualidad\"}},{\"@type\":\"ListItem\",\"@id\":\"https:\\\/\\\/www.eldigitaldeasturias.com\\\/noticias\\\/category\\\/actualidad\\\/#listItem\",\"position\":2,\"name\":\"Actualidad\",\"item\":\"https:\\\/\\\/www.eldigitaldeasturias.com\\\/noticias\\\/category\\\/actualidad\\\/\",\"nextItem\":{\"@type\":\"ListItem\",\"@id\":\"https:\\\/\\\/www.eldigitaldeasturias.com\\\/noticias\\\/ciclo-de-organo-comarca-del-matarrana-en-fuentespalda\\\/#listItem\",\"name\":\"Ciclo de \\u00d3rgano Comarca del Matarra\\u00f1a en Fuentespalda\"},\"previousItem\":{\"@type\":\"ListItem\",\"@id\":\"https:\\\/\\\/www.eldigitaldeasturias.com\\\/noticias#listItem\",\"name\":\"Home\"}},{\"@type\":\"ListItem\",\"@id\":\"https:\\\/\\\/www.eldigitaldeasturias.com\\\/noticias\\\/ciclo-de-organo-comarca-del-matarrana-en-fuentespalda\\\/#listItem\",\"position\":3,\"name\":\"Ciclo de \\u00d3rgano Comarca del Matarra\\u00f1a en Fuentespalda\",\"previousItem\":{\"@type\":\"ListItem\",\"@id\":\"https:\\\/\\\/www.eldigitaldeasturias.com\\\/noticias\\\/category\\\/actualidad\\\/#listItem\",\"name\":\"Actualidad\"}}]},{\"@type\":\"Organization\",\"@id\":\"https:\\\/\\\/www.eldigitaldeasturias.com\\\/noticias\\\/#organization\",\"name\":\"El Digital de Asturias\",\"description\":\"Hemeroteca\",\"url\":\"https:\\\/\\\/www.eldigitaldeasturias.com\\\/noticias\\\/\",\"email\":\"info@eldigitaldeasturias.com\",\"telephone\":\"+34652131393\",\"logo\":{\"@type\":\"ImageObject\",\"url\":\"https:\\\/\\\/www.eldigitaldeasturias.com\\\/noticias\\\/wp-content\\\/uploads\\\/2020\\\/12\\\/EDA.jpg\",\"@id\":\"https:\\\/\\\/www.eldigitaldeasturias.com\\\/noticias\\\/ciclo-de-organo-comarca-del-matarrana-en-fuentespalda\\\/#organizationLogo\"},\"image\":{\"@id\":\"https:\\\/\\\/www.eldigitaldeasturias.com\\\/noticias\\\/ciclo-de-organo-comarca-del-matarrana-en-fuentespalda\\\/#organizationLogo\"},\"sameAs\":[\"https:\\\/\\\/facebook.com\\\/eldigitaldeasturias\",\"https:\\\/\\\/www.youtube.com\\\/channel\\\/UCZP-2wLEB9Rv6erhFmqVnvg\"],\"address\":{\"@id\":\"https:\\\/\\\/www.eldigitaldeasturias.com\\\/noticias\\\/#postaladdress\",\"@type\":\"PostalAddress\",\"streetAddress\":\"san antonio 4\",\"postalCode\":\"33430\",\"addressLocality\":\"Cand\\u00e1s\",\"addressRegion\":\"Asturias\",\"addressCountry\":\"ES\"}},{\"@type\":\"Person\",\"@id\":\"https:\\\/\\\/www.eldigitaldeasturias.com\\\/noticias\\\/author\\\/admin\\\/#author\",\"url\":\"https:\\\/\\\/www.eldigitaldeasturias.com\\\/noticias\\\/author\\\/admin\\\/\",\"name\":\"El Digital de Asturias\",\"image\":{\"@type\":\"ImageObject\",\"@id\":\"https:\\\/\\\/www.eldigitaldeasturias.com\\\/noticias\\\/ciclo-de-organo-comarca-del-matarrana-en-fuentespalda\\\/#authorImage\",\"url\":\"https:\\\/\\\/secure.gravatar.com\\\/avatar\\\/df2aeffc32bcd13f8d26072ef8a91b623d677766deac7f97ca815868cd41bf5e?s=96&d=mm&r=g\",\"width\":96,\"height\":96,\"caption\":\"El Digital de Asturias\"}},{\"@type\":\"WebPage\",\"@id\":\"https:\\\/\\\/www.eldigitaldeasturias.com\\\/noticias\\\/ciclo-de-organo-comarca-del-matarrana-en-fuentespalda\\\/#webpage\",\"url\":\"https:\\\/\\\/www.eldigitaldeasturias.com\\\/noticias\\\/ciclo-de-organo-comarca-del-matarrana-en-fuentespalda\\\/\",\"name\":\"Ciclo de \\u00d3rgano Comarca del Matarra\\u00f1a en Fuentespalda - El Digital de Asturias\",\"description\":\"Fuentespalda celebra este domingo a las 19:30 el primer concierto del \\u2018Ciclo de \\u00d3rgano Comarca del Matarra\\u00f1a\\u2019, una cita dirigida por Margarita Celma, que pretende promocionar, difundir y fomentar los dos \\u00fanicos \\u00f3rganos que existen en la comarca. La consejera de Educaci\\u00f3n, Cultura y Deporte, Mayte P\\u00e9rez, asiste a este primer concierto, al que seguir\\u00e1\",\"inLanguage\":\"es-ES\",\"isPartOf\":{\"@id\":\"https:\\\/\\\/www.eldigitaldeasturias.com\\\/noticias\\\/#website\"},\"breadcrumb\":{\"@id\":\"https:\\\/\\\/www.eldigitaldeasturias.com\\\/noticias\\\/ciclo-de-organo-comarca-del-matarrana-en-fuentespalda\\\/#breadcrumblist\"},\"author\":{\"@id\":\"https:\\\/\\\/www.eldigitaldeasturias.com\\\/noticias\\\/author\\\/admin\\\/#author\"},\"creator\":{\"@id\":\"https:\\\/\\\/www.eldigitaldeasturias.com\\\/noticias\\\/author\\\/admin\\\/#author\"},\"image\":{\"@type\":\"ImageObject\",\"url\":948051,\"@id\":\"https:\\\/\\\/www.eldigitaldeasturias.com\\\/noticias\\\/ciclo-de-organo-comarca-del-matarrana-en-fuentespalda\\\/#mainImage\"},\"primaryImageOfPage\":{\"@id\":\"https:\\\/\\\/www.eldigitaldeasturias.com\\\/noticias\\\/ciclo-de-organo-comarca-del-matarrana-en-fuentespalda\\\/#mainImage\"},\"datePublished\":\"2017-07-30T11:44:01+02:00\",\"dateModified\":\"2017-07-30T11:44:01+02:00\"},{\"@type\":\"WebSite\",\"@id\":\"https:\\\/\\\/www.eldigitaldeasturias.com\\\/noticias\\\/#website\",\"url\":\"https:\\\/\\\/www.eldigitaldeasturias.com\\\/noticias\\\/\",\"name\":\"El Digital de Asturias - Diario de actualidad y noticias\",\"alternateName\":\"El Digital de Asturias - Diario de actualidad y noticias\",\"description\":\"Hemeroteca\",\"inLanguage\":\"es-ES\",\"publisher\":{\"@id\":\"https:\\\/\\\/www.eldigitaldeasturias.com\\\/noticias\\\/#organization\"}}]}\n\t\t<\/script>\n\t\t<!-- All in One SEO Pro -->\r\n\t\t<title>Ciclo de \u00d3rgano Comarca del Matarra\u00f1a en Fuentespalda - El Digital de Asturias<\/title>\n\n","aioseo_head_json":{"title":"Ciclo de \u00d3rgano Comarca del Matarra\u00f1a en Fuentespalda - El Digital de Asturias","description":"Fuentespalda celebra este domingo a las 19:30 el primer concierto del \u2018Ciclo de \u00d3rgano Comarca del Matarra\u00f1a\u2019, una cita dirigida por Margarita Celma, que pretende promocionar, difundir y fomentar los dos \u00fanicos \u00f3rganos que existen en la comarca. La consejera de Educaci\u00f3n, Cultura y Deporte, Mayte P\u00e9rez, asiste a este primer concierto, al que seguir\u00e1","canonical_url":"https:\/\/www.eldigitaldeasturias.com\/noticias\/ciclo-de-organo-comarca-del-matarrana-en-fuentespalda\/","robots":"max-image-preview:large","keywords":"actualidad","webmasterTools":{"google-site-verification":"UA-38556648-1","msvalidate.01":"7dfe9f3f1b24437ab69f4f2559babe99","miscellaneous":""},"schema":{"@context":"https:\/\/schema.org","@graph":[{"@type":"BlogPosting","@id":"https:\/\/www.eldigitaldeasturias.com\/noticias\/ciclo-de-organo-comarca-del-matarrana-en-fuentespalda\/#blogposting","name":"Ciclo de \u00d3rgano Comarca del Matarra\u00f1a en Fuentespalda - El Digital de Asturias","headline":"Ciclo de \u00d3rgano Comarca del Matarra\u00f1a en Fuentespalda","author":{"@id":"https:\/\/www.eldigitaldeasturias.com\/noticias\/author\/admin\/#author"},"publisher":{"@id":"https:\/\/www.eldigitaldeasturias.com\/noticias\/#organization"},"image":{"@type":"ImageObject","url":948051},"datePublished":"2017-07-30T11:44:01+02:00","dateModified":"2017-07-30T11:44:01+02:00","inLanguage":"es-ES","mainEntityOfPage":{"@id":"https:\/\/www.eldigitaldeasturias.com\/noticias\/ciclo-de-organo-comarca-del-matarrana-en-fuentespalda\/#webpage"},"isPartOf":{"@id":"https:\/\/www.eldigitaldeasturias.com\/noticias\/ciclo-de-organo-comarca-del-matarrana-en-fuentespalda\/#webpage"},"articleSection":"Actualidad"},{"@type":"BreadcrumbList","@id":"https:\/\/www.eldigitaldeasturias.com\/noticias\/ciclo-de-organo-comarca-del-matarrana-en-fuentespalda\/#breadcrumblist","itemListElement":[{"@type":"ListItem","@id":"https:\/\/www.eldigitaldeasturias.com\/noticias#listItem","position":1,"name":"Home","item":"https:\/\/www.eldigitaldeasturias.com\/noticias","nextItem":{"@type":"ListItem","@id":"https:\/\/www.eldigitaldeasturias.com\/noticias\/category\/actualidad\/#listItem","name":"Actualidad"}},{"@type":"ListItem","@id":"https:\/\/www.eldigitaldeasturias.com\/noticias\/category\/actualidad\/#listItem","position":2,"name":"Actualidad","item":"https:\/\/www.eldigitaldeasturias.com\/noticias\/category\/actualidad\/","nextItem":{"@type":"ListItem","@id":"https:\/\/www.eldigitaldeasturias.com\/noticias\/ciclo-de-organo-comarca-del-matarrana-en-fuentespalda\/#listItem","name":"Ciclo de \u00d3rgano Comarca del Matarra\u00f1a en Fuentespalda"},"previousItem":{"@type":"ListItem","@id":"https:\/\/www.eldigitaldeasturias.com\/noticias#listItem","name":"Home"}},{"@type":"ListItem","@id":"https:\/\/www.eldigitaldeasturias.com\/noticias\/ciclo-de-organo-comarca-del-matarrana-en-fuentespalda\/#listItem","position":3,"name":"Ciclo de \u00d3rgano Comarca del Matarra\u00f1a en Fuentespalda","previousItem":{"@type":"ListItem","@id":"https:\/\/www.eldigitaldeasturias.com\/noticias\/category\/actualidad\/#listItem","name":"Actualidad"}}]},{"@type":"Organization","@id":"https:\/\/www.eldigitaldeasturias.com\/noticias\/#organization","name":"El Digital de Asturias","description":"Hemeroteca","url":"https:\/\/www.eldigitaldeasturias.com\/noticias\/","email":"info@eldigitaldeasturias.com","telephone":"+34652131393","logo":{"@type":"ImageObject","url":"https:\/\/www.eldigitaldeasturias.com\/noticias\/wp-content\/uploads\/2020\/12\/EDA.jpg","@id":"https:\/\/www.eldigitaldeasturias.com\/noticias\/ciclo-de-organo-comarca-del-matarrana-en-fuentespalda\/#organizationLogo"},"image":{"@id":"https:\/\/www.eldigitaldeasturias.com\/noticias\/ciclo-de-organo-comarca-del-matarrana-en-fuentespalda\/#organizationLogo"},"sameAs":["https:\/\/facebook.com\/eldigitaldeasturias","https:\/\/www.youtube.com\/channel\/UCZP-2wLEB9Rv6erhFmqVnvg"],"address":{"@id":"https:\/\/www.eldigitaldeasturias.com\/noticias\/#postaladdress","@type":"PostalAddress","streetAddress":"san antonio 4","postalCode":"33430","addressLocality":"Cand\u00e1s","addressRegion":"Asturias","addressCountry":"ES"}},{"@type":"Person","@id":"https:\/\/www.eldigitaldeasturias.com\/noticias\/author\/admin\/#author","url":"https:\/\/www.eldigitaldeasturias.com\/noticias\/author\/admin\/","name":"El Digital de Asturias","image":{"@type":"ImageObject","@id":"https:\/\/www.eldigitaldeasturias.com\/noticias\/ciclo-de-organo-comarca-del-matarrana-en-fuentespalda\/#authorImage","url":"https:\/\/secure.gravatar.com\/avatar\/df2aeffc32bcd13f8d26072ef8a91b623d677766deac7f97ca815868cd41bf5e?s=96&d=mm&r=g","width":96,"height":96,"caption":"El Digital de Asturias"}},{"@type":"WebPage","@id":"https:\/\/www.eldigitaldeasturias.com\/noticias\/ciclo-de-organo-comarca-del-matarrana-en-fuentespalda\/#webpage","url":"https:\/\/www.eldigitaldeasturias.com\/noticias\/ciclo-de-organo-comarca-del-matarrana-en-fuentespalda\/","name":"Ciclo de \u00d3rgano Comarca del Matarra\u00f1a en Fuentespalda - El Digital de Asturias","description":"Fuentespalda celebra este domingo a las 19:30 el primer concierto del \u2018Ciclo de \u00d3rgano Comarca del Matarra\u00f1a\u2019, una cita dirigida por Margarita Celma, que pretende promocionar, difundir y fomentar los dos \u00fanicos \u00f3rganos que existen en la comarca. La consejera de Educaci\u00f3n, Cultura y Deporte, Mayte P\u00e9rez, asiste a este primer concierto, al que seguir\u00e1","inLanguage":"es-ES","isPartOf":{"@id":"https:\/\/www.eldigitaldeasturias.com\/noticias\/#website"},"breadcrumb":{"@id":"https:\/\/www.eldigitaldeasturias.com\/noticias\/ciclo-de-organo-comarca-del-matarrana-en-fuentespalda\/#breadcrumblist"},"author":{"@id":"https:\/\/www.eldigitaldeasturias.com\/noticias\/author\/admin\/#author"},"creator":{"@id":"https:\/\/www.eldigitaldeasturias.com\/noticias\/author\/admin\/#author"},"image":{"@type":"ImageObject","url":948051,"@id":"https:\/\/www.eldigitaldeasturias.com\/noticias\/ciclo-de-organo-comarca-del-matarrana-en-fuentespalda\/#mainImage"},"primaryImageOfPage":{"@id":"https:\/\/www.eldigitaldeasturias.com\/noticias\/ciclo-de-organo-comarca-del-matarrana-en-fuentespalda\/#mainImage"},"datePublished":"2017-07-30T11:44:01+02:00","dateModified":"2017-07-30T11:44:01+02:00"},{"@type":"WebSite","@id":"https:\/\/www.eldigitaldeasturias.com\/noticias\/#website","url":"https:\/\/www.eldigitaldeasturias.com\/noticias\/","name":"El Digital de Asturias - Diario de actualidad y noticias","alternateName":"El Digital de Asturias - Diario de actualidad y noticias","description":"Hemeroteca","inLanguage":"es-ES","publisher":{"@id":"https:\/\/www.eldigitaldeasturias.com\/noticias\/#organization"}}]},"og:locale":"es_ES","og:site_name":"El Digital de Asturias","og:type":"article","og:title":"Ciclo de \u00d3rgano Comarca del Matarra\u00f1a en Fuentespalda - El Digital de Asturias","og:description":"Fuentespalda celebra este domingo a las 19:30 el primer concierto del \u2018Ciclo de \u00d3rgano Comarca del Matarra\u00f1a\u2019, una cita dirigida por Margarita Celma, que pretende promocionar, difundir y fomentar los dos \u00fanicos \u00f3rganos que existen en la comarca. La consejera de Educaci\u00f3n, Cultura y Deporte, Mayte P\u00e9rez, asiste a este primer concierto, al que seguir\u00e1","og:url":"https:\/\/www.eldigitaldeasturias.com\/noticias\/ciclo-de-organo-comarca-del-matarrana-en-fuentespalda\/","article:tag":["actualidad"],"article:published_time":"2017-07-30T11:44:01+00:00","article:modified_time":"2017-07-30T11:44:01+00:00","article:publisher":"https:\/\/facebook.com\/eldigitaldeasturias","twitter:card":"summary_large_image","twitter:title":"Ciclo de \u00d3rgano Comarca del Matarra\u00f1a en Fuentespalda - El Digital de Asturias","twitter:description":"Fuentespalda celebra este domingo a las 19:30 el primer concierto del \u2018Ciclo de \u00d3rgano Comarca del Matarra\u00f1a\u2019, una cita dirigida por Margarita Celma, que pretende promocionar, difundir y fomentar los dos \u00fanicos \u00f3rganos que existen en la comarca. La consejera de Educaci\u00f3n, Cultura y Deporte, Mayte P\u00e9rez, asiste a este primer concierto, al que seguir\u00e1","twitter:image":"https:\/\/www.eldigitaldeasturias.com\/noticias\/wp-content\/uploads\/2020\/12\/EDA-1.jpg","twitter:label1":"Escrito por","twitter:data1":"El Digital de Asturias","twitter:label2":"Tiempo de lectura estimado","twitter:data2":"2 minutos"},"aioseo_meta_data":{"post_id":"948050","title":null,"description":null,"keywords":null,"keyphrases":null,"primary_term":null,"canonical_url":null,"og_title":null,"og_description":null,"og_object_type":"default","og_image_type":"default","og_image_url":null,"og_image_width":null,"og_image_height":null,"og_image_custom_url":null,"og_image_custom_fields":null,"og_video":null,"og_custom_url":null,"og_article_section":null,"og_article_tags":null,"twitter_use_og":false,"twitter_card":"default","twitter_image_type":"default","twitter_image_url":null,"twitter_image_custom_url":null,"twitter_image_custom_fields":null,"twitter_title":null,"twitter_description":null,"schema":{"blockGraphs":[],"customGraphs":[],"default":{"data":{"Article":[],"Course":[],"Dataset":[],"FAQPage":[],"Movie":[],"Person":[],"Product":[],"ProductReview":[],"Car":[],"Recipe":[],"Service":[],"SoftwareApplication":[],"WebPage":[]},"graphName":"","isEnabled":true},"graphs":[],"defaultGraph":"","defaultPostTypeGraph":""},"schema_type":null,"schema_type_options":null,"pillar_content":false,"robots_default":true,"robots_noindex":false,"robots_noarchive":false,"robots_nosnippet":false,"robots_nofollow":false,"robots_noimageindex":false,"robots_noodp":false,"robots_notranslate":false,"robots_max_snippet":null,"robots_max_videopreview":null,"robots_max_imagepreview":"large","priority":null,"frequency":null,"local_seo":null,"seo_analyzer_scan_date":"2025-12-05 07:18:07","breadcrumb_settings":null,"limit_modified_date":false,"open_ai":null,"ai":null,"created":"2020-12-21 13:05:44","updated":"2025-12-05 07:18:07","focus_keyword":null,"additional_keywords":null,"truseo_locale":null},"aioseo_breadcrumb":"<div class=\"aioseo-breadcrumbs\"><span class=\"aioseo-breadcrumb\">\n\t<a href=\"https:\/\/www.eldigitaldeasturias.com\/noticias\" title=\"Home\">Home<\/a>\n<\/span><span class=\"aioseo-breadcrumb-separator\">\u2013<\/span><span class=\"aioseo-breadcrumb\">\n\t<a href=\"https:\/\/www.eldigitaldeasturias.com\/noticias\/category\/actualidad\/\" title=\"Actualidad\">Actualidad<\/a>\n<\/span><span class=\"aioseo-breadcrumb-separator\">\u2013<\/span><span class=\"aioseo-breadcrumb\">\n\t<a href=\"https:\/\/www.eldigitaldeasturias.com\/noticias\/ciclo-de-organo-comarca-del-matarrana-en-fuentespalda\/\" title=\"Ciclo de \u00d3rgano Comarca del Matarra\u00f1a en Fuentespalda\">Ciclo de \u00d3rgano Comarca del Matarra\u00f1a en Fuentespalda<\/a>\n<\/span><\/div>","aioseo_breadcrumb_json":[{"label":"Home","link":"https:\/\/www.eldigitaldeasturias.com\/noticias"},{"label":"Actualidad","link":"https:\/\/www.eldigitaldeasturias.com\/noticias\/category\/actualidad\/"},{"label":"Ciclo de \u00d3rgano Comarca del Matarra\u00f1a en Fuentespalda","link":"https:\/\/www.eldigitaldeasturias.com\/noticias\/ciclo-de-organo-comarca-del-matarrana-en-fuentespalda\/"}],"_links":{"self":[{"href":"https:\/\/www.eldigitaldeasturias.com\/noticias\/wp-json\/wp\/v2\/posts\/948050","targetHints":{"allow":["GET"]}}],"collection":[{"href":"https:\/\/www.eldigitaldeasturias.com\/noticias\/wp-json\/wp\/v2\/posts"}],"about":[{"href":"https:\/\/www.eldigitaldeasturias.com\/noticias\/wp-json\/wp\/v2\/types\/post"}],"author":[{"embeddable":true,"href":"https:\/\/www.eldigitaldeasturias.com\/noticias\/wp-json\/wp\/v2\/users\/1"}],"replies":[{"embeddable":true,"href":"https:\/\/www.eldigitaldeasturias.com\/noticias\/wp-json\/wp\/v2\/comments?post=948050"}],"version-history":[{"count":0,"href":"https:\/\/www.eldigitaldeasturias.com\/noticias\/wp-json\/wp\/v2\/posts\/948050\/revisions"}],"wp:attachment":[{"href":"https:\/\/www.eldigitaldeasturias.com\/noticias\/wp-json\/wp\/v2\/media?parent=948050"}],"wp:term":[{"taxonomy":"category","embeddable":true,"href":"https:\/\/www.eldigitaldeasturias.com\/noticias\/wp-json\/wp\/v2\/categories?post=948050"},{"taxonomy":"post_tag","embeddable":true,"href":"https:\/\/www.eldigitaldeasturias.com\/noticias\/wp-json\/wp\/v2\/tags?post=948050"}],"curies":[{"name":"wp","href":"https:\/\/api.w.org\/{rel}","templated":true}]}}