{"id":948022,"date":"2017-07-29T19:08:02","date_gmt":"2017-07-29T19:08:02","guid":{"rendered":"http:\/\/www.eldigitaldeasturias.com\/noticias\/?p=948022"},"modified":"2017-07-29T19:08:02","modified_gmt":"2017-07-29T19:08:02","slug":"el-gobierno-de-aragon-promovera-el-desarrollo-industrial-conjunto-de-las-comarcas-mineras","status":"publish","type":"post","link":"https:\/\/www.eldigitaldeasturias.com\/noticias\/el-gobierno-de-aragon-promovera-el-desarrollo-industrial-conjunto-de-las-comarcas-mineras\/","title":{"rendered":"El Gobierno de Arag\u00f3n promover\u00e1 el desarrollo industrial conjunto de las comarcas mineras"},"content":{"rendered":"<p><img loading=\"lazy\" decoding=\"async\" class=\"alignleft size-medium wp-image-948023\" src=\"https:\/\/www.eldigitaldeasturias.com\/noticias\/wp-content\/uploads\/2017\/07\/imagenes_20170510_180732-360x159.jpg\" alt=\"\" width=\"360\" height=\"159\" \/>La mayor\u00eda de las poblaciones mineras aragonesas disponen de suelo industrial competitivo en pol\u00edgonos acondicionados con todos los servicios. El desarrollo de una estrategia conjunta para la b\u00fasqueda de empresas que beneficie a todo el territorio es una de los planteamientos generales que han surgido de la ronda de visitas a municipios mineros desarrollada durante los \u00faltimos meses por el Gobierno de Arag\u00f3n.<\/p>\n<p>Estas visitas, en la que se han recorrido 15 municipios turolenses y 1 zaragozano desde principios de marzo hasta esta misma semana, responden al compromiso que adquiri\u00f3 en febrero la consejera de Econom\u00eda, Industria y Empleo, Marta Gast\u00f3n, ante la Mesa de La Miner\u00eda y que a finales de ese mismo mes hizo propio el presidente del Gobierno de Arag\u00f3n, Javier Lamb\u00e1n, ante el Parlamento auton\u00f3mico.<\/p>\n<p>Como anunci\u00f3 entonces el presidente Lamb\u00e1n, una delegaci\u00f3n del Ejecutivo integrada por el director general de Energ\u00eda y Minas, Alfonso G\u00f3mez, el director gerente de la empresa p\u00fablica Arag\u00f3n Exterior (Arex), Javier Andr\u00e9s \u2013ambos del departamento de Econom\u00eda- y el delegado territorial en Teruel, Antonio Arrufat, ha recorrido municipio a municipio y se ha entrevistado con todos los alcaldes y a menudo tambi\u00e9n con agentes sociales para conocer de primera mano la situaci\u00f3n y las potencialidades de cada poblaci\u00f3n de cara a buscar alternativas ante el declive del carb\u00f3n.<\/p>\n<p>Desde el 9 de marzo hasta el 25 de julio se han visitado Albalate del Arzobispo, Alcorisa, Alloza, Andorra, Ari\u00f1o, Calanda, Ca\u00f1izar del Olivar, Castellote, Escucha, Estercuel, Foz Calanda, Gargallo, Montalb\u00e1n, Palomar de Arroyos y Utrilllas en Teruel -en esta \u00faltima localidad incluida la sede de la Comarca de Cuencas Mineras- y finalmente Mequinenza, en la provincia de Zaragoza.<\/p>\n<p>En este proceso se ha comprobado entre otras cosas que los principales sectores de actividad actual son el industrial y el de servicios, siendo la agricultura y ganader\u00eda minoritarios, y que existe disponibilidad de suelo industrial en la mayor\u00eda de las poblaciones a precios muy competitivos, con pol\u00edgonos acondicionados y en la mayor\u00eda con todos los servicios disponibles.<\/p>\n<p>En este sentido, el planteamiento que ha surgido es dar un giro a la din\u00e1mica anterior, en la que los ayuntamientos impulsaban generalmente sus propios pol\u00edgonos por su propia cuenta, para dise\u00f1ar a partir de ahora una estrategia conjunta de b\u00fasqueda de empresas que beneficien a todo el territorio uniendo esfuerzos para su implantaci\u00f3n y destinando las diferentes l\u00edneas de ayuda a proyectos concretos y viables.<\/p>\n<p>El industrial constituye uno de los principales sectores para trabajar a futuro, en diferentes vertientes:<\/p>\n<p>-El ligado a la metalurgia y fabricaci\u00f3n de piezas industriales, ya que es una actividad con fuerte arraigo en la zona y con el valor a\u00f1adido de la experiencia acumulada.<\/p>\n<p>-El ligado a la fabricaci\u00f3n de embalajes, cartonajes y pl\u00e1sticos, principalmente en el entorno de Andorra para las empresas instaladas actualmente buscando sinergias con las mismas, y tambi\u00e9n en Mequinenza de cara a la producci\u00f3n hortofrut\u00edcola en auge en esa y otras zonas.<\/p>\n<p>-El ligado al reciclaje en el entorno de Albalate, donde ya hay implantadas empresas de este subsector.<\/p>\n<p>Adem\u00e1s de la industria se prev\u00e9 seguir trabajando en otros vectores de desarrollo, empezando por el aprovechamiento de otros recursos end\u00f3genos aparte del carb\u00f3n, como la extracci\u00f3n de arcillas y yesos, as\u00ed como empresas transformadoras de las mismas. O tambi\u00e9n la explotaci\u00f3n del propio carb\u00f3n para otros usos al margen del energ\u00e9tico, principalmente como sustrato agr\u00edcola.<\/p>\n<p>Tambi\u00e9n tienen muchas posibilidades de expansi\u00f3n las energ\u00edas renovables gracias al fuerte impulso dado al sector en esta legislatura. En este campo, entre otras medidas para contribuir al reequilibrio territorial, el Gobierno de Arag\u00f3n decidi\u00f3 en febrero declarar como Inversiones de Inter\u00e9s Auton\u00f3mico -adem\u00e1s de los proyectos adjudicados en subastas estatales que tramite la Comunidad-, espec\u00edficamente los que se instalen en comarcas mineras, una medida que para los inversores cuenta con el atractivo de acortar a la mitad todos los tr\u00e1mites administrativos de la Comunidad Aut\u00f3noma. Adem\u00e1s de la energ\u00eda e\u00f3lica, en clara expansi\u00f3n e Arag\u00f3n, tambi\u00e9n hay gran potencial de desarrollo con la fotovoltaica.<\/p>\n<p>El turismo es otro de los sectores econ\u00f3micos que pueden crecer en las comarcas mineras, con proyectos tanto ligados al paisaje y la naturaleza como en Castellote o Ca\u00f1izar del Olivar, como los vinculados al patrimonio minero como en Escucha o Utrillas, o los asociados al aprovechamiento del agua como en Mequinenza.<\/p>\n<p>La progresiva reducci\u00f3n de la actividad extractiva del carb\u00f3n durante las \u00faltimas d\u00e9cadas ha hecho que actualmente s\u00f3lo sigan en activo explotaciones a cielo abierto en la provincia de Teruel. El impacto se ha amortiguado parcialmente a trav\u00e9s del Fondo de Inversiones de Teruel (FITE) y las ayudas del Plan Miner.<\/p>\n<p>La captaci\u00f3n de inversiones alternativas a la miner\u00eda del carb\u00f3n es una misi\u00f3n complicada, como demuestra el hecho de que en tres d\u00e9cadas apenas se hayan consolidado algunos proyectos, con Casting Ros como principal exponente. En este sentido, se esperaba que el trabajo iniciado en esta legislatura empezara a dar frutos a medio plazo.<\/p>\n<p>Sin embargo, el trabajo permanente para el impulso econ\u00f3mico de las comarcas mineras ya ha cristalizado en algunos proyectos que se han puesto o se han empezado a poner en marcha durante este tiempo. Uno de los principales es la planta de transformaci\u00f3n de residuos de alabastro, particularmente de yeso, que Toro Gips \u2013empresa de un grupo de inversores internacionales- ha anunciado p\u00fablicamente que empezar\u00e1 a funcionar en Albalate del Arzobispo en 2018 con una inversi\u00f3n en torno a 11 millones de euros y la creaci\u00f3n inicialmente de 30 puestos de trabajo.<\/p>\n<p>Tambi\u00e9n destaca la implantaci\u00f3n en curso en el pol\u00edgono industrial de Fuensalada, el m\u00e1s moderno de Calanda, de la empresa Sebase Technologies, especializada en pantallas de cristal l\u00edquido y otros dispositivos o servicios de apoyo a las Tecnolog\u00edas de la Informaci\u00f3n y Comunicaci\u00f3n (TIC) y con aplicaci\u00f3n tambi\u00e9n en arquitectura. En este caso la inversi\u00f3n ronda los 4 millones de euros y se prev\u00e9n crear 15 puestos de trabajo e iniciar la actividad a finales de a\u00f1o.<\/p>\n<p>Aparte hay otros proyectos de captaci\u00f3n de empresas en los que el Gobierno de Arag\u00f3n trabaja con una obligada discreci\u00f3n. Cada uno de los municipios recorridos en estos meses tiene una situaci\u00f3n concreta diferenciada, con distintas potencialidades y condicionantes, y en muchos hay proyectos en desarrollo en los que el Gobierno de Arag\u00f3n piensa trabajar a partir de ahora de manera conjunta.<\/p>\n<p>&nbsp;<\/p>\n","protected":false},"excerpt":{"rendered":"<p>La mayor\u00eda de las poblaciones mineras aragonesas disponen de suelo industrial competitivo en pol\u00edgonos acondicionados con todos los servicios. El desarrollo de una estrategia conjunta para la b\u00fasqueda de empresas que beneficie a todo el territorio es una de los planteamientos generales que han surgido de la ronda de visitas a municipios mineros desarrollada durante [&hellip;]<\/p>\n","protected":false},"author":1,"featured_media":948023,"comment_status":"closed","ping_status":"closed","sticky":false,"template":"","format":"standard","meta":{"footnotes":""},"categories":[1],"tags":[],"class_list":["post-948022","post","type-post","status-publish","format-standard","has-post-thumbnail","hentry","category-actualidad"],"aioseo_notices":[],"aioseo_head":"\n\t\t<!-- All in One SEO Pro 5.0.1 - aioseo.com -->\n\t<meta name=\"description\" content=\"La mayor\u00eda de las poblaciones mineras aragonesas disponen de suelo industrial competitivo en pol\u00edgonos acondicionados con todos los servicios. El desarrollo de una estrategia conjunta para la b\u00fasqueda de empresas que beneficie a todo el territorio es una de los planteamientos generales que han surgido de la ronda de visitas a municipios mineros desarrollada durante\" \/>\n\t<meta name=\"robots\" content=\"max-image-preview:large\" \/>\n\t<meta name=\"author\" content=\"El Digital de Asturias\"\/>\n\t<meta name=\"google-site-verification\" content=\"UA-38556648-1\" \/>\n\t<meta name=\"msvalidate.01\" content=\"7dfe9f3f1b24437ab69f4f2559babe99\" \/>\n\t<meta name=\"keywords\" content=\"actualidad\" \/>\n\t<link rel=\"canonical\" href=\"https:\/\/www.eldigitaldeasturias.com\/noticias\/el-gobierno-de-aragon-promovera-el-desarrollo-industrial-conjunto-de-las-comarcas-mineras\/\" \/>\n\t<meta name=\"generator\" content=\"All in One SEO Pro (AIOSEO) 5.0.1\" \/>\n\t\t<meta property=\"og:locale\" content=\"es_ES\" \/>\n\t\t<meta property=\"og:site_name\" content=\"El Digital de Asturias\" \/>\n\t\t<meta property=\"og:type\" content=\"article\" \/>\n\t\t<meta property=\"og:title\" content=\"El Gobierno de Arag\u00f3n promover\u00e1 el desarrollo industrial conjunto de las comarcas mineras - El Digital de Asturias\" \/>\n\t\t<meta property=\"og:description\" content=\"La mayor\u00eda de las poblaciones mineras aragonesas disponen de suelo industrial competitivo en pol\u00edgonos acondicionados con todos los servicios. El desarrollo de una estrategia conjunta para la b\u00fasqueda de empresas que beneficie a todo el territorio es una de los planteamientos generales que han surgido de la ronda de visitas a municipios mineros desarrollada durante\" \/>\n\t\t<meta property=\"og:url\" content=\"https:\/\/www.eldigitaldeasturias.com\/noticias\/el-gobierno-de-aragon-promovera-el-desarrollo-industrial-conjunto-de-las-comarcas-mineras\/\" \/>\n\t\t<meta property=\"article:tag\" content=\"actualidad\" \/>\n\t\t<meta property=\"article:published_time\" content=\"2017-07-29T19:08:02+00:00\" \/>\n\t\t<meta property=\"article:modified_time\" content=\"2017-07-29T19:08:02+00:00\" \/>\n\t\t<meta property=\"article:publisher\" content=\"https:\/\/facebook.com\/eldigitaldeasturias\" \/>\n\t\t<meta name=\"twitter:card\" content=\"summary_large_image\" \/>\n\t\t<meta name=\"twitter:title\" content=\"El Gobierno de Arag\u00f3n promover\u00e1 el desarrollo industrial conjunto de las comarcas mineras - El Digital de Asturias\" \/>\n\t\t<meta name=\"twitter:description\" content=\"La mayor\u00eda de las poblaciones mineras aragonesas disponen de suelo industrial competitivo en pol\u00edgonos acondicionados con todos los servicios. El desarrollo de una estrategia conjunta para la b\u00fasqueda de empresas que beneficie a todo el territorio es una de los planteamientos generales que han surgido de la ronda de visitas a municipios mineros desarrollada durante\" \/>\n\t\t<meta name=\"twitter:image\" content=\"https:\/\/www.eldigitaldeasturias.com\/noticias\/wp-content\/uploads\/2020\/12\/EDA-1.jpg\" \/>\n\t\t<meta name=\"twitter:label1\" content=\"Escrito por\" \/>\n\t\t<meta name=\"twitter:data1\" content=\"El Digital de Asturias\" \/>\n\t\t<meta name=\"twitter:label2\" content=\"Tiempo de lectura estimado\" \/>\n\t\t<meta name=\"twitter:data2\" content=\"6 minutos\" \/>\n\t\t<script type=\"application\/ld+json\" class=\"aioseo-schema\">\n\t\t\t{\"@context\":\"https:\\\/\\\/schema.org\",\"@graph\":[{\"@type\":\"BlogPosting\",\"@id\":\"https:\\\/\\\/www.eldigitaldeasturias.com\\\/noticias\\\/el-gobierno-de-aragon-promovera-el-desarrollo-industrial-conjunto-de-las-comarcas-mineras\\\/#blogposting\",\"name\":\"El Gobierno de Arag\\u00f3n promover\\u00e1 el desarrollo industrial conjunto de las comarcas mineras - El Digital de Asturias\",\"headline\":\"El Gobierno de Arag\\u00f3n promover\\u00e1 el desarrollo industrial conjunto de las comarcas mineras\",\"author\":{\"@id\":\"https:\\\/\\\/www.eldigitaldeasturias.com\\\/noticias\\\/author\\\/admin\\\/#author\"},\"publisher\":{\"@id\":\"https:\\\/\\\/www.eldigitaldeasturias.com\\\/noticias\\\/#organization\"},\"image\":{\"@type\":\"ImageObject\",\"url\":948023},\"datePublished\":\"2017-07-29T19:08:02+02:00\",\"dateModified\":\"2017-07-29T19:08:02+02:00\",\"inLanguage\":\"es-ES\",\"mainEntityOfPage\":{\"@id\":\"https:\\\/\\\/www.eldigitaldeasturias.com\\\/noticias\\\/el-gobierno-de-aragon-promovera-el-desarrollo-industrial-conjunto-de-las-comarcas-mineras\\\/#webpage\"},\"isPartOf\":{\"@id\":\"https:\\\/\\\/www.eldigitaldeasturias.com\\\/noticias\\\/el-gobierno-de-aragon-promovera-el-desarrollo-industrial-conjunto-de-las-comarcas-mineras\\\/#webpage\"},\"articleSection\":\"Actualidad\"},{\"@type\":\"BreadcrumbList\",\"@id\":\"https:\\\/\\\/www.eldigitaldeasturias.com\\\/noticias\\\/el-gobierno-de-aragon-promovera-el-desarrollo-industrial-conjunto-de-las-comarcas-mineras\\\/#breadcrumblist\",\"itemListElement\":[{\"@type\":\"ListItem\",\"@id\":\"https:\\\/\\\/www.eldigitaldeasturias.com\\\/noticias#listItem\",\"position\":1,\"name\":\"Home\",\"item\":\"https:\\\/\\\/www.eldigitaldeasturias.com\\\/noticias\",\"nextItem\":{\"@type\":\"ListItem\",\"@id\":\"https:\\\/\\\/www.eldigitaldeasturias.com\\\/noticias\\\/category\\\/actualidad\\\/#listItem\",\"name\":\"Actualidad\"}},{\"@type\":\"ListItem\",\"@id\":\"https:\\\/\\\/www.eldigitaldeasturias.com\\\/noticias\\\/category\\\/actualidad\\\/#listItem\",\"position\":2,\"name\":\"Actualidad\",\"item\":\"https:\\\/\\\/www.eldigitaldeasturias.com\\\/noticias\\\/category\\\/actualidad\\\/\",\"nextItem\":{\"@type\":\"ListItem\",\"@id\":\"https:\\\/\\\/www.eldigitaldeasturias.com\\\/noticias\\\/el-gobierno-de-aragon-promovera-el-desarrollo-industrial-conjunto-de-las-comarcas-mineras\\\/#listItem\",\"name\":\"El Gobierno de Arag\\u00f3n promover\\u00e1 el desarrollo industrial conjunto de las comarcas mineras\"},\"previousItem\":{\"@type\":\"ListItem\",\"@id\":\"https:\\\/\\\/www.eldigitaldeasturias.com\\\/noticias#listItem\",\"name\":\"Home\"}},{\"@type\":\"ListItem\",\"@id\":\"https:\\\/\\\/www.eldigitaldeasturias.com\\\/noticias\\\/el-gobierno-de-aragon-promovera-el-desarrollo-industrial-conjunto-de-las-comarcas-mineras\\\/#listItem\",\"position\":3,\"name\":\"El Gobierno de Arag\\u00f3n promover\\u00e1 el desarrollo industrial conjunto de las comarcas mineras\",\"previousItem\":{\"@type\":\"ListItem\",\"@id\":\"https:\\\/\\\/www.eldigitaldeasturias.com\\\/noticias\\\/category\\\/actualidad\\\/#listItem\",\"name\":\"Actualidad\"}}]},{\"@type\":\"Organization\",\"@id\":\"https:\\\/\\\/www.eldigitaldeasturias.com\\\/noticias\\\/#organization\",\"name\":\"El Digital de Asturias\",\"description\":\"Hemeroteca\",\"url\":\"https:\\\/\\\/www.eldigitaldeasturias.com\\\/noticias\\\/\",\"email\":\"info@eldigitaldeasturias.com\",\"telephone\":\"+34652131393\",\"logo\":{\"@type\":\"ImageObject\",\"url\":\"https:\\\/\\\/www.eldigitaldeasturias.com\\\/noticias\\\/wp-content\\\/uploads\\\/2020\\\/12\\\/EDA.jpg\",\"@id\":\"https:\\\/\\\/www.eldigitaldeasturias.com\\\/noticias\\\/el-gobierno-de-aragon-promovera-el-desarrollo-industrial-conjunto-de-las-comarcas-mineras\\\/#organizationLogo\"},\"image\":{\"@id\":\"https:\\\/\\\/www.eldigitaldeasturias.com\\\/noticias\\\/el-gobierno-de-aragon-promovera-el-desarrollo-industrial-conjunto-de-las-comarcas-mineras\\\/#organizationLogo\"},\"sameAs\":[\"https:\\\/\\\/facebook.com\\\/eldigitaldeasturias\",\"https:\\\/\\\/www.youtube.com\\\/channel\\\/UCZP-2wLEB9Rv6erhFmqVnvg\"],\"address\":{\"@id\":\"https:\\\/\\\/www.eldigitaldeasturias.com\\\/noticias\\\/#postaladdress\",\"@type\":\"PostalAddress\",\"streetAddress\":\"san antonio 4\",\"postalCode\":\"33430\",\"addressLocality\":\"Cand\\u00e1s\",\"addressRegion\":\"Asturias\",\"addressCountry\":\"ES\"}},{\"@type\":\"Person\",\"@id\":\"https:\\\/\\\/www.eldigitaldeasturias.com\\\/noticias\\\/author\\\/admin\\\/#author\",\"url\":\"https:\\\/\\\/www.eldigitaldeasturias.com\\\/noticias\\\/author\\\/admin\\\/\",\"name\":\"El Digital de Asturias\",\"image\":{\"@type\":\"ImageObject\",\"@id\":\"https:\\\/\\\/www.eldigitaldeasturias.com\\\/noticias\\\/el-gobierno-de-aragon-promovera-el-desarrollo-industrial-conjunto-de-las-comarcas-mineras\\\/#authorImage\",\"url\":\"https:\\\/\\\/secure.gravatar.com\\\/avatar\\\/df2aeffc32bcd13f8d26072ef8a91b623d677766deac7f97ca815868cd41bf5e?s=96&d=mm&r=g\",\"width\":96,\"height\":96,\"caption\":\"El Digital de Asturias\"}},{\"@type\":\"WebPage\",\"@id\":\"https:\\\/\\\/www.eldigitaldeasturias.com\\\/noticias\\\/el-gobierno-de-aragon-promovera-el-desarrollo-industrial-conjunto-de-las-comarcas-mineras\\\/#webpage\",\"url\":\"https:\\\/\\\/www.eldigitaldeasturias.com\\\/noticias\\\/el-gobierno-de-aragon-promovera-el-desarrollo-industrial-conjunto-de-las-comarcas-mineras\\\/\",\"name\":\"El Gobierno de Arag\\u00f3n promover\\u00e1 el desarrollo industrial conjunto de las comarcas mineras - El Digital de Asturias\",\"description\":\"La mayor\\u00eda de las poblaciones mineras aragonesas disponen de suelo industrial competitivo en pol\\u00edgonos acondicionados con todos los servicios. El desarrollo de una estrategia conjunta para la b\\u00fasqueda de empresas que beneficie a todo el territorio es una de los planteamientos generales que han surgido de la ronda de visitas a municipios mineros desarrollada durante\",\"inLanguage\":\"es-ES\",\"isPartOf\":{\"@id\":\"https:\\\/\\\/www.eldigitaldeasturias.com\\\/noticias\\\/#website\"},\"breadcrumb\":{\"@id\":\"https:\\\/\\\/www.eldigitaldeasturias.com\\\/noticias\\\/el-gobierno-de-aragon-promovera-el-desarrollo-industrial-conjunto-de-las-comarcas-mineras\\\/#breadcrumblist\"},\"author\":{\"@id\":\"https:\\\/\\\/www.eldigitaldeasturias.com\\\/noticias\\\/author\\\/admin\\\/#author\"},\"creator\":{\"@id\":\"https:\\\/\\\/www.eldigitaldeasturias.com\\\/noticias\\\/author\\\/admin\\\/#author\"},\"image\":{\"@type\":\"ImageObject\",\"url\":948023,\"@id\":\"https:\\\/\\\/www.eldigitaldeasturias.com\\\/noticias\\\/el-gobierno-de-aragon-promovera-el-desarrollo-industrial-conjunto-de-las-comarcas-mineras\\\/#mainImage\"},\"primaryImageOfPage\":{\"@id\":\"https:\\\/\\\/www.eldigitaldeasturias.com\\\/noticias\\\/el-gobierno-de-aragon-promovera-el-desarrollo-industrial-conjunto-de-las-comarcas-mineras\\\/#mainImage\"},\"datePublished\":\"2017-07-29T19:08:02+02:00\",\"dateModified\":\"2017-07-29T19:08:02+02:00\"},{\"@type\":\"WebSite\",\"@id\":\"https:\\\/\\\/www.eldigitaldeasturias.com\\\/noticias\\\/#website\",\"url\":\"https:\\\/\\\/www.eldigitaldeasturias.com\\\/noticias\\\/\",\"name\":\"El Digital de Asturias - Diario de actualidad y noticias\",\"alternateName\":\"El Digital de Asturias - Diario de actualidad y noticias\",\"description\":\"Hemeroteca\",\"inLanguage\":\"es-ES\",\"publisher\":{\"@id\":\"https:\\\/\\\/www.eldigitaldeasturias.com\\\/noticias\\\/#organization\"}}]}\n\t\t<\/script>\n\t\t<!-- All in One SEO Pro -->\r\n\t\t<title>El Gobierno de Arag\u00f3n promover\u00e1 el desarrollo industrial conjunto de las comarcas mineras - El Digital de Asturias<\/title>\n\n","aioseo_head_json":{"title":"El Gobierno de Arag\u00f3n promover\u00e1 el desarrollo industrial conjunto de las comarcas mineras - El Digital de Asturias","description":"La mayor\u00eda de las poblaciones mineras aragonesas disponen de suelo industrial competitivo en pol\u00edgonos acondicionados con todos los servicios. El desarrollo de una estrategia conjunta para la b\u00fasqueda de empresas que beneficie a todo el territorio es una de los planteamientos generales que han surgido de la ronda de visitas a municipios mineros desarrollada durante","canonical_url":"https:\/\/www.eldigitaldeasturias.com\/noticias\/el-gobierno-de-aragon-promovera-el-desarrollo-industrial-conjunto-de-las-comarcas-mineras\/","robots":"max-image-preview:large","keywords":"actualidad","webmasterTools":{"google-site-verification":"UA-38556648-1","msvalidate.01":"7dfe9f3f1b24437ab69f4f2559babe99","miscellaneous":""},"schema":{"@context":"https:\/\/schema.org","@graph":[{"@type":"BlogPosting","@id":"https:\/\/www.eldigitaldeasturias.com\/noticias\/el-gobierno-de-aragon-promovera-el-desarrollo-industrial-conjunto-de-las-comarcas-mineras\/#blogposting","name":"El Gobierno de Arag\u00f3n promover\u00e1 el desarrollo industrial conjunto de las comarcas mineras - El Digital de Asturias","headline":"El Gobierno de Arag\u00f3n promover\u00e1 el desarrollo industrial conjunto de las comarcas mineras","author":{"@id":"https:\/\/www.eldigitaldeasturias.com\/noticias\/author\/admin\/#author"},"publisher":{"@id":"https:\/\/www.eldigitaldeasturias.com\/noticias\/#organization"},"image":{"@type":"ImageObject","url":948023},"datePublished":"2017-07-29T19:08:02+02:00","dateModified":"2017-07-29T19:08:02+02:00","inLanguage":"es-ES","mainEntityOfPage":{"@id":"https:\/\/www.eldigitaldeasturias.com\/noticias\/el-gobierno-de-aragon-promovera-el-desarrollo-industrial-conjunto-de-las-comarcas-mineras\/#webpage"},"isPartOf":{"@id":"https:\/\/www.eldigitaldeasturias.com\/noticias\/el-gobierno-de-aragon-promovera-el-desarrollo-industrial-conjunto-de-las-comarcas-mineras\/#webpage"},"articleSection":"Actualidad"},{"@type":"BreadcrumbList","@id":"https:\/\/www.eldigitaldeasturias.com\/noticias\/el-gobierno-de-aragon-promovera-el-desarrollo-industrial-conjunto-de-las-comarcas-mineras\/#breadcrumblist","itemListElement":[{"@type":"ListItem","@id":"https:\/\/www.eldigitaldeasturias.com\/noticias#listItem","position":1,"name":"Home","item":"https:\/\/www.eldigitaldeasturias.com\/noticias","nextItem":{"@type":"ListItem","@id":"https:\/\/www.eldigitaldeasturias.com\/noticias\/category\/actualidad\/#listItem","name":"Actualidad"}},{"@type":"ListItem","@id":"https:\/\/www.eldigitaldeasturias.com\/noticias\/category\/actualidad\/#listItem","position":2,"name":"Actualidad","item":"https:\/\/www.eldigitaldeasturias.com\/noticias\/category\/actualidad\/","nextItem":{"@type":"ListItem","@id":"https:\/\/www.eldigitaldeasturias.com\/noticias\/el-gobierno-de-aragon-promovera-el-desarrollo-industrial-conjunto-de-las-comarcas-mineras\/#listItem","name":"El Gobierno de Arag\u00f3n promover\u00e1 el desarrollo industrial conjunto de las comarcas mineras"},"previousItem":{"@type":"ListItem","@id":"https:\/\/www.eldigitaldeasturias.com\/noticias#listItem","name":"Home"}},{"@type":"ListItem","@id":"https:\/\/www.eldigitaldeasturias.com\/noticias\/el-gobierno-de-aragon-promovera-el-desarrollo-industrial-conjunto-de-las-comarcas-mineras\/#listItem","position":3,"name":"El Gobierno de Arag\u00f3n promover\u00e1 el desarrollo industrial conjunto de las comarcas mineras","previousItem":{"@type":"ListItem","@id":"https:\/\/www.eldigitaldeasturias.com\/noticias\/category\/actualidad\/#listItem","name":"Actualidad"}}]},{"@type":"Organization","@id":"https:\/\/www.eldigitaldeasturias.com\/noticias\/#organization","name":"El Digital de Asturias","description":"Hemeroteca","url":"https:\/\/www.eldigitaldeasturias.com\/noticias\/","email":"info@eldigitaldeasturias.com","telephone":"+34652131393","logo":{"@type":"ImageObject","url":"https:\/\/www.eldigitaldeasturias.com\/noticias\/wp-content\/uploads\/2020\/12\/EDA.jpg","@id":"https:\/\/www.eldigitaldeasturias.com\/noticias\/el-gobierno-de-aragon-promovera-el-desarrollo-industrial-conjunto-de-las-comarcas-mineras\/#organizationLogo"},"image":{"@id":"https:\/\/www.eldigitaldeasturias.com\/noticias\/el-gobierno-de-aragon-promovera-el-desarrollo-industrial-conjunto-de-las-comarcas-mineras\/#organizationLogo"},"sameAs":["https:\/\/facebook.com\/eldigitaldeasturias","https:\/\/www.youtube.com\/channel\/UCZP-2wLEB9Rv6erhFmqVnvg"],"address":{"@id":"https:\/\/www.eldigitaldeasturias.com\/noticias\/#postaladdress","@type":"PostalAddress","streetAddress":"san antonio 4","postalCode":"33430","addressLocality":"Cand\u00e1s","addressRegion":"Asturias","addressCountry":"ES"}},{"@type":"Person","@id":"https:\/\/www.eldigitaldeasturias.com\/noticias\/author\/admin\/#author","url":"https:\/\/www.eldigitaldeasturias.com\/noticias\/author\/admin\/","name":"El Digital de Asturias","image":{"@type":"ImageObject","@id":"https:\/\/www.eldigitaldeasturias.com\/noticias\/el-gobierno-de-aragon-promovera-el-desarrollo-industrial-conjunto-de-las-comarcas-mineras\/#authorImage","url":"https:\/\/secure.gravatar.com\/avatar\/df2aeffc32bcd13f8d26072ef8a91b623d677766deac7f97ca815868cd41bf5e?s=96&d=mm&r=g","width":96,"height":96,"caption":"El Digital de Asturias"}},{"@type":"WebPage","@id":"https:\/\/www.eldigitaldeasturias.com\/noticias\/el-gobierno-de-aragon-promovera-el-desarrollo-industrial-conjunto-de-las-comarcas-mineras\/#webpage","url":"https:\/\/www.eldigitaldeasturias.com\/noticias\/el-gobierno-de-aragon-promovera-el-desarrollo-industrial-conjunto-de-las-comarcas-mineras\/","name":"El Gobierno de Arag\u00f3n promover\u00e1 el desarrollo industrial conjunto de las comarcas mineras - El Digital de Asturias","description":"La mayor\u00eda de las poblaciones mineras aragonesas disponen de suelo industrial competitivo en pol\u00edgonos acondicionados con todos los servicios. El desarrollo de una estrategia conjunta para la b\u00fasqueda de empresas que beneficie a todo el territorio es una de los planteamientos generales que han surgido de la ronda de visitas a municipios mineros desarrollada durante","inLanguage":"es-ES","isPartOf":{"@id":"https:\/\/www.eldigitaldeasturias.com\/noticias\/#website"},"breadcrumb":{"@id":"https:\/\/www.eldigitaldeasturias.com\/noticias\/el-gobierno-de-aragon-promovera-el-desarrollo-industrial-conjunto-de-las-comarcas-mineras\/#breadcrumblist"},"author":{"@id":"https:\/\/www.eldigitaldeasturias.com\/noticias\/author\/admin\/#author"},"creator":{"@id":"https:\/\/www.eldigitaldeasturias.com\/noticias\/author\/admin\/#author"},"image":{"@type":"ImageObject","url":948023,"@id":"https:\/\/www.eldigitaldeasturias.com\/noticias\/el-gobierno-de-aragon-promovera-el-desarrollo-industrial-conjunto-de-las-comarcas-mineras\/#mainImage"},"primaryImageOfPage":{"@id":"https:\/\/www.eldigitaldeasturias.com\/noticias\/el-gobierno-de-aragon-promovera-el-desarrollo-industrial-conjunto-de-las-comarcas-mineras\/#mainImage"},"datePublished":"2017-07-29T19:08:02+02:00","dateModified":"2017-07-29T19:08:02+02:00"},{"@type":"WebSite","@id":"https:\/\/www.eldigitaldeasturias.com\/noticias\/#website","url":"https:\/\/www.eldigitaldeasturias.com\/noticias\/","name":"El Digital de Asturias - Diario de actualidad y noticias","alternateName":"El Digital de Asturias - Diario de actualidad y noticias","description":"Hemeroteca","inLanguage":"es-ES","publisher":{"@id":"https:\/\/www.eldigitaldeasturias.com\/noticias\/#organization"}}]},"og:locale":"es_ES","og:site_name":"El Digital de Asturias","og:type":"article","og:title":"El Gobierno de Arag\u00f3n promover\u00e1 el desarrollo industrial conjunto de las comarcas mineras - El Digital de Asturias","og:description":"La mayor\u00eda de las poblaciones mineras aragonesas disponen de suelo industrial competitivo en pol\u00edgonos acondicionados con todos los servicios. El desarrollo de una estrategia conjunta para la b\u00fasqueda de empresas que beneficie a todo el territorio es una de los planteamientos generales que han surgido de la ronda de visitas a municipios mineros desarrollada durante","og:url":"https:\/\/www.eldigitaldeasturias.com\/noticias\/el-gobierno-de-aragon-promovera-el-desarrollo-industrial-conjunto-de-las-comarcas-mineras\/","article:tag":["actualidad"],"article:published_time":"2017-07-29T19:08:02+00:00","article:modified_time":"2017-07-29T19:08:02+00:00","article:publisher":"https:\/\/facebook.com\/eldigitaldeasturias","twitter:card":"summary_large_image","twitter:title":"El Gobierno de Arag\u00f3n promover\u00e1 el desarrollo industrial conjunto de las comarcas mineras - El Digital de Asturias","twitter:description":"La mayor\u00eda de las poblaciones mineras aragonesas disponen de suelo industrial competitivo en pol\u00edgonos acondicionados con todos los servicios. El desarrollo de una estrategia conjunta para la b\u00fasqueda de empresas que beneficie a todo el territorio es una de los planteamientos generales que han surgido de la ronda de visitas a municipios mineros desarrollada durante","twitter:image":"https:\/\/www.eldigitaldeasturias.com\/noticias\/wp-content\/uploads\/2020\/12\/EDA-1.jpg","twitter:label1":"Escrito por","twitter:data1":"El Digital de Asturias","twitter:label2":"Tiempo de lectura estimado","twitter:data2":"6 minutos"},"aioseo_meta_data":{"post_id":"948022","title":null,"description":null,"keywords":null,"keyphrases":null,"primary_term":null,"canonical_url":null,"og_title":null,"og_description":null,"og_object_type":"default","og_image_type":"default","og_image_url":null,"og_image_width":null,"og_image_height":null,"og_image_custom_url":null,"og_image_custom_fields":null,"og_video":null,"og_custom_url":null,"og_article_section":null,"og_article_tags":null,"twitter_use_og":false,"twitter_card":"default","twitter_image_type":"default","twitter_image_url":null,"twitter_image_custom_url":null,"twitter_image_custom_fields":null,"twitter_title":null,"twitter_description":null,"schema":{"blockGraphs":[],"customGraphs":[],"default":{"data":{"Article":[],"Course":[],"Dataset":[],"FAQPage":[],"Movie":[],"Person":[],"Product":[],"ProductReview":[],"Car":[],"Recipe":[],"Service":[],"SoftwareApplication":[],"WebPage":[]},"graphName":"","isEnabled":true},"graphs":[],"defaultGraph":"","defaultPostTypeGraph":""},"schema_type":null,"schema_type_options":null,"pillar_content":false,"robots_default":true,"robots_noindex":false,"robots_noarchive":false,"robots_nosnippet":false,"robots_nofollow":false,"robots_noimageindex":false,"robots_noodp":false,"robots_notranslate":false,"robots_max_snippet":null,"robots_max_videopreview":null,"robots_max_imagepreview":"large","priority":null,"frequency":null,"local_seo":null,"seo_analyzer_scan_date":"2025-12-05 07:11:44","breadcrumb_settings":null,"limit_modified_date":false,"open_ai":null,"ai":null,"created":"2020-12-21 13:05:44","updated":"2025-12-05 07:11:44","focus_keyword":null,"additional_keywords":null,"truseo_locale":null},"aioseo_breadcrumb":"<div class=\"aioseo-breadcrumbs\"><span class=\"aioseo-breadcrumb\">\n\t<a href=\"https:\/\/www.eldigitaldeasturias.com\/noticias\" title=\"Home\">Home<\/a>\n<\/span><span class=\"aioseo-breadcrumb-separator\">\u2013<\/span><span class=\"aioseo-breadcrumb\">\n\t<a href=\"https:\/\/www.eldigitaldeasturias.com\/noticias\/category\/actualidad\/\" title=\"Actualidad\">Actualidad<\/a>\n<\/span><span class=\"aioseo-breadcrumb-separator\">\u2013<\/span><span class=\"aioseo-breadcrumb\">\n\t<a href=\"https:\/\/www.eldigitaldeasturias.com\/noticias\/el-gobierno-de-aragon-promovera-el-desarrollo-industrial-conjunto-de-las-comarcas-mineras\/\" title=\"El Gobierno de Arag\u00f3n promover\u00e1 el desarrollo industrial conjunto de las comarcas mineras\">El Gobierno de Arag\u00f3n promover\u00e1 el desarrollo industrial conjunto de las comarcas mineras<\/a>\n<\/span><\/div>","aioseo_breadcrumb_json":[{"label":"Home","link":"https:\/\/www.eldigitaldeasturias.com\/noticias"},{"label":"Actualidad","link":"https:\/\/www.eldigitaldeasturias.com\/noticias\/category\/actualidad\/"},{"label":"El Gobierno de Arag\u00f3n promover\u00e1 el desarrollo industrial conjunto de las comarcas mineras","link":"https:\/\/www.eldigitaldeasturias.com\/noticias\/el-gobierno-de-aragon-promovera-el-desarrollo-industrial-conjunto-de-las-comarcas-mineras\/"}],"_links":{"self":[{"href":"https:\/\/www.eldigitaldeasturias.com\/noticias\/wp-json\/wp\/v2\/posts\/948022","targetHints":{"allow":["GET"]}}],"collection":[{"href":"https:\/\/www.eldigitaldeasturias.com\/noticias\/wp-json\/wp\/v2\/posts"}],"about":[{"href":"https:\/\/www.eldigitaldeasturias.com\/noticias\/wp-json\/wp\/v2\/types\/post"}],"author":[{"embeddable":true,"href":"https:\/\/www.eldigitaldeasturias.com\/noticias\/wp-json\/wp\/v2\/users\/1"}],"replies":[{"embeddable":true,"href":"https:\/\/www.eldigitaldeasturias.com\/noticias\/wp-json\/wp\/v2\/comments?post=948022"}],"version-history":[{"count":0,"href":"https:\/\/www.eldigitaldeasturias.com\/noticias\/wp-json\/wp\/v2\/posts\/948022\/revisions"}],"wp:attachment":[{"href":"https:\/\/www.eldigitaldeasturias.com\/noticias\/wp-json\/wp\/v2\/media?parent=948022"}],"wp:term":[{"taxonomy":"category","embeddable":true,"href":"https:\/\/www.eldigitaldeasturias.com\/noticias\/wp-json\/wp\/v2\/categories?post=948022"},{"taxonomy":"post_tag","embeddable":true,"href":"https:\/\/www.eldigitaldeasturias.com\/noticias\/wp-json\/wp\/v2\/tags?post=948022"}],"curies":[{"name":"wp","href":"https:\/\/api.w.org\/{rel}","templated":true}]}}