{"id":948019,"date":"2017-07-29T19:06:16","date_gmt":"2017-07-29T19:06:16","guid":{"rendered":"http:\/\/www.eldigitaldeasturias.com\/noticias\/?p=948019"},"modified":"2017-07-29T19:06:16","modified_gmt":"2017-07-29T19:06:16","slug":"el-centro-de-tecnologias-avanzadas-iniciara-sus-cursos-en-walqa-el-7-de-noviembre","status":"publish","type":"post","link":"https:\/\/www.eldigitaldeasturias.com\/noticias\/el-centro-de-tecnologias-avanzadas-iniciara-sus-cursos-en-walqa-el-7-de-noviembre\/","title":{"rendered":"El Centro de Tecnolog\u00edas Avanzadas iniciar\u00e1 sus cursos en Walqa el 7 de noviembre"},"content":{"rendered":"<p><img loading=\"lazy\" decoding=\"async\" class=\"alignleft size-medium wp-image-948020\" src=\"https:\/\/www.eldigitaldeasturias.com\/noticias\/wp-content\/uploads\/2017\/07\/imagenes_WALQA_02_4034853d-360x159.jpg\" alt=\"\" width=\"360\" height=\"159\" \/>Los cursos de la nueva sede del Centro de Tecnolog\u00edas Avanzadas (CTA) en Huesca comenzar\u00e1n el pr\u00f3ximo 7 de noviembre, en principio con siete acciones formativas hasta mayo de 2018 a las que se podr\u00e1n apuntar a partir de mediados de septiembre hasta 120 alumnos en unos casos no profesionales y en otros s\u00ed, que adquirir\u00e1n cualificaci\u00f3n o incrementar\u00e1n sus habilidades en Tecnolog\u00edas de la Informaci\u00f3n y la Comunicaci\u00f3n (TIC) o en Contenidos Digitales, especialidades de este centro del Instituto Aragon\u00e9s de Empleo (INAEM).<\/p>\n<p>La fecha de inicio de los cursos est\u00e1 cerrada, aunque hasta entonces habr\u00e1 que completar diversas etapas. Por una parte hay que dejar preparada el aula asignada en el Parque Tecnol\u00f3gico Walqa, cuya infraestructura y cableado est\u00e1 ultim\u00e1ndose este final de julio, en septiembre se instalar\u00e1 el mobiliario, y a principios de octubre el resto de equipamiento t\u00e9cnico.<\/p>\n<p>Por otra parte, tambi\u00e9n a la vuelta de las vacaciones estivales, a mediados de septiembre, se publicar\u00e1 la oferta formativa en el apartado del CTA de la web del INAEM, donde aparecer\u00e1 toda la informaci\u00f3n relativa a las fechas de inicio de cada curso, contenidos, requisitos de acceso, pruebas de selecci\u00f3n, etc. Igualmente se podr\u00e1 realizar el proceso de preinscripci\u00f3n a cada uno de los cursos.<\/p>\n<p>Aparte de las acciones formativas que est\u00e1 previsto dise\u00f1ar m\u00e1s adelante con las empresas residentes en el propio Parque Tecnol\u00f3gico, en la primera anualidad del CTA en Walqa -de noviembre a mayo-, est\u00e1 previsto que se impartan:<\/p>\n<p>-2 cursos de programaci\u00f3n b\u00e1sica (\u2018Essential\u2019) dirigidos a no profesionales, cuyo objetivo es precisamente contribuir a que haya m\u00e1s personas con cualificaci\u00f3n oficial para iniciar su carrera como programadores.<\/p>\n<p>-Un itinerario de especializaci\u00f3n dirigido a profesionales de 3 cursos de programaci\u00f3n, con una duraci\u00f3n de 60, 80 y 80 horas, respectivamente.<\/p>\n<p>-2 cursos de Big Data para formar perfiles profesionales de \u201canalista de datos\u201d y \u201ccient\u00edfico de datos\u201d. Estos cursos se realizar\u00e1n en la modalidad presencial I, conectando a los alumnos del CTA en Zaragoza y Walqa a trav\u00e9s de m\u00e1quinas virtuales que permiten la interactividad absoluta de estudiantes, profesores o contenidos en tiempo real, con independencia de su ubicaci\u00f3n f\u00edsica.<\/p>\n<p>Toda la formaci\u00f3n impartida en el CTA est\u00e1 homologada por los fabricantes de software implicados y goza de absoluto reconocimiento de t\u00edtulos a nivel mundial.<\/p>\n<p>Adem\u00e1s de estas primeras acciones formativas, que se desarrollar\u00e1n todas en horario de tarde, la sede en Walqa de este centro -dependiente del Departamento de Econom\u00eda, Industria y Empleo- se abrir\u00e1 a otras posibilidades con las empresas residentes en el parque tecnol\u00f3gico, como su participaci\u00f3n activa en la definici\u00f3n de la oferta formativa, el desarrollo de programas formativos a medida, o el acceso a otros programas del INAEM, como convenios bilaterales para la formaci\u00f3n y contrataci\u00f3n de personal.<\/p>\n<p>La propia consejera de Econom\u00eda, Industria y Empleo, Marta Gast\u00f3n, confirm\u00f3 recientemente en su \u00faltima visita oficial a Walqa la puesta en marcha del nuevo CTA a partir de septiembre, cuando se celebrar\u00e1, dijo, una reuni\u00f3n informativa no s\u00f3lo con las empresas del parque tecnol\u00f3gico, sino abierta a todos los empresarios de Huesca y su entorno. \u201cSer\u00e1 un paso hacia el estreno de los cursos del Centro de Tecnolog\u00edas Avanzadas\u201d, declar\u00f3.<\/p>\n<p>Gast\u00f3n subray\u00f3 que esta noticia tan esperada en Huesca se ha fraguado en cuanto ha habido disponibilidad presupuestaria y \u201ccon verdadera ilusi\u00f3n por el \u00e9xito\u201d, que a su juicio garantiza la calidad del propio centro, reconocida nacional e internacionalmente, as\u00ed como el alto grado de satisfacci\u00f3n y empleabilidad de todos los alumnos que pasan por \u00e9l.<\/p>\n<p>\u201cLa demanda de estos cursos siempre ha superado a la oferta \u2013concluy\u00f3 la consejera-, y desde luego con ese dinamismo en la adaptaci\u00f3n de los cursos a las necesidades que van surgiendo en el momento, a las que tienen las empresas y contando con las propias empresas de Walqa, estamos convencidos de que va a ser una apuesta por el desarrollo no solamente del parque tecnol\u00f3gico, sino del tejido empresarial oscense y aragon\u00e9s, de cara a favorecer no solamente a los trabajadores desempleados sino tambi\u00e9n a los ocupados\u201d.<\/p>\n","protected":false},"excerpt":{"rendered":"<p>Los cursos de la nueva sede del Centro de Tecnolog\u00edas Avanzadas (CTA) en Huesca comenzar\u00e1n el pr\u00f3ximo 7 de noviembre, en principio con siete acciones formativas hasta mayo de 2018 a las que se podr\u00e1n apuntar a partir de mediados de septiembre hasta 120 alumnos en unos casos no profesionales y en otros s\u00ed, que [&hellip;]<\/p>\n","protected":false},"author":1,"featured_media":948020,"comment_status":"closed","ping_status":"closed","sticky":false,"template":"","format":"standard","meta":{"footnotes":""},"categories":[1],"tags":[],"class_list":["post-948019","post","type-post","status-publish","format-standard","has-post-thumbnail","hentry","category-actualidad"],"aioseo_notices":[],"aioseo_head":"\n\t\t<!-- All in One SEO Pro 5.0.1 - aioseo.com -->\n\t<meta name=\"description\" content=\"Los cursos de la nueva sede del Centro de Tecnolog\u00edas Avanzadas (CTA) en Huesca comenzar\u00e1n el pr\u00f3ximo 7 de noviembre, en principio con siete acciones formativas hasta mayo de 2018 a las que se podr\u00e1n apuntar a partir de mediados de septiembre hasta 120 alumnos en unos casos no profesionales y en otros s\u00ed, que\" \/>\n\t<meta name=\"robots\" content=\"max-image-preview:large\" \/>\n\t<meta name=\"author\" content=\"El Digital de Asturias\"\/>\n\t<meta name=\"google-site-verification\" content=\"UA-38556648-1\" \/>\n\t<meta name=\"msvalidate.01\" content=\"7dfe9f3f1b24437ab69f4f2559babe99\" \/>\n\t<meta name=\"keywords\" content=\"actualidad\" \/>\n\t<link rel=\"canonical\" href=\"https:\/\/www.eldigitaldeasturias.com\/noticias\/el-centro-de-tecnologias-avanzadas-iniciara-sus-cursos-en-walqa-el-7-de-noviembre\/\" \/>\n\t<meta name=\"generator\" content=\"All in One SEO Pro (AIOSEO) 5.0.1\" \/>\n\t\t<meta property=\"og:locale\" content=\"es_ES\" \/>\n\t\t<meta property=\"og:site_name\" content=\"El Digital de Asturias\" \/>\n\t\t<meta property=\"og:type\" content=\"article\" \/>\n\t\t<meta property=\"og:title\" content=\"El Centro de Tecnolog\u00edas Avanzadas iniciar\u00e1 sus cursos en Walqa el 7 de noviembre - El Digital de Asturias\" \/>\n\t\t<meta property=\"og:description\" content=\"Los cursos de la nueva sede del Centro de Tecnolog\u00edas Avanzadas (CTA) en Huesca comenzar\u00e1n el pr\u00f3ximo 7 de noviembre, en principio con siete acciones formativas hasta mayo de 2018 a las que se podr\u00e1n apuntar a partir de mediados de septiembre hasta 120 alumnos en unos casos no profesionales y en otros s\u00ed, que\" \/>\n\t\t<meta property=\"og:url\" content=\"https:\/\/www.eldigitaldeasturias.com\/noticias\/el-centro-de-tecnologias-avanzadas-iniciara-sus-cursos-en-walqa-el-7-de-noviembre\/\" \/>\n\t\t<meta property=\"article:tag\" content=\"actualidad\" \/>\n\t\t<meta property=\"article:published_time\" content=\"2017-07-29T19:06:16+00:00\" \/>\n\t\t<meta property=\"article:modified_time\" content=\"2017-07-29T19:06:16+00:00\" \/>\n\t\t<meta property=\"article:publisher\" content=\"https:\/\/facebook.com\/eldigitaldeasturias\" \/>\n\t\t<meta name=\"twitter:card\" content=\"summary_large_image\" \/>\n\t\t<meta name=\"twitter:title\" content=\"El Centro de Tecnolog\u00edas Avanzadas iniciar\u00e1 sus cursos en Walqa el 7 de noviembre - El Digital de Asturias\" \/>\n\t\t<meta name=\"twitter:description\" content=\"Los cursos de la nueva sede del Centro de Tecnolog\u00edas Avanzadas (CTA) en Huesca comenzar\u00e1n el pr\u00f3ximo 7 de noviembre, en principio con siete acciones formativas hasta mayo de 2018 a las que se podr\u00e1n apuntar a partir de mediados de septiembre hasta 120 alumnos en unos casos no profesionales y en otros s\u00ed, que\" \/>\n\t\t<meta name=\"twitter:image\" content=\"https:\/\/www.eldigitaldeasturias.com\/noticias\/wp-content\/uploads\/2020\/12\/EDA-1.jpg\" \/>\n\t\t<meta name=\"twitter:label1\" content=\"Escrito por\" \/>\n\t\t<meta name=\"twitter:data1\" content=\"El Digital de Asturias\" \/>\n\t\t<meta name=\"twitter:label2\" content=\"Tiempo de lectura estimado\" \/>\n\t\t<meta name=\"twitter:data2\" content=\"4 minutos\" \/>\n\t\t<script type=\"application\/ld+json\" class=\"aioseo-schema\">\n\t\t\t{\"@context\":\"https:\\\/\\\/schema.org\",\"@graph\":[{\"@type\":\"BlogPosting\",\"@id\":\"https:\\\/\\\/www.eldigitaldeasturias.com\\\/noticias\\\/el-centro-de-tecnologias-avanzadas-iniciara-sus-cursos-en-walqa-el-7-de-noviembre\\\/#blogposting\",\"name\":\"El Centro de Tecnolog\\u00edas Avanzadas iniciar\\u00e1 sus cursos en Walqa el 7 de noviembre - El Digital de Asturias\",\"headline\":\"El Centro de Tecnolog\\u00edas Avanzadas iniciar\\u00e1 sus cursos en Walqa el 7 de noviembre\",\"author\":{\"@id\":\"https:\\\/\\\/www.eldigitaldeasturias.com\\\/noticias\\\/author\\\/admin\\\/#author\"},\"publisher\":{\"@id\":\"https:\\\/\\\/www.eldigitaldeasturias.com\\\/noticias\\\/#organization\"},\"image\":{\"@type\":\"ImageObject\",\"url\":948020},\"datePublished\":\"2017-07-29T19:06:16+02:00\",\"dateModified\":\"2017-07-29T19:06:16+02:00\",\"inLanguage\":\"es-ES\",\"mainEntityOfPage\":{\"@id\":\"https:\\\/\\\/www.eldigitaldeasturias.com\\\/noticias\\\/el-centro-de-tecnologias-avanzadas-iniciara-sus-cursos-en-walqa-el-7-de-noviembre\\\/#webpage\"},\"isPartOf\":{\"@id\":\"https:\\\/\\\/www.eldigitaldeasturias.com\\\/noticias\\\/el-centro-de-tecnologias-avanzadas-iniciara-sus-cursos-en-walqa-el-7-de-noviembre\\\/#webpage\"},\"articleSection\":\"Actualidad\"},{\"@type\":\"BreadcrumbList\",\"@id\":\"https:\\\/\\\/www.eldigitaldeasturias.com\\\/noticias\\\/el-centro-de-tecnologias-avanzadas-iniciara-sus-cursos-en-walqa-el-7-de-noviembre\\\/#breadcrumblist\",\"itemListElement\":[{\"@type\":\"ListItem\",\"@id\":\"https:\\\/\\\/www.eldigitaldeasturias.com\\\/noticias#listItem\",\"position\":1,\"name\":\"Home\",\"item\":\"https:\\\/\\\/www.eldigitaldeasturias.com\\\/noticias\",\"nextItem\":{\"@type\":\"ListItem\",\"@id\":\"https:\\\/\\\/www.eldigitaldeasturias.com\\\/noticias\\\/category\\\/actualidad\\\/#listItem\",\"name\":\"Actualidad\"}},{\"@type\":\"ListItem\",\"@id\":\"https:\\\/\\\/www.eldigitaldeasturias.com\\\/noticias\\\/category\\\/actualidad\\\/#listItem\",\"position\":2,\"name\":\"Actualidad\",\"item\":\"https:\\\/\\\/www.eldigitaldeasturias.com\\\/noticias\\\/category\\\/actualidad\\\/\",\"nextItem\":{\"@type\":\"ListItem\",\"@id\":\"https:\\\/\\\/www.eldigitaldeasturias.com\\\/noticias\\\/el-centro-de-tecnologias-avanzadas-iniciara-sus-cursos-en-walqa-el-7-de-noviembre\\\/#listItem\",\"name\":\"El Centro de Tecnolog\\u00edas Avanzadas iniciar\\u00e1 sus cursos en Walqa el 7 de noviembre\"},\"previousItem\":{\"@type\":\"ListItem\",\"@id\":\"https:\\\/\\\/www.eldigitaldeasturias.com\\\/noticias#listItem\",\"name\":\"Home\"}},{\"@type\":\"ListItem\",\"@id\":\"https:\\\/\\\/www.eldigitaldeasturias.com\\\/noticias\\\/el-centro-de-tecnologias-avanzadas-iniciara-sus-cursos-en-walqa-el-7-de-noviembre\\\/#listItem\",\"position\":3,\"name\":\"El Centro de Tecnolog\\u00edas Avanzadas iniciar\\u00e1 sus cursos en Walqa el 7 de noviembre\",\"previousItem\":{\"@type\":\"ListItem\",\"@id\":\"https:\\\/\\\/www.eldigitaldeasturias.com\\\/noticias\\\/category\\\/actualidad\\\/#listItem\",\"name\":\"Actualidad\"}}]},{\"@type\":\"Organization\",\"@id\":\"https:\\\/\\\/www.eldigitaldeasturias.com\\\/noticias\\\/#organization\",\"name\":\"El Digital de Asturias\",\"description\":\"Hemeroteca\",\"url\":\"https:\\\/\\\/www.eldigitaldeasturias.com\\\/noticias\\\/\",\"email\":\"info@eldigitaldeasturias.com\",\"telephone\":\"+34652131393\",\"logo\":{\"@type\":\"ImageObject\",\"url\":\"https:\\\/\\\/www.eldigitaldeasturias.com\\\/noticias\\\/wp-content\\\/uploads\\\/2020\\\/12\\\/EDA.jpg\",\"@id\":\"https:\\\/\\\/www.eldigitaldeasturias.com\\\/noticias\\\/el-centro-de-tecnologias-avanzadas-iniciara-sus-cursos-en-walqa-el-7-de-noviembre\\\/#organizationLogo\"},\"image\":{\"@id\":\"https:\\\/\\\/www.eldigitaldeasturias.com\\\/noticias\\\/el-centro-de-tecnologias-avanzadas-iniciara-sus-cursos-en-walqa-el-7-de-noviembre\\\/#organizationLogo\"},\"sameAs\":[\"https:\\\/\\\/facebook.com\\\/eldigitaldeasturias\",\"https:\\\/\\\/www.youtube.com\\\/channel\\\/UCZP-2wLEB9Rv6erhFmqVnvg\"],\"address\":{\"@id\":\"https:\\\/\\\/www.eldigitaldeasturias.com\\\/noticias\\\/#postaladdress\",\"@type\":\"PostalAddress\",\"streetAddress\":\"san antonio 4\",\"postalCode\":\"33430\",\"addressLocality\":\"Cand\\u00e1s\",\"addressRegion\":\"Asturias\",\"addressCountry\":\"ES\"}},{\"@type\":\"Person\",\"@id\":\"https:\\\/\\\/www.eldigitaldeasturias.com\\\/noticias\\\/author\\\/admin\\\/#author\",\"url\":\"https:\\\/\\\/www.eldigitaldeasturias.com\\\/noticias\\\/author\\\/admin\\\/\",\"name\":\"El Digital de Asturias\",\"image\":{\"@type\":\"ImageObject\",\"@id\":\"https:\\\/\\\/www.eldigitaldeasturias.com\\\/noticias\\\/el-centro-de-tecnologias-avanzadas-iniciara-sus-cursos-en-walqa-el-7-de-noviembre\\\/#authorImage\",\"url\":\"https:\\\/\\\/secure.gravatar.com\\\/avatar\\\/df2aeffc32bcd13f8d26072ef8a91b623d677766deac7f97ca815868cd41bf5e?s=96&d=mm&r=g\",\"width\":96,\"height\":96,\"caption\":\"El Digital de Asturias\"}},{\"@type\":\"WebPage\",\"@id\":\"https:\\\/\\\/www.eldigitaldeasturias.com\\\/noticias\\\/el-centro-de-tecnologias-avanzadas-iniciara-sus-cursos-en-walqa-el-7-de-noviembre\\\/#webpage\",\"url\":\"https:\\\/\\\/www.eldigitaldeasturias.com\\\/noticias\\\/el-centro-de-tecnologias-avanzadas-iniciara-sus-cursos-en-walqa-el-7-de-noviembre\\\/\",\"name\":\"El Centro de Tecnolog\\u00edas Avanzadas iniciar\\u00e1 sus cursos en Walqa el 7 de noviembre - El Digital de Asturias\",\"description\":\"Los cursos de la nueva sede del Centro de Tecnolog\\u00edas Avanzadas (CTA) en Huesca comenzar\\u00e1n el pr\\u00f3ximo 7 de noviembre, en principio con siete acciones formativas hasta mayo de 2018 a las que se podr\\u00e1n apuntar a partir de mediados de septiembre hasta 120 alumnos en unos casos no profesionales y en otros s\\u00ed, que\",\"inLanguage\":\"es-ES\",\"isPartOf\":{\"@id\":\"https:\\\/\\\/www.eldigitaldeasturias.com\\\/noticias\\\/#website\"},\"breadcrumb\":{\"@id\":\"https:\\\/\\\/www.eldigitaldeasturias.com\\\/noticias\\\/el-centro-de-tecnologias-avanzadas-iniciara-sus-cursos-en-walqa-el-7-de-noviembre\\\/#breadcrumblist\"},\"author\":{\"@id\":\"https:\\\/\\\/www.eldigitaldeasturias.com\\\/noticias\\\/author\\\/admin\\\/#author\"},\"creator\":{\"@id\":\"https:\\\/\\\/www.eldigitaldeasturias.com\\\/noticias\\\/author\\\/admin\\\/#author\"},\"image\":{\"@type\":\"ImageObject\",\"url\":948020,\"@id\":\"https:\\\/\\\/www.eldigitaldeasturias.com\\\/noticias\\\/el-centro-de-tecnologias-avanzadas-iniciara-sus-cursos-en-walqa-el-7-de-noviembre\\\/#mainImage\"},\"primaryImageOfPage\":{\"@id\":\"https:\\\/\\\/www.eldigitaldeasturias.com\\\/noticias\\\/el-centro-de-tecnologias-avanzadas-iniciara-sus-cursos-en-walqa-el-7-de-noviembre\\\/#mainImage\"},\"datePublished\":\"2017-07-29T19:06:16+02:00\",\"dateModified\":\"2017-07-29T19:06:16+02:00\"},{\"@type\":\"WebSite\",\"@id\":\"https:\\\/\\\/www.eldigitaldeasturias.com\\\/noticias\\\/#website\",\"url\":\"https:\\\/\\\/www.eldigitaldeasturias.com\\\/noticias\\\/\",\"name\":\"El Digital de Asturias - Diario de actualidad y noticias\",\"alternateName\":\"El Digital de Asturias - Diario de actualidad y noticias\",\"description\":\"Hemeroteca\",\"inLanguage\":\"es-ES\",\"publisher\":{\"@id\":\"https:\\\/\\\/www.eldigitaldeasturias.com\\\/noticias\\\/#organization\"}}]}\n\t\t<\/script>\n\t\t<!-- All in One SEO Pro -->\r\n\t\t<title>El Centro de Tecnolog\u00edas Avanzadas iniciar\u00e1 sus cursos en Walqa el 7 de noviembre - El Digital de Asturias<\/title>\n\n","aioseo_head_json":{"title":"El Centro de Tecnolog\u00edas Avanzadas iniciar\u00e1 sus cursos en Walqa el 7 de noviembre - El Digital de Asturias","description":"Los cursos de la nueva sede del Centro de Tecnolog\u00edas Avanzadas (CTA) en Huesca comenzar\u00e1n el pr\u00f3ximo 7 de noviembre, en principio con siete acciones formativas hasta mayo de 2018 a las que se podr\u00e1n apuntar a partir de mediados de septiembre hasta 120 alumnos en unos casos no profesionales y en otros s\u00ed, que","canonical_url":"https:\/\/www.eldigitaldeasturias.com\/noticias\/el-centro-de-tecnologias-avanzadas-iniciara-sus-cursos-en-walqa-el-7-de-noviembre\/","robots":"max-image-preview:large","keywords":"actualidad","webmasterTools":{"google-site-verification":"UA-38556648-1","msvalidate.01":"7dfe9f3f1b24437ab69f4f2559babe99","miscellaneous":""},"schema":{"@context":"https:\/\/schema.org","@graph":[{"@type":"BlogPosting","@id":"https:\/\/www.eldigitaldeasturias.com\/noticias\/el-centro-de-tecnologias-avanzadas-iniciara-sus-cursos-en-walqa-el-7-de-noviembre\/#blogposting","name":"El Centro de Tecnolog\u00edas Avanzadas iniciar\u00e1 sus cursos en Walqa el 7 de noviembre - El Digital de Asturias","headline":"El Centro de Tecnolog\u00edas Avanzadas iniciar\u00e1 sus cursos en Walqa el 7 de noviembre","author":{"@id":"https:\/\/www.eldigitaldeasturias.com\/noticias\/author\/admin\/#author"},"publisher":{"@id":"https:\/\/www.eldigitaldeasturias.com\/noticias\/#organization"},"image":{"@type":"ImageObject","url":948020},"datePublished":"2017-07-29T19:06:16+02:00","dateModified":"2017-07-29T19:06:16+02:00","inLanguage":"es-ES","mainEntityOfPage":{"@id":"https:\/\/www.eldigitaldeasturias.com\/noticias\/el-centro-de-tecnologias-avanzadas-iniciara-sus-cursos-en-walqa-el-7-de-noviembre\/#webpage"},"isPartOf":{"@id":"https:\/\/www.eldigitaldeasturias.com\/noticias\/el-centro-de-tecnologias-avanzadas-iniciara-sus-cursos-en-walqa-el-7-de-noviembre\/#webpage"},"articleSection":"Actualidad"},{"@type":"BreadcrumbList","@id":"https:\/\/www.eldigitaldeasturias.com\/noticias\/el-centro-de-tecnologias-avanzadas-iniciara-sus-cursos-en-walqa-el-7-de-noviembre\/#breadcrumblist","itemListElement":[{"@type":"ListItem","@id":"https:\/\/www.eldigitaldeasturias.com\/noticias#listItem","position":1,"name":"Home","item":"https:\/\/www.eldigitaldeasturias.com\/noticias","nextItem":{"@type":"ListItem","@id":"https:\/\/www.eldigitaldeasturias.com\/noticias\/category\/actualidad\/#listItem","name":"Actualidad"}},{"@type":"ListItem","@id":"https:\/\/www.eldigitaldeasturias.com\/noticias\/category\/actualidad\/#listItem","position":2,"name":"Actualidad","item":"https:\/\/www.eldigitaldeasturias.com\/noticias\/category\/actualidad\/","nextItem":{"@type":"ListItem","@id":"https:\/\/www.eldigitaldeasturias.com\/noticias\/el-centro-de-tecnologias-avanzadas-iniciara-sus-cursos-en-walqa-el-7-de-noviembre\/#listItem","name":"El Centro de Tecnolog\u00edas Avanzadas iniciar\u00e1 sus cursos en Walqa el 7 de noviembre"},"previousItem":{"@type":"ListItem","@id":"https:\/\/www.eldigitaldeasturias.com\/noticias#listItem","name":"Home"}},{"@type":"ListItem","@id":"https:\/\/www.eldigitaldeasturias.com\/noticias\/el-centro-de-tecnologias-avanzadas-iniciara-sus-cursos-en-walqa-el-7-de-noviembre\/#listItem","position":3,"name":"El Centro de Tecnolog\u00edas Avanzadas iniciar\u00e1 sus cursos en Walqa el 7 de noviembre","previousItem":{"@type":"ListItem","@id":"https:\/\/www.eldigitaldeasturias.com\/noticias\/category\/actualidad\/#listItem","name":"Actualidad"}}]},{"@type":"Organization","@id":"https:\/\/www.eldigitaldeasturias.com\/noticias\/#organization","name":"El Digital de Asturias","description":"Hemeroteca","url":"https:\/\/www.eldigitaldeasturias.com\/noticias\/","email":"info@eldigitaldeasturias.com","telephone":"+34652131393","logo":{"@type":"ImageObject","url":"https:\/\/www.eldigitaldeasturias.com\/noticias\/wp-content\/uploads\/2020\/12\/EDA.jpg","@id":"https:\/\/www.eldigitaldeasturias.com\/noticias\/el-centro-de-tecnologias-avanzadas-iniciara-sus-cursos-en-walqa-el-7-de-noviembre\/#organizationLogo"},"image":{"@id":"https:\/\/www.eldigitaldeasturias.com\/noticias\/el-centro-de-tecnologias-avanzadas-iniciara-sus-cursos-en-walqa-el-7-de-noviembre\/#organizationLogo"},"sameAs":["https:\/\/facebook.com\/eldigitaldeasturias","https:\/\/www.youtube.com\/channel\/UCZP-2wLEB9Rv6erhFmqVnvg"],"address":{"@id":"https:\/\/www.eldigitaldeasturias.com\/noticias\/#postaladdress","@type":"PostalAddress","streetAddress":"san antonio 4","postalCode":"33430","addressLocality":"Cand\u00e1s","addressRegion":"Asturias","addressCountry":"ES"}},{"@type":"Person","@id":"https:\/\/www.eldigitaldeasturias.com\/noticias\/author\/admin\/#author","url":"https:\/\/www.eldigitaldeasturias.com\/noticias\/author\/admin\/","name":"El Digital de Asturias","image":{"@type":"ImageObject","@id":"https:\/\/www.eldigitaldeasturias.com\/noticias\/el-centro-de-tecnologias-avanzadas-iniciara-sus-cursos-en-walqa-el-7-de-noviembre\/#authorImage","url":"https:\/\/secure.gravatar.com\/avatar\/df2aeffc32bcd13f8d26072ef8a91b623d677766deac7f97ca815868cd41bf5e?s=96&d=mm&r=g","width":96,"height":96,"caption":"El Digital de Asturias"}},{"@type":"WebPage","@id":"https:\/\/www.eldigitaldeasturias.com\/noticias\/el-centro-de-tecnologias-avanzadas-iniciara-sus-cursos-en-walqa-el-7-de-noviembre\/#webpage","url":"https:\/\/www.eldigitaldeasturias.com\/noticias\/el-centro-de-tecnologias-avanzadas-iniciara-sus-cursos-en-walqa-el-7-de-noviembre\/","name":"El Centro de Tecnolog\u00edas Avanzadas iniciar\u00e1 sus cursos en Walqa el 7 de noviembre - El Digital de Asturias","description":"Los cursos de la nueva sede del Centro de Tecnolog\u00edas Avanzadas (CTA) en Huesca comenzar\u00e1n el pr\u00f3ximo 7 de noviembre, en principio con siete acciones formativas hasta mayo de 2018 a las que se podr\u00e1n apuntar a partir de mediados de septiembre hasta 120 alumnos en unos casos no profesionales y en otros s\u00ed, que","inLanguage":"es-ES","isPartOf":{"@id":"https:\/\/www.eldigitaldeasturias.com\/noticias\/#website"},"breadcrumb":{"@id":"https:\/\/www.eldigitaldeasturias.com\/noticias\/el-centro-de-tecnologias-avanzadas-iniciara-sus-cursos-en-walqa-el-7-de-noviembre\/#breadcrumblist"},"author":{"@id":"https:\/\/www.eldigitaldeasturias.com\/noticias\/author\/admin\/#author"},"creator":{"@id":"https:\/\/www.eldigitaldeasturias.com\/noticias\/author\/admin\/#author"},"image":{"@type":"ImageObject","url":948020,"@id":"https:\/\/www.eldigitaldeasturias.com\/noticias\/el-centro-de-tecnologias-avanzadas-iniciara-sus-cursos-en-walqa-el-7-de-noviembre\/#mainImage"},"primaryImageOfPage":{"@id":"https:\/\/www.eldigitaldeasturias.com\/noticias\/el-centro-de-tecnologias-avanzadas-iniciara-sus-cursos-en-walqa-el-7-de-noviembre\/#mainImage"},"datePublished":"2017-07-29T19:06:16+02:00","dateModified":"2017-07-29T19:06:16+02:00"},{"@type":"WebSite","@id":"https:\/\/www.eldigitaldeasturias.com\/noticias\/#website","url":"https:\/\/www.eldigitaldeasturias.com\/noticias\/","name":"El Digital de Asturias - Diario de actualidad y noticias","alternateName":"El Digital de Asturias - Diario de actualidad y noticias","description":"Hemeroteca","inLanguage":"es-ES","publisher":{"@id":"https:\/\/www.eldigitaldeasturias.com\/noticias\/#organization"}}]},"og:locale":"es_ES","og:site_name":"El Digital de Asturias","og:type":"article","og:title":"El Centro de Tecnolog\u00edas Avanzadas iniciar\u00e1 sus cursos en Walqa el 7 de noviembre - El Digital de Asturias","og:description":"Los cursos de la nueva sede del Centro de Tecnolog\u00edas Avanzadas (CTA) en Huesca comenzar\u00e1n el pr\u00f3ximo 7 de noviembre, en principio con siete acciones formativas hasta mayo de 2018 a las que se podr\u00e1n apuntar a partir de mediados de septiembre hasta 120 alumnos en unos casos no profesionales y en otros s\u00ed, que","og:url":"https:\/\/www.eldigitaldeasturias.com\/noticias\/el-centro-de-tecnologias-avanzadas-iniciara-sus-cursos-en-walqa-el-7-de-noviembre\/","article:tag":["actualidad"],"article:published_time":"2017-07-29T19:06:16+00:00","article:modified_time":"2017-07-29T19:06:16+00:00","article:publisher":"https:\/\/facebook.com\/eldigitaldeasturias","twitter:card":"summary_large_image","twitter:title":"El Centro de Tecnolog\u00edas Avanzadas iniciar\u00e1 sus cursos en Walqa el 7 de noviembre - El Digital de Asturias","twitter:description":"Los cursos de la nueva sede del Centro de Tecnolog\u00edas Avanzadas (CTA) en Huesca comenzar\u00e1n el pr\u00f3ximo 7 de noviembre, en principio con siete acciones formativas hasta mayo de 2018 a las que se podr\u00e1n apuntar a partir de mediados de septiembre hasta 120 alumnos en unos casos no profesionales y en otros s\u00ed, que","twitter:image":"https:\/\/www.eldigitaldeasturias.com\/noticias\/wp-content\/uploads\/2020\/12\/EDA-1.jpg","twitter:label1":"Escrito por","twitter:data1":"El Digital de Asturias","twitter:label2":"Tiempo de lectura estimado","twitter:data2":"4 minutos"},"aioseo_meta_data":{"post_id":"948019","title":null,"description":null,"keywords":null,"keyphrases":null,"primary_term":null,"canonical_url":null,"og_title":null,"og_description":null,"og_object_type":"default","og_image_type":"default","og_image_url":null,"og_image_width":null,"og_image_height":null,"og_image_custom_url":null,"og_image_custom_fields":null,"og_video":null,"og_custom_url":null,"og_article_section":null,"og_article_tags":null,"twitter_use_og":false,"twitter_card":"default","twitter_image_type":"default","twitter_image_url":null,"twitter_image_custom_url":null,"twitter_image_custom_fields":null,"twitter_title":null,"twitter_description":null,"schema":{"blockGraphs":[],"customGraphs":[],"default":{"data":{"Article":[],"Course":[],"Dataset":[],"FAQPage":[],"Movie":[],"Person":[],"Product":[],"ProductReview":[],"Car":[],"Recipe":[],"Service":[],"SoftwareApplication":[],"WebPage":[]},"graphName":"","isEnabled":true},"graphs":[]},"schema_type":null,"schema_type_options":null,"pillar_content":false,"robots_default":true,"robots_noindex":false,"robots_noarchive":false,"robots_nosnippet":false,"robots_nofollow":false,"robots_noimageindex":false,"robots_noodp":false,"robots_notranslate":false,"robots_max_snippet":null,"robots_max_videopreview":null,"robots_max_imagepreview":"large","priority":null,"frequency":null,"local_seo":null,"seo_analyzer_scan_date":"2025-12-05 07:11:43","breadcrumb_settings":null,"limit_modified_date":false,"open_ai":null,"ai":null,"created":"2020-12-21 13:05:44","updated":"2025-12-05 07:11:43","focus_keyword":null,"additional_keywords":null,"truseo_locale":null},"aioseo_breadcrumb":"<div class=\"aioseo-breadcrumbs\"><span class=\"aioseo-breadcrumb\">\n\t<a href=\"https:\/\/www.eldigitaldeasturias.com\/noticias\" title=\"Home\">Home<\/a>\n<\/span><span class=\"aioseo-breadcrumb-separator\">\u2013<\/span><span class=\"aioseo-breadcrumb\">\n\t<a href=\"https:\/\/www.eldigitaldeasturias.com\/noticias\/category\/actualidad\/\" title=\"Actualidad\">Actualidad<\/a>\n<\/span><span class=\"aioseo-breadcrumb-separator\">\u2013<\/span><span class=\"aioseo-breadcrumb\">\n\t<a href=\"https:\/\/www.eldigitaldeasturias.com\/noticias\/el-centro-de-tecnologias-avanzadas-iniciara-sus-cursos-en-walqa-el-7-de-noviembre\/\" title=\"El Centro de Tecnolog\u00edas Avanzadas iniciar\u00e1 sus cursos en Walqa el 7 de noviembre\">El Centro de Tecnolog\u00edas Avanzadas iniciar\u00e1 sus cursos en Walqa el 7 de noviembre<\/a>\n<\/span><\/div>","aioseo_breadcrumb_json":[{"label":"Home","link":"https:\/\/www.eldigitaldeasturias.com\/noticias"},{"label":"Actualidad","link":"https:\/\/www.eldigitaldeasturias.com\/noticias\/category\/actualidad\/"},{"label":"El Centro de Tecnolog\u00edas Avanzadas iniciar\u00e1 sus cursos en Walqa el 7 de noviembre","link":"https:\/\/www.eldigitaldeasturias.com\/noticias\/el-centro-de-tecnologias-avanzadas-iniciara-sus-cursos-en-walqa-el-7-de-noviembre\/"}],"_links":{"self":[{"href":"https:\/\/www.eldigitaldeasturias.com\/noticias\/wp-json\/wp\/v2\/posts\/948019","targetHints":{"allow":["GET"]}}],"collection":[{"href":"https:\/\/www.eldigitaldeasturias.com\/noticias\/wp-json\/wp\/v2\/posts"}],"about":[{"href":"https:\/\/www.eldigitaldeasturias.com\/noticias\/wp-json\/wp\/v2\/types\/post"}],"author":[{"embeddable":true,"href":"https:\/\/www.eldigitaldeasturias.com\/noticias\/wp-json\/wp\/v2\/users\/1"}],"replies":[{"embeddable":true,"href":"https:\/\/www.eldigitaldeasturias.com\/noticias\/wp-json\/wp\/v2\/comments?post=948019"}],"version-history":[{"count":0,"href":"https:\/\/www.eldigitaldeasturias.com\/noticias\/wp-json\/wp\/v2\/posts\/948019\/revisions"}],"wp:attachment":[{"href":"https:\/\/www.eldigitaldeasturias.com\/noticias\/wp-json\/wp\/v2\/media?parent=948019"}],"wp:term":[{"taxonomy":"category","embeddable":true,"href":"https:\/\/www.eldigitaldeasturias.com\/noticias\/wp-json\/wp\/v2\/categories?post=948019"},{"taxonomy":"post_tag","embeddable":true,"href":"https:\/\/www.eldigitaldeasturias.com\/noticias\/wp-json\/wp\/v2\/tags?post=948019"}],"curies":[{"name":"wp","href":"https:\/\/api.w.org\/{rel}","templated":true}]}}