{"id":947981,"date":"2017-07-29T13:48:38","date_gmt":"2017-07-29T13:48:38","guid":{"rendered":"http:\/\/www.eldigitaldeasturias.com\/noticias\/?p=947981"},"modified":"2017-07-29T13:48:38","modified_gmt":"2017-07-29T13:48:38","slug":"marivi-broto-apostamos-por-la-atencion-a-las-personas-dependientes","status":"publish","type":"post","link":"https:\/\/www.eldigitaldeasturias.com\/noticias\/marivi-broto-apostamos-por-la-atencion-a-las-personas-dependientes\/","title":{"rendered":"Mariv\u00ed Broto: \u201cApostamos por la atenci\u00f3n a las personas dependientes\u00bb"},"content":{"rendered":"<p><img loading=\"lazy\" decoding=\"async\" class=\"alignleft size-medium wp-image-947982\" src=\"https:\/\/www.eldigitaldeasturias.com\/noticias\/wp-content\/uploads\/2017\/07\/fraga2_0740b553-360x159.jpg\" alt=\"\" width=\"360\" height=\"159\" \/>El Instituto Aragon\u00e9s de Servicios Sociales ha ampliado en 92 plazas el Acuerdo Marco de plazas en residencias para mayores dependientes ya que ya se hab\u00edan ocupado las 1.571 que hab\u00eda hasta ahora. Con esta ampliaci\u00f3n el n\u00famero de plazas incluidas en el Acuerdo Marco es de 1.663, un 45% m\u00e1s que al inicio de legislatura.<\/p>\n<p>A estas plazas hay que sumar las 250 que se han sacado en convocatoria extraordinaria gracias a un convenio con la Federaci\u00f3n Aragonesa de Municipios Comarcas y Provincias (FAMCP). Estas plazas est\u00e1n dirigidas a dependientes de grado II y III que no reciban ninguna prestaci\u00f3n y que opten por una plaza en diferentes residencias municipales y comarcales del medio rural.<\/p>\n<p>El Acuerdo Marco de plazas en centros residenciales se aprob\u00f3 en 2014 por un importe de poco m\u00e1s de 63 millones de euros para los a\u00f1os 2015, 2016, 2017 y 2018. La demanda de plazas existente hizo que en agosto de 2016 se autorizara una modificaci\u00f3n con un incremento de 2 millones de euros.<\/p>\n<blockquote><p>La modificaci\u00f3n que recientemente se aprob\u00f3 en Consejo de Gobierno supone un incremento de 1.237.153 euros.<\/p><\/blockquote>\n<p>Seg\u00fan ha explicado la consejera de Ciudadan\u00eda y Derechos Sociales, Mariv\u00ed Broto, es muy importante adem\u00e1s de las prestaciones a la Ley de Dependencia, incrementar los servicios. La ampliaci\u00f3n de este acuerdo es ejemplo de ello. \u201cApostamos por la atenci\u00f3n a las personas dependientes y aspiramos a que aquellas con grado II y III puedan tener plaza en una residencia p\u00fablica o concertada, con lo que tambi\u00e9n se incrementan los puestos de trabajo, que ascienden con esta ampliaci\u00f3n, a cerca de 50. Con estos \u00faltimos, ser\u00e1n un total de 200 puestos de trabajo creados esta legislatura en residencias.<\/p>\n<p>Los ciudadanos adjudicatarios de una de estas plazas pagan el 80% de su renta personal. El resto, hasta el precio p\u00fablico de la plaza, 1.200 euros, es abonado por la Administraci\u00f3n auton\u00f3mica.<\/p>\n<p>&nbsp;<\/p>\n","protected":false},"excerpt":{"rendered":"<p>El Instituto Aragon\u00e9s de Servicios Sociales ha ampliado en 92 plazas el Acuerdo Marco de plazas en residencias para mayores dependientes ya que ya se hab\u00edan ocupado las 1.571 que hab\u00eda hasta ahora. Con esta ampliaci\u00f3n el n\u00famero de plazas incluidas en el Acuerdo Marco es de 1.663, un 45% m\u00e1s que al inicio de [&hellip;]<\/p>\n","protected":false},"author":1,"featured_media":947982,"comment_status":"closed","ping_status":"closed","sticky":false,"template":"","format":"standard","meta":{"footnotes":""},"categories":[1],"tags":[],"class_list":["post-947981","post","type-post","status-publish","format-standard","has-post-thumbnail","hentry","category-actualidad"],"aioseo_notices":[],"aioseo_head":"\n\t\t<!-- All in One SEO Pro 5.0.1 - aioseo.com -->\n\t<meta name=\"description\" content=\"El Instituto Aragon\u00e9s de Servicios Sociales ha ampliado en 92 plazas el Acuerdo Marco de plazas en residencias para mayores dependientes ya que ya se hab\u00edan ocupado las 1.571 que hab\u00eda hasta ahora. Con esta ampliaci\u00f3n el n\u00famero de plazas incluidas en el Acuerdo Marco es de 1.663, un 45% m\u00e1s que al inicio de\" \/>\n\t<meta name=\"robots\" content=\"max-image-preview:large\" \/>\n\t<meta name=\"author\" content=\"El Digital de Asturias\"\/>\n\t<meta name=\"google-site-verification\" content=\"UA-38556648-1\" \/>\n\t<meta name=\"msvalidate.01\" content=\"7dfe9f3f1b24437ab69f4f2559babe99\" \/>\n\t<meta name=\"keywords\" content=\"actualidad\" \/>\n\t<link rel=\"canonical\" href=\"https:\/\/www.eldigitaldeasturias.com\/noticias\/marivi-broto-apostamos-por-la-atencion-a-las-personas-dependientes\/\" \/>\n\t<meta name=\"generator\" content=\"All in One SEO Pro (AIOSEO) 5.0.1\" \/>\n\t\t<meta property=\"og:locale\" content=\"es_ES\" \/>\n\t\t<meta property=\"og:site_name\" content=\"El Digital de Asturias\" \/>\n\t\t<meta property=\"og:type\" content=\"article\" \/>\n\t\t<meta property=\"og:title\" content=\"Mariv\u00ed Broto: \u201cApostamos por la atenci\u00f3n a las personas dependientes\u00bb - El Digital de Asturias\" \/>\n\t\t<meta property=\"og:description\" content=\"El Instituto Aragon\u00e9s de Servicios Sociales ha ampliado en 92 plazas el Acuerdo Marco de plazas en residencias para mayores dependientes ya que ya se hab\u00edan ocupado las 1.571 que hab\u00eda hasta ahora. Con esta ampliaci\u00f3n el n\u00famero de plazas incluidas en el Acuerdo Marco es de 1.663, un 45% m\u00e1s que al inicio de\" \/>\n\t\t<meta property=\"og:url\" content=\"https:\/\/www.eldigitaldeasturias.com\/noticias\/marivi-broto-apostamos-por-la-atencion-a-las-personas-dependientes\/\" \/>\n\t\t<meta property=\"article:tag\" content=\"actualidad\" \/>\n\t\t<meta property=\"article:published_time\" content=\"2017-07-29T13:48:38+00:00\" \/>\n\t\t<meta property=\"article:modified_time\" content=\"2017-07-29T13:48:38+00:00\" \/>\n\t\t<meta property=\"article:publisher\" content=\"https:\/\/facebook.com\/eldigitaldeasturias\" \/>\n\t\t<meta name=\"twitter:card\" content=\"summary_large_image\" \/>\n\t\t<meta name=\"twitter:title\" content=\"Mariv\u00ed Broto: \u201cApostamos por la atenci\u00f3n a las personas dependientes\u00bb - El Digital de Asturias\" \/>\n\t\t<meta name=\"twitter:description\" content=\"El Instituto Aragon\u00e9s de Servicios Sociales ha ampliado en 92 plazas el Acuerdo Marco de plazas en residencias para mayores dependientes ya que ya se hab\u00edan ocupado las 1.571 que hab\u00eda hasta ahora. Con esta ampliaci\u00f3n el n\u00famero de plazas incluidas en el Acuerdo Marco es de 1.663, un 45% m\u00e1s que al inicio de\" \/>\n\t\t<meta name=\"twitter:image\" content=\"https:\/\/www.eldigitaldeasturias.com\/noticias\/wp-content\/uploads\/2020\/12\/EDA-1.jpg\" \/>\n\t\t<meta name=\"twitter:label1\" content=\"Escrito por\" \/>\n\t\t<meta name=\"twitter:data1\" content=\"El Digital de Asturias\" \/>\n\t\t<meta name=\"twitter:label2\" content=\"Tiempo de lectura estimado\" \/>\n\t\t<meta name=\"twitter:data2\" content=\"2 minutos\" \/>\n\t\t<script type=\"application\/ld+json\" class=\"aioseo-schema\">\n\t\t\t{\"@context\":\"https:\\\/\\\/schema.org\",\"@graph\":[{\"@type\":\"BlogPosting\",\"@id\":\"https:\\\/\\\/www.eldigitaldeasturias.com\\\/noticias\\\/marivi-broto-apostamos-por-la-atencion-a-las-personas-dependientes\\\/#blogposting\",\"name\":\"Mariv\\u00ed Broto: \\u201cApostamos por la atenci\\u00f3n a las personas dependientes\\u00bb - El Digital de Asturias\",\"headline\":\"Mariv\\u00ed Broto: \\u201cApostamos por la atenci\\u00f3n a las personas dependientes\\u00bb\",\"author\":{\"@id\":\"https:\\\/\\\/www.eldigitaldeasturias.com\\\/noticias\\\/author\\\/admin\\\/#author\"},\"publisher\":{\"@id\":\"https:\\\/\\\/www.eldigitaldeasturias.com\\\/noticias\\\/#organization\"},\"image\":{\"@type\":\"ImageObject\",\"url\":947982},\"datePublished\":\"2017-07-29T13:48:38+02:00\",\"dateModified\":\"2017-07-29T13:48:38+02:00\",\"inLanguage\":\"es-ES\",\"mainEntityOfPage\":{\"@id\":\"https:\\\/\\\/www.eldigitaldeasturias.com\\\/noticias\\\/marivi-broto-apostamos-por-la-atencion-a-las-personas-dependientes\\\/#webpage\"},\"isPartOf\":{\"@id\":\"https:\\\/\\\/www.eldigitaldeasturias.com\\\/noticias\\\/marivi-broto-apostamos-por-la-atencion-a-las-personas-dependientes\\\/#webpage\"},\"articleSection\":\"Actualidad\"},{\"@type\":\"BreadcrumbList\",\"@id\":\"https:\\\/\\\/www.eldigitaldeasturias.com\\\/noticias\\\/marivi-broto-apostamos-por-la-atencion-a-las-personas-dependientes\\\/#breadcrumblist\",\"itemListElement\":[{\"@type\":\"ListItem\",\"@id\":\"https:\\\/\\\/www.eldigitaldeasturias.com\\\/noticias#listItem\",\"position\":1,\"name\":\"Home\",\"item\":\"https:\\\/\\\/www.eldigitaldeasturias.com\\\/noticias\",\"nextItem\":{\"@type\":\"ListItem\",\"@id\":\"https:\\\/\\\/www.eldigitaldeasturias.com\\\/noticias\\\/category\\\/actualidad\\\/#listItem\",\"name\":\"Actualidad\"}},{\"@type\":\"ListItem\",\"@id\":\"https:\\\/\\\/www.eldigitaldeasturias.com\\\/noticias\\\/category\\\/actualidad\\\/#listItem\",\"position\":2,\"name\":\"Actualidad\",\"item\":\"https:\\\/\\\/www.eldigitaldeasturias.com\\\/noticias\\\/category\\\/actualidad\\\/\",\"nextItem\":{\"@type\":\"ListItem\",\"@id\":\"https:\\\/\\\/www.eldigitaldeasturias.com\\\/noticias\\\/marivi-broto-apostamos-por-la-atencion-a-las-personas-dependientes\\\/#listItem\",\"name\":\"Mariv\\u00ed Broto: \\u201cApostamos por la atenci\\u00f3n a las personas dependientes\\u00bb\"},\"previousItem\":{\"@type\":\"ListItem\",\"@id\":\"https:\\\/\\\/www.eldigitaldeasturias.com\\\/noticias#listItem\",\"name\":\"Home\"}},{\"@type\":\"ListItem\",\"@id\":\"https:\\\/\\\/www.eldigitaldeasturias.com\\\/noticias\\\/marivi-broto-apostamos-por-la-atencion-a-las-personas-dependientes\\\/#listItem\",\"position\":3,\"name\":\"Mariv\\u00ed Broto: \\u201cApostamos por la atenci\\u00f3n a las personas dependientes\\u00bb\",\"previousItem\":{\"@type\":\"ListItem\",\"@id\":\"https:\\\/\\\/www.eldigitaldeasturias.com\\\/noticias\\\/category\\\/actualidad\\\/#listItem\",\"name\":\"Actualidad\"}}]},{\"@type\":\"Organization\",\"@id\":\"https:\\\/\\\/www.eldigitaldeasturias.com\\\/noticias\\\/#organization\",\"name\":\"El Digital de Asturias\",\"description\":\"Hemeroteca\",\"url\":\"https:\\\/\\\/www.eldigitaldeasturias.com\\\/noticias\\\/\",\"email\":\"info@eldigitaldeasturias.com\",\"telephone\":\"+34652131393\",\"logo\":{\"@type\":\"ImageObject\",\"url\":\"https:\\\/\\\/www.eldigitaldeasturias.com\\\/noticias\\\/wp-content\\\/uploads\\\/2020\\\/12\\\/EDA.jpg\",\"@id\":\"https:\\\/\\\/www.eldigitaldeasturias.com\\\/noticias\\\/marivi-broto-apostamos-por-la-atencion-a-las-personas-dependientes\\\/#organizationLogo\"},\"image\":{\"@id\":\"https:\\\/\\\/www.eldigitaldeasturias.com\\\/noticias\\\/marivi-broto-apostamos-por-la-atencion-a-las-personas-dependientes\\\/#organizationLogo\"},\"sameAs\":[\"https:\\\/\\\/facebook.com\\\/eldigitaldeasturias\",\"https:\\\/\\\/www.youtube.com\\\/channel\\\/UCZP-2wLEB9Rv6erhFmqVnvg\"],\"address\":{\"@id\":\"https:\\\/\\\/www.eldigitaldeasturias.com\\\/noticias\\\/#postaladdress\",\"@type\":\"PostalAddress\",\"streetAddress\":\"san antonio 4\",\"postalCode\":\"33430\",\"addressLocality\":\"Cand\\u00e1s\",\"addressRegion\":\"Asturias\",\"addressCountry\":\"ES\"}},{\"@type\":\"Person\",\"@id\":\"https:\\\/\\\/www.eldigitaldeasturias.com\\\/noticias\\\/author\\\/admin\\\/#author\",\"url\":\"https:\\\/\\\/www.eldigitaldeasturias.com\\\/noticias\\\/author\\\/admin\\\/\",\"name\":\"El Digital de Asturias\",\"image\":{\"@type\":\"ImageObject\",\"@id\":\"https:\\\/\\\/www.eldigitaldeasturias.com\\\/noticias\\\/marivi-broto-apostamos-por-la-atencion-a-las-personas-dependientes\\\/#authorImage\",\"url\":\"https:\\\/\\\/secure.gravatar.com\\\/avatar\\\/df2aeffc32bcd13f8d26072ef8a91b623d677766deac7f97ca815868cd41bf5e?s=96&d=mm&r=g\",\"width\":96,\"height\":96,\"caption\":\"El Digital de Asturias\"}},{\"@type\":\"WebPage\",\"@id\":\"https:\\\/\\\/www.eldigitaldeasturias.com\\\/noticias\\\/marivi-broto-apostamos-por-la-atencion-a-las-personas-dependientes\\\/#webpage\",\"url\":\"https:\\\/\\\/www.eldigitaldeasturias.com\\\/noticias\\\/marivi-broto-apostamos-por-la-atencion-a-las-personas-dependientes\\\/\",\"name\":\"Mariv\\u00ed Broto: \\u201cApostamos por la atenci\\u00f3n a las personas dependientes\\u00bb - El Digital de Asturias\",\"description\":\"El Instituto Aragon\\u00e9s de Servicios Sociales ha ampliado en 92 plazas el Acuerdo Marco de plazas en residencias para mayores dependientes ya que ya se hab\\u00edan ocupado las 1.571 que hab\\u00eda hasta ahora. Con esta ampliaci\\u00f3n el n\\u00famero de plazas incluidas en el Acuerdo Marco es de 1.663, un 45% m\\u00e1s que al inicio de\",\"inLanguage\":\"es-ES\",\"isPartOf\":{\"@id\":\"https:\\\/\\\/www.eldigitaldeasturias.com\\\/noticias\\\/#website\"},\"breadcrumb\":{\"@id\":\"https:\\\/\\\/www.eldigitaldeasturias.com\\\/noticias\\\/marivi-broto-apostamos-por-la-atencion-a-las-personas-dependientes\\\/#breadcrumblist\"},\"author\":{\"@id\":\"https:\\\/\\\/www.eldigitaldeasturias.com\\\/noticias\\\/author\\\/admin\\\/#author\"},\"creator\":{\"@id\":\"https:\\\/\\\/www.eldigitaldeasturias.com\\\/noticias\\\/author\\\/admin\\\/#author\"},\"image\":{\"@type\":\"ImageObject\",\"url\":947982,\"@id\":\"https:\\\/\\\/www.eldigitaldeasturias.com\\\/noticias\\\/marivi-broto-apostamos-por-la-atencion-a-las-personas-dependientes\\\/#mainImage\"},\"primaryImageOfPage\":{\"@id\":\"https:\\\/\\\/www.eldigitaldeasturias.com\\\/noticias\\\/marivi-broto-apostamos-por-la-atencion-a-las-personas-dependientes\\\/#mainImage\"},\"datePublished\":\"2017-07-29T13:48:38+02:00\",\"dateModified\":\"2017-07-29T13:48:38+02:00\"},{\"@type\":\"WebSite\",\"@id\":\"https:\\\/\\\/www.eldigitaldeasturias.com\\\/noticias\\\/#website\",\"url\":\"https:\\\/\\\/www.eldigitaldeasturias.com\\\/noticias\\\/\",\"name\":\"El Digital de Asturias - Diario de actualidad y noticias\",\"alternateName\":\"El Digital de Asturias - Diario de actualidad y noticias\",\"description\":\"Hemeroteca\",\"inLanguage\":\"es-ES\",\"publisher\":{\"@id\":\"https:\\\/\\\/www.eldigitaldeasturias.com\\\/noticias\\\/#organization\"}}]}\n\t\t<\/script>\n\t\t<!-- All in One SEO Pro -->\r\n\t\t<title>Mariv\u00ed Broto: \u201cApostamos por la atenci\u00f3n a las personas dependientes\u00bb - El Digital de Asturias<\/title>\n\n","aioseo_head_json":{"title":"Mariv\u00ed Broto: \u201cApostamos por la atenci\u00f3n a las personas dependientes\u00bb - El Digital de Asturias","description":"El Instituto Aragon\u00e9s de Servicios Sociales ha ampliado en 92 plazas el Acuerdo Marco de plazas en residencias para mayores dependientes ya que ya se hab\u00edan ocupado las 1.571 que hab\u00eda hasta ahora. Con esta ampliaci\u00f3n el n\u00famero de plazas incluidas en el Acuerdo Marco es de 1.663, un 45% m\u00e1s que al inicio de","canonical_url":"https:\/\/www.eldigitaldeasturias.com\/noticias\/marivi-broto-apostamos-por-la-atencion-a-las-personas-dependientes\/","robots":"max-image-preview:large","keywords":"actualidad","webmasterTools":{"google-site-verification":"UA-38556648-1","msvalidate.01":"7dfe9f3f1b24437ab69f4f2559babe99","miscellaneous":""},"schema":{"@context":"https:\/\/schema.org","@graph":[{"@type":"BlogPosting","@id":"https:\/\/www.eldigitaldeasturias.com\/noticias\/marivi-broto-apostamos-por-la-atencion-a-las-personas-dependientes\/#blogposting","name":"Mariv\u00ed Broto: \u201cApostamos por la atenci\u00f3n a las personas dependientes\u00bb - El Digital de Asturias","headline":"Mariv\u00ed Broto: \u201cApostamos por la atenci\u00f3n a las personas dependientes\u00bb","author":{"@id":"https:\/\/www.eldigitaldeasturias.com\/noticias\/author\/admin\/#author"},"publisher":{"@id":"https:\/\/www.eldigitaldeasturias.com\/noticias\/#organization"},"image":{"@type":"ImageObject","url":947982},"datePublished":"2017-07-29T13:48:38+02:00","dateModified":"2017-07-29T13:48:38+02:00","inLanguage":"es-ES","mainEntityOfPage":{"@id":"https:\/\/www.eldigitaldeasturias.com\/noticias\/marivi-broto-apostamos-por-la-atencion-a-las-personas-dependientes\/#webpage"},"isPartOf":{"@id":"https:\/\/www.eldigitaldeasturias.com\/noticias\/marivi-broto-apostamos-por-la-atencion-a-las-personas-dependientes\/#webpage"},"articleSection":"Actualidad"},{"@type":"BreadcrumbList","@id":"https:\/\/www.eldigitaldeasturias.com\/noticias\/marivi-broto-apostamos-por-la-atencion-a-las-personas-dependientes\/#breadcrumblist","itemListElement":[{"@type":"ListItem","@id":"https:\/\/www.eldigitaldeasturias.com\/noticias#listItem","position":1,"name":"Home","item":"https:\/\/www.eldigitaldeasturias.com\/noticias","nextItem":{"@type":"ListItem","@id":"https:\/\/www.eldigitaldeasturias.com\/noticias\/category\/actualidad\/#listItem","name":"Actualidad"}},{"@type":"ListItem","@id":"https:\/\/www.eldigitaldeasturias.com\/noticias\/category\/actualidad\/#listItem","position":2,"name":"Actualidad","item":"https:\/\/www.eldigitaldeasturias.com\/noticias\/category\/actualidad\/","nextItem":{"@type":"ListItem","@id":"https:\/\/www.eldigitaldeasturias.com\/noticias\/marivi-broto-apostamos-por-la-atencion-a-las-personas-dependientes\/#listItem","name":"Mariv\u00ed Broto: \u201cApostamos por la atenci\u00f3n a las personas dependientes\u00bb"},"previousItem":{"@type":"ListItem","@id":"https:\/\/www.eldigitaldeasturias.com\/noticias#listItem","name":"Home"}},{"@type":"ListItem","@id":"https:\/\/www.eldigitaldeasturias.com\/noticias\/marivi-broto-apostamos-por-la-atencion-a-las-personas-dependientes\/#listItem","position":3,"name":"Mariv\u00ed Broto: \u201cApostamos por la atenci\u00f3n a las personas dependientes\u00bb","previousItem":{"@type":"ListItem","@id":"https:\/\/www.eldigitaldeasturias.com\/noticias\/category\/actualidad\/#listItem","name":"Actualidad"}}]},{"@type":"Organization","@id":"https:\/\/www.eldigitaldeasturias.com\/noticias\/#organization","name":"El Digital de Asturias","description":"Hemeroteca","url":"https:\/\/www.eldigitaldeasturias.com\/noticias\/","email":"info@eldigitaldeasturias.com","telephone":"+34652131393","logo":{"@type":"ImageObject","url":"https:\/\/www.eldigitaldeasturias.com\/noticias\/wp-content\/uploads\/2020\/12\/EDA.jpg","@id":"https:\/\/www.eldigitaldeasturias.com\/noticias\/marivi-broto-apostamos-por-la-atencion-a-las-personas-dependientes\/#organizationLogo"},"image":{"@id":"https:\/\/www.eldigitaldeasturias.com\/noticias\/marivi-broto-apostamos-por-la-atencion-a-las-personas-dependientes\/#organizationLogo"},"sameAs":["https:\/\/facebook.com\/eldigitaldeasturias","https:\/\/www.youtube.com\/channel\/UCZP-2wLEB9Rv6erhFmqVnvg"],"address":{"@id":"https:\/\/www.eldigitaldeasturias.com\/noticias\/#postaladdress","@type":"PostalAddress","streetAddress":"san antonio 4","postalCode":"33430","addressLocality":"Cand\u00e1s","addressRegion":"Asturias","addressCountry":"ES"}},{"@type":"Person","@id":"https:\/\/www.eldigitaldeasturias.com\/noticias\/author\/admin\/#author","url":"https:\/\/www.eldigitaldeasturias.com\/noticias\/author\/admin\/","name":"El Digital de Asturias","image":{"@type":"ImageObject","@id":"https:\/\/www.eldigitaldeasturias.com\/noticias\/marivi-broto-apostamos-por-la-atencion-a-las-personas-dependientes\/#authorImage","url":"https:\/\/secure.gravatar.com\/avatar\/df2aeffc32bcd13f8d26072ef8a91b623d677766deac7f97ca815868cd41bf5e?s=96&d=mm&r=g","width":96,"height":96,"caption":"El Digital de Asturias"}},{"@type":"WebPage","@id":"https:\/\/www.eldigitaldeasturias.com\/noticias\/marivi-broto-apostamos-por-la-atencion-a-las-personas-dependientes\/#webpage","url":"https:\/\/www.eldigitaldeasturias.com\/noticias\/marivi-broto-apostamos-por-la-atencion-a-las-personas-dependientes\/","name":"Mariv\u00ed Broto: \u201cApostamos por la atenci\u00f3n a las personas dependientes\u00bb - El Digital de Asturias","description":"El Instituto Aragon\u00e9s de Servicios Sociales ha ampliado en 92 plazas el Acuerdo Marco de plazas en residencias para mayores dependientes ya que ya se hab\u00edan ocupado las 1.571 que hab\u00eda hasta ahora. Con esta ampliaci\u00f3n el n\u00famero de plazas incluidas en el Acuerdo Marco es de 1.663, un 45% m\u00e1s que al inicio de","inLanguage":"es-ES","isPartOf":{"@id":"https:\/\/www.eldigitaldeasturias.com\/noticias\/#website"},"breadcrumb":{"@id":"https:\/\/www.eldigitaldeasturias.com\/noticias\/marivi-broto-apostamos-por-la-atencion-a-las-personas-dependientes\/#breadcrumblist"},"author":{"@id":"https:\/\/www.eldigitaldeasturias.com\/noticias\/author\/admin\/#author"},"creator":{"@id":"https:\/\/www.eldigitaldeasturias.com\/noticias\/author\/admin\/#author"},"image":{"@type":"ImageObject","url":947982,"@id":"https:\/\/www.eldigitaldeasturias.com\/noticias\/marivi-broto-apostamos-por-la-atencion-a-las-personas-dependientes\/#mainImage"},"primaryImageOfPage":{"@id":"https:\/\/www.eldigitaldeasturias.com\/noticias\/marivi-broto-apostamos-por-la-atencion-a-las-personas-dependientes\/#mainImage"},"datePublished":"2017-07-29T13:48:38+02:00","dateModified":"2017-07-29T13:48:38+02:00"},{"@type":"WebSite","@id":"https:\/\/www.eldigitaldeasturias.com\/noticias\/#website","url":"https:\/\/www.eldigitaldeasturias.com\/noticias\/","name":"El Digital de Asturias - Diario de actualidad y noticias","alternateName":"El Digital de Asturias - Diario de actualidad y noticias","description":"Hemeroteca","inLanguage":"es-ES","publisher":{"@id":"https:\/\/www.eldigitaldeasturias.com\/noticias\/#organization"}}]},"og:locale":"es_ES","og:site_name":"El Digital de Asturias","og:type":"article","og:title":"Mariv\u00ed Broto: \u201cApostamos por la atenci\u00f3n a las personas dependientes\u00bb - El Digital de Asturias","og:description":"El Instituto Aragon\u00e9s de Servicios Sociales ha ampliado en 92 plazas el Acuerdo Marco de plazas en residencias para mayores dependientes ya que ya se hab\u00edan ocupado las 1.571 que hab\u00eda hasta ahora. Con esta ampliaci\u00f3n el n\u00famero de plazas incluidas en el Acuerdo Marco es de 1.663, un 45% m\u00e1s que al inicio de","og:url":"https:\/\/www.eldigitaldeasturias.com\/noticias\/marivi-broto-apostamos-por-la-atencion-a-las-personas-dependientes\/","article:tag":["actualidad"],"article:published_time":"2017-07-29T13:48:38+00:00","article:modified_time":"2017-07-29T13:48:38+00:00","article:publisher":"https:\/\/facebook.com\/eldigitaldeasturias","twitter:card":"summary_large_image","twitter:title":"Mariv\u00ed Broto: \u201cApostamos por la atenci\u00f3n a las personas dependientes\u00bb - El Digital de Asturias","twitter:description":"El Instituto Aragon\u00e9s de Servicios Sociales ha ampliado en 92 plazas el Acuerdo Marco de plazas en residencias para mayores dependientes ya que ya se hab\u00edan ocupado las 1.571 que hab\u00eda hasta ahora. Con esta ampliaci\u00f3n el n\u00famero de plazas incluidas en el Acuerdo Marco es de 1.663, un 45% m\u00e1s que al inicio de","twitter:image":"https:\/\/www.eldigitaldeasturias.com\/noticias\/wp-content\/uploads\/2020\/12\/EDA-1.jpg","twitter:label1":"Escrito por","twitter:data1":"El Digital de Asturias","twitter:label2":"Tiempo de lectura estimado","twitter:data2":"2 minutos"},"aioseo_meta_data":{"post_id":"947981","title":null,"description":null,"keywords":null,"keyphrases":null,"primary_term":null,"canonical_url":null,"og_title":null,"og_description":null,"og_object_type":"default","og_image_type":"default","og_image_url":null,"og_image_width":null,"og_image_height":null,"og_image_custom_url":null,"og_image_custom_fields":null,"og_video":null,"og_custom_url":null,"og_article_section":null,"og_article_tags":null,"twitter_use_og":false,"twitter_card":"default","twitter_image_type":"default","twitter_image_url":null,"twitter_image_custom_url":null,"twitter_image_custom_fields":null,"twitter_title":null,"twitter_description":null,"schema":{"blockGraphs":[],"customGraphs":[],"default":{"data":{"Article":[],"Course":[],"Dataset":[],"FAQPage":[],"Movie":[],"Person":[],"Product":[],"ProductReview":[],"Car":[],"Recipe":[],"Service":[],"SoftwareApplication":[],"WebPage":[]},"graphName":"","isEnabled":true},"graphs":[],"defaultGraph":"","defaultPostTypeGraph":""},"schema_type":null,"schema_type_options":null,"pillar_content":false,"robots_default":true,"robots_noindex":false,"robots_noarchive":false,"robots_nosnippet":false,"robots_nofollow":false,"robots_noimageindex":false,"robots_noodp":false,"robots_notranslate":false,"robots_max_snippet":null,"robots_max_videopreview":null,"robots_max_imagepreview":"large","priority":null,"frequency":null,"local_seo":null,"seo_analyzer_scan_date":"2025-12-05 07:03:16","breadcrumb_settings":null,"limit_modified_date":false,"open_ai":null,"ai":null,"created":"2020-12-21 13:05:44","updated":"2025-12-05 07:03:16","focus_keyword":null,"additional_keywords":null,"truseo_locale":null},"aioseo_breadcrumb":"<div class=\"aioseo-breadcrumbs\"><span class=\"aioseo-breadcrumb\">\n\t<a href=\"https:\/\/www.eldigitaldeasturias.com\/noticias\" title=\"Home\">Home<\/a>\n<\/span><span class=\"aioseo-breadcrumb-separator\">\u2013<\/span><span class=\"aioseo-breadcrumb\">\n\t<a href=\"https:\/\/www.eldigitaldeasturias.com\/noticias\/category\/actualidad\/\" title=\"Actualidad\">Actualidad<\/a>\n<\/span><span class=\"aioseo-breadcrumb-separator\">\u2013<\/span><span class=\"aioseo-breadcrumb\">\n\t<a href=\"https:\/\/www.eldigitaldeasturias.com\/noticias\/marivi-broto-apostamos-por-la-atencion-a-las-personas-dependientes\/\" title=\"Mariv\u00ed Broto: \u201cApostamos por la atenci\u00f3n a las personas dependientes\u00bb\">Mariv\u00ed Broto: \u201cApostamos por la atenci\u00f3n a las personas dependientes\u00bb<\/a>\n<\/span><\/div>","aioseo_breadcrumb_json":[{"label":"Home","link":"https:\/\/www.eldigitaldeasturias.com\/noticias"},{"label":"Actualidad","link":"https:\/\/www.eldigitaldeasturias.com\/noticias\/category\/actualidad\/"},{"label":"Mariv\u00ed Broto: \u201cApostamos por la atenci\u00f3n a las personas dependientes\u00bb","link":"https:\/\/www.eldigitaldeasturias.com\/noticias\/marivi-broto-apostamos-por-la-atencion-a-las-personas-dependientes\/"}],"_links":{"self":[{"href":"https:\/\/www.eldigitaldeasturias.com\/noticias\/wp-json\/wp\/v2\/posts\/947981","targetHints":{"allow":["GET"]}}],"collection":[{"href":"https:\/\/www.eldigitaldeasturias.com\/noticias\/wp-json\/wp\/v2\/posts"}],"about":[{"href":"https:\/\/www.eldigitaldeasturias.com\/noticias\/wp-json\/wp\/v2\/types\/post"}],"author":[{"embeddable":true,"href":"https:\/\/www.eldigitaldeasturias.com\/noticias\/wp-json\/wp\/v2\/users\/1"}],"replies":[{"embeddable":true,"href":"https:\/\/www.eldigitaldeasturias.com\/noticias\/wp-json\/wp\/v2\/comments?post=947981"}],"version-history":[{"count":0,"href":"https:\/\/www.eldigitaldeasturias.com\/noticias\/wp-json\/wp\/v2\/posts\/947981\/revisions"}],"wp:attachment":[{"href":"https:\/\/www.eldigitaldeasturias.com\/noticias\/wp-json\/wp\/v2\/media?parent=947981"}],"wp:term":[{"taxonomy":"category","embeddable":true,"href":"https:\/\/www.eldigitaldeasturias.com\/noticias\/wp-json\/wp\/v2\/categories?post=947981"},{"taxonomy":"post_tag","embeddable":true,"href":"https:\/\/www.eldigitaldeasturias.com\/noticias\/wp-json\/wp\/v2\/tags?post=947981"}],"curies":[{"name":"wp","href":"https:\/\/api.w.org\/{rel}","templated":true}]}}