{"id":947978,"date":"2017-07-29T13:46:19","date_gmt":"2017-07-29T13:46:19","guid":{"rendered":"http:\/\/www.eldigitaldeasturias.com\/noticias\/?p=947978"},"modified":"2017-07-29T13:46:19","modified_gmt":"2017-07-29T13:46:19","slug":"comienza-el-festival-bunuel-calanda","status":"publish","type":"post","link":"https:\/\/www.eldigitaldeasturias.com\/noticias\/comienza-el-festival-bunuel-calanda\/","title":{"rendered":"Comienza el Festival Bu\u00f1uel-Calanda"},"content":{"rendered":"<p><img loading=\"lazy\" decoding=\"async\" class=\"alignleft size-medium wp-image-947979\" src=\"https:\/\/www.eldigitaldeasturias.com\/noticias\/wp-content\/uploads\/2017\/07\/Festival_Bunuel_Calanda-360x243.jpg\" alt=\"\" width=\"360\" height=\"243\" \/>El municipio turolense de Calanda vuelve a ser, una vez m\u00e1s, de cine. La vinculaci\u00f3n del s\u00e9ptimo arte con la localidad, en la que naci\u00f3 el genial director Luis Bu\u00f1uel, vuelve a ponerse de manifiesto con el festival dedicado a su ilustre paisano, que abre hoy sus puertas. Por delante quedan ocho d\u00edas dedicados a las pel\u00edculas, pero tambi\u00e9n a m\u00faltiples actividades relacionadas con el celuloide y las historias que cuenta.<\/p>\n<p>La consejera de Educaci\u00f3n, Cultura y Deporte, Mayte P\u00e9rez, asistir\u00e1 a la inauguraci\u00f3n de la cita, esta noche, en una velada que tendr\u00e1 como hilo conductor el cl\u00e1sico \u2018Un perro andaluz\u2019. Adem\u00e1s de su visionado, habr\u00e1 montajes visuales sobre esta joya del surrealismo y m\u00fasica de jazz concebida expresamente para esta cita.<\/p>\n<p>A lo largo de las pr\u00f3ximas jornadas, se intercalar\u00e1 la proyecci\u00f3n de las cintas a concurso en la secci\u00f3n oficial Avant-Garde (en la que compiten 6 largometrajes y 15 cortos, sin hacer distinci\u00f3n entre las categor\u00edas de ficci\u00f3n y documental) con charlas, coloquios sobre el cine y las vanguardias art\u00edsticas, y una exposici\u00f3n que lleva por t\u00edtulo \u2018Abismos de pasi\u00f3n\u2026 por el cine\u2019, a cargo del pintor zaragozano C\u00e9sar S\u00e1nchez V\u00e1zquez, que agrupa trabajos suyos con trasfondo cinematogr\u00e1fico y carteles antiguos pertenecientes a su colecci\u00f3n particular. El festival mostrar\u00e1 asimismo los trabajos de escolares aragoneses de ESO que, a lo largo del mes de junio, han participado en unos cursos-taller en los que han creado varios v\u00eddeos.<\/p>\n<p>Adem\u00e1s de los filmes que compiten por hacerse con un galard\u00f3n, y que ser\u00e1n valorados por un jurado compuesto de cinco personas (la cineasta calandina Mercedes Gaspar, la directora y guionista aragonesa Vicky Calavia, el profesor de Narrativa Cinematogr\u00e1fica y Gui\u00f3n en la Universidad Rey Juan Carlos de Madrid Carlos Tejeda, el director del Festival de Cine y la Palabra CIBRA Gabriel Casta\u00f1o y Enrique Marqu\u00e9s, miembro de la Tertulia Perdiguer de Zaragoza), se ha puesto en marcha una secci\u00f3n espec\u00edfica de largometrajes aragoneses producidos en el \u00faltimo a\u00f1o. As\u00ed, se proyectar\u00e1n trabajos del palmar\u00e9s de la \u00faltima edici\u00f3n de los Premios Sim\u00f3n del cine aragon\u00e9s, organizados por la Academia del Cine Aragon\u00e9s (ACA).<\/p>\n<p>Este a\u00f1o, la personalidad homenajeada, que recibir\u00e1 el galard\u00f3n Bu\u00f1uel-Calanda, es el mexicano Guillermo Arriaga, guionista de grandes \u00e9xitos del celuloide reciente como las reconocidas \u201921 gramos\u2019, \u2018Amores perros\u2019, \u2018Babel\u2019 o \u2018Lejos de la tierra quemada\u2019. El propio Arriaga asistir\u00e1 el viernes a un desayuno con periodistas y participar\u00e1 posteriormente, a partir de las 12.30, en una mesa redonda sobre el gui\u00f3n en la que estar\u00e1 acompa\u00f1ado por Paula Ortiz, Carlos Tejeda y Gabriel Casta\u00f1o.<\/p>\n<p><strong>A\u00f1o Bu\u00f1uel<\/strong><\/p>\n<p>El Gobierno de Arag\u00f3n ha desarrollado un plan de actuaci\u00f3n total en torno a la figura de Luis Bu\u00f1uel, a trav\u00e9s de iniciativas como este propio festival o la recientemente inaugurada exposici\u00f3n \u2018Ram\u00f3n Masats. Bu\u00f1uel en Viridiana\u2019, que muestra im\u00e1genes in\u00e9ditas tomadas por el fot\u00f3grafo durante el rodaje de la m\u00edtica cinta y que se puede disfrutar en el IAACC Pablo Serrano de Zaragoza. Posteriormente, se trasladar\u00e1 al Centro Bu\u00f1uel Calanda, al Museo de Teruel y al Museo de Huesca.<\/p>\n<p>La promoci\u00f3n del trabajo del cineasta aragon\u00e9s incluye asimismo otras actividades como la exposici\u00f3n sobre su obra y figura que se inaugurar\u00e1 el 14 de diciembre en Madrid o la versi\u00f3n en danza que ese mismo d\u00eda estrenar\u00e1n Miguel \u00c1ngel Berna y LaMov con el trabajo del director como trasfondo.<\/p>\n<p>Adem\u00e1s, Educaci\u00f3n ha generado una beca en la Residencia de Estudiantes, casi cien a\u00f1os despu\u00e9s de la llegada de Luis Bu\u00f1uel, y colabora con la Universidad de Zaragoza en la organizaci\u00f3n de un seminario y un curso de verano sobre Bu\u00f1uel.<\/p>\n<p>&nbsp;<\/p>\n","protected":false},"excerpt":{"rendered":"<p>El municipio turolense de Calanda vuelve a ser, una vez m\u00e1s, de cine. La vinculaci\u00f3n del s\u00e9ptimo arte con la localidad, en la que naci\u00f3 el genial director Luis Bu\u00f1uel, vuelve a ponerse de manifiesto con el festival dedicado a su ilustre paisano, que abre hoy sus puertas. Por delante quedan ocho d\u00edas dedicados a [&hellip;]<\/p>\n","protected":false},"author":1,"featured_media":942955,"comment_status":"closed","ping_status":"closed","sticky":false,"template":"","format":"standard","meta":{"footnotes":""},"categories":[1],"tags":[],"class_list":["post-947978","post","type-post","status-publish","format-standard","has-post-thumbnail","hentry","category-actualidad"],"aioseo_notices":[],"aioseo_head":"\n\t\t<!-- All in One SEO Pro 5.0.1 - aioseo.com -->\n\t<meta name=\"description\" content=\"El municipio turolense de Calanda vuelve a ser, una vez m\u00e1s, de cine. La vinculaci\u00f3n del s\u00e9ptimo arte con la localidad, en la que naci\u00f3 el genial director Luis Bu\u00f1uel, vuelve a ponerse de manifiesto con el festival dedicado a su ilustre paisano, que abre hoy sus puertas. Por delante quedan ocho d\u00edas dedicados a\" \/>\n\t<meta name=\"robots\" content=\"max-image-preview:large\" \/>\n\t<meta name=\"author\" content=\"El Digital de Asturias\"\/>\n\t<meta name=\"google-site-verification\" content=\"UA-38556648-1\" \/>\n\t<meta name=\"msvalidate.01\" content=\"7dfe9f3f1b24437ab69f4f2559babe99\" \/>\n\t<meta name=\"keywords\" content=\"actualidad\" \/>\n\t<link rel=\"canonical\" href=\"https:\/\/www.eldigitaldeasturias.com\/noticias\/comienza-el-festival-bunuel-calanda\/\" \/>\n\t<meta name=\"generator\" content=\"All in One SEO Pro (AIOSEO) 5.0.1\" \/>\n\t\t<meta property=\"og:locale\" content=\"es_ES\" \/>\n\t\t<meta property=\"og:site_name\" content=\"El Digital de Asturias\" \/>\n\t\t<meta property=\"og:type\" content=\"article\" \/>\n\t\t<meta property=\"og:title\" content=\"Comienza el Festival Bu\u00f1uel-Calanda - El Digital de Asturias\" \/>\n\t\t<meta property=\"og:description\" content=\"El municipio turolense de Calanda vuelve a ser, una vez m\u00e1s, de cine. La vinculaci\u00f3n del s\u00e9ptimo arte con la localidad, en la que naci\u00f3 el genial director Luis Bu\u00f1uel, vuelve a ponerse de manifiesto con el festival dedicado a su ilustre paisano, que abre hoy sus puertas. Por delante quedan ocho d\u00edas dedicados a\" \/>\n\t\t<meta property=\"og:url\" content=\"https:\/\/www.eldigitaldeasturias.com\/noticias\/comienza-el-festival-bunuel-calanda\/\" \/>\n\t\t<meta property=\"article:tag\" content=\"actualidad\" \/>\n\t\t<meta property=\"article:published_time\" content=\"2017-07-29T13:46:19+00:00\" \/>\n\t\t<meta property=\"article:modified_time\" content=\"2017-07-29T13:46:19+00:00\" \/>\n\t\t<meta property=\"article:publisher\" content=\"https:\/\/facebook.com\/eldigitaldeasturias\" \/>\n\t\t<meta name=\"twitter:card\" content=\"summary_large_image\" \/>\n\t\t<meta name=\"twitter:title\" content=\"Comienza el Festival Bu\u00f1uel-Calanda - El Digital de Asturias\" \/>\n\t\t<meta name=\"twitter:description\" content=\"El municipio turolense de Calanda vuelve a ser, una vez m\u00e1s, de cine. La vinculaci\u00f3n del s\u00e9ptimo arte con la localidad, en la que naci\u00f3 el genial director Luis Bu\u00f1uel, vuelve a ponerse de manifiesto con el festival dedicado a su ilustre paisano, que abre hoy sus puertas. Por delante quedan ocho d\u00edas dedicados a\" \/>\n\t\t<meta name=\"twitter:image\" content=\"https:\/\/www.eldigitaldeasturias.com\/noticias\/wp-content\/uploads\/2020\/12\/EDA-1.jpg\" \/>\n\t\t<meta name=\"twitter:label1\" content=\"Escrito por\" \/>\n\t\t<meta name=\"twitter:data1\" content=\"El Digital de Asturias\" \/>\n\t\t<meta name=\"twitter:label2\" content=\"Tiempo de lectura estimado\" \/>\n\t\t<meta name=\"twitter:data2\" content=\"3 minutos\" \/>\n\t\t<script type=\"application\/ld+json\" class=\"aioseo-schema\">\n\t\t\t{\"@context\":\"https:\\\/\\\/schema.org\",\"@graph\":[{\"@type\":\"BlogPosting\",\"@id\":\"https:\\\/\\\/www.eldigitaldeasturias.com\\\/noticias\\\/comienza-el-festival-bunuel-calanda\\\/#blogposting\",\"name\":\"Comienza el Festival Bu\\u00f1uel-Calanda - El Digital de Asturias\",\"headline\":\"Comienza el Festival Bu\\u00f1uel-Calanda\",\"author\":{\"@id\":\"https:\\\/\\\/www.eldigitaldeasturias.com\\\/noticias\\\/author\\\/admin\\\/#author\"},\"publisher\":{\"@id\":\"https:\\\/\\\/www.eldigitaldeasturias.com\\\/noticias\\\/#organization\"},\"image\":{\"@type\":\"ImageObject\",\"url\":942955},\"datePublished\":\"2017-07-29T13:46:19+02:00\",\"dateModified\":\"2017-07-29T13:46:19+02:00\",\"inLanguage\":\"es-ES\",\"mainEntityOfPage\":{\"@id\":\"https:\\\/\\\/www.eldigitaldeasturias.com\\\/noticias\\\/comienza-el-festival-bunuel-calanda\\\/#webpage\"},\"isPartOf\":{\"@id\":\"https:\\\/\\\/www.eldigitaldeasturias.com\\\/noticias\\\/comienza-el-festival-bunuel-calanda\\\/#webpage\"},\"articleSection\":\"Actualidad\"},{\"@type\":\"BreadcrumbList\",\"@id\":\"https:\\\/\\\/www.eldigitaldeasturias.com\\\/noticias\\\/comienza-el-festival-bunuel-calanda\\\/#breadcrumblist\",\"itemListElement\":[{\"@type\":\"ListItem\",\"@id\":\"https:\\\/\\\/www.eldigitaldeasturias.com\\\/noticias#listItem\",\"position\":1,\"name\":\"Home\",\"item\":\"https:\\\/\\\/www.eldigitaldeasturias.com\\\/noticias\",\"nextItem\":{\"@type\":\"ListItem\",\"@id\":\"https:\\\/\\\/www.eldigitaldeasturias.com\\\/noticias\\\/category\\\/actualidad\\\/#listItem\",\"name\":\"Actualidad\"}},{\"@type\":\"ListItem\",\"@id\":\"https:\\\/\\\/www.eldigitaldeasturias.com\\\/noticias\\\/category\\\/actualidad\\\/#listItem\",\"position\":2,\"name\":\"Actualidad\",\"item\":\"https:\\\/\\\/www.eldigitaldeasturias.com\\\/noticias\\\/category\\\/actualidad\\\/\",\"nextItem\":{\"@type\":\"ListItem\",\"@id\":\"https:\\\/\\\/www.eldigitaldeasturias.com\\\/noticias\\\/comienza-el-festival-bunuel-calanda\\\/#listItem\",\"name\":\"Comienza el Festival Bu\\u00f1uel-Calanda\"},\"previousItem\":{\"@type\":\"ListItem\",\"@id\":\"https:\\\/\\\/www.eldigitaldeasturias.com\\\/noticias#listItem\",\"name\":\"Home\"}},{\"@type\":\"ListItem\",\"@id\":\"https:\\\/\\\/www.eldigitaldeasturias.com\\\/noticias\\\/comienza-el-festival-bunuel-calanda\\\/#listItem\",\"position\":3,\"name\":\"Comienza el Festival Bu\\u00f1uel-Calanda\",\"previousItem\":{\"@type\":\"ListItem\",\"@id\":\"https:\\\/\\\/www.eldigitaldeasturias.com\\\/noticias\\\/category\\\/actualidad\\\/#listItem\",\"name\":\"Actualidad\"}}]},{\"@type\":\"Organization\",\"@id\":\"https:\\\/\\\/www.eldigitaldeasturias.com\\\/noticias\\\/#organization\",\"name\":\"El Digital de Asturias\",\"description\":\"Hemeroteca\",\"url\":\"https:\\\/\\\/www.eldigitaldeasturias.com\\\/noticias\\\/\",\"email\":\"info@eldigitaldeasturias.com\",\"telephone\":\"+34652131393\",\"logo\":{\"@type\":\"ImageObject\",\"url\":\"https:\\\/\\\/www.eldigitaldeasturias.com\\\/noticias\\\/wp-content\\\/uploads\\\/2020\\\/12\\\/EDA.jpg\",\"@id\":\"https:\\\/\\\/www.eldigitaldeasturias.com\\\/noticias\\\/comienza-el-festival-bunuel-calanda\\\/#organizationLogo\"},\"image\":{\"@id\":\"https:\\\/\\\/www.eldigitaldeasturias.com\\\/noticias\\\/comienza-el-festival-bunuel-calanda\\\/#organizationLogo\"},\"sameAs\":[\"https:\\\/\\\/facebook.com\\\/eldigitaldeasturias\",\"https:\\\/\\\/www.youtube.com\\\/channel\\\/UCZP-2wLEB9Rv6erhFmqVnvg\"],\"address\":{\"@id\":\"https:\\\/\\\/www.eldigitaldeasturias.com\\\/noticias\\\/#postaladdress\",\"@type\":\"PostalAddress\",\"streetAddress\":\"san antonio 4\",\"postalCode\":\"33430\",\"addressLocality\":\"Cand\\u00e1s\",\"addressRegion\":\"Asturias\",\"addressCountry\":\"ES\"}},{\"@type\":\"Person\",\"@id\":\"https:\\\/\\\/www.eldigitaldeasturias.com\\\/noticias\\\/author\\\/admin\\\/#author\",\"url\":\"https:\\\/\\\/www.eldigitaldeasturias.com\\\/noticias\\\/author\\\/admin\\\/\",\"name\":\"El Digital de Asturias\",\"image\":{\"@type\":\"ImageObject\",\"@id\":\"https:\\\/\\\/www.eldigitaldeasturias.com\\\/noticias\\\/comienza-el-festival-bunuel-calanda\\\/#authorImage\",\"url\":\"https:\\\/\\\/secure.gravatar.com\\\/avatar\\\/df2aeffc32bcd13f8d26072ef8a91b623d677766deac7f97ca815868cd41bf5e?s=96&d=mm&r=g\",\"width\":96,\"height\":96,\"caption\":\"El Digital de Asturias\"}},{\"@type\":\"WebPage\",\"@id\":\"https:\\\/\\\/www.eldigitaldeasturias.com\\\/noticias\\\/comienza-el-festival-bunuel-calanda\\\/#webpage\",\"url\":\"https:\\\/\\\/www.eldigitaldeasturias.com\\\/noticias\\\/comienza-el-festival-bunuel-calanda\\\/\",\"name\":\"Comienza el Festival Bu\\u00f1uel-Calanda - El Digital de Asturias\",\"description\":\"El municipio turolense de Calanda vuelve a ser, una vez m\\u00e1s, de cine. La vinculaci\\u00f3n del s\\u00e9ptimo arte con la localidad, en la que naci\\u00f3 el genial director Luis Bu\\u00f1uel, vuelve a ponerse de manifiesto con el festival dedicado a su ilustre paisano, que abre hoy sus puertas. Por delante quedan ocho d\\u00edas dedicados a\",\"inLanguage\":\"es-ES\",\"isPartOf\":{\"@id\":\"https:\\\/\\\/www.eldigitaldeasturias.com\\\/noticias\\\/#website\"},\"breadcrumb\":{\"@id\":\"https:\\\/\\\/www.eldigitaldeasturias.com\\\/noticias\\\/comienza-el-festival-bunuel-calanda\\\/#breadcrumblist\"},\"author\":{\"@id\":\"https:\\\/\\\/www.eldigitaldeasturias.com\\\/noticias\\\/author\\\/admin\\\/#author\"},\"creator\":{\"@id\":\"https:\\\/\\\/www.eldigitaldeasturias.com\\\/noticias\\\/author\\\/admin\\\/#author\"},\"image\":{\"@type\":\"ImageObject\",\"url\":942955,\"@id\":\"https:\\\/\\\/www.eldigitaldeasturias.com\\\/noticias\\\/comienza-el-festival-bunuel-calanda\\\/#mainImage\"},\"primaryImageOfPage\":{\"@id\":\"https:\\\/\\\/www.eldigitaldeasturias.com\\\/noticias\\\/comienza-el-festival-bunuel-calanda\\\/#mainImage\"},\"datePublished\":\"2017-07-29T13:46:19+02:00\",\"dateModified\":\"2017-07-29T13:46:19+02:00\"},{\"@type\":\"WebSite\",\"@id\":\"https:\\\/\\\/www.eldigitaldeasturias.com\\\/noticias\\\/#website\",\"url\":\"https:\\\/\\\/www.eldigitaldeasturias.com\\\/noticias\\\/\",\"name\":\"El Digital de Asturias - Diario de actualidad y noticias\",\"alternateName\":\"El Digital de Asturias - Diario de actualidad y noticias\",\"description\":\"Hemeroteca\",\"inLanguage\":\"es-ES\",\"publisher\":{\"@id\":\"https:\\\/\\\/www.eldigitaldeasturias.com\\\/noticias\\\/#organization\"}}]}\n\t\t<\/script>\n\t\t<!-- All in One SEO Pro -->\r\n\t\t<title>Comienza el Festival Bu\u00f1uel-Calanda - El Digital de Asturias<\/title>\n\n","aioseo_head_json":{"title":"Comienza el Festival Bu\u00f1uel-Calanda - El Digital de Asturias","description":"El municipio turolense de Calanda vuelve a ser, una vez m\u00e1s, de cine. La vinculaci\u00f3n del s\u00e9ptimo arte con la localidad, en la que naci\u00f3 el genial director Luis Bu\u00f1uel, vuelve a ponerse de manifiesto con el festival dedicado a su ilustre paisano, que abre hoy sus puertas. Por delante quedan ocho d\u00edas dedicados a","canonical_url":"https:\/\/www.eldigitaldeasturias.com\/noticias\/comienza-el-festival-bunuel-calanda\/","robots":"max-image-preview:large","keywords":"actualidad","webmasterTools":{"google-site-verification":"UA-38556648-1","msvalidate.01":"7dfe9f3f1b24437ab69f4f2559babe99","miscellaneous":""},"schema":{"@context":"https:\/\/schema.org","@graph":[{"@type":"BlogPosting","@id":"https:\/\/www.eldigitaldeasturias.com\/noticias\/comienza-el-festival-bunuel-calanda\/#blogposting","name":"Comienza el Festival Bu\u00f1uel-Calanda - El Digital de Asturias","headline":"Comienza el Festival Bu\u00f1uel-Calanda","author":{"@id":"https:\/\/www.eldigitaldeasturias.com\/noticias\/author\/admin\/#author"},"publisher":{"@id":"https:\/\/www.eldigitaldeasturias.com\/noticias\/#organization"},"image":{"@type":"ImageObject","url":942955},"datePublished":"2017-07-29T13:46:19+02:00","dateModified":"2017-07-29T13:46:19+02:00","inLanguage":"es-ES","mainEntityOfPage":{"@id":"https:\/\/www.eldigitaldeasturias.com\/noticias\/comienza-el-festival-bunuel-calanda\/#webpage"},"isPartOf":{"@id":"https:\/\/www.eldigitaldeasturias.com\/noticias\/comienza-el-festival-bunuel-calanda\/#webpage"},"articleSection":"Actualidad"},{"@type":"BreadcrumbList","@id":"https:\/\/www.eldigitaldeasturias.com\/noticias\/comienza-el-festival-bunuel-calanda\/#breadcrumblist","itemListElement":[{"@type":"ListItem","@id":"https:\/\/www.eldigitaldeasturias.com\/noticias#listItem","position":1,"name":"Home","item":"https:\/\/www.eldigitaldeasturias.com\/noticias","nextItem":{"@type":"ListItem","@id":"https:\/\/www.eldigitaldeasturias.com\/noticias\/category\/actualidad\/#listItem","name":"Actualidad"}},{"@type":"ListItem","@id":"https:\/\/www.eldigitaldeasturias.com\/noticias\/category\/actualidad\/#listItem","position":2,"name":"Actualidad","item":"https:\/\/www.eldigitaldeasturias.com\/noticias\/category\/actualidad\/","nextItem":{"@type":"ListItem","@id":"https:\/\/www.eldigitaldeasturias.com\/noticias\/comienza-el-festival-bunuel-calanda\/#listItem","name":"Comienza el Festival Bu\u00f1uel-Calanda"},"previousItem":{"@type":"ListItem","@id":"https:\/\/www.eldigitaldeasturias.com\/noticias#listItem","name":"Home"}},{"@type":"ListItem","@id":"https:\/\/www.eldigitaldeasturias.com\/noticias\/comienza-el-festival-bunuel-calanda\/#listItem","position":3,"name":"Comienza el Festival Bu\u00f1uel-Calanda","previousItem":{"@type":"ListItem","@id":"https:\/\/www.eldigitaldeasturias.com\/noticias\/category\/actualidad\/#listItem","name":"Actualidad"}}]},{"@type":"Organization","@id":"https:\/\/www.eldigitaldeasturias.com\/noticias\/#organization","name":"El Digital de Asturias","description":"Hemeroteca","url":"https:\/\/www.eldigitaldeasturias.com\/noticias\/","email":"info@eldigitaldeasturias.com","telephone":"+34652131393","logo":{"@type":"ImageObject","url":"https:\/\/www.eldigitaldeasturias.com\/noticias\/wp-content\/uploads\/2020\/12\/EDA.jpg","@id":"https:\/\/www.eldigitaldeasturias.com\/noticias\/comienza-el-festival-bunuel-calanda\/#organizationLogo"},"image":{"@id":"https:\/\/www.eldigitaldeasturias.com\/noticias\/comienza-el-festival-bunuel-calanda\/#organizationLogo"},"sameAs":["https:\/\/facebook.com\/eldigitaldeasturias","https:\/\/www.youtube.com\/channel\/UCZP-2wLEB9Rv6erhFmqVnvg"],"address":{"@id":"https:\/\/www.eldigitaldeasturias.com\/noticias\/#postaladdress","@type":"PostalAddress","streetAddress":"san antonio 4","postalCode":"33430","addressLocality":"Cand\u00e1s","addressRegion":"Asturias","addressCountry":"ES"}},{"@type":"Person","@id":"https:\/\/www.eldigitaldeasturias.com\/noticias\/author\/admin\/#author","url":"https:\/\/www.eldigitaldeasturias.com\/noticias\/author\/admin\/","name":"El Digital de Asturias","image":{"@type":"ImageObject","@id":"https:\/\/www.eldigitaldeasturias.com\/noticias\/comienza-el-festival-bunuel-calanda\/#authorImage","url":"https:\/\/secure.gravatar.com\/avatar\/df2aeffc32bcd13f8d26072ef8a91b623d677766deac7f97ca815868cd41bf5e?s=96&d=mm&r=g","width":96,"height":96,"caption":"El Digital de Asturias"}},{"@type":"WebPage","@id":"https:\/\/www.eldigitaldeasturias.com\/noticias\/comienza-el-festival-bunuel-calanda\/#webpage","url":"https:\/\/www.eldigitaldeasturias.com\/noticias\/comienza-el-festival-bunuel-calanda\/","name":"Comienza el Festival Bu\u00f1uel-Calanda - El Digital de Asturias","description":"El municipio turolense de Calanda vuelve a ser, una vez m\u00e1s, de cine. La vinculaci\u00f3n del s\u00e9ptimo arte con la localidad, en la que naci\u00f3 el genial director Luis Bu\u00f1uel, vuelve a ponerse de manifiesto con el festival dedicado a su ilustre paisano, que abre hoy sus puertas. Por delante quedan ocho d\u00edas dedicados a","inLanguage":"es-ES","isPartOf":{"@id":"https:\/\/www.eldigitaldeasturias.com\/noticias\/#website"},"breadcrumb":{"@id":"https:\/\/www.eldigitaldeasturias.com\/noticias\/comienza-el-festival-bunuel-calanda\/#breadcrumblist"},"author":{"@id":"https:\/\/www.eldigitaldeasturias.com\/noticias\/author\/admin\/#author"},"creator":{"@id":"https:\/\/www.eldigitaldeasturias.com\/noticias\/author\/admin\/#author"},"image":{"@type":"ImageObject","url":942955,"@id":"https:\/\/www.eldigitaldeasturias.com\/noticias\/comienza-el-festival-bunuel-calanda\/#mainImage"},"primaryImageOfPage":{"@id":"https:\/\/www.eldigitaldeasturias.com\/noticias\/comienza-el-festival-bunuel-calanda\/#mainImage"},"datePublished":"2017-07-29T13:46:19+02:00","dateModified":"2017-07-29T13:46:19+02:00"},{"@type":"WebSite","@id":"https:\/\/www.eldigitaldeasturias.com\/noticias\/#website","url":"https:\/\/www.eldigitaldeasturias.com\/noticias\/","name":"El Digital de Asturias - Diario de actualidad y noticias","alternateName":"El Digital de Asturias - Diario de actualidad y noticias","description":"Hemeroteca","inLanguage":"es-ES","publisher":{"@id":"https:\/\/www.eldigitaldeasturias.com\/noticias\/#organization"}}]},"og:locale":"es_ES","og:site_name":"El Digital de Asturias","og:type":"article","og:title":"Comienza el Festival Bu\u00f1uel-Calanda - El Digital de Asturias","og:description":"El municipio turolense de Calanda vuelve a ser, una vez m\u00e1s, de cine. La vinculaci\u00f3n del s\u00e9ptimo arte con la localidad, en la que naci\u00f3 el genial director Luis Bu\u00f1uel, vuelve a ponerse de manifiesto con el festival dedicado a su ilustre paisano, que abre hoy sus puertas. Por delante quedan ocho d\u00edas dedicados a","og:url":"https:\/\/www.eldigitaldeasturias.com\/noticias\/comienza-el-festival-bunuel-calanda\/","article:tag":["actualidad"],"article:published_time":"2017-07-29T13:46:19+00:00","article:modified_time":"2017-07-29T13:46:19+00:00","article:publisher":"https:\/\/facebook.com\/eldigitaldeasturias","twitter:card":"summary_large_image","twitter:title":"Comienza el Festival Bu\u00f1uel-Calanda - El Digital de Asturias","twitter:description":"El municipio turolense de Calanda vuelve a ser, una vez m\u00e1s, de cine. La vinculaci\u00f3n del s\u00e9ptimo arte con la localidad, en la que naci\u00f3 el genial director Luis Bu\u00f1uel, vuelve a ponerse de manifiesto con el festival dedicado a su ilustre paisano, que abre hoy sus puertas. Por delante quedan ocho d\u00edas dedicados a","twitter:image":"https:\/\/www.eldigitaldeasturias.com\/noticias\/wp-content\/uploads\/2020\/12\/EDA-1.jpg","twitter:label1":"Escrito por","twitter:data1":"El Digital de Asturias","twitter:label2":"Tiempo de lectura estimado","twitter:data2":"3 minutos"},"aioseo_meta_data":{"post_id":"947978","title":null,"description":null,"keywords":null,"keyphrases":null,"primary_term":null,"canonical_url":null,"og_title":null,"og_description":null,"og_object_type":"default","og_image_type":"default","og_image_url":null,"og_image_width":null,"og_image_height":null,"og_image_custom_url":null,"og_image_custom_fields":null,"og_video":null,"og_custom_url":null,"og_article_section":null,"og_article_tags":null,"twitter_use_og":false,"twitter_card":"default","twitter_image_type":"default","twitter_image_url":null,"twitter_image_custom_url":null,"twitter_image_custom_fields":null,"twitter_title":null,"twitter_description":null,"schema":{"blockGraphs":[],"customGraphs":[],"default":{"data":{"Article":[],"Course":[],"Dataset":[],"FAQPage":[],"Movie":[],"Person":[],"Product":[],"ProductReview":[],"Car":[],"Recipe":[],"Service":[],"SoftwareApplication":[],"WebPage":[]},"graphName":"","isEnabled":true},"graphs":[],"defaultGraph":"","defaultPostTypeGraph":""},"schema_type":null,"schema_type_options":null,"pillar_content":false,"robots_default":true,"robots_noindex":false,"robots_noarchive":false,"robots_nosnippet":false,"robots_nofollow":false,"robots_noimageindex":false,"robots_noodp":false,"robots_notranslate":false,"robots_max_snippet":null,"robots_max_videopreview":null,"robots_max_imagepreview":"large","priority":null,"frequency":null,"local_seo":null,"seo_analyzer_scan_date":"2025-12-05 07:00:24","breadcrumb_settings":null,"limit_modified_date":false,"open_ai":null,"ai":null,"created":"2020-12-21 13:05:44","updated":"2025-12-05 07:00:24","focus_keyword":null,"additional_keywords":null,"truseo_locale":null},"aioseo_breadcrumb":"<div class=\"aioseo-breadcrumbs\"><span class=\"aioseo-breadcrumb\">\n\t<a href=\"https:\/\/www.eldigitaldeasturias.com\/noticias\" title=\"Home\">Home<\/a>\n<\/span><span class=\"aioseo-breadcrumb-separator\">\u2013<\/span><span class=\"aioseo-breadcrumb\">\n\t<a href=\"https:\/\/www.eldigitaldeasturias.com\/noticias\/category\/actualidad\/\" title=\"Actualidad\">Actualidad<\/a>\n<\/span><span class=\"aioseo-breadcrumb-separator\">\u2013<\/span><span class=\"aioseo-breadcrumb\">\n\t<a href=\"https:\/\/www.eldigitaldeasturias.com\/noticias\/comienza-el-festival-bunuel-calanda\/\" title=\"Comienza el Festival Bu\u00f1uel-Calanda\">Comienza el Festival Bu\u00f1uel-Calanda<\/a>\n<\/span><\/div>","aioseo_breadcrumb_json":[{"label":"Home","link":"https:\/\/www.eldigitaldeasturias.com\/noticias"},{"label":"Actualidad","link":"https:\/\/www.eldigitaldeasturias.com\/noticias\/category\/actualidad\/"},{"label":"Comienza el Festival Bu\u00f1uel-Calanda","link":"https:\/\/www.eldigitaldeasturias.com\/noticias\/comienza-el-festival-bunuel-calanda\/"}],"_links":{"self":[{"href":"https:\/\/www.eldigitaldeasturias.com\/noticias\/wp-json\/wp\/v2\/posts\/947978","targetHints":{"allow":["GET"]}}],"collection":[{"href":"https:\/\/www.eldigitaldeasturias.com\/noticias\/wp-json\/wp\/v2\/posts"}],"about":[{"href":"https:\/\/www.eldigitaldeasturias.com\/noticias\/wp-json\/wp\/v2\/types\/post"}],"author":[{"embeddable":true,"href":"https:\/\/www.eldigitaldeasturias.com\/noticias\/wp-json\/wp\/v2\/users\/1"}],"replies":[{"embeddable":true,"href":"https:\/\/www.eldigitaldeasturias.com\/noticias\/wp-json\/wp\/v2\/comments?post=947978"}],"version-history":[{"count":0,"href":"https:\/\/www.eldigitaldeasturias.com\/noticias\/wp-json\/wp\/v2\/posts\/947978\/revisions"}],"wp:attachment":[{"href":"https:\/\/www.eldigitaldeasturias.com\/noticias\/wp-json\/wp\/v2\/media?parent=947978"}],"wp:term":[{"taxonomy":"category","embeddable":true,"href":"https:\/\/www.eldigitaldeasturias.com\/noticias\/wp-json\/wp\/v2\/categories?post=947978"},{"taxonomy":"post_tag","embeddable":true,"href":"https:\/\/www.eldigitaldeasturias.com\/noticias\/wp-json\/wp\/v2\/tags?post=947978"}],"curies":[{"name":"wp","href":"https:\/\/api.w.org\/{rel}","templated":true}]}}