{"id":947966,"date":"2017-07-29T06:03:08","date_gmt":"2017-07-29T06:03:08","guid":{"rendered":"http:\/\/www.eldigitaldeasturias.com\/noticias\/?p=947966"},"modified":"2017-07-29T06:03:08","modified_gmt":"2017-07-29T06:03:08","slug":"susana-diaz-ha-visitado-el-nuevo-centro-sanitario-de-bailen","status":"publish","type":"post","link":"https:\/\/www.eldigitaldeasturias.com\/noticias\/susana-diaz-ha-visitado-el-nuevo-centro-sanitario-de-bailen\/","title":{"rendered":"Susana D\u00edaz ha visitado el nuevo centro sanitario de Bail\u00e9n"},"content":{"rendered":"<p><img loading=\"lazy\" decoding=\"async\" class=\"alignleft size-medium wp-image-947967\" src=\"https:\/\/www.eldigitaldeasturias.com\/noticias\/wp-content\/uploads\/2017\/07\/15011582563352S-360x241.jpg\" alt=\"\" width=\"360\" height=\"241\" \/>La presidenta de la Junta, Susana D\u00edaz, ha apostado por potenciar la atenci\u00f3n primaria, \u00abpuerta de entrada al sistema p\u00fablico de salud\u00bb, para mejorar las listas de espera y el tiempo de permanencia en las urgencias hospitalarias, prioridades del Gobierno andaluz en el \u00e1mbito sanitario. D\u00edaz ha subrayado el \u00abcompromiso inquebrantable\u00bb del Ejecutivo auton\u00f3mico con el derecho a la salud, tras recorrer el nuevo centro sanitario de Bail\u00e9n (Ja\u00e9n), que atiende a m\u00e1s de 20.000 personas.<\/p>\n<p>\u00abPara el Gobierno andaluz va a tener especial importancia la atenci\u00f3n primaria\u00bb, ha destacado D\u00edaz, y ha recordado que hace unos d\u00edas se ha incrementado la productividad de los profesionales sanitarios que cubren las bajas y sustituciones, en estos momentos en los que \u00abes dif\u00edcil la contrataci\u00f3n porque no hay oferta para poder hacer frente a la demanda\u00bb.<\/p>\n<p>El Gobierno andaluz invierte este a\u00f1o 1.000 millones en el mantenimiento y mejora del sistema p\u00fablico de salud de la comunidad. Una \u00abgran inversi\u00f3n\u00bb que, seg\u00fan ha alergado la presidenta, hace que \u00abalgunos tengan la tentaci\u00f3n de hacer negocio con la salud de las personas\u00bb. De ah\u00ed su defensa de un \u00abcompromiso fuerte con la sostenibilidad del sistema\u00bb.<\/p>\n<p>Muestra de ese \u00abcompromiso\u00bb son los 1.500 centros de atenci\u00f3n primaria y los 49 hospitales p\u00fablicos con los que cuenta Andaluc\u00eda, \u00abun gran sistema p\u00fablico sanitario en el que vamos a seguir invirtiendo para ampliarlo y mejorarlo\u00bb, ha afirmado la presidenta, y para \u00abgarantizar el derecho a la salud en igualdad de condiciones en todos los municipios andaluces, al margen de su tama\u00f1o y de las condiciones econ\u00f3micas de las familias\u00bb.<\/p>\n<p>El nuevo Centro de Salud de Bail\u00e9n, que funciona desde el pasado mes de abril, ha supuesto una inversi\u00f3n del Gobierno andaluz de 3,3 millones de euros y es atendido por 36 profesionales. Con una superficie total de 3.800 metros cuadrados, se han incrementado los espacios asistenciales, contando ahora con cuatro consultas m\u00e1s (una de enfermer\u00eda, dos polivalentes y una nueva de cirug\u00eda menor), adem\u00e1s de incorporar una sala de educaci\u00f3n sanitaria.<\/p>\n<p>La presidenta ha anunciado que ya se est\u00e1 trabajando para que en \u00abun futuro pr\u00f3ximo\u00bb este centro albergue el servicio de Urgencias que a\u00fan est\u00e1 ubicado en el antiguo centro, y conformar as\u00ed una infraestructura de primer nivel para los 22.500 habitantes que residen en los municipios de Bail\u00e9n y Ba\u00f1os de la Encina.<\/p>\n<p>Dividida en tres plantas, esta nueva infraestructura sanitaria dispone de 21 consultas (11 de medicina de familia, tres de pediatr\u00eda, una consulta de vacunas, cuatro de enfermer\u00eda y dos polivalentes); sala de cura con tres boxes de atenci\u00f3n; consulta habilitada para cirug\u00eda menor ambulatoria; sala educaci\u00f3n sanitaria y maternal; y los correspondientes espacios de espera, aseos adaptados para personas con discapacidad, despachos, zona de admisi\u00f3n y atenci\u00f3n al usuario, almac\u00e9n, aula de formaci\u00f3n y dem\u00e1s servicios de apoyo.<\/p>\n<p>Los profesionales del centro de salud de Bail\u00e9n prestan al a\u00f1o una media de 95.000 consultas de medicina de familia, 70.000 de enfermer\u00eda y 16.000 de pediatr\u00eda. Las Urgencias, que tambi\u00e9n cubren a la poblaci\u00f3n que se atiende en el consultorio de Ba\u00f1os de la Encina, prestan m\u00e1s de 31.000 atenciones al a\u00f1o. Cuentan con dos equipos m\u00f3viles compuestos cada uno por un m\u00e9dico, una enfermera y un t\u00e9cnico de ambulancia, y est\u00e1n disponibles de 15.00 a 8.00 horas de lunes a viernes y 24 horas los s\u00e1bados, domingos y festivos.<\/p>\n","protected":false},"excerpt":{"rendered":"<p>La presidenta de la Junta, Susana D\u00edaz, ha apostado por potenciar la atenci\u00f3n primaria, \u00abpuerta de entrada al sistema p\u00fablico de salud\u00bb, para mejorar las listas de espera y el tiempo de permanencia en las urgencias hospitalarias, prioridades del Gobierno andaluz en el \u00e1mbito sanitario. D\u00edaz ha subrayado el \u00abcompromiso inquebrantable\u00bb del Ejecutivo auton\u00f3mico con [&hellip;]<\/p>\n","protected":false},"author":1,"featured_media":947967,"comment_status":"closed","ping_status":"closed","sticky":false,"template":"","format":"standard","meta":{"footnotes":""},"categories":[1],"tags":[],"class_list":["post-947966","post","type-post","status-publish","format-standard","has-post-thumbnail","hentry","category-actualidad"],"aioseo_notices":[],"aioseo_head":"\n\t\t<!-- All in One SEO Pro 5.0.1 - aioseo.com -->\n\t<meta name=\"description\" content=\"La presidenta de la Junta, Susana D\u00edaz, ha apostado por potenciar la atenci\u00f3n primaria, &quot;puerta de entrada al sistema p\u00fablico de salud&quot;, para mejorar las listas de espera y el tiempo de permanencia en las urgencias hospitalarias, prioridades del Gobierno andaluz en el \u00e1mbito sanitario. D\u00edaz ha subrayado el &quot;compromiso inquebrantable&quot; del Ejecutivo auton\u00f3mico con\" \/>\n\t<meta name=\"robots\" content=\"max-image-preview:large\" \/>\n\t<meta name=\"author\" content=\"El Digital de Asturias\"\/>\n\t<meta name=\"google-site-verification\" content=\"UA-38556648-1\" \/>\n\t<meta name=\"msvalidate.01\" content=\"7dfe9f3f1b24437ab69f4f2559babe99\" \/>\n\t<meta name=\"keywords\" content=\"actualidad\" \/>\n\t<link rel=\"canonical\" href=\"https:\/\/www.eldigitaldeasturias.com\/noticias\/susana-diaz-ha-visitado-el-nuevo-centro-sanitario-de-bailen\/\" \/>\n\t<meta name=\"generator\" content=\"All in One SEO Pro (AIOSEO) 5.0.1\" \/>\n\t\t<meta property=\"og:locale\" content=\"es_ES\" \/>\n\t\t<meta property=\"og:site_name\" content=\"El Digital de Asturias\" \/>\n\t\t<meta property=\"og:type\" content=\"article\" \/>\n\t\t<meta property=\"og:title\" content=\"Susana D\u00edaz ha visitado el nuevo centro sanitario de Bail\u00e9n - El Digital de Asturias\" \/>\n\t\t<meta property=\"og:description\" content=\"La presidenta de la Junta, Susana D\u00edaz, ha apostado por potenciar la atenci\u00f3n primaria, &quot;puerta de entrada al sistema p\u00fablico de salud&quot;, para mejorar las listas de espera y el tiempo de permanencia en las urgencias hospitalarias, prioridades del Gobierno andaluz en el \u00e1mbito sanitario. D\u00edaz ha subrayado el &quot;compromiso inquebrantable&quot; del Ejecutivo auton\u00f3mico con\" \/>\n\t\t<meta property=\"og:url\" content=\"https:\/\/www.eldigitaldeasturias.com\/noticias\/susana-diaz-ha-visitado-el-nuevo-centro-sanitario-de-bailen\/\" \/>\n\t\t<meta property=\"article:tag\" content=\"actualidad\" \/>\n\t\t<meta property=\"article:published_time\" content=\"2017-07-29T06:03:08+00:00\" \/>\n\t\t<meta property=\"article:modified_time\" content=\"2017-07-29T06:03:08+00:00\" \/>\n\t\t<meta property=\"article:publisher\" content=\"https:\/\/facebook.com\/eldigitaldeasturias\" \/>\n\t\t<meta name=\"twitter:card\" content=\"summary_large_image\" \/>\n\t\t<meta name=\"twitter:title\" content=\"Susana D\u00edaz ha visitado el nuevo centro sanitario de Bail\u00e9n - El Digital de Asturias\" \/>\n\t\t<meta name=\"twitter:description\" content=\"La presidenta de la Junta, Susana D\u00edaz, ha apostado por potenciar la atenci\u00f3n primaria, &quot;puerta de entrada al sistema p\u00fablico de salud&quot;, para mejorar las listas de espera y el tiempo de permanencia en las urgencias hospitalarias, prioridades del Gobierno andaluz en el \u00e1mbito sanitario. D\u00edaz ha subrayado el &quot;compromiso inquebrantable&quot; del Ejecutivo auton\u00f3mico con\" \/>\n\t\t<meta name=\"twitter:image\" content=\"https:\/\/www.eldigitaldeasturias.com\/noticias\/wp-content\/uploads\/2020\/12\/EDA-1.jpg\" \/>\n\t\t<meta name=\"twitter:label1\" content=\"Escrito por\" \/>\n\t\t<meta name=\"twitter:data1\" content=\"El Digital de Asturias\" \/>\n\t\t<meta name=\"twitter:label2\" content=\"Tiempo de lectura estimado\" \/>\n\t\t<meta name=\"twitter:data2\" content=\"3 minutos\" \/>\n\t\t<script type=\"application\/ld+json\" class=\"aioseo-schema\">\n\t\t\t{\"@context\":\"https:\\\/\\\/schema.org\",\"@graph\":[{\"@type\":\"BlogPosting\",\"@id\":\"https:\\\/\\\/www.eldigitaldeasturias.com\\\/noticias\\\/susana-diaz-ha-visitado-el-nuevo-centro-sanitario-de-bailen\\\/#blogposting\",\"name\":\"Susana D\\u00edaz ha visitado el nuevo centro sanitario de Bail\\u00e9n - El Digital de Asturias\",\"headline\":\"Susana D\\u00edaz ha visitado el nuevo centro sanitario de Bail\\u00e9n\",\"author\":{\"@id\":\"https:\\\/\\\/www.eldigitaldeasturias.com\\\/noticias\\\/author\\\/admin\\\/#author\"},\"publisher\":{\"@id\":\"https:\\\/\\\/www.eldigitaldeasturias.com\\\/noticias\\\/#organization\"},\"image\":{\"@type\":\"ImageObject\",\"url\":947967},\"datePublished\":\"2017-07-29T06:03:08+02:00\",\"dateModified\":\"2017-07-29T06:03:08+02:00\",\"inLanguage\":\"es-ES\",\"mainEntityOfPage\":{\"@id\":\"https:\\\/\\\/www.eldigitaldeasturias.com\\\/noticias\\\/susana-diaz-ha-visitado-el-nuevo-centro-sanitario-de-bailen\\\/#webpage\"},\"isPartOf\":{\"@id\":\"https:\\\/\\\/www.eldigitaldeasturias.com\\\/noticias\\\/susana-diaz-ha-visitado-el-nuevo-centro-sanitario-de-bailen\\\/#webpage\"},\"articleSection\":\"Actualidad\"},{\"@type\":\"BreadcrumbList\",\"@id\":\"https:\\\/\\\/www.eldigitaldeasturias.com\\\/noticias\\\/susana-diaz-ha-visitado-el-nuevo-centro-sanitario-de-bailen\\\/#breadcrumblist\",\"itemListElement\":[{\"@type\":\"ListItem\",\"@id\":\"https:\\\/\\\/www.eldigitaldeasturias.com\\\/noticias#listItem\",\"position\":1,\"name\":\"Home\",\"item\":\"https:\\\/\\\/www.eldigitaldeasturias.com\\\/noticias\",\"nextItem\":{\"@type\":\"ListItem\",\"@id\":\"https:\\\/\\\/www.eldigitaldeasturias.com\\\/noticias\\\/category\\\/actualidad\\\/#listItem\",\"name\":\"Actualidad\"}},{\"@type\":\"ListItem\",\"@id\":\"https:\\\/\\\/www.eldigitaldeasturias.com\\\/noticias\\\/category\\\/actualidad\\\/#listItem\",\"position\":2,\"name\":\"Actualidad\",\"item\":\"https:\\\/\\\/www.eldigitaldeasturias.com\\\/noticias\\\/category\\\/actualidad\\\/\",\"nextItem\":{\"@type\":\"ListItem\",\"@id\":\"https:\\\/\\\/www.eldigitaldeasturias.com\\\/noticias\\\/susana-diaz-ha-visitado-el-nuevo-centro-sanitario-de-bailen\\\/#listItem\",\"name\":\"Susana D\\u00edaz ha visitado el nuevo centro sanitario de Bail\\u00e9n\"},\"previousItem\":{\"@type\":\"ListItem\",\"@id\":\"https:\\\/\\\/www.eldigitaldeasturias.com\\\/noticias#listItem\",\"name\":\"Home\"}},{\"@type\":\"ListItem\",\"@id\":\"https:\\\/\\\/www.eldigitaldeasturias.com\\\/noticias\\\/susana-diaz-ha-visitado-el-nuevo-centro-sanitario-de-bailen\\\/#listItem\",\"position\":3,\"name\":\"Susana D\\u00edaz ha visitado el nuevo centro sanitario de Bail\\u00e9n\",\"previousItem\":{\"@type\":\"ListItem\",\"@id\":\"https:\\\/\\\/www.eldigitaldeasturias.com\\\/noticias\\\/category\\\/actualidad\\\/#listItem\",\"name\":\"Actualidad\"}}]},{\"@type\":\"Organization\",\"@id\":\"https:\\\/\\\/www.eldigitaldeasturias.com\\\/noticias\\\/#organization\",\"name\":\"El Digital de Asturias\",\"description\":\"Hemeroteca\",\"url\":\"https:\\\/\\\/www.eldigitaldeasturias.com\\\/noticias\\\/\",\"email\":\"info@eldigitaldeasturias.com\",\"telephone\":\"+34652131393\",\"logo\":{\"@type\":\"ImageObject\",\"url\":\"https:\\\/\\\/www.eldigitaldeasturias.com\\\/noticias\\\/wp-content\\\/uploads\\\/2020\\\/12\\\/EDA.jpg\",\"@id\":\"https:\\\/\\\/www.eldigitaldeasturias.com\\\/noticias\\\/susana-diaz-ha-visitado-el-nuevo-centro-sanitario-de-bailen\\\/#organizationLogo\"},\"image\":{\"@id\":\"https:\\\/\\\/www.eldigitaldeasturias.com\\\/noticias\\\/susana-diaz-ha-visitado-el-nuevo-centro-sanitario-de-bailen\\\/#organizationLogo\"},\"sameAs\":[\"https:\\\/\\\/facebook.com\\\/eldigitaldeasturias\",\"https:\\\/\\\/www.youtube.com\\\/channel\\\/UCZP-2wLEB9Rv6erhFmqVnvg\"],\"address\":{\"@id\":\"https:\\\/\\\/www.eldigitaldeasturias.com\\\/noticias\\\/#postaladdress\",\"@type\":\"PostalAddress\",\"streetAddress\":\"san antonio 4\",\"postalCode\":\"33430\",\"addressLocality\":\"Cand\\u00e1s\",\"addressRegion\":\"Asturias\",\"addressCountry\":\"ES\"}},{\"@type\":\"Person\",\"@id\":\"https:\\\/\\\/www.eldigitaldeasturias.com\\\/noticias\\\/author\\\/admin\\\/#author\",\"url\":\"https:\\\/\\\/www.eldigitaldeasturias.com\\\/noticias\\\/author\\\/admin\\\/\",\"name\":\"El Digital de Asturias\",\"image\":{\"@type\":\"ImageObject\",\"@id\":\"https:\\\/\\\/www.eldigitaldeasturias.com\\\/noticias\\\/susana-diaz-ha-visitado-el-nuevo-centro-sanitario-de-bailen\\\/#authorImage\",\"url\":\"https:\\\/\\\/secure.gravatar.com\\\/avatar\\\/df2aeffc32bcd13f8d26072ef8a91b623d677766deac7f97ca815868cd41bf5e?s=96&d=mm&r=g\",\"width\":96,\"height\":96,\"caption\":\"El Digital de Asturias\"}},{\"@type\":\"WebPage\",\"@id\":\"https:\\\/\\\/www.eldigitaldeasturias.com\\\/noticias\\\/susana-diaz-ha-visitado-el-nuevo-centro-sanitario-de-bailen\\\/#webpage\",\"url\":\"https:\\\/\\\/www.eldigitaldeasturias.com\\\/noticias\\\/susana-diaz-ha-visitado-el-nuevo-centro-sanitario-de-bailen\\\/\",\"name\":\"Susana D\\u00edaz ha visitado el nuevo centro sanitario de Bail\\u00e9n - El Digital de Asturias\",\"description\":\"La presidenta de la Junta, Susana D\\u00edaz, ha apostado por potenciar la atenci\\u00f3n primaria, \\\"puerta de entrada al sistema p\\u00fablico de salud\\\", para mejorar las listas de espera y el tiempo de permanencia en las urgencias hospitalarias, prioridades del Gobierno andaluz en el \\u00e1mbito sanitario. D\\u00edaz ha subrayado el \\\"compromiso inquebrantable\\\" del Ejecutivo auton\\u00f3mico con\",\"inLanguage\":\"es-ES\",\"isPartOf\":{\"@id\":\"https:\\\/\\\/www.eldigitaldeasturias.com\\\/noticias\\\/#website\"},\"breadcrumb\":{\"@id\":\"https:\\\/\\\/www.eldigitaldeasturias.com\\\/noticias\\\/susana-diaz-ha-visitado-el-nuevo-centro-sanitario-de-bailen\\\/#breadcrumblist\"},\"author\":{\"@id\":\"https:\\\/\\\/www.eldigitaldeasturias.com\\\/noticias\\\/author\\\/admin\\\/#author\"},\"creator\":{\"@id\":\"https:\\\/\\\/www.eldigitaldeasturias.com\\\/noticias\\\/author\\\/admin\\\/#author\"},\"image\":{\"@type\":\"ImageObject\",\"url\":947967,\"@id\":\"https:\\\/\\\/www.eldigitaldeasturias.com\\\/noticias\\\/susana-diaz-ha-visitado-el-nuevo-centro-sanitario-de-bailen\\\/#mainImage\"},\"primaryImageOfPage\":{\"@id\":\"https:\\\/\\\/www.eldigitaldeasturias.com\\\/noticias\\\/susana-diaz-ha-visitado-el-nuevo-centro-sanitario-de-bailen\\\/#mainImage\"},\"datePublished\":\"2017-07-29T06:03:08+02:00\",\"dateModified\":\"2017-07-29T06:03:08+02:00\"},{\"@type\":\"WebSite\",\"@id\":\"https:\\\/\\\/www.eldigitaldeasturias.com\\\/noticias\\\/#website\",\"url\":\"https:\\\/\\\/www.eldigitaldeasturias.com\\\/noticias\\\/\",\"name\":\"El Digital de Asturias - Diario de actualidad y noticias\",\"alternateName\":\"El Digital de Asturias - Diario de actualidad y noticias\",\"description\":\"Hemeroteca\",\"inLanguage\":\"es-ES\",\"publisher\":{\"@id\":\"https:\\\/\\\/www.eldigitaldeasturias.com\\\/noticias\\\/#organization\"}}]}\n\t\t<\/script>\n\t\t<!-- All in One SEO Pro -->\r\n\t\t<title>Susana D\u00edaz ha visitado el nuevo centro sanitario de Bail\u00e9n - El Digital de Asturias<\/title>\n\n","aioseo_head_json":{"title":"Susana D\u00edaz ha visitado el nuevo centro sanitario de Bail\u00e9n - El Digital de Asturias","description":"La presidenta de la Junta, Susana D\u00edaz, ha apostado por potenciar la atenci\u00f3n primaria, \"puerta de entrada al sistema p\u00fablico de salud\", para mejorar las listas de espera y el tiempo de permanencia en las urgencias hospitalarias, prioridades del Gobierno andaluz en el \u00e1mbito sanitario. D\u00edaz ha subrayado el \"compromiso inquebrantable\" del Ejecutivo auton\u00f3mico con","canonical_url":"https:\/\/www.eldigitaldeasturias.com\/noticias\/susana-diaz-ha-visitado-el-nuevo-centro-sanitario-de-bailen\/","robots":"max-image-preview:large","keywords":"actualidad","webmasterTools":{"google-site-verification":"UA-38556648-1","msvalidate.01":"7dfe9f3f1b24437ab69f4f2559babe99","miscellaneous":""},"schema":{"@context":"https:\/\/schema.org","@graph":[{"@type":"BlogPosting","@id":"https:\/\/www.eldigitaldeasturias.com\/noticias\/susana-diaz-ha-visitado-el-nuevo-centro-sanitario-de-bailen\/#blogposting","name":"Susana D\u00edaz ha visitado el nuevo centro sanitario de Bail\u00e9n - El Digital de Asturias","headline":"Susana D\u00edaz ha visitado el nuevo centro sanitario de Bail\u00e9n","author":{"@id":"https:\/\/www.eldigitaldeasturias.com\/noticias\/author\/admin\/#author"},"publisher":{"@id":"https:\/\/www.eldigitaldeasturias.com\/noticias\/#organization"},"image":{"@type":"ImageObject","url":947967},"datePublished":"2017-07-29T06:03:08+02:00","dateModified":"2017-07-29T06:03:08+02:00","inLanguage":"es-ES","mainEntityOfPage":{"@id":"https:\/\/www.eldigitaldeasturias.com\/noticias\/susana-diaz-ha-visitado-el-nuevo-centro-sanitario-de-bailen\/#webpage"},"isPartOf":{"@id":"https:\/\/www.eldigitaldeasturias.com\/noticias\/susana-diaz-ha-visitado-el-nuevo-centro-sanitario-de-bailen\/#webpage"},"articleSection":"Actualidad"},{"@type":"BreadcrumbList","@id":"https:\/\/www.eldigitaldeasturias.com\/noticias\/susana-diaz-ha-visitado-el-nuevo-centro-sanitario-de-bailen\/#breadcrumblist","itemListElement":[{"@type":"ListItem","@id":"https:\/\/www.eldigitaldeasturias.com\/noticias#listItem","position":1,"name":"Home","item":"https:\/\/www.eldigitaldeasturias.com\/noticias","nextItem":{"@type":"ListItem","@id":"https:\/\/www.eldigitaldeasturias.com\/noticias\/category\/actualidad\/#listItem","name":"Actualidad"}},{"@type":"ListItem","@id":"https:\/\/www.eldigitaldeasturias.com\/noticias\/category\/actualidad\/#listItem","position":2,"name":"Actualidad","item":"https:\/\/www.eldigitaldeasturias.com\/noticias\/category\/actualidad\/","nextItem":{"@type":"ListItem","@id":"https:\/\/www.eldigitaldeasturias.com\/noticias\/susana-diaz-ha-visitado-el-nuevo-centro-sanitario-de-bailen\/#listItem","name":"Susana D\u00edaz ha visitado el nuevo centro sanitario de Bail\u00e9n"},"previousItem":{"@type":"ListItem","@id":"https:\/\/www.eldigitaldeasturias.com\/noticias#listItem","name":"Home"}},{"@type":"ListItem","@id":"https:\/\/www.eldigitaldeasturias.com\/noticias\/susana-diaz-ha-visitado-el-nuevo-centro-sanitario-de-bailen\/#listItem","position":3,"name":"Susana D\u00edaz ha visitado el nuevo centro sanitario de Bail\u00e9n","previousItem":{"@type":"ListItem","@id":"https:\/\/www.eldigitaldeasturias.com\/noticias\/category\/actualidad\/#listItem","name":"Actualidad"}}]},{"@type":"Organization","@id":"https:\/\/www.eldigitaldeasturias.com\/noticias\/#organization","name":"El Digital de Asturias","description":"Hemeroteca","url":"https:\/\/www.eldigitaldeasturias.com\/noticias\/","email":"info@eldigitaldeasturias.com","telephone":"+34652131393","logo":{"@type":"ImageObject","url":"https:\/\/www.eldigitaldeasturias.com\/noticias\/wp-content\/uploads\/2020\/12\/EDA.jpg","@id":"https:\/\/www.eldigitaldeasturias.com\/noticias\/susana-diaz-ha-visitado-el-nuevo-centro-sanitario-de-bailen\/#organizationLogo"},"image":{"@id":"https:\/\/www.eldigitaldeasturias.com\/noticias\/susana-diaz-ha-visitado-el-nuevo-centro-sanitario-de-bailen\/#organizationLogo"},"sameAs":["https:\/\/facebook.com\/eldigitaldeasturias","https:\/\/www.youtube.com\/channel\/UCZP-2wLEB9Rv6erhFmqVnvg"],"address":{"@id":"https:\/\/www.eldigitaldeasturias.com\/noticias\/#postaladdress","@type":"PostalAddress","streetAddress":"san antonio 4","postalCode":"33430","addressLocality":"Cand\u00e1s","addressRegion":"Asturias","addressCountry":"ES"}},{"@type":"Person","@id":"https:\/\/www.eldigitaldeasturias.com\/noticias\/author\/admin\/#author","url":"https:\/\/www.eldigitaldeasturias.com\/noticias\/author\/admin\/","name":"El Digital de Asturias","image":{"@type":"ImageObject","@id":"https:\/\/www.eldigitaldeasturias.com\/noticias\/susana-diaz-ha-visitado-el-nuevo-centro-sanitario-de-bailen\/#authorImage","url":"https:\/\/secure.gravatar.com\/avatar\/df2aeffc32bcd13f8d26072ef8a91b623d677766deac7f97ca815868cd41bf5e?s=96&d=mm&r=g","width":96,"height":96,"caption":"El Digital de Asturias"}},{"@type":"WebPage","@id":"https:\/\/www.eldigitaldeasturias.com\/noticias\/susana-diaz-ha-visitado-el-nuevo-centro-sanitario-de-bailen\/#webpage","url":"https:\/\/www.eldigitaldeasturias.com\/noticias\/susana-diaz-ha-visitado-el-nuevo-centro-sanitario-de-bailen\/","name":"Susana D\u00edaz ha visitado el nuevo centro sanitario de Bail\u00e9n - El Digital de Asturias","description":"La presidenta de la Junta, Susana D\u00edaz, ha apostado por potenciar la atenci\u00f3n primaria, \"puerta de entrada al sistema p\u00fablico de salud\", para mejorar las listas de espera y el tiempo de permanencia en las urgencias hospitalarias, prioridades del Gobierno andaluz en el \u00e1mbito sanitario. D\u00edaz ha subrayado el \"compromiso inquebrantable\" del Ejecutivo auton\u00f3mico con","inLanguage":"es-ES","isPartOf":{"@id":"https:\/\/www.eldigitaldeasturias.com\/noticias\/#website"},"breadcrumb":{"@id":"https:\/\/www.eldigitaldeasturias.com\/noticias\/susana-diaz-ha-visitado-el-nuevo-centro-sanitario-de-bailen\/#breadcrumblist"},"author":{"@id":"https:\/\/www.eldigitaldeasturias.com\/noticias\/author\/admin\/#author"},"creator":{"@id":"https:\/\/www.eldigitaldeasturias.com\/noticias\/author\/admin\/#author"},"image":{"@type":"ImageObject","url":947967,"@id":"https:\/\/www.eldigitaldeasturias.com\/noticias\/susana-diaz-ha-visitado-el-nuevo-centro-sanitario-de-bailen\/#mainImage"},"primaryImageOfPage":{"@id":"https:\/\/www.eldigitaldeasturias.com\/noticias\/susana-diaz-ha-visitado-el-nuevo-centro-sanitario-de-bailen\/#mainImage"},"datePublished":"2017-07-29T06:03:08+02:00","dateModified":"2017-07-29T06:03:08+02:00"},{"@type":"WebSite","@id":"https:\/\/www.eldigitaldeasturias.com\/noticias\/#website","url":"https:\/\/www.eldigitaldeasturias.com\/noticias\/","name":"El Digital de Asturias - Diario de actualidad y noticias","alternateName":"El Digital de Asturias - Diario de actualidad y noticias","description":"Hemeroteca","inLanguage":"es-ES","publisher":{"@id":"https:\/\/www.eldigitaldeasturias.com\/noticias\/#organization"}}]},"og:locale":"es_ES","og:site_name":"El Digital de Asturias","og:type":"article","og:title":"Susana D\u00edaz ha visitado el nuevo centro sanitario de Bail\u00e9n - El Digital de Asturias","og:description":"La presidenta de la Junta, Susana D\u00edaz, ha apostado por potenciar la atenci\u00f3n primaria, &quot;puerta de entrada al sistema p\u00fablico de salud&quot;, para mejorar las listas de espera y el tiempo de permanencia en las urgencias hospitalarias, prioridades del Gobierno andaluz en el \u00e1mbito sanitario. D\u00edaz ha subrayado el &quot;compromiso inquebrantable&quot; del Ejecutivo auton\u00f3mico con","og:url":"https:\/\/www.eldigitaldeasturias.com\/noticias\/susana-diaz-ha-visitado-el-nuevo-centro-sanitario-de-bailen\/","article:tag":["actualidad"],"article:published_time":"2017-07-29T06:03:08+00:00","article:modified_time":"2017-07-29T06:03:08+00:00","article:publisher":"https:\/\/facebook.com\/eldigitaldeasturias","twitter:card":"summary_large_image","twitter:title":"Susana D\u00edaz ha visitado el nuevo centro sanitario de Bail\u00e9n - El Digital de Asturias","twitter:description":"La presidenta de la Junta, Susana D\u00edaz, ha apostado por potenciar la atenci\u00f3n primaria, &quot;puerta de entrada al sistema p\u00fablico de salud&quot;, para mejorar las listas de espera y el tiempo de permanencia en las urgencias hospitalarias, prioridades del Gobierno andaluz en el \u00e1mbito sanitario. D\u00edaz ha subrayado el &quot;compromiso inquebrantable&quot; del Ejecutivo auton\u00f3mico con","twitter:image":"https:\/\/www.eldigitaldeasturias.com\/noticias\/wp-content\/uploads\/2020\/12\/EDA-1.jpg","twitter:label1":"Escrito por","twitter:data1":"El Digital de Asturias","twitter:label2":"Tiempo de lectura estimado","twitter:data2":"3 minutos"},"aioseo_meta_data":{"post_id":"947966","title":null,"description":null,"keywords":null,"keyphrases":null,"primary_term":null,"canonical_url":null,"og_title":null,"og_description":null,"og_object_type":"default","og_image_type":"default","og_image_url":null,"og_image_width":null,"og_image_height":null,"og_image_custom_url":null,"og_image_custom_fields":null,"og_video":null,"og_custom_url":null,"og_article_section":null,"og_article_tags":null,"twitter_use_og":false,"twitter_card":"default","twitter_image_type":"default","twitter_image_url":null,"twitter_image_custom_url":null,"twitter_image_custom_fields":null,"twitter_title":null,"twitter_description":null,"schema":{"blockGraphs":[],"customGraphs":[],"default":{"data":{"Article":[],"Course":[],"Dataset":[],"FAQPage":[],"Movie":[],"Person":[],"Product":[],"ProductReview":[],"Car":[],"Recipe":[],"Service":[],"SoftwareApplication":[],"WebPage":[]},"graphName":"","isEnabled":true},"graphs":[]},"schema_type":null,"schema_type_options":null,"pillar_content":false,"robots_default":true,"robots_noindex":false,"robots_noarchive":false,"robots_nosnippet":false,"robots_nofollow":false,"robots_noimageindex":false,"robots_noodp":false,"robots_notranslate":false,"robots_max_snippet":null,"robots_max_videopreview":null,"robots_max_imagepreview":"large","priority":null,"frequency":null,"local_seo":null,"seo_analyzer_scan_date":"2025-12-05 06:58:29","breadcrumb_settings":null,"limit_modified_date":false,"open_ai":null,"ai":null,"created":"2020-12-21 13:05:44","updated":"2025-12-05 06:58:29","focus_keyword":null,"additional_keywords":null,"truseo_locale":null},"aioseo_breadcrumb":"<div class=\"aioseo-breadcrumbs\"><span class=\"aioseo-breadcrumb\">\n\t<a href=\"https:\/\/www.eldigitaldeasturias.com\/noticias\" title=\"Home\">Home<\/a>\n<\/span><span class=\"aioseo-breadcrumb-separator\">\u2013<\/span><span class=\"aioseo-breadcrumb\">\n\t<a href=\"https:\/\/www.eldigitaldeasturias.com\/noticias\/category\/actualidad\/\" title=\"Actualidad\">Actualidad<\/a>\n<\/span><span class=\"aioseo-breadcrumb-separator\">\u2013<\/span><span class=\"aioseo-breadcrumb\">\n\t<a href=\"https:\/\/www.eldigitaldeasturias.com\/noticias\/susana-diaz-ha-visitado-el-nuevo-centro-sanitario-de-bailen\/\" title=\"Susana D\u00edaz ha visitado el nuevo centro sanitario de Bail\u00e9n\">Susana D\u00edaz ha visitado el nuevo centro sanitario de Bail\u00e9n<\/a>\n<\/span><\/div>","aioseo_breadcrumb_json":[{"label":"Home","link":"https:\/\/www.eldigitaldeasturias.com\/noticias"},{"label":"Actualidad","link":"https:\/\/www.eldigitaldeasturias.com\/noticias\/category\/actualidad\/"},{"label":"Susana D\u00edaz ha visitado el nuevo centro sanitario de Bail\u00e9n","link":"https:\/\/www.eldigitaldeasturias.com\/noticias\/susana-diaz-ha-visitado-el-nuevo-centro-sanitario-de-bailen\/"}],"_links":{"self":[{"href":"https:\/\/www.eldigitaldeasturias.com\/noticias\/wp-json\/wp\/v2\/posts\/947966","targetHints":{"allow":["GET"]}}],"collection":[{"href":"https:\/\/www.eldigitaldeasturias.com\/noticias\/wp-json\/wp\/v2\/posts"}],"about":[{"href":"https:\/\/www.eldigitaldeasturias.com\/noticias\/wp-json\/wp\/v2\/types\/post"}],"author":[{"embeddable":true,"href":"https:\/\/www.eldigitaldeasturias.com\/noticias\/wp-json\/wp\/v2\/users\/1"}],"replies":[{"embeddable":true,"href":"https:\/\/www.eldigitaldeasturias.com\/noticias\/wp-json\/wp\/v2\/comments?post=947966"}],"version-history":[{"count":0,"href":"https:\/\/www.eldigitaldeasturias.com\/noticias\/wp-json\/wp\/v2\/posts\/947966\/revisions"}],"wp:attachment":[{"href":"https:\/\/www.eldigitaldeasturias.com\/noticias\/wp-json\/wp\/v2\/media?parent=947966"}],"wp:term":[{"taxonomy":"category","embeddable":true,"href":"https:\/\/www.eldigitaldeasturias.com\/noticias\/wp-json\/wp\/v2\/categories?post=947966"},{"taxonomy":"post_tag","embeddable":true,"href":"https:\/\/www.eldigitaldeasturias.com\/noticias\/wp-json\/wp\/v2\/tags?post=947966"}],"curies":[{"name":"wp","href":"https:\/\/api.w.org\/{rel}","templated":true}]}}