{"id":947964,"date":"2017-07-29T06:00:37","date_gmt":"2017-07-29T06:00:37","guid":{"rendered":"http:\/\/www.eldigitaldeasturias.com\/noticias\/?p=947964"},"modified":"2017-07-29T06:00:37","modified_gmt":"2017-07-29T06:00:37","slug":"andalucia-es-la-comunidad-que-mas-empleo-crea-en-espana-en-el-ultimo-ano","status":"publish","type":"post","link":"https:\/\/www.eldigitaldeasturias.com\/noticias\/andalucia-es-la-comunidad-que-mas-empleo-crea-en-espana-en-el-ultimo-ano\/","title":{"rendered":"Andaluc\u00eda es la comunidad que m\u00e1s empleo crea en Espa\u00f1a en el \u00faltimo a\u00f1o"},"content":{"rendered":"<p><img loading=\"lazy\" decoding=\"async\" class=\"alignleft size-medium wp-image-781858\" src=\"https:\/\/www.eldigitaldeasturias.com\/noticias\/wp-content\/uploads\/2015\/05\/paro-asturias-360x240.jpg\" alt=\"\" width=\"360\" height=\"240\" \/>Andaluc\u00eda es la comunidad en la que m\u00e1s se ha reducido el paro y m\u00e1s empleo se ha creado del conjunto del pa\u00eds en el \u00faltimo a\u00f1o, seg\u00fan refleja la Encuesta de Poblaci\u00f3n Activa. El n\u00famero de parados baj\u00f3 en Andaluc\u00eda este trimestre, en comparaci\u00f3n con el mismo del a\u00f1o anterior, en 160.800 desempleados (-13,85%), lo que supone el mayor descenso registrado en el conjunto del pa\u00eds, que fue de 660.400 parados (-14,44%). La comunidad andaluza aporta uno de cada cuatro parados menos registrados en Espa\u00f1a. Al mismo tiempo, Andaluc\u00eda logr\u00f3 crear un total de 129.200 nuevos empleos (4,56%), el mayor incremento en t\u00e9rminos absolutos de Espa\u00f1a y uno de cada cuatro de los creados en el conjunto del pa\u00eds, donde la ocupaci\u00f3n creci\u00f3 en 512.300 personas (2,80%).<\/p>\n<p>El consejero de Empleo, Empresa y Comercio, Javier Carnero, ha valorado estos datos y ha destacado que la comunidad aut\u00f3noma acumula seis trimestres ininterrumpidos de descenso del desempleo y a un buen ritmo, ya que en los \u00faltimos tres meses se han descontado 800 parados al d\u00eda. No obstante, Carnero ha evitado ser triunfalista porque \u00aba\u00fan nos queda trabajo por hacer\u00bb y ha asegurado que el Gobierno andaluz trabaja ahora por conseguir que los empleos que se crean sean \u00abde mayor calidad y estabilidad\u00bb.<\/p>\n<p>La comunidad andaluza aporta uno de cada cuatro parados menos registrados en Espa\u00f1a. Al mismo tiempo, Andaluc\u00eda logr\u00f3 crear un total de 129.200 nuevos empleos (4,56%), el mayor incremento en t\u00e9rminos absolutos de Espa\u00f1a y uno de cada cuatro de los creados en el conjunto del pa\u00eds, donde la ocupaci\u00f3n creci\u00f3 en 512.300 personas (2,80%).<\/p>\n<p>El paro se redujo fuertemente en Andaluc\u00eda en los \u00faltimos tres meses, por sexto trimestre consecutivo, en 72.200 personas (-6,73%), lo que sit\u00faa el n\u00famero total de desempleados en 1.000.200 personas, mientras que en Espa\u00f1a el descenso fue de 340.700 parados (-8,01%). De esta manera, la tasa de paro andaluza se sit\u00faa en el 25,24%, 1,7 puntos porcentuales menos que el anterior trimestre.<\/p>\n<p>La ocupaci\u00f3n creci\u00f3 en Andaluc\u00eda en este per\u00edodo en 53.500 personas (1,84%), lo que sit\u00faa la cifra total de ocupados en 2.961.900 personas, mientras que en Espa\u00f1a el incremento en este per\u00edodo fue de 375.000 personas (2,03%). Andaluc\u00eda es, este trimestre, la tercera comunidad aut\u00f3noma en la que m\u00e1s crece el empleo en este per\u00edodo en t\u00e9rminos absolutos, tras Baleares y Catalu\u00f1a.<\/p>\n<p>El descenso del paro trimestral fue especialmente intenso en el colectivo que busca su primer empleo (-46.300 personas, -8,46%) y los servicios (-41.500 parados, -12,11%), seguido de la construcci\u00f3n (-9.300 personas, -19,87%). Por el contrario, creci\u00f3 en la agricultura (20.200 personas, 17,8%), y la industria (4.700 parados, 20,52%). En comparaci\u00f3n con el mismo trimestre de a\u00f1o anterior, el paro baj\u00f3 en todos los sectores, encabezados por la construcci\u00f3n (-26,90%), seguido del colectivo que busca su primer empleo (-15,69%), la agricultura (-13,88%), los servicios (-9,30%) y la industria (-5,15%).<\/p>\n<p>Por sexos, la poblaci\u00f3n parada disminuy\u00f3 en el \u00faltimo trimestre un -4,28% entre los hombres y un -9,11% en las mujeres. En el \u00faltimo a\u00f1o, descendi\u00f3 un -12,79% en los hombres y un -14,91% en las mujeres.<\/p>\n<p>Durante el segundo trimestre del a\u00f1o, cinco provincias andaluzas consiguieron reducir el paro: Huelva (-21,28%), M\u00e1laga (-16,71%), C\u00e1diz (-14,06%), Sevilla (-5,94%), y Granada (-4,13%), Y se increment\u00f3 en Ja\u00e9n (21,15%), Almer\u00eda (7,14%) y C\u00f3rdoba (0,09%). En comparaci\u00f3n con el mismo trimestre del a\u00f1o anterior, el paro baj\u00f3 en todas las provincias excepto en Almer\u00eda (6,42%), encabezadas por Granada (-24,87%), Huelva (-22,13%), C\u00e1diz (-18,87%), M\u00e1laga (-17,17%), Ja\u00e9n (-9,51%), C\u00f3rdoba (-8,86%) y Sevilla (-8,6%).<\/p>\n<p>Ocupaci\u00f3n<\/p>\n<p>La ocupaci\u00f3n creci\u00f3 en Andaluc\u00eda en el segundo trimestre en los servicios (3,73%) y la industria (2,93%), mientras que disminuy\u00f3 en la agricultura (-10,19%) y la construcci\u00f3n (-3,38%). Con respecto al segundo trimestre de 2016, el n\u00famero de ocupados se increment\u00f3 un 11,86% en la agricultura, un 7,97% en la industria y un 4,12% en los servicios y baj\u00f3 un -5,25% en la construcci\u00f3n.<\/p>\n<p>Por sexos, y en relaci\u00f3n al trimestre anterior, la ocupaci\u00f3n creci\u00f3 un 3,26% entre las mujeres y un 0,76% en los hombres. En relaci\u00f3n con el mismo trimestre de 2016, se registr\u00f3 un incremento del 4,42% en los hombres, y del 4,73% en las mujeres.<\/p>\n<p>En los \u00faltimos tres meses, cinco provincias andaluzas consiguieron crear empleo, encabezadas por Huelva (7,9%) y seguida de M\u00e1laga (5,19%), C\u00e1diz (4,58%), Sevilla (2,42%) y Granada (1,39%). La ocupaci\u00f3n descendi\u00f3 en Almer\u00eda un -2,7%, en Ja\u00e9n un -7,15% y en C\u00f3rdoba un -1,92%. En relaci\u00f3n al mismo trimestre del a\u00f1o anterior, la ocupaci\u00f3n creci\u00f3 en todas las provincias: Granada (9,01%), Ja\u00e9n (8,98%), Huelva (8,81%), C\u00e1diz (5,19%), M\u00e1laga (3,21%), Almer\u00eda (2,94%), Sevilla (2,83%) y C\u00f3rdoba (1,42%).<\/p>\n","protected":false},"excerpt":{"rendered":"<p>Andaluc\u00eda es la comunidad en la que m\u00e1s se ha reducido el paro y m\u00e1s empleo se ha creado del conjunto del pa\u00eds en el \u00faltimo a\u00f1o, seg\u00fan refleja la Encuesta de Poblaci\u00f3n Activa. El n\u00famero de parados baj\u00f3 en Andaluc\u00eda este trimestre, en comparaci\u00f3n con el mismo del a\u00f1o anterior, en 160.800 desempleados (-13,85%), [&hellip;]<\/p>\n","protected":false},"author":1,"featured_media":781858,"comment_status":"closed","ping_status":"closed","sticky":false,"template":"","format":"standard","meta":{"footnotes":""},"categories":[1],"tags":[],"class_list":["post-947964","post","type-post","status-publish","format-standard","has-post-thumbnail","hentry","category-actualidad"],"aioseo_notices":[],"aioseo_head":"\n\t\t<!-- All in One SEO Pro 5.0.1 - aioseo.com -->\n\t<meta name=\"description\" content=\"Andaluc\u00eda es la comunidad en la que m\u00e1s se ha reducido el paro y m\u00e1s empleo se ha creado del conjunto del pa\u00eds en el \u00faltimo a\u00f1o, seg\u00fan refleja la Encuesta de Poblaci\u00f3n Activa. El n\u00famero de parados baj\u00f3 en Andaluc\u00eda este trimestre, en comparaci\u00f3n con el mismo del a\u00f1o anterior, en 160.800 desempleados (-13,85%),\" \/>\n\t<meta name=\"robots\" content=\"max-image-preview:large\" \/>\n\t<meta name=\"author\" content=\"El Digital de Asturias\"\/>\n\t<meta name=\"google-site-verification\" content=\"UA-38556648-1\" \/>\n\t<meta name=\"msvalidate.01\" content=\"7dfe9f3f1b24437ab69f4f2559babe99\" \/>\n\t<meta name=\"keywords\" content=\"actualidad\" \/>\n\t<link rel=\"canonical\" href=\"https:\/\/www.eldigitaldeasturias.com\/noticias\/andalucia-es-la-comunidad-que-mas-empleo-crea-en-espana-en-el-ultimo-ano\/\" \/>\n\t<meta name=\"generator\" content=\"All in One SEO Pro (AIOSEO) 5.0.1\" \/>\n\t\t<meta property=\"og:locale\" content=\"es_ES\" \/>\n\t\t<meta property=\"og:site_name\" content=\"El Digital de Asturias\" \/>\n\t\t<meta property=\"og:type\" content=\"article\" \/>\n\t\t<meta property=\"og:title\" content=\"Andaluc\u00eda es la comunidad que m\u00e1s empleo crea en Espa\u00f1a en el \u00faltimo a\u00f1o - El Digital de Asturias\" \/>\n\t\t<meta property=\"og:description\" content=\"Andaluc\u00eda es la comunidad en la que m\u00e1s se ha reducido el paro y m\u00e1s empleo se ha creado del conjunto del pa\u00eds en el \u00faltimo a\u00f1o, seg\u00fan refleja la Encuesta de Poblaci\u00f3n Activa. El n\u00famero de parados baj\u00f3 en Andaluc\u00eda este trimestre, en comparaci\u00f3n con el mismo del a\u00f1o anterior, en 160.800 desempleados (-13,85%),\" \/>\n\t\t<meta property=\"og:url\" content=\"https:\/\/www.eldigitaldeasturias.com\/noticias\/andalucia-es-la-comunidad-que-mas-empleo-crea-en-espana-en-el-ultimo-ano\/\" \/>\n\t\t<meta property=\"article:tag\" content=\"actualidad\" \/>\n\t\t<meta property=\"article:published_time\" content=\"2017-07-29T06:00:37+00:00\" \/>\n\t\t<meta property=\"article:modified_time\" content=\"2017-07-29T06:00:37+00:00\" \/>\n\t\t<meta property=\"article:publisher\" content=\"https:\/\/facebook.com\/eldigitaldeasturias\" \/>\n\t\t<meta name=\"twitter:card\" content=\"summary_large_image\" \/>\n\t\t<meta name=\"twitter:title\" content=\"Andaluc\u00eda es la comunidad que m\u00e1s empleo crea en Espa\u00f1a en el \u00faltimo a\u00f1o - El Digital de Asturias\" \/>\n\t\t<meta name=\"twitter:description\" content=\"Andaluc\u00eda es la comunidad en la que m\u00e1s se ha reducido el paro y m\u00e1s empleo se ha creado del conjunto del pa\u00eds en el \u00faltimo a\u00f1o, seg\u00fan refleja la Encuesta de Poblaci\u00f3n Activa. El n\u00famero de parados baj\u00f3 en Andaluc\u00eda este trimestre, en comparaci\u00f3n con el mismo del a\u00f1o anterior, en 160.800 desempleados (-13,85%),\" \/>\n\t\t<meta name=\"twitter:image\" content=\"https:\/\/www.eldigitaldeasturias.com\/noticias\/wp-content\/uploads\/2020\/12\/EDA-1.jpg\" \/>\n\t\t<meta name=\"twitter:label1\" content=\"Escrito por\" \/>\n\t\t<meta name=\"twitter:data1\" content=\"El Digital de Asturias\" \/>\n\t\t<meta name=\"twitter:label2\" content=\"Tiempo de lectura estimado\" \/>\n\t\t<meta name=\"twitter:data2\" content=\"4 minutos\" \/>\n\t\t<script type=\"application\/ld+json\" class=\"aioseo-schema\">\n\t\t\t{\"@context\":\"https:\\\/\\\/schema.org\",\"@graph\":[{\"@type\":\"BlogPosting\",\"@id\":\"https:\\\/\\\/www.eldigitaldeasturias.com\\\/noticias\\\/andalucia-es-la-comunidad-que-mas-empleo-crea-en-espana-en-el-ultimo-ano\\\/#blogposting\",\"name\":\"Andaluc\\u00eda es la comunidad que m\\u00e1s empleo crea en Espa\\u00f1a en el \\u00faltimo a\\u00f1o - El Digital de Asturias\",\"headline\":\"Andaluc\\u00eda es la comunidad que m\\u00e1s empleo crea en Espa\\u00f1a en el \\u00faltimo a\\u00f1o\",\"author\":{\"@id\":\"https:\\\/\\\/www.eldigitaldeasturias.com\\\/noticias\\\/author\\\/admin\\\/#author\"},\"publisher\":{\"@id\":\"https:\\\/\\\/www.eldigitaldeasturias.com\\\/noticias\\\/#organization\"},\"image\":{\"@type\":\"ImageObject\",\"url\":781858},\"datePublished\":\"2017-07-29T06:00:37+02:00\",\"dateModified\":\"2017-07-29T06:00:37+02:00\",\"inLanguage\":\"es-ES\",\"mainEntityOfPage\":{\"@id\":\"https:\\\/\\\/www.eldigitaldeasturias.com\\\/noticias\\\/andalucia-es-la-comunidad-que-mas-empleo-crea-en-espana-en-el-ultimo-ano\\\/#webpage\"},\"isPartOf\":{\"@id\":\"https:\\\/\\\/www.eldigitaldeasturias.com\\\/noticias\\\/andalucia-es-la-comunidad-que-mas-empleo-crea-en-espana-en-el-ultimo-ano\\\/#webpage\"},\"articleSection\":\"Actualidad\"},{\"@type\":\"BreadcrumbList\",\"@id\":\"https:\\\/\\\/www.eldigitaldeasturias.com\\\/noticias\\\/andalucia-es-la-comunidad-que-mas-empleo-crea-en-espana-en-el-ultimo-ano\\\/#breadcrumblist\",\"itemListElement\":[{\"@type\":\"ListItem\",\"@id\":\"https:\\\/\\\/www.eldigitaldeasturias.com\\\/noticias#listItem\",\"position\":1,\"name\":\"Home\",\"item\":\"https:\\\/\\\/www.eldigitaldeasturias.com\\\/noticias\",\"nextItem\":{\"@type\":\"ListItem\",\"@id\":\"https:\\\/\\\/www.eldigitaldeasturias.com\\\/noticias\\\/category\\\/actualidad\\\/#listItem\",\"name\":\"Actualidad\"}},{\"@type\":\"ListItem\",\"@id\":\"https:\\\/\\\/www.eldigitaldeasturias.com\\\/noticias\\\/category\\\/actualidad\\\/#listItem\",\"position\":2,\"name\":\"Actualidad\",\"item\":\"https:\\\/\\\/www.eldigitaldeasturias.com\\\/noticias\\\/category\\\/actualidad\\\/\",\"nextItem\":{\"@type\":\"ListItem\",\"@id\":\"https:\\\/\\\/www.eldigitaldeasturias.com\\\/noticias\\\/andalucia-es-la-comunidad-que-mas-empleo-crea-en-espana-en-el-ultimo-ano\\\/#listItem\",\"name\":\"Andaluc\\u00eda es la comunidad que m\\u00e1s empleo crea en Espa\\u00f1a en el \\u00faltimo a\\u00f1o\"},\"previousItem\":{\"@type\":\"ListItem\",\"@id\":\"https:\\\/\\\/www.eldigitaldeasturias.com\\\/noticias#listItem\",\"name\":\"Home\"}},{\"@type\":\"ListItem\",\"@id\":\"https:\\\/\\\/www.eldigitaldeasturias.com\\\/noticias\\\/andalucia-es-la-comunidad-que-mas-empleo-crea-en-espana-en-el-ultimo-ano\\\/#listItem\",\"position\":3,\"name\":\"Andaluc\\u00eda es la comunidad que m\\u00e1s empleo crea en Espa\\u00f1a en el \\u00faltimo a\\u00f1o\",\"previousItem\":{\"@type\":\"ListItem\",\"@id\":\"https:\\\/\\\/www.eldigitaldeasturias.com\\\/noticias\\\/category\\\/actualidad\\\/#listItem\",\"name\":\"Actualidad\"}}]},{\"@type\":\"Organization\",\"@id\":\"https:\\\/\\\/www.eldigitaldeasturias.com\\\/noticias\\\/#organization\",\"name\":\"El Digital de Asturias\",\"description\":\"Hemeroteca\",\"url\":\"https:\\\/\\\/www.eldigitaldeasturias.com\\\/noticias\\\/\",\"email\":\"info@eldigitaldeasturias.com\",\"telephone\":\"+34652131393\",\"logo\":{\"@type\":\"ImageObject\",\"url\":\"https:\\\/\\\/www.eldigitaldeasturias.com\\\/noticias\\\/wp-content\\\/uploads\\\/2020\\\/12\\\/EDA.jpg\",\"@id\":\"https:\\\/\\\/www.eldigitaldeasturias.com\\\/noticias\\\/andalucia-es-la-comunidad-que-mas-empleo-crea-en-espana-en-el-ultimo-ano\\\/#organizationLogo\"},\"image\":{\"@id\":\"https:\\\/\\\/www.eldigitaldeasturias.com\\\/noticias\\\/andalucia-es-la-comunidad-que-mas-empleo-crea-en-espana-en-el-ultimo-ano\\\/#organizationLogo\"},\"sameAs\":[\"https:\\\/\\\/facebook.com\\\/eldigitaldeasturias\",\"https:\\\/\\\/www.youtube.com\\\/channel\\\/UCZP-2wLEB9Rv6erhFmqVnvg\"],\"address\":{\"@id\":\"https:\\\/\\\/www.eldigitaldeasturias.com\\\/noticias\\\/#postaladdress\",\"@type\":\"PostalAddress\",\"streetAddress\":\"san antonio 4\",\"postalCode\":\"33430\",\"addressLocality\":\"Cand\\u00e1s\",\"addressRegion\":\"Asturias\",\"addressCountry\":\"ES\"}},{\"@type\":\"Person\",\"@id\":\"https:\\\/\\\/www.eldigitaldeasturias.com\\\/noticias\\\/author\\\/admin\\\/#author\",\"url\":\"https:\\\/\\\/www.eldigitaldeasturias.com\\\/noticias\\\/author\\\/admin\\\/\",\"name\":\"El Digital de Asturias\",\"image\":{\"@type\":\"ImageObject\",\"@id\":\"https:\\\/\\\/www.eldigitaldeasturias.com\\\/noticias\\\/andalucia-es-la-comunidad-que-mas-empleo-crea-en-espana-en-el-ultimo-ano\\\/#authorImage\",\"url\":\"https:\\\/\\\/secure.gravatar.com\\\/avatar\\\/df2aeffc32bcd13f8d26072ef8a91b623d677766deac7f97ca815868cd41bf5e?s=96&d=mm&r=g\",\"width\":96,\"height\":96,\"caption\":\"El Digital de Asturias\"}},{\"@type\":\"WebPage\",\"@id\":\"https:\\\/\\\/www.eldigitaldeasturias.com\\\/noticias\\\/andalucia-es-la-comunidad-que-mas-empleo-crea-en-espana-en-el-ultimo-ano\\\/#webpage\",\"url\":\"https:\\\/\\\/www.eldigitaldeasturias.com\\\/noticias\\\/andalucia-es-la-comunidad-que-mas-empleo-crea-en-espana-en-el-ultimo-ano\\\/\",\"name\":\"Andaluc\\u00eda es la comunidad que m\\u00e1s empleo crea en Espa\\u00f1a en el \\u00faltimo a\\u00f1o - El Digital de Asturias\",\"description\":\"Andaluc\\u00eda es la comunidad en la que m\\u00e1s se ha reducido el paro y m\\u00e1s empleo se ha creado del conjunto del pa\\u00eds en el \\u00faltimo a\\u00f1o, seg\\u00fan refleja la Encuesta de Poblaci\\u00f3n Activa. El n\\u00famero de parados baj\\u00f3 en Andaluc\\u00eda este trimestre, en comparaci\\u00f3n con el mismo del a\\u00f1o anterior, en 160.800 desempleados (-13,85%),\",\"inLanguage\":\"es-ES\",\"isPartOf\":{\"@id\":\"https:\\\/\\\/www.eldigitaldeasturias.com\\\/noticias\\\/#website\"},\"breadcrumb\":{\"@id\":\"https:\\\/\\\/www.eldigitaldeasturias.com\\\/noticias\\\/andalucia-es-la-comunidad-que-mas-empleo-crea-en-espana-en-el-ultimo-ano\\\/#breadcrumblist\"},\"author\":{\"@id\":\"https:\\\/\\\/www.eldigitaldeasturias.com\\\/noticias\\\/author\\\/admin\\\/#author\"},\"creator\":{\"@id\":\"https:\\\/\\\/www.eldigitaldeasturias.com\\\/noticias\\\/author\\\/admin\\\/#author\"},\"image\":{\"@type\":\"ImageObject\",\"url\":781858,\"@id\":\"https:\\\/\\\/www.eldigitaldeasturias.com\\\/noticias\\\/andalucia-es-la-comunidad-que-mas-empleo-crea-en-espana-en-el-ultimo-ano\\\/#mainImage\"},\"primaryImageOfPage\":{\"@id\":\"https:\\\/\\\/www.eldigitaldeasturias.com\\\/noticias\\\/andalucia-es-la-comunidad-que-mas-empleo-crea-en-espana-en-el-ultimo-ano\\\/#mainImage\"},\"datePublished\":\"2017-07-29T06:00:37+02:00\",\"dateModified\":\"2017-07-29T06:00:37+02:00\"},{\"@type\":\"WebSite\",\"@id\":\"https:\\\/\\\/www.eldigitaldeasturias.com\\\/noticias\\\/#website\",\"url\":\"https:\\\/\\\/www.eldigitaldeasturias.com\\\/noticias\\\/\",\"name\":\"El Digital de Asturias - Diario de actualidad y noticias\",\"alternateName\":\"El Digital de Asturias - Diario de actualidad y noticias\",\"description\":\"Hemeroteca\",\"inLanguage\":\"es-ES\",\"publisher\":{\"@id\":\"https:\\\/\\\/www.eldigitaldeasturias.com\\\/noticias\\\/#organization\"}}]}\n\t\t<\/script>\n\t\t<!-- All in One SEO Pro -->\r\n\t\t<title>Andaluc\u00eda es la comunidad que m\u00e1s empleo crea en Espa\u00f1a en el \u00faltimo a\u00f1o - El Digital de Asturias<\/title>\n\n","aioseo_head_json":{"title":"Andaluc\u00eda es la comunidad que m\u00e1s empleo crea en Espa\u00f1a en el \u00faltimo a\u00f1o - El Digital de Asturias","description":"Andaluc\u00eda es la comunidad en la que m\u00e1s se ha reducido el paro y m\u00e1s empleo se ha creado del conjunto del pa\u00eds en el \u00faltimo a\u00f1o, seg\u00fan refleja la Encuesta de Poblaci\u00f3n Activa. El n\u00famero de parados baj\u00f3 en Andaluc\u00eda este trimestre, en comparaci\u00f3n con el mismo del a\u00f1o anterior, en 160.800 desempleados (-13,85%),","canonical_url":"https:\/\/www.eldigitaldeasturias.com\/noticias\/andalucia-es-la-comunidad-que-mas-empleo-crea-en-espana-en-el-ultimo-ano\/","robots":"max-image-preview:large","keywords":"actualidad","webmasterTools":{"google-site-verification":"UA-38556648-1","msvalidate.01":"7dfe9f3f1b24437ab69f4f2559babe99","miscellaneous":""},"schema":{"@context":"https:\/\/schema.org","@graph":[{"@type":"BlogPosting","@id":"https:\/\/www.eldigitaldeasturias.com\/noticias\/andalucia-es-la-comunidad-que-mas-empleo-crea-en-espana-en-el-ultimo-ano\/#blogposting","name":"Andaluc\u00eda es la comunidad que m\u00e1s empleo crea en Espa\u00f1a en el \u00faltimo a\u00f1o - El Digital de Asturias","headline":"Andaluc\u00eda es la comunidad que m\u00e1s empleo crea en Espa\u00f1a en el \u00faltimo a\u00f1o","author":{"@id":"https:\/\/www.eldigitaldeasturias.com\/noticias\/author\/admin\/#author"},"publisher":{"@id":"https:\/\/www.eldigitaldeasturias.com\/noticias\/#organization"},"image":{"@type":"ImageObject","url":781858},"datePublished":"2017-07-29T06:00:37+02:00","dateModified":"2017-07-29T06:00:37+02:00","inLanguage":"es-ES","mainEntityOfPage":{"@id":"https:\/\/www.eldigitaldeasturias.com\/noticias\/andalucia-es-la-comunidad-que-mas-empleo-crea-en-espana-en-el-ultimo-ano\/#webpage"},"isPartOf":{"@id":"https:\/\/www.eldigitaldeasturias.com\/noticias\/andalucia-es-la-comunidad-que-mas-empleo-crea-en-espana-en-el-ultimo-ano\/#webpage"},"articleSection":"Actualidad"},{"@type":"BreadcrumbList","@id":"https:\/\/www.eldigitaldeasturias.com\/noticias\/andalucia-es-la-comunidad-que-mas-empleo-crea-en-espana-en-el-ultimo-ano\/#breadcrumblist","itemListElement":[{"@type":"ListItem","@id":"https:\/\/www.eldigitaldeasturias.com\/noticias#listItem","position":1,"name":"Home","item":"https:\/\/www.eldigitaldeasturias.com\/noticias","nextItem":{"@type":"ListItem","@id":"https:\/\/www.eldigitaldeasturias.com\/noticias\/category\/actualidad\/#listItem","name":"Actualidad"}},{"@type":"ListItem","@id":"https:\/\/www.eldigitaldeasturias.com\/noticias\/category\/actualidad\/#listItem","position":2,"name":"Actualidad","item":"https:\/\/www.eldigitaldeasturias.com\/noticias\/category\/actualidad\/","nextItem":{"@type":"ListItem","@id":"https:\/\/www.eldigitaldeasturias.com\/noticias\/andalucia-es-la-comunidad-que-mas-empleo-crea-en-espana-en-el-ultimo-ano\/#listItem","name":"Andaluc\u00eda es la comunidad que m\u00e1s empleo crea en Espa\u00f1a en el \u00faltimo a\u00f1o"},"previousItem":{"@type":"ListItem","@id":"https:\/\/www.eldigitaldeasturias.com\/noticias#listItem","name":"Home"}},{"@type":"ListItem","@id":"https:\/\/www.eldigitaldeasturias.com\/noticias\/andalucia-es-la-comunidad-que-mas-empleo-crea-en-espana-en-el-ultimo-ano\/#listItem","position":3,"name":"Andaluc\u00eda es la comunidad que m\u00e1s empleo crea en Espa\u00f1a en el \u00faltimo a\u00f1o","previousItem":{"@type":"ListItem","@id":"https:\/\/www.eldigitaldeasturias.com\/noticias\/category\/actualidad\/#listItem","name":"Actualidad"}}]},{"@type":"Organization","@id":"https:\/\/www.eldigitaldeasturias.com\/noticias\/#organization","name":"El Digital de Asturias","description":"Hemeroteca","url":"https:\/\/www.eldigitaldeasturias.com\/noticias\/","email":"info@eldigitaldeasturias.com","telephone":"+34652131393","logo":{"@type":"ImageObject","url":"https:\/\/www.eldigitaldeasturias.com\/noticias\/wp-content\/uploads\/2020\/12\/EDA.jpg","@id":"https:\/\/www.eldigitaldeasturias.com\/noticias\/andalucia-es-la-comunidad-que-mas-empleo-crea-en-espana-en-el-ultimo-ano\/#organizationLogo"},"image":{"@id":"https:\/\/www.eldigitaldeasturias.com\/noticias\/andalucia-es-la-comunidad-que-mas-empleo-crea-en-espana-en-el-ultimo-ano\/#organizationLogo"},"sameAs":["https:\/\/facebook.com\/eldigitaldeasturias","https:\/\/www.youtube.com\/channel\/UCZP-2wLEB9Rv6erhFmqVnvg"],"address":{"@id":"https:\/\/www.eldigitaldeasturias.com\/noticias\/#postaladdress","@type":"PostalAddress","streetAddress":"san antonio 4","postalCode":"33430","addressLocality":"Cand\u00e1s","addressRegion":"Asturias","addressCountry":"ES"}},{"@type":"Person","@id":"https:\/\/www.eldigitaldeasturias.com\/noticias\/author\/admin\/#author","url":"https:\/\/www.eldigitaldeasturias.com\/noticias\/author\/admin\/","name":"El Digital de Asturias","image":{"@type":"ImageObject","@id":"https:\/\/www.eldigitaldeasturias.com\/noticias\/andalucia-es-la-comunidad-que-mas-empleo-crea-en-espana-en-el-ultimo-ano\/#authorImage","url":"https:\/\/secure.gravatar.com\/avatar\/df2aeffc32bcd13f8d26072ef8a91b623d677766deac7f97ca815868cd41bf5e?s=96&d=mm&r=g","width":96,"height":96,"caption":"El Digital de Asturias"}},{"@type":"WebPage","@id":"https:\/\/www.eldigitaldeasturias.com\/noticias\/andalucia-es-la-comunidad-que-mas-empleo-crea-en-espana-en-el-ultimo-ano\/#webpage","url":"https:\/\/www.eldigitaldeasturias.com\/noticias\/andalucia-es-la-comunidad-que-mas-empleo-crea-en-espana-en-el-ultimo-ano\/","name":"Andaluc\u00eda es la comunidad que m\u00e1s empleo crea en Espa\u00f1a en el \u00faltimo a\u00f1o - El Digital de Asturias","description":"Andaluc\u00eda es la comunidad en la que m\u00e1s se ha reducido el paro y m\u00e1s empleo se ha creado del conjunto del pa\u00eds en el \u00faltimo a\u00f1o, seg\u00fan refleja la Encuesta de Poblaci\u00f3n Activa. El n\u00famero de parados baj\u00f3 en Andaluc\u00eda este trimestre, en comparaci\u00f3n con el mismo del a\u00f1o anterior, en 160.800 desempleados (-13,85%),","inLanguage":"es-ES","isPartOf":{"@id":"https:\/\/www.eldigitaldeasturias.com\/noticias\/#website"},"breadcrumb":{"@id":"https:\/\/www.eldigitaldeasturias.com\/noticias\/andalucia-es-la-comunidad-que-mas-empleo-crea-en-espana-en-el-ultimo-ano\/#breadcrumblist"},"author":{"@id":"https:\/\/www.eldigitaldeasturias.com\/noticias\/author\/admin\/#author"},"creator":{"@id":"https:\/\/www.eldigitaldeasturias.com\/noticias\/author\/admin\/#author"},"image":{"@type":"ImageObject","url":781858,"@id":"https:\/\/www.eldigitaldeasturias.com\/noticias\/andalucia-es-la-comunidad-que-mas-empleo-crea-en-espana-en-el-ultimo-ano\/#mainImage"},"primaryImageOfPage":{"@id":"https:\/\/www.eldigitaldeasturias.com\/noticias\/andalucia-es-la-comunidad-que-mas-empleo-crea-en-espana-en-el-ultimo-ano\/#mainImage"},"datePublished":"2017-07-29T06:00:37+02:00","dateModified":"2017-07-29T06:00:37+02:00"},{"@type":"WebSite","@id":"https:\/\/www.eldigitaldeasturias.com\/noticias\/#website","url":"https:\/\/www.eldigitaldeasturias.com\/noticias\/","name":"El Digital de Asturias - Diario de actualidad y noticias","alternateName":"El Digital de Asturias - Diario de actualidad y noticias","description":"Hemeroteca","inLanguage":"es-ES","publisher":{"@id":"https:\/\/www.eldigitaldeasturias.com\/noticias\/#organization"}}]},"og:locale":"es_ES","og:site_name":"El Digital de Asturias","og:type":"article","og:title":"Andaluc\u00eda es la comunidad que m\u00e1s empleo crea en Espa\u00f1a en el \u00faltimo a\u00f1o - El Digital de Asturias","og:description":"Andaluc\u00eda es la comunidad en la que m\u00e1s se ha reducido el paro y m\u00e1s empleo se ha creado del conjunto del pa\u00eds en el \u00faltimo a\u00f1o, seg\u00fan refleja la Encuesta de Poblaci\u00f3n Activa. El n\u00famero de parados baj\u00f3 en Andaluc\u00eda este trimestre, en comparaci\u00f3n con el mismo del a\u00f1o anterior, en 160.800 desempleados (-13,85%),","og:url":"https:\/\/www.eldigitaldeasturias.com\/noticias\/andalucia-es-la-comunidad-que-mas-empleo-crea-en-espana-en-el-ultimo-ano\/","article:tag":["actualidad"],"article:published_time":"2017-07-29T06:00:37+00:00","article:modified_time":"2017-07-29T06:00:37+00:00","article:publisher":"https:\/\/facebook.com\/eldigitaldeasturias","twitter:card":"summary_large_image","twitter:title":"Andaluc\u00eda es la comunidad que m\u00e1s empleo crea en Espa\u00f1a en el \u00faltimo a\u00f1o - El Digital de Asturias","twitter:description":"Andaluc\u00eda es la comunidad en la que m\u00e1s se ha reducido el paro y m\u00e1s empleo se ha creado del conjunto del pa\u00eds en el \u00faltimo a\u00f1o, seg\u00fan refleja la Encuesta de Poblaci\u00f3n Activa. El n\u00famero de parados baj\u00f3 en Andaluc\u00eda este trimestre, en comparaci\u00f3n con el mismo del a\u00f1o anterior, en 160.800 desempleados (-13,85%),","twitter:image":"https:\/\/www.eldigitaldeasturias.com\/noticias\/wp-content\/uploads\/2020\/12\/EDA-1.jpg","twitter:label1":"Escrito por","twitter:data1":"El Digital de Asturias","twitter:label2":"Tiempo de lectura estimado","twitter:data2":"4 minutos"},"aioseo_meta_data":{"post_id":"947964","title":null,"description":null,"keywords":null,"keyphrases":null,"primary_term":null,"canonical_url":null,"og_title":null,"og_description":null,"og_object_type":"default","og_image_type":"default","og_image_url":null,"og_image_width":null,"og_image_height":null,"og_image_custom_url":null,"og_image_custom_fields":null,"og_video":null,"og_custom_url":null,"og_article_section":null,"og_article_tags":null,"twitter_use_og":false,"twitter_card":"default","twitter_image_type":"default","twitter_image_url":null,"twitter_image_custom_url":null,"twitter_image_custom_fields":null,"twitter_title":null,"twitter_description":null,"schema":{"blockGraphs":[],"customGraphs":[],"default":{"data":{"Article":[],"Course":[],"Dataset":[],"FAQPage":[],"Movie":[],"Person":[],"Product":[],"ProductReview":[],"Car":[],"Recipe":[],"Service":[],"SoftwareApplication":[],"WebPage":[]},"graphName":"","isEnabled":true},"graphs":[],"defaultGraph":"","defaultPostTypeGraph":""},"schema_type":null,"schema_type_options":null,"pillar_content":false,"robots_default":true,"robots_noindex":false,"robots_noarchive":false,"robots_nosnippet":false,"robots_nofollow":false,"robots_noimageindex":false,"robots_noodp":false,"robots_notranslate":false,"robots_max_snippet":null,"robots_max_videopreview":null,"robots_max_imagepreview":"large","priority":null,"frequency":null,"local_seo":null,"seo_analyzer_scan_date":"2025-12-05 06:58:28","breadcrumb_settings":null,"limit_modified_date":false,"open_ai":null,"ai":null,"created":"2020-12-21 13:05:44","updated":"2025-12-05 06:58:28","focus_keyword":null,"additional_keywords":null,"truseo_locale":null},"aioseo_breadcrumb":"<div class=\"aioseo-breadcrumbs\"><span class=\"aioseo-breadcrumb\">\n\t<a href=\"https:\/\/www.eldigitaldeasturias.com\/noticias\" title=\"Home\">Home<\/a>\n<\/span><span class=\"aioseo-breadcrumb-separator\">\u2013<\/span><span class=\"aioseo-breadcrumb\">\n\t<a href=\"https:\/\/www.eldigitaldeasturias.com\/noticias\/category\/actualidad\/\" title=\"Actualidad\">Actualidad<\/a>\n<\/span><span class=\"aioseo-breadcrumb-separator\">\u2013<\/span><span class=\"aioseo-breadcrumb\">\n\t<a href=\"https:\/\/www.eldigitaldeasturias.com\/noticias\/andalucia-es-la-comunidad-que-mas-empleo-crea-en-espana-en-el-ultimo-ano\/\" title=\"Andaluc\u00eda es la comunidad que m\u00e1s empleo crea en Espa\u00f1a en el \u00faltimo a\u00f1o\">Andaluc\u00eda es la comunidad que m\u00e1s empleo crea en Espa\u00f1a en el \u00faltimo a\u00f1o<\/a>\n<\/span><\/div>","aioseo_breadcrumb_json":[{"label":"Home","link":"https:\/\/www.eldigitaldeasturias.com\/noticias"},{"label":"Actualidad","link":"https:\/\/www.eldigitaldeasturias.com\/noticias\/category\/actualidad\/"},{"label":"Andaluc\u00eda es la comunidad que m\u00e1s empleo crea en Espa\u00f1a en el \u00faltimo a\u00f1o","link":"https:\/\/www.eldigitaldeasturias.com\/noticias\/andalucia-es-la-comunidad-que-mas-empleo-crea-en-espana-en-el-ultimo-ano\/"}],"_links":{"self":[{"href":"https:\/\/www.eldigitaldeasturias.com\/noticias\/wp-json\/wp\/v2\/posts\/947964","targetHints":{"allow":["GET"]}}],"collection":[{"href":"https:\/\/www.eldigitaldeasturias.com\/noticias\/wp-json\/wp\/v2\/posts"}],"about":[{"href":"https:\/\/www.eldigitaldeasturias.com\/noticias\/wp-json\/wp\/v2\/types\/post"}],"author":[{"embeddable":true,"href":"https:\/\/www.eldigitaldeasturias.com\/noticias\/wp-json\/wp\/v2\/users\/1"}],"replies":[{"embeddable":true,"href":"https:\/\/www.eldigitaldeasturias.com\/noticias\/wp-json\/wp\/v2\/comments?post=947964"}],"version-history":[{"count":0,"href":"https:\/\/www.eldigitaldeasturias.com\/noticias\/wp-json\/wp\/v2\/posts\/947964\/revisions"}],"wp:attachment":[{"href":"https:\/\/www.eldigitaldeasturias.com\/noticias\/wp-json\/wp\/v2\/media?parent=947964"}],"wp:term":[{"taxonomy":"category","embeddable":true,"href":"https:\/\/www.eldigitaldeasturias.com\/noticias\/wp-json\/wp\/v2\/categories?post=947964"},{"taxonomy":"post_tag","embeddable":true,"href":"https:\/\/www.eldigitaldeasturias.com\/noticias\/wp-json\/wp\/v2\/tags?post=947964"}],"curies":[{"name":"wp","href":"https:\/\/api.w.org\/{rel}","templated":true}]}}