{"id":947956,"date":"2017-07-29T05:53:42","date_gmt":"2017-07-29T05:53:42","guid":{"rendered":"http:\/\/www.eldigitaldeasturias.com\/noticias\/?p=947956"},"modified":"2017-07-29T05:53:42","modified_gmt":"2017-07-29T05:53:42","slug":"16-millones-para-mejorar-las-calles-y-zonas-verdes-de-las-192-viviendas-de-marismas-del-odiel","status":"publish","type":"post","link":"https:\/\/www.eldigitaldeasturias.com\/noticias\/16-millones-para-mejorar-las-calles-y-zonas-verdes-de-las-192-viviendas-de-marismas-del-odiel\/","title":{"rendered":"1,6 millones para mejorar las calles y zonas verdes de las 192 viviendas de Marismas del Odiel"},"content":{"rendered":"<p><img loading=\"lazy\" decoding=\"async\" class=\"alignleft size-medium wp-image-947957\" src=\"https:\/\/www.eldigitaldeasturias.com\/noticias\/wp-content\/uploads\/2017\/07\/1501156062268-360x240.jpg\" alt=\"\" width=\"360\" height=\"240\" \/>El consejero de Fomento y Vivienda, Felipe L\u00f3pez, y el alcalde de Huelva, Gabriel Cruz, han suscrito el convenio que permitir\u00e1 ejecutar las obras de reurbanizaci\u00f3n de viales y espacios p\u00fablicos de la promoci\u00f3n de 192 viviendas p\u00fablicas en alquiler situadas en Marismas del Odiel, en Huelva. Dicha actuaci\u00f3n, con una inversi\u00f3n prevista de 1,6 millones de euros que se financiar\u00e1 con fondos Feder, estatales y auton\u00f3micos, ser\u00e1 licitada en agosto, con el fin de que los trabajos puedan iniciarse en enero de 2018.<\/p>\n<p>Tras la firma, Felipe L\u00f3pez ha destacado el \u00abcompromiso\u00bb de la Junta con la mejora del parque p\u00fablico de viviendas en Huelva y Andaluc\u00eda para \u00abgarantizar\u00bb unas condiciones de calidad en la habitabilidad y convivencia a sus residentes, al tiempo que ha subrayado que la apuesta por la rehabilitaci\u00f3n \u00abno se ci\u00f1e solo a la mejora de las viviendas, sino que tambi\u00e9n contempla actuaciones para adecuar los exteriores y reurbanizar su entorno y mejorar as\u00ed estos espacios de encuentro que promueven la convivencia e incrementan la calidad de vida de estas familias\u00bb.<\/p>\n<p>La actuaci\u00f3n para mejorar el callejero y las zonas verdes de las 192 viviendas se enmarca en el acuerdo suscrito en su d\u00eda por el Ministerio de Fomento, la Junta de Andaluc\u00eda y el Ayuntamiento, que declaraba la barriada de Marismas del Odiel como \u00c1rea de Regeneraci\u00f3n y Renovaci\u00f3n Urbana (ARRU). Esta declaraci\u00f3n ha permitido ejecutar obras de rehabilitaci\u00f3n en los edificios, con inversiones por importe de 1,3 millones de euros, y propiciar\u00e1 la actuaci\u00f3n de reurbanizaci\u00f3n que se licitar\u00e1 en breve, con un presupuesto de 1.643.990 euros.<\/p>\n<p>De hecho, Felipe L\u00f3pez ha puesto de relieve el \u00abgran esfuerzo de la Junta en la rehabilitaci\u00f3n del parque p\u00fablico onubense, con cerca de 12 millones de inversi\u00f3n para mejorar m\u00e1s de un millar de viviendas en los barrios de La Orden y El Torrej\u00f3n\u00bb en el marco de intervenci\u00f3n de las ARRU, obras que estar\u00e1n ejecutadas en 2018.<\/p>\n<p>En esta ocasi\u00f3n, el convenio suscrito por el consejero y el alcalde compromete a la Agencia de Vivienda y Rehabilitaci\u00f3n de Andaluc\u00eda (AVRA) para la contrataci\u00f3n y direcci\u00f3n de las obras a ejecutar, en tanto que el Ayuntamiento asume el compromiso de recepcionar y mantener en el futuro los viales y espacios p\u00fablicos en los que se va a actuar.<\/p>\n<p><strong>Detalles de la actuaci\u00f3n<\/strong><\/p>\n<p>La iniciativa de desarrollar esta actuaci\u00f3n viene motivada por la situaci\u00f3n en que se encuentran los viales y espacios p\u00fablicos del barrio, dif\u00edcilmente accesibles para uso por la poblaci\u00f3n residente. Esos espacios p\u00fablicos y calle peatonales, que rodean las ocho manzanas en las que se distribuyen las 192 viviendas, en su mayor\u00eda unifamiliares de dos plantas, necesitan una intensa reparaci\u00f3n para contrarrestar las consecuencias del vandalismo, de la falta de concienciaci\u00f3n sobre un buen uso del h\u00e1bitat urbano y del deterioro motivado por el paso del tiempo.<\/p>\n<p>Las actuaciones proyectadas tratar\u00e1n de resolver todas estas situaciones, dotando a la barriada de los espacios p\u00fablicos adecuados de los que carece ahora; y permitir\u00e1n tambi\u00e9n mejorar la accesibilidad y eliminar barreras arquitect\u00f3nicas. Para ello, el proyecto contempla la sustituci\u00f3n de todos aquellos elementos que por el paso del tiempo y el inadecuado uso se han ido deteriorando hasta el punto de afectar a la normal convivencia entre vecinos. Se trata de un proyecto t\u00e9cnico con connotaciones de \u00edndole social, pues se viene demostrando en intervenciones similares que la mejora del entorno urbano contribuye de forma esencial a la mejora en el comportamiento de los ciudadanos.<\/p>\n<p>Por ello, se trata de actuar con una intervenci\u00f3n t\u00e9cnica pero bajo un prisma de sensibilidad social, que busca un triple efecto: por un lado, se ejecutan unas obras necesarias y demandadas; adem\u00e1s, la poblaci\u00f3n se implica con los correspondientes contratos de inserci\u00f3n socio-laboral, con el consiguiente beneficio econ\u00f3mico y social en la barriada, y finalmente, es previsible que los espacios resultantes tras las obras sean m\u00e1s valorados, cuidados y respetados que en el pasado.<\/p>\n<p>Las obras previstas consistir\u00e1n en la sustituci\u00f3n de las redes de abastecimiento de agua, cambio de soler\u00eda y bordiillos de la urbanizaci\u00f3n, reparaci\u00f3n o sustituci\u00f3n de farolas por otras de mayor eficiencia, peatonalizaci\u00f3n mediante mobiliario urbano de las calles interiores, tratamiento con slurry de las zonas de aparcamiento de veh\u00edculos, reurbanizaci\u00f3n de la zona verde situada al oeste del \u00e1mbito, reurbanizaci\u00f3n y arbolado de las calles peatonales y perimetrales, instalaci\u00f3n de mobiliario urbano y juegos infantiles.<\/p>\n<p><strong>Fases de obras anteriores<\/strong><\/p>\n<p>Al amparo del acuerdo de declaraci\u00f3n de ARRU para esta barriada, se han ejecutado obras de rehabilitaci\u00f3n en dos fases. La primera de ellas, ejecutada en 2015 sobre la mitad de las viviendas con una inversi\u00f3n de 566.000 euros, y la segunda, reci\u00e9n finalizada, tras una inversi\u00f3n de 715.828 euros que ha permitido rehabilitar los espacios comunes de las 96 viviendas en las que no se hab\u00eda actuado en la fase primera de esta intervenci\u00f3n.<\/p>\n<p>Los trabajos reci\u00e9n ejecutados han consistido en el aislamiento e impermeabilizaci\u00f3n de cubiertas y vuelos, saneado y pintura de fachadas, pintura de cerrajer\u00eda met\u00e1lica, reparaci\u00f3n y pintura de elementos estructurales de hormig\u00f3n, arreglo de las juntas de dilataci\u00f3n, limpieza de la red de saneamiento, reconstrucci\u00f3n y reposici\u00f3n de pelda\u00f1os y de pa\u00f1os de bloques de vidrio en las fachadas.<\/p>\n<p>Se ha actuado sobre las 96 viviendas que no fueron rehabilitadas en la primera fase, pero tambi\u00e9n se han realizado trabajos en las zonas comunes de las 24 viviendas plurifamiliares que est\u00e1n repartidas en cuatro edificios de seis viviendas, donde ya se actu\u00f3 parcialmente el pasado a\u00f1o.<\/p>\n<p>&nbsp;<\/p>\n","protected":false},"excerpt":{"rendered":"<p>El consejero de Fomento y Vivienda, Felipe L\u00f3pez, y el alcalde de Huelva, Gabriel Cruz, han suscrito el convenio que permitir\u00e1 ejecutar las obras de reurbanizaci\u00f3n de viales y espacios p\u00fablicos de la promoci\u00f3n de 192 viviendas p\u00fablicas en alquiler situadas en Marismas del Odiel, en Huelva. Dicha actuaci\u00f3n, con una inversi\u00f3n prevista de 1,6 [&hellip;]<\/p>\n","protected":false},"author":1,"featured_media":947957,"comment_status":"closed","ping_status":"closed","sticky":false,"template":"","format":"standard","meta":{"footnotes":""},"categories":[1],"tags":[],"class_list":["post-947956","post","type-post","status-publish","format-standard","has-post-thumbnail","hentry","category-actualidad"],"aioseo_notices":[],"aioseo_head":"\n\t\t<!-- All in One SEO Pro 5.0.1 - aioseo.com -->\n\t<meta name=\"description\" content=\"El consejero de Fomento y Vivienda, Felipe L\u00f3pez, y el alcalde de Huelva, Gabriel Cruz, han suscrito el convenio que permitir\u00e1 ejecutar las obras de reurbanizaci\u00f3n de viales y espacios p\u00fablicos de la promoci\u00f3n de 192 viviendas p\u00fablicas en alquiler situadas en Marismas del Odiel, en Huelva. Dicha actuaci\u00f3n, con una inversi\u00f3n prevista de 1,6\" \/>\n\t<meta name=\"robots\" content=\"max-image-preview:large\" \/>\n\t<meta name=\"author\" content=\"El Digital de Asturias\"\/>\n\t<meta name=\"google-site-verification\" content=\"UA-38556648-1\" \/>\n\t<meta name=\"msvalidate.01\" content=\"7dfe9f3f1b24437ab69f4f2559babe99\" \/>\n\t<meta name=\"keywords\" content=\"actualidad\" \/>\n\t<link rel=\"canonical\" href=\"https:\/\/www.eldigitaldeasturias.com\/noticias\/16-millones-para-mejorar-las-calles-y-zonas-verdes-de-las-192-viviendas-de-marismas-del-odiel\/\" \/>\n\t<meta name=\"generator\" content=\"All in One SEO Pro (AIOSEO) 5.0.1\" \/>\n\t\t<meta property=\"og:locale\" content=\"es_ES\" \/>\n\t\t<meta property=\"og:site_name\" content=\"El Digital de Asturias\" \/>\n\t\t<meta property=\"og:type\" content=\"article\" \/>\n\t\t<meta property=\"og:title\" content=\"1,6 millones para mejorar las calles y zonas verdes de las 192 viviendas de Marismas del Odiel - El Digital de Asturias\" \/>\n\t\t<meta property=\"og:description\" content=\"El consejero de Fomento y Vivienda, Felipe L\u00f3pez, y el alcalde de Huelva, Gabriel Cruz, han suscrito el convenio que permitir\u00e1 ejecutar las obras de reurbanizaci\u00f3n de viales y espacios p\u00fablicos de la promoci\u00f3n de 192 viviendas p\u00fablicas en alquiler situadas en Marismas del Odiel, en Huelva. Dicha actuaci\u00f3n, con una inversi\u00f3n prevista de 1,6\" \/>\n\t\t<meta property=\"og:url\" content=\"https:\/\/www.eldigitaldeasturias.com\/noticias\/16-millones-para-mejorar-las-calles-y-zonas-verdes-de-las-192-viviendas-de-marismas-del-odiel\/\" \/>\n\t\t<meta property=\"article:tag\" content=\"actualidad\" \/>\n\t\t<meta property=\"article:published_time\" content=\"2017-07-29T05:53:42+00:00\" \/>\n\t\t<meta property=\"article:modified_time\" content=\"2017-07-29T05:53:42+00:00\" \/>\n\t\t<meta property=\"article:publisher\" content=\"https:\/\/facebook.com\/eldigitaldeasturias\" \/>\n\t\t<meta name=\"twitter:card\" content=\"summary_large_image\" \/>\n\t\t<meta name=\"twitter:title\" content=\"1,6 millones para mejorar las calles y zonas verdes de las 192 viviendas de Marismas del Odiel - El Digital de Asturias\" \/>\n\t\t<meta name=\"twitter:description\" content=\"El consejero de Fomento y Vivienda, Felipe L\u00f3pez, y el alcalde de Huelva, Gabriel Cruz, han suscrito el convenio que permitir\u00e1 ejecutar las obras de reurbanizaci\u00f3n de viales y espacios p\u00fablicos de la promoci\u00f3n de 192 viviendas p\u00fablicas en alquiler situadas en Marismas del Odiel, en Huelva. Dicha actuaci\u00f3n, con una inversi\u00f3n prevista de 1,6\" \/>\n\t\t<meta name=\"twitter:image\" content=\"https:\/\/www.eldigitaldeasturias.com\/noticias\/wp-content\/uploads\/2020\/12\/EDA-1.jpg\" \/>\n\t\t<meta name=\"twitter:label1\" content=\"Escrito por\" \/>\n\t\t<meta name=\"twitter:data1\" content=\"El Digital de Asturias\" \/>\n\t\t<meta name=\"twitter:label2\" content=\"Tiempo de lectura estimado\" \/>\n\t\t<meta name=\"twitter:data2\" content=\"5 minutos\" \/>\n\t\t<script type=\"application\/ld+json\" class=\"aioseo-schema\">\n\t\t\t{\"@context\":\"https:\\\/\\\/schema.org\",\"@graph\":[{\"@type\":\"BlogPosting\",\"@id\":\"https:\\\/\\\/www.eldigitaldeasturias.com\\\/noticias\\\/16-millones-para-mejorar-las-calles-y-zonas-verdes-de-las-192-viviendas-de-marismas-del-odiel\\\/#blogposting\",\"name\":\"1,6 millones para mejorar las calles y zonas verdes de las 192 viviendas de Marismas del Odiel - El Digital de Asturias\",\"headline\":\"1,6 millones para mejorar las calles y zonas verdes de las 192 viviendas de Marismas del Odiel\",\"author\":{\"@id\":\"https:\\\/\\\/www.eldigitaldeasturias.com\\\/noticias\\\/author\\\/admin\\\/#author\"},\"publisher\":{\"@id\":\"https:\\\/\\\/www.eldigitaldeasturias.com\\\/noticias\\\/#organization\"},\"image\":{\"@type\":\"ImageObject\",\"url\":947957},\"datePublished\":\"2017-07-29T05:53:42+02:00\",\"dateModified\":\"2017-07-29T05:53:42+02:00\",\"inLanguage\":\"es-ES\",\"mainEntityOfPage\":{\"@id\":\"https:\\\/\\\/www.eldigitaldeasturias.com\\\/noticias\\\/16-millones-para-mejorar-las-calles-y-zonas-verdes-de-las-192-viviendas-de-marismas-del-odiel\\\/#webpage\"},\"isPartOf\":{\"@id\":\"https:\\\/\\\/www.eldigitaldeasturias.com\\\/noticias\\\/16-millones-para-mejorar-las-calles-y-zonas-verdes-de-las-192-viviendas-de-marismas-del-odiel\\\/#webpage\"},\"articleSection\":\"Actualidad\"},{\"@type\":\"BreadcrumbList\",\"@id\":\"https:\\\/\\\/www.eldigitaldeasturias.com\\\/noticias\\\/16-millones-para-mejorar-las-calles-y-zonas-verdes-de-las-192-viviendas-de-marismas-del-odiel\\\/#breadcrumblist\",\"itemListElement\":[{\"@type\":\"ListItem\",\"@id\":\"https:\\\/\\\/www.eldigitaldeasturias.com\\\/noticias#listItem\",\"position\":1,\"name\":\"Home\",\"item\":\"https:\\\/\\\/www.eldigitaldeasturias.com\\\/noticias\",\"nextItem\":{\"@type\":\"ListItem\",\"@id\":\"https:\\\/\\\/www.eldigitaldeasturias.com\\\/noticias\\\/category\\\/actualidad\\\/#listItem\",\"name\":\"Actualidad\"}},{\"@type\":\"ListItem\",\"@id\":\"https:\\\/\\\/www.eldigitaldeasturias.com\\\/noticias\\\/category\\\/actualidad\\\/#listItem\",\"position\":2,\"name\":\"Actualidad\",\"item\":\"https:\\\/\\\/www.eldigitaldeasturias.com\\\/noticias\\\/category\\\/actualidad\\\/\",\"nextItem\":{\"@type\":\"ListItem\",\"@id\":\"https:\\\/\\\/www.eldigitaldeasturias.com\\\/noticias\\\/16-millones-para-mejorar-las-calles-y-zonas-verdes-de-las-192-viviendas-de-marismas-del-odiel\\\/#listItem\",\"name\":\"1,6 millones para mejorar las calles y zonas verdes de las 192 viviendas de Marismas del Odiel\"},\"previousItem\":{\"@type\":\"ListItem\",\"@id\":\"https:\\\/\\\/www.eldigitaldeasturias.com\\\/noticias#listItem\",\"name\":\"Home\"}},{\"@type\":\"ListItem\",\"@id\":\"https:\\\/\\\/www.eldigitaldeasturias.com\\\/noticias\\\/16-millones-para-mejorar-las-calles-y-zonas-verdes-de-las-192-viviendas-de-marismas-del-odiel\\\/#listItem\",\"position\":3,\"name\":\"1,6 millones para mejorar las calles y zonas verdes de las 192 viviendas de Marismas del Odiel\",\"previousItem\":{\"@type\":\"ListItem\",\"@id\":\"https:\\\/\\\/www.eldigitaldeasturias.com\\\/noticias\\\/category\\\/actualidad\\\/#listItem\",\"name\":\"Actualidad\"}}]},{\"@type\":\"Organization\",\"@id\":\"https:\\\/\\\/www.eldigitaldeasturias.com\\\/noticias\\\/#organization\",\"name\":\"El Digital de Asturias\",\"description\":\"Hemeroteca\",\"url\":\"https:\\\/\\\/www.eldigitaldeasturias.com\\\/noticias\\\/\",\"email\":\"info@eldigitaldeasturias.com\",\"telephone\":\"+34652131393\",\"logo\":{\"@type\":\"ImageObject\",\"url\":\"https:\\\/\\\/www.eldigitaldeasturias.com\\\/noticias\\\/wp-content\\\/uploads\\\/2020\\\/12\\\/EDA.jpg\",\"@id\":\"https:\\\/\\\/www.eldigitaldeasturias.com\\\/noticias\\\/16-millones-para-mejorar-las-calles-y-zonas-verdes-de-las-192-viviendas-de-marismas-del-odiel\\\/#organizationLogo\"},\"image\":{\"@id\":\"https:\\\/\\\/www.eldigitaldeasturias.com\\\/noticias\\\/16-millones-para-mejorar-las-calles-y-zonas-verdes-de-las-192-viviendas-de-marismas-del-odiel\\\/#organizationLogo\"},\"sameAs\":[\"https:\\\/\\\/facebook.com\\\/eldigitaldeasturias\",\"https:\\\/\\\/www.youtube.com\\\/channel\\\/UCZP-2wLEB9Rv6erhFmqVnvg\"],\"address\":{\"@id\":\"https:\\\/\\\/www.eldigitaldeasturias.com\\\/noticias\\\/#postaladdress\",\"@type\":\"PostalAddress\",\"streetAddress\":\"san antonio 4\",\"postalCode\":\"33430\",\"addressLocality\":\"Cand\\u00e1s\",\"addressRegion\":\"Asturias\",\"addressCountry\":\"ES\"}},{\"@type\":\"Person\",\"@id\":\"https:\\\/\\\/www.eldigitaldeasturias.com\\\/noticias\\\/author\\\/admin\\\/#author\",\"url\":\"https:\\\/\\\/www.eldigitaldeasturias.com\\\/noticias\\\/author\\\/admin\\\/\",\"name\":\"El Digital de Asturias\",\"image\":{\"@type\":\"ImageObject\",\"@id\":\"https:\\\/\\\/www.eldigitaldeasturias.com\\\/noticias\\\/16-millones-para-mejorar-las-calles-y-zonas-verdes-de-las-192-viviendas-de-marismas-del-odiel\\\/#authorImage\",\"url\":\"https:\\\/\\\/secure.gravatar.com\\\/avatar\\\/df2aeffc32bcd13f8d26072ef8a91b623d677766deac7f97ca815868cd41bf5e?s=96&d=mm&r=g\",\"width\":96,\"height\":96,\"caption\":\"El Digital de Asturias\"}},{\"@type\":\"WebPage\",\"@id\":\"https:\\\/\\\/www.eldigitaldeasturias.com\\\/noticias\\\/16-millones-para-mejorar-las-calles-y-zonas-verdes-de-las-192-viviendas-de-marismas-del-odiel\\\/#webpage\",\"url\":\"https:\\\/\\\/www.eldigitaldeasturias.com\\\/noticias\\\/16-millones-para-mejorar-las-calles-y-zonas-verdes-de-las-192-viviendas-de-marismas-del-odiel\\\/\",\"name\":\"1,6 millones para mejorar las calles y zonas verdes de las 192 viviendas de Marismas del Odiel - El Digital de Asturias\",\"description\":\"El consejero de Fomento y Vivienda, Felipe L\\u00f3pez, y el alcalde de Huelva, Gabriel Cruz, han suscrito el convenio que permitir\\u00e1 ejecutar las obras de reurbanizaci\\u00f3n de viales y espacios p\\u00fablicos de la promoci\\u00f3n de 192 viviendas p\\u00fablicas en alquiler situadas en Marismas del Odiel, en Huelva. Dicha actuaci\\u00f3n, con una inversi\\u00f3n prevista de 1,6\",\"inLanguage\":\"es-ES\",\"isPartOf\":{\"@id\":\"https:\\\/\\\/www.eldigitaldeasturias.com\\\/noticias\\\/#website\"},\"breadcrumb\":{\"@id\":\"https:\\\/\\\/www.eldigitaldeasturias.com\\\/noticias\\\/16-millones-para-mejorar-las-calles-y-zonas-verdes-de-las-192-viviendas-de-marismas-del-odiel\\\/#breadcrumblist\"},\"author\":{\"@id\":\"https:\\\/\\\/www.eldigitaldeasturias.com\\\/noticias\\\/author\\\/admin\\\/#author\"},\"creator\":{\"@id\":\"https:\\\/\\\/www.eldigitaldeasturias.com\\\/noticias\\\/author\\\/admin\\\/#author\"},\"image\":{\"@type\":\"ImageObject\",\"url\":947957,\"@id\":\"https:\\\/\\\/www.eldigitaldeasturias.com\\\/noticias\\\/16-millones-para-mejorar-las-calles-y-zonas-verdes-de-las-192-viviendas-de-marismas-del-odiel\\\/#mainImage\"},\"primaryImageOfPage\":{\"@id\":\"https:\\\/\\\/www.eldigitaldeasturias.com\\\/noticias\\\/16-millones-para-mejorar-las-calles-y-zonas-verdes-de-las-192-viviendas-de-marismas-del-odiel\\\/#mainImage\"},\"datePublished\":\"2017-07-29T05:53:42+02:00\",\"dateModified\":\"2017-07-29T05:53:42+02:00\"},{\"@type\":\"WebSite\",\"@id\":\"https:\\\/\\\/www.eldigitaldeasturias.com\\\/noticias\\\/#website\",\"url\":\"https:\\\/\\\/www.eldigitaldeasturias.com\\\/noticias\\\/\",\"name\":\"El Digital de Asturias - Diario de actualidad y noticias\",\"alternateName\":\"El Digital de Asturias - Diario de actualidad y noticias\",\"description\":\"Hemeroteca\",\"inLanguage\":\"es-ES\",\"publisher\":{\"@id\":\"https:\\\/\\\/www.eldigitaldeasturias.com\\\/noticias\\\/#organization\"}}]}\n\t\t<\/script>\n\t\t<!-- All in One SEO Pro -->\r\n\t\t<title>1,6 millones para mejorar las calles y zonas verdes de las 192 viviendas de Marismas del Odiel - El Digital de Asturias<\/title>\n\n","aioseo_head_json":{"title":"1,6 millones para mejorar las calles y zonas verdes de las 192 viviendas de Marismas del Odiel - El Digital de Asturias","description":"El consejero de Fomento y Vivienda, Felipe L\u00f3pez, y el alcalde de Huelva, Gabriel Cruz, han suscrito el convenio que permitir\u00e1 ejecutar las obras de reurbanizaci\u00f3n de viales y espacios p\u00fablicos de la promoci\u00f3n de 192 viviendas p\u00fablicas en alquiler situadas en Marismas del Odiel, en Huelva. Dicha actuaci\u00f3n, con una inversi\u00f3n prevista de 1,6","canonical_url":"https:\/\/www.eldigitaldeasturias.com\/noticias\/16-millones-para-mejorar-las-calles-y-zonas-verdes-de-las-192-viviendas-de-marismas-del-odiel\/","robots":"max-image-preview:large","keywords":"actualidad","webmasterTools":{"google-site-verification":"UA-38556648-1","msvalidate.01":"7dfe9f3f1b24437ab69f4f2559babe99","miscellaneous":""},"schema":{"@context":"https:\/\/schema.org","@graph":[{"@type":"BlogPosting","@id":"https:\/\/www.eldigitaldeasturias.com\/noticias\/16-millones-para-mejorar-las-calles-y-zonas-verdes-de-las-192-viviendas-de-marismas-del-odiel\/#blogposting","name":"1,6 millones para mejorar las calles y zonas verdes de las 192 viviendas de Marismas del Odiel - El Digital de Asturias","headline":"1,6 millones para mejorar las calles y zonas verdes de las 192 viviendas de Marismas del Odiel","author":{"@id":"https:\/\/www.eldigitaldeasturias.com\/noticias\/author\/admin\/#author"},"publisher":{"@id":"https:\/\/www.eldigitaldeasturias.com\/noticias\/#organization"},"image":{"@type":"ImageObject","url":947957},"datePublished":"2017-07-29T05:53:42+02:00","dateModified":"2017-07-29T05:53:42+02:00","inLanguage":"es-ES","mainEntityOfPage":{"@id":"https:\/\/www.eldigitaldeasturias.com\/noticias\/16-millones-para-mejorar-las-calles-y-zonas-verdes-de-las-192-viviendas-de-marismas-del-odiel\/#webpage"},"isPartOf":{"@id":"https:\/\/www.eldigitaldeasturias.com\/noticias\/16-millones-para-mejorar-las-calles-y-zonas-verdes-de-las-192-viviendas-de-marismas-del-odiel\/#webpage"},"articleSection":"Actualidad"},{"@type":"BreadcrumbList","@id":"https:\/\/www.eldigitaldeasturias.com\/noticias\/16-millones-para-mejorar-las-calles-y-zonas-verdes-de-las-192-viviendas-de-marismas-del-odiel\/#breadcrumblist","itemListElement":[{"@type":"ListItem","@id":"https:\/\/www.eldigitaldeasturias.com\/noticias#listItem","position":1,"name":"Home","item":"https:\/\/www.eldigitaldeasturias.com\/noticias","nextItem":{"@type":"ListItem","@id":"https:\/\/www.eldigitaldeasturias.com\/noticias\/category\/actualidad\/#listItem","name":"Actualidad"}},{"@type":"ListItem","@id":"https:\/\/www.eldigitaldeasturias.com\/noticias\/category\/actualidad\/#listItem","position":2,"name":"Actualidad","item":"https:\/\/www.eldigitaldeasturias.com\/noticias\/category\/actualidad\/","nextItem":{"@type":"ListItem","@id":"https:\/\/www.eldigitaldeasturias.com\/noticias\/16-millones-para-mejorar-las-calles-y-zonas-verdes-de-las-192-viviendas-de-marismas-del-odiel\/#listItem","name":"1,6 millones para mejorar las calles y zonas verdes de las 192 viviendas de Marismas del Odiel"},"previousItem":{"@type":"ListItem","@id":"https:\/\/www.eldigitaldeasturias.com\/noticias#listItem","name":"Home"}},{"@type":"ListItem","@id":"https:\/\/www.eldigitaldeasturias.com\/noticias\/16-millones-para-mejorar-las-calles-y-zonas-verdes-de-las-192-viviendas-de-marismas-del-odiel\/#listItem","position":3,"name":"1,6 millones para mejorar las calles y zonas verdes de las 192 viviendas de Marismas del Odiel","previousItem":{"@type":"ListItem","@id":"https:\/\/www.eldigitaldeasturias.com\/noticias\/category\/actualidad\/#listItem","name":"Actualidad"}}]},{"@type":"Organization","@id":"https:\/\/www.eldigitaldeasturias.com\/noticias\/#organization","name":"El Digital de Asturias","description":"Hemeroteca","url":"https:\/\/www.eldigitaldeasturias.com\/noticias\/","email":"info@eldigitaldeasturias.com","telephone":"+34652131393","logo":{"@type":"ImageObject","url":"https:\/\/www.eldigitaldeasturias.com\/noticias\/wp-content\/uploads\/2020\/12\/EDA.jpg","@id":"https:\/\/www.eldigitaldeasturias.com\/noticias\/16-millones-para-mejorar-las-calles-y-zonas-verdes-de-las-192-viviendas-de-marismas-del-odiel\/#organizationLogo"},"image":{"@id":"https:\/\/www.eldigitaldeasturias.com\/noticias\/16-millones-para-mejorar-las-calles-y-zonas-verdes-de-las-192-viviendas-de-marismas-del-odiel\/#organizationLogo"},"sameAs":["https:\/\/facebook.com\/eldigitaldeasturias","https:\/\/www.youtube.com\/channel\/UCZP-2wLEB9Rv6erhFmqVnvg"],"address":{"@id":"https:\/\/www.eldigitaldeasturias.com\/noticias\/#postaladdress","@type":"PostalAddress","streetAddress":"san antonio 4","postalCode":"33430","addressLocality":"Cand\u00e1s","addressRegion":"Asturias","addressCountry":"ES"}},{"@type":"Person","@id":"https:\/\/www.eldigitaldeasturias.com\/noticias\/author\/admin\/#author","url":"https:\/\/www.eldigitaldeasturias.com\/noticias\/author\/admin\/","name":"El Digital de Asturias","image":{"@type":"ImageObject","@id":"https:\/\/www.eldigitaldeasturias.com\/noticias\/16-millones-para-mejorar-las-calles-y-zonas-verdes-de-las-192-viviendas-de-marismas-del-odiel\/#authorImage","url":"https:\/\/secure.gravatar.com\/avatar\/df2aeffc32bcd13f8d26072ef8a91b623d677766deac7f97ca815868cd41bf5e?s=96&d=mm&r=g","width":96,"height":96,"caption":"El Digital de Asturias"}},{"@type":"WebPage","@id":"https:\/\/www.eldigitaldeasturias.com\/noticias\/16-millones-para-mejorar-las-calles-y-zonas-verdes-de-las-192-viviendas-de-marismas-del-odiel\/#webpage","url":"https:\/\/www.eldigitaldeasturias.com\/noticias\/16-millones-para-mejorar-las-calles-y-zonas-verdes-de-las-192-viviendas-de-marismas-del-odiel\/","name":"1,6 millones para mejorar las calles y zonas verdes de las 192 viviendas de Marismas del Odiel - El Digital de Asturias","description":"El consejero de Fomento y Vivienda, Felipe L\u00f3pez, y el alcalde de Huelva, Gabriel Cruz, han suscrito el convenio que permitir\u00e1 ejecutar las obras de reurbanizaci\u00f3n de viales y espacios p\u00fablicos de la promoci\u00f3n de 192 viviendas p\u00fablicas en alquiler situadas en Marismas del Odiel, en Huelva. Dicha actuaci\u00f3n, con una inversi\u00f3n prevista de 1,6","inLanguage":"es-ES","isPartOf":{"@id":"https:\/\/www.eldigitaldeasturias.com\/noticias\/#website"},"breadcrumb":{"@id":"https:\/\/www.eldigitaldeasturias.com\/noticias\/16-millones-para-mejorar-las-calles-y-zonas-verdes-de-las-192-viviendas-de-marismas-del-odiel\/#breadcrumblist"},"author":{"@id":"https:\/\/www.eldigitaldeasturias.com\/noticias\/author\/admin\/#author"},"creator":{"@id":"https:\/\/www.eldigitaldeasturias.com\/noticias\/author\/admin\/#author"},"image":{"@type":"ImageObject","url":947957,"@id":"https:\/\/www.eldigitaldeasturias.com\/noticias\/16-millones-para-mejorar-las-calles-y-zonas-verdes-de-las-192-viviendas-de-marismas-del-odiel\/#mainImage"},"primaryImageOfPage":{"@id":"https:\/\/www.eldigitaldeasturias.com\/noticias\/16-millones-para-mejorar-las-calles-y-zonas-verdes-de-las-192-viviendas-de-marismas-del-odiel\/#mainImage"},"datePublished":"2017-07-29T05:53:42+02:00","dateModified":"2017-07-29T05:53:42+02:00"},{"@type":"WebSite","@id":"https:\/\/www.eldigitaldeasturias.com\/noticias\/#website","url":"https:\/\/www.eldigitaldeasturias.com\/noticias\/","name":"El Digital de Asturias - Diario de actualidad y noticias","alternateName":"El Digital de Asturias - Diario de actualidad y noticias","description":"Hemeroteca","inLanguage":"es-ES","publisher":{"@id":"https:\/\/www.eldigitaldeasturias.com\/noticias\/#organization"}}]},"og:locale":"es_ES","og:site_name":"El Digital de Asturias","og:type":"article","og:title":"1,6 millones para mejorar las calles y zonas verdes de las 192 viviendas de Marismas del Odiel - El Digital de Asturias","og:description":"El consejero de Fomento y Vivienda, Felipe L\u00f3pez, y el alcalde de Huelva, Gabriel Cruz, han suscrito el convenio que permitir\u00e1 ejecutar las obras de reurbanizaci\u00f3n de viales y espacios p\u00fablicos de la promoci\u00f3n de 192 viviendas p\u00fablicas en alquiler situadas en Marismas del Odiel, en Huelva. Dicha actuaci\u00f3n, con una inversi\u00f3n prevista de 1,6","og:url":"https:\/\/www.eldigitaldeasturias.com\/noticias\/16-millones-para-mejorar-las-calles-y-zonas-verdes-de-las-192-viviendas-de-marismas-del-odiel\/","article:tag":["actualidad"],"article:published_time":"2017-07-29T05:53:42+00:00","article:modified_time":"2017-07-29T05:53:42+00:00","article:publisher":"https:\/\/facebook.com\/eldigitaldeasturias","twitter:card":"summary_large_image","twitter:title":"1,6 millones para mejorar las calles y zonas verdes de las 192 viviendas de Marismas del Odiel - El Digital de Asturias","twitter:description":"El consejero de Fomento y Vivienda, Felipe L\u00f3pez, y el alcalde de Huelva, Gabriel Cruz, han suscrito el convenio que permitir\u00e1 ejecutar las obras de reurbanizaci\u00f3n de viales y espacios p\u00fablicos de la promoci\u00f3n de 192 viviendas p\u00fablicas en alquiler situadas en Marismas del Odiel, en Huelva. Dicha actuaci\u00f3n, con una inversi\u00f3n prevista de 1,6","twitter:image":"https:\/\/www.eldigitaldeasturias.com\/noticias\/wp-content\/uploads\/2020\/12\/EDA-1.jpg","twitter:label1":"Escrito por","twitter:data1":"El Digital de Asturias","twitter:label2":"Tiempo de lectura estimado","twitter:data2":"5 minutos"},"aioseo_meta_data":{"post_id":"947956","title":null,"description":null,"keywords":null,"keyphrases":null,"primary_term":null,"canonical_url":null,"og_title":null,"og_description":null,"og_object_type":"default","og_image_type":"default","og_image_url":null,"og_image_width":null,"og_image_height":null,"og_image_custom_url":null,"og_image_custom_fields":null,"og_video":null,"og_custom_url":null,"og_article_section":null,"og_article_tags":null,"twitter_use_og":false,"twitter_card":"default","twitter_image_type":"default","twitter_image_url":null,"twitter_image_custom_url":null,"twitter_image_custom_fields":null,"twitter_title":null,"twitter_description":null,"schema":{"blockGraphs":[],"customGraphs":[],"default":{"data":{"Article":[],"Course":[],"Dataset":[],"FAQPage":[],"Movie":[],"Person":[],"Product":[],"ProductReview":[],"Car":[],"Recipe":[],"Service":[],"SoftwareApplication":[],"WebPage":[]},"graphName":"","isEnabled":true},"graphs":[],"defaultGraph":"","defaultPostTypeGraph":""},"schema_type":null,"schema_type_options":null,"pillar_content":false,"robots_default":true,"robots_noindex":false,"robots_noarchive":false,"robots_nosnippet":false,"robots_nofollow":false,"robots_noimageindex":false,"robots_noodp":false,"robots_notranslate":false,"robots_max_snippet":null,"robots_max_videopreview":null,"robots_max_imagepreview":"large","priority":null,"frequency":null,"local_seo":null,"seo_analyzer_scan_date":"2025-12-05 06:56:22","breadcrumb_settings":null,"limit_modified_date":false,"open_ai":null,"ai":null,"created":"2020-12-21 13:05:44","updated":"2025-12-05 06:56:22","focus_keyword":null,"additional_keywords":null,"truseo_locale":null},"aioseo_breadcrumb":"<div class=\"aioseo-breadcrumbs\"><span class=\"aioseo-breadcrumb\">\n\t<a href=\"https:\/\/www.eldigitaldeasturias.com\/noticias\" title=\"Home\">Home<\/a>\n<\/span><span class=\"aioseo-breadcrumb-separator\">\u2013<\/span><span class=\"aioseo-breadcrumb\">\n\t<a href=\"https:\/\/www.eldigitaldeasturias.com\/noticias\/category\/actualidad\/\" title=\"Actualidad\">Actualidad<\/a>\n<\/span><span class=\"aioseo-breadcrumb-separator\">\u2013<\/span><span class=\"aioseo-breadcrumb\">\n\t<a href=\"https:\/\/www.eldigitaldeasturias.com\/noticias\/16-millones-para-mejorar-las-calles-y-zonas-verdes-de-las-192-viviendas-de-marismas-del-odiel\/\" title=\"1,6 millones para mejorar las calles y zonas verdes de las 192 viviendas de Marismas del Odiel\">1,6 millones para mejorar las calles y zonas verdes de las 192 viviendas de Marismas del Odiel<\/a>\n<\/span><\/div>","aioseo_breadcrumb_json":[{"label":"Home","link":"https:\/\/www.eldigitaldeasturias.com\/noticias"},{"label":"Actualidad","link":"https:\/\/www.eldigitaldeasturias.com\/noticias\/category\/actualidad\/"},{"label":"1,6 millones para mejorar las calles y zonas verdes de las 192 viviendas de Marismas del Odiel","link":"https:\/\/www.eldigitaldeasturias.com\/noticias\/16-millones-para-mejorar-las-calles-y-zonas-verdes-de-las-192-viviendas-de-marismas-del-odiel\/"}],"_links":{"self":[{"href":"https:\/\/www.eldigitaldeasturias.com\/noticias\/wp-json\/wp\/v2\/posts\/947956","targetHints":{"allow":["GET"]}}],"collection":[{"href":"https:\/\/www.eldigitaldeasturias.com\/noticias\/wp-json\/wp\/v2\/posts"}],"about":[{"href":"https:\/\/www.eldigitaldeasturias.com\/noticias\/wp-json\/wp\/v2\/types\/post"}],"author":[{"embeddable":true,"href":"https:\/\/www.eldigitaldeasturias.com\/noticias\/wp-json\/wp\/v2\/users\/1"}],"replies":[{"embeddable":true,"href":"https:\/\/www.eldigitaldeasturias.com\/noticias\/wp-json\/wp\/v2\/comments?post=947956"}],"version-history":[{"count":0,"href":"https:\/\/www.eldigitaldeasturias.com\/noticias\/wp-json\/wp\/v2\/posts\/947956\/revisions"}],"wp:attachment":[{"href":"https:\/\/www.eldigitaldeasturias.com\/noticias\/wp-json\/wp\/v2\/media?parent=947956"}],"wp:term":[{"taxonomy":"category","embeddable":true,"href":"https:\/\/www.eldigitaldeasturias.com\/noticias\/wp-json\/wp\/v2\/categories?post=947956"},{"taxonomy":"post_tag","embeddable":true,"href":"https:\/\/www.eldigitaldeasturias.com\/noticias\/wp-json\/wp\/v2\/tags?post=947956"}],"curies":[{"name":"wp","href":"https:\/\/api.w.org\/{rel}","templated":true}]}}