{"id":947953,"date":"2017-07-29T05:51:34","date_gmt":"2017-07-29T05:51:34","guid":{"rendered":"http:\/\/www.eldigitaldeasturias.com\/noticias\/?p=947953"},"modified":"2017-07-29T05:51:34","modified_gmt":"2017-07-29T05:51:34","slug":"andalucia-reivindica-un-tratamiento-especifico-para-el-campo-almeriense-en-el-pacto-nacional-del-agua","status":"publish","type":"post","link":"https:\/\/www.eldigitaldeasturias.com\/noticias\/andalucia-reivindica-un-tratamiento-especifico-para-el-campo-almeriense-en-el-pacto-nacional-del-agua\/","title":{"rendered":"Andaluc\u00eda reivindica un tratamiento espec\u00edfico para el campo almeriense en el Pacto Nacional del Agua"},"content":{"rendered":"<p><img loading=\"lazy\" decoding=\"async\" class=\"alignleft size-medium wp-image-947954\" src=\"https:\/\/www.eldigitaldeasturias.com\/noticias\/wp-content\/uploads\/2017\/07\/1501161102583-360x221.jpg\" alt=\"\" width=\"360\" height=\"221\" \/>La Junta de Andaluc\u00eda apuesta por el \u00abcompromiso de todos\u00bb para afrontar \u00abjuntos\u00bb, desde una colaboraci\u00f3n p\u00fablico-privada \u00abfirme y consistente\u00bb, el desaf\u00edo de una gesti\u00f3n sostenible de los recursos h\u00eddricos. As\u00ed lo han expuesto los consejeros de Agricultura, Pesca y Desarrollo Rural, Rodrigo S\u00e1nchez Haro, y de Medio Ambiente y Ordenaci\u00f3n del Territorio, Jos\u00e9 Fiscal, quienes, en el marco de la reuni\u00f3n con la Mesa del Agua de Almer\u00eda, han instado al Ministerio de Agricultura y Pesca, Alimentaci\u00f3n y Medio Ambiente a que esta provincia tenga un \u00abtratamiento espec\u00edfico\u00bb dentro del Pacto Nacional del Agua. Ambos han destacado que es \u00abimprescindible\u00bb que se tengan en cuenta las condiciones particulares del campo almeriense, \u00abel mayor productor espa\u00f1ol de hortalizas\u00bb, en cuanto a la disponibilidad del recurso y la escasa pluviometr\u00eda.<\/p>\n<p>El titular de Agricultura, Pesca y Desarrollo Rural ha manifestado, en este sentido, que \u00abson muchos los retos\u00bb para garantizar de forma estable las necesidades h\u00eddricas actuales y futuras del sector. Un punto en el que ha reivindicado que cada Administraci\u00f3n y cada agente implicado (usuarios, comunidades de regantes, etc.) \u00abha de asumir su papel y su responsabilidad sin reservas\u00bb. Rodrigo S\u00e1nchez Haro, dentro de este contexto, entiende que para paliar el d\u00e9ficit de agua que padece la agricultura de Almer\u00eda es \u00abprimordial e inaplazable\u00bb que el Gobierno central acometa, \u00abde una vez\u00bb, las inversiones que son de su competencia en la provincia. A su juicio, \u00abla Administraci\u00f3n General del Estado tiene que hacer sus deberes del mismo modo que la Junta de Andaluc\u00eda los est\u00e1 haciendo\u00bb.<\/p>\n<p>Sobre la mesa se han puesto, as\u00ed, asuntos como el coste del agua desalada, sobre el que S\u00e1nchez Haro ha reiterado la reclamaci\u00f3n de un precio justo al Gobierno de Espa\u00f1a y una ley estatal que lo regule, o el posible cierre del trasvase Negrat\u00edn-Almanzora, \u00abtan importante para los regantes del Almanzora y ante lo que el Ministerio de Agricultura y Pesca, Alimentaci\u00f3n y Medio Ambiente tiene mucho que decir\u00bb, ha apostillado. Frente a ello, ha argumentado, la Consejer\u00eda de Agricultura, Pesca y Desarrollo Rural \u00abcumple su parte\u00bb, por ejemplo, con el destino de m\u00e1s de 40 millones de euros a la mejora de los regad\u00edos y los caminos rurales en la geograf\u00eda almeriense.<\/p>\n<p>El grado de compromiso \u00abes el mismo\u00bb en lo que concierne a la Consejer\u00eda de Medio Ambiente y Ordenaci\u00f3n del Territorio. As\u00ed lo ha expresado Jos\u00e9 Fiscal, quien ha subrayado la importancia de las distintas acciones que se van a acometer para recuperar y proteger las masas de aguas subterr\u00e1neas sobreexplotadas. El consejero ha calificado como un \u00abhecho hist\u00f3rico\u00bb el acuerdo entre la Junta de Andaluc\u00eda y la Junta Central de Usuarios del Poniente Almeriense, que aglutina a todos los regantes de la zona, para limitar las extracciones, en el horizonte de planificaci\u00f3n 2027, en 77 hect\u00f3metros c\u00fabicos. Se llevar\u00e1 a cabo a trav\u00e9s del cierre de pozos y la sustituci\u00f3n e interconexi\u00f3n de recursos alternativos desalados, regenerados y regulados.<\/p>\n<p>Fiscal ha recalcado que, tras firmarse el pasado 25 de julio una resoluci\u00f3n con ese fin, se va a poner en marcha un programa de recuperaci\u00f3n del acu\u00edfero de Campo de Dal\u00edas y Sierra de G\u00e1dor en colaboraci\u00f3n con los regantes de la zona. El titular de Medio Ambiente y Ordenaci\u00f3n del Territorio ha indicado que esta experiencia, as\u00ed como la aplicaci\u00f3n de las previsiones de la legislaci\u00f3n de aguas, se va a trasladar al resto de los acu\u00edferos sobreexplotados. Adem\u00e1s, seg\u00fan ha concretado, se encomendar\u00e1 a la entidad m\u00e1s representativa de la zona la elaboraci\u00f3n y gesti\u00f3n de un plan de recuperaci\u00f3n para limitar las extracciones y sustituir las aguas subterr\u00e1neas por otros recursos.<\/p>\n<p><strong>Casi 50 millones m\u00e1s para modernizaci\u00f3n<\/strong><\/p>\n<p>De igual modo, seg\u00fan ha anunciado S\u00e1nchez Haro, la Consejer\u00eda de Agricultura, Pesca y Desarrollo Rural publicar\u00e1 en la primera semana de agosto en el Bolet\u00edn Oficial de la Junta de Andaluc\u00eda (BOJA) las bases reguladoras de la l\u00ednea de ayudas de mejora de regad\u00edos, con la que, \u00abcon una dotaci\u00f3n de 48 millones de euros, pretendemos apoyar inversiones dirigidas a la modernizaci\u00f3n, la transformaci\u00f3n, la consolidaci\u00f3n y nuevos regad\u00edos\u00bb, ha explicado. Estos incentivos encontrar\u00e1n, adem\u00e1s, un complemento de otros 15 millones de euros que favorecer\u00e1n inversiones en autoproducci\u00f3n y ahorro de energ\u00eda, as\u00ed como en mejora de motores, equipos de bombeo o centros de transformaci\u00f3n.<\/p>\n<p>El responsable del departamento de Agricultura, Pesca y Desarrollo Rural ha a\u00f1adido que tambi\u00e9n est\u00e1 previsto que se publiquen las bases para la realizaci\u00f3n de auditor\u00edas energ\u00e9ticas de las instalaciones de riego en busca del ahorro de energ\u00eda, una medida que contar\u00e1 con 3,8 millones de euros. Asimismo, las comunidades de regantes se beneficiar\u00e1n de una partida de unos 4 millones de euros que redundar\u00e1 de un modo directo en la mejora de caminos rurales, un apoyo \u00abdecidido\u00bb que tiene otro reflejo en la soluci\u00f3n transitoria adoptada para Cuatro Vegas con el fin de asegurar las producciones de los agricultores mientras se tramita la concesi\u00f3n.<\/p>\n<p>En definitiva, Rodrigo S\u00e1nchez Haro ha puesto en valor la importancia de un encuentro que pone de relieve \u00abla firme voluntad del Gobierno andaluz\u00bb de encontrar soluciones, trabajar en com\u00fan y, como ha reiterado, \u00abasumir responsabilidades para garantizar estabilidad y un uso sostenible del agua ante la situaci\u00f3n de sequ\u00eda que se nos presenta a medio plazo\u00bb. Ante ello, ha hecho un llamamiento al consenso de usuarios, comunidades de regantes y organizaciones agrarias para, entre todos, \u00abconseguir el compromiso de la Administraci\u00f3n General del Estado con el desarrollo de este sector que tanto aporta a Andaluc\u00eda, Espa\u00f1a y Europa\u00bb. El consejero no descarta, incluso, \u00absi fuese necesario\u00bb, solicitar la colaboraci\u00f3n de otras comunidades aut\u00f3nomas como la Regi\u00f3n de Murcia o la Comunidad Valenciana para conseguir que el Gobierno central \u00abarrime el hombro y haga suyas las propuestas de la Mesa del Agua de Almer\u00eda\u00bb.<\/p>\n<p>&nbsp;<\/p>\n","protected":false},"excerpt":{"rendered":"<p>La Junta de Andaluc\u00eda apuesta por el \u00abcompromiso de todos\u00bb para afrontar \u00abjuntos\u00bb, desde una colaboraci\u00f3n p\u00fablico-privada \u00abfirme y consistente\u00bb, el desaf\u00edo de una gesti\u00f3n sostenible de los recursos h\u00eddricos. As\u00ed lo han expuesto los consejeros de Agricultura, Pesca y Desarrollo Rural, Rodrigo S\u00e1nchez Haro, y de Medio Ambiente y Ordenaci\u00f3n del Territorio, Jos\u00e9 Fiscal, [&hellip;]<\/p>\n","protected":false},"author":1,"featured_media":947954,"comment_status":"closed","ping_status":"closed","sticky":false,"template":"","format":"standard","meta":{"footnotes":""},"categories":[1],"tags":[],"class_list":["post-947953","post","type-post","status-publish","format-standard","has-post-thumbnail","hentry","category-actualidad"],"aioseo_notices":[],"aioseo_head":"\n\t\t<!-- All in One SEO Pro 5.0.1 - aioseo.com -->\n\t<meta name=\"description\" content=\"La Junta de Andaluc\u00eda apuesta por el &quot;compromiso de todos&quot; para afrontar &quot;juntos&quot;, desde una colaboraci\u00f3n p\u00fablico-privada &quot;firme y consistente&quot;, el desaf\u00edo de una gesti\u00f3n sostenible de los recursos h\u00eddricos. As\u00ed lo han expuesto los consejeros de Agricultura, Pesca y Desarrollo Rural, Rodrigo S\u00e1nchez Haro, y de Medio Ambiente y Ordenaci\u00f3n del Territorio, Jos\u00e9 Fiscal,\" \/>\n\t<meta name=\"robots\" content=\"max-image-preview:large\" \/>\n\t<meta name=\"author\" content=\"El Digital de Asturias\"\/>\n\t<meta name=\"google-site-verification\" content=\"UA-38556648-1\" \/>\n\t<meta name=\"msvalidate.01\" content=\"7dfe9f3f1b24437ab69f4f2559babe99\" \/>\n\t<meta name=\"keywords\" content=\"actualidad\" \/>\n\t<link rel=\"canonical\" href=\"https:\/\/www.eldigitaldeasturias.com\/noticias\/andalucia-reivindica-un-tratamiento-especifico-para-el-campo-almeriense-en-el-pacto-nacional-del-agua\/\" \/>\n\t<meta name=\"generator\" content=\"All in One SEO Pro (AIOSEO) 5.0.1\" \/>\n\t\t<meta property=\"og:locale\" content=\"es_ES\" \/>\n\t\t<meta property=\"og:site_name\" content=\"El Digital de Asturias\" \/>\n\t\t<meta property=\"og:type\" content=\"article\" \/>\n\t\t<meta property=\"og:title\" content=\"Andaluc\u00eda reivindica un tratamiento espec\u00edfico para el campo almeriense en el Pacto Nacional del Agua - El Digital de Asturias\" \/>\n\t\t<meta property=\"og:description\" content=\"La Junta de Andaluc\u00eda apuesta por el &quot;compromiso de todos&quot; para afrontar &quot;juntos&quot;, desde una colaboraci\u00f3n p\u00fablico-privada &quot;firme y consistente&quot;, el desaf\u00edo de una gesti\u00f3n sostenible de los recursos h\u00eddricos. As\u00ed lo han expuesto los consejeros de Agricultura, Pesca y Desarrollo Rural, Rodrigo S\u00e1nchez Haro, y de Medio Ambiente y Ordenaci\u00f3n del Territorio, Jos\u00e9 Fiscal,\" \/>\n\t\t<meta property=\"og:url\" content=\"https:\/\/www.eldigitaldeasturias.com\/noticias\/andalucia-reivindica-un-tratamiento-especifico-para-el-campo-almeriense-en-el-pacto-nacional-del-agua\/\" \/>\n\t\t<meta property=\"article:tag\" content=\"actualidad\" \/>\n\t\t<meta property=\"article:published_time\" content=\"2017-07-29T05:51:34+00:00\" \/>\n\t\t<meta property=\"article:modified_time\" content=\"2017-07-29T05:51:34+00:00\" \/>\n\t\t<meta property=\"article:publisher\" content=\"https:\/\/facebook.com\/eldigitaldeasturias\" \/>\n\t\t<meta name=\"twitter:card\" content=\"summary_large_image\" \/>\n\t\t<meta name=\"twitter:title\" content=\"Andaluc\u00eda reivindica un tratamiento espec\u00edfico para el campo almeriense en el Pacto Nacional del Agua - El Digital de Asturias\" \/>\n\t\t<meta name=\"twitter:description\" content=\"La Junta de Andaluc\u00eda apuesta por el &quot;compromiso de todos&quot; para afrontar &quot;juntos&quot;, desde una colaboraci\u00f3n p\u00fablico-privada &quot;firme y consistente&quot;, el desaf\u00edo de una gesti\u00f3n sostenible de los recursos h\u00eddricos. As\u00ed lo han expuesto los consejeros de Agricultura, Pesca y Desarrollo Rural, Rodrigo S\u00e1nchez Haro, y de Medio Ambiente y Ordenaci\u00f3n del Territorio, Jos\u00e9 Fiscal,\" \/>\n\t\t<meta name=\"twitter:image\" content=\"https:\/\/www.eldigitaldeasturias.com\/noticias\/wp-content\/uploads\/2020\/12\/EDA-1.jpg\" \/>\n\t\t<meta name=\"twitter:label1\" content=\"Escrito por\" \/>\n\t\t<meta name=\"twitter:data1\" content=\"El Digital de Asturias\" \/>\n\t\t<meta name=\"twitter:label2\" content=\"Tiempo de lectura estimado\" \/>\n\t\t<meta name=\"twitter:data2\" content=\"5 minutos\" \/>\n\t\t<script type=\"application\/ld+json\" class=\"aioseo-schema\">\n\t\t\t{\"@context\":\"https:\\\/\\\/schema.org\",\"@graph\":[{\"@type\":\"BlogPosting\",\"@id\":\"https:\\\/\\\/www.eldigitaldeasturias.com\\\/noticias\\\/andalucia-reivindica-un-tratamiento-especifico-para-el-campo-almeriense-en-el-pacto-nacional-del-agua\\\/#blogposting\",\"name\":\"Andaluc\\u00eda reivindica un tratamiento espec\\u00edfico para el campo almeriense en el Pacto Nacional del Agua - El Digital de Asturias\",\"headline\":\"Andaluc\\u00eda reivindica un tratamiento espec\\u00edfico para el campo almeriense en el Pacto Nacional del Agua\",\"author\":{\"@id\":\"https:\\\/\\\/www.eldigitaldeasturias.com\\\/noticias\\\/author\\\/admin\\\/#author\"},\"publisher\":{\"@id\":\"https:\\\/\\\/www.eldigitaldeasturias.com\\\/noticias\\\/#organization\"},\"image\":{\"@type\":\"ImageObject\",\"url\":947954},\"datePublished\":\"2017-07-29T05:51:34+02:00\",\"dateModified\":\"2017-07-29T05:51:34+02:00\",\"inLanguage\":\"es-ES\",\"mainEntityOfPage\":{\"@id\":\"https:\\\/\\\/www.eldigitaldeasturias.com\\\/noticias\\\/andalucia-reivindica-un-tratamiento-especifico-para-el-campo-almeriense-en-el-pacto-nacional-del-agua\\\/#webpage\"},\"isPartOf\":{\"@id\":\"https:\\\/\\\/www.eldigitaldeasturias.com\\\/noticias\\\/andalucia-reivindica-un-tratamiento-especifico-para-el-campo-almeriense-en-el-pacto-nacional-del-agua\\\/#webpage\"},\"articleSection\":\"Actualidad\"},{\"@type\":\"BreadcrumbList\",\"@id\":\"https:\\\/\\\/www.eldigitaldeasturias.com\\\/noticias\\\/andalucia-reivindica-un-tratamiento-especifico-para-el-campo-almeriense-en-el-pacto-nacional-del-agua\\\/#breadcrumblist\",\"itemListElement\":[{\"@type\":\"ListItem\",\"@id\":\"https:\\\/\\\/www.eldigitaldeasturias.com\\\/noticias#listItem\",\"position\":1,\"name\":\"Home\",\"item\":\"https:\\\/\\\/www.eldigitaldeasturias.com\\\/noticias\",\"nextItem\":{\"@type\":\"ListItem\",\"@id\":\"https:\\\/\\\/www.eldigitaldeasturias.com\\\/noticias\\\/category\\\/actualidad\\\/#listItem\",\"name\":\"Actualidad\"}},{\"@type\":\"ListItem\",\"@id\":\"https:\\\/\\\/www.eldigitaldeasturias.com\\\/noticias\\\/category\\\/actualidad\\\/#listItem\",\"position\":2,\"name\":\"Actualidad\",\"item\":\"https:\\\/\\\/www.eldigitaldeasturias.com\\\/noticias\\\/category\\\/actualidad\\\/\",\"nextItem\":{\"@type\":\"ListItem\",\"@id\":\"https:\\\/\\\/www.eldigitaldeasturias.com\\\/noticias\\\/andalucia-reivindica-un-tratamiento-especifico-para-el-campo-almeriense-en-el-pacto-nacional-del-agua\\\/#listItem\",\"name\":\"Andaluc\\u00eda reivindica un tratamiento espec\\u00edfico para el campo almeriense en el Pacto Nacional del Agua\"},\"previousItem\":{\"@type\":\"ListItem\",\"@id\":\"https:\\\/\\\/www.eldigitaldeasturias.com\\\/noticias#listItem\",\"name\":\"Home\"}},{\"@type\":\"ListItem\",\"@id\":\"https:\\\/\\\/www.eldigitaldeasturias.com\\\/noticias\\\/andalucia-reivindica-un-tratamiento-especifico-para-el-campo-almeriense-en-el-pacto-nacional-del-agua\\\/#listItem\",\"position\":3,\"name\":\"Andaluc\\u00eda reivindica un tratamiento espec\\u00edfico para el campo almeriense en el Pacto Nacional del Agua\",\"previousItem\":{\"@type\":\"ListItem\",\"@id\":\"https:\\\/\\\/www.eldigitaldeasturias.com\\\/noticias\\\/category\\\/actualidad\\\/#listItem\",\"name\":\"Actualidad\"}}]},{\"@type\":\"Organization\",\"@id\":\"https:\\\/\\\/www.eldigitaldeasturias.com\\\/noticias\\\/#organization\",\"name\":\"El Digital de Asturias\",\"description\":\"Hemeroteca\",\"url\":\"https:\\\/\\\/www.eldigitaldeasturias.com\\\/noticias\\\/\",\"email\":\"info@eldigitaldeasturias.com\",\"telephone\":\"+34652131393\",\"logo\":{\"@type\":\"ImageObject\",\"url\":\"https:\\\/\\\/www.eldigitaldeasturias.com\\\/noticias\\\/wp-content\\\/uploads\\\/2020\\\/12\\\/EDA.jpg\",\"@id\":\"https:\\\/\\\/www.eldigitaldeasturias.com\\\/noticias\\\/andalucia-reivindica-un-tratamiento-especifico-para-el-campo-almeriense-en-el-pacto-nacional-del-agua\\\/#organizationLogo\"},\"image\":{\"@id\":\"https:\\\/\\\/www.eldigitaldeasturias.com\\\/noticias\\\/andalucia-reivindica-un-tratamiento-especifico-para-el-campo-almeriense-en-el-pacto-nacional-del-agua\\\/#organizationLogo\"},\"sameAs\":[\"https:\\\/\\\/facebook.com\\\/eldigitaldeasturias\",\"https:\\\/\\\/www.youtube.com\\\/channel\\\/UCZP-2wLEB9Rv6erhFmqVnvg\"],\"address\":{\"@id\":\"https:\\\/\\\/www.eldigitaldeasturias.com\\\/noticias\\\/#postaladdress\",\"@type\":\"PostalAddress\",\"streetAddress\":\"san antonio 4\",\"postalCode\":\"33430\",\"addressLocality\":\"Cand\\u00e1s\",\"addressRegion\":\"Asturias\",\"addressCountry\":\"ES\"}},{\"@type\":\"Person\",\"@id\":\"https:\\\/\\\/www.eldigitaldeasturias.com\\\/noticias\\\/author\\\/admin\\\/#author\",\"url\":\"https:\\\/\\\/www.eldigitaldeasturias.com\\\/noticias\\\/author\\\/admin\\\/\",\"name\":\"El Digital de Asturias\",\"image\":{\"@type\":\"ImageObject\",\"@id\":\"https:\\\/\\\/www.eldigitaldeasturias.com\\\/noticias\\\/andalucia-reivindica-un-tratamiento-especifico-para-el-campo-almeriense-en-el-pacto-nacional-del-agua\\\/#authorImage\",\"url\":\"https:\\\/\\\/secure.gravatar.com\\\/avatar\\\/df2aeffc32bcd13f8d26072ef8a91b623d677766deac7f97ca815868cd41bf5e?s=96&d=mm&r=g\",\"width\":96,\"height\":96,\"caption\":\"El Digital de Asturias\"}},{\"@type\":\"WebPage\",\"@id\":\"https:\\\/\\\/www.eldigitaldeasturias.com\\\/noticias\\\/andalucia-reivindica-un-tratamiento-especifico-para-el-campo-almeriense-en-el-pacto-nacional-del-agua\\\/#webpage\",\"url\":\"https:\\\/\\\/www.eldigitaldeasturias.com\\\/noticias\\\/andalucia-reivindica-un-tratamiento-especifico-para-el-campo-almeriense-en-el-pacto-nacional-del-agua\\\/\",\"name\":\"Andaluc\\u00eda reivindica un tratamiento espec\\u00edfico para el campo almeriense en el Pacto Nacional del Agua - El Digital de Asturias\",\"description\":\"La Junta de Andaluc\\u00eda apuesta por el \\\"compromiso de todos\\\" para afrontar \\\"juntos\\\", desde una colaboraci\\u00f3n p\\u00fablico-privada \\\"firme y consistente\\\", el desaf\\u00edo de una gesti\\u00f3n sostenible de los recursos h\\u00eddricos. As\\u00ed lo han expuesto los consejeros de Agricultura, Pesca y Desarrollo Rural, Rodrigo S\\u00e1nchez Haro, y de Medio Ambiente y Ordenaci\\u00f3n del Territorio, Jos\\u00e9 Fiscal,\",\"inLanguage\":\"es-ES\",\"isPartOf\":{\"@id\":\"https:\\\/\\\/www.eldigitaldeasturias.com\\\/noticias\\\/#website\"},\"breadcrumb\":{\"@id\":\"https:\\\/\\\/www.eldigitaldeasturias.com\\\/noticias\\\/andalucia-reivindica-un-tratamiento-especifico-para-el-campo-almeriense-en-el-pacto-nacional-del-agua\\\/#breadcrumblist\"},\"author\":{\"@id\":\"https:\\\/\\\/www.eldigitaldeasturias.com\\\/noticias\\\/author\\\/admin\\\/#author\"},\"creator\":{\"@id\":\"https:\\\/\\\/www.eldigitaldeasturias.com\\\/noticias\\\/author\\\/admin\\\/#author\"},\"image\":{\"@type\":\"ImageObject\",\"url\":947954,\"@id\":\"https:\\\/\\\/www.eldigitaldeasturias.com\\\/noticias\\\/andalucia-reivindica-un-tratamiento-especifico-para-el-campo-almeriense-en-el-pacto-nacional-del-agua\\\/#mainImage\"},\"primaryImageOfPage\":{\"@id\":\"https:\\\/\\\/www.eldigitaldeasturias.com\\\/noticias\\\/andalucia-reivindica-un-tratamiento-especifico-para-el-campo-almeriense-en-el-pacto-nacional-del-agua\\\/#mainImage\"},\"datePublished\":\"2017-07-29T05:51:34+02:00\",\"dateModified\":\"2017-07-29T05:51:34+02:00\"},{\"@type\":\"WebSite\",\"@id\":\"https:\\\/\\\/www.eldigitaldeasturias.com\\\/noticias\\\/#website\",\"url\":\"https:\\\/\\\/www.eldigitaldeasturias.com\\\/noticias\\\/\",\"name\":\"El Digital de Asturias - Diario de actualidad y noticias\",\"alternateName\":\"El Digital de Asturias - Diario de actualidad y noticias\",\"description\":\"Hemeroteca\",\"inLanguage\":\"es-ES\",\"publisher\":{\"@id\":\"https:\\\/\\\/www.eldigitaldeasturias.com\\\/noticias\\\/#organization\"}}]}\n\t\t<\/script>\n\t\t<!-- All in One SEO Pro -->\r\n\t\t<title>Andaluc\u00eda reivindica un tratamiento espec\u00edfico para el campo almeriense en el Pacto Nacional del Agua - El Digital de Asturias<\/title>\n\n","aioseo_head_json":{"title":"Andaluc\u00eda reivindica un tratamiento espec\u00edfico para el campo almeriense en el Pacto Nacional del Agua - El Digital de Asturias","description":"La Junta de Andaluc\u00eda apuesta por el \"compromiso de todos\" para afrontar \"juntos\", desde una colaboraci\u00f3n p\u00fablico-privada \"firme y consistente\", el desaf\u00edo de una gesti\u00f3n sostenible de los recursos h\u00eddricos. As\u00ed lo han expuesto los consejeros de Agricultura, Pesca y Desarrollo Rural, Rodrigo S\u00e1nchez Haro, y de Medio Ambiente y Ordenaci\u00f3n del Territorio, Jos\u00e9 Fiscal,","canonical_url":"https:\/\/www.eldigitaldeasturias.com\/noticias\/andalucia-reivindica-un-tratamiento-especifico-para-el-campo-almeriense-en-el-pacto-nacional-del-agua\/","robots":"max-image-preview:large","keywords":"actualidad","webmasterTools":{"google-site-verification":"UA-38556648-1","msvalidate.01":"7dfe9f3f1b24437ab69f4f2559babe99","miscellaneous":""},"schema":{"@context":"https:\/\/schema.org","@graph":[{"@type":"BlogPosting","@id":"https:\/\/www.eldigitaldeasturias.com\/noticias\/andalucia-reivindica-un-tratamiento-especifico-para-el-campo-almeriense-en-el-pacto-nacional-del-agua\/#blogposting","name":"Andaluc\u00eda reivindica un tratamiento espec\u00edfico para el campo almeriense en el Pacto Nacional del Agua - El Digital de Asturias","headline":"Andaluc\u00eda reivindica un tratamiento espec\u00edfico para el campo almeriense en el Pacto Nacional del Agua","author":{"@id":"https:\/\/www.eldigitaldeasturias.com\/noticias\/author\/admin\/#author"},"publisher":{"@id":"https:\/\/www.eldigitaldeasturias.com\/noticias\/#organization"},"image":{"@type":"ImageObject","url":947954},"datePublished":"2017-07-29T05:51:34+02:00","dateModified":"2017-07-29T05:51:34+02:00","inLanguage":"es-ES","mainEntityOfPage":{"@id":"https:\/\/www.eldigitaldeasturias.com\/noticias\/andalucia-reivindica-un-tratamiento-especifico-para-el-campo-almeriense-en-el-pacto-nacional-del-agua\/#webpage"},"isPartOf":{"@id":"https:\/\/www.eldigitaldeasturias.com\/noticias\/andalucia-reivindica-un-tratamiento-especifico-para-el-campo-almeriense-en-el-pacto-nacional-del-agua\/#webpage"},"articleSection":"Actualidad"},{"@type":"BreadcrumbList","@id":"https:\/\/www.eldigitaldeasturias.com\/noticias\/andalucia-reivindica-un-tratamiento-especifico-para-el-campo-almeriense-en-el-pacto-nacional-del-agua\/#breadcrumblist","itemListElement":[{"@type":"ListItem","@id":"https:\/\/www.eldigitaldeasturias.com\/noticias#listItem","position":1,"name":"Home","item":"https:\/\/www.eldigitaldeasturias.com\/noticias","nextItem":{"@type":"ListItem","@id":"https:\/\/www.eldigitaldeasturias.com\/noticias\/category\/actualidad\/#listItem","name":"Actualidad"}},{"@type":"ListItem","@id":"https:\/\/www.eldigitaldeasturias.com\/noticias\/category\/actualidad\/#listItem","position":2,"name":"Actualidad","item":"https:\/\/www.eldigitaldeasturias.com\/noticias\/category\/actualidad\/","nextItem":{"@type":"ListItem","@id":"https:\/\/www.eldigitaldeasturias.com\/noticias\/andalucia-reivindica-un-tratamiento-especifico-para-el-campo-almeriense-en-el-pacto-nacional-del-agua\/#listItem","name":"Andaluc\u00eda reivindica un tratamiento espec\u00edfico para el campo almeriense en el Pacto Nacional del Agua"},"previousItem":{"@type":"ListItem","@id":"https:\/\/www.eldigitaldeasturias.com\/noticias#listItem","name":"Home"}},{"@type":"ListItem","@id":"https:\/\/www.eldigitaldeasturias.com\/noticias\/andalucia-reivindica-un-tratamiento-especifico-para-el-campo-almeriense-en-el-pacto-nacional-del-agua\/#listItem","position":3,"name":"Andaluc\u00eda reivindica un tratamiento espec\u00edfico para el campo almeriense en el Pacto Nacional del Agua","previousItem":{"@type":"ListItem","@id":"https:\/\/www.eldigitaldeasturias.com\/noticias\/category\/actualidad\/#listItem","name":"Actualidad"}}]},{"@type":"Organization","@id":"https:\/\/www.eldigitaldeasturias.com\/noticias\/#organization","name":"El Digital de Asturias","description":"Hemeroteca","url":"https:\/\/www.eldigitaldeasturias.com\/noticias\/","email":"info@eldigitaldeasturias.com","telephone":"+34652131393","logo":{"@type":"ImageObject","url":"https:\/\/www.eldigitaldeasturias.com\/noticias\/wp-content\/uploads\/2020\/12\/EDA.jpg","@id":"https:\/\/www.eldigitaldeasturias.com\/noticias\/andalucia-reivindica-un-tratamiento-especifico-para-el-campo-almeriense-en-el-pacto-nacional-del-agua\/#organizationLogo"},"image":{"@id":"https:\/\/www.eldigitaldeasturias.com\/noticias\/andalucia-reivindica-un-tratamiento-especifico-para-el-campo-almeriense-en-el-pacto-nacional-del-agua\/#organizationLogo"},"sameAs":["https:\/\/facebook.com\/eldigitaldeasturias","https:\/\/www.youtube.com\/channel\/UCZP-2wLEB9Rv6erhFmqVnvg"],"address":{"@id":"https:\/\/www.eldigitaldeasturias.com\/noticias\/#postaladdress","@type":"PostalAddress","streetAddress":"san antonio 4","postalCode":"33430","addressLocality":"Cand\u00e1s","addressRegion":"Asturias","addressCountry":"ES"}},{"@type":"Person","@id":"https:\/\/www.eldigitaldeasturias.com\/noticias\/author\/admin\/#author","url":"https:\/\/www.eldigitaldeasturias.com\/noticias\/author\/admin\/","name":"El Digital de Asturias","image":{"@type":"ImageObject","@id":"https:\/\/www.eldigitaldeasturias.com\/noticias\/andalucia-reivindica-un-tratamiento-especifico-para-el-campo-almeriense-en-el-pacto-nacional-del-agua\/#authorImage","url":"https:\/\/secure.gravatar.com\/avatar\/df2aeffc32bcd13f8d26072ef8a91b623d677766deac7f97ca815868cd41bf5e?s=96&d=mm&r=g","width":96,"height":96,"caption":"El Digital de Asturias"}},{"@type":"WebPage","@id":"https:\/\/www.eldigitaldeasturias.com\/noticias\/andalucia-reivindica-un-tratamiento-especifico-para-el-campo-almeriense-en-el-pacto-nacional-del-agua\/#webpage","url":"https:\/\/www.eldigitaldeasturias.com\/noticias\/andalucia-reivindica-un-tratamiento-especifico-para-el-campo-almeriense-en-el-pacto-nacional-del-agua\/","name":"Andaluc\u00eda reivindica un tratamiento espec\u00edfico para el campo almeriense en el Pacto Nacional del Agua - El Digital de Asturias","description":"La Junta de Andaluc\u00eda apuesta por el \"compromiso de todos\" para afrontar \"juntos\", desde una colaboraci\u00f3n p\u00fablico-privada \"firme y consistente\", el desaf\u00edo de una gesti\u00f3n sostenible de los recursos h\u00eddricos. As\u00ed lo han expuesto los consejeros de Agricultura, Pesca y Desarrollo Rural, Rodrigo S\u00e1nchez Haro, y de Medio Ambiente y Ordenaci\u00f3n del Territorio, Jos\u00e9 Fiscal,","inLanguage":"es-ES","isPartOf":{"@id":"https:\/\/www.eldigitaldeasturias.com\/noticias\/#website"},"breadcrumb":{"@id":"https:\/\/www.eldigitaldeasturias.com\/noticias\/andalucia-reivindica-un-tratamiento-especifico-para-el-campo-almeriense-en-el-pacto-nacional-del-agua\/#breadcrumblist"},"author":{"@id":"https:\/\/www.eldigitaldeasturias.com\/noticias\/author\/admin\/#author"},"creator":{"@id":"https:\/\/www.eldigitaldeasturias.com\/noticias\/author\/admin\/#author"},"image":{"@type":"ImageObject","url":947954,"@id":"https:\/\/www.eldigitaldeasturias.com\/noticias\/andalucia-reivindica-un-tratamiento-especifico-para-el-campo-almeriense-en-el-pacto-nacional-del-agua\/#mainImage"},"primaryImageOfPage":{"@id":"https:\/\/www.eldigitaldeasturias.com\/noticias\/andalucia-reivindica-un-tratamiento-especifico-para-el-campo-almeriense-en-el-pacto-nacional-del-agua\/#mainImage"},"datePublished":"2017-07-29T05:51:34+02:00","dateModified":"2017-07-29T05:51:34+02:00"},{"@type":"WebSite","@id":"https:\/\/www.eldigitaldeasturias.com\/noticias\/#website","url":"https:\/\/www.eldigitaldeasturias.com\/noticias\/","name":"El Digital de Asturias - Diario de actualidad y noticias","alternateName":"El Digital de Asturias - Diario de actualidad y noticias","description":"Hemeroteca","inLanguage":"es-ES","publisher":{"@id":"https:\/\/www.eldigitaldeasturias.com\/noticias\/#organization"}}]},"og:locale":"es_ES","og:site_name":"El Digital de Asturias","og:type":"article","og:title":"Andaluc\u00eda reivindica un tratamiento espec\u00edfico para el campo almeriense en el Pacto Nacional del Agua - El Digital de Asturias","og:description":"La Junta de Andaluc\u00eda apuesta por el &quot;compromiso de todos&quot; para afrontar &quot;juntos&quot;, desde una colaboraci\u00f3n p\u00fablico-privada &quot;firme y consistente&quot;, el desaf\u00edo de una gesti\u00f3n sostenible de los recursos h\u00eddricos. As\u00ed lo han expuesto los consejeros de Agricultura, Pesca y Desarrollo Rural, Rodrigo S\u00e1nchez Haro, y de Medio Ambiente y Ordenaci\u00f3n del Territorio, Jos\u00e9 Fiscal,","og:url":"https:\/\/www.eldigitaldeasturias.com\/noticias\/andalucia-reivindica-un-tratamiento-especifico-para-el-campo-almeriense-en-el-pacto-nacional-del-agua\/","article:tag":["actualidad"],"article:published_time":"2017-07-29T05:51:34+00:00","article:modified_time":"2017-07-29T05:51:34+00:00","article:publisher":"https:\/\/facebook.com\/eldigitaldeasturias","twitter:card":"summary_large_image","twitter:title":"Andaluc\u00eda reivindica un tratamiento espec\u00edfico para el campo almeriense en el Pacto Nacional del Agua - El Digital de Asturias","twitter:description":"La Junta de Andaluc\u00eda apuesta por el &quot;compromiso de todos&quot; para afrontar &quot;juntos&quot;, desde una colaboraci\u00f3n p\u00fablico-privada &quot;firme y consistente&quot;, el desaf\u00edo de una gesti\u00f3n sostenible de los recursos h\u00eddricos. As\u00ed lo han expuesto los consejeros de Agricultura, Pesca y Desarrollo Rural, Rodrigo S\u00e1nchez Haro, y de Medio Ambiente y Ordenaci\u00f3n del Territorio, Jos\u00e9 Fiscal,","twitter:image":"https:\/\/www.eldigitaldeasturias.com\/noticias\/wp-content\/uploads\/2020\/12\/EDA-1.jpg","twitter:label1":"Escrito por","twitter:data1":"El Digital de Asturias","twitter:label2":"Tiempo de lectura estimado","twitter:data2":"5 minutos"},"aioseo_meta_data":{"post_id":"947953","title":null,"description":null,"keywords":null,"keyphrases":null,"primary_term":null,"canonical_url":null,"og_title":null,"og_description":null,"og_object_type":"default","og_image_type":"default","og_image_url":null,"og_image_width":null,"og_image_height":null,"og_image_custom_url":null,"og_image_custom_fields":null,"og_video":null,"og_custom_url":null,"og_article_section":null,"og_article_tags":null,"twitter_use_og":false,"twitter_card":"default","twitter_image_type":"default","twitter_image_url":null,"twitter_image_custom_url":null,"twitter_image_custom_fields":null,"twitter_title":null,"twitter_description":null,"schema":{"blockGraphs":[],"customGraphs":[],"default":{"data":{"Article":[],"Course":[],"Dataset":[],"FAQPage":[],"Movie":[],"Person":[],"Product":[],"ProductReview":[],"Car":[],"Recipe":[],"Service":[],"SoftwareApplication":[],"WebPage":[]},"graphName":"","isEnabled":true},"graphs":[],"defaultGraph":"","defaultPostTypeGraph":""},"schema_type":null,"schema_type_options":null,"pillar_content":false,"robots_default":true,"robots_noindex":false,"robots_noarchive":false,"robots_nosnippet":false,"robots_nofollow":false,"robots_noimageindex":false,"robots_noodp":false,"robots_notranslate":false,"robots_max_snippet":null,"robots_max_videopreview":null,"robots_max_imagepreview":"large","priority":null,"frequency":null,"local_seo":null,"seo_analyzer_scan_date":"2025-12-05 06:56:21","breadcrumb_settings":null,"limit_modified_date":false,"open_ai":null,"ai":null,"created":"2020-12-21 13:05:44","updated":"2025-12-05 06:56:21","focus_keyword":null,"additional_keywords":null,"truseo_locale":null},"aioseo_breadcrumb":"<div class=\"aioseo-breadcrumbs\"><span class=\"aioseo-breadcrumb\">\n\t<a href=\"https:\/\/www.eldigitaldeasturias.com\/noticias\" title=\"Home\">Home<\/a>\n<\/span><span class=\"aioseo-breadcrumb-separator\">\u2013<\/span><span class=\"aioseo-breadcrumb\">\n\t<a href=\"https:\/\/www.eldigitaldeasturias.com\/noticias\/category\/actualidad\/\" title=\"Actualidad\">Actualidad<\/a>\n<\/span><span class=\"aioseo-breadcrumb-separator\">\u2013<\/span><span class=\"aioseo-breadcrumb\">\n\t<a href=\"https:\/\/www.eldigitaldeasturias.com\/noticias\/andalucia-reivindica-un-tratamiento-especifico-para-el-campo-almeriense-en-el-pacto-nacional-del-agua\/\" title=\"Andaluc\u00eda reivindica un tratamiento espec\u00edfico para el campo almeriense en el Pacto Nacional del Agua\">Andaluc\u00eda reivindica un tratamiento espec\u00edfico para el campo almeriense en el Pacto Nacional del Agua<\/a>\n<\/span><\/div>","aioseo_breadcrumb_json":[{"label":"Home","link":"https:\/\/www.eldigitaldeasturias.com\/noticias"},{"label":"Actualidad","link":"https:\/\/www.eldigitaldeasturias.com\/noticias\/category\/actualidad\/"},{"label":"Andaluc\u00eda reivindica un tratamiento espec\u00edfico para el campo almeriense en el Pacto Nacional del Agua","link":"https:\/\/www.eldigitaldeasturias.com\/noticias\/andalucia-reivindica-un-tratamiento-especifico-para-el-campo-almeriense-en-el-pacto-nacional-del-agua\/"}],"_links":{"self":[{"href":"https:\/\/www.eldigitaldeasturias.com\/noticias\/wp-json\/wp\/v2\/posts\/947953","targetHints":{"allow":["GET"]}}],"collection":[{"href":"https:\/\/www.eldigitaldeasturias.com\/noticias\/wp-json\/wp\/v2\/posts"}],"about":[{"href":"https:\/\/www.eldigitaldeasturias.com\/noticias\/wp-json\/wp\/v2\/types\/post"}],"author":[{"embeddable":true,"href":"https:\/\/www.eldigitaldeasturias.com\/noticias\/wp-json\/wp\/v2\/users\/1"}],"replies":[{"embeddable":true,"href":"https:\/\/www.eldigitaldeasturias.com\/noticias\/wp-json\/wp\/v2\/comments?post=947953"}],"version-history":[{"count":0,"href":"https:\/\/www.eldigitaldeasturias.com\/noticias\/wp-json\/wp\/v2\/posts\/947953\/revisions"}],"wp:attachment":[{"href":"https:\/\/www.eldigitaldeasturias.com\/noticias\/wp-json\/wp\/v2\/media?parent=947953"}],"wp:term":[{"taxonomy":"category","embeddable":true,"href":"https:\/\/www.eldigitaldeasturias.com\/noticias\/wp-json\/wp\/v2\/categories?post=947953"},{"taxonomy":"post_tag","embeddable":true,"href":"https:\/\/www.eldigitaldeasturias.com\/noticias\/wp-json\/wp\/v2\/tags?post=947953"}],"curies":[{"name":"wp","href":"https:\/\/api.w.org\/{rel}","templated":true}]}}