{"id":947950,"date":"2017-07-29T05:49:43","date_gmt":"2017-07-29T05:49:43","guid":{"rendered":"http:\/\/www.eldigitaldeasturias.com\/noticias\/?p=947950"},"modified":"2017-07-29T05:49:43","modified_gmt":"2017-07-29T05:49:43","slug":"javier-carnero-ha-visitado-el-parque-tecnologico-de-andalucia","status":"publish","type":"post","link":"https:\/\/www.eldigitaldeasturias.com\/noticias\/javier-carnero-ha-visitado-el-parque-tecnologico-de-andalucia\/","title":{"rendered":"Javier Carnero ha visitado el Parque Tecnol\u00f3gico de Andaluc\u00eda"},"content":{"rendered":"<p><img loading=\"lazy\" decoding=\"async\" class=\"alignleft size-medium wp-image-947951\" src=\"https:\/\/www.eldigitaldeasturias.com\/noticias\/wp-content\/uploads\/2017\/07\/1501158602196-360x209.jpg\" alt=\"\" width=\"360\" height=\"209\" \/>El consejero de Empleo, Empresa y Comercio, Javier Carnero, ha visitado el Parque Tecnol\u00f3gico de Andaluc\u00eda y ha mantenido un encuentro con sus responsables en la sede social del espacio tecnol\u00f3gico, reuni\u00f3n en la que se ha puesto de manifiesto tanto los buenos resultados del parque como su papel como polo de atracci\u00f3n de inversi\u00f3n extranjera, con medio centenar de firmas for\u00e1neas que suponen el 30% del empleo de la tecn\u00f3polis.<\/p>\n<p>Durante el encuentro mantenido en el PTA, el consejero ha aprovechado para avanzar la puesta en marcha en el \u00faltimo trimestre del a\u00f1o del programa de subvenciones para el fomento de implantaciones productivas en ecosistemas de innovaci\u00f3n de Andaluc\u00eda (LOCALIZA IN+).<\/p>\n<p>Este programa que gestionar\u00e1 la Agencia IDEA contar\u00e1 con un presupuesto previsto de 70 millones de euros, ha a\u00f1adido el consejero, y persigue potenciar la captaci\u00f3n de actividad de los parques cient\u00edfico-tecnol\u00f3gicos y los parques de innovaci\u00f3n empresarial andaluces<\/p>\n<p>En este sentido, y de acuerdo a su \u00e1mbito de especializaci\u00f3n, las ayudas ir\u00e1n destinadas a iniciativas productivas, de conocimiento (universidades, centros tecnol\u00f3gicos), aglomeraciones productivas de excelencia y cl\u00fasters especializados, favoreciendo la cualificaci\u00f3n y dotaci\u00f3n de los espacios de innovaci\u00f3n para convertirlos en entornos m\u00e1s sostenibles y competitivos logrando, fortalecer el crecimiento de empresas y otras entidades ya localizadas en los espacios de innovaci\u00f3n.<\/p>\n<p>Javier Carnero ha a\u00f1adido que estas ayudas se sumar\u00e1n a las \u00f3rdenes que ya est\u00e1n en marcha gestionadas por IDEA y que cuenta con 229 millones para periodo 2017-2020: la Orden para la concesi\u00f3n de subvenciones a las empresas para el desarrollo industrial, la mejora de la competitividad, la transformaci\u00f3n digital y la creaci\u00f3n de empleo 2017-2020; y la Orden para la concesi\u00f3n de subvenciones destinadas a la promoci\u00f3n de la investigaci\u00f3n industrial, el desarrollo experimental y la innovaci\u00f3n empresarial en Andaluc\u00eda, l\u00edneas que priman la innovaci\u00f3n en el tejido empresarial.<\/p>\n<p>El consejero ha destacado asimismo los buenos resultados del PTA, al que ha calificado como referente de la innovaci\u00f3n en Andaluc\u00eda, y ha subrayado los buenos datos con los que cerr\u00f3 el ejercicio del pasado a\u00f1o, al batir un r\u00e9cord en su facturaci\u00f3n y alcanzar los 1.758 millones de euros, lo que supuso un crecimiento del 8% con respecto a 2015. Javier Carnero tambi\u00e9n ha situado al parque tecnol\u00f3gico como punta de lanza en la generaci\u00f3n de empleo de calidad, ya que de los m\u00e1s de 17.700 empleados que trabajan en sus 635 empresas, 1.530 est\u00e1n dedicados a la Investigaci\u00f3n y desarrollo, sector que registro un aumento en su ocupaci\u00f3n del 5,5%.<\/p>\n","protected":false},"excerpt":{"rendered":"<p>El consejero de Empleo, Empresa y Comercio, Javier Carnero, ha visitado el Parque Tecnol\u00f3gico de Andaluc\u00eda y ha mantenido un encuentro con sus responsables en la sede social del espacio tecnol\u00f3gico, reuni\u00f3n en la que se ha puesto de manifiesto tanto los buenos resultados del parque como su papel como polo de atracci\u00f3n de inversi\u00f3n [&hellip;]<\/p>\n","protected":false},"author":1,"featured_media":947951,"comment_status":"closed","ping_status":"closed","sticky":false,"template":"","format":"standard","meta":{"footnotes":""},"categories":[1],"tags":[],"class_list":["post-947950","post","type-post","status-publish","format-standard","has-post-thumbnail","hentry","category-actualidad"],"aioseo_notices":[],"aioseo_head":"\n\t\t<!-- All in One SEO Pro 5.0.1 - aioseo.com -->\n\t<meta name=\"description\" content=\"El consejero de Empleo, Empresa y Comercio, Javier Carnero, ha visitado el Parque Tecnol\u00f3gico de Andaluc\u00eda y ha mantenido un encuentro con sus responsables en la sede social del espacio tecnol\u00f3gico, reuni\u00f3n en la que se ha puesto de manifiesto tanto los buenos resultados del parque como su papel como polo de atracci\u00f3n de inversi\u00f3n\" \/>\n\t<meta name=\"robots\" content=\"max-image-preview:large\" \/>\n\t<meta name=\"author\" content=\"El Digital de Asturias\"\/>\n\t<meta name=\"google-site-verification\" content=\"UA-38556648-1\" \/>\n\t<meta name=\"msvalidate.01\" content=\"7dfe9f3f1b24437ab69f4f2559babe99\" \/>\n\t<meta name=\"keywords\" content=\"actualidad\" \/>\n\t<link rel=\"canonical\" href=\"https:\/\/www.eldigitaldeasturias.com\/noticias\/javier-carnero-ha-visitado-el-parque-tecnologico-de-andalucia\/\" \/>\n\t<meta name=\"generator\" content=\"All in One SEO Pro (AIOSEO) 5.0.1\" \/>\n\t\t<meta property=\"og:locale\" content=\"es_ES\" \/>\n\t\t<meta property=\"og:site_name\" content=\"El Digital de Asturias\" \/>\n\t\t<meta property=\"og:type\" content=\"article\" \/>\n\t\t<meta property=\"og:title\" content=\"Javier Carnero ha visitado el Parque Tecnol\u00f3gico de Andaluc\u00eda - El Digital de Asturias\" \/>\n\t\t<meta property=\"og:description\" content=\"El consejero de Empleo, Empresa y Comercio, Javier Carnero, ha visitado el Parque Tecnol\u00f3gico de Andaluc\u00eda y ha mantenido un encuentro con sus responsables en la sede social del espacio tecnol\u00f3gico, reuni\u00f3n en la que se ha puesto de manifiesto tanto los buenos resultados del parque como su papel como polo de atracci\u00f3n de inversi\u00f3n\" \/>\n\t\t<meta property=\"og:url\" content=\"https:\/\/www.eldigitaldeasturias.com\/noticias\/javier-carnero-ha-visitado-el-parque-tecnologico-de-andalucia\/\" \/>\n\t\t<meta property=\"article:tag\" content=\"actualidad\" \/>\n\t\t<meta property=\"article:published_time\" content=\"2017-07-29T05:49:43+00:00\" \/>\n\t\t<meta property=\"article:modified_time\" content=\"2017-07-29T05:49:43+00:00\" \/>\n\t\t<meta property=\"article:publisher\" content=\"https:\/\/facebook.com\/eldigitaldeasturias\" \/>\n\t\t<meta name=\"twitter:card\" content=\"summary_large_image\" \/>\n\t\t<meta name=\"twitter:title\" content=\"Javier Carnero ha visitado el Parque Tecnol\u00f3gico de Andaluc\u00eda - El Digital de Asturias\" \/>\n\t\t<meta name=\"twitter:description\" content=\"El consejero de Empleo, Empresa y Comercio, Javier Carnero, ha visitado el Parque Tecnol\u00f3gico de Andaluc\u00eda y ha mantenido un encuentro con sus responsables en la sede social del espacio tecnol\u00f3gico, reuni\u00f3n en la que se ha puesto de manifiesto tanto los buenos resultados del parque como su papel como polo de atracci\u00f3n de inversi\u00f3n\" \/>\n\t\t<meta name=\"twitter:image\" content=\"https:\/\/www.eldigitaldeasturias.com\/noticias\/wp-content\/uploads\/2020\/12\/EDA-1.jpg\" \/>\n\t\t<meta name=\"twitter:label1\" content=\"Escrito por\" \/>\n\t\t<meta name=\"twitter:data1\" content=\"El Digital de Asturias\" \/>\n\t\t<meta name=\"twitter:label2\" content=\"Tiempo de lectura estimado\" \/>\n\t\t<meta name=\"twitter:data2\" content=\"2 minutos\" \/>\n\t\t<script type=\"application\/ld+json\" class=\"aioseo-schema\">\n\t\t\t{\"@context\":\"https:\\\/\\\/schema.org\",\"@graph\":[{\"@type\":\"BlogPosting\",\"@id\":\"https:\\\/\\\/www.eldigitaldeasturias.com\\\/noticias\\\/javier-carnero-ha-visitado-el-parque-tecnologico-de-andalucia\\\/#blogposting\",\"name\":\"Javier Carnero ha visitado el Parque Tecnol\\u00f3gico de Andaluc\\u00eda - El Digital de Asturias\",\"headline\":\"Javier Carnero ha visitado el Parque Tecnol\\u00f3gico de Andaluc\\u00eda\",\"author\":{\"@id\":\"https:\\\/\\\/www.eldigitaldeasturias.com\\\/noticias\\\/author\\\/admin\\\/#author\"},\"publisher\":{\"@id\":\"https:\\\/\\\/www.eldigitaldeasturias.com\\\/noticias\\\/#organization\"},\"image\":{\"@type\":\"ImageObject\",\"url\":947951},\"datePublished\":\"2017-07-29T05:49:43+02:00\",\"dateModified\":\"2017-07-29T05:49:43+02:00\",\"inLanguage\":\"es-ES\",\"mainEntityOfPage\":{\"@id\":\"https:\\\/\\\/www.eldigitaldeasturias.com\\\/noticias\\\/javier-carnero-ha-visitado-el-parque-tecnologico-de-andalucia\\\/#webpage\"},\"isPartOf\":{\"@id\":\"https:\\\/\\\/www.eldigitaldeasturias.com\\\/noticias\\\/javier-carnero-ha-visitado-el-parque-tecnologico-de-andalucia\\\/#webpage\"},\"articleSection\":\"Actualidad\"},{\"@type\":\"BreadcrumbList\",\"@id\":\"https:\\\/\\\/www.eldigitaldeasturias.com\\\/noticias\\\/javier-carnero-ha-visitado-el-parque-tecnologico-de-andalucia\\\/#breadcrumblist\",\"itemListElement\":[{\"@type\":\"ListItem\",\"@id\":\"https:\\\/\\\/www.eldigitaldeasturias.com\\\/noticias#listItem\",\"position\":1,\"name\":\"Home\",\"item\":\"https:\\\/\\\/www.eldigitaldeasturias.com\\\/noticias\",\"nextItem\":{\"@type\":\"ListItem\",\"@id\":\"https:\\\/\\\/www.eldigitaldeasturias.com\\\/noticias\\\/category\\\/actualidad\\\/#listItem\",\"name\":\"Actualidad\"}},{\"@type\":\"ListItem\",\"@id\":\"https:\\\/\\\/www.eldigitaldeasturias.com\\\/noticias\\\/category\\\/actualidad\\\/#listItem\",\"position\":2,\"name\":\"Actualidad\",\"item\":\"https:\\\/\\\/www.eldigitaldeasturias.com\\\/noticias\\\/category\\\/actualidad\\\/\",\"nextItem\":{\"@type\":\"ListItem\",\"@id\":\"https:\\\/\\\/www.eldigitaldeasturias.com\\\/noticias\\\/javier-carnero-ha-visitado-el-parque-tecnologico-de-andalucia\\\/#listItem\",\"name\":\"Javier Carnero ha visitado el Parque Tecnol\\u00f3gico de Andaluc\\u00eda\"},\"previousItem\":{\"@type\":\"ListItem\",\"@id\":\"https:\\\/\\\/www.eldigitaldeasturias.com\\\/noticias#listItem\",\"name\":\"Home\"}},{\"@type\":\"ListItem\",\"@id\":\"https:\\\/\\\/www.eldigitaldeasturias.com\\\/noticias\\\/javier-carnero-ha-visitado-el-parque-tecnologico-de-andalucia\\\/#listItem\",\"position\":3,\"name\":\"Javier Carnero ha visitado el Parque Tecnol\\u00f3gico de Andaluc\\u00eda\",\"previousItem\":{\"@type\":\"ListItem\",\"@id\":\"https:\\\/\\\/www.eldigitaldeasturias.com\\\/noticias\\\/category\\\/actualidad\\\/#listItem\",\"name\":\"Actualidad\"}}]},{\"@type\":\"Organization\",\"@id\":\"https:\\\/\\\/www.eldigitaldeasturias.com\\\/noticias\\\/#organization\",\"name\":\"El Digital de Asturias\",\"description\":\"Hemeroteca\",\"url\":\"https:\\\/\\\/www.eldigitaldeasturias.com\\\/noticias\\\/\",\"email\":\"info@eldigitaldeasturias.com\",\"telephone\":\"+34652131393\",\"logo\":{\"@type\":\"ImageObject\",\"url\":\"https:\\\/\\\/www.eldigitaldeasturias.com\\\/noticias\\\/wp-content\\\/uploads\\\/2020\\\/12\\\/EDA.jpg\",\"@id\":\"https:\\\/\\\/www.eldigitaldeasturias.com\\\/noticias\\\/javier-carnero-ha-visitado-el-parque-tecnologico-de-andalucia\\\/#organizationLogo\"},\"image\":{\"@id\":\"https:\\\/\\\/www.eldigitaldeasturias.com\\\/noticias\\\/javier-carnero-ha-visitado-el-parque-tecnologico-de-andalucia\\\/#organizationLogo\"},\"sameAs\":[\"https:\\\/\\\/facebook.com\\\/eldigitaldeasturias\",\"https:\\\/\\\/www.youtube.com\\\/channel\\\/UCZP-2wLEB9Rv6erhFmqVnvg\"],\"address\":{\"@id\":\"https:\\\/\\\/www.eldigitaldeasturias.com\\\/noticias\\\/#postaladdress\",\"@type\":\"PostalAddress\",\"streetAddress\":\"san antonio 4\",\"postalCode\":\"33430\",\"addressLocality\":\"Cand\\u00e1s\",\"addressRegion\":\"Asturias\",\"addressCountry\":\"ES\"}},{\"@type\":\"Person\",\"@id\":\"https:\\\/\\\/www.eldigitaldeasturias.com\\\/noticias\\\/author\\\/admin\\\/#author\",\"url\":\"https:\\\/\\\/www.eldigitaldeasturias.com\\\/noticias\\\/author\\\/admin\\\/\",\"name\":\"El Digital de Asturias\",\"image\":{\"@type\":\"ImageObject\",\"@id\":\"https:\\\/\\\/www.eldigitaldeasturias.com\\\/noticias\\\/javier-carnero-ha-visitado-el-parque-tecnologico-de-andalucia\\\/#authorImage\",\"url\":\"https:\\\/\\\/secure.gravatar.com\\\/avatar\\\/df2aeffc32bcd13f8d26072ef8a91b623d677766deac7f97ca815868cd41bf5e?s=96&d=mm&r=g\",\"width\":96,\"height\":96,\"caption\":\"El Digital de Asturias\"}},{\"@type\":\"WebPage\",\"@id\":\"https:\\\/\\\/www.eldigitaldeasturias.com\\\/noticias\\\/javier-carnero-ha-visitado-el-parque-tecnologico-de-andalucia\\\/#webpage\",\"url\":\"https:\\\/\\\/www.eldigitaldeasturias.com\\\/noticias\\\/javier-carnero-ha-visitado-el-parque-tecnologico-de-andalucia\\\/\",\"name\":\"Javier Carnero ha visitado el Parque Tecnol\\u00f3gico de Andaluc\\u00eda - El Digital de Asturias\",\"description\":\"El consejero de Empleo, Empresa y Comercio, Javier Carnero, ha visitado el Parque Tecnol\\u00f3gico de Andaluc\\u00eda y ha mantenido un encuentro con sus responsables en la sede social del espacio tecnol\\u00f3gico, reuni\\u00f3n en la que se ha puesto de manifiesto tanto los buenos resultados del parque como su papel como polo de atracci\\u00f3n de inversi\\u00f3n\",\"inLanguage\":\"es-ES\",\"isPartOf\":{\"@id\":\"https:\\\/\\\/www.eldigitaldeasturias.com\\\/noticias\\\/#website\"},\"breadcrumb\":{\"@id\":\"https:\\\/\\\/www.eldigitaldeasturias.com\\\/noticias\\\/javier-carnero-ha-visitado-el-parque-tecnologico-de-andalucia\\\/#breadcrumblist\"},\"author\":{\"@id\":\"https:\\\/\\\/www.eldigitaldeasturias.com\\\/noticias\\\/author\\\/admin\\\/#author\"},\"creator\":{\"@id\":\"https:\\\/\\\/www.eldigitaldeasturias.com\\\/noticias\\\/author\\\/admin\\\/#author\"},\"image\":{\"@type\":\"ImageObject\",\"url\":947951,\"@id\":\"https:\\\/\\\/www.eldigitaldeasturias.com\\\/noticias\\\/javier-carnero-ha-visitado-el-parque-tecnologico-de-andalucia\\\/#mainImage\"},\"primaryImageOfPage\":{\"@id\":\"https:\\\/\\\/www.eldigitaldeasturias.com\\\/noticias\\\/javier-carnero-ha-visitado-el-parque-tecnologico-de-andalucia\\\/#mainImage\"},\"datePublished\":\"2017-07-29T05:49:43+02:00\",\"dateModified\":\"2017-07-29T05:49:43+02:00\"},{\"@type\":\"WebSite\",\"@id\":\"https:\\\/\\\/www.eldigitaldeasturias.com\\\/noticias\\\/#website\",\"url\":\"https:\\\/\\\/www.eldigitaldeasturias.com\\\/noticias\\\/\",\"name\":\"El Digital de Asturias - Diario de actualidad y noticias\",\"alternateName\":\"El Digital de Asturias - Diario de actualidad y noticias\",\"description\":\"Hemeroteca\",\"inLanguage\":\"es-ES\",\"publisher\":{\"@id\":\"https:\\\/\\\/www.eldigitaldeasturias.com\\\/noticias\\\/#organization\"}}]}\n\t\t<\/script>\n\t\t<!-- All in One SEO Pro -->\r\n\t\t<title>Javier Carnero ha visitado el Parque Tecnol\u00f3gico de Andaluc\u00eda - El Digital de Asturias<\/title>\n\n","aioseo_head_json":{"title":"Javier Carnero ha visitado el Parque Tecnol\u00f3gico de Andaluc\u00eda - El Digital de Asturias","description":"El consejero de Empleo, Empresa y Comercio, Javier Carnero, ha visitado el Parque Tecnol\u00f3gico de Andaluc\u00eda y ha mantenido un encuentro con sus responsables en la sede social del espacio tecnol\u00f3gico, reuni\u00f3n en la que se ha puesto de manifiesto tanto los buenos resultados del parque como su papel como polo de atracci\u00f3n de inversi\u00f3n","canonical_url":"https:\/\/www.eldigitaldeasturias.com\/noticias\/javier-carnero-ha-visitado-el-parque-tecnologico-de-andalucia\/","robots":"max-image-preview:large","keywords":"actualidad","webmasterTools":{"google-site-verification":"UA-38556648-1","msvalidate.01":"7dfe9f3f1b24437ab69f4f2559babe99","miscellaneous":""},"schema":{"@context":"https:\/\/schema.org","@graph":[{"@type":"BlogPosting","@id":"https:\/\/www.eldigitaldeasturias.com\/noticias\/javier-carnero-ha-visitado-el-parque-tecnologico-de-andalucia\/#blogposting","name":"Javier Carnero ha visitado el Parque Tecnol\u00f3gico de Andaluc\u00eda - El Digital de Asturias","headline":"Javier Carnero ha visitado el Parque Tecnol\u00f3gico de Andaluc\u00eda","author":{"@id":"https:\/\/www.eldigitaldeasturias.com\/noticias\/author\/admin\/#author"},"publisher":{"@id":"https:\/\/www.eldigitaldeasturias.com\/noticias\/#organization"},"image":{"@type":"ImageObject","url":947951},"datePublished":"2017-07-29T05:49:43+02:00","dateModified":"2017-07-29T05:49:43+02:00","inLanguage":"es-ES","mainEntityOfPage":{"@id":"https:\/\/www.eldigitaldeasturias.com\/noticias\/javier-carnero-ha-visitado-el-parque-tecnologico-de-andalucia\/#webpage"},"isPartOf":{"@id":"https:\/\/www.eldigitaldeasturias.com\/noticias\/javier-carnero-ha-visitado-el-parque-tecnologico-de-andalucia\/#webpage"},"articleSection":"Actualidad"},{"@type":"BreadcrumbList","@id":"https:\/\/www.eldigitaldeasturias.com\/noticias\/javier-carnero-ha-visitado-el-parque-tecnologico-de-andalucia\/#breadcrumblist","itemListElement":[{"@type":"ListItem","@id":"https:\/\/www.eldigitaldeasturias.com\/noticias#listItem","position":1,"name":"Home","item":"https:\/\/www.eldigitaldeasturias.com\/noticias","nextItem":{"@type":"ListItem","@id":"https:\/\/www.eldigitaldeasturias.com\/noticias\/category\/actualidad\/#listItem","name":"Actualidad"}},{"@type":"ListItem","@id":"https:\/\/www.eldigitaldeasturias.com\/noticias\/category\/actualidad\/#listItem","position":2,"name":"Actualidad","item":"https:\/\/www.eldigitaldeasturias.com\/noticias\/category\/actualidad\/","nextItem":{"@type":"ListItem","@id":"https:\/\/www.eldigitaldeasturias.com\/noticias\/javier-carnero-ha-visitado-el-parque-tecnologico-de-andalucia\/#listItem","name":"Javier Carnero ha visitado el Parque Tecnol\u00f3gico de Andaluc\u00eda"},"previousItem":{"@type":"ListItem","@id":"https:\/\/www.eldigitaldeasturias.com\/noticias#listItem","name":"Home"}},{"@type":"ListItem","@id":"https:\/\/www.eldigitaldeasturias.com\/noticias\/javier-carnero-ha-visitado-el-parque-tecnologico-de-andalucia\/#listItem","position":3,"name":"Javier Carnero ha visitado el Parque Tecnol\u00f3gico de Andaluc\u00eda","previousItem":{"@type":"ListItem","@id":"https:\/\/www.eldigitaldeasturias.com\/noticias\/category\/actualidad\/#listItem","name":"Actualidad"}}]},{"@type":"Organization","@id":"https:\/\/www.eldigitaldeasturias.com\/noticias\/#organization","name":"El Digital de Asturias","description":"Hemeroteca","url":"https:\/\/www.eldigitaldeasturias.com\/noticias\/","email":"info@eldigitaldeasturias.com","telephone":"+34652131393","logo":{"@type":"ImageObject","url":"https:\/\/www.eldigitaldeasturias.com\/noticias\/wp-content\/uploads\/2020\/12\/EDA.jpg","@id":"https:\/\/www.eldigitaldeasturias.com\/noticias\/javier-carnero-ha-visitado-el-parque-tecnologico-de-andalucia\/#organizationLogo"},"image":{"@id":"https:\/\/www.eldigitaldeasturias.com\/noticias\/javier-carnero-ha-visitado-el-parque-tecnologico-de-andalucia\/#organizationLogo"},"sameAs":["https:\/\/facebook.com\/eldigitaldeasturias","https:\/\/www.youtube.com\/channel\/UCZP-2wLEB9Rv6erhFmqVnvg"],"address":{"@id":"https:\/\/www.eldigitaldeasturias.com\/noticias\/#postaladdress","@type":"PostalAddress","streetAddress":"san antonio 4","postalCode":"33430","addressLocality":"Cand\u00e1s","addressRegion":"Asturias","addressCountry":"ES"}},{"@type":"Person","@id":"https:\/\/www.eldigitaldeasturias.com\/noticias\/author\/admin\/#author","url":"https:\/\/www.eldigitaldeasturias.com\/noticias\/author\/admin\/","name":"El Digital de Asturias","image":{"@type":"ImageObject","@id":"https:\/\/www.eldigitaldeasturias.com\/noticias\/javier-carnero-ha-visitado-el-parque-tecnologico-de-andalucia\/#authorImage","url":"https:\/\/secure.gravatar.com\/avatar\/df2aeffc32bcd13f8d26072ef8a91b623d677766deac7f97ca815868cd41bf5e?s=96&d=mm&r=g","width":96,"height":96,"caption":"El Digital de Asturias"}},{"@type":"WebPage","@id":"https:\/\/www.eldigitaldeasturias.com\/noticias\/javier-carnero-ha-visitado-el-parque-tecnologico-de-andalucia\/#webpage","url":"https:\/\/www.eldigitaldeasturias.com\/noticias\/javier-carnero-ha-visitado-el-parque-tecnologico-de-andalucia\/","name":"Javier Carnero ha visitado el Parque Tecnol\u00f3gico de Andaluc\u00eda - El Digital de Asturias","description":"El consejero de Empleo, Empresa y Comercio, Javier Carnero, ha visitado el Parque Tecnol\u00f3gico de Andaluc\u00eda y ha mantenido un encuentro con sus responsables en la sede social del espacio tecnol\u00f3gico, reuni\u00f3n en la que se ha puesto de manifiesto tanto los buenos resultados del parque como su papel como polo de atracci\u00f3n de inversi\u00f3n","inLanguage":"es-ES","isPartOf":{"@id":"https:\/\/www.eldigitaldeasturias.com\/noticias\/#website"},"breadcrumb":{"@id":"https:\/\/www.eldigitaldeasturias.com\/noticias\/javier-carnero-ha-visitado-el-parque-tecnologico-de-andalucia\/#breadcrumblist"},"author":{"@id":"https:\/\/www.eldigitaldeasturias.com\/noticias\/author\/admin\/#author"},"creator":{"@id":"https:\/\/www.eldigitaldeasturias.com\/noticias\/author\/admin\/#author"},"image":{"@type":"ImageObject","url":947951,"@id":"https:\/\/www.eldigitaldeasturias.com\/noticias\/javier-carnero-ha-visitado-el-parque-tecnologico-de-andalucia\/#mainImage"},"primaryImageOfPage":{"@id":"https:\/\/www.eldigitaldeasturias.com\/noticias\/javier-carnero-ha-visitado-el-parque-tecnologico-de-andalucia\/#mainImage"},"datePublished":"2017-07-29T05:49:43+02:00","dateModified":"2017-07-29T05:49:43+02:00"},{"@type":"WebSite","@id":"https:\/\/www.eldigitaldeasturias.com\/noticias\/#website","url":"https:\/\/www.eldigitaldeasturias.com\/noticias\/","name":"El Digital de Asturias - Diario de actualidad y noticias","alternateName":"El Digital de Asturias - Diario de actualidad y noticias","description":"Hemeroteca","inLanguage":"es-ES","publisher":{"@id":"https:\/\/www.eldigitaldeasturias.com\/noticias\/#organization"}}]},"og:locale":"es_ES","og:site_name":"El Digital de Asturias","og:type":"article","og:title":"Javier Carnero ha visitado el Parque Tecnol\u00f3gico de Andaluc\u00eda - El Digital de Asturias","og:description":"El consejero de Empleo, Empresa y Comercio, Javier Carnero, ha visitado el Parque Tecnol\u00f3gico de Andaluc\u00eda y ha mantenido un encuentro con sus responsables en la sede social del espacio tecnol\u00f3gico, reuni\u00f3n en la que se ha puesto de manifiesto tanto los buenos resultados del parque como su papel como polo de atracci\u00f3n de inversi\u00f3n","og:url":"https:\/\/www.eldigitaldeasturias.com\/noticias\/javier-carnero-ha-visitado-el-parque-tecnologico-de-andalucia\/","article:tag":["actualidad"],"article:published_time":"2017-07-29T05:49:43+00:00","article:modified_time":"2017-07-29T05:49:43+00:00","article:publisher":"https:\/\/facebook.com\/eldigitaldeasturias","twitter:card":"summary_large_image","twitter:title":"Javier Carnero ha visitado el Parque Tecnol\u00f3gico de Andaluc\u00eda - El Digital de Asturias","twitter:description":"El consejero de Empleo, Empresa y Comercio, Javier Carnero, ha visitado el Parque Tecnol\u00f3gico de Andaluc\u00eda y ha mantenido un encuentro con sus responsables en la sede social del espacio tecnol\u00f3gico, reuni\u00f3n en la que se ha puesto de manifiesto tanto los buenos resultados del parque como su papel como polo de atracci\u00f3n de inversi\u00f3n","twitter:image":"https:\/\/www.eldigitaldeasturias.com\/noticias\/wp-content\/uploads\/2020\/12\/EDA-1.jpg","twitter:label1":"Escrito por","twitter:data1":"El Digital de Asturias","twitter:label2":"Tiempo de lectura estimado","twitter:data2":"2 minutos"},"aioseo_meta_data":{"post_id":"947950","title":null,"description":null,"keywords":null,"keyphrases":null,"primary_term":null,"canonical_url":null,"og_title":null,"og_description":null,"og_object_type":"default","og_image_type":"default","og_image_url":null,"og_image_width":null,"og_image_height":null,"og_image_custom_url":null,"og_image_custom_fields":null,"og_video":null,"og_custom_url":null,"og_article_section":null,"og_article_tags":null,"twitter_use_og":false,"twitter_card":"default","twitter_image_type":"default","twitter_image_url":null,"twitter_image_custom_url":null,"twitter_image_custom_fields":null,"twitter_title":null,"twitter_description":null,"schema":{"blockGraphs":[],"customGraphs":[],"default":{"data":{"Article":[],"Course":[],"Dataset":[],"FAQPage":[],"Movie":[],"Person":[],"Product":[],"ProductReview":[],"Car":[],"Recipe":[],"Service":[],"SoftwareApplication":[],"WebPage":[]},"graphName":"","isEnabled":true},"graphs":[],"defaultGraph":"","defaultPostTypeGraph":""},"schema_type":null,"schema_type_options":null,"pillar_content":false,"robots_default":true,"robots_noindex":false,"robots_noarchive":false,"robots_nosnippet":false,"robots_nofollow":false,"robots_noimageindex":false,"robots_noodp":false,"robots_notranslate":false,"robots_max_snippet":null,"robots_max_videopreview":null,"robots_max_imagepreview":"large","priority":null,"frequency":null,"local_seo":null,"seo_analyzer_scan_date":"2025-12-05 06:56:21","breadcrumb_settings":null,"limit_modified_date":false,"open_ai":null,"ai":null,"created":"2020-12-21 13:05:44","updated":"2025-12-05 06:56:21","focus_keyword":null,"additional_keywords":null,"truseo_locale":null},"aioseo_breadcrumb":"<div class=\"aioseo-breadcrumbs\"><span class=\"aioseo-breadcrumb\">\n\t<a href=\"https:\/\/www.eldigitaldeasturias.com\/noticias\" title=\"Home\">Home<\/a>\n<\/span><span class=\"aioseo-breadcrumb-separator\">\u2013<\/span><span class=\"aioseo-breadcrumb\">\n\t<a href=\"https:\/\/www.eldigitaldeasturias.com\/noticias\/category\/actualidad\/\" title=\"Actualidad\">Actualidad<\/a>\n<\/span><span class=\"aioseo-breadcrumb-separator\">\u2013<\/span><span class=\"aioseo-breadcrumb\">\n\t<a href=\"https:\/\/www.eldigitaldeasturias.com\/noticias\/javier-carnero-ha-visitado-el-parque-tecnologico-de-andalucia\/\" title=\"Javier Carnero ha visitado el Parque Tecnol\u00f3gico de Andaluc\u00eda\">Javier Carnero ha visitado el Parque Tecnol\u00f3gico de Andaluc\u00eda<\/a>\n<\/span><\/div>","aioseo_breadcrumb_json":[{"label":"Home","link":"https:\/\/www.eldigitaldeasturias.com\/noticias"},{"label":"Actualidad","link":"https:\/\/www.eldigitaldeasturias.com\/noticias\/category\/actualidad\/"},{"label":"Javier Carnero ha visitado el Parque Tecnol\u00f3gico de Andaluc\u00eda","link":"https:\/\/www.eldigitaldeasturias.com\/noticias\/javier-carnero-ha-visitado-el-parque-tecnologico-de-andalucia\/"}],"_links":{"self":[{"href":"https:\/\/www.eldigitaldeasturias.com\/noticias\/wp-json\/wp\/v2\/posts\/947950","targetHints":{"allow":["GET"]}}],"collection":[{"href":"https:\/\/www.eldigitaldeasturias.com\/noticias\/wp-json\/wp\/v2\/posts"}],"about":[{"href":"https:\/\/www.eldigitaldeasturias.com\/noticias\/wp-json\/wp\/v2\/types\/post"}],"author":[{"embeddable":true,"href":"https:\/\/www.eldigitaldeasturias.com\/noticias\/wp-json\/wp\/v2\/users\/1"}],"replies":[{"embeddable":true,"href":"https:\/\/www.eldigitaldeasturias.com\/noticias\/wp-json\/wp\/v2\/comments?post=947950"}],"version-history":[{"count":0,"href":"https:\/\/www.eldigitaldeasturias.com\/noticias\/wp-json\/wp\/v2\/posts\/947950\/revisions"}],"wp:attachment":[{"href":"https:\/\/www.eldigitaldeasturias.com\/noticias\/wp-json\/wp\/v2\/media?parent=947950"}],"wp:term":[{"taxonomy":"category","embeddable":true,"href":"https:\/\/www.eldigitaldeasturias.com\/noticias\/wp-json\/wp\/v2\/categories?post=947950"},{"taxonomy":"post_tag","embeddable":true,"href":"https:\/\/www.eldigitaldeasturias.com\/noticias\/wp-json\/wp\/v2\/tags?post=947950"}],"curies":[{"name":"wp","href":"https:\/\/api.w.org\/{rel}","templated":true}]}}