{"id":947947,"date":"2017-07-29T05:48:04","date_gmt":"2017-07-29T05:48:04","guid":{"rendered":"http:\/\/www.eldigitaldeasturias.com\/noticias\/?p=947947"},"modified":"2017-07-29T05:48:04","modified_gmt":"2017-07-29T05:48:04","slug":"andalucia-amplia-el-area-de-emergencia-cinegetica-para-controlar-la-sarna-sarcoptica-en-cabra-montes","status":"publish","type":"post","link":"https:\/\/www.eldigitaldeasturias.com\/noticias\/andalucia-amplia-el-area-de-emergencia-cinegetica-para-controlar-la-sarna-sarcoptica-en-cabra-montes\/","title":{"rendered":"Andaluc\u00eda ampl\u00eda el \u00e1rea de emergencia cineg\u00e9tica para controlar la sarna sarc\u00f3ptica en cabra mont\u00e9s"},"content":{"rendered":"<p><img loading=\"lazy\" decoding=\"async\" class=\"alignleft size-medium wp-image-947948\" src=\"https:\/\/www.eldigitaldeasturias.com\/noticias\/wp-content\/uploads\/2017\/07\/1501148678321-201x320.jpg\" alt=\"\" width=\"201\" height=\"320\" \/>La Consejer\u00eda de Medio Ambiente y Ordenaci\u00f3n del Territorio ha ampliado el \u00e1rea de emergencia cineg\u00e9tica temporal para continuar con las medidas de control de la sarna sarc\u00f3ptica en cabra mont\u00e9s (Capa pyrenica hispanica) y mejorar as\u00ed la situaci\u00f3n sanitaria de las poblaciones de esta especie. Esta medida afecta a varios t\u00e9rminos municipales de las provincias de Almer\u00eda, Granada, Ja\u00e9n, M\u00e1laga y, por primera vez, a ocho de C\u00e1diz.<\/p>\n<p>Para prevenir y evitar la propagaci\u00f3n de la sarna, la Consejer\u00eda, a trav\u00e9s de sus delegaciones territoriales, podr\u00e1 adoptar, entre otras medidas, la eliminaci\u00f3n de los individuos afectados, con criterios de gesti\u00f3n selectivos; as\u00ed como la captura en vivo de ejemplares, enfermos o sanos, con destino a los recintos de cuarentena o a cercados reservorios de la Estaci\u00f3n de Referencia de la Cabra Mont\u00e9s, para garantizar as\u00ed la pervivencia de la especie. Tambi\u00e9n se podr\u00e1 realizar, en el marco del actual Programa de Gesti\u00f3n de la Cabra Mont\u00e9s en Andaluc\u00eda (Pacam), tomas y an\u00e1lisis de muestras, censos de poblaciones de cabra mont\u00e9s, elaboraci\u00f3n de mapas epidemiol\u00f3gicos y sueltas controladas para mantener la densidad poblacional.<\/p>\n<p>Esta resoluci\u00f3n de la Junta de Andaluc\u00eda, en vigor desde el 28 de julio tras su publicaci\u00f3n en el Bolet\u00edn Oficial de la Junta de Andaluc\u00eda (BOJA) permanecer\u00e1 vigente durante las dos siguientes temporadas de caza, salvo que la Consejer\u00eda d\u00e9 por controlado este episodio de sarna. El mantenimiento de esta emergencia cineg\u00e9tica temporal ha sido aprobada por unanimidad por el Comit\u00e9 de Caza del Consejo Andaluz de Biodiversidad, celebrado el 27 de abril de 2017.<\/p>\n<p>Con motivo de la aparici\u00f3n de esta enfermedad, en 2004, la Consejer\u00eda de Medio Ambiente y Ordenaci\u00f3n del Territorio declar\u00f3 por primera vez el \u00e1rea de emergencia, para controlar la enfermedad y evitar su dispersi\u00f3n a otros lugares de la geograf\u00eda andaluza, lo que hizo posible que aunque estas poblaciones se vieran afectadas, no lo fueran en las magnitudes alcanzadas en los primeros a\u00f1os de la enfermedad. Estas declaraciones se han ido realizando desde 2004 de forma sucesiva.<\/p>\n<p><strong>Una enfermedad contagiosa<\/strong><\/p>\n<p>La sarna sarc\u00f3ptica es una enfermedad parasitaria producida por el \u00e1caro Sarcoptes Scabiei. Es altamente contagiosa, de distribuci\u00f3n mundial y afecta a una amplia gama de mam\u00edferos entre los que se encuentra la cabra mont\u00e9s. En 1987 la enfermedad tuvo un brote de especial virulencia en el Parque Natural Sierras de Cazorla, Segura y Las Villas, que en cuatro a\u00f1os diezm\u00f3 la poblaci\u00f3n dej\u00e1ndola reducida al 3% de las existencias. En la provincia de M\u00e1laga se detect\u00f3 en el a\u00f1o 1989, afectando a las poblaciones situadas en las sierras aleda\u00f1as al Parque Natural Sierra de las Nieves. Unos a\u00f1os m\u00e1s tarde, en 1992, el brote apareci\u00f3 en Sierra Nevada. En la provincia de Almer\u00eda los primeros casos se detectaron en el a\u00f1o 1995 en el entorno de la Sierra de la Contraviesa (t\u00e9rmino municipal de Adra).<\/p>\n<p>La cabra mont\u00e9s, un ungulado end\u00e9mico de la Pen\u00ednsula Ib\u00e9rica, es una de las especies cineg\u00e9ticas m\u00e1s valoradas presentando unas caracter\u00edsticas biol\u00f3gicas que la hacen particular, lo que justifica la puesta en marcha de las medidas de lucha y control de la sarna.<\/p>\n<p>Gracias al Programa de Gesti\u00f3n de la Cabra Mont\u00e9s en Andaluc\u00eda, a la declaraci\u00f3n de \u00e1reas de emergencia cineg\u00e9tica y al Programa de Vigilancia Epidemiol\u00f3gica de la Fauna Silvestre, entre otras medidas, la poblaci\u00f3n de esta especie en nuestra comunidad aut\u00f3noma cuenta con el 50% de los efectivos de la Pen\u00ednsula Ib\u00e9rica, ocupando una superficie de m\u00e1s de 9.500 kil\u00f3metros cuadrados, casi el 11% de la andaluza, y con presencia en m\u00e1s de 30 enclaves.<\/p>\n","protected":false},"excerpt":{"rendered":"<p>La Consejer\u00eda de Medio Ambiente y Ordenaci\u00f3n del Territorio ha ampliado el \u00e1rea de emergencia cineg\u00e9tica temporal para continuar con las medidas de control de la sarna sarc\u00f3ptica en cabra mont\u00e9s (Capa pyrenica hispanica) y mejorar as\u00ed la situaci\u00f3n sanitaria de las poblaciones de esta especie. Esta medida afecta a varios t\u00e9rminos municipales de las [&hellip;]<\/p>\n","protected":false},"author":1,"featured_media":947948,"comment_status":"closed","ping_status":"closed","sticky":false,"template":"","format":"standard","meta":{"footnotes":""},"categories":[1],"tags":[],"class_list":["post-947947","post","type-post","status-publish","format-standard","has-post-thumbnail","hentry","category-actualidad"],"aioseo_notices":[],"aioseo_head":"\n\t\t<!-- All in One SEO Pro 5.0.1 - aioseo.com -->\n\t<meta name=\"description\" content=\"La Consejer\u00eda de Medio Ambiente y Ordenaci\u00f3n del Territorio ha ampliado el \u00e1rea de emergencia cineg\u00e9tica temporal para continuar con las medidas de control de la sarna sarc\u00f3ptica en cabra mont\u00e9s (Capa pyrenica hispanica) y mejorar as\u00ed la situaci\u00f3n sanitaria de las poblaciones de esta especie. Esta medida afecta a varios t\u00e9rminos municipales de las\" \/>\n\t<meta name=\"robots\" content=\"max-image-preview:large\" \/>\n\t<meta name=\"author\" content=\"El Digital de Asturias\"\/>\n\t<meta name=\"google-site-verification\" content=\"UA-38556648-1\" \/>\n\t<meta name=\"msvalidate.01\" content=\"7dfe9f3f1b24437ab69f4f2559babe99\" \/>\n\t<meta name=\"keywords\" content=\"actualidad\" \/>\n\t<link rel=\"canonical\" href=\"https:\/\/www.eldigitaldeasturias.com\/noticias\/andalucia-amplia-el-area-de-emergencia-cinegetica-para-controlar-la-sarna-sarcoptica-en-cabra-montes\/\" \/>\n\t<meta name=\"generator\" content=\"All in One SEO Pro (AIOSEO) 5.0.1\" \/>\n\t\t<meta property=\"og:locale\" content=\"es_ES\" \/>\n\t\t<meta property=\"og:site_name\" content=\"El Digital de Asturias\" \/>\n\t\t<meta property=\"og:type\" content=\"article\" \/>\n\t\t<meta property=\"og:title\" content=\"Andaluc\u00eda ampl\u00eda el \u00e1rea de emergencia cineg\u00e9tica para controlar la sarna sarc\u00f3ptica en cabra mont\u00e9s - El Digital de Asturias\" \/>\n\t\t<meta property=\"og:description\" content=\"La Consejer\u00eda de Medio Ambiente y Ordenaci\u00f3n del Territorio ha ampliado el \u00e1rea de emergencia cineg\u00e9tica temporal para continuar con las medidas de control de la sarna sarc\u00f3ptica en cabra mont\u00e9s (Capa pyrenica hispanica) y mejorar as\u00ed la situaci\u00f3n sanitaria de las poblaciones de esta especie. Esta medida afecta a varios t\u00e9rminos municipales de las\" \/>\n\t\t<meta property=\"og:url\" content=\"https:\/\/www.eldigitaldeasturias.com\/noticias\/andalucia-amplia-el-area-de-emergencia-cinegetica-para-controlar-la-sarna-sarcoptica-en-cabra-montes\/\" \/>\n\t\t<meta property=\"article:tag\" content=\"actualidad\" \/>\n\t\t<meta property=\"article:published_time\" content=\"2017-07-29T05:48:04+00:00\" \/>\n\t\t<meta property=\"article:modified_time\" content=\"2017-07-29T05:48:04+00:00\" \/>\n\t\t<meta property=\"article:publisher\" content=\"https:\/\/facebook.com\/eldigitaldeasturias\" \/>\n\t\t<meta name=\"twitter:card\" content=\"summary_large_image\" \/>\n\t\t<meta name=\"twitter:title\" content=\"Andaluc\u00eda ampl\u00eda el \u00e1rea de emergencia cineg\u00e9tica para controlar la sarna sarc\u00f3ptica en cabra mont\u00e9s - El Digital de Asturias\" \/>\n\t\t<meta name=\"twitter:description\" content=\"La Consejer\u00eda de Medio Ambiente y Ordenaci\u00f3n del Territorio ha ampliado el \u00e1rea de emergencia cineg\u00e9tica temporal para continuar con las medidas de control de la sarna sarc\u00f3ptica en cabra mont\u00e9s (Capa pyrenica hispanica) y mejorar as\u00ed la situaci\u00f3n sanitaria de las poblaciones de esta especie. Esta medida afecta a varios t\u00e9rminos municipales de las\" \/>\n\t\t<meta name=\"twitter:image\" content=\"https:\/\/www.eldigitaldeasturias.com\/noticias\/wp-content\/uploads\/2020\/12\/EDA-1.jpg\" \/>\n\t\t<meta name=\"twitter:label1\" content=\"Escrito por\" \/>\n\t\t<meta name=\"twitter:data1\" content=\"El Digital de Asturias\" \/>\n\t\t<meta name=\"twitter:label2\" content=\"Tiempo de lectura estimado\" \/>\n\t\t<meta name=\"twitter:data2\" content=\"3 minutos\" \/>\n\t\t<script type=\"application\/ld+json\" class=\"aioseo-schema\">\n\t\t\t{\"@context\":\"https:\\\/\\\/schema.org\",\"@graph\":[{\"@type\":\"BlogPosting\",\"@id\":\"https:\\\/\\\/www.eldigitaldeasturias.com\\\/noticias\\\/andalucia-amplia-el-area-de-emergencia-cinegetica-para-controlar-la-sarna-sarcoptica-en-cabra-montes\\\/#blogposting\",\"name\":\"Andaluc\\u00eda ampl\\u00eda el \\u00e1rea de emergencia cineg\\u00e9tica para controlar la sarna sarc\\u00f3ptica en cabra mont\\u00e9s - El Digital de Asturias\",\"headline\":\"Andaluc\\u00eda ampl\\u00eda el \\u00e1rea de emergencia cineg\\u00e9tica para controlar la sarna sarc\\u00f3ptica en cabra mont\\u00e9s\",\"author\":{\"@id\":\"https:\\\/\\\/www.eldigitaldeasturias.com\\\/noticias\\\/author\\\/admin\\\/#author\"},\"publisher\":{\"@id\":\"https:\\\/\\\/www.eldigitaldeasturias.com\\\/noticias\\\/#organization\"},\"image\":{\"@type\":\"ImageObject\",\"url\":947948},\"datePublished\":\"2017-07-29T05:48:04+02:00\",\"dateModified\":\"2017-07-29T05:48:04+02:00\",\"inLanguage\":\"es-ES\",\"mainEntityOfPage\":{\"@id\":\"https:\\\/\\\/www.eldigitaldeasturias.com\\\/noticias\\\/andalucia-amplia-el-area-de-emergencia-cinegetica-para-controlar-la-sarna-sarcoptica-en-cabra-montes\\\/#webpage\"},\"isPartOf\":{\"@id\":\"https:\\\/\\\/www.eldigitaldeasturias.com\\\/noticias\\\/andalucia-amplia-el-area-de-emergencia-cinegetica-para-controlar-la-sarna-sarcoptica-en-cabra-montes\\\/#webpage\"},\"articleSection\":\"Actualidad\"},{\"@type\":\"BreadcrumbList\",\"@id\":\"https:\\\/\\\/www.eldigitaldeasturias.com\\\/noticias\\\/andalucia-amplia-el-area-de-emergencia-cinegetica-para-controlar-la-sarna-sarcoptica-en-cabra-montes\\\/#breadcrumblist\",\"itemListElement\":[{\"@type\":\"ListItem\",\"@id\":\"https:\\\/\\\/www.eldigitaldeasturias.com\\\/noticias#listItem\",\"position\":1,\"name\":\"Home\",\"item\":\"https:\\\/\\\/www.eldigitaldeasturias.com\\\/noticias\",\"nextItem\":{\"@type\":\"ListItem\",\"@id\":\"https:\\\/\\\/www.eldigitaldeasturias.com\\\/noticias\\\/category\\\/actualidad\\\/#listItem\",\"name\":\"Actualidad\"}},{\"@type\":\"ListItem\",\"@id\":\"https:\\\/\\\/www.eldigitaldeasturias.com\\\/noticias\\\/category\\\/actualidad\\\/#listItem\",\"position\":2,\"name\":\"Actualidad\",\"item\":\"https:\\\/\\\/www.eldigitaldeasturias.com\\\/noticias\\\/category\\\/actualidad\\\/\",\"nextItem\":{\"@type\":\"ListItem\",\"@id\":\"https:\\\/\\\/www.eldigitaldeasturias.com\\\/noticias\\\/andalucia-amplia-el-area-de-emergencia-cinegetica-para-controlar-la-sarna-sarcoptica-en-cabra-montes\\\/#listItem\",\"name\":\"Andaluc\\u00eda ampl\\u00eda el \\u00e1rea de emergencia cineg\\u00e9tica para controlar la sarna sarc\\u00f3ptica en cabra mont\\u00e9s\"},\"previousItem\":{\"@type\":\"ListItem\",\"@id\":\"https:\\\/\\\/www.eldigitaldeasturias.com\\\/noticias#listItem\",\"name\":\"Home\"}},{\"@type\":\"ListItem\",\"@id\":\"https:\\\/\\\/www.eldigitaldeasturias.com\\\/noticias\\\/andalucia-amplia-el-area-de-emergencia-cinegetica-para-controlar-la-sarna-sarcoptica-en-cabra-montes\\\/#listItem\",\"position\":3,\"name\":\"Andaluc\\u00eda ampl\\u00eda el \\u00e1rea de emergencia cineg\\u00e9tica para controlar la sarna sarc\\u00f3ptica en cabra mont\\u00e9s\",\"previousItem\":{\"@type\":\"ListItem\",\"@id\":\"https:\\\/\\\/www.eldigitaldeasturias.com\\\/noticias\\\/category\\\/actualidad\\\/#listItem\",\"name\":\"Actualidad\"}}]},{\"@type\":\"Organization\",\"@id\":\"https:\\\/\\\/www.eldigitaldeasturias.com\\\/noticias\\\/#organization\",\"name\":\"El Digital de Asturias\",\"description\":\"Hemeroteca\",\"url\":\"https:\\\/\\\/www.eldigitaldeasturias.com\\\/noticias\\\/\",\"email\":\"info@eldigitaldeasturias.com\",\"telephone\":\"+34652131393\",\"logo\":{\"@type\":\"ImageObject\",\"url\":\"https:\\\/\\\/www.eldigitaldeasturias.com\\\/noticias\\\/wp-content\\\/uploads\\\/2020\\\/12\\\/EDA.jpg\",\"@id\":\"https:\\\/\\\/www.eldigitaldeasturias.com\\\/noticias\\\/andalucia-amplia-el-area-de-emergencia-cinegetica-para-controlar-la-sarna-sarcoptica-en-cabra-montes\\\/#organizationLogo\"},\"image\":{\"@id\":\"https:\\\/\\\/www.eldigitaldeasturias.com\\\/noticias\\\/andalucia-amplia-el-area-de-emergencia-cinegetica-para-controlar-la-sarna-sarcoptica-en-cabra-montes\\\/#organizationLogo\"},\"sameAs\":[\"https:\\\/\\\/facebook.com\\\/eldigitaldeasturias\",\"https:\\\/\\\/www.youtube.com\\\/channel\\\/UCZP-2wLEB9Rv6erhFmqVnvg\"],\"address\":{\"@id\":\"https:\\\/\\\/www.eldigitaldeasturias.com\\\/noticias\\\/#postaladdress\",\"@type\":\"PostalAddress\",\"streetAddress\":\"san antonio 4\",\"postalCode\":\"33430\",\"addressLocality\":\"Cand\\u00e1s\",\"addressRegion\":\"Asturias\",\"addressCountry\":\"ES\"}},{\"@type\":\"Person\",\"@id\":\"https:\\\/\\\/www.eldigitaldeasturias.com\\\/noticias\\\/author\\\/admin\\\/#author\",\"url\":\"https:\\\/\\\/www.eldigitaldeasturias.com\\\/noticias\\\/author\\\/admin\\\/\",\"name\":\"El Digital de Asturias\",\"image\":{\"@type\":\"ImageObject\",\"@id\":\"https:\\\/\\\/www.eldigitaldeasturias.com\\\/noticias\\\/andalucia-amplia-el-area-de-emergencia-cinegetica-para-controlar-la-sarna-sarcoptica-en-cabra-montes\\\/#authorImage\",\"url\":\"https:\\\/\\\/secure.gravatar.com\\\/avatar\\\/df2aeffc32bcd13f8d26072ef8a91b623d677766deac7f97ca815868cd41bf5e?s=96&d=mm&r=g\",\"width\":96,\"height\":96,\"caption\":\"El Digital de Asturias\"}},{\"@type\":\"WebPage\",\"@id\":\"https:\\\/\\\/www.eldigitaldeasturias.com\\\/noticias\\\/andalucia-amplia-el-area-de-emergencia-cinegetica-para-controlar-la-sarna-sarcoptica-en-cabra-montes\\\/#webpage\",\"url\":\"https:\\\/\\\/www.eldigitaldeasturias.com\\\/noticias\\\/andalucia-amplia-el-area-de-emergencia-cinegetica-para-controlar-la-sarna-sarcoptica-en-cabra-montes\\\/\",\"name\":\"Andaluc\\u00eda ampl\\u00eda el \\u00e1rea de emergencia cineg\\u00e9tica para controlar la sarna sarc\\u00f3ptica en cabra mont\\u00e9s - El Digital de Asturias\",\"description\":\"La Consejer\\u00eda de Medio Ambiente y Ordenaci\\u00f3n del Territorio ha ampliado el \\u00e1rea de emergencia cineg\\u00e9tica temporal para continuar con las medidas de control de la sarna sarc\\u00f3ptica en cabra mont\\u00e9s (Capa pyrenica hispanica) y mejorar as\\u00ed la situaci\\u00f3n sanitaria de las poblaciones de esta especie. Esta medida afecta a varios t\\u00e9rminos municipales de las\",\"inLanguage\":\"es-ES\",\"isPartOf\":{\"@id\":\"https:\\\/\\\/www.eldigitaldeasturias.com\\\/noticias\\\/#website\"},\"breadcrumb\":{\"@id\":\"https:\\\/\\\/www.eldigitaldeasturias.com\\\/noticias\\\/andalucia-amplia-el-area-de-emergencia-cinegetica-para-controlar-la-sarna-sarcoptica-en-cabra-montes\\\/#breadcrumblist\"},\"author\":{\"@id\":\"https:\\\/\\\/www.eldigitaldeasturias.com\\\/noticias\\\/author\\\/admin\\\/#author\"},\"creator\":{\"@id\":\"https:\\\/\\\/www.eldigitaldeasturias.com\\\/noticias\\\/author\\\/admin\\\/#author\"},\"image\":{\"@type\":\"ImageObject\",\"url\":947948,\"@id\":\"https:\\\/\\\/www.eldigitaldeasturias.com\\\/noticias\\\/andalucia-amplia-el-area-de-emergencia-cinegetica-para-controlar-la-sarna-sarcoptica-en-cabra-montes\\\/#mainImage\"},\"primaryImageOfPage\":{\"@id\":\"https:\\\/\\\/www.eldigitaldeasturias.com\\\/noticias\\\/andalucia-amplia-el-area-de-emergencia-cinegetica-para-controlar-la-sarna-sarcoptica-en-cabra-montes\\\/#mainImage\"},\"datePublished\":\"2017-07-29T05:48:04+02:00\",\"dateModified\":\"2017-07-29T05:48:04+02:00\"},{\"@type\":\"WebSite\",\"@id\":\"https:\\\/\\\/www.eldigitaldeasturias.com\\\/noticias\\\/#website\",\"url\":\"https:\\\/\\\/www.eldigitaldeasturias.com\\\/noticias\\\/\",\"name\":\"El Digital de Asturias - Diario de actualidad y noticias\",\"alternateName\":\"El Digital de Asturias - Diario de actualidad y noticias\",\"description\":\"Hemeroteca\",\"inLanguage\":\"es-ES\",\"publisher\":{\"@id\":\"https:\\\/\\\/www.eldigitaldeasturias.com\\\/noticias\\\/#organization\"}}]}\n\t\t<\/script>\n\t\t<!-- All in One SEO Pro -->\r\n\t\t<title>Andaluc\u00eda ampl\u00eda el \u00e1rea de emergencia cineg\u00e9tica para controlar la sarna sarc\u00f3ptica en cabra mont\u00e9s - El Digital de Asturias<\/title>\n\n","aioseo_head_json":{"title":"Andaluc\u00eda ampl\u00eda el \u00e1rea de emergencia cineg\u00e9tica para controlar la sarna sarc\u00f3ptica en cabra mont\u00e9s - El Digital de Asturias","description":"La Consejer\u00eda de Medio Ambiente y Ordenaci\u00f3n del Territorio ha ampliado el \u00e1rea de emergencia cineg\u00e9tica temporal para continuar con las medidas de control de la sarna sarc\u00f3ptica en cabra mont\u00e9s (Capa pyrenica hispanica) y mejorar as\u00ed la situaci\u00f3n sanitaria de las poblaciones de esta especie. Esta medida afecta a varios t\u00e9rminos municipales de las","canonical_url":"https:\/\/www.eldigitaldeasturias.com\/noticias\/andalucia-amplia-el-area-de-emergencia-cinegetica-para-controlar-la-sarna-sarcoptica-en-cabra-montes\/","robots":"max-image-preview:large","keywords":"actualidad","webmasterTools":{"google-site-verification":"UA-38556648-1","msvalidate.01":"7dfe9f3f1b24437ab69f4f2559babe99","miscellaneous":""},"schema":{"@context":"https:\/\/schema.org","@graph":[{"@type":"BlogPosting","@id":"https:\/\/www.eldigitaldeasturias.com\/noticias\/andalucia-amplia-el-area-de-emergencia-cinegetica-para-controlar-la-sarna-sarcoptica-en-cabra-montes\/#blogposting","name":"Andaluc\u00eda ampl\u00eda el \u00e1rea de emergencia cineg\u00e9tica para controlar la sarna sarc\u00f3ptica en cabra mont\u00e9s - El Digital de Asturias","headline":"Andaluc\u00eda ampl\u00eda el \u00e1rea de emergencia cineg\u00e9tica para controlar la sarna sarc\u00f3ptica en cabra mont\u00e9s","author":{"@id":"https:\/\/www.eldigitaldeasturias.com\/noticias\/author\/admin\/#author"},"publisher":{"@id":"https:\/\/www.eldigitaldeasturias.com\/noticias\/#organization"},"image":{"@type":"ImageObject","url":947948},"datePublished":"2017-07-29T05:48:04+02:00","dateModified":"2017-07-29T05:48:04+02:00","inLanguage":"es-ES","mainEntityOfPage":{"@id":"https:\/\/www.eldigitaldeasturias.com\/noticias\/andalucia-amplia-el-area-de-emergencia-cinegetica-para-controlar-la-sarna-sarcoptica-en-cabra-montes\/#webpage"},"isPartOf":{"@id":"https:\/\/www.eldigitaldeasturias.com\/noticias\/andalucia-amplia-el-area-de-emergencia-cinegetica-para-controlar-la-sarna-sarcoptica-en-cabra-montes\/#webpage"},"articleSection":"Actualidad"},{"@type":"BreadcrumbList","@id":"https:\/\/www.eldigitaldeasturias.com\/noticias\/andalucia-amplia-el-area-de-emergencia-cinegetica-para-controlar-la-sarna-sarcoptica-en-cabra-montes\/#breadcrumblist","itemListElement":[{"@type":"ListItem","@id":"https:\/\/www.eldigitaldeasturias.com\/noticias#listItem","position":1,"name":"Home","item":"https:\/\/www.eldigitaldeasturias.com\/noticias","nextItem":{"@type":"ListItem","@id":"https:\/\/www.eldigitaldeasturias.com\/noticias\/category\/actualidad\/#listItem","name":"Actualidad"}},{"@type":"ListItem","@id":"https:\/\/www.eldigitaldeasturias.com\/noticias\/category\/actualidad\/#listItem","position":2,"name":"Actualidad","item":"https:\/\/www.eldigitaldeasturias.com\/noticias\/category\/actualidad\/","nextItem":{"@type":"ListItem","@id":"https:\/\/www.eldigitaldeasturias.com\/noticias\/andalucia-amplia-el-area-de-emergencia-cinegetica-para-controlar-la-sarna-sarcoptica-en-cabra-montes\/#listItem","name":"Andaluc\u00eda ampl\u00eda el \u00e1rea de emergencia cineg\u00e9tica para controlar la sarna sarc\u00f3ptica en cabra mont\u00e9s"},"previousItem":{"@type":"ListItem","@id":"https:\/\/www.eldigitaldeasturias.com\/noticias#listItem","name":"Home"}},{"@type":"ListItem","@id":"https:\/\/www.eldigitaldeasturias.com\/noticias\/andalucia-amplia-el-area-de-emergencia-cinegetica-para-controlar-la-sarna-sarcoptica-en-cabra-montes\/#listItem","position":3,"name":"Andaluc\u00eda ampl\u00eda el \u00e1rea de emergencia cineg\u00e9tica para controlar la sarna sarc\u00f3ptica en cabra mont\u00e9s","previousItem":{"@type":"ListItem","@id":"https:\/\/www.eldigitaldeasturias.com\/noticias\/category\/actualidad\/#listItem","name":"Actualidad"}}]},{"@type":"Organization","@id":"https:\/\/www.eldigitaldeasturias.com\/noticias\/#organization","name":"El Digital de Asturias","description":"Hemeroteca","url":"https:\/\/www.eldigitaldeasturias.com\/noticias\/","email":"info@eldigitaldeasturias.com","telephone":"+34652131393","logo":{"@type":"ImageObject","url":"https:\/\/www.eldigitaldeasturias.com\/noticias\/wp-content\/uploads\/2020\/12\/EDA.jpg","@id":"https:\/\/www.eldigitaldeasturias.com\/noticias\/andalucia-amplia-el-area-de-emergencia-cinegetica-para-controlar-la-sarna-sarcoptica-en-cabra-montes\/#organizationLogo"},"image":{"@id":"https:\/\/www.eldigitaldeasturias.com\/noticias\/andalucia-amplia-el-area-de-emergencia-cinegetica-para-controlar-la-sarna-sarcoptica-en-cabra-montes\/#organizationLogo"},"sameAs":["https:\/\/facebook.com\/eldigitaldeasturias","https:\/\/www.youtube.com\/channel\/UCZP-2wLEB9Rv6erhFmqVnvg"],"address":{"@id":"https:\/\/www.eldigitaldeasturias.com\/noticias\/#postaladdress","@type":"PostalAddress","streetAddress":"san antonio 4","postalCode":"33430","addressLocality":"Cand\u00e1s","addressRegion":"Asturias","addressCountry":"ES"}},{"@type":"Person","@id":"https:\/\/www.eldigitaldeasturias.com\/noticias\/author\/admin\/#author","url":"https:\/\/www.eldigitaldeasturias.com\/noticias\/author\/admin\/","name":"El Digital de Asturias","image":{"@type":"ImageObject","@id":"https:\/\/www.eldigitaldeasturias.com\/noticias\/andalucia-amplia-el-area-de-emergencia-cinegetica-para-controlar-la-sarna-sarcoptica-en-cabra-montes\/#authorImage","url":"https:\/\/secure.gravatar.com\/avatar\/df2aeffc32bcd13f8d26072ef8a91b623d677766deac7f97ca815868cd41bf5e?s=96&d=mm&r=g","width":96,"height":96,"caption":"El Digital de Asturias"}},{"@type":"WebPage","@id":"https:\/\/www.eldigitaldeasturias.com\/noticias\/andalucia-amplia-el-area-de-emergencia-cinegetica-para-controlar-la-sarna-sarcoptica-en-cabra-montes\/#webpage","url":"https:\/\/www.eldigitaldeasturias.com\/noticias\/andalucia-amplia-el-area-de-emergencia-cinegetica-para-controlar-la-sarna-sarcoptica-en-cabra-montes\/","name":"Andaluc\u00eda ampl\u00eda el \u00e1rea de emergencia cineg\u00e9tica para controlar la sarna sarc\u00f3ptica en cabra mont\u00e9s - El Digital de Asturias","description":"La Consejer\u00eda de Medio Ambiente y Ordenaci\u00f3n del Territorio ha ampliado el \u00e1rea de emergencia cineg\u00e9tica temporal para continuar con las medidas de control de la sarna sarc\u00f3ptica en cabra mont\u00e9s (Capa pyrenica hispanica) y mejorar as\u00ed la situaci\u00f3n sanitaria de las poblaciones de esta especie. Esta medida afecta a varios t\u00e9rminos municipales de las","inLanguage":"es-ES","isPartOf":{"@id":"https:\/\/www.eldigitaldeasturias.com\/noticias\/#website"},"breadcrumb":{"@id":"https:\/\/www.eldigitaldeasturias.com\/noticias\/andalucia-amplia-el-area-de-emergencia-cinegetica-para-controlar-la-sarna-sarcoptica-en-cabra-montes\/#breadcrumblist"},"author":{"@id":"https:\/\/www.eldigitaldeasturias.com\/noticias\/author\/admin\/#author"},"creator":{"@id":"https:\/\/www.eldigitaldeasturias.com\/noticias\/author\/admin\/#author"},"image":{"@type":"ImageObject","url":947948,"@id":"https:\/\/www.eldigitaldeasturias.com\/noticias\/andalucia-amplia-el-area-de-emergencia-cinegetica-para-controlar-la-sarna-sarcoptica-en-cabra-montes\/#mainImage"},"primaryImageOfPage":{"@id":"https:\/\/www.eldigitaldeasturias.com\/noticias\/andalucia-amplia-el-area-de-emergencia-cinegetica-para-controlar-la-sarna-sarcoptica-en-cabra-montes\/#mainImage"},"datePublished":"2017-07-29T05:48:04+02:00","dateModified":"2017-07-29T05:48:04+02:00"},{"@type":"WebSite","@id":"https:\/\/www.eldigitaldeasturias.com\/noticias\/#website","url":"https:\/\/www.eldigitaldeasturias.com\/noticias\/","name":"El Digital de Asturias - Diario de actualidad y noticias","alternateName":"El Digital de Asturias - Diario de actualidad y noticias","description":"Hemeroteca","inLanguage":"es-ES","publisher":{"@id":"https:\/\/www.eldigitaldeasturias.com\/noticias\/#organization"}}]},"og:locale":"es_ES","og:site_name":"El Digital de Asturias","og:type":"article","og:title":"Andaluc\u00eda ampl\u00eda el \u00e1rea de emergencia cineg\u00e9tica para controlar la sarna sarc\u00f3ptica en cabra mont\u00e9s - El Digital de Asturias","og:description":"La Consejer\u00eda de Medio Ambiente y Ordenaci\u00f3n del Territorio ha ampliado el \u00e1rea de emergencia cineg\u00e9tica temporal para continuar con las medidas de control de la sarna sarc\u00f3ptica en cabra mont\u00e9s (Capa pyrenica hispanica) y mejorar as\u00ed la situaci\u00f3n sanitaria de las poblaciones de esta especie. Esta medida afecta a varios t\u00e9rminos municipales de las","og:url":"https:\/\/www.eldigitaldeasturias.com\/noticias\/andalucia-amplia-el-area-de-emergencia-cinegetica-para-controlar-la-sarna-sarcoptica-en-cabra-montes\/","article:tag":["actualidad"],"article:published_time":"2017-07-29T05:48:04+00:00","article:modified_time":"2017-07-29T05:48:04+00:00","article:publisher":"https:\/\/facebook.com\/eldigitaldeasturias","twitter:card":"summary_large_image","twitter:title":"Andaluc\u00eda ampl\u00eda el \u00e1rea de emergencia cineg\u00e9tica para controlar la sarna sarc\u00f3ptica en cabra mont\u00e9s - El Digital de Asturias","twitter:description":"La Consejer\u00eda de Medio Ambiente y Ordenaci\u00f3n del Territorio ha ampliado el \u00e1rea de emergencia cineg\u00e9tica temporal para continuar con las medidas de control de la sarna sarc\u00f3ptica en cabra mont\u00e9s (Capa pyrenica hispanica) y mejorar as\u00ed la situaci\u00f3n sanitaria de las poblaciones de esta especie. Esta medida afecta a varios t\u00e9rminos municipales de las","twitter:image":"https:\/\/www.eldigitaldeasturias.com\/noticias\/wp-content\/uploads\/2020\/12\/EDA-1.jpg","twitter:label1":"Escrito por","twitter:data1":"El Digital de Asturias","twitter:label2":"Tiempo de lectura estimado","twitter:data2":"3 minutos"},"aioseo_meta_data":{"post_id":"947947","title":null,"description":null,"keywords":null,"keyphrases":null,"primary_term":null,"canonical_url":null,"og_title":null,"og_description":null,"og_object_type":"default","og_image_type":"default","og_image_url":null,"og_image_width":null,"og_image_height":null,"og_image_custom_url":null,"og_image_custom_fields":null,"og_video":null,"og_custom_url":null,"og_article_section":null,"og_article_tags":null,"twitter_use_og":false,"twitter_card":"default","twitter_image_type":"default","twitter_image_url":null,"twitter_image_custom_url":null,"twitter_image_custom_fields":null,"twitter_title":null,"twitter_description":null,"schema":{"blockGraphs":[],"customGraphs":[],"default":{"data":{"Article":[],"Course":[],"Dataset":[],"FAQPage":[],"Movie":[],"Person":[],"Product":[],"ProductReview":[],"Car":[],"Recipe":[],"Service":[],"SoftwareApplication":[],"WebPage":[]},"graphName":"","isEnabled":true},"graphs":[]},"schema_type":null,"schema_type_options":null,"pillar_content":false,"robots_default":true,"robots_noindex":false,"robots_noarchive":false,"robots_nosnippet":false,"robots_nofollow":false,"robots_noimageindex":false,"robots_noodp":false,"robots_notranslate":false,"robots_max_snippet":null,"robots_max_videopreview":null,"robots_max_imagepreview":"large","priority":null,"frequency":null,"local_seo":null,"seo_analyzer_scan_date":"2025-12-05 06:56:20","breadcrumb_settings":null,"limit_modified_date":false,"open_ai":null,"ai":null,"created":"2020-12-21 13:05:44","updated":"2025-12-05 06:56:20","focus_keyword":null,"additional_keywords":null,"truseo_locale":null},"aioseo_breadcrumb":"<div class=\"aioseo-breadcrumbs\"><span class=\"aioseo-breadcrumb\">\n\t<a href=\"https:\/\/www.eldigitaldeasturias.com\/noticias\" title=\"Home\">Home<\/a>\n<\/span><span class=\"aioseo-breadcrumb-separator\">\u2013<\/span><span class=\"aioseo-breadcrumb\">\n\t<a href=\"https:\/\/www.eldigitaldeasturias.com\/noticias\/category\/actualidad\/\" title=\"Actualidad\">Actualidad<\/a>\n<\/span><span class=\"aioseo-breadcrumb-separator\">\u2013<\/span><span class=\"aioseo-breadcrumb\">\n\t<a href=\"https:\/\/www.eldigitaldeasturias.com\/noticias\/andalucia-amplia-el-area-de-emergencia-cinegetica-para-controlar-la-sarna-sarcoptica-en-cabra-montes\/\" title=\"Andaluc\u00eda ampl\u00eda el \u00e1rea de emergencia cineg\u00e9tica para controlar la sarna sarc\u00f3ptica en cabra mont\u00e9s\">Andaluc\u00eda ampl\u00eda el \u00e1rea de emergencia cineg\u00e9tica para controlar la sarna sarc\u00f3ptica en cabra mont\u00e9s<\/a>\n<\/span><\/div>","aioseo_breadcrumb_json":[{"label":"Home","link":"https:\/\/www.eldigitaldeasturias.com\/noticias"},{"label":"Actualidad","link":"https:\/\/www.eldigitaldeasturias.com\/noticias\/category\/actualidad\/"},{"label":"Andaluc\u00eda ampl\u00eda el \u00e1rea de emergencia cineg\u00e9tica para controlar la sarna sarc\u00f3ptica en cabra mont\u00e9s","link":"https:\/\/www.eldigitaldeasturias.com\/noticias\/andalucia-amplia-el-area-de-emergencia-cinegetica-para-controlar-la-sarna-sarcoptica-en-cabra-montes\/"}],"_links":{"self":[{"href":"https:\/\/www.eldigitaldeasturias.com\/noticias\/wp-json\/wp\/v2\/posts\/947947","targetHints":{"allow":["GET"]}}],"collection":[{"href":"https:\/\/www.eldigitaldeasturias.com\/noticias\/wp-json\/wp\/v2\/posts"}],"about":[{"href":"https:\/\/www.eldigitaldeasturias.com\/noticias\/wp-json\/wp\/v2\/types\/post"}],"author":[{"embeddable":true,"href":"https:\/\/www.eldigitaldeasturias.com\/noticias\/wp-json\/wp\/v2\/users\/1"}],"replies":[{"embeddable":true,"href":"https:\/\/www.eldigitaldeasturias.com\/noticias\/wp-json\/wp\/v2\/comments?post=947947"}],"version-history":[{"count":0,"href":"https:\/\/www.eldigitaldeasturias.com\/noticias\/wp-json\/wp\/v2\/posts\/947947\/revisions"}],"wp:attachment":[{"href":"https:\/\/www.eldigitaldeasturias.com\/noticias\/wp-json\/wp\/v2\/media?parent=947947"}],"wp:term":[{"taxonomy":"category","embeddable":true,"href":"https:\/\/www.eldigitaldeasturias.com\/noticias\/wp-json\/wp\/v2\/categories?post=947947"},{"taxonomy":"post_tag","embeddable":true,"href":"https:\/\/www.eldigitaldeasturias.com\/noticias\/wp-json\/wp\/v2\/tags?post=947947"}],"curies":[{"name":"wp","href":"https:\/\/api.w.org\/{rel}","templated":true}]}}