{"id":947941,"date":"2017-07-29T05:43:48","date_gmt":"2017-07-29T05:43:48","guid":{"rendered":"http:\/\/www.eldigitaldeasturias.com\/noticias\/?p=947941"},"modified":"2017-07-29T05:43:48","modified_gmt":"2017-07-29T05:43:48","slug":"sanchez-rubio-visita-la-residencia-pilar-perez-de-nevada","status":"publish","type":"post","link":"https:\/\/www.eldigitaldeasturias.com\/noticias\/sanchez-rubio-visita-la-residencia-pilar-perez-de-nevada\/","title":{"rendered":"S\u00e1nchez Rubio visita la residencia Pilar P\u00e9rez de Nevada"},"content":{"rendered":"<p><img loading=\"lazy\" decoding=\"async\" class=\"alignleft size-medium wp-image-947942\" src=\"https:\/\/www.eldigitaldeasturias.com\/noticias\/wp-content\/uploads\/2017\/07\/1501238406182-360x270.jpg\" alt=\"\" width=\"360\" height=\"270\" \/>La Junta de Andaluc\u00eda ha incorporado cerca de 13.000 personas al sistema de dependencia desde que se activ\u00f3 en marzo el plan de choque contra los recortes en la materia del Gobierno central. As\u00ed lo ha avanzado la consejera de Igualdad y Pol\u00edticas Sociales, Mar\u00eda Jos\u00e9 S\u00e1nchez Rubio, durante la visita que ha realizado a la residencia de mayores Pilar P\u00e9rez de Laroles, dependiente del Ayuntamiento de Nevada (Granada).<\/p>\n<p>S\u00e1nchez Rubio ha hecho hincapi\u00e9 en las nueva incorporaciones al sistema \u00abgracias al plan del Gobierno andaluz\u00bb, con el que se pretende hacer frente a los \u00abfort\u00edsimos recortes del Gobierno al sistema\u00bb, cuantificados en 625 millones de euros entre 2012 y 2017. Desde que se activ\u00f3 se han incorporado en Andaluc\u00eda un total de 12.659 personas (1.281 en la provincia de Granada), con 16.842 prestaciones (1.777 en Granada).<\/p>\n<p>En su visita a la residencia, la consejera ha rubricado un convenio para la ampliaci\u00f3n de diez plazas concertadas en el centro, con lo que ya son 6.090 los sitios p\u00fablicos en residencias y centros de d\u00eda en la provincia de Granada.<\/p>\n<p>As\u00ed, la residencia Pilar P\u00e9rez dispone en la actualidad de 32 plazas concertadas con una inversi\u00f3n anual estimada cercana al medio mill\u00f3n de euros. El centro est\u00e1 gestionado por la Asociaci\u00f3n para el Desarrollo Educativo y Social Integra2 y tiene una superficie de 3.000 metros cuadrados, sobre una parcela de 7.000.<\/p>\n<p>S\u00e1nchez Rubio ha reiterado el \u00abesfuerzo y compromiso del Gobierno andaluz con la atenci\u00f3n a la dependencia\u00bb, un servicio que en Nevada tienen reconocido 56 personas, con 53 prestaciones. Asimismo, hay 28 ciudadanos que se benefician del Servicio Andaluz de Teleasistencia.<\/p>\n<p>Por su parte, en la provincia de Granada son 23.230 personas beneficiarias (186.100 personas en Andaluc\u00eda) con 30.001 prestaciones (238.600 en la comunidad), de las que 8.100 son usuarias del servicio de ayuda a domicilio (51.400 personas en Andaluc\u00eda, que representan el 29% del total nacional). Igualmente hay 24.300 personas en la provincia que son beneficiarias de la teleasistencia (206.250 personas en Andaluc\u00eda).<\/p>\n<p>En total, la Junta ha invertido en la provincia de Granada m\u00e1s de 1.220 millones de euros en dependencia desde la puesta en marcha de la ley hace algo m\u00e1s de una d\u00e9cada. Para este a\u00f1o, la inversi\u00f3n total estimada es de 145 millones de euros, un presupuesto que, seg\u00fan ha recordado la consejera, ha crecido una media anual de un 2,5%.<\/p>\n<p>Previamente y en el marco de esta visita, la consejera ha mantenido un encuentro institucional con la Corporaci\u00f3n municipal de Nevada, que preside Manuel Escobosa, y ha firmado en el Libro de Honor.<\/p>\n","protected":false},"excerpt":{"rendered":"<p>La Junta de Andaluc\u00eda ha incorporado cerca de 13.000 personas al sistema de dependencia desde que se activ\u00f3 en marzo el plan de choque contra los recortes en la materia del Gobierno central. As\u00ed lo ha avanzado la consejera de Igualdad y Pol\u00edticas Sociales, Mar\u00eda Jos\u00e9 S\u00e1nchez Rubio, durante la visita que ha realizado a [&hellip;]<\/p>\n","protected":false},"author":1,"featured_media":947942,"comment_status":"closed","ping_status":"closed","sticky":false,"template":"","format":"standard","meta":{"footnotes":""},"categories":[1],"tags":[],"class_list":["post-947941","post","type-post","status-publish","format-standard","has-post-thumbnail","hentry","category-actualidad"],"aioseo_notices":[],"aioseo_head":"\n\t\t<!-- All in One SEO Pro 5.0.1 - aioseo.com -->\n\t<meta name=\"description\" content=\"La Junta de Andaluc\u00eda ha incorporado cerca de 13.000 personas al sistema de dependencia desde que se activ\u00f3 en marzo el plan de choque contra los recortes en la materia del Gobierno central. As\u00ed lo ha avanzado la consejera de Igualdad y Pol\u00edticas Sociales, Mar\u00eda Jos\u00e9 S\u00e1nchez Rubio, durante la visita que ha realizado a\" \/>\n\t<meta name=\"robots\" content=\"max-image-preview:large\" \/>\n\t<meta name=\"author\" content=\"El Digital de Asturias\"\/>\n\t<meta name=\"google-site-verification\" content=\"UA-38556648-1\" \/>\n\t<meta name=\"msvalidate.01\" content=\"7dfe9f3f1b24437ab69f4f2559babe99\" \/>\n\t<meta name=\"keywords\" content=\"actualidad\" \/>\n\t<link rel=\"canonical\" href=\"https:\/\/www.eldigitaldeasturias.com\/noticias\/sanchez-rubio-visita-la-residencia-pilar-perez-de-nevada\/\" \/>\n\t<meta name=\"generator\" content=\"All in One SEO Pro (AIOSEO) 5.0.1\" \/>\n\t\t<meta property=\"og:locale\" content=\"es_ES\" \/>\n\t\t<meta property=\"og:site_name\" content=\"El Digital de Asturias\" \/>\n\t\t<meta property=\"og:type\" content=\"article\" \/>\n\t\t<meta property=\"og:title\" content=\"S\u00e1nchez Rubio visita la residencia Pilar P\u00e9rez de Nevada - El Digital de Asturias\" \/>\n\t\t<meta property=\"og:description\" content=\"La Junta de Andaluc\u00eda ha incorporado cerca de 13.000 personas al sistema de dependencia desde que se activ\u00f3 en marzo el plan de choque contra los recortes en la materia del Gobierno central. As\u00ed lo ha avanzado la consejera de Igualdad y Pol\u00edticas Sociales, Mar\u00eda Jos\u00e9 S\u00e1nchez Rubio, durante la visita que ha realizado a\" \/>\n\t\t<meta property=\"og:url\" content=\"https:\/\/www.eldigitaldeasturias.com\/noticias\/sanchez-rubio-visita-la-residencia-pilar-perez-de-nevada\/\" \/>\n\t\t<meta property=\"article:tag\" content=\"actualidad\" \/>\n\t\t<meta property=\"article:published_time\" content=\"2017-07-29T05:43:48+00:00\" \/>\n\t\t<meta property=\"article:modified_time\" content=\"2017-07-29T05:43:48+00:00\" \/>\n\t\t<meta property=\"article:publisher\" content=\"https:\/\/facebook.com\/eldigitaldeasturias\" \/>\n\t\t<meta name=\"twitter:card\" content=\"summary_large_image\" \/>\n\t\t<meta name=\"twitter:title\" content=\"S\u00e1nchez Rubio visita la residencia Pilar P\u00e9rez de Nevada - El Digital de Asturias\" \/>\n\t\t<meta name=\"twitter:description\" content=\"La Junta de Andaluc\u00eda ha incorporado cerca de 13.000 personas al sistema de dependencia desde que se activ\u00f3 en marzo el plan de choque contra los recortes en la materia del Gobierno central. As\u00ed lo ha avanzado la consejera de Igualdad y Pol\u00edticas Sociales, Mar\u00eda Jos\u00e9 S\u00e1nchez Rubio, durante la visita que ha realizado a\" \/>\n\t\t<meta name=\"twitter:image\" content=\"https:\/\/www.eldigitaldeasturias.com\/noticias\/wp-content\/uploads\/2020\/12\/EDA-1.jpg\" \/>\n\t\t<meta name=\"twitter:label1\" content=\"Escrito por\" \/>\n\t\t<meta name=\"twitter:data1\" content=\"El Digital de Asturias\" \/>\n\t\t<meta name=\"twitter:label2\" content=\"Tiempo de lectura estimado\" \/>\n\t\t<meta name=\"twitter:data2\" content=\"2 minutos\" \/>\n\t\t<script type=\"application\/ld+json\" class=\"aioseo-schema\">\n\t\t\t{\"@context\":\"https:\\\/\\\/schema.org\",\"@graph\":[{\"@type\":\"BlogPosting\",\"@id\":\"https:\\\/\\\/www.eldigitaldeasturias.com\\\/noticias\\\/sanchez-rubio-visita-la-residencia-pilar-perez-de-nevada\\\/#blogposting\",\"name\":\"S\\u00e1nchez Rubio visita la residencia Pilar P\\u00e9rez de Nevada - El Digital de Asturias\",\"headline\":\"S\\u00e1nchez Rubio visita la residencia Pilar P\\u00e9rez de Nevada\",\"author\":{\"@id\":\"https:\\\/\\\/www.eldigitaldeasturias.com\\\/noticias\\\/author\\\/admin\\\/#author\"},\"publisher\":{\"@id\":\"https:\\\/\\\/www.eldigitaldeasturias.com\\\/noticias\\\/#organization\"},\"image\":{\"@type\":\"ImageObject\",\"url\":947942},\"datePublished\":\"2017-07-29T05:43:48+02:00\",\"dateModified\":\"2017-07-29T05:43:48+02:00\",\"inLanguage\":\"es-ES\",\"mainEntityOfPage\":{\"@id\":\"https:\\\/\\\/www.eldigitaldeasturias.com\\\/noticias\\\/sanchez-rubio-visita-la-residencia-pilar-perez-de-nevada\\\/#webpage\"},\"isPartOf\":{\"@id\":\"https:\\\/\\\/www.eldigitaldeasturias.com\\\/noticias\\\/sanchez-rubio-visita-la-residencia-pilar-perez-de-nevada\\\/#webpage\"},\"articleSection\":\"Actualidad\"},{\"@type\":\"BreadcrumbList\",\"@id\":\"https:\\\/\\\/www.eldigitaldeasturias.com\\\/noticias\\\/sanchez-rubio-visita-la-residencia-pilar-perez-de-nevada\\\/#breadcrumblist\",\"itemListElement\":[{\"@type\":\"ListItem\",\"@id\":\"https:\\\/\\\/www.eldigitaldeasturias.com\\\/noticias#listItem\",\"position\":1,\"name\":\"Home\",\"item\":\"https:\\\/\\\/www.eldigitaldeasturias.com\\\/noticias\",\"nextItem\":{\"@type\":\"ListItem\",\"@id\":\"https:\\\/\\\/www.eldigitaldeasturias.com\\\/noticias\\\/category\\\/actualidad\\\/#listItem\",\"name\":\"Actualidad\"}},{\"@type\":\"ListItem\",\"@id\":\"https:\\\/\\\/www.eldigitaldeasturias.com\\\/noticias\\\/category\\\/actualidad\\\/#listItem\",\"position\":2,\"name\":\"Actualidad\",\"item\":\"https:\\\/\\\/www.eldigitaldeasturias.com\\\/noticias\\\/category\\\/actualidad\\\/\",\"nextItem\":{\"@type\":\"ListItem\",\"@id\":\"https:\\\/\\\/www.eldigitaldeasturias.com\\\/noticias\\\/sanchez-rubio-visita-la-residencia-pilar-perez-de-nevada\\\/#listItem\",\"name\":\"S\\u00e1nchez Rubio visita la residencia Pilar P\\u00e9rez de Nevada\"},\"previousItem\":{\"@type\":\"ListItem\",\"@id\":\"https:\\\/\\\/www.eldigitaldeasturias.com\\\/noticias#listItem\",\"name\":\"Home\"}},{\"@type\":\"ListItem\",\"@id\":\"https:\\\/\\\/www.eldigitaldeasturias.com\\\/noticias\\\/sanchez-rubio-visita-la-residencia-pilar-perez-de-nevada\\\/#listItem\",\"position\":3,\"name\":\"S\\u00e1nchez Rubio visita la residencia Pilar P\\u00e9rez de Nevada\",\"previousItem\":{\"@type\":\"ListItem\",\"@id\":\"https:\\\/\\\/www.eldigitaldeasturias.com\\\/noticias\\\/category\\\/actualidad\\\/#listItem\",\"name\":\"Actualidad\"}}]},{\"@type\":\"Organization\",\"@id\":\"https:\\\/\\\/www.eldigitaldeasturias.com\\\/noticias\\\/#organization\",\"name\":\"El Digital de Asturias\",\"description\":\"Hemeroteca\",\"url\":\"https:\\\/\\\/www.eldigitaldeasturias.com\\\/noticias\\\/\",\"email\":\"info@eldigitaldeasturias.com\",\"telephone\":\"+34652131393\",\"logo\":{\"@type\":\"ImageObject\",\"url\":\"https:\\\/\\\/www.eldigitaldeasturias.com\\\/noticias\\\/wp-content\\\/uploads\\\/2020\\\/12\\\/EDA.jpg\",\"@id\":\"https:\\\/\\\/www.eldigitaldeasturias.com\\\/noticias\\\/sanchez-rubio-visita-la-residencia-pilar-perez-de-nevada\\\/#organizationLogo\"},\"image\":{\"@id\":\"https:\\\/\\\/www.eldigitaldeasturias.com\\\/noticias\\\/sanchez-rubio-visita-la-residencia-pilar-perez-de-nevada\\\/#organizationLogo\"},\"sameAs\":[\"https:\\\/\\\/facebook.com\\\/eldigitaldeasturias\",\"https:\\\/\\\/www.youtube.com\\\/channel\\\/UCZP-2wLEB9Rv6erhFmqVnvg\"],\"address\":{\"@id\":\"https:\\\/\\\/www.eldigitaldeasturias.com\\\/noticias\\\/#postaladdress\",\"@type\":\"PostalAddress\",\"streetAddress\":\"san antonio 4\",\"postalCode\":\"33430\",\"addressLocality\":\"Cand\\u00e1s\",\"addressRegion\":\"Asturias\",\"addressCountry\":\"ES\"}},{\"@type\":\"Person\",\"@id\":\"https:\\\/\\\/www.eldigitaldeasturias.com\\\/noticias\\\/author\\\/admin\\\/#author\",\"url\":\"https:\\\/\\\/www.eldigitaldeasturias.com\\\/noticias\\\/author\\\/admin\\\/\",\"name\":\"El Digital de Asturias\",\"image\":{\"@type\":\"ImageObject\",\"@id\":\"https:\\\/\\\/www.eldigitaldeasturias.com\\\/noticias\\\/sanchez-rubio-visita-la-residencia-pilar-perez-de-nevada\\\/#authorImage\",\"url\":\"https:\\\/\\\/secure.gravatar.com\\\/avatar\\\/df2aeffc32bcd13f8d26072ef8a91b623d677766deac7f97ca815868cd41bf5e?s=96&d=mm&r=g\",\"width\":96,\"height\":96,\"caption\":\"El Digital de Asturias\"}},{\"@type\":\"WebPage\",\"@id\":\"https:\\\/\\\/www.eldigitaldeasturias.com\\\/noticias\\\/sanchez-rubio-visita-la-residencia-pilar-perez-de-nevada\\\/#webpage\",\"url\":\"https:\\\/\\\/www.eldigitaldeasturias.com\\\/noticias\\\/sanchez-rubio-visita-la-residencia-pilar-perez-de-nevada\\\/\",\"name\":\"S\\u00e1nchez Rubio visita la residencia Pilar P\\u00e9rez de Nevada - El Digital de Asturias\",\"description\":\"La Junta de Andaluc\\u00eda ha incorporado cerca de 13.000 personas al sistema de dependencia desde que se activ\\u00f3 en marzo el plan de choque contra los recortes en la materia del Gobierno central. As\\u00ed lo ha avanzado la consejera de Igualdad y Pol\\u00edticas Sociales, Mar\\u00eda Jos\\u00e9 S\\u00e1nchez Rubio, durante la visita que ha realizado a\",\"inLanguage\":\"es-ES\",\"isPartOf\":{\"@id\":\"https:\\\/\\\/www.eldigitaldeasturias.com\\\/noticias\\\/#website\"},\"breadcrumb\":{\"@id\":\"https:\\\/\\\/www.eldigitaldeasturias.com\\\/noticias\\\/sanchez-rubio-visita-la-residencia-pilar-perez-de-nevada\\\/#breadcrumblist\"},\"author\":{\"@id\":\"https:\\\/\\\/www.eldigitaldeasturias.com\\\/noticias\\\/author\\\/admin\\\/#author\"},\"creator\":{\"@id\":\"https:\\\/\\\/www.eldigitaldeasturias.com\\\/noticias\\\/author\\\/admin\\\/#author\"},\"image\":{\"@type\":\"ImageObject\",\"url\":947942,\"@id\":\"https:\\\/\\\/www.eldigitaldeasturias.com\\\/noticias\\\/sanchez-rubio-visita-la-residencia-pilar-perez-de-nevada\\\/#mainImage\"},\"primaryImageOfPage\":{\"@id\":\"https:\\\/\\\/www.eldigitaldeasturias.com\\\/noticias\\\/sanchez-rubio-visita-la-residencia-pilar-perez-de-nevada\\\/#mainImage\"},\"datePublished\":\"2017-07-29T05:43:48+02:00\",\"dateModified\":\"2017-07-29T05:43:48+02:00\"},{\"@type\":\"WebSite\",\"@id\":\"https:\\\/\\\/www.eldigitaldeasturias.com\\\/noticias\\\/#website\",\"url\":\"https:\\\/\\\/www.eldigitaldeasturias.com\\\/noticias\\\/\",\"name\":\"El Digital de Asturias - Diario de actualidad y noticias\",\"alternateName\":\"El Digital de Asturias - Diario de actualidad y noticias\",\"description\":\"Hemeroteca\",\"inLanguage\":\"es-ES\",\"publisher\":{\"@id\":\"https:\\\/\\\/www.eldigitaldeasturias.com\\\/noticias\\\/#organization\"}}]}\n\t\t<\/script>\n\t\t<!-- All in One SEO Pro -->\r\n\t\t<title>S\u00e1nchez Rubio visita la residencia Pilar P\u00e9rez de Nevada - El Digital de Asturias<\/title>\n\n","aioseo_head_json":{"title":"S\u00e1nchez Rubio visita la residencia Pilar P\u00e9rez de Nevada - El Digital de Asturias","description":"La Junta de Andaluc\u00eda ha incorporado cerca de 13.000 personas al sistema de dependencia desde que se activ\u00f3 en marzo el plan de choque contra los recortes en la materia del Gobierno central. As\u00ed lo ha avanzado la consejera de Igualdad y Pol\u00edticas Sociales, Mar\u00eda Jos\u00e9 S\u00e1nchez Rubio, durante la visita que ha realizado a","canonical_url":"https:\/\/www.eldigitaldeasturias.com\/noticias\/sanchez-rubio-visita-la-residencia-pilar-perez-de-nevada\/","robots":"max-image-preview:large","keywords":"actualidad","webmasterTools":{"google-site-verification":"UA-38556648-1","msvalidate.01":"7dfe9f3f1b24437ab69f4f2559babe99","miscellaneous":""},"schema":{"@context":"https:\/\/schema.org","@graph":[{"@type":"BlogPosting","@id":"https:\/\/www.eldigitaldeasturias.com\/noticias\/sanchez-rubio-visita-la-residencia-pilar-perez-de-nevada\/#blogposting","name":"S\u00e1nchez Rubio visita la residencia Pilar P\u00e9rez de Nevada - El Digital de Asturias","headline":"S\u00e1nchez Rubio visita la residencia Pilar P\u00e9rez de Nevada","author":{"@id":"https:\/\/www.eldigitaldeasturias.com\/noticias\/author\/admin\/#author"},"publisher":{"@id":"https:\/\/www.eldigitaldeasturias.com\/noticias\/#organization"},"image":{"@type":"ImageObject","url":947942},"datePublished":"2017-07-29T05:43:48+02:00","dateModified":"2017-07-29T05:43:48+02:00","inLanguage":"es-ES","mainEntityOfPage":{"@id":"https:\/\/www.eldigitaldeasturias.com\/noticias\/sanchez-rubio-visita-la-residencia-pilar-perez-de-nevada\/#webpage"},"isPartOf":{"@id":"https:\/\/www.eldigitaldeasturias.com\/noticias\/sanchez-rubio-visita-la-residencia-pilar-perez-de-nevada\/#webpage"},"articleSection":"Actualidad"},{"@type":"BreadcrumbList","@id":"https:\/\/www.eldigitaldeasturias.com\/noticias\/sanchez-rubio-visita-la-residencia-pilar-perez-de-nevada\/#breadcrumblist","itemListElement":[{"@type":"ListItem","@id":"https:\/\/www.eldigitaldeasturias.com\/noticias#listItem","position":1,"name":"Home","item":"https:\/\/www.eldigitaldeasturias.com\/noticias","nextItem":{"@type":"ListItem","@id":"https:\/\/www.eldigitaldeasturias.com\/noticias\/category\/actualidad\/#listItem","name":"Actualidad"}},{"@type":"ListItem","@id":"https:\/\/www.eldigitaldeasturias.com\/noticias\/category\/actualidad\/#listItem","position":2,"name":"Actualidad","item":"https:\/\/www.eldigitaldeasturias.com\/noticias\/category\/actualidad\/","nextItem":{"@type":"ListItem","@id":"https:\/\/www.eldigitaldeasturias.com\/noticias\/sanchez-rubio-visita-la-residencia-pilar-perez-de-nevada\/#listItem","name":"S\u00e1nchez Rubio visita la residencia Pilar P\u00e9rez de Nevada"},"previousItem":{"@type":"ListItem","@id":"https:\/\/www.eldigitaldeasturias.com\/noticias#listItem","name":"Home"}},{"@type":"ListItem","@id":"https:\/\/www.eldigitaldeasturias.com\/noticias\/sanchez-rubio-visita-la-residencia-pilar-perez-de-nevada\/#listItem","position":3,"name":"S\u00e1nchez Rubio visita la residencia Pilar P\u00e9rez de Nevada","previousItem":{"@type":"ListItem","@id":"https:\/\/www.eldigitaldeasturias.com\/noticias\/category\/actualidad\/#listItem","name":"Actualidad"}}]},{"@type":"Organization","@id":"https:\/\/www.eldigitaldeasturias.com\/noticias\/#organization","name":"El Digital de Asturias","description":"Hemeroteca","url":"https:\/\/www.eldigitaldeasturias.com\/noticias\/","email":"info@eldigitaldeasturias.com","telephone":"+34652131393","logo":{"@type":"ImageObject","url":"https:\/\/www.eldigitaldeasturias.com\/noticias\/wp-content\/uploads\/2020\/12\/EDA.jpg","@id":"https:\/\/www.eldigitaldeasturias.com\/noticias\/sanchez-rubio-visita-la-residencia-pilar-perez-de-nevada\/#organizationLogo"},"image":{"@id":"https:\/\/www.eldigitaldeasturias.com\/noticias\/sanchez-rubio-visita-la-residencia-pilar-perez-de-nevada\/#organizationLogo"},"sameAs":["https:\/\/facebook.com\/eldigitaldeasturias","https:\/\/www.youtube.com\/channel\/UCZP-2wLEB9Rv6erhFmqVnvg"],"address":{"@id":"https:\/\/www.eldigitaldeasturias.com\/noticias\/#postaladdress","@type":"PostalAddress","streetAddress":"san antonio 4","postalCode":"33430","addressLocality":"Cand\u00e1s","addressRegion":"Asturias","addressCountry":"ES"}},{"@type":"Person","@id":"https:\/\/www.eldigitaldeasturias.com\/noticias\/author\/admin\/#author","url":"https:\/\/www.eldigitaldeasturias.com\/noticias\/author\/admin\/","name":"El Digital de Asturias","image":{"@type":"ImageObject","@id":"https:\/\/www.eldigitaldeasturias.com\/noticias\/sanchez-rubio-visita-la-residencia-pilar-perez-de-nevada\/#authorImage","url":"https:\/\/secure.gravatar.com\/avatar\/df2aeffc32bcd13f8d26072ef8a91b623d677766deac7f97ca815868cd41bf5e?s=96&d=mm&r=g","width":96,"height":96,"caption":"El Digital de Asturias"}},{"@type":"WebPage","@id":"https:\/\/www.eldigitaldeasturias.com\/noticias\/sanchez-rubio-visita-la-residencia-pilar-perez-de-nevada\/#webpage","url":"https:\/\/www.eldigitaldeasturias.com\/noticias\/sanchez-rubio-visita-la-residencia-pilar-perez-de-nevada\/","name":"S\u00e1nchez Rubio visita la residencia Pilar P\u00e9rez de Nevada - El Digital de Asturias","description":"La Junta de Andaluc\u00eda ha incorporado cerca de 13.000 personas al sistema de dependencia desde que se activ\u00f3 en marzo el plan de choque contra los recortes en la materia del Gobierno central. As\u00ed lo ha avanzado la consejera de Igualdad y Pol\u00edticas Sociales, Mar\u00eda Jos\u00e9 S\u00e1nchez Rubio, durante la visita que ha realizado a","inLanguage":"es-ES","isPartOf":{"@id":"https:\/\/www.eldigitaldeasturias.com\/noticias\/#website"},"breadcrumb":{"@id":"https:\/\/www.eldigitaldeasturias.com\/noticias\/sanchez-rubio-visita-la-residencia-pilar-perez-de-nevada\/#breadcrumblist"},"author":{"@id":"https:\/\/www.eldigitaldeasturias.com\/noticias\/author\/admin\/#author"},"creator":{"@id":"https:\/\/www.eldigitaldeasturias.com\/noticias\/author\/admin\/#author"},"image":{"@type":"ImageObject","url":947942,"@id":"https:\/\/www.eldigitaldeasturias.com\/noticias\/sanchez-rubio-visita-la-residencia-pilar-perez-de-nevada\/#mainImage"},"primaryImageOfPage":{"@id":"https:\/\/www.eldigitaldeasturias.com\/noticias\/sanchez-rubio-visita-la-residencia-pilar-perez-de-nevada\/#mainImage"},"datePublished":"2017-07-29T05:43:48+02:00","dateModified":"2017-07-29T05:43:48+02:00"},{"@type":"WebSite","@id":"https:\/\/www.eldigitaldeasturias.com\/noticias\/#website","url":"https:\/\/www.eldigitaldeasturias.com\/noticias\/","name":"El Digital de Asturias - Diario de actualidad y noticias","alternateName":"El Digital de Asturias - Diario de actualidad y noticias","description":"Hemeroteca","inLanguage":"es-ES","publisher":{"@id":"https:\/\/www.eldigitaldeasturias.com\/noticias\/#organization"}}]},"og:locale":"es_ES","og:site_name":"El Digital de Asturias","og:type":"article","og:title":"S\u00e1nchez Rubio visita la residencia Pilar P\u00e9rez de Nevada - El Digital de Asturias","og:description":"La Junta de Andaluc\u00eda ha incorporado cerca de 13.000 personas al sistema de dependencia desde que se activ\u00f3 en marzo el plan de choque contra los recortes en la materia del Gobierno central. As\u00ed lo ha avanzado la consejera de Igualdad y Pol\u00edticas Sociales, Mar\u00eda Jos\u00e9 S\u00e1nchez Rubio, durante la visita que ha realizado a","og:url":"https:\/\/www.eldigitaldeasturias.com\/noticias\/sanchez-rubio-visita-la-residencia-pilar-perez-de-nevada\/","article:tag":["actualidad"],"article:published_time":"2017-07-29T05:43:48+00:00","article:modified_time":"2017-07-29T05:43:48+00:00","article:publisher":"https:\/\/facebook.com\/eldigitaldeasturias","twitter:card":"summary_large_image","twitter:title":"S\u00e1nchez Rubio visita la residencia Pilar P\u00e9rez de Nevada - El Digital de Asturias","twitter:description":"La Junta de Andaluc\u00eda ha incorporado cerca de 13.000 personas al sistema de dependencia desde que se activ\u00f3 en marzo el plan de choque contra los recortes en la materia del Gobierno central. As\u00ed lo ha avanzado la consejera de Igualdad y Pol\u00edticas Sociales, Mar\u00eda Jos\u00e9 S\u00e1nchez Rubio, durante la visita que ha realizado a","twitter:image":"https:\/\/www.eldigitaldeasturias.com\/noticias\/wp-content\/uploads\/2020\/12\/EDA-1.jpg","twitter:label1":"Escrito por","twitter:data1":"El Digital de Asturias","twitter:label2":"Tiempo de lectura estimado","twitter:data2":"2 minutos"},"aioseo_meta_data":{"post_id":"947941","title":null,"description":null,"keywords":null,"keyphrases":null,"primary_term":null,"canonical_url":null,"og_title":null,"og_description":null,"og_object_type":"default","og_image_type":"default","og_image_url":null,"og_image_width":null,"og_image_height":null,"og_image_custom_url":null,"og_image_custom_fields":null,"og_video":null,"og_custom_url":null,"og_article_section":null,"og_article_tags":null,"twitter_use_og":false,"twitter_card":"default","twitter_image_type":"default","twitter_image_url":null,"twitter_image_custom_url":null,"twitter_image_custom_fields":null,"twitter_title":null,"twitter_description":null,"schema":{"blockGraphs":[],"customGraphs":[],"default":{"data":{"Article":[],"Course":[],"Dataset":[],"FAQPage":[],"Movie":[],"Person":[],"Product":[],"ProductReview":[],"Car":[],"Recipe":[],"Service":[],"SoftwareApplication":[],"WebPage":[]},"graphName":"","isEnabled":true},"graphs":[]},"schema_type":null,"schema_type_options":null,"pillar_content":false,"robots_default":true,"robots_noindex":false,"robots_noarchive":false,"robots_nosnippet":false,"robots_nofollow":false,"robots_noimageindex":false,"robots_noodp":false,"robots_notranslate":false,"robots_max_snippet":null,"robots_max_videopreview":null,"robots_max_imagepreview":"large","priority":null,"frequency":null,"local_seo":null,"seo_analyzer_scan_date":"2025-12-05 06:54:09","breadcrumb_settings":null,"limit_modified_date":false,"open_ai":null,"ai":null,"created":"2020-12-21 13:05:44","updated":"2025-12-05 06:54:09","focus_keyword":null,"additional_keywords":null,"truseo_locale":null},"aioseo_breadcrumb":"<div class=\"aioseo-breadcrumbs\"><span class=\"aioseo-breadcrumb\">\n\t<a href=\"https:\/\/www.eldigitaldeasturias.com\/noticias\" title=\"Home\">Home<\/a>\n<\/span><span class=\"aioseo-breadcrumb-separator\">\u2013<\/span><span class=\"aioseo-breadcrumb\">\n\t<a href=\"https:\/\/www.eldigitaldeasturias.com\/noticias\/category\/actualidad\/\" title=\"Actualidad\">Actualidad<\/a>\n<\/span><span class=\"aioseo-breadcrumb-separator\">\u2013<\/span><span class=\"aioseo-breadcrumb\">\n\t<a href=\"https:\/\/www.eldigitaldeasturias.com\/noticias\/sanchez-rubio-visita-la-residencia-pilar-perez-de-nevada\/\" title=\"S\u00e1nchez Rubio visita la residencia Pilar P\u00e9rez de Nevada\">S\u00e1nchez Rubio visita la residencia Pilar P\u00e9rez de Nevada<\/a>\n<\/span><\/div>","aioseo_breadcrumb_json":[{"label":"Home","link":"https:\/\/www.eldigitaldeasturias.com\/noticias"},{"label":"Actualidad","link":"https:\/\/www.eldigitaldeasturias.com\/noticias\/category\/actualidad\/"},{"label":"S\u00e1nchez Rubio visita la residencia Pilar P\u00e9rez de Nevada","link":"https:\/\/www.eldigitaldeasturias.com\/noticias\/sanchez-rubio-visita-la-residencia-pilar-perez-de-nevada\/"}],"_links":{"self":[{"href":"https:\/\/www.eldigitaldeasturias.com\/noticias\/wp-json\/wp\/v2\/posts\/947941","targetHints":{"allow":["GET"]}}],"collection":[{"href":"https:\/\/www.eldigitaldeasturias.com\/noticias\/wp-json\/wp\/v2\/posts"}],"about":[{"href":"https:\/\/www.eldigitaldeasturias.com\/noticias\/wp-json\/wp\/v2\/types\/post"}],"author":[{"embeddable":true,"href":"https:\/\/www.eldigitaldeasturias.com\/noticias\/wp-json\/wp\/v2\/users\/1"}],"replies":[{"embeddable":true,"href":"https:\/\/www.eldigitaldeasturias.com\/noticias\/wp-json\/wp\/v2\/comments?post=947941"}],"version-history":[{"count":0,"href":"https:\/\/www.eldigitaldeasturias.com\/noticias\/wp-json\/wp\/v2\/posts\/947941\/revisions"}],"wp:attachment":[{"href":"https:\/\/www.eldigitaldeasturias.com\/noticias\/wp-json\/wp\/v2\/media?parent=947941"}],"wp:term":[{"taxonomy":"category","embeddable":true,"href":"https:\/\/www.eldigitaldeasturias.com\/noticias\/wp-json\/wp\/v2\/categories?post=947941"},{"taxonomy":"post_tag","embeddable":true,"href":"https:\/\/www.eldigitaldeasturias.com\/noticias\/wp-json\/wp\/v2\/tags?post=947941"}],"curies":[{"name":"wp","href":"https:\/\/api.w.org\/{rel}","templated":true}]}}