{"id":947933,"date":"2017-07-29T05:35:02","date_gmt":"2017-07-29T05:35:02","guid":{"rendered":"http:\/\/www.eldigitaldeasturias.com\/noticias\/?p=947933"},"modified":"2017-07-29T05:35:02","modified_gmt":"2017-07-29T05:35:02","slug":"la-cultura-se-consolida-como-reclamo-turistico-en-andalucia","status":"publish","type":"post","link":"https:\/\/www.eldigitaldeasturias.com\/noticias\/la-cultura-se-consolida-como-reclamo-turistico-en-andalucia\/","title":{"rendered":"La cultura se consolida como reclamo tur\u00edstico en Andaluc\u00eda"},"content":{"rendered":"<p><img loading=\"lazy\" decoding=\"async\" class=\"alignleft size-medium wp-image-947934\" src=\"https:\/\/www.eldigitaldeasturias.com\/noticias\/wp-content\/uploads\/2017\/07\/1501243711883-360x299.jpg\" alt=\"\" width=\"360\" height=\"299\" \/>Los consejeros de Turismo y Deporte, Javier Fern\u00e1ndez, y Cultura, Miguel \u00c1ngel V\u00e1zquez, han presentado los datos del estudio &#8216;Turismo cultural en Andaluc\u00eda&#8217; de 2016, a\u00f1o en el que la cultura andaluza atrajo a un total de 8,3 millones de visitantes. Una de cada tres personas que lleg\u00f3 a la comunidad el pasado a\u00f1o lo hizo motivada por la cultura (casi el 30% del total de los que nos visitaron). De hecho, el segmento cultural es el que m\u00e1s crece, tanto en n\u00famero de visitantes como en porcentaje, seg\u00fan confirma el documento.<\/p>\n<p>El consejero de Turismo y Deporte ha subrayado que este incremento supone la \u00abmayor transformaci\u00f3n del turismo en las \u00faltimas d\u00e9cadas\u00bb. Adem\u00e1s, ha destacado, la tipolog\u00eda cultural experiment\u00f3, respecto al pasado a\u00f1o, una subida del 12,1%, superior a la del total de turistas que visitaron Andaluc\u00eda (+8,3%).<\/p>\n<p>Los visitantes culturales de 2016 procedieron en un 56,1% del territorio nacional y un 43,9% del extranjero (en 2015 los extranjeros supusieron el 41,3%). Para Fern\u00e1ndez, este tipo de turismo se caracteriza por unas cualidades que refuerzan su car\u00e1cter estrat\u00e9gico para la comunidad, como la capacidad desestacionalizadora y el elevado gasto medio, que subi\u00f3 en 2016 en 2,5 euros, hasta alcanzar los 75, muy superior al nivel de gasto medio general (64,5 euros).<\/p>\n<p>La estancia del turista cultural fue de 4,6 d\u00edas de media, medio d\u00eda m\u00e1s que en 2015. Por otro lado, Fern\u00e1ndez subray\u00f3 la satisfacci\u00f3n que los turistas culturales manifiestan por el destino Andaluc\u00eda, al que valoran en 8,2 puntos sobre 10.<\/p>\n<p>Los museos, conjuntos arqueol\u00f3gicos y monumentales y enclaves gestionados por la Junta de Andaluc\u00eda marcaron un r\u00e9cord hist\u00f3rico: durante 2016 recibieron 6.638.416 visitas, un 8% m\u00e1s que en 2015. \u00abEl turismo cultural supone un mayor consumo de Cultura\u00bb, ha se\u00f1alado Miguel \u00c1ngel V\u00e1zquez, que tambi\u00e9n ha insistido en que \u00abeste Gobierno no va a renunciar al turismo cultural, apostando por la cultura sostenible y preservando el patrimonio\u00bb.<\/p>\n<p>El consejero de Cultura ha se\u00f1alado que, del total de 6,6 millones de visitas, la Red de Espacios Culturales de Andaluc\u00eda registr\u00f3 una cifra \u00abnunca antes superada\u00bb, m\u00e1s de cinco millones, de las que m\u00e1s de la mitad corresponden a turistas internacionales.<\/p>\n<p>Seg\u00fan ha informado V\u00e1zquez, el conjunto monumental con m\u00e1s visitas ha sido, un a\u00f1o m\u00e1s, la Alhambra de Granada, que recibi\u00f3 a m\u00e1s de 2,6 millones de visitantes (2.615.188). Tambi\u00e9n ganan protagonismo otros espacios, como la Sinagoga de C\u00f3rdoba, que fue el segundo enclave m\u00e1s visitado el a\u00f1o pasado con 587.062 visitas; el Teatro Romano de M\u00e1laga, con 378.228, o la Alcazaba de Almer\u00eda, con 281.028.<\/p>\n<p>El consejero tambi\u00e9n ha destacado el revulsivo que ha supuesto la declaraci\u00f3n de Patrimonio Mundial en los D\u00f3lmenes de Antequera. Durante los primeros meses de 2017, el enclave ha recibido m\u00e1s de 112.000 visitas, un 42,3 % m\u00e1s que cuando no contaban con la distinci\u00f3n de la Unesco.<\/p>\n<p>Miguel \u00c1ngel V\u00e1zquez ha recordado que la oferta cultural constituye otro de los grandes atractivos de Andaluc\u00eda para el turismo. As\u00ed, entre los museos, los que experimentaron una mayor subida de usuarios el a\u00f1o pasado est\u00e1n el Museo de Bellas Artes de Granada (263.902 usuarios) o el de Bellas Artes de Sevilla (230.382), atra\u00eddos por las actividades del A\u00f1o Murillo o muestras como la dedicada a Francisco Pacheco.<\/p>\n<p><strong>Andaluc\u00eda, destino de cine<\/strong><\/p>\n<p>En lo que se refiere al cine, Andaluc\u00eda empieza a consolidarse como un destino principal. As\u00ed, 2016 ha sido el a\u00f1o en el que m\u00e1s rodajes se han realizado, un total de 1.336. \u00abEl cine es una gran ventana de difusi\u00f3n de nuestro patrimonio\u00bb, seg\u00fan V\u00e1zquez, quien ha insistido en la capacidad del sector audiovisual para generar riqueza y empleo. Ambos consejeros han destacado adem\u00e1s el potencial de Andaluc\u00eda como destino de turismo cinematogr\u00e1fico, como foco de atracci\u00f3n de visitas hacia los escenarios andaluces donde se han rodado series y pel\u00edculas. \u00abUna producci\u00f3n con audiencias millonarias como &#8216;Juego de tronos&#8217; ha permitido promocionar lugares como las Atarazanas de Sevilla, It\u00e1lica o la Alcazaba de Almer\u00eda\u00bb, ha explicado Francisco Javier Fern\u00e1ndez.<\/p>\n<p>Por otro lado, V\u00e1zquez ha insistido en que la incorporaci\u00f3n de las nuevas tecnolog\u00edas que \u00abpermite adaptar espacios y hacerlos m\u00e1s accesibles y abiertos a los ciudadanos\u00bb. En esta l\u00ednea, la Junta ha impulsado una aplicaci\u00f3n para dispositivos m\u00f3viles en el yacimiento de Millares en Almer\u00eda que, mediante la t\u00e9cnica de realidad aumentada, facilita a los visitantes la interpretaci\u00f3n de las huellas arqueol\u00f3gicas de este yacimiento.<\/p>\n<p>&nbsp;<\/p>\n","protected":false},"excerpt":{"rendered":"<p>Los consejeros de Turismo y Deporte, Javier Fern\u00e1ndez, y Cultura, Miguel \u00c1ngel V\u00e1zquez, han presentado los datos del estudio &#8216;Turismo cultural en Andaluc\u00eda&#8217; de 2016, a\u00f1o en el que la cultura andaluza atrajo a un total de 8,3 millones de visitantes. Una de cada tres personas que lleg\u00f3 a la comunidad el pasado a\u00f1o lo [&hellip;]<\/p>\n","protected":false},"author":1,"featured_media":947934,"comment_status":"closed","ping_status":"closed","sticky":false,"template":"","format":"standard","meta":{"footnotes":""},"categories":[1],"tags":[],"class_list":["post-947933","post","type-post","status-publish","format-standard","has-post-thumbnail","hentry","category-actualidad"],"aioseo_notices":[],"aioseo_head":"\n\t\t<!-- All in One SEO Pro 5.0.1 - aioseo.com -->\n\t<meta name=\"description\" content=\"Los consejeros de Turismo y Deporte, Javier Fern\u00e1ndez, y Cultura, Miguel \u00c1ngel V\u00e1zquez, han presentado los datos del estudio &#039;Turismo cultural en Andaluc\u00eda&#039; de 2016, a\u00f1o en el que la cultura andaluza atrajo a un total de 8,3 millones de visitantes. Una de cada tres personas que lleg\u00f3 a la comunidad el pasado a\u00f1o lo\" \/>\n\t<meta name=\"robots\" content=\"max-image-preview:large\" \/>\n\t<meta name=\"author\" content=\"El Digital de Asturias\"\/>\n\t<meta name=\"google-site-verification\" content=\"UA-38556648-1\" \/>\n\t<meta name=\"msvalidate.01\" content=\"7dfe9f3f1b24437ab69f4f2559babe99\" \/>\n\t<meta name=\"keywords\" content=\"actualidad\" \/>\n\t<link rel=\"canonical\" href=\"https:\/\/www.eldigitaldeasturias.com\/noticias\/la-cultura-se-consolida-como-reclamo-turistico-en-andalucia\/\" \/>\n\t<meta name=\"generator\" content=\"All in One SEO Pro (AIOSEO) 5.0.1\" \/>\n\t\t<meta property=\"og:locale\" content=\"es_ES\" \/>\n\t\t<meta property=\"og:site_name\" content=\"El Digital de Asturias\" \/>\n\t\t<meta property=\"og:type\" content=\"article\" \/>\n\t\t<meta property=\"og:title\" content=\"La cultura se consolida como reclamo tur\u00edstico en Andaluc\u00eda - El Digital de Asturias\" \/>\n\t\t<meta property=\"og:description\" content=\"Los consejeros de Turismo y Deporte, Javier Fern\u00e1ndez, y Cultura, Miguel \u00c1ngel V\u00e1zquez, han presentado los datos del estudio &#039;Turismo cultural en Andaluc\u00eda&#039; de 2016, a\u00f1o en el que la cultura andaluza atrajo a un total de 8,3 millones de visitantes. Una de cada tres personas que lleg\u00f3 a la comunidad el pasado a\u00f1o lo\" \/>\n\t\t<meta property=\"og:url\" content=\"https:\/\/www.eldigitaldeasturias.com\/noticias\/la-cultura-se-consolida-como-reclamo-turistico-en-andalucia\/\" \/>\n\t\t<meta property=\"article:tag\" content=\"actualidad\" \/>\n\t\t<meta property=\"article:published_time\" content=\"2017-07-29T05:35:02+00:00\" \/>\n\t\t<meta property=\"article:modified_time\" content=\"2017-07-29T05:35:02+00:00\" \/>\n\t\t<meta property=\"article:publisher\" content=\"https:\/\/facebook.com\/eldigitaldeasturias\" \/>\n\t\t<meta name=\"twitter:card\" content=\"summary_large_image\" \/>\n\t\t<meta name=\"twitter:title\" content=\"La cultura se consolida como reclamo tur\u00edstico en Andaluc\u00eda - El Digital de Asturias\" \/>\n\t\t<meta name=\"twitter:description\" content=\"Los consejeros de Turismo y Deporte, Javier Fern\u00e1ndez, y Cultura, Miguel \u00c1ngel V\u00e1zquez, han presentado los datos del estudio &#039;Turismo cultural en Andaluc\u00eda&#039; de 2016, a\u00f1o en el que la cultura andaluza atrajo a un total de 8,3 millones de visitantes. Una de cada tres personas que lleg\u00f3 a la comunidad el pasado a\u00f1o lo\" \/>\n\t\t<meta name=\"twitter:image\" content=\"https:\/\/www.eldigitaldeasturias.com\/noticias\/wp-content\/uploads\/2020\/12\/EDA-1.jpg\" \/>\n\t\t<meta name=\"twitter:label1\" content=\"Escrito por\" \/>\n\t\t<meta name=\"twitter:data1\" content=\"El Digital de Asturias\" \/>\n\t\t<meta name=\"twitter:label2\" content=\"Tiempo de lectura estimado\" \/>\n\t\t<meta name=\"twitter:data2\" content=\"4 minutos\" \/>\n\t\t<script type=\"application\/ld+json\" class=\"aioseo-schema\">\n\t\t\t{\"@context\":\"https:\\\/\\\/schema.org\",\"@graph\":[{\"@type\":\"BlogPosting\",\"@id\":\"https:\\\/\\\/www.eldigitaldeasturias.com\\\/noticias\\\/la-cultura-se-consolida-como-reclamo-turistico-en-andalucia\\\/#blogposting\",\"name\":\"La cultura se consolida como reclamo tur\\u00edstico en Andaluc\\u00eda - El Digital de Asturias\",\"headline\":\"La cultura se consolida como reclamo tur\\u00edstico en Andaluc\\u00eda\",\"author\":{\"@id\":\"https:\\\/\\\/www.eldigitaldeasturias.com\\\/noticias\\\/author\\\/admin\\\/#author\"},\"publisher\":{\"@id\":\"https:\\\/\\\/www.eldigitaldeasturias.com\\\/noticias\\\/#organization\"},\"image\":{\"@type\":\"ImageObject\",\"url\":947934},\"datePublished\":\"2017-07-29T05:35:02+02:00\",\"dateModified\":\"2017-07-29T05:35:02+02:00\",\"inLanguage\":\"es-ES\",\"mainEntityOfPage\":{\"@id\":\"https:\\\/\\\/www.eldigitaldeasturias.com\\\/noticias\\\/la-cultura-se-consolida-como-reclamo-turistico-en-andalucia\\\/#webpage\"},\"isPartOf\":{\"@id\":\"https:\\\/\\\/www.eldigitaldeasturias.com\\\/noticias\\\/la-cultura-se-consolida-como-reclamo-turistico-en-andalucia\\\/#webpage\"},\"articleSection\":\"Actualidad\"},{\"@type\":\"BreadcrumbList\",\"@id\":\"https:\\\/\\\/www.eldigitaldeasturias.com\\\/noticias\\\/la-cultura-se-consolida-como-reclamo-turistico-en-andalucia\\\/#breadcrumblist\",\"itemListElement\":[{\"@type\":\"ListItem\",\"@id\":\"https:\\\/\\\/www.eldigitaldeasturias.com\\\/noticias#listItem\",\"position\":1,\"name\":\"Home\",\"item\":\"https:\\\/\\\/www.eldigitaldeasturias.com\\\/noticias\",\"nextItem\":{\"@type\":\"ListItem\",\"@id\":\"https:\\\/\\\/www.eldigitaldeasturias.com\\\/noticias\\\/category\\\/actualidad\\\/#listItem\",\"name\":\"Actualidad\"}},{\"@type\":\"ListItem\",\"@id\":\"https:\\\/\\\/www.eldigitaldeasturias.com\\\/noticias\\\/category\\\/actualidad\\\/#listItem\",\"position\":2,\"name\":\"Actualidad\",\"item\":\"https:\\\/\\\/www.eldigitaldeasturias.com\\\/noticias\\\/category\\\/actualidad\\\/\",\"nextItem\":{\"@type\":\"ListItem\",\"@id\":\"https:\\\/\\\/www.eldigitaldeasturias.com\\\/noticias\\\/la-cultura-se-consolida-como-reclamo-turistico-en-andalucia\\\/#listItem\",\"name\":\"La cultura se consolida como reclamo tur\\u00edstico en Andaluc\\u00eda\"},\"previousItem\":{\"@type\":\"ListItem\",\"@id\":\"https:\\\/\\\/www.eldigitaldeasturias.com\\\/noticias#listItem\",\"name\":\"Home\"}},{\"@type\":\"ListItem\",\"@id\":\"https:\\\/\\\/www.eldigitaldeasturias.com\\\/noticias\\\/la-cultura-se-consolida-como-reclamo-turistico-en-andalucia\\\/#listItem\",\"position\":3,\"name\":\"La cultura se consolida como reclamo tur\\u00edstico en Andaluc\\u00eda\",\"previousItem\":{\"@type\":\"ListItem\",\"@id\":\"https:\\\/\\\/www.eldigitaldeasturias.com\\\/noticias\\\/category\\\/actualidad\\\/#listItem\",\"name\":\"Actualidad\"}}]},{\"@type\":\"Organization\",\"@id\":\"https:\\\/\\\/www.eldigitaldeasturias.com\\\/noticias\\\/#organization\",\"name\":\"El Digital de Asturias\",\"description\":\"Hemeroteca\",\"url\":\"https:\\\/\\\/www.eldigitaldeasturias.com\\\/noticias\\\/\",\"email\":\"info@eldigitaldeasturias.com\",\"telephone\":\"+34652131393\",\"logo\":{\"@type\":\"ImageObject\",\"url\":\"https:\\\/\\\/www.eldigitaldeasturias.com\\\/noticias\\\/wp-content\\\/uploads\\\/2020\\\/12\\\/EDA.jpg\",\"@id\":\"https:\\\/\\\/www.eldigitaldeasturias.com\\\/noticias\\\/la-cultura-se-consolida-como-reclamo-turistico-en-andalucia\\\/#organizationLogo\"},\"image\":{\"@id\":\"https:\\\/\\\/www.eldigitaldeasturias.com\\\/noticias\\\/la-cultura-se-consolida-como-reclamo-turistico-en-andalucia\\\/#organizationLogo\"},\"sameAs\":[\"https:\\\/\\\/facebook.com\\\/eldigitaldeasturias\",\"https:\\\/\\\/www.youtube.com\\\/channel\\\/UCZP-2wLEB9Rv6erhFmqVnvg\"],\"address\":{\"@id\":\"https:\\\/\\\/www.eldigitaldeasturias.com\\\/noticias\\\/#postaladdress\",\"@type\":\"PostalAddress\",\"streetAddress\":\"san antonio 4\",\"postalCode\":\"33430\",\"addressLocality\":\"Cand\\u00e1s\",\"addressRegion\":\"Asturias\",\"addressCountry\":\"ES\"}},{\"@type\":\"Person\",\"@id\":\"https:\\\/\\\/www.eldigitaldeasturias.com\\\/noticias\\\/author\\\/admin\\\/#author\",\"url\":\"https:\\\/\\\/www.eldigitaldeasturias.com\\\/noticias\\\/author\\\/admin\\\/\",\"name\":\"El Digital de Asturias\",\"image\":{\"@type\":\"ImageObject\",\"@id\":\"https:\\\/\\\/www.eldigitaldeasturias.com\\\/noticias\\\/la-cultura-se-consolida-como-reclamo-turistico-en-andalucia\\\/#authorImage\",\"url\":\"https:\\\/\\\/secure.gravatar.com\\\/avatar\\\/df2aeffc32bcd13f8d26072ef8a91b623d677766deac7f97ca815868cd41bf5e?s=96&d=mm&r=g\",\"width\":96,\"height\":96,\"caption\":\"El Digital de Asturias\"}},{\"@type\":\"WebPage\",\"@id\":\"https:\\\/\\\/www.eldigitaldeasturias.com\\\/noticias\\\/la-cultura-se-consolida-como-reclamo-turistico-en-andalucia\\\/#webpage\",\"url\":\"https:\\\/\\\/www.eldigitaldeasturias.com\\\/noticias\\\/la-cultura-se-consolida-como-reclamo-turistico-en-andalucia\\\/\",\"name\":\"La cultura se consolida como reclamo tur\\u00edstico en Andaluc\\u00eda - El Digital de Asturias\",\"description\":\"Los consejeros de Turismo y Deporte, Javier Fern\\u00e1ndez, y Cultura, Miguel \\u00c1ngel V\\u00e1zquez, han presentado los datos del estudio 'Turismo cultural en Andaluc\\u00eda' de 2016, a\\u00f1o en el que la cultura andaluza atrajo a un total de 8,3 millones de visitantes. Una de cada tres personas que lleg\\u00f3 a la comunidad el pasado a\\u00f1o lo\",\"inLanguage\":\"es-ES\",\"isPartOf\":{\"@id\":\"https:\\\/\\\/www.eldigitaldeasturias.com\\\/noticias\\\/#website\"},\"breadcrumb\":{\"@id\":\"https:\\\/\\\/www.eldigitaldeasturias.com\\\/noticias\\\/la-cultura-se-consolida-como-reclamo-turistico-en-andalucia\\\/#breadcrumblist\"},\"author\":{\"@id\":\"https:\\\/\\\/www.eldigitaldeasturias.com\\\/noticias\\\/author\\\/admin\\\/#author\"},\"creator\":{\"@id\":\"https:\\\/\\\/www.eldigitaldeasturias.com\\\/noticias\\\/author\\\/admin\\\/#author\"},\"image\":{\"@type\":\"ImageObject\",\"url\":947934,\"@id\":\"https:\\\/\\\/www.eldigitaldeasturias.com\\\/noticias\\\/la-cultura-se-consolida-como-reclamo-turistico-en-andalucia\\\/#mainImage\"},\"primaryImageOfPage\":{\"@id\":\"https:\\\/\\\/www.eldigitaldeasturias.com\\\/noticias\\\/la-cultura-se-consolida-como-reclamo-turistico-en-andalucia\\\/#mainImage\"},\"datePublished\":\"2017-07-29T05:35:02+02:00\",\"dateModified\":\"2017-07-29T05:35:02+02:00\"},{\"@type\":\"WebSite\",\"@id\":\"https:\\\/\\\/www.eldigitaldeasturias.com\\\/noticias\\\/#website\",\"url\":\"https:\\\/\\\/www.eldigitaldeasturias.com\\\/noticias\\\/\",\"name\":\"El Digital de Asturias - Diario de actualidad y noticias\",\"alternateName\":\"El Digital de Asturias - Diario de actualidad y noticias\",\"description\":\"Hemeroteca\",\"inLanguage\":\"es-ES\",\"publisher\":{\"@id\":\"https:\\\/\\\/www.eldigitaldeasturias.com\\\/noticias\\\/#organization\"}}]}\n\t\t<\/script>\n\t\t<!-- All in One SEO Pro -->\r\n\t\t<title>La cultura se consolida como reclamo tur\u00edstico en Andaluc\u00eda - El Digital de Asturias<\/title>\n\n","aioseo_head_json":{"title":"La cultura se consolida como reclamo tur\u00edstico en Andaluc\u00eda - El Digital de Asturias","description":"Los consejeros de Turismo y Deporte, Javier Fern\u00e1ndez, y Cultura, Miguel \u00c1ngel V\u00e1zquez, han presentado los datos del estudio 'Turismo cultural en Andaluc\u00eda' de 2016, a\u00f1o en el que la cultura andaluza atrajo a un total de 8,3 millones de visitantes. Una de cada tres personas que lleg\u00f3 a la comunidad el pasado a\u00f1o lo","canonical_url":"https:\/\/www.eldigitaldeasturias.com\/noticias\/la-cultura-se-consolida-como-reclamo-turistico-en-andalucia\/","robots":"max-image-preview:large","keywords":"actualidad","webmasterTools":{"google-site-verification":"UA-38556648-1","msvalidate.01":"7dfe9f3f1b24437ab69f4f2559babe99","miscellaneous":""},"schema":{"@context":"https:\/\/schema.org","@graph":[{"@type":"BlogPosting","@id":"https:\/\/www.eldigitaldeasturias.com\/noticias\/la-cultura-se-consolida-como-reclamo-turistico-en-andalucia\/#blogposting","name":"La cultura se consolida como reclamo tur\u00edstico en Andaluc\u00eda - El Digital de Asturias","headline":"La cultura se consolida como reclamo tur\u00edstico en Andaluc\u00eda","author":{"@id":"https:\/\/www.eldigitaldeasturias.com\/noticias\/author\/admin\/#author"},"publisher":{"@id":"https:\/\/www.eldigitaldeasturias.com\/noticias\/#organization"},"image":{"@type":"ImageObject","url":947934},"datePublished":"2017-07-29T05:35:02+02:00","dateModified":"2017-07-29T05:35:02+02:00","inLanguage":"es-ES","mainEntityOfPage":{"@id":"https:\/\/www.eldigitaldeasturias.com\/noticias\/la-cultura-se-consolida-como-reclamo-turistico-en-andalucia\/#webpage"},"isPartOf":{"@id":"https:\/\/www.eldigitaldeasturias.com\/noticias\/la-cultura-se-consolida-como-reclamo-turistico-en-andalucia\/#webpage"},"articleSection":"Actualidad"},{"@type":"BreadcrumbList","@id":"https:\/\/www.eldigitaldeasturias.com\/noticias\/la-cultura-se-consolida-como-reclamo-turistico-en-andalucia\/#breadcrumblist","itemListElement":[{"@type":"ListItem","@id":"https:\/\/www.eldigitaldeasturias.com\/noticias#listItem","position":1,"name":"Home","item":"https:\/\/www.eldigitaldeasturias.com\/noticias","nextItem":{"@type":"ListItem","@id":"https:\/\/www.eldigitaldeasturias.com\/noticias\/category\/actualidad\/#listItem","name":"Actualidad"}},{"@type":"ListItem","@id":"https:\/\/www.eldigitaldeasturias.com\/noticias\/category\/actualidad\/#listItem","position":2,"name":"Actualidad","item":"https:\/\/www.eldigitaldeasturias.com\/noticias\/category\/actualidad\/","nextItem":{"@type":"ListItem","@id":"https:\/\/www.eldigitaldeasturias.com\/noticias\/la-cultura-se-consolida-como-reclamo-turistico-en-andalucia\/#listItem","name":"La cultura se consolida como reclamo tur\u00edstico en Andaluc\u00eda"},"previousItem":{"@type":"ListItem","@id":"https:\/\/www.eldigitaldeasturias.com\/noticias#listItem","name":"Home"}},{"@type":"ListItem","@id":"https:\/\/www.eldigitaldeasturias.com\/noticias\/la-cultura-se-consolida-como-reclamo-turistico-en-andalucia\/#listItem","position":3,"name":"La cultura se consolida como reclamo tur\u00edstico en Andaluc\u00eda","previousItem":{"@type":"ListItem","@id":"https:\/\/www.eldigitaldeasturias.com\/noticias\/category\/actualidad\/#listItem","name":"Actualidad"}}]},{"@type":"Organization","@id":"https:\/\/www.eldigitaldeasturias.com\/noticias\/#organization","name":"El Digital de Asturias","description":"Hemeroteca","url":"https:\/\/www.eldigitaldeasturias.com\/noticias\/","email":"info@eldigitaldeasturias.com","telephone":"+34652131393","logo":{"@type":"ImageObject","url":"https:\/\/www.eldigitaldeasturias.com\/noticias\/wp-content\/uploads\/2020\/12\/EDA.jpg","@id":"https:\/\/www.eldigitaldeasturias.com\/noticias\/la-cultura-se-consolida-como-reclamo-turistico-en-andalucia\/#organizationLogo"},"image":{"@id":"https:\/\/www.eldigitaldeasturias.com\/noticias\/la-cultura-se-consolida-como-reclamo-turistico-en-andalucia\/#organizationLogo"},"sameAs":["https:\/\/facebook.com\/eldigitaldeasturias","https:\/\/www.youtube.com\/channel\/UCZP-2wLEB9Rv6erhFmqVnvg"],"address":{"@id":"https:\/\/www.eldigitaldeasturias.com\/noticias\/#postaladdress","@type":"PostalAddress","streetAddress":"san antonio 4","postalCode":"33430","addressLocality":"Cand\u00e1s","addressRegion":"Asturias","addressCountry":"ES"}},{"@type":"Person","@id":"https:\/\/www.eldigitaldeasturias.com\/noticias\/author\/admin\/#author","url":"https:\/\/www.eldigitaldeasturias.com\/noticias\/author\/admin\/","name":"El Digital de Asturias","image":{"@type":"ImageObject","@id":"https:\/\/www.eldigitaldeasturias.com\/noticias\/la-cultura-se-consolida-como-reclamo-turistico-en-andalucia\/#authorImage","url":"https:\/\/secure.gravatar.com\/avatar\/df2aeffc32bcd13f8d26072ef8a91b623d677766deac7f97ca815868cd41bf5e?s=96&d=mm&r=g","width":96,"height":96,"caption":"El Digital de Asturias"}},{"@type":"WebPage","@id":"https:\/\/www.eldigitaldeasturias.com\/noticias\/la-cultura-se-consolida-como-reclamo-turistico-en-andalucia\/#webpage","url":"https:\/\/www.eldigitaldeasturias.com\/noticias\/la-cultura-se-consolida-como-reclamo-turistico-en-andalucia\/","name":"La cultura se consolida como reclamo tur\u00edstico en Andaluc\u00eda - El Digital de Asturias","description":"Los consejeros de Turismo y Deporte, Javier Fern\u00e1ndez, y Cultura, Miguel \u00c1ngel V\u00e1zquez, han presentado los datos del estudio 'Turismo cultural en Andaluc\u00eda' de 2016, a\u00f1o en el que la cultura andaluza atrajo a un total de 8,3 millones de visitantes. Una de cada tres personas que lleg\u00f3 a la comunidad el pasado a\u00f1o lo","inLanguage":"es-ES","isPartOf":{"@id":"https:\/\/www.eldigitaldeasturias.com\/noticias\/#website"},"breadcrumb":{"@id":"https:\/\/www.eldigitaldeasturias.com\/noticias\/la-cultura-se-consolida-como-reclamo-turistico-en-andalucia\/#breadcrumblist"},"author":{"@id":"https:\/\/www.eldigitaldeasturias.com\/noticias\/author\/admin\/#author"},"creator":{"@id":"https:\/\/www.eldigitaldeasturias.com\/noticias\/author\/admin\/#author"},"image":{"@type":"ImageObject","url":947934,"@id":"https:\/\/www.eldigitaldeasturias.com\/noticias\/la-cultura-se-consolida-como-reclamo-turistico-en-andalucia\/#mainImage"},"primaryImageOfPage":{"@id":"https:\/\/www.eldigitaldeasturias.com\/noticias\/la-cultura-se-consolida-como-reclamo-turistico-en-andalucia\/#mainImage"},"datePublished":"2017-07-29T05:35:02+02:00","dateModified":"2017-07-29T05:35:02+02:00"},{"@type":"WebSite","@id":"https:\/\/www.eldigitaldeasturias.com\/noticias\/#website","url":"https:\/\/www.eldigitaldeasturias.com\/noticias\/","name":"El Digital de Asturias - Diario de actualidad y noticias","alternateName":"El Digital de Asturias - Diario de actualidad y noticias","description":"Hemeroteca","inLanguage":"es-ES","publisher":{"@id":"https:\/\/www.eldigitaldeasturias.com\/noticias\/#organization"}}]},"og:locale":"es_ES","og:site_name":"El Digital de Asturias","og:type":"article","og:title":"La cultura se consolida como reclamo tur\u00edstico en Andaluc\u00eda - El Digital de Asturias","og:description":"Los consejeros de Turismo y Deporte, Javier Fern\u00e1ndez, y Cultura, Miguel \u00c1ngel V\u00e1zquez, han presentado los datos del estudio 'Turismo cultural en Andaluc\u00eda' de 2016, a\u00f1o en el que la cultura andaluza atrajo a un total de 8,3 millones de visitantes. Una de cada tres personas que lleg\u00f3 a la comunidad el pasado a\u00f1o lo","og:url":"https:\/\/www.eldigitaldeasturias.com\/noticias\/la-cultura-se-consolida-como-reclamo-turistico-en-andalucia\/","article:tag":["actualidad"],"article:published_time":"2017-07-29T05:35:02+00:00","article:modified_time":"2017-07-29T05:35:02+00:00","article:publisher":"https:\/\/facebook.com\/eldigitaldeasturias","twitter:card":"summary_large_image","twitter:title":"La cultura se consolida como reclamo tur\u00edstico en Andaluc\u00eda - El Digital de Asturias","twitter:description":"Los consejeros de Turismo y Deporte, Javier Fern\u00e1ndez, y Cultura, Miguel \u00c1ngel V\u00e1zquez, han presentado los datos del estudio 'Turismo cultural en Andaluc\u00eda' de 2016, a\u00f1o en el que la cultura andaluza atrajo a un total de 8,3 millones de visitantes. Una de cada tres personas que lleg\u00f3 a la comunidad el pasado a\u00f1o lo","twitter:image":"https:\/\/www.eldigitaldeasturias.com\/noticias\/wp-content\/uploads\/2020\/12\/EDA-1.jpg","twitter:label1":"Escrito por","twitter:data1":"El Digital de Asturias","twitter:label2":"Tiempo de lectura estimado","twitter:data2":"4 minutos"},"aioseo_meta_data":{"post_id":"947933","title":null,"description":null,"keywords":null,"keyphrases":null,"primary_term":null,"canonical_url":null,"og_title":null,"og_description":null,"og_object_type":"default","og_image_type":"default","og_image_url":null,"og_image_width":null,"og_image_height":null,"og_image_custom_url":null,"og_image_custom_fields":null,"og_video":null,"og_custom_url":null,"og_article_section":null,"og_article_tags":null,"twitter_use_og":false,"twitter_card":"default","twitter_image_type":"default","twitter_image_url":null,"twitter_image_custom_url":null,"twitter_image_custom_fields":null,"twitter_title":null,"twitter_description":null,"schema":{"blockGraphs":[],"customGraphs":[],"default":{"data":{"Article":[],"Course":[],"Dataset":[],"FAQPage":[],"Movie":[],"Person":[],"Product":[],"ProductReview":[],"Car":[],"Recipe":[],"Service":[],"SoftwareApplication":[],"WebPage":[]},"graphName":"","isEnabled":true},"graphs":[],"defaultGraph":"","defaultPostTypeGraph":""},"schema_type":null,"schema_type_options":null,"pillar_content":false,"robots_default":true,"robots_noindex":false,"robots_noarchive":false,"robots_nosnippet":false,"robots_nofollow":false,"robots_noimageindex":false,"robots_noodp":false,"robots_notranslate":false,"robots_max_snippet":null,"robots_max_videopreview":null,"robots_max_imagepreview":"large","priority":null,"frequency":null,"local_seo":null,"seo_analyzer_scan_date":"2025-12-05 06:52:38","breadcrumb_settings":null,"limit_modified_date":false,"open_ai":null,"ai":null,"created":"2020-12-21 13:06:36","updated":"2025-12-05 06:52:38","focus_keyword":null,"additional_keywords":null,"truseo_locale":null},"aioseo_breadcrumb":"<div class=\"aioseo-breadcrumbs\"><span class=\"aioseo-breadcrumb\">\n\t<a href=\"https:\/\/www.eldigitaldeasturias.com\/noticias\" title=\"Home\">Home<\/a>\n<\/span><span class=\"aioseo-breadcrumb-separator\">\u2013<\/span><span class=\"aioseo-breadcrumb\">\n\t<a href=\"https:\/\/www.eldigitaldeasturias.com\/noticias\/category\/actualidad\/\" title=\"Actualidad\">Actualidad<\/a>\n<\/span><span class=\"aioseo-breadcrumb-separator\">\u2013<\/span><span class=\"aioseo-breadcrumb\">\n\t<a href=\"https:\/\/www.eldigitaldeasturias.com\/noticias\/la-cultura-se-consolida-como-reclamo-turistico-en-andalucia\/\" title=\"La cultura se consolida como reclamo tur\u00edstico en Andaluc\u00eda\">La cultura se consolida como reclamo tur\u00edstico en Andaluc\u00eda<\/a>\n<\/span><\/div>","aioseo_breadcrumb_json":[{"label":"Home","link":"https:\/\/www.eldigitaldeasturias.com\/noticias"},{"label":"Actualidad","link":"https:\/\/www.eldigitaldeasturias.com\/noticias\/category\/actualidad\/"},{"label":"La cultura se consolida como reclamo tur\u00edstico en Andaluc\u00eda","link":"https:\/\/www.eldigitaldeasturias.com\/noticias\/la-cultura-se-consolida-como-reclamo-turistico-en-andalucia\/"}],"_links":{"self":[{"href":"https:\/\/www.eldigitaldeasturias.com\/noticias\/wp-json\/wp\/v2\/posts\/947933","targetHints":{"allow":["GET"]}}],"collection":[{"href":"https:\/\/www.eldigitaldeasturias.com\/noticias\/wp-json\/wp\/v2\/posts"}],"about":[{"href":"https:\/\/www.eldigitaldeasturias.com\/noticias\/wp-json\/wp\/v2\/types\/post"}],"author":[{"embeddable":true,"href":"https:\/\/www.eldigitaldeasturias.com\/noticias\/wp-json\/wp\/v2\/users\/1"}],"replies":[{"embeddable":true,"href":"https:\/\/www.eldigitaldeasturias.com\/noticias\/wp-json\/wp\/v2\/comments?post=947933"}],"version-history":[{"count":0,"href":"https:\/\/www.eldigitaldeasturias.com\/noticias\/wp-json\/wp\/v2\/posts\/947933\/revisions"}],"wp:attachment":[{"href":"https:\/\/www.eldigitaldeasturias.com\/noticias\/wp-json\/wp\/v2\/media?parent=947933"}],"wp:term":[{"taxonomy":"category","embeddable":true,"href":"https:\/\/www.eldigitaldeasturias.com\/noticias\/wp-json\/wp\/v2\/categories?post=947933"},{"taxonomy":"post_tag","embeddable":true,"href":"https:\/\/www.eldigitaldeasturias.com\/noticias\/wp-json\/wp\/v2\/tags?post=947933"}],"curies":[{"name":"wp","href":"https:\/\/api.w.org\/{rel}","templated":true}]}}