{"id":947930,"date":"2017-07-29T05:31:35","date_gmt":"2017-07-29T05:31:35","guid":{"rendered":"http:\/\/www.eldigitaldeasturias.com\/noticias\/?p=947930"},"modified":"2017-07-29T05:31:35","modified_gmt":"2017-07-29T05:31:35","slug":"presentado-el-anuario-de-la-red-de-espacios-naturales-protegidos-de-andalucia","status":"publish","type":"post","link":"https:\/\/www.eldigitaldeasturias.com\/noticias\/presentado-el-anuario-de-la-red-de-espacios-naturales-protegidos-de-andalucia\/","title":{"rendered":"Presentado el anuario de la Red de Espacios Naturales Protegidos de Andaluc\u00eda"},"content":{"rendered":"<p><img loading=\"lazy\" decoding=\"async\" class=\"alignleft size-medium wp-image-947931\" src=\"https:\/\/www.eldigitaldeasturias.com\/noticias\/wp-content\/uploads\/2017\/07\/1501240152651-360x270.jpg\" alt=\"\" width=\"360\" height=\"270\" \/>El consejero de Medio Ambiente y Ordenaci\u00f3n del Territorio, Jos\u00e9 Fiscal, ha presentado en Huelva el anuario de la Red de Espacios Naturales Protegidos de Andaluc\u00eda. El documento, que se edita por primera vez, da a conocer el trabajo realizado en todos los espacios, examina la evoluci\u00f3n de la red y eval\u00faa la calidad de las actuaciones realizadas en todas ellas.<\/p>\n<p>Jos\u00e9 Fiscal ha informado que la red alcanlz\u00f3 en 2016 una superficie de 2.904.984,38 hect\u00e1reas, de las cuales 2.824.910,23 son terrestres y 80.074.15 son marinas, con continuidad ecol\u00f3gica mar\u00edtimo-terrestre. En este sentido, Fiscal ha valorado que el 32,24% del territorio andaluz dispone de alg\u00fan grado de protecci\u00f3n, a la cabeza de la media espa\u00f1ola, que se sit\u00faa en el 27%, y 7 puntos por encima de la Uni\u00f3n Europea.<\/p>\n<p>Se trata de una superficie protegida superior a la de muchos pa\u00edses europeos y que comprende 457 figuras de protecci\u00f3n oficialmente declaradas. En Andaluc\u00eda se encuentran 4 de los 5 mayores parques naturales de Espa\u00f1a, como son Cazorla, Segura y Las Villas, Aracena y Picos de Aroche, Sierra Norte de Sevilla y Los Alcornocales.<\/p>\n<p>Jos\u00e9 Fiscal ha destacado que en 2016 se declararon 9 Zonas de Especial Conservaci\u00f3n, con una superficie de 95.124,94 hect\u00e1reas. Entre ellas Do\u00f1ana Norte y Oeste, Pe\u00f1as de Aroche y Sierra Pelada y Rivera del Aserrador. Con ello se alcanz\u00f3 la cifra de 149 Zonas de Especial Conservaci\u00f3n declaradas en 2016; pero la cifra ya asciende, con las \u00faltimas aprobaciones, a 167. Con el cumplimiento del calendario normativo aprobado por el Consejo de Gobierno, ascender\u00e1 a 189 a final de este a\u00f1o 2017.<\/p>\n<p>El titular de Medio Ambiente ha resaltado que en los \u00faltimos a\u00f1os y hasta finales de 2016, se han aprobado 80 planes de espacios protegidos, que a fecha de hoy ascienden a 88 y que al terminar en a\u00f1o ser\u00e1n 100. Ello supone el mayor esfuerzo nunca realizado anteriormente por poner al d\u00eda los instrumentos rectores de nuestros espacios protegidos.<\/p>\n<p>El anuario recoge que durante el periodo 2012-2016 se han emitido 1.547 certificados, as\u00ed como 203 informes de prevenci\u00f3n, lo que ha supuesto examinar otros tantos proyectos para asegurarse de que no causar\u00edan efectos apreciables en los espacios protegidos. Con respecto a la gesti\u00f3n activa en Andaluc\u00eda se tramitan anualmente en los parques naturales, m\u00e1s de 18.000 solicitudes de autorizaciones de diferente tipolog\u00eda (uso publico, actividades forestales, tratamientos selv\u00edcolas, actividad cineg\u00e9tica y pisc\u00edcola e infraestructuras, entre otras), de las cuales, finalmente se ha autorizado el 94 %.<\/p>\n<p>Los espacios protegidos por acuerdos y convenios internacionales son objeto de rigurosas evaluaciones. En este sentido, el consejero ha destacado la inclusi\u00f3n de Do\u00f1ana y Sierra Nevada en la Lista Verde (Green List) de \u00e1reas protegidas mejor conservadas, en la que solo figuran 23 espacios protegidos del mundo. Junto a ello, la superaci\u00f3n de las evaluaciones peri\u00f3dicas de la red mundial de Geoparques, la superaci\u00f3n de las evaluaciones decenales de Reservas de Biosfera; as\u00ed como el cumplimento de las recomendaciones de Patrimonio Mundial con respecto al Parque Nacional de Do\u00f1ana.<\/p>\n<p>El anuario RENPA puede consultarse en la p\u00e1gina web de la Consejer\u00eda de Medio Ambiente y Ordenaci\u00f3n del Territorio.<\/p>\n","protected":false},"excerpt":{"rendered":"<p>El consejero de Medio Ambiente y Ordenaci\u00f3n del Territorio, Jos\u00e9 Fiscal, ha presentado en Huelva el anuario de la Red de Espacios Naturales Protegidos de Andaluc\u00eda. El documento, que se edita por primera vez, da a conocer el trabajo realizado en todos los espacios, examina la evoluci\u00f3n de la red y eval\u00faa la calidad de [&hellip;]<\/p>\n","protected":false},"author":1,"featured_media":947931,"comment_status":"closed","ping_status":"closed","sticky":false,"template":"","format":"standard","meta":{"footnotes":""},"categories":[1],"tags":[],"class_list":["post-947930","post","type-post","status-publish","format-standard","has-post-thumbnail","hentry","category-actualidad"],"aioseo_notices":[],"aioseo_head":"\n\t\t<!-- All in One SEO Pro 5.0.1 - aioseo.com -->\n\t<meta name=\"description\" content=\"El consejero de Medio Ambiente y Ordenaci\u00f3n del Territorio, Jos\u00e9 Fiscal, ha presentado en Huelva el anuario de la Red de Espacios Naturales Protegidos de Andaluc\u00eda. El documento, que se edita por primera vez, da a conocer el trabajo realizado en todos los espacios, examina la evoluci\u00f3n de la red y eval\u00faa la calidad de\" \/>\n\t<meta name=\"robots\" content=\"max-image-preview:large\" \/>\n\t<meta name=\"author\" content=\"El Digital de Asturias\"\/>\n\t<meta name=\"google-site-verification\" content=\"UA-38556648-1\" \/>\n\t<meta name=\"msvalidate.01\" content=\"7dfe9f3f1b24437ab69f4f2559babe99\" \/>\n\t<meta name=\"keywords\" content=\"actualidad\" \/>\n\t<link rel=\"canonical\" href=\"https:\/\/www.eldigitaldeasturias.com\/noticias\/presentado-el-anuario-de-la-red-de-espacios-naturales-protegidos-de-andalucia\/\" \/>\n\t<meta name=\"generator\" content=\"All in One SEO Pro (AIOSEO) 5.0.1\" \/>\n\t\t<meta property=\"og:locale\" content=\"es_ES\" \/>\n\t\t<meta property=\"og:site_name\" content=\"El Digital de Asturias\" \/>\n\t\t<meta property=\"og:type\" content=\"article\" \/>\n\t\t<meta property=\"og:title\" content=\"Presentado el anuario de la Red de Espacios Naturales Protegidos de Andaluc\u00eda - El Digital de Asturias\" \/>\n\t\t<meta property=\"og:description\" content=\"El consejero de Medio Ambiente y Ordenaci\u00f3n del Territorio, Jos\u00e9 Fiscal, ha presentado en Huelva el anuario de la Red de Espacios Naturales Protegidos de Andaluc\u00eda. El documento, que se edita por primera vez, da a conocer el trabajo realizado en todos los espacios, examina la evoluci\u00f3n de la red y eval\u00faa la calidad de\" \/>\n\t\t<meta property=\"og:url\" content=\"https:\/\/www.eldigitaldeasturias.com\/noticias\/presentado-el-anuario-de-la-red-de-espacios-naturales-protegidos-de-andalucia\/\" \/>\n\t\t<meta property=\"article:tag\" content=\"actualidad\" \/>\n\t\t<meta property=\"article:published_time\" content=\"2017-07-29T05:31:35+00:00\" \/>\n\t\t<meta property=\"article:modified_time\" content=\"2017-07-29T05:31:35+00:00\" \/>\n\t\t<meta property=\"article:publisher\" content=\"https:\/\/facebook.com\/eldigitaldeasturias\" \/>\n\t\t<meta name=\"twitter:card\" content=\"summary_large_image\" \/>\n\t\t<meta name=\"twitter:title\" content=\"Presentado el anuario de la Red de Espacios Naturales Protegidos de Andaluc\u00eda - El Digital de Asturias\" \/>\n\t\t<meta name=\"twitter:description\" content=\"El consejero de Medio Ambiente y Ordenaci\u00f3n del Territorio, Jos\u00e9 Fiscal, ha presentado en Huelva el anuario de la Red de Espacios Naturales Protegidos de Andaluc\u00eda. El documento, que se edita por primera vez, da a conocer el trabajo realizado en todos los espacios, examina la evoluci\u00f3n de la red y eval\u00faa la calidad de\" \/>\n\t\t<meta name=\"twitter:image\" content=\"https:\/\/www.eldigitaldeasturias.com\/noticias\/wp-content\/uploads\/2020\/12\/EDA-1.jpg\" \/>\n\t\t<meta name=\"twitter:label1\" content=\"Escrito por\" \/>\n\t\t<meta name=\"twitter:data1\" content=\"El Digital de Asturias\" \/>\n\t\t<meta name=\"twitter:label2\" content=\"Tiempo de lectura estimado\" \/>\n\t\t<meta name=\"twitter:data2\" content=\"3 minutos\" \/>\n\t\t<script type=\"application\/ld+json\" class=\"aioseo-schema\">\n\t\t\t{\"@context\":\"https:\\\/\\\/schema.org\",\"@graph\":[{\"@type\":\"BlogPosting\",\"@id\":\"https:\\\/\\\/www.eldigitaldeasturias.com\\\/noticias\\\/presentado-el-anuario-de-la-red-de-espacios-naturales-protegidos-de-andalucia\\\/#blogposting\",\"name\":\"Presentado el anuario de la Red de Espacios Naturales Protegidos de Andaluc\\u00eda - El Digital de Asturias\",\"headline\":\"Presentado el anuario de la Red de Espacios Naturales Protegidos de Andaluc\\u00eda\",\"author\":{\"@id\":\"https:\\\/\\\/www.eldigitaldeasturias.com\\\/noticias\\\/author\\\/admin\\\/#author\"},\"publisher\":{\"@id\":\"https:\\\/\\\/www.eldigitaldeasturias.com\\\/noticias\\\/#organization\"},\"image\":{\"@type\":\"ImageObject\",\"url\":947931},\"datePublished\":\"2017-07-29T05:31:35+02:00\",\"dateModified\":\"2017-07-29T05:31:35+02:00\",\"inLanguage\":\"es-ES\",\"mainEntityOfPage\":{\"@id\":\"https:\\\/\\\/www.eldigitaldeasturias.com\\\/noticias\\\/presentado-el-anuario-de-la-red-de-espacios-naturales-protegidos-de-andalucia\\\/#webpage\"},\"isPartOf\":{\"@id\":\"https:\\\/\\\/www.eldigitaldeasturias.com\\\/noticias\\\/presentado-el-anuario-de-la-red-de-espacios-naturales-protegidos-de-andalucia\\\/#webpage\"},\"articleSection\":\"Actualidad\"},{\"@type\":\"BreadcrumbList\",\"@id\":\"https:\\\/\\\/www.eldigitaldeasturias.com\\\/noticias\\\/presentado-el-anuario-de-la-red-de-espacios-naturales-protegidos-de-andalucia\\\/#breadcrumblist\",\"itemListElement\":[{\"@type\":\"ListItem\",\"@id\":\"https:\\\/\\\/www.eldigitaldeasturias.com\\\/noticias#listItem\",\"position\":1,\"name\":\"Home\",\"item\":\"https:\\\/\\\/www.eldigitaldeasturias.com\\\/noticias\",\"nextItem\":{\"@type\":\"ListItem\",\"@id\":\"https:\\\/\\\/www.eldigitaldeasturias.com\\\/noticias\\\/category\\\/actualidad\\\/#listItem\",\"name\":\"Actualidad\"}},{\"@type\":\"ListItem\",\"@id\":\"https:\\\/\\\/www.eldigitaldeasturias.com\\\/noticias\\\/category\\\/actualidad\\\/#listItem\",\"position\":2,\"name\":\"Actualidad\",\"item\":\"https:\\\/\\\/www.eldigitaldeasturias.com\\\/noticias\\\/category\\\/actualidad\\\/\",\"nextItem\":{\"@type\":\"ListItem\",\"@id\":\"https:\\\/\\\/www.eldigitaldeasturias.com\\\/noticias\\\/presentado-el-anuario-de-la-red-de-espacios-naturales-protegidos-de-andalucia\\\/#listItem\",\"name\":\"Presentado el anuario de la Red de Espacios Naturales Protegidos de Andaluc\\u00eda\"},\"previousItem\":{\"@type\":\"ListItem\",\"@id\":\"https:\\\/\\\/www.eldigitaldeasturias.com\\\/noticias#listItem\",\"name\":\"Home\"}},{\"@type\":\"ListItem\",\"@id\":\"https:\\\/\\\/www.eldigitaldeasturias.com\\\/noticias\\\/presentado-el-anuario-de-la-red-de-espacios-naturales-protegidos-de-andalucia\\\/#listItem\",\"position\":3,\"name\":\"Presentado el anuario de la Red de Espacios Naturales Protegidos de Andaluc\\u00eda\",\"previousItem\":{\"@type\":\"ListItem\",\"@id\":\"https:\\\/\\\/www.eldigitaldeasturias.com\\\/noticias\\\/category\\\/actualidad\\\/#listItem\",\"name\":\"Actualidad\"}}]},{\"@type\":\"Organization\",\"@id\":\"https:\\\/\\\/www.eldigitaldeasturias.com\\\/noticias\\\/#organization\",\"name\":\"El Digital de Asturias\",\"description\":\"Hemeroteca\",\"url\":\"https:\\\/\\\/www.eldigitaldeasturias.com\\\/noticias\\\/\",\"email\":\"info@eldigitaldeasturias.com\",\"telephone\":\"+34652131393\",\"logo\":{\"@type\":\"ImageObject\",\"url\":\"https:\\\/\\\/www.eldigitaldeasturias.com\\\/noticias\\\/wp-content\\\/uploads\\\/2020\\\/12\\\/EDA.jpg\",\"@id\":\"https:\\\/\\\/www.eldigitaldeasturias.com\\\/noticias\\\/presentado-el-anuario-de-la-red-de-espacios-naturales-protegidos-de-andalucia\\\/#organizationLogo\"},\"image\":{\"@id\":\"https:\\\/\\\/www.eldigitaldeasturias.com\\\/noticias\\\/presentado-el-anuario-de-la-red-de-espacios-naturales-protegidos-de-andalucia\\\/#organizationLogo\"},\"sameAs\":[\"https:\\\/\\\/facebook.com\\\/eldigitaldeasturias\",\"https:\\\/\\\/www.youtube.com\\\/channel\\\/UCZP-2wLEB9Rv6erhFmqVnvg\"],\"address\":{\"@id\":\"https:\\\/\\\/www.eldigitaldeasturias.com\\\/noticias\\\/#postaladdress\",\"@type\":\"PostalAddress\",\"streetAddress\":\"san antonio 4\",\"postalCode\":\"33430\",\"addressLocality\":\"Cand\\u00e1s\",\"addressRegion\":\"Asturias\",\"addressCountry\":\"ES\"}},{\"@type\":\"Person\",\"@id\":\"https:\\\/\\\/www.eldigitaldeasturias.com\\\/noticias\\\/author\\\/admin\\\/#author\",\"url\":\"https:\\\/\\\/www.eldigitaldeasturias.com\\\/noticias\\\/author\\\/admin\\\/\",\"name\":\"El Digital de Asturias\",\"image\":{\"@type\":\"ImageObject\",\"@id\":\"https:\\\/\\\/www.eldigitaldeasturias.com\\\/noticias\\\/presentado-el-anuario-de-la-red-de-espacios-naturales-protegidos-de-andalucia\\\/#authorImage\",\"url\":\"https:\\\/\\\/secure.gravatar.com\\\/avatar\\\/df2aeffc32bcd13f8d26072ef8a91b623d677766deac7f97ca815868cd41bf5e?s=96&d=mm&r=g\",\"width\":96,\"height\":96,\"caption\":\"El Digital de Asturias\"}},{\"@type\":\"WebPage\",\"@id\":\"https:\\\/\\\/www.eldigitaldeasturias.com\\\/noticias\\\/presentado-el-anuario-de-la-red-de-espacios-naturales-protegidos-de-andalucia\\\/#webpage\",\"url\":\"https:\\\/\\\/www.eldigitaldeasturias.com\\\/noticias\\\/presentado-el-anuario-de-la-red-de-espacios-naturales-protegidos-de-andalucia\\\/\",\"name\":\"Presentado el anuario de la Red de Espacios Naturales Protegidos de Andaluc\\u00eda - El Digital de Asturias\",\"description\":\"El consejero de Medio Ambiente y Ordenaci\\u00f3n del Territorio, Jos\\u00e9 Fiscal, ha presentado en Huelva el anuario de la Red de Espacios Naturales Protegidos de Andaluc\\u00eda. El documento, que se edita por primera vez, da a conocer el trabajo realizado en todos los espacios, examina la evoluci\\u00f3n de la red y eval\\u00faa la calidad de\",\"inLanguage\":\"es-ES\",\"isPartOf\":{\"@id\":\"https:\\\/\\\/www.eldigitaldeasturias.com\\\/noticias\\\/#website\"},\"breadcrumb\":{\"@id\":\"https:\\\/\\\/www.eldigitaldeasturias.com\\\/noticias\\\/presentado-el-anuario-de-la-red-de-espacios-naturales-protegidos-de-andalucia\\\/#breadcrumblist\"},\"author\":{\"@id\":\"https:\\\/\\\/www.eldigitaldeasturias.com\\\/noticias\\\/author\\\/admin\\\/#author\"},\"creator\":{\"@id\":\"https:\\\/\\\/www.eldigitaldeasturias.com\\\/noticias\\\/author\\\/admin\\\/#author\"},\"image\":{\"@type\":\"ImageObject\",\"url\":947931,\"@id\":\"https:\\\/\\\/www.eldigitaldeasturias.com\\\/noticias\\\/presentado-el-anuario-de-la-red-de-espacios-naturales-protegidos-de-andalucia\\\/#mainImage\"},\"primaryImageOfPage\":{\"@id\":\"https:\\\/\\\/www.eldigitaldeasturias.com\\\/noticias\\\/presentado-el-anuario-de-la-red-de-espacios-naturales-protegidos-de-andalucia\\\/#mainImage\"},\"datePublished\":\"2017-07-29T05:31:35+02:00\",\"dateModified\":\"2017-07-29T05:31:35+02:00\"},{\"@type\":\"WebSite\",\"@id\":\"https:\\\/\\\/www.eldigitaldeasturias.com\\\/noticias\\\/#website\",\"url\":\"https:\\\/\\\/www.eldigitaldeasturias.com\\\/noticias\\\/\",\"name\":\"El Digital de Asturias - Diario de actualidad y noticias\",\"alternateName\":\"El Digital de Asturias - Diario de actualidad y noticias\",\"description\":\"Hemeroteca\",\"inLanguage\":\"es-ES\",\"publisher\":{\"@id\":\"https:\\\/\\\/www.eldigitaldeasturias.com\\\/noticias\\\/#organization\"}}]}\n\t\t<\/script>\n\t\t<!-- All in One SEO Pro -->\r\n\t\t<title>Presentado el anuario de la Red de Espacios Naturales Protegidos de Andaluc\u00eda - El Digital de Asturias<\/title>\n\n","aioseo_head_json":{"title":"Presentado el anuario de la Red de Espacios Naturales Protegidos de Andaluc\u00eda - El Digital de Asturias","description":"El consejero de Medio Ambiente y Ordenaci\u00f3n del Territorio, Jos\u00e9 Fiscal, ha presentado en Huelva el anuario de la Red de Espacios Naturales Protegidos de Andaluc\u00eda. El documento, que se edita por primera vez, da a conocer el trabajo realizado en todos los espacios, examina la evoluci\u00f3n de la red y eval\u00faa la calidad de","canonical_url":"https:\/\/www.eldigitaldeasturias.com\/noticias\/presentado-el-anuario-de-la-red-de-espacios-naturales-protegidos-de-andalucia\/","robots":"max-image-preview:large","keywords":"actualidad","webmasterTools":{"google-site-verification":"UA-38556648-1","msvalidate.01":"7dfe9f3f1b24437ab69f4f2559babe99","miscellaneous":""},"schema":{"@context":"https:\/\/schema.org","@graph":[{"@type":"BlogPosting","@id":"https:\/\/www.eldigitaldeasturias.com\/noticias\/presentado-el-anuario-de-la-red-de-espacios-naturales-protegidos-de-andalucia\/#blogposting","name":"Presentado el anuario de la Red de Espacios Naturales Protegidos de Andaluc\u00eda - El Digital de Asturias","headline":"Presentado el anuario de la Red de Espacios Naturales Protegidos de Andaluc\u00eda","author":{"@id":"https:\/\/www.eldigitaldeasturias.com\/noticias\/author\/admin\/#author"},"publisher":{"@id":"https:\/\/www.eldigitaldeasturias.com\/noticias\/#organization"},"image":{"@type":"ImageObject","url":947931},"datePublished":"2017-07-29T05:31:35+02:00","dateModified":"2017-07-29T05:31:35+02:00","inLanguage":"es-ES","mainEntityOfPage":{"@id":"https:\/\/www.eldigitaldeasturias.com\/noticias\/presentado-el-anuario-de-la-red-de-espacios-naturales-protegidos-de-andalucia\/#webpage"},"isPartOf":{"@id":"https:\/\/www.eldigitaldeasturias.com\/noticias\/presentado-el-anuario-de-la-red-de-espacios-naturales-protegidos-de-andalucia\/#webpage"},"articleSection":"Actualidad"},{"@type":"BreadcrumbList","@id":"https:\/\/www.eldigitaldeasturias.com\/noticias\/presentado-el-anuario-de-la-red-de-espacios-naturales-protegidos-de-andalucia\/#breadcrumblist","itemListElement":[{"@type":"ListItem","@id":"https:\/\/www.eldigitaldeasturias.com\/noticias#listItem","position":1,"name":"Home","item":"https:\/\/www.eldigitaldeasturias.com\/noticias","nextItem":{"@type":"ListItem","@id":"https:\/\/www.eldigitaldeasturias.com\/noticias\/category\/actualidad\/#listItem","name":"Actualidad"}},{"@type":"ListItem","@id":"https:\/\/www.eldigitaldeasturias.com\/noticias\/category\/actualidad\/#listItem","position":2,"name":"Actualidad","item":"https:\/\/www.eldigitaldeasturias.com\/noticias\/category\/actualidad\/","nextItem":{"@type":"ListItem","@id":"https:\/\/www.eldigitaldeasturias.com\/noticias\/presentado-el-anuario-de-la-red-de-espacios-naturales-protegidos-de-andalucia\/#listItem","name":"Presentado el anuario de la Red de Espacios Naturales Protegidos de Andaluc\u00eda"},"previousItem":{"@type":"ListItem","@id":"https:\/\/www.eldigitaldeasturias.com\/noticias#listItem","name":"Home"}},{"@type":"ListItem","@id":"https:\/\/www.eldigitaldeasturias.com\/noticias\/presentado-el-anuario-de-la-red-de-espacios-naturales-protegidos-de-andalucia\/#listItem","position":3,"name":"Presentado el anuario de la Red de Espacios Naturales Protegidos de Andaluc\u00eda","previousItem":{"@type":"ListItem","@id":"https:\/\/www.eldigitaldeasturias.com\/noticias\/category\/actualidad\/#listItem","name":"Actualidad"}}]},{"@type":"Organization","@id":"https:\/\/www.eldigitaldeasturias.com\/noticias\/#organization","name":"El Digital de Asturias","description":"Hemeroteca","url":"https:\/\/www.eldigitaldeasturias.com\/noticias\/","email":"info@eldigitaldeasturias.com","telephone":"+34652131393","logo":{"@type":"ImageObject","url":"https:\/\/www.eldigitaldeasturias.com\/noticias\/wp-content\/uploads\/2020\/12\/EDA.jpg","@id":"https:\/\/www.eldigitaldeasturias.com\/noticias\/presentado-el-anuario-de-la-red-de-espacios-naturales-protegidos-de-andalucia\/#organizationLogo"},"image":{"@id":"https:\/\/www.eldigitaldeasturias.com\/noticias\/presentado-el-anuario-de-la-red-de-espacios-naturales-protegidos-de-andalucia\/#organizationLogo"},"sameAs":["https:\/\/facebook.com\/eldigitaldeasturias","https:\/\/www.youtube.com\/channel\/UCZP-2wLEB9Rv6erhFmqVnvg"],"address":{"@id":"https:\/\/www.eldigitaldeasturias.com\/noticias\/#postaladdress","@type":"PostalAddress","streetAddress":"san antonio 4","postalCode":"33430","addressLocality":"Cand\u00e1s","addressRegion":"Asturias","addressCountry":"ES"}},{"@type":"Person","@id":"https:\/\/www.eldigitaldeasturias.com\/noticias\/author\/admin\/#author","url":"https:\/\/www.eldigitaldeasturias.com\/noticias\/author\/admin\/","name":"El Digital de Asturias","image":{"@type":"ImageObject","@id":"https:\/\/www.eldigitaldeasturias.com\/noticias\/presentado-el-anuario-de-la-red-de-espacios-naturales-protegidos-de-andalucia\/#authorImage","url":"https:\/\/secure.gravatar.com\/avatar\/df2aeffc32bcd13f8d26072ef8a91b623d677766deac7f97ca815868cd41bf5e?s=96&d=mm&r=g","width":96,"height":96,"caption":"El Digital de Asturias"}},{"@type":"WebPage","@id":"https:\/\/www.eldigitaldeasturias.com\/noticias\/presentado-el-anuario-de-la-red-de-espacios-naturales-protegidos-de-andalucia\/#webpage","url":"https:\/\/www.eldigitaldeasturias.com\/noticias\/presentado-el-anuario-de-la-red-de-espacios-naturales-protegidos-de-andalucia\/","name":"Presentado el anuario de la Red de Espacios Naturales Protegidos de Andaluc\u00eda - El Digital de Asturias","description":"El consejero de Medio Ambiente y Ordenaci\u00f3n del Territorio, Jos\u00e9 Fiscal, ha presentado en Huelva el anuario de la Red de Espacios Naturales Protegidos de Andaluc\u00eda. El documento, que se edita por primera vez, da a conocer el trabajo realizado en todos los espacios, examina la evoluci\u00f3n de la red y eval\u00faa la calidad de","inLanguage":"es-ES","isPartOf":{"@id":"https:\/\/www.eldigitaldeasturias.com\/noticias\/#website"},"breadcrumb":{"@id":"https:\/\/www.eldigitaldeasturias.com\/noticias\/presentado-el-anuario-de-la-red-de-espacios-naturales-protegidos-de-andalucia\/#breadcrumblist"},"author":{"@id":"https:\/\/www.eldigitaldeasturias.com\/noticias\/author\/admin\/#author"},"creator":{"@id":"https:\/\/www.eldigitaldeasturias.com\/noticias\/author\/admin\/#author"},"image":{"@type":"ImageObject","url":947931,"@id":"https:\/\/www.eldigitaldeasturias.com\/noticias\/presentado-el-anuario-de-la-red-de-espacios-naturales-protegidos-de-andalucia\/#mainImage"},"primaryImageOfPage":{"@id":"https:\/\/www.eldigitaldeasturias.com\/noticias\/presentado-el-anuario-de-la-red-de-espacios-naturales-protegidos-de-andalucia\/#mainImage"},"datePublished":"2017-07-29T05:31:35+02:00","dateModified":"2017-07-29T05:31:35+02:00"},{"@type":"WebSite","@id":"https:\/\/www.eldigitaldeasturias.com\/noticias\/#website","url":"https:\/\/www.eldigitaldeasturias.com\/noticias\/","name":"El Digital de Asturias - Diario de actualidad y noticias","alternateName":"El Digital de Asturias - Diario de actualidad y noticias","description":"Hemeroteca","inLanguage":"es-ES","publisher":{"@id":"https:\/\/www.eldigitaldeasturias.com\/noticias\/#organization"}}]},"og:locale":"es_ES","og:site_name":"El Digital de Asturias","og:type":"article","og:title":"Presentado el anuario de la Red de Espacios Naturales Protegidos de Andaluc\u00eda - El Digital de Asturias","og:description":"El consejero de Medio Ambiente y Ordenaci\u00f3n del Territorio, Jos\u00e9 Fiscal, ha presentado en Huelva el anuario de la Red de Espacios Naturales Protegidos de Andaluc\u00eda. El documento, que se edita por primera vez, da a conocer el trabajo realizado en todos los espacios, examina la evoluci\u00f3n de la red y eval\u00faa la calidad de","og:url":"https:\/\/www.eldigitaldeasturias.com\/noticias\/presentado-el-anuario-de-la-red-de-espacios-naturales-protegidos-de-andalucia\/","article:tag":["actualidad"],"article:published_time":"2017-07-29T05:31:35+00:00","article:modified_time":"2017-07-29T05:31:35+00:00","article:publisher":"https:\/\/facebook.com\/eldigitaldeasturias","twitter:card":"summary_large_image","twitter:title":"Presentado el anuario de la Red de Espacios Naturales Protegidos de Andaluc\u00eda - El Digital de Asturias","twitter:description":"El consejero de Medio Ambiente y Ordenaci\u00f3n del Territorio, Jos\u00e9 Fiscal, ha presentado en Huelva el anuario de la Red de Espacios Naturales Protegidos de Andaluc\u00eda. El documento, que se edita por primera vez, da a conocer el trabajo realizado en todos los espacios, examina la evoluci\u00f3n de la red y eval\u00faa la calidad de","twitter:image":"https:\/\/www.eldigitaldeasturias.com\/noticias\/wp-content\/uploads\/2020\/12\/EDA-1.jpg","twitter:label1":"Escrito por","twitter:data1":"El Digital de Asturias","twitter:label2":"Tiempo de lectura estimado","twitter:data2":"3 minutos"},"aioseo_meta_data":{"post_id":"947930","title":null,"description":null,"keywords":null,"keyphrases":null,"primary_term":null,"canonical_url":null,"og_title":null,"og_description":null,"og_object_type":"default","og_image_type":"default","og_image_url":null,"og_image_width":null,"og_image_height":null,"og_image_custom_url":null,"og_image_custom_fields":null,"og_video":null,"og_custom_url":null,"og_article_section":null,"og_article_tags":null,"twitter_use_og":false,"twitter_card":"default","twitter_image_type":"default","twitter_image_url":null,"twitter_image_custom_url":null,"twitter_image_custom_fields":null,"twitter_title":null,"twitter_description":null,"schema":{"blockGraphs":[],"customGraphs":[],"default":{"data":{"Article":[],"Course":[],"Dataset":[],"FAQPage":[],"Movie":[],"Person":[],"Product":[],"ProductReview":[],"Car":[],"Recipe":[],"Service":[],"SoftwareApplication":[],"WebPage":[]},"graphName":"","isEnabled":true},"graphs":[],"defaultGraph":"","defaultPostTypeGraph":""},"schema_type":null,"schema_type_options":null,"pillar_content":false,"robots_default":true,"robots_noindex":false,"robots_noarchive":false,"robots_nosnippet":false,"robots_nofollow":false,"robots_noimageindex":false,"robots_noodp":false,"robots_notranslate":false,"robots_max_snippet":null,"robots_max_videopreview":null,"robots_max_imagepreview":"large","priority":null,"frequency":null,"local_seo":null,"seo_analyzer_scan_date":"2025-12-05 06:52:38","breadcrumb_settings":null,"limit_modified_date":false,"open_ai":null,"ai":null,"created":"2020-12-21 13:06:36","updated":"2025-12-05 06:52:38","focus_keyword":null,"additional_keywords":null,"truseo_locale":null},"aioseo_breadcrumb":"<div class=\"aioseo-breadcrumbs\"><span class=\"aioseo-breadcrumb\">\n\t<a href=\"https:\/\/www.eldigitaldeasturias.com\/noticias\" title=\"Home\">Home<\/a>\n<\/span><span class=\"aioseo-breadcrumb-separator\">\u2013<\/span><span class=\"aioseo-breadcrumb\">\n\t<a href=\"https:\/\/www.eldigitaldeasturias.com\/noticias\/category\/actualidad\/\" title=\"Actualidad\">Actualidad<\/a>\n<\/span><span class=\"aioseo-breadcrumb-separator\">\u2013<\/span><span class=\"aioseo-breadcrumb\">\n\t<a href=\"https:\/\/www.eldigitaldeasturias.com\/noticias\/presentado-el-anuario-de-la-red-de-espacios-naturales-protegidos-de-andalucia\/\" title=\"Presentado el anuario de la Red de Espacios Naturales Protegidos de Andaluc\u00eda\">Presentado el anuario de la Red de Espacios Naturales Protegidos de Andaluc\u00eda<\/a>\n<\/span><\/div>","aioseo_breadcrumb_json":[{"label":"Home","link":"https:\/\/www.eldigitaldeasturias.com\/noticias"},{"label":"Actualidad","link":"https:\/\/www.eldigitaldeasturias.com\/noticias\/category\/actualidad\/"},{"label":"Presentado el anuario de la Red de Espacios Naturales Protegidos de Andaluc\u00eda","link":"https:\/\/www.eldigitaldeasturias.com\/noticias\/presentado-el-anuario-de-la-red-de-espacios-naturales-protegidos-de-andalucia\/"}],"_links":{"self":[{"href":"https:\/\/www.eldigitaldeasturias.com\/noticias\/wp-json\/wp\/v2\/posts\/947930","targetHints":{"allow":["GET"]}}],"collection":[{"href":"https:\/\/www.eldigitaldeasturias.com\/noticias\/wp-json\/wp\/v2\/posts"}],"about":[{"href":"https:\/\/www.eldigitaldeasturias.com\/noticias\/wp-json\/wp\/v2\/types\/post"}],"author":[{"embeddable":true,"href":"https:\/\/www.eldigitaldeasturias.com\/noticias\/wp-json\/wp\/v2\/users\/1"}],"replies":[{"embeddable":true,"href":"https:\/\/www.eldigitaldeasturias.com\/noticias\/wp-json\/wp\/v2\/comments?post=947930"}],"version-history":[{"count":0,"href":"https:\/\/www.eldigitaldeasturias.com\/noticias\/wp-json\/wp\/v2\/posts\/947930\/revisions"}],"wp:attachment":[{"href":"https:\/\/www.eldigitaldeasturias.com\/noticias\/wp-json\/wp\/v2\/media?parent=947930"}],"wp:term":[{"taxonomy":"category","embeddable":true,"href":"https:\/\/www.eldigitaldeasturias.com\/noticias\/wp-json\/wp\/v2\/categories?post=947930"},{"taxonomy":"post_tag","embeddable":true,"href":"https:\/\/www.eldigitaldeasturias.com\/noticias\/wp-json\/wp\/v2\/tags?post=947930"}],"curies":[{"name":"wp","href":"https:\/\/api.w.org\/{rel}","templated":true}]}}