{"id":947928,"date":"2017-07-29T05:29:00","date_gmt":"2017-07-29T05:29:00","guid":{"rendered":"http:\/\/www.eldigitaldeasturias.com\/noticias\/?p=947928"},"modified":"2017-07-29T05:29:00","modified_gmt":"2017-07-29T05:29:00","slug":"el-nuevo-edificio-de-la-escuela-de-ingenieria-de-huelva-entra-en-la-fase-final-de-adecuacion","status":"publish","type":"post","link":"https:\/\/www.eldigitaldeasturias.com\/noticias\/el-nuevo-edificio-de-la-escuela-de-ingenieria-de-huelva-entra-en-la-fase-final-de-adecuacion\/","title":{"rendered":"El nuevo edificio de la Escuela de Ingenier\u00eda de Huelva entra en la fase final de adecuaci\u00f3n"},"content":{"rendered":"<p>Los consejeros de Econom\u00eda y Conocimiento, Antonio Ram\u00edrez de Arellano, y de Medio Ambiente y Ordenaci\u00f3n del Territorio, Jos\u00e9 Fiscal, han destacado el compromiso del Gobierno andaluz con la Universidad de Huelva (UHU) durante su visita a las instalaciones de la nueva sede de la Escuela T\u00e9cnica Superior de Ingenier\u00eda (ETSI) en el campus de El Carmen, que se espera est\u00e9 operativa \u00abcuanto antes\u00bb.<\/p>\n<p>La nueva rectora de la Onubense, Mar\u00eda Antonia Pe\u00f1a, y miembros de su equipo de gobierno han acompa\u00f1ado a los consejeros durante su visita al edificio de la ETSI, que se encuentra en la fase de adecuaci\u00f3n de los despachos, a la que seguir\u00e1 el equipamiento de los laboratorios donde se impartir\u00e1 la docencia.<\/p>\n<p>Ram\u00edrez de Arellano ha valorado la necesidad de que la ETSI, uno de los centros matrices que conformaron la Universidad de Huelva hace 25 a\u00f1os, est\u00e9 dotada de unas \u00abinfraestructuras que cumplan las expectativas de un centro maduro\u00bb. En este sentido, ha a\u00f1adido, la Junta de Andaluc\u00eda \u00abestar\u00e1 cerca de las necesidades\u00bb de la Onubense y ayudar\u00e1 para que los estudios de ingenier\u00eda se trasladen desde La R\u00e1bida y permitan que El Carmen sea \u00abun campus completo\u00bb.<\/p>\n<p>La sede de la ETSI lo conforma un edificio de 15.500 metros cuadrados distribuidos en cinco plantas, con capacidad para acoger a m\u00e1s de 2.000 personas. Su estructura la forma un volumen en forma de U que se abre en su interior para un espacio ajardinado, separando los espacios de docencia de los despachos, que quedan conectados mediante pasarelas. Para su construcci\u00f3n, la Junta de Andaluc\u00eda concedi\u00f3 una ayuda de 15,5 millones de euros, adem\u00e1s de los recursos asignados a la UHU para inversiones con la que se atienden cuestiones como el equipamiento y que en 2017 supera los 3 millones de euros.<\/p>\n<p>El consejero de Econom\u00eda y Conocimiento ha querido reconocer la importancia de la Universidad de Huelva para la provincia, una instituci\u00f3n consolidada que ofrece formaci\u00f3n a m\u00e1s de 10.000 estudiantes, que ya se pueden matricular con la bonificaci\u00f3n del 99% sobre cr\u00e9ditos aprobados en primera matr\u00edcula. Sobre ello, ha se\u00f1alado, es \u00abuna enorme satisfacci\u00f3n ver ya reflejado en los documentos de matriculaci\u00f3n el impacto de esta medida que, como era de esperar, se ha puesto en marcha de manera inmediata\u00bb.<\/p>\n<p>Por otro lado, Ram\u00edrez de Arellano ha subrayado el gran valor que tienen para las empresas la cercan\u00eda que mantienen con una instituci\u00f3n que \u00abest\u00e1 llamada a dar respuesta a cuestiones importantes para Huelva\u00bb, como los retos de la industria qu\u00edmica o la recuperaci\u00f3n del entorno de Do\u00f1ana tras el incendio sufrido hace escasos d\u00edas.<\/p>\n<p>Por su parte, Jos\u00e9 Fiscal ha querido agradecer a la UHU su \u00abimplicaci\u00f3n total\u00bb con la provincia, y como est\u00e1 contribuyendo desde el conocimiento a la creciente conciencia ambiental que mantiene la sociedad. Adem\u00e1s, el consejero de Medio Ambiente y Ordenaci\u00f3n del Territorio ha puesto de manifiesto la relaci\u00f3n fluida que mantiene su departamento con la Onubense en cuestiones como calidad del aire o contaminaci\u00f3n.<\/p>\n","protected":false},"excerpt":{"rendered":"<p>Los consejeros de Econom\u00eda y Conocimiento, Antonio Ram\u00edrez de Arellano, y de Medio Ambiente y Ordenaci\u00f3n del Territorio, Jos\u00e9 Fiscal, han destacado el compromiso del Gobierno andaluz con la Universidad de Huelva (UHU) durante su visita a las instalaciones de la nueva sede de la Escuela T\u00e9cnica Superior de Ingenier\u00eda (ETSI) en el campus de [&hellip;]<\/p>\n","protected":false},"author":1,"featured_media":1132184,"comment_status":"closed","ping_status":"closed","sticky":false,"template":"","format":"standard","meta":{"footnotes":""},"categories":[1],"tags":[],"class_list":["post-947928","post","type-post","status-publish","format-standard","has-post-thumbnail","hentry","category-actualidad"],"aioseo_notices":[],"aioseo_head":"\n\t\t<!-- All in One SEO Pro 5.0.1 - aioseo.com -->\n\t<meta name=\"description\" content=\"Los consejeros de Econom\u00eda y Conocimiento, Antonio Ram\u00edrez de Arellano, y de Medio Ambiente y Ordenaci\u00f3n del Territorio, Jos\u00e9 Fiscal, han destacado el compromiso del Gobierno andaluz con la Universidad de Huelva (UHU) durante su visita a las instalaciones de la nueva sede de la Escuela T\u00e9cnica Superior de Ingenier\u00eda (ETSI) en el campus de\" \/>\n\t<meta name=\"robots\" content=\"max-image-preview:large\" \/>\n\t<meta name=\"author\" content=\"El Digital de Asturias\"\/>\n\t<meta name=\"google-site-verification\" content=\"UA-38556648-1\" \/>\n\t<meta name=\"msvalidate.01\" content=\"7dfe9f3f1b24437ab69f4f2559babe99\" \/>\n\t<meta name=\"keywords\" content=\"actualidad\" \/>\n\t<link rel=\"canonical\" href=\"https:\/\/www.eldigitaldeasturias.com\/noticias\/el-nuevo-edificio-de-la-escuela-de-ingenieria-de-huelva-entra-en-la-fase-final-de-adecuacion\/\" \/>\n\t<meta name=\"generator\" content=\"All in One SEO Pro (AIOSEO) 5.0.1\" \/>\n\t\t<meta property=\"og:locale\" content=\"es_ES\" \/>\n\t\t<meta property=\"og:site_name\" content=\"El Digital de Asturias\" \/>\n\t\t<meta property=\"og:type\" content=\"article\" \/>\n\t\t<meta property=\"og:title\" content=\"El nuevo edificio de la Escuela de Ingenier\u00eda de Huelva entra en la fase final de adecuaci\u00f3n - El Digital de Asturias\" \/>\n\t\t<meta property=\"og:description\" content=\"Los consejeros de Econom\u00eda y Conocimiento, Antonio Ram\u00edrez de Arellano, y de Medio Ambiente y Ordenaci\u00f3n del Territorio, Jos\u00e9 Fiscal, han destacado el compromiso del Gobierno andaluz con la Universidad de Huelva (UHU) durante su visita a las instalaciones de la nueva sede de la Escuela T\u00e9cnica Superior de Ingenier\u00eda (ETSI) en el campus de\" \/>\n\t\t<meta property=\"og:url\" content=\"https:\/\/www.eldigitaldeasturias.com\/noticias\/el-nuevo-edificio-de-la-escuela-de-ingenieria-de-huelva-entra-en-la-fase-final-de-adecuacion\/\" \/>\n\t\t<meta property=\"og:image\" content=\"https:\/\/www.eldigitaldeasturias.com\/noticias\/wp-content\/uploads\/2026\/06\/Contenidos.jpg\" \/>\n\t\t<meta property=\"og:image:secure_url\" content=\"https:\/\/www.eldigitaldeasturias.com\/noticias\/wp-content\/uploads\/2026\/06\/Contenidos.jpg\" \/>\n\t\t<meta property=\"og:image:width\" content=\"1265\" \/>\n\t\t<meta property=\"og:image:height\" content=\"697\" \/>\n\t\t<meta property=\"article:tag\" content=\"actualidad\" \/>\n\t\t<meta property=\"article:published_time\" content=\"2017-07-29T05:29:00+00:00\" \/>\n\t\t<meta property=\"article:modified_time\" content=\"2017-07-29T05:29:00+00:00\" \/>\n\t\t<meta property=\"article:publisher\" content=\"https:\/\/facebook.com\/eldigitaldeasturias\" \/>\n\t\t<meta name=\"twitter:card\" content=\"summary_large_image\" \/>\n\t\t<meta name=\"twitter:title\" content=\"El nuevo edificio de la Escuela de Ingenier\u00eda de Huelva entra en la fase final de adecuaci\u00f3n - El Digital de Asturias\" \/>\n\t\t<meta name=\"twitter:description\" content=\"Los consejeros de Econom\u00eda y Conocimiento, Antonio Ram\u00edrez de Arellano, y de Medio Ambiente y Ordenaci\u00f3n del Territorio, Jos\u00e9 Fiscal, han destacado el compromiso del Gobierno andaluz con la Universidad de Huelva (UHU) durante su visita a las instalaciones de la nueva sede de la Escuela T\u00e9cnica Superior de Ingenier\u00eda (ETSI) en el campus de\" \/>\n\t\t<meta name=\"twitter:image\" content=\"https:\/\/www.eldigitaldeasturias.com\/noticias\/wp-content\/uploads\/2026\/06\/Contenidos.jpg\" \/>\n\t\t<meta name=\"twitter:label1\" content=\"Escrito por\" \/>\n\t\t<meta name=\"twitter:data1\" content=\"El Digital de Asturias\" \/>\n\t\t<meta name=\"twitter:label2\" content=\"Tiempo de lectura estimado\" \/>\n\t\t<meta name=\"twitter:data2\" content=\"3 minutos\" \/>\n\t\t<script type=\"application\/ld+json\" class=\"aioseo-schema\">\n\t\t\t{\"@context\":\"https:\\\/\\\/schema.org\",\"@graph\":[{\"@type\":\"BlogPosting\",\"@id\":\"https:\\\/\\\/www.eldigitaldeasturias.com\\\/noticias\\\/el-nuevo-edificio-de-la-escuela-de-ingenieria-de-huelva-entra-en-la-fase-final-de-adecuacion\\\/#blogposting\",\"name\":\"El nuevo edificio de la Escuela de Ingenier\\u00eda de Huelva entra en la fase final de adecuaci\\u00f3n - El Digital de Asturias\",\"headline\":\"El nuevo edificio de la Escuela de Ingenier\\u00eda de Huelva entra en la fase final de adecuaci\\u00f3n\",\"author\":{\"@id\":\"https:\\\/\\\/www.eldigitaldeasturias.com\\\/noticias\\\/author\\\/admin\\\/#author\"},\"publisher\":{\"@id\":\"https:\\\/\\\/www.eldigitaldeasturias.com\\\/noticias\\\/#organization\"},\"image\":{\"@type\":\"ImageObject\",\"url\":\"https:\\\/\\\/www.eldigitaldeasturias.com\\\/noticias\\\/wp-content\\\/uploads\\\/2026\\\/06\\\/Contenidos.jpg\",\"width\":1265,\"height\":697,\"caption\":\"Contenidos\"},\"datePublished\":\"2017-07-29T05:29:00+02:00\",\"dateModified\":\"2017-07-29T05:29:00+02:00\",\"inLanguage\":\"es-ES\",\"mainEntityOfPage\":{\"@id\":\"https:\\\/\\\/www.eldigitaldeasturias.com\\\/noticias\\\/el-nuevo-edificio-de-la-escuela-de-ingenieria-de-huelva-entra-en-la-fase-final-de-adecuacion\\\/#webpage\"},\"isPartOf\":{\"@id\":\"https:\\\/\\\/www.eldigitaldeasturias.com\\\/noticias\\\/el-nuevo-edificio-de-la-escuela-de-ingenieria-de-huelva-entra-en-la-fase-final-de-adecuacion\\\/#webpage\"},\"articleSection\":\"Actualidad\"},{\"@type\":\"BreadcrumbList\",\"@id\":\"https:\\\/\\\/www.eldigitaldeasturias.com\\\/noticias\\\/el-nuevo-edificio-de-la-escuela-de-ingenieria-de-huelva-entra-en-la-fase-final-de-adecuacion\\\/#breadcrumblist\",\"itemListElement\":[{\"@type\":\"ListItem\",\"@id\":\"https:\\\/\\\/www.eldigitaldeasturias.com\\\/noticias#listItem\",\"position\":1,\"name\":\"Home\",\"item\":\"https:\\\/\\\/www.eldigitaldeasturias.com\\\/noticias\",\"nextItem\":{\"@type\":\"ListItem\",\"@id\":\"https:\\\/\\\/www.eldigitaldeasturias.com\\\/noticias\\\/category\\\/actualidad\\\/#listItem\",\"name\":\"Actualidad\"}},{\"@type\":\"ListItem\",\"@id\":\"https:\\\/\\\/www.eldigitaldeasturias.com\\\/noticias\\\/category\\\/actualidad\\\/#listItem\",\"position\":2,\"name\":\"Actualidad\",\"item\":\"https:\\\/\\\/www.eldigitaldeasturias.com\\\/noticias\\\/category\\\/actualidad\\\/\",\"nextItem\":{\"@type\":\"ListItem\",\"@id\":\"https:\\\/\\\/www.eldigitaldeasturias.com\\\/noticias\\\/el-nuevo-edificio-de-la-escuela-de-ingenieria-de-huelva-entra-en-la-fase-final-de-adecuacion\\\/#listItem\",\"name\":\"El nuevo edificio de la Escuela de Ingenier\\u00eda de Huelva entra en la fase final de adecuaci\\u00f3n\"},\"previousItem\":{\"@type\":\"ListItem\",\"@id\":\"https:\\\/\\\/www.eldigitaldeasturias.com\\\/noticias#listItem\",\"name\":\"Home\"}},{\"@type\":\"ListItem\",\"@id\":\"https:\\\/\\\/www.eldigitaldeasturias.com\\\/noticias\\\/el-nuevo-edificio-de-la-escuela-de-ingenieria-de-huelva-entra-en-la-fase-final-de-adecuacion\\\/#listItem\",\"position\":3,\"name\":\"El nuevo edificio de la Escuela de Ingenier\\u00eda de Huelva entra en la fase final de adecuaci\\u00f3n\",\"previousItem\":{\"@type\":\"ListItem\",\"@id\":\"https:\\\/\\\/www.eldigitaldeasturias.com\\\/noticias\\\/category\\\/actualidad\\\/#listItem\",\"name\":\"Actualidad\"}}]},{\"@type\":\"Organization\",\"@id\":\"https:\\\/\\\/www.eldigitaldeasturias.com\\\/noticias\\\/#organization\",\"name\":\"El Digital de Asturias\",\"description\":\"Hemeroteca\",\"url\":\"https:\\\/\\\/www.eldigitaldeasturias.com\\\/noticias\\\/\",\"email\":\"info@eldigitaldeasturias.com\",\"telephone\":\"+34652131393\",\"logo\":{\"@type\":\"ImageObject\",\"url\":\"https:\\\/\\\/www.eldigitaldeasturias.com\\\/noticias\\\/wp-content\\\/uploads\\\/2020\\\/12\\\/EDA.jpg\",\"@id\":\"https:\\\/\\\/www.eldigitaldeasturias.com\\\/noticias\\\/el-nuevo-edificio-de-la-escuela-de-ingenieria-de-huelva-entra-en-la-fase-final-de-adecuacion\\\/#organizationLogo\"},\"image\":{\"@id\":\"https:\\\/\\\/www.eldigitaldeasturias.com\\\/noticias\\\/el-nuevo-edificio-de-la-escuela-de-ingenieria-de-huelva-entra-en-la-fase-final-de-adecuacion\\\/#organizationLogo\"},\"sameAs\":[\"https:\\\/\\\/facebook.com\\\/eldigitaldeasturias\",\"https:\\\/\\\/www.youtube.com\\\/channel\\\/UCZP-2wLEB9Rv6erhFmqVnvg\"],\"address\":{\"@id\":\"https:\\\/\\\/www.eldigitaldeasturias.com\\\/noticias\\\/#postaladdress\",\"@type\":\"PostalAddress\",\"streetAddress\":\"san antonio 4\",\"postalCode\":\"33430\",\"addressLocality\":\"Cand\\u00e1s\",\"addressRegion\":\"Asturias\",\"addressCountry\":\"ES\"}},{\"@type\":\"Person\",\"@id\":\"https:\\\/\\\/www.eldigitaldeasturias.com\\\/noticias\\\/author\\\/admin\\\/#author\",\"url\":\"https:\\\/\\\/www.eldigitaldeasturias.com\\\/noticias\\\/author\\\/admin\\\/\",\"name\":\"El Digital de Asturias\",\"image\":{\"@type\":\"ImageObject\",\"@id\":\"https:\\\/\\\/www.eldigitaldeasturias.com\\\/noticias\\\/el-nuevo-edificio-de-la-escuela-de-ingenieria-de-huelva-entra-en-la-fase-final-de-adecuacion\\\/#authorImage\",\"url\":\"https:\\\/\\\/secure.gravatar.com\\\/avatar\\\/df2aeffc32bcd13f8d26072ef8a91b623d677766deac7f97ca815868cd41bf5e?s=96&d=mm&r=g\",\"width\":96,\"height\":96,\"caption\":\"El Digital de Asturias\"}},{\"@type\":\"WebPage\",\"@id\":\"https:\\\/\\\/www.eldigitaldeasturias.com\\\/noticias\\\/el-nuevo-edificio-de-la-escuela-de-ingenieria-de-huelva-entra-en-la-fase-final-de-adecuacion\\\/#webpage\",\"url\":\"https:\\\/\\\/www.eldigitaldeasturias.com\\\/noticias\\\/el-nuevo-edificio-de-la-escuela-de-ingenieria-de-huelva-entra-en-la-fase-final-de-adecuacion\\\/\",\"name\":\"El nuevo edificio de la Escuela de Ingenier\\u00eda de Huelva entra en la fase final de adecuaci\\u00f3n - El Digital de Asturias\",\"description\":\"Los consejeros de Econom\\u00eda y Conocimiento, Antonio Ram\\u00edrez de Arellano, y de Medio Ambiente y Ordenaci\\u00f3n del Territorio, Jos\\u00e9 Fiscal, han destacado el compromiso del Gobierno andaluz con la Universidad de Huelva (UHU) durante su visita a las instalaciones de la nueva sede de la Escuela T\\u00e9cnica Superior de Ingenier\\u00eda (ETSI) en el campus de\",\"inLanguage\":\"es-ES\",\"isPartOf\":{\"@id\":\"https:\\\/\\\/www.eldigitaldeasturias.com\\\/noticias\\\/#website\"},\"breadcrumb\":{\"@id\":\"https:\\\/\\\/www.eldigitaldeasturias.com\\\/noticias\\\/el-nuevo-edificio-de-la-escuela-de-ingenieria-de-huelva-entra-en-la-fase-final-de-adecuacion\\\/#breadcrumblist\"},\"author\":{\"@id\":\"https:\\\/\\\/www.eldigitaldeasturias.com\\\/noticias\\\/author\\\/admin\\\/#author\"},\"creator\":{\"@id\":\"https:\\\/\\\/www.eldigitaldeasturias.com\\\/noticias\\\/author\\\/admin\\\/#author\"},\"image\":{\"@type\":\"ImageObject\",\"url\":\"https:\\\/\\\/www.eldigitaldeasturias.com\\\/noticias\\\/wp-content\\\/uploads\\\/2026\\\/06\\\/Contenidos.jpg\",\"@id\":\"https:\\\/\\\/www.eldigitaldeasturias.com\\\/noticias\\\/el-nuevo-edificio-de-la-escuela-de-ingenieria-de-huelva-entra-en-la-fase-final-de-adecuacion\\\/#mainImage\",\"width\":1265,\"height\":697,\"caption\":\"Contenidos\"},\"primaryImageOfPage\":{\"@id\":\"https:\\\/\\\/www.eldigitaldeasturias.com\\\/noticias\\\/el-nuevo-edificio-de-la-escuela-de-ingenieria-de-huelva-entra-en-la-fase-final-de-adecuacion\\\/#mainImage\"},\"datePublished\":\"2017-07-29T05:29:00+02:00\",\"dateModified\":\"2017-07-29T05:29:00+02:00\"},{\"@type\":\"WebSite\",\"@id\":\"https:\\\/\\\/www.eldigitaldeasturias.com\\\/noticias\\\/#website\",\"url\":\"https:\\\/\\\/www.eldigitaldeasturias.com\\\/noticias\\\/\",\"name\":\"El Digital de Asturias - Diario de actualidad y noticias\",\"alternateName\":\"El Digital de Asturias - Diario de actualidad y noticias\",\"description\":\"Hemeroteca\",\"inLanguage\":\"es-ES\",\"publisher\":{\"@id\":\"https:\\\/\\\/www.eldigitaldeasturias.com\\\/noticias\\\/#organization\"}}]}\n\t\t<\/script>\n\t\t<!-- All in One SEO Pro -->\r\n\t\t<title>El nuevo edificio de la Escuela de Ingenier\u00eda de Huelva entra en la fase final de adecuaci\u00f3n - El Digital de Asturias<\/title>\n\n","aioseo_head_json":{"title":"El nuevo edificio de la Escuela de Ingenier\u00eda de Huelva entra en la fase final de adecuaci\u00f3n - El Digital de Asturias","description":"Los consejeros de Econom\u00eda y Conocimiento, Antonio Ram\u00edrez de Arellano, y de Medio Ambiente y Ordenaci\u00f3n del Territorio, Jos\u00e9 Fiscal, han destacado el compromiso del Gobierno andaluz con la Universidad de Huelva (UHU) durante su visita a las instalaciones de la nueva sede de la Escuela T\u00e9cnica Superior de Ingenier\u00eda (ETSI) en el campus de","canonical_url":"https:\/\/www.eldigitaldeasturias.com\/noticias\/el-nuevo-edificio-de-la-escuela-de-ingenieria-de-huelva-entra-en-la-fase-final-de-adecuacion\/","robots":"max-image-preview:large","keywords":"actualidad","webmasterTools":{"google-site-verification":"UA-38556648-1","msvalidate.01":"7dfe9f3f1b24437ab69f4f2559babe99","miscellaneous":""},"schema":{"@context":"https:\/\/schema.org","@graph":[{"@type":"BlogPosting","@id":"https:\/\/www.eldigitaldeasturias.com\/noticias\/el-nuevo-edificio-de-la-escuela-de-ingenieria-de-huelva-entra-en-la-fase-final-de-adecuacion\/#blogposting","name":"El nuevo edificio de la Escuela de Ingenier\u00eda de Huelva entra en la fase final de adecuaci\u00f3n - El Digital de Asturias","headline":"El nuevo edificio de la Escuela de Ingenier\u00eda de Huelva entra en la fase final de adecuaci\u00f3n","author":{"@id":"https:\/\/www.eldigitaldeasturias.com\/noticias\/author\/admin\/#author"},"publisher":{"@id":"https:\/\/www.eldigitaldeasturias.com\/noticias\/#organization"},"image":{"@type":"ImageObject","url":"https:\/\/www.eldigitaldeasturias.com\/noticias\/wp-content\/uploads\/2026\/06\/Contenidos.jpg","width":1265,"height":697,"caption":"Contenidos"},"datePublished":"2017-07-29T05:29:00+02:00","dateModified":"2017-07-29T05:29:00+02:00","inLanguage":"es-ES","mainEntityOfPage":{"@id":"https:\/\/www.eldigitaldeasturias.com\/noticias\/el-nuevo-edificio-de-la-escuela-de-ingenieria-de-huelva-entra-en-la-fase-final-de-adecuacion\/#webpage"},"isPartOf":{"@id":"https:\/\/www.eldigitaldeasturias.com\/noticias\/el-nuevo-edificio-de-la-escuela-de-ingenieria-de-huelva-entra-en-la-fase-final-de-adecuacion\/#webpage"},"articleSection":"Actualidad"},{"@type":"BreadcrumbList","@id":"https:\/\/www.eldigitaldeasturias.com\/noticias\/el-nuevo-edificio-de-la-escuela-de-ingenieria-de-huelva-entra-en-la-fase-final-de-adecuacion\/#breadcrumblist","itemListElement":[{"@type":"ListItem","@id":"https:\/\/www.eldigitaldeasturias.com\/noticias#listItem","position":1,"name":"Home","item":"https:\/\/www.eldigitaldeasturias.com\/noticias","nextItem":{"@type":"ListItem","@id":"https:\/\/www.eldigitaldeasturias.com\/noticias\/category\/actualidad\/#listItem","name":"Actualidad"}},{"@type":"ListItem","@id":"https:\/\/www.eldigitaldeasturias.com\/noticias\/category\/actualidad\/#listItem","position":2,"name":"Actualidad","item":"https:\/\/www.eldigitaldeasturias.com\/noticias\/category\/actualidad\/","nextItem":{"@type":"ListItem","@id":"https:\/\/www.eldigitaldeasturias.com\/noticias\/el-nuevo-edificio-de-la-escuela-de-ingenieria-de-huelva-entra-en-la-fase-final-de-adecuacion\/#listItem","name":"El nuevo edificio de la Escuela de Ingenier\u00eda de Huelva entra en la fase final de adecuaci\u00f3n"},"previousItem":{"@type":"ListItem","@id":"https:\/\/www.eldigitaldeasturias.com\/noticias#listItem","name":"Home"}},{"@type":"ListItem","@id":"https:\/\/www.eldigitaldeasturias.com\/noticias\/el-nuevo-edificio-de-la-escuela-de-ingenieria-de-huelva-entra-en-la-fase-final-de-adecuacion\/#listItem","position":3,"name":"El nuevo edificio de la Escuela de Ingenier\u00eda de Huelva entra en la fase final de adecuaci\u00f3n","previousItem":{"@type":"ListItem","@id":"https:\/\/www.eldigitaldeasturias.com\/noticias\/category\/actualidad\/#listItem","name":"Actualidad"}}]},{"@type":"Organization","@id":"https:\/\/www.eldigitaldeasturias.com\/noticias\/#organization","name":"El Digital de Asturias","description":"Hemeroteca","url":"https:\/\/www.eldigitaldeasturias.com\/noticias\/","email":"info@eldigitaldeasturias.com","telephone":"+34652131393","logo":{"@type":"ImageObject","url":"https:\/\/www.eldigitaldeasturias.com\/noticias\/wp-content\/uploads\/2020\/12\/EDA.jpg","@id":"https:\/\/www.eldigitaldeasturias.com\/noticias\/el-nuevo-edificio-de-la-escuela-de-ingenieria-de-huelva-entra-en-la-fase-final-de-adecuacion\/#organizationLogo"},"image":{"@id":"https:\/\/www.eldigitaldeasturias.com\/noticias\/el-nuevo-edificio-de-la-escuela-de-ingenieria-de-huelva-entra-en-la-fase-final-de-adecuacion\/#organizationLogo"},"sameAs":["https:\/\/facebook.com\/eldigitaldeasturias","https:\/\/www.youtube.com\/channel\/UCZP-2wLEB9Rv6erhFmqVnvg"],"address":{"@id":"https:\/\/www.eldigitaldeasturias.com\/noticias\/#postaladdress","@type":"PostalAddress","streetAddress":"san antonio 4","postalCode":"33430","addressLocality":"Cand\u00e1s","addressRegion":"Asturias","addressCountry":"ES"}},{"@type":"Person","@id":"https:\/\/www.eldigitaldeasturias.com\/noticias\/author\/admin\/#author","url":"https:\/\/www.eldigitaldeasturias.com\/noticias\/author\/admin\/","name":"El Digital de Asturias","image":{"@type":"ImageObject","@id":"https:\/\/www.eldigitaldeasturias.com\/noticias\/el-nuevo-edificio-de-la-escuela-de-ingenieria-de-huelva-entra-en-la-fase-final-de-adecuacion\/#authorImage","url":"https:\/\/secure.gravatar.com\/avatar\/df2aeffc32bcd13f8d26072ef8a91b623d677766deac7f97ca815868cd41bf5e?s=96&d=mm&r=g","width":96,"height":96,"caption":"El Digital de Asturias"}},{"@type":"WebPage","@id":"https:\/\/www.eldigitaldeasturias.com\/noticias\/el-nuevo-edificio-de-la-escuela-de-ingenieria-de-huelva-entra-en-la-fase-final-de-adecuacion\/#webpage","url":"https:\/\/www.eldigitaldeasturias.com\/noticias\/el-nuevo-edificio-de-la-escuela-de-ingenieria-de-huelva-entra-en-la-fase-final-de-adecuacion\/","name":"El nuevo edificio de la Escuela de Ingenier\u00eda de Huelva entra en la fase final de adecuaci\u00f3n - El Digital de Asturias","description":"Los consejeros de Econom\u00eda y Conocimiento, Antonio Ram\u00edrez de Arellano, y de Medio Ambiente y Ordenaci\u00f3n del Territorio, Jos\u00e9 Fiscal, han destacado el compromiso del Gobierno andaluz con la Universidad de Huelva (UHU) durante su visita a las instalaciones de la nueva sede de la Escuela T\u00e9cnica Superior de Ingenier\u00eda (ETSI) en el campus de","inLanguage":"es-ES","isPartOf":{"@id":"https:\/\/www.eldigitaldeasturias.com\/noticias\/#website"},"breadcrumb":{"@id":"https:\/\/www.eldigitaldeasturias.com\/noticias\/el-nuevo-edificio-de-la-escuela-de-ingenieria-de-huelva-entra-en-la-fase-final-de-adecuacion\/#breadcrumblist"},"author":{"@id":"https:\/\/www.eldigitaldeasturias.com\/noticias\/author\/admin\/#author"},"creator":{"@id":"https:\/\/www.eldigitaldeasturias.com\/noticias\/author\/admin\/#author"},"image":{"@type":"ImageObject","url":"https:\/\/www.eldigitaldeasturias.com\/noticias\/wp-content\/uploads\/2026\/06\/Contenidos.jpg","@id":"https:\/\/www.eldigitaldeasturias.com\/noticias\/el-nuevo-edificio-de-la-escuela-de-ingenieria-de-huelva-entra-en-la-fase-final-de-adecuacion\/#mainImage","width":1265,"height":697,"caption":"Contenidos"},"primaryImageOfPage":{"@id":"https:\/\/www.eldigitaldeasturias.com\/noticias\/el-nuevo-edificio-de-la-escuela-de-ingenieria-de-huelva-entra-en-la-fase-final-de-adecuacion\/#mainImage"},"datePublished":"2017-07-29T05:29:00+02:00","dateModified":"2017-07-29T05:29:00+02:00"},{"@type":"WebSite","@id":"https:\/\/www.eldigitaldeasturias.com\/noticias\/#website","url":"https:\/\/www.eldigitaldeasturias.com\/noticias\/","name":"El Digital de Asturias - Diario de actualidad y noticias","alternateName":"El Digital de Asturias - Diario de actualidad y noticias","description":"Hemeroteca","inLanguage":"es-ES","publisher":{"@id":"https:\/\/www.eldigitaldeasturias.com\/noticias\/#organization"}}]},"og:locale":"es_ES","og:site_name":"El Digital de Asturias","og:type":"article","og:title":"El nuevo edificio de la Escuela de Ingenier\u00eda de Huelva entra en la fase final de adecuaci\u00f3n - El Digital de Asturias","og:description":"Los consejeros de Econom\u00eda y Conocimiento, Antonio Ram\u00edrez de Arellano, y de Medio Ambiente y Ordenaci\u00f3n del Territorio, Jos\u00e9 Fiscal, han destacado el compromiso del Gobierno andaluz con la Universidad de Huelva (UHU) durante su visita a las instalaciones de la nueva sede de la Escuela T\u00e9cnica Superior de Ingenier\u00eda (ETSI) en el campus de","og:url":"https:\/\/www.eldigitaldeasturias.com\/noticias\/el-nuevo-edificio-de-la-escuela-de-ingenieria-de-huelva-entra-en-la-fase-final-de-adecuacion\/","og:image":"https:\/\/www.eldigitaldeasturias.com\/noticias\/wp-content\/uploads\/2026\/06\/Contenidos.jpg","og:image:secure_url":"https:\/\/www.eldigitaldeasturias.com\/noticias\/wp-content\/uploads\/2026\/06\/Contenidos.jpg","og:image:width":1265,"og:image:height":697,"article:tag":["actualidad"],"article:published_time":"2017-07-29T05:29:00+00:00","article:modified_time":"2017-07-29T05:29:00+00:00","article:publisher":"https:\/\/facebook.com\/eldigitaldeasturias","twitter:card":"summary_large_image","twitter:title":"El nuevo edificio de la Escuela de Ingenier\u00eda de Huelva entra en la fase final de adecuaci\u00f3n - El Digital de Asturias","twitter:description":"Los consejeros de Econom\u00eda y Conocimiento, Antonio Ram\u00edrez de Arellano, y de Medio Ambiente y Ordenaci\u00f3n del Territorio, Jos\u00e9 Fiscal, han destacado el compromiso del Gobierno andaluz con la Universidad de Huelva (UHU) durante su visita a las instalaciones de la nueva sede de la Escuela T\u00e9cnica Superior de Ingenier\u00eda (ETSI) en el campus de","twitter:image":"https:\/\/www.eldigitaldeasturias.com\/noticias\/wp-content\/uploads\/2026\/06\/Contenidos.jpg","twitter:label1":"Escrito por","twitter:data1":"El Digital de Asturias","twitter:label2":"Tiempo de lectura estimado","twitter:data2":"3 minutos"},"aioseo_meta_data":{"post_id":"947928","title":null,"description":null,"keywords":null,"keyphrases":null,"primary_term":null,"canonical_url":null,"og_title":null,"og_description":null,"og_object_type":"default","og_image_type":"default","og_image_url":null,"og_image_width":null,"og_image_height":null,"og_image_custom_url":null,"og_image_custom_fields":null,"og_video":null,"og_custom_url":null,"og_article_section":null,"og_article_tags":null,"twitter_use_og":false,"twitter_card":"default","twitter_image_type":"default","twitter_image_url":null,"twitter_image_custom_url":null,"twitter_image_custom_fields":null,"twitter_title":null,"twitter_description":null,"schema":{"blockGraphs":[],"customGraphs":[],"default":{"data":{"Article":[],"Course":[],"Dataset":[],"FAQPage":[],"Movie":[],"Person":[],"Product":[],"ProductReview":[],"Car":[],"Recipe":[],"Service":[],"SoftwareApplication":[],"WebPage":[]},"graphName":"","isEnabled":true},"graphs":[],"defaultGraph":"","defaultPostTypeGraph":""},"schema_type":null,"schema_type_options":null,"pillar_content":false,"robots_default":true,"robots_noindex":false,"robots_noarchive":false,"robots_nosnippet":false,"robots_nofollow":false,"robots_noimageindex":false,"robots_noodp":false,"robots_notranslate":false,"robots_max_snippet":null,"robots_max_videopreview":null,"robots_max_imagepreview":"large","priority":null,"frequency":null,"local_seo":null,"seo_analyzer_scan_date":"2025-12-05 06:52:37","breadcrumb_settings":null,"limit_modified_date":false,"open_ai":null,"ai":null,"created":"2020-12-21 13:06:36","updated":"2025-12-05 06:52:37","focus_keyword":null,"additional_keywords":null,"truseo_locale":null},"aioseo_breadcrumb":"<div class=\"aioseo-breadcrumbs\"><span class=\"aioseo-breadcrumb\">\n\t<a href=\"https:\/\/www.eldigitaldeasturias.com\/noticias\" title=\"Home\">Home<\/a>\n<\/span><span class=\"aioseo-breadcrumb-separator\">\u2013<\/span><span class=\"aioseo-breadcrumb\">\n\t<a href=\"https:\/\/www.eldigitaldeasturias.com\/noticias\/category\/actualidad\/\" title=\"Actualidad\">Actualidad<\/a>\n<\/span><span class=\"aioseo-breadcrumb-separator\">\u2013<\/span><span class=\"aioseo-breadcrumb\">\n\t<a href=\"https:\/\/www.eldigitaldeasturias.com\/noticias\/el-nuevo-edificio-de-la-escuela-de-ingenieria-de-huelva-entra-en-la-fase-final-de-adecuacion\/\" title=\"El nuevo edificio de la Escuela de Ingenier\u00eda de Huelva entra en la fase final de adecuaci\u00f3n\">El nuevo edificio de la Escuela de Ingenier\u00eda de Huelva entra en la fase final de adecuaci\u00f3n<\/a>\n<\/span><\/div>","aioseo_breadcrumb_json":[{"label":"Home","link":"https:\/\/www.eldigitaldeasturias.com\/noticias"},{"label":"Actualidad","link":"https:\/\/www.eldigitaldeasturias.com\/noticias\/category\/actualidad\/"},{"label":"El nuevo edificio de la Escuela de Ingenier\u00eda de Huelva entra en la fase final de adecuaci\u00f3n","link":"https:\/\/www.eldigitaldeasturias.com\/noticias\/el-nuevo-edificio-de-la-escuela-de-ingenieria-de-huelva-entra-en-la-fase-final-de-adecuacion\/"}],"_links":{"self":[{"href":"https:\/\/www.eldigitaldeasturias.com\/noticias\/wp-json\/wp\/v2\/posts\/947928","targetHints":{"allow":["GET"]}}],"collection":[{"href":"https:\/\/www.eldigitaldeasturias.com\/noticias\/wp-json\/wp\/v2\/posts"}],"about":[{"href":"https:\/\/www.eldigitaldeasturias.com\/noticias\/wp-json\/wp\/v2\/types\/post"}],"author":[{"embeddable":true,"href":"https:\/\/www.eldigitaldeasturias.com\/noticias\/wp-json\/wp\/v2\/users\/1"}],"replies":[{"embeddable":true,"href":"https:\/\/www.eldigitaldeasturias.com\/noticias\/wp-json\/wp\/v2\/comments?post=947928"}],"version-history":[{"count":0,"href":"https:\/\/www.eldigitaldeasturias.com\/noticias\/wp-json\/wp\/v2\/posts\/947928\/revisions"}],"wp:featuredmedia":[{"embeddable":true,"href":"https:\/\/www.eldigitaldeasturias.com\/noticias\/wp-json\/wp\/v2\/media\/1132184"}],"wp:attachment":[{"href":"https:\/\/www.eldigitaldeasturias.com\/noticias\/wp-json\/wp\/v2\/media?parent=947928"}],"wp:term":[{"taxonomy":"category","embeddable":true,"href":"https:\/\/www.eldigitaldeasturias.com\/noticias\/wp-json\/wp\/v2\/categories?post=947928"},{"taxonomy":"post_tag","embeddable":true,"href":"https:\/\/www.eldigitaldeasturias.com\/noticias\/wp-json\/wp\/v2\/tags?post=947928"}],"curies":[{"name":"wp","href":"https:\/\/api.w.org\/{rel}","templated":true}]}}