{"id":946289,"date":"2017-07-17T20:53:11","date_gmt":"2017-07-17T20:53:11","guid":{"rendered":"http:\/\/www.eldigitaldeasturias.com\/noticias\/?p=946289"},"modified":"2017-07-17T20:53:11","modified_gmt":"2017-07-17T20:53:11","slug":"la-ii-travesia-navega-el-camino-llega-a-cantabria","status":"publish","type":"post","link":"https:\/\/www.eldigitaldeasturias.com\/noticias\/la-ii-travesia-navega-el-camino-llega-a-cantabria\/","title":{"rendered":"La II Traves\u00eda \u201cNavega el Camino\u201d llega a Cantabria"},"content":{"rendered":"<p><img loading=\"lazy\" decoding=\"async\" class=\"alignleft size-medium wp-image-946290\" src=\"https:\/\/www.eldigitaldeasturias.com\/noticias\/wp-content\/uploads\/2017\/07\/regata-Camargo-360x231.jpg\" alt=\"\" width=\"360\" height=\"231\" srcset=\"https:\/\/www.eldigitaldeasturias.com\/noticias\/wp-content\/uploads\/2017\/07\/regata-Camargo-360x231.jpg 360w, https:\/\/www.eldigitaldeasturias.com\/noticias\/wp-content\/uploads\/2017\/07\/regata-Camargo-650x417.jpg 650w, https:\/\/www.eldigitaldeasturias.com\/noticias\/wp-content\/uploads\/2017\/07\/regata-Camargo.jpg 746w\" sizes=\"auto, (max-width: 360px) 100vw, 360px\" \/>Tras dos etapas en tierras vascas, a las 8 de la ma\u00f1ana de hoy 17 de julio, los peregrinos de \u201cNavega el Camino\u201d dejaban el Puerto de Bermeo en direcci\u00f3n a Santander. Los navegantes disfrutaron de una fant\u00e1stica etapa de sol y calor, aunque el viento fue una vez m\u00e1s el gran ausente de la jornada.<\/p>\n<p><strong>Recibidos por el Ayuntamiento de Camargo<\/strong><\/p>\n<p>A las ocho de la tarde, el Primer teniente de alcalde del Ayuntamiento de Camargo H\u00e9ctor Lav\u00edn se acerc\u00f3 junto a los concejales de Turismo -Eugenio G\u00f3mez- y Deportes -Gonzalo Rode\u00f1o- hasta el Puerto Deportivo Marina de Santander. All\u00ed, junto al director de las instalaciones Ignacio Mesones y al coordinador de la traves\u00eda, Federico Fern\u00e1ndez, los representantes pol\u00edticos aprovecharon para saludar personalmente a los peregrinos, obsequi\u00e1ndoles con recuerdos del municipio. Adem\u00e1s, Lav\u00edn hizo hincapi\u00e9 en algunos de los reclamos tur\u00edsticos del municipio, especialmente en la que es sin duda una de las joyas mundiales del arte rupestre, la Cueva del Pendo. Antes de desear buen viaje a todos los navegantes, les anim\u00f3 a volver pronto y a llevar el nombre de Camargo a lo largo de toda la traves\u00eda.<\/p>\n<p><strong>Pr\u00f3xima etapa: Santander-San Vicente de la Barquera.<\/strong><\/p>\n<p>Tras la etapa de hoy, de Bermeo al Puerto Deportivo Marina de Santander (Camargo, Cantabria), la ruta llegar\u00e1 a otro de los puertos m\u00e1s bellos de Cantabria, San Vicente de la Barquera. Posteriormente, la traves\u00eda visitar\u00e1 Marina Yates Gij\u00f3n, Cudillero, Ribadeo, Vivero, Cedeira, Marina Coru\u00f1a, Muxia y Muros.<\/p>\n<p>Sail the Way \/ Navega el Camino es una iniciativa que pretende revitalizar la antigua ruta de navegaci\u00f3n hacia Santiago de Compostela, dando as\u00ed a conocer los fant\u00e1sticos puertos deportivos del norte de Espa\u00f1a. Una decena de veleros sali\u00f3 desde Hondarribia el d\u00eda 16 de julio, y a ellos se ir\u00e1n sumando progresivamente otras embarcaciones en las paradas programadas hasta superar la treintena de veleros con m\u00e1s de ciento veinte peregrinos a bordo.<\/p>\n<p>El jueves d\u00eda 27, una vez en Muros (A Coru\u00f1a), \u00faltimo puerto de la peregrinaci\u00f3n por mar, se har\u00e1 una etapa por tierra hasta llegar a la Catedral de Santiago. All\u00ed, los peregrinos n\u00e1uticos recibir\u00e1n su Compostela de manos del De\u00e1n, despu\u00e9s de m\u00e1s de 400 millas de navegaci\u00f3n (800km).<\/p>\n<p>La Organizaci\u00f3n de la Traves\u00eda, llevada a cabo por North Marinas, Asociaci\u00f3n de Marinas del norte de Espa\u00f1a, tiene como objetivo revitalizar esta antigua forma de peregrinaje, potenciando las relaciones socio culturales y las actividades n\u00e1utico deportivas entre nuestras gentes y las de otros pa\u00edses. Este a\u00f1o la traves\u00eda cuenta adem\u00e1s del apoyo de los ayuntamientos, Turespa\u00f1a, Espa\u00f1a Verde, y con el respaldo de Repsol como patrocinador principal del evento.<\/p>\n<p>&nbsp;<\/p>\n","protected":false},"excerpt":{"rendered":"<p>Tras dos etapas en tierras vascas, a las 8 de la ma\u00f1ana de hoy 17 de julio, los peregrinos de \u201cNavega el Camino\u201d dejaban el Puerto de Bermeo en direcci\u00f3n a Santander. Los navegantes disfrutaron de una fant\u00e1stica etapa de sol y calor, aunque el viento fue una vez m\u00e1s el gran ausente de la [&hellip;]<\/p>\n","protected":false},"author":1,"featured_media":946290,"comment_status":"closed","ping_status":"closed","sticky":false,"template":"","format":"standard","meta":{"footnotes":""},"categories":[1],"tags":[],"class_list":["post-946289","post","type-post","status-publish","format-standard","has-post-thumbnail","hentry","category-actualidad"],"aioseo_notices":[],"aioseo_head":"\n\t\t<!-- All in One SEO Pro 4.9.6.2 - aioseo.com -->\n\t<meta name=\"description\" content=\"Tras dos etapas en tierras vascas, a las 8 de la ma\u00f1ana de hoy 17 de julio, los peregrinos de \u201cNavega el Camino\u201d dejaban el Puerto de Bermeo en direcci\u00f3n a Santander. Los navegantes disfrutaron de una fant\u00e1stica etapa de sol y calor, aunque el viento fue una vez m\u00e1s el gran ausente de la\" \/>\n\t<meta name=\"robots\" content=\"max-image-preview:large\" \/>\n\t<meta name=\"author\" content=\"El Digital de Asturias\"\/>\n\t<meta name=\"google-site-verification\" content=\"UA-38556648-1\" \/>\n\t<meta name=\"msvalidate.01\" content=\"7dfe9f3f1b24437ab69f4f2559babe99\" \/>\n\t<meta name=\"keywords\" content=\"actualidad\" \/>\n\t<link rel=\"canonical\" href=\"https:\/\/www.eldigitaldeasturias.com\/noticias\/la-ii-travesia-navega-el-camino-llega-a-cantabria\/\" \/>\n\t<meta name=\"generator\" content=\"All in One SEO Pro (AIOSEO) 4.9.6.2\" \/>\n\t\t<meta property=\"og:locale\" content=\"es_ES\" \/>\n\t\t<meta property=\"og:site_name\" content=\"El Digital de Asturias\" \/>\n\t\t<meta property=\"og:type\" content=\"article\" \/>\n\t\t<meta property=\"og:title\" content=\"La II Traves\u00eda \u201cNavega el Camino\u201d llega a Cantabria - El Digital de Asturias\" \/>\n\t\t<meta property=\"og:description\" content=\"Tras dos etapas en tierras vascas, a las 8 de la ma\u00f1ana de hoy 17 de julio, los peregrinos de \u201cNavega el Camino\u201d dejaban el Puerto de Bermeo en direcci\u00f3n a Santander. Los navegantes disfrutaron de una fant\u00e1stica etapa de sol y calor, aunque el viento fue una vez m\u00e1s el gran ausente de la\" \/>\n\t\t<meta property=\"og:url\" content=\"https:\/\/www.eldigitaldeasturias.com\/noticias\/la-ii-travesia-navega-el-camino-llega-a-cantabria\/\" \/>\n\t\t<meta property=\"og:image\" content=\"https:\/\/www.eldigitaldeasturias.com\/noticias\/wp-content\/uploads\/2017\/07\/regata-Camargo.jpg\" \/>\n\t\t<meta property=\"og:image:secure_url\" content=\"https:\/\/www.eldigitaldeasturias.com\/noticias\/wp-content\/uploads\/2017\/07\/regata-Camargo.jpg\" \/>\n\t\t<meta property=\"og:image:width\" content=\"746\" \/>\n\t\t<meta property=\"og:image:height\" content=\"479\" \/>\n\t\t<meta property=\"article:tag\" content=\"actualidad\" \/>\n\t\t<meta property=\"article:published_time\" content=\"2017-07-17T20:53:11+00:00\" \/>\n\t\t<meta property=\"article:modified_time\" content=\"2017-07-17T20:53:11+00:00\" \/>\n\t\t<meta property=\"article:publisher\" content=\"https:\/\/facebook.com\/eldigitaldeasturias\" \/>\n\t\t<meta name=\"twitter:card\" content=\"summary_large_image\" \/>\n\t\t<meta name=\"twitter:title\" content=\"La II Traves\u00eda \u201cNavega el Camino\u201d llega a Cantabria - El Digital de Asturias\" \/>\n\t\t<meta name=\"twitter:description\" content=\"Tras dos etapas en tierras vascas, a las 8 de la ma\u00f1ana de hoy 17 de julio, los peregrinos de \u201cNavega el Camino\u201d dejaban el Puerto de Bermeo en direcci\u00f3n a Santander. Los navegantes disfrutaron de una fant\u00e1stica etapa de sol y calor, aunque el viento fue una vez m\u00e1s el gran ausente de la\" \/>\n\t\t<meta name=\"twitter:image\" content=\"https:\/\/www.eldigitaldeasturias.com\/noticias\/wp-content\/uploads\/2017\/07\/regata-Camargo.jpg\" \/>\n\t\t<meta name=\"twitter:label1\" content=\"Escrito por\" \/>\n\t\t<meta name=\"twitter:data1\" content=\"El Digital de Asturias\" \/>\n\t\t<meta name=\"twitter:label2\" content=\"Tiempo de lectura estimado\" \/>\n\t\t<meta name=\"twitter:data2\" content=\"2 minutos\" \/>\n\t\t<script type=\"application\/ld+json\" class=\"aioseo-schema\">\n\t\t\t{\"@context\":\"https:\\\/\\\/schema.org\",\"@graph\":[{\"@type\":\"BlogPosting\",\"@id\":\"https:\\\/\\\/www.eldigitaldeasturias.com\\\/noticias\\\/la-ii-travesia-navega-el-camino-llega-a-cantabria\\\/#blogposting\",\"name\":\"La II Traves\\u00eda \\u201cNavega el Camino\\u201d llega a Cantabria - El Digital de Asturias\",\"headline\":\"La II Traves\\u00eda \\u201cNavega el Camino\\u201d llega a Cantabria\",\"author\":{\"@id\":\"https:\\\/\\\/www.eldigitaldeasturias.com\\\/noticias\\\/author\\\/admin\\\/#author\"},\"publisher\":{\"@id\":\"https:\\\/\\\/www.eldigitaldeasturias.com\\\/noticias\\\/#organization\"},\"image\":{\"@type\":\"ImageObject\",\"url\":\"https:\\\/\\\/www.eldigitaldeasturias.com\\\/noticias\\\/wp-content\\\/uploads\\\/2017\\\/07\\\/regata-Camargo.jpg\",\"width\":746,\"height\":479},\"datePublished\":\"2017-07-17T20:53:11+02:00\",\"dateModified\":\"2017-07-17T20:53:11+02:00\",\"inLanguage\":\"es-ES\",\"mainEntityOfPage\":{\"@id\":\"https:\\\/\\\/www.eldigitaldeasturias.com\\\/noticias\\\/la-ii-travesia-navega-el-camino-llega-a-cantabria\\\/#webpage\"},\"isPartOf\":{\"@id\":\"https:\\\/\\\/www.eldigitaldeasturias.com\\\/noticias\\\/la-ii-travesia-navega-el-camino-llega-a-cantabria\\\/#webpage\"},\"articleSection\":\"Actualidad\"},{\"@type\":\"BreadcrumbList\",\"@id\":\"https:\\\/\\\/www.eldigitaldeasturias.com\\\/noticias\\\/la-ii-travesia-navega-el-camino-llega-a-cantabria\\\/#breadcrumblist\",\"itemListElement\":[{\"@type\":\"ListItem\",\"@id\":\"https:\\\/\\\/www.eldigitaldeasturias.com\\\/noticias#listItem\",\"position\":1,\"name\":\"Home\",\"item\":\"https:\\\/\\\/www.eldigitaldeasturias.com\\\/noticias\",\"nextItem\":{\"@type\":\"ListItem\",\"@id\":\"https:\\\/\\\/www.eldigitaldeasturias.com\\\/noticias\\\/category\\\/actualidad\\\/#listItem\",\"name\":\"Actualidad\"}},{\"@type\":\"ListItem\",\"@id\":\"https:\\\/\\\/www.eldigitaldeasturias.com\\\/noticias\\\/category\\\/actualidad\\\/#listItem\",\"position\":2,\"name\":\"Actualidad\",\"item\":\"https:\\\/\\\/www.eldigitaldeasturias.com\\\/noticias\\\/category\\\/actualidad\\\/\",\"nextItem\":{\"@type\":\"ListItem\",\"@id\":\"https:\\\/\\\/www.eldigitaldeasturias.com\\\/noticias\\\/la-ii-travesia-navega-el-camino-llega-a-cantabria\\\/#listItem\",\"name\":\"La II Traves\\u00eda \\u201cNavega el Camino\\u201d llega a Cantabria\"},\"previousItem\":{\"@type\":\"ListItem\",\"@id\":\"https:\\\/\\\/www.eldigitaldeasturias.com\\\/noticias#listItem\",\"name\":\"Home\"}},{\"@type\":\"ListItem\",\"@id\":\"https:\\\/\\\/www.eldigitaldeasturias.com\\\/noticias\\\/la-ii-travesia-navega-el-camino-llega-a-cantabria\\\/#listItem\",\"position\":3,\"name\":\"La II Traves\\u00eda \\u201cNavega el Camino\\u201d llega a Cantabria\",\"previousItem\":{\"@type\":\"ListItem\",\"@id\":\"https:\\\/\\\/www.eldigitaldeasturias.com\\\/noticias\\\/category\\\/actualidad\\\/#listItem\",\"name\":\"Actualidad\"}}]},{\"@type\":\"Organization\",\"@id\":\"https:\\\/\\\/www.eldigitaldeasturias.com\\\/noticias\\\/#organization\",\"name\":\"El Digital de Asturias\",\"description\":\"Hemeroteca\",\"url\":\"https:\\\/\\\/www.eldigitaldeasturias.com\\\/noticias\\\/\",\"email\":\"info@eldigitaldeasturias.com\",\"telephone\":\"+34652131393\",\"logo\":{\"@type\":\"ImageObject\",\"url\":\"https:\\\/\\\/www.eldigitaldeasturias.com\\\/noticias\\\/wp-content\\\/uploads\\\/2020\\\/12\\\/EDA.jpg\",\"@id\":\"https:\\\/\\\/www.eldigitaldeasturias.com\\\/noticias\\\/la-ii-travesia-navega-el-camino-llega-a-cantabria\\\/#organizationLogo\",\"width\":649,\"height\":297},\"image\":{\"@id\":\"https:\\\/\\\/www.eldigitaldeasturias.com\\\/noticias\\\/la-ii-travesia-navega-el-camino-llega-a-cantabria\\\/#organizationLogo\"},\"sameAs\":[\"https:\\\/\\\/facebook.com\\\/eldigitaldeasturias\",\"https:\\\/\\\/www.youtube.com\\\/channel\\\/UCZP-2wLEB9Rv6erhFmqVnvg\"],\"address\":{\"@id\":\"https:\\\/\\\/www.eldigitaldeasturias.com\\\/noticias\\\/#postaladdress\",\"@type\":\"PostalAddress\",\"streetAddress\":\"san antonio 4,\",\"postalCode\":\"33430\",\"addressLocality\":\"Cand\\u00e1s\",\"addressRegion\":\"Asturias\",\"addressCountry\":\"ES\"}},{\"@type\":\"Person\",\"@id\":\"https:\\\/\\\/www.eldigitaldeasturias.com\\\/noticias\\\/author\\\/admin\\\/#author\",\"url\":\"https:\\\/\\\/www.eldigitaldeasturias.com\\\/noticias\\\/author\\\/admin\\\/\",\"name\":\"El Digital de Asturias\",\"image\":{\"@type\":\"ImageObject\",\"@id\":\"https:\\\/\\\/www.eldigitaldeasturias.com\\\/noticias\\\/la-ii-travesia-navega-el-camino-llega-a-cantabria\\\/#authorImage\",\"url\":\"https:\\\/\\\/www.eldigitaldeasturias.com\\\/noticias\\\/wp-content\\\/litespeed\\\/avatar\\\/18677e78aa0546b92d9dbf31ec7d7668.jpg?ver=1777290358\",\"width\":96,\"height\":96,\"caption\":\"El Digital de Asturias\"}},{\"@type\":\"WebPage\",\"@id\":\"https:\\\/\\\/www.eldigitaldeasturias.com\\\/noticias\\\/la-ii-travesia-navega-el-camino-llega-a-cantabria\\\/#webpage\",\"url\":\"https:\\\/\\\/www.eldigitaldeasturias.com\\\/noticias\\\/la-ii-travesia-navega-el-camino-llega-a-cantabria\\\/\",\"name\":\"La II Traves\\u00eda \\u201cNavega el Camino\\u201d llega a Cantabria - El Digital de Asturias\",\"description\":\"Tras dos etapas en tierras vascas, a las 8 de la ma\\u00f1ana de hoy 17 de julio, los peregrinos de \\u201cNavega el Camino\\u201d dejaban el Puerto de Bermeo en direcci\\u00f3n a Santander. Los navegantes disfrutaron de una fant\\u00e1stica etapa de sol y calor, aunque el viento fue una vez m\\u00e1s el gran ausente de la\",\"inLanguage\":\"es-ES\",\"isPartOf\":{\"@id\":\"https:\\\/\\\/www.eldigitaldeasturias.com\\\/noticias\\\/#website\"},\"breadcrumb\":{\"@id\":\"https:\\\/\\\/www.eldigitaldeasturias.com\\\/noticias\\\/la-ii-travesia-navega-el-camino-llega-a-cantabria\\\/#breadcrumblist\"},\"author\":{\"@id\":\"https:\\\/\\\/www.eldigitaldeasturias.com\\\/noticias\\\/author\\\/admin\\\/#author\"},\"creator\":{\"@id\":\"https:\\\/\\\/www.eldigitaldeasturias.com\\\/noticias\\\/author\\\/admin\\\/#author\"},\"image\":{\"@type\":\"ImageObject\",\"url\":\"https:\\\/\\\/www.eldigitaldeasturias.com\\\/noticias\\\/wp-content\\\/uploads\\\/2017\\\/07\\\/regata-Camargo.jpg\",\"@id\":\"https:\\\/\\\/www.eldigitaldeasturias.com\\\/noticias\\\/la-ii-travesia-navega-el-camino-llega-a-cantabria\\\/#mainImage\",\"width\":746,\"height\":479},\"primaryImageOfPage\":{\"@id\":\"https:\\\/\\\/www.eldigitaldeasturias.com\\\/noticias\\\/la-ii-travesia-navega-el-camino-llega-a-cantabria\\\/#mainImage\"},\"datePublished\":\"2017-07-17T20:53:11+02:00\",\"dateModified\":\"2017-07-17T20:53:11+02:00\"},{\"@type\":\"WebSite\",\"@id\":\"https:\\\/\\\/www.eldigitaldeasturias.com\\\/noticias\\\/#website\",\"url\":\"https:\\\/\\\/www.eldigitaldeasturias.com\\\/noticias\\\/\",\"name\":\"El Digital de Asturias - Diario de actualidad y noticias\",\"alternateName\":\"El Digital de Asturias - Diario de actualidad y noticias\",\"description\":\"Hemeroteca\",\"inLanguage\":\"es-ES\",\"publisher\":{\"@id\":\"https:\\\/\\\/www.eldigitaldeasturias.com\\\/noticias\\\/#organization\"}}]}\n\t\t<\/script>\n\t\t<!-- All in One SEO Pro -->\r\n\t\t<title>La II Traves\u00eda \u201cNavega el Camino\u201d llega a Cantabria - El Digital de Asturias<\/title>\n\n","aioseo_head_json":{"title":"La II Traves\u00eda \u201cNavega el Camino\u201d llega a Cantabria - El Digital de Asturias","description":"Tras dos etapas en tierras vascas, a las 8 de la ma\u00f1ana de hoy 17 de julio, los peregrinos de \u201cNavega el Camino\u201d dejaban el Puerto de Bermeo en direcci\u00f3n a Santander. Los navegantes disfrutaron de una fant\u00e1stica etapa de sol y calor, aunque el viento fue una vez m\u00e1s el gran ausente de la","canonical_url":"https:\/\/www.eldigitaldeasturias.com\/noticias\/la-ii-travesia-navega-el-camino-llega-a-cantabria\/","robots":"max-image-preview:large","keywords":"actualidad","webmasterTools":{"google-site-verification":"UA-38556648-1","msvalidate.01":"7dfe9f3f1b24437ab69f4f2559babe99","miscellaneous":""},"schema":{"@context":"https:\/\/schema.org","@graph":[{"@type":"BlogPosting","@id":"https:\/\/www.eldigitaldeasturias.com\/noticias\/la-ii-travesia-navega-el-camino-llega-a-cantabria\/#blogposting","name":"La II Traves\u00eda \u201cNavega el Camino\u201d llega a Cantabria - El Digital de Asturias","headline":"La II Traves\u00eda \u201cNavega el Camino\u201d llega a Cantabria","author":{"@id":"https:\/\/www.eldigitaldeasturias.com\/noticias\/author\/admin\/#author"},"publisher":{"@id":"https:\/\/www.eldigitaldeasturias.com\/noticias\/#organization"},"image":{"@type":"ImageObject","url":"https:\/\/www.eldigitaldeasturias.com\/noticias\/wp-content\/uploads\/2017\/07\/regata-Camargo.jpg","width":746,"height":479},"datePublished":"2017-07-17T20:53:11+02:00","dateModified":"2017-07-17T20:53:11+02:00","inLanguage":"es-ES","mainEntityOfPage":{"@id":"https:\/\/www.eldigitaldeasturias.com\/noticias\/la-ii-travesia-navega-el-camino-llega-a-cantabria\/#webpage"},"isPartOf":{"@id":"https:\/\/www.eldigitaldeasturias.com\/noticias\/la-ii-travesia-navega-el-camino-llega-a-cantabria\/#webpage"},"articleSection":"Actualidad"},{"@type":"BreadcrumbList","@id":"https:\/\/www.eldigitaldeasturias.com\/noticias\/la-ii-travesia-navega-el-camino-llega-a-cantabria\/#breadcrumblist","itemListElement":[{"@type":"ListItem","@id":"https:\/\/www.eldigitaldeasturias.com\/noticias#listItem","position":1,"name":"Home","item":"https:\/\/www.eldigitaldeasturias.com\/noticias","nextItem":{"@type":"ListItem","@id":"https:\/\/www.eldigitaldeasturias.com\/noticias\/category\/actualidad\/#listItem","name":"Actualidad"}},{"@type":"ListItem","@id":"https:\/\/www.eldigitaldeasturias.com\/noticias\/category\/actualidad\/#listItem","position":2,"name":"Actualidad","item":"https:\/\/www.eldigitaldeasturias.com\/noticias\/category\/actualidad\/","nextItem":{"@type":"ListItem","@id":"https:\/\/www.eldigitaldeasturias.com\/noticias\/la-ii-travesia-navega-el-camino-llega-a-cantabria\/#listItem","name":"La II Traves\u00eda \u201cNavega el Camino\u201d llega a Cantabria"},"previousItem":{"@type":"ListItem","@id":"https:\/\/www.eldigitaldeasturias.com\/noticias#listItem","name":"Home"}},{"@type":"ListItem","@id":"https:\/\/www.eldigitaldeasturias.com\/noticias\/la-ii-travesia-navega-el-camino-llega-a-cantabria\/#listItem","position":3,"name":"La II Traves\u00eda \u201cNavega el Camino\u201d llega a Cantabria","previousItem":{"@type":"ListItem","@id":"https:\/\/www.eldigitaldeasturias.com\/noticias\/category\/actualidad\/#listItem","name":"Actualidad"}}]},{"@type":"Organization","@id":"https:\/\/www.eldigitaldeasturias.com\/noticias\/#organization","name":"El Digital de Asturias","description":"Hemeroteca","url":"https:\/\/www.eldigitaldeasturias.com\/noticias\/","email":"info@eldigitaldeasturias.com","telephone":"+34652131393","logo":{"@type":"ImageObject","url":"https:\/\/www.eldigitaldeasturias.com\/noticias\/wp-content\/uploads\/2020\/12\/EDA.jpg","@id":"https:\/\/www.eldigitaldeasturias.com\/noticias\/la-ii-travesia-navega-el-camino-llega-a-cantabria\/#organizationLogo","width":649,"height":297},"image":{"@id":"https:\/\/www.eldigitaldeasturias.com\/noticias\/la-ii-travesia-navega-el-camino-llega-a-cantabria\/#organizationLogo"},"sameAs":["https:\/\/facebook.com\/eldigitaldeasturias","https:\/\/www.youtube.com\/channel\/UCZP-2wLEB9Rv6erhFmqVnvg"],"address":{"@id":"https:\/\/www.eldigitaldeasturias.com\/noticias\/#postaladdress","@type":"PostalAddress","streetAddress":"san antonio 4,","postalCode":"33430","addressLocality":"Cand\u00e1s","addressRegion":"Asturias","addressCountry":"ES"}},{"@type":"Person","@id":"https:\/\/www.eldigitaldeasturias.com\/noticias\/author\/admin\/#author","url":"https:\/\/www.eldigitaldeasturias.com\/noticias\/author\/admin\/","name":"El Digital de Asturias","image":{"@type":"ImageObject","@id":"https:\/\/www.eldigitaldeasturias.com\/noticias\/la-ii-travesia-navega-el-camino-llega-a-cantabria\/#authorImage","url":"https:\/\/www.eldigitaldeasturias.com\/noticias\/wp-content\/litespeed\/avatar\/18677e78aa0546b92d9dbf31ec7d7668.jpg?ver=1777290358","width":96,"height":96,"caption":"El Digital de Asturias"}},{"@type":"WebPage","@id":"https:\/\/www.eldigitaldeasturias.com\/noticias\/la-ii-travesia-navega-el-camino-llega-a-cantabria\/#webpage","url":"https:\/\/www.eldigitaldeasturias.com\/noticias\/la-ii-travesia-navega-el-camino-llega-a-cantabria\/","name":"La II Traves\u00eda \u201cNavega el Camino\u201d llega a Cantabria - El Digital de Asturias","description":"Tras dos etapas en tierras vascas, a las 8 de la ma\u00f1ana de hoy 17 de julio, los peregrinos de \u201cNavega el Camino\u201d dejaban el Puerto de Bermeo en direcci\u00f3n a Santander. Los navegantes disfrutaron de una fant\u00e1stica etapa de sol y calor, aunque el viento fue una vez m\u00e1s el gran ausente de la","inLanguage":"es-ES","isPartOf":{"@id":"https:\/\/www.eldigitaldeasturias.com\/noticias\/#website"},"breadcrumb":{"@id":"https:\/\/www.eldigitaldeasturias.com\/noticias\/la-ii-travesia-navega-el-camino-llega-a-cantabria\/#breadcrumblist"},"author":{"@id":"https:\/\/www.eldigitaldeasturias.com\/noticias\/author\/admin\/#author"},"creator":{"@id":"https:\/\/www.eldigitaldeasturias.com\/noticias\/author\/admin\/#author"},"image":{"@type":"ImageObject","url":"https:\/\/www.eldigitaldeasturias.com\/noticias\/wp-content\/uploads\/2017\/07\/regata-Camargo.jpg","@id":"https:\/\/www.eldigitaldeasturias.com\/noticias\/la-ii-travesia-navega-el-camino-llega-a-cantabria\/#mainImage","width":746,"height":479},"primaryImageOfPage":{"@id":"https:\/\/www.eldigitaldeasturias.com\/noticias\/la-ii-travesia-navega-el-camino-llega-a-cantabria\/#mainImage"},"datePublished":"2017-07-17T20:53:11+02:00","dateModified":"2017-07-17T20:53:11+02:00"},{"@type":"WebSite","@id":"https:\/\/www.eldigitaldeasturias.com\/noticias\/#website","url":"https:\/\/www.eldigitaldeasturias.com\/noticias\/","name":"El Digital de Asturias - Diario de actualidad y noticias","alternateName":"El Digital de Asturias - Diario de actualidad y noticias","description":"Hemeroteca","inLanguage":"es-ES","publisher":{"@id":"https:\/\/www.eldigitaldeasturias.com\/noticias\/#organization"}}]},"og:locale":"es_ES","og:site_name":"El Digital de Asturias","og:type":"article","og:title":"La II Traves\u00eda \u201cNavega el Camino\u201d llega a Cantabria - El Digital de Asturias","og:description":"Tras dos etapas en tierras vascas, a las 8 de la ma\u00f1ana de hoy 17 de julio, los peregrinos de \u201cNavega el Camino\u201d dejaban el Puerto de Bermeo en direcci\u00f3n a Santander. Los navegantes disfrutaron de una fant\u00e1stica etapa de sol y calor, aunque el viento fue una vez m\u00e1s el gran ausente de la","og:url":"https:\/\/www.eldigitaldeasturias.com\/noticias\/la-ii-travesia-navega-el-camino-llega-a-cantabria\/","og:image":"https:\/\/www.eldigitaldeasturias.com\/noticias\/wp-content\/uploads\/2017\/07\/regata-Camargo.jpg","og:image:secure_url":"https:\/\/www.eldigitaldeasturias.com\/noticias\/wp-content\/uploads\/2017\/07\/regata-Camargo.jpg","og:image:width":746,"og:image:height":479,"article:tag":["actualidad"],"article:published_time":"2017-07-17T20:53:11+00:00","article:modified_time":"2017-07-17T20:53:11+00:00","article:publisher":"https:\/\/facebook.com\/eldigitaldeasturias","twitter:card":"summary_large_image","twitter:title":"La II Traves\u00eda \u201cNavega el Camino\u201d llega a Cantabria - El Digital de Asturias","twitter:description":"Tras dos etapas en tierras vascas, a las 8 de la ma\u00f1ana de hoy 17 de julio, los peregrinos de \u201cNavega el Camino\u201d dejaban el Puerto de Bermeo en direcci\u00f3n a Santander. Los navegantes disfrutaron de una fant\u00e1stica etapa de sol y calor, aunque el viento fue una vez m\u00e1s el gran ausente de la","twitter:image":"https:\/\/www.eldigitaldeasturias.com\/noticias\/wp-content\/uploads\/2017\/07\/regata-Camargo.jpg","twitter:label1":"Escrito por","twitter:data1":"El Digital de Asturias","twitter:label2":"Tiempo de lectura estimado","twitter:data2":"2 minutos"},"aioseo_meta_data":{"post_id":"946289","title":null,"description":null,"keywords":null,"keyphrases":null,"primary_term":null,"canonical_url":null,"og_title":null,"og_description":null,"og_object_type":"default","og_image_type":"default","og_image_url":null,"og_image_width":null,"og_image_height":null,"og_image_custom_url":null,"og_image_custom_fields":null,"og_video":null,"og_custom_url":null,"og_article_section":null,"og_article_tags":null,"twitter_use_og":false,"twitter_card":"default","twitter_image_type":"default","twitter_image_url":null,"twitter_image_custom_url":null,"twitter_image_custom_fields":null,"twitter_title":null,"twitter_description":null,"schema":{"blockGraphs":[],"customGraphs":[],"default":{"data":{"Article":[],"Course":[],"Dataset":[],"FAQPage":[],"Movie":[],"Person":[],"Product":[],"ProductReview":[],"Car":[],"Recipe":[],"Service":[],"SoftwareApplication":[],"WebPage":[]},"graphName":"","isEnabled":true},"graphs":[],"defaultGraph":"","defaultPostTypeGraph":""},"schema_type":null,"schema_type_options":null,"pillar_content":false,"robots_default":true,"robots_noindex":false,"robots_noarchive":false,"robots_nosnippet":false,"robots_nofollow":false,"robots_noimageindex":false,"robots_noodp":false,"robots_notranslate":false,"robots_max_snippet":null,"robots_max_videopreview":null,"robots_max_imagepreview":"large","priority":null,"frequency":null,"local_seo":null,"seo_analyzer_scan_date":"2025-12-05 00:30:13","breadcrumb_settings":null,"limit_modified_date":false,"open_ai":null,"ai":null,"created":"2020-12-21 13:07:19","updated":"2025-12-05 00:30:13"},"aioseo_breadcrumb":"<div class=\"aioseo-breadcrumbs\"><span class=\"aioseo-breadcrumb\">\n\t<a href=\"https:\/\/www.eldigitaldeasturias.com\/noticias\" title=\"Home\">Home<\/a>\n<\/span><span class=\"aioseo-breadcrumb-separator\">\u2013<\/span><span class=\"aioseo-breadcrumb\">\n\t<a href=\"https:\/\/www.eldigitaldeasturias.com\/noticias\/category\/actualidad\/\" title=\"Actualidad\">Actualidad<\/a>\n<\/span><span class=\"aioseo-breadcrumb-separator\">\u2013<\/span><span class=\"aioseo-breadcrumb\">\n\t<a href=\"https:\/\/www.eldigitaldeasturias.com\/noticias\/la-ii-travesia-navega-el-camino-llega-a-cantabria\/\" title=\"La II Traves\u00eda \u201cNavega el Camino\u201d llega a Cantabria\">La II Traves\u00eda \u201cNavega el Camino\u201d llega a Cantabria<\/a>\n<\/span><\/div>","aioseo_breadcrumb_json":[{"label":"Home","link":"https:\/\/www.eldigitaldeasturias.com\/noticias"},{"label":"Actualidad","link":"https:\/\/www.eldigitaldeasturias.com\/noticias\/category\/actualidad\/"},{"label":"La II Traves\u00eda \u201cNavega el Camino\u201d llega a Cantabria","link":"https:\/\/www.eldigitaldeasturias.com\/noticias\/la-ii-travesia-navega-el-camino-llega-a-cantabria\/"}],"_links":{"self":[{"href":"https:\/\/www.eldigitaldeasturias.com\/noticias\/wp-json\/wp\/v2\/posts\/946289","targetHints":{"allow":["GET"]}}],"collection":[{"href":"https:\/\/www.eldigitaldeasturias.com\/noticias\/wp-json\/wp\/v2\/posts"}],"about":[{"href":"https:\/\/www.eldigitaldeasturias.com\/noticias\/wp-json\/wp\/v2\/types\/post"}],"author":[{"embeddable":true,"href":"https:\/\/www.eldigitaldeasturias.com\/noticias\/wp-json\/wp\/v2\/users\/1"}],"replies":[{"embeddable":true,"href":"https:\/\/www.eldigitaldeasturias.com\/noticias\/wp-json\/wp\/v2\/comments?post=946289"}],"version-history":[{"count":0,"href":"https:\/\/www.eldigitaldeasturias.com\/noticias\/wp-json\/wp\/v2\/posts\/946289\/revisions"}],"wp:featuredmedia":[{"embeddable":true,"href":"https:\/\/www.eldigitaldeasturias.com\/noticias\/wp-json\/wp\/v2\/media\/946290"}],"wp:attachment":[{"href":"https:\/\/www.eldigitaldeasturias.com\/noticias\/wp-json\/wp\/v2\/media?parent=946289"}],"wp:term":[{"taxonomy":"category","embeddable":true,"href":"https:\/\/www.eldigitaldeasturias.com\/noticias\/wp-json\/wp\/v2\/categories?post=946289"},{"taxonomy":"post_tag","embeddable":true,"href":"https:\/\/www.eldigitaldeasturias.com\/noticias\/wp-json\/wp\/v2\/tags?post=946289"}],"curies":[{"name":"wp","href":"https:\/\/api.w.org\/{rel}","templated":true}]}}