{"id":933567,"date":"2017-04-10T19:26:38","date_gmt":"2017-04-10T19:26:38","guid":{"rendered":"http:\/\/www.eldigitaldeasturias.com\/noticias\/?p=933567"},"modified":"2017-04-10T19:29:12","modified_gmt":"2017-04-10T19:29:12","slug":"comienza-el-camino-universal-a-santiago-de-compostela-2017","status":"publish","type":"post","link":"https:\/\/www.eldigitaldeasturias.com\/noticias\/comienza-el-camino-universal-a-santiago-de-compostela-2017\/","title":{"rendered":"Comienza el Camino Universal a Santiago de Compostela 2017"},"content":{"rendered":"<p><img loading=\"lazy\" decoding=\"async\" class=\"alignleft size-medium wp-image-845586\" src=\"https:\/\/www.eldigitaldeasturias.com\/noticias\/wp-content\/uploads\/2016\/01\/camino-360x270.jpg\" alt=\"\" width=\"360\" height=\"270\" srcset=\"https:\/\/www.eldigitaldeasturias.com\/noticias\/wp-content\/uploads\/2016\/01\/camino-360x270.jpg 360w, https:\/\/www.eldigitaldeasturias.com\/noticias\/wp-content\/uploads\/2016\/01\/camino-768x576.jpg 768w, https:\/\/www.eldigitaldeasturias.com\/noticias\/wp-content\/uploads\/2016\/01\/camino-650x488.jpg 650w, https:\/\/www.eldigitaldeasturias.com\/noticias\/wp-content\/uploads\/2016\/01\/camino-125x95.jpg 125w, https:\/\/www.eldigitaldeasturias.com\/noticias\/wp-content\/uploads\/2016\/01\/camino-100x75.jpg 100w, https:\/\/www.eldigitaldeasturias.com\/noticias\/wp-content\/uploads\/2016\/01\/camino.jpg 800w\" sizes=\"auto, (max-width: 360px) 100vw, 360px\" \/>Personas de cada continente caminar\u00e1n hasta Santiago de Compostela del 18 al 22 de julio para preparar el futuro. Educaci\u00f3n, salud, arte y cultura, econom\u00eda y acci\u00f3n humanitaria son las claves para reflexionar en esta XI edici\u00f3n del Camino Universal.<\/p>\n<p>Caminamos para reconocer lo que nos une, un buen motivo para compartir experiencias,<br \/>\nreflexionar sobre los temas que sostienen nuestra sociedad y conocer a personas con intereses similares a los tuyos disfrutando de la naturaleza en Galicia.<\/p>\n<p>Desde hace siglos, personas de todo el mundo llegan a Santiago de Compostela impulsados por sus b\u00fasquedas. Este lugar, s\u00edmbolo de encuentro y tradiciones, es un lugar privilegiado para encontrar respuestas universales ahora y siempre. Por eso ahora, en este tiempo de globalizaci\u00f3n y grandes retos, sigue siendo importante acudir a Santiago para buscar nuevas perspectivas con las que construir el futuro.<\/p>\n<p>Se han establecido 5 v\u00edas sobre las que caminar en correspondencia con los 5 continentes y sus diversas realidades, razas, culturas, etc. Los grupos constituidos en cada v\u00eda trabajaran las cinco tem\u00e1ticas clave (educaci\u00f3n, salud, econom\u00eda, cultura-arte y acci\u00f3n humanitaria) a trav\u00e9s de actividades l\u00fadicas dise\u00f1adas para favorecer la reflexi\u00f3n y el an\u00e1lisis.<\/p>\n<p>Como conclusi\u00f3n final, la tarde del \u00faltimo d\u00eda, 22 de julio, tras la llegada a Santiago de Compostela, se organizar\u00e1 el Simposio \u201cCaminamos para preparar el futuro\u201d. Acto destinado al intercambio de conclusiones que se recoger\u00e1n en el Libro blanco \u201cPreparamos el futuro \u2013 Camino Universal 2017\u201d.<\/p>\n<p>A trav\u00e9s de las ponencias programadas y la dinamizaci\u00f3n de los grupos en mesas de trabajo, se recoger\u00e1n las conclusiones para explorar nuevas v\u00edas de convivencia y transformaci\u00f3n global.<\/p>\n<p>En cada v\u00eda, siguiendo los pasos de tantos que las han recorrido ya, vamos a encontrar<br \/>\npaisajes rurales, peque\u00f1as aldeas, riachuelos, bosques aut\u00f3ctonos, h\u00f3rreos, monumentos megal\u00edticos, peque\u00f1as capillas, monasterios, leyendas y referencias a los antiguos caminos guiados por las estrellas.<\/p>\n<p>Para que la experiencia sea completa, se incluyen actividades de apoyo para disfrutar del caminar consciente, de las sensaciones, del paisaje, que permiten la reflexi\u00f3n sin prisa, observando qu\u00e9 ocurre a nuestro alrededor y en nosotros mismos.<\/p>\n<p>El Camino Universal a Santiago de Compostela es un movimiento internacional en activo desde 2006 que busca promover una sociedad libre, sana, justa y en paz a partir de valores comunes. Buscamos a personas como t\u00fa para compartir nuestros objetivos.<\/p>\n<p>Desde entonces han pasado m\u00e1s de 10 a\u00f1os y cada vez son m\u00e1s las ciudades y pa\u00edses que se unen a caminar por la paz y los valores universales. Cada a\u00f1o se organiza una gran convocatoria de caminantes hasta Santiago de Compostela. Las ciudades que siguen esta iniciativa caminan una vez al mes durante todo el a\u00f1o y tambi\u00e9n una vez al a\u00f1o, organizan una convocatoria masiva con el apoyo de los organismos y asociaciones de su localidad.<\/p>\n<p>\u00a1PARTICIPA! TE ESPERAMOS DEL 18 AL 22 DE JULIO 2017<\/p>\n<p><strong><em>M\u00e1s informaci\u00f3n en caminouniversal.com<\/em><\/strong><\/p>\n<p>&nbsp;<\/p>\n","protected":false},"excerpt":{"rendered":"<p>Personas de cada continente caminar\u00e1n hasta Santiago de Compostela del 18 al 22 de julio para preparar el futuro. Educaci\u00f3n, salud, arte y cultura, econom\u00eda y acci\u00f3n humanitaria son las claves para reflexionar en esta XI edici\u00f3n del Camino Universal. Caminamos para reconocer lo que nos une, un buen motivo para compartir experiencias, reflexionar sobre [&hellip;]<\/p>\n","protected":false},"author":1,"featured_media":845586,"comment_status":"closed","ping_status":"closed","sticky":false,"template":"","format":"standard","meta":{"footnotes":""},"categories":[141],"tags":[],"class_list":["post-933567","post","type-post","status-publish","format-standard","has-post-thumbnail","hentry","category-destacadas"],"aioseo_notices":[],"aioseo_head":"\n\t\t<!-- All in One SEO Pro 4.9.6.2 - aioseo.com -->\n\t<meta name=\"description\" content=\"Personas de cada continente caminar\u00e1n hasta Santiago de Compostela del 18 al 22 de julio para preparar el futuro. Educaci\u00f3n, salud, arte y cultura, econom\u00eda y acci\u00f3n humanitaria son las claves para reflexionar en esta XI edici\u00f3n del Camino Universal. Caminamos para reconocer lo que nos une, un buen motivo para compartir experiencias, reflexionar sobre\" \/>\n\t<meta name=\"robots\" content=\"max-image-preview:large\" \/>\n\t<meta name=\"author\" content=\"El Digital de Asturias\"\/>\n\t<meta name=\"google-site-verification\" content=\"UA-38556648-1\" \/>\n\t<meta name=\"msvalidate.01\" content=\"7dfe9f3f1b24437ab69f4f2559babe99\" \/>\n\t<meta name=\"keywords\" content=\"destacadas\" \/>\n\t<link rel=\"canonical\" href=\"https:\/\/www.eldigitaldeasturias.com\/noticias\/comienza-el-camino-universal-a-santiago-de-compostela-2017\/\" \/>\n\t<meta name=\"generator\" content=\"All in One SEO Pro (AIOSEO) 4.9.6.2\" \/>\n\t\t<meta property=\"og:locale\" content=\"es_ES\" \/>\n\t\t<meta property=\"og:site_name\" content=\"El Digital de Asturias\" \/>\n\t\t<meta property=\"og:type\" content=\"article\" \/>\n\t\t<meta property=\"og:title\" content=\"Comienza el Camino Universal a Santiago de Compostela 2017 - El Digital de Asturias\" \/>\n\t\t<meta property=\"og:description\" content=\"Personas de cada continente caminar\u00e1n hasta Santiago de Compostela del 18 al 22 de julio para preparar el futuro. Educaci\u00f3n, salud, arte y cultura, econom\u00eda y acci\u00f3n humanitaria son las claves para reflexionar en esta XI edici\u00f3n del Camino Universal. Caminamos para reconocer lo que nos une, un buen motivo para compartir experiencias, reflexionar sobre\" \/>\n\t\t<meta property=\"og:url\" content=\"https:\/\/www.eldigitaldeasturias.com\/noticias\/comienza-el-camino-universal-a-santiago-de-compostela-2017\/\" \/>\n\t\t<meta property=\"og:image\" content=\"https:\/\/www.eldigitaldeasturias.com\/noticias\/wp-content\/uploads\/2016\/01\/camino.jpg\" \/>\n\t\t<meta property=\"og:image:secure_url\" content=\"https:\/\/www.eldigitaldeasturias.com\/noticias\/wp-content\/uploads\/2016\/01\/camino.jpg\" \/>\n\t\t<meta property=\"og:image:width\" content=\"800\" \/>\n\t\t<meta property=\"og:image:height\" content=\"600\" \/>\n\t\t<meta property=\"article:tag\" content=\"destacadas\" \/>\n\t\t<meta property=\"article:published_time\" content=\"2017-04-10T19:26:38+00:00\" \/>\n\t\t<meta property=\"article:modified_time\" content=\"2017-04-10T19:29:12+00:00\" \/>\n\t\t<meta property=\"article:publisher\" content=\"https:\/\/facebook.com\/eldigitaldeasturias\" \/>\n\t\t<meta name=\"twitter:card\" content=\"summary_large_image\" \/>\n\t\t<meta name=\"twitter:title\" content=\"Comienza el Camino Universal a Santiago de Compostela 2017 - El Digital de Asturias\" \/>\n\t\t<meta name=\"twitter:description\" content=\"Personas de cada continente caminar\u00e1n hasta Santiago de Compostela del 18 al 22 de julio para preparar el futuro. Educaci\u00f3n, salud, arte y cultura, econom\u00eda y acci\u00f3n humanitaria son las claves para reflexionar en esta XI edici\u00f3n del Camino Universal. Caminamos para reconocer lo que nos une, un buen motivo para compartir experiencias, reflexionar sobre\" \/>\n\t\t<meta name=\"twitter:image\" content=\"https:\/\/www.eldigitaldeasturias.com\/noticias\/wp-content\/uploads\/2016\/01\/camino.jpg\" \/>\n\t\t<meta name=\"twitter:label1\" content=\"Escrito por\" \/>\n\t\t<meta name=\"twitter:data1\" content=\"El Digital de Asturias\" \/>\n\t\t<meta name=\"twitter:label2\" content=\"Tiempo de lectura estimado\" \/>\n\t\t<meta name=\"twitter:data2\" content=\"3 minutos\" \/>\n\t\t<script type=\"application\/ld+json\" class=\"aioseo-schema\">\n\t\t\t{\"@context\":\"https:\\\/\\\/schema.org\",\"@graph\":[{\"@type\":\"BlogPosting\",\"@id\":\"https:\\\/\\\/www.eldigitaldeasturias.com\\\/noticias\\\/comienza-el-camino-universal-a-santiago-de-compostela-2017\\\/#blogposting\",\"name\":\"Comienza el Camino Universal a Santiago de Compostela 2017 - El Digital de Asturias\",\"headline\":\"Comienza el Camino Universal a Santiago de Compostela 2017\",\"author\":{\"@id\":\"https:\\\/\\\/www.eldigitaldeasturias.com\\\/noticias\\\/author\\\/admin\\\/#author\"},\"publisher\":{\"@id\":\"https:\\\/\\\/www.eldigitaldeasturias.com\\\/noticias\\\/#organization\"},\"image\":{\"@type\":\"ImageObject\",\"url\":\"https:\\\/\\\/www.eldigitaldeasturias.com\\\/noticias\\\/wp-content\\\/uploads\\\/2016\\\/01\\\/camino.jpg\",\"width\":800,\"height\":600},\"datePublished\":\"2017-04-10T19:26:38+02:00\",\"dateModified\":\"2017-04-10T19:29:12+02:00\",\"inLanguage\":\"es-ES\",\"mainEntityOfPage\":{\"@id\":\"https:\\\/\\\/www.eldigitaldeasturias.com\\\/noticias\\\/comienza-el-camino-universal-a-santiago-de-compostela-2017\\\/#webpage\"},\"isPartOf\":{\"@id\":\"https:\\\/\\\/www.eldigitaldeasturias.com\\\/noticias\\\/comienza-el-camino-universal-a-santiago-de-compostela-2017\\\/#webpage\"},\"articleSection\":\"Destacadas\"},{\"@type\":\"BreadcrumbList\",\"@id\":\"https:\\\/\\\/www.eldigitaldeasturias.com\\\/noticias\\\/comienza-el-camino-universal-a-santiago-de-compostela-2017\\\/#breadcrumblist\",\"itemListElement\":[{\"@type\":\"ListItem\",\"@id\":\"https:\\\/\\\/www.eldigitaldeasturias.com\\\/noticias#listItem\",\"position\":1,\"name\":\"Home\",\"item\":\"https:\\\/\\\/www.eldigitaldeasturias.com\\\/noticias\",\"nextItem\":{\"@type\":\"ListItem\",\"@id\":\"https:\\\/\\\/www.eldigitaldeasturias.com\\\/noticias\\\/category\\\/destacadas\\\/#listItem\",\"name\":\"Destacadas\"}},{\"@type\":\"ListItem\",\"@id\":\"https:\\\/\\\/www.eldigitaldeasturias.com\\\/noticias\\\/category\\\/destacadas\\\/#listItem\",\"position\":2,\"name\":\"Destacadas\",\"item\":\"https:\\\/\\\/www.eldigitaldeasturias.com\\\/noticias\\\/category\\\/destacadas\\\/\",\"nextItem\":{\"@type\":\"ListItem\",\"@id\":\"https:\\\/\\\/www.eldigitaldeasturias.com\\\/noticias\\\/comienza-el-camino-universal-a-santiago-de-compostela-2017\\\/#listItem\",\"name\":\"Comienza el Camino Universal a Santiago de Compostela 2017\"},\"previousItem\":{\"@type\":\"ListItem\",\"@id\":\"https:\\\/\\\/www.eldigitaldeasturias.com\\\/noticias#listItem\",\"name\":\"Home\"}},{\"@type\":\"ListItem\",\"@id\":\"https:\\\/\\\/www.eldigitaldeasturias.com\\\/noticias\\\/comienza-el-camino-universal-a-santiago-de-compostela-2017\\\/#listItem\",\"position\":3,\"name\":\"Comienza el Camino Universal a Santiago de Compostela 2017\",\"previousItem\":{\"@type\":\"ListItem\",\"@id\":\"https:\\\/\\\/www.eldigitaldeasturias.com\\\/noticias\\\/category\\\/destacadas\\\/#listItem\",\"name\":\"Destacadas\"}}]},{\"@type\":\"Organization\",\"@id\":\"https:\\\/\\\/www.eldigitaldeasturias.com\\\/noticias\\\/#organization\",\"name\":\"El Digital de Asturias\",\"description\":\"Hemeroteca\",\"url\":\"https:\\\/\\\/www.eldigitaldeasturias.com\\\/noticias\\\/\",\"email\":\"info@eldigitaldeasturias.com\",\"telephone\":\"+34652131393\",\"logo\":{\"@type\":\"ImageObject\",\"url\":\"https:\\\/\\\/www.eldigitaldeasturias.com\\\/noticias\\\/wp-content\\\/uploads\\\/2020\\\/12\\\/EDA.jpg\",\"@id\":\"https:\\\/\\\/www.eldigitaldeasturias.com\\\/noticias\\\/comienza-el-camino-universal-a-santiago-de-compostela-2017\\\/#organizationLogo\",\"width\":649,\"height\":297},\"image\":{\"@id\":\"https:\\\/\\\/www.eldigitaldeasturias.com\\\/noticias\\\/comienza-el-camino-universal-a-santiago-de-compostela-2017\\\/#organizationLogo\"},\"sameAs\":[\"https:\\\/\\\/facebook.com\\\/eldigitaldeasturias\",\"https:\\\/\\\/www.youtube.com\\\/channel\\\/UCZP-2wLEB9Rv6erhFmqVnvg\"],\"address\":{\"@id\":\"https:\\\/\\\/www.eldigitaldeasturias.com\\\/noticias\\\/#postaladdress\",\"@type\":\"PostalAddress\",\"streetAddress\":\"san antonio 4,\",\"postalCode\":\"33430\",\"addressLocality\":\"Cand\\u00e1s\",\"addressRegion\":\"Asturias\",\"addressCountry\":\"ES\"}},{\"@type\":\"Person\",\"@id\":\"https:\\\/\\\/www.eldigitaldeasturias.com\\\/noticias\\\/author\\\/admin\\\/#author\",\"url\":\"https:\\\/\\\/www.eldigitaldeasturias.com\\\/noticias\\\/author\\\/admin\\\/\",\"name\":\"El Digital de Asturias\",\"image\":{\"@type\":\"ImageObject\",\"@id\":\"https:\\\/\\\/www.eldigitaldeasturias.com\\\/noticias\\\/comienza-el-camino-universal-a-santiago-de-compostela-2017\\\/#authorImage\",\"url\":\"https:\\\/\\\/www.eldigitaldeasturias.com\\\/noticias\\\/wp-content\\\/litespeed\\\/avatar\\\/18677e78aa0546b92d9dbf31ec7d7668.jpg?ver=1777290358\",\"width\":96,\"height\":96,\"caption\":\"El Digital de Asturias\"}},{\"@type\":\"WebPage\",\"@id\":\"https:\\\/\\\/www.eldigitaldeasturias.com\\\/noticias\\\/comienza-el-camino-universal-a-santiago-de-compostela-2017\\\/#webpage\",\"url\":\"https:\\\/\\\/www.eldigitaldeasturias.com\\\/noticias\\\/comienza-el-camino-universal-a-santiago-de-compostela-2017\\\/\",\"name\":\"Comienza el Camino Universal a Santiago de Compostela 2017 - El Digital de Asturias\",\"description\":\"Personas de cada continente caminar\\u00e1n hasta Santiago de Compostela del 18 al 22 de julio para preparar el futuro. Educaci\\u00f3n, salud, arte y cultura, econom\\u00eda y acci\\u00f3n humanitaria son las claves para reflexionar en esta XI edici\\u00f3n del Camino Universal. Caminamos para reconocer lo que nos une, un buen motivo para compartir experiencias, reflexionar sobre\",\"inLanguage\":\"es-ES\",\"isPartOf\":{\"@id\":\"https:\\\/\\\/www.eldigitaldeasturias.com\\\/noticias\\\/#website\"},\"breadcrumb\":{\"@id\":\"https:\\\/\\\/www.eldigitaldeasturias.com\\\/noticias\\\/comienza-el-camino-universal-a-santiago-de-compostela-2017\\\/#breadcrumblist\"},\"author\":{\"@id\":\"https:\\\/\\\/www.eldigitaldeasturias.com\\\/noticias\\\/author\\\/admin\\\/#author\"},\"creator\":{\"@id\":\"https:\\\/\\\/www.eldigitaldeasturias.com\\\/noticias\\\/author\\\/admin\\\/#author\"},\"image\":{\"@type\":\"ImageObject\",\"url\":\"https:\\\/\\\/www.eldigitaldeasturias.com\\\/noticias\\\/wp-content\\\/uploads\\\/2016\\\/01\\\/camino.jpg\",\"@id\":\"https:\\\/\\\/www.eldigitaldeasturias.com\\\/noticias\\\/comienza-el-camino-universal-a-santiago-de-compostela-2017\\\/#mainImage\",\"width\":800,\"height\":600},\"primaryImageOfPage\":{\"@id\":\"https:\\\/\\\/www.eldigitaldeasturias.com\\\/noticias\\\/comienza-el-camino-universal-a-santiago-de-compostela-2017\\\/#mainImage\"},\"datePublished\":\"2017-04-10T19:26:38+02:00\",\"dateModified\":\"2017-04-10T19:29:12+02:00\"},{\"@type\":\"WebSite\",\"@id\":\"https:\\\/\\\/www.eldigitaldeasturias.com\\\/noticias\\\/#website\",\"url\":\"https:\\\/\\\/www.eldigitaldeasturias.com\\\/noticias\\\/\",\"name\":\"El Digital de Asturias - Diario de actualidad y noticias\",\"alternateName\":\"El Digital de Asturias - Diario de actualidad y noticias\",\"description\":\"Hemeroteca\",\"inLanguage\":\"es-ES\",\"publisher\":{\"@id\":\"https:\\\/\\\/www.eldigitaldeasturias.com\\\/noticias\\\/#organization\"}}]}\n\t\t<\/script>\n\t\t<!-- All in One SEO Pro -->\r\n\t\t<title>Comienza el Camino Universal a Santiago de Compostela 2017 - El Digital de Asturias<\/title>\n\n","aioseo_head_json":{"title":"Comienza el Camino Universal a Santiago de Compostela 2017 - El Digital de Asturias","description":"Personas de cada continente caminar\u00e1n hasta Santiago de Compostela del 18 al 22 de julio para preparar el futuro. Educaci\u00f3n, salud, arte y cultura, econom\u00eda y acci\u00f3n humanitaria son las claves para reflexionar en esta XI edici\u00f3n del Camino Universal. Caminamos para reconocer lo que nos une, un buen motivo para compartir experiencias, reflexionar sobre","canonical_url":"https:\/\/www.eldigitaldeasturias.com\/noticias\/comienza-el-camino-universal-a-santiago-de-compostela-2017\/","robots":"max-image-preview:large","keywords":"destacadas","webmasterTools":{"google-site-verification":"UA-38556648-1","msvalidate.01":"7dfe9f3f1b24437ab69f4f2559babe99","miscellaneous":""},"schema":{"@context":"https:\/\/schema.org","@graph":[{"@type":"BlogPosting","@id":"https:\/\/www.eldigitaldeasturias.com\/noticias\/comienza-el-camino-universal-a-santiago-de-compostela-2017\/#blogposting","name":"Comienza el Camino Universal a Santiago de Compostela 2017 - El Digital de Asturias","headline":"Comienza el Camino Universal a Santiago de Compostela 2017","author":{"@id":"https:\/\/www.eldigitaldeasturias.com\/noticias\/author\/admin\/#author"},"publisher":{"@id":"https:\/\/www.eldigitaldeasturias.com\/noticias\/#organization"},"image":{"@type":"ImageObject","url":"https:\/\/www.eldigitaldeasturias.com\/noticias\/wp-content\/uploads\/2016\/01\/camino.jpg","width":800,"height":600},"datePublished":"2017-04-10T19:26:38+02:00","dateModified":"2017-04-10T19:29:12+02:00","inLanguage":"es-ES","mainEntityOfPage":{"@id":"https:\/\/www.eldigitaldeasturias.com\/noticias\/comienza-el-camino-universal-a-santiago-de-compostela-2017\/#webpage"},"isPartOf":{"@id":"https:\/\/www.eldigitaldeasturias.com\/noticias\/comienza-el-camino-universal-a-santiago-de-compostela-2017\/#webpage"},"articleSection":"Destacadas"},{"@type":"BreadcrumbList","@id":"https:\/\/www.eldigitaldeasturias.com\/noticias\/comienza-el-camino-universal-a-santiago-de-compostela-2017\/#breadcrumblist","itemListElement":[{"@type":"ListItem","@id":"https:\/\/www.eldigitaldeasturias.com\/noticias#listItem","position":1,"name":"Home","item":"https:\/\/www.eldigitaldeasturias.com\/noticias","nextItem":{"@type":"ListItem","@id":"https:\/\/www.eldigitaldeasturias.com\/noticias\/category\/destacadas\/#listItem","name":"Destacadas"}},{"@type":"ListItem","@id":"https:\/\/www.eldigitaldeasturias.com\/noticias\/category\/destacadas\/#listItem","position":2,"name":"Destacadas","item":"https:\/\/www.eldigitaldeasturias.com\/noticias\/category\/destacadas\/","nextItem":{"@type":"ListItem","@id":"https:\/\/www.eldigitaldeasturias.com\/noticias\/comienza-el-camino-universal-a-santiago-de-compostela-2017\/#listItem","name":"Comienza el Camino Universal a Santiago de Compostela 2017"},"previousItem":{"@type":"ListItem","@id":"https:\/\/www.eldigitaldeasturias.com\/noticias#listItem","name":"Home"}},{"@type":"ListItem","@id":"https:\/\/www.eldigitaldeasturias.com\/noticias\/comienza-el-camino-universal-a-santiago-de-compostela-2017\/#listItem","position":3,"name":"Comienza el Camino Universal a Santiago de Compostela 2017","previousItem":{"@type":"ListItem","@id":"https:\/\/www.eldigitaldeasturias.com\/noticias\/category\/destacadas\/#listItem","name":"Destacadas"}}]},{"@type":"Organization","@id":"https:\/\/www.eldigitaldeasturias.com\/noticias\/#organization","name":"El Digital de Asturias","description":"Hemeroteca","url":"https:\/\/www.eldigitaldeasturias.com\/noticias\/","email":"info@eldigitaldeasturias.com","telephone":"+34652131393","logo":{"@type":"ImageObject","url":"https:\/\/www.eldigitaldeasturias.com\/noticias\/wp-content\/uploads\/2020\/12\/EDA.jpg","@id":"https:\/\/www.eldigitaldeasturias.com\/noticias\/comienza-el-camino-universal-a-santiago-de-compostela-2017\/#organizationLogo","width":649,"height":297},"image":{"@id":"https:\/\/www.eldigitaldeasturias.com\/noticias\/comienza-el-camino-universal-a-santiago-de-compostela-2017\/#organizationLogo"},"sameAs":["https:\/\/facebook.com\/eldigitaldeasturias","https:\/\/www.youtube.com\/channel\/UCZP-2wLEB9Rv6erhFmqVnvg"],"address":{"@id":"https:\/\/www.eldigitaldeasturias.com\/noticias\/#postaladdress","@type":"PostalAddress","streetAddress":"san antonio 4,","postalCode":"33430","addressLocality":"Cand\u00e1s","addressRegion":"Asturias","addressCountry":"ES"}},{"@type":"Person","@id":"https:\/\/www.eldigitaldeasturias.com\/noticias\/author\/admin\/#author","url":"https:\/\/www.eldigitaldeasturias.com\/noticias\/author\/admin\/","name":"El Digital de Asturias","image":{"@type":"ImageObject","@id":"https:\/\/www.eldigitaldeasturias.com\/noticias\/comienza-el-camino-universal-a-santiago-de-compostela-2017\/#authorImage","url":"https:\/\/www.eldigitaldeasturias.com\/noticias\/wp-content\/litespeed\/avatar\/18677e78aa0546b92d9dbf31ec7d7668.jpg?ver=1777290358","width":96,"height":96,"caption":"El Digital de Asturias"}},{"@type":"WebPage","@id":"https:\/\/www.eldigitaldeasturias.com\/noticias\/comienza-el-camino-universal-a-santiago-de-compostela-2017\/#webpage","url":"https:\/\/www.eldigitaldeasturias.com\/noticias\/comienza-el-camino-universal-a-santiago-de-compostela-2017\/","name":"Comienza el Camino Universal a Santiago de Compostela 2017 - El Digital de Asturias","description":"Personas de cada continente caminar\u00e1n hasta Santiago de Compostela del 18 al 22 de julio para preparar el futuro. Educaci\u00f3n, salud, arte y cultura, econom\u00eda y acci\u00f3n humanitaria son las claves para reflexionar en esta XI edici\u00f3n del Camino Universal. Caminamos para reconocer lo que nos une, un buen motivo para compartir experiencias, reflexionar sobre","inLanguage":"es-ES","isPartOf":{"@id":"https:\/\/www.eldigitaldeasturias.com\/noticias\/#website"},"breadcrumb":{"@id":"https:\/\/www.eldigitaldeasturias.com\/noticias\/comienza-el-camino-universal-a-santiago-de-compostela-2017\/#breadcrumblist"},"author":{"@id":"https:\/\/www.eldigitaldeasturias.com\/noticias\/author\/admin\/#author"},"creator":{"@id":"https:\/\/www.eldigitaldeasturias.com\/noticias\/author\/admin\/#author"},"image":{"@type":"ImageObject","url":"https:\/\/www.eldigitaldeasturias.com\/noticias\/wp-content\/uploads\/2016\/01\/camino.jpg","@id":"https:\/\/www.eldigitaldeasturias.com\/noticias\/comienza-el-camino-universal-a-santiago-de-compostela-2017\/#mainImage","width":800,"height":600},"primaryImageOfPage":{"@id":"https:\/\/www.eldigitaldeasturias.com\/noticias\/comienza-el-camino-universal-a-santiago-de-compostela-2017\/#mainImage"},"datePublished":"2017-04-10T19:26:38+02:00","dateModified":"2017-04-10T19:29:12+02:00"},{"@type":"WebSite","@id":"https:\/\/www.eldigitaldeasturias.com\/noticias\/#website","url":"https:\/\/www.eldigitaldeasturias.com\/noticias\/","name":"El Digital de Asturias - Diario de actualidad y noticias","alternateName":"El Digital de Asturias - Diario de actualidad y noticias","description":"Hemeroteca","inLanguage":"es-ES","publisher":{"@id":"https:\/\/www.eldigitaldeasturias.com\/noticias\/#organization"}}]},"og:locale":"es_ES","og:site_name":"El Digital de Asturias","og:type":"article","og:title":"Comienza el Camino Universal a Santiago de Compostela 2017 - El Digital de Asturias","og:description":"Personas de cada continente caminar\u00e1n hasta Santiago de Compostela del 18 al 22 de julio para preparar el futuro. Educaci\u00f3n, salud, arte y cultura, econom\u00eda y acci\u00f3n humanitaria son las claves para reflexionar en esta XI edici\u00f3n del Camino Universal. Caminamos para reconocer lo que nos une, un buen motivo para compartir experiencias, reflexionar sobre","og:url":"https:\/\/www.eldigitaldeasturias.com\/noticias\/comienza-el-camino-universal-a-santiago-de-compostela-2017\/","og:image":"https:\/\/www.eldigitaldeasturias.com\/noticias\/wp-content\/uploads\/2016\/01\/camino.jpg","og:image:secure_url":"https:\/\/www.eldigitaldeasturias.com\/noticias\/wp-content\/uploads\/2016\/01\/camino.jpg","og:image:width":800,"og:image:height":600,"article:tag":["destacadas"],"article:published_time":"2017-04-10T19:26:38+00:00","article:modified_time":"2017-04-10T19:29:12+00:00","article:publisher":"https:\/\/facebook.com\/eldigitaldeasturias","twitter:card":"summary_large_image","twitter:title":"Comienza el Camino Universal a Santiago de Compostela 2017 - El Digital de Asturias","twitter:description":"Personas de cada continente caminar\u00e1n hasta Santiago de Compostela del 18 al 22 de julio para preparar el futuro. Educaci\u00f3n, salud, arte y cultura, econom\u00eda y acci\u00f3n humanitaria son las claves para reflexionar en esta XI edici\u00f3n del Camino Universal. Caminamos para reconocer lo que nos une, un buen motivo para compartir experiencias, reflexionar sobre","twitter:image":"https:\/\/www.eldigitaldeasturias.com\/noticias\/wp-content\/uploads\/2016\/01\/camino.jpg","twitter:label1":"Escrito por","twitter:data1":"El Digital de Asturias","twitter:label2":"Tiempo de lectura estimado","twitter:data2":"3 minutos"},"aioseo_meta_data":{"post_id":"933567","title":null,"description":null,"keywords":null,"keyphrases":null,"primary_term":null,"canonical_url":null,"og_title":null,"og_description":null,"og_object_type":"default","og_image_type":"default","og_image_url":null,"og_image_width":null,"og_image_height":null,"og_image_custom_url":null,"og_image_custom_fields":null,"og_video":null,"og_custom_url":null,"og_article_section":null,"og_article_tags":null,"twitter_use_og":false,"twitter_card":"default","twitter_image_type":"default","twitter_image_url":null,"twitter_image_custom_url":null,"twitter_image_custom_fields":null,"twitter_title":null,"twitter_description":null,"schema":{"blockGraphs":[],"customGraphs":[],"default":{"data":{"Article":[],"Course":[],"Dataset":[],"FAQPage":[],"Movie":[],"Person":[],"Product":[],"ProductReview":[],"Car":[],"Recipe":[],"Service":[],"SoftwareApplication":[],"WebPage":[]},"graphName":"","isEnabled":true},"graphs":[],"defaultGraph":"","defaultPostTypeGraph":""},"schema_type":null,"schema_type_options":null,"pillar_content":false,"robots_default":true,"robots_noindex":false,"robots_noarchive":false,"robots_nosnippet":false,"robots_nofollow":false,"robots_noimageindex":false,"robots_noodp":false,"robots_notranslate":false,"robots_max_snippet":null,"robots_max_videopreview":null,"robots_max_imagepreview":"large","priority":null,"frequency":null,"local_seo":null,"seo_analyzer_scan_date":"2025-12-11 19:54:48","breadcrumb_settings":null,"limit_modified_date":false,"open_ai":null,"ai":null,"created":"2020-12-21 13:31:38","updated":"2025-12-11 19:54:48"},"aioseo_breadcrumb":"<div class=\"aioseo-breadcrumbs\"><span class=\"aioseo-breadcrumb\">\n\t<a href=\"https:\/\/www.eldigitaldeasturias.com\/noticias\" title=\"Home\">Home<\/a>\n<\/span><span class=\"aioseo-breadcrumb-separator\">\u2013<\/span><span class=\"aioseo-breadcrumb\">\n\t<a href=\"https:\/\/www.eldigitaldeasturias.com\/noticias\/category\/destacadas\/\" title=\"Destacadas\">Destacadas<\/a>\n<\/span><span class=\"aioseo-breadcrumb-separator\">\u2013<\/span><span class=\"aioseo-breadcrumb\">\n\t<a href=\"https:\/\/www.eldigitaldeasturias.com\/noticias\/comienza-el-camino-universal-a-santiago-de-compostela-2017\/\" title=\"Comienza el Camino Universal a Santiago de Compostela 2017\">Comienza el Camino Universal a Santiago de Compostela 2017<\/a>\n<\/span><\/div>","aioseo_breadcrumb_json":[{"label":"Home","link":"https:\/\/www.eldigitaldeasturias.com\/noticias"},{"label":"Destacadas","link":"https:\/\/www.eldigitaldeasturias.com\/noticias\/category\/destacadas\/"},{"label":"Comienza el Camino Universal a Santiago de Compostela 2017","link":"https:\/\/www.eldigitaldeasturias.com\/noticias\/comienza-el-camino-universal-a-santiago-de-compostela-2017\/"}],"_links":{"self":[{"href":"https:\/\/www.eldigitaldeasturias.com\/noticias\/wp-json\/wp\/v2\/posts\/933567","targetHints":{"allow":["GET"]}}],"collection":[{"href":"https:\/\/www.eldigitaldeasturias.com\/noticias\/wp-json\/wp\/v2\/posts"}],"about":[{"href":"https:\/\/www.eldigitaldeasturias.com\/noticias\/wp-json\/wp\/v2\/types\/post"}],"author":[{"embeddable":true,"href":"https:\/\/www.eldigitaldeasturias.com\/noticias\/wp-json\/wp\/v2\/users\/1"}],"replies":[{"embeddable":true,"href":"https:\/\/www.eldigitaldeasturias.com\/noticias\/wp-json\/wp\/v2\/comments?post=933567"}],"version-history":[{"count":0,"href":"https:\/\/www.eldigitaldeasturias.com\/noticias\/wp-json\/wp\/v2\/posts\/933567\/revisions"}],"wp:featuredmedia":[{"embeddable":true,"href":"https:\/\/www.eldigitaldeasturias.com\/noticias\/wp-json\/wp\/v2\/media\/845586"}],"wp:attachment":[{"href":"https:\/\/www.eldigitaldeasturias.com\/noticias\/wp-json\/wp\/v2\/media?parent=933567"}],"wp:term":[{"taxonomy":"category","embeddable":true,"href":"https:\/\/www.eldigitaldeasturias.com\/noticias\/wp-json\/wp\/v2\/categories?post=933567"},{"taxonomy":"post_tag","embeddable":true,"href":"https:\/\/www.eldigitaldeasturias.com\/noticias\/wp-json\/wp\/v2\/tags?post=933567"}],"curies":[{"name":"wp","href":"https:\/\/api.w.org\/{rel}","templated":true}]}}