{"id":933111,"date":"2017-04-06T09:07:56","date_gmt":"2017-04-06T09:07:56","guid":{"rendered":"http:\/\/www.eldigitaldeasturias.com\/noticias\/?p=933111"},"modified":"2017-04-06T09:07:56","modified_gmt":"2017-04-06T09:07:56","slug":"el-principado-apoyara-a-los-alimentos-con-denominacion-o-indicacion-protegida","status":"publish","type":"post","link":"https:\/\/www.eldigitaldeasturias.com\/noticias\/el-principado-apoyara-a-los-alimentos-con-denominacion-o-indicacion-protegida\/","title":{"rendered":"El Principado apoyar\u00e1 a los alimentos con denominaci\u00f3n o indicaci\u00f3n protegida"},"content":{"rendered":"<p><img loading=\"lazy\" decoding=\"async\" class=\"alignleft size-medium wp-image-919284\" src=\"https:\/\/www.eldigitaldeasturias.com\/noticias\/wp-content\/uploads\/2016\/12\/Consejo-Gobierno2-360x240.jpg\" alt=\"\" width=\"360\" height=\"240\" srcset=\"https:\/\/www.eldigitaldeasturias.com\/noticias\/wp-content\/uploads\/2016\/12\/Consejo-Gobierno2-360x240.jpg 360w, https:\/\/www.eldigitaldeasturias.com\/noticias\/wp-content\/uploads\/2016\/12\/Consejo-Gobierno2-768x512.jpg 768w, https:\/\/www.eldigitaldeasturias.com\/noticias\/wp-content\/uploads\/2016\/12\/Consejo-Gobierno2-650x433.jpg 650w, https:\/\/www.eldigitaldeasturias.com\/noticias\/wp-content\/uploads\/2016\/12\/Consejo-Gobierno2.jpg 1280w\" sizes=\"auto, (max-width: 360px) 100vw, 360px\" \/>El Consejo de Gobierno ha acordado dedicar 1.297.000 euros a la convocatoria de ayudas destinadas a impulsar los productos asturianos de calidad agroalimentaria diferenciada, as\u00ed como su reconocimiento, control y promoci\u00f3n, a trav\u00e9s de los consejos reguladores de la de Indicaci\u00f3n Geogr\u00e1fica Protegida (IGP) y la Denominaci\u00f3n de Origen Protegida (DOP).<\/p>\n<p>El Principado considera fundamental que sean estas entidades, colaboradoras de la Administraci\u00f3n auton\u00f3mica, las que desarrollen prioritariamente ambas tareas que, si se llevan a cabo adecuadamente, contribuyen a generar confianza en el consumidor y mejoran la comercializaci\u00f3n de las producciones.<\/p>\n<p>Asturias cuenta con 6.807 productores integrados en alguna de las diez marcas de calidad diferenciada que existen. En concreto, disponen de denominaci\u00f3n de origen protegida los quesos de Cabrales, Gamon\u00e9u, Afuega\u00b4l Pitu y Cas\u00edn, adem\u00e1s de la sidra de Asturias y el vino de Cangas del Narcea. La IGP ampara las producciones de faba y ternera asturiana, el chosco de Tineo, el queso de Los Beyos.<\/p>\n<p>Todos estos alimentos generan actividad econ\u00f3mica, empleo y una renta muy importante, de manera que incluso en los a\u00f1os de la crisis han sido capaces de mantenerse y ganar terreno. Los productos asturianos con denominaci\u00f3n de origen (DOP) o indicaci\u00f3n geogr\u00e1fica protegida (IGP) alcanzaron un valor de mercado de 49,2 millones en 2016, lo que supone un incremento del 5% en relaci\u00f3n con el a\u00f1o anterior.<\/p>\n","protected":false},"excerpt":{"rendered":"<p>El Consejo de Gobierno ha acordado dedicar 1.297.000 euros a la convocatoria de ayudas destinadas a impulsar los productos asturianos de calidad agroalimentaria diferenciada, as\u00ed como su reconocimiento, control y promoci\u00f3n, a trav\u00e9s de los consejos reguladores de la de Indicaci\u00f3n Geogr\u00e1fica Protegida (IGP) y la Denominaci\u00f3n de Origen Protegida (DOP). El Principado considera fundamental [&hellip;]<\/p>\n","protected":false},"author":1,"featured_media":919279,"comment_status":"closed","ping_status":"closed","sticky":false,"template":"","format":"standard","meta":{"footnotes":""},"categories":[141],"tags":[],"class_list":["post-933111","post","type-post","status-publish","format-standard","has-post-thumbnail","hentry","category-destacadas"],"aioseo_notices":[],"aioseo_head":"\n\t\t<!-- All in One SEO Pro 4.9.6.2 - aioseo.com -->\n\t<meta name=\"description\" content=\"El Consejo de Gobierno ha acordado dedicar 1.297.000 euros a la convocatoria de ayudas destinadas a impulsar los productos asturianos de calidad agroalimentaria diferenciada, as\u00ed como su reconocimiento, control y promoci\u00f3n, a trav\u00e9s de los consejos reguladores de la de Indicaci\u00f3n Geogr\u00e1fica Protegida (IGP) y la Denominaci\u00f3n de Origen Protegida (DOP). El Principado considera fundamental\" \/>\n\t<meta name=\"robots\" content=\"max-image-preview:large\" \/>\n\t<meta name=\"author\" content=\"El Digital de Asturias\"\/>\n\t<meta name=\"google-site-verification\" content=\"UA-38556648-1\" \/>\n\t<meta name=\"msvalidate.01\" content=\"7dfe9f3f1b24437ab69f4f2559babe99\" \/>\n\t<meta name=\"keywords\" content=\"destacadas\" \/>\n\t<link rel=\"canonical\" href=\"https:\/\/www.eldigitaldeasturias.com\/noticias\/el-principado-apoyara-a-los-alimentos-con-denominacion-o-indicacion-protegida\/\" \/>\n\t<meta name=\"generator\" content=\"All in One SEO Pro (AIOSEO) 4.9.6.2\" \/>\n\t\t<meta property=\"og:locale\" content=\"es_ES\" \/>\n\t\t<meta property=\"og:site_name\" content=\"El Digital de Asturias\" \/>\n\t\t<meta property=\"og:type\" content=\"article\" \/>\n\t\t<meta property=\"og:title\" content=\"El Principado apoyar\u00e1 a los alimentos con denominaci\u00f3n o indicaci\u00f3n protegida - El Digital de Asturias\" \/>\n\t\t<meta property=\"og:description\" content=\"El Consejo de Gobierno ha acordado dedicar 1.297.000 euros a la convocatoria de ayudas destinadas a impulsar los productos asturianos de calidad agroalimentaria diferenciada, as\u00ed como su reconocimiento, control y promoci\u00f3n, a trav\u00e9s de los consejos reguladores de la de Indicaci\u00f3n Geogr\u00e1fica Protegida (IGP) y la Denominaci\u00f3n de Origen Protegida (DOP). El Principado considera fundamental\" \/>\n\t\t<meta property=\"og:url\" content=\"https:\/\/www.eldigitaldeasturias.com\/noticias\/el-principado-apoyara-a-los-alimentos-con-denominacion-o-indicacion-protegida\/\" \/>\n\t\t<meta property=\"og:image\" content=\"https:\/\/www.eldigitaldeasturias.com\/noticias\/wp-content\/uploads\/2016\/12\/Consejo-Gobierno1.jpg\" \/>\n\t\t<meta property=\"og:image:secure_url\" content=\"https:\/\/www.eldigitaldeasturias.com\/noticias\/wp-content\/uploads\/2016\/12\/Consejo-Gobierno1.jpg\" \/>\n\t\t<meta property=\"og:image:width\" content=\"1280\" \/>\n\t\t<meta property=\"og:image:height\" content=\"853\" \/>\n\t\t<meta property=\"article:tag\" content=\"destacadas\" \/>\n\t\t<meta property=\"article:published_time\" content=\"2017-04-06T09:07:56+00:00\" \/>\n\t\t<meta property=\"article:modified_time\" content=\"2017-04-06T09:07:56+00:00\" \/>\n\t\t<meta property=\"article:publisher\" content=\"https:\/\/facebook.com\/eldigitaldeasturias\" \/>\n\t\t<meta name=\"twitter:card\" content=\"summary_large_image\" \/>\n\t\t<meta name=\"twitter:title\" content=\"El Principado apoyar\u00e1 a los alimentos con denominaci\u00f3n o indicaci\u00f3n protegida - El Digital de Asturias\" \/>\n\t\t<meta name=\"twitter:description\" content=\"El Consejo de Gobierno ha acordado dedicar 1.297.000 euros a la convocatoria de ayudas destinadas a impulsar los productos asturianos de calidad agroalimentaria diferenciada, as\u00ed como su reconocimiento, control y promoci\u00f3n, a trav\u00e9s de los consejos reguladores de la de Indicaci\u00f3n Geogr\u00e1fica Protegida (IGP) y la Denominaci\u00f3n de Origen Protegida (DOP). El Principado considera fundamental\" \/>\n\t\t<meta name=\"twitter:image\" content=\"https:\/\/www.eldigitaldeasturias.com\/noticias\/wp-content\/uploads\/2016\/12\/Consejo-Gobierno1.jpg\" \/>\n\t\t<meta name=\"twitter:label1\" content=\"Escrito por\" \/>\n\t\t<meta name=\"twitter:data1\" content=\"El Digital de Asturias\" \/>\n\t\t<meta name=\"twitter:label2\" content=\"Tiempo de lectura estimado\" \/>\n\t\t<meta name=\"twitter:data2\" content=\"1 minuto\" \/>\n\t\t<script type=\"application\/ld+json\" class=\"aioseo-schema\">\n\t\t\t{\"@context\":\"https:\\\/\\\/schema.org\",\"@graph\":[{\"@type\":\"BlogPosting\",\"@id\":\"https:\\\/\\\/www.eldigitaldeasturias.com\\\/noticias\\\/el-principado-apoyara-a-los-alimentos-con-denominacion-o-indicacion-protegida\\\/#blogposting\",\"name\":\"El Principado apoyar\\u00e1 a los alimentos con denominaci\\u00f3n o indicaci\\u00f3n protegida - El Digital de Asturias\",\"headline\":\"El Principado apoyar\\u00e1 a los alimentos con denominaci\\u00f3n o indicaci\\u00f3n protegida\",\"author\":{\"@id\":\"https:\\\/\\\/www.eldigitaldeasturias.com\\\/noticias\\\/author\\\/admin\\\/#author\"},\"publisher\":{\"@id\":\"https:\\\/\\\/www.eldigitaldeasturias.com\\\/noticias\\\/#organization\"},\"image\":{\"@type\":\"ImageObject\",\"url\":\"https:\\\/\\\/www.eldigitaldeasturias.com\\\/noticias\\\/wp-content\\\/uploads\\\/2016\\\/12\\\/Consejo-Gobierno1.jpg\",\"width\":1280,\"height\":853},\"datePublished\":\"2017-04-06T09:07:56+02:00\",\"dateModified\":\"2017-04-06T09:07:56+02:00\",\"inLanguage\":\"es-ES\",\"mainEntityOfPage\":{\"@id\":\"https:\\\/\\\/www.eldigitaldeasturias.com\\\/noticias\\\/el-principado-apoyara-a-los-alimentos-con-denominacion-o-indicacion-protegida\\\/#webpage\"},\"isPartOf\":{\"@id\":\"https:\\\/\\\/www.eldigitaldeasturias.com\\\/noticias\\\/el-principado-apoyara-a-los-alimentos-con-denominacion-o-indicacion-protegida\\\/#webpage\"},\"articleSection\":\"Destacadas\"},{\"@type\":\"BreadcrumbList\",\"@id\":\"https:\\\/\\\/www.eldigitaldeasturias.com\\\/noticias\\\/el-principado-apoyara-a-los-alimentos-con-denominacion-o-indicacion-protegida\\\/#breadcrumblist\",\"itemListElement\":[{\"@type\":\"ListItem\",\"@id\":\"https:\\\/\\\/www.eldigitaldeasturias.com\\\/noticias#listItem\",\"position\":1,\"name\":\"Home\",\"item\":\"https:\\\/\\\/www.eldigitaldeasturias.com\\\/noticias\",\"nextItem\":{\"@type\":\"ListItem\",\"@id\":\"https:\\\/\\\/www.eldigitaldeasturias.com\\\/noticias\\\/category\\\/destacadas\\\/#listItem\",\"name\":\"Destacadas\"}},{\"@type\":\"ListItem\",\"@id\":\"https:\\\/\\\/www.eldigitaldeasturias.com\\\/noticias\\\/category\\\/destacadas\\\/#listItem\",\"position\":2,\"name\":\"Destacadas\",\"item\":\"https:\\\/\\\/www.eldigitaldeasturias.com\\\/noticias\\\/category\\\/destacadas\\\/\",\"nextItem\":{\"@type\":\"ListItem\",\"@id\":\"https:\\\/\\\/www.eldigitaldeasturias.com\\\/noticias\\\/el-principado-apoyara-a-los-alimentos-con-denominacion-o-indicacion-protegida\\\/#listItem\",\"name\":\"El Principado apoyar\\u00e1 a los alimentos con denominaci\\u00f3n o indicaci\\u00f3n protegida\"},\"previousItem\":{\"@type\":\"ListItem\",\"@id\":\"https:\\\/\\\/www.eldigitaldeasturias.com\\\/noticias#listItem\",\"name\":\"Home\"}},{\"@type\":\"ListItem\",\"@id\":\"https:\\\/\\\/www.eldigitaldeasturias.com\\\/noticias\\\/el-principado-apoyara-a-los-alimentos-con-denominacion-o-indicacion-protegida\\\/#listItem\",\"position\":3,\"name\":\"El Principado apoyar\\u00e1 a los alimentos con denominaci\\u00f3n o indicaci\\u00f3n protegida\",\"previousItem\":{\"@type\":\"ListItem\",\"@id\":\"https:\\\/\\\/www.eldigitaldeasturias.com\\\/noticias\\\/category\\\/destacadas\\\/#listItem\",\"name\":\"Destacadas\"}}]},{\"@type\":\"Organization\",\"@id\":\"https:\\\/\\\/www.eldigitaldeasturias.com\\\/noticias\\\/#organization\",\"name\":\"El Digital de Asturias\",\"description\":\"Hemeroteca\",\"url\":\"https:\\\/\\\/www.eldigitaldeasturias.com\\\/noticias\\\/\",\"email\":\"info@eldigitaldeasturias.com\",\"telephone\":\"+34652131393\",\"logo\":{\"@type\":\"ImageObject\",\"url\":\"https:\\\/\\\/www.eldigitaldeasturias.com\\\/noticias\\\/wp-content\\\/uploads\\\/2020\\\/12\\\/EDA.jpg\",\"@id\":\"https:\\\/\\\/www.eldigitaldeasturias.com\\\/noticias\\\/el-principado-apoyara-a-los-alimentos-con-denominacion-o-indicacion-protegida\\\/#organizationLogo\",\"width\":649,\"height\":297},\"image\":{\"@id\":\"https:\\\/\\\/www.eldigitaldeasturias.com\\\/noticias\\\/el-principado-apoyara-a-los-alimentos-con-denominacion-o-indicacion-protegida\\\/#organizationLogo\"},\"sameAs\":[\"https:\\\/\\\/facebook.com\\\/eldigitaldeasturias\",\"https:\\\/\\\/www.youtube.com\\\/channel\\\/UCZP-2wLEB9Rv6erhFmqVnvg\"],\"address\":{\"@id\":\"https:\\\/\\\/www.eldigitaldeasturias.com\\\/noticias\\\/#postaladdress\",\"@type\":\"PostalAddress\",\"streetAddress\":\"san antonio 4,\",\"postalCode\":\"33430\",\"addressLocality\":\"Cand\\u00e1s\",\"addressRegion\":\"Asturias\",\"addressCountry\":\"ES\"}},{\"@type\":\"Person\",\"@id\":\"https:\\\/\\\/www.eldigitaldeasturias.com\\\/noticias\\\/author\\\/admin\\\/#author\",\"url\":\"https:\\\/\\\/www.eldigitaldeasturias.com\\\/noticias\\\/author\\\/admin\\\/\",\"name\":\"El Digital de Asturias\",\"image\":{\"@type\":\"ImageObject\",\"@id\":\"https:\\\/\\\/www.eldigitaldeasturias.com\\\/noticias\\\/el-principado-apoyara-a-los-alimentos-con-denominacion-o-indicacion-protegida\\\/#authorImage\",\"url\":\"https:\\\/\\\/www.eldigitaldeasturias.com\\\/noticias\\\/wp-content\\\/litespeed\\\/avatar\\\/18677e78aa0546b92d9dbf31ec7d7668.jpg?ver=1777290358\",\"width\":96,\"height\":96,\"caption\":\"El Digital de Asturias\"}},{\"@type\":\"WebPage\",\"@id\":\"https:\\\/\\\/www.eldigitaldeasturias.com\\\/noticias\\\/el-principado-apoyara-a-los-alimentos-con-denominacion-o-indicacion-protegida\\\/#webpage\",\"url\":\"https:\\\/\\\/www.eldigitaldeasturias.com\\\/noticias\\\/el-principado-apoyara-a-los-alimentos-con-denominacion-o-indicacion-protegida\\\/\",\"name\":\"El Principado apoyar\\u00e1 a los alimentos con denominaci\\u00f3n o indicaci\\u00f3n protegida - El Digital de Asturias\",\"description\":\"El Consejo de Gobierno ha acordado dedicar 1.297.000 euros a la convocatoria de ayudas destinadas a impulsar los productos asturianos de calidad agroalimentaria diferenciada, as\\u00ed como su reconocimiento, control y promoci\\u00f3n, a trav\\u00e9s de los consejos reguladores de la de Indicaci\\u00f3n Geogr\\u00e1fica Protegida (IGP) y la Denominaci\\u00f3n de Origen Protegida (DOP). El Principado considera fundamental\",\"inLanguage\":\"es-ES\",\"isPartOf\":{\"@id\":\"https:\\\/\\\/www.eldigitaldeasturias.com\\\/noticias\\\/#website\"},\"breadcrumb\":{\"@id\":\"https:\\\/\\\/www.eldigitaldeasturias.com\\\/noticias\\\/el-principado-apoyara-a-los-alimentos-con-denominacion-o-indicacion-protegida\\\/#breadcrumblist\"},\"author\":{\"@id\":\"https:\\\/\\\/www.eldigitaldeasturias.com\\\/noticias\\\/author\\\/admin\\\/#author\"},\"creator\":{\"@id\":\"https:\\\/\\\/www.eldigitaldeasturias.com\\\/noticias\\\/author\\\/admin\\\/#author\"},\"image\":{\"@type\":\"ImageObject\",\"url\":\"https:\\\/\\\/www.eldigitaldeasturias.com\\\/noticias\\\/wp-content\\\/uploads\\\/2016\\\/12\\\/Consejo-Gobierno1.jpg\",\"@id\":\"https:\\\/\\\/www.eldigitaldeasturias.com\\\/noticias\\\/el-principado-apoyara-a-los-alimentos-con-denominacion-o-indicacion-protegida\\\/#mainImage\",\"width\":1280,\"height\":853},\"primaryImageOfPage\":{\"@id\":\"https:\\\/\\\/www.eldigitaldeasturias.com\\\/noticias\\\/el-principado-apoyara-a-los-alimentos-con-denominacion-o-indicacion-protegida\\\/#mainImage\"},\"datePublished\":\"2017-04-06T09:07:56+02:00\",\"dateModified\":\"2017-04-06T09:07:56+02:00\"},{\"@type\":\"WebSite\",\"@id\":\"https:\\\/\\\/www.eldigitaldeasturias.com\\\/noticias\\\/#website\",\"url\":\"https:\\\/\\\/www.eldigitaldeasturias.com\\\/noticias\\\/\",\"name\":\"El Digital de Asturias - Diario de actualidad y noticias\",\"alternateName\":\"El Digital de Asturias - Diario de actualidad y noticias\",\"description\":\"Hemeroteca\",\"inLanguage\":\"es-ES\",\"publisher\":{\"@id\":\"https:\\\/\\\/www.eldigitaldeasturias.com\\\/noticias\\\/#organization\"}}]}\n\t\t<\/script>\n\t\t<!-- All in One SEO Pro -->\r\n\t\t<title>El Principado apoyar\u00e1 a los alimentos con denominaci\u00f3n o indicaci\u00f3n protegida - El Digital de Asturias<\/title>\n\n","aioseo_head_json":{"title":"El Principado apoyar\u00e1 a los alimentos con denominaci\u00f3n o indicaci\u00f3n protegida - El Digital de Asturias","description":"El Consejo de Gobierno ha acordado dedicar 1.297.000 euros a la convocatoria de ayudas destinadas a impulsar los productos asturianos de calidad agroalimentaria diferenciada, as\u00ed como su reconocimiento, control y promoci\u00f3n, a trav\u00e9s de los consejos reguladores de la de Indicaci\u00f3n Geogr\u00e1fica Protegida (IGP) y la Denominaci\u00f3n de Origen Protegida (DOP). El Principado considera fundamental","canonical_url":"https:\/\/www.eldigitaldeasturias.com\/noticias\/el-principado-apoyara-a-los-alimentos-con-denominacion-o-indicacion-protegida\/","robots":"max-image-preview:large","keywords":"destacadas","webmasterTools":{"google-site-verification":"UA-38556648-1","msvalidate.01":"7dfe9f3f1b24437ab69f4f2559babe99","miscellaneous":""},"schema":{"@context":"https:\/\/schema.org","@graph":[{"@type":"BlogPosting","@id":"https:\/\/www.eldigitaldeasturias.com\/noticias\/el-principado-apoyara-a-los-alimentos-con-denominacion-o-indicacion-protegida\/#blogposting","name":"El Principado apoyar\u00e1 a los alimentos con denominaci\u00f3n o indicaci\u00f3n protegida - El Digital de Asturias","headline":"El Principado apoyar\u00e1 a los alimentos con denominaci\u00f3n o indicaci\u00f3n protegida","author":{"@id":"https:\/\/www.eldigitaldeasturias.com\/noticias\/author\/admin\/#author"},"publisher":{"@id":"https:\/\/www.eldigitaldeasturias.com\/noticias\/#organization"},"image":{"@type":"ImageObject","url":"https:\/\/www.eldigitaldeasturias.com\/noticias\/wp-content\/uploads\/2016\/12\/Consejo-Gobierno1.jpg","width":1280,"height":853},"datePublished":"2017-04-06T09:07:56+02:00","dateModified":"2017-04-06T09:07:56+02:00","inLanguage":"es-ES","mainEntityOfPage":{"@id":"https:\/\/www.eldigitaldeasturias.com\/noticias\/el-principado-apoyara-a-los-alimentos-con-denominacion-o-indicacion-protegida\/#webpage"},"isPartOf":{"@id":"https:\/\/www.eldigitaldeasturias.com\/noticias\/el-principado-apoyara-a-los-alimentos-con-denominacion-o-indicacion-protegida\/#webpage"},"articleSection":"Destacadas"},{"@type":"BreadcrumbList","@id":"https:\/\/www.eldigitaldeasturias.com\/noticias\/el-principado-apoyara-a-los-alimentos-con-denominacion-o-indicacion-protegida\/#breadcrumblist","itemListElement":[{"@type":"ListItem","@id":"https:\/\/www.eldigitaldeasturias.com\/noticias#listItem","position":1,"name":"Home","item":"https:\/\/www.eldigitaldeasturias.com\/noticias","nextItem":{"@type":"ListItem","@id":"https:\/\/www.eldigitaldeasturias.com\/noticias\/category\/destacadas\/#listItem","name":"Destacadas"}},{"@type":"ListItem","@id":"https:\/\/www.eldigitaldeasturias.com\/noticias\/category\/destacadas\/#listItem","position":2,"name":"Destacadas","item":"https:\/\/www.eldigitaldeasturias.com\/noticias\/category\/destacadas\/","nextItem":{"@type":"ListItem","@id":"https:\/\/www.eldigitaldeasturias.com\/noticias\/el-principado-apoyara-a-los-alimentos-con-denominacion-o-indicacion-protegida\/#listItem","name":"El Principado apoyar\u00e1 a los alimentos con denominaci\u00f3n o indicaci\u00f3n protegida"},"previousItem":{"@type":"ListItem","@id":"https:\/\/www.eldigitaldeasturias.com\/noticias#listItem","name":"Home"}},{"@type":"ListItem","@id":"https:\/\/www.eldigitaldeasturias.com\/noticias\/el-principado-apoyara-a-los-alimentos-con-denominacion-o-indicacion-protegida\/#listItem","position":3,"name":"El Principado apoyar\u00e1 a los alimentos con denominaci\u00f3n o indicaci\u00f3n protegida","previousItem":{"@type":"ListItem","@id":"https:\/\/www.eldigitaldeasturias.com\/noticias\/category\/destacadas\/#listItem","name":"Destacadas"}}]},{"@type":"Organization","@id":"https:\/\/www.eldigitaldeasturias.com\/noticias\/#organization","name":"El Digital de Asturias","description":"Hemeroteca","url":"https:\/\/www.eldigitaldeasturias.com\/noticias\/","email":"info@eldigitaldeasturias.com","telephone":"+34652131393","logo":{"@type":"ImageObject","url":"https:\/\/www.eldigitaldeasturias.com\/noticias\/wp-content\/uploads\/2020\/12\/EDA.jpg","@id":"https:\/\/www.eldigitaldeasturias.com\/noticias\/el-principado-apoyara-a-los-alimentos-con-denominacion-o-indicacion-protegida\/#organizationLogo","width":649,"height":297},"image":{"@id":"https:\/\/www.eldigitaldeasturias.com\/noticias\/el-principado-apoyara-a-los-alimentos-con-denominacion-o-indicacion-protegida\/#organizationLogo"},"sameAs":["https:\/\/facebook.com\/eldigitaldeasturias","https:\/\/www.youtube.com\/channel\/UCZP-2wLEB9Rv6erhFmqVnvg"],"address":{"@id":"https:\/\/www.eldigitaldeasturias.com\/noticias\/#postaladdress","@type":"PostalAddress","streetAddress":"san antonio 4,","postalCode":"33430","addressLocality":"Cand\u00e1s","addressRegion":"Asturias","addressCountry":"ES"}},{"@type":"Person","@id":"https:\/\/www.eldigitaldeasturias.com\/noticias\/author\/admin\/#author","url":"https:\/\/www.eldigitaldeasturias.com\/noticias\/author\/admin\/","name":"El Digital de Asturias","image":{"@type":"ImageObject","@id":"https:\/\/www.eldigitaldeasturias.com\/noticias\/el-principado-apoyara-a-los-alimentos-con-denominacion-o-indicacion-protegida\/#authorImage","url":"https:\/\/www.eldigitaldeasturias.com\/noticias\/wp-content\/litespeed\/avatar\/18677e78aa0546b92d9dbf31ec7d7668.jpg?ver=1777290358","width":96,"height":96,"caption":"El Digital de Asturias"}},{"@type":"WebPage","@id":"https:\/\/www.eldigitaldeasturias.com\/noticias\/el-principado-apoyara-a-los-alimentos-con-denominacion-o-indicacion-protegida\/#webpage","url":"https:\/\/www.eldigitaldeasturias.com\/noticias\/el-principado-apoyara-a-los-alimentos-con-denominacion-o-indicacion-protegida\/","name":"El Principado apoyar\u00e1 a los alimentos con denominaci\u00f3n o indicaci\u00f3n protegida - El Digital de Asturias","description":"El Consejo de Gobierno ha acordado dedicar 1.297.000 euros a la convocatoria de ayudas destinadas a impulsar los productos asturianos de calidad agroalimentaria diferenciada, as\u00ed como su reconocimiento, control y promoci\u00f3n, a trav\u00e9s de los consejos reguladores de la de Indicaci\u00f3n Geogr\u00e1fica Protegida (IGP) y la Denominaci\u00f3n de Origen Protegida (DOP). El Principado considera fundamental","inLanguage":"es-ES","isPartOf":{"@id":"https:\/\/www.eldigitaldeasturias.com\/noticias\/#website"},"breadcrumb":{"@id":"https:\/\/www.eldigitaldeasturias.com\/noticias\/el-principado-apoyara-a-los-alimentos-con-denominacion-o-indicacion-protegida\/#breadcrumblist"},"author":{"@id":"https:\/\/www.eldigitaldeasturias.com\/noticias\/author\/admin\/#author"},"creator":{"@id":"https:\/\/www.eldigitaldeasturias.com\/noticias\/author\/admin\/#author"},"image":{"@type":"ImageObject","url":"https:\/\/www.eldigitaldeasturias.com\/noticias\/wp-content\/uploads\/2016\/12\/Consejo-Gobierno1.jpg","@id":"https:\/\/www.eldigitaldeasturias.com\/noticias\/el-principado-apoyara-a-los-alimentos-con-denominacion-o-indicacion-protegida\/#mainImage","width":1280,"height":853},"primaryImageOfPage":{"@id":"https:\/\/www.eldigitaldeasturias.com\/noticias\/el-principado-apoyara-a-los-alimentos-con-denominacion-o-indicacion-protegida\/#mainImage"},"datePublished":"2017-04-06T09:07:56+02:00","dateModified":"2017-04-06T09:07:56+02:00"},{"@type":"WebSite","@id":"https:\/\/www.eldigitaldeasturias.com\/noticias\/#website","url":"https:\/\/www.eldigitaldeasturias.com\/noticias\/","name":"El Digital de Asturias - Diario de actualidad y noticias","alternateName":"El Digital de Asturias - Diario de actualidad y noticias","description":"Hemeroteca","inLanguage":"es-ES","publisher":{"@id":"https:\/\/www.eldigitaldeasturias.com\/noticias\/#organization"}}]},"og:locale":"es_ES","og:site_name":"El Digital de Asturias","og:type":"article","og:title":"El Principado apoyar\u00e1 a los alimentos con denominaci\u00f3n o indicaci\u00f3n protegida - El Digital de Asturias","og:description":"El Consejo de Gobierno ha acordado dedicar 1.297.000 euros a la convocatoria de ayudas destinadas a impulsar los productos asturianos de calidad agroalimentaria diferenciada, as\u00ed como su reconocimiento, control y promoci\u00f3n, a trav\u00e9s de los consejos reguladores de la de Indicaci\u00f3n Geogr\u00e1fica Protegida (IGP) y la Denominaci\u00f3n de Origen Protegida (DOP). El Principado considera fundamental","og:url":"https:\/\/www.eldigitaldeasturias.com\/noticias\/el-principado-apoyara-a-los-alimentos-con-denominacion-o-indicacion-protegida\/","og:image":"https:\/\/www.eldigitaldeasturias.com\/noticias\/wp-content\/uploads\/2016\/12\/Consejo-Gobierno1.jpg","og:image:secure_url":"https:\/\/www.eldigitaldeasturias.com\/noticias\/wp-content\/uploads\/2016\/12\/Consejo-Gobierno1.jpg","og:image:width":1280,"og:image:height":853,"article:tag":["destacadas"],"article:published_time":"2017-04-06T09:07:56+00:00","article:modified_time":"2017-04-06T09:07:56+00:00","article:publisher":"https:\/\/facebook.com\/eldigitaldeasturias","twitter:card":"summary_large_image","twitter:title":"El Principado apoyar\u00e1 a los alimentos con denominaci\u00f3n o indicaci\u00f3n protegida - El Digital de Asturias","twitter:description":"El Consejo de Gobierno ha acordado dedicar 1.297.000 euros a la convocatoria de ayudas destinadas a impulsar los productos asturianos de calidad agroalimentaria diferenciada, as\u00ed como su reconocimiento, control y promoci\u00f3n, a trav\u00e9s de los consejos reguladores de la de Indicaci\u00f3n Geogr\u00e1fica Protegida (IGP) y la Denominaci\u00f3n de Origen Protegida (DOP). El Principado considera fundamental","twitter:image":"https:\/\/www.eldigitaldeasturias.com\/noticias\/wp-content\/uploads\/2016\/12\/Consejo-Gobierno1.jpg","twitter:label1":"Escrito por","twitter:data1":"El Digital de Asturias","twitter:label2":"Tiempo de lectura estimado","twitter:data2":"1 minuto"},"aioseo_meta_data":{"post_id":"933111","title":null,"description":null,"keywords":null,"keyphrases":null,"primary_term":null,"canonical_url":null,"og_title":null,"og_description":null,"og_object_type":"default","og_image_type":"default","og_image_url":null,"og_image_width":null,"og_image_height":null,"og_image_custom_url":null,"og_image_custom_fields":null,"og_video":null,"og_custom_url":null,"og_article_section":null,"og_article_tags":null,"twitter_use_og":false,"twitter_card":"default","twitter_image_type":"default","twitter_image_url":null,"twitter_image_custom_url":null,"twitter_image_custom_fields":null,"twitter_title":null,"twitter_description":null,"schema":{"blockGraphs":[],"customGraphs":[],"default":{"data":{"Article":[],"Course":[],"Dataset":[],"FAQPage":[],"Movie":[],"Person":[],"Product":[],"ProductReview":[],"Car":[],"Recipe":[],"Service":[],"SoftwareApplication":[],"WebPage":[]},"graphName":"","isEnabled":true},"graphs":[],"defaultGraph":"","defaultPostTypeGraph":""},"schema_type":null,"schema_type_options":null,"pillar_content":false,"robots_default":true,"robots_noindex":false,"robots_noarchive":false,"robots_nosnippet":false,"robots_nofollow":false,"robots_noimageindex":false,"robots_noodp":false,"robots_notranslate":false,"robots_max_snippet":null,"robots_max_videopreview":null,"robots_max_imagepreview":"large","priority":null,"frequency":null,"local_seo":null,"seo_analyzer_scan_date":"2025-12-11 18:03:10","breadcrumb_settings":null,"limit_modified_date":false,"open_ai":null,"ai":null,"created":"2020-12-21 13:32:32","updated":"2025-12-11 18:03:10"},"aioseo_breadcrumb":"<div class=\"aioseo-breadcrumbs\"><span class=\"aioseo-breadcrumb\">\n\t<a href=\"https:\/\/www.eldigitaldeasturias.com\/noticias\" title=\"Home\">Home<\/a>\n<\/span><span class=\"aioseo-breadcrumb-separator\">\u2013<\/span><span class=\"aioseo-breadcrumb\">\n\t<a href=\"https:\/\/www.eldigitaldeasturias.com\/noticias\/category\/destacadas\/\" title=\"Destacadas\">Destacadas<\/a>\n<\/span><span class=\"aioseo-breadcrumb-separator\">\u2013<\/span><span class=\"aioseo-breadcrumb\">\n\t<a href=\"https:\/\/www.eldigitaldeasturias.com\/noticias\/el-principado-apoyara-a-los-alimentos-con-denominacion-o-indicacion-protegida\/\" title=\"El Principado apoyar\u00e1 a los alimentos con denominaci\u00f3n o indicaci\u00f3n protegida\">El Principado apoyar\u00e1 a los alimentos con denominaci\u00f3n o indicaci\u00f3n protegida<\/a>\n<\/span><\/div>","aioseo_breadcrumb_json":[{"label":"Home","link":"https:\/\/www.eldigitaldeasturias.com\/noticias"},{"label":"Destacadas","link":"https:\/\/www.eldigitaldeasturias.com\/noticias\/category\/destacadas\/"},{"label":"El Principado apoyar\u00e1 a los alimentos con denominaci\u00f3n o indicaci\u00f3n protegida","link":"https:\/\/www.eldigitaldeasturias.com\/noticias\/el-principado-apoyara-a-los-alimentos-con-denominacion-o-indicacion-protegida\/"}],"_links":{"self":[{"href":"https:\/\/www.eldigitaldeasturias.com\/noticias\/wp-json\/wp\/v2\/posts\/933111","targetHints":{"allow":["GET"]}}],"collection":[{"href":"https:\/\/www.eldigitaldeasturias.com\/noticias\/wp-json\/wp\/v2\/posts"}],"about":[{"href":"https:\/\/www.eldigitaldeasturias.com\/noticias\/wp-json\/wp\/v2\/types\/post"}],"author":[{"embeddable":true,"href":"https:\/\/www.eldigitaldeasturias.com\/noticias\/wp-json\/wp\/v2\/users\/1"}],"replies":[{"embeddable":true,"href":"https:\/\/www.eldigitaldeasturias.com\/noticias\/wp-json\/wp\/v2\/comments?post=933111"}],"version-history":[{"count":0,"href":"https:\/\/www.eldigitaldeasturias.com\/noticias\/wp-json\/wp\/v2\/posts\/933111\/revisions"}],"wp:featuredmedia":[{"embeddable":true,"href":"https:\/\/www.eldigitaldeasturias.com\/noticias\/wp-json\/wp\/v2\/media\/919279"}],"wp:attachment":[{"href":"https:\/\/www.eldigitaldeasturias.com\/noticias\/wp-json\/wp\/v2\/media?parent=933111"}],"wp:term":[{"taxonomy":"category","embeddable":true,"href":"https:\/\/www.eldigitaldeasturias.com\/noticias\/wp-json\/wp\/v2\/categories?post=933111"},{"taxonomy":"post_tag","embeddable":true,"href":"https:\/\/www.eldigitaldeasturias.com\/noticias\/wp-json\/wp\/v2\/tags?post=933111"}],"curies":[{"name":"wp","href":"https:\/\/api.w.org\/{rel}","templated":true}]}}