{"id":933104,"date":"2017-04-06T08:36:57","date_gmt":"2017-04-06T08:36:57","guid":{"rendered":"http:\/\/www.eldigitaldeasturias.com\/noticias\/?p=933104"},"modified":"2017-04-06T08:36:57","modified_gmt":"2017-04-06T08:36:57","slug":"las-universidades-espanolas-se-integran-en-el-sistema-lexnet","status":"publish","type":"post","link":"https:\/\/www.eldigitaldeasturias.com\/noticias\/las-universidades-espanolas-se-integran-en-el-sistema-lexnet\/","title":{"rendered":"Las universidades espa\u00f1olas se integran en el sistema LexNET"},"content":{"rendered":"<p><img loading=\"lazy\" decoding=\"async\" class=\"alignleft size-medium wp-image-794665\" src=\"https:\/\/www.eldigitaldeasturias.com\/noticias\/wp-content\/uploads\/2015\/07\/universidad-oviedo-360x270.jpg\" alt=\"\" width=\"360\" height=\"270\" srcset=\"https:\/\/www.eldigitaldeasturias.com\/noticias\/wp-content\/uploads\/2015\/07\/universidad-oviedo-360x270.jpg 360w, https:\/\/www.eldigitaldeasturias.com\/noticias\/wp-content\/uploads\/2015\/07\/universidad-oviedo-768x576.jpg 768w, https:\/\/www.eldigitaldeasturias.com\/noticias\/wp-content\/uploads\/2015\/07\/universidad-oviedo-650x488.jpg 650w, https:\/\/www.eldigitaldeasturias.com\/noticias\/wp-content\/uploads\/2015\/07\/universidad-oviedo-90x67.jpg 90w, https:\/\/www.eldigitaldeasturias.com\/noticias\/wp-content\/uploads\/2015\/07\/universidad-oviedo-100x75.jpg 100w, https:\/\/www.eldigitaldeasturias.com\/noticias\/wp-content\/uploads\/2015\/07\/universidad-oviedo.jpg 800w\" sizes=\"auto, (max-width: 360px) 100vw, 360px\" \/>El ministro de Justicia, Rafael Catal\u00e1, y el presidente de la Conferencia de Rectores de las Universidades Espa\u00f1olas (CRUE), Segundo P\u00edriz, han firmado un convenio de colaboraci\u00f3n que contempla la integraci\u00f3n de los diferentes letrados que prestan servicios jur\u00eddicos en las universidades p\u00fablicas espa\u00f1olas en el sistema de comunicaciones electr\u00f3nicas LexNET.<\/p>\n<p>Seg\u00fan este convenio, que tendr\u00e1 una vigencia de dos a\u00f1os prorrogables, las universidades nacionales podr\u00e1n beneficiarse del sistema LexNET para presentar diversos tipos de escritos de tr\u00e1mite ante la Administraci\u00f3n, as\u00ed como recibir notificaciones. Ambas partes firmantes se comprometen a la utilizaci\u00f3n de las comunicaciones electr\u00f3nicas a trav\u00e9s de LexNET y a impulsar el uso de certificados digitales que aseguren la identificaci\u00f3n y validaci\u00f3n de los usuarios que operen con el sistema.<\/p>\n<p>Mediante este convenio, el Ministerio de Justicia se compromete al mantenimiento, administraci\u00f3n y explotaci\u00f3n del sistema LexNET. Por su parte, la CRUE se obliga a garantizar el funcionamiento de los elementos instalados en sus dependencias para operar con LexNET, as\u00ed como el despliegue, instalaci\u00f3n y mantenimiento de infraestructuras y la formaci\u00f3n de usuarios, contando para ello con el apoyo del Ministerio de Justicia. Igualmente, deber\u00e1 ocuparse de la gesti\u00f3n y administraci\u00f3n de usuarios y de comunicar a Justicia los interlocutores v\u00e1lidos en materia de administraci\u00f3n y gesti\u00f3n, as\u00ed como la resoluci\u00f3n de incidencias.<\/p>\n<p>La CRUE es una asociaci\u00f3n sin \u00e1nimo de lucro que tiene como objetivo integrar en su seno a cuantas universidades espa\u00f1olas quieran asociarse. Actualmente, cuenta con un total de 76 centros universitarios nacionales, de los que 50 son de car\u00e1cter p\u00fablico y los restantes 26 privados y se ha convertido en el principal interlocutor con el Gobierno central, colaborando en los desarrollos normativos que afectan a la educaci\u00f3n universitaria y promoviendo iniciativas de fomento de las relaciones con el tejido productivo y social del pa\u00eds.<\/p>\n<p>&nbsp;<\/p>\n","protected":false},"excerpt":{"rendered":"<p>El ministro de Justicia, Rafael Catal\u00e1, y el presidente de la Conferencia de Rectores de las Universidades Espa\u00f1olas (CRUE), Segundo P\u00edriz, han firmado un convenio de colaboraci\u00f3n que contempla la integraci\u00f3n de los diferentes letrados que prestan servicios jur\u00eddicos en las universidades p\u00fablicas espa\u00f1olas en el sistema de comunicaciones electr\u00f3nicas LexNET. Seg\u00fan este convenio, que [&hellip;]<\/p>\n","protected":false},"author":1,"featured_media":794665,"comment_status":"closed","ping_status":"closed","sticky":false,"template":"","format":"standard","meta":{"footnotes":""},"categories":[141],"tags":[],"class_list":["post-933104","post","type-post","status-publish","format-standard","has-post-thumbnail","hentry","category-destacadas"],"aioseo_notices":[],"aioseo_head":"\n\t\t<!-- All in One SEO Pro 4.9.6.2 - aioseo.com -->\n\t<meta name=\"description\" content=\"El ministro de Justicia, Rafael Catal\u00e1, y el presidente de la Conferencia de Rectores de las Universidades Espa\u00f1olas (CRUE), Segundo P\u00edriz, han firmado un convenio de colaboraci\u00f3n que contempla la integraci\u00f3n de los diferentes letrados que prestan servicios jur\u00eddicos en las universidades p\u00fablicas espa\u00f1olas en el sistema de comunicaciones electr\u00f3nicas LexNET. Seg\u00fan este convenio, que\" \/>\n\t<meta name=\"robots\" content=\"max-image-preview:large\" \/>\n\t<meta name=\"author\" content=\"El Digital de Asturias\"\/>\n\t<meta name=\"google-site-verification\" content=\"UA-38556648-1\" \/>\n\t<meta name=\"msvalidate.01\" content=\"7dfe9f3f1b24437ab69f4f2559babe99\" \/>\n\t<meta name=\"keywords\" content=\"destacadas\" \/>\n\t<link rel=\"canonical\" href=\"https:\/\/www.eldigitaldeasturias.com\/noticias\/las-universidades-espanolas-se-integran-en-el-sistema-lexnet\/\" \/>\n\t<meta name=\"generator\" content=\"All in One SEO Pro (AIOSEO) 4.9.6.2\" \/>\n\t\t<meta property=\"og:locale\" content=\"es_ES\" \/>\n\t\t<meta property=\"og:site_name\" content=\"El Digital de Asturias\" \/>\n\t\t<meta property=\"og:type\" content=\"article\" \/>\n\t\t<meta property=\"og:title\" content=\"Las universidades espa\u00f1olas se integran en el sistema LexNET - El Digital de Asturias\" \/>\n\t\t<meta property=\"og:description\" content=\"El ministro de Justicia, Rafael Catal\u00e1, y el presidente de la Conferencia de Rectores de las Universidades Espa\u00f1olas (CRUE), Segundo P\u00edriz, han firmado un convenio de colaboraci\u00f3n que contempla la integraci\u00f3n de los diferentes letrados que prestan servicios jur\u00eddicos en las universidades p\u00fablicas espa\u00f1olas en el sistema de comunicaciones electr\u00f3nicas LexNET. Seg\u00fan este convenio, que\" \/>\n\t\t<meta property=\"og:url\" content=\"https:\/\/www.eldigitaldeasturias.com\/noticias\/las-universidades-espanolas-se-integran-en-el-sistema-lexnet\/\" \/>\n\t\t<meta property=\"og:image\" content=\"https:\/\/www.eldigitaldeasturias.com\/noticias\/wp-content\/uploads\/2015\/07\/universidad-oviedo.jpg\" \/>\n\t\t<meta property=\"og:image:secure_url\" content=\"https:\/\/www.eldigitaldeasturias.com\/noticias\/wp-content\/uploads\/2015\/07\/universidad-oviedo.jpg\" \/>\n\t\t<meta property=\"og:image:width\" content=\"800\" \/>\n\t\t<meta property=\"og:image:height\" content=\"600\" \/>\n\t\t<meta property=\"article:tag\" content=\"destacadas\" \/>\n\t\t<meta property=\"article:published_time\" content=\"2017-04-06T08:36:57+00:00\" \/>\n\t\t<meta property=\"article:modified_time\" content=\"2017-04-06T08:36:57+00:00\" \/>\n\t\t<meta property=\"article:publisher\" content=\"https:\/\/facebook.com\/eldigitaldeasturias\" \/>\n\t\t<meta name=\"twitter:card\" content=\"summary_large_image\" \/>\n\t\t<meta name=\"twitter:title\" content=\"Las universidades espa\u00f1olas se integran en el sistema LexNET - El Digital de Asturias\" \/>\n\t\t<meta name=\"twitter:description\" content=\"El ministro de Justicia, Rafael Catal\u00e1, y el presidente de la Conferencia de Rectores de las Universidades Espa\u00f1olas (CRUE), Segundo P\u00edriz, han firmado un convenio de colaboraci\u00f3n que contempla la integraci\u00f3n de los diferentes letrados que prestan servicios jur\u00eddicos en las universidades p\u00fablicas espa\u00f1olas en el sistema de comunicaciones electr\u00f3nicas LexNET. Seg\u00fan este convenio, que\" \/>\n\t\t<meta name=\"twitter:image\" content=\"https:\/\/www.eldigitaldeasturias.com\/noticias\/wp-content\/uploads\/2015\/07\/universidad-oviedo.jpg\" \/>\n\t\t<meta name=\"twitter:label1\" content=\"Escrito por\" \/>\n\t\t<meta name=\"twitter:data1\" content=\"El Digital de Asturias\" \/>\n\t\t<meta name=\"twitter:label2\" content=\"Tiempo de lectura estimado\" \/>\n\t\t<meta name=\"twitter:data2\" content=\"2 minutos\" \/>\n\t\t<script type=\"application\/ld+json\" class=\"aioseo-schema\">\n\t\t\t{\"@context\":\"https:\\\/\\\/schema.org\",\"@graph\":[{\"@type\":\"BlogPosting\",\"@id\":\"https:\\\/\\\/www.eldigitaldeasturias.com\\\/noticias\\\/las-universidades-espanolas-se-integran-en-el-sistema-lexnet\\\/#blogposting\",\"name\":\"Las universidades espa\\u00f1olas se integran en el sistema LexNET - El Digital de Asturias\",\"headline\":\"Las universidades espa\\u00f1olas se integran en el sistema LexNET\",\"author\":{\"@id\":\"https:\\\/\\\/www.eldigitaldeasturias.com\\\/noticias\\\/author\\\/admin\\\/#author\"},\"publisher\":{\"@id\":\"https:\\\/\\\/www.eldigitaldeasturias.com\\\/noticias\\\/#organization\"},\"image\":{\"@type\":\"ImageObject\",\"url\":\"https:\\\/\\\/www.eldigitaldeasturias.com\\\/noticias\\\/wp-content\\\/uploads\\\/2015\\\/07\\\/universidad-oviedo.jpg\",\"width\":800,\"height\":600},\"datePublished\":\"2017-04-06T08:36:57+02:00\",\"dateModified\":\"2017-04-06T08:36:57+02:00\",\"inLanguage\":\"es-ES\",\"mainEntityOfPage\":{\"@id\":\"https:\\\/\\\/www.eldigitaldeasturias.com\\\/noticias\\\/las-universidades-espanolas-se-integran-en-el-sistema-lexnet\\\/#webpage\"},\"isPartOf\":{\"@id\":\"https:\\\/\\\/www.eldigitaldeasturias.com\\\/noticias\\\/las-universidades-espanolas-se-integran-en-el-sistema-lexnet\\\/#webpage\"},\"articleSection\":\"Destacadas\"},{\"@type\":\"BreadcrumbList\",\"@id\":\"https:\\\/\\\/www.eldigitaldeasturias.com\\\/noticias\\\/las-universidades-espanolas-se-integran-en-el-sistema-lexnet\\\/#breadcrumblist\",\"itemListElement\":[{\"@type\":\"ListItem\",\"@id\":\"https:\\\/\\\/www.eldigitaldeasturias.com\\\/noticias#listItem\",\"position\":1,\"name\":\"Home\",\"item\":\"https:\\\/\\\/www.eldigitaldeasturias.com\\\/noticias\",\"nextItem\":{\"@type\":\"ListItem\",\"@id\":\"https:\\\/\\\/www.eldigitaldeasturias.com\\\/noticias\\\/category\\\/destacadas\\\/#listItem\",\"name\":\"Destacadas\"}},{\"@type\":\"ListItem\",\"@id\":\"https:\\\/\\\/www.eldigitaldeasturias.com\\\/noticias\\\/category\\\/destacadas\\\/#listItem\",\"position\":2,\"name\":\"Destacadas\",\"item\":\"https:\\\/\\\/www.eldigitaldeasturias.com\\\/noticias\\\/category\\\/destacadas\\\/\",\"nextItem\":{\"@type\":\"ListItem\",\"@id\":\"https:\\\/\\\/www.eldigitaldeasturias.com\\\/noticias\\\/las-universidades-espanolas-se-integran-en-el-sistema-lexnet\\\/#listItem\",\"name\":\"Las universidades espa\\u00f1olas se integran en el sistema LexNET\"},\"previousItem\":{\"@type\":\"ListItem\",\"@id\":\"https:\\\/\\\/www.eldigitaldeasturias.com\\\/noticias#listItem\",\"name\":\"Home\"}},{\"@type\":\"ListItem\",\"@id\":\"https:\\\/\\\/www.eldigitaldeasturias.com\\\/noticias\\\/las-universidades-espanolas-se-integran-en-el-sistema-lexnet\\\/#listItem\",\"position\":3,\"name\":\"Las universidades espa\\u00f1olas se integran en el sistema LexNET\",\"previousItem\":{\"@type\":\"ListItem\",\"@id\":\"https:\\\/\\\/www.eldigitaldeasturias.com\\\/noticias\\\/category\\\/destacadas\\\/#listItem\",\"name\":\"Destacadas\"}}]},{\"@type\":\"Organization\",\"@id\":\"https:\\\/\\\/www.eldigitaldeasturias.com\\\/noticias\\\/#organization\",\"name\":\"El Digital de Asturias\",\"description\":\"Hemeroteca\",\"url\":\"https:\\\/\\\/www.eldigitaldeasturias.com\\\/noticias\\\/\",\"email\":\"info@eldigitaldeasturias.com\",\"telephone\":\"+34652131393\",\"logo\":{\"@type\":\"ImageObject\",\"url\":\"https:\\\/\\\/www.eldigitaldeasturias.com\\\/noticias\\\/wp-content\\\/uploads\\\/2020\\\/12\\\/EDA.jpg\",\"@id\":\"https:\\\/\\\/www.eldigitaldeasturias.com\\\/noticias\\\/las-universidades-espanolas-se-integran-en-el-sistema-lexnet\\\/#organizationLogo\",\"width\":649,\"height\":297},\"image\":{\"@id\":\"https:\\\/\\\/www.eldigitaldeasturias.com\\\/noticias\\\/las-universidades-espanolas-se-integran-en-el-sistema-lexnet\\\/#organizationLogo\"},\"sameAs\":[\"https:\\\/\\\/facebook.com\\\/eldigitaldeasturias\",\"https:\\\/\\\/www.youtube.com\\\/channel\\\/UCZP-2wLEB9Rv6erhFmqVnvg\"],\"address\":{\"@id\":\"https:\\\/\\\/www.eldigitaldeasturias.com\\\/noticias\\\/#postaladdress\",\"@type\":\"PostalAddress\",\"streetAddress\":\"san antonio 4,\",\"postalCode\":\"33430\",\"addressLocality\":\"Cand\\u00e1s\",\"addressRegion\":\"Asturias\",\"addressCountry\":\"ES\"}},{\"@type\":\"Person\",\"@id\":\"https:\\\/\\\/www.eldigitaldeasturias.com\\\/noticias\\\/author\\\/admin\\\/#author\",\"url\":\"https:\\\/\\\/www.eldigitaldeasturias.com\\\/noticias\\\/author\\\/admin\\\/\",\"name\":\"El Digital de Asturias\",\"image\":{\"@type\":\"ImageObject\",\"@id\":\"https:\\\/\\\/www.eldigitaldeasturias.com\\\/noticias\\\/las-universidades-espanolas-se-integran-en-el-sistema-lexnet\\\/#authorImage\",\"url\":\"https:\\\/\\\/www.eldigitaldeasturias.com\\\/noticias\\\/wp-content\\\/litespeed\\\/avatar\\\/18677e78aa0546b92d9dbf31ec7d7668.jpg?ver=1777290358\",\"width\":96,\"height\":96,\"caption\":\"El Digital de Asturias\"}},{\"@type\":\"WebPage\",\"@id\":\"https:\\\/\\\/www.eldigitaldeasturias.com\\\/noticias\\\/las-universidades-espanolas-se-integran-en-el-sistema-lexnet\\\/#webpage\",\"url\":\"https:\\\/\\\/www.eldigitaldeasturias.com\\\/noticias\\\/las-universidades-espanolas-se-integran-en-el-sistema-lexnet\\\/\",\"name\":\"Las universidades espa\\u00f1olas se integran en el sistema LexNET - El Digital de Asturias\",\"description\":\"El ministro de Justicia, Rafael Catal\\u00e1, y el presidente de la Conferencia de Rectores de las Universidades Espa\\u00f1olas (CRUE), Segundo P\\u00edriz, han firmado un convenio de colaboraci\\u00f3n que contempla la integraci\\u00f3n de los diferentes letrados que prestan servicios jur\\u00eddicos en las universidades p\\u00fablicas espa\\u00f1olas en el sistema de comunicaciones electr\\u00f3nicas LexNET. Seg\\u00fan este convenio, que\",\"inLanguage\":\"es-ES\",\"isPartOf\":{\"@id\":\"https:\\\/\\\/www.eldigitaldeasturias.com\\\/noticias\\\/#website\"},\"breadcrumb\":{\"@id\":\"https:\\\/\\\/www.eldigitaldeasturias.com\\\/noticias\\\/las-universidades-espanolas-se-integran-en-el-sistema-lexnet\\\/#breadcrumblist\"},\"author\":{\"@id\":\"https:\\\/\\\/www.eldigitaldeasturias.com\\\/noticias\\\/author\\\/admin\\\/#author\"},\"creator\":{\"@id\":\"https:\\\/\\\/www.eldigitaldeasturias.com\\\/noticias\\\/author\\\/admin\\\/#author\"},\"image\":{\"@type\":\"ImageObject\",\"url\":\"https:\\\/\\\/www.eldigitaldeasturias.com\\\/noticias\\\/wp-content\\\/uploads\\\/2015\\\/07\\\/universidad-oviedo.jpg\",\"@id\":\"https:\\\/\\\/www.eldigitaldeasturias.com\\\/noticias\\\/las-universidades-espanolas-se-integran-en-el-sistema-lexnet\\\/#mainImage\",\"width\":800,\"height\":600},\"primaryImageOfPage\":{\"@id\":\"https:\\\/\\\/www.eldigitaldeasturias.com\\\/noticias\\\/las-universidades-espanolas-se-integran-en-el-sistema-lexnet\\\/#mainImage\"},\"datePublished\":\"2017-04-06T08:36:57+02:00\",\"dateModified\":\"2017-04-06T08:36:57+02:00\"},{\"@type\":\"WebSite\",\"@id\":\"https:\\\/\\\/www.eldigitaldeasturias.com\\\/noticias\\\/#website\",\"url\":\"https:\\\/\\\/www.eldigitaldeasturias.com\\\/noticias\\\/\",\"name\":\"El Digital de Asturias - Diario de actualidad y noticias\",\"alternateName\":\"El Digital de Asturias - Diario de actualidad y noticias\",\"description\":\"Hemeroteca\",\"inLanguage\":\"es-ES\",\"publisher\":{\"@id\":\"https:\\\/\\\/www.eldigitaldeasturias.com\\\/noticias\\\/#organization\"}}]}\n\t\t<\/script>\n\t\t<!-- All in One SEO Pro -->\r\n\t\t<title>Las universidades espa\u00f1olas se integran en el sistema LexNET - El Digital de Asturias<\/title>\n\n","aioseo_head_json":{"title":"Las universidades espa\u00f1olas se integran en el sistema LexNET - El Digital de Asturias","description":"El ministro de Justicia, Rafael Catal\u00e1, y el presidente de la Conferencia de Rectores de las Universidades Espa\u00f1olas (CRUE), Segundo P\u00edriz, han firmado un convenio de colaboraci\u00f3n que contempla la integraci\u00f3n de los diferentes letrados que prestan servicios jur\u00eddicos en las universidades p\u00fablicas espa\u00f1olas en el sistema de comunicaciones electr\u00f3nicas LexNET. Seg\u00fan este convenio, que","canonical_url":"https:\/\/www.eldigitaldeasturias.com\/noticias\/las-universidades-espanolas-se-integran-en-el-sistema-lexnet\/","robots":"max-image-preview:large","keywords":"destacadas","webmasterTools":{"google-site-verification":"UA-38556648-1","msvalidate.01":"7dfe9f3f1b24437ab69f4f2559babe99","miscellaneous":""},"schema":{"@context":"https:\/\/schema.org","@graph":[{"@type":"BlogPosting","@id":"https:\/\/www.eldigitaldeasturias.com\/noticias\/las-universidades-espanolas-se-integran-en-el-sistema-lexnet\/#blogposting","name":"Las universidades espa\u00f1olas se integran en el sistema LexNET - El Digital de Asturias","headline":"Las universidades espa\u00f1olas se integran en el sistema LexNET","author":{"@id":"https:\/\/www.eldigitaldeasturias.com\/noticias\/author\/admin\/#author"},"publisher":{"@id":"https:\/\/www.eldigitaldeasturias.com\/noticias\/#organization"},"image":{"@type":"ImageObject","url":"https:\/\/www.eldigitaldeasturias.com\/noticias\/wp-content\/uploads\/2015\/07\/universidad-oviedo.jpg","width":800,"height":600},"datePublished":"2017-04-06T08:36:57+02:00","dateModified":"2017-04-06T08:36:57+02:00","inLanguage":"es-ES","mainEntityOfPage":{"@id":"https:\/\/www.eldigitaldeasturias.com\/noticias\/las-universidades-espanolas-se-integran-en-el-sistema-lexnet\/#webpage"},"isPartOf":{"@id":"https:\/\/www.eldigitaldeasturias.com\/noticias\/las-universidades-espanolas-se-integran-en-el-sistema-lexnet\/#webpage"},"articleSection":"Destacadas"},{"@type":"BreadcrumbList","@id":"https:\/\/www.eldigitaldeasturias.com\/noticias\/las-universidades-espanolas-se-integran-en-el-sistema-lexnet\/#breadcrumblist","itemListElement":[{"@type":"ListItem","@id":"https:\/\/www.eldigitaldeasturias.com\/noticias#listItem","position":1,"name":"Home","item":"https:\/\/www.eldigitaldeasturias.com\/noticias","nextItem":{"@type":"ListItem","@id":"https:\/\/www.eldigitaldeasturias.com\/noticias\/category\/destacadas\/#listItem","name":"Destacadas"}},{"@type":"ListItem","@id":"https:\/\/www.eldigitaldeasturias.com\/noticias\/category\/destacadas\/#listItem","position":2,"name":"Destacadas","item":"https:\/\/www.eldigitaldeasturias.com\/noticias\/category\/destacadas\/","nextItem":{"@type":"ListItem","@id":"https:\/\/www.eldigitaldeasturias.com\/noticias\/las-universidades-espanolas-se-integran-en-el-sistema-lexnet\/#listItem","name":"Las universidades espa\u00f1olas se integran en el sistema LexNET"},"previousItem":{"@type":"ListItem","@id":"https:\/\/www.eldigitaldeasturias.com\/noticias#listItem","name":"Home"}},{"@type":"ListItem","@id":"https:\/\/www.eldigitaldeasturias.com\/noticias\/las-universidades-espanolas-se-integran-en-el-sistema-lexnet\/#listItem","position":3,"name":"Las universidades espa\u00f1olas se integran en el sistema LexNET","previousItem":{"@type":"ListItem","@id":"https:\/\/www.eldigitaldeasturias.com\/noticias\/category\/destacadas\/#listItem","name":"Destacadas"}}]},{"@type":"Organization","@id":"https:\/\/www.eldigitaldeasturias.com\/noticias\/#organization","name":"El Digital de Asturias","description":"Hemeroteca","url":"https:\/\/www.eldigitaldeasturias.com\/noticias\/","email":"info@eldigitaldeasturias.com","telephone":"+34652131393","logo":{"@type":"ImageObject","url":"https:\/\/www.eldigitaldeasturias.com\/noticias\/wp-content\/uploads\/2020\/12\/EDA.jpg","@id":"https:\/\/www.eldigitaldeasturias.com\/noticias\/las-universidades-espanolas-se-integran-en-el-sistema-lexnet\/#organizationLogo","width":649,"height":297},"image":{"@id":"https:\/\/www.eldigitaldeasturias.com\/noticias\/las-universidades-espanolas-se-integran-en-el-sistema-lexnet\/#organizationLogo"},"sameAs":["https:\/\/facebook.com\/eldigitaldeasturias","https:\/\/www.youtube.com\/channel\/UCZP-2wLEB9Rv6erhFmqVnvg"],"address":{"@id":"https:\/\/www.eldigitaldeasturias.com\/noticias\/#postaladdress","@type":"PostalAddress","streetAddress":"san antonio 4,","postalCode":"33430","addressLocality":"Cand\u00e1s","addressRegion":"Asturias","addressCountry":"ES"}},{"@type":"Person","@id":"https:\/\/www.eldigitaldeasturias.com\/noticias\/author\/admin\/#author","url":"https:\/\/www.eldigitaldeasturias.com\/noticias\/author\/admin\/","name":"El Digital de Asturias","image":{"@type":"ImageObject","@id":"https:\/\/www.eldigitaldeasturias.com\/noticias\/las-universidades-espanolas-se-integran-en-el-sistema-lexnet\/#authorImage","url":"https:\/\/www.eldigitaldeasturias.com\/noticias\/wp-content\/litespeed\/avatar\/18677e78aa0546b92d9dbf31ec7d7668.jpg?ver=1777290358","width":96,"height":96,"caption":"El Digital de Asturias"}},{"@type":"WebPage","@id":"https:\/\/www.eldigitaldeasturias.com\/noticias\/las-universidades-espanolas-se-integran-en-el-sistema-lexnet\/#webpage","url":"https:\/\/www.eldigitaldeasturias.com\/noticias\/las-universidades-espanolas-se-integran-en-el-sistema-lexnet\/","name":"Las universidades espa\u00f1olas se integran en el sistema LexNET - El Digital de Asturias","description":"El ministro de Justicia, Rafael Catal\u00e1, y el presidente de la Conferencia de Rectores de las Universidades Espa\u00f1olas (CRUE), Segundo P\u00edriz, han firmado un convenio de colaboraci\u00f3n que contempla la integraci\u00f3n de los diferentes letrados que prestan servicios jur\u00eddicos en las universidades p\u00fablicas espa\u00f1olas en el sistema de comunicaciones electr\u00f3nicas LexNET. Seg\u00fan este convenio, que","inLanguage":"es-ES","isPartOf":{"@id":"https:\/\/www.eldigitaldeasturias.com\/noticias\/#website"},"breadcrumb":{"@id":"https:\/\/www.eldigitaldeasturias.com\/noticias\/las-universidades-espanolas-se-integran-en-el-sistema-lexnet\/#breadcrumblist"},"author":{"@id":"https:\/\/www.eldigitaldeasturias.com\/noticias\/author\/admin\/#author"},"creator":{"@id":"https:\/\/www.eldigitaldeasturias.com\/noticias\/author\/admin\/#author"},"image":{"@type":"ImageObject","url":"https:\/\/www.eldigitaldeasturias.com\/noticias\/wp-content\/uploads\/2015\/07\/universidad-oviedo.jpg","@id":"https:\/\/www.eldigitaldeasturias.com\/noticias\/las-universidades-espanolas-se-integran-en-el-sistema-lexnet\/#mainImage","width":800,"height":600},"primaryImageOfPage":{"@id":"https:\/\/www.eldigitaldeasturias.com\/noticias\/las-universidades-espanolas-se-integran-en-el-sistema-lexnet\/#mainImage"},"datePublished":"2017-04-06T08:36:57+02:00","dateModified":"2017-04-06T08:36:57+02:00"},{"@type":"WebSite","@id":"https:\/\/www.eldigitaldeasturias.com\/noticias\/#website","url":"https:\/\/www.eldigitaldeasturias.com\/noticias\/","name":"El Digital de Asturias - Diario de actualidad y noticias","alternateName":"El Digital de Asturias - Diario de actualidad y noticias","description":"Hemeroteca","inLanguage":"es-ES","publisher":{"@id":"https:\/\/www.eldigitaldeasturias.com\/noticias\/#organization"}}]},"og:locale":"es_ES","og:site_name":"El Digital de Asturias","og:type":"article","og:title":"Las universidades espa\u00f1olas se integran en el sistema LexNET - El Digital de Asturias","og:description":"El ministro de Justicia, Rafael Catal\u00e1, y el presidente de la Conferencia de Rectores de las Universidades Espa\u00f1olas (CRUE), Segundo P\u00edriz, han firmado un convenio de colaboraci\u00f3n que contempla la integraci\u00f3n de los diferentes letrados que prestan servicios jur\u00eddicos en las universidades p\u00fablicas espa\u00f1olas en el sistema de comunicaciones electr\u00f3nicas LexNET. Seg\u00fan este convenio, que","og:url":"https:\/\/www.eldigitaldeasturias.com\/noticias\/las-universidades-espanolas-se-integran-en-el-sistema-lexnet\/","og:image":"https:\/\/www.eldigitaldeasturias.com\/noticias\/wp-content\/uploads\/2015\/07\/universidad-oviedo.jpg","og:image:secure_url":"https:\/\/www.eldigitaldeasturias.com\/noticias\/wp-content\/uploads\/2015\/07\/universidad-oviedo.jpg","og:image:width":800,"og:image:height":600,"article:tag":["destacadas"],"article:published_time":"2017-04-06T08:36:57+00:00","article:modified_time":"2017-04-06T08:36:57+00:00","article:publisher":"https:\/\/facebook.com\/eldigitaldeasturias","twitter:card":"summary_large_image","twitter:title":"Las universidades espa\u00f1olas se integran en el sistema LexNET - El Digital de Asturias","twitter:description":"El ministro de Justicia, Rafael Catal\u00e1, y el presidente de la Conferencia de Rectores de las Universidades Espa\u00f1olas (CRUE), Segundo P\u00edriz, han firmado un convenio de colaboraci\u00f3n que contempla la integraci\u00f3n de los diferentes letrados que prestan servicios jur\u00eddicos en las universidades p\u00fablicas espa\u00f1olas en el sistema de comunicaciones electr\u00f3nicas LexNET. Seg\u00fan este convenio, que","twitter:image":"https:\/\/www.eldigitaldeasturias.com\/noticias\/wp-content\/uploads\/2015\/07\/universidad-oviedo.jpg","twitter:label1":"Escrito por","twitter:data1":"El Digital de Asturias","twitter:label2":"Tiempo de lectura estimado","twitter:data2":"2 minutos"},"aioseo_meta_data":{"post_id":"933104","title":null,"description":null,"keywords":null,"keyphrases":null,"primary_term":null,"canonical_url":null,"og_title":null,"og_description":null,"og_object_type":"default","og_image_type":"default","og_image_url":null,"og_image_width":null,"og_image_height":null,"og_image_custom_url":null,"og_image_custom_fields":null,"og_video":null,"og_custom_url":null,"og_article_section":null,"og_article_tags":null,"twitter_use_og":false,"twitter_card":"default","twitter_image_type":"default","twitter_image_url":null,"twitter_image_custom_url":null,"twitter_image_custom_fields":null,"twitter_title":null,"twitter_description":null,"schema":{"blockGraphs":[],"customGraphs":[],"default":{"data":{"Article":[],"Course":[],"Dataset":[],"FAQPage":[],"Movie":[],"Person":[],"Product":[],"ProductReview":[],"Car":[],"Recipe":[],"Service":[],"SoftwareApplication":[],"WebPage":[]},"graphName":"","isEnabled":true},"graphs":[],"defaultGraph":"","defaultPostTypeGraph":""},"schema_type":null,"schema_type_options":null,"pillar_content":false,"robots_default":true,"robots_noindex":false,"robots_noarchive":false,"robots_nosnippet":false,"robots_nofollow":false,"robots_noimageindex":false,"robots_noodp":false,"robots_notranslate":false,"robots_max_snippet":null,"robots_max_videopreview":null,"robots_max_imagepreview":"large","priority":null,"frequency":null,"local_seo":null,"seo_analyzer_scan_date":"2025-12-11 18:01:16","breadcrumb_settings":null,"limit_modified_date":false,"open_ai":null,"ai":null,"created":"2020-12-21 13:32:34","updated":"2025-12-11 18:01:16"},"aioseo_breadcrumb":"<div class=\"aioseo-breadcrumbs\"><span class=\"aioseo-breadcrumb\">\n\t<a href=\"https:\/\/www.eldigitaldeasturias.com\/noticias\" title=\"Home\">Home<\/a>\n<\/span><span class=\"aioseo-breadcrumb-separator\">\u2013<\/span><span class=\"aioseo-breadcrumb\">\n\t<a href=\"https:\/\/www.eldigitaldeasturias.com\/noticias\/category\/destacadas\/\" title=\"Destacadas\">Destacadas<\/a>\n<\/span><span class=\"aioseo-breadcrumb-separator\">\u2013<\/span><span class=\"aioseo-breadcrumb\">\n\t<a href=\"https:\/\/www.eldigitaldeasturias.com\/noticias\/las-universidades-espanolas-se-integran-en-el-sistema-lexnet\/\" title=\"Las universidades espa\u00f1olas se integran en el sistema LexNET\">Las universidades espa\u00f1olas se integran en el sistema LexNET<\/a>\n<\/span><\/div>","aioseo_breadcrumb_json":[{"label":"Home","link":"https:\/\/www.eldigitaldeasturias.com\/noticias"},{"label":"Destacadas","link":"https:\/\/www.eldigitaldeasturias.com\/noticias\/category\/destacadas\/"},{"label":"Las universidades espa\u00f1olas se integran en el sistema LexNET","link":"https:\/\/www.eldigitaldeasturias.com\/noticias\/las-universidades-espanolas-se-integran-en-el-sistema-lexnet\/"}],"_links":{"self":[{"href":"https:\/\/www.eldigitaldeasturias.com\/noticias\/wp-json\/wp\/v2\/posts\/933104","targetHints":{"allow":["GET"]}}],"collection":[{"href":"https:\/\/www.eldigitaldeasturias.com\/noticias\/wp-json\/wp\/v2\/posts"}],"about":[{"href":"https:\/\/www.eldigitaldeasturias.com\/noticias\/wp-json\/wp\/v2\/types\/post"}],"author":[{"embeddable":true,"href":"https:\/\/www.eldigitaldeasturias.com\/noticias\/wp-json\/wp\/v2\/users\/1"}],"replies":[{"embeddable":true,"href":"https:\/\/www.eldigitaldeasturias.com\/noticias\/wp-json\/wp\/v2\/comments?post=933104"}],"version-history":[{"count":0,"href":"https:\/\/www.eldigitaldeasturias.com\/noticias\/wp-json\/wp\/v2\/posts\/933104\/revisions"}],"wp:featuredmedia":[{"embeddable":true,"href":"https:\/\/www.eldigitaldeasturias.com\/noticias\/wp-json\/wp\/v2\/media\/794665"}],"wp:attachment":[{"href":"https:\/\/www.eldigitaldeasturias.com\/noticias\/wp-json\/wp\/v2\/media?parent=933104"}],"wp:term":[{"taxonomy":"category","embeddable":true,"href":"https:\/\/www.eldigitaldeasturias.com\/noticias\/wp-json\/wp\/v2\/categories?post=933104"},{"taxonomy":"post_tag","embeddable":true,"href":"https:\/\/www.eldigitaldeasturias.com\/noticias\/wp-json\/wp\/v2\/tags?post=933104"}],"curies":[{"name":"wp","href":"https:\/\/api.w.org\/{rel}","templated":true}]}}