{"id":933047,"date":"2017-04-05T21:27:01","date_gmt":"2017-04-05T21:27:01","guid":{"rendered":"http:\/\/www.eldigitaldeasturias.com\/noticias\/?p=933047"},"modified":"2017-04-05T21:27:01","modified_gmt":"2017-04-05T21:27:01","slug":"gaspar-llamazares-pide-a-rajoy-que-rectifique-el-disparate-de-la-variante","status":"publish","type":"post","link":"https:\/\/www.eldigitaldeasturias.com\/noticias\/gaspar-llamazares-pide-a-rajoy-que-rectifique-el-disparate-de-la-variante\/","title":{"rendered":"Gaspar Llamazares pide a Rajoy que rectifique el \u00abdisparate\u00bb de la Variante"},"content":{"rendered":"<p><img loading=\"lazy\" decoding=\"async\" class=\"alignleft size-medium wp-image-874615\" src=\"https:\/\/www.eldigitaldeasturias.com\/noticias\/wp-content\/uploads\/2016\/04\/Llamazares-360x270.jpg\" alt=\"\" width=\"360\" height=\"270\" srcset=\"https:\/\/www.eldigitaldeasturias.com\/noticias\/wp-content\/uploads\/2016\/04\/Llamazares-360x270.jpg 360w, https:\/\/www.eldigitaldeasturias.com\/noticias\/wp-content\/uploads\/2016\/04\/Llamazares-768x576.jpg 768w, https:\/\/www.eldigitaldeasturias.com\/noticias\/wp-content\/uploads\/2016\/04\/Llamazares-650x488.jpg 650w, https:\/\/www.eldigitaldeasturias.com\/noticias\/wp-content\/uploads\/2016\/04\/Llamazares-90x67.jpg 90w, https:\/\/www.eldigitaldeasturias.com\/noticias\/wp-content\/uploads\/2016\/04\/Llamazares-100x75.jpg 100w, https:\/\/www.eldigitaldeasturias.com\/noticias\/wp-content\/uploads\/2016\/04\/Llamazares.jpg 800w\" sizes=\"auto, (max-width: 360px) 100vw, 360px\" \/>Gaspar Llamazares realiz\u00f3 esta ma\u00f1ana un llamamiento doble para acabar con el \u201cdisparate\u201d que plantea el Gobierno central y Foro respecto a la Variante de Pajares, plasmado en los Presupuestos Generales del Estado. Por un lado, exigi\u00f3 al Gobierno de Rajoy que rectifique para no dilatar la Variante y para no alejar las mercanc\u00edas asturianas de Espa\u00f1a y Europa, dejando a Asturias en un fondo de saco para la actividad econ\u00f3mica, y perdiendo, por tanto, el tren del siglo XXI. Por otro, demand\u00f3 que el Presidente del Gobierno auton\u00f3mico se ponga al frente de \u201cla m\u00e1xima reivindicaci\u00f3n de este pa\u00eds\u201d que es ahora la Variante, no confunda planos como socialista y presidente de la gestora, exija una entrevista al Presidente Rajoy y al Ministro de Fomento, dada la \u201cm\u00e1xima gravedad\u201d , convoque la \u201cAlianza Pol\u00edtico y Social por las Infraestructuras de Asturias\u201d y llame a los asturianos a manifestarse, repitiendo \u201cLa Escandalera\u201d, si no se desbloquea. \u201cJavier Fern\u00e1ndez debe dar el do de pecho y liderar la protesta para que este disparate no contin\u00fae\u201d, dijo en la rueda de prensa que ofreci\u00f3 esta ma\u00f1ana en la Junta General.<\/p>\n<p>\u201cSi saliera adelante la obsesi\u00f3n de Foro la consecuencia ser\u00eda que Asturias mantendr\u00eda su vieja comunicaci\u00f3n en mercanc\u00edas y, con ello, el h\u00e1ndicap para su recuperaci\u00f3n econ\u00f3mica. Mantendr\u00eda un fondo de saco para la conexi\u00f3n de mercanc\u00edas con Espa\u00f1a y Europa\u201d, asegur\u00f3 el diputado de IU, quien tambi\u00e9n explic\u00f3 que \u201cno estamos para obsesiones ni neuras, necesitamos un tren para pasajeros y mercanc\u00edas\u201d.<\/p>\n<p>En este sentido, el diputado de IU Ovidio Zapico recalc\u00f3 que este cambio en la variante \u201ccondena\u201d a las empresas asturianas a no ser competitivas al no tener un conexi\u00f3n r\u00e1pida con el eje transeuropeo para poder agilizar el transporte de sus productos. \u201cQueremos que las empresas cuenten con un ferrocarril que en 90 minutos nos conecte con el eje que une Oporto-Hendaya\u201d, sostuvo.<\/p>\n<p>Por ello, Llamazares urgi\u00f3 a Fern\u00e1ndez a que pida una reuni\u00f3n con el presidente del Gobierno, Mariano Rajoy, para mostrar el \u201cagravio comparativo\u201d que sufre Asturias en los Presupuestos Generales del Estado (PGE) y para que saque a la regi\u00f3n del \u201cenredo\u201d organizado por el Foro y PP, que \u201caleja a\u00fan m\u00e1s al Principado de Espa\u00f1a y de Europa\u201d<\/p>\n<p>\u201cIr\u00edamos muy r\u00e1pido en el AVE, aunque haya que parar en Pola de Lena, pero en definitiva Asturias perder\u00eda el tren de la historia\u201d, argument\u00f3, toda vez que IU apuesta por un tr\u00e1fico mixto en la variante de Pajares que \u00b7sit\u00fae en el siglo XXI al transporte de las mercanc\u00edas en el Principado\u201d.<\/p>\n","protected":false},"excerpt":{"rendered":"<p>Gaspar Llamazares realiz\u00f3 esta ma\u00f1ana un llamamiento doble para acabar con el \u201cdisparate\u201d que plantea el Gobierno central y Foro respecto a la Variante de Pajares, plasmado en los Presupuestos Generales del Estado. Por un lado, exigi\u00f3 al Gobierno de Rajoy que rectifique para no dilatar la Variante y para no alejar las mercanc\u00edas asturianas [&hellip;]<\/p>\n","protected":false},"author":1,"featured_media":874615,"comment_status":"closed","ping_status":"closed","sticky":false,"template":"","format":"standard","meta":{"footnotes":""},"categories":[141],"tags":[],"class_list":["post-933047","post","type-post","status-publish","format-standard","has-post-thumbnail","hentry","category-destacadas"],"aioseo_notices":[],"aioseo_head":"\n\t\t<!-- All in One SEO Pro 4.9.6.2 - aioseo.com -->\n\t<meta name=\"description\" content=\"Gaspar Llamazares realiz\u00f3 esta ma\u00f1ana un llamamiento doble para acabar con el \u201cdisparate\u201d que plantea el Gobierno central y Foro respecto a la Variante de Pajares, plasmado en los Presupuestos Generales del Estado. Por un lado, exigi\u00f3 al Gobierno de Rajoy que rectifique para no dilatar la Variante y para no alejar las mercanc\u00edas asturianas\" \/>\n\t<meta name=\"robots\" content=\"max-image-preview:large\" \/>\n\t<meta name=\"author\" content=\"El Digital de Asturias\"\/>\n\t<meta name=\"google-site-verification\" content=\"UA-38556648-1\" \/>\n\t<meta name=\"msvalidate.01\" content=\"7dfe9f3f1b24437ab69f4f2559babe99\" \/>\n\t<meta name=\"keywords\" content=\"destacadas\" \/>\n\t<link rel=\"canonical\" href=\"https:\/\/www.eldigitaldeasturias.com\/noticias\/gaspar-llamazares-pide-a-rajoy-que-rectifique-el-disparate-de-la-variante\/\" \/>\n\t<meta name=\"generator\" content=\"All in One SEO Pro (AIOSEO) 4.9.6.2\" \/>\n\t\t<meta property=\"og:locale\" content=\"es_ES\" \/>\n\t\t<meta property=\"og:site_name\" content=\"El Digital de Asturias\" \/>\n\t\t<meta property=\"og:type\" content=\"article\" \/>\n\t\t<meta property=\"og:title\" content=\"Gaspar Llamazares pide a Rajoy que rectifique el \u00abdisparate\u00bb de la Variante - El Digital de Asturias\" \/>\n\t\t<meta property=\"og:description\" content=\"Gaspar Llamazares realiz\u00f3 esta ma\u00f1ana un llamamiento doble para acabar con el \u201cdisparate\u201d que plantea el Gobierno central y Foro respecto a la Variante de Pajares, plasmado en los Presupuestos Generales del Estado. Por un lado, exigi\u00f3 al Gobierno de Rajoy que rectifique para no dilatar la Variante y para no alejar las mercanc\u00edas asturianas\" \/>\n\t\t<meta property=\"og:url\" content=\"https:\/\/www.eldigitaldeasturias.com\/noticias\/gaspar-llamazares-pide-a-rajoy-que-rectifique-el-disparate-de-la-variante\/\" \/>\n\t\t<meta property=\"og:image\" content=\"https:\/\/www.eldigitaldeasturias.com\/noticias\/wp-content\/uploads\/2016\/04\/Llamazares.jpg\" \/>\n\t\t<meta property=\"og:image:secure_url\" content=\"https:\/\/www.eldigitaldeasturias.com\/noticias\/wp-content\/uploads\/2016\/04\/Llamazares.jpg\" \/>\n\t\t<meta property=\"og:image:width\" content=\"800\" \/>\n\t\t<meta property=\"og:image:height\" content=\"600\" \/>\n\t\t<meta property=\"article:tag\" content=\"destacadas\" \/>\n\t\t<meta property=\"article:published_time\" content=\"2017-04-05T21:27:01+00:00\" \/>\n\t\t<meta property=\"article:modified_time\" content=\"2017-04-05T21:27:01+00:00\" \/>\n\t\t<meta property=\"article:publisher\" content=\"https:\/\/facebook.com\/eldigitaldeasturias\" \/>\n\t\t<meta name=\"twitter:card\" content=\"summary_large_image\" \/>\n\t\t<meta name=\"twitter:title\" content=\"Gaspar Llamazares pide a Rajoy que rectifique el \u00abdisparate\u00bb de la Variante - El Digital de Asturias\" \/>\n\t\t<meta name=\"twitter:description\" content=\"Gaspar Llamazares realiz\u00f3 esta ma\u00f1ana un llamamiento doble para acabar con el \u201cdisparate\u201d que plantea el Gobierno central y Foro respecto a la Variante de Pajares, plasmado en los Presupuestos Generales del Estado. Por un lado, exigi\u00f3 al Gobierno de Rajoy que rectifique para no dilatar la Variante y para no alejar las mercanc\u00edas asturianas\" \/>\n\t\t<meta name=\"twitter:image\" content=\"https:\/\/www.eldigitaldeasturias.com\/noticias\/wp-content\/uploads\/2016\/04\/Llamazares.jpg\" \/>\n\t\t<meta name=\"twitter:label1\" content=\"Escrito por\" \/>\n\t\t<meta name=\"twitter:data1\" content=\"El Digital de Asturias\" \/>\n\t\t<meta name=\"twitter:label2\" content=\"Tiempo de lectura estimado\" \/>\n\t\t<meta name=\"twitter:data2\" content=\"2 minutos\" \/>\n\t\t<script type=\"application\/ld+json\" class=\"aioseo-schema\">\n\t\t\t{\"@context\":\"https:\\\/\\\/schema.org\",\"@graph\":[{\"@type\":\"BlogPosting\",\"@id\":\"https:\\\/\\\/www.eldigitaldeasturias.com\\\/noticias\\\/gaspar-llamazares-pide-a-rajoy-que-rectifique-el-disparate-de-la-variante\\\/#blogposting\",\"name\":\"Gaspar Llamazares pide a Rajoy que rectifique el \\u00abdisparate\\u00bb de la Variante - El Digital de Asturias\",\"headline\":\"Gaspar Llamazares pide a Rajoy que rectifique el \\u00abdisparate\\u00bb de la Variante\",\"author\":{\"@id\":\"https:\\\/\\\/www.eldigitaldeasturias.com\\\/noticias\\\/author\\\/admin\\\/#author\"},\"publisher\":{\"@id\":\"https:\\\/\\\/www.eldigitaldeasturias.com\\\/noticias\\\/#organization\"},\"image\":{\"@type\":\"ImageObject\",\"url\":\"https:\\\/\\\/www.eldigitaldeasturias.com\\\/noticias\\\/wp-content\\\/uploads\\\/2016\\\/04\\\/Llamazares.jpg\",\"width\":800,\"height\":600},\"datePublished\":\"2017-04-05T21:27:01+02:00\",\"dateModified\":\"2017-04-05T21:27:01+02:00\",\"inLanguage\":\"es-ES\",\"mainEntityOfPage\":{\"@id\":\"https:\\\/\\\/www.eldigitaldeasturias.com\\\/noticias\\\/gaspar-llamazares-pide-a-rajoy-que-rectifique-el-disparate-de-la-variante\\\/#webpage\"},\"isPartOf\":{\"@id\":\"https:\\\/\\\/www.eldigitaldeasturias.com\\\/noticias\\\/gaspar-llamazares-pide-a-rajoy-que-rectifique-el-disparate-de-la-variante\\\/#webpage\"},\"articleSection\":\"Destacadas\"},{\"@type\":\"BreadcrumbList\",\"@id\":\"https:\\\/\\\/www.eldigitaldeasturias.com\\\/noticias\\\/gaspar-llamazares-pide-a-rajoy-que-rectifique-el-disparate-de-la-variante\\\/#breadcrumblist\",\"itemListElement\":[{\"@type\":\"ListItem\",\"@id\":\"https:\\\/\\\/www.eldigitaldeasturias.com\\\/noticias#listItem\",\"position\":1,\"name\":\"Home\",\"item\":\"https:\\\/\\\/www.eldigitaldeasturias.com\\\/noticias\",\"nextItem\":{\"@type\":\"ListItem\",\"@id\":\"https:\\\/\\\/www.eldigitaldeasturias.com\\\/noticias\\\/category\\\/destacadas\\\/#listItem\",\"name\":\"Destacadas\"}},{\"@type\":\"ListItem\",\"@id\":\"https:\\\/\\\/www.eldigitaldeasturias.com\\\/noticias\\\/category\\\/destacadas\\\/#listItem\",\"position\":2,\"name\":\"Destacadas\",\"item\":\"https:\\\/\\\/www.eldigitaldeasturias.com\\\/noticias\\\/category\\\/destacadas\\\/\",\"nextItem\":{\"@type\":\"ListItem\",\"@id\":\"https:\\\/\\\/www.eldigitaldeasturias.com\\\/noticias\\\/gaspar-llamazares-pide-a-rajoy-que-rectifique-el-disparate-de-la-variante\\\/#listItem\",\"name\":\"Gaspar Llamazares pide a Rajoy que rectifique el \\u00abdisparate\\u00bb de la Variante\"},\"previousItem\":{\"@type\":\"ListItem\",\"@id\":\"https:\\\/\\\/www.eldigitaldeasturias.com\\\/noticias#listItem\",\"name\":\"Home\"}},{\"@type\":\"ListItem\",\"@id\":\"https:\\\/\\\/www.eldigitaldeasturias.com\\\/noticias\\\/gaspar-llamazares-pide-a-rajoy-que-rectifique-el-disparate-de-la-variante\\\/#listItem\",\"position\":3,\"name\":\"Gaspar Llamazares pide a Rajoy que rectifique el \\u00abdisparate\\u00bb de la Variante\",\"previousItem\":{\"@type\":\"ListItem\",\"@id\":\"https:\\\/\\\/www.eldigitaldeasturias.com\\\/noticias\\\/category\\\/destacadas\\\/#listItem\",\"name\":\"Destacadas\"}}]},{\"@type\":\"Organization\",\"@id\":\"https:\\\/\\\/www.eldigitaldeasturias.com\\\/noticias\\\/#organization\",\"name\":\"El Digital de Asturias\",\"description\":\"Hemeroteca\",\"url\":\"https:\\\/\\\/www.eldigitaldeasturias.com\\\/noticias\\\/\",\"email\":\"info@eldigitaldeasturias.com\",\"telephone\":\"+34652131393\",\"logo\":{\"@type\":\"ImageObject\",\"url\":\"https:\\\/\\\/www.eldigitaldeasturias.com\\\/noticias\\\/wp-content\\\/uploads\\\/2020\\\/12\\\/EDA.jpg\",\"@id\":\"https:\\\/\\\/www.eldigitaldeasturias.com\\\/noticias\\\/gaspar-llamazares-pide-a-rajoy-que-rectifique-el-disparate-de-la-variante\\\/#organizationLogo\",\"width\":649,\"height\":297},\"image\":{\"@id\":\"https:\\\/\\\/www.eldigitaldeasturias.com\\\/noticias\\\/gaspar-llamazares-pide-a-rajoy-que-rectifique-el-disparate-de-la-variante\\\/#organizationLogo\"},\"sameAs\":[\"https:\\\/\\\/facebook.com\\\/eldigitaldeasturias\",\"https:\\\/\\\/www.youtube.com\\\/channel\\\/UCZP-2wLEB9Rv6erhFmqVnvg\"],\"address\":{\"@id\":\"https:\\\/\\\/www.eldigitaldeasturias.com\\\/noticias\\\/#postaladdress\",\"@type\":\"PostalAddress\",\"streetAddress\":\"san antonio 4,\",\"postalCode\":\"33430\",\"addressLocality\":\"Cand\\u00e1s\",\"addressRegion\":\"Asturias\",\"addressCountry\":\"ES\"}},{\"@type\":\"Person\",\"@id\":\"https:\\\/\\\/www.eldigitaldeasturias.com\\\/noticias\\\/author\\\/admin\\\/#author\",\"url\":\"https:\\\/\\\/www.eldigitaldeasturias.com\\\/noticias\\\/author\\\/admin\\\/\",\"name\":\"El Digital de Asturias\",\"image\":{\"@type\":\"ImageObject\",\"@id\":\"https:\\\/\\\/www.eldigitaldeasturias.com\\\/noticias\\\/gaspar-llamazares-pide-a-rajoy-que-rectifique-el-disparate-de-la-variante\\\/#authorImage\",\"url\":\"https:\\\/\\\/www.eldigitaldeasturias.com\\\/noticias\\\/wp-content\\\/litespeed\\\/avatar\\\/18677e78aa0546b92d9dbf31ec7d7668.jpg?ver=1777290358\",\"width\":96,\"height\":96,\"caption\":\"El Digital de Asturias\"}},{\"@type\":\"WebPage\",\"@id\":\"https:\\\/\\\/www.eldigitaldeasturias.com\\\/noticias\\\/gaspar-llamazares-pide-a-rajoy-que-rectifique-el-disparate-de-la-variante\\\/#webpage\",\"url\":\"https:\\\/\\\/www.eldigitaldeasturias.com\\\/noticias\\\/gaspar-llamazares-pide-a-rajoy-que-rectifique-el-disparate-de-la-variante\\\/\",\"name\":\"Gaspar Llamazares pide a Rajoy que rectifique el \\u00abdisparate\\u00bb de la Variante - El Digital de Asturias\",\"description\":\"Gaspar Llamazares realiz\\u00f3 esta ma\\u00f1ana un llamamiento doble para acabar con el \\u201cdisparate\\u201d que plantea el Gobierno central y Foro respecto a la Variante de Pajares, plasmado en los Presupuestos Generales del Estado. Por un lado, exigi\\u00f3 al Gobierno de Rajoy que rectifique para no dilatar la Variante y para no alejar las mercanc\\u00edas asturianas\",\"inLanguage\":\"es-ES\",\"isPartOf\":{\"@id\":\"https:\\\/\\\/www.eldigitaldeasturias.com\\\/noticias\\\/#website\"},\"breadcrumb\":{\"@id\":\"https:\\\/\\\/www.eldigitaldeasturias.com\\\/noticias\\\/gaspar-llamazares-pide-a-rajoy-que-rectifique-el-disparate-de-la-variante\\\/#breadcrumblist\"},\"author\":{\"@id\":\"https:\\\/\\\/www.eldigitaldeasturias.com\\\/noticias\\\/author\\\/admin\\\/#author\"},\"creator\":{\"@id\":\"https:\\\/\\\/www.eldigitaldeasturias.com\\\/noticias\\\/author\\\/admin\\\/#author\"},\"image\":{\"@type\":\"ImageObject\",\"url\":\"https:\\\/\\\/www.eldigitaldeasturias.com\\\/noticias\\\/wp-content\\\/uploads\\\/2016\\\/04\\\/Llamazares.jpg\",\"@id\":\"https:\\\/\\\/www.eldigitaldeasturias.com\\\/noticias\\\/gaspar-llamazares-pide-a-rajoy-que-rectifique-el-disparate-de-la-variante\\\/#mainImage\",\"width\":800,\"height\":600},\"primaryImageOfPage\":{\"@id\":\"https:\\\/\\\/www.eldigitaldeasturias.com\\\/noticias\\\/gaspar-llamazares-pide-a-rajoy-que-rectifique-el-disparate-de-la-variante\\\/#mainImage\"},\"datePublished\":\"2017-04-05T21:27:01+02:00\",\"dateModified\":\"2017-04-05T21:27:01+02:00\"},{\"@type\":\"WebSite\",\"@id\":\"https:\\\/\\\/www.eldigitaldeasturias.com\\\/noticias\\\/#website\",\"url\":\"https:\\\/\\\/www.eldigitaldeasturias.com\\\/noticias\\\/\",\"name\":\"El Digital de Asturias - Diario de actualidad y noticias\",\"alternateName\":\"El Digital de Asturias - Diario de actualidad y noticias\",\"description\":\"Hemeroteca\",\"inLanguage\":\"es-ES\",\"publisher\":{\"@id\":\"https:\\\/\\\/www.eldigitaldeasturias.com\\\/noticias\\\/#organization\"}}]}\n\t\t<\/script>\n\t\t<!-- All in One SEO Pro -->\r\n\t\t<title>Gaspar Llamazares pide a Rajoy que rectifique el \u00abdisparate\u00bb de la Variante - El Digital de Asturias<\/title>\n\n","aioseo_head_json":{"title":"Gaspar Llamazares pide a Rajoy que rectifique el \u00abdisparate\u00bb de la Variante - El Digital de Asturias","description":"Gaspar Llamazares realiz\u00f3 esta ma\u00f1ana un llamamiento doble para acabar con el \u201cdisparate\u201d que plantea el Gobierno central y Foro respecto a la Variante de Pajares, plasmado en los Presupuestos Generales del Estado. Por un lado, exigi\u00f3 al Gobierno de Rajoy que rectifique para no dilatar la Variante y para no alejar las mercanc\u00edas asturianas","canonical_url":"https:\/\/www.eldigitaldeasturias.com\/noticias\/gaspar-llamazares-pide-a-rajoy-que-rectifique-el-disparate-de-la-variante\/","robots":"max-image-preview:large","keywords":"destacadas","webmasterTools":{"google-site-verification":"UA-38556648-1","msvalidate.01":"7dfe9f3f1b24437ab69f4f2559babe99","miscellaneous":""},"schema":{"@context":"https:\/\/schema.org","@graph":[{"@type":"BlogPosting","@id":"https:\/\/www.eldigitaldeasturias.com\/noticias\/gaspar-llamazares-pide-a-rajoy-que-rectifique-el-disparate-de-la-variante\/#blogposting","name":"Gaspar Llamazares pide a Rajoy que rectifique el \u00abdisparate\u00bb de la Variante - El Digital de Asturias","headline":"Gaspar Llamazares pide a Rajoy que rectifique el \u00abdisparate\u00bb de la Variante","author":{"@id":"https:\/\/www.eldigitaldeasturias.com\/noticias\/author\/admin\/#author"},"publisher":{"@id":"https:\/\/www.eldigitaldeasturias.com\/noticias\/#organization"},"image":{"@type":"ImageObject","url":"https:\/\/www.eldigitaldeasturias.com\/noticias\/wp-content\/uploads\/2016\/04\/Llamazares.jpg","width":800,"height":600},"datePublished":"2017-04-05T21:27:01+02:00","dateModified":"2017-04-05T21:27:01+02:00","inLanguage":"es-ES","mainEntityOfPage":{"@id":"https:\/\/www.eldigitaldeasturias.com\/noticias\/gaspar-llamazares-pide-a-rajoy-que-rectifique-el-disparate-de-la-variante\/#webpage"},"isPartOf":{"@id":"https:\/\/www.eldigitaldeasturias.com\/noticias\/gaspar-llamazares-pide-a-rajoy-que-rectifique-el-disparate-de-la-variante\/#webpage"},"articleSection":"Destacadas"},{"@type":"BreadcrumbList","@id":"https:\/\/www.eldigitaldeasturias.com\/noticias\/gaspar-llamazares-pide-a-rajoy-que-rectifique-el-disparate-de-la-variante\/#breadcrumblist","itemListElement":[{"@type":"ListItem","@id":"https:\/\/www.eldigitaldeasturias.com\/noticias#listItem","position":1,"name":"Home","item":"https:\/\/www.eldigitaldeasturias.com\/noticias","nextItem":{"@type":"ListItem","@id":"https:\/\/www.eldigitaldeasturias.com\/noticias\/category\/destacadas\/#listItem","name":"Destacadas"}},{"@type":"ListItem","@id":"https:\/\/www.eldigitaldeasturias.com\/noticias\/category\/destacadas\/#listItem","position":2,"name":"Destacadas","item":"https:\/\/www.eldigitaldeasturias.com\/noticias\/category\/destacadas\/","nextItem":{"@type":"ListItem","@id":"https:\/\/www.eldigitaldeasturias.com\/noticias\/gaspar-llamazares-pide-a-rajoy-que-rectifique-el-disparate-de-la-variante\/#listItem","name":"Gaspar Llamazares pide a Rajoy que rectifique el \u00abdisparate\u00bb de la Variante"},"previousItem":{"@type":"ListItem","@id":"https:\/\/www.eldigitaldeasturias.com\/noticias#listItem","name":"Home"}},{"@type":"ListItem","@id":"https:\/\/www.eldigitaldeasturias.com\/noticias\/gaspar-llamazares-pide-a-rajoy-que-rectifique-el-disparate-de-la-variante\/#listItem","position":3,"name":"Gaspar Llamazares pide a Rajoy que rectifique el \u00abdisparate\u00bb de la Variante","previousItem":{"@type":"ListItem","@id":"https:\/\/www.eldigitaldeasturias.com\/noticias\/category\/destacadas\/#listItem","name":"Destacadas"}}]},{"@type":"Organization","@id":"https:\/\/www.eldigitaldeasturias.com\/noticias\/#organization","name":"El Digital de Asturias","description":"Hemeroteca","url":"https:\/\/www.eldigitaldeasturias.com\/noticias\/","email":"info@eldigitaldeasturias.com","telephone":"+34652131393","logo":{"@type":"ImageObject","url":"https:\/\/www.eldigitaldeasturias.com\/noticias\/wp-content\/uploads\/2020\/12\/EDA.jpg","@id":"https:\/\/www.eldigitaldeasturias.com\/noticias\/gaspar-llamazares-pide-a-rajoy-que-rectifique-el-disparate-de-la-variante\/#organizationLogo","width":649,"height":297},"image":{"@id":"https:\/\/www.eldigitaldeasturias.com\/noticias\/gaspar-llamazares-pide-a-rajoy-que-rectifique-el-disparate-de-la-variante\/#organizationLogo"},"sameAs":["https:\/\/facebook.com\/eldigitaldeasturias","https:\/\/www.youtube.com\/channel\/UCZP-2wLEB9Rv6erhFmqVnvg"],"address":{"@id":"https:\/\/www.eldigitaldeasturias.com\/noticias\/#postaladdress","@type":"PostalAddress","streetAddress":"san antonio 4,","postalCode":"33430","addressLocality":"Cand\u00e1s","addressRegion":"Asturias","addressCountry":"ES"}},{"@type":"Person","@id":"https:\/\/www.eldigitaldeasturias.com\/noticias\/author\/admin\/#author","url":"https:\/\/www.eldigitaldeasturias.com\/noticias\/author\/admin\/","name":"El Digital de Asturias","image":{"@type":"ImageObject","@id":"https:\/\/www.eldigitaldeasturias.com\/noticias\/gaspar-llamazares-pide-a-rajoy-que-rectifique-el-disparate-de-la-variante\/#authorImage","url":"https:\/\/www.eldigitaldeasturias.com\/noticias\/wp-content\/litespeed\/avatar\/18677e78aa0546b92d9dbf31ec7d7668.jpg?ver=1777290358","width":96,"height":96,"caption":"El Digital de Asturias"}},{"@type":"WebPage","@id":"https:\/\/www.eldigitaldeasturias.com\/noticias\/gaspar-llamazares-pide-a-rajoy-que-rectifique-el-disparate-de-la-variante\/#webpage","url":"https:\/\/www.eldigitaldeasturias.com\/noticias\/gaspar-llamazares-pide-a-rajoy-que-rectifique-el-disparate-de-la-variante\/","name":"Gaspar Llamazares pide a Rajoy que rectifique el \u00abdisparate\u00bb de la Variante - El Digital de Asturias","description":"Gaspar Llamazares realiz\u00f3 esta ma\u00f1ana un llamamiento doble para acabar con el \u201cdisparate\u201d que plantea el Gobierno central y Foro respecto a la Variante de Pajares, plasmado en los Presupuestos Generales del Estado. Por un lado, exigi\u00f3 al Gobierno de Rajoy que rectifique para no dilatar la Variante y para no alejar las mercanc\u00edas asturianas","inLanguage":"es-ES","isPartOf":{"@id":"https:\/\/www.eldigitaldeasturias.com\/noticias\/#website"},"breadcrumb":{"@id":"https:\/\/www.eldigitaldeasturias.com\/noticias\/gaspar-llamazares-pide-a-rajoy-que-rectifique-el-disparate-de-la-variante\/#breadcrumblist"},"author":{"@id":"https:\/\/www.eldigitaldeasturias.com\/noticias\/author\/admin\/#author"},"creator":{"@id":"https:\/\/www.eldigitaldeasturias.com\/noticias\/author\/admin\/#author"},"image":{"@type":"ImageObject","url":"https:\/\/www.eldigitaldeasturias.com\/noticias\/wp-content\/uploads\/2016\/04\/Llamazares.jpg","@id":"https:\/\/www.eldigitaldeasturias.com\/noticias\/gaspar-llamazares-pide-a-rajoy-que-rectifique-el-disparate-de-la-variante\/#mainImage","width":800,"height":600},"primaryImageOfPage":{"@id":"https:\/\/www.eldigitaldeasturias.com\/noticias\/gaspar-llamazares-pide-a-rajoy-que-rectifique-el-disparate-de-la-variante\/#mainImage"},"datePublished":"2017-04-05T21:27:01+02:00","dateModified":"2017-04-05T21:27:01+02:00"},{"@type":"WebSite","@id":"https:\/\/www.eldigitaldeasturias.com\/noticias\/#website","url":"https:\/\/www.eldigitaldeasturias.com\/noticias\/","name":"El Digital de Asturias - Diario de actualidad y noticias","alternateName":"El Digital de Asturias - Diario de actualidad y noticias","description":"Hemeroteca","inLanguage":"es-ES","publisher":{"@id":"https:\/\/www.eldigitaldeasturias.com\/noticias\/#organization"}}]},"og:locale":"es_ES","og:site_name":"El Digital de Asturias","og:type":"article","og:title":"Gaspar Llamazares pide a Rajoy que rectifique el \u00abdisparate\u00bb de la Variante - El Digital de Asturias","og:description":"Gaspar Llamazares realiz\u00f3 esta ma\u00f1ana un llamamiento doble para acabar con el \u201cdisparate\u201d que plantea el Gobierno central y Foro respecto a la Variante de Pajares, plasmado en los Presupuestos Generales del Estado. Por un lado, exigi\u00f3 al Gobierno de Rajoy que rectifique para no dilatar la Variante y para no alejar las mercanc\u00edas asturianas","og:url":"https:\/\/www.eldigitaldeasturias.com\/noticias\/gaspar-llamazares-pide-a-rajoy-que-rectifique-el-disparate-de-la-variante\/","og:image":"https:\/\/www.eldigitaldeasturias.com\/noticias\/wp-content\/uploads\/2016\/04\/Llamazares.jpg","og:image:secure_url":"https:\/\/www.eldigitaldeasturias.com\/noticias\/wp-content\/uploads\/2016\/04\/Llamazares.jpg","og:image:width":800,"og:image:height":600,"article:tag":["destacadas"],"article:published_time":"2017-04-05T21:27:01+00:00","article:modified_time":"2017-04-05T21:27:01+00:00","article:publisher":"https:\/\/facebook.com\/eldigitaldeasturias","twitter:card":"summary_large_image","twitter:title":"Gaspar Llamazares pide a Rajoy que rectifique el \u00abdisparate\u00bb de la Variante - El Digital de Asturias","twitter:description":"Gaspar Llamazares realiz\u00f3 esta ma\u00f1ana un llamamiento doble para acabar con el \u201cdisparate\u201d que plantea el Gobierno central y Foro respecto a la Variante de Pajares, plasmado en los Presupuestos Generales del Estado. Por un lado, exigi\u00f3 al Gobierno de Rajoy que rectifique para no dilatar la Variante y para no alejar las mercanc\u00edas asturianas","twitter:image":"https:\/\/www.eldigitaldeasturias.com\/noticias\/wp-content\/uploads\/2016\/04\/Llamazares.jpg","twitter:label1":"Escrito por","twitter:data1":"El Digital de Asturias","twitter:label2":"Tiempo de lectura estimado","twitter:data2":"2 minutos"},"aioseo_meta_data":{"post_id":"933047","title":null,"description":null,"keywords":null,"keyphrases":null,"primary_term":null,"canonical_url":null,"og_title":null,"og_description":null,"og_object_type":"default","og_image_type":"default","og_image_url":null,"og_image_width":null,"og_image_height":null,"og_image_custom_url":null,"og_image_custom_fields":null,"og_video":null,"og_custom_url":null,"og_article_section":null,"og_article_tags":null,"twitter_use_og":false,"twitter_card":"default","twitter_image_type":"default","twitter_image_url":null,"twitter_image_custom_url":null,"twitter_image_custom_fields":null,"twitter_title":null,"twitter_description":null,"schema":{"blockGraphs":[],"customGraphs":[],"default":{"data":{"Article":[],"Course":[],"Dataset":[],"FAQPage":[],"Movie":[],"Person":[],"Product":[],"ProductReview":[],"Car":[],"Recipe":[],"Service":[],"SoftwareApplication":[],"WebPage":[]},"graphName":"","isEnabled":true},"graphs":[],"defaultGraph":"","defaultPostTypeGraph":""},"schema_type":null,"schema_type_options":null,"pillar_content":false,"robots_default":true,"robots_noindex":false,"robots_noarchive":false,"robots_nosnippet":false,"robots_nofollow":false,"robots_noimageindex":false,"robots_noodp":false,"robots_notranslate":false,"robots_max_snippet":null,"robots_max_videopreview":null,"robots_max_imagepreview":"large","priority":null,"frequency":null,"local_seo":null,"seo_analyzer_scan_date":"2025-12-11 17:53:17","breadcrumb_settings":null,"limit_modified_date":false,"open_ai":null,"ai":null,"created":"2020-12-21 13:32:34","updated":"2025-12-11 17:53:17"},"aioseo_breadcrumb":"<div class=\"aioseo-breadcrumbs\"><span class=\"aioseo-breadcrumb\">\n\t<a href=\"https:\/\/www.eldigitaldeasturias.com\/noticias\" title=\"Home\">Home<\/a>\n<\/span><span class=\"aioseo-breadcrumb-separator\">\u2013<\/span><span class=\"aioseo-breadcrumb\">\n\t<a href=\"https:\/\/www.eldigitaldeasturias.com\/noticias\/category\/destacadas\/\" title=\"Destacadas\">Destacadas<\/a>\n<\/span><span class=\"aioseo-breadcrumb-separator\">\u2013<\/span><span class=\"aioseo-breadcrumb\">\n\t<a href=\"https:\/\/www.eldigitaldeasturias.com\/noticias\/gaspar-llamazares-pide-a-rajoy-que-rectifique-el-disparate-de-la-variante\/\" title=\"Gaspar Llamazares pide a Rajoy que rectifique el \u00abdisparate\u00bb de la Variante\">Gaspar Llamazares pide a Rajoy que rectifique el \u00abdisparate\u00bb de la Variante<\/a>\n<\/span><\/div>","aioseo_breadcrumb_json":[{"label":"Home","link":"https:\/\/www.eldigitaldeasturias.com\/noticias"},{"label":"Destacadas","link":"https:\/\/www.eldigitaldeasturias.com\/noticias\/category\/destacadas\/"},{"label":"Gaspar Llamazares pide a Rajoy que rectifique el \u00abdisparate\u00bb de la Variante","link":"https:\/\/www.eldigitaldeasturias.com\/noticias\/gaspar-llamazares-pide-a-rajoy-que-rectifique-el-disparate-de-la-variante\/"}],"_links":{"self":[{"href":"https:\/\/www.eldigitaldeasturias.com\/noticias\/wp-json\/wp\/v2\/posts\/933047","targetHints":{"allow":["GET"]}}],"collection":[{"href":"https:\/\/www.eldigitaldeasturias.com\/noticias\/wp-json\/wp\/v2\/posts"}],"about":[{"href":"https:\/\/www.eldigitaldeasturias.com\/noticias\/wp-json\/wp\/v2\/types\/post"}],"author":[{"embeddable":true,"href":"https:\/\/www.eldigitaldeasturias.com\/noticias\/wp-json\/wp\/v2\/users\/1"}],"replies":[{"embeddable":true,"href":"https:\/\/www.eldigitaldeasturias.com\/noticias\/wp-json\/wp\/v2\/comments?post=933047"}],"version-history":[{"count":0,"href":"https:\/\/www.eldigitaldeasturias.com\/noticias\/wp-json\/wp\/v2\/posts\/933047\/revisions"}],"wp:featuredmedia":[{"embeddable":true,"href":"https:\/\/www.eldigitaldeasturias.com\/noticias\/wp-json\/wp\/v2\/media\/874615"}],"wp:attachment":[{"href":"https:\/\/www.eldigitaldeasturias.com\/noticias\/wp-json\/wp\/v2\/media?parent=933047"}],"wp:term":[{"taxonomy":"category","embeddable":true,"href":"https:\/\/www.eldigitaldeasturias.com\/noticias\/wp-json\/wp\/v2\/categories?post=933047"},{"taxonomy":"post_tag","embeddable":true,"href":"https:\/\/www.eldigitaldeasturias.com\/noticias\/wp-json\/wp\/v2\/tags?post=933047"}],"curies":[{"name":"wp","href":"https:\/\/api.w.org\/{rel}","templated":true}]}}