{"id":932607,"date":"2017-04-03T13:57:21","date_gmt":"2017-04-03T13:57:21","guid":{"rendered":"http:\/\/www.eldigitaldeasturias.com\/noticias\/?p=932607"},"modified":"2017-04-03T13:57:21","modified_gmt":"2017-04-03T13:57:21","slug":"espana-refuerza-su-imagen-en-reino-unido-con-motivo-del-brexit","status":"publish","type":"post","link":"https:\/\/www.eldigitaldeasturias.com\/noticias\/espana-refuerza-su-imagen-en-reino-unido-con-motivo-del-brexit\/","title":{"rendered":"Espa\u00f1a refuerza su imagen en Reino Unido con motivo del Brexit"},"content":{"rendered":"<p><img loading=\"lazy\" decoding=\"async\" class=\"alignleft size-medium wp-image-893943\" src=\"https:\/\/www.eldigitaldeasturias.com\/noticias\/wp-content\/uploads\/2016\/06\/londres-360x240.jpg\" alt=\"\" width=\"360\" height=\"240\" srcset=\"https:\/\/www.eldigitaldeasturias.com\/noticias\/wp-content\/uploads\/2016\/06\/londres-360x240.jpg 360w, https:\/\/www.eldigitaldeasturias.com\/noticias\/wp-content\/uploads\/2016\/06\/londres-768x512.jpg 768w, https:\/\/www.eldigitaldeasturias.com\/noticias\/wp-content\/uploads\/2016\/06\/londres-650x433.jpg 650w, https:\/\/www.eldigitaldeasturias.com\/noticias\/wp-content\/uploads\/2016\/06\/londres.jpg 800w\" sizes=\"auto, (max-width: 360px) 100vw, 360px\" \/>El Ministerio de Energ\u00eda, Turismo y Agenda Digital, a trav\u00e9s de Turespa\u00f1a, ha puesto en marcha una campa\u00f1a de promoci\u00f3n tur\u00edstica para reforzar la imagen de nuestro pa\u00eds en el Reino Unido con motivo del Brexit.<\/p>\n<p>\u200bDenominada SpaininMYheart \u00bfHay un lugar en tu coraz\u00f3n para Espa\u00f1a?, se mantendr\u00e1 activa durante todo el mes de abril y pretende generar 20 millones de impresiones en redes sociales y alcanzar a un mill\u00f3n de usuarios.<\/p>\n<p>En 2016 nos visitaron 17.840.292 turistas brit\u00e1nicos, lo que supuso un crecimiento del 12,4% respecto al a\u00f1o anterior. Espa\u00f1a es el destino tur\u00edstico l\u00edder para Reino Unido y es precisamente para reforzar este posicionamiento y fidelizar a los turistas que ya han visitado nuestro pa\u00eds por lo que se lleva a cabo esta campa\u00f1a.<\/p>\n<p>El eje de la acci\u00f3n es que los propios turistas brit\u00e1nicos se conviertan en embajadores de Espa\u00f1a en las redes sociales compartiendo experiencias vividas durante sus vacaciones. Para ello se ha elegido a seis blogueros brit\u00e1nicos especializados en viajes y turismo que publicar\u00e1n art\u00edculos sobre nuestro pa\u00eds y animar\u00e1n a todos sus seguidores a compartir sus propias vivencias.<\/p>\n<p>Los blogueros son los siguientes:<\/p>\n<ul>\n<li>Michael Turtle de timetravelturtle.com<\/li>\n<li>Paul Dow de travmonkey.com<\/li>\n<li>Becki Enright de bordersofadventure.com<\/li>\n<li>Abi King de insidethetravellab.com<\/li>\n<li>Keith Jenkins de velvetescape.com\/travel-blog<\/li>\n<li>Sarah Lee de livesharetravel.com<\/li>\n<\/ul>\n<p>Adem\u00e1s, el 6 de abril se realizar\u00e1 en Twitter el llamado \u00abSpain Travel Chat\u00bb: los blogueros lanzar\u00e1n preguntas a sus seguidores sobre Espa\u00f1a, hablar\u00e1n de sus viajes e incentivar\u00e1n la participaci\u00f3n de los internautas.<\/p>\n<p>Por \u00faltimo, los perfiles de las cuentas de la Oficina de Turismo de Londres en redes sociales promocionar\u00e1n el lema #SpaininMYheart con im\u00e1genes de portada dise\u00f1adas espec\u00edficamente para esta campa\u00f1a.<\/p>\n","protected":false},"excerpt":{"rendered":"<p>El Ministerio de Energ\u00eda, Turismo y Agenda Digital, a trav\u00e9s de Turespa\u00f1a, ha puesto en marcha una campa\u00f1a de promoci\u00f3n tur\u00edstica para reforzar la imagen de nuestro pa\u00eds en el Reino Unido con motivo del Brexit. \u200bDenominada SpaininMYheart \u00bfHay un lugar en tu coraz\u00f3n para Espa\u00f1a?, se mantendr\u00e1 activa durante todo el mes de abril [&hellip;]<\/p>\n","protected":false},"author":1,"featured_media":893943,"comment_status":"closed","ping_status":"closed","sticky":false,"template":"","format":"standard","meta":{"footnotes":""},"categories":[141],"tags":[],"class_list":["post-932607","post","type-post","status-publish","format-standard","has-post-thumbnail","hentry","category-destacadas"],"aioseo_notices":[],"aioseo_head":"\n\t\t<!-- All in One SEO Pro 4.9.6.2 - aioseo.com -->\n\t<meta name=\"description\" content=\"El Ministerio de Energ\u00eda, Turismo y Agenda Digital, a trav\u00e9s de Turespa\u00f1a, ha puesto en marcha una campa\u00f1a de promoci\u00f3n tur\u00edstica para reforzar la imagen de nuestro pa\u00eds en el Reino Unido con motivo del Brexit. \u200bDenominada SpaininMYheart \u00bfHay un lugar en tu coraz\u00f3n para Espa\u00f1a?, se mantendr\u00e1 activa durante todo el mes de abril\" \/>\n\t<meta name=\"robots\" content=\"max-image-preview:large\" \/>\n\t<meta name=\"author\" content=\"El Digital de Asturias\"\/>\n\t<meta name=\"google-site-verification\" content=\"UA-38556648-1\" \/>\n\t<meta name=\"msvalidate.01\" content=\"7dfe9f3f1b24437ab69f4f2559babe99\" \/>\n\t<meta name=\"keywords\" content=\"destacadas\" \/>\n\t<link rel=\"canonical\" href=\"https:\/\/www.eldigitaldeasturias.com\/noticias\/espana-refuerza-su-imagen-en-reino-unido-con-motivo-del-brexit\/\" \/>\n\t<meta name=\"generator\" content=\"All in One SEO Pro (AIOSEO) 4.9.6.2\" \/>\n\t\t<meta property=\"og:locale\" content=\"es_ES\" \/>\n\t\t<meta property=\"og:site_name\" content=\"El Digital de Asturias\" \/>\n\t\t<meta property=\"og:type\" content=\"article\" \/>\n\t\t<meta property=\"og:title\" content=\"Espa\u00f1a refuerza su imagen en Reino Unido con motivo del Brexit - El Digital de Asturias\" \/>\n\t\t<meta property=\"og:description\" content=\"El Ministerio de Energ\u00eda, Turismo y Agenda Digital, a trav\u00e9s de Turespa\u00f1a, ha puesto en marcha una campa\u00f1a de promoci\u00f3n tur\u00edstica para reforzar la imagen de nuestro pa\u00eds en el Reino Unido con motivo del Brexit. \u200bDenominada SpaininMYheart \u00bfHay un lugar en tu coraz\u00f3n para Espa\u00f1a?, se mantendr\u00e1 activa durante todo el mes de abril\" \/>\n\t\t<meta property=\"og:url\" content=\"https:\/\/www.eldigitaldeasturias.com\/noticias\/espana-refuerza-su-imagen-en-reino-unido-con-motivo-del-brexit\/\" \/>\n\t\t<meta property=\"og:image\" content=\"https:\/\/www.eldigitaldeasturias.com\/noticias\/wp-content\/uploads\/2016\/06\/londres.jpg\" \/>\n\t\t<meta property=\"og:image:secure_url\" content=\"https:\/\/www.eldigitaldeasturias.com\/noticias\/wp-content\/uploads\/2016\/06\/londres.jpg\" \/>\n\t\t<meta property=\"og:image:width\" content=\"800\" \/>\n\t\t<meta property=\"og:image:height\" content=\"533\" \/>\n\t\t<meta property=\"article:tag\" content=\"destacadas\" \/>\n\t\t<meta property=\"article:published_time\" content=\"2017-04-03T13:57:21+00:00\" \/>\n\t\t<meta property=\"article:modified_time\" content=\"2017-04-03T13:57:21+00:00\" \/>\n\t\t<meta property=\"article:publisher\" content=\"https:\/\/facebook.com\/eldigitaldeasturias\" \/>\n\t\t<meta name=\"twitter:card\" content=\"summary_large_image\" \/>\n\t\t<meta name=\"twitter:title\" content=\"Espa\u00f1a refuerza su imagen en Reino Unido con motivo del Brexit - El Digital de Asturias\" \/>\n\t\t<meta name=\"twitter:description\" content=\"El Ministerio de Energ\u00eda, Turismo y Agenda Digital, a trav\u00e9s de Turespa\u00f1a, ha puesto en marcha una campa\u00f1a de promoci\u00f3n tur\u00edstica para reforzar la imagen de nuestro pa\u00eds en el Reino Unido con motivo del Brexit. \u200bDenominada SpaininMYheart \u00bfHay un lugar en tu coraz\u00f3n para Espa\u00f1a?, se mantendr\u00e1 activa durante todo el mes de abril\" \/>\n\t\t<meta name=\"twitter:image\" content=\"https:\/\/www.eldigitaldeasturias.com\/noticias\/wp-content\/uploads\/2016\/06\/londres.jpg\" \/>\n\t\t<meta name=\"twitter:label1\" content=\"Escrito por\" \/>\n\t\t<meta name=\"twitter:data1\" content=\"El Digital de Asturias\" \/>\n\t\t<meta name=\"twitter:label2\" content=\"Tiempo de lectura estimado\" \/>\n\t\t<meta name=\"twitter:data2\" content=\"2 minutos\" \/>\n\t\t<script type=\"application\/ld+json\" class=\"aioseo-schema\">\n\t\t\t{\"@context\":\"https:\\\/\\\/schema.org\",\"@graph\":[{\"@type\":\"BlogPosting\",\"@id\":\"https:\\\/\\\/www.eldigitaldeasturias.com\\\/noticias\\\/espana-refuerza-su-imagen-en-reino-unido-con-motivo-del-brexit\\\/#blogposting\",\"name\":\"Espa\\u00f1a refuerza su imagen en Reino Unido con motivo del Brexit - El Digital de Asturias\",\"headline\":\"Espa\\u00f1a refuerza su imagen en Reino Unido con motivo del Brexit\",\"author\":{\"@id\":\"https:\\\/\\\/www.eldigitaldeasturias.com\\\/noticias\\\/author\\\/admin\\\/#author\"},\"publisher\":{\"@id\":\"https:\\\/\\\/www.eldigitaldeasturias.com\\\/noticias\\\/#organization\"},\"image\":{\"@type\":\"ImageObject\",\"url\":\"https:\\\/\\\/www.eldigitaldeasturias.com\\\/noticias\\\/wp-content\\\/uploads\\\/2016\\\/06\\\/londres.jpg\",\"width\":800,\"height\":533,\"caption\":\"londres\"},\"datePublished\":\"2017-04-03T13:57:21+02:00\",\"dateModified\":\"2017-04-03T13:57:21+02:00\",\"inLanguage\":\"es-ES\",\"mainEntityOfPage\":{\"@id\":\"https:\\\/\\\/www.eldigitaldeasturias.com\\\/noticias\\\/espana-refuerza-su-imagen-en-reino-unido-con-motivo-del-brexit\\\/#webpage\"},\"isPartOf\":{\"@id\":\"https:\\\/\\\/www.eldigitaldeasturias.com\\\/noticias\\\/espana-refuerza-su-imagen-en-reino-unido-con-motivo-del-brexit\\\/#webpage\"},\"articleSection\":\"Destacadas\"},{\"@type\":\"BreadcrumbList\",\"@id\":\"https:\\\/\\\/www.eldigitaldeasturias.com\\\/noticias\\\/espana-refuerza-su-imagen-en-reino-unido-con-motivo-del-brexit\\\/#breadcrumblist\",\"itemListElement\":[{\"@type\":\"ListItem\",\"@id\":\"https:\\\/\\\/www.eldigitaldeasturias.com\\\/noticias#listItem\",\"position\":1,\"name\":\"Home\",\"item\":\"https:\\\/\\\/www.eldigitaldeasturias.com\\\/noticias\",\"nextItem\":{\"@type\":\"ListItem\",\"@id\":\"https:\\\/\\\/www.eldigitaldeasturias.com\\\/noticias\\\/category\\\/destacadas\\\/#listItem\",\"name\":\"Destacadas\"}},{\"@type\":\"ListItem\",\"@id\":\"https:\\\/\\\/www.eldigitaldeasturias.com\\\/noticias\\\/category\\\/destacadas\\\/#listItem\",\"position\":2,\"name\":\"Destacadas\",\"item\":\"https:\\\/\\\/www.eldigitaldeasturias.com\\\/noticias\\\/category\\\/destacadas\\\/\",\"nextItem\":{\"@type\":\"ListItem\",\"@id\":\"https:\\\/\\\/www.eldigitaldeasturias.com\\\/noticias\\\/espana-refuerza-su-imagen-en-reino-unido-con-motivo-del-brexit\\\/#listItem\",\"name\":\"Espa\\u00f1a refuerza su imagen en Reino Unido con motivo del Brexit\"},\"previousItem\":{\"@type\":\"ListItem\",\"@id\":\"https:\\\/\\\/www.eldigitaldeasturias.com\\\/noticias#listItem\",\"name\":\"Home\"}},{\"@type\":\"ListItem\",\"@id\":\"https:\\\/\\\/www.eldigitaldeasturias.com\\\/noticias\\\/espana-refuerza-su-imagen-en-reino-unido-con-motivo-del-brexit\\\/#listItem\",\"position\":3,\"name\":\"Espa\\u00f1a refuerza su imagen en Reino Unido con motivo del Brexit\",\"previousItem\":{\"@type\":\"ListItem\",\"@id\":\"https:\\\/\\\/www.eldigitaldeasturias.com\\\/noticias\\\/category\\\/destacadas\\\/#listItem\",\"name\":\"Destacadas\"}}]},{\"@type\":\"Organization\",\"@id\":\"https:\\\/\\\/www.eldigitaldeasturias.com\\\/noticias\\\/#organization\",\"name\":\"El Digital de Asturias\",\"description\":\"Hemeroteca\",\"url\":\"https:\\\/\\\/www.eldigitaldeasturias.com\\\/noticias\\\/\",\"email\":\"info@eldigitaldeasturias.com\",\"telephone\":\"+34652131393\",\"logo\":{\"@type\":\"ImageObject\",\"url\":\"https:\\\/\\\/www.eldigitaldeasturias.com\\\/noticias\\\/wp-content\\\/uploads\\\/2020\\\/12\\\/EDA.jpg\",\"@id\":\"https:\\\/\\\/www.eldigitaldeasturias.com\\\/noticias\\\/espana-refuerza-su-imagen-en-reino-unido-con-motivo-del-brexit\\\/#organizationLogo\",\"width\":649,\"height\":297},\"image\":{\"@id\":\"https:\\\/\\\/www.eldigitaldeasturias.com\\\/noticias\\\/espana-refuerza-su-imagen-en-reino-unido-con-motivo-del-brexit\\\/#organizationLogo\"},\"sameAs\":[\"https:\\\/\\\/facebook.com\\\/eldigitaldeasturias\",\"https:\\\/\\\/www.youtube.com\\\/channel\\\/UCZP-2wLEB9Rv6erhFmqVnvg\"],\"address\":{\"@id\":\"https:\\\/\\\/www.eldigitaldeasturias.com\\\/noticias\\\/#postaladdress\",\"@type\":\"PostalAddress\",\"streetAddress\":\"san antonio 4,\",\"postalCode\":\"33430\",\"addressLocality\":\"Cand\\u00e1s\",\"addressRegion\":\"Asturias\",\"addressCountry\":\"ES\"}},{\"@type\":\"Person\",\"@id\":\"https:\\\/\\\/www.eldigitaldeasturias.com\\\/noticias\\\/author\\\/admin\\\/#author\",\"url\":\"https:\\\/\\\/www.eldigitaldeasturias.com\\\/noticias\\\/author\\\/admin\\\/\",\"name\":\"El Digital de Asturias\",\"image\":{\"@type\":\"ImageObject\",\"@id\":\"https:\\\/\\\/www.eldigitaldeasturias.com\\\/noticias\\\/espana-refuerza-su-imagen-en-reino-unido-con-motivo-del-brexit\\\/#authorImage\",\"url\":\"https:\\\/\\\/www.eldigitaldeasturias.com\\\/noticias\\\/wp-content\\\/litespeed\\\/avatar\\\/18677e78aa0546b92d9dbf31ec7d7668.jpg?ver=1777290358\",\"width\":96,\"height\":96,\"caption\":\"El Digital de Asturias\"}},{\"@type\":\"WebPage\",\"@id\":\"https:\\\/\\\/www.eldigitaldeasturias.com\\\/noticias\\\/espana-refuerza-su-imagen-en-reino-unido-con-motivo-del-brexit\\\/#webpage\",\"url\":\"https:\\\/\\\/www.eldigitaldeasturias.com\\\/noticias\\\/espana-refuerza-su-imagen-en-reino-unido-con-motivo-del-brexit\\\/\",\"name\":\"Espa\\u00f1a refuerza su imagen en Reino Unido con motivo del Brexit - El Digital de Asturias\",\"description\":\"El Ministerio de Energ\\u00eda, Turismo y Agenda Digital, a trav\\u00e9s de Turespa\\u00f1a, ha puesto en marcha una campa\\u00f1a de promoci\\u00f3n tur\\u00edstica para reforzar la imagen de nuestro pa\\u00eds en el Reino Unido con motivo del Brexit. \\u200bDenominada SpaininMYheart \\u00bfHay un lugar en tu coraz\\u00f3n para Espa\\u00f1a?, se mantendr\\u00e1 activa durante todo el mes de abril\",\"inLanguage\":\"es-ES\",\"isPartOf\":{\"@id\":\"https:\\\/\\\/www.eldigitaldeasturias.com\\\/noticias\\\/#website\"},\"breadcrumb\":{\"@id\":\"https:\\\/\\\/www.eldigitaldeasturias.com\\\/noticias\\\/espana-refuerza-su-imagen-en-reino-unido-con-motivo-del-brexit\\\/#breadcrumblist\"},\"author\":{\"@id\":\"https:\\\/\\\/www.eldigitaldeasturias.com\\\/noticias\\\/author\\\/admin\\\/#author\"},\"creator\":{\"@id\":\"https:\\\/\\\/www.eldigitaldeasturias.com\\\/noticias\\\/author\\\/admin\\\/#author\"},\"image\":{\"@type\":\"ImageObject\",\"url\":\"https:\\\/\\\/www.eldigitaldeasturias.com\\\/noticias\\\/wp-content\\\/uploads\\\/2016\\\/06\\\/londres.jpg\",\"@id\":\"https:\\\/\\\/www.eldigitaldeasturias.com\\\/noticias\\\/espana-refuerza-su-imagen-en-reino-unido-con-motivo-del-brexit\\\/#mainImage\",\"width\":800,\"height\":533,\"caption\":\"londres\"},\"primaryImageOfPage\":{\"@id\":\"https:\\\/\\\/www.eldigitaldeasturias.com\\\/noticias\\\/espana-refuerza-su-imagen-en-reino-unido-con-motivo-del-brexit\\\/#mainImage\"},\"datePublished\":\"2017-04-03T13:57:21+02:00\",\"dateModified\":\"2017-04-03T13:57:21+02:00\"},{\"@type\":\"WebSite\",\"@id\":\"https:\\\/\\\/www.eldigitaldeasturias.com\\\/noticias\\\/#website\",\"url\":\"https:\\\/\\\/www.eldigitaldeasturias.com\\\/noticias\\\/\",\"name\":\"El Digital de Asturias - Diario de actualidad y noticias\",\"alternateName\":\"El Digital de Asturias - Diario de actualidad y noticias\",\"description\":\"Hemeroteca\",\"inLanguage\":\"es-ES\",\"publisher\":{\"@id\":\"https:\\\/\\\/www.eldigitaldeasturias.com\\\/noticias\\\/#organization\"}}]}\n\t\t<\/script>\n\t\t<!-- All in One SEO Pro -->\r\n\t\t<title>Espa\u00f1a refuerza su imagen en Reino Unido con motivo del Brexit - El Digital de Asturias<\/title>\n\n","aioseo_head_json":{"title":"Espa\u00f1a refuerza su imagen en Reino Unido con motivo del Brexit - El Digital de Asturias","description":"El Ministerio de Energ\u00eda, Turismo y Agenda Digital, a trav\u00e9s de Turespa\u00f1a, ha puesto en marcha una campa\u00f1a de promoci\u00f3n tur\u00edstica para reforzar la imagen de nuestro pa\u00eds en el Reino Unido con motivo del Brexit. \u200bDenominada SpaininMYheart \u00bfHay un lugar en tu coraz\u00f3n para Espa\u00f1a?, se mantendr\u00e1 activa durante todo el mes de abril","canonical_url":"https:\/\/www.eldigitaldeasturias.com\/noticias\/espana-refuerza-su-imagen-en-reino-unido-con-motivo-del-brexit\/","robots":"max-image-preview:large","keywords":"destacadas","webmasterTools":{"google-site-verification":"UA-38556648-1","msvalidate.01":"7dfe9f3f1b24437ab69f4f2559babe99","miscellaneous":""},"schema":{"@context":"https:\/\/schema.org","@graph":[{"@type":"BlogPosting","@id":"https:\/\/www.eldigitaldeasturias.com\/noticias\/espana-refuerza-su-imagen-en-reino-unido-con-motivo-del-brexit\/#blogposting","name":"Espa\u00f1a refuerza su imagen en Reino Unido con motivo del Brexit - El Digital de Asturias","headline":"Espa\u00f1a refuerza su imagen en Reino Unido con motivo del Brexit","author":{"@id":"https:\/\/www.eldigitaldeasturias.com\/noticias\/author\/admin\/#author"},"publisher":{"@id":"https:\/\/www.eldigitaldeasturias.com\/noticias\/#organization"},"image":{"@type":"ImageObject","url":"https:\/\/www.eldigitaldeasturias.com\/noticias\/wp-content\/uploads\/2016\/06\/londres.jpg","width":800,"height":533,"caption":"londres"},"datePublished":"2017-04-03T13:57:21+02:00","dateModified":"2017-04-03T13:57:21+02:00","inLanguage":"es-ES","mainEntityOfPage":{"@id":"https:\/\/www.eldigitaldeasturias.com\/noticias\/espana-refuerza-su-imagen-en-reino-unido-con-motivo-del-brexit\/#webpage"},"isPartOf":{"@id":"https:\/\/www.eldigitaldeasturias.com\/noticias\/espana-refuerza-su-imagen-en-reino-unido-con-motivo-del-brexit\/#webpage"},"articleSection":"Destacadas"},{"@type":"BreadcrumbList","@id":"https:\/\/www.eldigitaldeasturias.com\/noticias\/espana-refuerza-su-imagen-en-reino-unido-con-motivo-del-brexit\/#breadcrumblist","itemListElement":[{"@type":"ListItem","@id":"https:\/\/www.eldigitaldeasturias.com\/noticias#listItem","position":1,"name":"Home","item":"https:\/\/www.eldigitaldeasturias.com\/noticias","nextItem":{"@type":"ListItem","@id":"https:\/\/www.eldigitaldeasturias.com\/noticias\/category\/destacadas\/#listItem","name":"Destacadas"}},{"@type":"ListItem","@id":"https:\/\/www.eldigitaldeasturias.com\/noticias\/category\/destacadas\/#listItem","position":2,"name":"Destacadas","item":"https:\/\/www.eldigitaldeasturias.com\/noticias\/category\/destacadas\/","nextItem":{"@type":"ListItem","@id":"https:\/\/www.eldigitaldeasturias.com\/noticias\/espana-refuerza-su-imagen-en-reino-unido-con-motivo-del-brexit\/#listItem","name":"Espa\u00f1a refuerza su imagen en Reino Unido con motivo del Brexit"},"previousItem":{"@type":"ListItem","@id":"https:\/\/www.eldigitaldeasturias.com\/noticias#listItem","name":"Home"}},{"@type":"ListItem","@id":"https:\/\/www.eldigitaldeasturias.com\/noticias\/espana-refuerza-su-imagen-en-reino-unido-con-motivo-del-brexit\/#listItem","position":3,"name":"Espa\u00f1a refuerza su imagen en Reino Unido con motivo del Brexit","previousItem":{"@type":"ListItem","@id":"https:\/\/www.eldigitaldeasturias.com\/noticias\/category\/destacadas\/#listItem","name":"Destacadas"}}]},{"@type":"Organization","@id":"https:\/\/www.eldigitaldeasturias.com\/noticias\/#organization","name":"El Digital de Asturias","description":"Hemeroteca","url":"https:\/\/www.eldigitaldeasturias.com\/noticias\/","email":"info@eldigitaldeasturias.com","telephone":"+34652131393","logo":{"@type":"ImageObject","url":"https:\/\/www.eldigitaldeasturias.com\/noticias\/wp-content\/uploads\/2020\/12\/EDA.jpg","@id":"https:\/\/www.eldigitaldeasturias.com\/noticias\/espana-refuerza-su-imagen-en-reino-unido-con-motivo-del-brexit\/#organizationLogo","width":649,"height":297},"image":{"@id":"https:\/\/www.eldigitaldeasturias.com\/noticias\/espana-refuerza-su-imagen-en-reino-unido-con-motivo-del-brexit\/#organizationLogo"},"sameAs":["https:\/\/facebook.com\/eldigitaldeasturias","https:\/\/www.youtube.com\/channel\/UCZP-2wLEB9Rv6erhFmqVnvg"],"address":{"@id":"https:\/\/www.eldigitaldeasturias.com\/noticias\/#postaladdress","@type":"PostalAddress","streetAddress":"san antonio 4,","postalCode":"33430","addressLocality":"Cand\u00e1s","addressRegion":"Asturias","addressCountry":"ES"}},{"@type":"Person","@id":"https:\/\/www.eldigitaldeasturias.com\/noticias\/author\/admin\/#author","url":"https:\/\/www.eldigitaldeasturias.com\/noticias\/author\/admin\/","name":"El Digital de Asturias","image":{"@type":"ImageObject","@id":"https:\/\/www.eldigitaldeasturias.com\/noticias\/espana-refuerza-su-imagen-en-reino-unido-con-motivo-del-brexit\/#authorImage","url":"https:\/\/www.eldigitaldeasturias.com\/noticias\/wp-content\/litespeed\/avatar\/18677e78aa0546b92d9dbf31ec7d7668.jpg?ver=1777290358","width":96,"height":96,"caption":"El Digital de Asturias"}},{"@type":"WebPage","@id":"https:\/\/www.eldigitaldeasturias.com\/noticias\/espana-refuerza-su-imagen-en-reino-unido-con-motivo-del-brexit\/#webpage","url":"https:\/\/www.eldigitaldeasturias.com\/noticias\/espana-refuerza-su-imagen-en-reino-unido-con-motivo-del-brexit\/","name":"Espa\u00f1a refuerza su imagen en Reino Unido con motivo del Brexit - El Digital de Asturias","description":"El Ministerio de Energ\u00eda, Turismo y Agenda Digital, a trav\u00e9s de Turespa\u00f1a, ha puesto en marcha una campa\u00f1a de promoci\u00f3n tur\u00edstica para reforzar la imagen de nuestro pa\u00eds en el Reino Unido con motivo del Brexit. \u200bDenominada SpaininMYheart \u00bfHay un lugar en tu coraz\u00f3n para Espa\u00f1a?, se mantendr\u00e1 activa durante todo el mes de abril","inLanguage":"es-ES","isPartOf":{"@id":"https:\/\/www.eldigitaldeasturias.com\/noticias\/#website"},"breadcrumb":{"@id":"https:\/\/www.eldigitaldeasturias.com\/noticias\/espana-refuerza-su-imagen-en-reino-unido-con-motivo-del-brexit\/#breadcrumblist"},"author":{"@id":"https:\/\/www.eldigitaldeasturias.com\/noticias\/author\/admin\/#author"},"creator":{"@id":"https:\/\/www.eldigitaldeasturias.com\/noticias\/author\/admin\/#author"},"image":{"@type":"ImageObject","url":"https:\/\/www.eldigitaldeasturias.com\/noticias\/wp-content\/uploads\/2016\/06\/londres.jpg","@id":"https:\/\/www.eldigitaldeasturias.com\/noticias\/espana-refuerza-su-imagen-en-reino-unido-con-motivo-del-brexit\/#mainImage","width":800,"height":533,"caption":"londres"},"primaryImageOfPage":{"@id":"https:\/\/www.eldigitaldeasturias.com\/noticias\/espana-refuerza-su-imagen-en-reino-unido-con-motivo-del-brexit\/#mainImage"},"datePublished":"2017-04-03T13:57:21+02:00","dateModified":"2017-04-03T13:57:21+02:00"},{"@type":"WebSite","@id":"https:\/\/www.eldigitaldeasturias.com\/noticias\/#website","url":"https:\/\/www.eldigitaldeasturias.com\/noticias\/","name":"El Digital de Asturias - Diario de actualidad y noticias","alternateName":"El Digital de Asturias - Diario de actualidad y noticias","description":"Hemeroteca","inLanguage":"es-ES","publisher":{"@id":"https:\/\/www.eldigitaldeasturias.com\/noticias\/#organization"}}]},"og:locale":"es_ES","og:site_name":"El Digital de Asturias","og:type":"article","og:title":"Espa\u00f1a refuerza su imagen en Reino Unido con motivo del Brexit - El Digital de Asturias","og:description":"El Ministerio de Energ\u00eda, Turismo y Agenda Digital, a trav\u00e9s de Turespa\u00f1a, ha puesto en marcha una campa\u00f1a de promoci\u00f3n tur\u00edstica para reforzar la imagen de nuestro pa\u00eds en el Reino Unido con motivo del Brexit. \u200bDenominada SpaininMYheart \u00bfHay un lugar en tu coraz\u00f3n para Espa\u00f1a?, se mantendr\u00e1 activa durante todo el mes de abril","og:url":"https:\/\/www.eldigitaldeasturias.com\/noticias\/espana-refuerza-su-imagen-en-reino-unido-con-motivo-del-brexit\/","og:image":"https:\/\/www.eldigitaldeasturias.com\/noticias\/wp-content\/uploads\/2016\/06\/londres.jpg","og:image:secure_url":"https:\/\/www.eldigitaldeasturias.com\/noticias\/wp-content\/uploads\/2016\/06\/londres.jpg","og:image:width":800,"og:image:height":533,"article:tag":["destacadas"],"article:published_time":"2017-04-03T13:57:21+00:00","article:modified_time":"2017-04-03T13:57:21+00:00","article:publisher":"https:\/\/facebook.com\/eldigitaldeasturias","twitter:card":"summary_large_image","twitter:title":"Espa\u00f1a refuerza su imagen en Reino Unido con motivo del Brexit - El Digital de Asturias","twitter:description":"El Ministerio de Energ\u00eda, Turismo y Agenda Digital, a trav\u00e9s de Turespa\u00f1a, ha puesto en marcha una campa\u00f1a de promoci\u00f3n tur\u00edstica para reforzar la imagen de nuestro pa\u00eds en el Reino Unido con motivo del Brexit. \u200bDenominada SpaininMYheart \u00bfHay un lugar en tu coraz\u00f3n para Espa\u00f1a?, se mantendr\u00e1 activa durante todo el mes de abril","twitter:image":"https:\/\/www.eldigitaldeasturias.com\/noticias\/wp-content\/uploads\/2016\/06\/londres.jpg","twitter:label1":"Escrito por","twitter:data1":"El Digital de Asturias","twitter:label2":"Tiempo de lectura estimado","twitter:data2":"2 minutos"},"aioseo_meta_data":{"post_id":"932607","title":null,"description":null,"keywords":null,"keyphrases":null,"primary_term":null,"canonical_url":null,"og_title":null,"og_description":null,"og_object_type":"default","og_image_type":"default","og_image_url":null,"og_image_width":null,"og_image_height":null,"og_image_custom_url":null,"og_image_custom_fields":null,"og_video":null,"og_custom_url":null,"og_article_section":null,"og_article_tags":null,"twitter_use_og":false,"twitter_card":"default","twitter_image_type":"default","twitter_image_url":null,"twitter_image_custom_url":null,"twitter_image_custom_fields":null,"twitter_title":null,"twitter_description":null,"schema":{"blockGraphs":[],"customGraphs":[],"default":{"data":{"Article":[],"Course":[],"Dataset":[],"FAQPage":[],"Movie":[],"Person":[],"Product":[],"ProductReview":[],"Car":[],"Recipe":[],"Service":[],"SoftwareApplication":[],"WebPage":[]},"graphName":"","isEnabled":true},"graphs":[],"defaultGraph":"","defaultPostTypeGraph":""},"schema_type":null,"schema_type_options":null,"pillar_content":false,"robots_default":true,"robots_noindex":false,"robots_noarchive":false,"robots_nosnippet":false,"robots_nofollow":false,"robots_noimageindex":false,"robots_noodp":false,"robots_notranslate":false,"robots_max_snippet":null,"robots_max_videopreview":null,"robots_max_imagepreview":"large","priority":null,"frequency":null,"local_seo":null,"seo_analyzer_scan_date":"2025-12-11 16:25:09","breadcrumb_settings":null,"limit_modified_date":false,"open_ai":null,"ai":null,"created":"2020-12-21 13:32:43","updated":"2025-12-11 16:25:09"},"aioseo_breadcrumb":"<div class=\"aioseo-breadcrumbs\"><span class=\"aioseo-breadcrumb\">\n\t<a href=\"https:\/\/www.eldigitaldeasturias.com\/noticias\" title=\"Home\">Home<\/a>\n<\/span><span class=\"aioseo-breadcrumb-separator\">\u2013<\/span><span class=\"aioseo-breadcrumb\">\n\t<a href=\"https:\/\/www.eldigitaldeasturias.com\/noticias\/category\/destacadas\/\" title=\"Destacadas\">Destacadas<\/a>\n<\/span><span class=\"aioseo-breadcrumb-separator\">\u2013<\/span><span class=\"aioseo-breadcrumb\">\n\t<a href=\"https:\/\/www.eldigitaldeasturias.com\/noticias\/espana-refuerza-su-imagen-en-reino-unido-con-motivo-del-brexit\/\" title=\"Espa\u00f1a refuerza su imagen en Reino Unido con motivo del Brexit\">Espa\u00f1a refuerza su imagen en Reino Unido con motivo del Brexit<\/a>\n<\/span><\/div>","aioseo_breadcrumb_json":[{"label":"Home","link":"https:\/\/www.eldigitaldeasturias.com\/noticias"},{"label":"Destacadas","link":"https:\/\/www.eldigitaldeasturias.com\/noticias\/category\/destacadas\/"},{"label":"Espa\u00f1a refuerza su imagen en Reino Unido con motivo del Brexit","link":"https:\/\/www.eldigitaldeasturias.com\/noticias\/espana-refuerza-su-imagen-en-reino-unido-con-motivo-del-brexit\/"}],"_links":{"self":[{"href":"https:\/\/www.eldigitaldeasturias.com\/noticias\/wp-json\/wp\/v2\/posts\/932607","targetHints":{"allow":["GET"]}}],"collection":[{"href":"https:\/\/www.eldigitaldeasturias.com\/noticias\/wp-json\/wp\/v2\/posts"}],"about":[{"href":"https:\/\/www.eldigitaldeasturias.com\/noticias\/wp-json\/wp\/v2\/types\/post"}],"author":[{"embeddable":true,"href":"https:\/\/www.eldigitaldeasturias.com\/noticias\/wp-json\/wp\/v2\/users\/1"}],"replies":[{"embeddable":true,"href":"https:\/\/www.eldigitaldeasturias.com\/noticias\/wp-json\/wp\/v2\/comments?post=932607"}],"version-history":[{"count":0,"href":"https:\/\/www.eldigitaldeasturias.com\/noticias\/wp-json\/wp\/v2\/posts\/932607\/revisions"}],"wp:featuredmedia":[{"embeddable":true,"href":"https:\/\/www.eldigitaldeasturias.com\/noticias\/wp-json\/wp\/v2\/media\/893943"}],"wp:attachment":[{"href":"https:\/\/www.eldigitaldeasturias.com\/noticias\/wp-json\/wp\/v2\/media?parent=932607"}],"wp:term":[{"taxonomy":"category","embeddable":true,"href":"https:\/\/www.eldigitaldeasturias.com\/noticias\/wp-json\/wp\/v2\/categories?post=932607"},{"taxonomy":"post_tag","embeddable":true,"href":"https:\/\/www.eldigitaldeasturias.com\/noticias\/wp-json\/wp\/v2\/tags?post=932607"}],"curies":[{"name":"wp","href":"https:\/\/api.w.org\/{rel}","templated":true}]}}