{"id":932442,"date":"2017-04-01T21:38:47","date_gmt":"2017-04-01T21:38:47","guid":{"rendered":"http:\/\/www.eldigitaldeasturias.com\/noticias\/?p=932442"},"modified":"2017-04-01T21:39:05","modified_gmt":"2017-04-01T21:39:05","slug":"asturias-puede-ser-decisiva-en-la-vuelta-ciclista-a-espana-2017","status":"publish","type":"post","link":"https:\/\/www.eldigitaldeasturias.com\/noticias\/asturias-puede-ser-decisiva-en-la-vuelta-ciclista-a-espana-2017\/","title":{"rendered":"Asturias puede ser \u201cdecisiva\u201d en la Vuelta Ciclista a Espa\u00f1a 2017"},"content":{"rendered":"<p><img loading=\"lazy\" decoding=\"async\" class=\"alignleft size-medium wp-image-932443\" src=\"https:\/\/www.eldigitaldeasturias.com\/noticias\/wp-content\/uploads\/2017\/04\/Vuelta2017-360x270.jpg\" alt=\"\" width=\"360\" height=\"270\" srcset=\"https:\/\/www.eldigitaldeasturias.com\/noticias\/wp-content\/uploads\/2017\/04\/Vuelta2017-360x270.jpg 360w, https:\/\/www.eldigitaldeasturias.com\/noticias\/wp-content\/uploads\/2017\/04\/Vuelta2017-768x576.jpg 768w, https:\/\/www.eldigitaldeasturias.com\/noticias\/wp-content\/uploads\/2017\/04\/Vuelta2017-650x488.jpg 650w, https:\/\/www.eldigitaldeasturias.com\/noticias\/wp-content\/uploads\/2017\/04\/Vuelta2017-90x67.jpg 90w, https:\/\/www.eldigitaldeasturias.com\/noticias\/wp-content\/uploads\/2017\/04\/Vuelta2017-100x75.jpg 100w, https:\/\/www.eldigitaldeasturias.com\/noticias\/wp-content\/uploads\/2017\/04\/Vuelta2017.jpg 1280w\" sizes=\"auto, (max-width: 360px) 100vw, 360px\" \/>El consejero de Empleo, Industria y Turismo, Francisco Blanco, ha participado esta ma\u00f1ana en Caso en la presentaci\u00f3n oficial de las etapas asturianas de la Vuelta Ciclista a Espa\u00f1a, que este a\u00f1o ser\u00e1n fundamentales para decidir la clasificaci\u00f3n final de la ronda.<\/p>\n<p>La prueba se disputar\u00e1 del s\u00e1bado 19 de agosto al domingo 10 de septiembre y recorrer\u00e1 m\u00e1s de 3.200 kil\u00f3metros en 21 etapas, dos de las cuales discurrir\u00e1n \u00edntegramente por el Principado, concretamente las de los d\u00edas 8 y 9 de septiembre.<\/p>\n<p>El 8 de septiembre, coincidiendo con el D\u00eda de Asturias, los deportistas cubrir\u00e1n la ruta entre Campo de Caso, en el Parque Natural de Redes, y Gij\u00f3n. En la siguiente jornada, antesala de la final en Madrid, el recorrido discurrir\u00e1 entre Corvera de Asturias y el alto del Angliru, en Riosa.<\/p>\n<p>Francisco Blanco ha celebrado que la ronda vuelva a pasar por Asturias. \u201cEsperamos aportar espect\u00e1culo, buen deporte y grandes cifras de audiencia para contribuir a la promoci\u00f3n tur\u00edstica de la comunidad\u201d, ha se\u00f1alado.<\/p>\n<p>Un total de 6.986.000 telespectadores siguieron el a\u00f1o pasado las etapas asturianas a trav\u00e9s de La 1 de TVE y Teledeporte, lo que demuestra el alcance promocional de esta competici\u00f3n. A juicio del titular de Turismo, \u201clos paisajes de La Vuelta forman parte del imaginario colectivo de millones de aficionados al ciclismo que siguen este acontecimiento por televisi\u00f3n, no solo desde Espa\u00f1a, sino desde todo el mundo\u201d.<\/p>\n<p>A la presentaci\u00f3n celebrada esta ma\u00f1ana tambi\u00e9n han asistido los directores generales de Comercio y Turismo, Julio Gonz\u00e1lez Zapico, y Deporte, Jos\u00e9 Ram\u00f3n Tuero, adem\u00e1s de la alcaldesa de Riosa, Ana Isabel D\u00edaz; los regidores de Caso, Tom\u00e1s Cueria, y Corvera, Iv\u00e1n Fern\u00e1ndez, y el concejal de Deportes de Gij\u00f3n, Jes\u00fas Mart\u00ednez.<\/p>\n<p>El dise\u00f1o del recorrido de las etapas ha sido fruto de un acuerdo de colaboraci\u00f3n entre Unipublic, empresa organizadora de La Vuelta, y el Gobierno de Asturias, y cumple el objetivo de compaginar el atractivo tur\u00edstico con el espect\u00e1culo deportivo.<\/p>\n<p>&nbsp;<\/p>\n","protected":false},"excerpt":{"rendered":"<p>El consejero de Empleo, Industria y Turismo, Francisco Blanco, ha participado esta ma\u00f1ana en Caso en la presentaci\u00f3n oficial de las etapas asturianas de la Vuelta Ciclista a Espa\u00f1a, que este a\u00f1o ser\u00e1n fundamentales para decidir la clasificaci\u00f3n final de la ronda. La prueba se disputar\u00e1 del s\u00e1bado 19 de agosto al domingo 10 de [&hellip;]<\/p>\n","protected":false},"author":1,"featured_media":932443,"comment_status":"closed","ping_status":"closed","sticky":false,"template":"","format":"standard","meta":{"footnotes":""},"categories":[141],"tags":[],"class_list":["post-932442","post","type-post","status-publish","format-standard","has-post-thumbnail","hentry","category-destacadas"],"aioseo_notices":[],"aioseo_head":"\n\t\t<!-- All in One SEO Pro 4.9.6.2 - aioseo.com -->\n\t<meta name=\"description\" content=\"El consejero de Empleo, Industria y Turismo, Francisco Blanco, ha participado esta ma\u00f1ana en Caso en la presentaci\u00f3n oficial de las etapas asturianas de la Vuelta Ciclista a Espa\u00f1a, que este a\u00f1o ser\u00e1n fundamentales para decidir la clasificaci\u00f3n final de la ronda. La prueba se disputar\u00e1 del s\u00e1bado 19 de agosto al domingo 10 de\" \/>\n\t<meta name=\"robots\" content=\"max-image-preview:large\" \/>\n\t<meta name=\"author\" content=\"El Digital de Asturias\"\/>\n\t<meta name=\"google-site-verification\" content=\"UA-38556648-1\" \/>\n\t<meta name=\"msvalidate.01\" content=\"7dfe9f3f1b24437ab69f4f2559babe99\" \/>\n\t<meta name=\"keywords\" content=\"destacadas\" \/>\n\t<link rel=\"canonical\" href=\"https:\/\/www.eldigitaldeasturias.com\/noticias\/asturias-puede-ser-decisiva-en-la-vuelta-ciclista-a-espana-2017\/\" \/>\n\t<meta name=\"generator\" content=\"All in One SEO Pro (AIOSEO) 4.9.6.2\" \/>\n\t\t<meta property=\"og:locale\" content=\"es_ES\" \/>\n\t\t<meta property=\"og:site_name\" content=\"El Digital de Asturias\" \/>\n\t\t<meta property=\"og:type\" content=\"article\" \/>\n\t\t<meta property=\"og:title\" content=\"Asturias puede ser \u201cdecisiva\u201d en la Vuelta Ciclista a Espa\u00f1a 2017 - El Digital de Asturias\" \/>\n\t\t<meta property=\"og:description\" content=\"El consejero de Empleo, Industria y Turismo, Francisco Blanco, ha participado esta ma\u00f1ana en Caso en la presentaci\u00f3n oficial de las etapas asturianas de la Vuelta Ciclista a Espa\u00f1a, que este a\u00f1o ser\u00e1n fundamentales para decidir la clasificaci\u00f3n final de la ronda. La prueba se disputar\u00e1 del s\u00e1bado 19 de agosto al domingo 10 de\" \/>\n\t\t<meta property=\"og:url\" content=\"https:\/\/www.eldigitaldeasturias.com\/noticias\/asturias-puede-ser-decisiva-en-la-vuelta-ciclista-a-espana-2017\/\" \/>\n\t\t<meta property=\"og:image\" content=\"https:\/\/www.eldigitaldeasturias.com\/noticias\/wp-content\/uploads\/2017\/04\/Vuelta2017.jpg\" \/>\n\t\t<meta property=\"og:image:secure_url\" content=\"https:\/\/www.eldigitaldeasturias.com\/noticias\/wp-content\/uploads\/2017\/04\/Vuelta2017.jpg\" \/>\n\t\t<meta property=\"og:image:width\" content=\"1280\" \/>\n\t\t<meta property=\"og:image:height\" content=\"960\" \/>\n\t\t<meta property=\"article:tag\" content=\"destacadas\" \/>\n\t\t<meta property=\"article:published_time\" content=\"2017-04-01T21:38:47+00:00\" \/>\n\t\t<meta property=\"article:modified_time\" content=\"2017-04-01T21:39:05+00:00\" \/>\n\t\t<meta property=\"article:publisher\" content=\"https:\/\/facebook.com\/eldigitaldeasturias\" \/>\n\t\t<meta name=\"twitter:card\" content=\"summary_large_image\" \/>\n\t\t<meta name=\"twitter:title\" content=\"Asturias puede ser \u201cdecisiva\u201d en la Vuelta Ciclista a Espa\u00f1a 2017 - El Digital de Asturias\" \/>\n\t\t<meta name=\"twitter:description\" content=\"El consejero de Empleo, Industria y Turismo, Francisco Blanco, ha participado esta ma\u00f1ana en Caso en la presentaci\u00f3n oficial de las etapas asturianas de la Vuelta Ciclista a Espa\u00f1a, que este a\u00f1o ser\u00e1n fundamentales para decidir la clasificaci\u00f3n final de la ronda. La prueba se disputar\u00e1 del s\u00e1bado 19 de agosto al domingo 10 de\" \/>\n\t\t<meta name=\"twitter:image\" content=\"https:\/\/www.eldigitaldeasturias.com\/noticias\/wp-content\/uploads\/2017\/04\/Vuelta2017.jpg\" \/>\n\t\t<meta name=\"twitter:label1\" content=\"Escrito por\" \/>\n\t\t<meta name=\"twitter:data1\" content=\"El Digital de Asturias\" \/>\n\t\t<meta name=\"twitter:label2\" content=\"Tiempo de lectura estimado\" \/>\n\t\t<meta name=\"twitter:data2\" content=\"2 minutos\" \/>\n\t\t<script type=\"application\/ld+json\" class=\"aioseo-schema\">\n\t\t\t{\"@context\":\"https:\\\/\\\/schema.org\",\"@graph\":[{\"@type\":\"BlogPosting\",\"@id\":\"https:\\\/\\\/www.eldigitaldeasturias.com\\\/noticias\\\/asturias-puede-ser-decisiva-en-la-vuelta-ciclista-a-espana-2017\\\/#blogposting\",\"name\":\"Asturias puede ser \\u201cdecisiva\\u201d en la Vuelta Ciclista a Espa\\u00f1a 2017 - El Digital de Asturias\",\"headline\":\"Asturias puede ser \\u201cdecisiva\\u201d en la Vuelta Ciclista a Espa\\u00f1a 2017\",\"author\":{\"@id\":\"https:\\\/\\\/www.eldigitaldeasturias.com\\\/noticias\\\/author\\\/admin\\\/#author\"},\"publisher\":{\"@id\":\"https:\\\/\\\/www.eldigitaldeasturias.com\\\/noticias\\\/#organization\"},\"image\":{\"@type\":\"ImageObject\",\"url\":\"https:\\\/\\\/www.eldigitaldeasturias.com\\\/noticias\\\/wp-content\\\/uploads\\\/2017\\\/04\\\/Vuelta2017.jpg\",\"width\":1280,\"height\":960},\"datePublished\":\"2017-04-01T21:38:47+02:00\",\"dateModified\":\"2017-04-01T21:39:05+02:00\",\"inLanguage\":\"es-ES\",\"mainEntityOfPage\":{\"@id\":\"https:\\\/\\\/www.eldigitaldeasturias.com\\\/noticias\\\/asturias-puede-ser-decisiva-en-la-vuelta-ciclista-a-espana-2017\\\/#webpage\"},\"isPartOf\":{\"@id\":\"https:\\\/\\\/www.eldigitaldeasturias.com\\\/noticias\\\/asturias-puede-ser-decisiva-en-la-vuelta-ciclista-a-espana-2017\\\/#webpage\"},\"articleSection\":\"Destacadas\"},{\"@type\":\"BreadcrumbList\",\"@id\":\"https:\\\/\\\/www.eldigitaldeasturias.com\\\/noticias\\\/asturias-puede-ser-decisiva-en-la-vuelta-ciclista-a-espana-2017\\\/#breadcrumblist\",\"itemListElement\":[{\"@type\":\"ListItem\",\"@id\":\"https:\\\/\\\/www.eldigitaldeasturias.com\\\/noticias#listItem\",\"position\":1,\"name\":\"Home\",\"item\":\"https:\\\/\\\/www.eldigitaldeasturias.com\\\/noticias\",\"nextItem\":{\"@type\":\"ListItem\",\"@id\":\"https:\\\/\\\/www.eldigitaldeasturias.com\\\/noticias\\\/category\\\/destacadas\\\/#listItem\",\"name\":\"Destacadas\"}},{\"@type\":\"ListItem\",\"@id\":\"https:\\\/\\\/www.eldigitaldeasturias.com\\\/noticias\\\/category\\\/destacadas\\\/#listItem\",\"position\":2,\"name\":\"Destacadas\",\"item\":\"https:\\\/\\\/www.eldigitaldeasturias.com\\\/noticias\\\/category\\\/destacadas\\\/\",\"nextItem\":{\"@type\":\"ListItem\",\"@id\":\"https:\\\/\\\/www.eldigitaldeasturias.com\\\/noticias\\\/asturias-puede-ser-decisiva-en-la-vuelta-ciclista-a-espana-2017\\\/#listItem\",\"name\":\"Asturias puede ser \\u201cdecisiva\\u201d en la Vuelta Ciclista a Espa\\u00f1a 2017\"},\"previousItem\":{\"@type\":\"ListItem\",\"@id\":\"https:\\\/\\\/www.eldigitaldeasturias.com\\\/noticias#listItem\",\"name\":\"Home\"}},{\"@type\":\"ListItem\",\"@id\":\"https:\\\/\\\/www.eldigitaldeasturias.com\\\/noticias\\\/asturias-puede-ser-decisiva-en-la-vuelta-ciclista-a-espana-2017\\\/#listItem\",\"position\":3,\"name\":\"Asturias puede ser \\u201cdecisiva\\u201d en la Vuelta Ciclista a Espa\\u00f1a 2017\",\"previousItem\":{\"@type\":\"ListItem\",\"@id\":\"https:\\\/\\\/www.eldigitaldeasturias.com\\\/noticias\\\/category\\\/destacadas\\\/#listItem\",\"name\":\"Destacadas\"}}]},{\"@type\":\"Organization\",\"@id\":\"https:\\\/\\\/www.eldigitaldeasturias.com\\\/noticias\\\/#organization\",\"name\":\"El Digital de Asturias\",\"description\":\"Hemeroteca\",\"url\":\"https:\\\/\\\/www.eldigitaldeasturias.com\\\/noticias\\\/\",\"email\":\"info@eldigitaldeasturias.com\",\"telephone\":\"+34652131393\",\"logo\":{\"@type\":\"ImageObject\",\"url\":\"https:\\\/\\\/www.eldigitaldeasturias.com\\\/noticias\\\/wp-content\\\/uploads\\\/2020\\\/12\\\/EDA.jpg\",\"@id\":\"https:\\\/\\\/www.eldigitaldeasturias.com\\\/noticias\\\/asturias-puede-ser-decisiva-en-la-vuelta-ciclista-a-espana-2017\\\/#organizationLogo\",\"width\":649,\"height\":297},\"image\":{\"@id\":\"https:\\\/\\\/www.eldigitaldeasturias.com\\\/noticias\\\/asturias-puede-ser-decisiva-en-la-vuelta-ciclista-a-espana-2017\\\/#organizationLogo\"},\"sameAs\":[\"https:\\\/\\\/facebook.com\\\/eldigitaldeasturias\",\"https:\\\/\\\/www.youtube.com\\\/channel\\\/UCZP-2wLEB9Rv6erhFmqVnvg\"],\"address\":{\"@id\":\"https:\\\/\\\/www.eldigitaldeasturias.com\\\/noticias\\\/#postaladdress\",\"@type\":\"PostalAddress\",\"streetAddress\":\"san antonio 4,\",\"postalCode\":\"33430\",\"addressLocality\":\"Cand\\u00e1s\",\"addressRegion\":\"Asturias\",\"addressCountry\":\"ES\"}},{\"@type\":\"Person\",\"@id\":\"https:\\\/\\\/www.eldigitaldeasturias.com\\\/noticias\\\/author\\\/admin\\\/#author\",\"url\":\"https:\\\/\\\/www.eldigitaldeasturias.com\\\/noticias\\\/author\\\/admin\\\/\",\"name\":\"El Digital de Asturias\",\"image\":{\"@type\":\"ImageObject\",\"@id\":\"https:\\\/\\\/www.eldigitaldeasturias.com\\\/noticias\\\/asturias-puede-ser-decisiva-en-la-vuelta-ciclista-a-espana-2017\\\/#authorImage\",\"url\":\"https:\\\/\\\/www.eldigitaldeasturias.com\\\/noticias\\\/wp-content\\\/litespeed\\\/avatar\\\/18677e78aa0546b92d9dbf31ec7d7668.jpg?ver=1777290358\",\"width\":96,\"height\":96,\"caption\":\"El Digital de Asturias\"}},{\"@type\":\"WebPage\",\"@id\":\"https:\\\/\\\/www.eldigitaldeasturias.com\\\/noticias\\\/asturias-puede-ser-decisiva-en-la-vuelta-ciclista-a-espana-2017\\\/#webpage\",\"url\":\"https:\\\/\\\/www.eldigitaldeasturias.com\\\/noticias\\\/asturias-puede-ser-decisiva-en-la-vuelta-ciclista-a-espana-2017\\\/\",\"name\":\"Asturias puede ser \\u201cdecisiva\\u201d en la Vuelta Ciclista a Espa\\u00f1a 2017 - El Digital de Asturias\",\"description\":\"El consejero de Empleo, Industria y Turismo, Francisco Blanco, ha participado esta ma\\u00f1ana en Caso en la presentaci\\u00f3n oficial de las etapas asturianas de la Vuelta Ciclista a Espa\\u00f1a, que este a\\u00f1o ser\\u00e1n fundamentales para decidir la clasificaci\\u00f3n final de la ronda. La prueba se disputar\\u00e1 del s\\u00e1bado 19 de agosto al domingo 10 de\",\"inLanguage\":\"es-ES\",\"isPartOf\":{\"@id\":\"https:\\\/\\\/www.eldigitaldeasturias.com\\\/noticias\\\/#website\"},\"breadcrumb\":{\"@id\":\"https:\\\/\\\/www.eldigitaldeasturias.com\\\/noticias\\\/asturias-puede-ser-decisiva-en-la-vuelta-ciclista-a-espana-2017\\\/#breadcrumblist\"},\"author\":{\"@id\":\"https:\\\/\\\/www.eldigitaldeasturias.com\\\/noticias\\\/author\\\/admin\\\/#author\"},\"creator\":{\"@id\":\"https:\\\/\\\/www.eldigitaldeasturias.com\\\/noticias\\\/author\\\/admin\\\/#author\"},\"image\":{\"@type\":\"ImageObject\",\"url\":\"https:\\\/\\\/www.eldigitaldeasturias.com\\\/noticias\\\/wp-content\\\/uploads\\\/2017\\\/04\\\/Vuelta2017.jpg\",\"@id\":\"https:\\\/\\\/www.eldigitaldeasturias.com\\\/noticias\\\/asturias-puede-ser-decisiva-en-la-vuelta-ciclista-a-espana-2017\\\/#mainImage\",\"width\":1280,\"height\":960},\"primaryImageOfPage\":{\"@id\":\"https:\\\/\\\/www.eldigitaldeasturias.com\\\/noticias\\\/asturias-puede-ser-decisiva-en-la-vuelta-ciclista-a-espana-2017\\\/#mainImage\"},\"datePublished\":\"2017-04-01T21:38:47+02:00\",\"dateModified\":\"2017-04-01T21:39:05+02:00\"},{\"@type\":\"WebSite\",\"@id\":\"https:\\\/\\\/www.eldigitaldeasturias.com\\\/noticias\\\/#website\",\"url\":\"https:\\\/\\\/www.eldigitaldeasturias.com\\\/noticias\\\/\",\"name\":\"El Digital de Asturias - Diario de actualidad y noticias\",\"alternateName\":\"El Digital de Asturias - Diario de actualidad y noticias\",\"description\":\"Hemeroteca\",\"inLanguage\":\"es-ES\",\"publisher\":{\"@id\":\"https:\\\/\\\/www.eldigitaldeasturias.com\\\/noticias\\\/#organization\"}}]}\n\t\t<\/script>\n\t\t<!-- All in One SEO Pro -->\r\n\t\t<title>Asturias puede ser \u201cdecisiva\u201d en la Vuelta Ciclista a Espa\u00f1a 2017 - El Digital de Asturias<\/title>\n\n","aioseo_head_json":{"title":"Asturias puede ser \u201cdecisiva\u201d en la Vuelta Ciclista a Espa\u00f1a 2017 - El Digital de Asturias","description":"El consejero de Empleo, Industria y Turismo, Francisco Blanco, ha participado esta ma\u00f1ana en Caso en la presentaci\u00f3n oficial de las etapas asturianas de la Vuelta Ciclista a Espa\u00f1a, que este a\u00f1o ser\u00e1n fundamentales para decidir la clasificaci\u00f3n final de la ronda. La prueba se disputar\u00e1 del s\u00e1bado 19 de agosto al domingo 10 de","canonical_url":"https:\/\/www.eldigitaldeasturias.com\/noticias\/asturias-puede-ser-decisiva-en-la-vuelta-ciclista-a-espana-2017\/","robots":"max-image-preview:large","keywords":"destacadas","webmasterTools":{"google-site-verification":"UA-38556648-1","msvalidate.01":"7dfe9f3f1b24437ab69f4f2559babe99","miscellaneous":""},"schema":{"@context":"https:\/\/schema.org","@graph":[{"@type":"BlogPosting","@id":"https:\/\/www.eldigitaldeasturias.com\/noticias\/asturias-puede-ser-decisiva-en-la-vuelta-ciclista-a-espana-2017\/#blogposting","name":"Asturias puede ser \u201cdecisiva\u201d en la Vuelta Ciclista a Espa\u00f1a 2017 - El Digital de Asturias","headline":"Asturias puede ser \u201cdecisiva\u201d en la Vuelta Ciclista a Espa\u00f1a 2017","author":{"@id":"https:\/\/www.eldigitaldeasturias.com\/noticias\/author\/admin\/#author"},"publisher":{"@id":"https:\/\/www.eldigitaldeasturias.com\/noticias\/#organization"},"image":{"@type":"ImageObject","url":"https:\/\/www.eldigitaldeasturias.com\/noticias\/wp-content\/uploads\/2017\/04\/Vuelta2017.jpg","width":1280,"height":960},"datePublished":"2017-04-01T21:38:47+02:00","dateModified":"2017-04-01T21:39:05+02:00","inLanguage":"es-ES","mainEntityOfPage":{"@id":"https:\/\/www.eldigitaldeasturias.com\/noticias\/asturias-puede-ser-decisiva-en-la-vuelta-ciclista-a-espana-2017\/#webpage"},"isPartOf":{"@id":"https:\/\/www.eldigitaldeasturias.com\/noticias\/asturias-puede-ser-decisiva-en-la-vuelta-ciclista-a-espana-2017\/#webpage"},"articleSection":"Destacadas"},{"@type":"BreadcrumbList","@id":"https:\/\/www.eldigitaldeasturias.com\/noticias\/asturias-puede-ser-decisiva-en-la-vuelta-ciclista-a-espana-2017\/#breadcrumblist","itemListElement":[{"@type":"ListItem","@id":"https:\/\/www.eldigitaldeasturias.com\/noticias#listItem","position":1,"name":"Home","item":"https:\/\/www.eldigitaldeasturias.com\/noticias","nextItem":{"@type":"ListItem","@id":"https:\/\/www.eldigitaldeasturias.com\/noticias\/category\/destacadas\/#listItem","name":"Destacadas"}},{"@type":"ListItem","@id":"https:\/\/www.eldigitaldeasturias.com\/noticias\/category\/destacadas\/#listItem","position":2,"name":"Destacadas","item":"https:\/\/www.eldigitaldeasturias.com\/noticias\/category\/destacadas\/","nextItem":{"@type":"ListItem","@id":"https:\/\/www.eldigitaldeasturias.com\/noticias\/asturias-puede-ser-decisiva-en-la-vuelta-ciclista-a-espana-2017\/#listItem","name":"Asturias puede ser \u201cdecisiva\u201d en la Vuelta Ciclista a Espa\u00f1a 2017"},"previousItem":{"@type":"ListItem","@id":"https:\/\/www.eldigitaldeasturias.com\/noticias#listItem","name":"Home"}},{"@type":"ListItem","@id":"https:\/\/www.eldigitaldeasturias.com\/noticias\/asturias-puede-ser-decisiva-en-la-vuelta-ciclista-a-espana-2017\/#listItem","position":3,"name":"Asturias puede ser \u201cdecisiva\u201d en la Vuelta Ciclista a Espa\u00f1a 2017","previousItem":{"@type":"ListItem","@id":"https:\/\/www.eldigitaldeasturias.com\/noticias\/category\/destacadas\/#listItem","name":"Destacadas"}}]},{"@type":"Organization","@id":"https:\/\/www.eldigitaldeasturias.com\/noticias\/#organization","name":"El Digital de Asturias","description":"Hemeroteca","url":"https:\/\/www.eldigitaldeasturias.com\/noticias\/","email":"info@eldigitaldeasturias.com","telephone":"+34652131393","logo":{"@type":"ImageObject","url":"https:\/\/www.eldigitaldeasturias.com\/noticias\/wp-content\/uploads\/2020\/12\/EDA.jpg","@id":"https:\/\/www.eldigitaldeasturias.com\/noticias\/asturias-puede-ser-decisiva-en-la-vuelta-ciclista-a-espana-2017\/#organizationLogo","width":649,"height":297},"image":{"@id":"https:\/\/www.eldigitaldeasturias.com\/noticias\/asturias-puede-ser-decisiva-en-la-vuelta-ciclista-a-espana-2017\/#organizationLogo"},"sameAs":["https:\/\/facebook.com\/eldigitaldeasturias","https:\/\/www.youtube.com\/channel\/UCZP-2wLEB9Rv6erhFmqVnvg"],"address":{"@id":"https:\/\/www.eldigitaldeasturias.com\/noticias\/#postaladdress","@type":"PostalAddress","streetAddress":"san antonio 4,","postalCode":"33430","addressLocality":"Cand\u00e1s","addressRegion":"Asturias","addressCountry":"ES"}},{"@type":"Person","@id":"https:\/\/www.eldigitaldeasturias.com\/noticias\/author\/admin\/#author","url":"https:\/\/www.eldigitaldeasturias.com\/noticias\/author\/admin\/","name":"El Digital de Asturias","image":{"@type":"ImageObject","@id":"https:\/\/www.eldigitaldeasturias.com\/noticias\/asturias-puede-ser-decisiva-en-la-vuelta-ciclista-a-espana-2017\/#authorImage","url":"https:\/\/www.eldigitaldeasturias.com\/noticias\/wp-content\/litespeed\/avatar\/18677e78aa0546b92d9dbf31ec7d7668.jpg?ver=1777290358","width":96,"height":96,"caption":"El Digital de Asturias"}},{"@type":"WebPage","@id":"https:\/\/www.eldigitaldeasturias.com\/noticias\/asturias-puede-ser-decisiva-en-la-vuelta-ciclista-a-espana-2017\/#webpage","url":"https:\/\/www.eldigitaldeasturias.com\/noticias\/asturias-puede-ser-decisiva-en-la-vuelta-ciclista-a-espana-2017\/","name":"Asturias puede ser \u201cdecisiva\u201d en la Vuelta Ciclista a Espa\u00f1a 2017 - El Digital de Asturias","description":"El consejero de Empleo, Industria y Turismo, Francisco Blanco, ha participado esta ma\u00f1ana en Caso en la presentaci\u00f3n oficial de las etapas asturianas de la Vuelta Ciclista a Espa\u00f1a, que este a\u00f1o ser\u00e1n fundamentales para decidir la clasificaci\u00f3n final de la ronda. La prueba se disputar\u00e1 del s\u00e1bado 19 de agosto al domingo 10 de","inLanguage":"es-ES","isPartOf":{"@id":"https:\/\/www.eldigitaldeasturias.com\/noticias\/#website"},"breadcrumb":{"@id":"https:\/\/www.eldigitaldeasturias.com\/noticias\/asturias-puede-ser-decisiva-en-la-vuelta-ciclista-a-espana-2017\/#breadcrumblist"},"author":{"@id":"https:\/\/www.eldigitaldeasturias.com\/noticias\/author\/admin\/#author"},"creator":{"@id":"https:\/\/www.eldigitaldeasturias.com\/noticias\/author\/admin\/#author"},"image":{"@type":"ImageObject","url":"https:\/\/www.eldigitaldeasturias.com\/noticias\/wp-content\/uploads\/2017\/04\/Vuelta2017.jpg","@id":"https:\/\/www.eldigitaldeasturias.com\/noticias\/asturias-puede-ser-decisiva-en-la-vuelta-ciclista-a-espana-2017\/#mainImage","width":1280,"height":960},"primaryImageOfPage":{"@id":"https:\/\/www.eldigitaldeasturias.com\/noticias\/asturias-puede-ser-decisiva-en-la-vuelta-ciclista-a-espana-2017\/#mainImage"},"datePublished":"2017-04-01T21:38:47+02:00","dateModified":"2017-04-01T21:39:05+02:00"},{"@type":"WebSite","@id":"https:\/\/www.eldigitaldeasturias.com\/noticias\/#website","url":"https:\/\/www.eldigitaldeasturias.com\/noticias\/","name":"El Digital de Asturias - Diario de actualidad y noticias","alternateName":"El Digital de Asturias - Diario de actualidad y noticias","description":"Hemeroteca","inLanguage":"es-ES","publisher":{"@id":"https:\/\/www.eldigitaldeasturias.com\/noticias\/#organization"}}]},"og:locale":"es_ES","og:site_name":"El Digital de Asturias","og:type":"article","og:title":"Asturias puede ser \u201cdecisiva\u201d en la Vuelta Ciclista a Espa\u00f1a 2017 - El Digital de Asturias","og:description":"El consejero de Empleo, Industria y Turismo, Francisco Blanco, ha participado esta ma\u00f1ana en Caso en la presentaci\u00f3n oficial de las etapas asturianas de la Vuelta Ciclista a Espa\u00f1a, que este a\u00f1o ser\u00e1n fundamentales para decidir la clasificaci\u00f3n final de la ronda. La prueba se disputar\u00e1 del s\u00e1bado 19 de agosto al domingo 10 de","og:url":"https:\/\/www.eldigitaldeasturias.com\/noticias\/asturias-puede-ser-decisiva-en-la-vuelta-ciclista-a-espana-2017\/","og:image":"https:\/\/www.eldigitaldeasturias.com\/noticias\/wp-content\/uploads\/2017\/04\/Vuelta2017.jpg","og:image:secure_url":"https:\/\/www.eldigitaldeasturias.com\/noticias\/wp-content\/uploads\/2017\/04\/Vuelta2017.jpg","og:image:width":1280,"og:image:height":960,"article:tag":["destacadas"],"article:published_time":"2017-04-01T21:38:47+00:00","article:modified_time":"2017-04-01T21:39:05+00:00","article:publisher":"https:\/\/facebook.com\/eldigitaldeasturias","twitter:card":"summary_large_image","twitter:title":"Asturias puede ser \u201cdecisiva\u201d en la Vuelta Ciclista a Espa\u00f1a 2017 - El Digital de Asturias","twitter:description":"El consejero de Empleo, Industria y Turismo, Francisco Blanco, ha participado esta ma\u00f1ana en Caso en la presentaci\u00f3n oficial de las etapas asturianas de la Vuelta Ciclista a Espa\u00f1a, que este a\u00f1o ser\u00e1n fundamentales para decidir la clasificaci\u00f3n final de la ronda. La prueba se disputar\u00e1 del s\u00e1bado 19 de agosto al domingo 10 de","twitter:image":"https:\/\/www.eldigitaldeasturias.com\/noticias\/wp-content\/uploads\/2017\/04\/Vuelta2017.jpg","twitter:label1":"Escrito por","twitter:data1":"El Digital de Asturias","twitter:label2":"Tiempo de lectura estimado","twitter:data2":"2 minutos"},"aioseo_meta_data":{"post_id":"932442","title":null,"description":null,"keywords":null,"keyphrases":null,"primary_term":null,"canonical_url":null,"og_title":null,"og_description":null,"og_object_type":"default","og_image_type":"default","og_image_url":null,"og_image_width":null,"og_image_height":null,"og_image_custom_url":null,"og_image_custom_fields":null,"og_video":null,"og_custom_url":null,"og_article_section":null,"og_article_tags":null,"twitter_use_og":false,"twitter_card":"default","twitter_image_type":"default","twitter_image_url":null,"twitter_image_custom_url":null,"twitter_image_custom_fields":null,"twitter_title":null,"twitter_description":null,"schema":{"blockGraphs":[],"customGraphs":[],"default":{"data":{"Article":[],"Course":[],"Dataset":[],"FAQPage":[],"Movie":[],"Person":[],"Product":[],"ProductReview":[],"Car":[],"Recipe":[],"Service":[],"SoftwareApplication":[],"WebPage":[]},"graphName":"","isEnabled":true},"graphs":[],"defaultGraph":"","defaultPostTypeGraph":""},"schema_type":null,"schema_type_options":null,"pillar_content":false,"robots_default":true,"robots_noindex":false,"robots_noarchive":false,"robots_nosnippet":false,"robots_nofollow":false,"robots_noimageindex":false,"robots_noodp":false,"robots_notranslate":false,"robots_max_snippet":null,"robots_max_videopreview":null,"robots_max_imagepreview":"large","priority":null,"frequency":null,"local_seo":null,"seo_analyzer_scan_date":"2025-12-11 15:52:11","breadcrumb_settings":null,"limit_modified_date":false,"open_ai":null,"ai":null,"created":"2020-12-21 13:32:53","updated":"2025-12-11 15:52:11"},"aioseo_breadcrumb":"<div class=\"aioseo-breadcrumbs\"><span class=\"aioseo-breadcrumb\">\n\t<a href=\"https:\/\/www.eldigitaldeasturias.com\/noticias\" title=\"Home\">Home<\/a>\n<\/span><span class=\"aioseo-breadcrumb-separator\">\u2013<\/span><span class=\"aioseo-breadcrumb\">\n\t<a href=\"https:\/\/www.eldigitaldeasturias.com\/noticias\/category\/destacadas\/\" title=\"Destacadas\">Destacadas<\/a>\n<\/span><span class=\"aioseo-breadcrumb-separator\">\u2013<\/span><span class=\"aioseo-breadcrumb\">\n\t<a href=\"https:\/\/www.eldigitaldeasturias.com\/noticias\/asturias-puede-ser-decisiva-en-la-vuelta-ciclista-a-espana-2017\/\" title=\"Asturias puede ser \u201cdecisiva\u201d en la Vuelta Ciclista a Espa\u00f1a 2017\">Asturias puede ser \u201cdecisiva\u201d en la Vuelta Ciclista a Espa\u00f1a 2017<\/a>\n<\/span><\/div>","aioseo_breadcrumb_json":[{"label":"Home","link":"https:\/\/www.eldigitaldeasturias.com\/noticias"},{"label":"Destacadas","link":"https:\/\/www.eldigitaldeasturias.com\/noticias\/category\/destacadas\/"},{"label":"Asturias puede ser \u201cdecisiva\u201d en la Vuelta Ciclista a Espa\u00f1a 2017","link":"https:\/\/www.eldigitaldeasturias.com\/noticias\/asturias-puede-ser-decisiva-en-la-vuelta-ciclista-a-espana-2017\/"}],"_links":{"self":[{"href":"https:\/\/www.eldigitaldeasturias.com\/noticias\/wp-json\/wp\/v2\/posts\/932442","targetHints":{"allow":["GET"]}}],"collection":[{"href":"https:\/\/www.eldigitaldeasturias.com\/noticias\/wp-json\/wp\/v2\/posts"}],"about":[{"href":"https:\/\/www.eldigitaldeasturias.com\/noticias\/wp-json\/wp\/v2\/types\/post"}],"author":[{"embeddable":true,"href":"https:\/\/www.eldigitaldeasturias.com\/noticias\/wp-json\/wp\/v2\/users\/1"}],"replies":[{"embeddable":true,"href":"https:\/\/www.eldigitaldeasturias.com\/noticias\/wp-json\/wp\/v2\/comments?post=932442"}],"version-history":[{"count":0,"href":"https:\/\/www.eldigitaldeasturias.com\/noticias\/wp-json\/wp\/v2\/posts\/932442\/revisions"}],"wp:featuredmedia":[{"embeddable":true,"href":"https:\/\/www.eldigitaldeasturias.com\/noticias\/wp-json\/wp\/v2\/media\/932443"}],"wp:attachment":[{"href":"https:\/\/www.eldigitaldeasturias.com\/noticias\/wp-json\/wp\/v2\/media?parent=932442"}],"wp:term":[{"taxonomy":"category","embeddable":true,"href":"https:\/\/www.eldigitaldeasturias.com\/noticias\/wp-json\/wp\/v2\/categories?post=932442"},{"taxonomy":"post_tag","embeddable":true,"href":"https:\/\/www.eldigitaldeasturias.com\/noticias\/wp-json\/wp\/v2\/tags?post=932442"}],"curies":[{"name":"wp","href":"https:\/\/api.w.org\/{rel}","templated":true}]}}