{"id":932370,"date":"2017-03-31T22:04:10","date_gmt":"2017-03-31T22:04:10","guid":{"rendered":"http:\/\/www.eldigitaldeasturias.com\/noticias\/?p=932370"},"modified":"2017-03-31T22:04:10","modified_gmt":"2017-03-31T22:04:10","slug":"asturias-cumplio-con-los-objetivos-de-deficit-y-deuda-marcados-para-el-ano-pasado","status":"publish","type":"post","link":"https:\/\/www.eldigitaldeasturias.com\/noticias\/asturias-cumplio-con-los-objetivos-de-deficit-y-deuda-marcados-para-el-ano-pasado\/","title":{"rendered":"Asturias cumpli\u00f3 con los objetivos de d\u00e9ficit y deuda marcados para el a\u00f1o pasado"},"content":{"rendered":"<p><img loading=\"lazy\" decoding=\"async\" class=\"alignleft size-medium wp-image-874023\" src=\"https:\/\/www.eldigitaldeasturias.com\/noticias\/wp-content\/uploads\/2016\/04\/2016_04_14-D-Carcedo-en-JGPA-2-360x227.jpg\" alt=\"\" width=\"360\" height=\"227\" srcset=\"https:\/\/www.eldigitaldeasturias.com\/noticias\/wp-content\/uploads\/2016\/04\/2016_04_14-D-Carcedo-en-JGPA-2-360x227.jpg 360w, https:\/\/www.eldigitaldeasturias.com\/noticias\/wp-content\/uploads\/2016\/04\/2016_04_14-D-Carcedo-en-JGPA-2-768x484.jpg 768w, https:\/\/www.eldigitaldeasturias.com\/noticias\/wp-content\/uploads\/2016\/04\/2016_04_14-D-Carcedo-en-JGPA-2-650x409.jpg 650w, https:\/\/www.eldigitaldeasturias.com\/noticias\/wp-content\/uploads\/2016\/04\/2016_04_14-D-Carcedo-en-JGPA-2-49x32.jpg 49w\" sizes=\"auto, (max-width: 360px) 100vw, 360px\" \/>El Principado cerr\u00f3 el a\u00f1o 2016 con altos porcentajes de ejecuci\u00f3n presupuestaria tanto en ingresos como en gastos. Las cifras han sido facilitadas hoy por la consejera de Hacienda y Sector P\u00fablico, Dolores Carcedo, que ha precisado que en ingresos se alcanz\u00f3 un nivel de ejecuci\u00f3n del 99,1% mientras que el de gastos se situ\u00f3 en el 96,7%.<\/p>\n<p>\u201cUn a\u00f1o m\u00e1s la ejecuci\u00f3n presupuestaria alcanz\u00f3 unos porcentajes por encima de la media de a\u00f1os anteriores\u201d, ha indicado la consejera. El grado de ejecuci\u00f3n de las inversiones se situ\u00f3 en el 76%, una cifra marcada por la pr\u00f3rroga y por la incertidumbre que padecieron las comunidades aut\u00f3nomas a la hora de conocer la cifra definitiva del objetivo del d\u00e9ficit. La inversi\u00f3n comprometida alcanz\u00f3 un porcentaje de ejecuci\u00f3n del 83,2%.<\/p>\n<p>Carcedo ha facilitado estos n\u00fameros durante la presentaci\u00f3n de la ejecuci\u00f3n presupuestaria de 2016, donde ha estado acompa\u00f1ada por el director general de Presupuestos, Francisco S\u00e1nchez. La consejera tambi\u00e9n se ha referido al dato de d\u00e9ficit con el que cerr\u00f3 Asturias el a\u00f1o pasado, que fue del 0,49%, dentro del l\u00edmite establecido para el ejercicio, que era del 0,7%.<\/p>\n<p>Por otro lado, ha valorado los datos conocidos hoy de endeudamiento de las comunidades aut\u00f3nomas, publicados por el Banco de Espa\u00f1a, correspondientes al cierre de 2016. Asturias registr\u00f3 una deuda de 4.094 millones de euros, dentro de los l\u00edmites autorizados, lo que supone un porcentaje deuda\/PIB del 18,9%.<\/p>\n<p>Con estas cifras, Asturias se mantiene entre las comunidades menos endeudadas de Espa\u00f1a y muy por debajo de la media auton\u00f3mica en porcentaje deuda\/PIB, que fue del 24,9%. \u201cSeguimos endeud\u00e1ndonos dentro de los l\u00edmites autorizados\u201d, ha a\u00f1adido.<\/p>\n<p>Carcedo tambi\u00e9n ha destacado que en 2016, y por segundo a\u00f1o consecutivo, se llev\u00f3 a cabo un proceso de renegociaci\u00f3n de la deuda que demuestra tanto la capacidad del Principado para renegociar condiciones m\u00e1s ventajosas como la confianza de los mercados en las finanzas asturianas.<\/p>\n<p>\u201cSe renegociaron 10 operaciones por un total de 260 millones\u201d, ha explicado. El proceso abierto el a\u00f1o pasado supondr\u00e1 un ahorro estimado para toda la vida de las operaciones de 18 millones. En conjunto, entre 2015 y 2016 se renegociaron 19 operaciones por un total de 503 millones y un ahorro global de 28 millones.<\/p>\n<p>&nbsp;<\/p>\n","protected":false},"excerpt":{"rendered":"<p>El Principado cerr\u00f3 el a\u00f1o 2016 con altos porcentajes de ejecuci\u00f3n presupuestaria tanto en ingresos como en gastos. Las cifras han sido facilitadas hoy por la consejera de Hacienda y Sector P\u00fablico, Dolores Carcedo, que ha precisado que en ingresos se alcanz\u00f3 un nivel de ejecuci\u00f3n del 99,1% mientras que el de gastos se situ\u00f3 [&hellip;]<\/p>\n","protected":false},"author":1,"featured_media":509795,"comment_status":"closed","ping_status":"closed","sticky":false,"template":"","format":"standard","meta":{"footnotes":""},"categories":[141],"tags":[],"class_list":["post-932370","post","type-post","status-publish","format-standard","has-post-thumbnail","hentry","category-destacadas"],"aioseo_notices":[],"aioseo_head":"\n\t\t<!-- All in One SEO Pro 4.9.6.2 - aioseo.com -->\n\t<meta name=\"description\" content=\"El Principado cerr\u00f3 el a\u00f1o 2016 con altos porcentajes de ejecuci\u00f3n presupuestaria tanto en ingresos como en gastos. Las cifras han sido facilitadas hoy por la consejera de Hacienda y Sector P\u00fablico, Dolores Carcedo, que ha precisado que en ingresos se alcanz\u00f3 un nivel de ejecuci\u00f3n del 99,1% mientras que el de gastos se situ\u00f3\" \/>\n\t<meta name=\"robots\" content=\"max-image-preview:large\" \/>\n\t<meta name=\"author\" content=\"El Digital de Asturias\"\/>\n\t<meta name=\"google-site-verification\" content=\"UA-38556648-1\" \/>\n\t<meta name=\"msvalidate.01\" content=\"7dfe9f3f1b24437ab69f4f2559babe99\" \/>\n\t<meta name=\"keywords\" content=\"destacadas\" \/>\n\t<link rel=\"canonical\" href=\"https:\/\/www.eldigitaldeasturias.com\/noticias\/asturias-cumplio-con-los-objetivos-de-deficit-y-deuda-marcados-para-el-ano-pasado\/\" \/>\n\t<meta name=\"generator\" content=\"All in One SEO Pro (AIOSEO) 4.9.6.2\" \/>\n\t\t<meta property=\"og:locale\" content=\"es_ES\" \/>\n\t\t<meta property=\"og:site_name\" content=\"El Digital de Asturias\" \/>\n\t\t<meta property=\"og:type\" content=\"article\" \/>\n\t\t<meta property=\"og:title\" content=\"Asturias cumpli\u00f3 con los objetivos de d\u00e9ficit y deuda marcados para el a\u00f1o pasado - El Digital de Asturias\" \/>\n\t\t<meta property=\"og:description\" content=\"El Principado cerr\u00f3 el a\u00f1o 2016 con altos porcentajes de ejecuci\u00f3n presupuestaria tanto en ingresos como en gastos. Las cifras han sido facilitadas hoy por la consejera de Hacienda y Sector P\u00fablico, Dolores Carcedo, que ha precisado que en ingresos se alcanz\u00f3 un nivel de ejecuci\u00f3n del 99,1% mientras que el de gastos se situ\u00f3\" \/>\n\t\t<meta property=\"og:url\" content=\"https:\/\/www.eldigitaldeasturias.com\/noticias\/asturias-cumplio-con-los-objetivos-de-deficit-y-deuda-marcados-para-el-ano-pasado\/\" \/>\n\t\t<meta property=\"og:image\" content=\"https:\/\/www.eldigitaldeasturias.com\/noticias\/wp-content\/uploads\/2014\/03\/2013_11_21-D-Carcedo_1.jpg\" \/>\n\t\t<meta property=\"og:image:secure_url\" content=\"https:\/\/www.eldigitaldeasturias.com\/noticias\/wp-content\/uploads\/2014\/03\/2013_11_21-D-Carcedo_1.jpg\" \/>\n\t\t<meta property=\"og:image:width\" content=\"3264\" \/>\n\t\t<meta property=\"og:image:height\" content=\"2395\" \/>\n\t\t<meta property=\"article:tag\" content=\"destacadas\" \/>\n\t\t<meta property=\"article:published_time\" content=\"2017-03-31T22:04:10+00:00\" \/>\n\t\t<meta property=\"article:modified_time\" content=\"2017-03-31T22:04:10+00:00\" \/>\n\t\t<meta property=\"article:publisher\" content=\"https:\/\/facebook.com\/eldigitaldeasturias\" \/>\n\t\t<meta name=\"twitter:card\" content=\"summary_large_image\" \/>\n\t\t<meta name=\"twitter:title\" content=\"Asturias cumpli\u00f3 con los objetivos de d\u00e9ficit y deuda marcados para el a\u00f1o pasado - El Digital de Asturias\" \/>\n\t\t<meta name=\"twitter:description\" content=\"El Principado cerr\u00f3 el a\u00f1o 2016 con altos porcentajes de ejecuci\u00f3n presupuestaria tanto en ingresos como en gastos. Las cifras han sido facilitadas hoy por la consejera de Hacienda y Sector P\u00fablico, Dolores Carcedo, que ha precisado que en ingresos se alcanz\u00f3 un nivel de ejecuci\u00f3n del 99,1% mientras que el de gastos se situ\u00f3\" \/>\n\t\t<meta name=\"twitter:image\" content=\"https:\/\/www.eldigitaldeasturias.com\/noticias\/wp-content\/uploads\/2014\/03\/2013_11_21-D-Carcedo_1.jpg\" \/>\n\t\t<meta name=\"twitter:label1\" content=\"Escrito por\" \/>\n\t\t<meta name=\"twitter:data1\" content=\"El Digital de Asturias\" \/>\n\t\t<meta name=\"twitter:label2\" content=\"Tiempo de lectura estimado\" \/>\n\t\t<meta name=\"twitter:data2\" content=\"2 minutos\" \/>\n\t\t<script type=\"application\/ld+json\" class=\"aioseo-schema\">\n\t\t\t{\"@context\":\"https:\\\/\\\/schema.org\",\"@graph\":[{\"@type\":\"BlogPosting\",\"@id\":\"https:\\\/\\\/www.eldigitaldeasturias.com\\\/noticias\\\/asturias-cumplio-con-los-objetivos-de-deficit-y-deuda-marcados-para-el-ano-pasado\\\/#blogposting\",\"name\":\"Asturias cumpli\\u00f3 con los objetivos de d\\u00e9ficit y deuda marcados para el a\\u00f1o pasado - El Digital de Asturias\",\"headline\":\"Asturias cumpli\\u00f3 con los objetivos de d\\u00e9ficit y deuda marcados para el a\\u00f1o pasado\",\"author\":{\"@id\":\"https:\\\/\\\/www.eldigitaldeasturias.com\\\/noticias\\\/author\\\/admin\\\/#author\"},\"publisher\":{\"@id\":\"https:\\\/\\\/www.eldigitaldeasturias.com\\\/noticias\\\/#organization\"},\"image\":{\"@type\":\"ImageObject\",\"url\":\"https:\\\/\\\/www.eldigitaldeasturias.com\\\/noticias\\\/wp-content\\\/uploads\\\/2014\\\/03\\\/2013_11_21-D-Carcedo_1.jpg\",\"width\":3264,\"height\":2395},\"datePublished\":\"2017-03-31T22:04:10+02:00\",\"dateModified\":\"2017-03-31T22:04:10+02:00\",\"inLanguage\":\"es-ES\",\"mainEntityOfPage\":{\"@id\":\"https:\\\/\\\/www.eldigitaldeasturias.com\\\/noticias\\\/asturias-cumplio-con-los-objetivos-de-deficit-y-deuda-marcados-para-el-ano-pasado\\\/#webpage\"},\"isPartOf\":{\"@id\":\"https:\\\/\\\/www.eldigitaldeasturias.com\\\/noticias\\\/asturias-cumplio-con-los-objetivos-de-deficit-y-deuda-marcados-para-el-ano-pasado\\\/#webpage\"},\"articleSection\":\"Destacadas\"},{\"@type\":\"BreadcrumbList\",\"@id\":\"https:\\\/\\\/www.eldigitaldeasturias.com\\\/noticias\\\/asturias-cumplio-con-los-objetivos-de-deficit-y-deuda-marcados-para-el-ano-pasado\\\/#breadcrumblist\",\"itemListElement\":[{\"@type\":\"ListItem\",\"@id\":\"https:\\\/\\\/www.eldigitaldeasturias.com\\\/noticias#listItem\",\"position\":1,\"name\":\"Home\",\"item\":\"https:\\\/\\\/www.eldigitaldeasturias.com\\\/noticias\",\"nextItem\":{\"@type\":\"ListItem\",\"@id\":\"https:\\\/\\\/www.eldigitaldeasturias.com\\\/noticias\\\/category\\\/destacadas\\\/#listItem\",\"name\":\"Destacadas\"}},{\"@type\":\"ListItem\",\"@id\":\"https:\\\/\\\/www.eldigitaldeasturias.com\\\/noticias\\\/category\\\/destacadas\\\/#listItem\",\"position\":2,\"name\":\"Destacadas\",\"item\":\"https:\\\/\\\/www.eldigitaldeasturias.com\\\/noticias\\\/category\\\/destacadas\\\/\",\"nextItem\":{\"@type\":\"ListItem\",\"@id\":\"https:\\\/\\\/www.eldigitaldeasturias.com\\\/noticias\\\/asturias-cumplio-con-los-objetivos-de-deficit-y-deuda-marcados-para-el-ano-pasado\\\/#listItem\",\"name\":\"Asturias cumpli\\u00f3 con los objetivos de d\\u00e9ficit y deuda marcados para el a\\u00f1o pasado\"},\"previousItem\":{\"@type\":\"ListItem\",\"@id\":\"https:\\\/\\\/www.eldigitaldeasturias.com\\\/noticias#listItem\",\"name\":\"Home\"}},{\"@type\":\"ListItem\",\"@id\":\"https:\\\/\\\/www.eldigitaldeasturias.com\\\/noticias\\\/asturias-cumplio-con-los-objetivos-de-deficit-y-deuda-marcados-para-el-ano-pasado\\\/#listItem\",\"position\":3,\"name\":\"Asturias cumpli\\u00f3 con los objetivos de d\\u00e9ficit y deuda marcados para el a\\u00f1o pasado\",\"previousItem\":{\"@type\":\"ListItem\",\"@id\":\"https:\\\/\\\/www.eldigitaldeasturias.com\\\/noticias\\\/category\\\/destacadas\\\/#listItem\",\"name\":\"Destacadas\"}}]},{\"@type\":\"Organization\",\"@id\":\"https:\\\/\\\/www.eldigitaldeasturias.com\\\/noticias\\\/#organization\",\"name\":\"El Digital de Asturias\",\"description\":\"Hemeroteca\",\"url\":\"https:\\\/\\\/www.eldigitaldeasturias.com\\\/noticias\\\/\",\"email\":\"info@eldigitaldeasturias.com\",\"telephone\":\"+34652131393\",\"logo\":{\"@type\":\"ImageObject\",\"url\":\"https:\\\/\\\/www.eldigitaldeasturias.com\\\/noticias\\\/wp-content\\\/uploads\\\/2020\\\/12\\\/EDA.jpg\",\"@id\":\"https:\\\/\\\/www.eldigitaldeasturias.com\\\/noticias\\\/asturias-cumplio-con-los-objetivos-de-deficit-y-deuda-marcados-para-el-ano-pasado\\\/#organizationLogo\",\"width\":649,\"height\":297},\"image\":{\"@id\":\"https:\\\/\\\/www.eldigitaldeasturias.com\\\/noticias\\\/asturias-cumplio-con-los-objetivos-de-deficit-y-deuda-marcados-para-el-ano-pasado\\\/#organizationLogo\"},\"sameAs\":[\"https:\\\/\\\/facebook.com\\\/eldigitaldeasturias\",\"https:\\\/\\\/www.youtube.com\\\/channel\\\/UCZP-2wLEB9Rv6erhFmqVnvg\"],\"address\":{\"@id\":\"https:\\\/\\\/www.eldigitaldeasturias.com\\\/noticias\\\/#postaladdress\",\"@type\":\"PostalAddress\",\"streetAddress\":\"san antonio 4,\",\"postalCode\":\"33430\",\"addressLocality\":\"Cand\\u00e1s\",\"addressRegion\":\"Asturias\",\"addressCountry\":\"ES\"}},{\"@type\":\"Person\",\"@id\":\"https:\\\/\\\/www.eldigitaldeasturias.com\\\/noticias\\\/author\\\/admin\\\/#author\",\"url\":\"https:\\\/\\\/www.eldigitaldeasturias.com\\\/noticias\\\/author\\\/admin\\\/\",\"name\":\"El Digital de Asturias\",\"image\":{\"@type\":\"ImageObject\",\"@id\":\"https:\\\/\\\/www.eldigitaldeasturias.com\\\/noticias\\\/asturias-cumplio-con-los-objetivos-de-deficit-y-deuda-marcados-para-el-ano-pasado\\\/#authorImage\",\"url\":\"https:\\\/\\\/www.eldigitaldeasturias.com\\\/noticias\\\/wp-content\\\/litespeed\\\/avatar\\\/18677e78aa0546b92d9dbf31ec7d7668.jpg?ver=1777290358\",\"width\":96,\"height\":96,\"caption\":\"El Digital de Asturias\"}},{\"@type\":\"WebPage\",\"@id\":\"https:\\\/\\\/www.eldigitaldeasturias.com\\\/noticias\\\/asturias-cumplio-con-los-objetivos-de-deficit-y-deuda-marcados-para-el-ano-pasado\\\/#webpage\",\"url\":\"https:\\\/\\\/www.eldigitaldeasturias.com\\\/noticias\\\/asturias-cumplio-con-los-objetivos-de-deficit-y-deuda-marcados-para-el-ano-pasado\\\/\",\"name\":\"Asturias cumpli\\u00f3 con los objetivos de d\\u00e9ficit y deuda marcados para el a\\u00f1o pasado - El Digital de Asturias\",\"description\":\"El Principado cerr\\u00f3 el a\\u00f1o 2016 con altos porcentajes de ejecuci\\u00f3n presupuestaria tanto en ingresos como en gastos. Las cifras han sido facilitadas hoy por la consejera de Hacienda y Sector P\\u00fablico, Dolores Carcedo, que ha precisado que en ingresos se alcanz\\u00f3 un nivel de ejecuci\\u00f3n del 99,1% mientras que el de gastos se situ\\u00f3\",\"inLanguage\":\"es-ES\",\"isPartOf\":{\"@id\":\"https:\\\/\\\/www.eldigitaldeasturias.com\\\/noticias\\\/#website\"},\"breadcrumb\":{\"@id\":\"https:\\\/\\\/www.eldigitaldeasturias.com\\\/noticias\\\/asturias-cumplio-con-los-objetivos-de-deficit-y-deuda-marcados-para-el-ano-pasado\\\/#breadcrumblist\"},\"author\":{\"@id\":\"https:\\\/\\\/www.eldigitaldeasturias.com\\\/noticias\\\/author\\\/admin\\\/#author\"},\"creator\":{\"@id\":\"https:\\\/\\\/www.eldigitaldeasturias.com\\\/noticias\\\/author\\\/admin\\\/#author\"},\"image\":{\"@type\":\"ImageObject\",\"url\":\"https:\\\/\\\/www.eldigitaldeasturias.com\\\/noticias\\\/wp-content\\\/uploads\\\/2014\\\/03\\\/2013_11_21-D-Carcedo_1.jpg\",\"@id\":\"https:\\\/\\\/www.eldigitaldeasturias.com\\\/noticias\\\/asturias-cumplio-con-los-objetivos-de-deficit-y-deuda-marcados-para-el-ano-pasado\\\/#mainImage\",\"width\":3264,\"height\":2395},\"primaryImageOfPage\":{\"@id\":\"https:\\\/\\\/www.eldigitaldeasturias.com\\\/noticias\\\/asturias-cumplio-con-los-objetivos-de-deficit-y-deuda-marcados-para-el-ano-pasado\\\/#mainImage\"},\"datePublished\":\"2017-03-31T22:04:10+02:00\",\"dateModified\":\"2017-03-31T22:04:10+02:00\"},{\"@type\":\"WebSite\",\"@id\":\"https:\\\/\\\/www.eldigitaldeasturias.com\\\/noticias\\\/#website\",\"url\":\"https:\\\/\\\/www.eldigitaldeasturias.com\\\/noticias\\\/\",\"name\":\"El Digital de Asturias - Diario de actualidad y noticias\",\"alternateName\":\"El Digital de Asturias - Diario de actualidad y noticias\",\"description\":\"Hemeroteca\",\"inLanguage\":\"es-ES\",\"publisher\":{\"@id\":\"https:\\\/\\\/www.eldigitaldeasturias.com\\\/noticias\\\/#organization\"}}]}\n\t\t<\/script>\n\t\t<!-- All in One SEO Pro -->\r\n\t\t<title>Asturias cumpli\u00f3 con los objetivos de d\u00e9ficit y deuda marcados para el a\u00f1o pasado - El Digital de Asturias<\/title>\n\n","aioseo_head_json":{"title":"Asturias cumpli\u00f3 con los objetivos de d\u00e9ficit y deuda marcados para el a\u00f1o pasado - El Digital de Asturias","description":"El Principado cerr\u00f3 el a\u00f1o 2016 con altos porcentajes de ejecuci\u00f3n presupuestaria tanto en ingresos como en gastos. Las cifras han sido facilitadas hoy por la consejera de Hacienda y Sector P\u00fablico, Dolores Carcedo, que ha precisado que en ingresos se alcanz\u00f3 un nivel de ejecuci\u00f3n del 99,1% mientras que el de gastos se situ\u00f3","canonical_url":"https:\/\/www.eldigitaldeasturias.com\/noticias\/asturias-cumplio-con-los-objetivos-de-deficit-y-deuda-marcados-para-el-ano-pasado\/","robots":"max-image-preview:large","keywords":"destacadas","webmasterTools":{"google-site-verification":"UA-38556648-1","msvalidate.01":"7dfe9f3f1b24437ab69f4f2559babe99","miscellaneous":""},"schema":{"@context":"https:\/\/schema.org","@graph":[{"@type":"BlogPosting","@id":"https:\/\/www.eldigitaldeasturias.com\/noticias\/asturias-cumplio-con-los-objetivos-de-deficit-y-deuda-marcados-para-el-ano-pasado\/#blogposting","name":"Asturias cumpli\u00f3 con los objetivos de d\u00e9ficit y deuda marcados para el a\u00f1o pasado - El Digital de Asturias","headline":"Asturias cumpli\u00f3 con los objetivos de d\u00e9ficit y deuda marcados para el a\u00f1o pasado","author":{"@id":"https:\/\/www.eldigitaldeasturias.com\/noticias\/author\/admin\/#author"},"publisher":{"@id":"https:\/\/www.eldigitaldeasturias.com\/noticias\/#organization"},"image":{"@type":"ImageObject","url":"https:\/\/www.eldigitaldeasturias.com\/noticias\/wp-content\/uploads\/2014\/03\/2013_11_21-D-Carcedo_1.jpg","width":3264,"height":2395},"datePublished":"2017-03-31T22:04:10+02:00","dateModified":"2017-03-31T22:04:10+02:00","inLanguage":"es-ES","mainEntityOfPage":{"@id":"https:\/\/www.eldigitaldeasturias.com\/noticias\/asturias-cumplio-con-los-objetivos-de-deficit-y-deuda-marcados-para-el-ano-pasado\/#webpage"},"isPartOf":{"@id":"https:\/\/www.eldigitaldeasturias.com\/noticias\/asturias-cumplio-con-los-objetivos-de-deficit-y-deuda-marcados-para-el-ano-pasado\/#webpage"},"articleSection":"Destacadas"},{"@type":"BreadcrumbList","@id":"https:\/\/www.eldigitaldeasturias.com\/noticias\/asturias-cumplio-con-los-objetivos-de-deficit-y-deuda-marcados-para-el-ano-pasado\/#breadcrumblist","itemListElement":[{"@type":"ListItem","@id":"https:\/\/www.eldigitaldeasturias.com\/noticias#listItem","position":1,"name":"Home","item":"https:\/\/www.eldigitaldeasturias.com\/noticias","nextItem":{"@type":"ListItem","@id":"https:\/\/www.eldigitaldeasturias.com\/noticias\/category\/destacadas\/#listItem","name":"Destacadas"}},{"@type":"ListItem","@id":"https:\/\/www.eldigitaldeasturias.com\/noticias\/category\/destacadas\/#listItem","position":2,"name":"Destacadas","item":"https:\/\/www.eldigitaldeasturias.com\/noticias\/category\/destacadas\/","nextItem":{"@type":"ListItem","@id":"https:\/\/www.eldigitaldeasturias.com\/noticias\/asturias-cumplio-con-los-objetivos-de-deficit-y-deuda-marcados-para-el-ano-pasado\/#listItem","name":"Asturias cumpli\u00f3 con los objetivos de d\u00e9ficit y deuda marcados para el a\u00f1o pasado"},"previousItem":{"@type":"ListItem","@id":"https:\/\/www.eldigitaldeasturias.com\/noticias#listItem","name":"Home"}},{"@type":"ListItem","@id":"https:\/\/www.eldigitaldeasturias.com\/noticias\/asturias-cumplio-con-los-objetivos-de-deficit-y-deuda-marcados-para-el-ano-pasado\/#listItem","position":3,"name":"Asturias cumpli\u00f3 con los objetivos de d\u00e9ficit y deuda marcados para el a\u00f1o pasado","previousItem":{"@type":"ListItem","@id":"https:\/\/www.eldigitaldeasturias.com\/noticias\/category\/destacadas\/#listItem","name":"Destacadas"}}]},{"@type":"Organization","@id":"https:\/\/www.eldigitaldeasturias.com\/noticias\/#organization","name":"El Digital de Asturias","description":"Hemeroteca","url":"https:\/\/www.eldigitaldeasturias.com\/noticias\/","email":"info@eldigitaldeasturias.com","telephone":"+34652131393","logo":{"@type":"ImageObject","url":"https:\/\/www.eldigitaldeasturias.com\/noticias\/wp-content\/uploads\/2020\/12\/EDA.jpg","@id":"https:\/\/www.eldigitaldeasturias.com\/noticias\/asturias-cumplio-con-los-objetivos-de-deficit-y-deuda-marcados-para-el-ano-pasado\/#organizationLogo","width":649,"height":297},"image":{"@id":"https:\/\/www.eldigitaldeasturias.com\/noticias\/asturias-cumplio-con-los-objetivos-de-deficit-y-deuda-marcados-para-el-ano-pasado\/#organizationLogo"},"sameAs":["https:\/\/facebook.com\/eldigitaldeasturias","https:\/\/www.youtube.com\/channel\/UCZP-2wLEB9Rv6erhFmqVnvg"],"address":{"@id":"https:\/\/www.eldigitaldeasturias.com\/noticias\/#postaladdress","@type":"PostalAddress","streetAddress":"san antonio 4,","postalCode":"33430","addressLocality":"Cand\u00e1s","addressRegion":"Asturias","addressCountry":"ES"}},{"@type":"Person","@id":"https:\/\/www.eldigitaldeasturias.com\/noticias\/author\/admin\/#author","url":"https:\/\/www.eldigitaldeasturias.com\/noticias\/author\/admin\/","name":"El Digital de Asturias","image":{"@type":"ImageObject","@id":"https:\/\/www.eldigitaldeasturias.com\/noticias\/asturias-cumplio-con-los-objetivos-de-deficit-y-deuda-marcados-para-el-ano-pasado\/#authorImage","url":"https:\/\/www.eldigitaldeasturias.com\/noticias\/wp-content\/litespeed\/avatar\/18677e78aa0546b92d9dbf31ec7d7668.jpg?ver=1777290358","width":96,"height":96,"caption":"El Digital de Asturias"}},{"@type":"WebPage","@id":"https:\/\/www.eldigitaldeasturias.com\/noticias\/asturias-cumplio-con-los-objetivos-de-deficit-y-deuda-marcados-para-el-ano-pasado\/#webpage","url":"https:\/\/www.eldigitaldeasturias.com\/noticias\/asturias-cumplio-con-los-objetivos-de-deficit-y-deuda-marcados-para-el-ano-pasado\/","name":"Asturias cumpli\u00f3 con los objetivos de d\u00e9ficit y deuda marcados para el a\u00f1o pasado - El Digital de Asturias","description":"El Principado cerr\u00f3 el a\u00f1o 2016 con altos porcentajes de ejecuci\u00f3n presupuestaria tanto en ingresos como en gastos. Las cifras han sido facilitadas hoy por la consejera de Hacienda y Sector P\u00fablico, Dolores Carcedo, que ha precisado que en ingresos se alcanz\u00f3 un nivel de ejecuci\u00f3n del 99,1% mientras que el de gastos se situ\u00f3","inLanguage":"es-ES","isPartOf":{"@id":"https:\/\/www.eldigitaldeasturias.com\/noticias\/#website"},"breadcrumb":{"@id":"https:\/\/www.eldigitaldeasturias.com\/noticias\/asturias-cumplio-con-los-objetivos-de-deficit-y-deuda-marcados-para-el-ano-pasado\/#breadcrumblist"},"author":{"@id":"https:\/\/www.eldigitaldeasturias.com\/noticias\/author\/admin\/#author"},"creator":{"@id":"https:\/\/www.eldigitaldeasturias.com\/noticias\/author\/admin\/#author"},"image":{"@type":"ImageObject","url":"https:\/\/www.eldigitaldeasturias.com\/noticias\/wp-content\/uploads\/2014\/03\/2013_11_21-D-Carcedo_1.jpg","@id":"https:\/\/www.eldigitaldeasturias.com\/noticias\/asturias-cumplio-con-los-objetivos-de-deficit-y-deuda-marcados-para-el-ano-pasado\/#mainImage","width":3264,"height":2395},"primaryImageOfPage":{"@id":"https:\/\/www.eldigitaldeasturias.com\/noticias\/asturias-cumplio-con-los-objetivos-de-deficit-y-deuda-marcados-para-el-ano-pasado\/#mainImage"},"datePublished":"2017-03-31T22:04:10+02:00","dateModified":"2017-03-31T22:04:10+02:00"},{"@type":"WebSite","@id":"https:\/\/www.eldigitaldeasturias.com\/noticias\/#website","url":"https:\/\/www.eldigitaldeasturias.com\/noticias\/","name":"El Digital de Asturias - Diario de actualidad y noticias","alternateName":"El Digital de Asturias - Diario de actualidad y noticias","description":"Hemeroteca","inLanguage":"es-ES","publisher":{"@id":"https:\/\/www.eldigitaldeasturias.com\/noticias\/#organization"}}]},"og:locale":"es_ES","og:site_name":"El Digital de Asturias","og:type":"article","og:title":"Asturias cumpli\u00f3 con los objetivos de d\u00e9ficit y deuda marcados para el a\u00f1o pasado - El Digital de Asturias","og:description":"El Principado cerr\u00f3 el a\u00f1o 2016 con altos porcentajes de ejecuci\u00f3n presupuestaria tanto en ingresos como en gastos. Las cifras han sido facilitadas hoy por la consejera de Hacienda y Sector P\u00fablico, Dolores Carcedo, que ha precisado que en ingresos se alcanz\u00f3 un nivel de ejecuci\u00f3n del 99,1% mientras que el de gastos se situ\u00f3","og:url":"https:\/\/www.eldigitaldeasturias.com\/noticias\/asturias-cumplio-con-los-objetivos-de-deficit-y-deuda-marcados-para-el-ano-pasado\/","og:image":"https:\/\/www.eldigitaldeasturias.com\/noticias\/wp-content\/uploads\/2014\/03\/2013_11_21-D-Carcedo_1.jpg","og:image:secure_url":"https:\/\/www.eldigitaldeasturias.com\/noticias\/wp-content\/uploads\/2014\/03\/2013_11_21-D-Carcedo_1.jpg","og:image:width":3264,"og:image:height":2395,"article:tag":["destacadas"],"article:published_time":"2017-03-31T22:04:10+00:00","article:modified_time":"2017-03-31T22:04:10+00:00","article:publisher":"https:\/\/facebook.com\/eldigitaldeasturias","twitter:card":"summary_large_image","twitter:title":"Asturias cumpli\u00f3 con los objetivos de d\u00e9ficit y deuda marcados para el a\u00f1o pasado - El Digital de Asturias","twitter:description":"El Principado cerr\u00f3 el a\u00f1o 2016 con altos porcentajes de ejecuci\u00f3n presupuestaria tanto en ingresos como en gastos. Las cifras han sido facilitadas hoy por la consejera de Hacienda y Sector P\u00fablico, Dolores Carcedo, que ha precisado que en ingresos se alcanz\u00f3 un nivel de ejecuci\u00f3n del 99,1% mientras que el de gastos se situ\u00f3","twitter:image":"https:\/\/www.eldigitaldeasturias.com\/noticias\/wp-content\/uploads\/2014\/03\/2013_11_21-D-Carcedo_1.jpg","twitter:label1":"Escrito por","twitter:data1":"El Digital de Asturias","twitter:label2":"Tiempo de lectura estimado","twitter:data2":"2 minutos"},"aioseo_meta_data":{"post_id":"932370","title":null,"description":null,"keywords":null,"keyphrases":null,"primary_term":null,"canonical_url":null,"og_title":null,"og_description":null,"og_object_type":"default","og_image_type":"default","og_image_url":null,"og_image_width":null,"og_image_height":null,"og_image_custom_url":null,"og_image_custom_fields":null,"og_video":null,"og_custom_url":null,"og_article_section":null,"og_article_tags":null,"twitter_use_og":false,"twitter_card":"default","twitter_image_type":"default","twitter_image_url":null,"twitter_image_custom_url":null,"twitter_image_custom_fields":null,"twitter_title":null,"twitter_description":null,"schema":{"blockGraphs":[],"customGraphs":[],"default":{"data":{"Article":[],"Course":[],"Dataset":[],"FAQPage":[],"Movie":[],"Person":[],"Product":[],"ProductReview":[],"Car":[],"Recipe":[],"Service":[],"SoftwareApplication":[],"WebPage":[]},"graphName":"","isEnabled":true},"graphs":[],"defaultGraph":"","defaultPostTypeGraph":""},"schema_type":null,"schema_type_options":null,"pillar_content":false,"robots_default":true,"robots_noindex":false,"robots_noarchive":false,"robots_nosnippet":false,"robots_nofollow":false,"robots_noimageindex":false,"robots_noodp":false,"robots_notranslate":false,"robots_max_snippet":null,"robots_max_videopreview":null,"robots_max_imagepreview":"large","priority":null,"frequency":null,"local_seo":null,"seo_analyzer_scan_date":"2025-12-11 15:35:15","breadcrumb_settings":null,"limit_modified_date":false,"open_ai":null,"ai":null,"created":"2020-12-21 13:32:56","updated":"2025-12-11 15:35:15"},"aioseo_breadcrumb":"<div class=\"aioseo-breadcrumbs\"><span class=\"aioseo-breadcrumb\">\n\t<a href=\"https:\/\/www.eldigitaldeasturias.com\/noticias\" title=\"Home\">Home<\/a>\n<\/span><span class=\"aioseo-breadcrumb-separator\">\u2013<\/span><span class=\"aioseo-breadcrumb\">\n\t<a href=\"https:\/\/www.eldigitaldeasturias.com\/noticias\/category\/destacadas\/\" title=\"Destacadas\">Destacadas<\/a>\n<\/span><span class=\"aioseo-breadcrumb-separator\">\u2013<\/span><span class=\"aioseo-breadcrumb\">\n\t<a href=\"https:\/\/www.eldigitaldeasturias.com\/noticias\/asturias-cumplio-con-los-objetivos-de-deficit-y-deuda-marcados-para-el-ano-pasado\/\" title=\"Asturias cumpli\u00f3 con los objetivos de d\u00e9ficit y deuda marcados para el a\u00f1o pasado\">Asturias cumpli\u00f3 con los objetivos de d\u00e9ficit y deuda marcados para el a\u00f1o pasado<\/a>\n<\/span><\/div>","aioseo_breadcrumb_json":[{"label":"Home","link":"https:\/\/www.eldigitaldeasturias.com\/noticias"},{"label":"Destacadas","link":"https:\/\/www.eldigitaldeasturias.com\/noticias\/category\/destacadas\/"},{"label":"Asturias cumpli\u00f3 con los objetivos de d\u00e9ficit y deuda marcados para el a\u00f1o pasado","link":"https:\/\/www.eldigitaldeasturias.com\/noticias\/asturias-cumplio-con-los-objetivos-de-deficit-y-deuda-marcados-para-el-ano-pasado\/"}],"_links":{"self":[{"href":"https:\/\/www.eldigitaldeasturias.com\/noticias\/wp-json\/wp\/v2\/posts\/932370","targetHints":{"allow":["GET"]}}],"collection":[{"href":"https:\/\/www.eldigitaldeasturias.com\/noticias\/wp-json\/wp\/v2\/posts"}],"about":[{"href":"https:\/\/www.eldigitaldeasturias.com\/noticias\/wp-json\/wp\/v2\/types\/post"}],"author":[{"embeddable":true,"href":"https:\/\/www.eldigitaldeasturias.com\/noticias\/wp-json\/wp\/v2\/users\/1"}],"replies":[{"embeddable":true,"href":"https:\/\/www.eldigitaldeasturias.com\/noticias\/wp-json\/wp\/v2\/comments?post=932370"}],"version-history":[{"count":0,"href":"https:\/\/www.eldigitaldeasturias.com\/noticias\/wp-json\/wp\/v2\/posts\/932370\/revisions"}],"wp:featuredmedia":[{"embeddable":true,"href":"https:\/\/www.eldigitaldeasturias.com\/noticias\/wp-json\/wp\/v2\/media\/509795"}],"wp:attachment":[{"href":"https:\/\/www.eldigitaldeasturias.com\/noticias\/wp-json\/wp\/v2\/media?parent=932370"}],"wp:term":[{"taxonomy":"category","embeddable":true,"href":"https:\/\/www.eldigitaldeasturias.com\/noticias\/wp-json\/wp\/v2\/categories?post=932370"},{"taxonomy":"post_tag","embeddable":true,"href":"https:\/\/www.eldigitaldeasturias.com\/noticias\/wp-json\/wp\/v2\/tags?post=932370"}],"curies":[{"name":"wp","href":"https:\/\/api.w.org\/{rel}","templated":true}]}}